{"id":17497,"date":"2025-03-07T12:04:01","date_gmt":"2025-03-07T11:04:01","guid":{"rendered":"https:\/\/www.gardenz.fr\/news\/?p=17497"},"modified":"2025-07-24T12:49:55","modified_gmt":"2025-07-24T10:49:55","slug":"spannabis-2025-tout-savoir-sur-le-plus-grand-salon-du-cannabis-en-europe-%f0%9f%8c%bf","status":"publish","type":"post","link":"https:\/\/www.gardenz.fr\/news\/2025\/03\/07\/spannabis-2025-tout-savoir-sur-le-plus-grand-salon-du-cannabis-en-europe-%f0%9f%8c%bf\/","title":{"rendered":"Spannabis 2025 : Tout savoir sur le plus grand salon du cannabis en Europe \ud83c\udf3f"},"content":{"rendered":"\t\t<div data-elementor-type=\"wp-post\" data-elementor-id=\"17497\" class=\"elementor elementor-17497\">\n\t\t\t\t\t\t<section class=\"elementor-section elementor-top-section elementor-element elementor-element-6a3c0143 elementor-section-boxed elementor-section-height-default elementor-section-height-default\" data-id=\"6a3c0143\" data-element_type=\"section\" data-e-type=\"section\">\n\t\t\t\t\t\t<div class=\"elementor-container elementor-column-gap-default\">\n\t\t\t\t\t<div class=\"elementor-column elementor-col-100 elementor-top-column elementor-element elementor-element-37290ac2\" data-id=\"37290ac2\" data-element_type=\"column\" data-e-type=\"column\">\n\t\t\t<div class=\"elementor-widget-wrap elementor-element-populated\">\n\t\t\t\t\t\t<div class=\"elementor-element elementor-element-17f726e0 elementor-widget-divider--view-line elementor-widget elementor-widget-divider\" data-id=\"17f726e0\" data-element_type=\"widget\" data-e-type=\"widget\" data-widget_type=\"divider.default\">\n\t\t\t\t<div class=\"elementor-widget-container\">\n\t\t\t\t\t\t\t<div class=\"elementor-divider\">\n\t\t\t<span class=\"elementor-divider-separator\">\n\t\t\t\t\t\t<\/span>\n\t\t<\/div>\n\t\t\t\t\t\t<\/div>\n\t\t\t\t<\/div>\n\t\t\t\t<div class=\"elementor-element elementor-element-698c0cb elementor-widget elementor-widget-spacer\" data-id=\"698c0cb\" data-element_type=\"widget\" data-e-type=\"widget\" data-widget_type=\"spacer.default\">\n\t\t\t\t<div class=\"elementor-widget-container\">\n\t\t\t\t\t\t\t<div class=\"elementor-spacer\">\n\t\t\t<div class=\"elementor-spacer-inner\"><\/div>\n\t\t<\/div>\n\t\t\t\t\t\t<\/div>\n\t\t\t\t<\/div>\n\t\t\t\t<div class=\"elementor-element elementor-element-74b0bbf elementor-widget elementor-widget-text-editor\" data-id=\"74b0bbf\" data-element_type=\"widget\" data-e-type=\"widget\" data-widget_type=\"text-editor.default\">\n\t\t\t\t<div class=\"elementor-widget-container\">\n\t\t\t\t\t\t\t\t\t<p data-start=\"82\" data-end=\"329\">Imaginez un lieu o\u00f9 les plus grandes marques du <a href=\"https:\/\/www.gardenz.fr\/310--delta-9-thc\">cannabis<\/a>, les derni\u00e8res innovations et les passionn\u00e9s du monde entier se retrouvent pour trois jours de d\u00e9couvertes, de conf\u00e9rences et de festivit\u00e9s. Bienvenue \u00e0 Spannabis 2025 ! \ud83d\ude80<\/p><p data-start=\"331\" data-end=\"557\">Que vous soyez cultivateur, consommateur, entrepreneur ou simple curieux, cet \u00e9v\u00e9nement vous plonge au c\u0153ur de l\u2019univers du cannabis, entre stands d\u2019exposants, d\u00e9bats sur l\u2019avenir de l\u2019industrie et musique live. \ud83c\udf0e\ud83d\udd25<\/p><p data-start=\"559\" data-end=\"710\" data-is-last-node=\"\" data-is-only-node=\"\">Pr\u00eat \u00e0 d\u00e9couvrir ce qui vous attend cette ann\u00e9e ?\u00a0<\/p><div class=\"elementor-element elementor-element-9d72de8 elementor-widget elementor-widget-text-editor\" data-id=\"9d72de8\" data-element_type=\"widget\" data-widget_type=\"text-editor.default\"><div class=\"elementor-widget-container\"><p>Bienvenue dans le Gardenz, encore une fois vous \u00eates en bonne compagnie !<\/p><\/div><\/div>\t\t\t\t\t\t\t\t<\/div>\n\t\t\t\t<\/div>\n\t\t\t\t<div class=\"elementor-element elementor-element-676efc59 elementor-widget-divider--view-line elementor-widget elementor-widget-divider\" data-id=\"676efc59\" data-element_type=\"widget\" data-e-type=\"widget\" data-widget_type=\"divider.default\">\n\t\t\t\t<div class=\"elementor-widget-container\">\n\t\t\t\t\t\t\t<div class=\"elementor-divider\">\n\t\t\t<span class=\"elementor-divider-separator\">\n\t\t\t\t\t\t<\/span>\n\t\t<\/div>\n\t\t\t\t\t\t<\/div>\n\t\t\t\t<\/div>\n\t\t\t\t\t<\/div>\n\t\t<\/div>\n\t\t\t\t\t<\/div>\n\t\t<\/section>\n\t\t\t\t<section class=\"elementor-section elementor-top-section elementor-element elementor-element-e702931 elementor-section-boxed elementor-section-height-default elementor-section-height-default\" data-id=\"e702931\" data-element_type=\"section\" data-e-type=\"section\">\n\t\t\t\t\t\t<div class=\"elementor-container elementor-column-gap-default\">\n\t\t\t\t\t<div class=\"elementor-column elementor-col-100 elementor-top-column elementor-element elementor-element-64f2a561\" data-id=\"64f2a561\" data-element_type=\"column\" data-e-type=\"column\">\n\t\t\t<div class=\"elementor-widget-wrap elementor-element-populated\">\n\t\t\t\t\t\t<div class=\"elementor-element elementor-element-73654021 elementor-widget elementor-widget-spacer\" data-id=\"73654021\" data-element_type=\"widget\" data-e-type=\"widget\" data-widget_type=\"spacer.default\">\n\t\t\t\t<div class=\"elementor-widget-container\">\n\t\t\t\t\t\t\t<div class=\"elementor-spacer\">\n\t\t\t<div class=\"elementor-spacer-inner\"><\/div>\n\t\t<\/div>\n\t\t\t\t\t\t<\/div>\n\t\t\t\t<\/div>\n\t\t\t\t<section class=\"elementor-section elementor-inner-section elementor-element elementor-element-7e2c9cc0 elementor-section-boxed elementor-section-height-default elementor-section-height-default\" data-id=\"7e2c9cc0\" data-element_type=\"section\" data-e-type=\"section\">\n\t\t\t\t\t\t<div class=\"elementor-container elementor-column-gap-default\">\n\t\t\t\t\t<div class=\"elementor-column elementor-col-100 elementor-inner-column elementor-element elementor-element-7d46d4fb\" data-id=\"7d46d4fb\" data-element_type=\"column\" data-e-type=\"column\">\n\t\t\t<div class=\"elementor-widget-wrap elementor-element-populated\">\n\t\t\t\t\t\t<div class=\"elementor-element elementor-element-4cbc7435 elementor-widget elementor-widget-text-editor\" data-id=\"4cbc7435\" data-element_type=\"widget\" data-e-type=\"widget\" data-widget_type=\"text-editor.default\">\n\t\t\t\t<div class=\"elementor-widget-container\">\n\t\t\t\t\t\t\t\t\t<h2 data-start=\"461\" data-end=\"507\">\ud83d\udccd Spannabis, c\u2019est quoi exactement ?<\/h2><p data-start=\"509\" data-end=\"738\">Spannabis est le plus grand salon europ\u00e9en consacr\u00e9 au cannabis. Cr\u00e9\u00e9 en 2002, il est devenu un rendez-vous majeur pour l\u2019industrie du cannabis, attirant chaque ann\u00e9e des milliers de visiteurs venus du monde entier.<\/p><p data-start=\"740\" data-end=\"1062\">L\u2019\u00e9v\u00e9nement met en avant les derni\u00e8res innovations, tendances et avanc\u00e9es en mati\u00e8re de culture, de produits d\u00e9riv\u00e9s, de technologies et d\u2019usages m\u00e9dicinaux du cannabis. Spannabis est aussi un lieu d\u2019\u00e9change et de networking o\u00f9 se retrouvent des entreprises, des professionnels, des chercheurs et des activistes.<\/p><h2 data-start=\"1064\" data-end=\"1101\">\u00c0 qui s\u2019adresse Spannabis ?<\/h2><p data-start=\"1102\" data-end=\"1575\">Spannabis est ouvert \u00e0 toute personne majeure, qu\u2019elle soit :<br data-start=\"1167\" data-end=\"1170\" \/>\u2714 Cultivateur amateur ou professionnel \ud83c\udf31<br data-start=\"1215\" data-end=\"1218\" \/>\u2714 Entreprise du secteur (banques de graines, fabricants d\u2019\u00e9quipements, etc.) \ud83c\udfe2<br data-start=\"1301\" data-end=\"1304\" \/>\u2714 Consommateur r\u00e9cr\u00e9atif ou th\u00e9rapeutique \ud83d\udca8<br data-start=\"1352\" data-end=\"1355\" \/>\u2714 Chercheur ou professionnel de la sant\u00e9 int\u00e9ress\u00e9 par les usages m\u00e9dicaux \ud83c\udfe5<br data-start=\"1436\" data-end=\"1439\" \/>\u2714 Militant pour la l\u00e9galisation et la r\u00e9gulation du cannabis \u270a<br data-start=\"1505\" data-end=\"1508\" \/>\u2714 Simple curieux souhaitant en apprendre plus sur le sujet \ud83e\udd14<\/p><p data-start=\"1577\" data-end=\"1757\">\ud83d\udca1 Attention : Bien que Spannabis soit un salon d\u00e9di\u00e9 au cannabis, la consommation sur place est interdite, sauf dans des espaces priv\u00e9s r\u00e9serv\u00e9s \u00e0 certains participants.<\/p><hr data-start=\"1759\" data-end=\"1762\" \/><h2 data-start=\"1764\" data-end=\"1810\">\ud83c\udfaa Que trouve-t-on \u00e0 Spannabis 2025 ?<\/h2><h3 data-start=\"1812\" data-end=\"1874\">\ud83c\udf0d Un salon professionnel avec plus de 280 exposants<\/h3><p data-start=\"1875\" data-end=\"2022\">Les visiteurs auront acc\u00e8s \u00e0 des stands et des exposants venus du monde entier, couvrant toutes les facettes de l\u2019industrie du cannabis :<\/p><ul data-start=\"2024\" data-end=\"2543\"><li data-start=\"2024\" data-end=\"2097\">Banques de graines \ud83c\udf31 (Sensi Seeds, Barney\u2019s Farm, Dinafem, etc.)<\/li><li data-start=\"2098\" data-end=\"2197\">\u00c9quipements de culture \ud83d\udca1 (lampes LED, substrats, tentes de culture, engrais organiques&#8230;)<\/li><li data-start=\"2198\" data-end=\"2277\">Produits CBD &amp; bien-\u00eatre \ud83d\udec0 (huiles, cr\u00e8mes, infusions, cosm\u00e9tiques&#8230;)<\/li><li data-start=\"2278\" data-end=\"2374\">Mat\u00e9riel pour la consommation \ud83d\udd25 (vaporisateurs, grinders, pipes, bongs, accessoires&#8230;)<\/li><li data-start=\"2375\" data-end=\"2469\">Solutions industrielles et agricoles \ud83d\ude9c (extraction, automatisation, fertilisation&#8230;)<\/li><li data-start=\"2470\" data-end=\"2543\">Marques de v\u00eatements et accessoires li\u00e9s \u00e0 la culture cannabis \ud83d\udc55<\/li><\/ul><p data-start=\"2545\" data-end=\"2658\">C\u2019est l\u2019occasion id\u00e9ale pour d\u00e9couvrir les derni\u00e8res innovations et tester des produits en avant-premi\u00e8re !<\/p><hr data-start=\"2660\" data-end=\"2663\" \/><h3 data-start=\"2665\" data-end=\"2743\">\ud83c\udfa4 Les World Cannabis Conferences : des conf\u00e9rences avec des experts<\/h3><p data-start=\"2744\" data-end=\"2921\">En parall\u00e8le du salon, les World Cannabis Conferences proposeront des interventions et d\u00e9bats de haut niveau avec des experts du secteur. Les sujets abord\u00e9s incluent :<\/p><p data-start=\"2923\" data-end=\"3251\">\ud83d\udccc L\u00e9galisation et r\u00e9gulation du cannabis dans le monde<br data-start=\"2982\" data-end=\"2985\" \/>\ud83d\udccc Avanc\u00e9es scientifiques et m\u00e9dicales sur le cannabis th\u00e9rapeutique<br data-start=\"3057\" data-end=\"3060\" \/>\ud83d\udccc Impact \u00e9conomique du march\u00e9 l\u00e9gal du cannabis<br data-start=\"3112\" data-end=\"3115\" \/>\ud83d\udccc Nouvelles technologies et innovations dans la culture du cannabis<br data-start=\"3187\" data-end=\"3190\" \/>\ud83d\udccc Cannabis et soci\u00e9t\u00e9 : perception, mythes et r\u00e9alit\u00e9s<\/p><p data-start=\"3253\" data-end=\"3442\">Des intervenants renomm\u00e9s, comme des m\u00e9decins, des chercheurs, des avocats, des entrepreneurs et des militants, partageront leurs connaissances et leur vision de l\u2019avenir du cannabis.<\/p><hr data-start=\"3444\" data-end=\"3447\" \/><h2 data-start=\"3449\" data-end=\"3526\">\ud83c\udfc6 Spannabis Champions Cup : la comp\u00e9tition des meilleures vari\u00e9t\u00e9s<\/h2><p data-start=\"3527\" data-end=\"3675\">La Spannabis Champions Cup est une comp\u00e9tition prestigieuse r\u00e9compensant les meilleures vari\u00e9t\u00e9s de cannabis en plusieurs cat\u00e9gories :<\/p><p data-start=\"3677\" data-end=\"3841\">\ud83c\udfc5 Meilleure indica<br data-start=\"3700\" data-end=\"3703\" \/>\ud83c\udfc5 Meilleure sativa<br data-start=\"3726\" data-end=\"3729\" \/>\ud83c\udfc5 Meilleur hybride<br data-start=\"3752\" data-end=\"3755\" \/>\ud83c\udfc5 Meilleur concentr\u00e9 (r\u00e9sines, extractions, etc.)<br data-start=\"3809\" data-end=\"3812\" \/>\ud83c\udfc5 Meilleur produit CBD<\/p><p data-start=\"3843\" data-end=\"3955\">Les gagnants sont \u00e9lus par un jury d\u2019experts et la comp\u00e9tition est devenue une r\u00e9f\u00e9rence dans l\u2019industrie.<\/p><hr data-start=\"3957\" data-end=\"3960\" \/><h3 data-start=\"3962\" data-end=\"4021\">\ud83c\udfb6 Concerts et animations : une ambiance unique !<\/h3><p data-start=\"4022\" data-end=\"4111\">Spannabis, ce n\u2019est pas qu\u2019un salon professionnel, c\u2019est aussi une grande f\u00eate ! \ud83c\udf89<\/p><p data-start=\"4113\" data-end=\"4378\">Tout au long des trois jours, vous pourrez assister \u00e0 des concerts live, avec une programmation m\u00ealant reggae, dub, hip-hop et musique \u00e9lectronique. Des artistes internationaux et locaux viendront mettre l\u2019ambiance, dans un esprit festif et convivial.<\/p><hr data-start=\"4380\" data-end=\"4383\" \/><h2 data-start=\"4385\" data-end=\"4451\">\ud83d\udccd Infos pratiques : comment se rendre \u00e0 Spannabis 2025 ?<\/h2><p data-start=\"4453\" data-end=\"4544\">\ud83d\udccd Lieu : Fira de Cornell\u00e0, Avenida de la Fama, s\/n, Cornell\u00e0 de Llobregat, Barcelone<\/p><p data-start=\"4546\" data-end=\"4585\">\ud83d\uddd3 Dates : 14, 15 et 16 mars 2025<\/p><p data-start=\"4587\" data-end=\"4606\">\ud83d\udd52 Horaires :<\/p><ul data-start=\"4607\" data-end=\"4682\"><li data-start=\"4607\" data-end=\"4649\">Vendredi et samedi : 11h00 &#8211; 20h30<\/li><li data-start=\"4650\" data-end=\"4682\">Dimanche : 11h00 &#8211; 20h00<\/li><\/ul><p data-start=\"4684\" data-end=\"4711\">\ud83c\udf9f Prix des billets :<\/p><ul data-start=\"4712\" data-end=\"4812\"><li data-start=\"4712\" data-end=\"4761\">Pass 1 jour : 25 \u20ac (24 \u20ac en pr\u00e9vente)<\/li><li data-start=\"4762\" data-end=\"4812\">Pass 3 jours : 55 \u20ac (53 \u20ac en pr\u00e9vente)<\/li><\/ul><p data-start=\"4814\" data-end=\"4854\">\ud83d\ude87 Acc\u00e8s en transports en commun :<\/p><ul data-start=\"4855\" data-end=\"5077\"><li data-start=\"4855\" data-end=\"4912\">M\u00e9tro : Ligne 5, station Cornell\u00e0 (15 min \u00e0 pied)<\/li><li data-start=\"4913\" data-end=\"4978\">Tramway : Trambaix, arr\u00eat Cornell\u00e0 Centre (15 min \u00e0 pied)<\/li><li data-start=\"4979\" data-end=\"5023\">Bus : Lignes L57, L67, L68, L94, L95<\/li><li data-start=\"5024\" data-end=\"5077\">Train : RENFE, arr\u00eat Cornell\u00e0 (15 min \u00e0 pied)<\/li><\/ul><hr data-start=\"5079\" data-end=\"5082\" \/><h2 data-start=\"5084\" data-end=\"5136\">\ud83d\udca1 Pourquoi ne pas manquer Spannabis 2025 ?<\/h2><p data-start=\"5137\" data-end=\"5426\">Si vous vous int\u00e9ressez de pr\u00e8s ou de loin au cannabis, Spannabis est l\u2019\u00e9v\u00e9nement \u00e0 ne pas rater en 2025. Que vous soyez un professionnel, un investisseur, un consommateur ou un simple curieux, vous y d\u00e9couvrirez tout ce qu\u2019il y a de plus innovant et d\u2019inspirant dans le domaine.<\/p><p data-start=\"5547\" data-end=\"5660\" data-is-last-node=\"\" data-is-only-node=\"\">\ud83c\udf3f Et vous, avez-vous d\u00e9j\u00e0 assist\u00e9 \u00e0 une \u00e9dition de Spannabis ? Partagez votre exp\u00e9rience en commentaire ! \ud83d\ude09<\/p>\t\t\t\t\t\t\t\t<\/div>\n\t\t\t\t<\/div>\n\t\t\t\t\t<\/div>\n\t\t<\/div>\n\t\t\t\t\t<\/div>\n\t\t<\/section>\n\t\t\t\t\t<\/div>\n\t\t<\/div>\n\t\t\t\t\t<\/div>\n\t\t<\/section>\n\t\t\t\t<section class=\"elementor-section elementor-top-section elementor-element elementor-element-76c531bc elementor-section-boxed elementor-section-height-default elementor-section-height-default\" data-id=\"76c531bc\" data-element_type=\"section\" data-e-type=\"section\">\n\t\t\t\t\t\t<div class=\"elementor-container elementor-column-gap-default\">\n\t\t\t\t\t<div class=\"elementor-column elementor-col-100 elementor-top-column elementor-element elementor-element-28706007\" data-id=\"28706007\" data-element_type=\"column\" data-e-type=\"column\">\n\t\t\t<div class=\"elementor-widget-wrap elementor-element-populated\">\n\t\t\t\t\t\t<section class=\"elementor-section elementor-inner-section elementor-element elementor-element-5d00d570 elementor-section-boxed elementor-section-height-default elementor-section-height-default\" data-id=\"5d00d570\" data-element_type=\"section\" data-e-type=\"section\">\n\t\t\t\t\t\t<div class=\"elementor-container elementor-column-gap-default\">\n\t\t\t\t\t<div class=\"elementor-column elementor-col-25 elementor-inner-column elementor-element elementor-element-836a9ff\" data-id=\"836a9ff\" data-element_type=\"column\" data-e-type=\"column\">\n\t\t\t<div class=\"elementor-widget-wrap elementor-element-populated\">\n\t\t\t\t\t\t<div class=\"elementor-element elementor-element-76a759e3 elementor-widget elementor-widget-image\" data-id=\"76a759e3\" data-element_type=\"widget\" data-e-type=\"widget\" data-widget_type=\"image.default\">\n\t\t\t\t<div class=\"elementor-widget-container\">\n\t\t\t\t\t\t\t\t\t\t\t\t\t\t\t\t<a href=\"https:\/\/www.gardenz.fr\/3-fleur-de-chanvre-cbd\">\n\t\t\t\t\t\t\t<img fetchpriority=\"high\" decoding=\"async\" width=\"424\" height=\"600\" src=\"https:\/\/www.gardenz.fr\/news\/wp-content\/uploads\/2025\/03\/FLEUR-DE-CHANVRE-CBD.webp\" class=\"attachment-large size-large wp-image-17519\" alt=\"FLEUR-DE-CHANVRE-CBD\" srcset=\"https:\/\/www.gardenz.fr\/news\/wp-content\/uploads\/2025\/03\/FLEUR-DE-CHANVRE-CBD.webp 424w, https:\/\/www.gardenz.fr\/news\/wp-content\/uploads\/2025\/03\/FLEUR-DE-CHANVRE-CBD-212x300.webp 212w\" sizes=\"(max-width: 424px) 100vw, 424px\" \/>\t\t\t\t\t\t\t\t<\/a>\n\t\t\t\t\t\t\t\t\t\t\t\t\t\t\t<\/div>\n\t\t\t\t<\/div>\n\t\t\t\t\t<\/div>\n\t\t<\/div>\n\t\t\t\t<div class=\"elementor-column elementor-col-25 elementor-inner-column elementor-element elementor-element-3c424c05\" data-id=\"3c424c05\" data-element_type=\"column\" data-e-type=\"column\">\n\t\t\t<div class=\"elementor-widget-wrap elementor-element-populated\">\n\t\t\t\t\t\t<div class=\"elementor-element elementor-element-1f47189e elementor-widget elementor-widget-image\" data-id=\"1f47189e\" data-element_type=\"widget\" data-e-type=\"widget\" data-widget_type=\"image.default\">\n\t\t\t\t<div class=\"elementor-widget-container\">\n\t\t\t\t\t\t\t\t\t\t\t\t\t\t\t\t<a href=\"https:\/\/www.gardenz.fr\/6--resine-cbd\">\n\t\t\t\t\t\t\t<img decoding=\"async\" width=\"424\" height=\"600\" src=\"https:\/\/www.gardenz.fr\/news\/wp-content\/uploads\/2025\/03\/RESINE-CBD.webp\" class=\"attachment-large size-large wp-image-17515\" alt=\"R\u00c9SINE-CBD\" srcset=\"https:\/\/www.gardenz.fr\/news\/wp-content\/uploads\/2025\/03\/RESINE-CBD.webp 424w, https:\/\/www.gardenz.fr\/news\/wp-content\/uploads\/2025\/03\/RESINE-CBD-212x300.webp 212w\" sizes=\"(max-width: 424px) 100vw, 424px\" \/>\t\t\t\t\t\t\t\t<\/a>\n\t\t\t\t\t\t\t\t\t\t\t\t\t\t\t<\/div>\n\t\t\t\t<\/div>\n\t\t\t\t\t<\/div>\n\t\t<\/div>\n\t\t\t\t<div class=\"elementor-column elementor-col-25 elementor-inner-column elementor-element elementor-element-7c0464e\" data-id=\"7c0464e\" data-element_type=\"column\" data-e-type=\"column\">\n\t\t\t<div class=\"elementor-widget-wrap elementor-element-populated\">\n\t\t\t\t\t\t<div class=\"elementor-element elementor-element-4aa41858 elementor-widget elementor-widget-image\" data-id=\"4aa41858\" data-element_type=\"widget\" data-e-type=\"widget\" data-widget_type=\"image.default\">\n\t\t\t\t<div class=\"elementor-widget-container\">\n\t\t\t\t\t\t\t\t\t\t\t\t\t\t\t\t<a href=\"https:\/\/www.gardenz.fr\/511--psychoactifs\">\n\t\t\t\t\t\t\t<img decoding=\"async\" width=\"424\" height=\"600\" src=\"https:\/\/www.gardenz.fr\/news\/wp-content\/uploads\/2025\/03\/PSYCHOACTIFS.webp\" class=\"attachment-large size-large wp-image-17517\" alt=\"PSYCHOACTIFS\" srcset=\"https:\/\/www.gardenz.fr\/news\/wp-content\/uploads\/2025\/03\/PSYCHOACTIFS.webp 424w, https:\/\/www.gardenz.fr\/news\/wp-content\/uploads\/2025\/03\/PSYCHOACTIFS-212x300.webp 212w\" sizes=\"(max-width: 424px) 100vw, 424px\" \/>\t\t\t\t\t\t\t\t<\/a>\n\t\t\t\t\t\t\t\t\t\t\t\t\t\t\t<\/div>\n\t\t\t\t<\/div>\n\t\t\t\t\t<\/div>\n\t\t<\/div>\n\t\t\t\t<div class=\"elementor-column elementor-col-25 elementor-inner-column elementor-element elementor-element-2ea51dc5\" data-id=\"2ea51dc5\" data-element_type=\"column\" data-e-type=\"column\">\n\t\t\t<div class=\"elementor-widget-wrap elementor-element-populated\">\n\t\t\t\t\t\t<div class=\"elementor-element elementor-element-47269478 elementor-widget elementor-widget-image\" data-id=\"47269478\" data-element_type=\"widget\" data-e-type=\"widget\" data-widget_type=\"image.default\">\n\t\t\t\t<div class=\"elementor-widget-container\">\n\t\t\t\t\t\t\t\t\t\t\t\t\t\t\t\t<a href=\"https:\/\/www.gardenz.fr\/455--muscimol\">\n\t\t\t\t\t\t\t<img loading=\"lazy\" decoding=\"async\" width=\"424\" height=\"600\" src=\"https:\/\/www.gardenz.fr\/news\/wp-content\/uploads\/2025\/03\/MUSCIMOL.webp\" class=\"attachment-large size-large wp-image-17518\" alt=\"MUSCIMOL\" srcset=\"https:\/\/www.gardenz.fr\/news\/wp-content\/uploads\/2025\/03\/MUSCIMOL.webp 424w, https:\/\/www.gardenz.fr\/news\/wp-content\/uploads\/2025\/03\/MUSCIMOL-212x300.webp 212w\" sizes=\"(max-width: 424px) 100vw, 424px\" \/>\t\t\t\t\t\t\t\t<\/a>\n\t\t\t\t\t\t\t\t\t\t\t\t\t\t\t<\/div>\n\t\t\t\t<\/div>\n\t\t\t\t\t<\/div>\n\t\t<\/div>\n\t\t\t\t\t<\/div>\n\t\t<\/section>\n\t\t\t\t<section class=\"elementor-section elementor-inner-section elementor-element elementor-element-5058c880 elementor-section-boxed elementor-section-height-default elementor-section-height-default\" data-id=\"5058c880\" data-element_type=\"section\" data-e-type=\"section\">\n\t\t\t\t\t\t<div class=\"elementor-container elementor-column-gap-default\">\n\t\t\t\t\t<div class=\"elementor-column elementor-col-33 elementor-inner-column elementor-element elementor-element-5bd28c85\" data-id=\"5bd28c85\" data-element_type=\"column\" data-e-type=\"column\">\n\t\t\t<div class=\"elementor-widget-wrap elementor-element-populated\">\n\t\t\t\t\t\t<div class=\"elementor-element elementor-element-4c9ad32d elementor-widget elementor-widget-image\" data-id=\"4c9ad32d\" data-element_type=\"widget\" data-e-type=\"widget\" data-widget_type=\"image.default\">\n\t\t\t\t<div class=\"elementor-widget-container\">\n\t\t\t\t\t\t\t\t\t\t\t\t\t\t\t\t<a href=\"https:\/\/www.gardenz.fr\/446--puff-cbd\">\n\t\t\t\t\t\t\t<img loading=\"lazy\" decoding=\"async\" width=\"424\" height=\"600\" src=\"https:\/\/www.gardenz.fr\/news\/wp-content\/uploads\/2025\/03\/PUFF.webp\" class=\"attachment-large size-large wp-image-17516\" alt=\"PUFF\" srcset=\"https:\/\/www.gardenz.fr\/news\/wp-content\/uploads\/2025\/03\/PUFF.webp 424w, https:\/\/www.gardenz.fr\/news\/wp-content\/uploads\/2025\/03\/PUFF-212x300.webp 212w\" sizes=\"(max-width: 424px) 100vw, 424px\" \/>\t\t\t\t\t\t\t\t<\/a>\n\t\t\t\t\t\t\t\t\t\t\t\t\t\t\t<\/div>\n\t\t\t\t<\/div>\n\t\t\t\t\t<\/div>\n\t\t<\/div>\n\t\t\t\t<div class=\"elementor-column elementor-col-33 elementor-inner-column elementor-element elementor-element-512fb568\" data-id=\"512fb568\" data-element_type=\"column\" data-e-type=\"column\">\n\t\t\t<div class=\"elementor-widget-wrap elementor-element-populated\">\n\t\t\t\t\t\t<div class=\"elementor-element elementor-element-1a220580 elementor-widget elementor-widget-image\" data-id=\"1a220580\" data-element_type=\"widget\" data-e-type=\"widget\" data-widget_type=\"image.default\">\n\t\t\t\t<div class=\"elementor-widget-container\">\n\t\t\t\t\t\t\t\t\t\t\t\t\t\t\t\t<a href=\"https:\/\/www.gardenz.fr\/562--accessoires-weed\">\n\t\t\t\t\t\t\t<img loading=\"lazy\" decoding=\"async\" width=\"424\" height=\"600\" src=\"https:\/\/www.gardenz.fr\/news\/wp-content\/uploads\/2025\/03\/ACCESSOIRED.webp\" class=\"attachment-large size-large wp-image-17520\" alt=\"\" srcset=\"https:\/\/www.gardenz.fr\/news\/wp-content\/uploads\/2025\/03\/ACCESSOIRED.webp 424w, https:\/\/www.gardenz.fr\/news\/wp-content\/uploads\/2025\/03\/ACCESSOIRED-212x300.webp 212w\" sizes=\"(max-width: 424px) 100vw, 424px\" \/>\t\t\t\t\t\t\t\t<\/a>\n\t\t\t\t\t\t\t\t\t\t\t\t\t\t\t<\/div>\n\t\t\t\t<\/div>\n\t\t\t\t\t<\/div>\n\t\t<\/div>\n\t\t\t\t<div class=\"elementor-column elementor-col-33 elementor-inner-column elementor-element elementor-element-2fac0565\" data-id=\"2fac0565\" data-element_type=\"column\" data-e-type=\"column\">\n\t\t\t<div class=\"elementor-widget-wrap elementor-element-populated\">\n\t\t\t\t\t\t<div class=\"elementor-element elementor-element-36a31a9e elementor-widget elementor-widget-image\" data-id=\"36a31a9e\" data-element_type=\"widget\" data-e-type=\"widget\" data-widget_type=\"image.default\">\n\t\t\t\t<div class=\"elementor-widget-container\">\n\t\t\t\t\t\t\t\t\t\t\t\t\t\t\t\t<a href=\"https:\/\/www.gardenz.fr\/284--vaporisateur-weed\">\n\t\t\t\t\t\t\t<img loading=\"lazy\" decoding=\"async\" width=\"424\" height=\"600\" src=\"https:\/\/www.gardenz.fr\/news\/wp-content\/uploads\/2025\/03\/VAPORISATEUR-WEED.webp\" class=\"attachment-large size-large wp-image-17514\" alt=\"VAPORISATEUR-WEED\" srcset=\"https:\/\/www.gardenz.fr\/news\/wp-content\/uploads\/2025\/03\/VAPORISATEUR-WEED.webp 424w, https:\/\/www.gardenz.fr\/news\/wp-content\/uploads\/2025\/03\/VAPORISATEUR-WEED-212x300.webp 212w\" sizes=\"(max-width: 424px) 100vw, 424px\" \/>\t\t\t\t\t\t\t\t<\/a>\n\t\t\t\t\t\t\t\t\t\t\t\t\t\t\t<\/div>\n\t\t\t\t<\/div>\n\t\t\t\t\t<\/div>\n\t\t<\/div>\n\t\t\t\t\t<\/div>\n\t\t<\/section>\n\t\t\t\t\t<\/div>\n\t\t<\/div>\n\t\t\t\t\t<\/div>\n\t\t<\/section>\n\t\t\t\t<\/div>\n\t\t","protected":false},"excerpt":{"rendered":"<p>Imaginez un lieu o\u00f9 les plus grandes marques du cannabis, les derni\u00e8res innovations et les passionn\u00e9s du monde entier se retrouvent pour trois jours de d\u00e9couvertes, de conf\u00e9rences et de festivit\u00e9s. Bienvenue \u00e0 Spannabis 2025 ! \ud83d\ude80 Que vous soyez cultivateur, consommateur, entrepreneur ou simple curieux, cet \u00e9v\u00e9nement vous plonge au c\u0153ur de l\u2019univers du [&hellip;]<\/p>\n","protected":false},"author":18,"featured_media":17498,"comment_status":"closed","ping_status":"closed","sticky":false,"template":"","format":"standard","meta":{"site-sidebar-layout":"default","site-content-layout":"","ast-site-content-layout":"default","site-content-style":"default","site-sidebar-style":"default","ast-global-header-display":"","ast-banner-title-visibility":"","ast-main-header-display":"","ast-hfb-above-header-display":"","ast-hfb-below-header-display":"","ast-hfb-mobile-header-display":"","site-post-title":"","ast-breadcrumbs-content":"","ast-featured-img":"","footer-sml-layout":"","ast-disable-related-posts":"","theme-transparent-header-meta":"","adv-header-id-meta":"","stick-header-meta":"","header-above-stick-meta":"","header-main-stick-meta":"","header-below-stick-meta":"","astra-migrate-meta-layouts":"default","ast-page-background-enabled":"default","ast-page-background-meta":{"desktop":{"background-color":"var(--ast-global-color-4)","background-image":"","background-repeat":"repeat","background-position":"center center","background-size":"auto","background-attachment":"scroll","background-type":"","background-media":"","overlay-type":"","overlay-color":"","overlay-opacity":"","overlay-gradient":""},"tablet":{"background-color":"","background-image":"","background-repeat":"repeat","background-position":"center center","background-size":"auto","background-attachment":"scroll","background-type":"","background-media":"","overlay-type":"","overlay-color":"","overlay-opacity":"","overlay-gradient":""},"mobile":{"background-color":"","background-image":"","background-repeat":"repeat","background-position":"center center","background-size":"auto","background-attachment":"scroll","background-type":"","background-media":"","overlay-type":"","overlay-color":"","overlay-opacity":"","overlay-gradient":""}},"ast-content-background-meta":{"desktop":{"background-color":"var(--ast-global-color-5)","background-image":"","background-repeat":"repeat","background-position":"center center","background-size":"auto","background-attachment":"scroll","background-type":"","background-media":"","overlay-type":"","overlay-color":"","overlay-opacity":"","overlay-gradient":""},"tablet":{"background-color":"var(--ast-global-color-5)","background-image":"","background-repeat":"repeat","background-position":"center center","background-size":"auto","background-attachment":"scroll","background-type":"","background-media":"","overlay-type":"","overlay-color":"","overlay-opacity":"","overlay-gradient":""},"mobile":{"background-color":"var(--ast-global-color-5)","background-image":"","background-repeat":"repeat","background-position":"center center","background-size":"auto","background-attachment":"scroll","background-type":"","background-media":"","overlay-type":"","overlay-color":"","overlay-opacity":"","overlay-gradient":""}},"footnotes":""},"categories":[21,1,23],"tags":[],"class_list":["post-17497","post","type-post","status-publish","format-standard","has-post-thumbnail","hentry","category-events","category-non-classe","category-infos"],"yoast_head":"<!-- This site is optimized with the Yoast SEO plugin v27.5 - https:\/\/yoast.com\/product\/yoast-seo-wordpress\/ -->\n<title>Spannabis 2025 : Tout savoir<\/title>\n<meta name=\"description\" content=\"\ud83c\udf3f Spannabis 2025 revient du 14 au 16 mars \u00e0 Barcelone ! D\u00e9couvrez le plus grand salon europ\u00e9en du cannabis avec toutes nos infos.\" \/>\n<meta name=\"robots\" content=\"index, follow, max-snippet:-1, max-image-preview:large, max-video-preview:-1\" \/>\n<link rel=\"canonical\" href=\"https:\/\/www.gardenz.fr\/news\/2025\/03\/07\/spannabis-2025-tout-savoir-sur-le-plus-grand-salon-du-cannabis-en-europe-\ud83c\udf3f\/\" \/>\n<meta property=\"og:locale\" content=\"fr_FR\" \/>\n<meta property=\"og:type\" content=\"article\" \/>\n<meta property=\"og:title\" content=\"Spannabis 2025 : Tout savoir\" \/>\n<meta property=\"og:description\" content=\"\ud83c\udf3f Spannabis 2025 revient du 14 au 16 mars \u00e0 Barcelone ! D\u00e9couvrez le plus grand salon europ\u00e9en du cannabis avec toutes nos infos.\" \/>\n<meta property=\"og:url\" content=\"https:\/\/www.gardenz.fr\/news\/2025\/03\/07\/spannabis-2025-tout-savoir-sur-le-plus-grand-salon-du-cannabis-en-europe-\ud83c\udf3f\/\" \/>\n<meta property=\"og:site_name\" content=\"Le Blog de Gardenz\" \/>\n<meta property=\"article:published_time\" content=\"2025-03-07T11:04:01+00:00\" \/>\n<meta property=\"article:modified_time\" content=\"2025-07-24T10:49:55+00:00\" \/>\n<meta property=\"og:image\" content=\"https:\/\/www.gardenz.fr\/news\/wp-content\/uploads\/2025\/03\/Spannabis-2025-Tout-savoir-sur-le-plus-grand-salon-du-cannabis-en-Europe-_-_1_.webp\" \/>\n\t<meta property=\"og:image:width\" content=\"1890\" \/>\n\t<meta property=\"og:image:height\" content=\"622\" \/>\n\t<meta property=\"og:image:type\" content=\"image\/webp\" \/>\n<meta name=\"author\" content=\"Idan Melicio\" \/>\n<meta name=\"twitter:card\" content=\"summary_large_image\" \/>\n<meta name=\"twitter:label1\" content=\"\u00c9crit par\" \/>\n\t<meta name=\"twitter:data1\" content=\"Idan Melicio\" \/>\n\t<meta name=\"twitter:label2\" content=\"Dur\u00e9e de lecture estim\u00e9e\" \/>\n\t<meta name=\"twitter:data2\" content=\"15 minutes\" \/>\n<script type=\"application\/ld+json\" class=\"yoast-schema-graph\">{\"@context\":\"https:\\\/\\\/schema.org\",\"@graph\":[{\"@type\":\"Article\",\"@id\":\"https:\\\/\\\/www.gardenz.fr\\\/news\\\/2025\\\/03\\\/07\\\/spannabis-2025-tout-savoir-sur-le-plus-grand-salon-du-cannabis-en-europe-%f0%9f%8c%bf\\\/#article\",\"isPartOf\":{\"@id\":\"https:\\\/\\\/www.gardenz.fr\\\/news\\\/2025\\\/03\\\/07\\\/spannabis-2025-tout-savoir-sur-le-plus-grand-salon-du-cannabis-en-europe-%f0%9f%8c%bf\\\/\"},\"author\":{\"name\":\"Idan Melicio\",\"@id\":\"https:\\\/\\\/www.gardenz.fr\\\/news\\\/#\\\/schema\\\/person\\\/4c29b13eadec7d3b7f81d3dc8253aa72\"},\"headline\":\"Spannabis 2025 : Tout savoir sur le plus grand salon du cannabis en Europe \ud83c\udf3f\",\"datePublished\":\"2025-03-07T11:04:01+00:00\",\"dateModified\":\"2025-07-24T10:49:55+00:00\",\"mainEntityOfPage\":{\"@id\":\"https:\\\/\\\/www.gardenz.fr\\\/news\\\/2025\\\/03\\\/07\\\/spannabis-2025-tout-savoir-sur-le-plus-grand-salon-du-cannabis-en-europe-%f0%9f%8c%bf\\\/\"},\"wordCount\":815,\"publisher\":{\"@id\":\"https:\\\/\\\/www.gardenz.fr\\\/news\\\/#organization\"},\"image\":{\"@id\":\"https:\\\/\\\/www.gardenz.fr\\\/news\\\/2025\\\/03\\\/07\\\/spannabis-2025-tout-savoir-sur-le-plus-grand-salon-du-cannabis-en-europe-%f0%9f%8c%bf\\\/#primaryimage\"},\"thumbnailUrl\":\"https:\\\/\\\/www.gardenz.fr\\\/news\\\/wp-content\\\/uploads\\\/2025\\\/03\\\/Spannabis-2025-Tout-savoir-sur-le-plus-grand-salon-du-cannabis-en-Europe-_-_1_.webp\",\"articleSection\":[\"ACTUALITES CBD\",\"GENERAL\",\"INFOS WEED\"],\"inLanguage\":\"fr-FR\"},{\"@type\":\"WebPage\",\"@id\":\"https:\\\/\\\/www.gardenz.fr\\\/news\\\/2025\\\/03\\\/07\\\/spannabis-2025-tout-savoir-sur-le-plus-grand-salon-du-cannabis-en-europe-%f0%9f%8c%bf\\\/\",\"url\":\"https:\\\/\\\/www.gardenz.fr\\\/news\\\/2025\\\/03\\\/07\\\/spannabis-2025-tout-savoir-sur-le-plus-grand-salon-du-cannabis-en-europe-%f0%9f%8c%bf\\\/\",\"name\":\"Spannabis 2025 : Tout savoir\",\"isPartOf\":{\"@id\":\"https:\\\/\\\/www.gardenz.fr\\\/news\\\/#website\"},\"primaryImageOfPage\":{\"@id\":\"https:\\\/\\\/www.gardenz.fr\\\/news\\\/2025\\\/03\\\/07\\\/spannabis-2025-tout-savoir-sur-le-plus-grand-salon-du-cannabis-en-europe-%f0%9f%8c%bf\\\/#primaryimage\"},\"image\":{\"@id\":\"https:\\\/\\\/www.gardenz.fr\\\/news\\\/2025\\\/03\\\/07\\\/spannabis-2025-tout-savoir-sur-le-plus-grand-salon-du-cannabis-en-europe-%f0%9f%8c%bf\\\/#primaryimage\"},\"thumbnailUrl\":\"https:\\\/\\\/www.gardenz.fr\\\/news\\\/wp-content\\\/uploads\\\/2025\\\/03\\\/Spannabis-2025-Tout-savoir-sur-le-plus-grand-salon-du-cannabis-en-Europe-_-_1_.webp\",\"datePublished\":\"2025-03-07T11:04:01+00:00\",\"dateModified\":\"2025-07-24T10:49:55+00:00\",\"description\":\"\ud83c\udf3f Spannabis 2025 revient du 14 au 16 mars \u00e0 Barcelone ! D\u00e9couvrez le plus grand salon europ\u00e9en du cannabis avec toutes nos infos.\",\"breadcrumb\":{\"@id\":\"https:\\\/\\\/www.gardenz.fr\\\/news\\\/2025\\\/03\\\/07\\\/spannabis-2025-tout-savoir-sur-le-plus-grand-salon-du-cannabis-en-europe-%f0%9f%8c%bf\\\/#breadcrumb\"},\"inLanguage\":\"fr-FR\",\"potentialAction\":[{\"@type\":\"ReadAction\",\"target\":[\"https:\\\/\\\/www.gardenz.fr\\\/news\\\/2025\\\/03\\\/07\\\/spannabis-2025-tout-savoir-sur-le-plus-grand-salon-du-cannabis-en-europe-%f0%9f%8c%bf\\\/\"]}]},{\"@type\":\"ImageObject\",\"inLanguage\":\"fr-FR\",\"@id\":\"https:\\\/\\\/www.gardenz.fr\\\/news\\\/2025\\\/03\\\/07\\\/spannabis-2025-tout-savoir-sur-le-plus-grand-salon-du-cannabis-en-europe-%f0%9f%8c%bf\\\/#primaryimage\",\"url\":\"https:\\\/\\\/www.gardenz.fr\\\/news\\\/wp-content\\\/uploads\\\/2025\\\/03\\\/Spannabis-2025-Tout-savoir-sur-le-plus-grand-salon-du-cannabis-en-Europe-_-_1_.webp\",\"contentUrl\":\"https:\\\/\\\/www.gardenz.fr\\\/news\\\/wp-content\\\/uploads\\\/2025\\\/03\\\/Spannabis-2025-Tout-savoir-sur-le-plus-grand-salon-du-cannabis-en-Europe-_-_1_.webp\",\"width\":1890,\"height\":622,\"caption\":\"Spannabis-2025-Tout-savoir-sur-le-plus-grand-salon-du-cannabis-en-Europe-_-_1_\"},{\"@type\":\"BreadcrumbList\",\"@id\":\"https:\\\/\\\/www.gardenz.fr\\\/news\\\/2025\\\/03\\\/07\\\/spannabis-2025-tout-savoir-sur-le-plus-grand-salon-du-cannabis-en-europe-%f0%9f%8c%bf\\\/#breadcrumb\",\"itemListElement\":[{\"@type\":\"ListItem\",\"position\":1,\"name\":\"Accueil\",\"item\":\"https:\\\/\\\/www.gardenz.fr\\\/news\\\/\"},{\"@type\":\"ListItem\",\"position\":2,\"name\":\"Spannabis 2025 : Tout savoir sur le plus grand salon du cannabis en Europe \ud83c\udf3f\"}]},{\"@type\":\"WebSite\",\"@id\":\"https:\\\/\\\/www.gardenz.fr\\\/news\\\/#website\",\"url\":\"https:\\\/\\\/www.gardenz.fr\\\/news\\\/\",\"name\":\"Le Blog de Gardenz\",\"description\":\"Best quality CBD\",\"publisher\":{\"@id\":\"https:\\\/\\\/www.gardenz.fr\\\/news\\\/#organization\"},\"potentialAction\":[{\"@type\":\"SearchAction\",\"target\":{\"@type\":\"EntryPoint\",\"urlTemplate\":\"https:\\\/\\\/www.gardenz.fr\\\/news\\\/?s={search_term_string}\"},\"query-input\":{\"@type\":\"PropertyValueSpecification\",\"valueRequired\":true,\"valueName\":\"search_term_string\"}}],\"inLanguage\":\"fr-FR\"},{\"@type\":\"Organization\",\"@id\":\"https:\\\/\\\/www.gardenz.fr\\\/news\\\/#organization\",\"name\":\"Le Blog de Gardenz\",\"url\":\"https:\\\/\\\/www.gardenz.fr\\\/news\\\/\",\"logo\":{\"@type\":\"ImageObject\",\"inLanguage\":\"fr-FR\",\"@id\":\"https:\\\/\\\/www.gardenz.fr\\\/news\\\/#\\\/schema\\\/logo\\\/image\\\/\",\"url\":\"https:\\\/\\\/www.gardenz.fr\\\/news\\\/wp-content\\\/uploads\\\/2022\\\/06\\\/logo-gardenz-feuille-blanc-final.png\",\"contentUrl\":\"https:\\\/\\\/www.gardenz.fr\\\/news\\\/wp-content\\\/uploads\\\/2022\\\/06\\\/logo-gardenz-feuille-blanc-final.png\",\"width\":459,\"height\":200,\"caption\":\"Le Blog de Gardenz\"},\"image\":{\"@id\":\"https:\\\/\\\/www.gardenz.fr\\\/news\\\/#\\\/schema\\\/logo\\\/image\\\/\"}},{\"@type\":\"Person\",\"@id\":\"https:\\\/\\\/www.gardenz.fr\\\/news\\\/#\\\/schema\\\/person\\\/4c29b13eadec7d3b7f81d3dc8253aa72\",\"name\":\"Idan Melicio\",\"image\":{\"@type\":\"ImageObject\",\"inLanguage\":\"fr-FR\",\"@id\":\"https:\\\/\\\/secure.gravatar.com\\\/avatar\\\/a4fed9bf268062e3c5884e1b9288f4a54517dd9041d8c562678849f7f1c1eb43?s=96&d=mm&r=g\",\"url\":\"https:\\\/\\\/secure.gravatar.com\\\/avatar\\\/a4fed9bf268062e3c5884e1b9288f4a54517dd9041d8c562678849f7f1c1eb43?s=96&d=mm&r=g\",\"contentUrl\":\"https:\\\/\\\/secure.gravatar.com\\\/avatar\\\/a4fed9bf268062e3c5884e1b9288f4a54517dd9041d8c562678849f7f1c1eb43?s=96&d=mm&r=g\",\"caption\":\"Idan Melicio\"},\"url\":\"https:\\\/\\\/www.gardenz.fr\\\/news\\\/author\\\/idan-milecio\\\/\"}]}<\/script>\n<!-- \/ Yoast SEO plugin. -->","yoast_head_json":{"title":"Spannabis 2025 : Tout savoir","description":"\ud83c\udf3f Spannabis 2025 revient du 14 au 16 mars \u00e0 Barcelone ! D\u00e9couvrez le plus grand salon europ\u00e9en du cannabis avec toutes nos infos.","robots":{"index":"index","follow":"follow","max-snippet":"max-snippet:-1","max-image-preview":"max-image-preview:large","max-video-preview":"max-video-preview:-1"},"canonical":"https:\/\/www.gardenz.fr\/news\/2025\/03\/07\/spannabis-2025-tout-savoir-sur-le-plus-grand-salon-du-cannabis-en-europe-\ud83c\udf3f\/","og_locale":"fr_FR","og_type":"article","og_title":"Spannabis 2025 : Tout savoir","og_description":"\ud83c\udf3f Spannabis 2025 revient du 14 au 16 mars \u00e0 Barcelone ! D\u00e9couvrez le plus grand salon europ\u00e9en du cannabis avec toutes nos infos.","og_url":"https:\/\/www.gardenz.fr\/news\/2025\/03\/07\/spannabis-2025-tout-savoir-sur-le-plus-grand-salon-du-cannabis-en-europe-\ud83c\udf3f\/","og_site_name":"Le Blog de Gardenz","article_published_time":"2025-03-07T11:04:01+00:00","article_modified_time":"2025-07-24T10:49:55+00:00","og_image":[{"width":1890,"height":622,"url":"https:\/\/www.gardenz.fr\/news\/wp-content\/uploads\/2025\/03\/Spannabis-2025-Tout-savoir-sur-le-plus-grand-salon-du-cannabis-en-Europe-_-_1_.webp","type":"image\/webp"}],"author":"Idan Melicio","twitter_card":"summary_large_image","twitter_misc":{"\u00c9crit par":"Idan Melicio","Dur\u00e9e de lecture estim\u00e9e":"15 minutes"},"schema":{"@context":"https:\/\/schema.org","@graph":[{"@type":"Article","@id":"https:\/\/www.gardenz.fr\/news\/2025\/03\/07\/spannabis-2025-tout-savoir-sur-le-plus-grand-salon-du-cannabis-en-europe-%f0%9f%8c%bf\/#article","isPartOf":{"@id":"https:\/\/www.gardenz.fr\/news\/2025\/03\/07\/spannabis-2025-tout-savoir-sur-le-plus-grand-salon-du-cannabis-en-europe-%f0%9f%8c%bf\/"},"author":{"name":"Idan Melicio","@id":"https:\/\/www.gardenz.fr\/news\/#\/schema\/person\/4c29b13eadec7d3b7f81d3dc8253aa72"},"headline":"Spannabis 2025 : Tout savoir sur le plus grand salon du cannabis en Europe \ud83c\udf3f","datePublished":"2025-03-07T11:04:01+00:00","dateModified":"2025-07-24T10:49:55+00:00","mainEntityOfPage":{"@id":"https:\/\/www.gardenz.fr\/news\/2025\/03\/07\/spannabis-2025-tout-savoir-sur-le-plus-grand-salon-du-cannabis-en-europe-%f0%9f%8c%bf\/"},"wordCount":815,"publisher":{"@id":"https:\/\/www.gardenz.fr\/news\/#organization"},"image":{"@id":"https:\/\/www.gardenz.fr\/news\/2025\/03\/07\/spannabis-2025-tout-savoir-sur-le-plus-grand-salon-du-cannabis-en-europe-%f0%9f%8c%bf\/#primaryimage"},"thumbnailUrl":"https:\/\/www.gardenz.fr\/news\/wp-content\/uploads\/2025\/03\/Spannabis-2025-Tout-savoir-sur-le-plus-grand-salon-du-cannabis-en-Europe-_-_1_.webp","articleSection":["ACTUALITES CBD","GENERAL","INFOS WEED"],"inLanguage":"fr-FR"},{"@type":"WebPage","@id":"https:\/\/www.gardenz.fr\/news\/2025\/03\/07\/spannabis-2025-tout-savoir-sur-le-plus-grand-salon-du-cannabis-en-europe-%f0%9f%8c%bf\/","url":"https:\/\/www.gardenz.fr\/news\/2025\/03\/07\/spannabis-2025-tout-savoir-sur-le-plus-grand-salon-du-cannabis-en-europe-%f0%9f%8c%bf\/","name":"Spannabis 2025 : Tout savoir","isPartOf":{"@id":"https:\/\/www.gardenz.fr\/news\/#website"},"primaryImageOfPage":{"@id":"https:\/\/www.gardenz.fr\/news\/2025\/03\/07\/spannabis-2025-tout-savoir-sur-le-plus-grand-salon-du-cannabis-en-europe-%f0%9f%8c%bf\/#primaryimage"},"image":{"@id":"https:\/\/www.gardenz.fr\/news\/2025\/03\/07\/spannabis-2025-tout-savoir-sur-le-plus-grand-salon-du-cannabis-en-europe-%f0%9f%8c%bf\/#primaryimage"},"thumbnailUrl":"https:\/\/www.gardenz.fr\/news\/wp-content\/uploads\/2025\/03\/Spannabis-2025-Tout-savoir-sur-le-plus-grand-salon-du-cannabis-en-Europe-_-_1_.webp","datePublished":"2025-03-07T11:04:01+00:00","dateModified":"2025-07-24T10:49:55+00:00","description":"\ud83c\udf3f Spannabis 2025 revient du 14 au 16 mars \u00e0 Barcelone ! D\u00e9couvrez le plus grand salon europ\u00e9en du cannabis avec toutes nos infos.","breadcrumb":{"@id":"https:\/\/www.gardenz.fr\/news\/2025\/03\/07\/spannabis-2025-tout-savoir-sur-le-plus-grand-salon-du-cannabis-en-europe-%f0%9f%8c%bf\/#breadcrumb"},"inLanguage":"fr-FR","potentialAction":[{"@type":"ReadAction","target":["https:\/\/www.gardenz.fr\/news\/2025\/03\/07\/spannabis-2025-tout-savoir-sur-le-plus-grand-salon-du-cannabis-en-europe-%f0%9f%8c%bf\/"]}]},{"@type":"ImageObject","inLanguage":"fr-FR","@id":"https:\/\/www.gardenz.fr\/news\/2025\/03\/07\/spannabis-2025-tout-savoir-sur-le-plus-grand-salon-du-cannabis-en-europe-%f0%9f%8c%bf\/#primaryimage","url":"https:\/\/www.gardenz.fr\/news\/wp-content\/uploads\/2025\/03\/Spannabis-2025-Tout-savoir-sur-le-plus-grand-salon-du-cannabis-en-Europe-_-_1_.webp","contentUrl":"https:\/\/www.gardenz.fr\/news\/wp-content\/uploads\/2025\/03\/Spannabis-2025-Tout-savoir-sur-le-plus-grand-salon-du-cannabis-en-Europe-_-_1_.webp","width":1890,"height":622,"caption":"Spannabis-2025-Tout-savoir-sur-le-plus-grand-salon-du-cannabis-en-Europe-_-_1_"},{"@type":"BreadcrumbList","@id":"https:\/\/www.gardenz.fr\/news\/2025\/03\/07\/spannabis-2025-tout-savoir-sur-le-plus-grand-salon-du-cannabis-en-europe-%f0%9f%8c%bf\/#breadcrumb","itemListElement":[{"@type":"ListItem","position":1,"name":"Accueil","item":"https:\/\/www.gardenz.fr\/news\/"},{"@type":"ListItem","position":2,"name":"Spannabis 2025 : Tout savoir sur le plus grand salon du cannabis en Europe \ud83c\udf3f"}]},{"@type":"WebSite","@id":"https:\/\/www.gardenz.fr\/news\/#website","url":"https:\/\/www.gardenz.fr\/news\/","name":"Le Blog de Gardenz","description":"Best quality CBD","publisher":{"@id":"https:\/\/www.gardenz.fr\/news\/#organization"},"potentialAction":[{"@type":"SearchAction","target":{"@type":"EntryPoint","urlTemplate":"https:\/\/www.gardenz.fr\/news\/?s={search_term_string}"},"query-input":{"@type":"PropertyValueSpecification","valueRequired":true,"valueName":"search_term_string"}}],"inLanguage":"fr-FR"},{"@type":"Organization","@id":"https:\/\/www.gardenz.fr\/news\/#organization","name":"Le Blog de Gardenz","url":"https:\/\/www.gardenz.fr\/news\/","logo":{"@type":"ImageObject","inLanguage":"fr-FR","@id":"https:\/\/www.gardenz.fr\/news\/#\/schema\/logo\/image\/","url":"https:\/\/www.gardenz.fr\/news\/wp-content\/uploads\/2022\/06\/logo-gardenz-feuille-blanc-final.png","contentUrl":"https:\/\/www.gardenz.fr\/news\/wp-content\/uploads\/2022\/06\/logo-gardenz-feuille-blanc-final.png","width":459,"height":200,"caption":"Le Blog de Gardenz"},"image":{"@id":"https:\/\/www.gardenz.fr\/news\/#\/schema\/logo\/image\/"}},{"@type":"Person","@id":"https:\/\/www.gardenz.fr\/news\/#\/schema\/person\/4c29b13eadec7d3b7f81d3dc8253aa72","name":"Idan Melicio","image":{"@type":"ImageObject","inLanguage":"fr-FR","@id":"https:\/\/secure.gravatar.com\/avatar\/a4fed9bf268062e3c5884e1b9288f4a54517dd9041d8c562678849f7f1c1eb43?s=96&d=mm&r=g","url":"https:\/\/secure.gravatar.com\/avatar\/a4fed9bf268062e3c5884e1b9288f4a54517dd9041d8c562678849f7f1c1eb43?s=96&d=mm&r=g","contentUrl":"https:\/\/secure.gravatar.com\/avatar\/a4fed9bf268062e3c5884e1b9288f4a54517dd9041d8c562678849f7f1c1eb43?s=96&d=mm&r=g","caption":"Idan Melicio"},"url":"https:\/\/www.gardenz.fr\/news\/author\/idan-milecio\/"}]}},"_links":{"self":[{"href":"https:\/\/www.gardenz.fr\/news\/wp-json\/wp\/v2\/posts\/17497","targetHints":{"allow":["GET"]}}],"collection":[{"href":"https:\/\/www.gardenz.fr\/news\/wp-json\/wp\/v2\/posts"}],"about":[{"href":"https:\/\/www.gardenz.fr\/news\/wp-json\/wp\/v2\/types\/post"}],"author":[{"embeddable":true,"href":"https:\/\/www.gardenz.fr\/news\/wp-json\/wp\/v2\/users\/18"}],"replies":[{"embeddable":true,"href":"https:\/\/www.gardenz.fr\/news\/wp-json\/wp\/v2\/comments?post=17497"}],"version-history":[{"count":13,"href":"https:\/\/www.gardenz.fr\/news\/wp-json\/wp\/v2\/posts\/17497\/revisions"}],"predecessor-version":[{"id":19333,"href":"https:\/\/www.gardenz.fr\/news\/wp-json\/wp\/v2\/posts\/17497\/revisions\/19333"}],"wp:featuredmedia":[{"embeddable":true,"href":"https:\/\/www.gardenz.fr\/news\/wp-json\/wp\/v2\/media\/17498"}],"wp:attachment":[{"href":"https:\/\/www.gardenz.fr\/news\/wp-json\/wp\/v2\/media?parent=17497"}],"wp:term":[{"taxonomy":"category","embeddable":true,"href":"https:\/\/www.gardenz.fr\/news\/wp-json\/wp\/v2\/categories?post=17497"},{"taxonomy":"post_tag","embeddable":true,"href":"https:\/\/www.gardenz.fr\/news\/wp-json\/wp\/v2\/tags?post=17497"}],"curies":[{"name":"wp","href":"https:\/\/api.w.org\/{rel}","templated":true}]}}