{"id":17507,"date":"2025-03-10T10:47:54","date_gmt":"2025-03-10T09:47:54","guid":{"rendered":"https:\/\/www.gardenz.fr\/news\/?p=17507"},"modified":"2025-07-24T12:48:14","modified_gmt":"2025-07-24T10:48:14","slug":"cannabis-medical-france","status":"publish","type":"post","link":"https:\/\/www.gardenz.fr\/news\/2025\/03\/10\/cannabis-medical-france\/","title":{"rendered":"Cannabis m\u00e9dical en France : l\u2019Europe valide enfin son int\u00e9gration ?"},"content":{"rendered":"\t\t<div data-elementor-type=\"wp-post\" data-elementor-id=\"17507\" class=\"elementor elementor-17507\">\n\t\t\t\t\t\t<section class=\"elementor-section elementor-top-section elementor-element elementor-element-6d79e654 elementor-section-boxed elementor-section-height-default elementor-section-height-default\" data-id=\"6d79e654\" data-element_type=\"section\" data-e-type=\"section\">\n\t\t\t\t\t\t<div class=\"elementor-container elementor-column-gap-default\">\n\t\t\t\t\t<div class=\"elementor-column elementor-col-100 elementor-top-column elementor-element elementor-element-5beec85a\" data-id=\"5beec85a\" data-element_type=\"column\" data-e-type=\"column\">\n\t\t\t<div class=\"elementor-widget-wrap elementor-element-populated\">\n\t\t\t\t\t\t<div class=\"elementor-element elementor-element-3300a288 elementor-widget-divider--view-line elementor-widget elementor-widget-divider\" data-id=\"3300a288\" data-element_type=\"widget\" data-e-type=\"widget\" data-widget_type=\"divider.default\">\n\t\t\t\t<div class=\"elementor-widget-container\">\n\t\t\t\t\t\t\t<div class=\"elementor-divider\">\n\t\t\t<span class=\"elementor-divider-separator\">\n\t\t\t\t\t\t<\/span>\n\t\t<\/div>\n\t\t\t\t\t\t<\/div>\n\t\t\t\t<\/div>\n\t\t\t\t<div class=\"elementor-element elementor-element-4f578fc5 elementor-widget elementor-widget-spacer\" data-id=\"4f578fc5\" data-element_type=\"widget\" data-e-type=\"widget\" data-widget_type=\"spacer.default\">\n\t\t\t\t<div class=\"elementor-widget-container\">\n\t\t\t\t\t\t\t<div class=\"elementor-spacer\">\n\t\t\t<div class=\"elementor-spacer-inner\"><\/div>\n\t\t<\/div>\n\t\t\t\t\t\t<\/div>\n\t\t\t\t<\/div>\n\t\t\t\t<div class=\"elementor-element elementor-element-7df62439 elementor-widget elementor-widget-text-editor\" data-id=\"7df62439\" data-element_type=\"widget\" data-e-type=\"widget\" data-widget_type=\"text-editor.default\">\n\t\t\t\t<div class=\"elementor-widget-container\">\n\t\t\t\t\t\t\t\t\t<p data-start=\"77\" data-end=\"309\">Le <a href=\"https:\/\/www.gardenz.fr\/310--delta-9-thc\">cannabis<\/a> m\u00e9dical en France, c\u2019est un peu comme une promesse qu\u2019on nous fait depuis des ann\u00e9es\u2026 et qui n\u2019arrive jamais vraiment. Exp\u00e9riment\u00e9, d\u00e9battu, retard\u00e9, il semblait toujours coinc\u00e9 dans les limbes administratives.<\/p><p data-start=\"311\" data-end=\"622\">Mais cette fois, \u00e7a y est : apr\u00e8s une attente interminable, la France a enfin soumis son projet de r\u00e9glementation \u00e0 l\u2019Europe. Un pas d\u00e9cisif vers une l\u00e9galisation encadr\u00e9e ? Peut-\u00eatre\u2026 mais pas si vite. Car si l\u2019Europe dit oui, d\u2019autres obstacles pourraient encore freiner l\u2019acc\u00e8s aux traitements.<\/p><p data-start=\"624\" data-end=\"902\">\ud83d\udc8a <strong data-start=\"627\" data-end=\"707\">Quand les patients fran\u00e7ais pourront-ils vraiment obtenir une prescription ?<\/strong><br data-start=\"707\" data-end=\"710\" \/>\ud83d\udcb0 <strong data-start=\"713\" data-end=\"789\">Le cannabis m\u00e9dical sera-t-il accessible \u00e0 tous ou r\u00e9serv\u00e9 \u00e0 une \u00e9lite ?<\/strong><br data-start=\"789\" data-end=\"792\" \/>\u2696\ufe0f <strong data-start=\"795\" data-end=\"900\">La France va-t-elle suivre le mod\u00e8le de ses voisins europ\u00e9ens\u2026 ou imposer des restrictions absurdes ?<\/strong><\/p><p data-start=\"904\" data-end=\"990\" data-is-last-node=\"\" data-is-only-node=\"\">On d\u00e9crypte tout dans cet article. Spoiler alert : la route est encore longue. \u23f3\ud83d\udca8<\/p><div class=\"elementor-element elementor-element-9d72de8 elementor-widget elementor-widget-text-editor\" data-id=\"9d72de8\" data-element_type=\"widget\" data-widget_type=\"text-editor.default\"><div class=\"elementor-widget-container\"><p>Bienvenue dans le <strong>Gardenz<\/strong>, encore une fois vous \u00eates en bonne compagnie !<\/p><\/div><\/div>\t\t\t\t\t\t\t\t<\/div>\n\t\t\t\t<\/div>\n\t\t\t\t<div class=\"elementor-element elementor-element-5623b4c4 elementor-widget-divider--view-line elementor-widget elementor-widget-divider\" data-id=\"5623b4c4\" data-element_type=\"widget\" data-e-type=\"widget\" data-widget_type=\"divider.default\">\n\t\t\t\t<div class=\"elementor-widget-container\">\n\t\t\t\t\t\t\t<div class=\"elementor-divider\">\n\t\t\t<span class=\"elementor-divider-separator\">\n\t\t\t\t\t\t<\/span>\n\t\t<\/div>\n\t\t\t\t\t\t<\/div>\n\t\t\t\t<\/div>\n\t\t\t\t\t<\/div>\n\t\t<\/div>\n\t\t\t\t\t<\/div>\n\t\t<\/section>\n\t\t\t\t<section class=\"elementor-section elementor-top-section elementor-element elementor-element-3e593005 elementor-section-boxed elementor-section-height-default elementor-section-height-default\" data-id=\"3e593005\" data-element_type=\"section\" data-e-type=\"section\">\n\t\t\t\t\t\t<div class=\"elementor-container elementor-column-gap-default\">\n\t\t\t\t\t<div class=\"elementor-column elementor-col-100 elementor-top-column elementor-element elementor-element-695a7ee9\" data-id=\"695a7ee9\" data-element_type=\"column\" data-e-type=\"column\">\n\t\t\t<div class=\"elementor-widget-wrap elementor-element-populated\">\n\t\t\t\t\t\t<div class=\"elementor-element elementor-element-7fb15da elementor-widget elementor-widget-spacer\" data-id=\"7fb15da\" data-element_type=\"widget\" data-e-type=\"widget\" data-widget_type=\"spacer.default\">\n\t\t\t\t<div class=\"elementor-widget-container\">\n\t\t\t\t\t\t\t<div class=\"elementor-spacer\">\n\t\t\t<div class=\"elementor-spacer-inner\"><\/div>\n\t\t<\/div>\n\t\t\t\t\t\t<\/div>\n\t\t\t\t<\/div>\n\t\t\t\t<section class=\"elementor-section elementor-inner-section elementor-element elementor-element-22a90531 elementor-section-boxed elementor-section-height-default elementor-section-height-default\" data-id=\"22a90531\" data-element_type=\"section\" data-e-type=\"section\">\n\t\t\t\t\t\t<div class=\"elementor-container elementor-column-gap-default\">\n\t\t\t\t\t<div class=\"elementor-column elementor-col-100 elementor-inner-column elementor-element elementor-element-2ad26585\" data-id=\"2ad26585\" data-element_type=\"column\" data-e-type=\"column\">\n\t\t\t<div class=\"elementor-widget-wrap elementor-element-populated\">\n\t\t\t\t\t\t<div class=\"elementor-element elementor-element-32a3c6bd elementor-widget elementor-widget-text-editor\" data-id=\"32a3c6bd\" data-element_type=\"widget\" data-e-type=\"widget\" data-widget_type=\"text-editor.default\">\n\t\t\t\t<div class=\"elementor-widget-container\">\n\t\t\t\t\t\t\t\t\t<p data-start=\"91\" data-end=\"575\">Apr\u00e8s des ann\u00e9es d\u2019atermoiements, la France semble enfin pr\u00eate \u00e0 int\u00e9grer le cannabis m\u00e9dical dans son cadre l\u00e9gislatif. Deux d\u00e9crets encadrant sa production et sa dispensation viennent d\u2019\u00eatre soumis \u00e0 la Commission europ\u00e9enne (CE). Une \u00e9tape cl\u00e9 qui pourrait enfin ouvrir la voie \u00e0 l\u2019acc\u00e8s l\u00e9gal de ces traitements pour les patients fran\u00e7ais. Mais entre avanc\u00e9es r\u00e9glementaires et incertitudes administratives, la r\u00e9alit\u00e9 pourrait \u00eatre plus compliqu\u00e9e qu\u2019il n\u2019y para\u00eet\u2026<\/p><hr data-start=\"577\" data-end=\"580\" \/><h2 data-start=\"582\" data-end=\"639\">Un cadre l\u00e9gal qui prend (beaucoup) son temps \u23f3<\/h2><p data-start=\"641\" data-end=\"876\">\u00c7a faisait pr\u00e8s de deux ans que ces d\u00e9crets attendaient dans les tiroirs gouvernementaux. Pourtant, ce n\u2019est que maintenant qu\u2019ils ont \u00e9t\u00e9 notifi\u00e9s \u00e0 la CE, via la proc\u00e9dure TRIS (Technical Regulation Information System).<\/p><p data-start=\"878\" data-end=\"1073\">\ud83d\udc49 Pourquoi est-ce important ? Parce que cette notification est une \u00e9tape r\u00e9glementaire obligatoire avant que le cannabis m\u00e9dical ne puisse officiellement entrer dans le droit fran\u00e7ais.<\/p><p data-start=\"1075\" data-end=\"1341\">La Commission europ\u00e9enne et les autres \u00c9tats membres disposent d\u00e9sormais de trois mois pour examiner ces textes et \u00e9mettre d\u2019\u00e9ventuelles remarques. Et si des objections sont formul\u00e9es, la France devra justifier sa position, prolongeant encore la proc\u00e9dure.<\/p><p data-start=\"1343\" data-end=\"1501\">En clair ? Si tout se passe bien, la r\u00e9glementation pourrait \u00eatre valid\u00e9e par l\u2019Europe dans les prochains mois\u2026 mais ce n\u2019est que la premi\u00e8re \u00e9tape.<\/p><hr data-start=\"1503\" data-end=\"1506\" \/><h2 data-start=\"1508\" data-end=\"1573\">Une avanc\u00e9e qui ne garantit pas l\u2019acc\u00e8s aux patients \ud83e\udd15<\/h2><p data-start=\"1575\" data-end=\"1731\">D\u2019accord, les textes sont en route vers Bruxelles. Mais \u00e7a ne signifie pas que les patients fran\u00e7ais pourront obtenir une prescription dans la foul\u00e9e.<\/p><p data-start=\"1733\" data-end=\"1917\">Chaque m\u00e9dicament \u00e0 base de cannabis devra encore obtenir une autorisation individuelle de la part des autorit\u00e9s sanitaires fran\u00e7aises. Et c\u2019est l\u00e0 que les choses se compliquent\u2026<\/p><p data-start=\"1919\" data-end=\"2178\">Le ministre de la Sant\u00e9 a r\u00e9cemment d\u00e9clar\u00e9 que c\u2019est la Haute Autorit\u00e9 de Sant\u00e9 (HAS) qui aurait le dernier mot sur l\u2019int\u00e9gration des traitements \u00e0 base de cannabis dans le syst\u00e8me de sant\u00e9 fran\u00e7ais. Sauf que\u2026 ce n\u2019est normalement pas son r\u00f4le.<\/p><p data-start=\"2180\" data-end=\"2469\">\ud83e\udd28 Petit probl\u00e8me de comp\u00e9tence : C\u2019est l\u2019Agence nationale de s\u00e9curit\u00e9 du m\u00e9dicament et des produits de sant\u00e9 (ANSM) qui est cens\u00e9e d\u00e9livrer ces autorisations, et non la HAS. Un micmac administratif qui pourrait encore retarder la mise en place effective des traitements.<\/p><p data-start=\"2471\" data-end=\"2782\">\ud83d\udd0e Pourquoi c\u2019est inqui\u00e9tant ? Parce que la HAS n\u2019a pas toujours \u00e9t\u00e9 favorable \u00e0 l\u2019acc\u00e8s au cannabis m\u00e9dical. L\u2019exemple le plus flagrant reste le blocage du Sativex (un spray oral \u00e0 base de cannabis) qui est autoris\u00e9 en France depuis 2014\u2026 mais jamais distribu\u00e9 en raison de restrictions absurdes.<\/p><p data-start=\"2784\" data-end=\"2926\">Si la HAS freine \u00e0 nouveau l\u2019acc\u00e8s aux m\u00e9dicaments, on pourrait se retrouver avec une l\u00e9galisation\u2026 sans r\u00e9el acc\u00e8s aux traitements.<\/p><hr data-start=\"2928\" data-end=\"2931\" \/><h2>Entre 300 000 et 800 000 patients en attente \ud83d\ude91<\/h2><p data-start=\"2992\" data-end=\"3476\">D\u2019apr\u00e8s plusieurs \u00e9tudes, entre 300 000 et 800 000 personnes pourraient \u00eatre \u00e9ligibles \u00e0 une prescription de cannabis m\u00e9dical en France. Les cinq indications m\u00e9dicales retenues lors de l\u2019exp\u00e9rimentation men\u00e9e depuis 2021 incluent notamment :<br data-start=\"3245\" data-end=\"3248\" \/>\u2714 Les douleurs neuropathiques r\u00e9fractaires<br data-start=\"3294\" data-end=\"3297\" \/>\u2714 L\u2019\u00e9pilepsie s\u00e9v\u00e8re<br data-start=\"3321\" data-end=\"3324\" \/>\u2714 Les effets secondaires de la chimioth\u00e9rapie<br data-start=\"3373\" data-end=\"3376\" \/>\u2714 Les douleurs li\u00e9es \u00e0 la scl\u00e9rose en plaques<br data-start=\"3425\" data-end=\"3428\" \/>\u2714 Certaines situations de soins palliatifs<\/p><p data-start=\"3478\" data-end=\"3640\">Des milliers de patients pourraient donc b\u00e9n\u00e9ficier rapidement de ces traitements\u2026 \u00e0 condition que la HAS ne mette pas encore des b\u00e2tons dans les roues.<\/p><p data-start=\"3642\" data-end=\"3862\">\ud83d\udcac Franck Milone, fondateur de LaFleur \u2014 l\u2019une des rares entreprises fran\u00e7aises \u00e0 produire du cannabis m\u00e9dical \u00e0 des fins de recherche \u2014 et lui-m\u00eame atteint de scl\u00e9rose en plaques, met en garde sur un autre point :<\/p><p data-start=\"3864\" data-end=\"3989\">\ud83d\udde3 <em data-start=\"3867\" data-end=\"3987\">\u00ab Il ne faut pas perdre de vue la probl\u00e9matique du prix et du remboursement, qui peut retarder l\u2019acc\u00e8s des patients. \u00bb<\/em><\/p><p data-start=\"3991\" data-end=\"4172\">Et il a raison. Si le cannabis m\u00e9dical est vendu trop cher, ou mal rembours\u00e9 par la S\u00e9curit\u00e9 sociale, beaucoup de patients ne pourront tout simplement pas se le permettre.<\/p><hr data-start=\"4174\" data-end=\"4177\" \/><h2 data-start=\"4179\" data-end=\"4252\">La France suivra-t-elle vraiment le mod\u00e8le des autres pays ? \ud83c\udf0d<\/h2><p data-start=\"4254\" data-end=\"4536\">D\u2019autres pays europ\u00e9ens, comme l\u2019Allemagne, le Royaume-Uni ou le Portugal, ont d\u00e9j\u00e0 l\u00e9galis\u00e9 et encadr\u00e9 le cannabis m\u00e9dical. Mais presque partout, on a observ\u00e9 des restrictions importantes au d\u00e9part, rendant l\u2019acc\u00e8s compliqu\u00e9, voire impossible, pour certains patients.<\/p><p data-start=\"4538\" data-end=\"4587\">\ud83d\udd0e Le sc\u00e9nario le plus probable en France ?<\/p><ul data-start=\"4588\" data-end=\"4836\"><li data-start=\"4588\" data-end=\"4685\">Une l\u00e9galisation tr\u00e8s encadr\u00e9e, avec une liste tr\u00e8s limit\u00e9e de pathologies autoris\u00e9es<\/li><li data-start=\"4686\" data-end=\"4750\">Un acc\u00e8s encore flou et des autorisations au cas par cas<\/li><li data-start=\"4751\" data-end=\"4836\">Un combat \u00e0 venir sur la question du remboursement et du prix des traitements<\/li><\/ul><p data-start=\"4838\" data-end=\"4886\">Pour l\u2019instant, le plus dur reste \u00e0 faire.<\/p><hr data-start=\"4888\" data-end=\"4891\" \/><h2 data-start=\"4893\" data-end=\"4967\">En conclusion : une avanc\u00e9e, mais encore beaucoup d\u2019incertitudes<\/h2><p data-start=\"4969\" data-end=\"5164\">\ud83d\udccc Ce qui est s\u00fbr : La notification des d\u00e9crets \u00e0 l\u2019Europe est une avanc\u00e9e r\u00e9glementaire importante. \u00c7a montre que la France ne pourra plus reculer sur le sujet du cannabis m\u00e9dical.<\/p><p data-start=\"5166\" data-end=\"5381\">\u2757 Ce qui reste \u00e0 surveiller :<br data-start=\"5199\" data-end=\"5202\" \/>\u2714 Les d\u00e9lais de validation par l\u2019Europe<br data-start=\"5245\" data-end=\"5248\" \/>\u2714 L\u2019attitude de la HAS face \u00e0 ces traitements<br data-start=\"5297\" data-end=\"5300\" \/>\u2714 Les conditions de mise sur le march\u00e9 (prix, remboursement, prescriptions)<\/p><p data-start=\"5383\" data-end=\"5460\">Bref, on avance\u2026 mais \u00e0 la vitesse d\u2019un escargot sous s\u00e9datif. \ud83d\udc0c\ud83d\udca8<\/p><p data-start=\"5462\" data-end=\"5518\">Les patients, eux, n\u2019ont plus le temps d\u2019attendre.<\/p><p data-start=\"5520\" data-end=\"5655\" data-is-last-node=\"\" data-is-only-node=\"\">Et toi, qu\u2019en penses-tu ? La France va-t-elle enfin s\u2019aligner sur les autres pays europ\u00e9ens ? Ou est-ce juste un faux espoir ? \ud83d\udcac\ud83d\udc47<\/p>\t\t\t\t\t\t\t\t<\/div>\n\t\t\t\t<\/div>\n\t\t\t\t\t<\/div>\n\t\t<\/div>\n\t\t\t\t\t<\/div>\n\t\t<\/section>\n\t\t\t\t\t<\/div>\n\t\t<\/div>\n\t\t\t\t\t<\/div>\n\t\t<\/section>\n\t\t\t\t<section class=\"elementor-section elementor-top-section elementor-element elementor-element-b5b9c83 elementor-section-boxed elementor-section-height-default elementor-section-height-default\" data-id=\"b5b9c83\" data-element_type=\"section\" data-e-type=\"section\">\n\t\t\t\t\t\t<div class=\"elementor-container elementor-column-gap-default\">\n\t\t\t\t\t<div class=\"elementor-column elementor-col-100 elementor-top-column elementor-element elementor-element-7108d19\" data-id=\"7108d19\" data-element_type=\"column\" data-e-type=\"column\">\n\t\t\t<div class=\"elementor-widget-wrap elementor-element-populated\">\n\t\t\t\t\t\t<section class=\"elementor-section elementor-inner-section elementor-element elementor-element-0dca78b elementor-section-boxed elementor-section-height-default elementor-section-height-default\" data-id=\"0dca78b\" data-element_type=\"section\" data-e-type=\"section\">\n\t\t\t\t\t\t<div class=\"elementor-container elementor-column-gap-default\">\n\t\t\t\t\t<div class=\"elementor-column elementor-col-25 elementor-inner-column elementor-element elementor-element-c5123f7\" data-id=\"c5123f7\" data-element_type=\"column\" data-e-type=\"column\">\n\t\t\t<div class=\"elementor-widget-wrap elementor-element-populated\">\n\t\t\t\t\t\t<div class=\"elementor-element elementor-element-e23253d elementor-widget elementor-widget-image\" data-id=\"e23253d\" data-element_type=\"widget\" data-e-type=\"widget\" data-widget_type=\"image.default\">\n\t\t\t\t<div class=\"elementor-widget-container\">\n\t\t\t\t\t\t\t\t\t\t\t\t\t\t\t\t<a href=\"https:\/\/www.gardenz.fr\/3-fleur-de-chanvre-cbd\">\n\t\t\t\t\t\t\t<img fetchpriority=\"high\" decoding=\"async\" width=\"424\" height=\"600\" src=\"https:\/\/www.gardenz.fr\/news\/wp-content\/uploads\/2025\/03\/FLEUR-DE-CHANVRE-CBD.webp\" class=\"attachment-large size-large wp-image-17519\" alt=\"FLEUR-DE-CHANVRE-CBD\" srcset=\"https:\/\/www.gardenz.fr\/news\/wp-content\/uploads\/2025\/03\/FLEUR-DE-CHANVRE-CBD.webp 424w, https:\/\/www.gardenz.fr\/news\/wp-content\/uploads\/2025\/03\/FLEUR-DE-CHANVRE-CBD-212x300.webp 212w\" sizes=\"(max-width: 424px) 100vw, 424px\" \/>\t\t\t\t\t\t\t\t<\/a>\n\t\t\t\t\t\t\t\t\t\t\t\t\t\t\t<\/div>\n\t\t\t\t<\/div>\n\t\t\t\t\t<\/div>\n\t\t<\/div>\n\t\t\t\t<div class=\"elementor-column elementor-col-25 elementor-inner-column elementor-element elementor-element-3c88401\" data-id=\"3c88401\" data-element_type=\"column\" data-e-type=\"column\">\n\t\t\t<div class=\"elementor-widget-wrap elementor-element-populated\">\n\t\t\t\t\t\t<div class=\"elementor-element elementor-element-e67c2ff elementor-widget elementor-widget-image\" data-id=\"e67c2ff\" data-element_type=\"widget\" data-e-type=\"widget\" data-widget_type=\"image.default\">\n\t\t\t\t<div class=\"elementor-widget-container\">\n\t\t\t\t\t\t\t\t\t\t\t\t\t\t\t\t<a href=\"https:\/\/www.gardenz.fr\/6--resine-cbd\">\n\t\t\t\t\t\t\t<img decoding=\"async\" width=\"424\" height=\"600\" src=\"https:\/\/www.gardenz.fr\/news\/wp-content\/uploads\/2025\/03\/RESINE-CBD.webp\" class=\"attachment-large size-large wp-image-17515\" alt=\"R\u00c9SINE-CBD\" srcset=\"https:\/\/www.gardenz.fr\/news\/wp-content\/uploads\/2025\/03\/RESINE-CBD.webp 424w, https:\/\/www.gardenz.fr\/news\/wp-content\/uploads\/2025\/03\/RESINE-CBD-212x300.webp 212w\" sizes=\"(max-width: 424px) 100vw, 424px\" \/>\t\t\t\t\t\t\t\t<\/a>\n\t\t\t\t\t\t\t\t\t\t\t\t\t\t\t<\/div>\n\t\t\t\t<\/div>\n\t\t\t\t\t<\/div>\n\t\t<\/div>\n\t\t\t\t<div class=\"elementor-column elementor-col-25 elementor-inner-column elementor-element elementor-element-760c337\" data-id=\"760c337\" data-element_type=\"column\" data-e-type=\"column\">\n\t\t\t<div class=\"elementor-widget-wrap elementor-element-populated\">\n\t\t\t\t\t\t<div class=\"elementor-element elementor-element-d9e4649 elementor-widget elementor-widget-image\" data-id=\"d9e4649\" data-element_type=\"widget\" data-e-type=\"widget\" data-widget_type=\"image.default\">\n\t\t\t\t<div class=\"elementor-widget-container\">\n\t\t\t\t\t\t\t\t\t\t\t\t\t\t\t\t<a href=\"https:\/\/www.gardenz.fr\/511--psychoactifs\">\n\t\t\t\t\t\t\t<img decoding=\"async\" width=\"424\" height=\"600\" src=\"https:\/\/www.gardenz.fr\/news\/wp-content\/uploads\/2025\/03\/PSYCHOACTIFS.webp\" class=\"attachment-large size-large wp-image-17517\" alt=\"PSYCHOACTIFS\" srcset=\"https:\/\/www.gardenz.fr\/news\/wp-content\/uploads\/2025\/03\/PSYCHOACTIFS.webp 424w, https:\/\/www.gardenz.fr\/news\/wp-content\/uploads\/2025\/03\/PSYCHOACTIFS-212x300.webp 212w\" sizes=\"(max-width: 424px) 100vw, 424px\" \/>\t\t\t\t\t\t\t\t<\/a>\n\t\t\t\t\t\t\t\t\t\t\t\t\t\t\t<\/div>\n\t\t\t\t<\/div>\n\t\t\t\t\t<\/div>\n\t\t<\/div>\n\t\t\t\t<div class=\"elementor-column elementor-col-25 elementor-inner-column elementor-element elementor-element-f75bb9c\" data-id=\"f75bb9c\" data-element_type=\"column\" data-e-type=\"column\">\n\t\t\t<div class=\"elementor-widget-wrap elementor-element-populated\">\n\t\t\t\t\t\t<div class=\"elementor-element elementor-element-357cb04 elementor-widget elementor-widget-image\" data-id=\"357cb04\" data-element_type=\"widget\" data-e-type=\"widget\" data-widget_type=\"image.default\">\n\t\t\t\t<div class=\"elementor-widget-container\">\n\t\t\t\t\t\t\t\t\t\t\t\t\t\t\t\t<a href=\"https:\/\/www.gardenz.fr\/455--muscimol\">\n\t\t\t\t\t\t\t<img loading=\"lazy\" decoding=\"async\" width=\"424\" height=\"600\" src=\"https:\/\/www.gardenz.fr\/news\/wp-content\/uploads\/2025\/03\/MUSCIMOL.webp\" class=\"attachment-large size-large wp-image-17518\" alt=\"MUSCIMOL\" srcset=\"https:\/\/www.gardenz.fr\/news\/wp-content\/uploads\/2025\/03\/MUSCIMOL.webp 424w, https:\/\/www.gardenz.fr\/news\/wp-content\/uploads\/2025\/03\/MUSCIMOL-212x300.webp 212w\" sizes=\"(max-width: 424px) 100vw, 424px\" \/>\t\t\t\t\t\t\t\t<\/a>\n\t\t\t\t\t\t\t\t\t\t\t\t\t\t\t<\/div>\n\t\t\t\t<\/div>\n\t\t\t\t\t<\/div>\n\t\t<\/div>\n\t\t\t\t\t<\/div>\n\t\t<\/section>\n\t\t\t\t<section class=\"elementor-section elementor-inner-section elementor-element elementor-element-1206fb6 elementor-section-boxed elementor-section-height-default elementor-section-height-default\" data-id=\"1206fb6\" data-element_type=\"section\" data-e-type=\"section\">\n\t\t\t\t\t\t<div class=\"elementor-container elementor-column-gap-default\">\n\t\t\t\t\t<div class=\"elementor-column elementor-col-33 elementor-inner-column elementor-element elementor-element-abd7de4\" data-id=\"abd7de4\" data-element_type=\"column\" data-e-type=\"column\">\n\t\t\t<div class=\"elementor-widget-wrap elementor-element-populated\">\n\t\t\t\t\t\t<div class=\"elementor-element elementor-element-19634aa elementor-widget elementor-widget-image\" data-id=\"19634aa\" data-element_type=\"widget\" data-e-type=\"widget\" data-widget_type=\"image.default\">\n\t\t\t\t<div class=\"elementor-widget-container\">\n\t\t\t\t\t\t\t\t\t\t\t\t\t\t\t\t<a href=\"https:\/\/www.gardenz.fr\/446--puff-cbd\">\n\t\t\t\t\t\t\t<img loading=\"lazy\" decoding=\"async\" width=\"424\" height=\"600\" src=\"https:\/\/www.gardenz.fr\/news\/wp-content\/uploads\/2025\/03\/PUFF.webp\" class=\"attachment-large size-large wp-image-17516\" alt=\"PUFF\" srcset=\"https:\/\/www.gardenz.fr\/news\/wp-content\/uploads\/2025\/03\/PUFF.webp 424w, https:\/\/www.gardenz.fr\/news\/wp-content\/uploads\/2025\/03\/PUFF-212x300.webp 212w\" sizes=\"(max-width: 424px) 100vw, 424px\" \/>\t\t\t\t\t\t\t\t<\/a>\n\t\t\t\t\t\t\t\t\t\t\t\t\t\t\t<\/div>\n\t\t\t\t<\/div>\n\t\t\t\t\t<\/div>\n\t\t<\/div>\n\t\t\t\t<div class=\"elementor-column elementor-col-33 elementor-inner-column elementor-element elementor-element-3aaf080\" data-id=\"3aaf080\" data-element_type=\"column\" data-e-type=\"column\">\n\t\t\t<div class=\"elementor-widget-wrap elementor-element-populated\">\n\t\t\t\t\t\t<div class=\"elementor-element elementor-element-24a8de3 elementor-widget elementor-widget-image\" data-id=\"24a8de3\" data-element_type=\"widget\" data-e-type=\"widget\" data-widget_type=\"image.default\">\n\t\t\t\t<div class=\"elementor-widget-container\">\n\t\t\t\t\t\t\t\t\t\t\t\t\t\t\t\t<a href=\"https:\/\/www.gardenz.fr\/562--accessoires-weed\">\n\t\t\t\t\t\t\t<img loading=\"lazy\" decoding=\"async\" width=\"424\" height=\"600\" src=\"https:\/\/www.gardenz.fr\/news\/wp-content\/uploads\/2025\/03\/ACCESSOIRED.webp\" class=\"attachment-large size-large wp-image-17520\" alt=\"\" srcset=\"https:\/\/www.gardenz.fr\/news\/wp-content\/uploads\/2025\/03\/ACCESSOIRED.webp 424w, https:\/\/www.gardenz.fr\/news\/wp-content\/uploads\/2025\/03\/ACCESSOIRED-212x300.webp 212w\" sizes=\"(max-width: 424px) 100vw, 424px\" \/>\t\t\t\t\t\t\t\t<\/a>\n\t\t\t\t\t\t\t\t\t\t\t\t\t\t\t<\/div>\n\t\t\t\t<\/div>\n\t\t\t\t\t<\/div>\n\t\t<\/div>\n\t\t\t\t<div class=\"elementor-column elementor-col-33 elementor-inner-column elementor-element elementor-element-3c679b6\" data-id=\"3c679b6\" data-element_type=\"column\" data-e-type=\"column\">\n\t\t\t<div class=\"elementor-widget-wrap elementor-element-populated\">\n\t\t\t\t\t\t<div class=\"elementor-element elementor-element-66a245c elementor-widget elementor-widget-image\" data-id=\"66a245c\" data-element_type=\"widget\" data-e-type=\"widget\" data-widget_type=\"image.default\">\n\t\t\t\t<div class=\"elementor-widget-container\">\n\t\t\t\t\t\t\t\t\t\t\t\t\t\t\t\t<a href=\"https:\/\/www.gardenz.fr\/284--vaporisateur-weed\">\n\t\t\t\t\t\t\t<img loading=\"lazy\" decoding=\"async\" width=\"424\" height=\"600\" src=\"https:\/\/www.gardenz.fr\/news\/wp-content\/uploads\/2025\/03\/VAPORISATEUR-WEED.webp\" class=\"attachment-large size-large wp-image-17514\" alt=\"VAPORISATEUR-WEED\" srcset=\"https:\/\/www.gardenz.fr\/news\/wp-content\/uploads\/2025\/03\/VAPORISATEUR-WEED.webp 424w, https:\/\/www.gardenz.fr\/news\/wp-content\/uploads\/2025\/03\/VAPORISATEUR-WEED-212x300.webp 212w\" sizes=\"(max-width: 424px) 100vw, 424px\" \/>\t\t\t\t\t\t\t\t<\/a>\n\t\t\t\t\t\t\t\t\t\t\t\t\t\t\t<\/div>\n\t\t\t\t<\/div>\n\t\t\t\t\t<\/div>\n\t\t<\/div>\n\t\t\t\t\t<\/div>\n\t\t<\/section>\n\t\t\t\t\t<\/div>\n\t\t<\/div>\n\t\t\t\t\t<\/div>\n\t\t<\/section>\n\t\t\t\t<\/div>\n\t\t","protected":false},"excerpt":{"rendered":"<p>Le cannabis m\u00e9dical en France, c\u2019est un peu comme une promesse qu\u2019on nous fait depuis des ann\u00e9es\u2026 et qui n\u2019arrive jamais vraiment. Exp\u00e9riment\u00e9, d\u00e9battu, retard\u00e9, il semblait toujours coinc\u00e9 dans les limbes administratives. Mais cette fois, \u00e7a y est : apr\u00e8s une attente interminable, la France a enfin soumis son projet de r\u00e9glementation \u00e0 l\u2019Europe. [&hellip;]<\/p>\n","protected":false},"author":18,"featured_media":17513,"comment_status":"closed","ping_status":"closed","sticky":false,"template":"","format":"standard","meta":{"site-sidebar-layout":"default","site-content-layout":"","ast-site-content-layout":"default","site-content-style":"default","site-sidebar-style":"default","ast-global-header-display":"","ast-banner-title-visibility":"","ast-main-header-display":"","ast-hfb-above-header-display":"","ast-hfb-below-header-display":"","ast-hfb-mobile-header-display":"","site-post-title":"","ast-breadcrumbs-content":"","ast-featured-img":"","footer-sml-layout":"","ast-disable-related-posts":"","theme-transparent-header-meta":"","adv-header-id-meta":"","stick-header-meta":"","header-above-stick-meta":"","header-main-stick-meta":"","header-below-stick-meta":"","astra-migrate-meta-layouts":"default","ast-page-background-enabled":"default","ast-page-background-meta":{"desktop":{"background-color":"var(--ast-global-color-4)","background-image":"","background-repeat":"repeat","background-position":"center center","background-size":"auto","background-attachment":"scroll","background-type":"","background-media":"","overlay-type":"","overlay-color":"","overlay-opacity":"","overlay-gradient":""},"tablet":{"background-color":"","background-image":"","background-repeat":"repeat","background-position":"center center","background-size":"auto","background-attachment":"scroll","background-type":"","background-media":"","overlay-type":"","overlay-color":"","overlay-opacity":"","overlay-gradient":""},"mobile":{"background-color":"","background-image":"","background-repeat":"repeat","background-position":"center center","background-size":"auto","background-attachment":"scroll","background-type":"","background-media":"","overlay-type":"","overlay-color":"","overlay-opacity":"","overlay-gradient":""}},"ast-content-background-meta":{"desktop":{"background-color":"var(--ast-global-color-5)","background-image":"","background-repeat":"repeat","background-position":"center center","background-size":"auto","background-attachment":"scroll","background-type":"","background-media":"","overlay-type":"","overlay-color":"","overlay-opacity":"","overlay-gradient":""},"tablet":{"background-color":"var(--ast-global-color-5)","background-image":"","background-repeat":"repeat","background-position":"center center","background-size":"auto","background-attachment":"scroll","background-type":"","background-media":"","overlay-type":"","overlay-color":"","overlay-opacity":"","overlay-gradient":""},"mobile":{"background-color":"var(--ast-global-color-5)","background-image":"","background-repeat":"repeat","background-position":"center center","background-size":"auto","background-attachment":"scroll","background-type":"","background-media":"","overlay-type":"","overlay-color":"","overlay-opacity":"","overlay-gradient":""}},"footnotes":""},"categories":[1,23],"tags":[],"class_list":["post-17507","post","type-post","status-publish","format-standard","has-post-thumbnail","hentry","category-non-classe","category-infos"],"yoast_head":"<!-- This site is optimized with the Yoast SEO plugin v27.5 - https:\/\/yoast.com\/product\/yoast-seo-wordpress\/ -->\n<title>Cannabis m\u00e9dical en France : l\u2019Europe valide ?<\/title>\n<meta name=\"description\" content=\"Cannabis m\u00e9dical en France : accord de l\u2019Europe en vue, mais quels d\u00e9lais pour les patients ? Prix, remboursement\u2026 on fait le point !\" \/>\n<meta name=\"robots\" content=\"index, follow, max-snippet:-1, max-image-preview:large, max-video-preview:-1\" \/>\n<link rel=\"canonical\" href=\"https:\/\/www.gardenz.fr\/news\/2025\/03\/10\/cannabis-medical-france\/\" \/>\n<meta property=\"og:locale\" content=\"fr_FR\" \/>\n<meta property=\"og:type\" content=\"article\" \/>\n<meta property=\"og:title\" content=\"Cannabis m\u00e9dical en France : l\u2019Europe valide ?\" \/>\n<meta property=\"og:description\" content=\"Cannabis m\u00e9dical en France : accord de l\u2019Europe en vue, mais quels d\u00e9lais pour les patients ? Prix, remboursement\u2026 on fait le point !\" \/>\n<meta property=\"og:url\" content=\"https:\/\/www.gardenz.fr\/news\/2025\/03\/10\/cannabis-medical-france\/\" \/>\n<meta property=\"og:site_name\" content=\"Le Blog de Gardenz\" \/>\n<meta property=\"article:published_time\" content=\"2025-03-10T09:47:54+00:00\" \/>\n<meta property=\"article:modified_time\" content=\"2025-07-24T10:48:14+00:00\" \/>\n<meta property=\"og:image\" content=\"https:\/\/www.gardenz.fr\/news\/wp-content\/uploads\/2025\/03\/Cannabis-medical.jpg\" \/>\n\t<meta property=\"og:image:width\" content=\"1890\" \/>\n\t<meta property=\"og:image:height\" content=\"622\" \/>\n\t<meta property=\"og:image:type\" content=\"image\/jpeg\" \/>\n<meta name=\"author\" content=\"Idan Melicio\" \/>\n<meta name=\"twitter:card\" content=\"summary_large_image\" \/>\n<meta name=\"twitter:label1\" content=\"\u00c9crit par\" \/>\n\t<meta name=\"twitter:data1\" content=\"Idan Melicio\" \/>\n\t<meta name=\"twitter:label2\" content=\"Dur\u00e9e de lecture estim\u00e9e\" \/>\n\t<meta name=\"twitter:data2\" content=\"13 minutes\" \/>\n<script type=\"application\/ld+json\" class=\"yoast-schema-graph\">{\"@context\":\"https:\\\/\\\/schema.org\",\"@graph\":[{\"@type\":\"Article\",\"@id\":\"https:\\\/\\\/www.gardenz.fr\\\/news\\\/2025\\\/03\\\/10\\\/cannabis-medical-france\\\/#article\",\"isPartOf\":{\"@id\":\"https:\\\/\\\/www.gardenz.fr\\\/news\\\/2025\\\/03\\\/10\\\/cannabis-medical-france\\\/\"},\"author\":{\"name\":\"Idan Melicio\",\"@id\":\"https:\\\/\\\/www.gardenz.fr\\\/news\\\/#\\\/schema\\\/person\\\/4c29b13eadec7d3b7f81d3dc8253aa72\"},\"headline\":\"Cannabis m\u00e9dical en France : l\u2019Europe valide enfin son int\u00e9gration ?\",\"datePublished\":\"2025-03-10T09:47:54+00:00\",\"dateModified\":\"2025-07-24T10:48:14+00:00\",\"mainEntityOfPage\":{\"@id\":\"https:\\\/\\\/www.gardenz.fr\\\/news\\\/2025\\\/03\\\/10\\\/cannabis-medical-france\\\/\"},\"wordCount\":1080,\"publisher\":{\"@id\":\"https:\\\/\\\/www.gardenz.fr\\\/news\\\/#organization\"},\"image\":{\"@id\":\"https:\\\/\\\/www.gardenz.fr\\\/news\\\/2025\\\/03\\\/10\\\/cannabis-medical-france\\\/#primaryimage\"},\"thumbnailUrl\":\"https:\\\/\\\/www.gardenz.fr\\\/news\\\/wp-content\\\/uploads\\\/2025\\\/03\\\/Cannabis-medical.jpg\",\"articleSection\":[\"GENERAL\",\"INFOS WEED\"],\"inLanguage\":\"fr-FR\"},{\"@type\":\"WebPage\",\"@id\":\"https:\\\/\\\/www.gardenz.fr\\\/news\\\/2025\\\/03\\\/10\\\/cannabis-medical-france\\\/\",\"url\":\"https:\\\/\\\/www.gardenz.fr\\\/news\\\/2025\\\/03\\\/10\\\/cannabis-medical-france\\\/\",\"name\":\"Cannabis m\u00e9dical en France : l\u2019Europe valide ?\",\"isPartOf\":{\"@id\":\"https:\\\/\\\/www.gardenz.fr\\\/news\\\/#website\"},\"primaryImageOfPage\":{\"@id\":\"https:\\\/\\\/www.gardenz.fr\\\/news\\\/2025\\\/03\\\/10\\\/cannabis-medical-france\\\/#primaryimage\"},\"image\":{\"@id\":\"https:\\\/\\\/www.gardenz.fr\\\/news\\\/2025\\\/03\\\/10\\\/cannabis-medical-france\\\/#primaryimage\"},\"thumbnailUrl\":\"https:\\\/\\\/www.gardenz.fr\\\/news\\\/wp-content\\\/uploads\\\/2025\\\/03\\\/Cannabis-medical.jpg\",\"datePublished\":\"2025-03-10T09:47:54+00:00\",\"dateModified\":\"2025-07-24T10:48:14+00:00\",\"description\":\"Cannabis m\u00e9dical en France : accord de l\u2019Europe en vue, mais quels d\u00e9lais pour les patients ? Prix, remboursement\u2026 on fait le point !\",\"breadcrumb\":{\"@id\":\"https:\\\/\\\/www.gardenz.fr\\\/news\\\/2025\\\/03\\\/10\\\/cannabis-medical-france\\\/#breadcrumb\"},\"inLanguage\":\"fr-FR\",\"potentialAction\":[{\"@type\":\"ReadAction\",\"target\":[\"https:\\\/\\\/www.gardenz.fr\\\/news\\\/2025\\\/03\\\/10\\\/cannabis-medical-france\\\/\"]}]},{\"@type\":\"ImageObject\",\"inLanguage\":\"fr-FR\",\"@id\":\"https:\\\/\\\/www.gardenz.fr\\\/news\\\/2025\\\/03\\\/10\\\/cannabis-medical-france\\\/#primaryimage\",\"url\":\"https:\\\/\\\/www.gardenz.fr\\\/news\\\/wp-content\\\/uploads\\\/2025\\\/03\\\/Cannabis-medical.jpg\",\"contentUrl\":\"https:\\\/\\\/www.gardenz.fr\\\/news\\\/wp-content\\\/uploads\\\/2025\\\/03\\\/Cannabis-medical.jpg\",\"width\":1890,\"height\":622,\"caption\":\"cannabis m\u00e9dical\"},{\"@type\":\"BreadcrumbList\",\"@id\":\"https:\\\/\\\/www.gardenz.fr\\\/news\\\/2025\\\/03\\\/10\\\/cannabis-medical-france\\\/#breadcrumb\",\"itemListElement\":[{\"@type\":\"ListItem\",\"position\":1,\"name\":\"Accueil\",\"item\":\"https:\\\/\\\/www.gardenz.fr\\\/news\\\/\"},{\"@type\":\"ListItem\",\"position\":2,\"name\":\"Cannabis m\u00e9dical en France : l\u2019Europe valide enfin son int\u00e9gration ?\"}]},{\"@type\":\"WebSite\",\"@id\":\"https:\\\/\\\/www.gardenz.fr\\\/news\\\/#website\",\"url\":\"https:\\\/\\\/www.gardenz.fr\\\/news\\\/\",\"name\":\"Le Blog de Gardenz\",\"description\":\"Best quality CBD\",\"publisher\":{\"@id\":\"https:\\\/\\\/www.gardenz.fr\\\/news\\\/#organization\"},\"potentialAction\":[{\"@type\":\"SearchAction\",\"target\":{\"@type\":\"EntryPoint\",\"urlTemplate\":\"https:\\\/\\\/www.gardenz.fr\\\/news\\\/?s={search_term_string}\"},\"query-input\":{\"@type\":\"PropertyValueSpecification\",\"valueRequired\":true,\"valueName\":\"search_term_string\"}}],\"inLanguage\":\"fr-FR\"},{\"@type\":\"Organization\",\"@id\":\"https:\\\/\\\/www.gardenz.fr\\\/news\\\/#organization\",\"name\":\"Le Blog de Gardenz\",\"url\":\"https:\\\/\\\/www.gardenz.fr\\\/news\\\/\",\"logo\":{\"@type\":\"ImageObject\",\"inLanguage\":\"fr-FR\",\"@id\":\"https:\\\/\\\/www.gardenz.fr\\\/news\\\/#\\\/schema\\\/logo\\\/image\\\/\",\"url\":\"https:\\\/\\\/www.gardenz.fr\\\/news\\\/wp-content\\\/uploads\\\/2022\\\/06\\\/logo-gardenz-feuille-blanc-final.png\",\"contentUrl\":\"https:\\\/\\\/www.gardenz.fr\\\/news\\\/wp-content\\\/uploads\\\/2022\\\/06\\\/logo-gardenz-feuille-blanc-final.png\",\"width\":459,\"height\":200,\"caption\":\"Le Blog de Gardenz\"},\"image\":{\"@id\":\"https:\\\/\\\/www.gardenz.fr\\\/news\\\/#\\\/schema\\\/logo\\\/image\\\/\"}},{\"@type\":\"Person\",\"@id\":\"https:\\\/\\\/www.gardenz.fr\\\/news\\\/#\\\/schema\\\/person\\\/4c29b13eadec7d3b7f81d3dc8253aa72\",\"name\":\"Idan Melicio\",\"image\":{\"@type\":\"ImageObject\",\"inLanguage\":\"fr-FR\",\"@id\":\"https:\\\/\\\/secure.gravatar.com\\\/avatar\\\/a4fed9bf268062e3c5884e1b9288f4a54517dd9041d8c562678849f7f1c1eb43?s=96&d=mm&r=g\",\"url\":\"https:\\\/\\\/secure.gravatar.com\\\/avatar\\\/a4fed9bf268062e3c5884e1b9288f4a54517dd9041d8c562678849f7f1c1eb43?s=96&d=mm&r=g\",\"contentUrl\":\"https:\\\/\\\/secure.gravatar.com\\\/avatar\\\/a4fed9bf268062e3c5884e1b9288f4a54517dd9041d8c562678849f7f1c1eb43?s=96&d=mm&r=g\",\"caption\":\"Idan Melicio\"},\"url\":\"https:\\\/\\\/www.gardenz.fr\\\/news\\\/author\\\/idan-milecio\\\/\"}]}<\/script>\n<!-- \/ Yoast SEO plugin. -->","yoast_head_json":{"title":"Cannabis m\u00e9dical en France : l\u2019Europe valide ?","description":"Cannabis m\u00e9dical en France : accord de l\u2019Europe en vue, mais quels d\u00e9lais pour les patients ? Prix, remboursement\u2026 on fait le point !","robots":{"index":"index","follow":"follow","max-snippet":"max-snippet:-1","max-image-preview":"max-image-preview:large","max-video-preview":"max-video-preview:-1"},"canonical":"https:\/\/www.gardenz.fr\/news\/2025\/03\/10\/cannabis-medical-france\/","og_locale":"fr_FR","og_type":"article","og_title":"Cannabis m\u00e9dical en France : l\u2019Europe valide ?","og_description":"Cannabis m\u00e9dical en France : accord de l\u2019Europe en vue, mais quels d\u00e9lais pour les patients ? Prix, remboursement\u2026 on fait le point !","og_url":"https:\/\/www.gardenz.fr\/news\/2025\/03\/10\/cannabis-medical-france\/","og_site_name":"Le Blog de Gardenz","article_published_time":"2025-03-10T09:47:54+00:00","article_modified_time":"2025-07-24T10:48:14+00:00","og_image":[{"width":1890,"height":622,"url":"https:\/\/www.gardenz.fr\/news\/wp-content\/uploads\/2025\/03\/Cannabis-medical.jpg","type":"image\/jpeg"}],"author":"Idan Melicio","twitter_card":"summary_large_image","twitter_misc":{"\u00c9crit par":"Idan Melicio","Dur\u00e9e de lecture estim\u00e9e":"13 minutes"},"schema":{"@context":"https:\/\/schema.org","@graph":[{"@type":"Article","@id":"https:\/\/www.gardenz.fr\/news\/2025\/03\/10\/cannabis-medical-france\/#article","isPartOf":{"@id":"https:\/\/www.gardenz.fr\/news\/2025\/03\/10\/cannabis-medical-france\/"},"author":{"name":"Idan Melicio","@id":"https:\/\/www.gardenz.fr\/news\/#\/schema\/person\/4c29b13eadec7d3b7f81d3dc8253aa72"},"headline":"Cannabis m\u00e9dical en France : l\u2019Europe valide enfin son int\u00e9gration ?","datePublished":"2025-03-10T09:47:54+00:00","dateModified":"2025-07-24T10:48:14+00:00","mainEntityOfPage":{"@id":"https:\/\/www.gardenz.fr\/news\/2025\/03\/10\/cannabis-medical-france\/"},"wordCount":1080,"publisher":{"@id":"https:\/\/www.gardenz.fr\/news\/#organization"},"image":{"@id":"https:\/\/www.gardenz.fr\/news\/2025\/03\/10\/cannabis-medical-france\/#primaryimage"},"thumbnailUrl":"https:\/\/www.gardenz.fr\/news\/wp-content\/uploads\/2025\/03\/Cannabis-medical.jpg","articleSection":["GENERAL","INFOS WEED"],"inLanguage":"fr-FR"},{"@type":"WebPage","@id":"https:\/\/www.gardenz.fr\/news\/2025\/03\/10\/cannabis-medical-france\/","url":"https:\/\/www.gardenz.fr\/news\/2025\/03\/10\/cannabis-medical-france\/","name":"Cannabis m\u00e9dical en France : l\u2019Europe valide ?","isPartOf":{"@id":"https:\/\/www.gardenz.fr\/news\/#website"},"primaryImageOfPage":{"@id":"https:\/\/www.gardenz.fr\/news\/2025\/03\/10\/cannabis-medical-france\/#primaryimage"},"image":{"@id":"https:\/\/www.gardenz.fr\/news\/2025\/03\/10\/cannabis-medical-france\/#primaryimage"},"thumbnailUrl":"https:\/\/www.gardenz.fr\/news\/wp-content\/uploads\/2025\/03\/Cannabis-medical.jpg","datePublished":"2025-03-10T09:47:54+00:00","dateModified":"2025-07-24T10:48:14+00:00","description":"Cannabis m\u00e9dical en France : accord de l\u2019Europe en vue, mais quels d\u00e9lais pour les patients ? Prix, remboursement\u2026 on fait le point !","breadcrumb":{"@id":"https:\/\/www.gardenz.fr\/news\/2025\/03\/10\/cannabis-medical-france\/#breadcrumb"},"inLanguage":"fr-FR","potentialAction":[{"@type":"ReadAction","target":["https:\/\/www.gardenz.fr\/news\/2025\/03\/10\/cannabis-medical-france\/"]}]},{"@type":"ImageObject","inLanguage":"fr-FR","@id":"https:\/\/www.gardenz.fr\/news\/2025\/03\/10\/cannabis-medical-france\/#primaryimage","url":"https:\/\/www.gardenz.fr\/news\/wp-content\/uploads\/2025\/03\/Cannabis-medical.jpg","contentUrl":"https:\/\/www.gardenz.fr\/news\/wp-content\/uploads\/2025\/03\/Cannabis-medical.jpg","width":1890,"height":622,"caption":"cannabis m\u00e9dical"},{"@type":"BreadcrumbList","@id":"https:\/\/www.gardenz.fr\/news\/2025\/03\/10\/cannabis-medical-france\/#breadcrumb","itemListElement":[{"@type":"ListItem","position":1,"name":"Accueil","item":"https:\/\/www.gardenz.fr\/news\/"},{"@type":"ListItem","position":2,"name":"Cannabis m\u00e9dical en France : l\u2019Europe valide enfin son int\u00e9gration ?"}]},{"@type":"WebSite","@id":"https:\/\/www.gardenz.fr\/news\/#website","url":"https:\/\/www.gardenz.fr\/news\/","name":"Le Blog de Gardenz","description":"Best quality CBD","publisher":{"@id":"https:\/\/www.gardenz.fr\/news\/#organization"},"potentialAction":[{"@type":"SearchAction","target":{"@type":"EntryPoint","urlTemplate":"https:\/\/www.gardenz.fr\/news\/?s={search_term_string}"},"query-input":{"@type":"PropertyValueSpecification","valueRequired":true,"valueName":"search_term_string"}}],"inLanguage":"fr-FR"},{"@type":"Organization","@id":"https:\/\/www.gardenz.fr\/news\/#organization","name":"Le Blog de Gardenz","url":"https:\/\/www.gardenz.fr\/news\/","logo":{"@type":"ImageObject","inLanguage":"fr-FR","@id":"https:\/\/www.gardenz.fr\/news\/#\/schema\/logo\/image\/","url":"https:\/\/www.gardenz.fr\/news\/wp-content\/uploads\/2022\/06\/logo-gardenz-feuille-blanc-final.png","contentUrl":"https:\/\/www.gardenz.fr\/news\/wp-content\/uploads\/2022\/06\/logo-gardenz-feuille-blanc-final.png","width":459,"height":200,"caption":"Le Blog de Gardenz"},"image":{"@id":"https:\/\/www.gardenz.fr\/news\/#\/schema\/logo\/image\/"}},{"@type":"Person","@id":"https:\/\/www.gardenz.fr\/news\/#\/schema\/person\/4c29b13eadec7d3b7f81d3dc8253aa72","name":"Idan Melicio","image":{"@type":"ImageObject","inLanguage":"fr-FR","@id":"https:\/\/secure.gravatar.com\/avatar\/a4fed9bf268062e3c5884e1b9288f4a54517dd9041d8c562678849f7f1c1eb43?s=96&d=mm&r=g","url":"https:\/\/secure.gravatar.com\/avatar\/a4fed9bf268062e3c5884e1b9288f4a54517dd9041d8c562678849f7f1c1eb43?s=96&d=mm&r=g","contentUrl":"https:\/\/secure.gravatar.com\/avatar\/a4fed9bf268062e3c5884e1b9288f4a54517dd9041d8c562678849f7f1c1eb43?s=96&d=mm&r=g","caption":"Idan Melicio"},"url":"https:\/\/www.gardenz.fr\/news\/author\/idan-milecio\/"}]}},"_links":{"self":[{"href":"https:\/\/www.gardenz.fr\/news\/wp-json\/wp\/v2\/posts\/17507","targetHints":{"allow":["GET"]}}],"collection":[{"href":"https:\/\/www.gardenz.fr\/news\/wp-json\/wp\/v2\/posts"}],"about":[{"href":"https:\/\/www.gardenz.fr\/news\/wp-json\/wp\/v2\/types\/post"}],"author":[{"embeddable":true,"href":"https:\/\/www.gardenz.fr\/news\/wp-json\/wp\/v2\/users\/18"}],"replies":[{"embeddable":true,"href":"https:\/\/www.gardenz.fr\/news\/wp-json\/wp\/v2\/comments?post=17507"}],"version-history":[{"count":26,"href":"https:\/\/www.gardenz.fr\/news\/wp-json\/wp\/v2\/posts\/17507\/revisions"}],"predecessor-version":[{"id":19330,"href":"https:\/\/www.gardenz.fr\/news\/wp-json\/wp\/v2\/posts\/17507\/revisions\/19330"}],"wp:featuredmedia":[{"embeddable":true,"href":"https:\/\/www.gardenz.fr\/news\/wp-json\/wp\/v2\/media\/17513"}],"wp:attachment":[{"href":"https:\/\/www.gardenz.fr\/news\/wp-json\/wp\/v2\/media?parent=17507"}],"wp:term":[{"taxonomy":"category","embeddable":true,"href":"https:\/\/www.gardenz.fr\/news\/wp-json\/wp\/v2\/categories?post=17507"},{"taxonomy":"post_tag","embeddable":true,"href":"https:\/\/www.gardenz.fr\/news\/wp-json\/wp\/v2\/tags?post=17507"}],"curies":[{"name":"wp","href":"https:\/\/api.w.org\/{rel}","templated":true}]}}