{"id":17893,"date":"2025-04-10T11:46:20","date_gmt":"2025-04-10T09:46:20","guid":{"rendered":"https:\/\/www.gardenz.fr\/news\/?p=17893"},"modified":"2025-07-23T17:19:50","modified_gmt":"2025-07-23T15:19:50","slug":"80-coffee-shops-neerlandais-commencent-a-vendre-exclusivement-du-cannabis-legal","status":"publish","type":"post","link":"https:\/\/www.gardenz.fr\/news\/2025\/04\/10\/80-coffee-shops-neerlandais-commencent-a-vendre-exclusivement-du-cannabis-legal\/","title":{"rendered":"80 coffee-shops n\u00e9erlandais commencent \u00e0 vendre exclusivement du cannabis l\u00e9gal"},"content":{"rendered":"\t\t<div data-elementor-type=\"wp-post\" data-elementor-id=\"17893\" class=\"elementor elementor-17893\">\n\t\t\t\t\t\t<section class=\"elementor-section elementor-top-section elementor-element elementor-element-6f21c999 elementor-section-boxed elementor-section-height-default elementor-section-height-default\" data-id=\"6f21c999\" data-element_type=\"section\" data-e-type=\"section\">\n\t\t\t\t\t\t<div class=\"elementor-container elementor-column-gap-default\">\n\t\t\t\t\t<div class=\"elementor-column elementor-col-100 elementor-top-column elementor-element elementor-element-23e6091d\" data-id=\"23e6091d\" data-element_type=\"column\" data-e-type=\"column\">\n\t\t\t<div class=\"elementor-widget-wrap elementor-element-populated\">\n\t\t\t\t\t\t<div class=\"elementor-element elementor-element-4e1faf45 elementor-widget elementor-widget-text-editor\" data-id=\"4e1faf45\" data-element_type=\"widget\" data-e-type=\"widget\" data-widget_type=\"text-editor.default\">\n\t\t\t\t<div class=\"elementor-widget-container\">\n\t\t\t\t\t\t\t\t\t<div style=\"margin: 0 10%;\">\n<p>\ud83c\udf31 Depuis le 7 avril 2025, c\u2019est une v\u00e9ritable r\u00e9volution silencieuse qui agite les rues paisibles de dix municipalit\u00e9s n\u00e9erlandaises : pr\u00e8s de 80 coffee shops ont franchi un cap historique en ne vendant plus que du <a href=\"https:\/\/www.gardenz.fr\/310--delta-9-thc\">cannabis<\/a> 100 % l\u00e9gal, cultiv\u00e9 et distribu\u00e9 dans le cadre d\u2019un circuit certifi\u00e9, contr\u00f4l\u00e9 et compl\u00e8tement transparent.<\/p>\n<p>\ud83d\ude80 Fini le flou, termin\u00e9 le paradoxe n\u00e9erlandais qui tol\u00e9rait la vente sans jamais r\u00e9guler l\u2019approvisionnement : la Hollande, longtemps pionni\u00e8re en mati\u00e8re de tol\u00e9rance, passe \u00e0 un mod\u00e8le plus coh\u00e9rent, plus sain et franchement plus inspirant pour le reste du monde.<\/p>\n<p>\ud83c\udf0d C\u2019est une sorte de come-back en fanfare pour le pays qui a influenc\u00e9 tant de d\u00e9bats sur la r\u00e9gulation des drogues douces. Les consommateurs des villes participantes, choisies dans le cadre de cette phase finale de l\u2019exp\u00e9rience du cannabis l\u00e9gal, peuvent d\u00e9sormais acheter un produit cultiv\u00e9 par des producteurs agr\u00e9\u00e9s, trac\u00e9 de A \u00e0 Z et labellis\u00e9 selon des crit\u00e8res stricts de qualit\u00e9 et de s\u00e9curit\u00e9.<\/p>\n<p>\ud83d\udd25 Ce pilote ambitieux n\u2019est pas tomb\u00e9 du ciel : il est le fruit de plusieurs ann\u00e9es de discussions entre responsables politiques, acteurs de la sant\u00e9 publique, experts de la justice, coffee shop owners et militants pro-r\u00e9gulation. L\u2019objectif ? Mettre fin \u00e0 l\u2019hypocrisie qui entourait la fili\u00e8re depuis des d\u00e9cennies, renforcer les contr\u00f4les, ass\u00e9cher le march\u00e9 noir et garantir aux consommateurs une exp\u00e9rience \u00e0 la fois plus s\u00fbre et plus transparente.<\/p>\n<p>\ud83c\udf3f Avant cette bascule historique, les coffee shops n\u00e9erlandais \u00e9taient pris dans un \u00e9trange ballet : autoris\u00e9s \u00e0 vendre mais oblig\u00e9s de s\u2019approvisionner ill\u00e9galement. Une logique en trompe-l\u2019\u0153il qui a longtemps permis au crime organis\u00e9 de prosp\u00e9rer dans les coulisses de la culture et du transport de cannabis. D\u00e9sormais, cette dualit\u00e9 n\u2019a plus lieu d\u2019\u00eatre.<\/p>\n<p>\ud83d\udd0d Pour les consommateurs, cela signifie aussi une nouvelle \u00e8re. Ils peuvent d\u00e9sormais conna\u00eetre la vari\u00e9t\u00e9 qu\u2019ils consomment, sa teneur exacte en THC et CBD, les m\u00e9thodes de culture employ\u00e9es, voire l\u2019identit\u00e9 du producteur. Cette transparence contribue \u00e0 prot\u00e9ger leur sant\u00e9, tout en valorisant les producteurs honn\u00eates qui respectent les normes impos\u00e9es par le gouvernement n\u00e9erlandais.<\/p>\n<p>\ud83c\udf93 Ce mod\u00e8le n\u2019a rien d\u2019improvis\u00e9. Il s\u2019inspire notamment d\u2019exemples venus du Canada ou de certains \u00c9tats am\u00e9ricains, tout en int\u00e9grant les sp\u00e9cificit\u00e9s de la soci\u00e9t\u00e9 n\u00e9erlandaise. Parce que oui, les Pays-Bas ne sont pas l\u00e0 pour copier, mais pour innover avec m\u00e9thode.<\/p>\n<p>\ud83d\udcac D\u2019ailleurs, l\u2019exp\u00e9rience devrait s\u2019\u00e9tendre si les r\u00e9sultats sont positifs. Les autorit\u00e9s s\u2019appuieront sur des rapports d\u2019experts ind\u00e9pendants pour \u00e9valuer les impacts sanitaires, sociaux, \u00e9conomiques et criminels. Car au fond, cette transition ne consiste pas seulement \u00e0 mieux g\u00e9rer le cannabis, elle remet en question des d\u00e9cennies de politiques ambigu\u00ebs et parfois inefficaces.<\/p>\n<p>\ud83d\udee1\ufe0f Ce nouveau syst\u00e8me pourrait aussi avoir un effet dissuasif sur le crime organis\u00e9. En privant les trafiquants de leur acc\u00e8s au r\u00e9seau de coffee shops, les Pays-Bas esp\u00e8rent tarir une source importante de revenus ill\u00e9gaux. De quoi redonner un peu d\u2019air aux forces de police, qui pourront ainsi se concentrer sur des dossiers plus graves et plus urgents.<\/p>\n<p>\ud83c\udfea Pour les propri\u00e9taires des coffee shops, cette mutation r\u00e9clame \u00e9videmment des ajustements. Il leur faut s\u2019adapter aux nouvelles r\u00e8gles, refaire leurs stocks, former leur personnel \u00e0 des produits aux compositions diff\u00e9rentes, mais aussi rassurer une client\u00e8le parfois m\u00e9fiante \u00e0 l\u2019id\u00e9e de consommer un produit \u00ab officiel \u00bb.<\/p>\n<p>\ud83d\udca1 Le sentiment dominant, malgr\u00e9 quelques r\u00e9ticences initiales, reste tr\u00e8s positif. De nombreux professionnels saluent cette r\u00e9gularisation tant attendue, qui pourrait leur offrir enfin un cadre juridique clair et durable. Et pour beaucoup, c\u2019est aussi une forme de reconnaissance apr\u00e8s des ann\u00e9es pass\u00e9es \u00e0 jouer les funambules dans une zone grise l\u00e9gale.<\/p>\n<p>\ud83c\udfaf Si tu te demandes comment \u00e7a se passe concr\u00e8tement, imagine-toi pousser la porte d\u2019un coffee shop d&rsquo;Amsterdam, de Tilburg ou de Breda, et pouvoir choisir parmi une s\u00e9lection de fleurs cultiv\u00e9es localement, sans additifs douteux, avec des infos d\u00e9taill\u00e9es sur chaque vari\u00e9t\u00e9. Plus qu\u2019un achat, c\u2019est presque une visite \u00e9ducative. Et il y a de quoi s\u00e9duire un public plus large, moins \u00e0 l\u2019aise avec l\u2019opacit\u00e9 de l\u2019ancien syst\u00e8me.<\/p>\n<p>\ud83c\udf08 D\u2019ailleurs, c\u2019est aussi tout un pan culturel du pays qui est impact\u00e9. Les coffee shops font partie du paysage n\u00e9erlandais et leur professionnalisation pourrait modifier peu \u00e0 peu l\u2019image que l\u2019Europe (et au-del\u00e0) a du cannabis. Exit l\u2019ic\u00f4ne rebelle, place \u00e0 une approche responsable, consciente et document\u00e9e.<\/p>\n<p>\ud83d\udcc8 Le march\u00e9 potentiel est \u00e9norme, et si le mod\u00e8le fait ses preuves, d\u2019autres villes, voire d\u2019autres pays europ\u00e9ens, pourraient s\u2019en inspirer. Car au fond, les enjeux d\u00e9passent largement les clopes qui tournent entre amis : c\u2019est toute une r\u00e9flexion sur les libert\u00e9s individuelles, la s\u00e9curit\u00e9 publique et la responsabilit\u00e9 collective qui est en jeu.<\/p>\n<p>\ud83d\udd0b L\u2019exp\u00e9rience n\u00e9erlandaise, dans sa version 2025, n\u2019est donc pas un simple test. C\u2019est peut-\u00eatre l\u2019\u00e9v\u00e9nement fondateur d\u2019un nouveau mod\u00e8le de coexistence entre plaisir et r\u00e9gulation, entre libert\u00e9 et encadrement. Elle bouscule les vieux r\u00e9flexes, propose des solutions concr\u00e8tes et r\u00e9invente un pan entier de la soci\u00e9t\u00e9 \u00e0 travers une plante qu\u2019on croyait d\u00e9j\u00e0 conna\u00eetre.<\/p>\n<p>\ud83c\udf43 Le plus dingue dans tout \u00e7a ? C\u2019est la normalit\u00e9 avec laquelle ce changement se met en place. Pas de protestations massives, pas de toll\u00e9s m\u00e9diatiques ni de panique morale. Juste une soci\u00e9t\u00e9 qui avance, en phase avec son \u00e9poque, et qui ouvre la voie \u00e0 une politique plus honn\u00eate, plus humaine et enfin coh\u00e9rente.<\/p>\n<p>\ud83e\udd1d Si tu es curieux, si tu veux savoir ce que \u00e7a donne ou m\u00eame si tu penses que ton pays pourrait s\u2019en inspirer, garde un \u0153il sur ce qui se passe aux Pays-Bas. Parce qu\u2019il se pourrait bien que l\u2019histoire du cannabis europ\u00e9en s\u2019\u00e9crive l\u00e0-bas, dans le calme d\u2019un coffee shop o\u00f9 le vert est d\u00e9sormais vraiment l\u00e9gal.<\/p>\n<p><a href=\"https:\/\/gardenz.fr\/news\">Tu veux continuer ta lecture ? D\u00e9couvre d&rsquo;autres articles sur en cliquant ici.<\/a><\/p>\n<\/div>\n\n<div class=\"wp-block-group is-layout-constrained wp-block-group-is-layout-constrained\">\n<div class=\"wp-block-columns is-layout-flex wp-container-core-columns-is-layout-28f84493 wp-block-columns-is-layout-flex\">\n<div class=\"wp-block-column is-layout-flow wp-block-column-is-layout-flow\" style=\"flex-basis:20%\">\n<figure class=\"wp-block-image size-full\"><a href=\"https:\/\/www.gardenz.fr\/3-fleur-de-chanvre-cbd\"><img fetchpriority=\"high\" decoding=\"async\" width=\"424\" height=\"600\" src=\"https:\/\/www.gardenz.fr\/news\/wp-content\/uploads\/2025\/03\/FLEUR-DE-CHANVRE-CBD.webp\" alt=\"FLEUR-DE-CHANVRE-CBD\" class=\"wp-image-17519\" srcset=\"https:\/\/www.gardenz.fr\/news\/wp-content\/uploads\/2025\/03\/FLEUR-DE-CHANVRE-CBD.webp 424w, https:\/\/www.gardenz.fr\/news\/wp-content\/uploads\/2025\/03\/FLEUR-DE-CHANVRE-CBD-212x300.webp 212w\" sizes=\"(max-width: 424px) 100vw, 424px\" \/><\/a><\/figure>\n<\/div>\n\n\n\n<div class=\"wp-block-column is-layout-flow wp-block-column-is-layout-flow\" style=\"flex-basis:20%\">\n<figure class=\"wp-block-image size-full\"><a href=\"https:\/\/www.gardenz.fr\/6--resine-cbd\"><img decoding=\"async\" width=\"424\" height=\"600\" src=\"https:\/\/www.gardenz.fr\/news\/wp-content\/uploads\/2025\/03\/RESINE-CBD.webp\" alt=\"R\u00c9SINE-CBD\" class=\"wp-image-17515\" srcset=\"https:\/\/www.gardenz.fr\/news\/wp-content\/uploads\/2025\/03\/RESINE-CBD.webp 424w, https:\/\/www.gardenz.fr\/news\/wp-content\/uploads\/2025\/03\/RESINE-CBD-212x300.webp 212w\" sizes=\"(max-width: 424px) 100vw, 424px\" \/><\/a><\/figure>\n<\/div>\n\n\n\n<div class=\"wp-block-column is-layout-flow wp-block-column-is-layout-flow\" style=\"flex-basis:20%\">\n<figure class=\"wp-block-image size-full\"><a href=\"https:\/\/www.gardenz.fr\/511--weed-psycho\"><img decoding=\"async\" width=\"424\" height=\"600\" src=\"https:\/\/www.gardenz.fr\/news\/wp-content\/uploads\/2025\/03\/PSYCHOACTIFS.webp\" alt=\"PSYCHOACTIFS\" class=\"wp-image-17517\" srcset=\"https:\/\/www.gardenz.fr\/news\/wp-content\/uploads\/2025\/03\/PSYCHOACTIFS.webp 424w, https:\/\/www.gardenz.fr\/news\/wp-content\/uploads\/2025\/03\/PSYCHOACTIFS-212x300.webp 212w\" sizes=\"(max-width: 424px) 100vw, 424px\" \/><\/a><\/figure>\n<\/div>\n\n\n\n<div class=\"wp-block-column is-layout-flow wp-block-column-is-layout-flow\" style=\"flex-basis:20%\">\n<figure class=\"wp-block-image size-full\"><a href=\"https:\/\/www.gardenz.fr\/562--accessoires-weed\"><img loading=\"lazy\" decoding=\"async\" width=\"424\" height=\"600\" src=\"https:\/\/www.gardenz.fr\/news\/wp-content\/uploads\/2025\/03\/ACCESSOIRED.webp\" alt=\"\" class=\"wp-image-17520\" srcset=\"https:\/\/www.gardenz.fr\/news\/wp-content\/uploads\/2025\/03\/ACCESSOIRED.webp 424w, https:\/\/www.gardenz.fr\/news\/wp-content\/uploads\/2025\/03\/ACCESSOIRED-212x300.webp 212w\" sizes=\"(max-width: 424px) 100vw, 424px\" \/><\/a><\/figure>\n<\/div>\n\n\n\n<div class=\"wp-block-column is-layout-flow wp-block-column-is-layout-flow\" style=\"flex-basis:20%\">\n<figure class=\"wp-block-image size-full\"><a href=\"https:\/\/www.gardenz.fr\/284--vaporisateur-weed\"><img loading=\"lazy\" decoding=\"async\" width=\"424\" height=\"600\" src=\"https:\/\/www.gardenz.fr\/news\/wp-content\/uploads\/2025\/03\/VAPORISATEUR-WEED.webp\" alt=\"VAPORISATEUR-WEED\" class=\"wp-image-17514\" srcset=\"https:\/\/www.gardenz.fr\/news\/wp-content\/uploads\/2025\/03\/VAPORISATEUR-WEED.webp 424w, https:\/\/www.gardenz.fr\/news\/wp-content\/uploads\/2025\/03\/VAPORISATEUR-WEED-212x300.webp 212w\" sizes=\"(max-width: 424px) 100vw, 424px\" \/><\/a><\/figure>\n<\/div>\n<\/div>\n<\/div>\n\t\t\t\t\t\t\t\t<\/div>\n\t\t\t\t<\/div>\n\t\t\t\t\t<\/div>\n\t\t<\/div>\n\t\t\t\t\t<\/div>\n\t\t<\/section>\n\t\t\t\t<\/div>\n\t\t","protected":false},"excerpt":{"rendered":"<p>\ud83c\udf31 Depuis le 7 avril 2025, c\u2019est une v\u00e9ritable r\u00e9volution silencieuse qui agite les rues paisibles de dix municipalit\u00e9s n\u00e9erlandaises : pr\u00e8s de 80 coffee shops ont franchi un cap historique en ne vendant plus que du cannabis 100 % l\u00e9gal, cultiv\u00e9 et distribu\u00e9 dans le cadre d\u2019un circuit certifi\u00e9, contr\u00f4l\u00e9 et compl\u00e8tement transparent. \ud83d\ude80 [&hellip;]<\/p>\n","protected":false},"author":18,"featured_media":17899,"comment_status":"closed","ping_status":"closed","sticky":false,"template":"","format":"standard","meta":{"site-sidebar-layout":"default","site-content-layout":"","ast-site-content-layout":"default","site-content-style":"default","site-sidebar-style":"default","ast-global-header-display":"","ast-banner-title-visibility":"","ast-main-header-display":"","ast-hfb-above-header-display":"","ast-hfb-below-header-display":"","ast-hfb-mobile-header-display":"","site-post-title":"","ast-breadcrumbs-content":"","ast-featured-img":"","footer-sml-layout":"","ast-disable-related-posts":"","theme-transparent-header-meta":"","adv-header-id-meta":"","stick-header-meta":"","header-above-stick-meta":"","header-main-stick-meta":"","header-below-stick-meta":"","astra-migrate-meta-layouts":"default","ast-page-background-enabled":"default","ast-page-background-meta":{"desktop":{"background-color":"var(--ast-global-color-4)","background-image":"","background-repeat":"repeat","background-position":"center center","background-size":"auto","background-attachment":"scroll","background-type":"","background-media":"","overlay-type":"","overlay-color":"","overlay-opacity":"","overlay-gradient":""},"tablet":{"background-color":"","background-image":"","background-repeat":"repeat","background-position":"center center","background-size":"auto","background-attachment":"scroll","background-type":"","background-media":"","overlay-type":"","overlay-color":"","overlay-opacity":"","overlay-gradient":""},"mobile":{"background-color":"","background-image":"","background-repeat":"repeat","background-position":"center center","background-size":"auto","background-attachment":"scroll","background-type":"","background-media":"","overlay-type":"","overlay-color":"","overlay-opacity":"","overlay-gradient":""}},"ast-content-background-meta":{"desktop":{"background-color":"var(--ast-global-color-5)","background-image":"","background-repeat":"repeat","background-position":"center center","background-size":"auto","background-attachment":"scroll","background-type":"","background-media":"","overlay-type":"","overlay-color":"","overlay-opacity":"","overlay-gradient":""},"tablet":{"background-color":"var(--ast-global-color-5)","background-image":"","background-repeat":"repeat","background-position":"center center","background-size":"auto","background-attachment":"scroll","background-type":"","background-media":"","overlay-type":"","overlay-color":"","overlay-opacity":"","overlay-gradient":""},"mobile":{"background-color":"var(--ast-global-color-5)","background-image":"","background-repeat":"repeat","background-position":"center center","background-size":"auto","background-attachment":"scroll","background-type":"","background-media":"","overlay-type":"","overlay-color":"","overlay-opacity":"","overlay-gradient":""}},"footnotes":""},"categories":[1,23],"tags":[],"class_list":["post-17893","post","type-post","status-publish","format-standard","has-post-thumbnail","hentry","category-non-classe","category-infos"],"yoast_head":"<!-- This site is optimized with the Yoast SEO plugin v27.5 - https:\/\/yoast.com\/product\/yoast-seo-wordpress\/ -->\n<title>\ud83c\udf3f 80 coffee-shops hollandais proposent du cannabis l\u00e9gal exclusif<\/title>\n<meta name=\"description\" content=\"\ud83c\udf3f D\u00e9couvrez comment 80 coffee-shops aux Pays-Bas se tournent vers la vente l\u00e9gale de cannabis, une tendance en pleine expansion. \ud83c\udf3f\" \/>\n<meta name=\"robots\" content=\"index, follow, max-snippet:-1, max-image-preview:large, max-video-preview:-1\" \/>\n<link rel=\"canonical\" href=\"https:\/\/www.gardenz.fr\/news\/2025\/04\/10\/80-coffee-shops-neerlandais-commencent-a-vendre-exclusivement-du-cannabis-legal\/\" \/>\n<meta property=\"og:locale\" content=\"fr_FR\" \/>\n<meta property=\"og:type\" content=\"article\" \/>\n<meta property=\"og:title\" content=\"\ud83c\udf3f 80 coffee-shops hollandais proposent du cannabis l\u00e9gal exclusif\" \/>\n<meta property=\"og:description\" content=\"\ud83c\udf3f D\u00e9couvrez comment 80 coffee-shops aux Pays-Bas se tournent vers la vente l\u00e9gale de cannabis, une tendance en pleine expansion. \ud83c\udf3f\" \/>\n<meta property=\"og:url\" content=\"https:\/\/www.gardenz.fr\/news\/2025\/04\/10\/80-coffee-shops-neerlandais-commencent-a-vendre-exclusivement-du-cannabis-legal\/\" \/>\n<meta property=\"og:site_name\" content=\"Le Blog de Gardenz\" \/>\n<meta property=\"article:published_time\" content=\"2025-04-10T09:46:20+00:00\" \/>\n<meta property=\"article:modified_time\" content=\"2025-07-23T15:19:50+00:00\" \/>\n<meta property=\"og:image\" content=\"https:\/\/www.gardenz.fr\/news\/wp-content\/uploads\/2025\/04\/80-coffee-shop-_1_.webp\" \/>\n\t<meta property=\"og:image:width\" content=\"1890\" \/>\n\t<meta property=\"og:image:height\" content=\"622\" \/>\n\t<meta property=\"og:image:type\" content=\"image\/webp\" \/>\n<meta name=\"author\" content=\"Idan Melicio\" \/>\n<meta name=\"twitter:card\" content=\"summary_large_image\" \/>\n<meta name=\"twitter:label1\" content=\"\u00c9crit par\" \/>\n\t<meta name=\"twitter:data1\" content=\"Idan Melicio\" \/>\n\t<meta name=\"twitter:label2\" content=\"Dur\u00e9e de lecture estim\u00e9e\" \/>\n\t<meta name=\"twitter:data2\" content=\"9 minutes\" \/>\n<script type=\"application\/ld+json\" class=\"yoast-schema-graph\">{\"@context\":\"https:\\\/\\\/schema.org\",\"@graph\":[{\"@type\":\"Article\",\"@id\":\"https:\\\/\\\/www.gardenz.fr\\\/news\\\/2025\\\/04\\\/10\\\/80-coffee-shops-neerlandais-commencent-a-vendre-exclusivement-du-cannabis-legal\\\/#article\",\"isPartOf\":{\"@id\":\"https:\\\/\\\/www.gardenz.fr\\\/news\\\/2025\\\/04\\\/10\\\/80-coffee-shops-neerlandais-commencent-a-vendre-exclusivement-du-cannabis-legal\\\/\"},\"author\":{\"name\":\"Idan Melicio\",\"@id\":\"https:\\\/\\\/www.gardenz.fr\\\/news\\\/#\\\/schema\\\/person\\\/4c29b13eadec7d3b7f81d3dc8253aa72\"},\"headline\":\"80 coffee-shops n\u00e9erlandais commencent \u00e0 vendre exclusivement du cannabis l\u00e9gal\",\"datePublished\":\"2025-04-10T09:46:20+00:00\",\"dateModified\":\"2025-07-23T15:19:50+00:00\",\"mainEntityOfPage\":{\"@id\":\"https:\\\/\\\/www.gardenz.fr\\\/news\\\/2025\\\/04\\\/10\\\/80-coffee-shops-neerlandais-commencent-a-vendre-exclusivement-du-cannabis-legal\\\/\"},\"wordCount\":1095,\"publisher\":{\"@id\":\"https:\\\/\\\/www.gardenz.fr\\\/news\\\/#organization\"},\"image\":{\"@id\":\"https:\\\/\\\/www.gardenz.fr\\\/news\\\/2025\\\/04\\\/10\\\/80-coffee-shops-neerlandais-commencent-a-vendre-exclusivement-du-cannabis-legal\\\/#primaryimage\"},\"thumbnailUrl\":\"https:\\\/\\\/www.gardenz.fr\\\/news\\\/wp-content\\\/uploads\\\/2025\\\/04\\\/80-coffee-shop-_1_.webp\",\"articleSection\":[\"GENERAL\",\"INFOS WEED\"],\"inLanguage\":\"fr-FR\"},{\"@type\":\"WebPage\",\"@id\":\"https:\\\/\\\/www.gardenz.fr\\\/news\\\/2025\\\/04\\\/10\\\/80-coffee-shops-neerlandais-commencent-a-vendre-exclusivement-du-cannabis-legal\\\/\",\"url\":\"https:\\\/\\\/www.gardenz.fr\\\/news\\\/2025\\\/04\\\/10\\\/80-coffee-shops-neerlandais-commencent-a-vendre-exclusivement-du-cannabis-legal\\\/\",\"name\":\"\ud83c\udf3f 80 coffee-shops hollandais proposent du cannabis l\u00e9gal exclusif\",\"isPartOf\":{\"@id\":\"https:\\\/\\\/www.gardenz.fr\\\/news\\\/#website\"},\"primaryImageOfPage\":{\"@id\":\"https:\\\/\\\/www.gardenz.fr\\\/news\\\/2025\\\/04\\\/10\\\/80-coffee-shops-neerlandais-commencent-a-vendre-exclusivement-du-cannabis-legal\\\/#primaryimage\"},\"image\":{\"@id\":\"https:\\\/\\\/www.gardenz.fr\\\/news\\\/2025\\\/04\\\/10\\\/80-coffee-shops-neerlandais-commencent-a-vendre-exclusivement-du-cannabis-legal\\\/#primaryimage\"},\"thumbnailUrl\":\"https:\\\/\\\/www.gardenz.fr\\\/news\\\/wp-content\\\/uploads\\\/2025\\\/04\\\/80-coffee-shop-_1_.webp\",\"datePublished\":\"2025-04-10T09:46:20+00:00\",\"dateModified\":\"2025-07-23T15:19:50+00:00\",\"description\":\"\ud83c\udf3f D\u00e9couvrez comment 80 coffee-shops aux Pays-Bas se tournent vers la vente l\u00e9gale de cannabis, une tendance en pleine expansion. \ud83c\udf3f\",\"breadcrumb\":{\"@id\":\"https:\\\/\\\/www.gardenz.fr\\\/news\\\/2025\\\/04\\\/10\\\/80-coffee-shops-neerlandais-commencent-a-vendre-exclusivement-du-cannabis-legal\\\/#breadcrumb\"},\"inLanguage\":\"fr-FR\",\"potentialAction\":[{\"@type\":\"ReadAction\",\"target\":[\"https:\\\/\\\/www.gardenz.fr\\\/news\\\/2025\\\/04\\\/10\\\/80-coffee-shops-neerlandais-commencent-a-vendre-exclusivement-du-cannabis-legal\\\/\"]}]},{\"@type\":\"ImageObject\",\"inLanguage\":\"fr-FR\",\"@id\":\"https:\\\/\\\/www.gardenz.fr\\\/news\\\/2025\\\/04\\\/10\\\/80-coffee-shops-neerlandais-commencent-a-vendre-exclusivement-du-cannabis-legal\\\/#primaryimage\",\"url\":\"https:\\\/\\\/www.gardenz.fr\\\/news\\\/wp-content\\\/uploads\\\/2025\\\/04\\\/80-coffee-shop-_1_.webp\",\"contentUrl\":\"https:\\\/\\\/www.gardenz.fr\\\/news\\\/wp-content\\\/uploads\\\/2025\\\/04\\\/80-coffee-shop-_1_.webp\",\"width\":1890,\"height\":622,\"caption\":\"coffee shop\"},{\"@type\":\"BreadcrumbList\",\"@id\":\"https:\\\/\\\/www.gardenz.fr\\\/news\\\/2025\\\/04\\\/10\\\/80-coffee-shops-neerlandais-commencent-a-vendre-exclusivement-du-cannabis-legal\\\/#breadcrumb\",\"itemListElement\":[{\"@type\":\"ListItem\",\"position\":1,\"name\":\"Accueil\",\"item\":\"https:\\\/\\\/www.gardenz.fr\\\/news\\\/\"},{\"@type\":\"ListItem\",\"position\":2,\"name\":\"80 coffee-shops n\u00e9erlandais commencent \u00e0 vendre exclusivement du cannabis l\u00e9gal\"}]},{\"@type\":\"WebSite\",\"@id\":\"https:\\\/\\\/www.gardenz.fr\\\/news\\\/#website\",\"url\":\"https:\\\/\\\/www.gardenz.fr\\\/news\\\/\",\"name\":\"Le Blog de Gardenz\",\"description\":\"Best quality CBD\",\"publisher\":{\"@id\":\"https:\\\/\\\/www.gardenz.fr\\\/news\\\/#organization\"},\"potentialAction\":[{\"@type\":\"SearchAction\",\"target\":{\"@type\":\"EntryPoint\",\"urlTemplate\":\"https:\\\/\\\/www.gardenz.fr\\\/news\\\/?s={search_term_string}\"},\"query-input\":{\"@type\":\"PropertyValueSpecification\",\"valueRequired\":true,\"valueName\":\"search_term_string\"}}],\"inLanguage\":\"fr-FR\"},{\"@type\":\"Organization\",\"@id\":\"https:\\\/\\\/www.gardenz.fr\\\/news\\\/#organization\",\"name\":\"Le Blog de Gardenz\",\"url\":\"https:\\\/\\\/www.gardenz.fr\\\/news\\\/\",\"logo\":{\"@type\":\"ImageObject\",\"inLanguage\":\"fr-FR\",\"@id\":\"https:\\\/\\\/www.gardenz.fr\\\/news\\\/#\\\/schema\\\/logo\\\/image\\\/\",\"url\":\"https:\\\/\\\/www.gardenz.fr\\\/news\\\/wp-content\\\/uploads\\\/2022\\\/06\\\/logo-gardenz-feuille-blanc-final.png\",\"contentUrl\":\"https:\\\/\\\/www.gardenz.fr\\\/news\\\/wp-content\\\/uploads\\\/2022\\\/06\\\/logo-gardenz-feuille-blanc-final.png\",\"width\":459,\"height\":200,\"caption\":\"Le Blog de Gardenz\"},\"image\":{\"@id\":\"https:\\\/\\\/www.gardenz.fr\\\/news\\\/#\\\/schema\\\/logo\\\/image\\\/\"}},{\"@type\":\"Person\",\"@id\":\"https:\\\/\\\/www.gardenz.fr\\\/news\\\/#\\\/schema\\\/person\\\/4c29b13eadec7d3b7f81d3dc8253aa72\",\"name\":\"Idan Melicio\",\"image\":{\"@type\":\"ImageObject\",\"inLanguage\":\"fr-FR\",\"@id\":\"https:\\\/\\\/secure.gravatar.com\\\/avatar\\\/a4fed9bf268062e3c5884e1b9288f4a54517dd9041d8c562678849f7f1c1eb43?s=96&d=mm&r=g\",\"url\":\"https:\\\/\\\/secure.gravatar.com\\\/avatar\\\/a4fed9bf268062e3c5884e1b9288f4a54517dd9041d8c562678849f7f1c1eb43?s=96&d=mm&r=g\",\"contentUrl\":\"https:\\\/\\\/secure.gravatar.com\\\/avatar\\\/a4fed9bf268062e3c5884e1b9288f4a54517dd9041d8c562678849f7f1c1eb43?s=96&d=mm&r=g\",\"caption\":\"Idan Melicio\"},\"url\":\"https:\\\/\\\/www.gardenz.fr\\\/news\\\/author\\\/idan-milecio\\\/\"}]}<\/script>\n<!-- \/ Yoast SEO plugin. -->","yoast_head_json":{"title":"\ud83c\udf3f 80 coffee-shops hollandais proposent du cannabis l\u00e9gal exclusif","description":"\ud83c\udf3f D\u00e9couvrez comment 80 coffee-shops aux Pays-Bas se tournent vers la vente l\u00e9gale de cannabis, une tendance en pleine expansion. \ud83c\udf3f","robots":{"index":"index","follow":"follow","max-snippet":"max-snippet:-1","max-image-preview":"max-image-preview:large","max-video-preview":"max-video-preview:-1"},"canonical":"https:\/\/www.gardenz.fr\/news\/2025\/04\/10\/80-coffee-shops-neerlandais-commencent-a-vendre-exclusivement-du-cannabis-legal\/","og_locale":"fr_FR","og_type":"article","og_title":"\ud83c\udf3f 80 coffee-shops hollandais proposent du cannabis l\u00e9gal exclusif","og_description":"\ud83c\udf3f D\u00e9couvrez comment 80 coffee-shops aux Pays-Bas se tournent vers la vente l\u00e9gale de cannabis, une tendance en pleine expansion. \ud83c\udf3f","og_url":"https:\/\/www.gardenz.fr\/news\/2025\/04\/10\/80-coffee-shops-neerlandais-commencent-a-vendre-exclusivement-du-cannabis-legal\/","og_site_name":"Le Blog de Gardenz","article_published_time":"2025-04-10T09:46:20+00:00","article_modified_time":"2025-07-23T15:19:50+00:00","og_image":[{"width":1890,"height":622,"url":"https:\/\/www.gardenz.fr\/news\/wp-content\/uploads\/2025\/04\/80-coffee-shop-_1_.webp","type":"image\/webp"}],"author":"Idan Melicio","twitter_card":"summary_large_image","twitter_misc":{"\u00c9crit par":"Idan Melicio","Dur\u00e9e de lecture estim\u00e9e":"9 minutes"},"schema":{"@context":"https:\/\/schema.org","@graph":[{"@type":"Article","@id":"https:\/\/www.gardenz.fr\/news\/2025\/04\/10\/80-coffee-shops-neerlandais-commencent-a-vendre-exclusivement-du-cannabis-legal\/#article","isPartOf":{"@id":"https:\/\/www.gardenz.fr\/news\/2025\/04\/10\/80-coffee-shops-neerlandais-commencent-a-vendre-exclusivement-du-cannabis-legal\/"},"author":{"name":"Idan Melicio","@id":"https:\/\/www.gardenz.fr\/news\/#\/schema\/person\/4c29b13eadec7d3b7f81d3dc8253aa72"},"headline":"80 coffee-shops n\u00e9erlandais commencent \u00e0 vendre exclusivement du cannabis l\u00e9gal","datePublished":"2025-04-10T09:46:20+00:00","dateModified":"2025-07-23T15:19:50+00:00","mainEntityOfPage":{"@id":"https:\/\/www.gardenz.fr\/news\/2025\/04\/10\/80-coffee-shops-neerlandais-commencent-a-vendre-exclusivement-du-cannabis-legal\/"},"wordCount":1095,"publisher":{"@id":"https:\/\/www.gardenz.fr\/news\/#organization"},"image":{"@id":"https:\/\/www.gardenz.fr\/news\/2025\/04\/10\/80-coffee-shops-neerlandais-commencent-a-vendre-exclusivement-du-cannabis-legal\/#primaryimage"},"thumbnailUrl":"https:\/\/www.gardenz.fr\/news\/wp-content\/uploads\/2025\/04\/80-coffee-shop-_1_.webp","articleSection":["GENERAL","INFOS WEED"],"inLanguage":"fr-FR"},{"@type":"WebPage","@id":"https:\/\/www.gardenz.fr\/news\/2025\/04\/10\/80-coffee-shops-neerlandais-commencent-a-vendre-exclusivement-du-cannabis-legal\/","url":"https:\/\/www.gardenz.fr\/news\/2025\/04\/10\/80-coffee-shops-neerlandais-commencent-a-vendre-exclusivement-du-cannabis-legal\/","name":"\ud83c\udf3f 80 coffee-shops hollandais proposent du cannabis l\u00e9gal exclusif","isPartOf":{"@id":"https:\/\/www.gardenz.fr\/news\/#website"},"primaryImageOfPage":{"@id":"https:\/\/www.gardenz.fr\/news\/2025\/04\/10\/80-coffee-shops-neerlandais-commencent-a-vendre-exclusivement-du-cannabis-legal\/#primaryimage"},"image":{"@id":"https:\/\/www.gardenz.fr\/news\/2025\/04\/10\/80-coffee-shops-neerlandais-commencent-a-vendre-exclusivement-du-cannabis-legal\/#primaryimage"},"thumbnailUrl":"https:\/\/www.gardenz.fr\/news\/wp-content\/uploads\/2025\/04\/80-coffee-shop-_1_.webp","datePublished":"2025-04-10T09:46:20+00:00","dateModified":"2025-07-23T15:19:50+00:00","description":"\ud83c\udf3f D\u00e9couvrez comment 80 coffee-shops aux Pays-Bas se tournent vers la vente l\u00e9gale de cannabis, une tendance en pleine expansion. \ud83c\udf3f","breadcrumb":{"@id":"https:\/\/www.gardenz.fr\/news\/2025\/04\/10\/80-coffee-shops-neerlandais-commencent-a-vendre-exclusivement-du-cannabis-legal\/#breadcrumb"},"inLanguage":"fr-FR","potentialAction":[{"@type":"ReadAction","target":["https:\/\/www.gardenz.fr\/news\/2025\/04\/10\/80-coffee-shops-neerlandais-commencent-a-vendre-exclusivement-du-cannabis-legal\/"]}]},{"@type":"ImageObject","inLanguage":"fr-FR","@id":"https:\/\/www.gardenz.fr\/news\/2025\/04\/10\/80-coffee-shops-neerlandais-commencent-a-vendre-exclusivement-du-cannabis-legal\/#primaryimage","url":"https:\/\/www.gardenz.fr\/news\/wp-content\/uploads\/2025\/04\/80-coffee-shop-_1_.webp","contentUrl":"https:\/\/www.gardenz.fr\/news\/wp-content\/uploads\/2025\/04\/80-coffee-shop-_1_.webp","width":1890,"height":622,"caption":"coffee shop"},{"@type":"BreadcrumbList","@id":"https:\/\/www.gardenz.fr\/news\/2025\/04\/10\/80-coffee-shops-neerlandais-commencent-a-vendre-exclusivement-du-cannabis-legal\/#breadcrumb","itemListElement":[{"@type":"ListItem","position":1,"name":"Accueil","item":"https:\/\/www.gardenz.fr\/news\/"},{"@type":"ListItem","position":2,"name":"80 coffee-shops n\u00e9erlandais commencent \u00e0 vendre exclusivement du cannabis l\u00e9gal"}]},{"@type":"WebSite","@id":"https:\/\/www.gardenz.fr\/news\/#website","url":"https:\/\/www.gardenz.fr\/news\/","name":"Le Blog de Gardenz","description":"Best quality CBD","publisher":{"@id":"https:\/\/www.gardenz.fr\/news\/#organization"},"potentialAction":[{"@type":"SearchAction","target":{"@type":"EntryPoint","urlTemplate":"https:\/\/www.gardenz.fr\/news\/?s={search_term_string}"},"query-input":{"@type":"PropertyValueSpecification","valueRequired":true,"valueName":"search_term_string"}}],"inLanguage":"fr-FR"},{"@type":"Organization","@id":"https:\/\/www.gardenz.fr\/news\/#organization","name":"Le Blog de Gardenz","url":"https:\/\/www.gardenz.fr\/news\/","logo":{"@type":"ImageObject","inLanguage":"fr-FR","@id":"https:\/\/www.gardenz.fr\/news\/#\/schema\/logo\/image\/","url":"https:\/\/www.gardenz.fr\/news\/wp-content\/uploads\/2022\/06\/logo-gardenz-feuille-blanc-final.png","contentUrl":"https:\/\/www.gardenz.fr\/news\/wp-content\/uploads\/2022\/06\/logo-gardenz-feuille-blanc-final.png","width":459,"height":200,"caption":"Le Blog de Gardenz"},"image":{"@id":"https:\/\/www.gardenz.fr\/news\/#\/schema\/logo\/image\/"}},{"@type":"Person","@id":"https:\/\/www.gardenz.fr\/news\/#\/schema\/person\/4c29b13eadec7d3b7f81d3dc8253aa72","name":"Idan Melicio","image":{"@type":"ImageObject","inLanguage":"fr-FR","@id":"https:\/\/secure.gravatar.com\/avatar\/a4fed9bf268062e3c5884e1b9288f4a54517dd9041d8c562678849f7f1c1eb43?s=96&d=mm&r=g","url":"https:\/\/secure.gravatar.com\/avatar\/a4fed9bf268062e3c5884e1b9288f4a54517dd9041d8c562678849f7f1c1eb43?s=96&d=mm&r=g","contentUrl":"https:\/\/secure.gravatar.com\/avatar\/a4fed9bf268062e3c5884e1b9288f4a54517dd9041d8c562678849f7f1c1eb43?s=96&d=mm&r=g","caption":"Idan Melicio"},"url":"https:\/\/www.gardenz.fr\/news\/author\/idan-milecio\/"}]}},"_links":{"self":[{"href":"https:\/\/www.gardenz.fr\/news\/wp-json\/wp\/v2\/posts\/17893","targetHints":{"allow":["GET"]}}],"collection":[{"href":"https:\/\/www.gardenz.fr\/news\/wp-json\/wp\/v2\/posts"}],"about":[{"href":"https:\/\/www.gardenz.fr\/news\/wp-json\/wp\/v2\/types\/post"}],"author":[{"embeddable":true,"href":"https:\/\/www.gardenz.fr\/news\/wp-json\/wp\/v2\/users\/18"}],"replies":[{"embeddable":true,"href":"https:\/\/www.gardenz.fr\/news\/wp-json\/wp\/v2\/comments?post=17893"}],"version-history":[{"count":4,"href":"https:\/\/www.gardenz.fr\/news\/wp-json\/wp\/v2\/posts\/17893\/revisions"}],"predecessor-version":[{"id":19227,"href":"https:\/\/www.gardenz.fr\/news\/wp-json\/wp\/v2\/posts\/17893\/revisions\/19227"}],"wp:featuredmedia":[{"embeddable":true,"href":"https:\/\/www.gardenz.fr\/news\/wp-json\/wp\/v2\/media\/17899"}],"wp:attachment":[{"href":"https:\/\/www.gardenz.fr\/news\/wp-json\/wp\/v2\/media?parent=17893"}],"wp:term":[{"taxonomy":"category","embeddable":true,"href":"https:\/\/www.gardenz.fr\/news\/wp-json\/wp\/v2\/categories?post=17893"},{"taxonomy":"post_tag","embeddable":true,"href":"https:\/\/www.gardenz.fr\/news\/wp-json\/wp\/v2\/tags?post=17893"}],"curies":[{"name":"wp","href":"https:\/\/api.w.org\/{rel}","templated":true}]}}