{"id":17939,"date":"2025-04-11T11:42:00","date_gmt":"2025-04-11T09:42:00","guid":{"rendered":"https:\/\/www.gardenz.fr\/news\/?p=17939"},"modified":"2025-07-23T17:09:19","modified_gmt":"2025-07-23T15:09:19","slug":"la-coalition-allemande-confirme-maintien-legalisation-cannabis","status":"publish","type":"post","link":"https:\/\/www.gardenz.fr\/news\/2025\/04\/11\/la-coalition-allemande-confirme-maintien-legalisation-cannabis\/","title":{"rendered":"La coalition allemande confirme maintien l\u00e9galisation cannabis"},"content":{"rendered":"\t\t<div data-elementor-type=\"wp-post\" data-elementor-id=\"17939\" class=\"elementor elementor-17939\">\n\t\t\t\t\t\t<section class=\"elementor-section elementor-top-section elementor-element elementor-element-7b24106 elementor-section-boxed elementor-section-height-default elementor-section-height-default\" data-id=\"7b24106\" data-element_type=\"section\" data-e-type=\"section\">\n\t\t\t\t\t\t<div class=\"elementor-container elementor-column-gap-default\">\n\t\t\t\t\t<div class=\"elementor-column elementor-col-100 elementor-top-column elementor-element elementor-element-1c1f6878\" data-id=\"1c1f6878\" data-element_type=\"column\" data-e-type=\"column\">\n\t\t\t<div class=\"elementor-widget-wrap elementor-element-populated\">\n\t\t\t\t\t\t<div class=\"elementor-element elementor-element-7067b2eb elementor-widget elementor-widget-text-editor\" data-id=\"7067b2eb\" data-element_type=\"widget\" data-e-type=\"widget\" data-widget_type=\"text-editor.default\">\n\t\t\t\t<div class=\"elementor-widget-container\">\n\t\t\t\t\t\t\t\t\t<div style=\"margin-left: 10%; margin-right: 10%;\">\n<p>\ud83c\udf3f Tu l\u2019attendais peut-\u00eatre avec une certaine tension dans l\u2019air, eh bien respire un bon coup : la l\u00e9galisation du <a href=\"https:\/\/www.gardenz.fr\/310--delta-9-thc\">cannabis<\/a> en Allemagne est bien l\u00e0 pour rester, du moins pour l\u2019instant. \ud83e\uddd8 Depuis des mois, les rumeurs les plus folles circulaient : retour en arri\u00e8re, durcissement de la loi, r\u00e9pression renforc\u00e9e\u2026 Finalement, le gouvernement de coalition fra\u00eechement form\u00e9 a mis les pendules \u00e0 l\u2019heure : pas de changement imm\u00e9diat, status quo assum\u00e9. Et \u00e7a, \u00e7a fait plaisir !<\/p>\n<p>\ud83d\udcf0 Cette d\u00e9cision tomb\u00e9e en avril 2025 rassure pas mal de monde, des consommateurs aux distributeurs, en passant par les professionnels de sant\u00e9. Depuis l\u2019entr\u00e9e en vigueur de la loi sur le cannabis, commun\u00e9ment appel\u00e9e CanG, les attentes ne cessent de monter, les d\u00e9bats s\u2019enflamment et les espoirs de voir l\u2019industrie se structurer doucement mais s\u00fbrement prennent forme.<\/p>\n<p>\ud83e\udd1d La coalition allemande, notamment repr\u00e9sent\u00e9e par la CDU\/CSU et le SPD, a donc tranch\u00e9 : pas de revirement spectaculaire sur le cannabis. Et ouvre ainsi la voie \u00e0 une stabilisation du march\u00e9 et des usages. C\u2019est un vrai gage de cr\u00e9dibilit\u00e9 pour un pays qui occupe une place centrale dans le d\u00e9bat europ\u00e9en. Car oui, l\u2019Allemagne joue d\u00e9sormais un r\u00f4le de pionnier \u00e0 l\u2019\u00e9chelle du Vieux Continent, et elle le revendique pleinement.<\/p>\n<p>\ud83c\udfe5 Les enjeux sont multiples : \u00e9conomiques, juridiques, sanitaires, mais aussi sociaux. Les avons-nous vraiment tous mesur\u00e9s jusque-l\u00e0 ? Pas forc\u00e9ment. Et pourtant, cette d\u00e9cision de maintien permet d\u2019ancrer davantage la l\u00e9galisation dans le quotidien des Allemands, sans constamment faire planer la menace d\u2019un retour en arri\u00e8re brutal. C\u2019est un choix politique fort. Et il donne un souffle nouveau \u00e0 toute une fili\u00e8re encore fragile mais motiv\u00e9e \u00e0 construire un avenir durable.<\/p>\n<p>\ud83d\udce3 Du c\u00f4t\u00e9 des patients, la nouvelle a \u00e9t\u00e9 accueillie avec un soupir de soulagement. Pour beaucoup, le cannabis th\u00e9rapeutique est devenu une alternative s\u00e9rieuse, parfois la seule, face \u00e0 des traitements classiques peu efficaces ou aux effets secondaires trop lourds. La menace d\u2019un changement de cadre aurait pu remettre en cause cet acc\u00e8s. Mais gr\u00e2ce \u00e0 la clart\u00e9 de la position politique actuelle, ces inqui\u00e9tudes peuvent \u00eatre rang\u00e9es au placard, au moins momentan\u00e9ment.<\/p>\n<p>\ud83e\uddea Les professionnels de sant\u00e9 eux aussi applaudissent cette stabilit\u00e9 r\u00e9glementaire. Car qui dit loi stable dit formation possible, accompagnement des patients concret et construction d\u2019un vrai discours m\u00e9dical autour du cannabis. Une jungle administrative permanente n&rsquo;aurait fait qu\u2019embrouiller les initiatives et freiner l\u2019innovation. L\u2019Allemagne pr\u00e9f\u00e8re prendre le temps d\u2019observer, d\u2019ajuster, plut\u00f4t que de rectifier dans la pr\u00e9cipitation, et \u00e7a, c\u2019est un pari intelligent.<\/p>\n<p>\ud83d\udcca Economiquement, le signal est fort, et \u00e7a se ressent dans les chiffres. Les start-ups se multiplient, les investissements \u00e9trangers affluent et la distribution commence \u00e0 se structurer. Cela offre une r\u00e9elle bulle d\u2019oxyg\u00e8ne \u00e0 un secteur souvent mis sous pression m\u00e9diatique. D\u2019ailleurs, de plus en plus de jeunes entrepreneurs se lancent avec des id\u00e9es innovantes et un enthousiasme contagieux. Le maintien de la loi, c\u2019est aussi une promesse de stabilit\u00e9 pour attirer encore plus de talents et de financements.<\/p>\n<p>\ud83c\udfdb\ufe0f Mais ne nous voilons pas la face, tout n\u2019est pas encore rose. Des zones d\u2019ombre subsistent, notamment sur les modalit\u00e9s d\u2019acc\u00e8s, la qualit\u00e9 des produits et les r\u00e8gles de tra\u00e7abilit\u00e9. Toutefois, en gardant le cadre l\u00e9gislatif inchang\u00e9, le gouvernement permet au secteur de r\u00e9pondre progressivement \u00e0 ces d\u00e9fis sans avoir \u00e0 tout recommencer. C\u2019est un choix juste et pragmatique que peu de pays europ\u00e9ens ont su faire jusqu\u2019\u00e0 pr\u00e9sent.<\/p>\n<p>\ud83e\udde0 Et puis soyons honn\u00eate, ce maintien de la l\u00e9gislation est aussi une reconnaissance culturelle. L\u2019\u00e9volution des mentalit\u00e9s ne peut pas \u00eatre ni\u00e9e : les jeunes g\u00e9n\u00e9rations, plus ouvertes \u00e0 des approches alternatives, ne voient plus le cannabis comme un tabou ind\u00e9passable mais comme un sujet de soci\u00e9t\u00e9 \u00e0 part enti\u00e8re. Cette d\u00e9cision politique, dans un pays aussi structur\u00e9 que l\u2019Allemagne, envoie un message fort : on prend en compte les r\u00e9alit\u00e9s du terrain, les usages, les recherches, les exp\u00e9riences.<\/p>\n<p>\ud83c\udf40 Rien ne garantit pour autant que les discussions sont closes. Des ajustements viendront s\u00fbrement avec le temps, peut-\u00eatre m\u00eame de nouvelles phases l\u00e9gislatives. Ce qui change aujourd\u2019hui, c\u2019est qu\u2019on prend acte des b\u00e9n\u00e9fices d\u00e9j\u00e0 visibles de cette l\u00e9galisation. Moins de criminalisation, meilleure s\u00e9curit\u00e9 sanitaire, d\u00e9but d\u2019un acc\u00e8s contr\u00f4l\u00e9 et encadr\u00e9 : les pr\u00e9mices sont l\u00e0, et il serait irresponsable de tout balayer d\u2019un revers de la main.<\/p>\n<p>\ud83d\ude80 Les regards se tournent d\u00e9j\u00e0 vers l\u2019avenir. Avec une loi maintenue et un dialogue ouvert, le terrain est fertile pour continuer \u00e0 d\u00e9velopper une culture du cannabis responsable et mature. De nouveaux acteurs patients, producteurs, distributeurs, chercheurs, consommateurs sont pr\u00eats \u00e0 embarquer pour cette nouvelle \u00e9tape. Et si l\u2019Allemagne maintient le cap, pourquoi pas les autres pays europ\u00e9ens ?<\/p>\n<p>\ud83c\udf0d En consolidant son choix, le gouvernement allemand lance un message clair aux voisins de l\u2019Union europ\u00e9enne : il est possible de r\u00e9glementer sans punir, d\u2019encadrer sans freiner, de l\u00e9galiser sans banaliser. Ce n\u2019est pas juste un feu vert pour fumer un joint, c\u2019est un engagement pour une soci\u00e9t\u00e9 plus juste, plus consciente, plus libre aussi. Tu peux \u00eatre s\u00fbr que ce genre d\u2019\u00e9quilibre va inspirer bien au-del\u00e0 des fronti\u00e8res nationales dans les mois qui viennent.<\/p>\n<p>\ud83d\udd4a\ufe0f Il est donc temps de souffler, d\u2019analyser, de b\u00e2tir. L\u2019Allemagne n\u2019a pas tourn\u00e9 le dos \u00e0 ses responsabilit\u00e9s, au contraire, elle les embrasse avec la ferme intention de construire une fili\u00e8re durable. Et tout le pays en r\u00e9coltera les fruits, \u00e0 condition de ne pas se reposer sur ses acquis. La route est encore longue, mais elle semble d\u00e9sormais bien balis\u00e9e.<\/p>\n<p>\ud83d\udea6 En r\u00e9sum\u00e9, le maintien de la l\u00e9gislation sur le cannabis envoie un signal fort : les portes restent ouvertes, les ambitions restent vives, et les acteurs d\u00e9j\u00e0 impliqu\u00e9s peuvent continuer leur travail sans craindre un coup de frein brutal. Un climat de confiance s\u2019installe doucement mais s\u00fbrement, et c\u2019est peut-\u00eatre \u00e7a, au final, le plus grand progr\u00e8s du moment.<\/p>\n<p><a href=\"https:\/\/gardenz.fr\/news\">Tu veux continuer ta lecture ? D\u00e9couvre d&rsquo;autres articles sur en cliquant ici.<\/a><\/p>\n<\/div>\n\n<div class=\"wp-block-group is-layout-constrained wp-block-group-is-layout-constrained\">\n<div class=\"wp-block-columns is-layout-flex wp-container-core-columns-is-layout-28f84493 wp-block-columns-is-layout-flex\">\n<div class=\"wp-block-column is-layout-flow wp-block-column-is-layout-flow\" style=\"flex-basis:20%\">\n<figure class=\"wp-block-image size-full\"><a href=\"https:\/\/www.gardenz.fr\/3-fleur-de-chanvre-cbd\"><img fetchpriority=\"high\" decoding=\"async\" width=\"424\" height=\"600\" src=\"https:\/\/www.gardenz.fr\/news\/wp-content\/uploads\/2025\/03\/FLEUR-DE-CHANVRE-CBD.webp\" alt=\"FLEUR-DE-CHANVRE-CBD\" class=\"wp-image-17519\" srcset=\"https:\/\/www.gardenz.fr\/news\/wp-content\/uploads\/2025\/03\/FLEUR-DE-CHANVRE-CBD.webp 424w, https:\/\/www.gardenz.fr\/news\/wp-content\/uploads\/2025\/03\/FLEUR-DE-CHANVRE-CBD-212x300.webp 212w\" sizes=\"(max-width: 424px) 100vw, 424px\" \/><\/a><\/figure>\n<\/div>\n\n\n\n<div class=\"wp-block-column is-layout-flow wp-block-column-is-layout-flow\" style=\"flex-basis:20%\">\n<figure class=\"wp-block-image size-full\"><a href=\"https:\/\/www.gardenz.fr\/6--resine-cbd\"><img decoding=\"async\" width=\"424\" height=\"600\" src=\"https:\/\/www.gardenz.fr\/news\/wp-content\/uploads\/2025\/03\/RESINE-CBD.webp\" alt=\"R\u00c9SINE-CBD\" class=\"wp-image-17515\" srcset=\"https:\/\/www.gardenz.fr\/news\/wp-content\/uploads\/2025\/03\/RESINE-CBD.webp 424w, https:\/\/www.gardenz.fr\/news\/wp-content\/uploads\/2025\/03\/RESINE-CBD-212x300.webp 212w\" sizes=\"(max-width: 424px) 100vw, 424px\" \/><\/a><\/figure>\n<\/div>\n\n\n\n<div class=\"wp-block-column is-layout-flow wp-block-column-is-layout-flow\" style=\"flex-basis:20%\">\n<figure class=\"wp-block-image size-full\"><a href=\"https:\/\/www.gardenz.fr\/511--weed-psycho\"><img decoding=\"async\" width=\"424\" height=\"600\" src=\"https:\/\/www.gardenz.fr\/news\/wp-content\/uploads\/2025\/03\/PSYCHOACTIFS.webp\" alt=\"PSYCHOACTIFS\" class=\"wp-image-17517\" srcset=\"https:\/\/www.gardenz.fr\/news\/wp-content\/uploads\/2025\/03\/PSYCHOACTIFS.webp 424w, https:\/\/www.gardenz.fr\/news\/wp-content\/uploads\/2025\/03\/PSYCHOACTIFS-212x300.webp 212w\" sizes=\"(max-width: 424px) 100vw, 424px\" \/><\/a><\/figure>\n<\/div>\n\n\n\n<div class=\"wp-block-column is-layout-flow wp-block-column-is-layout-flow\" style=\"flex-basis:20%\">\n<figure class=\"wp-block-image size-full\"><a href=\"https:\/\/www.gardenz.fr\/562--accessoires-weed\"><img loading=\"lazy\" decoding=\"async\" width=\"424\" height=\"600\" src=\"https:\/\/www.gardenz.fr\/news\/wp-content\/uploads\/2025\/03\/ACCESSOIRED.webp\" alt=\"\" class=\"wp-image-17520\" srcset=\"https:\/\/www.gardenz.fr\/news\/wp-content\/uploads\/2025\/03\/ACCESSOIRED.webp 424w, https:\/\/www.gardenz.fr\/news\/wp-content\/uploads\/2025\/03\/ACCESSOIRED-212x300.webp 212w\" sizes=\"(max-width: 424px) 100vw, 424px\" \/><\/a><\/figure>\n<\/div>\n\n\n\n<div class=\"wp-block-column is-layout-flow wp-block-column-is-layout-flow\" style=\"flex-basis:20%\">\n<figure class=\"wp-block-image size-full\"><a href=\"https:\/\/www.gardenz.fr\/284--vaporisateur-weed\"><img loading=\"lazy\" decoding=\"async\" width=\"424\" height=\"600\" src=\"https:\/\/www.gardenz.fr\/news\/wp-content\/uploads\/2025\/03\/VAPORISATEUR-WEED.webp\" alt=\"VAPORISATEUR-WEED\" class=\"wp-image-17514\" srcset=\"https:\/\/www.gardenz.fr\/news\/wp-content\/uploads\/2025\/03\/VAPORISATEUR-WEED.webp 424w, https:\/\/www.gardenz.fr\/news\/wp-content\/uploads\/2025\/03\/VAPORISATEUR-WEED-212x300.webp 212w\" sizes=\"(max-width: 424px) 100vw, 424px\" \/><\/a><\/figure>\n<\/div>\n<\/div>\n<\/div>\n\t\t\t\t\t\t\t\t<\/div>\n\t\t\t\t<\/div>\n\t\t\t\t\t<\/div>\n\t\t<\/div>\n\t\t\t\t\t<\/div>\n\t\t<\/section>\n\t\t\t\t<\/div>\n\t\t","protected":false},"excerpt":{"rendered":"<p>\ud83c\udf3f Tu l\u2019attendais peut-\u00eatre avec une certaine tension dans l\u2019air, eh bien respire un bon coup : la l\u00e9galisation du cannabis en Allemagne est bien l\u00e0 pour rester, du moins pour l\u2019instant. \ud83e\uddd8 Depuis des mois, les rumeurs les plus folles circulaient : retour en arri\u00e8re, durcissement de la loi, r\u00e9pression renforc\u00e9e\u2026 Finalement, le gouvernement [&hellip;]<\/p>\n","protected":false},"author":18,"featured_media":17943,"comment_status":"closed","ping_status":"closed","sticky":false,"template":"","format":"standard","meta":{"site-sidebar-layout":"default","site-content-layout":"","ast-site-content-layout":"default","site-content-style":"default","site-sidebar-style":"default","ast-global-header-display":"","ast-banner-title-visibility":"","ast-main-header-display":"","ast-hfb-above-header-display":"","ast-hfb-below-header-display":"","ast-hfb-mobile-header-display":"","site-post-title":"","ast-breadcrumbs-content":"","ast-featured-img":"","footer-sml-layout":"","ast-disable-related-posts":"","theme-transparent-header-meta":"","adv-header-id-meta":"","stick-header-meta":"","header-above-stick-meta":"","header-main-stick-meta":"","header-below-stick-meta":"","astra-migrate-meta-layouts":"default","ast-page-background-enabled":"default","ast-page-background-meta":{"desktop":{"background-color":"var(--ast-global-color-4)","background-image":"","background-repeat":"repeat","background-position":"center center","background-size":"auto","background-attachment":"scroll","background-type":"","background-media":"","overlay-type":"","overlay-color":"","overlay-opacity":"","overlay-gradient":""},"tablet":{"background-color":"","background-image":"","background-repeat":"repeat","background-position":"center center","background-size":"auto","background-attachment":"scroll","background-type":"","background-media":"","overlay-type":"","overlay-color":"","overlay-opacity":"","overlay-gradient":""},"mobile":{"background-color":"","background-image":"","background-repeat":"repeat","background-position":"center center","background-size":"auto","background-attachment":"scroll","background-type":"","background-media":"","overlay-type":"","overlay-color":"","overlay-opacity":"","overlay-gradient":""}},"ast-content-background-meta":{"desktop":{"background-color":"var(--ast-global-color-5)","background-image":"","background-repeat":"repeat","background-position":"center center","background-size":"auto","background-attachment":"scroll","background-type":"","background-media":"","overlay-type":"","overlay-color":"","overlay-opacity":"","overlay-gradient":""},"tablet":{"background-color":"var(--ast-global-color-5)","background-image":"","background-repeat":"repeat","background-position":"center center","background-size":"auto","background-attachment":"scroll","background-type":"","background-media":"","overlay-type":"","overlay-color":"","overlay-opacity":"","overlay-gradient":""},"mobile":{"background-color":"var(--ast-global-color-5)","background-image":"","background-repeat":"repeat","background-position":"center center","background-size":"auto","background-attachment":"scroll","background-type":"","background-media":"","overlay-type":"","overlay-color":"","overlay-opacity":"","overlay-gradient":""}},"footnotes":""},"categories":[1,23],"tags":[],"class_list":["post-17939","post","type-post","status-publish","format-standard","has-post-thumbnail","hentry","category-non-classe","category-infos"],"yoast_head":"<!-- This site is optimized with the Yoast SEO plugin v27.5 - https:\/\/yoast.com\/product\/yoast-seo-wordpress\/ -->\n<title>\ud83c\udf3f Coalition allemande confirme maintien l\u00e9galisation cannabis<\/title>\n<meta name=\"description\" content=\"\ud83c\udf3f La coalition allemande confirme le maintien de la l\u00e9galisation du cannabis. D\u00e9couvrez les d\u00e9tails dans cet article.\" \/>\n<meta name=\"robots\" content=\"index, follow, max-snippet:-1, max-image-preview:large, max-video-preview:-1\" \/>\n<link rel=\"canonical\" href=\"https:\/\/www.gardenz.fr\/news\/2025\/04\/11\/la-coalition-allemande-confirme-maintien-legalisation-cannabis\/\" \/>\n<meta property=\"og:locale\" content=\"fr_FR\" \/>\n<meta property=\"og:type\" content=\"article\" \/>\n<meta property=\"og:title\" content=\"\ud83c\udf3f Coalition allemande confirme maintien l\u00e9galisation cannabis\" \/>\n<meta property=\"og:description\" content=\"\ud83c\udf3f La coalition allemande confirme le maintien de la l\u00e9galisation du cannabis. D\u00e9couvrez les d\u00e9tails dans cet article.\" \/>\n<meta property=\"og:url\" content=\"https:\/\/www.gardenz.fr\/news\/2025\/04\/11\/la-coalition-allemande-confirme-maintien-legalisation-cannabis\/\" \/>\n<meta property=\"og:site_name\" content=\"Le Blog de Gardenz\" \/>\n<meta property=\"article:published_time\" content=\"2025-04-11T09:42:00+00:00\" \/>\n<meta property=\"article:modified_time\" content=\"2025-07-23T15:09:19+00:00\" \/>\n<meta property=\"og:image\" content=\"https:\/\/www.gardenz.fr\/news\/wp-content\/uploads\/2025\/04\/Allemagne-coalition-legalisation-_1_.webp\" \/>\n\t<meta property=\"og:image:width\" content=\"1890\" \/>\n\t<meta property=\"og:image:height\" content=\"622\" \/>\n\t<meta property=\"og:image:type\" content=\"image\/webp\" \/>\n<meta name=\"author\" content=\"Idan Melicio\" \/>\n<meta name=\"twitter:card\" content=\"summary_large_image\" \/>\n<meta name=\"twitter:label1\" content=\"\u00c9crit par\" \/>\n\t<meta name=\"twitter:data1\" content=\"Idan Melicio\" \/>\n\t<meta name=\"twitter:label2\" content=\"Dur\u00e9e de lecture estim\u00e9e\" \/>\n\t<meta name=\"twitter:data2\" content=\"8 minutes\" \/>\n<script type=\"application\/ld+json\" class=\"yoast-schema-graph\">{\"@context\":\"https:\\\/\\\/schema.org\",\"@graph\":[{\"@type\":\"Article\",\"@id\":\"https:\\\/\\\/www.gardenz.fr\\\/news\\\/2025\\\/04\\\/11\\\/la-coalition-allemande-confirme-maintien-legalisation-cannabis\\\/#article\",\"isPartOf\":{\"@id\":\"https:\\\/\\\/www.gardenz.fr\\\/news\\\/2025\\\/04\\\/11\\\/la-coalition-allemande-confirme-maintien-legalisation-cannabis\\\/\"},\"author\":{\"name\":\"Idan Melicio\",\"@id\":\"https:\\\/\\\/www.gardenz.fr\\\/news\\\/#\\\/schema\\\/person\\\/4c29b13eadec7d3b7f81d3dc8253aa72\"},\"headline\":\"La coalition allemande confirme maintien l\u00e9galisation cannabis\",\"datePublished\":\"2025-04-11T09:42:00+00:00\",\"dateModified\":\"2025-07-23T15:09:19+00:00\",\"mainEntityOfPage\":{\"@id\":\"https:\\\/\\\/www.gardenz.fr\\\/news\\\/2025\\\/04\\\/11\\\/la-coalition-allemande-confirme-maintien-legalisation-cannabis\\\/\"},\"wordCount\":1105,\"publisher\":{\"@id\":\"https:\\\/\\\/www.gardenz.fr\\\/news\\\/#organization\"},\"image\":{\"@id\":\"https:\\\/\\\/www.gardenz.fr\\\/news\\\/2025\\\/04\\\/11\\\/la-coalition-allemande-confirme-maintien-legalisation-cannabis\\\/#primaryimage\"},\"thumbnailUrl\":\"https:\\\/\\\/www.gardenz.fr\\\/news\\\/wp-content\\\/uploads\\\/2025\\\/04\\\/Allemagne-coalition-legalisation-_1_.webp\",\"articleSection\":[\"GENERAL\",\"INFOS WEED\"],\"inLanguage\":\"fr-FR\"},{\"@type\":\"WebPage\",\"@id\":\"https:\\\/\\\/www.gardenz.fr\\\/news\\\/2025\\\/04\\\/11\\\/la-coalition-allemande-confirme-maintien-legalisation-cannabis\\\/\",\"url\":\"https:\\\/\\\/www.gardenz.fr\\\/news\\\/2025\\\/04\\\/11\\\/la-coalition-allemande-confirme-maintien-legalisation-cannabis\\\/\",\"name\":\"\ud83c\udf3f Coalition allemande confirme maintien l\u00e9galisation cannabis\",\"isPartOf\":{\"@id\":\"https:\\\/\\\/www.gardenz.fr\\\/news\\\/#website\"},\"primaryImageOfPage\":{\"@id\":\"https:\\\/\\\/www.gardenz.fr\\\/news\\\/2025\\\/04\\\/11\\\/la-coalition-allemande-confirme-maintien-legalisation-cannabis\\\/#primaryimage\"},\"image\":{\"@id\":\"https:\\\/\\\/www.gardenz.fr\\\/news\\\/2025\\\/04\\\/11\\\/la-coalition-allemande-confirme-maintien-legalisation-cannabis\\\/#primaryimage\"},\"thumbnailUrl\":\"https:\\\/\\\/www.gardenz.fr\\\/news\\\/wp-content\\\/uploads\\\/2025\\\/04\\\/Allemagne-coalition-legalisation-_1_.webp\",\"datePublished\":\"2025-04-11T09:42:00+00:00\",\"dateModified\":\"2025-07-23T15:09:19+00:00\",\"description\":\"\ud83c\udf3f La coalition allemande confirme le maintien de la l\u00e9galisation du cannabis. D\u00e9couvrez les d\u00e9tails dans cet article.\",\"breadcrumb\":{\"@id\":\"https:\\\/\\\/www.gardenz.fr\\\/news\\\/2025\\\/04\\\/11\\\/la-coalition-allemande-confirme-maintien-legalisation-cannabis\\\/#breadcrumb\"},\"inLanguage\":\"fr-FR\",\"potentialAction\":[{\"@type\":\"ReadAction\",\"target\":[\"https:\\\/\\\/www.gardenz.fr\\\/news\\\/2025\\\/04\\\/11\\\/la-coalition-allemande-confirme-maintien-legalisation-cannabis\\\/\"]}]},{\"@type\":\"ImageObject\",\"inLanguage\":\"fr-FR\",\"@id\":\"https:\\\/\\\/www.gardenz.fr\\\/news\\\/2025\\\/04\\\/11\\\/la-coalition-allemande-confirme-maintien-legalisation-cannabis\\\/#primaryimage\",\"url\":\"https:\\\/\\\/www.gardenz.fr\\\/news\\\/wp-content\\\/uploads\\\/2025\\\/04\\\/Allemagne-coalition-legalisation-_1_.webp\",\"contentUrl\":\"https:\\\/\\\/www.gardenz.fr\\\/news\\\/wp-content\\\/uploads\\\/2025\\\/04\\\/Allemagne-coalition-legalisation-_1_.webp\",\"width\":1890,\"height\":622,\"caption\":\"Allemagne\"},{\"@type\":\"BreadcrumbList\",\"@id\":\"https:\\\/\\\/www.gardenz.fr\\\/news\\\/2025\\\/04\\\/11\\\/la-coalition-allemande-confirme-maintien-legalisation-cannabis\\\/#breadcrumb\",\"itemListElement\":[{\"@type\":\"ListItem\",\"position\":1,\"name\":\"Accueil\",\"item\":\"https:\\\/\\\/www.gardenz.fr\\\/news\\\/\"},{\"@type\":\"ListItem\",\"position\":2,\"name\":\"La coalition allemande confirme maintien l\u00e9galisation cannabis\"}]},{\"@type\":\"WebSite\",\"@id\":\"https:\\\/\\\/www.gardenz.fr\\\/news\\\/#website\",\"url\":\"https:\\\/\\\/www.gardenz.fr\\\/news\\\/\",\"name\":\"Le Blog de Gardenz\",\"description\":\"Best quality CBD\",\"publisher\":{\"@id\":\"https:\\\/\\\/www.gardenz.fr\\\/news\\\/#organization\"},\"potentialAction\":[{\"@type\":\"SearchAction\",\"target\":{\"@type\":\"EntryPoint\",\"urlTemplate\":\"https:\\\/\\\/www.gardenz.fr\\\/news\\\/?s={search_term_string}\"},\"query-input\":{\"@type\":\"PropertyValueSpecification\",\"valueRequired\":true,\"valueName\":\"search_term_string\"}}],\"inLanguage\":\"fr-FR\"},{\"@type\":\"Organization\",\"@id\":\"https:\\\/\\\/www.gardenz.fr\\\/news\\\/#organization\",\"name\":\"Le Blog de Gardenz\",\"url\":\"https:\\\/\\\/www.gardenz.fr\\\/news\\\/\",\"logo\":{\"@type\":\"ImageObject\",\"inLanguage\":\"fr-FR\",\"@id\":\"https:\\\/\\\/www.gardenz.fr\\\/news\\\/#\\\/schema\\\/logo\\\/image\\\/\",\"url\":\"https:\\\/\\\/www.gardenz.fr\\\/news\\\/wp-content\\\/uploads\\\/2022\\\/06\\\/logo-gardenz-feuille-blanc-final.png\",\"contentUrl\":\"https:\\\/\\\/www.gardenz.fr\\\/news\\\/wp-content\\\/uploads\\\/2022\\\/06\\\/logo-gardenz-feuille-blanc-final.png\",\"width\":459,\"height\":200,\"caption\":\"Le Blog de Gardenz\"},\"image\":{\"@id\":\"https:\\\/\\\/www.gardenz.fr\\\/news\\\/#\\\/schema\\\/logo\\\/image\\\/\"}},{\"@type\":\"Person\",\"@id\":\"https:\\\/\\\/www.gardenz.fr\\\/news\\\/#\\\/schema\\\/person\\\/4c29b13eadec7d3b7f81d3dc8253aa72\",\"name\":\"Idan Melicio\",\"image\":{\"@type\":\"ImageObject\",\"inLanguage\":\"fr-FR\",\"@id\":\"https:\\\/\\\/secure.gravatar.com\\\/avatar\\\/a4fed9bf268062e3c5884e1b9288f4a54517dd9041d8c562678849f7f1c1eb43?s=96&d=mm&r=g\",\"url\":\"https:\\\/\\\/secure.gravatar.com\\\/avatar\\\/a4fed9bf268062e3c5884e1b9288f4a54517dd9041d8c562678849f7f1c1eb43?s=96&d=mm&r=g\",\"contentUrl\":\"https:\\\/\\\/secure.gravatar.com\\\/avatar\\\/a4fed9bf268062e3c5884e1b9288f4a54517dd9041d8c562678849f7f1c1eb43?s=96&d=mm&r=g\",\"caption\":\"Idan Melicio\"},\"url\":\"https:\\\/\\\/www.gardenz.fr\\\/news\\\/author\\\/idan-milecio\\\/\"}]}<\/script>\n<!-- \/ Yoast SEO plugin. -->","yoast_head_json":{"title":"\ud83c\udf3f Coalition allemande confirme maintien l\u00e9galisation cannabis","description":"\ud83c\udf3f La coalition allemande confirme le maintien de la l\u00e9galisation du cannabis. D\u00e9couvrez les d\u00e9tails dans cet article.","robots":{"index":"index","follow":"follow","max-snippet":"max-snippet:-1","max-image-preview":"max-image-preview:large","max-video-preview":"max-video-preview:-1"},"canonical":"https:\/\/www.gardenz.fr\/news\/2025\/04\/11\/la-coalition-allemande-confirme-maintien-legalisation-cannabis\/","og_locale":"fr_FR","og_type":"article","og_title":"\ud83c\udf3f Coalition allemande confirme maintien l\u00e9galisation cannabis","og_description":"\ud83c\udf3f La coalition allemande confirme le maintien de la l\u00e9galisation du cannabis. D\u00e9couvrez les d\u00e9tails dans cet article.","og_url":"https:\/\/www.gardenz.fr\/news\/2025\/04\/11\/la-coalition-allemande-confirme-maintien-legalisation-cannabis\/","og_site_name":"Le Blog de Gardenz","article_published_time":"2025-04-11T09:42:00+00:00","article_modified_time":"2025-07-23T15:09:19+00:00","og_image":[{"width":1890,"height":622,"url":"https:\/\/www.gardenz.fr\/news\/wp-content\/uploads\/2025\/04\/Allemagne-coalition-legalisation-_1_.webp","type":"image\/webp"}],"author":"Idan Melicio","twitter_card":"summary_large_image","twitter_misc":{"\u00c9crit par":"Idan Melicio","Dur\u00e9e de lecture estim\u00e9e":"8 minutes"},"schema":{"@context":"https:\/\/schema.org","@graph":[{"@type":"Article","@id":"https:\/\/www.gardenz.fr\/news\/2025\/04\/11\/la-coalition-allemande-confirme-maintien-legalisation-cannabis\/#article","isPartOf":{"@id":"https:\/\/www.gardenz.fr\/news\/2025\/04\/11\/la-coalition-allemande-confirme-maintien-legalisation-cannabis\/"},"author":{"name":"Idan Melicio","@id":"https:\/\/www.gardenz.fr\/news\/#\/schema\/person\/4c29b13eadec7d3b7f81d3dc8253aa72"},"headline":"La coalition allemande confirme maintien l\u00e9galisation cannabis","datePublished":"2025-04-11T09:42:00+00:00","dateModified":"2025-07-23T15:09:19+00:00","mainEntityOfPage":{"@id":"https:\/\/www.gardenz.fr\/news\/2025\/04\/11\/la-coalition-allemande-confirme-maintien-legalisation-cannabis\/"},"wordCount":1105,"publisher":{"@id":"https:\/\/www.gardenz.fr\/news\/#organization"},"image":{"@id":"https:\/\/www.gardenz.fr\/news\/2025\/04\/11\/la-coalition-allemande-confirme-maintien-legalisation-cannabis\/#primaryimage"},"thumbnailUrl":"https:\/\/www.gardenz.fr\/news\/wp-content\/uploads\/2025\/04\/Allemagne-coalition-legalisation-_1_.webp","articleSection":["GENERAL","INFOS WEED"],"inLanguage":"fr-FR"},{"@type":"WebPage","@id":"https:\/\/www.gardenz.fr\/news\/2025\/04\/11\/la-coalition-allemande-confirme-maintien-legalisation-cannabis\/","url":"https:\/\/www.gardenz.fr\/news\/2025\/04\/11\/la-coalition-allemande-confirme-maintien-legalisation-cannabis\/","name":"\ud83c\udf3f Coalition allemande confirme maintien l\u00e9galisation cannabis","isPartOf":{"@id":"https:\/\/www.gardenz.fr\/news\/#website"},"primaryImageOfPage":{"@id":"https:\/\/www.gardenz.fr\/news\/2025\/04\/11\/la-coalition-allemande-confirme-maintien-legalisation-cannabis\/#primaryimage"},"image":{"@id":"https:\/\/www.gardenz.fr\/news\/2025\/04\/11\/la-coalition-allemande-confirme-maintien-legalisation-cannabis\/#primaryimage"},"thumbnailUrl":"https:\/\/www.gardenz.fr\/news\/wp-content\/uploads\/2025\/04\/Allemagne-coalition-legalisation-_1_.webp","datePublished":"2025-04-11T09:42:00+00:00","dateModified":"2025-07-23T15:09:19+00:00","description":"\ud83c\udf3f La coalition allemande confirme le maintien de la l\u00e9galisation du cannabis. D\u00e9couvrez les d\u00e9tails dans cet article.","breadcrumb":{"@id":"https:\/\/www.gardenz.fr\/news\/2025\/04\/11\/la-coalition-allemande-confirme-maintien-legalisation-cannabis\/#breadcrumb"},"inLanguage":"fr-FR","potentialAction":[{"@type":"ReadAction","target":["https:\/\/www.gardenz.fr\/news\/2025\/04\/11\/la-coalition-allemande-confirme-maintien-legalisation-cannabis\/"]}]},{"@type":"ImageObject","inLanguage":"fr-FR","@id":"https:\/\/www.gardenz.fr\/news\/2025\/04\/11\/la-coalition-allemande-confirme-maintien-legalisation-cannabis\/#primaryimage","url":"https:\/\/www.gardenz.fr\/news\/wp-content\/uploads\/2025\/04\/Allemagne-coalition-legalisation-_1_.webp","contentUrl":"https:\/\/www.gardenz.fr\/news\/wp-content\/uploads\/2025\/04\/Allemagne-coalition-legalisation-_1_.webp","width":1890,"height":622,"caption":"Allemagne"},{"@type":"BreadcrumbList","@id":"https:\/\/www.gardenz.fr\/news\/2025\/04\/11\/la-coalition-allemande-confirme-maintien-legalisation-cannabis\/#breadcrumb","itemListElement":[{"@type":"ListItem","position":1,"name":"Accueil","item":"https:\/\/www.gardenz.fr\/news\/"},{"@type":"ListItem","position":2,"name":"La coalition allemande confirme maintien l\u00e9galisation cannabis"}]},{"@type":"WebSite","@id":"https:\/\/www.gardenz.fr\/news\/#website","url":"https:\/\/www.gardenz.fr\/news\/","name":"Le Blog de Gardenz","description":"Best quality CBD","publisher":{"@id":"https:\/\/www.gardenz.fr\/news\/#organization"},"potentialAction":[{"@type":"SearchAction","target":{"@type":"EntryPoint","urlTemplate":"https:\/\/www.gardenz.fr\/news\/?s={search_term_string}"},"query-input":{"@type":"PropertyValueSpecification","valueRequired":true,"valueName":"search_term_string"}}],"inLanguage":"fr-FR"},{"@type":"Organization","@id":"https:\/\/www.gardenz.fr\/news\/#organization","name":"Le Blog de Gardenz","url":"https:\/\/www.gardenz.fr\/news\/","logo":{"@type":"ImageObject","inLanguage":"fr-FR","@id":"https:\/\/www.gardenz.fr\/news\/#\/schema\/logo\/image\/","url":"https:\/\/www.gardenz.fr\/news\/wp-content\/uploads\/2022\/06\/logo-gardenz-feuille-blanc-final.png","contentUrl":"https:\/\/www.gardenz.fr\/news\/wp-content\/uploads\/2022\/06\/logo-gardenz-feuille-blanc-final.png","width":459,"height":200,"caption":"Le Blog de Gardenz"},"image":{"@id":"https:\/\/www.gardenz.fr\/news\/#\/schema\/logo\/image\/"}},{"@type":"Person","@id":"https:\/\/www.gardenz.fr\/news\/#\/schema\/person\/4c29b13eadec7d3b7f81d3dc8253aa72","name":"Idan Melicio","image":{"@type":"ImageObject","inLanguage":"fr-FR","@id":"https:\/\/secure.gravatar.com\/avatar\/a4fed9bf268062e3c5884e1b9288f4a54517dd9041d8c562678849f7f1c1eb43?s=96&d=mm&r=g","url":"https:\/\/secure.gravatar.com\/avatar\/a4fed9bf268062e3c5884e1b9288f4a54517dd9041d8c562678849f7f1c1eb43?s=96&d=mm&r=g","contentUrl":"https:\/\/secure.gravatar.com\/avatar\/a4fed9bf268062e3c5884e1b9288f4a54517dd9041d8c562678849f7f1c1eb43?s=96&d=mm&r=g","caption":"Idan Melicio"},"url":"https:\/\/www.gardenz.fr\/news\/author\/idan-milecio\/"}]}},"_links":{"self":[{"href":"https:\/\/www.gardenz.fr\/news\/wp-json\/wp\/v2\/posts\/17939","targetHints":{"allow":["GET"]}}],"collection":[{"href":"https:\/\/www.gardenz.fr\/news\/wp-json\/wp\/v2\/posts"}],"about":[{"href":"https:\/\/www.gardenz.fr\/news\/wp-json\/wp\/v2\/types\/post"}],"author":[{"embeddable":true,"href":"https:\/\/www.gardenz.fr\/news\/wp-json\/wp\/v2\/users\/18"}],"replies":[{"embeddable":true,"href":"https:\/\/www.gardenz.fr\/news\/wp-json\/wp\/v2\/comments?post=17939"}],"version-history":[{"count":4,"href":"https:\/\/www.gardenz.fr\/news\/wp-json\/wp\/v2\/posts\/17939\/revisions"}],"predecessor-version":[{"id":19212,"href":"https:\/\/www.gardenz.fr\/news\/wp-json\/wp\/v2\/posts\/17939\/revisions\/19212"}],"wp:featuredmedia":[{"embeddable":true,"href":"https:\/\/www.gardenz.fr\/news\/wp-json\/wp\/v2\/media\/17943"}],"wp:attachment":[{"href":"https:\/\/www.gardenz.fr\/news\/wp-json\/wp\/v2\/media?parent=17939"}],"wp:term":[{"taxonomy":"category","embeddable":true,"href":"https:\/\/www.gardenz.fr\/news\/wp-json\/wp\/v2\/categories?post=17939"},{"taxonomy":"post_tag","embeddable":true,"href":"https:\/\/www.gardenz.fr\/news\/wp-json\/wp\/v2\/tags?post=17939"}],"curies":[{"name":"wp","href":"https:\/\/api.w.org\/{rel}","templated":true}]}}