{"id":18017,"date":"2025-04-18T12:10:45","date_gmt":"2025-04-18T10:10:45","guid":{"rendered":"https:\/\/www.gardenz.fr\/news\/?p=18017"},"modified":"2025-07-23T16:48:22","modified_gmt":"2025-07-23T14:48:22","slug":"nouveau-classement-de-lhuile-cbd-comme-stupefiant-en-italie","status":"publish","type":"post","link":"https:\/\/www.gardenz.fr\/news\/2025\/04\/18\/nouveau-classement-de-lhuile-cbd-comme-stupefiant-en-italie\/","title":{"rendered":"Nouveau classement de l&rsquo;huile CBD comme stup\u00e9fiant en Italie"},"content":{"rendered":"\t\t<div data-elementor-type=\"wp-post\" data-elementor-id=\"18017\" class=\"elementor elementor-18017\">\n\t\t\t\t\t\t<section class=\"elementor-section elementor-top-section elementor-element elementor-element-36b32a57 elementor-section-boxed elementor-section-height-default elementor-section-height-default\" data-id=\"36b32a57\" data-element_type=\"section\" data-e-type=\"section\">\n\t\t\t\t\t\t<div class=\"elementor-container elementor-column-gap-default\">\n\t\t\t\t\t<div class=\"elementor-column elementor-col-100 elementor-top-column elementor-element elementor-element-6132533a\" data-id=\"6132533a\" data-element_type=\"column\" data-e-type=\"column\">\n\t\t\t<div class=\"elementor-widget-wrap elementor-element-populated\">\n\t\t\t\t\t\t<div class=\"elementor-element elementor-element-2d53f005 elementor-widget elementor-widget-text-editor\" data-id=\"2d53f005\" data-element_type=\"widget\" data-e-type=\"widget\" data-widget_type=\"text-editor.default\">\n\t\t\t\t<div class=\"elementor-widget-container\">\n\t\t\t\t\t\t\t\t\t<div style=\"margin-left: 10%; margin-right: 10%;\">\n<p>\ud83c\udf3f Tu ne t\u2019y attendais peut-\u00eatre pas, mais l\u2019Italie vient de frapper fort en reclassant l\u2019<a href=\"https:\/\/www.gardenz.fr\/393-huile-cbd\">huile de CBD<\/a> comme stup\u00e9fiant, et ce n\u2019est pas pass\u00e9 inaper\u00e7u aupr\u00e8s des acteurs de la fili\u00e8re chanvre. \ud83d\ude2e Cette d\u00e9cision choc est tomb\u00e9e comme un rideau de fer sur l\u2019industrie italienne du CBD, qui commen\u00e7ait \u00e0 peine \u00e0 respirer apr\u00e8s des ann\u00e9es de zones grises et de combats r\u00e9glementaires.<\/p>\n<p>\ud83d\udd25 Le Tribunal administratif r\u00e9gional (TAR), l\u2019un des organes juridiques les plus pr\u00e9sents dans les d\u00e9bats \u00e9conomiques italiens, a rejet\u00e9 sans trembler un recours d\u00e9pos\u00e9 contre cette classification. \ud83d\ude48 R\u00e9sultat ? L\u2019huile de CBD, extraite des <a href=\"https:\/\/www.gardenz.fr\/3-fleur-de-chanvre-cbd\">fleurs de chanvre<\/a>, est d\u00e9sormais l\u00e9galement assimil\u00e9e \u00e0 une substance stup\u00e9fiante sur le sol italien. Et autant te dire que \u00e7a ne sent pas bon pour les producteurs comme pour les consommateurs.<\/p>\n<p>\ud83d\udcc9 D\u00e9j\u00e0 secou\u00e9e quelques jours plus t\u00f4t par l\u2019adoption express de l\u2019article 18 du projet de loi sur la s\u00e9curit\u00e9 \u2014 qui faisait passer les fleurs de chanvre dans la cat\u00e9gorie du <a href=\"https:\/\/www.gardenz.fr\/310--delta-9-thc\">cannabis<\/a> ultra-R\u00e9glement\u00e9 \u2014 l\u2019industrie se retrouve litt\u00e9ralement face \u00e0 un chaos juridique. \ud83e\udd2f L\u2019article 18 a certes cibl\u00e9 les fleurs, mais cette nouvelle d\u00e9cision \u00e9tend consid\u00e9rablement le p\u00e9rim\u00e8tre d\u2019interdiction, balayant les espoirs d\u2019une r\u00e9gulation stable et progressive.<\/p>\n<p>\ud83e\uddea Jusque-l\u00e0, un compromis semblait envisag\u00e9 : seuls les produits tir\u00e9s des fleurs seraient interdits, tandis que les huiles issues des feuilles ou des tiges restaient dans la l\u00e9galit\u00e9. \u2696\ufe0f Mais avec cette d\u00e9cision, c\u2019est tout l\u2019\u00e9difice r\u00e9glementaire qui s\u2019effondre, et la fronti\u00e8re entre l\u00e9gal et ill\u00e9gal devient \u00e0 peu pr\u00e8s aussi floue qu\u2019un bon vieux nuage de vapeur de CBD.<\/p>\n<p>\ud83c\udfaf Ce qui choque, ce n\u2019est pas seulement la d\u00e9cision en elle-m\u00eame, mais aussi sa port\u00e9e politique et son timing. \ud83d\uddd3\ufe0f Car au lieu d\u2019ouvrir le dialogue, de consulter les professionnels du secteur ou d\u2019accompagner une transition vers un mod\u00e8le plus strict, le gouvernement italien semble avoir opt\u00e9 pour la m\u00e9thode bulldozer sans pr\u00e9avis.<\/p>\n<p>\ud83e\uddf1 Imagine un entrepreneur qui a investi des dizaines de milliers d\u2019euros dans un laboratoire conforme, des certifications, des extractions l\u00e9gales, des campagnes de sensibilisation&#8230; Et en un jugement, tout s&rsquo;effondre. \ud83d\ude24 Plusieurs centaines d\u2019acteurs de la cha\u00eene se retrouvent imm\u00e9diatement dans une situation d\u2019ill\u00e9galit\u00e9 potentielle, alors m\u00eame qu\u2019ils respectaient la r\u00e8gle quelques jours auparavant.<\/p>\n<p>\ud83d\udce6 En termes pratiques, cela signifie ni plus ni moins que la vente, l\u2019achat, la possession et m\u00eame la fabrication d&rsquo;huile de CBD issue de fleurs pourrait te faire tomber sous le coup de la loi sur les stup\u00e9fiants. \ud83d\udd12 Un comble lorsque l&rsquo;on sait que le produit ne provoque aucun effet psychoactif, qu\u2019il contient moins de 0,2 % de THC, et qu\u2019il est recommand\u00e9 par de nombreux professionnels de sant\u00e9 \u00e0 travers le monde.<\/p>\n<p>\ud83c\udf31 Alors, pourquoi tant de haine envers cette plante ? \ud83e\udd14 Officiellement, les autorit\u00e9s avancent une volont\u00e9 de clarifier le flou r\u00e9glementaire entre le cannabis m\u00e9dical contr\u00f4l\u00e9 et les produits bien-\u00eatre issus du chanvre industriel. Mais dans les coulisses, beaucoup soup\u00e7onnent une pression de la part des lobbies pharmaceutiques ou s\u00e9curitaires, voire une volont\u00e9 politique d\u2019envoyer un message fort dans un contexte global d\u2019ultra-s\u00e9curit\u00e9.<\/p>\n<p>\ud83d\udea8 Pourtant, l\u2019Italie n\u2019est pas seule au monde, et le reste de l\u2019Europe observe cette situation avec inqui\u00e9tude. \ud83e\uddd0 Tandis que certains pays choisissent d\u2019ouvrir (comme l\u2019Allemagne, qui avance sur la l\u00e9galisation partielle), l\u2019Italie fait un spectaculaire pas en arri\u00e8re qui pourrait bien isoler ses producteurs de la dynamique europ\u00e9enne.<\/p>\n<p>\ud83d\udcbc Des associations comme Federcanapa (la F\u00e9d\u00e9ration italienne du chanvre) montent d\u00e9j\u00e0 au cr\u00e9neau. Elles d\u00e9noncent un d\u00e9sastre \u00e9conomique \u00e0 venir, avec la suppression potentielle de milliers d\u2019emplois, la faillite de centaines de petites entreprises et la perte de dizaines de millions d\u2019euros d\u2019investissements. \ud83d\udca5 Et elles n\u2019ont sans doute pas tort, \u00e0 voir la panique qui s\u2019empare d\u00e9j\u00e0 du march\u00e9.<\/p>\n<p>\ud83d\udcca Il faut dire que l\u2019industrie du chanvre avait connu en Italie un v\u00e9ritable boom depuis 2016, date de la loi l\u00e9galisant le cannabis \u201clight\u201d. \ud83d\ude80 Des salons professionnels fleurissaient, les boutiques se multipliaient, les produits se diversifiaient : huiles, cosm\u00e9tiques, compl\u00e9ments alimentaires, et m\u00eame objets textiles ou emballages \u00e9cologiques. Tout \u00e7a balay\u00e9 d\u2019un revers de d\u00e9cret.<\/p>\n<p>\ud83e\udd40 Ce retour en arri\u00e8re brutal n&rsquo;est pas qu\u2019un probl\u00e8me \u00e9conomique, c\u2019est aussi une tuile pour les patients et les consommateurs r\u00e9guliers de CBD. \ud83d\ude4d\u200d\u2642\ufe0f Car tu peux l\u2019oublier, mais beaucoup de gens se soignent avec ces huiles : douleurs chroniques, anxi\u00e9t\u00e9, insomnie&#8230; Et maintenant, ils devront peut-\u00eatre passer par un m\u00e9decin, un pharmacien, des ordonnances lourdes, voire ne plus avoir acc\u00e8s \u00e0 leur traitement alternatif du tout.<\/p>\n<p>\ud83d\udea7 L\u2019Europe devra un jour accorder ses violons. \ud83c\udfbc La libre circulation des marchandises \u2014 un des principes fondateurs de l\u2019Union \u2014 est en totale contradiction avec ces d\u00e9cisions unilat\u00e9rales. Car comment justifier que le CBD soit l\u00e9gal \u00e0 Paris mais consid\u00e9r\u00e9 comme une drogue \u00e0 Rome ? Ce paradoxe devrait rapidement finir devant la Cour de justice de l\u2019Union europ\u00e9enne, \u00e0 moins que les politiques ne choisissent enfin de b\u00e2tir un cadre coh\u00e9rent \u00e0 l\u2019\u00e9chelle du continent.<\/p>\n<p>\ud83e\udd7d Du c\u00f4t\u00e9 des militants, la col\u00e8re monte. \ud83d\ude21 Pour eux, cette politique n\u2019a rien de sanitaire et tout de r\u00e9pressif. Le CBD n\u2019a jamais tu\u00e9 personne, et ses bienfaits sont reconnus par une avalanche d\u2019\u00e9tudes scientifiques. Le diaboliser comme une drogue n\u2019a pas plus de sens aujourd\u2019hui que de le faire avec la camomille ou la val\u00e9riane.<\/p>\n<p>\ud83c\udfa2 Ce qui semble in\u00e9vitable, c\u2019est que cette d\u00e9cision ne passera pas inaper\u00e7ue. \ud83d\udce3 Des recours seront certainement d\u00e9pos\u00e9s \u00e0 nouveau, des mobilisations verront le jour, et l\u2019industrie du chanvre, aussi r\u00e9siliente soit-elle, ne compte pas se laisser \u00e9touffer sans r\u00e9agir.<\/p>\n<p>\ud83e\udded En attendant, si tu es consommateur, reste tr\u00e8s vigilant : le flou actuel ouvre la voie \u00e0 toutes les interpr\u00e9tations, et la simple possession d\u2019un flacon pourrait te mettre dans l\u2019embarras selon le contexte. \ud83d\ude44 Renseigne-toi \u00e0 fond, suis les \u00e9volutions juridiques au jour le jour, et surtout, ne c\u00e8de pas \u00e0 la panique : le d\u00e9bat ne fait que commencer, et le CBD n\u2019a pas dit son dernier mot en Europe.<\/p>\n<p>\ud83d\udd4a\ufe0f L\u2019histoire du chanvre a toujours \u00e9t\u00e9 jalonn\u00e9e de hauts et de bas. \ud83d\udc9a Mais une chose est s\u00fbre : entre science, droits des consommateurs et libert\u00e9s fondamentales, la partie est loin d\u2019\u00eatre termin\u00e9e.<\/p>\n<p><a href=\"https:\/\/gardenz.fr\/news\">Tu veux continuer ta lecture ? D\u00e9couvre d&rsquo;autres articles sur en cliquant ici.<\/a><\/p>\n<\/div>\n\n<div class=\"wp-block-group is-layout-constrained wp-block-group-is-layout-constrained\">\n<div class=\"wp-block-columns is-layout-flex wp-container-core-columns-is-layout-28f84493 wp-block-columns-is-layout-flex\">\n<div class=\"wp-block-column is-layout-flow wp-block-column-is-layout-flow\" style=\"flex-basis:20%\">\n<figure class=\"wp-block-image size-full\"><a href=\"https:\/\/www.gardenz.fr\/3-fleur-de-chanvre-cbd\"><img fetchpriority=\"high\" decoding=\"async\" width=\"424\" height=\"600\" src=\"https:\/\/www.gardenz.fr\/news\/wp-content\/uploads\/2025\/03\/FLEUR-DE-CHANVRE-CBD.webp\" alt=\"FLEUR-DE-CHANVRE-CBD\" class=\"wp-image-17519\" srcset=\"https:\/\/www.gardenz.fr\/news\/wp-content\/uploads\/2025\/03\/FLEUR-DE-CHANVRE-CBD.webp 424w, https:\/\/www.gardenz.fr\/news\/wp-content\/uploads\/2025\/03\/FLEUR-DE-CHANVRE-CBD-212x300.webp 212w\" sizes=\"(max-width: 424px) 100vw, 424px\" \/><\/a><\/figure>\n<\/div>\n\n\n\n<div class=\"wp-block-column is-layout-flow wp-block-column-is-layout-flow\" style=\"flex-basis:20%\">\n<figure class=\"wp-block-image size-full\"><a href=\"https:\/\/www.gardenz.fr\/6--resine-cbd\"><img decoding=\"async\" width=\"424\" height=\"600\" src=\"https:\/\/www.gardenz.fr\/news\/wp-content\/uploads\/2025\/03\/RESINE-CBD.webp\" alt=\"R\u00c9SINE-CBD\" class=\"wp-image-17515\" srcset=\"https:\/\/www.gardenz.fr\/news\/wp-content\/uploads\/2025\/03\/RESINE-CBD.webp 424w, https:\/\/www.gardenz.fr\/news\/wp-content\/uploads\/2025\/03\/RESINE-CBD-212x300.webp 212w\" sizes=\"(max-width: 424px) 100vw, 424px\" \/><\/a><\/figure>\n<\/div>\n\n\n\n<div class=\"wp-block-column is-layout-flow wp-block-column-is-layout-flow\" style=\"flex-basis:20%\">\n<figure class=\"wp-block-image size-full\"><a href=\"https:\/\/www.gardenz.fr\/511--weed-psycho\"><img decoding=\"async\" width=\"424\" height=\"600\" src=\"https:\/\/www.gardenz.fr\/news\/wp-content\/uploads\/2025\/03\/PSYCHOACTIFS.webp\" alt=\"PSYCHOACTIFS\" class=\"wp-image-17517\" srcset=\"https:\/\/www.gardenz.fr\/news\/wp-content\/uploads\/2025\/03\/PSYCHOACTIFS.webp 424w, https:\/\/www.gardenz.fr\/news\/wp-content\/uploads\/2025\/03\/PSYCHOACTIFS-212x300.webp 212w\" sizes=\"(max-width: 424px) 100vw, 424px\" \/><\/a><\/figure>\n<\/div>\n\n\n\n<div class=\"wp-block-column is-layout-flow wp-block-column-is-layout-flow\" style=\"flex-basis:20%\">\n<figure class=\"wp-block-image size-full\"><a href=\"https:\/\/www.gardenz.fr\/562--accessoires-weed\"><img loading=\"lazy\" decoding=\"async\" width=\"424\" height=\"600\" src=\"https:\/\/www.gardenz.fr\/news\/wp-content\/uploads\/2025\/03\/ACCESSOIRED.webp\" alt=\"\" class=\"wp-image-17520\" srcset=\"https:\/\/www.gardenz.fr\/news\/wp-content\/uploads\/2025\/03\/ACCESSOIRED.webp 424w, https:\/\/www.gardenz.fr\/news\/wp-content\/uploads\/2025\/03\/ACCESSOIRED-212x300.webp 212w\" sizes=\"(max-width: 424px) 100vw, 424px\" \/><\/a><\/figure>\n<\/div>\n\n\n\n<div class=\"wp-block-column is-layout-flow wp-block-column-is-layout-flow\" style=\"flex-basis:20%\">\n<figure class=\"wp-block-image size-full\"><a href=\"https:\/\/www.gardenz.fr\/284--vaporisateur-weed\"><img loading=\"lazy\" decoding=\"async\" width=\"424\" height=\"600\" src=\"https:\/\/www.gardenz.fr\/news\/wp-content\/uploads\/2025\/03\/VAPORISATEUR-WEED.webp\" alt=\"VAPORISATEUR-WEED\" class=\"wp-image-17514\" srcset=\"https:\/\/www.gardenz.fr\/news\/wp-content\/uploads\/2025\/03\/VAPORISATEUR-WEED.webp 424w, https:\/\/www.gardenz.fr\/news\/wp-content\/uploads\/2025\/03\/VAPORISATEUR-WEED-212x300.webp 212w\" sizes=\"(max-width: 424px) 100vw, 424px\" \/><\/a><\/figure>\n<\/div>\n<\/div>\n<\/div>\n\t\t\t\t\t\t\t\t<\/div>\n\t\t\t\t<\/div>\n\t\t\t\t\t<\/div>\n\t\t<\/div>\n\t\t\t\t\t<\/div>\n\t\t<\/section>\n\t\t\t\t<\/div>\n\t\t","protected":false},"excerpt":{"rendered":"<p>\ud83c\udf3f Tu ne t\u2019y attendais peut-\u00eatre pas, mais l\u2019Italie vient de frapper fort en reclassant l\u2019huile de CBD comme stup\u00e9fiant, et ce n\u2019est pas pass\u00e9 inaper\u00e7u aupr\u00e8s des acteurs de la fili\u00e8re chanvre. \ud83d\ude2e Cette d\u00e9cision choc est tomb\u00e9e comme un rideau de fer sur l\u2019industrie italienne du CBD, qui commen\u00e7ait \u00e0 peine \u00e0 respirer [&hellip;]<\/p>\n","protected":false},"author":18,"featured_media":18019,"comment_status":"closed","ping_status":"closed","sticky":false,"template":"","format":"standard","meta":{"site-sidebar-layout":"default","site-content-layout":"","ast-site-content-layout":"default","site-content-style":"default","site-sidebar-style":"default","ast-global-header-display":"","ast-banner-title-visibility":"","ast-main-header-display":"","ast-hfb-above-header-display":"","ast-hfb-below-header-display":"","ast-hfb-mobile-header-display":"","site-post-title":"","ast-breadcrumbs-content":"","ast-featured-img":"","footer-sml-layout":"","ast-disable-related-posts":"","theme-transparent-header-meta":"","adv-header-id-meta":"","stick-header-meta":"","header-above-stick-meta":"","header-main-stick-meta":"","header-below-stick-meta":"","astra-migrate-meta-layouts":"default","ast-page-background-enabled":"default","ast-page-background-meta":{"desktop":{"background-color":"var(--ast-global-color-4)","background-image":"","background-repeat":"repeat","background-position":"center center","background-size":"auto","background-attachment":"scroll","background-type":"","background-media":"","overlay-type":"","overlay-color":"","overlay-opacity":"","overlay-gradient":""},"tablet":{"background-color":"","background-image":"","background-repeat":"repeat","background-position":"center center","background-size":"auto","background-attachment":"scroll","background-type":"","background-media":"","overlay-type":"","overlay-color":"","overlay-opacity":"","overlay-gradient":""},"mobile":{"background-color":"","background-image":"","background-repeat":"repeat","background-position":"center center","background-size":"auto","background-attachment":"scroll","background-type":"","background-media":"","overlay-type":"","overlay-color":"","overlay-opacity":"","overlay-gradient":""}},"ast-content-background-meta":{"desktop":{"background-color":"var(--ast-global-color-5)","background-image":"","background-repeat":"repeat","background-position":"center center","background-size":"auto","background-attachment":"scroll","background-type":"","background-media":"","overlay-type":"","overlay-color":"","overlay-opacity":"","overlay-gradient":""},"tablet":{"background-color":"var(--ast-global-color-5)","background-image":"","background-repeat":"repeat","background-position":"center center","background-size":"auto","background-attachment":"scroll","background-type":"","background-media":"","overlay-type":"","overlay-color":"","overlay-opacity":"","overlay-gradient":""},"mobile":{"background-color":"var(--ast-global-color-5)","background-image":"","background-repeat":"repeat","background-position":"center center","background-size":"auto","background-attachment":"scroll","background-type":"","background-media":"","overlay-type":"","overlay-color":"","overlay-opacity":"","overlay-gradient":""}},"footnotes":""},"categories":[1],"tags":[],"class_list":["post-18017","post","type-post","status-publish","format-standard","has-post-thumbnail","hentry","category-non-classe"],"yoast_head":"<!-- This site is optimized with the Yoast SEO plugin v27.5 - https:\/\/yoast.com\/product\/yoast-seo-wordpress\/ -->\n<title>\ud83c\udf3f Nouveau classement : l&#039;huile CBD comme stup\u00e9fiant en Italie<\/title>\n<meta name=\"description\" content=\"\ud83c\udf3f Huile CBD d\u00e9sormais class\u00e9e comme stup\u00e9fiant en Italie. D\u00e9couvrez les implications de cette nouvelle r\u00e9glementation. #CBD #Italie\" \/>\n<meta name=\"robots\" content=\"index, follow, max-snippet:-1, max-image-preview:large, max-video-preview:-1\" \/>\n<link rel=\"canonical\" href=\"https:\/\/www.gardenz.fr\/news\/2025\/04\/18\/nouveau-classement-de-lhuile-cbd-comme-stupefiant-en-italie\/\" \/>\n<meta property=\"og:locale\" content=\"fr_FR\" \/>\n<meta property=\"og:type\" content=\"article\" \/>\n<meta property=\"og:title\" content=\"\ud83c\udf3f Nouveau classement : l&#039;huile CBD comme stup\u00e9fiant en Italie\" \/>\n<meta property=\"og:description\" content=\"\ud83c\udf3f Huile CBD d\u00e9sormais class\u00e9e comme stup\u00e9fiant en Italie. D\u00e9couvrez les implications de cette nouvelle r\u00e9glementation. #CBD #Italie\" \/>\n<meta property=\"og:url\" content=\"https:\/\/www.gardenz.fr\/news\/2025\/04\/18\/nouveau-classement-de-lhuile-cbd-comme-stupefiant-en-italie\/\" \/>\n<meta property=\"og:site_name\" content=\"Le Blog de Gardenz\" \/>\n<meta property=\"article:published_time\" content=\"2025-04-18T10:10:45+00:00\" \/>\n<meta property=\"article:modified_time\" content=\"2025-07-23T14:48:22+00:00\" \/>\n<meta property=\"og:image\" content=\"https:\/\/www.gardenz.fr\/news\/wp-content\/uploads\/2025\/04\/Classement-de-l-huile-cbd-comme-stupefiant-en-italie.jpg\" \/>\n\t<meta property=\"og:image:width\" content=\"1890\" \/>\n\t<meta property=\"og:image:height\" content=\"622\" \/>\n\t<meta property=\"og:image:type\" content=\"image\/jpeg\" \/>\n<meta name=\"author\" content=\"Idan Melicio\" \/>\n<meta name=\"twitter:card\" content=\"summary_large_image\" \/>\n<meta name=\"twitter:label1\" content=\"\u00c9crit par\" \/>\n\t<meta name=\"twitter:data1\" content=\"Idan Melicio\" \/>\n\t<meta name=\"twitter:label2\" content=\"Dur\u00e9e de lecture estim\u00e9e\" \/>\n\t<meta name=\"twitter:data2\" content=\"12 minutes\" \/>\n<script type=\"application\/ld+json\" class=\"yoast-schema-graph\">{\"@context\":\"https:\\\/\\\/schema.org\",\"@graph\":[{\"@type\":\"Article\",\"@id\":\"https:\\\/\\\/www.gardenz.fr\\\/news\\\/2025\\\/04\\\/18\\\/nouveau-classement-de-lhuile-cbd-comme-stupefiant-en-italie\\\/#article\",\"isPartOf\":{\"@id\":\"https:\\\/\\\/www.gardenz.fr\\\/news\\\/2025\\\/04\\\/18\\\/nouveau-classement-de-lhuile-cbd-comme-stupefiant-en-italie\\\/\"},\"author\":{\"name\":\"Idan Melicio\",\"@id\":\"https:\\\/\\\/www.gardenz.fr\\\/news\\\/#\\\/schema\\\/person\\\/4c29b13eadec7d3b7f81d3dc8253aa72\"},\"headline\":\"Nouveau classement de l&rsquo;huile CBD comme stup\u00e9fiant en Italie\",\"datePublished\":\"2025-04-18T10:10:45+00:00\",\"dateModified\":\"2025-07-23T14:48:22+00:00\",\"mainEntityOfPage\":{\"@id\":\"https:\\\/\\\/www.gardenz.fr\\\/news\\\/2025\\\/04\\\/18\\\/nouveau-classement-de-lhuile-cbd-comme-stupefiant-en-italie\\\/\"},\"wordCount\":1164,\"publisher\":{\"@id\":\"https:\\\/\\\/www.gardenz.fr\\\/news\\\/#organization\"},\"image\":{\"@id\":\"https:\\\/\\\/www.gardenz.fr\\\/news\\\/2025\\\/04\\\/18\\\/nouveau-classement-de-lhuile-cbd-comme-stupefiant-en-italie\\\/#primaryimage\"},\"thumbnailUrl\":\"https:\\\/\\\/www.gardenz.fr\\\/news\\\/wp-content\\\/uploads\\\/2025\\\/04\\\/Classement-de-l-huile-cbd-comme-stupefiant-en-italie.jpg\",\"articleSection\":[\"GENERAL\"],\"inLanguage\":\"fr-FR\"},{\"@type\":\"WebPage\",\"@id\":\"https:\\\/\\\/www.gardenz.fr\\\/news\\\/2025\\\/04\\\/18\\\/nouveau-classement-de-lhuile-cbd-comme-stupefiant-en-italie\\\/\",\"url\":\"https:\\\/\\\/www.gardenz.fr\\\/news\\\/2025\\\/04\\\/18\\\/nouveau-classement-de-lhuile-cbd-comme-stupefiant-en-italie\\\/\",\"name\":\"\ud83c\udf3f Nouveau classement : l'huile CBD comme stup\u00e9fiant en Italie\",\"isPartOf\":{\"@id\":\"https:\\\/\\\/www.gardenz.fr\\\/news\\\/#website\"},\"primaryImageOfPage\":{\"@id\":\"https:\\\/\\\/www.gardenz.fr\\\/news\\\/2025\\\/04\\\/18\\\/nouveau-classement-de-lhuile-cbd-comme-stupefiant-en-italie\\\/#primaryimage\"},\"image\":{\"@id\":\"https:\\\/\\\/www.gardenz.fr\\\/news\\\/2025\\\/04\\\/18\\\/nouveau-classement-de-lhuile-cbd-comme-stupefiant-en-italie\\\/#primaryimage\"},\"thumbnailUrl\":\"https:\\\/\\\/www.gardenz.fr\\\/news\\\/wp-content\\\/uploads\\\/2025\\\/04\\\/Classement-de-l-huile-cbd-comme-stupefiant-en-italie.jpg\",\"datePublished\":\"2025-04-18T10:10:45+00:00\",\"dateModified\":\"2025-07-23T14:48:22+00:00\",\"description\":\"\ud83c\udf3f Huile CBD d\u00e9sormais class\u00e9e comme stup\u00e9fiant en Italie. D\u00e9couvrez les implications de cette nouvelle r\u00e9glementation. #CBD #Italie\",\"breadcrumb\":{\"@id\":\"https:\\\/\\\/www.gardenz.fr\\\/news\\\/2025\\\/04\\\/18\\\/nouveau-classement-de-lhuile-cbd-comme-stupefiant-en-italie\\\/#breadcrumb\"},\"inLanguage\":\"fr-FR\",\"potentialAction\":[{\"@type\":\"ReadAction\",\"target\":[\"https:\\\/\\\/www.gardenz.fr\\\/news\\\/2025\\\/04\\\/18\\\/nouveau-classement-de-lhuile-cbd-comme-stupefiant-en-italie\\\/\"]}]},{\"@type\":\"ImageObject\",\"inLanguage\":\"fr-FR\",\"@id\":\"https:\\\/\\\/www.gardenz.fr\\\/news\\\/2025\\\/04\\\/18\\\/nouveau-classement-de-lhuile-cbd-comme-stupefiant-en-italie\\\/#primaryimage\",\"url\":\"https:\\\/\\\/www.gardenz.fr\\\/news\\\/wp-content\\\/uploads\\\/2025\\\/04\\\/Classement-de-l-huile-cbd-comme-stupefiant-en-italie.jpg\",\"contentUrl\":\"https:\\\/\\\/www.gardenz.fr\\\/news\\\/wp-content\\\/uploads\\\/2025\\\/04\\\/Classement-de-l-huile-cbd-comme-stupefiant-en-italie.jpg\",\"width\":1890,\"height\":622,\"caption\":\"Classement de l huile cbd comme stupefiant en italie\"},{\"@type\":\"BreadcrumbList\",\"@id\":\"https:\\\/\\\/www.gardenz.fr\\\/news\\\/2025\\\/04\\\/18\\\/nouveau-classement-de-lhuile-cbd-comme-stupefiant-en-italie\\\/#breadcrumb\",\"itemListElement\":[{\"@type\":\"ListItem\",\"position\":1,\"name\":\"Accueil\",\"item\":\"https:\\\/\\\/www.gardenz.fr\\\/news\\\/\"},{\"@type\":\"ListItem\",\"position\":2,\"name\":\"Nouveau classement de l&rsquo;huile CBD comme stup\u00e9fiant en Italie\"}]},{\"@type\":\"WebSite\",\"@id\":\"https:\\\/\\\/www.gardenz.fr\\\/news\\\/#website\",\"url\":\"https:\\\/\\\/www.gardenz.fr\\\/news\\\/\",\"name\":\"Le Blog de Gardenz\",\"description\":\"Best quality CBD\",\"publisher\":{\"@id\":\"https:\\\/\\\/www.gardenz.fr\\\/news\\\/#organization\"},\"potentialAction\":[{\"@type\":\"SearchAction\",\"target\":{\"@type\":\"EntryPoint\",\"urlTemplate\":\"https:\\\/\\\/www.gardenz.fr\\\/news\\\/?s={search_term_string}\"},\"query-input\":{\"@type\":\"PropertyValueSpecification\",\"valueRequired\":true,\"valueName\":\"search_term_string\"}}],\"inLanguage\":\"fr-FR\"},{\"@type\":\"Organization\",\"@id\":\"https:\\\/\\\/www.gardenz.fr\\\/news\\\/#organization\",\"name\":\"Le Blog de Gardenz\",\"url\":\"https:\\\/\\\/www.gardenz.fr\\\/news\\\/\",\"logo\":{\"@type\":\"ImageObject\",\"inLanguage\":\"fr-FR\",\"@id\":\"https:\\\/\\\/www.gardenz.fr\\\/news\\\/#\\\/schema\\\/logo\\\/image\\\/\",\"url\":\"https:\\\/\\\/www.gardenz.fr\\\/news\\\/wp-content\\\/uploads\\\/2022\\\/06\\\/logo-gardenz-feuille-blanc-final.png\",\"contentUrl\":\"https:\\\/\\\/www.gardenz.fr\\\/news\\\/wp-content\\\/uploads\\\/2022\\\/06\\\/logo-gardenz-feuille-blanc-final.png\",\"width\":459,\"height\":200,\"caption\":\"Le Blog de Gardenz\"},\"image\":{\"@id\":\"https:\\\/\\\/www.gardenz.fr\\\/news\\\/#\\\/schema\\\/logo\\\/image\\\/\"}},{\"@type\":\"Person\",\"@id\":\"https:\\\/\\\/www.gardenz.fr\\\/news\\\/#\\\/schema\\\/person\\\/4c29b13eadec7d3b7f81d3dc8253aa72\",\"name\":\"Idan Melicio\",\"image\":{\"@type\":\"ImageObject\",\"inLanguage\":\"fr-FR\",\"@id\":\"https:\\\/\\\/secure.gravatar.com\\\/avatar\\\/a4fed9bf268062e3c5884e1b9288f4a54517dd9041d8c562678849f7f1c1eb43?s=96&d=mm&r=g\",\"url\":\"https:\\\/\\\/secure.gravatar.com\\\/avatar\\\/a4fed9bf268062e3c5884e1b9288f4a54517dd9041d8c562678849f7f1c1eb43?s=96&d=mm&r=g\",\"contentUrl\":\"https:\\\/\\\/secure.gravatar.com\\\/avatar\\\/a4fed9bf268062e3c5884e1b9288f4a54517dd9041d8c562678849f7f1c1eb43?s=96&d=mm&r=g\",\"caption\":\"Idan Melicio\"},\"url\":\"https:\\\/\\\/www.gardenz.fr\\\/news\\\/author\\\/idan-milecio\\\/\"}]}<\/script>\n<!-- \/ Yoast SEO plugin. -->","yoast_head_json":{"title":"\ud83c\udf3f Nouveau classement : l'huile CBD comme stup\u00e9fiant en Italie","description":"\ud83c\udf3f Huile CBD d\u00e9sormais class\u00e9e comme stup\u00e9fiant en Italie. D\u00e9couvrez les implications de cette nouvelle r\u00e9glementation. #CBD #Italie","robots":{"index":"index","follow":"follow","max-snippet":"max-snippet:-1","max-image-preview":"max-image-preview:large","max-video-preview":"max-video-preview:-1"},"canonical":"https:\/\/www.gardenz.fr\/news\/2025\/04\/18\/nouveau-classement-de-lhuile-cbd-comme-stupefiant-en-italie\/","og_locale":"fr_FR","og_type":"article","og_title":"\ud83c\udf3f Nouveau classement : l'huile CBD comme stup\u00e9fiant en Italie","og_description":"\ud83c\udf3f Huile CBD d\u00e9sormais class\u00e9e comme stup\u00e9fiant en Italie. D\u00e9couvrez les implications de cette nouvelle r\u00e9glementation. #CBD #Italie","og_url":"https:\/\/www.gardenz.fr\/news\/2025\/04\/18\/nouveau-classement-de-lhuile-cbd-comme-stupefiant-en-italie\/","og_site_name":"Le Blog de Gardenz","article_published_time":"2025-04-18T10:10:45+00:00","article_modified_time":"2025-07-23T14:48:22+00:00","og_image":[{"width":1890,"height":622,"url":"https:\/\/www.gardenz.fr\/news\/wp-content\/uploads\/2025\/04\/Classement-de-l-huile-cbd-comme-stupefiant-en-italie.jpg","type":"image\/jpeg"}],"author":"Idan Melicio","twitter_card":"summary_large_image","twitter_misc":{"\u00c9crit par":"Idan Melicio","Dur\u00e9e de lecture estim\u00e9e":"12 minutes"},"schema":{"@context":"https:\/\/schema.org","@graph":[{"@type":"Article","@id":"https:\/\/www.gardenz.fr\/news\/2025\/04\/18\/nouveau-classement-de-lhuile-cbd-comme-stupefiant-en-italie\/#article","isPartOf":{"@id":"https:\/\/www.gardenz.fr\/news\/2025\/04\/18\/nouveau-classement-de-lhuile-cbd-comme-stupefiant-en-italie\/"},"author":{"name":"Idan Melicio","@id":"https:\/\/www.gardenz.fr\/news\/#\/schema\/person\/4c29b13eadec7d3b7f81d3dc8253aa72"},"headline":"Nouveau classement de l&rsquo;huile CBD comme stup\u00e9fiant en Italie","datePublished":"2025-04-18T10:10:45+00:00","dateModified":"2025-07-23T14:48:22+00:00","mainEntityOfPage":{"@id":"https:\/\/www.gardenz.fr\/news\/2025\/04\/18\/nouveau-classement-de-lhuile-cbd-comme-stupefiant-en-italie\/"},"wordCount":1164,"publisher":{"@id":"https:\/\/www.gardenz.fr\/news\/#organization"},"image":{"@id":"https:\/\/www.gardenz.fr\/news\/2025\/04\/18\/nouveau-classement-de-lhuile-cbd-comme-stupefiant-en-italie\/#primaryimage"},"thumbnailUrl":"https:\/\/www.gardenz.fr\/news\/wp-content\/uploads\/2025\/04\/Classement-de-l-huile-cbd-comme-stupefiant-en-italie.jpg","articleSection":["GENERAL"],"inLanguage":"fr-FR"},{"@type":"WebPage","@id":"https:\/\/www.gardenz.fr\/news\/2025\/04\/18\/nouveau-classement-de-lhuile-cbd-comme-stupefiant-en-italie\/","url":"https:\/\/www.gardenz.fr\/news\/2025\/04\/18\/nouveau-classement-de-lhuile-cbd-comme-stupefiant-en-italie\/","name":"\ud83c\udf3f Nouveau classement : l'huile CBD comme stup\u00e9fiant en Italie","isPartOf":{"@id":"https:\/\/www.gardenz.fr\/news\/#website"},"primaryImageOfPage":{"@id":"https:\/\/www.gardenz.fr\/news\/2025\/04\/18\/nouveau-classement-de-lhuile-cbd-comme-stupefiant-en-italie\/#primaryimage"},"image":{"@id":"https:\/\/www.gardenz.fr\/news\/2025\/04\/18\/nouveau-classement-de-lhuile-cbd-comme-stupefiant-en-italie\/#primaryimage"},"thumbnailUrl":"https:\/\/www.gardenz.fr\/news\/wp-content\/uploads\/2025\/04\/Classement-de-l-huile-cbd-comme-stupefiant-en-italie.jpg","datePublished":"2025-04-18T10:10:45+00:00","dateModified":"2025-07-23T14:48:22+00:00","description":"\ud83c\udf3f Huile CBD d\u00e9sormais class\u00e9e comme stup\u00e9fiant en Italie. D\u00e9couvrez les implications de cette nouvelle r\u00e9glementation. #CBD #Italie","breadcrumb":{"@id":"https:\/\/www.gardenz.fr\/news\/2025\/04\/18\/nouveau-classement-de-lhuile-cbd-comme-stupefiant-en-italie\/#breadcrumb"},"inLanguage":"fr-FR","potentialAction":[{"@type":"ReadAction","target":["https:\/\/www.gardenz.fr\/news\/2025\/04\/18\/nouveau-classement-de-lhuile-cbd-comme-stupefiant-en-italie\/"]}]},{"@type":"ImageObject","inLanguage":"fr-FR","@id":"https:\/\/www.gardenz.fr\/news\/2025\/04\/18\/nouveau-classement-de-lhuile-cbd-comme-stupefiant-en-italie\/#primaryimage","url":"https:\/\/www.gardenz.fr\/news\/wp-content\/uploads\/2025\/04\/Classement-de-l-huile-cbd-comme-stupefiant-en-italie.jpg","contentUrl":"https:\/\/www.gardenz.fr\/news\/wp-content\/uploads\/2025\/04\/Classement-de-l-huile-cbd-comme-stupefiant-en-italie.jpg","width":1890,"height":622,"caption":"Classement de l huile cbd comme stupefiant en italie"},{"@type":"BreadcrumbList","@id":"https:\/\/www.gardenz.fr\/news\/2025\/04\/18\/nouveau-classement-de-lhuile-cbd-comme-stupefiant-en-italie\/#breadcrumb","itemListElement":[{"@type":"ListItem","position":1,"name":"Accueil","item":"https:\/\/www.gardenz.fr\/news\/"},{"@type":"ListItem","position":2,"name":"Nouveau classement de l&rsquo;huile CBD comme stup\u00e9fiant en Italie"}]},{"@type":"WebSite","@id":"https:\/\/www.gardenz.fr\/news\/#website","url":"https:\/\/www.gardenz.fr\/news\/","name":"Le Blog de Gardenz","description":"Best quality CBD","publisher":{"@id":"https:\/\/www.gardenz.fr\/news\/#organization"},"potentialAction":[{"@type":"SearchAction","target":{"@type":"EntryPoint","urlTemplate":"https:\/\/www.gardenz.fr\/news\/?s={search_term_string}"},"query-input":{"@type":"PropertyValueSpecification","valueRequired":true,"valueName":"search_term_string"}}],"inLanguage":"fr-FR"},{"@type":"Organization","@id":"https:\/\/www.gardenz.fr\/news\/#organization","name":"Le Blog de Gardenz","url":"https:\/\/www.gardenz.fr\/news\/","logo":{"@type":"ImageObject","inLanguage":"fr-FR","@id":"https:\/\/www.gardenz.fr\/news\/#\/schema\/logo\/image\/","url":"https:\/\/www.gardenz.fr\/news\/wp-content\/uploads\/2022\/06\/logo-gardenz-feuille-blanc-final.png","contentUrl":"https:\/\/www.gardenz.fr\/news\/wp-content\/uploads\/2022\/06\/logo-gardenz-feuille-blanc-final.png","width":459,"height":200,"caption":"Le Blog de Gardenz"},"image":{"@id":"https:\/\/www.gardenz.fr\/news\/#\/schema\/logo\/image\/"}},{"@type":"Person","@id":"https:\/\/www.gardenz.fr\/news\/#\/schema\/person\/4c29b13eadec7d3b7f81d3dc8253aa72","name":"Idan Melicio","image":{"@type":"ImageObject","inLanguage":"fr-FR","@id":"https:\/\/secure.gravatar.com\/avatar\/a4fed9bf268062e3c5884e1b9288f4a54517dd9041d8c562678849f7f1c1eb43?s=96&d=mm&r=g","url":"https:\/\/secure.gravatar.com\/avatar\/a4fed9bf268062e3c5884e1b9288f4a54517dd9041d8c562678849f7f1c1eb43?s=96&d=mm&r=g","contentUrl":"https:\/\/secure.gravatar.com\/avatar\/a4fed9bf268062e3c5884e1b9288f4a54517dd9041d8c562678849f7f1c1eb43?s=96&d=mm&r=g","caption":"Idan Melicio"},"url":"https:\/\/www.gardenz.fr\/news\/author\/idan-milecio\/"}]}},"_links":{"self":[{"href":"https:\/\/www.gardenz.fr\/news\/wp-json\/wp\/v2\/posts\/18017","targetHints":{"allow":["GET"]}}],"collection":[{"href":"https:\/\/www.gardenz.fr\/news\/wp-json\/wp\/v2\/posts"}],"about":[{"href":"https:\/\/www.gardenz.fr\/news\/wp-json\/wp\/v2\/types\/post"}],"author":[{"embeddable":true,"href":"https:\/\/www.gardenz.fr\/news\/wp-json\/wp\/v2\/users\/18"}],"replies":[{"embeddable":true,"href":"https:\/\/www.gardenz.fr\/news\/wp-json\/wp\/v2\/comments?post=18017"}],"version-history":[{"count":7,"href":"https:\/\/www.gardenz.fr\/news\/wp-json\/wp\/v2\/posts\/18017\/revisions"}],"predecessor-version":[{"id":19192,"href":"https:\/\/www.gardenz.fr\/news\/wp-json\/wp\/v2\/posts\/18017\/revisions\/19192"}],"wp:featuredmedia":[{"embeddable":true,"href":"https:\/\/www.gardenz.fr\/news\/wp-json\/wp\/v2\/media\/18019"}],"wp:attachment":[{"href":"https:\/\/www.gardenz.fr\/news\/wp-json\/wp\/v2\/media?parent=18017"}],"wp:term":[{"taxonomy":"category","embeddable":true,"href":"https:\/\/www.gardenz.fr\/news\/wp-json\/wp\/v2\/categories?post=18017"},{"taxonomy":"post_tag","embeddable":true,"href":"https:\/\/www.gardenz.fr\/news\/wp-json\/wp\/v2\/tags?post=18017"}],"curies":[{"name":"wp","href":"https:\/\/api.w.org\/{rel}","templated":true}]}}