{"id":18025,"date":"2025-04-18T14:16:36","date_gmt":"2025-04-18T12:16:36","guid":{"rendered":"https:\/\/www.gardenz.fr\/news\/2025\/04\/18\/les-bienfaits-du-cannabis-medical-2\/"},"modified":"2025-07-23T16:44:50","modified_gmt":"2025-07-23T14:44:50","slug":"les-bienfaits-du-cannabis-medical-2","status":"publish","type":"post","link":"https:\/\/www.gardenz.fr\/news\/2025\/04\/18\/les-bienfaits-du-cannabis-medical-2\/","title":{"rendered":"Les bienfaits du cannabis m\u00e9dical"},"content":{"rendered":"\t\t<div data-elementor-type=\"wp-post\" data-elementor-id=\"18025\" class=\"elementor elementor-18025\">\n\t\t\t\t\t\t<section class=\"elementor-section elementor-top-section elementor-element elementor-element-4f5ad469 elementor-section-boxed elementor-section-height-default elementor-section-height-default\" data-id=\"4f5ad469\" data-element_type=\"section\" data-e-type=\"section\">\n\t\t\t\t\t\t<div class=\"elementor-container elementor-column-gap-default\">\n\t\t\t\t\t<div class=\"elementor-column elementor-col-100 elementor-top-column elementor-element elementor-element-20af226f\" data-id=\"20af226f\" data-element_type=\"column\" data-e-type=\"column\">\n\t\t\t<div class=\"elementor-widget-wrap elementor-element-populated\">\n\t\t\t\t\t\t<div class=\"elementor-element elementor-element-4ed66c07 elementor-widget elementor-widget-text-editor\" data-id=\"4ed66c07\" data-element_type=\"widget\" data-e-type=\"widget\" data-widget_type=\"text-editor.default\">\n\t\t\t\t<div class=\"elementor-widget-container\">\n\t\t\t\t\t\t\t\t\t<div style=\"margin-left: 10%; margin-right: 10%;\">\n<h2>\ud83c\udf3f La m\u00e9decine verte : une plante pleine de promesses<\/h2>\n\ud83c\udf3f Le<a href=\"https:\/\/www.gardenz.fr\/310--delta-9-thc\"> cannabis<\/a> m\u00e9dical fait aujourd\u2019hui de plus en plus parler de lui, et pour cause : il regorge de bienfaits qui intriguent autant qu\u2019ils s\u00e9duisent. Tu as peut-\u00eatre entendu des avis contradictoires, mais une chose est s\u00fbre : la science commence s\u00e9rieusement \u00e0 lui accorder de l\u2019attention. Utilis\u00e9 depuis des mill\u00e9naires dans diff\u00e9rentes cultures, ce n\u2019est que r\u00e9cemment qu\u2019il a retrouv\u00e9 ses lettres de noblesse dans le cadre th\u00e9rapeutique. \ud83e\udde0 Que ce soit pour soulager des <a href=\"https:\/\/www.gardenz.fr\/722-douleurs\">douleurs<\/a> chroniques, apaiser les effets secondaires des traitements lourds ou encore am\u00e9liorer la qualit\u00e9 de vie, le cannabis m\u00e9dical change clairement la donne. Et le plus beau, c\u2019est que la communaut\u00e9 scientifique valide de plus en plus ses effets b\u00e9n\u00e9fiques, m\u00eame si des recherches suppl\u00e9mentaires sont toujours en cours pour en percer tous les secrets.\n<h2>\ud83c\udf43 Une arme naturelle contre la douleur<\/h2>\n\ud83d\udd25 L\u2019un des usages les plus reconnus du cannabis m\u00e9dical, c\u2019est sa capacit\u00e9 \u00e0 lutter contre la douleur. Quand les antidouleurs classiques \u00e9chouent ou provoquent trop d\u2019effets secondaires, certaines personnes trouvent un v\u00e9ritable soulagement gr\u00e2ce au THC et au <a href=\"https:\/\/www.gardenz.fr\/175-cbd\">CBD<\/a>, les deux compos\u00e9s phares de la plante. Ils agissent comme des modulateurs de la douleur, en int\u00e9ragissant directement avec le syst\u00e8me endocannabino\u00efde de ton corps. \ud83d\udca4 Ce m\u00e9canisme naturel permet non seulement de r\u00e9duire l\u2019intensit\u00e9 de la douleur, notamment neuropathique ou inflammatoire, mais aussi de d\u00e9tendre le syst\u00e8me nerveux, favorisant ainsi un meilleur <a href=\"https:\/\/www.gardenz.fr\/720-sommeil\">sommeil<\/a> et donc une r\u00e9cup\u00e9ration plus efficace. Et quand tu dors mieux, tu gu\u00e9ris mieux, c\u2019est logique non ? \ud83d\ude09\n<h2>\ud83c\udf08 Mieux vivre avec les maladies chroniques<\/h2>\n\ud83e\uddec Beaucoup de patients atteints de maladies chroniques comme la scl\u00e9rose en plaques, la fibromyalgie ou certaines formes d\u2019\u00e9pilepsie rapportent une nette am\u00e9lioration de leur qualit\u00e9 de vie avec le cannabis m\u00e9dical. Moins de crises, moins d\u2019effets secondaires d\u00e9vastateurs des traitements traditionnels, et une sensation retrouv\u00e9e de contr\u00f4le sur leur quotidien. \ud83c\udf21\ufe0f Bien s\u00fbr, on ne parle pas de miracle. Le cannabis m\u00e9dical ne gu\u00e9rit pas \u00e0 proprement parler, mais il agit comme un accompagnateur pr\u00e9cieux qui facilite le confort et apaise les sympt\u00f4mes les plus contraignants. Il aide \u00e0 remettre un peu d\u2019\u00e9quilibre et diminue le stress, en particulier chez ceux qui vivent avec des conditions de sant\u00e9 qui les \u00e9puisent physiquement et mentalement.\n<h2>\ud83e\udeb4 Une bouff\u00e9e d\u2019air contre les naus\u00e9es et la perte d\u2019app\u00e9tit<\/h2>\n\ud83e\udd22 Certains traitements lourds comme la chimioth\u00e9rapie causent des effets secondaires redout\u00e9s : naus\u00e9es persistantes, vomissements, perte de poids incontr\u00f4l\u00e9e. Dans ce contexte, le cannabis m\u00e9dical trouve toute sa place car il stimule l\u2019app\u00e9tit et r\u00e9duit les haut-le-c\u0153ur. C\u2019est pas juste une rumeur de fumeurs, c\u2019est prouv\u00e9 par de nombreuses \u00e9tudes cliniques. \ud83c\udf7d\ufe0f Gr\u00e2ce \u00e0 ses composants actifs, notamment le THC, le cannabis stimule certaines zones du cerveau qui r\u00e9gulent la faim et participent au bien-\u00eatre intestinal. C\u2019est un vrai coup de pouce pour toutes les personnes qui peinent \u00e0 se nourrir \u00e0 cause de traitements agressifs ou de maladies digestives. Et puis, disons-le franchement : reprendre go\u00fbt \u00e0 un bon plat, c\u2019est aussi reprendre go\u00fbt \u00e0 la vie.\n<h2>\ud83e\uddd8\u200d\u2642\ufe0f Un soutien mental pour les troubles anxieux et le stress<\/h2>\n\ud83d\ude0c Dans un monde o\u00f9 le stress est omnipr\u00e9sent, le cannabis m\u00e9dical commence aussi \u00e0 se faire remarquer pour son effet relaxant, notamment chez les personnes souffrant de troubles anxieux ou de stress post-traumatique. Le CBD, qui ne provoque aucun effet psychotrope, joue un r\u00f4le essentiel ici. \ud83c\udf3f Il aide le cerveau \u00e0 freiner la suractivit\u00e9 neuronale, calme les pens\u00e9es envahissantes et favorise un \u00e9tat de relaxation g\u00e9n\u00e9rale. Contrairement aux anxiolytiques classiques, qui peuvent entra\u00eener d\u00e9pendance et somnolence, le CBD agit de mani\u00e8re plus douce et naturelle. Pas \u00e9tonnant que de plus en plus de th\u00e9rapeutes s\u2019y int\u00e9ressent pour accompagner leurs patients vers un apaisement durable.\n<h2>\u2696\ufe0f Un \u00e9quilibre hormonal et un alli\u00e9 pour les femmes<\/h2>\n\ud83c\udf19 Tu savais que le cannabis m\u00e9dical pouvait aussi soulager les douleurs menstruelles et les troubles li\u00e9s \u00e0 la m\u00e9nopause ? Certaines femmes rapportent une am\u00e9lioration consid\u00e9rable de leur \u00e9tat \u00e9motionnel et physique. Moins de crampes, moins d\u2019irritabilit\u00e9, une humeur plus stable\u2026 Pas besoin de souffrir en silence quand la nature peut t\u2019apporter du soulagement. \ud83d\udd25 Certaines marques d\u00e9veloppent m\u00eame des solutions \u00e0 base de cannabis sp\u00e9cifiquement pens\u00e9es pour accompagner ces p\u00e9riodes de la vie. Tampons th\u00e9rapeutiques, huiles relaxantes, infusions CBD : la sant\u00e9 f\u00e9minine se met enfin au vert, et \u00e7a fait du bien.\n<h2>\ud83e\udde9 Une recherche encore jeune mais prometteuse<\/h2>\n\ud83d\udd2c Attention cependant : rien ne remplace un suivi m\u00e9dical rigoureux. Le cannabis m\u00e9dical, aussi b\u00e9n\u00e9fique soit-il, n\u2019est pas un traitement \u00e0 prendre \u00e0 la l\u00e9g\u00e8re et n\u00e9cessite un encadrement professionnel. Chaque organisme r\u00e9agit diff\u00e9remment et les dosages doivent \u00eatre adapt\u00e9s. \ud83e\uddea Heureusement, la recherche avance \u00e0 grands pas et permet d\u2019envisager des traitements de plus en plus personnalis\u00e9s. On explore aujourd\u2019hui les effets combin\u00e9s des diff\u00e9rents cannabino\u00efdes, les m\u00e9thodes d\u2019administration les plus efficaces et les applications dans des pathologies encore peu \u00e9tudi\u00e9es. Tout \u00e7a avec un seul objectif : tirer pleinement parti du potentiel de cette plante complexe et fascinante.\n<h2>\ud83d\udcac Vers une d\u00e9mocratisation en douceur<\/h2>\n\ud83c\udfe5 Le regard sur le cannabis m\u00e9dical change doucement mais s\u00fbrement. Certains pays l&rsquo;ont d\u00e9j\u00e0 int\u00e9gr\u00e9 dans leur syst\u00e8me de sant\u00e9, et d\u2019autres s\u2019y pr\u00e9parent. En France, le programme exp\u00e9rimental encadr\u00e9 par l\u2019ANSM est un premier pas vers une reconnaissance l\u00e9gale et th\u00e9rapeutique. \ud83d\udce3 Loin des clich\u00e9s et des jugements, il est temps de voir le cannabis m\u00e9dical comme une ressource pr\u00e9cieuse, \u00e0 condition de l\u2019utiliser avec responsabilit\u00e9. Inform\u00e9, encadr\u00e9, respect\u00e9, il peut v\u00e9ritablement am\u00e9liorer des milliers de vies. Le tout, c\u2019est de continuer \u00e0 en parler, \u00e0 s\u2019informer, et \u00e0 ouvrir l\u2019esprit aux solutions que la nature a \u00e0 offrir. <a href=\"https:\/\/gardenz.fr\/news\">Tu veux continuer ta lecture ? D\u00e9couvre d&rsquo;autres articles sur en cliquant ici.<\/a><\/div>\n\n<div class=\"wp-block-group is-layout-constrained wp-block-group-is-layout-constrained\">\n<div class=\"wp-block-columns is-layout-flex wp-container-core-columns-is-layout-28f84493 wp-block-columns-is-layout-flex\">\n<div class=\"wp-block-column is-layout-flow wp-block-column-is-layout-flow\" style=\"flex-basis:20%\">\n<figure class=\"wp-block-image size-full\"><a href=\"https:\/\/www.gardenz.fr\/3-fleur-de-chanvre-cbd\"><img fetchpriority=\"high\" decoding=\"async\" width=\"424\" height=\"600\" src=\"https:\/\/www.gardenz.fr\/news\/wp-content\/uploads\/2025\/03\/FLEUR-DE-CHANVRE-CBD.webp\" alt=\"FLEUR-DE-CHANVRE-CBD\" class=\"wp-image-17519\" srcset=\"https:\/\/www.gardenz.fr\/news\/wp-content\/uploads\/2025\/03\/FLEUR-DE-CHANVRE-CBD.webp 424w, https:\/\/www.gardenz.fr\/news\/wp-content\/uploads\/2025\/03\/FLEUR-DE-CHANVRE-CBD-212x300.webp 212w\" sizes=\"(max-width: 424px) 100vw, 424px\" \/><\/a><\/figure>\n<\/div>\n\n\n\n<div class=\"wp-block-column is-layout-flow wp-block-column-is-layout-flow\" style=\"flex-basis:20%\">\n<figure class=\"wp-block-image size-full\"><a href=\"https:\/\/www.gardenz.fr\/6--resine-cbd\"><img decoding=\"async\" width=\"424\" height=\"600\" src=\"https:\/\/www.gardenz.fr\/news\/wp-content\/uploads\/2025\/03\/RESINE-CBD.webp\" alt=\"R\u00c9SINE-CBD\" class=\"wp-image-17515\" srcset=\"https:\/\/www.gardenz.fr\/news\/wp-content\/uploads\/2025\/03\/RESINE-CBD.webp 424w, https:\/\/www.gardenz.fr\/news\/wp-content\/uploads\/2025\/03\/RESINE-CBD-212x300.webp 212w\" sizes=\"(max-width: 424px) 100vw, 424px\" \/><\/a><\/figure>\n<\/div>\n\n\n\n<div class=\"wp-block-column is-layout-flow wp-block-column-is-layout-flow\" style=\"flex-basis:20%\">\n<figure class=\"wp-block-image size-full\"><a href=\"https:\/\/www.gardenz.fr\/511--weed-psycho\"><img decoding=\"async\" width=\"424\" height=\"600\" src=\"https:\/\/www.gardenz.fr\/news\/wp-content\/uploads\/2025\/03\/PSYCHOACTIFS.webp\" alt=\"PSYCHOACTIFS\" class=\"wp-image-17517\" srcset=\"https:\/\/www.gardenz.fr\/news\/wp-content\/uploads\/2025\/03\/PSYCHOACTIFS.webp 424w, https:\/\/www.gardenz.fr\/news\/wp-content\/uploads\/2025\/03\/PSYCHOACTIFS-212x300.webp 212w\" sizes=\"(max-width: 424px) 100vw, 424px\" \/><\/a><\/figure>\n<\/div>\n\n\n\n<div class=\"wp-block-column is-layout-flow wp-block-column-is-layout-flow\" style=\"flex-basis:20%\">\n<figure class=\"wp-block-image size-full\"><a href=\"https:\/\/www.gardenz.fr\/562--accessoires-weed\"><img loading=\"lazy\" decoding=\"async\" width=\"424\" height=\"600\" src=\"https:\/\/www.gardenz.fr\/news\/wp-content\/uploads\/2025\/03\/ACCESSOIRED.webp\" alt=\"\" class=\"wp-image-17520\" srcset=\"https:\/\/www.gardenz.fr\/news\/wp-content\/uploads\/2025\/03\/ACCESSOIRED.webp 424w, https:\/\/www.gardenz.fr\/news\/wp-content\/uploads\/2025\/03\/ACCESSOIRED-212x300.webp 212w\" sizes=\"(max-width: 424px) 100vw, 424px\" \/><\/a><\/figure>\n<\/div>\n\n\n\n<div class=\"wp-block-column is-layout-flow wp-block-column-is-layout-flow\" style=\"flex-basis:20%\">\n<figure class=\"wp-block-image size-full\"><a href=\"https:\/\/www.gardenz.fr\/284--vaporisateur-weed\"><img loading=\"lazy\" decoding=\"async\" width=\"424\" height=\"600\" src=\"https:\/\/www.gardenz.fr\/news\/wp-content\/uploads\/2025\/03\/VAPORISATEUR-WEED.webp\" alt=\"VAPORISATEUR-WEED\" class=\"wp-image-17514\" srcset=\"https:\/\/www.gardenz.fr\/news\/wp-content\/uploads\/2025\/03\/VAPORISATEUR-WEED.webp 424w, https:\/\/www.gardenz.fr\/news\/wp-content\/uploads\/2025\/03\/VAPORISATEUR-WEED-212x300.webp 212w\" sizes=\"(max-width: 424px) 100vw, 424px\" \/><\/a><\/figure>\n<\/div>\n<\/div>\n<\/div>\n\t\t\t\t\t\t\t\t<\/div>\n\t\t\t\t<\/div>\n\t\t\t\t\t<\/div>\n\t\t<\/div>\n\t\t\t\t\t<\/div>\n\t\t<\/section>\n\t\t\t\t<\/div>\n\t\t","protected":false},"excerpt":{"rendered":"<p>\ud83c\udf3f La m\u00e9decine verte : une plante pleine de promesses \ud83c\udf3f Le cannabis m\u00e9dical fait aujourd\u2019hui de plus en plus parler de lui, et pour cause : il regorge de bienfaits qui intriguent autant qu\u2019ils s\u00e9duisent. Tu as peut-\u00eatre entendu des avis contradictoires, mais une chose est s\u00fbre : la science commence s\u00e9rieusement \u00e0 lui [&hellip;]<\/p>\n","protected":false},"author":18,"featured_media":18024,"comment_status":"closed","ping_status":"","sticky":false,"template":"","format":"standard","meta":{"site-sidebar-layout":"default","site-content-layout":"","ast-site-content-layout":"default","site-content-style":"default","site-sidebar-style":"default","ast-global-header-display":"","ast-banner-title-visibility":"","ast-main-header-display":"","ast-hfb-above-header-display":"","ast-hfb-below-header-display":"","ast-hfb-mobile-header-display":"","site-post-title":"","ast-breadcrumbs-content":"","ast-featured-img":"","footer-sml-layout":"","ast-disable-related-posts":"","theme-transparent-header-meta":"","adv-header-id-meta":"","stick-header-meta":"","header-above-stick-meta":"","header-main-stick-meta":"","header-below-stick-meta":"","astra-migrate-meta-layouts":"default","ast-page-background-enabled":"default","ast-page-background-meta":{"desktop":{"background-color":"var(--ast-global-color-4)","background-image":"","background-repeat":"repeat","background-position":"center center","background-size":"auto","background-attachment":"scroll","background-type":"","background-media":"","overlay-type":"","overlay-color":"","overlay-opacity":"","overlay-gradient":""},"tablet":{"background-color":"","background-image":"","background-repeat":"repeat","background-position":"center center","background-size":"auto","background-attachment":"scroll","background-type":"","background-media":"","overlay-type":"","overlay-color":"","overlay-opacity":"","overlay-gradient":""},"mobile":{"background-color":"","background-image":"","background-repeat":"repeat","background-position":"center center","background-size":"auto","background-attachment":"scroll","background-type":"","background-media":"","overlay-type":"","overlay-color":"","overlay-opacity":"","overlay-gradient":""}},"ast-content-background-meta":{"desktop":{"background-color":"var(--ast-global-color-5)","background-image":"","background-repeat":"repeat","background-position":"center center","background-size":"auto","background-attachment":"scroll","background-type":"","background-media":"","overlay-type":"","overlay-color":"","overlay-opacity":"","overlay-gradient":""},"tablet":{"background-color":"var(--ast-global-color-5)","background-image":"","background-repeat":"repeat","background-position":"center center","background-size":"auto","background-attachment":"scroll","background-type":"","background-media":"","overlay-type":"","overlay-color":"","overlay-opacity":"","overlay-gradient":""},"mobile":{"background-color":"var(--ast-global-color-5)","background-image":"","background-repeat":"repeat","background-position":"center center","background-size":"auto","background-attachment":"scroll","background-type":"","background-media":"","overlay-type":"","overlay-color":"","overlay-opacity":"","overlay-gradient":""}},"footnotes":""},"categories":[1],"tags":[],"class_list":["post-18025","post","type-post","status-publish","format-standard","has-post-thumbnail","hentry","category-non-classe"],"yoast_head":"<!-- This site is optimized with the Yoast SEO plugin v27.5 - https:\/\/yoast.com\/product\/yoast-seo-wordpress\/ -->\n<title>\ud83c\udf3f Bienfaits du cannabis m\u00e9dical : usages et effets cl\u00e9s<\/title>\n<meta name=\"description\" content=\"\ud83c\udf3f D\u00e9couvrez les bienfaits du cannabis m\u00e9dical pour soulager douleurs, anxi\u00e9t\u00e9, insomnie et bien plus encore.\" \/>\n<meta name=\"robots\" content=\"index, follow, max-snippet:-1, max-image-preview:large, max-video-preview:-1\" \/>\n<link rel=\"canonical\" href=\"https:\/\/www.gardenz.fr\/news\/2025\/04\/18\/les-bienfaits-du-cannabis-medical-2\/\" \/>\n<meta property=\"og:locale\" content=\"fr_FR\" \/>\n<meta property=\"og:type\" content=\"article\" \/>\n<meta property=\"og:title\" content=\"\ud83c\udf3f Bienfaits du cannabis m\u00e9dical : usages et effets cl\u00e9s\" \/>\n<meta property=\"og:description\" content=\"\ud83c\udf3f D\u00e9couvrez les bienfaits du cannabis m\u00e9dical pour soulager douleurs, anxi\u00e9t\u00e9, insomnie et bien plus encore.\" \/>\n<meta property=\"og:url\" content=\"https:\/\/www.gardenz.fr\/news\/2025\/04\/18\/les-bienfaits-du-cannabis-medical-2\/\" \/>\n<meta property=\"og:site_name\" content=\"Le Blog de Gardenz\" \/>\n<meta property=\"article:published_time\" content=\"2025-04-18T12:16:36+00:00\" \/>\n<meta property=\"article:modified_time\" content=\"2025-07-23T14:44:50+00:00\" \/>\n<meta property=\"og:image\" content=\"https:\/\/www.gardenz.fr\/news\/wp-content\/uploads\/2025\/04\/Les-bienfaits-du-cannabis-medicalsanitizesanitize-2025-04-18T121635.819Z.jpg\" \/>\n\t<meta property=\"og:image:width\" content=\"900\" \/>\n\t<meta property=\"og:image:height\" content=\"250\" \/>\n\t<meta property=\"og:image:type\" content=\"image\/jpeg\" \/>\n<meta name=\"author\" content=\"Idan Melicio\" \/>\n<meta name=\"twitter:card\" content=\"summary_large_image\" \/>\n<meta name=\"twitter:label1\" content=\"\u00c9crit par\" \/>\n\t<meta name=\"twitter:data1\" content=\"Idan Melicio\" \/>\n\t<meta name=\"twitter:label2\" content=\"Dur\u00e9e de lecture estim\u00e9e\" \/>\n\t<meta name=\"twitter:data2\" content=\"10 minutes\" \/>\n<script type=\"application\/ld+json\" class=\"yoast-schema-graph\">{\"@context\":\"https:\\\/\\\/schema.org\",\"@graph\":[{\"@type\":\"Article\",\"@id\":\"https:\\\/\\\/www.gardenz.fr\\\/news\\\/2025\\\/04\\\/18\\\/les-bienfaits-du-cannabis-medical-2\\\/#article\",\"isPartOf\":{\"@id\":\"https:\\\/\\\/www.gardenz.fr\\\/news\\\/2025\\\/04\\\/18\\\/les-bienfaits-du-cannabis-medical-2\\\/\"},\"author\":{\"name\":\"Idan Melicio\",\"@id\":\"https:\\\/\\\/www.gardenz.fr\\\/news\\\/#\\\/schema\\\/person\\\/4c29b13eadec7d3b7f81d3dc8253aa72\"},\"headline\":\"Les bienfaits du cannabis m\u00e9dical\",\"datePublished\":\"2025-04-18T12:16:36+00:00\",\"dateModified\":\"2025-07-23T14:44:50+00:00\",\"mainEntityOfPage\":{\"@id\":\"https:\\\/\\\/www.gardenz.fr\\\/news\\\/2025\\\/04\\\/18\\\/les-bienfaits-du-cannabis-medical-2\\\/\"},\"wordCount\":1063,\"publisher\":{\"@id\":\"https:\\\/\\\/www.gardenz.fr\\\/news\\\/#organization\"},\"image\":{\"@id\":\"https:\\\/\\\/www.gardenz.fr\\\/news\\\/2025\\\/04\\\/18\\\/les-bienfaits-du-cannabis-medical-2\\\/#primaryimage\"},\"thumbnailUrl\":\"https:\\\/\\\/www.gardenz.fr\\\/news\\\/wp-content\\\/uploads\\\/2025\\\/04\\\/Les-bienfaits-du-cannabis-medicalsanitizesanitize-2025-04-18T121635.819Z.jpg\",\"articleSection\":[\"GENERAL\"],\"inLanguage\":\"fr-FR\"},{\"@type\":\"WebPage\",\"@id\":\"https:\\\/\\\/www.gardenz.fr\\\/news\\\/2025\\\/04\\\/18\\\/les-bienfaits-du-cannabis-medical-2\\\/\",\"url\":\"https:\\\/\\\/www.gardenz.fr\\\/news\\\/2025\\\/04\\\/18\\\/les-bienfaits-du-cannabis-medical-2\\\/\",\"name\":\"\ud83c\udf3f Bienfaits du cannabis m\u00e9dical : usages et effets cl\u00e9s\",\"isPartOf\":{\"@id\":\"https:\\\/\\\/www.gardenz.fr\\\/news\\\/#website\"},\"primaryImageOfPage\":{\"@id\":\"https:\\\/\\\/www.gardenz.fr\\\/news\\\/2025\\\/04\\\/18\\\/les-bienfaits-du-cannabis-medical-2\\\/#primaryimage\"},\"image\":{\"@id\":\"https:\\\/\\\/www.gardenz.fr\\\/news\\\/2025\\\/04\\\/18\\\/les-bienfaits-du-cannabis-medical-2\\\/#primaryimage\"},\"thumbnailUrl\":\"https:\\\/\\\/www.gardenz.fr\\\/news\\\/wp-content\\\/uploads\\\/2025\\\/04\\\/Les-bienfaits-du-cannabis-medicalsanitizesanitize-2025-04-18T121635.819Z.jpg\",\"datePublished\":\"2025-04-18T12:16:36+00:00\",\"dateModified\":\"2025-07-23T14:44:50+00:00\",\"description\":\"\ud83c\udf3f D\u00e9couvrez les bienfaits du cannabis m\u00e9dical pour soulager douleurs, anxi\u00e9t\u00e9, insomnie et bien plus encore.\",\"breadcrumb\":{\"@id\":\"https:\\\/\\\/www.gardenz.fr\\\/news\\\/2025\\\/04\\\/18\\\/les-bienfaits-du-cannabis-medical-2\\\/#breadcrumb\"},\"inLanguage\":\"fr-FR\",\"potentialAction\":[{\"@type\":\"ReadAction\",\"target\":[\"https:\\\/\\\/www.gardenz.fr\\\/news\\\/2025\\\/04\\\/18\\\/les-bienfaits-du-cannabis-medical-2\\\/\"]}]},{\"@type\":\"ImageObject\",\"inLanguage\":\"fr-FR\",\"@id\":\"https:\\\/\\\/www.gardenz.fr\\\/news\\\/2025\\\/04\\\/18\\\/les-bienfaits-du-cannabis-medical-2\\\/#primaryimage\",\"url\":\"https:\\\/\\\/www.gardenz.fr\\\/news\\\/wp-content\\\/uploads\\\/2025\\\/04\\\/Les-bienfaits-du-cannabis-medicalsanitizesanitize-2025-04-18T121635.819Z.jpg\",\"contentUrl\":\"https:\\\/\\\/www.gardenz.fr\\\/news\\\/wp-content\\\/uploads\\\/2025\\\/04\\\/Les-bienfaits-du-cannabis-medicalsanitizesanitize-2025-04-18T121635.819Z.jpg\",\"width\":900,\"height\":250,\"caption\":\"Les bienfaits du cannabis m\u00e9dical\"},{\"@type\":\"BreadcrumbList\",\"@id\":\"https:\\\/\\\/www.gardenz.fr\\\/news\\\/2025\\\/04\\\/18\\\/les-bienfaits-du-cannabis-medical-2\\\/#breadcrumb\",\"itemListElement\":[{\"@type\":\"ListItem\",\"position\":1,\"name\":\"Accueil\",\"item\":\"https:\\\/\\\/www.gardenz.fr\\\/news\\\/\"},{\"@type\":\"ListItem\",\"position\":2,\"name\":\"Les bienfaits du cannabis m\u00e9dical\"}]},{\"@type\":\"WebSite\",\"@id\":\"https:\\\/\\\/www.gardenz.fr\\\/news\\\/#website\",\"url\":\"https:\\\/\\\/www.gardenz.fr\\\/news\\\/\",\"name\":\"Le Blog de Gardenz\",\"description\":\"Best quality CBD\",\"publisher\":{\"@id\":\"https:\\\/\\\/www.gardenz.fr\\\/news\\\/#organization\"},\"potentialAction\":[{\"@type\":\"SearchAction\",\"target\":{\"@type\":\"EntryPoint\",\"urlTemplate\":\"https:\\\/\\\/www.gardenz.fr\\\/news\\\/?s={search_term_string}\"},\"query-input\":{\"@type\":\"PropertyValueSpecification\",\"valueRequired\":true,\"valueName\":\"search_term_string\"}}],\"inLanguage\":\"fr-FR\"},{\"@type\":\"Organization\",\"@id\":\"https:\\\/\\\/www.gardenz.fr\\\/news\\\/#organization\",\"name\":\"Le Blog de Gardenz\",\"url\":\"https:\\\/\\\/www.gardenz.fr\\\/news\\\/\",\"logo\":{\"@type\":\"ImageObject\",\"inLanguage\":\"fr-FR\",\"@id\":\"https:\\\/\\\/www.gardenz.fr\\\/news\\\/#\\\/schema\\\/logo\\\/image\\\/\",\"url\":\"https:\\\/\\\/www.gardenz.fr\\\/news\\\/wp-content\\\/uploads\\\/2022\\\/06\\\/logo-gardenz-feuille-blanc-final.png\",\"contentUrl\":\"https:\\\/\\\/www.gardenz.fr\\\/news\\\/wp-content\\\/uploads\\\/2022\\\/06\\\/logo-gardenz-feuille-blanc-final.png\",\"width\":459,\"height\":200,\"caption\":\"Le Blog de Gardenz\"},\"image\":{\"@id\":\"https:\\\/\\\/www.gardenz.fr\\\/news\\\/#\\\/schema\\\/logo\\\/image\\\/\"}},{\"@type\":\"Person\",\"@id\":\"https:\\\/\\\/www.gardenz.fr\\\/news\\\/#\\\/schema\\\/person\\\/4c29b13eadec7d3b7f81d3dc8253aa72\",\"name\":\"Idan Melicio\",\"image\":{\"@type\":\"ImageObject\",\"inLanguage\":\"fr-FR\",\"@id\":\"https:\\\/\\\/secure.gravatar.com\\\/avatar\\\/a4fed9bf268062e3c5884e1b9288f4a54517dd9041d8c562678849f7f1c1eb43?s=96&d=mm&r=g\",\"url\":\"https:\\\/\\\/secure.gravatar.com\\\/avatar\\\/a4fed9bf268062e3c5884e1b9288f4a54517dd9041d8c562678849f7f1c1eb43?s=96&d=mm&r=g\",\"contentUrl\":\"https:\\\/\\\/secure.gravatar.com\\\/avatar\\\/a4fed9bf268062e3c5884e1b9288f4a54517dd9041d8c562678849f7f1c1eb43?s=96&d=mm&r=g\",\"caption\":\"Idan Melicio\"},\"url\":\"https:\\\/\\\/www.gardenz.fr\\\/news\\\/author\\\/idan-milecio\\\/\"}]}<\/script>\n<!-- \/ Yoast SEO plugin. -->","yoast_head_json":{"title":"\ud83c\udf3f Bienfaits du cannabis m\u00e9dical : usages et effets cl\u00e9s","description":"\ud83c\udf3f D\u00e9couvrez les bienfaits du cannabis m\u00e9dical pour soulager douleurs, anxi\u00e9t\u00e9, insomnie et bien plus encore.","robots":{"index":"index","follow":"follow","max-snippet":"max-snippet:-1","max-image-preview":"max-image-preview:large","max-video-preview":"max-video-preview:-1"},"canonical":"https:\/\/www.gardenz.fr\/news\/2025\/04\/18\/les-bienfaits-du-cannabis-medical-2\/","og_locale":"fr_FR","og_type":"article","og_title":"\ud83c\udf3f Bienfaits du cannabis m\u00e9dical : usages et effets cl\u00e9s","og_description":"\ud83c\udf3f D\u00e9couvrez les bienfaits du cannabis m\u00e9dical pour soulager douleurs, anxi\u00e9t\u00e9, insomnie et bien plus encore.","og_url":"https:\/\/www.gardenz.fr\/news\/2025\/04\/18\/les-bienfaits-du-cannabis-medical-2\/","og_site_name":"Le Blog de Gardenz","article_published_time":"2025-04-18T12:16:36+00:00","article_modified_time":"2025-07-23T14:44:50+00:00","og_image":[{"width":900,"height":250,"url":"https:\/\/www.gardenz.fr\/news\/wp-content\/uploads\/2025\/04\/Les-bienfaits-du-cannabis-medicalsanitizesanitize-2025-04-18T121635.819Z.jpg","type":"image\/jpeg"}],"author":"Idan Melicio","twitter_card":"summary_large_image","twitter_misc":{"\u00c9crit par":"Idan Melicio","Dur\u00e9e de lecture estim\u00e9e":"10 minutes"},"schema":{"@context":"https:\/\/schema.org","@graph":[{"@type":"Article","@id":"https:\/\/www.gardenz.fr\/news\/2025\/04\/18\/les-bienfaits-du-cannabis-medical-2\/#article","isPartOf":{"@id":"https:\/\/www.gardenz.fr\/news\/2025\/04\/18\/les-bienfaits-du-cannabis-medical-2\/"},"author":{"name":"Idan Melicio","@id":"https:\/\/www.gardenz.fr\/news\/#\/schema\/person\/4c29b13eadec7d3b7f81d3dc8253aa72"},"headline":"Les bienfaits du cannabis m\u00e9dical","datePublished":"2025-04-18T12:16:36+00:00","dateModified":"2025-07-23T14:44:50+00:00","mainEntityOfPage":{"@id":"https:\/\/www.gardenz.fr\/news\/2025\/04\/18\/les-bienfaits-du-cannabis-medical-2\/"},"wordCount":1063,"publisher":{"@id":"https:\/\/www.gardenz.fr\/news\/#organization"},"image":{"@id":"https:\/\/www.gardenz.fr\/news\/2025\/04\/18\/les-bienfaits-du-cannabis-medical-2\/#primaryimage"},"thumbnailUrl":"https:\/\/www.gardenz.fr\/news\/wp-content\/uploads\/2025\/04\/Les-bienfaits-du-cannabis-medicalsanitizesanitize-2025-04-18T121635.819Z.jpg","articleSection":["GENERAL"],"inLanguage":"fr-FR"},{"@type":"WebPage","@id":"https:\/\/www.gardenz.fr\/news\/2025\/04\/18\/les-bienfaits-du-cannabis-medical-2\/","url":"https:\/\/www.gardenz.fr\/news\/2025\/04\/18\/les-bienfaits-du-cannabis-medical-2\/","name":"\ud83c\udf3f Bienfaits du cannabis m\u00e9dical : usages et effets cl\u00e9s","isPartOf":{"@id":"https:\/\/www.gardenz.fr\/news\/#website"},"primaryImageOfPage":{"@id":"https:\/\/www.gardenz.fr\/news\/2025\/04\/18\/les-bienfaits-du-cannabis-medical-2\/#primaryimage"},"image":{"@id":"https:\/\/www.gardenz.fr\/news\/2025\/04\/18\/les-bienfaits-du-cannabis-medical-2\/#primaryimage"},"thumbnailUrl":"https:\/\/www.gardenz.fr\/news\/wp-content\/uploads\/2025\/04\/Les-bienfaits-du-cannabis-medicalsanitizesanitize-2025-04-18T121635.819Z.jpg","datePublished":"2025-04-18T12:16:36+00:00","dateModified":"2025-07-23T14:44:50+00:00","description":"\ud83c\udf3f D\u00e9couvrez les bienfaits du cannabis m\u00e9dical pour soulager douleurs, anxi\u00e9t\u00e9, insomnie et bien plus encore.","breadcrumb":{"@id":"https:\/\/www.gardenz.fr\/news\/2025\/04\/18\/les-bienfaits-du-cannabis-medical-2\/#breadcrumb"},"inLanguage":"fr-FR","potentialAction":[{"@type":"ReadAction","target":["https:\/\/www.gardenz.fr\/news\/2025\/04\/18\/les-bienfaits-du-cannabis-medical-2\/"]}]},{"@type":"ImageObject","inLanguage":"fr-FR","@id":"https:\/\/www.gardenz.fr\/news\/2025\/04\/18\/les-bienfaits-du-cannabis-medical-2\/#primaryimage","url":"https:\/\/www.gardenz.fr\/news\/wp-content\/uploads\/2025\/04\/Les-bienfaits-du-cannabis-medicalsanitizesanitize-2025-04-18T121635.819Z.jpg","contentUrl":"https:\/\/www.gardenz.fr\/news\/wp-content\/uploads\/2025\/04\/Les-bienfaits-du-cannabis-medicalsanitizesanitize-2025-04-18T121635.819Z.jpg","width":900,"height":250,"caption":"Les bienfaits du cannabis m\u00e9dical"},{"@type":"BreadcrumbList","@id":"https:\/\/www.gardenz.fr\/news\/2025\/04\/18\/les-bienfaits-du-cannabis-medical-2\/#breadcrumb","itemListElement":[{"@type":"ListItem","position":1,"name":"Accueil","item":"https:\/\/www.gardenz.fr\/news\/"},{"@type":"ListItem","position":2,"name":"Les bienfaits du cannabis m\u00e9dical"}]},{"@type":"WebSite","@id":"https:\/\/www.gardenz.fr\/news\/#website","url":"https:\/\/www.gardenz.fr\/news\/","name":"Le Blog de Gardenz","description":"Best quality CBD","publisher":{"@id":"https:\/\/www.gardenz.fr\/news\/#organization"},"potentialAction":[{"@type":"SearchAction","target":{"@type":"EntryPoint","urlTemplate":"https:\/\/www.gardenz.fr\/news\/?s={search_term_string}"},"query-input":{"@type":"PropertyValueSpecification","valueRequired":true,"valueName":"search_term_string"}}],"inLanguage":"fr-FR"},{"@type":"Organization","@id":"https:\/\/www.gardenz.fr\/news\/#organization","name":"Le Blog de Gardenz","url":"https:\/\/www.gardenz.fr\/news\/","logo":{"@type":"ImageObject","inLanguage":"fr-FR","@id":"https:\/\/www.gardenz.fr\/news\/#\/schema\/logo\/image\/","url":"https:\/\/www.gardenz.fr\/news\/wp-content\/uploads\/2022\/06\/logo-gardenz-feuille-blanc-final.png","contentUrl":"https:\/\/www.gardenz.fr\/news\/wp-content\/uploads\/2022\/06\/logo-gardenz-feuille-blanc-final.png","width":459,"height":200,"caption":"Le Blog de Gardenz"},"image":{"@id":"https:\/\/www.gardenz.fr\/news\/#\/schema\/logo\/image\/"}},{"@type":"Person","@id":"https:\/\/www.gardenz.fr\/news\/#\/schema\/person\/4c29b13eadec7d3b7f81d3dc8253aa72","name":"Idan Melicio","image":{"@type":"ImageObject","inLanguage":"fr-FR","@id":"https:\/\/secure.gravatar.com\/avatar\/a4fed9bf268062e3c5884e1b9288f4a54517dd9041d8c562678849f7f1c1eb43?s=96&d=mm&r=g","url":"https:\/\/secure.gravatar.com\/avatar\/a4fed9bf268062e3c5884e1b9288f4a54517dd9041d8c562678849f7f1c1eb43?s=96&d=mm&r=g","contentUrl":"https:\/\/secure.gravatar.com\/avatar\/a4fed9bf268062e3c5884e1b9288f4a54517dd9041d8c562678849f7f1c1eb43?s=96&d=mm&r=g","caption":"Idan Melicio"},"url":"https:\/\/www.gardenz.fr\/news\/author\/idan-milecio\/"}]}},"_links":{"self":[{"href":"https:\/\/www.gardenz.fr\/news\/wp-json\/wp\/v2\/posts\/18025","targetHints":{"allow":["GET"]}}],"collection":[{"href":"https:\/\/www.gardenz.fr\/news\/wp-json\/wp\/v2\/posts"}],"about":[{"href":"https:\/\/www.gardenz.fr\/news\/wp-json\/wp\/v2\/types\/post"}],"author":[{"embeddable":true,"href":"https:\/\/www.gardenz.fr\/news\/wp-json\/wp\/v2\/users\/18"}],"replies":[{"embeddable":true,"href":"https:\/\/www.gardenz.fr\/news\/wp-json\/wp\/v2\/comments?post=18025"}],"version-history":[{"count":3,"href":"https:\/\/www.gardenz.fr\/news\/wp-json\/wp\/v2\/posts\/18025\/revisions"}],"predecessor-version":[{"id":19185,"href":"https:\/\/www.gardenz.fr\/news\/wp-json\/wp\/v2\/posts\/18025\/revisions\/19185"}],"wp:featuredmedia":[{"embeddable":true,"href":"https:\/\/www.gardenz.fr\/news\/wp-json\/wp\/v2\/media\/18024"}],"wp:attachment":[{"href":"https:\/\/www.gardenz.fr\/news\/wp-json\/wp\/v2\/media?parent=18025"}],"wp:term":[{"taxonomy":"category","embeddable":true,"href":"https:\/\/www.gardenz.fr\/news\/wp-json\/wp\/v2\/categories?post=18025"},{"taxonomy":"post_tag","embeddable":true,"href":"https:\/\/www.gardenz.fr\/news\/wp-json\/wp\/v2\/tags?post=18025"}],"curies":[{"name":"wp","href":"https:\/\/api.w.org\/{rel}","templated":true}]}}