{"id":18040,"date":"2025-04-23T09:20:12","date_gmt":"2025-04-23T07:20:12","guid":{"rendered":"https:\/\/www.gardenz.fr\/news\/?p=18040"},"modified":"2025-07-23T16:39:08","modified_gmt":"2025-07-23T14:39:08","slug":"la-slovenie-se-dirige-vers-la-legalisation-du-cannabis-medical","status":"publish","type":"post","link":"https:\/\/www.gardenz.fr\/news\/2025\/04\/23\/la-slovenie-se-dirige-vers-la-legalisation-du-cannabis-medical\/","title":{"rendered":"La Slov\u00e9nie se dirige vers la l\u00e9galisation du cannabis m\u00e9dical"},"content":{"rendered":"\t\t<div data-elementor-type=\"wp-post\" data-elementor-id=\"18040\" class=\"elementor elementor-18040\">\n\t\t\t\t\t\t<section class=\"elementor-section elementor-top-section elementor-element elementor-element-7d363207 elementor-section-boxed elementor-section-height-default elementor-section-height-default\" data-id=\"7d363207\" data-element_type=\"section\" data-e-type=\"section\">\n\t\t\t\t\t\t<div class=\"elementor-container elementor-column-gap-default\">\n\t\t\t\t\t<div class=\"elementor-column elementor-col-100 elementor-top-column elementor-element elementor-element-222e80e0\" data-id=\"222e80e0\" data-element_type=\"column\" data-e-type=\"column\">\n\t\t\t<div class=\"elementor-widget-wrap elementor-element-populated\">\n\t\t\t\t\t\t<div class=\"elementor-element elementor-element-11cac8ea elementor-widget elementor-widget-text-editor\" data-id=\"11cac8ea\" data-element_type=\"widget\" data-e-type=\"widget\" data-widget_type=\"text-editor.default\">\n\t\t\t\t<div class=\"elementor-widget-container\">\n\t\t\t\t\t\t\t\t\t<div style=\"margin-left: 10%; margin-right: 10%;\">\n<h2>La Slov\u00e9nie sur la route verte : un virage historique vers le cannabis m\u00e9dical<\/h2>\n\ud83c\udf3fLa Slov\u00e9nie est en train de faire un pas de g\u00e9ant dans le domaine du <a href=\"https:\/\/www.gardenz.fr\/310--delta-9-thc\">cannabis<\/a> m\u00e9dical, et franchement c\u2019est pas trop t\u00f4t. \ud83c\udf0dCe petit pays nich\u00e9 au c\u0153ur de l\u2019Europe a d\u00e9cid\u00e9 de tenir compte de l\u2019avis de ses citoyens en mettant sur la table une proposition de loi qui pourrait bien tout changer. \ud83c\udf40Oui, le Parlement slov\u00e8ne envisage de l\u00e9galiser l\u2019usage m\u00e9dical et scientifique du cannabis, et cela fait suite \u00e0 deux r\u00e9f\u00e9rendums populaires qui ont clairement montr\u00e9 ce que voulait la majorit\u00e9. \ud83d\udce2Quand les citoyens s\u2019expriment, et que les politiques \u00e9coutent vraiment, \u00e7a m\u00e9rite un bon coup de projecteur et une analyse en profondeur \u2014 c\u2019est ce qu\u2019on t\u2019offre ici.\n<h3>\ud83d\ude80Une avanc\u00e9e populaire transform\u00e9e en projet de loi<\/h3>\n\ud83d\uddf3\ufe0fTout a commenc\u00e9 avec les deux r\u00e9f\u00e9rendums de 2023 qui portaient sur le statut l\u00e9gal du cannabis. \u2705Les \u00e9lecteurs slov\u00e8nes ont montr\u00e9 un soutien massif \u00e0 l\u2019id\u00e9e de permettre l\u2019utilisation th\u00e9rapeutique de cette plante aux multiples vertus.<\/div>\n<div>\u00a0<\/div>\n<div style=\"margin-left: 10%; margin-right: 10%;\">\ud83e\uddeaSuite \u00e0 ce r\u00e9sultat sans \u00e9quivoque, les membres du Mouvement pour la libert\u00e9 (Gibanje Svoboda) et de La Gauche (Levica) ont pris les devants et soumis un projet de loi au Parlement. \ud83c\udf31Concr\u00e8tement, ce texte vise \u00e0 l\u00e9galiser non seulement l\u2019usage m\u00e9dical mais aussi l&rsquo;usage scientifique de toutes les composantes du cannabis : extraits, plantes enti\u00e8res et <a href=\"https:\/\/www.gardenz.fr\/6-resine-cbd\">r\u00e9sine<\/a>. \ud83d\udd2c\u00c7a ouvre la porte non seulement \u00e0 des traitements innovants, mais aussi \u00e0 des recherches qui pourraient faire avancer la m\u00e9decine, pas seulement en Slov\u00e9nie&#8230; mais dans toute l\u2019Europe.\n<h3>\u2696\ufe0fUn cadre l\u00e9gal pour s\u00e9curiser et garantir<\/h3>\n\ud83d\udcdaL\u2019id\u00e9e n\u2019est pas de cr\u00e9er un grand march\u00e9 du cannabis sans contr\u00f4le, loin de l\u00e0. \ud83e\uddd1\u200d\u2695\ufe0fLa loi pr\u00e9voit un encadrement strict r\u00e9serv\u00e9 uniquement \u00e0 des fins m\u00e9dicales et de recherche scientifique, avec des protocoles clairs et des autorisations d\u00e9livr\u00e9es par les autorit\u00e9s comp\u00e9tentes. \ud83d\udcbcCela implique que seuls certains professionnels de sant\u00e9 pourront prescrire ce type de traitement, et que les patients devront r\u00e9pondre \u00e0 des crit\u00e8res pr\u00e9cis pour y avoir acc\u00e8s. \ud83e\uddfeIl ne s&rsquo;agit donc pas d\u2019un ch\u00e8que en blanc pour une consommation r\u00e9cr\u00e9ative d\u00e9guis\u00e9e, mais d\u2019un v\u00e9ritable outil de sant\u00e9 publique r\u00e9fl\u00e9chi et structur\u00e9. \ud83d\udee1\ufe0fEt \u00e7a, c\u2019est rassurant pour les plus sceptiques.\n<h3>\ud83c\udf0dLa Slov\u00e9nie rejoint une tendance europ\u00e9enne<\/h3>\n\ud83c\udf10Ce virage slov\u00e8ne vers le cannabis m\u00e9dical n\u2019arrive pas dans un vide. \ud83d\ude97Depuis quelques ann\u00e9es, plusieurs pays europ\u00e9ens ont r\u00e9vis\u00e9 leur position sur le sujet, pouss\u00e9s par des \u00e9tudes scientifiques et une pression citoyenne croissante. \ud83c\udde9\ud83c\uddeaL\u2019Allemagne vient de l\u00e9galiser l\u2019usage r\u00e9cr\u00e9atif sous certaines conditions, tandis que d&rsquo;autres comme le Portugal ou les Pays-Bas permettent d\u00e9j\u00e0 l&rsquo;usage th\u00e9rapeutique du cannabis. \ud83e\uddedAvec cette nouvelle loi, la Slov\u00e9nie s\u2019aligne donc sur une tendance continentale \u2014 mais toujours avec une touche personnelle : celle d\u2019un pays qui ne fait pas les choses \u00e0 moiti\u00e9.\n<h3>\ud83d\udc69\u200d\ud83d\udd2cLes enjeux de sant\u00e9 publique au c\u0153ur du d\u00e9bat<\/h3>\n\ud83e\ude7aIl faut comprendre que l\u00e9galiser le cannabis m\u00e9dical, ce n\u2019est pas juste autoriser une nouvelle mol\u00e9cule. \ud83e\udde0C\u2019est cr\u00e9er un acc\u00e8s \u00e9largi \u00e0 des traitements pour les personnes atteintes de pathologies chroniques, neurologiques ou encore psychiatriques. \ud83c\udf21\ufe0fDe nombreuses \u00e9tudes ont prouv\u00e9 les bienfaits des cannabino\u00efdes dans la gestion de la douleur, des naus\u00e9es li\u00e9es \u00e0 la chimioth\u00e9rapie, ou encore de certaines formes d\u2019\u00e9pilepsie. \ud83c\udf2c\ufe0fPour certains patients, cela repr\u00e9sente m\u00eame leur derni\u00e8re option th\u00e9rapeutique apr\u00e8s l\u2019\u00e9chec des traitements classiques. \ud83d\udd4a\ufe0fDonner la main aux scientifiques et m\u00e9decins pour utiliser le potentiel du cannabis dans le respect des normes, c\u2019est participer \u00e0 une m\u00e9decine plus humaine.\n<h3>\ud83e\uddf1Des obstacles \u00e0 d\u00e9passer, mais une dynamique solide<\/h3>\n\ud83d\udcc9\u00c9videmment, ce genre de r\u00e9forme ne se fait pas sans accrocs. \u274cCertains opposants pointent du doigt une possible banalisation de la plante, voire une pente glissante vers un usage r\u00e9cr\u00e9atif. \ud83e\udd28Mais honn\u00eatement, ces critiques existent dans tous les pays pionniers, et leur fr\u00e9quence diminue \u00e0 mesure que les r\u00e9sultats arrivent. \ud83d\udcc8En s\u2019appuyant sur des protocoles stricts, des fili\u00e8res locales encadr\u00e9es et une vigilance accrue, la Slov\u00e9nie peut \u00e9viter les d\u00e9rives souvent craintes. \ud83d\udc6e\u200d\u2642\ufe0fLe vrai d\u00e9fi sera de former les professionnels de sant\u00e9, d\u2019informer le public, et de construire une fili\u00e8re nationale transparente.\n<h3>\ud83d\udcbcUn enjeu \u00e9conomique qui ne dit pas son nom<\/h3>\n\ud83d\udcb0Derri\u00e8re les aspects m\u00e9dicaux, se cache aussi un potentiel \u00e9conomique non n\u00e9gligeable. \ud83c\udf3eLa l\u00e9galisation du cannabis m\u00e9dical pourrait relancer l\u2019agriculture sp\u00e9cialis\u00e9e, stimuler la recherche pharmaceutique et cr\u00e9er tout un \u00e9cosyst\u00e8me professionnel bas\u00e9 sur le bien-\u00eatre. \ud83c\udfd7\ufe0fDes structures de production, de transformation et de distribution vont devoir \u00e9merger, ce qui signifie emplois, investissements et innovation. \ud83d\udccaLes chiffres mondiaux ne mentent pas : l\u00e0 o\u00f9 le cannabis m\u00e9dical est l\u00e9gal, l\u2019\u00e9conomie locale suit \u2014 et souvent, elle s\u2019envole.\n<h3>\ud83e\uddedUne question de souverainet\u00e9 sanitaire<\/h3>\n\u2695\ufe0fAccepter l\u2019usage m\u00e9dical du cannabis, c\u2019est aussi offrir \u00e0 un pays la possibilit\u00e9 de d\u00e9cider de ses propres politiques de sant\u00e9. \ud83e\uddecCela permet d\u2019importer moins de m\u00e9dicaments, de valoriser les comp\u00e9tences locales et de miser sur des solutions plus naturelles. \ud83c\udf3fLa Slov\u00e9nie pourrait ainsi devenir un exemple de souverainet\u00e9 verte, en contr\u00f4lant toute la cha\u00eene de production depuis la graine jusqu\u2019au patient. \ud83d\udc68\u200d\ud83c\udf3eUn mod\u00e8le qui placerait l\u2019humain et l\u2019environnement au c\u0153ur du processus th\u00e9rapeutique.\n<h3>\ud83d\udc40Et maintenant, que va-t-il se passer ?<\/h3>\n\ud83d\uddc2\ufe0fLe projet de loi est d\u00e9sormais entre les mains des parlementaires, qui devront trancher. \u23f3Le d\u00e9bat s\u2019annonce anim\u00e9, mais avec un soutien populaire fort, il y a fort \u00e0 parier que l\u2019issue sera positive. \ud83c\udf08Et toi, en tant que lecteur fran\u00e7ais ou europ\u00e9en, tu assistes peut-\u00eatre \u00e0 un tournant qui d\u00e9passera bient\u00f4t les fronti\u00e8res slov\u00e8nes. \ud83d\udef0\ufe0fC\u2019est une dynamique qui grimpe en Europe, une r\u00e9volution des usages qui fait de moins en moins peur, et qui commence \u00e0 faire sens.\n<h3>\ud83c\udf89Conclusion : une bouff\u00e9e d\u2019optimisme pour l\u2019avenir<\/h3>\n\ud83c\udf1fLa volont\u00e9 politique, soutenue par la voix du peuple et nourrie par les avanc\u00e9es scientifiques, peut accoucher de r\u00e9formes courageuses. \ud83e\udef6Et cette proposition slov\u00e8ne coche toutes les cases : elle est raisonn\u00e9e, structur\u00e9e et r\u00e9solument tourn\u00e9e vers l\u2019avenir. \ud83d\ude80Si elle passe, elle pourrait bien devenir un mod\u00e8le d\u2019inspiration pour d&rsquo;autres nations encore frileuses. \ud83e\uddedUne chose est s\u00fbre : la Slov\u00e9nie ne fait pas semblant. Elle roule \u00e0 pleine vitesse vers un futur plus vert, plus humain, plus align\u00e9 avec les besoins de chacun. \ud83c\udf3fEt rien que pour \u00e7a, elle m\u00e9rite qu\u2019on la regarde de pr\u00e8s. <a href=\"https:\/\/gardenz.fr\/news\">Tu veux continuer ta lecture ? D\u00e9couvre d&rsquo;autres articles sur en cliquant ici.<\/a><\/div>\n\n<div class=\"wp-block-group is-layout-constrained wp-block-group-is-layout-constrained\">\n<div class=\"wp-block-columns is-layout-flex wp-container-core-columns-is-layout-28f84493 wp-block-columns-is-layout-flex\">\n<div class=\"wp-block-column is-layout-flow wp-block-column-is-layout-flow\" style=\"flex-basis:20%\">\n<figure class=\"wp-block-image size-full\"><a href=\"https:\/\/www.gardenz.fr\/3-fleur-de-chanvre-cbd\"><img fetchpriority=\"high\" decoding=\"async\" width=\"424\" height=\"600\" src=\"https:\/\/www.gardenz.fr\/news\/wp-content\/uploads\/2025\/03\/FLEUR-DE-CHANVRE-CBD.webp\" alt=\"FLEUR-DE-CHANVRE-CBD\" class=\"wp-image-17519\" srcset=\"https:\/\/www.gardenz.fr\/news\/wp-content\/uploads\/2025\/03\/FLEUR-DE-CHANVRE-CBD.webp 424w, https:\/\/www.gardenz.fr\/news\/wp-content\/uploads\/2025\/03\/FLEUR-DE-CHANVRE-CBD-212x300.webp 212w\" sizes=\"(max-width: 424px) 100vw, 424px\" \/><\/a><\/figure>\n<\/div>\n\n\n\n<div class=\"wp-block-column is-layout-flow wp-block-column-is-layout-flow\" style=\"flex-basis:20%\">\n<figure class=\"wp-block-image size-full\"><a href=\"https:\/\/www.gardenz.fr\/6--resine-cbd\"><img decoding=\"async\" width=\"424\" height=\"600\" src=\"https:\/\/www.gardenz.fr\/news\/wp-content\/uploads\/2025\/03\/RESINE-CBD.webp\" alt=\"R\u00c9SINE-CBD\" class=\"wp-image-17515\" srcset=\"https:\/\/www.gardenz.fr\/news\/wp-content\/uploads\/2025\/03\/RESINE-CBD.webp 424w, https:\/\/www.gardenz.fr\/news\/wp-content\/uploads\/2025\/03\/RESINE-CBD-212x300.webp 212w\" sizes=\"(max-width: 424px) 100vw, 424px\" \/><\/a><\/figure>\n<\/div>\n\n\n\n<div class=\"wp-block-column is-layout-flow wp-block-column-is-layout-flow\" style=\"flex-basis:20%\">\n<figure class=\"wp-block-image size-full\"><a href=\"https:\/\/www.gardenz.fr\/511--weed-psycho\"><img decoding=\"async\" width=\"424\" height=\"600\" src=\"https:\/\/www.gardenz.fr\/news\/wp-content\/uploads\/2025\/03\/PSYCHOACTIFS.webp\" alt=\"PSYCHOACTIFS\" class=\"wp-image-17517\" srcset=\"https:\/\/www.gardenz.fr\/news\/wp-content\/uploads\/2025\/03\/PSYCHOACTIFS.webp 424w, https:\/\/www.gardenz.fr\/news\/wp-content\/uploads\/2025\/03\/PSYCHOACTIFS-212x300.webp 212w\" sizes=\"(max-width: 424px) 100vw, 424px\" \/><\/a><\/figure>\n<\/div>\n\n\n\n<div class=\"wp-block-column is-layout-flow wp-block-column-is-layout-flow\" style=\"flex-basis:20%\">\n<figure class=\"wp-block-image size-full\"><a href=\"https:\/\/www.gardenz.fr\/562--accessoires-weed\"><img loading=\"lazy\" decoding=\"async\" width=\"424\" height=\"600\" src=\"https:\/\/www.gardenz.fr\/news\/wp-content\/uploads\/2025\/03\/ACCESSOIRED.webp\" alt=\"\" class=\"wp-image-17520\" srcset=\"https:\/\/www.gardenz.fr\/news\/wp-content\/uploads\/2025\/03\/ACCESSOIRED.webp 424w, https:\/\/www.gardenz.fr\/news\/wp-content\/uploads\/2025\/03\/ACCESSOIRED-212x300.webp 212w\" sizes=\"(max-width: 424px) 100vw, 424px\" \/><\/a><\/figure>\n<\/div>\n\n\n\n<div class=\"wp-block-column is-layout-flow wp-block-column-is-layout-flow\" style=\"flex-basis:20%\">\n<figure class=\"wp-block-image size-full\"><a href=\"https:\/\/www.gardenz.fr\/284--vaporisateur-weed\"><img loading=\"lazy\" decoding=\"async\" width=\"424\" height=\"600\" src=\"https:\/\/www.gardenz.fr\/news\/wp-content\/uploads\/2025\/03\/VAPORISATEUR-WEED.webp\" alt=\"VAPORISATEUR-WEED\" class=\"wp-image-17514\" srcset=\"https:\/\/www.gardenz.fr\/news\/wp-content\/uploads\/2025\/03\/VAPORISATEUR-WEED.webp 424w, https:\/\/www.gardenz.fr\/news\/wp-content\/uploads\/2025\/03\/VAPORISATEUR-WEED-212x300.webp 212w\" sizes=\"(max-width: 424px) 100vw, 424px\" \/><\/a><\/figure>\n<\/div>\n<\/div>\n<\/div>\n\t\t\t\t\t\t\t\t<\/div>\n\t\t\t\t<\/div>\n\t\t\t\t\t<\/div>\n\t\t<\/div>\n\t\t\t\t\t<\/div>\n\t\t<\/section>\n\t\t\t\t<\/div>\n\t\t","protected":false},"excerpt":{"rendered":"<p>La Slov\u00e9nie sur la route verte : un virage historique vers le cannabis m\u00e9dical \ud83c\udf3fLa Slov\u00e9nie est en train de faire un pas de g\u00e9ant dans le domaine du cannabis m\u00e9dical, et franchement c\u2019est pas trop t\u00f4t. \ud83c\udf0dCe petit pays nich\u00e9 au c\u0153ur de l\u2019Europe a d\u00e9cid\u00e9 de tenir compte de l\u2019avis de ses citoyens [&hellip;]<\/p>\n","protected":false},"author":18,"featured_media":18039,"comment_status":"closed","ping_status":"closed","sticky":false,"template":"","format":"standard","meta":{"site-sidebar-layout":"default","site-content-layout":"","ast-site-content-layout":"default","site-content-style":"default","site-sidebar-style":"default","ast-global-header-display":"","ast-banner-title-visibility":"","ast-main-header-display":"","ast-hfb-above-header-display":"","ast-hfb-below-header-display":"","ast-hfb-mobile-header-display":"","site-post-title":"","ast-breadcrumbs-content":"","ast-featured-img":"","footer-sml-layout":"","ast-disable-related-posts":"","theme-transparent-header-meta":"","adv-header-id-meta":"","stick-header-meta":"","header-above-stick-meta":"","header-main-stick-meta":"","header-below-stick-meta":"","astra-migrate-meta-layouts":"default","ast-page-background-enabled":"default","ast-page-background-meta":{"desktop":{"background-color":"var(--ast-global-color-4)","background-image":"","background-repeat":"repeat","background-position":"center center","background-size":"auto","background-attachment":"scroll","background-type":"","background-media":"","overlay-type":"","overlay-color":"","overlay-opacity":"","overlay-gradient":""},"tablet":{"background-color":"","background-image":"","background-repeat":"repeat","background-position":"center center","background-size":"auto","background-attachment":"scroll","background-type":"","background-media":"","overlay-type":"","overlay-color":"","overlay-opacity":"","overlay-gradient":""},"mobile":{"background-color":"","background-image":"","background-repeat":"repeat","background-position":"center center","background-size":"auto","background-attachment":"scroll","background-type":"","background-media":"","overlay-type":"","overlay-color":"","overlay-opacity":"","overlay-gradient":""}},"ast-content-background-meta":{"desktop":{"background-color":"var(--ast-global-color-5)","background-image":"","background-repeat":"repeat","background-position":"center center","background-size":"auto","background-attachment":"scroll","background-type":"","background-media":"","overlay-type":"","overlay-color":"","overlay-opacity":"","overlay-gradient":""},"tablet":{"background-color":"var(--ast-global-color-5)","background-image":"","background-repeat":"repeat","background-position":"center center","background-size":"auto","background-attachment":"scroll","background-type":"","background-media":"","overlay-type":"","overlay-color":"","overlay-opacity":"","overlay-gradient":""},"mobile":{"background-color":"var(--ast-global-color-5)","background-image":"","background-repeat":"repeat","background-position":"center center","background-size":"auto","background-attachment":"scroll","background-type":"","background-media":"","overlay-type":"","overlay-color":"","overlay-opacity":"","overlay-gradient":""}},"footnotes":""},"categories":[1],"tags":[],"class_list":["post-18040","post","type-post","status-publish","format-standard","has-post-thumbnail","hentry","category-non-classe"],"yoast_head":"<!-- This site is optimized with the Yoast SEO plugin v27.5 - https:\/\/yoast.com\/product\/yoast-seo-wordpress\/ -->\n<title>\ud83c\udf3f La Slov\u00e9nie sur la voie de la l\u00e9galisation du cannabis m\u00e9dical<\/title>\n<meta name=\"description\" content=\"\ud83c\udf3f La Slov\u00e9nie se dirige vers la l\u00e9galisation du cannabis m\u00e9dical. D\u00e9couvrez les avanc\u00e9es de ce pays europ\u00e9en en mati\u00e8re de m\u00e9decine.\" \/>\n<meta name=\"robots\" content=\"index, follow, max-snippet:-1, max-image-preview:large, max-video-preview:-1\" \/>\n<link rel=\"canonical\" href=\"https:\/\/www.gardenz.fr\/news\/2025\/04\/23\/la-slovenie-se-dirige-vers-la-legalisation-du-cannabis-medical\/\" \/>\n<meta property=\"og:locale\" content=\"fr_FR\" \/>\n<meta property=\"og:type\" content=\"article\" \/>\n<meta property=\"og:title\" content=\"\ud83c\udf3f La Slov\u00e9nie sur la voie de la l\u00e9galisation du cannabis m\u00e9dical\" \/>\n<meta property=\"og:description\" content=\"\ud83c\udf3f La Slov\u00e9nie se dirige vers la l\u00e9galisation du cannabis m\u00e9dical. D\u00e9couvrez les avanc\u00e9es de ce pays europ\u00e9en en mati\u00e8re de m\u00e9decine.\" \/>\n<meta property=\"og:url\" content=\"https:\/\/www.gardenz.fr\/news\/2025\/04\/23\/la-slovenie-se-dirige-vers-la-legalisation-du-cannabis-medical\/\" \/>\n<meta property=\"og:site_name\" content=\"Le Blog de Gardenz\" \/>\n<meta property=\"article:published_time\" content=\"2025-04-23T07:20:12+00:00\" \/>\n<meta property=\"article:modified_time\" content=\"2025-07-23T14:39:08+00:00\" \/>\n<meta property=\"og:image\" content=\"https:\/\/www.gardenz.fr\/news\/wp-content\/uploads\/2025\/04\/La-Slovenie-se-dirige-vers-la-legalisation-du-cannabis-medicalsanitize-2025-04-23T060212.210Z.jpg\" \/>\n\t<meta property=\"og:image:width\" content=\"900\" \/>\n\t<meta property=\"og:image:height\" content=\"250\" \/>\n\t<meta property=\"og:image:type\" content=\"image\/jpeg\" \/>\n<meta name=\"author\" content=\"Idan Melicio\" \/>\n<meta name=\"twitter:card\" content=\"summary_large_image\" \/>\n<meta name=\"twitter:label1\" content=\"\u00c9crit par\" \/>\n\t<meta name=\"twitter:data1\" content=\"Idan Melicio\" \/>\n\t<meta name=\"twitter:label2\" content=\"Dur\u00e9e de lecture estim\u00e9e\" \/>\n\t<meta name=\"twitter:data2\" content=\"17 minutes\" \/>\n<script type=\"application\/ld+json\" class=\"yoast-schema-graph\">{\"@context\":\"https:\\\/\\\/schema.org\",\"@graph\":[{\"@type\":\"Article\",\"@id\":\"https:\\\/\\\/www.gardenz.fr\\\/news\\\/2025\\\/04\\\/23\\\/la-slovenie-se-dirige-vers-la-legalisation-du-cannabis-medical\\\/#article\",\"isPartOf\":{\"@id\":\"https:\\\/\\\/www.gardenz.fr\\\/news\\\/2025\\\/04\\\/23\\\/la-slovenie-se-dirige-vers-la-legalisation-du-cannabis-medical\\\/\"},\"author\":{\"name\":\"Idan Melicio\",\"@id\":\"https:\\\/\\\/www.gardenz.fr\\\/news\\\/#\\\/schema\\\/person\\\/4c29b13eadec7d3b7f81d3dc8253aa72\"},\"headline\":\"La Slov\u00e9nie se dirige vers la l\u00e9galisation du cannabis m\u00e9dical\",\"datePublished\":\"2025-04-23T07:20:12+00:00\",\"dateModified\":\"2025-07-23T14:39:08+00:00\",\"mainEntityOfPage\":{\"@id\":\"https:\\\/\\\/www.gardenz.fr\\\/news\\\/2025\\\/04\\\/23\\\/la-slovenie-se-dirige-vers-la-legalisation-du-cannabis-medical\\\/\"},\"wordCount\":1219,\"publisher\":{\"@id\":\"https:\\\/\\\/www.gardenz.fr\\\/news\\\/#organization\"},\"image\":{\"@id\":\"https:\\\/\\\/www.gardenz.fr\\\/news\\\/2025\\\/04\\\/23\\\/la-slovenie-se-dirige-vers-la-legalisation-du-cannabis-medical\\\/#primaryimage\"},\"thumbnailUrl\":\"https:\\\/\\\/www.gardenz.fr\\\/news\\\/wp-content\\\/uploads\\\/2025\\\/04\\\/La-Slovenie-se-dirige-vers-la-legalisation-du-cannabis-medicalsanitize-2025-04-23T060212.210Z.jpg\",\"articleSection\":[\"GENERAL\"],\"inLanguage\":\"fr-FR\"},{\"@type\":\"WebPage\",\"@id\":\"https:\\\/\\\/www.gardenz.fr\\\/news\\\/2025\\\/04\\\/23\\\/la-slovenie-se-dirige-vers-la-legalisation-du-cannabis-medical\\\/\",\"url\":\"https:\\\/\\\/www.gardenz.fr\\\/news\\\/2025\\\/04\\\/23\\\/la-slovenie-se-dirige-vers-la-legalisation-du-cannabis-medical\\\/\",\"name\":\"\ud83c\udf3f La Slov\u00e9nie sur la voie de la l\u00e9galisation du cannabis m\u00e9dical\",\"isPartOf\":{\"@id\":\"https:\\\/\\\/www.gardenz.fr\\\/news\\\/#website\"},\"primaryImageOfPage\":{\"@id\":\"https:\\\/\\\/www.gardenz.fr\\\/news\\\/2025\\\/04\\\/23\\\/la-slovenie-se-dirige-vers-la-legalisation-du-cannabis-medical\\\/#primaryimage\"},\"image\":{\"@id\":\"https:\\\/\\\/www.gardenz.fr\\\/news\\\/2025\\\/04\\\/23\\\/la-slovenie-se-dirige-vers-la-legalisation-du-cannabis-medical\\\/#primaryimage\"},\"thumbnailUrl\":\"https:\\\/\\\/www.gardenz.fr\\\/news\\\/wp-content\\\/uploads\\\/2025\\\/04\\\/La-Slovenie-se-dirige-vers-la-legalisation-du-cannabis-medicalsanitize-2025-04-23T060212.210Z.jpg\",\"datePublished\":\"2025-04-23T07:20:12+00:00\",\"dateModified\":\"2025-07-23T14:39:08+00:00\",\"description\":\"\ud83c\udf3f La Slov\u00e9nie se dirige vers la l\u00e9galisation du cannabis m\u00e9dical. D\u00e9couvrez les avanc\u00e9es de ce pays europ\u00e9en en mati\u00e8re de m\u00e9decine.\",\"breadcrumb\":{\"@id\":\"https:\\\/\\\/www.gardenz.fr\\\/news\\\/2025\\\/04\\\/23\\\/la-slovenie-se-dirige-vers-la-legalisation-du-cannabis-medical\\\/#breadcrumb\"},\"inLanguage\":\"fr-FR\",\"potentialAction\":[{\"@type\":\"ReadAction\",\"target\":[\"https:\\\/\\\/www.gardenz.fr\\\/news\\\/2025\\\/04\\\/23\\\/la-slovenie-se-dirige-vers-la-legalisation-du-cannabis-medical\\\/\"]}]},{\"@type\":\"ImageObject\",\"inLanguage\":\"fr-FR\",\"@id\":\"https:\\\/\\\/www.gardenz.fr\\\/news\\\/2025\\\/04\\\/23\\\/la-slovenie-se-dirige-vers-la-legalisation-du-cannabis-medical\\\/#primaryimage\",\"url\":\"https:\\\/\\\/www.gardenz.fr\\\/news\\\/wp-content\\\/uploads\\\/2025\\\/04\\\/La-Slovenie-se-dirige-vers-la-legalisation-du-cannabis-medicalsanitize-2025-04-23T060212.210Z.jpg\",\"contentUrl\":\"https:\\\/\\\/www.gardenz.fr\\\/news\\\/wp-content\\\/uploads\\\/2025\\\/04\\\/La-Slovenie-se-dirige-vers-la-legalisation-du-cannabis-medicalsanitize-2025-04-23T060212.210Z.jpg\",\"width\":900,\"height\":250,\"caption\":\"La Slov\u00e9nie se dirige vers la l\u00e9galisation du cannabis m\u00e9dical\"},{\"@type\":\"BreadcrumbList\",\"@id\":\"https:\\\/\\\/www.gardenz.fr\\\/news\\\/2025\\\/04\\\/23\\\/la-slovenie-se-dirige-vers-la-legalisation-du-cannabis-medical\\\/#breadcrumb\",\"itemListElement\":[{\"@type\":\"ListItem\",\"position\":1,\"name\":\"Accueil\",\"item\":\"https:\\\/\\\/www.gardenz.fr\\\/news\\\/\"},{\"@type\":\"ListItem\",\"position\":2,\"name\":\"La Slov\u00e9nie se dirige vers la l\u00e9galisation du cannabis m\u00e9dical\"}]},{\"@type\":\"WebSite\",\"@id\":\"https:\\\/\\\/www.gardenz.fr\\\/news\\\/#website\",\"url\":\"https:\\\/\\\/www.gardenz.fr\\\/news\\\/\",\"name\":\"Le Blog de Gardenz\",\"description\":\"Best quality CBD\",\"publisher\":{\"@id\":\"https:\\\/\\\/www.gardenz.fr\\\/news\\\/#organization\"},\"potentialAction\":[{\"@type\":\"SearchAction\",\"target\":{\"@type\":\"EntryPoint\",\"urlTemplate\":\"https:\\\/\\\/www.gardenz.fr\\\/news\\\/?s={search_term_string}\"},\"query-input\":{\"@type\":\"PropertyValueSpecification\",\"valueRequired\":true,\"valueName\":\"search_term_string\"}}],\"inLanguage\":\"fr-FR\"},{\"@type\":\"Organization\",\"@id\":\"https:\\\/\\\/www.gardenz.fr\\\/news\\\/#organization\",\"name\":\"Le Blog de Gardenz\",\"url\":\"https:\\\/\\\/www.gardenz.fr\\\/news\\\/\",\"logo\":{\"@type\":\"ImageObject\",\"inLanguage\":\"fr-FR\",\"@id\":\"https:\\\/\\\/www.gardenz.fr\\\/news\\\/#\\\/schema\\\/logo\\\/image\\\/\",\"url\":\"https:\\\/\\\/www.gardenz.fr\\\/news\\\/wp-content\\\/uploads\\\/2022\\\/06\\\/logo-gardenz-feuille-blanc-final.png\",\"contentUrl\":\"https:\\\/\\\/www.gardenz.fr\\\/news\\\/wp-content\\\/uploads\\\/2022\\\/06\\\/logo-gardenz-feuille-blanc-final.png\",\"width\":459,\"height\":200,\"caption\":\"Le Blog de Gardenz\"},\"image\":{\"@id\":\"https:\\\/\\\/www.gardenz.fr\\\/news\\\/#\\\/schema\\\/logo\\\/image\\\/\"}},{\"@type\":\"Person\",\"@id\":\"https:\\\/\\\/www.gardenz.fr\\\/news\\\/#\\\/schema\\\/person\\\/4c29b13eadec7d3b7f81d3dc8253aa72\",\"name\":\"Idan Melicio\",\"image\":{\"@type\":\"ImageObject\",\"inLanguage\":\"fr-FR\",\"@id\":\"https:\\\/\\\/secure.gravatar.com\\\/avatar\\\/a4fed9bf268062e3c5884e1b9288f4a54517dd9041d8c562678849f7f1c1eb43?s=96&d=mm&r=g\",\"url\":\"https:\\\/\\\/secure.gravatar.com\\\/avatar\\\/a4fed9bf268062e3c5884e1b9288f4a54517dd9041d8c562678849f7f1c1eb43?s=96&d=mm&r=g\",\"contentUrl\":\"https:\\\/\\\/secure.gravatar.com\\\/avatar\\\/a4fed9bf268062e3c5884e1b9288f4a54517dd9041d8c562678849f7f1c1eb43?s=96&d=mm&r=g\",\"caption\":\"Idan Melicio\"},\"url\":\"https:\\\/\\\/www.gardenz.fr\\\/news\\\/author\\\/idan-milecio\\\/\"}]}<\/script>\n<!-- \/ Yoast SEO plugin. -->","yoast_head_json":{"title":"\ud83c\udf3f La Slov\u00e9nie sur la voie de la l\u00e9galisation du cannabis m\u00e9dical","description":"\ud83c\udf3f La Slov\u00e9nie se dirige vers la l\u00e9galisation du cannabis m\u00e9dical. D\u00e9couvrez les avanc\u00e9es de ce pays europ\u00e9en en mati\u00e8re de m\u00e9decine.","robots":{"index":"index","follow":"follow","max-snippet":"max-snippet:-1","max-image-preview":"max-image-preview:large","max-video-preview":"max-video-preview:-1"},"canonical":"https:\/\/www.gardenz.fr\/news\/2025\/04\/23\/la-slovenie-se-dirige-vers-la-legalisation-du-cannabis-medical\/","og_locale":"fr_FR","og_type":"article","og_title":"\ud83c\udf3f La Slov\u00e9nie sur la voie de la l\u00e9galisation du cannabis m\u00e9dical","og_description":"\ud83c\udf3f La Slov\u00e9nie se dirige vers la l\u00e9galisation du cannabis m\u00e9dical. D\u00e9couvrez les avanc\u00e9es de ce pays europ\u00e9en en mati\u00e8re de m\u00e9decine.","og_url":"https:\/\/www.gardenz.fr\/news\/2025\/04\/23\/la-slovenie-se-dirige-vers-la-legalisation-du-cannabis-medical\/","og_site_name":"Le Blog de Gardenz","article_published_time":"2025-04-23T07:20:12+00:00","article_modified_time":"2025-07-23T14:39:08+00:00","og_image":[{"width":900,"height":250,"url":"https:\/\/www.gardenz.fr\/news\/wp-content\/uploads\/2025\/04\/La-Slovenie-se-dirige-vers-la-legalisation-du-cannabis-medicalsanitize-2025-04-23T060212.210Z.jpg","type":"image\/jpeg"}],"author":"Idan Melicio","twitter_card":"summary_large_image","twitter_misc":{"\u00c9crit par":"Idan Melicio","Dur\u00e9e de lecture estim\u00e9e":"17 minutes"},"schema":{"@context":"https:\/\/schema.org","@graph":[{"@type":"Article","@id":"https:\/\/www.gardenz.fr\/news\/2025\/04\/23\/la-slovenie-se-dirige-vers-la-legalisation-du-cannabis-medical\/#article","isPartOf":{"@id":"https:\/\/www.gardenz.fr\/news\/2025\/04\/23\/la-slovenie-se-dirige-vers-la-legalisation-du-cannabis-medical\/"},"author":{"name":"Idan Melicio","@id":"https:\/\/www.gardenz.fr\/news\/#\/schema\/person\/4c29b13eadec7d3b7f81d3dc8253aa72"},"headline":"La Slov\u00e9nie se dirige vers la l\u00e9galisation du cannabis m\u00e9dical","datePublished":"2025-04-23T07:20:12+00:00","dateModified":"2025-07-23T14:39:08+00:00","mainEntityOfPage":{"@id":"https:\/\/www.gardenz.fr\/news\/2025\/04\/23\/la-slovenie-se-dirige-vers-la-legalisation-du-cannabis-medical\/"},"wordCount":1219,"publisher":{"@id":"https:\/\/www.gardenz.fr\/news\/#organization"},"image":{"@id":"https:\/\/www.gardenz.fr\/news\/2025\/04\/23\/la-slovenie-se-dirige-vers-la-legalisation-du-cannabis-medical\/#primaryimage"},"thumbnailUrl":"https:\/\/www.gardenz.fr\/news\/wp-content\/uploads\/2025\/04\/La-Slovenie-se-dirige-vers-la-legalisation-du-cannabis-medicalsanitize-2025-04-23T060212.210Z.jpg","articleSection":["GENERAL"],"inLanguage":"fr-FR"},{"@type":"WebPage","@id":"https:\/\/www.gardenz.fr\/news\/2025\/04\/23\/la-slovenie-se-dirige-vers-la-legalisation-du-cannabis-medical\/","url":"https:\/\/www.gardenz.fr\/news\/2025\/04\/23\/la-slovenie-se-dirige-vers-la-legalisation-du-cannabis-medical\/","name":"\ud83c\udf3f La Slov\u00e9nie sur la voie de la l\u00e9galisation du cannabis m\u00e9dical","isPartOf":{"@id":"https:\/\/www.gardenz.fr\/news\/#website"},"primaryImageOfPage":{"@id":"https:\/\/www.gardenz.fr\/news\/2025\/04\/23\/la-slovenie-se-dirige-vers-la-legalisation-du-cannabis-medical\/#primaryimage"},"image":{"@id":"https:\/\/www.gardenz.fr\/news\/2025\/04\/23\/la-slovenie-se-dirige-vers-la-legalisation-du-cannabis-medical\/#primaryimage"},"thumbnailUrl":"https:\/\/www.gardenz.fr\/news\/wp-content\/uploads\/2025\/04\/La-Slovenie-se-dirige-vers-la-legalisation-du-cannabis-medicalsanitize-2025-04-23T060212.210Z.jpg","datePublished":"2025-04-23T07:20:12+00:00","dateModified":"2025-07-23T14:39:08+00:00","description":"\ud83c\udf3f La Slov\u00e9nie se dirige vers la l\u00e9galisation du cannabis m\u00e9dical. D\u00e9couvrez les avanc\u00e9es de ce pays europ\u00e9en en mati\u00e8re de m\u00e9decine.","breadcrumb":{"@id":"https:\/\/www.gardenz.fr\/news\/2025\/04\/23\/la-slovenie-se-dirige-vers-la-legalisation-du-cannabis-medical\/#breadcrumb"},"inLanguage":"fr-FR","potentialAction":[{"@type":"ReadAction","target":["https:\/\/www.gardenz.fr\/news\/2025\/04\/23\/la-slovenie-se-dirige-vers-la-legalisation-du-cannabis-medical\/"]}]},{"@type":"ImageObject","inLanguage":"fr-FR","@id":"https:\/\/www.gardenz.fr\/news\/2025\/04\/23\/la-slovenie-se-dirige-vers-la-legalisation-du-cannabis-medical\/#primaryimage","url":"https:\/\/www.gardenz.fr\/news\/wp-content\/uploads\/2025\/04\/La-Slovenie-se-dirige-vers-la-legalisation-du-cannabis-medicalsanitize-2025-04-23T060212.210Z.jpg","contentUrl":"https:\/\/www.gardenz.fr\/news\/wp-content\/uploads\/2025\/04\/La-Slovenie-se-dirige-vers-la-legalisation-du-cannabis-medicalsanitize-2025-04-23T060212.210Z.jpg","width":900,"height":250,"caption":"La Slov\u00e9nie se dirige vers la l\u00e9galisation du cannabis m\u00e9dical"},{"@type":"BreadcrumbList","@id":"https:\/\/www.gardenz.fr\/news\/2025\/04\/23\/la-slovenie-se-dirige-vers-la-legalisation-du-cannabis-medical\/#breadcrumb","itemListElement":[{"@type":"ListItem","position":1,"name":"Accueil","item":"https:\/\/www.gardenz.fr\/news\/"},{"@type":"ListItem","position":2,"name":"La Slov\u00e9nie se dirige vers la l\u00e9galisation du cannabis m\u00e9dical"}]},{"@type":"WebSite","@id":"https:\/\/www.gardenz.fr\/news\/#website","url":"https:\/\/www.gardenz.fr\/news\/","name":"Le Blog de Gardenz","description":"Best quality CBD","publisher":{"@id":"https:\/\/www.gardenz.fr\/news\/#organization"},"potentialAction":[{"@type":"SearchAction","target":{"@type":"EntryPoint","urlTemplate":"https:\/\/www.gardenz.fr\/news\/?s={search_term_string}"},"query-input":{"@type":"PropertyValueSpecification","valueRequired":true,"valueName":"search_term_string"}}],"inLanguage":"fr-FR"},{"@type":"Organization","@id":"https:\/\/www.gardenz.fr\/news\/#organization","name":"Le Blog de Gardenz","url":"https:\/\/www.gardenz.fr\/news\/","logo":{"@type":"ImageObject","inLanguage":"fr-FR","@id":"https:\/\/www.gardenz.fr\/news\/#\/schema\/logo\/image\/","url":"https:\/\/www.gardenz.fr\/news\/wp-content\/uploads\/2022\/06\/logo-gardenz-feuille-blanc-final.png","contentUrl":"https:\/\/www.gardenz.fr\/news\/wp-content\/uploads\/2022\/06\/logo-gardenz-feuille-blanc-final.png","width":459,"height":200,"caption":"Le Blog de Gardenz"},"image":{"@id":"https:\/\/www.gardenz.fr\/news\/#\/schema\/logo\/image\/"}},{"@type":"Person","@id":"https:\/\/www.gardenz.fr\/news\/#\/schema\/person\/4c29b13eadec7d3b7f81d3dc8253aa72","name":"Idan Melicio","image":{"@type":"ImageObject","inLanguage":"fr-FR","@id":"https:\/\/secure.gravatar.com\/avatar\/a4fed9bf268062e3c5884e1b9288f4a54517dd9041d8c562678849f7f1c1eb43?s=96&d=mm&r=g","url":"https:\/\/secure.gravatar.com\/avatar\/a4fed9bf268062e3c5884e1b9288f4a54517dd9041d8c562678849f7f1c1eb43?s=96&d=mm&r=g","contentUrl":"https:\/\/secure.gravatar.com\/avatar\/a4fed9bf268062e3c5884e1b9288f4a54517dd9041d8c562678849f7f1c1eb43?s=96&d=mm&r=g","caption":"Idan Melicio"},"url":"https:\/\/www.gardenz.fr\/news\/author\/idan-milecio\/"}]}},"_links":{"self":[{"href":"https:\/\/www.gardenz.fr\/news\/wp-json\/wp\/v2\/posts\/18040","targetHints":{"allow":["GET"]}}],"collection":[{"href":"https:\/\/www.gardenz.fr\/news\/wp-json\/wp\/v2\/posts"}],"about":[{"href":"https:\/\/www.gardenz.fr\/news\/wp-json\/wp\/v2\/types\/post"}],"author":[{"embeddable":true,"href":"https:\/\/www.gardenz.fr\/news\/wp-json\/wp\/v2\/users\/18"}],"replies":[{"embeddable":true,"href":"https:\/\/www.gardenz.fr\/news\/wp-json\/wp\/v2\/comments?post=18040"}],"version-history":[{"count":4,"href":"https:\/\/www.gardenz.fr\/news\/wp-json\/wp\/v2\/posts\/18040\/revisions"}],"predecessor-version":[{"id":19179,"href":"https:\/\/www.gardenz.fr\/news\/wp-json\/wp\/v2\/posts\/18040\/revisions\/19179"}],"wp:featuredmedia":[{"embeddable":true,"href":"https:\/\/www.gardenz.fr\/news\/wp-json\/wp\/v2\/media\/18039"}],"wp:attachment":[{"href":"https:\/\/www.gardenz.fr\/news\/wp-json\/wp\/v2\/media?parent=18040"}],"wp:term":[{"taxonomy":"category","embeddable":true,"href":"https:\/\/www.gardenz.fr\/news\/wp-json\/wp\/v2\/categories?post=18040"},{"taxonomy":"post_tag","embeddable":true,"href":"https:\/\/www.gardenz.fr\/news\/wp-json\/wp\/v2\/tags?post=18040"}],"curies":[{"name":"wp","href":"https:\/\/api.w.org\/{rel}","templated":true}]}}