{"id":18070,"date":"2025-04-25T11:46:54","date_gmt":"2025-04-25T09:46:54","guid":{"rendered":"https:\/\/www.gardenz.fr\/news\/2025\/04\/25\/le-chili-avance-vers-la-legalisation-du-cannabis\/"},"modified":"2025-07-23T15:56:23","modified_gmt":"2025-07-23T13:56:23","slug":"le-chili-avance-vers-la-legalisation-du-cannabis","status":"publish","type":"post","link":"https:\/\/www.gardenz.fr\/news\/2025\/04\/25\/le-chili-avance-vers-la-legalisation-du-cannabis\/","title":{"rendered":"Le Chili avance vers la l\u00e9galisation du cannabis"},"content":{"rendered":"\t\t<div data-elementor-type=\"wp-post\" data-elementor-id=\"18070\" class=\"elementor elementor-18070\">\n\t\t\t\t\t\t<section class=\"elementor-section elementor-top-section elementor-element elementor-element-5640ef0c elementor-section-boxed elementor-section-height-default elementor-section-height-default\" data-id=\"5640ef0c\" data-element_type=\"section\" data-e-type=\"section\">\n\t\t\t\t\t\t<div class=\"elementor-container elementor-column-gap-default\">\n\t\t\t\t\t<div class=\"elementor-column elementor-col-100 elementor-top-column elementor-element elementor-element-986458b\" data-id=\"986458b\" data-element_type=\"column\" data-e-type=\"column\">\n\t\t\t<div class=\"elementor-widget-wrap elementor-element-populated\">\n\t\t\t\t\t\t<div class=\"elementor-element elementor-element-4113c7c0 elementor-widget elementor-widget-text-editor\" data-id=\"4113c7c0\" data-element_type=\"widget\" data-e-type=\"widget\" data-widget_type=\"text-editor.default\">\n\t\t\t\t<div class=\"elementor-widget-container\">\n\t\t\t\t\t\t\t\t\t<div>\u00a0<\/div>\n<p>\u00a0<\/p>\n<p>\ud83c\udf31 Le vent du changement souffle sur l\u2019Am\u00e9rique latine, et cette fois-ci, c\u2019est le Chili qui allume la m\u00e8che d\u2019un d\u00e9bat br\u00fblant : la l\u00e9galisation du <a href=\"https:\/\/www.gardenz.fr\/310--delta-9-thc\">cannabis<\/a> \u00e0 usage r\u00e9cr\u00e9atif pour les adultes. \ud83c\udde8\ud83c\uddf1<\/p>\n<p>\ud83d\udd25 Alors que des pays comme le Mexique et la Colombie avancent progressivement sur la voie de la r\u00e9gulation de la plante, le Chili vient tout juste de secouer son paysage politique en pr\u00e9sentant un projet de loi qui pourrait bien transformer la relation du pays avec le cannabis. \ud83c\udf3f Ce projet, port\u00e9 par une coalition de l\u00e9gislateurs progressistes et activement soutenu par la soci\u00e9t\u00e9 civile, a \u00e9t\u00e9 officiellement pr\u00e9sent\u00e9 le 9 avril sous un nom \u00e9vocateur : \u00ab Regulaci\u00f3n por la Paz \u00bb. \ud83d\udcac Un nom qui claque et qui promet un tournant historique, tant dans la politique publique que dans la perception collective d\u2019une plante longtemps diabolis\u00e9e.<\/p>\n<p>\ud83d\udca1 Ce texte arrive \u00e0 un moment strat\u00e9gique, dans un pays o\u00f9 les mentalit\u00e9s \u00e9voluent \u00e0 grande vitesse mais o\u00f9 la l\u00e9gislation restait fig\u00e9e dans des sch\u00e9mas h\u00e9rit\u00e9s d\u2019une \u00e8re r\u00e9volue. \ud83d\ude43 L\u2019initiative a \u00e9t\u00e9 \u00e9labor\u00e9e par des membres du Frente Amplio, du Parti communiste, du PPD, d\u2019Acci\u00f3n Humanista et du Parti socialiste. \u270a Autant dire que la gauche chilienne se rassemble autour d\u2019un objectif commun : sortir le cannabis des marges de la soci\u00e9t\u00e9 pour l\u2019int\u00e9grer dans un mod\u00e8le de r\u00e9gulation responsable, s\u00e9curitaire, et surtout, plus humain.<\/p>\n<p>\ud83d\ude80 Le projet de loi ne vise pas \u00e0 encourager la consommation sans encadrement, bien au contraire. \ud83c\udfaf Il s&rsquo;agit d&rsquo;\u00e9tablir une l\u00e9gislation claire qui mette fin au flou juridique actuel, prot\u00e8ge les consommateurs adultes et assure un contr\u00f4le sanitaire et social des usages. \ud83d\udcac En clair, le texte propose la l\u00e9galisation de la consommation, de la culture personnelle et de la distribution de cannabis r\u00e9cr\u00e9atif pour les adultes, tout en interdisant formellement l\u2019acc\u00e8s aux mineurs et en encadrant strictement les modalit\u00e9s de production.<\/p>\n<p>\ud83c\udf99\ufe0f Pour les auteurs du texte, il est urgent de mettre fin \u00e0 la stigmatisation des usagers et de repenser compl\u00e8tement la politique actuelle, qui, selon eux, \u00e9choue aussi bien sur le plan sanitaire que s\u00e9curitaire. \ud83d\udcc9 La prohibition n\u2019a pas emp\u00each\u00e9 la consommation ; elle l\u2019a simplement rel\u00e9gu\u00e9e \u00e0 des r\u00e9seaux souterrains, souvent li\u00e9s \u00e0 la criminalit\u00e9. \u2696\ufe0f R\u00e9guler, c\u2019est donc aussi priver ces r\u00e9seaux d\u2019un revenu cons\u00e9quent, et replacer l\u2019\u00c9tat au centre d\u2019un dispositif de pr\u00e9vention et d\u2019information.<\/p>\n<p>\ud83c\udf0d Le Chili, pourtant consid\u00e9r\u00e9 comme un pionnier en mati\u00e8re de droits sociaux ces derni\u00e8res ann\u00e9es, avait jusqu\u2019\u00e0 pr\u00e9sent un cadre l\u00e9gal particuli\u00e8rement restrictif concernant le cannabis. \ud83d\udd70\ufe0f Poss\u00e9der ou cultiver du cannabis pouvait facilement mener en prison, m\u00eame sans intention de trafic. \ud83d\ude2c Cette s\u00e9v\u00e9rit\u00e9, h\u00e9rit\u00e9e d\u2019un conservatisme institutionnel, est de plus en plus contest\u00e9e, notamment par les plus jeunes g\u00e9n\u00e9rations et les professionnels de la sant\u00e9 publique.<\/p>\n<p>\ud83e\udde0 Et le d\u00e9bat va au-del\u00e0 de la simple question de la libert\u00e9 personnelle. \ud83e\uddea Il touche aussi \u00e0 des probl\u00e9matiques de sant\u00e9, d\u2019\u00e9ducation et d\u2019\u00e9conomie. \ud83d\udcda Ce projet de loi propose par exemple un encadrement \u00e9ducatif obligatoire dans les \u00e9coles secondaires, financ\u00e9 par les taxes pr\u00e9lev\u00e9es sur la vente l\u00e9gale de cannabis. \ud83d\udcb8 Une mani\u00e8re intelligente de boucler la boucle : l\u2019argent g\u00e9n\u00e9r\u00e9 par la r\u00e9gulation sert \u00e0 \u00e9duquer et pr\u00e9venir les risques li\u00e9s \u00e0 un usage non contr\u00f4l\u00e9.<\/p>\n<p>\ud83d\udc40 L&rsquo;initiative suscite \u00e9videmment des r\u00e9actions contrast\u00e9es. \ud83d\ude44 D\u2019un c\u00f4t\u00e9, les opposants d\u00e9noncent un pr\u00e9tendu laxisme, arguant des dangers pour la jeunesse et la \u00ab normalisation \u00bb de la drogue dans la soci\u00e9t\u00e9. \ud83d\udeab De l\u2019autre, les d\u00e9fenseurs du projet rappellent qu\u2019aucune politique de prohibition n\u2019a jamais emp\u00each\u00e9 l\u2019usage, et que seule la transparence permet une consommation plus s\u00fbre. \ud83c\udf08 Un d\u00e9bat proche de ceux qu\u2019ont connus le Canada, l\u2019Uruguay ou certains \u00c9tats des \u00c9tats-Unis : entre valeurs morales, consid\u00e9ration sociale et logique de sant\u00e9 publique.<\/p>\n<p>\ud83d\udcc8 Ce qui est certain, c\u2019est que la demande d\u2019une r\u00e9forme structurelle existe bel et bien. \ud83d\udce2 Des collectifs de patients, de consommateurs responsables, de juristes et de chercheurs participent activement \u00e0 ce tournant l\u00e9gislatif. \ud83c\udf10 Le pays semble m\u00fbr pour repenser le cannabis comme un enjeu citoyen, loin des vieux r\u00e9flexes de criminalisation aveugle.<\/p>\n<p>\ud83c\udf33 L\u2019id\u00e9e d\u2019ouvrir la voie \u00e0 l\u2019autoculture est aussi centrale. \ud83e\udd66 Elle ravit les partisans d\u2019une autonomie individuelle dans le choix de leurs usages r\u00e9cr\u00e9atifs. \u2702\ufe0f En permettant \u00e0 chacun de cultiver ses plantes dans une limite l\u00e9gale, le projet diminue d\u2019un coup la d\u00e9pendance au march\u00e9 noir, tout en favorisant un rapport plus direct et responsable au produit consomm\u00e9.<\/p>\n<p>\ud83e\udd41 Si le projet est vot\u00e9, le Chili pourrait devenir l\u2019un des pays moteurs en Am\u00e9rique latine dans la construction d\u2019une politique du cannabis bas\u00e9e sur la raison, et non sur la peur. \ud83d\udd27 Un mod\u00e8le hybride entre libert\u00e9 individuelle, responsabilit\u00e9 collective, et r\u00e9gulation d\u2019\u00c9tat. \ud83d\udc4f Et ce n\u2019est pas seulement une affaire de lois : c\u2019est aussi, et surtout, un indicateur du niveau de maturit\u00e9 d\u00e9mocratique d\u2019un pays pr\u00eat \u00e0 d\u00e9battre sans crispation.<\/p>\n<p>\ud83c\udfaf L\u2019enjeu est d\u2019autant plus strat\u00e9gique que cette r\u00e9gulation pourrait initier une toute nouvelle \u00e9conomie verte et l\u00e9gale. \ud83d\udcbc De la culture biologique certifi\u00e9e \u00e0 la distribution via des coop\u00e9ratives citoyennes, les possibilit\u00e9s sont nombreuses pour inventer un mod\u00e8le bas\u00e9 sur l\u2019\u00e9thique, la transparence et les b\u00e9n\u00e9fices partag\u00e9s. \ud83d\udcca Cela suppose, bien s\u00fbr, un cadre rigoureux, mais aussi une ambition claire : cesser de consid\u00e9rer les consommateurs comme des d\u00e9linquants, et les inviter \u00e0 jouer un r\u00f4le actif et encadr\u00e9 dans la soci\u00e9t\u00e9.<\/p>\n<p>\ud83d\udce2 En r\u00e9sum\u00e9, le Chili ne l\u00e9gif\u00e8re pas simplement sur une plante. \u2699\ufe0f Il questionne en profondeur la notion de libert\u00e9, de choix, de sant\u00e9 et de participation citoyenne. \ud83c\udf05 En lan\u00e7ant le d\u00e9bat au Parlement, les l\u00e9gislateurs donnent la parole \u00e0 un peuple de plus en plus conscient de la complexit\u00e9 du sujet, d\u00e9sireux d\u2019avancer sans tabou et sans fantasmes. \ud83e\udded Une chose est s\u00fbre : ce projet, qu\u2019il r\u00e9ussisse ou non \u00e0 passer toutes les \u00e9tapes l\u00e9gislatives, marque d\u00e9j\u00e0 un tournant d\u00e9cisif dans l\u2019histoire du droit chilien.<\/p>\n<p><a href=\"https:\/\/gardenz.fr\/news\">Tu veux continuer ta lecture ? D\u00e9couvre d&rsquo;autres articles sur en cliquant ici.<\/a><\/p>\n\n<div class=\"wp-block-group is-layout-constrained wp-block-group-is-layout-constrained\">\n<div class=\"wp-block-columns is-layout-flex wp-container-core-columns-is-layout-28f84493 wp-block-columns-is-layout-flex\">\n<div class=\"wp-block-column is-layout-flow wp-block-column-is-layout-flow\" style=\"flex-basis:20%\">\n<figure class=\"wp-block-image size-full\"><a href=\"https:\/\/www.gardenz.fr\/3-fleur-de-chanvre-cbd\"><img fetchpriority=\"high\" decoding=\"async\" width=\"424\" height=\"600\" src=\"https:\/\/www.gardenz.fr\/news\/wp-content\/uploads\/2025\/03\/FLEUR-DE-CHANVRE-CBD.webp\" alt=\"FLEUR-DE-CHANVRE-CBD\" class=\"wp-image-17519\" srcset=\"https:\/\/www.gardenz.fr\/news\/wp-content\/uploads\/2025\/03\/FLEUR-DE-CHANVRE-CBD.webp 424w, https:\/\/www.gardenz.fr\/news\/wp-content\/uploads\/2025\/03\/FLEUR-DE-CHANVRE-CBD-212x300.webp 212w\" sizes=\"(max-width: 424px) 100vw, 424px\" \/><\/a><\/figure>\n<\/div>\n\n\n\n<div class=\"wp-block-column is-layout-flow wp-block-column-is-layout-flow\" style=\"flex-basis:20%\">\n<figure class=\"wp-block-image size-full\"><a href=\"https:\/\/www.gardenz.fr\/6--resine-cbd\"><img decoding=\"async\" width=\"424\" height=\"600\" src=\"https:\/\/www.gardenz.fr\/news\/wp-content\/uploads\/2025\/03\/RESINE-CBD.webp\" alt=\"R\u00c9SINE-CBD\" class=\"wp-image-17515\" srcset=\"https:\/\/www.gardenz.fr\/news\/wp-content\/uploads\/2025\/03\/RESINE-CBD.webp 424w, https:\/\/www.gardenz.fr\/news\/wp-content\/uploads\/2025\/03\/RESINE-CBD-212x300.webp 212w\" sizes=\"(max-width: 424px) 100vw, 424px\" \/><\/a><\/figure>\n<\/div>\n\n\n\n<div class=\"wp-block-column is-layout-flow wp-block-column-is-layout-flow\" style=\"flex-basis:20%\">\n<figure class=\"wp-block-image size-full\"><a href=\"https:\/\/www.gardenz.fr\/511--weed-psycho\"><img decoding=\"async\" width=\"424\" height=\"600\" src=\"https:\/\/www.gardenz.fr\/news\/wp-content\/uploads\/2025\/03\/PSYCHOACTIFS.webp\" alt=\"PSYCHOACTIFS\" class=\"wp-image-17517\" srcset=\"https:\/\/www.gardenz.fr\/news\/wp-content\/uploads\/2025\/03\/PSYCHOACTIFS.webp 424w, https:\/\/www.gardenz.fr\/news\/wp-content\/uploads\/2025\/03\/PSYCHOACTIFS-212x300.webp 212w\" sizes=\"(max-width: 424px) 100vw, 424px\" \/><\/a><\/figure>\n<\/div>\n\n\n\n<div class=\"wp-block-column is-layout-flow wp-block-column-is-layout-flow\" style=\"flex-basis:20%\">\n<figure class=\"wp-block-image size-full\"><a href=\"https:\/\/www.gardenz.fr\/562--accessoires-weed\"><img loading=\"lazy\" decoding=\"async\" width=\"424\" height=\"600\" src=\"https:\/\/www.gardenz.fr\/news\/wp-content\/uploads\/2025\/03\/ACCESSOIRED.webp\" alt=\"\" class=\"wp-image-17520\" srcset=\"https:\/\/www.gardenz.fr\/news\/wp-content\/uploads\/2025\/03\/ACCESSOIRED.webp 424w, https:\/\/www.gardenz.fr\/news\/wp-content\/uploads\/2025\/03\/ACCESSOIRED-212x300.webp 212w\" sizes=\"(max-width: 424px) 100vw, 424px\" \/><\/a><\/figure>\n<\/div>\n\n\n\n<div class=\"wp-block-column is-layout-flow wp-block-column-is-layout-flow\" style=\"flex-basis:20%\">\n<figure class=\"wp-block-image size-full\"><a href=\"https:\/\/www.gardenz.fr\/284--vaporisateur-weed\"><img loading=\"lazy\" decoding=\"async\" width=\"424\" height=\"600\" src=\"https:\/\/www.gardenz.fr\/news\/wp-content\/uploads\/2025\/03\/VAPORISATEUR-WEED.webp\" alt=\"VAPORISATEUR-WEED\" class=\"wp-image-17514\" srcset=\"https:\/\/www.gardenz.fr\/news\/wp-content\/uploads\/2025\/03\/VAPORISATEUR-WEED.webp 424w, https:\/\/www.gardenz.fr\/news\/wp-content\/uploads\/2025\/03\/VAPORISATEUR-WEED-212x300.webp 212w\" sizes=\"(max-width: 424px) 100vw, 424px\" \/><\/a><\/figure>\n<\/div>\n<\/div>\n<\/div>\n\t\t\t\t\t\t\t\t<\/div>\n\t\t\t\t<\/div>\n\t\t\t\t\t<\/div>\n\t\t<\/div>\n\t\t\t\t\t<\/div>\n\t\t<\/section>\n\t\t\t\t<\/div>\n\t\t","protected":false},"excerpt":{"rendered":"<p>\u00a0 \u00a0 \ud83c\udf31 Le vent du changement souffle sur l\u2019Am\u00e9rique latine, et cette fois-ci, c\u2019est le Chili qui allume la m\u00e8che d\u2019un d\u00e9bat br\u00fblant : la l\u00e9galisation du cannabis \u00e0 usage r\u00e9cr\u00e9atif pour les adultes. \ud83c\udde8\ud83c\uddf1 \ud83d\udd25 Alors que des pays comme le Mexique et la Colombie avancent progressivement sur la voie de la r\u00e9gulation [&hellip;]<\/p>\n","protected":false},"author":18,"featured_media":18069,"comment_status":"closed","ping_status":"","sticky":false,"template":"","format":"standard","meta":{"site-sidebar-layout":"default","site-content-layout":"","ast-site-content-layout":"default","site-content-style":"default","site-sidebar-style":"default","ast-global-header-display":"","ast-banner-title-visibility":"","ast-main-header-display":"","ast-hfb-above-header-display":"","ast-hfb-below-header-display":"","ast-hfb-mobile-header-display":"","site-post-title":"","ast-breadcrumbs-content":"","ast-featured-img":"","footer-sml-layout":"","ast-disable-related-posts":"","theme-transparent-header-meta":"","adv-header-id-meta":"","stick-header-meta":"","header-above-stick-meta":"","header-main-stick-meta":"","header-below-stick-meta":"","astra-migrate-meta-layouts":"default","ast-page-background-enabled":"default","ast-page-background-meta":{"desktop":{"background-color":"var(--ast-global-color-4)","background-image":"","background-repeat":"repeat","background-position":"center center","background-size":"auto","background-attachment":"scroll","background-type":"","background-media":"","overlay-type":"","overlay-color":"","overlay-opacity":"","overlay-gradient":""},"tablet":{"background-color":"","background-image":"","background-repeat":"repeat","background-position":"center center","background-size":"auto","background-attachment":"scroll","background-type":"","background-media":"","overlay-type":"","overlay-color":"","overlay-opacity":"","overlay-gradient":""},"mobile":{"background-color":"","background-image":"","background-repeat":"repeat","background-position":"center center","background-size":"auto","background-attachment":"scroll","background-type":"","background-media":"","overlay-type":"","overlay-color":"","overlay-opacity":"","overlay-gradient":""}},"ast-content-background-meta":{"desktop":{"background-color":"var(--ast-global-color-5)","background-image":"","background-repeat":"repeat","background-position":"center center","background-size":"auto","background-attachment":"scroll","background-type":"","background-media":"","overlay-type":"","overlay-color":"","overlay-opacity":"","overlay-gradient":""},"tablet":{"background-color":"var(--ast-global-color-5)","background-image":"","background-repeat":"repeat","background-position":"center center","background-size":"auto","background-attachment":"scroll","background-type":"","background-media":"","overlay-type":"","overlay-color":"","overlay-opacity":"","overlay-gradient":""},"mobile":{"background-color":"var(--ast-global-color-5)","background-image":"","background-repeat":"repeat","background-position":"center center","background-size":"auto","background-attachment":"scroll","background-type":"","background-media":"","overlay-type":"","overlay-color":"","overlay-opacity":"","overlay-gradient":""}},"footnotes":""},"categories":[1],"tags":[],"class_list":["post-18070","post","type-post","status-publish","format-standard","has-post-thumbnail","hentry","category-non-classe"],"yoast_head":"<!-- This site is optimized with the Yoast SEO plugin v27.5 - https:\/\/yoast.com\/product\/yoast-seo-wordpress\/ -->\n<title>\ud83c\udf3f Le Chili se rapproche de la l\u00e9galisation du cannabis<\/title>\n<meta name=\"description\" content=\"\ud83c\udf3f Le Chili se pr\u00e9pare \u00e0 l\u00e9galiser le cannabis, une avanc\u00e9e importante dans le d\u00e9bat sur la l\u00e9galisation des drogues.\" \/>\n<meta name=\"robots\" content=\"index, follow, max-snippet:-1, max-image-preview:large, max-video-preview:-1\" \/>\n<link rel=\"canonical\" href=\"https:\/\/www.gardenz.fr\/news\/2025\/04\/25\/le-chili-avance-vers-la-legalisation-du-cannabis\/\" \/>\n<meta property=\"og:locale\" content=\"fr_FR\" \/>\n<meta property=\"og:type\" content=\"article\" \/>\n<meta property=\"og:title\" content=\"\ud83c\udf3f Le Chili se rapproche de la l\u00e9galisation du cannabis\" \/>\n<meta property=\"og:description\" content=\"\ud83c\udf3f Le Chili se pr\u00e9pare \u00e0 l\u00e9galiser le cannabis, une avanc\u00e9e importante dans le d\u00e9bat sur la l\u00e9galisation des drogues.\" \/>\n<meta property=\"og:url\" content=\"https:\/\/www.gardenz.fr\/news\/2025\/04\/25\/le-chili-avance-vers-la-legalisation-du-cannabis\/\" \/>\n<meta property=\"og:site_name\" content=\"Le Blog de Gardenz\" \/>\n<meta property=\"article:published_time\" content=\"2025-04-25T09:46:54+00:00\" \/>\n<meta property=\"article:modified_time\" content=\"2025-07-23T13:56:23+00:00\" \/>\n<meta property=\"og:image\" content=\"https:\/\/www.gardenz.fr\/news\/wp-content\/uploads\/2025\/04\/Le-Chili-avance-vers-la-legalisation-du-cannabissanitize-2025-04-25T094650.333Z.jpg\" \/>\n\t<meta property=\"og:image:width\" content=\"900\" \/>\n\t<meta property=\"og:image:height\" content=\"250\" \/>\n\t<meta property=\"og:image:type\" content=\"image\/jpeg\" \/>\n<meta name=\"author\" content=\"Idan Melicio\" \/>\n<meta name=\"twitter:card\" content=\"summary_large_image\" \/>\n<meta name=\"twitter:label1\" content=\"\u00c9crit par\" \/>\n\t<meta name=\"twitter:data1\" content=\"Idan Melicio\" \/>\n\t<meta name=\"twitter:label2\" content=\"Dur\u00e9e de lecture estim\u00e9e\" \/>\n\t<meta name=\"twitter:data2\" content=\"14 minutes\" \/>\n<script type=\"application\/ld+json\" class=\"yoast-schema-graph\">{\"@context\":\"https:\\\/\\\/schema.org\",\"@graph\":[{\"@type\":\"Article\",\"@id\":\"https:\\\/\\\/www.gardenz.fr\\\/news\\\/2025\\\/04\\\/25\\\/le-chili-avance-vers-la-legalisation-du-cannabis\\\/#article\",\"isPartOf\":{\"@id\":\"https:\\\/\\\/www.gardenz.fr\\\/news\\\/2025\\\/04\\\/25\\\/le-chili-avance-vers-la-legalisation-du-cannabis\\\/\"},\"author\":{\"name\":\"Idan Melicio\",\"@id\":\"https:\\\/\\\/www.gardenz.fr\\\/news\\\/#\\\/schema\\\/person\\\/4c29b13eadec7d3b7f81d3dc8253aa72\"},\"headline\":\"Le Chili avance vers la l\u00e9galisation du cannabis\",\"datePublished\":\"2025-04-25T09:46:54+00:00\",\"dateModified\":\"2025-07-23T13:56:23+00:00\",\"mainEntityOfPage\":{\"@id\":\"https:\\\/\\\/www.gardenz.fr\\\/news\\\/2025\\\/04\\\/25\\\/le-chili-avance-vers-la-legalisation-du-cannabis\\\/\"},\"wordCount\":1121,\"publisher\":{\"@id\":\"https:\\\/\\\/www.gardenz.fr\\\/news\\\/#organization\"},\"image\":{\"@id\":\"https:\\\/\\\/www.gardenz.fr\\\/news\\\/2025\\\/04\\\/25\\\/le-chili-avance-vers-la-legalisation-du-cannabis\\\/#primaryimage\"},\"thumbnailUrl\":\"https:\\\/\\\/www.gardenz.fr\\\/news\\\/wp-content\\\/uploads\\\/2025\\\/04\\\/Le-Chili-avance-vers-la-legalisation-du-cannabissanitize-2025-04-25T094650.333Z.jpg\",\"articleSection\":[\"GENERAL\"],\"inLanguage\":\"fr-FR\"},{\"@type\":\"WebPage\",\"@id\":\"https:\\\/\\\/www.gardenz.fr\\\/news\\\/2025\\\/04\\\/25\\\/le-chili-avance-vers-la-legalisation-du-cannabis\\\/\",\"url\":\"https:\\\/\\\/www.gardenz.fr\\\/news\\\/2025\\\/04\\\/25\\\/le-chili-avance-vers-la-legalisation-du-cannabis\\\/\",\"name\":\"\ud83c\udf3f Le Chili se rapproche de la l\u00e9galisation du cannabis\",\"isPartOf\":{\"@id\":\"https:\\\/\\\/www.gardenz.fr\\\/news\\\/#website\"},\"primaryImageOfPage\":{\"@id\":\"https:\\\/\\\/www.gardenz.fr\\\/news\\\/2025\\\/04\\\/25\\\/le-chili-avance-vers-la-legalisation-du-cannabis\\\/#primaryimage\"},\"image\":{\"@id\":\"https:\\\/\\\/www.gardenz.fr\\\/news\\\/2025\\\/04\\\/25\\\/le-chili-avance-vers-la-legalisation-du-cannabis\\\/#primaryimage\"},\"thumbnailUrl\":\"https:\\\/\\\/www.gardenz.fr\\\/news\\\/wp-content\\\/uploads\\\/2025\\\/04\\\/Le-Chili-avance-vers-la-legalisation-du-cannabissanitize-2025-04-25T094650.333Z.jpg\",\"datePublished\":\"2025-04-25T09:46:54+00:00\",\"dateModified\":\"2025-07-23T13:56:23+00:00\",\"description\":\"\ud83c\udf3f Le Chili se pr\u00e9pare \u00e0 l\u00e9galiser le cannabis, une avanc\u00e9e importante dans le d\u00e9bat sur la l\u00e9galisation des drogues.\",\"breadcrumb\":{\"@id\":\"https:\\\/\\\/www.gardenz.fr\\\/news\\\/2025\\\/04\\\/25\\\/le-chili-avance-vers-la-legalisation-du-cannabis\\\/#breadcrumb\"},\"inLanguage\":\"fr-FR\",\"potentialAction\":[{\"@type\":\"ReadAction\",\"target\":[\"https:\\\/\\\/www.gardenz.fr\\\/news\\\/2025\\\/04\\\/25\\\/le-chili-avance-vers-la-legalisation-du-cannabis\\\/\"]}]},{\"@type\":\"ImageObject\",\"inLanguage\":\"fr-FR\",\"@id\":\"https:\\\/\\\/www.gardenz.fr\\\/news\\\/2025\\\/04\\\/25\\\/le-chili-avance-vers-la-legalisation-du-cannabis\\\/#primaryimage\",\"url\":\"https:\\\/\\\/www.gardenz.fr\\\/news\\\/wp-content\\\/uploads\\\/2025\\\/04\\\/Le-Chili-avance-vers-la-legalisation-du-cannabissanitize-2025-04-25T094650.333Z.jpg\",\"contentUrl\":\"https:\\\/\\\/www.gardenz.fr\\\/news\\\/wp-content\\\/uploads\\\/2025\\\/04\\\/Le-Chili-avance-vers-la-legalisation-du-cannabissanitize-2025-04-25T094650.333Z.jpg\",\"width\":900,\"height\":250,\"caption\":\"Le Chili avance vers la l\u00e9galisation du cannabis\"},{\"@type\":\"BreadcrumbList\",\"@id\":\"https:\\\/\\\/www.gardenz.fr\\\/news\\\/2025\\\/04\\\/25\\\/le-chili-avance-vers-la-legalisation-du-cannabis\\\/#breadcrumb\",\"itemListElement\":[{\"@type\":\"ListItem\",\"position\":1,\"name\":\"Accueil\",\"item\":\"https:\\\/\\\/www.gardenz.fr\\\/news\\\/\"},{\"@type\":\"ListItem\",\"position\":2,\"name\":\"Le Chili avance vers la l\u00e9galisation du cannabis\"}]},{\"@type\":\"WebSite\",\"@id\":\"https:\\\/\\\/www.gardenz.fr\\\/news\\\/#website\",\"url\":\"https:\\\/\\\/www.gardenz.fr\\\/news\\\/\",\"name\":\"Le Blog de Gardenz\",\"description\":\"Best quality CBD\",\"publisher\":{\"@id\":\"https:\\\/\\\/www.gardenz.fr\\\/news\\\/#organization\"},\"potentialAction\":[{\"@type\":\"SearchAction\",\"target\":{\"@type\":\"EntryPoint\",\"urlTemplate\":\"https:\\\/\\\/www.gardenz.fr\\\/news\\\/?s={search_term_string}\"},\"query-input\":{\"@type\":\"PropertyValueSpecification\",\"valueRequired\":true,\"valueName\":\"search_term_string\"}}],\"inLanguage\":\"fr-FR\"},{\"@type\":\"Organization\",\"@id\":\"https:\\\/\\\/www.gardenz.fr\\\/news\\\/#organization\",\"name\":\"Le Blog de Gardenz\",\"url\":\"https:\\\/\\\/www.gardenz.fr\\\/news\\\/\",\"logo\":{\"@type\":\"ImageObject\",\"inLanguage\":\"fr-FR\",\"@id\":\"https:\\\/\\\/www.gardenz.fr\\\/news\\\/#\\\/schema\\\/logo\\\/image\\\/\",\"url\":\"https:\\\/\\\/www.gardenz.fr\\\/news\\\/wp-content\\\/uploads\\\/2022\\\/06\\\/logo-gardenz-feuille-blanc-final.png\",\"contentUrl\":\"https:\\\/\\\/www.gardenz.fr\\\/news\\\/wp-content\\\/uploads\\\/2022\\\/06\\\/logo-gardenz-feuille-blanc-final.png\",\"width\":459,\"height\":200,\"caption\":\"Le Blog de Gardenz\"},\"image\":{\"@id\":\"https:\\\/\\\/www.gardenz.fr\\\/news\\\/#\\\/schema\\\/logo\\\/image\\\/\"}},{\"@type\":\"Person\",\"@id\":\"https:\\\/\\\/www.gardenz.fr\\\/news\\\/#\\\/schema\\\/person\\\/4c29b13eadec7d3b7f81d3dc8253aa72\",\"name\":\"Idan Melicio\",\"image\":{\"@type\":\"ImageObject\",\"inLanguage\":\"fr-FR\",\"@id\":\"https:\\\/\\\/secure.gravatar.com\\\/avatar\\\/a4fed9bf268062e3c5884e1b9288f4a54517dd9041d8c562678849f7f1c1eb43?s=96&d=mm&r=g\",\"url\":\"https:\\\/\\\/secure.gravatar.com\\\/avatar\\\/a4fed9bf268062e3c5884e1b9288f4a54517dd9041d8c562678849f7f1c1eb43?s=96&d=mm&r=g\",\"contentUrl\":\"https:\\\/\\\/secure.gravatar.com\\\/avatar\\\/a4fed9bf268062e3c5884e1b9288f4a54517dd9041d8c562678849f7f1c1eb43?s=96&d=mm&r=g\",\"caption\":\"Idan Melicio\"},\"url\":\"https:\\\/\\\/www.gardenz.fr\\\/news\\\/author\\\/idan-milecio\\\/\"}]}<\/script>\n<!-- \/ Yoast SEO plugin. -->","yoast_head_json":{"title":"\ud83c\udf3f Le Chili se rapproche de la l\u00e9galisation du cannabis","description":"\ud83c\udf3f Le Chili se pr\u00e9pare \u00e0 l\u00e9galiser le cannabis, une avanc\u00e9e importante dans le d\u00e9bat sur la l\u00e9galisation des drogues.","robots":{"index":"index","follow":"follow","max-snippet":"max-snippet:-1","max-image-preview":"max-image-preview:large","max-video-preview":"max-video-preview:-1"},"canonical":"https:\/\/www.gardenz.fr\/news\/2025\/04\/25\/le-chili-avance-vers-la-legalisation-du-cannabis\/","og_locale":"fr_FR","og_type":"article","og_title":"\ud83c\udf3f Le Chili se rapproche de la l\u00e9galisation du cannabis","og_description":"\ud83c\udf3f Le Chili se pr\u00e9pare \u00e0 l\u00e9galiser le cannabis, une avanc\u00e9e importante dans le d\u00e9bat sur la l\u00e9galisation des drogues.","og_url":"https:\/\/www.gardenz.fr\/news\/2025\/04\/25\/le-chili-avance-vers-la-legalisation-du-cannabis\/","og_site_name":"Le Blog de Gardenz","article_published_time":"2025-04-25T09:46:54+00:00","article_modified_time":"2025-07-23T13:56:23+00:00","og_image":[{"width":900,"height":250,"url":"https:\/\/www.gardenz.fr\/news\/wp-content\/uploads\/2025\/04\/Le-Chili-avance-vers-la-legalisation-du-cannabissanitize-2025-04-25T094650.333Z.jpg","type":"image\/jpeg"}],"author":"Idan Melicio","twitter_card":"summary_large_image","twitter_misc":{"\u00c9crit par":"Idan Melicio","Dur\u00e9e de lecture estim\u00e9e":"14 minutes"},"schema":{"@context":"https:\/\/schema.org","@graph":[{"@type":"Article","@id":"https:\/\/www.gardenz.fr\/news\/2025\/04\/25\/le-chili-avance-vers-la-legalisation-du-cannabis\/#article","isPartOf":{"@id":"https:\/\/www.gardenz.fr\/news\/2025\/04\/25\/le-chili-avance-vers-la-legalisation-du-cannabis\/"},"author":{"name":"Idan Melicio","@id":"https:\/\/www.gardenz.fr\/news\/#\/schema\/person\/4c29b13eadec7d3b7f81d3dc8253aa72"},"headline":"Le Chili avance vers la l\u00e9galisation du cannabis","datePublished":"2025-04-25T09:46:54+00:00","dateModified":"2025-07-23T13:56:23+00:00","mainEntityOfPage":{"@id":"https:\/\/www.gardenz.fr\/news\/2025\/04\/25\/le-chili-avance-vers-la-legalisation-du-cannabis\/"},"wordCount":1121,"publisher":{"@id":"https:\/\/www.gardenz.fr\/news\/#organization"},"image":{"@id":"https:\/\/www.gardenz.fr\/news\/2025\/04\/25\/le-chili-avance-vers-la-legalisation-du-cannabis\/#primaryimage"},"thumbnailUrl":"https:\/\/www.gardenz.fr\/news\/wp-content\/uploads\/2025\/04\/Le-Chili-avance-vers-la-legalisation-du-cannabissanitize-2025-04-25T094650.333Z.jpg","articleSection":["GENERAL"],"inLanguage":"fr-FR"},{"@type":"WebPage","@id":"https:\/\/www.gardenz.fr\/news\/2025\/04\/25\/le-chili-avance-vers-la-legalisation-du-cannabis\/","url":"https:\/\/www.gardenz.fr\/news\/2025\/04\/25\/le-chili-avance-vers-la-legalisation-du-cannabis\/","name":"\ud83c\udf3f Le Chili se rapproche de la l\u00e9galisation du cannabis","isPartOf":{"@id":"https:\/\/www.gardenz.fr\/news\/#website"},"primaryImageOfPage":{"@id":"https:\/\/www.gardenz.fr\/news\/2025\/04\/25\/le-chili-avance-vers-la-legalisation-du-cannabis\/#primaryimage"},"image":{"@id":"https:\/\/www.gardenz.fr\/news\/2025\/04\/25\/le-chili-avance-vers-la-legalisation-du-cannabis\/#primaryimage"},"thumbnailUrl":"https:\/\/www.gardenz.fr\/news\/wp-content\/uploads\/2025\/04\/Le-Chili-avance-vers-la-legalisation-du-cannabissanitize-2025-04-25T094650.333Z.jpg","datePublished":"2025-04-25T09:46:54+00:00","dateModified":"2025-07-23T13:56:23+00:00","description":"\ud83c\udf3f Le Chili se pr\u00e9pare \u00e0 l\u00e9galiser le cannabis, une avanc\u00e9e importante dans le d\u00e9bat sur la l\u00e9galisation des drogues.","breadcrumb":{"@id":"https:\/\/www.gardenz.fr\/news\/2025\/04\/25\/le-chili-avance-vers-la-legalisation-du-cannabis\/#breadcrumb"},"inLanguage":"fr-FR","potentialAction":[{"@type":"ReadAction","target":["https:\/\/www.gardenz.fr\/news\/2025\/04\/25\/le-chili-avance-vers-la-legalisation-du-cannabis\/"]}]},{"@type":"ImageObject","inLanguage":"fr-FR","@id":"https:\/\/www.gardenz.fr\/news\/2025\/04\/25\/le-chili-avance-vers-la-legalisation-du-cannabis\/#primaryimage","url":"https:\/\/www.gardenz.fr\/news\/wp-content\/uploads\/2025\/04\/Le-Chili-avance-vers-la-legalisation-du-cannabissanitize-2025-04-25T094650.333Z.jpg","contentUrl":"https:\/\/www.gardenz.fr\/news\/wp-content\/uploads\/2025\/04\/Le-Chili-avance-vers-la-legalisation-du-cannabissanitize-2025-04-25T094650.333Z.jpg","width":900,"height":250,"caption":"Le Chili avance vers la l\u00e9galisation du cannabis"},{"@type":"BreadcrumbList","@id":"https:\/\/www.gardenz.fr\/news\/2025\/04\/25\/le-chili-avance-vers-la-legalisation-du-cannabis\/#breadcrumb","itemListElement":[{"@type":"ListItem","position":1,"name":"Accueil","item":"https:\/\/www.gardenz.fr\/news\/"},{"@type":"ListItem","position":2,"name":"Le Chili avance vers la l\u00e9galisation du cannabis"}]},{"@type":"WebSite","@id":"https:\/\/www.gardenz.fr\/news\/#website","url":"https:\/\/www.gardenz.fr\/news\/","name":"Le Blog de Gardenz","description":"Best quality CBD","publisher":{"@id":"https:\/\/www.gardenz.fr\/news\/#organization"},"potentialAction":[{"@type":"SearchAction","target":{"@type":"EntryPoint","urlTemplate":"https:\/\/www.gardenz.fr\/news\/?s={search_term_string}"},"query-input":{"@type":"PropertyValueSpecification","valueRequired":true,"valueName":"search_term_string"}}],"inLanguage":"fr-FR"},{"@type":"Organization","@id":"https:\/\/www.gardenz.fr\/news\/#organization","name":"Le Blog de Gardenz","url":"https:\/\/www.gardenz.fr\/news\/","logo":{"@type":"ImageObject","inLanguage":"fr-FR","@id":"https:\/\/www.gardenz.fr\/news\/#\/schema\/logo\/image\/","url":"https:\/\/www.gardenz.fr\/news\/wp-content\/uploads\/2022\/06\/logo-gardenz-feuille-blanc-final.png","contentUrl":"https:\/\/www.gardenz.fr\/news\/wp-content\/uploads\/2022\/06\/logo-gardenz-feuille-blanc-final.png","width":459,"height":200,"caption":"Le Blog de Gardenz"},"image":{"@id":"https:\/\/www.gardenz.fr\/news\/#\/schema\/logo\/image\/"}},{"@type":"Person","@id":"https:\/\/www.gardenz.fr\/news\/#\/schema\/person\/4c29b13eadec7d3b7f81d3dc8253aa72","name":"Idan Melicio","image":{"@type":"ImageObject","inLanguage":"fr-FR","@id":"https:\/\/secure.gravatar.com\/avatar\/a4fed9bf268062e3c5884e1b9288f4a54517dd9041d8c562678849f7f1c1eb43?s=96&d=mm&r=g","url":"https:\/\/secure.gravatar.com\/avatar\/a4fed9bf268062e3c5884e1b9288f4a54517dd9041d8c562678849f7f1c1eb43?s=96&d=mm&r=g","contentUrl":"https:\/\/secure.gravatar.com\/avatar\/a4fed9bf268062e3c5884e1b9288f4a54517dd9041d8c562678849f7f1c1eb43?s=96&d=mm&r=g","caption":"Idan Melicio"},"url":"https:\/\/www.gardenz.fr\/news\/author\/idan-milecio\/"}]}},"_links":{"self":[{"href":"https:\/\/www.gardenz.fr\/news\/wp-json\/wp\/v2\/posts\/18070","targetHints":{"allow":["GET"]}}],"collection":[{"href":"https:\/\/www.gardenz.fr\/news\/wp-json\/wp\/v2\/posts"}],"about":[{"href":"https:\/\/www.gardenz.fr\/news\/wp-json\/wp\/v2\/types\/post"}],"author":[{"embeddable":true,"href":"https:\/\/www.gardenz.fr\/news\/wp-json\/wp\/v2\/users\/18"}],"replies":[{"embeddable":true,"href":"https:\/\/www.gardenz.fr\/news\/wp-json\/wp\/v2\/comments?post=18070"}],"version-history":[{"count":3,"href":"https:\/\/www.gardenz.fr\/news\/wp-json\/wp\/v2\/posts\/18070\/revisions"}],"predecessor-version":[{"id":19137,"href":"https:\/\/www.gardenz.fr\/news\/wp-json\/wp\/v2\/posts\/18070\/revisions\/19137"}],"wp:featuredmedia":[{"embeddable":true,"href":"https:\/\/www.gardenz.fr\/news\/wp-json\/wp\/v2\/media\/18069"}],"wp:attachment":[{"href":"https:\/\/www.gardenz.fr\/news\/wp-json\/wp\/v2\/media?parent=18070"}],"wp:term":[{"taxonomy":"category","embeddable":true,"href":"https:\/\/www.gardenz.fr\/news\/wp-json\/wp\/v2\/categories?post=18070"},{"taxonomy":"post_tag","embeddable":true,"href":"https:\/\/www.gardenz.fr\/news\/wp-json\/wp\/v2\/tags?post=18070"}],"curies":[{"name":"wp","href":"https:\/\/api.w.org\/{rel}","templated":true}]}}