{"id":18103,"date":"2025-04-26T06:16:05","date_gmt":"2025-04-26T04:16:05","guid":{"rendered":"https:\/\/www.gardenz.fr\/news\/2025\/04\/26\/le-cannabis-est-il-legal-en-france\/"},"modified":"2025-07-23T15:16:04","modified_gmt":"2025-07-23T13:16:04","slug":"le-cannabis-est-il-legal-en-france","status":"publish","type":"post","link":"https:\/\/www.gardenz.fr\/news\/2025\/04\/26\/le-cannabis-est-il-legal-en-france\/","title":{"rendered":"Le cannabis est-il l\u00e9gal en France ?"},"content":{"rendered":"\t\t<div data-elementor-type=\"wp-post\" data-elementor-id=\"18103\" class=\"elementor elementor-18103\">\n\t\t\t\t\t\t<section class=\"elementor-section elementor-top-section elementor-element elementor-element-2f82a798 elementor-section-boxed elementor-section-height-default elementor-section-height-default\" data-id=\"2f82a798\" data-element_type=\"section\" data-e-type=\"section\">\n\t\t\t\t\t\t<div class=\"elementor-container elementor-column-gap-default\">\n\t\t\t\t\t<div class=\"elementor-column elementor-col-100 elementor-top-column elementor-element elementor-element-19216116\" data-id=\"19216116\" data-element_type=\"column\" data-e-type=\"column\">\n\t\t\t<div class=\"elementor-widget-wrap elementor-element-populated\">\n\t\t\t\t\t\t<div class=\"elementor-element elementor-element-2ca68444 elementor-widget elementor-widget-text-editor\" data-id=\"2ca68444\" data-element_type=\"widget\" data-e-type=\"widget\" data-widget_type=\"text-editor.default\">\n\t\t\t\t<div class=\"elementor-widget-container\">\n\t\t\t\t\t\t\t\t\t<div style=\"margin-left: 10%; margin-right: 10%;\">\n<h2>Comprendre la l\u00e9gislation fran\u00e7aise autour du cannabis<\/h2>\n<p>Le <a href=\"https:\/\/www.gardenz.fr\/310--delta-9-thc\">cannabis<\/a> fait partie des sujets les plus controvers\u00e9s en France \ud83c\uddeb\ud83c\uddf7 Beaucoup se posent des questions sur sa l\u00e9galit\u00e9, ses usages et ce que dit exactement la loi \u00e0 son sujet Aujourd&rsquo;hui, on va \u00e9claircir tout \u00e7a pour que tu y voies plus clair<\/p>\n<h2>Le cadre juridique actuel<\/h2>\n<p>En France, la consommation de cannabis est strictement interdite \ud83d\udeab Que ce soit pour un usage r\u00e9cr\u00e9atif ou personnel, il est ill\u00e9gal de poss\u00e9der, d\u2019acheter, de vendre ou de cultiver du cannabis Cette interdiction est encadr\u00e9e par le Code de la sant\u00e9 publique et par le Code p\u00e9nal, des textes qui pr\u00e9voient des sanctions pouvant aller jusqu\u2019\u00e0 la prison et une amende tr\u00e8s \u00e9lev\u00e9e<\/p>\n<p>Tu te demandes s\u00fbrement quelle est pr\u00e9cis\u00e9ment la sanction si jamais tu poss\u00e8des du cannabis Eh bien, la l\u00e9gislation pr\u00e9voit une amende forfaitaire d\u00e9lictuelle de 200\u20ac, pouvant grimper jusqu&rsquo;\u00e0 450\u20ac en cas de non-paiement dans les d\u00e9lais \ud83d\udcb8 En cas de circonstances aggravantes, comme une conduite sous cannabis ou une r\u00e9cidive, la peine peut \u00eatre beaucoup plus s\u00e9v\u00e8re<\/p>\n<h2>La distinction entre usage m\u00e9dical et usage r\u00e9cr\u00e9atif<\/h2>\n<p>Il faut savoir qu\u2019il existe une petite nuance en France : le cannabis \u00e0 usage m\u00e9dical b\u00e9n\u00e9ficie d\u2019un cadre exp\u00e9rimental depuis 2021 \ud83e\ude7a Cette exp\u00e9rimentation encadr\u00e9e par l\u2019Agence nationale de s\u00e9curit\u00e9 du m\u00e9dicament (ANSM) permet \u00e0 certains patients, atteints notamment de douleurs chroniques ou de formes s\u00e9v\u00e8res d\u2019\u00e9pilepsie, d\u2019avoir acc\u00e8s \u00e0 des traitements \u00e0 base de cannabis m\u00e9dical<\/p>\n<p>Cependant, il s&rsquo;agit d&rsquo;une exp\u00e9rimentation limit\u00e9e dans le temps et strictement contr\u00f4l\u00e9e Ce n\u2019est pas parce que le cannabis m\u00e9dical est tol\u00e9r\u00e9 dans ce cadre sp\u00e9cial que sa consommation devient libre pour tous Ne fais pas cette erreur !<\/p>\n<h2>Le CBD : une exception ?<\/h2>\n<p>Peut-\u00eatre as-tu entendu parler du CBD, ce fameux cannabidiol qui, contrairement au THC, n&rsquo;a pas d&rsquo;effet planant \ud83d\ude0c Bonne nouvelle : le CBD est l\u00e9gal en France, sous certaines conditions Pour qu&rsquo;un produit \u00e0 base de CBD soit l\u00e9gal, il doit provenir de vari\u00e9t\u00e9s de chanvre autoris\u00e9es et contenir un taux de THC inf\u00e9rieur \u00e0 0,3%<\/p>\n<p>Cela explique pourquoi tu peux trouver du CBD sous forme d\u2019huile, de fleurs, ou m\u00eame d&rsquo;infusions dans certaines boutiques Pourtant, attention : toutes les formes et toutes les marques ne respectent pas toujours le cadre l\u00e9gal Assure-toi toujours d\u2019acheter ton CBD aupr\u00e8s de vendeurs fiables et transparents<\/p>\n<h2>Pourquoi cette fermet\u00e9 sur le cannabis ?<\/h2>\n<p>La France adopte une position tr\u00e8s stricte vis-\u00e0-vis du cannabis principalement pour des raisons de sant\u00e9 publique \ud83e\udde0 L\u2019\u00c9tat consid\u00e8re que le cannabis est une drogue pouvant entra\u00eener une d\u00e9pendance et avoir des cons\u00e9quences lourdes sur la sant\u00e9 mentale et physique des consommateurs<\/p>\n<p>Par ailleurs, les pouvoirs publics souhaitent \u00e9viter l&rsquo;effet passerelle, c&rsquo;est-\u00e0-dire l&rsquo;id\u00e9e que le cannabis pourrait inciter ensuite \u00e0 consommer des drogues plus dures Cette position dure vise donc \u00e0 limiter l&rsquo;impact socio-sanitaire du cannabis sur la population<\/p>\n<h2>Les discussions autour d&rsquo;une \u00e9ventuelle l\u00e9galisation<\/h2>\n<p>M\u00eame si aujourd\u2019hui la l\u00e9gislation est claire, les d\u00e9bats restent tr\u00e8s vifs autour d\u2019une possible l\u00e9galisation du cannabis en France \ud83d\udce3 Certains plaident en faveur d&rsquo;une r\u00e9glementation, inspir\u00e9e par des mod\u00e8les comme ceux du Canada ou de certains \u00c9tats am\u00e9ricains Ils estiment que l\u00e9galiser et contr\u00f4ler la vente de cannabis pourrait r\u00e9duire l&rsquo;ins\u00e9curit\u00e9 li\u00e9e aux trafics ill\u00e9gaux, g\u00e9n\u00e9rer des revenus fiscaux importants et mieux prot\u00e9ger la jeunesse<\/p>\n<p>Cependant, d\u2019autres craignent que cela ne banalise sa consommation et aggrave les probl\u00e8mes de sant\u00e9 publique Ainsi pour l\u2019instant, malgr\u00e9 des consultations, rapports et propositions, aucune l\u00e9galisation n\u2019est pr\u00e9vue dans un avenir imm\u00e9diat<\/p>\n<h2>Que risque-t-on vraiment si on consomme du cannabis en France ?<\/h2>\n<p>Il est crucial de comprendre qu\u2019au-del\u00e0 des amendes, la consommation de cannabis peut impacter ta vie bien au-del\u00e0 du portefeuille \u26a0\ufe0f Une mention d&rsquo;usage de stup\u00e9fiant peut figurer sur ton casier judiciaire, ce qui pourrait compliquer l\u2019acc\u00e8s \u00e0 certains emplois, notamment dans la fonction publique ou les m\u00e9tiers li\u00e9s \u00e0 la s\u00e9curit\u00e9<\/p>\n<p>En cas de conduite sous cannabis, les risques sont encore plus s\u00e9rieux : retrait du permis de conduire, immobilisation du v\u00e9hicule, prison et lourdes amendes Autrement dit, au-del\u00e0 de l\u2019aspect r\u00e9cr\u00e9atif, consommer du cannabis en France n\u2019est clairement pas un acte anodin<\/p>\n<h2>Et les tendances europ\u00e9ennes dans tout \u00e7a ?<\/h2>\n<p>Quand on regarde autour de nous en Europe, on constate que les approches diff\u00e8rent largement \ud83c\udf0d Certains pays ont adopt\u00e9 une l\u00e9gislation plus souple, comme les Pays-Bas, l&rsquo;Allemagne ou le Portugal D&rsquo;autres, comme la France, restent sur une ligne tr\u00e8s stricte<\/p>\n<p>Il est possible que l&rsquo;\u00e9volution des politiques dans d&rsquo;autres pays influe \u00e0 moyen ou long terme sur la position fran\u00e7aise Cependant, pour l\u2019instant, il faut bien retenir une chose : le cannabis \u00e0 usage r\u00e9cr\u00e9atif reste et demeure ill\u00e9gal en France<\/p>\n<h2>Comment rester inform\u00e9 et agir en toute conscience<\/h2>\n<p>Tu l&rsquo;as compris, comprendre la loi est essentiel pour \u00e9viter des ennuis inutiles \ud83d\ude09 Au lieu de prendre des risques, privil\u00e9gie des alternatives l\u00e9gales comme le CBD de qualit\u00e9 ou investis ton \u00e9nergie dans des pratiques naturelles et saines pour ton bien-\u00eatre mental et physique<\/p>\n<p>Reste toujours \u00e0 jour, car la l\u00e9gislation fran\u00e7aise est en constante \u00e9volution Et surtout, pose-toi les bonnes questions : est-ce que consommer du cannabis sert vraiment ton projet de vie, ton bien-\u00eatre et ta r\u00e9ussite personnelle ? La libert\u00e9, c&rsquo;est aussi savoir dire non !<\/p>\n<p><a href=\"https:\/\/gardenz.fr\/news\">Tu veux continuer ta lecture ? D\u00e9couvre d&rsquo;autres articles sur en cliquant ici.<\/a><\/p>\n<\/div>\n<p>\u00a0<\/p>\n\n<div class=\"wp-block-group is-layout-constrained wp-block-group-is-layout-constrained\">\n<div class=\"wp-block-columns is-layout-flex wp-container-core-columns-is-layout-28f84493 wp-block-columns-is-layout-flex\">\n<div class=\"wp-block-column is-layout-flow wp-block-column-is-layout-flow\" style=\"flex-basis:20%\">\n<figure class=\"wp-block-image size-full\"><a href=\"https:\/\/www.gardenz.fr\/3-fleur-de-chanvre-cbd\"><img fetchpriority=\"high\" decoding=\"async\" width=\"424\" height=\"600\" src=\"https:\/\/www.gardenz.fr\/news\/wp-content\/uploads\/2025\/03\/FLEUR-DE-CHANVRE-CBD.webp\" alt=\"FLEUR-DE-CHANVRE-CBD\" class=\"wp-image-17519\" srcset=\"https:\/\/www.gardenz.fr\/news\/wp-content\/uploads\/2025\/03\/FLEUR-DE-CHANVRE-CBD.webp 424w, https:\/\/www.gardenz.fr\/news\/wp-content\/uploads\/2025\/03\/FLEUR-DE-CHANVRE-CBD-212x300.webp 212w\" sizes=\"(max-width: 424px) 100vw, 424px\" \/><\/a><\/figure>\n<\/div>\n\n\n\n<div class=\"wp-block-column is-layout-flow wp-block-column-is-layout-flow\" style=\"flex-basis:20%\">\n<figure class=\"wp-block-image size-full\"><a href=\"https:\/\/www.gardenz.fr\/6--resine-cbd\"><img decoding=\"async\" width=\"424\" height=\"600\" src=\"https:\/\/www.gardenz.fr\/news\/wp-content\/uploads\/2025\/03\/RESINE-CBD.webp\" alt=\"R\u00c9SINE-CBD\" class=\"wp-image-17515\" srcset=\"https:\/\/www.gardenz.fr\/news\/wp-content\/uploads\/2025\/03\/RESINE-CBD.webp 424w, https:\/\/www.gardenz.fr\/news\/wp-content\/uploads\/2025\/03\/RESINE-CBD-212x300.webp 212w\" sizes=\"(max-width: 424px) 100vw, 424px\" \/><\/a><\/figure>\n<\/div>\n\n\n\n<div class=\"wp-block-column is-layout-flow wp-block-column-is-layout-flow\" style=\"flex-basis:20%\">\n<figure class=\"wp-block-image size-full\"><a href=\"https:\/\/www.gardenz.fr\/511--weed-psycho\"><img decoding=\"async\" width=\"424\" height=\"600\" src=\"https:\/\/www.gardenz.fr\/news\/wp-content\/uploads\/2025\/03\/PSYCHOACTIFS.webp\" alt=\"PSYCHOACTIFS\" class=\"wp-image-17517\" srcset=\"https:\/\/www.gardenz.fr\/news\/wp-content\/uploads\/2025\/03\/PSYCHOACTIFS.webp 424w, https:\/\/www.gardenz.fr\/news\/wp-content\/uploads\/2025\/03\/PSYCHOACTIFS-212x300.webp 212w\" sizes=\"(max-width: 424px) 100vw, 424px\" \/><\/a><\/figure>\n<\/div>\n\n\n\n<div class=\"wp-block-column is-layout-flow wp-block-column-is-layout-flow\" style=\"flex-basis:20%\">\n<figure class=\"wp-block-image size-full\"><a href=\"https:\/\/www.gardenz.fr\/562--accessoires-weed\"><img loading=\"lazy\" decoding=\"async\" width=\"424\" height=\"600\" src=\"https:\/\/www.gardenz.fr\/news\/wp-content\/uploads\/2025\/03\/ACCESSOIRED.webp\" alt=\"\" class=\"wp-image-17520\" srcset=\"https:\/\/www.gardenz.fr\/news\/wp-content\/uploads\/2025\/03\/ACCESSOIRED.webp 424w, https:\/\/www.gardenz.fr\/news\/wp-content\/uploads\/2025\/03\/ACCESSOIRED-212x300.webp 212w\" sizes=\"(max-width: 424px) 100vw, 424px\" \/><\/a><\/figure>\n<\/div>\n\n\n\n<div class=\"wp-block-column is-layout-flow wp-block-column-is-layout-flow\" style=\"flex-basis:20%\">\n<figure class=\"wp-block-image size-full\"><a href=\"https:\/\/www.gardenz.fr\/284--vaporisateur-weed\"><img loading=\"lazy\" decoding=\"async\" width=\"424\" height=\"600\" src=\"https:\/\/www.gardenz.fr\/news\/wp-content\/uploads\/2025\/03\/VAPORISATEUR-WEED.webp\" alt=\"VAPORISATEUR-WEED\" class=\"wp-image-17514\" srcset=\"https:\/\/www.gardenz.fr\/news\/wp-content\/uploads\/2025\/03\/VAPORISATEUR-WEED.webp 424w, https:\/\/www.gardenz.fr\/news\/wp-content\/uploads\/2025\/03\/VAPORISATEUR-WEED-212x300.webp 212w\" sizes=\"(max-width: 424px) 100vw, 424px\" \/><\/a><\/figure>\n<\/div>\n<\/div>\n<\/div>\n\t\t\t\t\t\t\t\t<\/div>\n\t\t\t\t<\/div>\n\t\t\t\t\t<\/div>\n\t\t<\/div>\n\t\t\t\t\t<\/div>\n\t\t<\/section>\n\t\t\t\t<\/div>\n\t\t","protected":false},"excerpt":{"rendered":"<p>Comprendre la l\u00e9gislation fran\u00e7aise autour du cannabis Le cannabis fait partie des sujets les plus controvers\u00e9s en France \ud83c\uddeb\ud83c\uddf7 Beaucoup se posent des questions sur sa l\u00e9galit\u00e9, ses usages et ce que dit exactement la loi \u00e0 son sujet Aujourd&rsquo;hui, on va \u00e9claircir tout \u00e7a pour que tu y voies plus clair Le cadre juridique [&hellip;]<\/p>\n","protected":false},"author":18,"featured_media":18102,"comment_status":"closed","ping_status":"closed","sticky":false,"template":"","format":"standard","meta":{"site-sidebar-layout":"default","site-content-layout":"","ast-site-content-layout":"default","site-content-style":"default","site-sidebar-style":"default","ast-global-header-display":"","ast-banner-title-visibility":"","ast-main-header-display":"","ast-hfb-above-header-display":"","ast-hfb-below-header-display":"","ast-hfb-mobile-header-display":"","site-post-title":"","ast-breadcrumbs-content":"","ast-featured-img":"","footer-sml-layout":"","ast-disable-related-posts":"","theme-transparent-header-meta":"","adv-header-id-meta":"","stick-header-meta":"","header-above-stick-meta":"","header-main-stick-meta":"","header-below-stick-meta":"","astra-migrate-meta-layouts":"default","ast-page-background-enabled":"default","ast-page-background-meta":{"desktop":{"background-color":"var(--ast-global-color-4)","background-image":"","background-repeat":"repeat","background-position":"center center","background-size":"auto","background-attachment":"scroll","background-type":"","background-media":"","overlay-type":"","overlay-color":"","overlay-opacity":"","overlay-gradient":""},"tablet":{"background-color":"","background-image":"","background-repeat":"repeat","background-position":"center center","background-size":"auto","background-attachment":"scroll","background-type":"","background-media":"","overlay-type":"","overlay-color":"","overlay-opacity":"","overlay-gradient":""},"mobile":{"background-color":"","background-image":"","background-repeat":"repeat","background-position":"center center","background-size":"auto","background-attachment":"scroll","background-type":"","background-media":"","overlay-type":"","overlay-color":"","overlay-opacity":"","overlay-gradient":""}},"ast-content-background-meta":{"desktop":{"background-color":"var(--ast-global-color-5)","background-image":"","background-repeat":"repeat","background-position":"center center","background-size":"auto","background-attachment":"scroll","background-type":"","background-media":"","overlay-type":"","overlay-color":"","overlay-opacity":"","overlay-gradient":""},"tablet":{"background-color":"var(--ast-global-color-5)","background-image":"","background-repeat":"repeat","background-position":"center center","background-size":"auto","background-attachment":"scroll","background-type":"","background-media":"","overlay-type":"","overlay-color":"","overlay-opacity":"","overlay-gradient":""},"mobile":{"background-color":"var(--ast-global-color-5)","background-image":"","background-repeat":"repeat","background-position":"center center","background-size":"auto","background-attachment":"scroll","background-type":"","background-media":"","overlay-type":"","overlay-color":"","overlay-opacity":"","overlay-gradient":""}},"footnotes":""},"categories":[1],"tags":[],"class_list":["post-18103","post","type-post","status-publish","format-standard","has-post-thumbnail","hentry","category-non-classe"],"yoast_head":"<!-- This site is optimized with the Yoast SEO plugin v27.5 - https:\/\/yoast.com\/product\/yoast-seo-wordpress\/ -->\n<title>\ud83c\udf3f Cannabis en France : est-il l\u00e9gal en 2024 ?<\/title>\n<meta name=\"description\" content=\"\ud83d\udeab D\u00e9couvrez la l\u00e9galit\u00e9 du cannabis en France : lois en vigueur, usage autoris\u00e9 ou interdit, risques et sanctions \u00e0 conna\u00eetre.\" \/>\n<meta name=\"robots\" content=\"index, follow, max-snippet:-1, max-image-preview:large, max-video-preview:-1\" \/>\n<link rel=\"canonical\" href=\"https:\/\/www.gardenz.fr\/news\/2025\/04\/26\/le-cannabis-est-il-legal-en-france\/\" \/>\n<meta property=\"og:locale\" content=\"fr_FR\" \/>\n<meta property=\"og:type\" content=\"article\" \/>\n<meta property=\"og:title\" content=\"\ud83c\udf3f Cannabis en France : est-il l\u00e9gal en 2024 ?\" \/>\n<meta property=\"og:description\" content=\"\ud83d\udeab D\u00e9couvrez la l\u00e9galit\u00e9 du cannabis en France : lois en vigueur, usage autoris\u00e9 ou interdit, risques et sanctions \u00e0 conna\u00eetre.\" \/>\n<meta property=\"og:url\" content=\"https:\/\/www.gardenz.fr\/news\/2025\/04\/26\/le-cannabis-est-il-legal-en-france\/\" \/>\n<meta property=\"og:site_name\" content=\"Le Blog de Gardenz\" \/>\n<meta property=\"article:published_time\" content=\"2025-04-26T04:16:05+00:00\" \/>\n<meta property=\"article:modified_time\" content=\"2025-07-23T13:16:04+00:00\" \/>\n<meta property=\"og:image\" content=\"https:\/\/www.gardenz.fr\/news\/wp-content\/uploads\/2025\/04\/Le-cannabis-est-il-legal-en-France-sanitizesanitize-2025-04-26T041604.256Z.jpg\" \/>\n\t<meta property=\"og:image:width\" content=\"900\" \/>\n\t<meta property=\"og:image:height\" content=\"250\" \/>\n\t<meta property=\"og:image:type\" content=\"image\/jpeg\" \/>\n<meta name=\"author\" content=\"Idan Melicio\" \/>\n<meta name=\"twitter:card\" content=\"summary_large_image\" \/>\n<meta name=\"twitter:label1\" content=\"\u00c9crit par\" \/>\n\t<meta name=\"twitter:data1\" content=\"Idan Melicio\" \/>\n\t<meta name=\"twitter:label2\" content=\"Dur\u00e9e de lecture estim\u00e9e\" \/>\n\t<meta name=\"twitter:data2\" content=\"7 minutes\" \/>\n<script type=\"application\/ld+json\" class=\"yoast-schema-graph\">{\"@context\":\"https:\\\/\\\/schema.org\",\"@graph\":[{\"@type\":\"Article\",\"@id\":\"https:\\\/\\\/www.gardenz.fr\\\/news\\\/2025\\\/04\\\/26\\\/le-cannabis-est-il-legal-en-france\\\/#article\",\"isPartOf\":{\"@id\":\"https:\\\/\\\/www.gardenz.fr\\\/news\\\/2025\\\/04\\\/26\\\/le-cannabis-est-il-legal-en-france\\\/\"},\"author\":{\"name\":\"Idan Melicio\",\"@id\":\"https:\\\/\\\/www.gardenz.fr\\\/news\\\/#\\\/schema\\\/person\\\/4c29b13eadec7d3b7f81d3dc8253aa72\"},\"headline\":\"Le cannabis est-il l\u00e9gal en France ?\",\"datePublished\":\"2025-04-26T04:16:05+00:00\",\"dateModified\":\"2025-07-23T13:16:04+00:00\",\"mainEntityOfPage\":{\"@id\":\"https:\\\/\\\/www.gardenz.fr\\\/news\\\/2025\\\/04\\\/26\\\/le-cannabis-est-il-legal-en-france\\\/\"},\"wordCount\":1009,\"publisher\":{\"@id\":\"https:\\\/\\\/www.gardenz.fr\\\/news\\\/#organization\"},\"image\":{\"@id\":\"https:\\\/\\\/www.gardenz.fr\\\/news\\\/2025\\\/04\\\/26\\\/le-cannabis-est-il-legal-en-france\\\/#primaryimage\"},\"thumbnailUrl\":\"https:\\\/\\\/www.gardenz.fr\\\/news\\\/wp-content\\\/uploads\\\/2025\\\/04\\\/Le-cannabis-est-il-legal-en-France-sanitizesanitize-2025-04-26T041604.256Z.jpg\",\"articleSection\":[\"GENERAL\"],\"inLanguage\":\"fr-FR\"},{\"@type\":\"WebPage\",\"@id\":\"https:\\\/\\\/www.gardenz.fr\\\/news\\\/2025\\\/04\\\/26\\\/le-cannabis-est-il-legal-en-france\\\/\",\"url\":\"https:\\\/\\\/www.gardenz.fr\\\/news\\\/2025\\\/04\\\/26\\\/le-cannabis-est-il-legal-en-france\\\/\",\"name\":\"\ud83c\udf3f Cannabis en France : est-il l\u00e9gal en 2024 ?\",\"isPartOf\":{\"@id\":\"https:\\\/\\\/www.gardenz.fr\\\/news\\\/#website\"},\"primaryImageOfPage\":{\"@id\":\"https:\\\/\\\/www.gardenz.fr\\\/news\\\/2025\\\/04\\\/26\\\/le-cannabis-est-il-legal-en-france\\\/#primaryimage\"},\"image\":{\"@id\":\"https:\\\/\\\/www.gardenz.fr\\\/news\\\/2025\\\/04\\\/26\\\/le-cannabis-est-il-legal-en-france\\\/#primaryimage\"},\"thumbnailUrl\":\"https:\\\/\\\/www.gardenz.fr\\\/news\\\/wp-content\\\/uploads\\\/2025\\\/04\\\/Le-cannabis-est-il-legal-en-France-sanitizesanitize-2025-04-26T041604.256Z.jpg\",\"datePublished\":\"2025-04-26T04:16:05+00:00\",\"dateModified\":\"2025-07-23T13:16:04+00:00\",\"description\":\"\ud83d\udeab D\u00e9couvrez la l\u00e9galit\u00e9 du cannabis en France : lois en vigueur, usage autoris\u00e9 ou interdit, risques et sanctions \u00e0 conna\u00eetre.\",\"breadcrumb\":{\"@id\":\"https:\\\/\\\/www.gardenz.fr\\\/news\\\/2025\\\/04\\\/26\\\/le-cannabis-est-il-legal-en-france\\\/#breadcrumb\"},\"inLanguage\":\"fr-FR\",\"potentialAction\":[{\"@type\":\"ReadAction\",\"target\":[\"https:\\\/\\\/www.gardenz.fr\\\/news\\\/2025\\\/04\\\/26\\\/le-cannabis-est-il-legal-en-france\\\/\"]}]},{\"@type\":\"ImageObject\",\"inLanguage\":\"fr-FR\",\"@id\":\"https:\\\/\\\/www.gardenz.fr\\\/news\\\/2025\\\/04\\\/26\\\/le-cannabis-est-il-legal-en-france\\\/#primaryimage\",\"url\":\"https:\\\/\\\/www.gardenz.fr\\\/news\\\/wp-content\\\/uploads\\\/2025\\\/04\\\/Le-cannabis-est-il-legal-en-France-sanitizesanitize-2025-04-26T041604.256Z.jpg\",\"contentUrl\":\"https:\\\/\\\/www.gardenz.fr\\\/news\\\/wp-content\\\/uploads\\\/2025\\\/04\\\/Le-cannabis-est-il-legal-en-France-sanitizesanitize-2025-04-26T041604.256Z.jpg\",\"width\":900,\"height\":250,\"caption\":\"Le cannabis est-il l\u00e9gal en France ?\"},{\"@type\":\"BreadcrumbList\",\"@id\":\"https:\\\/\\\/www.gardenz.fr\\\/news\\\/2025\\\/04\\\/26\\\/le-cannabis-est-il-legal-en-france\\\/#breadcrumb\",\"itemListElement\":[{\"@type\":\"ListItem\",\"position\":1,\"name\":\"Accueil\",\"item\":\"https:\\\/\\\/www.gardenz.fr\\\/news\\\/\"},{\"@type\":\"ListItem\",\"position\":2,\"name\":\"Le cannabis est-il l\u00e9gal en France ?\"}]},{\"@type\":\"WebSite\",\"@id\":\"https:\\\/\\\/www.gardenz.fr\\\/news\\\/#website\",\"url\":\"https:\\\/\\\/www.gardenz.fr\\\/news\\\/\",\"name\":\"Le Blog de Gardenz\",\"description\":\"Best quality CBD\",\"publisher\":{\"@id\":\"https:\\\/\\\/www.gardenz.fr\\\/news\\\/#organization\"},\"potentialAction\":[{\"@type\":\"SearchAction\",\"target\":{\"@type\":\"EntryPoint\",\"urlTemplate\":\"https:\\\/\\\/www.gardenz.fr\\\/news\\\/?s={search_term_string}\"},\"query-input\":{\"@type\":\"PropertyValueSpecification\",\"valueRequired\":true,\"valueName\":\"search_term_string\"}}],\"inLanguage\":\"fr-FR\"},{\"@type\":\"Organization\",\"@id\":\"https:\\\/\\\/www.gardenz.fr\\\/news\\\/#organization\",\"name\":\"Le Blog de Gardenz\",\"url\":\"https:\\\/\\\/www.gardenz.fr\\\/news\\\/\",\"logo\":{\"@type\":\"ImageObject\",\"inLanguage\":\"fr-FR\",\"@id\":\"https:\\\/\\\/www.gardenz.fr\\\/news\\\/#\\\/schema\\\/logo\\\/image\\\/\",\"url\":\"https:\\\/\\\/www.gardenz.fr\\\/news\\\/wp-content\\\/uploads\\\/2022\\\/06\\\/logo-gardenz-feuille-blanc-final.png\",\"contentUrl\":\"https:\\\/\\\/www.gardenz.fr\\\/news\\\/wp-content\\\/uploads\\\/2022\\\/06\\\/logo-gardenz-feuille-blanc-final.png\",\"width\":459,\"height\":200,\"caption\":\"Le Blog de Gardenz\"},\"image\":{\"@id\":\"https:\\\/\\\/www.gardenz.fr\\\/news\\\/#\\\/schema\\\/logo\\\/image\\\/\"}},{\"@type\":\"Person\",\"@id\":\"https:\\\/\\\/www.gardenz.fr\\\/news\\\/#\\\/schema\\\/person\\\/4c29b13eadec7d3b7f81d3dc8253aa72\",\"name\":\"Idan Melicio\",\"image\":{\"@type\":\"ImageObject\",\"inLanguage\":\"fr-FR\",\"@id\":\"https:\\\/\\\/secure.gravatar.com\\\/avatar\\\/a4fed9bf268062e3c5884e1b9288f4a54517dd9041d8c562678849f7f1c1eb43?s=96&d=mm&r=g\",\"url\":\"https:\\\/\\\/secure.gravatar.com\\\/avatar\\\/a4fed9bf268062e3c5884e1b9288f4a54517dd9041d8c562678849f7f1c1eb43?s=96&d=mm&r=g\",\"contentUrl\":\"https:\\\/\\\/secure.gravatar.com\\\/avatar\\\/a4fed9bf268062e3c5884e1b9288f4a54517dd9041d8c562678849f7f1c1eb43?s=96&d=mm&r=g\",\"caption\":\"Idan Melicio\"},\"url\":\"https:\\\/\\\/www.gardenz.fr\\\/news\\\/author\\\/idan-milecio\\\/\"}]}<\/script>\n<!-- \/ Yoast SEO plugin. -->","yoast_head_json":{"title":"\ud83c\udf3f Cannabis en France : est-il l\u00e9gal en 2024 ?","description":"\ud83d\udeab D\u00e9couvrez la l\u00e9galit\u00e9 du cannabis en France : lois en vigueur, usage autoris\u00e9 ou interdit, risques et sanctions \u00e0 conna\u00eetre.","robots":{"index":"index","follow":"follow","max-snippet":"max-snippet:-1","max-image-preview":"max-image-preview:large","max-video-preview":"max-video-preview:-1"},"canonical":"https:\/\/www.gardenz.fr\/news\/2025\/04\/26\/le-cannabis-est-il-legal-en-france\/","og_locale":"fr_FR","og_type":"article","og_title":"\ud83c\udf3f Cannabis en France : est-il l\u00e9gal en 2024 ?","og_description":"\ud83d\udeab D\u00e9couvrez la l\u00e9galit\u00e9 du cannabis en France : lois en vigueur, usage autoris\u00e9 ou interdit, risques et sanctions \u00e0 conna\u00eetre.","og_url":"https:\/\/www.gardenz.fr\/news\/2025\/04\/26\/le-cannabis-est-il-legal-en-france\/","og_site_name":"Le Blog de Gardenz","article_published_time":"2025-04-26T04:16:05+00:00","article_modified_time":"2025-07-23T13:16:04+00:00","og_image":[{"width":900,"height":250,"url":"https:\/\/www.gardenz.fr\/news\/wp-content\/uploads\/2025\/04\/Le-cannabis-est-il-legal-en-France-sanitizesanitize-2025-04-26T041604.256Z.jpg","type":"image\/jpeg"}],"author":"Idan Melicio","twitter_card":"summary_large_image","twitter_misc":{"\u00c9crit par":"Idan Melicio","Dur\u00e9e de lecture estim\u00e9e":"7 minutes"},"schema":{"@context":"https:\/\/schema.org","@graph":[{"@type":"Article","@id":"https:\/\/www.gardenz.fr\/news\/2025\/04\/26\/le-cannabis-est-il-legal-en-france\/#article","isPartOf":{"@id":"https:\/\/www.gardenz.fr\/news\/2025\/04\/26\/le-cannabis-est-il-legal-en-france\/"},"author":{"name":"Idan Melicio","@id":"https:\/\/www.gardenz.fr\/news\/#\/schema\/person\/4c29b13eadec7d3b7f81d3dc8253aa72"},"headline":"Le cannabis est-il l\u00e9gal en France ?","datePublished":"2025-04-26T04:16:05+00:00","dateModified":"2025-07-23T13:16:04+00:00","mainEntityOfPage":{"@id":"https:\/\/www.gardenz.fr\/news\/2025\/04\/26\/le-cannabis-est-il-legal-en-france\/"},"wordCount":1009,"publisher":{"@id":"https:\/\/www.gardenz.fr\/news\/#organization"},"image":{"@id":"https:\/\/www.gardenz.fr\/news\/2025\/04\/26\/le-cannabis-est-il-legal-en-france\/#primaryimage"},"thumbnailUrl":"https:\/\/www.gardenz.fr\/news\/wp-content\/uploads\/2025\/04\/Le-cannabis-est-il-legal-en-France-sanitizesanitize-2025-04-26T041604.256Z.jpg","articleSection":["GENERAL"],"inLanguage":"fr-FR"},{"@type":"WebPage","@id":"https:\/\/www.gardenz.fr\/news\/2025\/04\/26\/le-cannabis-est-il-legal-en-france\/","url":"https:\/\/www.gardenz.fr\/news\/2025\/04\/26\/le-cannabis-est-il-legal-en-france\/","name":"\ud83c\udf3f Cannabis en France : est-il l\u00e9gal en 2024 ?","isPartOf":{"@id":"https:\/\/www.gardenz.fr\/news\/#website"},"primaryImageOfPage":{"@id":"https:\/\/www.gardenz.fr\/news\/2025\/04\/26\/le-cannabis-est-il-legal-en-france\/#primaryimage"},"image":{"@id":"https:\/\/www.gardenz.fr\/news\/2025\/04\/26\/le-cannabis-est-il-legal-en-france\/#primaryimage"},"thumbnailUrl":"https:\/\/www.gardenz.fr\/news\/wp-content\/uploads\/2025\/04\/Le-cannabis-est-il-legal-en-France-sanitizesanitize-2025-04-26T041604.256Z.jpg","datePublished":"2025-04-26T04:16:05+00:00","dateModified":"2025-07-23T13:16:04+00:00","description":"\ud83d\udeab D\u00e9couvrez la l\u00e9galit\u00e9 du cannabis en France : lois en vigueur, usage autoris\u00e9 ou interdit, risques et sanctions \u00e0 conna\u00eetre.","breadcrumb":{"@id":"https:\/\/www.gardenz.fr\/news\/2025\/04\/26\/le-cannabis-est-il-legal-en-france\/#breadcrumb"},"inLanguage":"fr-FR","potentialAction":[{"@type":"ReadAction","target":["https:\/\/www.gardenz.fr\/news\/2025\/04\/26\/le-cannabis-est-il-legal-en-france\/"]}]},{"@type":"ImageObject","inLanguage":"fr-FR","@id":"https:\/\/www.gardenz.fr\/news\/2025\/04\/26\/le-cannabis-est-il-legal-en-france\/#primaryimage","url":"https:\/\/www.gardenz.fr\/news\/wp-content\/uploads\/2025\/04\/Le-cannabis-est-il-legal-en-France-sanitizesanitize-2025-04-26T041604.256Z.jpg","contentUrl":"https:\/\/www.gardenz.fr\/news\/wp-content\/uploads\/2025\/04\/Le-cannabis-est-il-legal-en-France-sanitizesanitize-2025-04-26T041604.256Z.jpg","width":900,"height":250,"caption":"Le cannabis est-il l\u00e9gal en France ?"},{"@type":"BreadcrumbList","@id":"https:\/\/www.gardenz.fr\/news\/2025\/04\/26\/le-cannabis-est-il-legal-en-france\/#breadcrumb","itemListElement":[{"@type":"ListItem","position":1,"name":"Accueil","item":"https:\/\/www.gardenz.fr\/news\/"},{"@type":"ListItem","position":2,"name":"Le cannabis est-il l\u00e9gal en France ?"}]},{"@type":"WebSite","@id":"https:\/\/www.gardenz.fr\/news\/#website","url":"https:\/\/www.gardenz.fr\/news\/","name":"Le Blog de Gardenz","description":"Best quality CBD","publisher":{"@id":"https:\/\/www.gardenz.fr\/news\/#organization"},"potentialAction":[{"@type":"SearchAction","target":{"@type":"EntryPoint","urlTemplate":"https:\/\/www.gardenz.fr\/news\/?s={search_term_string}"},"query-input":{"@type":"PropertyValueSpecification","valueRequired":true,"valueName":"search_term_string"}}],"inLanguage":"fr-FR"},{"@type":"Organization","@id":"https:\/\/www.gardenz.fr\/news\/#organization","name":"Le Blog de Gardenz","url":"https:\/\/www.gardenz.fr\/news\/","logo":{"@type":"ImageObject","inLanguage":"fr-FR","@id":"https:\/\/www.gardenz.fr\/news\/#\/schema\/logo\/image\/","url":"https:\/\/www.gardenz.fr\/news\/wp-content\/uploads\/2022\/06\/logo-gardenz-feuille-blanc-final.png","contentUrl":"https:\/\/www.gardenz.fr\/news\/wp-content\/uploads\/2022\/06\/logo-gardenz-feuille-blanc-final.png","width":459,"height":200,"caption":"Le Blog de Gardenz"},"image":{"@id":"https:\/\/www.gardenz.fr\/news\/#\/schema\/logo\/image\/"}},{"@type":"Person","@id":"https:\/\/www.gardenz.fr\/news\/#\/schema\/person\/4c29b13eadec7d3b7f81d3dc8253aa72","name":"Idan Melicio","image":{"@type":"ImageObject","inLanguage":"fr-FR","@id":"https:\/\/secure.gravatar.com\/avatar\/a4fed9bf268062e3c5884e1b9288f4a54517dd9041d8c562678849f7f1c1eb43?s=96&d=mm&r=g","url":"https:\/\/secure.gravatar.com\/avatar\/a4fed9bf268062e3c5884e1b9288f4a54517dd9041d8c562678849f7f1c1eb43?s=96&d=mm&r=g","contentUrl":"https:\/\/secure.gravatar.com\/avatar\/a4fed9bf268062e3c5884e1b9288f4a54517dd9041d8c562678849f7f1c1eb43?s=96&d=mm&r=g","caption":"Idan Melicio"},"url":"https:\/\/www.gardenz.fr\/news\/author\/idan-milecio\/"}]}},"_links":{"self":[{"href":"https:\/\/www.gardenz.fr\/news\/wp-json\/wp\/v2\/posts\/18103","targetHints":{"allow":["GET"]}}],"collection":[{"href":"https:\/\/www.gardenz.fr\/news\/wp-json\/wp\/v2\/posts"}],"about":[{"href":"https:\/\/www.gardenz.fr\/news\/wp-json\/wp\/v2\/types\/post"}],"author":[{"embeddable":true,"href":"https:\/\/www.gardenz.fr\/news\/wp-json\/wp\/v2\/users\/18"}],"replies":[{"embeddable":true,"href":"https:\/\/www.gardenz.fr\/news\/wp-json\/wp\/v2\/comments?post=18103"}],"version-history":[{"count":4,"href":"https:\/\/www.gardenz.fr\/news\/wp-json\/wp\/v2\/posts\/18103\/revisions"}],"predecessor-version":[{"id":19096,"href":"https:\/\/www.gardenz.fr\/news\/wp-json\/wp\/v2\/posts\/18103\/revisions\/19096"}],"wp:featuredmedia":[{"embeddable":true,"href":"https:\/\/www.gardenz.fr\/news\/wp-json\/wp\/v2\/media\/18102"}],"wp:attachment":[{"href":"https:\/\/www.gardenz.fr\/news\/wp-json\/wp\/v2\/media?parent=18103"}],"wp:term":[{"taxonomy":"category","embeddable":true,"href":"https:\/\/www.gardenz.fr\/news\/wp-json\/wp\/v2\/categories?post=18103"},{"taxonomy":"post_tag","embeddable":true,"href":"https:\/\/www.gardenz.fr\/news\/wp-json\/wp\/v2\/tags?post=18103"}],"curies":[{"name":"wp","href":"https:\/\/api.w.org\/{rel}","templated":true}]}}