{"id":18145,"date":"2025-04-29T00:16:21","date_gmt":"2025-04-28T22:16:21","guid":{"rendered":"https:\/\/www.gardenz.fr\/news\/2025\/04\/29\/les-pays-ou-le-cannabis-est-legal-en-2025\/"},"modified":"2025-07-23T12:58:40","modified_gmt":"2025-07-23T10:58:40","slug":"les-pays-ou-le-cannabis-est-legal-en-2025","status":"publish","type":"post","link":"https:\/\/www.gardenz.fr\/news\/2025\/04\/29\/les-pays-ou-le-cannabis-est-legal-en-2025\/","title":{"rendered":"Les pays o\u00f9 le cannabis est l\u00e9gal en 2025"},"content":{"rendered":"\t\t<div data-elementor-type=\"wp-post\" data-elementor-id=\"18145\" class=\"elementor elementor-18145\">\n\t\t\t\t\t\t<section class=\"elementor-section elementor-top-section elementor-element elementor-element-625ea778 elementor-section-boxed elementor-section-height-default elementor-section-height-default\" data-id=\"625ea778\" data-element_type=\"section\" data-e-type=\"section\">\n\t\t\t\t\t\t<div class=\"elementor-container elementor-column-gap-default\">\n\t\t\t\t\t<div class=\"elementor-column elementor-col-100 elementor-top-column elementor-element elementor-element-c514bda\" data-id=\"c514bda\" data-element_type=\"column\" data-e-type=\"column\">\n\t\t\t<div class=\"elementor-widget-wrap elementor-element-populated\">\n\t\t\t\t\t\t<div class=\"elementor-element elementor-element-56fc2487 elementor-widget elementor-widget-text-editor\" data-id=\"56fc2487\" data-element_type=\"widget\" data-e-type=\"widget\" data-widget_type=\"text-editor.default\">\n\t\t\t\t<div class=\"elementor-widget-container\">\n\t\t\t\t\t\t\t\t\t<div style=\"margin-left: 10%; margin-right: 10%;\">\n<h1>Tour du monde des l\u00e9galisations du cannabis en 2025<\/h1>\n<p>Tu veux savoir o\u00f9 poser tes valises pour profiter l\u00e9galement du <a href=\"https:\/\/www.gardenz.fr\/310--delta-9-thc\">cannabis<\/a> en 2025 \ud83c\udf0e ? alors tiens-toi pr\u00eat car le paysage mondial a bien chang\u00e9 ces derni\u00e8res ann\u00e9es, et certaines destinations que tu n\u2019aurais jamais imagin\u00e9es apparaissent d\u00e9sormais sur la carte verte du cannabis.<\/p>\n<h2>Am\u00e9rique du Nord : pionni\u00e8re, et toujours en avance<\/h2>\n<p>tu le sais s\u00fbrement d\u00e9j\u00e0, mais le Canada reste une r\u00e9f\u00e9rence incontournable depuis la l\u00e9galisation compl\u00e8te du cannabis en 2018 \ud83c\udf41, au nord comme au sud, tu peux acheter ton herbe en toute l\u00e9galit\u00e9, que ce soit pour un usage m\u00e9dical ou r\u00e9cr\u00e9atif, et les dispensaires y sont quasiment aussi courants que les caf\u00e9s traditionnels.<\/p>\n<p>aux \u00c9tats-Unis, la transformation est plus complexe, mais d\u2019autant plus fascinante \u00e0 observer, en 2025, plus de 30 \u00c9tats autorisent le cannabis r\u00e9cr\u00e9atif, avec des bastions comme la Californie, le Colorado, le Nevada ou encore New York qui continuent \u00e0 \u00eatre des mod\u00e8les \ud83c\udf06, le gouvernement f\u00e9d\u00e9ral, bien que plus progressiste, n\u2019a toujours pas officialis\u00e9 la l\u00e9galisation nationale, mais les signaux sont clairs : une r\u00e9gulation compl\u00e8te se profile \u00e0 l\u2019horizon.<\/p>\n<h2>Am\u00e9rique latine : un vent de libert\u00e9 souffle du sud<\/h2>\n<p>l\u2019Uruguay a \u00e9t\u00e9 en 2013 le premier pays au monde \u00e0 l\u00e9galiser totalement le cannabis \ud83c\udf3f, une d\u00e9cision historique qui continue \u00e0 inspirer la r\u00e9gion, en 2025, les citoyens peuvent toujours acheter du cannabis en pharmacie et m\u00eame le cultiver chez eux sans craindre la loi.<\/p>\n<p>le Mexique, apr\u00e8s des ann\u00e9es de d\u00e9bats parlementaires, a finalement l\u00e9galis\u00e9 le cannabis r\u00e9cr\u00e9atif en 2023 et voit en 2025 l\u2019\u00e9mergence d\u2019une industrie dynamique, bien que des d\u00e9fis persistent, l\u2019engouement des entrepreneurs et des consommateurs ne faiblit pas.<\/p>\n<p>la Colombie, longtemps frein\u00e9e par son image associ\u00e9e aux cartels, a fait un pas majeur cette ann\u00e9e avec la l\u00e9galisation de l\u2019usage r\u00e9cr\u00e9atif, elle mise d\u00e9sormais sur le d\u00e9veloppement d\u2019une fili\u00e8re \u00e9thique et durable pour redorer son image mondiale \ud83c\udf1e.<\/p>\n<h2>Europe : doucement mais s\u00fbrement<\/h2>\n<p>en 2025, le vent du changement souffle fort sur le vieux continent, l\u2019Allemagne a franchi un cap en l\u00e9galisant officiellement le cannabis r\u00e9cr\u00e9atif en 2024, une premi\u00e8re au sein du G7 \ud83c\udde9\ud83c\uddea, les clubs sociaux cannabiques y fleurissent, et la production locale se structure pour r\u00e9pondre \u00e0 une demande croissante.<\/p>\n<p>au Luxembourg, la possession et la culture \u00e0 domicile sont autoris\u00e9es dans un cadre encadr\u00e9, un mod\u00e8le hybride qui inspire fortement des pays voisins comme la Belgique ou les Pays-Bas, qui r\u00e9visent progressivement leurs politiques historiques bas\u00e9es sur la tol\u00e9rance.<\/p>\n<p>quant au Portugal, pionnier de la d\u00e9p\u00e9nalisation, il continue d\u2019affiner sa r\u00e9gulation avec une approche centr\u00e9e sur la sant\u00e9 publique et la pr\u00e9vention, sans oublier Malte, premier pays europ\u00e9en \u00e0 avoir l\u00e9galis\u00e9 la culture personnelle et les associations en 2021 \ud83c\udf0a.<\/p>\n<h2>Afrique : des promesses en germination<\/h2>\n<p>le continent africain est souvent \u00e0 la tra\u00eene c\u00f4t\u00e9 l\u00e9gislation, mais certains pays \u00e9mergent comme leaders inattendus, l\u2019Afrique du Sud fait figure de pionni\u00e8re avec une l\u00e9galisation partielle ax\u00e9e sur l\u2019usage priv\u00e9 \ud83c\udf04, en 2025, les discussions pour \u00e9largir l\u2019acc\u00e8s au march\u00e9 l\u00e9gal sont en cours, soutenues par la demande internationale et l&rsquo;int\u00e9r\u00eat \u00e9conomique.<\/p>\n<p>le Maroc, acteur historique de la culture du cannabis, a l\u00e9galis\u00e9 la culture \u00e0 des fins m\u00e9dicales et industrielles, avec l\u2019ambition d\u2019encadrer une activit\u00e9 d\u00e9j\u00e0 profond\u00e9ment enracin\u00e9e dans certaines r\u00e9gions comme le Rif.<\/p>\n<h2>Asie : entre interdictions strictes et timides ouvertures<\/h2>\n<p>l\u2019Asie reste globalement tr\u00e8s restrictive, mais quelques signaux positifs \u00e9mergent, la Tha\u00eflande est devenue en 2022 le premier pays de la r\u00e9gion \u00e0 l\u00e9galiser le cannabis m\u00e9dicinal, et en 2025, elle continue d\u2019\u00e9tendre les droits des consommateurs, bien que la consommation r\u00e9cr\u00e9ative reste floue, l\u2019offre touristique autour du cannabis explose \ud83d\udcbc.<\/p>\n<p>en Inde, bien que le cannabis reste largement ill\u00e9gal, certains \u00c9tats comme l\u2019Uttarakhand misent sur une renaissance traditionnelle de la plante, tandis qu\u2019au Japon et en Cor\u00e9e du Sud, la l\u00e9gislation demeure extr\u00eamement restrictive, avec des sanctions s\u00e9v\u00e8res pour usage ou possession.<\/p>\n<h2>Oc\u00e9anie : des exp\u00e9rimentations audacieuses<\/h2>\n<p>l\u2019Australie avance lentement mais s\u00fbrement dans sa politique cannabique, en 2025, le territoire de la capitale Canberra permet toujours la culture et consommation personnelle, et de nombreux d\u00e9bats sont en cours pour une extension nationale \ud83d\udc28.<\/p>\n<p>en Nouvelle-Z\u00e9lande, apr\u00e8s un r\u00e9f\u00e9rendum perdu de peu en 2020, la pression citoyenne se fait sentir de nouveau, poussant certains partis \u00e0 remettre la l\u00e9galisation sur la table des discussions parlementaires.<\/p>\n<h2>Qu\u2019attendre de demain ?<\/h2>\n<p>en 2025, le monde se divise encore entre pays pionniers, \u00c9tats pragmatiques et nations conservatrices, mais une chose est s\u00fbre : la trajectoire est en marche vers une acceptation globale du cannabis \ud83c\udf31, les b\u00e9n\u00e9fices \u00e9conomiques, sanitaires et sociaux amplifient les appels \u00e0 la r\u00e9gulation, et les r\u00e9formes engag\u00e9es aujourd\u2019hui d\u00e9finiront les standards de demain.<\/p>\n<p>si tu es curieux de voyager et d\u00e9couvrir des cultures o\u00f9 le cannabis est plus qu\u2019un tabou, c\u2019est peut-\u00eatre le bon moment de faire ta valise, car d\u2019un continent \u00e0 l\u2019autre, de plus en plus de pays s\u2019ouvrent \u00e0 cette plante mill\u00e9naire avec audace et modernit\u00e9.<\/p>\n<a href=\"https:\/\/gardenz.fr\/news\">Tu veux continuer ta lecture ? D\u00e9couvre d&rsquo;autres articles en cliquant ici.<\/a><\/div>\n\n<div class=\"wp-block-group is-layout-constrained wp-block-group-is-layout-constrained\">\n<div class=\"wp-block-columns is-layout-flex wp-container-core-columns-is-layout-28f84493 wp-block-columns-is-layout-flex\">\n<div class=\"wp-block-column is-layout-flow wp-block-column-is-layout-flow\" style=\"flex-basis:20%\">\n<figure class=\"wp-block-image size-full\"><a href=\"https:\/\/www.gardenz.fr\/3-fleur-de-chanvre-cbd\"><img fetchpriority=\"high\" decoding=\"async\" width=\"424\" height=\"600\" src=\"https:\/\/www.gardenz.fr\/news\/wp-content\/uploads\/2025\/03\/FLEUR-DE-CHANVRE-CBD.webp\" alt=\"FLEUR-DE-CHANVRE-CBD\" class=\"wp-image-17519\" srcset=\"https:\/\/www.gardenz.fr\/news\/wp-content\/uploads\/2025\/03\/FLEUR-DE-CHANVRE-CBD.webp 424w, https:\/\/www.gardenz.fr\/news\/wp-content\/uploads\/2025\/03\/FLEUR-DE-CHANVRE-CBD-212x300.webp 212w\" sizes=\"(max-width: 424px) 100vw, 424px\" \/><\/a><\/figure>\n<\/div>\n\n\n\n<div class=\"wp-block-column is-layout-flow wp-block-column-is-layout-flow\" style=\"flex-basis:20%\">\n<figure class=\"wp-block-image size-full\"><a href=\"https:\/\/www.gardenz.fr\/6--resine-cbd\"><img decoding=\"async\" width=\"424\" height=\"600\" src=\"https:\/\/www.gardenz.fr\/news\/wp-content\/uploads\/2025\/03\/RESINE-CBD.webp\" alt=\"R\u00c9SINE-CBD\" class=\"wp-image-17515\" srcset=\"https:\/\/www.gardenz.fr\/news\/wp-content\/uploads\/2025\/03\/RESINE-CBD.webp 424w, https:\/\/www.gardenz.fr\/news\/wp-content\/uploads\/2025\/03\/RESINE-CBD-212x300.webp 212w\" sizes=\"(max-width: 424px) 100vw, 424px\" \/><\/a><\/figure>\n<\/div>\n\n\n\n<div class=\"wp-block-column is-layout-flow wp-block-column-is-layout-flow\" style=\"flex-basis:20%\">\n<figure class=\"wp-block-image size-full\"><a href=\"https:\/\/www.gardenz.fr\/511--weed-psycho\"><img decoding=\"async\" width=\"424\" height=\"600\" src=\"https:\/\/www.gardenz.fr\/news\/wp-content\/uploads\/2025\/03\/PSYCHOACTIFS.webp\" alt=\"PSYCHOACTIFS\" class=\"wp-image-17517\" srcset=\"https:\/\/www.gardenz.fr\/news\/wp-content\/uploads\/2025\/03\/PSYCHOACTIFS.webp 424w, https:\/\/www.gardenz.fr\/news\/wp-content\/uploads\/2025\/03\/PSYCHOACTIFS-212x300.webp 212w\" sizes=\"(max-width: 424px) 100vw, 424px\" \/><\/a><\/figure>\n<\/div>\n\n\n\n<div class=\"wp-block-column is-layout-flow wp-block-column-is-layout-flow\" style=\"flex-basis:20%\">\n<figure class=\"wp-block-image size-full\"><a href=\"https:\/\/www.gardenz.fr\/562--accessoires-weed\"><img loading=\"lazy\" decoding=\"async\" width=\"424\" height=\"600\" src=\"https:\/\/www.gardenz.fr\/news\/wp-content\/uploads\/2025\/03\/ACCESSOIRED.webp\" alt=\"\" class=\"wp-image-17520\" srcset=\"https:\/\/www.gardenz.fr\/news\/wp-content\/uploads\/2025\/03\/ACCESSOIRED.webp 424w, https:\/\/www.gardenz.fr\/news\/wp-content\/uploads\/2025\/03\/ACCESSOIRED-212x300.webp 212w\" sizes=\"(max-width: 424px) 100vw, 424px\" \/><\/a><\/figure>\n<\/div>\n\n\n\n<div class=\"wp-block-column is-layout-flow wp-block-column-is-layout-flow\" style=\"flex-basis:20%\">\n<figure class=\"wp-block-image size-full\"><a href=\"https:\/\/www.gardenz.fr\/284--vaporisateur-weed\"><img loading=\"lazy\" decoding=\"async\" width=\"424\" height=\"600\" src=\"https:\/\/www.gardenz.fr\/news\/wp-content\/uploads\/2025\/03\/VAPORISATEUR-WEED.webp\" alt=\"VAPORISATEUR-WEED\" class=\"wp-image-17514\" srcset=\"https:\/\/www.gardenz.fr\/news\/wp-content\/uploads\/2025\/03\/VAPORISATEUR-WEED.webp 424w, https:\/\/www.gardenz.fr\/news\/wp-content\/uploads\/2025\/03\/VAPORISATEUR-WEED-212x300.webp 212w\" sizes=\"(max-width: 424px) 100vw, 424px\" \/><\/a><\/figure>\n<\/div>\n<\/div>\n<\/div>\n\t\t\t\t\t\t\t\t<\/div>\n\t\t\t\t<\/div>\n\t\t\t\t\t<\/div>\n\t\t<\/div>\n\t\t\t\t\t<\/div>\n\t\t<\/section>\n\t\t\t\t<\/div>\n\t\t","protected":false},"excerpt":{"rendered":"<p>Tour du monde des l\u00e9galisations du cannabis en 2025 Tu veux savoir o\u00f9 poser tes valises pour profiter l\u00e9galement du cannabis en 2025 \ud83c\udf0e ? alors tiens-toi pr\u00eat car le paysage mondial a bien chang\u00e9 ces derni\u00e8res ann\u00e9es, et certaines destinations que tu n\u2019aurais jamais imagin\u00e9es apparaissent d\u00e9sormais sur la carte verte du cannabis. Am\u00e9rique [&hellip;]<\/p>\n","protected":false},"author":18,"featured_media":18144,"comment_status":"closed","ping_status":"","sticky":false,"template":"","format":"standard","meta":{"site-sidebar-layout":"default","site-content-layout":"","ast-site-content-layout":"default","site-content-style":"default","site-sidebar-style":"default","ast-global-header-display":"","ast-banner-title-visibility":"","ast-main-header-display":"","ast-hfb-above-header-display":"","ast-hfb-below-header-display":"","ast-hfb-mobile-header-display":"","site-post-title":"","ast-breadcrumbs-content":"","ast-featured-img":"","footer-sml-layout":"","ast-disable-related-posts":"","theme-transparent-header-meta":"","adv-header-id-meta":"","stick-header-meta":"","header-above-stick-meta":"","header-main-stick-meta":"","header-below-stick-meta":"","astra-migrate-meta-layouts":"default","ast-page-background-enabled":"default","ast-page-background-meta":{"desktop":{"background-color":"var(--ast-global-color-4)","background-image":"","background-repeat":"repeat","background-position":"center center","background-size":"auto","background-attachment":"scroll","background-type":"","background-media":"","overlay-type":"","overlay-color":"","overlay-opacity":"","overlay-gradient":""},"tablet":{"background-color":"","background-image":"","background-repeat":"repeat","background-position":"center center","background-size":"auto","background-attachment":"scroll","background-type":"","background-media":"","overlay-type":"","overlay-color":"","overlay-opacity":"","overlay-gradient":""},"mobile":{"background-color":"","background-image":"","background-repeat":"repeat","background-position":"center center","background-size":"auto","background-attachment":"scroll","background-type":"","background-media":"","overlay-type":"","overlay-color":"","overlay-opacity":"","overlay-gradient":""}},"ast-content-background-meta":{"desktop":{"background-color":"var(--ast-global-color-5)","background-image":"","background-repeat":"repeat","background-position":"center center","background-size":"auto","background-attachment":"scroll","background-type":"","background-media":"","overlay-type":"","overlay-color":"","overlay-opacity":"","overlay-gradient":""},"tablet":{"background-color":"var(--ast-global-color-5)","background-image":"","background-repeat":"repeat","background-position":"center center","background-size":"auto","background-attachment":"scroll","background-type":"","background-media":"","overlay-type":"","overlay-color":"","overlay-opacity":"","overlay-gradient":""},"mobile":{"background-color":"var(--ast-global-color-5)","background-image":"","background-repeat":"repeat","background-position":"center center","background-size":"auto","background-attachment":"scroll","background-type":"","background-media":"","overlay-type":"","overlay-color":"","overlay-opacity":"","overlay-gradient":""}},"footnotes":""},"categories":[1],"tags":[],"class_list":["post-18145","post","type-post","status-publish","format-standard","has-post-thumbnail","hentry","category-non-classe"],"yoast_head":"<!-- This site is optimized with the Yoast SEO plugin v27.5 - https:\/\/yoast.com\/product\/yoast-seo-wordpress\/ -->\n<title>\ud83c\udf3f Cannabis l\u00e9gal : pays autoris\u00e9s en 2025<\/title>\n<meta name=\"description\" content=\"\ud83c\udf0d D\u00e9couvrez les pays o\u00f9 le cannabis est l\u00e9gal en 2025 et planifiez vos voyages en toute l\u00e9galit\u00e9.\" \/>\n<meta name=\"robots\" content=\"index, follow, max-snippet:-1, max-image-preview:large, max-video-preview:-1\" \/>\n<link rel=\"canonical\" href=\"https:\/\/www.gardenz.fr\/news\/2025\/04\/29\/les-pays-ou-le-cannabis-est-legal-en-2025\/\" \/>\n<meta property=\"og:locale\" content=\"fr_FR\" \/>\n<meta property=\"og:type\" content=\"article\" \/>\n<meta property=\"og:title\" content=\"\ud83c\udf3f Cannabis l\u00e9gal : pays autoris\u00e9s en 2025\" \/>\n<meta property=\"og:description\" content=\"\ud83c\udf0d D\u00e9couvrez les pays o\u00f9 le cannabis est l\u00e9gal en 2025 et planifiez vos voyages en toute l\u00e9galit\u00e9.\" \/>\n<meta property=\"og:url\" content=\"https:\/\/www.gardenz.fr\/news\/2025\/04\/29\/les-pays-ou-le-cannabis-est-legal-en-2025\/\" \/>\n<meta property=\"og:site_name\" content=\"Le Blog de Gardenz\" \/>\n<meta property=\"article:published_time\" content=\"2025-04-28T22:16:21+00:00\" \/>\n<meta property=\"article:modified_time\" content=\"2025-07-23T10:58:40+00:00\" \/>\n<meta property=\"og:image\" content=\"https:\/\/www.gardenz.fr\/news\/wp-content\/uploads\/2025\/04\/Les-pays-ou-le-cannabis-est-legal-en-2025sanitizesanitize-2025-04-28T221618.505Z.jpg\" \/>\n\t<meta property=\"og:image:width\" content=\"900\" \/>\n\t<meta property=\"og:image:height\" content=\"250\" \/>\n\t<meta property=\"og:image:type\" content=\"image\/jpeg\" \/>\n<meta name=\"author\" content=\"Idan Melicio\" \/>\n<meta name=\"twitter:card\" content=\"summary_large_image\" \/>\n<meta name=\"twitter:label1\" content=\"\u00c9crit par\" \/>\n\t<meta name=\"twitter:data1\" content=\"Idan Melicio\" \/>\n\t<meta name=\"twitter:label2\" content=\"Dur\u00e9e de lecture estim\u00e9e\" \/>\n\t<meta name=\"twitter:data2\" content=\"7 minutes\" \/>\n<script type=\"application\/ld+json\" class=\"yoast-schema-graph\">{\"@context\":\"https:\\\/\\\/schema.org\",\"@graph\":[{\"@type\":\"Article\",\"@id\":\"https:\\\/\\\/www.gardenz.fr\\\/news\\\/2025\\\/04\\\/29\\\/les-pays-ou-le-cannabis-est-legal-en-2025\\\/#article\",\"isPartOf\":{\"@id\":\"https:\\\/\\\/www.gardenz.fr\\\/news\\\/2025\\\/04\\\/29\\\/les-pays-ou-le-cannabis-est-legal-en-2025\\\/\"},\"author\":{\"name\":\"Idan Melicio\",\"@id\":\"https:\\\/\\\/www.gardenz.fr\\\/news\\\/#\\\/schema\\\/person\\\/4c29b13eadec7d3b7f81d3dc8253aa72\"},\"headline\":\"Les pays o\u00f9 le cannabis est l\u00e9gal en 2025\",\"datePublished\":\"2025-04-28T22:16:21+00:00\",\"dateModified\":\"2025-07-23T10:58:40+00:00\",\"mainEntityOfPage\":{\"@id\":\"https:\\\/\\\/www.gardenz.fr\\\/news\\\/2025\\\/04\\\/29\\\/les-pays-ou-le-cannabis-est-legal-en-2025\\\/\"},\"wordCount\":944,\"publisher\":{\"@id\":\"https:\\\/\\\/www.gardenz.fr\\\/news\\\/#organization\"},\"image\":{\"@id\":\"https:\\\/\\\/www.gardenz.fr\\\/news\\\/2025\\\/04\\\/29\\\/les-pays-ou-le-cannabis-est-legal-en-2025\\\/#primaryimage\"},\"thumbnailUrl\":\"https:\\\/\\\/www.gardenz.fr\\\/news\\\/wp-content\\\/uploads\\\/2025\\\/04\\\/Les-pays-ou-le-cannabis-est-legal-en-2025sanitizesanitize-2025-04-28T221618.505Z.jpg\",\"articleSection\":[\"GENERAL\"],\"inLanguage\":\"fr-FR\"},{\"@type\":\"WebPage\",\"@id\":\"https:\\\/\\\/www.gardenz.fr\\\/news\\\/2025\\\/04\\\/29\\\/les-pays-ou-le-cannabis-est-legal-en-2025\\\/\",\"url\":\"https:\\\/\\\/www.gardenz.fr\\\/news\\\/2025\\\/04\\\/29\\\/les-pays-ou-le-cannabis-est-legal-en-2025\\\/\",\"name\":\"\ud83c\udf3f Cannabis l\u00e9gal : pays autoris\u00e9s en 2025\",\"isPartOf\":{\"@id\":\"https:\\\/\\\/www.gardenz.fr\\\/news\\\/#website\"},\"primaryImageOfPage\":{\"@id\":\"https:\\\/\\\/www.gardenz.fr\\\/news\\\/2025\\\/04\\\/29\\\/les-pays-ou-le-cannabis-est-legal-en-2025\\\/#primaryimage\"},\"image\":{\"@id\":\"https:\\\/\\\/www.gardenz.fr\\\/news\\\/2025\\\/04\\\/29\\\/les-pays-ou-le-cannabis-est-legal-en-2025\\\/#primaryimage\"},\"thumbnailUrl\":\"https:\\\/\\\/www.gardenz.fr\\\/news\\\/wp-content\\\/uploads\\\/2025\\\/04\\\/Les-pays-ou-le-cannabis-est-legal-en-2025sanitizesanitize-2025-04-28T221618.505Z.jpg\",\"datePublished\":\"2025-04-28T22:16:21+00:00\",\"dateModified\":\"2025-07-23T10:58:40+00:00\",\"description\":\"\ud83c\udf0d D\u00e9couvrez les pays o\u00f9 le cannabis est l\u00e9gal en 2025 et planifiez vos voyages en toute l\u00e9galit\u00e9.\",\"breadcrumb\":{\"@id\":\"https:\\\/\\\/www.gardenz.fr\\\/news\\\/2025\\\/04\\\/29\\\/les-pays-ou-le-cannabis-est-legal-en-2025\\\/#breadcrumb\"},\"inLanguage\":\"fr-FR\",\"potentialAction\":[{\"@type\":\"ReadAction\",\"target\":[\"https:\\\/\\\/www.gardenz.fr\\\/news\\\/2025\\\/04\\\/29\\\/les-pays-ou-le-cannabis-est-legal-en-2025\\\/\"]}]},{\"@type\":\"ImageObject\",\"inLanguage\":\"fr-FR\",\"@id\":\"https:\\\/\\\/www.gardenz.fr\\\/news\\\/2025\\\/04\\\/29\\\/les-pays-ou-le-cannabis-est-legal-en-2025\\\/#primaryimage\",\"url\":\"https:\\\/\\\/www.gardenz.fr\\\/news\\\/wp-content\\\/uploads\\\/2025\\\/04\\\/Les-pays-ou-le-cannabis-est-legal-en-2025sanitizesanitize-2025-04-28T221618.505Z.jpg\",\"contentUrl\":\"https:\\\/\\\/www.gardenz.fr\\\/news\\\/wp-content\\\/uploads\\\/2025\\\/04\\\/Les-pays-ou-le-cannabis-est-legal-en-2025sanitizesanitize-2025-04-28T221618.505Z.jpg\",\"width\":900,\"height\":250,\"caption\":\"Les pays o\u00f9 le cannabis est l\u00e9gal en 2025\"},{\"@type\":\"BreadcrumbList\",\"@id\":\"https:\\\/\\\/www.gardenz.fr\\\/news\\\/2025\\\/04\\\/29\\\/les-pays-ou-le-cannabis-est-legal-en-2025\\\/#breadcrumb\",\"itemListElement\":[{\"@type\":\"ListItem\",\"position\":1,\"name\":\"Accueil\",\"item\":\"https:\\\/\\\/www.gardenz.fr\\\/news\\\/\"},{\"@type\":\"ListItem\",\"position\":2,\"name\":\"Les pays o\u00f9 le cannabis est l\u00e9gal en 2025\"}]},{\"@type\":\"WebSite\",\"@id\":\"https:\\\/\\\/www.gardenz.fr\\\/news\\\/#website\",\"url\":\"https:\\\/\\\/www.gardenz.fr\\\/news\\\/\",\"name\":\"Le Blog de Gardenz\",\"description\":\"Best quality CBD\",\"publisher\":{\"@id\":\"https:\\\/\\\/www.gardenz.fr\\\/news\\\/#organization\"},\"potentialAction\":[{\"@type\":\"SearchAction\",\"target\":{\"@type\":\"EntryPoint\",\"urlTemplate\":\"https:\\\/\\\/www.gardenz.fr\\\/news\\\/?s={search_term_string}\"},\"query-input\":{\"@type\":\"PropertyValueSpecification\",\"valueRequired\":true,\"valueName\":\"search_term_string\"}}],\"inLanguage\":\"fr-FR\"},{\"@type\":\"Organization\",\"@id\":\"https:\\\/\\\/www.gardenz.fr\\\/news\\\/#organization\",\"name\":\"Le Blog de Gardenz\",\"url\":\"https:\\\/\\\/www.gardenz.fr\\\/news\\\/\",\"logo\":{\"@type\":\"ImageObject\",\"inLanguage\":\"fr-FR\",\"@id\":\"https:\\\/\\\/www.gardenz.fr\\\/news\\\/#\\\/schema\\\/logo\\\/image\\\/\",\"url\":\"https:\\\/\\\/www.gardenz.fr\\\/news\\\/wp-content\\\/uploads\\\/2022\\\/06\\\/logo-gardenz-feuille-blanc-final.png\",\"contentUrl\":\"https:\\\/\\\/www.gardenz.fr\\\/news\\\/wp-content\\\/uploads\\\/2022\\\/06\\\/logo-gardenz-feuille-blanc-final.png\",\"width\":459,\"height\":200,\"caption\":\"Le Blog de Gardenz\"},\"image\":{\"@id\":\"https:\\\/\\\/www.gardenz.fr\\\/news\\\/#\\\/schema\\\/logo\\\/image\\\/\"}},{\"@type\":\"Person\",\"@id\":\"https:\\\/\\\/www.gardenz.fr\\\/news\\\/#\\\/schema\\\/person\\\/4c29b13eadec7d3b7f81d3dc8253aa72\",\"name\":\"Idan Melicio\",\"image\":{\"@type\":\"ImageObject\",\"inLanguage\":\"fr-FR\",\"@id\":\"https:\\\/\\\/secure.gravatar.com\\\/avatar\\\/a4fed9bf268062e3c5884e1b9288f4a54517dd9041d8c562678849f7f1c1eb43?s=96&d=mm&r=g\",\"url\":\"https:\\\/\\\/secure.gravatar.com\\\/avatar\\\/a4fed9bf268062e3c5884e1b9288f4a54517dd9041d8c562678849f7f1c1eb43?s=96&d=mm&r=g\",\"contentUrl\":\"https:\\\/\\\/secure.gravatar.com\\\/avatar\\\/a4fed9bf268062e3c5884e1b9288f4a54517dd9041d8c562678849f7f1c1eb43?s=96&d=mm&r=g\",\"caption\":\"Idan Melicio\"},\"url\":\"https:\\\/\\\/www.gardenz.fr\\\/news\\\/author\\\/idan-milecio\\\/\"}]}<\/script>\n<!-- \/ Yoast SEO plugin. -->","yoast_head_json":{"title":"\ud83c\udf3f Cannabis l\u00e9gal : pays autoris\u00e9s en 2025","description":"\ud83c\udf0d D\u00e9couvrez les pays o\u00f9 le cannabis est l\u00e9gal en 2025 et planifiez vos voyages en toute l\u00e9galit\u00e9.","robots":{"index":"index","follow":"follow","max-snippet":"max-snippet:-1","max-image-preview":"max-image-preview:large","max-video-preview":"max-video-preview:-1"},"canonical":"https:\/\/www.gardenz.fr\/news\/2025\/04\/29\/les-pays-ou-le-cannabis-est-legal-en-2025\/","og_locale":"fr_FR","og_type":"article","og_title":"\ud83c\udf3f Cannabis l\u00e9gal : pays autoris\u00e9s en 2025","og_description":"\ud83c\udf0d D\u00e9couvrez les pays o\u00f9 le cannabis est l\u00e9gal en 2025 et planifiez vos voyages en toute l\u00e9galit\u00e9.","og_url":"https:\/\/www.gardenz.fr\/news\/2025\/04\/29\/les-pays-ou-le-cannabis-est-legal-en-2025\/","og_site_name":"Le Blog de Gardenz","article_published_time":"2025-04-28T22:16:21+00:00","article_modified_time":"2025-07-23T10:58:40+00:00","og_image":[{"width":900,"height":250,"url":"https:\/\/www.gardenz.fr\/news\/wp-content\/uploads\/2025\/04\/Les-pays-ou-le-cannabis-est-legal-en-2025sanitizesanitize-2025-04-28T221618.505Z.jpg","type":"image\/jpeg"}],"author":"Idan Melicio","twitter_card":"summary_large_image","twitter_misc":{"\u00c9crit par":"Idan Melicio","Dur\u00e9e de lecture estim\u00e9e":"7 minutes"},"schema":{"@context":"https:\/\/schema.org","@graph":[{"@type":"Article","@id":"https:\/\/www.gardenz.fr\/news\/2025\/04\/29\/les-pays-ou-le-cannabis-est-legal-en-2025\/#article","isPartOf":{"@id":"https:\/\/www.gardenz.fr\/news\/2025\/04\/29\/les-pays-ou-le-cannabis-est-legal-en-2025\/"},"author":{"name":"Idan Melicio","@id":"https:\/\/www.gardenz.fr\/news\/#\/schema\/person\/4c29b13eadec7d3b7f81d3dc8253aa72"},"headline":"Les pays o\u00f9 le cannabis est l\u00e9gal en 2025","datePublished":"2025-04-28T22:16:21+00:00","dateModified":"2025-07-23T10:58:40+00:00","mainEntityOfPage":{"@id":"https:\/\/www.gardenz.fr\/news\/2025\/04\/29\/les-pays-ou-le-cannabis-est-legal-en-2025\/"},"wordCount":944,"publisher":{"@id":"https:\/\/www.gardenz.fr\/news\/#organization"},"image":{"@id":"https:\/\/www.gardenz.fr\/news\/2025\/04\/29\/les-pays-ou-le-cannabis-est-legal-en-2025\/#primaryimage"},"thumbnailUrl":"https:\/\/www.gardenz.fr\/news\/wp-content\/uploads\/2025\/04\/Les-pays-ou-le-cannabis-est-legal-en-2025sanitizesanitize-2025-04-28T221618.505Z.jpg","articleSection":["GENERAL"],"inLanguage":"fr-FR"},{"@type":"WebPage","@id":"https:\/\/www.gardenz.fr\/news\/2025\/04\/29\/les-pays-ou-le-cannabis-est-legal-en-2025\/","url":"https:\/\/www.gardenz.fr\/news\/2025\/04\/29\/les-pays-ou-le-cannabis-est-legal-en-2025\/","name":"\ud83c\udf3f Cannabis l\u00e9gal : pays autoris\u00e9s en 2025","isPartOf":{"@id":"https:\/\/www.gardenz.fr\/news\/#website"},"primaryImageOfPage":{"@id":"https:\/\/www.gardenz.fr\/news\/2025\/04\/29\/les-pays-ou-le-cannabis-est-legal-en-2025\/#primaryimage"},"image":{"@id":"https:\/\/www.gardenz.fr\/news\/2025\/04\/29\/les-pays-ou-le-cannabis-est-legal-en-2025\/#primaryimage"},"thumbnailUrl":"https:\/\/www.gardenz.fr\/news\/wp-content\/uploads\/2025\/04\/Les-pays-ou-le-cannabis-est-legal-en-2025sanitizesanitize-2025-04-28T221618.505Z.jpg","datePublished":"2025-04-28T22:16:21+00:00","dateModified":"2025-07-23T10:58:40+00:00","description":"\ud83c\udf0d D\u00e9couvrez les pays o\u00f9 le cannabis est l\u00e9gal en 2025 et planifiez vos voyages en toute l\u00e9galit\u00e9.","breadcrumb":{"@id":"https:\/\/www.gardenz.fr\/news\/2025\/04\/29\/les-pays-ou-le-cannabis-est-legal-en-2025\/#breadcrumb"},"inLanguage":"fr-FR","potentialAction":[{"@type":"ReadAction","target":["https:\/\/www.gardenz.fr\/news\/2025\/04\/29\/les-pays-ou-le-cannabis-est-legal-en-2025\/"]}]},{"@type":"ImageObject","inLanguage":"fr-FR","@id":"https:\/\/www.gardenz.fr\/news\/2025\/04\/29\/les-pays-ou-le-cannabis-est-legal-en-2025\/#primaryimage","url":"https:\/\/www.gardenz.fr\/news\/wp-content\/uploads\/2025\/04\/Les-pays-ou-le-cannabis-est-legal-en-2025sanitizesanitize-2025-04-28T221618.505Z.jpg","contentUrl":"https:\/\/www.gardenz.fr\/news\/wp-content\/uploads\/2025\/04\/Les-pays-ou-le-cannabis-est-legal-en-2025sanitizesanitize-2025-04-28T221618.505Z.jpg","width":900,"height":250,"caption":"Les pays o\u00f9 le cannabis est l\u00e9gal en 2025"},{"@type":"BreadcrumbList","@id":"https:\/\/www.gardenz.fr\/news\/2025\/04\/29\/les-pays-ou-le-cannabis-est-legal-en-2025\/#breadcrumb","itemListElement":[{"@type":"ListItem","position":1,"name":"Accueil","item":"https:\/\/www.gardenz.fr\/news\/"},{"@type":"ListItem","position":2,"name":"Les pays o\u00f9 le cannabis est l\u00e9gal en 2025"}]},{"@type":"WebSite","@id":"https:\/\/www.gardenz.fr\/news\/#website","url":"https:\/\/www.gardenz.fr\/news\/","name":"Le Blog de Gardenz","description":"Best quality CBD","publisher":{"@id":"https:\/\/www.gardenz.fr\/news\/#organization"},"potentialAction":[{"@type":"SearchAction","target":{"@type":"EntryPoint","urlTemplate":"https:\/\/www.gardenz.fr\/news\/?s={search_term_string}"},"query-input":{"@type":"PropertyValueSpecification","valueRequired":true,"valueName":"search_term_string"}}],"inLanguage":"fr-FR"},{"@type":"Organization","@id":"https:\/\/www.gardenz.fr\/news\/#organization","name":"Le Blog de Gardenz","url":"https:\/\/www.gardenz.fr\/news\/","logo":{"@type":"ImageObject","inLanguage":"fr-FR","@id":"https:\/\/www.gardenz.fr\/news\/#\/schema\/logo\/image\/","url":"https:\/\/www.gardenz.fr\/news\/wp-content\/uploads\/2022\/06\/logo-gardenz-feuille-blanc-final.png","contentUrl":"https:\/\/www.gardenz.fr\/news\/wp-content\/uploads\/2022\/06\/logo-gardenz-feuille-blanc-final.png","width":459,"height":200,"caption":"Le Blog de Gardenz"},"image":{"@id":"https:\/\/www.gardenz.fr\/news\/#\/schema\/logo\/image\/"}},{"@type":"Person","@id":"https:\/\/www.gardenz.fr\/news\/#\/schema\/person\/4c29b13eadec7d3b7f81d3dc8253aa72","name":"Idan Melicio","image":{"@type":"ImageObject","inLanguage":"fr-FR","@id":"https:\/\/secure.gravatar.com\/avatar\/a4fed9bf268062e3c5884e1b9288f4a54517dd9041d8c562678849f7f1c1eb43?s=96&d=mm&r=g","url":"https:\/\/secure.gravatar.com\/avatar\/a4fed9bf268062e3c5884e1b9288f4a54517dd9041d8c562678849f7f1c1eb43?s=96&d=mm&r=g","contentUrl":"https:\/\/secure.gravatar.com\/avatar\/a4fed9bf268062e3c5884e1b9288f4a54517dd9041d8c562678849f7f1c1eb43?s=96&d=mm&r=g","caption":"Idan Melicio"},"url":"https:\/\/www.gardenz.fr\/news\/author\/idan-milecio\/"}]}},"_links":{"self":[{"href":"https:\/\/www.gardenz.fr\/news\/wp-json\/wp\/v2\/posts\/18145","targetHints":{"allow":["GET"]}}],"collection":[{"href":"https:\/\/www.gardenz.fr\/news\/wp-json\/wp\/v2\/posts"}],"about":[{"href":"https:\/\/www.gardenz.fr\/news\/wp-json\/wp\/v2\/types\/post"}],"author":[{"embeddable":true,"href":"https:\/\/www.gardenz.fr\/news\/wp-json\/wp\/v2\/users\/18"}],"replies":[{"embeddable":true,"href":"https:\/\/www.gardenz.fr\/news\/wp-json\/wp\/v2\/comments?post=18145"}],"version-history":[{"count":3,"href":"https:\/\/www.gardenz.fr\/news\/wp-json\/wp\/v2\/posts\/18145\/revisions"}],"predecessor-version":[{"id":19053,"href":"https:\/\/www.gardenz.fr\/news\/wp-json\/wp\/v2\/posts\/18145\/revisions\/19053"}],"wp:featuredmedia":[{"embeddable":true,"href":"https:\/\/www.gardenz.fr\/news\/wp-json\/wp\/v2\/media\/18144"}],"wp:attachment":[{"href":"https:\/\/www.gardenz.fr\/news\/wp-json\/wp\/v2\/media?parent=18145"}],"wp:term":[{"taxonomy":"category","embeddable":true,"href":"https:\/\/www.gardenz.fr\/news\/wp-json\/wp\/v2\/categories?post=18145"},{"taxonomy":"post_tag","embeddable":true,"href":"https:\/\/www.gardenz.fr\/news\/wp-json\/wp\/v2\/tags?post=18145"}],"curies":[{"name":"wp","href":"https:\/\/api.w.org\/{rel}","templated":true}]}}