{"id":18163,"date":"2025-04-30T08:02:23","date_gmt":"2025-04-30T06:02:23","guid":{"rendered":"https:\/\/www.gardenz.fr\/news\/2025\/04\/30\/linversion-en-question-le-cannabis-vendu-a-new-york-provient-il-de-lexterieur-de-letat\/"},"modified":"2025-07-23T12:07:37","modified_gmt":"2025-07-23T10:07:37","slug":"linversion-en-question-le-cannabis-vendu-a-new-york-provient-il-de-lexterieur-de-letat","status":"publish","type":"post","link":"https:\/\/www.gardenz.fr\/news\/2025\/04\/30\/linversion-en-question-le-cannabis-vendu-a-new-york-provient-il-de-lexterieur-de-letat\/","title":{"rendered":"L\u2019inversion en question : Le cannabis vendu \u00e0 New York provient-il de l\u2019ext\u00e9rieur de l\u2019Etat ?"},"content":{"rendered":"\t\t<div data-elementor-type=\"wp-post\" data-elementor-id=\"18163\" class=\"elementor elementor-18163\">\n\t\t\t\t\t\t<section class=\"elementor-section elementor-top-section elementor-element elementor-element-97196fe elementor-section-boxed elementor-section-height-default elementor-section-height-default\" data-id=\"97196fe\" data-element_type=\"section\" data-e-type=\"section\">\n\t\t\t\t\t\t<div class=\"elementor-container elementor-column-gap-default\">\n\t\t\t\t\t<div class=\"elementor-column elementor-col-100 elementor-top-column elementor-element elementor-element-572582c6\" data-id=\"572582c6\" data-element_type=\"column\" data-e-type=\"column\">\n\t\t\t<div class=\"elementor-widget-wrap elementor-element-populated\">\n\t\t\t\t\t\t<div class=\"elementor-element elementor-element-5944b273 elementor-widget elementor-widget-text-editor\" data-id=\"5944b273\" data-element_type=\"widget\" data-e-type=\"widget\" data-widget_type=\"text-editor.default\">\n\t\t\t\t<div class=\"elementor-widget-container\">\n\t\t\t\t\t\t\t\t\t<div style=\"margin-left: 10%; margin-right: 10%;\">\n<p>Imagine un march\u00e9 du <a href=\"https:\/\/www.gardenz.fr\/310--delta-9-thc\">cannabis<\/a> soigneusement r\u00e9gul\u00e9, o\u00f9 chaque produit est suivi, contr\u00f4l\u00e9 et conforme aux normes locales. Ce r\u00eave, c\u2019\u00e9tait celui de New York quand l\u2019\u00c9tat a l\u00e9galis\u00e9 le cannabis r\u00e9cr\u00e9atif. Mais en coulisses, un ph\u00e9nom\u00e8ne inqui\u00e8te les professionnels comme les r\u00e9gulateurs : l\u2019inversion. Ce mot un peu abscons cache une r\u00e9alit\u00e9 tr\u00e8s concr\u00e8te. Des produits cultiv\u00e9s en dehors de l\u2019\u00c9tat d\u00e9barquent dans les dispensaires l\u00e9gaux de New York, souvent sans tra\u00e7abilit\u00e9 ni conformit\u00e9. \ud83d\ude1f<\/p>\n<h2>Une question de confiance&#8230; et de l\u00e9galit\u00e9 \ud83e\uddfe<\/h2>\n<p>Tu te demandes s\u00fbrement pourquoi cela pose probl\u00e8me, tant que le cannabis est de qualit\u00e9 ? En fait, le syst\u00e8me l\u00e9gal repose sur un principe central : garantir que tout produit vendu \u00e0 New York provienne de son propre r\u00e9seau de cultivateurs et de transformateurs. C\u2019est non seulement une obligation l\u00e9gale, mais aussi une mani\u00e8re de soutenir l\u2019\u00e9conomie locale, de cr\u00e9er des emplois et d\u2019assurer une tra\u00e7abilit\u00e9 rigoureuse \ud83d\udccb<\/p>\n<p>Quand du cannabis \u00abimport\u00e9\u00bb d\u2019autres \u00c9tats se retrouve dans les rayons des dispensaires, cette cha\u00eene de confiance est rompue. Pire encore, les petites entreprises new-yorkaises, souvent issues de programmes de justice sociale visant \u00e0 r\u00e9parer les injustices de la guerre contre la drogue, se retrouvent l\u00e9s\u00e9es. Le march\u00e9 l\u00e9gal est concurrenc\u00e9 de l\u2019int\u00e9rieur m\u00eame \ud83d\ude24<\/p>\n<h2>Le mirage d\u2019un march\u00e9 contr\u00f4l\u00e9 \ud83e\uddea<\/h2>\n<p>Les autorit\u00e9s new-yorkaises avaient promis un march\u00e9 s\u00fbr, \u00e9quitable et transparent. Mais voil\u00e0 que des produits issus d\u2019autres \u00c9tats \u2013 souvent de la C\u00f4te Ouest ou du Midwest \u2013 arrivent \u00e0 contourner les contr\u00f4les. Comment ? Gr\u00e2ce \u00e0 des r\u00e9seaux logistiques parall\u00e8les, \u00e0 des complicit\u00e9s internes ou \u00e0 des failles dans les syst\u00e8mes de suivi. En clair, le cannabis franchit les fronti\u00e8res \u00e9tatiques ill\u00e9galement pour ensuite int\u00e9grer un march\u00e9 cens\u00e9 \u00eatre strictement local \ud83c\udf41<\/p>\n<p>Cela repr\u00e9sente un vrai risque sanitaire pour les consommateurs. En achetant chez un dispensaire l\u00e9gal, tu penses faire un choix s\u00fbr. Mais que se passe-t-il si la fleur que tu choisis n\u2019a pas \u00e9t\u00e9 test\u00e9e selon les normes de New York ? Tu peux te retrouver face \u00e0 des produits contamin\u00e9s, mal conserv\u00e9s ou \u00e9tiquet\u00e9s de mani\u00e8re mensong\u00e8re \ud83d\ude2c<\/p>\n<h2>Un coup dur pour les producteurs new-yorkais \ud83d\ude9c<\/h2>\n<p>Les agriculteurs de cannabis de l\u2019\u00c9tat, qui ont respect\u00e9 toutes les \u00e9tapes administratives, investi dans leurs cultures et employ\u00e9 localement, se retrouvent face \u00e0 une concurrence d\u00e9loyale. Produire l\u00e9galement \u00e0 New York co\u00fbte cher. Alors, quand des produits ext\u00e9rieurs arrivent infiltr\u00e9s, souvent \u00e0 moindre co\u00fbt, difficile de tenir la cadence \ud83d\udcc9<\/p>\n<p>R\u00e9sultat : plusieurs cultivateurs se plaignent d\u2019avoir des stocks entiers de fleurs invendus. Ils peinent \u00e0 \u00e9couler leur production, pendant que des fleurs venues de Californie, de l\u2019Oregon ou du Colorado sont propos\u00e9es \u00e0 bas prix dans le m\u00eame \u00e9tablissement. Une vraie aberration \u00e9conomique\u2026 et un frein \u00e0 la croissance locale \ud83d\ude20<\/p>\n<h2>Pourquoi les dispensaires jouent-ils le jeu ? \ud83d\udcb0<\/h2>\n<p>On pourrait penser que les dispensaires sont dup\u00e9s eux aussi. Mais parfois, ils participent activement \u00e0 cette inversion. Pourquoi ? Parce que certains cherchent \u00e0 \u00e9largir leur marge commerciale en achetant du cannabis moins cher, parfois sans trop poser de questions. Dans un march\u00e9 en construction, o\u00f9 la concurrence commence \u00e0 s&rsquo;intensifier, chaque dollar gagn\u00e9 compte un peu plus que la l\u00e9galit\u00e9 aux yeux de certains \ud83d\ude44<\/p>\n<p>Cela dit, il ne faut pas g\u00e9n\u00e9raliser. Une grande majorit\u00e9 de d\u00e9taillants respectent scrupuleusement la loi. Mais quelques brebis galeuses suffisent \u00e0 brouiller les cartes et \u00e0 mettre l\u2019ensemble du secteur en danger. La confiance du consommateur s\u2019amenuise, et ce sont tous les acteurs qui en souffrent \u270b<\/p>\n<h2>Une r\u00e9ponse attendue des autorit\u00e9s \ud83d\udd75\ufe0f<\/h2>\n<p>Face \u00e0 cette situation, l\u2019Office of Cannabis Management (OCM) de New York est sous pression. Les autorit\u00e9s doivent non seulement renforcer les inspections et am\u00e9liorer la tra\u00e7abilit\u00e9, mais aussi sanctionner plus durement les dispensaires qui enfreignent les r\u00e8gles. Car dans cette inversion, ce n\u2019est pas seulement la l\u00e9galit\u00e9 qui vacille, c\u2019est toute une \u00e9conomie naissante qui pourrait basculer \ud83d\udcc9<\/p>\n<p>Les acteurs de la fili\u00e8re r\u00e9clament des mesures concr\u00e8tes : des contr\u00f4les accrus, des audits ind\u00e9pendants, et surtout, une aide accrue aux petits producteurs pour r\u00e9ussir \u00e0 \u00e9couler leur marchandise dans des conditions \u00e9quitables. Cette inversion n\u2019est pas un simple dysfonctionnement, c\u2019est un sympt\u00f4me d\u2019un syst\u00e8me encore trop jeune pour \u00eatre parfaitement herm\u00e9tique \ud83d\udea8<\/p>\n<h2>Et toi, consommateur avis\u00e9, que peux-tu faire ? \ud83d\udd0d<\/h2>\n<p>La premi\u00e8re chose, c\u2019est de poser des questions. Demande \u00e0 voir les certificats d\u2019analyse, interroge sur la provenance des produits, n\u2019h\u00e9site pas \u00e0 signaler toute incoh\u00e9rence aux autorit\u00e9s comp\u00e9tentes. Oui, tu as un r\u00f4le actif \u00e0 jouer dans l\u2019assainissement du march\u00e9 du cannabis. En exigeant de la transparence, tu participes \u00e0 l\u2019\u00e9mergence d\u2019une industrie juste, locale et durable \ud83c\udf3f<\/p>\n<p>Et puis, favorise les dispensaires connus pour leur \u00e9thique. Ce sont ceux qui valorisent les produits venus des fermes new-yorkaises, qui respectent les normes en vigueur et qui investissent dans la qualit\u00e9 plut\u00f4t que dans la quantit\u00e9. Ton achat est un vote. Et chaque gramme que tu choisis peut faire pencher la balance du bon c\u00f4t\u00e9 \u2696\ufe0f<\/p>\n<h2>Un tournant d\u00e9cisif pour la fili\u00e8re cannabis new-yorkaise \ud83c\udf07<\/h2>\n<p>Le march\u00e9 du cannabis \u00e0 New York a encore tout \u00e0 prouver. Entre promesses \u00e9conomiques, enjeux de sant\u00e9 publique et \u00e9quit\u00e9 sociale, chaque \u00e9tape est scrut\u00e9e. L\u2019inversion est un pi\u00e8ge redoutable qui, s\u2019il n\u2019est pas jugul\u00e9 rapidement, risque de faire basculer l\u2019\u00e9difice tout entier. Ce serait dommage, non seulement pour les producteurs locaux, mais aussi pour toi, consommateur conscient et impliqu\u00e9 \ud83d\udcaa<\/p>\n<p>Alors, la prochaine fois que tu pousses la porte d\u2019un dispensaire, souviens-toi de ce que repr\u00e9sente chaque produit sur les \u00e9tag\u00e8res : un choix politique, \u00e9conomique et \u00e9thique. Fais entendre ta voix. Le futur du cannabis \u00e0 New York d\u00e9pend aussi de toi \ud83d\udd2e<\/p>\n<p><a href=\"https:\/\/gardenz.fr\/news\">Tu veux continuer ta lecture ? D\u00e9couvre d&rsquo;autres articles en cliquant ici.<\/a><\/p>\n<\/div>\n\n<div class=\"wp-block-group is-layout-constrained wp-block-group-is-layout-constrained\">\n<div class=\"wp-block-columns is-layout-flex wp-container-core-columns-is-layout-28f84493 wp-block-columns-is-layout-flex\">\n<div class=\"wp-block-column is-layout-flow wp-block-column-is-layout-flow\" style=\"flex-basis:20%\">\n<figure class=\"wp-block-image size-full\"><a href=\"https:\/\/www.gardenz.fr\/3-fleur-de-chanvre-cbd\"><img fetchpriority=\"high\" decoding=\"async\" width=\"424\" height=\"600\" src=\"https:\/\/www.gardenz.fr\/news\/wp-content\/uploads\/2025\/03\/FLEUR-DE-CHANVRE-CBD.webp\" alt=\"FLEUR-DE-CHANVRE-CBD\" class=\"wp-image-17519\" srcset=\"https:\/\/www.gardenz.fr\/news\/wp-content\/uploads\/2025\/03\/FLEUR-DE-CHANVRE-CBD.webp 424w, https:\/\/www.gardenz.fr\/news\/wp-content\/uploads\/2025\/03\/FLEUR-DE-CHANVRE-CBD-212x300.webp 212w\" sizes=\"(max-width: 424px) 100vw, 424px\" \/><\/a><\/figure>\n<\/div>\n\n\n\n<div class=\"wp-block-column is-layout-flow wp-block-column-is-layout-flow\" style=\"flex-basis:20%\">\n<figure class=\"wp-block-image size-full\"><a href=\"https:\/\/www.gardenz.fr\/6--resine-cbd\"><img decoding=\"async\" width=\"424\" height=\"600\" src=\"https:\/\/www.gardenz.fr\/news\/wp-content\/uploads\/2025\/03\/RESINE-CBD.webp\" alt=\"R\u00c9SINE-CBD\" class=\"wp-image-17515\" srcset=\"https:\/\/www.gardenz.fr\/news\/wp-content\/uploads\/2025\/03\/RESINE-CBD.webp 424w, https:\/\/www.gardenz.fr\/news\/wp-content\/uploads\/2025\/03\/RESINE-CBD-212x300.webp 212w\" sizes=\"(max-width: 424px) 100vw, 424px\" \/><\/a><\/figure>\n<\/div>\n\n\n\n<div class=\"wp-block-column is-layout-flow wp-block-column-is-layout-flow\" style=\"flex-basis:20%\">\n<figure class=\"wp-block-image size-full\"><a href=\"https:\/\/www.gardenz.fr\/511--weed-psycho\"><img decoding=\"async\" width=\"424\" height=\"600\" src=\"https:\/\/www.gardenz.fr\/news\/wp-content\/uploads\/2025\/03\/PSYCHOACTIFS.webp\" alt=\"PSYCHOACTIFS\" class=\"wp-image-17517\" srcset=\"https:\/\/www.gardenz.fr\/news\/wp-content\/uploads\/2025\/03\/PSYCHOACTIFS.webp 424w, https:\/\/www.gardenz.fr\/news\/wp-content\/uploads\/2025\/03\/PSYCHOACTIFS-212x300.webp 212w\" sizes=\"(max-width: 424px) 100vw, 424px\" \/><\/a><\/figure>\n<\/div>\n\n\n\n<div class=\"wp-block-column is-layout-flow wp-block-column-is-layout-flow\" style=\"flex-basis:20%\">\n<figure class=\"wp-block-image size-full\"><a href=\"https:\/\/www.gardenz.fr\/562--accessoires-weed\"><img loading=\"lazy\" decoding=\"async\" width=\"424\" height=\"600\" src=\"https:\/\/www.gardenz.fr\/news\/wp-content\/uploads\/2025\/03\/ACCESSOIRED.webp\" alt=\"\" class=\"wp-image-17520\" srcset=\"https:\/\/www.gardenz.fr\/news\/wp-content\/uploads\/2025\/03\/ACCESSOIRED.webp 424w, https:\/\/www.gardenz.fr\/news\/wp-content\/uploads\/2025\/03\/ACCESSOIRED-212x300.webp 212w\" sizes=\"(max-width: 424px) 100vw, 424px\" \/><\/a><\/figure>\n<\/div>\n\n\n\n<div class=\"wp-block-column is-layout-flow wp-block-column-is-layout-flow\" style=\"flex-basis:20%\">\n<figure class=\"wp-block-image size-full\"><a href=\"https:\/\/www.gardenz.fr\/284--vaporisateur-weed\"><img loading=\"lazy\" decoding=\"async\" width=\"424\" height=\"600\" src=\"https:\/\/www.gardenz.fr\/news\/wp-content\/uploads\/2025\/03\/VAPORISATEUR-WEED.webp\" alt=\"VAPORISATEUR-WEED\" class=\"wp-image-17514\" srcset=\"https:\/\/www.gardenz.fr\/news\/wp-content\/uploads\/2025\/03\/VAPORISATEUR-WEED.webp 424w, https:\/\/www.gardenz.fr\/news\/wp-content\/uploads\/2025\/03\/VAPORISATEUR-WEED-212x300.webp 212w\" sizes=\"(max-width: 424px) 100vw, 424px\" \/><\/a><\/figure>\n<\/div>\n<\/div>\n<\/div>\n\t\t\t\t\t\t\t\t<\/div>\n\t\t\t\t<\/div>\n\t\t\t\t\t<\/div>\n\t\t<\/div>\n\t\t\t\t\t<\/div>\n\t\t<\/section>\n\t\t\t\t<\/div>\n\t\t","protected":false},"excerpt":{"rendered":"<p>Imagine un march\u00e9 du cannabis soigneusement r\u00e9gul\u00e9, o\u00f9 chaque produit est suivi, contr\u00f4l\u00e9 et conforme aux normes locales. Ce r\u00eave, c\u2019\u00e9tait celui de New York quand l\u2019\u00c9tat a l\u00e9galis\u00e9 le cannabis r\u00e9cr\u00e9atif. Mais en coulisses, un ph\u00e9nom\u00e8ne inqui\u00e8te les professionnels comme les r\u00e9gulateurs : l\u2019inversion. Ce mot un peu abscons cache une r\u00e9alit\u00e9 tr\u00e8s concr\u00e8te. [&hellip;]<\/p>\n","protected":false},"author":18,"featured_media":18162,"comment_status":"closed","ping_status":"closed","sticky":false,"template":"","format":"standard","meta":{"site-sidebar-layout":"default","site-content-layout":"","ast-site-content-layout":"default","site-content-style":"default","site-sidebar-style":"default","ast-global-header-display":"","ast-banner-title-visibility":"","ast-main-header-display":"","ast-hfb-above-header-display":"","ast-hfb-below-header-display":"","ast-hfb-mobile-header-display":"","site-post-title":"","ast-breadcrumbs-content":"","ast-featured-img":"","footer-sml-layout":"","ast-disable-related-posts":"","theme-transparent-header-meta":"","adv-header-id-meta":"","stick-header-meta":"","header-above-stick-meta":"","header-main-stick-meta":"","header-below-stick-meta":"","astra-migrate-meta-layouts":"default","ast-page-background-enabled":"default","ast-page-background-meta":{"desktop":{"background-color":"var(--ast-global-color-4)","background-image":"","background-repeat":"repeat","background-position":"center center","background-size":"auto","background-attachment":"scroll","background-type":"","background-media":"","overlay-type":"","overlay-color":"","overlay-opacity":"","overlay-gradient":""},"tablet":{"background-color":"","background-image":"","background-repeat":"repeat","background-position":"center center","background-size":"auto","background-attachment":"scroll","background-type":"","background-media":"","overlay-type":"","overlay-color":"","overlay-opacity":"","overlay-gradient":""},"mobile":{"background-color":"","background-image":"","background-repeat":"repeat","background-position":"center center","background-size":"auto","background-attachment":"scroll","background-type":"","background-media":"","overlay-type":"","overlay-color":"","overlay-opacity":"","overlay-gradient":""}},"ast-content-background-meta":{"desktop":{"background-color":"var(--ast-global-color-5)","background-image":"","background-repeat":"repeat","background-position":"center center","background-size":"auto","background-attachment":"scroll","background-type":"","background-media":"","overlay-type":"","overlay-color":"","overlay-opacity":"","overlay-gradient":""},"tablet":{"background-color":"var(--ast-global-color-5)","background-image":"","background-repeat":"repeat","background-position":"center center","background-size":"auto","background-attachment":"scroll","background-type":"","background-media":"","overlay-type":"","overlay-color":"","overlay-opacity":"","overlay-gradient":""},"mobile":{"background-color":"var(--ast-global-color-5)","background-image":"","background-repeat":"repeat","background-position":"center center","background-size":"auto","background-attachment":"scroll","background-type":"","background-media":"","overlay-type":"","overlay-color":"","overlay-opacity":"","overlay-gradient":""}},"footnotes":""},"categories":[1],"tags":[],"class_list":["post-18163","post","type-post","status-publish","format-standard","has-post-thumbnail","hentry","category-non-classe"],"yoast_head":"<!-- This site is optimized with the Yoast SEO plugin v27.5 - https:\/\/yoast.com\/product\/yoast-seo-wordpress\/ -->\n<title>\ud83d\udd0dOrigine cannabis NY : int\u00e9rieur ou ext\u00e9rieur de l\u2019\u00c9tat ?<\/title>\n<meta name=\"description\" content=\"\ud83c\udf3f D\u00e9couvrez si le cannabis vendu \u00e0 New York provient de l\u2019ext\u00e9rieur de l\u2019Etat dans cet article informatif. #inversion #cannabis\" \/>\n<meta name=\"robots\" content=\"index, follow, max-snippet:-1, max-image-preview:large, max-video-preview:-1\" \/>\n<link rel=\"canonical\" href=\"https:\/\/www.gardenz.fr\/news\/2025\/04\/30\/linversion-en-question-le-cannabis-vendu-a-new-york-provient-il-de-lexterieur-de-letat\/\" \/>\n<meta property=\"og:locale\" content=\"fr_FR\" \/>\n<meta property=\"og:type\" content=\"article\" \/>\n<meta property=\"og:title\" content=\"\ud83d\udd0dOrigine cannabis NY : int\u00e9rieur ou ext\u00e9rieur de l\u2019\u00c9tat ?\" \/>\n<meta property=\"og:description\" content=\"\ud83c\udf3f D\u00e9couvrez si le cannabis vendu \u00e0 New York provient de l\u2019ext\u00e9rieur de l\u2019Etat dans cet article informatif. #inversion #cannabis\" \/>\n<meta property=\"og:url\" content=\"https:\/\/www.gardenz.fr\/news\/2025\/04\/30\/linversion-en-question-le-cannabis-vendu-a-new-york-provient-il-de-lexterieur-de-letat\/\" \/>\n<meta property=\"og:site_name\" content=\"Le Blog de Gardenz\" \/>\n<meta property=\"article:published_time\" content=\"2025-04-30T06:02:23+00:00\" \/>\n<meta property=\"article:modified_time\" content=\"2025-07-23T10:07:37+00:00\" \/>\n<meta property=\"og:image\" content=\"https:\/\/www.gardenz.fr\/news\/wp-content\/uploads\/2025\/04\/Linversion-en-question-Le-cannabis-vendu-a-New-York-provient-il-de-lexterieur-de-lEtat-sanitize-2025-04-30T060220.582Z.jpg\" \/>\n\t<meta property=\"og:image:width\" content=\"900\" \/>\n\t<meta property=\"og:image:height\" content=\"250\" \/>\n\t<meta property=\"og:image:type\" content=\"image\/jpeg\" \/>\n<meta name=\"author\" content=\"Idan Melicio\" \/>\n<meta name=\"twitter:card\" content=\"summary_large_image\" \/>\n<meta name=\"twitter:label1\" content=\"\u00c9crit par\" \/>\n\t<meta name=\"twitter:data1\" content=\"Idan Melicio\" \/>\n\t<meta name=\"twitter:label2\" content=\"Dur\u00e9e de lecture estim\u00e9e\" \/>\n\t<meta name=\"twitter:data2\" content=\"10 minutes\" \/>\n<script type=\"application\/ld+json\" class=\"yoast-schema-graph\">{\"@context\":\"https:\\\/\\\/schema.org\",\"@graph\":[{\"@type\":\"Article\",\"@id\":\"https:\\\/\\\/www.gardenz.fr\\\/news\\\/2025\\\/04\\\/30\\\/linversion-en-question-le-cannabis-vendu-a-new-york-provient-il-de-lexterieur-de-letat\\\/#article\",\"isPartOf\":{\"@id\":\"https:\\\/\\\/www.gardenz.fr\\\/news\\\/2025\\\/04\\\/30\\\/linversion-en-question-le-cannabis-vendu-a-new-york-provient-il-de-lexterieur-de-letat\\\/\"},\"author\":{\"name\":\"Idan Melicio\",\"@id\":\"https:\\\/\\\/www.gardenz.fr\\\/news\\\/#\\\/schema\\\/person\\\/4c29b13eadec7d3b7f81d3dc8253aa72\"},\"headline\":\"L\u2019inversion en question : Le cannabis vendu \u00e0 New York provient-il de l\u2019ext\u00e9rieur de l\u2019Etat ?\",\"datePublished\":\"2025-04-30T06:02:23+00:00\",\"dateModified\":\"2025-07-23T10:07:37+00:00\",\"mainEntityOfPage\":{\"@id\":\"https:\\\/\\\/www.gardenz.fr\\\/news\\\/2025\\\/04\\\/30\\\/linversion-en-question-le-cannabis-vendu-a-new-york-provient-il-de-lexterieur-de-letat\\\/\"},\"wordCount\":1044,\"publisher\":{\"@id\":\"https:\\\/\\\/www.gardenz.fr\\\/news\\\/#organization\"},\"image\":{\"@id\":\"https:\\\/\\\/www.gardenz.fr\\\/news\\\/2025\\\/04\\\/30\\\/linversion-en-question-le-cannabis-vendu-a-new-york-provient-il-de-lexterieur-de-letat\\\/#primaryimage\"},\"thumbnailUrl\":\"https:\\\/\\\/www.gardenz.fr\\\/news\\\/wp-content\\\/uploads\\\/2025\\\/04\\\/Linversion-en-question-Le-cannabis-vendu-a-New-York-provient-il-de-lexterieur-de-lEtat-sanitize-2025-04-30T060220.582Z.jpg\",\"articleSection\":[\"GENERAL\"],\"inLanguage\":\"fr-FR\"},{\"@type\":\"WebPage\",\"@id\":\"https:\\\/\\\/www.gardenz.fr\\\/news\\\/2025\\\/04\\\/30\\\/linversion-en-question-le-cannabis-vendu-a-new-york-provient-il-de-lexterieur-de-letat\\\/\",\"url\":\"https:\\\/\\\/www.gardenz.fr\\\/news\\\/2025\\\/04\\\/30\\\/linversion-en-question-le-cannabis-vendu-a-new-york-provient-il-de-lexterieur-de-letat\\\/\",\"name\":\"\ud83d\udd0dOrigine cannabis NY : int\u00e9rieur ou ext\u00e9rieur de l\u2019\u00c9tat ?\",\"isPartOf\":{\"@id\":\"https:\\\/\\\/www.gardenz.fr\\\/news\\\/#website\"},\"primaryImageOfPage\":{\"@id\":\"https:\\\/\\\/www.gardenz.fr\\\/news\\\/2025\\\/04\\\/30\\\/linversion-en-question-le-cannabis-vendu-a-new-york-provient-il-de-lexterieur-de-letat\\\/#primaryimage\"},\"image\":{\"@id\":\"https:\\\/\\\/www.gardenz.fr\\\/news\\\/2025\\\/04\\\/30\\\/linversion-en-question-le-cannabis-vendu-a-new-york-provient-il-de-lexterieur-de-letat\\\/#primaryimage\"},\"thumbnailUrl\":\"https:\\\/\\\/www.gardenz.fr\\\/news\\\/wp-content\\\/uploads\\\/2025\\\/04\\\/Linversion-en-question-Le-cannabis-vendu-a-New-York-provient-il-de-lexterieur-de-lEtat-sanitize-2025-04-30T060220.582Z.jpg\",\"datePublished\":\"2025-04-30T06:02:23+00:00\",\"dateModified\":\"2025-07-23T10:07:37+00:00\",\"description\":\"\ud83c\udf3f D\u00e9couvrez si le cannabis vendu \u00e0 New York provient de l\u2019ext\u00e9rieur de l\u2019Etat dans cet article informatif. #inversion #cannabis\",\"breadcrumb\":{\"@id\":\"https:\\\/\\\/www.gardenz.fr\\\/news\\\/2025\\\/04\\\/30\\\/linversion-en-question-le-cannabis-vendu-a-new-york-provient-il-de-lexterieur-de-letat\\\/#breadcrumb\"},\"inLanguage\":\"fr-FR\",\"potentialAction\":[{\"@type\":\"ReadAction\",\"target\":[\"https:\\\/\\\/www.gardenz.fr\\\/news\\\/2025\\\/04\\\/30\\\/linversion-en-question-le-cannabis-vendu-a-new-york-provient-il-de-lexterieur-de-letat\\\/\"]}]},{\"@type\":\"ImageObject\",\"inLanguage\":\"fr-FR\",\"@id\":\"https:\\\/\\\/www.gardenz.fr\\\/news\\\/2025\\\/04\\\/30\\\/linversion-en-question-le-cannabis-vendu-a-new-york-provient-il-de-lexterieur-de-letat\\\/#primaryimage\",\"url\":\"https:\\\/\\\/www.gardenz.fr\\\/news\\\/wp-content\\\/uploads\\\/2025\\\/04\\\/Linversion-en-question-Le-cannabis-vendu-a-New-York-provient-il-de-lexterieur-de-lEtat-sanitize-2025-04-30T060220.582Z.jpg\",\"contentUrl\":\"https:\\\/\\\/www.gardenz.fr\\\/news\\\/wp-content\\\/uploads\\\/2025\\\/04\\\/Linversion-en-question-Le-cannabis-vendu-a-New-York-provient-il-de-lexterieur-de-lEtat-sanitize-2025-04-30T060220.582Z.jpg\",\"width\":900,\"height\":250,\"caption\":\"L\u2019inversion en question : Le cannabis vendu \u00e0 New York provient-il de l\u2019ext\u00e9rieur de l\u2019Etat ?\"},{\"@type\":\"BreadcrumbList\",\"@id\":\"https:\\\/\\\/www.gardenz.fr\\\/news\\\/2025\\\/04\\\/30\\\/linversion-en-question-le-cannabis-vendu-a-new-york-provient-il-de-lexterieur-de-letat\\\/#breadcrumb\",\"itemListElement\":[{\"@type\":\"ListItem\",\"position\":1,\"name\":\"Accueil\",\"item\":\"https:\\\/\\\/www.gardenz.fr\\\/news\\\/\"},{\"@type\":\"ListItem\",\"position\":2,\"name\":\"L\u2019inversion en question : Le cannabis vendu \u00e0 New York provient-il de l\u2019ext\u00e9rieur de l\u2019Etat ?\"}]},{\"@type\":\"WebSite\",\"@id\":\"https:\\\/\\\/www.gardenz.fr\\\/news\\\/#website\",\"url\":\"https:\\\/\\\/www.gardenz.fr\\\/news\\\/\",\"name\":\"Le Blog de Gardenz\",\"description\":\"Best quality CBD\",\"publisher\":{\"@id\":\"https:\\\/\\\/www.gardenz.fr\\\/news\\\/#organization\"},\"potentialAction\":[{\"@type\":\"SearchAction\",\"target\":{\"@type\":\"EntryPoint\",\"urlTemplate\":\"https:\\\/\\\/www.gardenz.fr\\\/news\\\/?s={search_term_string}\"},\"query-input\":{\"@type\":\"PropertyValueSpecification\",\"valueRequired\":true,\"valueName\":\"search_term_string\"}}],\"inLanguage\":\"fr-FR\"},{\"@type\":\"Organization\",\"@id\":\"https:\\\/\\\/www.gardenz.fr\\\/news\\\/#organization\",\"name\":\"Le Blog de Gardenz\",\"url\":\"https:\\\/\\\/www.gardenz.fr\\\/news\\\/\",\"logo\":{\"@type\":\"ImageObject\",\"inLanguage\":\"fr-FR\",\"@id\":\"https:\\\/\\\/www.gardenz.fr\\\/news\\\/#\\\/schema\\\/logo\\\/image\\\/\",\"url\":\"https:\\\/\\\/www.gardenz.fr\\\/news\\\/wp-content\\\/uploads\\\/2022\\\/06\\\/logo-gardenz-feuille-blanc-final.png\",\"contentUrl\":\"https:\\\/\\\/www.gardenz.fr\\\/news\\\/wp-content\\\/uploads\\\/2022\\\/06\\\/logo-gardenz-feuille-blanc-final.png\",\"width\":459,\"height\":200,\"caption\":\"Le Blog de Gardenz\"},\"image\":{\"@id\":\"https:\\\/\\\/www.gardenz.fr\\\/news\\\/#\\\/schema\\\/logo\\\/image\\\/\"}},{\"@type\":\"Person\",\"@id\":\"https:\\\/\\\/www.gardenz.fr\\\/news\\\/#\\\/schema\\\/person\\\/4c29b13eadec7d3b7f81d3dc8253aa72\",\"name\":\"Idan Melicio\",\"image\":{\"@type\":\"ImageObject\",\"inLanguage\":\"fr-FR\",\"@id\":\"https:\\\/\\\/secure.gravatar.com\\\/avatar\\\/a4fed9bf268062e3c5884e1b9288f4a54517dd9041d8c562678849f7f1c1eb43?s=96&d=mm&r=g\",\"url\":\"https:\\\/\\\/secure.gravatar.com\\\/avatar\\\/a4fed9bf268062e3c5884e1b9288f4a54517dd9041d8c562678849f7f1c1eb43?s=96&d=mm&r=g\",\"contentUrl\":\"https:\\\/\\\/secure.gravatar.com\\\/avatar\\\/a4fed9bf268062e3c5884e1b9288f4a54517dd9041d8c562678849f7f1c1eb43?s=96&d=mm&r=g\",\"caption\":\"Idan Melicio\"},\"url\":\"https:\\\/\\\/www.gardenz.fr\\\/news\\\/author\\\/idan-milecio\\\/\"}]}<\/script>\n<!-- \/ Yoast SEO plugin. -->","yoast_head_json":{"title":"\ud83d\udd0dOrigine cannabis NY : int\u00e9rieur ou ext\u00e9rieur de l\u2019\u00c9tat ?","description":"\ud83c\udf3f D\u00e9couvrez si le cannabis vendu \u00e0 New York provient de l\u2019ext\u00e9rieur de l\u2019Etat dans cet article informatif. #inversion #cannabis","robots":{"index":"index","follow":"follow","max-snippet":"max-snippet:-1","max-image-preview":"max-image-preview:large","max-video-preview":"max-video-preview:-1"},"canonical":"https:\/\/www.gardenz.fr\/news\/2025\/04\/30\/linversion-en-question-le-cannabis-vendu-a-new-york-provient-il-de-lexterieur-de-letat\/","og_locale":"fr_FR","og_type":"article","og_title":"\ud83d\udd0dOrigine cannabis NY : int\u00e9rieur ou ext\u00e9rieur de l\u2019\u00c9tat ?","og_description":"\ud83c\udf3f D\u00e9couvrez si le cannabis vendu \u00e0 New York provient de l\u2019ext\u00e9rieur de l\u2019Etat dans cet article informatif. #inversion #cannabis","og_url":"https:\/\/www.gardenz.fr\/news\/2025\/04\/30\/linversion-en-question-le-cannabis-vendu-a-new-york-provient-il-de-lexterieur-de-letat\/","og_site_name":"Le Blog de Gardenz","article_published_time":"2025-04-30T06:02:23+00:00","article_modified_time":"2025-07-23T10:07:37+00:00","og_image":[{"width":900,"height":250,"url":"https:\/\/www.gardenz.fr\/news\/wp-content\/uploads\/2025\/04\/Linversion-en-question-Le-cannabis-vendu-a-New-York-provient-il-de-lexterieur-de-lEtat-sanitize-2025-04-30T060220.582Z.jpg","type":"image\/jpeg"}],"author":"Idan Melicio","twitter_card":"summary_large_image","twitter_misc":{"\u00c9crit par":"Idan Melicio","Dur\u00e9e de lecture estim\u00e9e":"10 minutes"},"schema":{"@context":"https:\/\/schema.org","@graph":[{"@type":"Article","@id":"https:\/\/www.gardenz.fr\/news\/2025\/04\/30\/linversion-en-question-le-cannabis-vendu-a-new-york-provient-il-de-lexterieur-de-letat\/#article","isPartOf":{"@id":"https:\/\/www.gardenz.fr\/news\/2025\/04\/30\/linversion-en-question-le-cannabis-vendu-a-new-york-provient-il-de-lexterieur-de-letat\/"},"author":{"name":"Idan Melicio","@id":"https:\/\/www.gardenz.fr\/news\/#\/schema\/person\/4c29b13eadec7d3b7f81d3dc8253aa72"},"headline":"L\u2019inversion en question : Le cannabis vendu \u00e0 New York provient-il de l\u2019ext\u00e9rieur de l\u2019Etat ?","datePublished":"2025-04-30T06:02:23+00:00","dateModified":"2025-07-23T10:07:37+00:00","mainEntityOfPage":{"@id":"https:\/\/www.gardenz.fr\/news\/2025\/04\/30\/linversion-en-question-le-cannabis-vendu-a-new-york-provient-il-de-lexterieur-de-letat\/"},"wordCount":1044,"publisher":{"@id":"https:\/\/www.gardenz.fr\/news\/#organization"},"image":{"@id":"https:\/\/www.gardenz.fr\/news\/2025\/04\/30\/linversion-en-question-le-cannabis-vendu-a-new-york-provient-il-de-lexterieur-de-letat\/#primaryimage"},"thumbnailUrl":"https:\/\/www.gardenz.fr\/news\/wp-content\/uploads\/2025\/04\/Linversion-en-question-Le-cannabis-vendu-a-New-York-provient-il-de-lexterieur-de-lEtat-sanitize-2025-04-30T060220.582Z.jpg","articleSection":["GENERAL"],"inLanguage":"fr-FR"},{"@type":"WebPage","@id":"https:\/\/www.gardenz.fr\/news\/2025\/04\/30\/linversion-en-question-le-cannabis-vendu-a-new-york-provient-il-de-lexterieur-de-letat\/","url":"https:\/\/www.gardenz.fr\/news\/2025\/04\/30\/linversion-en-question-le-cannabis-vendu-a-new-york-provient-il-de-lexterieur-de-letat\/","name":"\ud83d\udd0dOrigine cannabis NY : int\u00e9rieur ou ext\u00e9rieur de l\u2019\u00c9tat ?","isPartOf":{"@id":"https:\/\/www.gardenz.fr\/news\/#website"},"primaryImageOfPage":{"@id":"https:\/\/www.gardenz.fr\/news\/2025\/04\/30\/linversion-en-question-le-cannabis-vendu-a-new-york-provient-il-de-lexterieur-de-letat\/#primaryimage"},"image":{"@id":"https:\/\/www.gardenz.fr\/news\/2025\/04\/30\/linversion-en-question-le-cannabis-vendu-a-new-york-provient-il-de-lexterieur-de-letat\/#primaryimage"},"thumbnailUrl":"https:\/\/www.gardenz.fr\/news\/wp-content\/uploads\/2025\/04\/Linversion-en-question-Le-cannabis-vendu-a-New-York-provient-il-de-lexterieur-de-lEtat-sanitize-2025-04-30T060220.582Z.jpg","datePublished":"2025-04-30T06:02:23+00:00","dateModified":"2025-07-23T10:07:37+00:00","description":"\ud83c\udf3f D\u00e9couvrez si le cannabis vendu \u00e0 New York provient de l\u2019ext\u00e9rieur de l\u2019Etat dans cet article informatif. #inversion #cannabis","breadcrumb":{"@id":"https:\/\/www.gardenz.fr\/news\/2025\/04\/30\/linversion-en-question-le-cannabis-vendu-a-new-york-provient-il-de-lexterieur-de-letat\/#breadcrumb"},"inLanguage":"fr-FR","potentialAction":[{"@type":"ReadAction","target":["https:\/\/www.gardenz.fr\/news\/2025\/04\/30\/linversion-en-question-le-cannabis-vendu-a-new-york-provient-il-de-lexterieur-de-letat\/"]}]},{"@type":"ImageObject","inLanguage":"fr-FR","@id":"https:\/\/www.gardenz.fr\/news\/2025\/04\/30\/linversion-en-question-le-cannabis-vendu-a-new-york-provient-il-de-lexterieur-de-letat\/#primaryimage","url":"https:\/\/www.gardenz.fr\/news\/wp-content\/uploads\/2025\/04\/Linversion-en-question-Le-cannabis-vendu-a-New-York-provient-il-de-lexterieur-de-lEtat-sanitize-2025-04-30T060220.582Z.jpg","contentUrl":"https:\/\/www.gardenz.fr\/news\/wp-content\/uploads\/2025\/04\/Linversion-en-question-Le-cannabis-vendu-a-New-York-provient-il-de-lexterieur-de-lEtat-sanitize-2025-04-30T060220.582Z.jpg","width":900,"height":250,"caption":"L\u2019inversion en question : Le cannabis vendu \u00e0 New York provient-il de l\u2019ext\u00e9rieur de l\u2019Etat ?"},{"@type":"BreadcrumbList","@id":"https:\/\/www.gardenz.fr\/news\/2025\/04\/30\/linversion-en-question-le-cannabis-vendu-a-new-york-provient-il-de-lexterieur-de-letat\/#breadcrumb","itemListElement":[{"@type":"ListItem","position":1,"name":"Accueil","item":"https:\/\/www.gardenz.fr\/news\/"},{"@type":"ListItem","position":2,"name":"L\u2019inversion en question : Le cannabis vendu \u00e0 New York provient-il de l\u2019ext\u00e9rieur de l\u2019Etat ?"}]},{"@type":"WebSite","@id":"https:\/\/www.gardenz.fr\/news\/#website","url":"https:\/\/www.gardenz.fr\/news\/","name":"Le Blog de Gardenz","description":"Best quality CBD","publisher":{"@id":"https:\/\/www.gardenz.fr\/news\/#organization"},"potentialAction":[{"@type":"SearchAction","target":{"@type":"EntryPoint","urlTemplate":"https:\/\/www.gardenz.fr\/news\/?s={search_term_string}"},"query-input":{"@type":"PropertyValueSpecification","valueRequired":true,"valueName":"search_term_string"}}],"inLanguage":"fr-FR"},{"@type":"Organization","@id":"https:\/\/www.gardenz.fr\/news\/#organization","name":"Le Blog de Gardenz","url":"https:\/\/www.gardenz.fr\/news\/","logo":{"@type":"ImageObject","inLanguage":"fr-FR","@id":"https:\/\/www.gardenz.fr\/news\/#\/schema\/logo\/image\/","url":"https:\/\/www.gardenz.fr\/news\/wp-content\/uploads\/2022\/06\/logo-gardenz-feuille-blanc-final.png","contentUrl":"https:\/\/www.gardenz.fr\/news\/wp-content\/uploads\/2022\/06\/logo-gardenz-feuille-blanc-final.png","width":459,"height":200,"caption":"Le Blog de Gardenz"},"image":{"@id":"https:\/\/www.gardenz.fr\/news\/#\/schema\/logo\/image\/"}},{"@type":"Person","@id":"https:\/\/www.gardenz.fr\/news\/#\/schema\/person\/4c29b13eadec7d3b7f81d3dc8253aa72","name":"Idan Melicio","image":{"@type":"ImageObject","inLanguage":"fr-FR","@id":"https:\/\/secure.gravatar.com\/avatar\/a4fed9bf268062e3c5884e1b9288f4a54517dd9041d8c562678849f7f1c1eb43?s=96&d=mm&r=g","url":"https:\/\/secure.gravatar.com\/avatar\/a4fed9bf268062e3c5884e1b9288f4a54517dd9041d8c562678849f7f1c1eb43?s=96&d=mm&r=g","contentUrl":"https:\/\/secure.gravatar.com\/avatar\/a4fed9bf268062e3c5884e1b9288f4a54517dd9041d8c562678849f7f1c1eb43?s=96&d=mm&r=g","caption":"Idan Melicio"},"url":"https:\/\/www.gardenz.fr\/news\/author\/idan-milecio\/"}]}},"_links":{"self":[{"href":"https:\/\/www.gardenz.fr\/news\/wp-json\/wp\/v2\/posts\/18163","targetHints":{"allow":["GET"]}}],"collection":[{"href":"https:\/\/www.gardenz.fr\/news\/wp-json\/wp\/v2\/posts"}],"about":[{"href":"https:\/\/www.gardenz.fr\/news\/wp-json\/wp\/v2\/types\/post"}],"author":[{"embeddable":true,"href":"https:\/\/www.gardenz.fr\/news\/wp-json\/wp\/v2\/users\/18"}],"replies":[{"embeddable":true,"href":"https:\/\/www.gardenz.fr\/news\/wp-json\/wp\/v2\/comments?post=18163"}],"version-history":[{"count":4,"href":"https:\/\/www.gardenz.fr\/news\/wp-json\/wp\/v2\/posts\/18163\/revisions"}],"predecessor-version":[{"id":19022,"href":"https:\/\/www.gardenz.fr\/news\/wp-json\/wp\/v2\/posts\/18163\/revisions\/19022"}],"wp:featuredmedia":[{"embeddable":true,"href":"https:\/\/www.gardenz.fr\/news\/wp-json\/wp\/v2\/media\/18162"}],"wp:attachment":[{"href":"https:\/\/www.gardenz.fr\/news\/wp-json\/wp\/v2\/media?parent=18163"}],"wp:term":[{"taxonomy":"category","embeddable":true,"href":"https:\/\/www.gardenz.fr\/news\/wp-json\/wp\/v2\/categories?post=18163"},{"taxonomy":"post_tag","embeddable":true,"href":"https:\/\/www.gardenz.fr\/news\/wp-json\/wp\/v2\/tags?post=18163"}],"curies":[{"name":"wp","href":"https:\/\/api.w.org\/{rel}","templated":true}]}}