{"id":18179,"date":"2025-04-30T18:16:50","date_gmt":"2025-04-30T16:16:50","guid":{"rendered":"https:\/\/www.gardenz.fr\/news\/2025\/04\/30\/le-cannabis-peut-il-aider-en-cas-de-depression\/"},"modified":"2025-07-23T11:57:22","modified_gmt":"2025-07-23T09:57:22","slug":"le-cannabis-peut-il-aider-en-cas-de-depression","status":"publish","type":"post","link":"https:\/\/www.gardenz.fr\/news\/2025\/04\/30\/le-cannabis-peut-il-aider-en-cas-de-depression\/","title":{"rendered":"Le cannabis peut-il aider en cas de d\u00e9pression ?"},"content":{"rendered":"\t\t<div data-elementor-type=\"wp-post\" data-elementor-id=\"18179\" class=\"elementor elementor-18179\">\n\t\t\t\t\t\t<section class=\"elementor-section elementor-top-section elementor-element elementor-element-1cc313b8 elementor-section-boxed elementor-section-height-default elementor-section-height-default\" data-id=\"1cc313b8\" data-element_type=\"section\" data-e-type=\"section\">\n\t\t\t\t\t\t<div class=\"elementor-container elementor-column-gap-default\">\n\t\t\t\t\t<div class=\"elementor-column elementor-col-100 elementor-top-column elementor-element elementor-element-6db91fc7\" data-id=\"6db91fc7\" data-element_type=\"column\" data-e-type=\"column\">\n\t\t\t<div class=\"elementor-widget-wrap elementor-element-populated\">\n\t\t\t\t\t\t<div class=\"elementor-element elementor-element-51ea74af elementor-widget elementor-widget-text-editor\" data-id=\"51ea74af\" data-element_type=\"widget\" data-e-type=\"widget\" data-widget_type=\"text-editor.default\">\n\t\t\t\t<div class=\"elementor-widget-container\">\n\t\t\t\t\t\t\t\t\t<div style=\"margin-left: 10%; margin-right: 10%;\">\n<h2>Comprendre la d\u00e9pression et ses m\u00e9canismes \ud83e\udde0<\/h2>\nLa d\u00e9pression, ce n\u2019est pas juste un coup de blues ou une p\u00e9riode difficile. C\u2019est un trouble complexe qui touche aussi bien l\u2019esprit que le corps, influen\u00e7ant tes pens\u00e9es, ton humeur, ton <a href=\"https:\/\/www.gardenz.fr\/720-sommeil\">sommeil<\/a> et ta capacit\u00e9 \u00e0 profiter de la vie. Elle peut \u00eatre provoqu\u00e9e par une multitude de facteurs : g\u00e9n\u00e9tiques, environnementaux, psychologiques ou encore biologiques. Le d\u00e9s\u00e9quilibre chimique du cerveau est souvent cit\u00e9, notamment en ce qui concerne des neurotransmetteurs comme la s\u00e9rotonine, la dopamine ou la noradr\u00e9naline. Tu te sens vid\u00e9, sans \u00e9nergie, comme si chaque t\u00e2che du quotidien devenait une montagne \u00e0 gravir \ud83c\udfd4\ufe0f.\n<h2>Le cannabis, un alli\u00e9 m\u00e9connu contre la d\u00e9pression ? \ud83c\udf3f<\/h2>\nFace \u00e0 ce mal souvent invisible, il est l\u00e9gitime de chercher des solutions alternatives aux traitements traditionnels qui peuvent avoir des effets secondaires lourds. C\u2019est l\u00e0 que le cannabis entre en jeu. Utilis\u00e9 depuis des mill\u00e9naires pour ses propri\u00e9t\u00e9s m\u00e9dicinales, il suscite aujourd\u2019hui un int\u00e9r\u00eat croissant de la part des chercheurs pour ses effets potentiels sur l\u2019humeur et la gestion des \u00e9motions. Ses compos\u00e9s actifs, notamment le <a href=\"https:\/\/www.gardenz.fr\/310--delta-9-thc\">THC<\/a> et le <a href=\"https:\/\/www.gardenz.fr\/175-cbd\">CBD<\/a>, interagissent avec le syst\u00e8me endocannabino\u00efde du corps humain, un syst\u00e8me cl\u00e9 dans la r\u00e9gulation de l\u2019humeur, du <a href=\"https:\/\/www.gardenz.fr\/721-stress\">stress<\/a> et de l\u2019app\u00e9tit \ud83c\udf7d\ufe0f.\n<h2>Les effets du THC : lumi\u00e8re et ombres \ud83c\udf1e\ud83c\udf11<\/h2>\nLe THC, ou t\u00e9trahydrocannabinol, est le principal composant psychoactif du cannabis. Il offre des sensations d&rsquo;euphorie et de relaxation qui peuvent temporairement soulager les sympt\u00f4mes de la d\u00e9pression. Cependant, attention : \u00e0 fortes doses ou en utilisation prolong\u00e9e, le THC peut provoquer l\u2019effet inverse \u2013 anxi\u00e9t\u00e9, parano\u00efa, voire exacerbation des troubles d\u00e9pressifs. Tout est une question d\u2019\u00e9quilibre, et surtout de dosage. Certains utilisateurs rapportent une am\u00e9lioration de leur humeur, une baisse de leurs ruminations mentales ou un regain d&rsquo;int\u00e9r\u00eat pour des activit\u00e9s quotidiennes \ud83d\ude0c.\n<h2>Focus sur le CBD : un antistress naturel ? \ud83d\ude34<\/h2>\nLe CBD, ou cannabidiol, contrairement au THC, ne provoque pas d\u2019effet euphorisant. Mais il poss\u00e8de des propri\u00e9t\u00e9s anxiolytiques, anti-inflammatoires et stabilisatrices de l\u2019humeur qui peuvent \u00eatre d\u2019une aide pr\u00e9cieuse pour ceux qui luttent contre la d\u00e9pression. Des \u00e9tudes pr\u00e9liminaires sugg\u00e8rent que le CBD pourrait augmenter la disponibilit\u00e9 de la s\u00e9rotonine dans certaines r\u00e9gions du cerveau, un m\u00e9canisme que l\u2019on retrouve \u00e9galement dans les antid\u00e9presseurs classiques. Il peut t\u2019aider \u00e0 retrouver un certain calme int\u00e9rieur sans engourdir ton esprit, ni alt\u00e9rer ta lucidit\u00e9 mentale \ud83e\uddd8.\n<h2>Ce que disent les \u00e9tudes scientifiques \ud83d\udcda<\/h2>\nLa recherche autour du cannabis et de la d\u00e9pression est encore jeune mais prometteuse. Certaines \u00e9tudes d\u00e9montrent que les personnes souffrant de d\u00e9pression l\u00e9g\u00e8re \u00e0 mod\u00e9r\u00e9e peuvent b\u00e9n\u00e9ficier de traitements \u00e0 base de CBD. D\u2019autres travaux mettent en avant un soulagement temporaire des sympt\u00f4mes via une consommation contr\u00f4l\u00e9e de THC. Cependant, les r\u00e9sultats restent contrast\u00e9s : l\u2019usage r\u00e9gulier \u00e0 long terme est parfois associ\u00e9 \u00e0 un risque accru de troubles d\u00e9pressifs. Il est donc essentiel de faire preuve de discernement et, id\u00e9alement, de consulter un professionnel de sant\u00e9 avant d\u2019envisager l\u2019autom\u00e9dication \ud83e\ude7a.\n<h2>L\u2019importance de la m\u00e9thode d\u2019administration \ud83d\udca8<\/h2>\nFumer, vapoter, consommer sous forme d\u2019huile ou de g\u00e9lules : chaque m\u00e9thode d\u2019administration du cannabis a un impact diff\u00e9rent sur ton corps et ton cerveau. Les fleurs fum\u00e9es agissent rapidement mais leurs effets sont de courte dur\u00e9e. Les huiles ou capsules \u00e0 base de CBD, en revanche, offrent une action plus douce et prolong\u00e9e. Le choix d\u00e9pendra de tes besoins, de ta tol\u00e9rance et de ton exp\u00e9rience. Si tu d\u00e9butes, commence toujours par de petites doses et sois \u00e0 l\u2019\u00e9coute de ton ressenti pour \u00e9viter les mauvaises surprises \ud83d\ude2c.\n<h2>Interagir avec d\u2019autres traitements ? \u26a0\ufe0f<\/h2>\nSi tu suis d\u00e9j\u00e0 un traitement m\u00e9dicamenteux pour ta d\u00e9pression, comme des antid\u00e9presseurs, il est crucial de prendre en compte les potentielles interactions avec le cannabis. Certaines combinaisons peuvent amplifier ou r\u00e9duire les effets des m\u00e9dicaments, et interf\u00e9rer avec l\u2019\u00e9quilibre chimique de ton cerveau. Le CBD, par exemple, peut ralentir le m\u00e9tabolisme de certains m\u00e9dicaments, ce qui signifie qu\u2019ils restent plus longtemps dans ton organisme. D\u2019o\u00f9 l\u2019importance d\u2019un accompagnement m\u00e9dical rigoureux, m\u00eame si tu choisis une approche naturelle \ud83d\udc68\u200d\u2695\ufe0f.\n<h2>Des t\u00e9moignages humains et inspirants \ud83d\udcac<\/h2>\nTu n\u2019es pas seul. De nombreuses personnes souffrant de d\u00e9pression racontent comment le cannabis les a aid\u00e9s \u00e0 reprendre le contr\u00f4le de leur vie quotidienne. Pour certains, c\u2019est un moment de respiration entre deux vagues. Pour d&rsquo;autres, c\u2019est une ancre qui les maintient \u00e0 flot. Bien s\u00fbr, il ne s&rsquo;agit pas d\u2019un rem\u00e8de miracle, mais plut\u00f4t d\u2019un outil, parmi d&rsquo;autres, pour t\u2019aider \u00e0 retrouver ta lumi\u00e8re int\u00e9rieure. Ce qui compte, c\u2019est d\u2019exp\u00e9rimenter en conscience, avec bienveillance envers toi-m\u00eame \ud83d\udc9b.\n<h2>La cl\u00e9 : \u00e9couter ton corps et ton esprit \ud83d\udd11<\/h2>\nChaque personne est unique. Ce qui fonctionne pour l\u2019un peut ne pas fonctionner pour l\u2019autre. En mati\u00e8re de d\u00e9pression, il n&rsquo;y a pas de solution universelle. L&rsquo;important, c&rsquo;est de tester, d\u2019\u00e9valuer et d\u2019observer les effets jour apr\u00e8s jour. Si le cannabis t\u2019aide \u00e0 mieux dormir, \u00e0 r\u00e9duire ton stress ou \u00e0 retrouver un peu de motivation, c\u2019est d\u00e9j\u00e0 un petit pas vers un mieux-\u00eatre. Mais n\u2019oublie jamais : il fait partie d\u2019un tout, en compl\u00e9ment d\u2019un accompagnement th\u00e9rapeutique, d\u2019une alimentation \u00e9quilibr\u00e9e, d&rsquo;une activit\u00e9 physique r\u00e9guli\u00e8re et surtout d\u2019un entourage bienveillant \ud83e\udd17.\n<h2>Vers une r\u00e9volution verte de la sant\u00e9 mentale ? \ud83c\udf31<\/h2>\nLa perception du cannabis \u00e9volue rapidement, et son potentiel th\u00e9rapeutique commence \u00e0 \u00eatre reconnu au-del\u00e0 des clich\u00e9s. Utilis\u00e9 avec pr\u00e9caution, il pourrait jouer un r\u00f4le dans un mod\u00e8le de soins plus doux, plus respectueux du rythme de chacun. Une aide possible pour apaiser ton esprit, all\u00e9ger ton c\u0153ur et retrouver des couleurs dans ton monde int\u00e9rieur. Alors oui, le cannabis peut \u00eatre un soutien pr\u00e9cieux contre la d\u00e9pression, \u00e0 condition de l&rsquo;approcher avec intelligence, intention et responsabilit\u00e9. Ce n\u2019est pas la destination finale, mais peut-\u00eatre une main tendue sur le chemin de la gu\u00e9rison \ud83c\udf08. <a href=\"https:\/\/gardenz.fr\/news\">Tu veux continuer ta lecture ? D\u00e9couvre d&rsquo;autres articles en cliquant ici.<\/a><\/div>\n\n<div class=\"wp-block-group is-layout-constrained wp-block-group-is-layout-constrained\">\n<div class=\"wp-block-columns is-layout-flex wp-container-core-columns-is-layout-28f84493 wp-block-columns-is-layout-flex\">\n<div class=\"wp-block-column is-layout-flow wp-block-column-is-layout-flow\" style=\"flex-basis:20%\">\n<figure class=\"wp-block-image size-full\"><a href=\"https:\/\/www.gardenz.fr\/3-fleur-de-chanvre-cbd\"><img fetchpriority=\"high\" decoding=\"async\" width=\"424\" height=\"600\" src=\"https:\/\/www.gardenz.fr\/news\/wp-content\/uploads\/2025\/03\/FLEUR-DE-CHANVRE-CBD.webp\" alt=\"FLEUR-DE-CHANVRE-CBD\" class=\"wp-image-17519\" srcset=\"https:\/\/www.gardenz.fr\/news\/wp-content\/uploads\/2025\/03\/FLEUR-DE-CHANVRE-CBD.webp 424w, https:\/\/www.gardenz.fr\/news\/wp-content\/uploads\/2025\/03\/FLEUR-DE-CHANVRE-CBD-212x300.webp 212w\" sizes=\"(max-width: 424px) 100vw, 424px\" \/><\/a><\/figure>\n<\/div>\n\n\n\n<div class=\"wp-block-column is-layout-flow wp-block-column-is-layout-flow\" style=\"flex-basis:20%\">\n<figure class=\"wp-block-image size-full\"><a href=\"https:\/\/www.gardenz.fr\/6--resine-cbd\"><img decoding=\"async\" width=\"424\" height=\"600\" src=\"https:\/\/www.gardenz.fr\/news\/wp-content\/uploads\/2025\/03\/RESINE-CBD.webp\" alt=\"R\u00c9SINE-CBD\" class=\"wp-image-17515\" srcset=\"https:\/\/www.gardenz.fr\/news\/wp-content\/uploads\/2025\/03\/RESINE-CBD.webp 424w, https:\/\/www.gardenz.fr\/news\/wp-content\/uploads\/2025\/03\/RESINE-CBD-212x300.webp 212w\" sizes=\"(max-width: 424px) 100vw, 424px\" \/><\/a><\/figure>\n<\/div>\n\n\n\n<div class=\"wp-block-column is-layout-flow wp-block-column-is-layout-flow\" style=\"flex-basis:20%\">\n<figure class=\"wp-block-image size-full\"><a href=\"https:\/\/www.gardenz.fr\/511--weed-psycho\"><img decoding=\"async\" width=\"424\" height=\"600\" src=\"https:\/\/www.gardenz.fr\/news\/wp-content\/uploads\/2025\/03\/PSYCHOACTIFS.webp\" alt=\"PSYCHOACTIFS\" class=\"wp-image-17517\" srcset=\"https:\/\/www.gardenz.fr\/news\/wp-content\/uploads\/2025\/03\/PSYCHOACTIFS.webp 424w, https:\/\/www.gardenz.fr\/news\/wp-content\/uploads\/2025\/03\/PSYCHOACTIFS-212x300.webp 212w\" sizes=\"(max-width: 424px) 100vw, 424px\" \/><\/a><\/figure>\n<\/div>\n\n\n\n<div class=\"wp-block-column is-layout-flow wp-block-column-is-layout-flow\" style=\"flex-basis:20%\">\n<figure class=\"wp-block-image size-full\"><a href=\"https:\/\/www.gardenz.fr\/562--accessoires-weed\"><img loading=\"lazy\" decoding=\"async\" width=\"424\" height=\"600\" src=\"https:\/\/www.gardenz.fr\/news\/wp-content\/uploads\/2025\/03\/ACCESSOIRED.webp\" alt=\"\" class=\"wp-image-17520\" srcset=\"https:\/\/www.gardenz.fr\/news\/wp-content\/uploads\/2025\/03\/ACCESSOIRED.webp 424w, https:\/\/www.gardenz.fr\/news\/wp-content\/uploads\/2025\/03\/ACCESSOIRED-212x300.webp 212w\" sizes=\"(max-width: 424px) 100vw, 424px\" \/><\/a><\/figure>\n<\/div>\n\n\n\n<div class=\"wp-block-column is-layout-flow wp-block-column-is-layout-flow\" style=\"flex-basis:20%\">\n<figure class=\"wp-block-image size-full\"><a href=\"https:\/\/www.gardenz.fr\/284--vaporisateur-weed\"><img loading=\"lazy\" decoding=\"async\" width=\"424\" height=\"600\" src=\"https:\/\/www.gardenz.fr\/news\/wp-content\/uploads\/2025\/03\/VAPORISATEUR-WEED.webp\" alt=\"VAPORISATEUR-WEED\" class=\"wp-image-17514\" srcset=\"https:\/\/www.gardenz.fr\/news\/wp-content\/uploads\/2025\/03\/VAPORISATEUR-WEED.webp 424w, https:\/\/www.gardenz.fr\/news\/wp-content\/uploads\/2025\/03\/VAPORISATEUR-WEED-212x300.webp 212w\" sizes=\"(max-width: 424px) 100vw, 424px\" \/><\/a><\/figure>\n<\/div>\n<\/div>\n<\/div>\n\t\t\t\t\t\t\t\t<\/div>\n\t\t\t\t<\/div>\n\t\t\t\t\t<\/div>\n\t\t<\/div>\n\t\t\t\t\t<\/div>\n\t\t<\/section>\n\t\t\t\t<\/div>\n\t\t","protected":false},"excerpt":{"rendered":"<p>Comprendre la d\u00e9pression et ses m\u00e9canismes \ud83e\udde0 La d\u00e9pression, ce n\u2019est pas juste un coup de blues ou une p\u00e9riode difficile. C\u2019est un trouble complexe qui touche aussi bien l\u2019esprit que le corps, influen\u00e7ant tes pens\u00e9es, ton humeur, ton sommeil et ta capacit\u00e9 \u00e0 profiter de la vie. Elle peut \u00eatre provoqu\u00e9e par une multitude [&hellip;]<\/p>\n","protected":false},"author":18,"featured_media":18178,"comment_status":"closed","ping_status":"","sticky":false,"template":"","format":"standard","meta":{"site-sidebar-layout":"default","site-content-layout":"","ast-site-content-layout":"default","site-content-style":"default","site-sidebar-style":"default","ast-global-header-display":"","ast-banner-title-visibility":"","ast-main-header-display":"","ast-hfb-above-header-display":"","ast-hfb-below-header-display":"","ast-hfb-mobile-header-display":"","site-post-title":"","ast-breadcrumbs-content":"","ast-featured-img":"","footer-sml-layout":"","ast-disable-related-posts":"","theme-transparent-header-meta":"","adv-header-id-meta":"","stick-header-meta":"","header-above-stick-meta":"","header-main-stick-meta":"","header-below-stick-meta":"","astra-migrate-meta-layouts":"default","ast-page-background-enabled":"default","ast-page-background-meta":{"desktop":{"background-color":"var(--ast-global-color-4)","background-image":"","background-repeat":"repeat","background-position":"center center","background-size":"auto","background-attachment":"scroll","background-type":"","background-media":"","overlay-type":"","overlay-color":"","overlay-opacity":"","overlay-gradient":""},"tablet":{"background-color":"","background-image":"","background-repeat":"repeat","background-position":"center center","background-size":"auto","background-attachment":"scroll","background-type":"","background-media":"","overlay-type":"","overlay-color":"","overlay-opacity":"","overlay-gradient":""},"mobile":{"background-color":"","background-image":"","background-repeat":"repeat","background-position":"center center","background-size":"auto","background-attachment":"scroll","background-type":"","background-media":"","overlay-type":"","overlay-color":"","overlay-opacity":"","overlay-gradient":""}},"ast-content-background-meta":{"desktop":{"background-color":"var(--ast-global-color-5)","background-image":"","background-repeat":"repeat","background-position":"center center","background-size":"auto","background-attachment":"scroll","background-type":"","background-media":"","overlay-type":"","overlay-color":"","overlay-opacity":"","overlay-gradient":""},"tablet":{"background-color":"var(--ast-global-color-5)","background-image":"","background-repeat":"repeat","background-position":"center center","background-size":"auto","background-attachment":"scroll","background-type":"","background-media":"","overlay-type":"","overlay-color":"","overlay-opacity":"","overlay-gradient":""},"mobile":{"background-color":"var(--ast-global-color-5)","background-image":"","background-repeat":"repeat","background-position":"center center","background-size":"auto","background-attachment":"scroll","background-type":"","background-media":"","overlay-type":"","overlay-color":"","overlay-opacity":"","overlay-gradient":""}},"footnotes":""},"categories":[1],"tags":[],"class_list":["post-18179","post","type-post","status-publish","format-standard","has-post-thumbnail","hentry","category-non-classe"],"yoast_head":"<!-- This site is optimized with the Yoast SEO plugin v27.5 - https:\/\/yoast.com\/product\/yoast-seo-wordpress\/ -->\n<title>\ud83c\udf3f Cannabis et d\u00e9pression : une aide possible ?<\/title>\n<meta name=\"description\" content=\"\ud83c\udf3f D\u00e9couvrez si le cannabis peut soulager les sympt\u00f4mes de la d\u00e9pression et ce qu&#039;en dit la science.\" \/>\n<meta name=\"robots\" content=\"index, follow, max-snippet:-1, max-image-preview:large, max-video-preview:-1\" \/>\n<link rel=\"canonical\" href=\"https:\/\/www.gardenz.fr\/news\/2025\/04\/30\/le-cannabis-peut-il-aider-en-cas-de-depression\/\" \/>\n<meta property=\"og:locale\" content=\"fr_FR\" \/>\n<meta property=\"og:type\" content=\"article\" \/>\n<meta property=\"og:title\" content=\"\ud83c\udf3f Cannabis et d\u00e9pression : une aide possible ?\" \/>\n<meta property=\"og:description\" content=\"\ud83c\udf3f D\u00e9couvrez si le cannabis peut soulager les sympt\u00f4mes de la d\u00e9pression et ce qu&#039;en dit la science.\" \/>\n<meta property=\"og:url\" content=\"https:\/\/www.gardenz.fr\/news\/2025\/04\/30\/le-cannabis-peut-il-aider-en-cas-de-depression\/\" \/>\n<meta property=\"og:site_name\" content=\"Le Blog de Gardenz\" \/>\n<meta property=\"article:published_time\" content=\"2025-04-30T16:16:50+00:00\" \/>\n<meta property=\"article:modified_time\" content=\"2025-07-23T09:57:22+00:00\" \/>\n<meta property=\"og:image\" content=\"https:\/\/www.gardenz.fr\/news\/wp-content\/uploads\/2025\/04\/Le-cannabis-peut-il-aider-en-cas-de-depression-sanitizesanitize-2025-04-30T161647.554Z.jpg\" \/>\n\t<meta property=\"og:image:width\" content=\"900\" \/>\n\t<meta property=\"og:image:height\" content=\"250\" \/>\n\t<meta property=\"og:image:type\" content=\"image\/jpeg\" \/>\n<meta name=\"author\" content=\"Idan Melicio\" \/>\n<meta name=\"twitter:card\" content=\"summary_large_image\" \/>\n<meta name=\"twitter:label1\" content=\"\u00c9crit par\" \/>\n\t<meta name=\"twitter:data1\" content=\"Idan Melicio\" \/>\n\t<meta name=\"twitter:label2\" content=\"Dur\u00e9e de lecture estim\u00e9e\" \/>\n\t<meta name=\"twitter:data2\" content=\"10 minutes\" \/>\n<script type=\"application\/ld+json\" class=\"yoast-schema-graph\">{\"@context\":\"https:\\\/\\\/schema.org\",\"@graph\":[{\"@type\":\"Article\",\"@id\":\"https:\\\/\\\/www.gardenz.fr\\\/news\\\/2025\\\/04\\\/30\\\/le-cannabis-peut-il-aider-en-cas-de-depression\\\/#article\",\"isPartOf\":{\"@id\":\"https:\\\/\\\/www.gardenz.fr\\\/news\\\/2025\\\/04\\\/30\\\/le-cannabis-peut-il-aider-en-cas-de-depression\\\/\"},\"author\":{\"name\":\"Idan Melicio\",\"@id\":\"https:\\\/\\\/www.gardenz.fr\\\/news\\\/#\\\/schema\\\/person\\\/4c29b13eadec7d3b7f81d3dc8253aa72\"},\"headline\":\"Le cannabis peut-il aider en cas de d\u00e9pression ?\",\"datePublished\":\"2025-04-30T16:16:50+00:00\",\"dateModified\":\"2025-07-23T09:57:22+00:00\",\"mainEntityOfPage\":{\"@id\":\"https:\\\/\\\/www.gardenz.fr\\\/news\\\/2025\\\/04\\\/30\\\/le-cannabis-peut-il-aider-en-cas-de-depression\\\/\"},\"wordCount\":1124,\"publisher\":{\"@id\":\"https:\\\/\\\/www.gardenz.fr\\\/news\\\/#organization\"},\"image\":{\"@id\":\"https:\\\/\\\/www.gardenz.fr\\\/news\\\/2025\\\/04\\\/30\\\/le-cannabis-peut-il-aider-en-cas-de-depression\\\/#primaryimage\"},\"thumbnailUrl\":\"https:\\\/\\\/www.gardenz.fr\\\/news\\\/wp-content\\\/uploads\\\/2025\\\/04\\\/Le-cannabis-peut-il-aider-en-cas-de-depression-sanitizesanitize-2025-04-30T161647.554Z.jpg\",\"articleSection\":[\"GENERAL\"],\"inLanguage\":\"fr-FR\"},{\"@type\":\"WebPage\",\"@id\":\"https:\\\/\\\/www.gardenz.fr\\\/news\\\/2025\\\/04\\\/30\\\/le-cannabis-peut-il-aider-en-cas-de-depression\\\/\",\"url\":\"https:\\\/\\\/www.gardenz.fr\\\/news\\\/2025\\\/04\\\/30\\\/le-cannabis-peut-il-aider-en-cas-de-depression\\\/\",\"name\":\"\ud83c\udf3f Cannabis et d\u00e9pression : une aide possible ?\",\"isPartOf\":{\"@id\":\"https:\\\/\\\/www.gardenz.fr\\\/news\\\/#website\"},\"primaryImageOfPage\":{\"@id\":\"https:\\\/\\\/www.gardenz.fr\\\/news\\\/2025\\\/04\\\/30\\\/le-cannabis-peut-il-aider-en-cas-de-depression\\\/#primaryimage\"},\"image\":{\"@id\":\"https:\\\/\\\/www.gardenz.fr\\\/news\\\/2025\\\/04\\\/30\\\/le-cannabis-peut-il-aider-en-cas-de-depression\\\/#primaryimage\"},\"thumbnailUrl\":\"https:\\\/\\\/www.gardenz.fr\\\/news\\\/wp-content\\\/uploads\\\/2025\\\/04\\\/Le-cannabis-peut-il-aider-en-cas-de-depression-sanitizesanitize-2025-04-30T161647.554Z.jpg\",\"datePublished\":\"2025-04-30T16:16:50+00:00\",\"dateModified\":\"2025-07-23T09:57:22+00:00\",\"description\":\"\ud83c\udf3f D\u00e9couvrez si le cannabis peut soulager les sympt\u00f4mes de la d\u00e9pression et ce qu'en dit la science.\",\"breadcrumb\":{\"@id\":\"https:\\\/\\\/www.gardenz.fr\\\/news\\\/2025\\\/04\\\/30\\\/le-cannabis-peut-il-aider-en-cas-de-depression\\\/#breadcrumb\"},\"inLanguage\":\"fr-FR\",\"potentialAction\":[{\"@type\":\"ReadAction\",\"target\":[\"https:\\\/\\\/www.gardenz.fr\\\/news\\\/2025\\\/04\\\/30\\\/le-cannabis-peut-il-aider-en-cas-de-depression\\\/\"]}]},{\"@type\":\"ImageObject\",\"inLanguage\":\"fr-FR\",\"@id\":\"https:\\\/\\\/www.gardenz.fr\\\/news\\\/2025\\\/04\\\/30\\\/le-cannabis-peut-il-aider-en-cas-de-depression\\\/#primaryimage\",\"url\":\"https:\\\/\\\/www.gardenz.fr\\\/news\\\/wp-content\\\/uploads\\\/2025\\\/04\\\/Le-cannabis-peut-il-aider-en-cas-de-depression-sanitizesanitize-2025-04-30T161647.554Z.jpg\",\"contentUrl\":\"https:\\\/\\\/www.gardenz.fr\\\/news\\\/wp-content\\\/uploads\\\/2025\\\/04\\\/Le-cannabis-peut-il-aider-en-cas-de-depression-sanitizesanitize-2025-04-30T161647.554Z.jpg\",\"width\":900,\"height\":250,\"caption\":\"Le cannabis peut-il aider en cas de d\u00e9pression ?\"},{\"@type\":\"BreadcrumbList\",\"@id\":\"https:\\\/\\\/www.gardenz.fr\\\/news\\\/2025\\\/04\\\/30\\\/le-cannabis-peut-il-aider-en-cas-de-depression\\\/#breadcrumb\",\"itemListElement\":[{\"@type\":\"ListItem\",\"position\":1,\"name\":\"Accueil\",\"item\":\"https:\\\/\\\/www.gardenz.fr\\\/news\\\/\"},{\"@type\":\"ListItem\",\"position\":2,\"name\":\"Le cannabis peut-il aider en cas de d\u00e9pression ?\"}]},{\"@type\":\"WebSite\",\"@id\":\"https:\\\/\\\/www.gardenz.fr\\\/news\\\/#website\",\"url\":\"https:\\\/\\\/www.gardenz.fr\\\/news\\\/\",\"name\":\"Le Blog de Gardenz\",\"description\":\"Best quality CBD\",\"publisher\":{\"@id\":\"https:\\\/\\\/www.gardenz.fr\\\/news\\\/#organization\"},\"potentialAction\":[{\"@type\":\"SearchAction\",\"target\":{\"@type\":\"EntryPoint\",\"urlTemplate\":\"https:\\\/\\\/www.gardenz.fr\\\/news\\\/?s={search_term_string}\"},\"query-input\":{\"@type\":\"PropertyValueSpecification\",\"valueRequired\":true,\"valueName\":\"search_term_string\"}}],\"inLanguage\":\"fr-FR\"},{\"@type\":\"Organization\",\"@id\":\"https:\\\/\\\/www.gardenz.fr\\\/news\\\/#organization\",\"name\":\"Le Blog de Gardenz\",\"url\":\"https:\\\/\\\/www.gardenz.fr\\\/news\\\/\",\"logo\":{\"@type\":\"ImageObject\",\"inLanguage\":\"fr-FR\",\"@id\":\"https:\\\/\\\/www.gardenz.fr\\\/news\\\/#\\\/schema\\\/logo\\\/image\\\/\",\"url\":\"https:\\\/\\\/www.gardenz.fr\\\/news\\\/wp-content\\\/uploads\\\/2022\\\/06\\\/logo-gardenz-feuille-blanc-final.png\",\"contentUrl\":\"https:\\\/\\\/www.gardenz.fr\\\/news\\\/wp-content\\\/uploads\\\/2022\\\/06\\\/logo-gardenz-feuille-blanc-final.png\",\"width\":459,\"height\":200,\"caption\":\"Le Blog de Gardenz\"},\"image\":{\"@id\":\"https:\\\/\\\/www.gardenz.fr\\\/news\\\/#\\\/schema\\\/logo\\\/image\\\/\"}},{\"@type\":\"Person\",\"@id\":\"https:\\\/\\\/www.gardenz.fr\\\/news\\\/#\\\/schema\\\/person\\\/4c29b13eadec7d3b7f81d3dc8253aa72\",\"name\":\"Idan Melicio\",\"image\":{\"@type\":\"ImageObject\",\"inLanguage\":\"fr-FR\",\"@id\":\"https:\\\/\\\/secure.gravatar.com\\\/avatar\\\/a4fed9bf268062e3c5884e1b9288f4a54517dd9041d8c562678849f7f1c1eb43?s=96&d=mm&r=g\",\"url\":\"https:\\\/\\\/secure.gravatar.com\\\/avatar\\\/a4fed9bf268062e3c5884e1b9288f4a54517dd9041d8c562678849f7f1c1eb43?s=96&d=mm&r=g\",\"contentUrl\":\"https:\\\/\\\/secure.gravatar.com\\\/avatar\\\/a4fed9bf268062e3c5884e1b9288f4a54517dd9041d8c562678849f7f1c1eb43?s=96&d=mm&r=g\",\"caption\":\"Idan Melicio\"},\"url\":\"https:\\\/\\\/www.gardenz.fr\\\/news\\\/author\\\/idan-milecio\\\/\"}]}<\/script>\n<!-- \/ Yoast SEO plugin. -->","yoast_head_json":{"title":"\ud83c\udf3f Cannabis et d\u00e9pression : une aide possible ?","description":"\ud83c\udf3f D\u00e9couvrez si le cannabis peut soulager les sympt\u00f4mes de la d\u00e9pression et ce qu'en dit la science.","robots":{"index":"index","follow":"follow","max-snippet":"max-snippet:-1","max-image-preview":"max-image-preview:large","max-video-preview":"max-video-preview:-1"},"canonical":"https:\/\/www.gardenz.fr\/news\/2025\/04\/30\/le-cannabis-peut-il-aider-en-cas-de-depression\/","og_locale":"fr_FR","og_type":"article","og_title":"\ud83c\udf3f Cannabis et d\u00e9pression : une aide possible ?","og_description":"\ud83c\udf3f D\u00e9couvrez si le cannabis peut soulager les sympt\u00f4mes de la d\u00e9pression et ce qu'en dit la science.","og_url":"https:\/\/www.gardenz.fr\/news\/2025\/04\/30\/le-cannabis-peut-il-aider-en-cas-de-depression\/","og_site_name":"Le Blog de Gardenz","article_published_time":"2025-04-30T16:16:50+00:00","article_modified_time":"2025-07-23T09:57:22+00:00","og_image":[{"width":900,"height":250,"url":"https:\/\/www.gardenz.fr\/news\/wp-content\/uploads\/2025\/04\/Le-cannabis-peut-il-aider-en-cas-de-depression-sanitizesanitize-2025-04-30T161647.554Z.jpg","type":"image\/jpeg"}],"author":"Idan Melicio","twitter_card":"summary_large_image","twitter_misc":{"\u00c9crit par":"Idan Melicio","Dur\u00e9e de lecture estim\u00e9e":"10 minutes"},"schema":{"@context":"https:\/\/schema.org","@graph":[{"@type":"Article","@id":"https:\/\/www.gardenz.fr\/news\/2025\/04\/30\/le-cannabis-peut-il-aider-en-cas-de-depression\/#article","isPartOf":{"@id":"https:\/\/www.gardenz.fr\/news\/2025\/04\/30\/le-cannabis-peut-il-aider-en-cas-de-depression\/"},"author":{"name":"Idan Melicio","@id":"https:\/\/www.gardenz.fr\/news\/#\/schema\/person\/4c29b13eadec7d3b7f81d3dc8253aa72"},"headline":"Le cannabis peut-il aider en cas de d\u00e9pression ?","datePublished":"2025-04-30T16:16:50+00:00","dateModified":"2025-07-23T09:57:22+00:00","mainEntityOfPage":{"@id":"https:\/\/www.gardenz.fr\/news\/2025\/04\/30\/le-cannabis-peut-il-aider-en-cas-de-depression\/"},"wordCount":1124,"publisher":{"@id":"https:\/\/www.gardenz.fr\/news\/#organization"},"image":{"@id":"https:\/\/www.gardenz.fr\/news\/2025\/04\/30\/le-cannabis-peut-il-aider-en-cas-de-depression\/#primaryimage"},"thumbnailUrl":"https:\/\/www.gardenz.fr\/news\/wp-content\/uploads\/2025\/04\/Le-cannabis-peut-il-aider-en-cas-de-depression-sanitizesanitize-2025-04-30T161647.554Z.jpg","articleSection":["GENERAL"],"inLanguage":"fr-FR"},{"@type":"WebPage","@id":"https:\/\/www.gardenz.fr\/news\/2025\/04\/30\/le-cannabis-peut-il-aider-en-cas-de-depression\/","url":"https:\/\/www.gardenz.fr\/news\/2025\/04\/30\/le-cannabis-peut-il-aider-en-cas-de-depression\/","name":"\ud83c\udf3f Cannabis et d\u00e9pression : une aide possible ?","isPartOf":{"@id":"https:\/\/www.gardenz.fr\/news\/#website"},"primaryImageOfPage":{"@id":"https:\/\/www.gardenz.fr\/news\/2025\/04\/30\/le-cannabis-peut-il-aider-en-cas-de-depression\/#primaryimage"},"image":{"@id":"https:\/\/www.gardenz.fr\/news\/2025\/04\/30\/le-cannabis-peut-il-aider-en-cas-de-depression\/#primaryimage"},"thumbnailUrl":"https:\/\/www.gardenz.fr\/news\/wp-content\/uploads\/2025\/04\/Le-cannabis-peut-il-aider-en-cas-de-depression-sanitizesanitize-2025-04-30T161647.554Z.jpg","datePublished":"2025-04-30T16:16:50+00:00","dateModified":"2025-07-23T09:57:22+00:00","description":"\ud83c\udf3f D\u00e9couvrez si le cannabis peut soulager les sympt\u00f4mes de la d\u00e9pression et ce qu'en dit la science.","breadcrumb":{"@id":"https:\/\/www.gardenz.fr\/news\/2025\/04\/30\/le-cannabis-peut-il-aider-en-cas-de-depression\/#breadcrumb"},"inLanguage":"fr-FR","potentialAction":[{"@type":"ReadAction","target":["https:\/\/www.gardenz.fr\/news\/2025\/04\/30\/le-cannabis-peut-il-aider-en-cas-de-depression\/"]}]},{"@type":"ImageObject","inLanguage":"fr-FR","@id":"https:\/\/www.gardenz.fr\/news\/2025\/04\/30\/le-cannabis-peut-il-aider-en-cas-de-depression\/#primaryimage","url":"https:\/\/www.gardenz.fr\/news\/wp-content\/uploads\/2025\/04\/Le-cannabis-peut-il-aider-en-cas-de-depression-sanitizesanitize-2025-04-30T161647.554Z.jpg","contentUrl":"https:\/\/www.gardenz.fr\/news\/wp-content\/uploads\/2025\/04\/Le-cannabis-peut-il-aider-en-cas-de-depression-sanitizesanitize-2025-04-30T161647.554Z.jpg","width":900,"height":250,"caption":"Le cannabis peut-il aider en cas de d\u00e9pression ?"},{"@type":"BreadcrumbList","@id":"https:\/\/www.gardenz.fr\/news\/2025\/04\/30\/le-cannabis-peut-il-aider-en-cas-de-depression\/#breadcrumb","itemListElement":[{"@type":"ListItem","position":1,"name":"Accueil","item":"https:\/\/www.gardenz.fr\/news\/"},{"@type":"ListItem","position":2,"name":"Le cannabis peut-il aider en cas de d\u00e9pression ?"}]},{"@type":"WebSite","@id":"https:\/\/www.gardenz.fr\/news\/#website","url":"https:\/\/www.gardenz.fr\/news\/","name":"Le Blog de Gardenz","description":"Best quality CBD","publisher":{"@id":"https:\/\/www.gardenz.fr\/news\/#organization"},"potentialAction":[{"@type":"SearchAction","target":{"@type":"EntryPoint","urlTemplate":"https:\/\/www.gardenz.fr\/news\/?s={search_term_string}"},"query-input":{"@type":"PropertyValueSpecification","valueRequired":true,"valueName":"search_term_string"}}],"inLanguage":"fr-FR"},{"@type":"Organization","@id":"https:\/\/www.gardenz.fr\/news\/#organization","name":"Le Blog de Gardenz","url":"https:\/\/www.gardenz.fr\/news\/","logo":{"@type":"ImageObject","inLanguage":"fr-FR","@id":"https:\/\/www.gardenz.fr\/news\/#\/schema\/logo\/image\/","url":"https:\/\/www.gardenz.fr\/news\/wp-content\/uploads\/2022\/06\/logo-gardenz-feuille-blanc-final.png","contentUrl":"https:\/\/www.gardenz.fr\/news\/wp-content\/uploads\/2022\/06\/logo-gardenz-feuille-blanc-final.png","width":459,"height":200,"caption":"Le Blog de Gardenz"},"image":{"@id":"https:\/\/www.gardenz.fr\/news\/#\/schema\/logo\/image\/"}},{"@type":"Person","@id":"https:\/\/www.gardenz.fr\/news\/#\/schema\/person\/4c29b13eadec7d3b7f81d3dc8253aa72","name":"Idan Melicio","image":{"@type":"ImageObject","inLanguage":"fr-FR","@id":"https:\/\/secure.gravatar.com\/avatar\/a4fed9bf268062e3c5884e1b9288f4a54517dd9041d8c562678849f7f1c1eb43?s=96&d=mm&r=g","url":"https:\/\/secure.gravatar.com\/avatar\/a4fed9bf268062e3c5884e1b9288f4a54517dd9041d8c562678849f7f1c1eb43?s=96&d=mm&r=g","contentUrl":"https:\/\/secure.gravatar.com\/avatar\/a4fed9bf268062e3c5884e1b9288f4a54517dd9041d8c562678849f7f1c1eb43?s=96&d=mm&r=g","caption":"Idan Melicio"},"url":"https:\/\/www.gardenz.fr\/news\/author\/idan-milecio\/"}]}},"_links":{"self":[{"href":"https:\/\/www.gardenz.fr\/news\/wp-json\/wp\/v2\/posts\/18179","targetHints":{"allow":["GET"]}}],"collection":[{"href":"https:\/\/www.gardenz.fr\/news\/wp-json\/wp\/v2\/posts"}],"about":[{"href":"https:\/\/www.gardenz.fr\/news\/wp-json\/wp\/v2\/types\/post"}],"author":[{"embeddable":true,"href":"https:\/\/www.gardenz.fr\/news\/wp-json\/wp\/v2\/users\/18"}],"replies":[{"embeddable":true,"href":"https:\/\/www.gardenz.fr\/news\/wp-json\/wp\/v2\/comments?post=18179"}],"version-history":[{"count":3,"href":"https:\/\/www.gardenz.fr\/news\/wp-json\/wp\/v2\/posts\/18179\/revisions"}],"predecessor-version":[{"id":19012,"href":"https:\/\/www.gardenz.fr\/news\/wp-json\/wp\/v2\/posts\/18179\/revisions\/19012"}],"wp:featuredmedia":[{"embeddable":true,"href":"https:\/\/www.gardenz.fr\/news\/wp-json\/wp\/v2\/media\/18178"}],"wp:attachment":[{"href":"https:\/\/www.gardenz.fr\/news\/wp-json\/wp\/v2\/media?parent=18179"}],"wp:term":[{"taxonomy":"category","embeddable":true,"href":"https:\/\/www.gardenz.fr\/news\/wp-json\/wp\/v2\/categories?post=18179"},{"taxonomy":"post_tag","embeddable":true,"href":"https:\/\/www.gardenz.fr\/news\/wp-json\/wp\/v2\/tags?post=18179"}],"curies":[{"name":"wp","href":"https:\/\/api.w.org\/{rel}","templated":true}]}}