{"id":18187,"date":"2025-05-01T08:03:20","date_gmt":"2025-05-01T06:03:20","guid":{"rendered":"https:\/\/www.gardenz.fr\/news\/2025\/05\/01\/saint-christophe-et-nieves-lance-son-autorite-de-regulation-du-cannabis-medical\/"},"modified":"2025-07-23T11:27:36","modified_gmt":"2025-07-23T09:27:36","slug":"saint-christophe-et-nieves-lance-son-autorite-de-regulation-du-cannabis-medical","status":"publish","type":"post","link":"https:\/\/www.gardenz.fr\/news\/2025\/05\/01\/saint-christophe-et-nieves-lance-son-autorite-de-regulation-du-cannabis-medical\/","title":{"rendered":"Saint-Christophe-et-Ni\u00e9v\u00e8s lance son autorit\u00e9 de r\u00e9gulation du cannabis m\u00e9dical"},"content":{"rendered":"\t\t<div data-elementor-type=\"wp-post\" data-elementor-id=\"18187\" class=\"elementor elementor-18187\">\n\t\t\t\t\t\t<section class=\"elementor-section elementor-top-section elementor-element elementor-element-4652c6f8 elementor-section-boxed elementor-section-height-default elementor-section-height-default\" data-id=\"4652c6f8\" data-element_type=\"section\" data-e-type=\"section\">\n\t\t\t\t\t\t<div class=\"elementor-container elementor-column-gap-default\">\n\t\t\t\t\t<div class=\"elementor-column elementor-col-100 elementor-top-column elementor-element elementor-element-5979ed1f\" data-id=\"5979ed1f\" data-element_type=\"column\" data-e-type=\"column\">\n\t\t\t<div class=\"elementor-widget-wrap elementor-element-populated\">\n\t\t\t\t\t\t<div class=\"elementor-element elementor-element-2c6d4ae9 elementor-widget elementor-widget-text-editor\" data-id=\"2c6d4ae9\" data-element_type=\"widget\" data-e-type=\"widget\" data-widget_type=\"text-editor.default\">\n\t\t\t\t<div class=\"elementor-widget-container\">\n\t\t\t\t\t\t\t\t\t<div style=\"margin-left: 10%; margin-right: 10%;\">\n<h2>Une avanc\u00e9e historique pour Saint-Christophe-et-Ni\u00e9v\u00e8s \ud83c\udf3f<\/h2>\nC\u2019est un tournant d\u00e9cisif que vient de prendre Saint-Christophe-et-Ni\u00e9v\u00e8s avec le lancement officiel de son Autorit\u00e9 charg\u00e9e du <a href=\"https:\/\/www.gardenz.fr\/310--delta-9-thc\">cannabis<\/a> m\u00e9dical. Toi qui t\u2019int\u00e9resses \u00e0 l\u2019\u00e9volution du cannabis dans le monde, sache que ce petit \u00c9tat insulaire des Cara\u00efbes vient de marquer un jalon important sur le chemin de la l\u00e9galisation th\u00e9rapeutique \ud83c\udf31. Une d\u00e9cision attendue depuis plusieurs ann\u00e9es, qui concr\u00e9tise les efforts de r\u00e9forme entam\u00e9s d\u00e8s 2019, et qui pourrait bien inspirer d&rsquo;autres nations \u00e0 suivre le m\u00eame mod\u00e8le de transition.\n<h2>Les racines de la r\u00e9forme \ud83e\udde9<\/h2>\nRemontons un peu le fil du temps. C\u2019est en 2019 que le gouvernement, sous la direction du Premier ministre Timothy Harris, a pr\u00e9sent\u00e9 un projet de loi audacieux. Ce texte pr\u00e9voyait la l\u00e9galisation du cannabis m\u00e9dical ainsi qu\u2019une d\u00e9p\u00e9nalisation partielle de sa consommation \u00e0 usage personnel pour les adultes. Un choix judicieux et progressiste, \u00e0 contre-courant de la r\u00e9pression qui pr\u00e9vaut encore dans de nombreux pays. Cette avanc\u00e9e a \u00e9t\u00e9 renforc\u00e9e la m\u00eame ann\u00e9e par la Haute Cour, qui a ouvertement valid\u00e9 le droit des rastafari \u2013 un groupe culturel et religieux fortement li\u00e9 \u00e0 l\u2019utilisation spirituelle du cannabis \u2013 \u00e0 poss\u00e9der et cultiver leur plante sacr\u00e9e chez eux \ud83c\udf3a. Une d\u00e9cision non seulement juridique mais surtout profond\u00e9ment symbolique : elle reconna\u00eet enfin l&rsquo;importance d&rsquo;une plante consid\u00e9r\u00e9e sacr\u00e9e par une culture trop longtemps marginalis\u00e9e.\n<h2>Pourquoi cette autorit\u00e9 est indispensable \u2696\ufe0f<\/h2>\nTu te demandes certainement pourquoi il a fallu attendre jusqu\u2019en 2025 pour que la fameuse Autorit\u00e9 voie le jour. La r\u00e9ponse est simple : mettre en place une r\u00e9gulation du cannabis m\u00e9dical demande beaucoup plus qu\u2019un simple feu vert politique. Il faut d\u00e9finir un cadre juridique clair, instaurer des contr\u00f4les sanitaires pr\u00e9cis, former du personnel qualifi\u00e9, et surtout, cr\u00e9er la confiance aupr\u00e8s du public. L\u2019Autorit\u00e9 de r\u00e9gulation du cannabis m\u00e9dical va justement assurer cette mission : garantir que chaque produit livr\u00e9 aux patients respecte des standards rigoureux, tout en veillant \u00e0 ce que les cultivateurs et producteurs soient justement encadr\u00e9s \ud83c\udf21\ufe0f. On parle ici d&rsquo;un v\u00e9ritable \u00e9cosyst\u00e8me l\u00e9gal qui na\u00eet, avec des implications pour la sant\u00e9, l\u2019\u00e9conomie locale et la justice sociale.\n<h2>Un potentiel \u00e9conomique et social \u00e9norme \ud83d\udcb0<\/h2>\nNe te trompe pas : derri\u00e8re cette l\u00e9galisation, il y a aussi un enjeu \u00e9conomique majeur pour Saint-Christophe-et-Ni\u00e9v\u00e8s. En r\u00e9gulant le cannabis m\u00e9dical, le pays ouvre la porte \u00e0 un march\u00e9 en plein essor, cr\u00e9ateur d\u2019emplois, d\u2019opportunit\u00e9s commerciales, et g\u00e9n\u00e9rateur de revenus pour l\u2019\u00c9tat. Les petites exploitations locales pourront, si elles sont bien accompagn\u00e9es, acc\u00e9der \u00e0 ce march\u00e9 en pleine expansion. Cela veut dire plus de revenus pour les communaut\u00e9s rurales, plus de transparence, et une diminution du poids du march\u00e9 noir \ud83c\udf3e. Et ce n\u2019est pas tout : le gouvernement va aussi pouvoir investir une partie des recettes fiscales g\u00e9n\u00e9r\u00e9es par cette industrie dans les services publics, comme l\u2019\u00e9ducation, la sant\u00e9 et les infrastructures.\n<h2>Une approche centr\u00e9e sur la sant\u00e9 des patients \ud83e\ude7a<\/h2>\nDans un contexte o\u00f9 les bienfaits du cannabis m\u00e9dical sont de plus en plus valid\u00e9s par la recherche scientifique, cette r\u00e9forme prend tout son sens. Saint-Christophe-et-Ni\u00e9v\u00e8s veut offrir \u00e0 ses citoyens l\u2019acc\u00e8s \u00e0 une alternative th\u00e9rapeutique naturelle, ancienne mais red\u00e9couverte, pour le traitement de multiples pathologies : douleurs chroniques, troubles du sommeil, anxi\u00e9t\u00e9, \u00e9pilepsie, et bien plus \ud83c\udfaf. L\u2019Autorit\u00e9 de r\u00e9gulation va donc aussi avoir pour r\u00f4le de former les professionnels de sant\u00e9, d\u2019organiser l\u2019approvisionnement s\u00e9curis\u00e9 des patients, et de sensibiliser la population \u00e0 un usage non-r\u00e9cr\u00e9atif responsable et encadr\u00e9. C\u2019est une approche profond\u00e9ment humaine, l\u00e0 o\u00f9 pendant trop longtemps, le cannabis a \u00e9t\u00e9 diabolis\u00e9 au d\u00e9triment de la compassion m\u00e9dicale.\n<h2>Repenser la justice et r\u00e9parer les erreurs du pass\u00e9 \u2696\ufe0f<\/h2>\nL\u2019instauration officielle de cette autorit\u00e9 ouvre \u00e9galement la porte \u00e0 une r\u00e9flexion plus large sur la justice sociale. Dans de nombreux pays, la prohibition du cannabis a conduit \u00e0 des milliers d\u2019arrestations inutiles, transformant de simples usagers en criminels. \u00c0 Saint-Christophe-et-Ni\u00e9v\u00e8s, la d\u00e9p\u00e9nalisation d\u00e9j\u00e0 en cours depuis 2019 dessine un nouvel horizon : moins d\u2019incarc\u00e9rations pour des faits mineurs, une r\u00e9int\u00e9gration plus facile dans la soci\u00e9t\u00e9, et peut-\u00eatre demain, des mesures concr\u00e8tes de r\u00e9paration comme l\u2019effacement des casiers pour les anciens d\u00e9lits li\u00e9s au cannabis \ud83c\udf08. C\u2019est un premier pas vers une justice plus \u00e9quitable, align\u00e9e avec une vision moderne et non punitive de la politique des drogues.\n<h2>Un signal fort envoy\u00e9 \u00e0 la r\u00e9gion et au monde \ud83c\udf0d<\/h2>\nCette initiative audacieuse montre que m\u00eame un petit pays insulaire peut \u00eatre moteur du changement \u00e0 l\u2019\u00e9chelle r\u00e9gionale. En r\u00e9gulant le cannabis de mani\u00e8re responsable, Saint-Christophe-et-Ni\u00e9v\u00e8s envoie un message clair \u00e0 ses voisins carib\u00e9ens : il est temps de sortir du tabou et d\u2019embrasser des solutions modernes, bas\u00e9es sur la science, le respect des cultures, et le d\u00e9veloppement durable. \u00c0 terme, cette dynamique pourrait entra\u00eener une vague plus large de r\u00e9formes dans les Cara\u00efbes, contribuant \u00e0 repositionner la r\u00e9gion comme un acteur central du march\u00e9 cannabique l\u00e9gal en expansion \ud83d\ude80.\n<h2>Un avenir prometteur pour le cannabis m\u00e9dical \u2764\ufe0f<\/h2>\nTu l\u2019auras compris, cette r\u00e9gulation n\u2019est pas juste une annonce administrative. C\u2019est la promesse d&rsquo;une transformation en profondeur, dans laquelle la plante autrefois interdite devient vecteur de soin, moteur \u00e9conomique, et levier d\u2019\u00e9mancipation sociale. Si Saint-Christophe-et-Ni\u00e9v\u00e8s r\u00e9ussit ce tournant, il y a fort \u00e0 parier que d\u2019autres pays prendront exemple. Et cela ne tient qu\u2019\u00e0 une chose : vouloir allier tradition, sant\u00e9, et progr\u00e8s de fa\u00e7on intelligente \ud83c\udf1f. <a href=\"https:\/\/gardenz.fr\/news\">Tu veux continuer ta lecture ? D\u00e9couvre d&rsquo;autres articles en cliquant ici.<\/a><\/div>\n\n<div class=\"wp-block-group is-layout-constrained wp-block-group-is-layout-constrained\">\n<div class=\"wp-block-columns is-layout-flex wp-container-core-columns-is-layout-28f84493 wp-block-columns-is-layout-flex\">\n<div class=\"wp-block-column is-layout-flow wp-block-column-is-layout-flow\" style=\"flex-basis:20%\">\n<figure class=\"wp-block-image size-full\"><a href=\"https:\/\/www.gardenz.fr\/3-fleur-de-chanvre-cbd\"><img fetchpriority=\"high\" decoding=\"async\" width=\"424\" height=\"600\" src=\"https:\/\/www.gardenz.fr\/news\/wp-content\/uploads\/2025\/03\/FLEUR-DE-CHANVRE-CBD.webp\" alt=\"FLEUR-DE-CHANVRE-CBD\" class=\"wp-image-17519\" srcset=\"https:\/\/www.gardenz.fr\/news\/wp-content\/uploads\/2025\/03\/FLEUR-DE-CHANVRE-CBD.webp 424w, https:\/\/www.gardenz.fr\/news\/wp-content\/uploads\/2025\/03\/FLEUR-DE-CHANVRE-CBD-212x300.webp 212w\" sizes=\"(max-width: 424px) 100vw, 424px\" \/><\/a><\/figure>\n<\/div>\n\n\n\n<div class=\"wp-block-column is-layout-flow wp-block-column-is-layout-flow\" style=\"flex-basis:20%\">\n<figure class=\"wp-block-image size-full\"><a href=\"https:\/\/www.gardenz.fr\/6--resine-cbd\"><img decoding=\"async\" width=\"424\" height=\"600\" src=\"https:\/\/www.gardenz.fr\/news\/wp-content\/uploads\/2025\/03\/RESINE-CBD.webp\" alt=\"R\u00c9SINE-CBD\" class=\"wp-image-17515\" srcset=\"https:\/\/www.gardenz.fr\/news\/wp-content\/uploads\/2025\/03\/RESINE-CBD.webp 424w, https:\/\/www.gardenz.fr\/news\/wp-content\/uploads\/2025\/03\/RESINE-CBD-212x300.webp 212w\" sizes=\"(max-width: 424px) 100vw, 424px\" \/><\/a><\/figure>\n<\/div>\n\n\n\n<div class=\"wp-block-column is-layout-flow wp-block-column-is-layout-flow\" style=\"flex-basis:20%\">\n<figure class=\"wp-block-image size-full\"><a href=\"https:\/\/www.gardenz.fr\/511--weed-psycho\"><img decoding=\"async\" width=\"424\" height=\"600\" src=\"https:\/\/www.gardenz.fr\/news\/wp-content\/uploads\/2025\/03\/PSYCHOACTIFS.webp\" alt=\"PSYCHOACTIFS\" class=\"wp-image-17517\" srcset=\"https:\/\/www.gardenz.fr\/news\/wp-content\/uploads\/2025\/03\/PSYCHOACTIFS.webp 424w, https:\/\/www.gardenz.fr\/news\/wp-content\/uploads\/2025\/03\/PSYCHOACTIFS-212x300.webp 212w\" sizes=\"(max-width: 424px) 100vw, 424px\" \/><\/a><\/figure>\n<\/div>\n\n\n\n<div class=\"wp-block-column is-layout-flow wp-block-column-is-layout-flow\" style=\"flex-basis:20%\">\n<figure class=\"wp-block-image size-full\"><a href=\"https:\/\/www.gardenz.fr\/562--accessoires-weed\"><img loading=\"lazy\" decoding=\"async\" width=\"424\" height=\"600\" src=\"https:\/\/www.gardenz.fr\/news\/wp-content\/uploads\/2025\/03\/ACCESSOIRED.webp\" alt=\"\" class=\"wp-image-17520\" srcset=\"https:\/\/www.gardenz.fr\/news\/wp-content\/uploads\/2025\/03\/ACCESSOIRED.webp 424w, https:\/\/www.gardenz.fr\/news\/wp-content\/uploads\/2025\/03\/ACCESSOIRED-212x300.webp 212w\" sizes=\"(max-width: 424px) 100vw, 424px\" \/><\/a><\/figure>\n<\/div>\n\n\n\n<div class=\"wp-block-column is-layout-flow wp-block-column-is-layout-flow\" style=\"flex-basis:20%\">\n<figure class=\"wp-block-image size-full\"><a href=\"https:\/\/www.gardenz.fr\/284--vaporisateur-weed\"><img loading=\"lazy\" decoding=\"async\" width=\"424\" height=\"600\" src=\"https:\/\/www.gardenz.fr\/news\/wp-content\/uploads\/2025\/03\/VAPORISATEUR-WEED.webp\" alt=\"VAPORISATEUR-WEED\" class=\"wp-image-17514\" srcset=\"https:\/\/www.gardenz.fr\/news\/wp-content\/uploads\/2025\/03\/VAPORISATEUR-WEED.webp 424w, https:\/\/www.gardenz.fr\/news\/wp-content\/uploads\/2025\/03\/VAPORISATEUR-WEED-212x300.webp 212w\" sizes=\"(max-width: 424px) 100vw, 424px\" \/><\/a><\/figure>\n<\/div>\n<\/div>\n<\/div>\n\t\t\t\t\t\t\t\t<\/div>\n\t\t\t\t<\/div>\n\t\t\t\t\t<\/div>\n\t\t<\/div>\n\t\t\t\t\t<\/div>\n\t\t<\/section>\n\t\t\t\t<\/div>\n\t\t","protected":false},"excerpt":{"rendered":"<p>Une avanc\u00e9e historique pour Saint-Christophe-et-Ni\u00e9v\u00e8s \ud83c\udf3f C\u2019est un tournant d\u00e9cisif que vient de prendre Saint-Christophe-et-Ni\u00e9v\u00e8s avec le lancement officiel de son Autorit\u00e9 charg\u00e9e du cannabis m\u00e9dical. Toi qui t\u2019int\u00e9resses \u00e0 l\u2019\u00e9volution du cannabis dans le monde, sache que ce petit \u00c9tat insulaire des Cara\u00efbes vient de marquer un jalon important sur le chemin de la [&hellip;]<\/p>\n","protected":false},"author":18,"featured_media":18186,"comment_status":"closed","ping_status":"","sticky":false,"template":"","format":"standard","meta":{"site-sidebar-layout":"default","site-content-layout":"","ast-site-content-layout":"default","site-content-style":"default","site-sidebar-style":"default","ast-global-header-display":"","ast-banner-title-visibility":"","ast-main-header-display":"","ast-hfb-above-header-display":"","ast-hfb-below-header-display":"","ast-hfb-mobile-header-display":"","site-post-title":"","ast-breadcrumbs-content":"","ast-featured-img":"","footer-sml-layout":"","ast-disable-related-posts":"","theme-transparent-header-meta":"","adv-header-id-meta":"","stick-header-meta":"","header-above-stick-meta":"","header-main-stick-meta":"","header-below-stick-meta":"","astra-migrate-meta-layouts":"default","ast-page-background-enabled":"default","ast-page-background-meta":{"desktop":{"background-color":"var(--ast-global-color-4)","background-image":"","background-repeat":"repeat","background-position":"center center","background-size":"auto","background-attachment":"scroll","background-type":"","background-media":"","overlay-type":"","overlay-color":"","overlay-opacity":"","overlay-gradient":""},"tablet":{"background-color":"","background-image":"","background-repeat":"repeat","background-position":"center center","background-size":"auto","background-attachment":"scroll","background-type":"","background-media":"","overlay-type":"","overlay-color":"","overlay-opacity":"","overlay-gradient":""},"mobile":{"background-color":"","background-image":"","background-repeat":"repeat","background-position":"center center","background-size":"auto","background-attachment":"scroll","background-type":"","background-media":"","overlay-type":"","overlay-color":"","overlay-opacity":"","overlay-gradient":""}},"ast-content-background-meta":{"desktop":{"background-color":"var(--ast-global-color-5)","background-image":"","background-repeat":"repeat","background-position":"center center","background-size":"auto","background-attachment":"scroll","background-type":"","background-media":"","overlay-type":"","overlay-color":"","overlay-opacity":"","overlay-gradient":""},"tablet":{"background-color":"var(--ast-global-color-5)","background-image":"","background-repeat":"repeat","background-position":"center center","background-size":"auto","background-attachment":"scroll","background-type":"","background-media":"","overlay-type":"","overlay-color":"","overlay-opacity":"","overlay-gradient":""},"mobile":{"background-color":"var(--ast-global-color-5)","background-image":"","background-repeat":"repeat","background-position":"center center","background-size":"auto","background-attachment":"scroll","background-type":"","background-media":"","overlay-type":"","overlay-color":"","overlay-opacity":"","overlay-gradient":""}},"footnotes":""},"categories":[1],"tags":[],"class_list":["post-18187","post","type-post","status-publish","format-standard","has-post-thumbnail","hentry","category-non-classe"],"yoast_head":"<!-- This site is optimized with the Yoast SEO plugin v27.5 - https:\/\/yoast.com\/product\/yoast-seo-wordpress\/ -->\n<title>\ud83c\udf3f Saint-Christophe-et-Ni\u00e9v\u00e8s inaugure son autorit\u00e9 du cannabis m\u00e9dical<\/title>\n<meta name=\"description\" content=\"\ud83c\udf3f Saint-Christophe-et-Ni\u00e9v\u00e8s lance son autorit\u00e9 de r\u00e9gulation du cannabis m\u00e9dical. D\u00e9couvrez les d\u00e9tails ici !\" \/>\n<meta name=\"robots\" content=\"index, follow, max-snippet:-1, max-image-preview:large, max-video-preview:-1\" \/>\n<link rel=\"canonical\" href=\"https:\/\/www.gardenz.fr\/news\/2025\/05\/01\/saint-christophe-et-nieves-lance-son-autorite-de-regulation-du-cannabis-medical\/\" \/>\n<meta property=\"og:locale\" content=\"fr_FR\" \/>\n<meta property=\"og:type\" content=\"article\" \/>\n<meta property=\"og:title\" content=\"\ud83c\udf3f Saint-Christophe-et-Ni\u00e9v\u00e8s inaugure son autorit\u00e9 du cannabis m\u00e9dical\" \/>\n<meta property=\"og:description\" content=\"\ud83c\udf3f Saint-Christophe-et-Ni\u00e9v\u00e8s lance son autorit\u00e9 de r\u00e9gulation du cannabis m\u00e9dical. D\u00e9couvrez les d\u00e9tails ici !\" \/>\n<meta property=\"og:url\" content=\"https:\/\/www.gardenz.fr\/news\/2025\/05\/01\/saint-christophe-et-nieves-lance-son-autorite-de-regulation-du-cannabis-medical\/\" \/>\n<meta property=\"og:site_name\" content=\"Le Blog de Gardenz\" \/>\n<meta property=\"article:published_time\" content=\"2025-05-01T06:03:20+00:00\" \/>\n<meta property=\"article:modified_time\" content=\"2025-07-23T09:27:36+00:00\" \/>\n<meta property=\"og:image\" content=\"https:\/\/www.gardenz.fr\/news\/wp-content\/uploads\/2025\/05\/Saint-Christophe-et-Nieves-lance-son-autorite-de-regulation-du-cannabis-medicalsanitize-2025-05-01T060318.841Z.jpg\" \/>\n\t<meta property=\"og:image:width\" content=\"900\" \/>\n\t<meta property=\"og:image:height\" content=\"250\" \/>\n\t<meta property=\"og:image:type\" content=\"image\/jpeg\" \/>\n<meta name=\"author\" content=\"Idan Melicio\" \/>\n<meta name=\"twitter:card\" content=\"summary_large_image\" \/>\n<meta name=\"twitter:label1\" content=\"\u00c9crit par\" \/>\n\t<meta name=\"twitter:data1\" content=\"Idan Melicio\" \/>\n\t<meta name=\"twitter:label2\" content=\"Dur\u00e9e de lecture estim\u00e9e\" \/>\n\t<meta name=\"twitter:data2\" content=\"8 minutes\" \/>\n<script type=\"application\/ld+json\" class=\"yoast-schema-graph\">{\"@context\":\"https:\\\/\\\/schema.org\",\"@graph\":[{\"@type\":\"Article\",\"@id\":\"https:\\\/\\\/www.gardenz.fr\\\/news\\\/2025\\\/05\\\/01\\\/saint-christophe-et-nieves-lance-son-autorite-de-regulation-du-cannabis-medical\\\/#article\",\"isPartOf\":{\"@id\":\"https:\\\/\\\/www.gardenz.fr\\\/news\\\/2025\\\/05\\\/01\\\/saint-christophe-et-nieves-lance-son-autorite-de-regulation-du-cannabis-medical\\\/\"},\"author\":{\"name\":\"Idan Melicio\",\"@id\":\"https:\\\/\\\/www.gardenz.fr\\\/news\\\/#\\\/schema\\\/person\\\/4c29b13eadec7d3b7f81d3dc8253aa72\"},\"headline\":\"Saint-Christophe-et-Ni\u00e9v\u00e8s lance son autorit\u00e9 de r\u00e9gulation du cannabis m\u00e9dical\",\"datePublished\":\"2025-05-01T06:03:20+00:00\",\"dateModified\":\"2025-07-23T09:27:36+00:00\",\"mainEntityOfPage\":{\"@id\":\"https:\\\/\\\/www.gardenz.fr\\\/news\\\/2025\\\/05\\\/01\\\/saint-christophe-et-nieves-lance-son-autorite-de-regulation-du-cannabis-medical\\\/\"},\"wordCount\":1033,\"publisher\":{\"@id\":\"https:\\\/\\\/www.gardenz.fr\\\/news\\\/#organization\"},\"image\":{\"@id\":\"https:\\\/\\\/www.gardenz.fr\\\/news\\\/2025\\\/05\\\/01\\\/saint-christophe-et-nieves-lance-son-autorite-de-regulation-du-cannabis-medical\\\/#primaryimage\"},\"thumbnailUrl\":\"https:\\\/\\\/www.gardenz.fr\\\/news\\\/wp-content\\\/uploads\\\/2025\\\/05\\\/Saint-Christophe-et-Nieves-lance-son-autorite-de-regulation-du-cannabis-medicalsanitize-2025-05-01T060318.841Z.jpg\",\"articleSection\":[\"GENERAL\"],\"inLanguage\":\"fr-FR\"},{\"@type\":\"WebPage\",\"@id\":\"https:\\\/\\\/www.gardenz.fr\\\/news\\\/2025\\\/05\\\/01\\\/saint-christophe-et-nieves-lance-son-autorite-de-regulation-du-cannabis-medical\\\/\",\"url\":\"https:\\\/\\\/www.gardenz.fr\\\/news\\\/2025\\\/05\\\/01\\\/saint-christophe-et-nieves-lance-son-autorite-de-regulation-du-cannabis-medical\\\/\",\"name\":\"\ud83c\udf3f Saint-Christophe-et-Ni\u00e9v\u00e8s inaugure son autorit\u00e9 du cannabis m\u00e9dical\",\"isPartOf\":{\"@id\":\"https:\\\/\\\/www.gardenz.fr\\\/news\\\/#website\"},\"primaryImageOfPage\":{\"@id\":\"https:\\\/\\\/www.gardenz.fr\\\/news\\\/2025\\\/05\\\/01\\\/saint-christophe-et-nieves-lance-son-autorite-de-regulation-du-cannabis-medical\\\/#primaryimage\"},\"image\":{\"@id\":\"https:\\\/\\\/www.gardenz.fr\\\/news\\\/2025\\\/05\\\/01\\\/saint-christophe-et-nieves-lance-son-autorite-de-regulation-du-cannabis-medical\\\/#primaryimage\"},\"thumbnailUrl\":\"https:\\\/\\\/www.gardenz.fr\\\/news\\\/wp-content\\\/uploads\\\/2025\\\/05\\\/Saint-Christophe-et-Nieves-lance-son-autorite-de-regulation-du-cannabis-medicalsanitize-2025-05-01T060318.841Z.jpg\",\"datePublished\":\"2025-05-01T06:03:20+00:00\",\"dateModified\":\"2025-07-23T09:27:36+00:00\",\"description\":\"\ud83c\udf3f Saint-Christophe-et-Ni\u00e9v\u00e8s lance son autorit\u00e9 de r\u00e9gulation du cannabis m\u00e9dical. D\u00e9couvrez les d\u00e9tails ici !\",\"breadcrumb\":{\"@id\":\"https:\\\/\\\/www.gardenz.fr\\\/news\\\/2025\\\/05\\\/01\\\/saint-christophe-et-nieves-lance-son-autorite-de-regulation-du-cannabis-medical\\\/#breadcrumb\"},\"inLanguage\":\"fr-FR\",\"potentialAction\":[{\"@type\":\"ReadAction\",\"target\":[\"https:\\\/\\\/www.gardenz.fr\\\/news\\\/2025\\\/05\\\/01\\\/saint-christophe-et-nieves-lance-son-autorite-de-regulation-du-cannabis-medical\\\/\"]}]},{\"@type\":\"ImageObject\",\"inLanguage\":\"fr-FR\",\"@id\":\"https:\\\/\\\/www.gardenz.fr\\\/news\\\/2025\\\/05\\\/01\\\/saint-christophe-et-nieves-lance-son-autorite-de-regulation-du-cannabis-medical\\\/#primaryimage\",\"url\":\"https:\\\/\\\/www.gardenz.fr\\\/news\\\/wp-content\\\/uploads\\\/2025\\\/05\\\/Saint-Christophe-et-Nieves-lance-son-autorite-de-regulation-du-cannabis-medicalsanitize-2025-05-01T060318.841Z.jpg\",\"contentUrl\":\"https:\\\/\\\/www.gardenz.fr\\\/news\\\/wp-content\\\/uploads\\\/2025\\\/05\\\/Saint-Christophe-et-Nieves-lance-son-autorite-de-regulation-du-cannabis-medicalsanitize-2025-05-01T060318.841Z.jpg\",\"width\":900,\"height\":250,\"caption\":\"Saint-Christophe-et-Ni\u00e9v\u00e8s lance son autorit\u00e9 de r\u00e9gulation du cannabis m\u00e9dical\"},{\"@type\":\"BreadcrumbList\",\"@id\":\"https:\\\/\\\/www.gardenz.fr\\\/news\\\/2025\\\/05\\\/01\\\/saint-christophe-et-nieves-lance-son-autorite-de-regulation-du-cannabis-medical\\\/#breadcrumb\",\"itemListElement\":[{\"@type\":\"ListItem\",\"position\":1,\"name\":\"Accueil\",\"item\":\"https:\\\/\\\/www.gardenz.fr\\\/news\\\/\"},{\"@type\":\"ListItem\",\"position\":2,\"name\":\"Saint-Christophe-et-Ni\u00e9v\u00e8s lance son autorit\u00e9 de r\u00e9gulation du cannabis m\u00e9dical\"}]},{\"@type\":\"WebSite\",\"@id\":\"https:\\\/\\\/www.gardenz.fr\\\/news\\\/#website\",\"url\":\"https:\\\/\\\/www.gardenz.fr\\\/news\\\/\",\"name\":\"Le Blog de Gardenz\",\"description\":\"Best quality CBD\",\"publisher\":{\"@id\":\"https:\\\/\\\/www.gardenz.fr\\\/news\\\/#organization\"},\"potentialAction\":[{\"@type\":\"SearchAction\",\"target\":{\"@type\":\"EntryPoint\",\"urlTemplate\":\"https:\\\/\\\/www.gardenz.fr\\\/news\\\/?s={search_term_string}\"},\"query-input\":{\"@type\":\"PropertyValueSpecification\",\"valueRequired\":true,\"valueName\":\"search_term_string\"}}],\"inLanguage\":\"fr-FR\"},{\"@type\":\"Organization\",\"@id\":\"https:\\\/\\\/www.gardenz.fr\\\/news\\\/#organization\",\"name\":\"Le Blog de Gardenz\",\"url\":\"https:\\\/\\\/www.gardenz.fr\\\/news\\\/\",\"logo\":{\"@type\":\"ImageObject\",\"inLanguage\":\"fr-FR\",\"@id\":\"https:\\\/\\\/www.gardenz.fr\\\/news\\\/#\\\/schema\\\/logo\\\/image\\\/\",\"url\":\"https:\\\/\\\/www.gardenz.fr\\\/news\\\/wp-content\\\/uploads\\\/2022\\\/06\\\/logo-gardenz-feuille-blanc-final.png\",\"contentUrl\":\"https:\\\/\\\/www.gardenz.fr\\\/news\\\/wp-content\\\/uploads\\\/2022\\\/06\\\/logo-gardenz-feuille-blanc-final.png\",\"width\":459,\"height\":200,\"caption\":\"Le Blog de Gardenz\"},\"image\":{\"@id\":\"https:\\\/\\\/www.gardenz.fr\\\/news\\\/#\\\/schema\\\/logo\\\/image\\\/\"}},{\"@type\":\"Person\",\"@id\":\"https:\\\/\\\/www.gardenz.fr\\\/news\\\/#\\\/schema\\\/person\\\/4c29b13eadec7d3b7f81d3dc8253aa72\",\"name\":\"Idan Melicio\",\"image\":{\"@type\":\"ImageObject\",\"inLanguage\":\"fr-FR\",\"@id\":\"https:\\\/\\\/secure.gravatar.com\\\/avatar\\\/a4fed9bf268062e3c5884e1b9288f4a54517dd9041d8c562678849f7f1c1eb43?s=96&d=mm&r=g\",\"url\":\"https:\\\/\\\/secure.gravatar.com\\\/avatar\\\/a4fed9bf268062e3c5884e1b9288f4a54517dd9041d8c562678849f7f1c1eb43?s=96&d=mm&r=g\",\"contentUrl\":\"https:\\\/\\\/secure.gravatar.com\\\/avatar\\\/a4fed9bf268062e3c5884e1b9288f4a54517dd9041d8c562678849f7f1c1eb43?s=96&d=mm&r=g\",\"caption\":\"Idan Melicio\"},\"url\":\"https:\\\/\\\/www.gardenz.fr\\\/news\\\/author\\\/idan-milecio\\\/\"}]}<\/script>\n<!-- \/ Yoast SEO plugin. -->","yoast_head_json":{"title":"\ud83c\udf3f Saint-Christophe-et-Ni\u00e9v\u00e8s inaugure son autorit\u00e9 du cannabis m\u00e9dical","description":"\ud83c\udf3f Saint-Christophe-et-Ni\u00e9v\u00e8s lance son autorit\u00e9 de r\u00e9gulation du cannabis m\u00e9dical. D\u00e9couvrez les d\u00e9tails ici !","robots":{"index":"index","follow":"follow","max-snippet":"max-snippet:-1","max-image-preview":"max-image-preview:large","max-video-preview":"max-video-preview:-1"},"canonical":"https:\/\/www.gardenz.fr\/news\/2025\/05\/01\/saint-christophe-et-nieves-lance-son-autorite-de-regulation-du-cannabis-medical\/","og_locale":"fr_FR","og_type":"article","og_title":"\ud83c\udf3f Saint-Christophe-et-Ni\u00e9v\u00e8s inaugure son autorit\u00e9 du cannabis m\u00e9dical","og_description":"\ud83c\udf3f Saint-Christophe-et-Ni\u00e9v\u00e8s lance son autorit\u00e9 de r\u00e9gulation du cannabis m\u00e9dical. D\u00e9couvrez les d\u00e9tails ici !","og_url":"https:\/\/www.gardenz.fr\/news\/2025\/05\/01\/saint-christophe-et-nieves-lance-son-autorite-de-regulation-du-cannabis-medical\/","og_site_name":"Le Blog de Gardenz","article_published_time":"2025-05-01T06:03:20+00:00","article_modified_time":"2025-07-23T09:27:36+00:00","og_image":[{"width":900,"height":250,"url":"https:\/\/www.gardenz.fr\/news\/wp-content\/uploads\/2025\/05\/Saint-Christophe-et-Nieves-lance-son-autorite-de-regulation-du-cannabis-medicalsanitize-2025-05-01T060318.841Z.jpg","type":"image\/jpeg"}],"author":"Idan Melicio","twitter_card":"summary_large_image","twitter_misc":{"\u00c9crit par":"Idan Melicio","Dur\u00e9e de lecture estim\u00e9e":"8 minutes"},"schema":{"@context":"https:\/\/schema.org","@graph":[{"@type":"Article","@id":"https:\/\/www.gardenz.fr\/news\/2025\/05\/01\/saint-christophe-et-nieves-lance-son-autorite-de-regulation-du-cannabis-medical\/#article","isPartOf":{"@id":"https:\/\/www.gardenz.fr\/news\/2025\/05\/01\/saint-christophe-et-nieves-lance-son-autorite-de-regulation-du-cannabis-medical\/"},"author":{"name":"Idan Melicio","@id":"https:\/\/www.gardenz.fr\/news\/#\/schema\/person\/4c29b13eadec7d3b7f81d3dc8253aa72"},"headline":"Saint-Christophe-et-Ni\u00e9v\u00e8s lance son autorit\u00e9 de r\u00e9gulation du cannabis m\u00e9dical","datePublished":"2025-05-01T06:03:20+00:00","dateModified":"2025-07-23T09:27:36+00:00","mainEntityOfPage":{"@id":"https:\/\/www.gardenz.fr\/news\/2025\/05\/01\/saint-christophe-et-nieves-lance-son-autorite-de-regulation-du-cannabis-medical\/"},"wordCount":1033,"publisher":{"@id":"https:\/\/www.gardenz.fr\/news\/#organization"},"image":{"@id":"https:\/\/www.gardenz.fr\/news\/2025\/05\/01\/saint-christophe-et-nieves-lance-son-autorite-de-regulation-du-cannabis-medical\/#primaryimage"},"thumbnailUrl":"https:\/\/www.gardenz.fr\/news\/wp-content\/uploads\/2025\/05\/Saint-Christophe-et-Nieves-lance-son-autorite-de-regulation-du-cannabis-medicalsanitize-2025-05-01T060318.841Z.jpg","articleSection":["GENERAL"],"inLanguage":"fr-FR"},{"@type":"WebPage","@id":"https:\/\/www.gardenz.fr\/news\/2025\/05\/01\/saint-christophe-et-nieves-lance-son-autorite-de-regulation-du-cannabis-medical\/","url":"https:\/\/www.gardenz.fr\/news\/2025\/05\/01\/saint-christophe-et-nieves-lance-son-autorite-de-regulation-du-cannabis-medical\/","name":"\ud83c\udf3f Saint-Christophe-et-Ni\u00e9v\u00e8s inaugure son autorit\u00e9 du cannabis m\u00e9dical","isPartOf":{"@id":"https:\/\/www.gardenz.fr\/news\/#website"},"primaryImageOfPage":{"@id":"https:\/\/www.gardenz.fr\/news\/2025\/05\/01\/saint-christophe-et-nieves-lance-son-autorite-de-regulation-du-cannabis-medical\/#primaryimage"},"image":{"@id":"https:\/\/www.gardenz.fr\/news\/2025\/05\/01\/saint-christophe-et-nieves-lance-son-autorite-de-regulation-du-cannabis-medical\/#primaryimage"},"thumbnailUrl":"https:\/\/www.gardenz.fr\/news\/wp-content\/uploads\/2025\/05\/Saint-Christophe-et-Nieves-lance-son-autorite-de-regulation-du-cannabis-medicalsanitize-2025-05-01T060318.841Z.jpg","datePublished":"2025-05-01T06:03:20+00:00","dateModified":"2025-07-23T09:27:36+00:00","description":"\ud83c\udf3f Saint-Christophe-et-Ni\u00e9v\u00e8s lance son autorit\u00e9 de r\u00e9gulation du cannabis m\u00e9dical. D\u00e9couvrez les d\u00e9tails ici !","breadcrumb":{"@id":"https:\/\/www.gardenz.fr\/news\/2025\/05\/01\/saint-christophe-et-nieves-lance-son-autorite-de-regulation-du-cannabis-medical\/#breadcrumb"},"inLanguage":"fr-FR","potentialAction":[{"@type":"ReadAction","target":["https:\/\/www.gardenz.fr\/news\/2025\/05\/01\/saint-christophe-et-nieves-lance-son-autorite-de-regulation-du-cannabis-medical\/"]}]},{"@type":"ImageObject","inLanguage":"fr-FR","@id":"https:\/\/www.gardenz.fr\/news\/2025\/05\/01\/saint-christophe-et-nieves-lance-son-autorite-de-regulation-du-cannabis-medical\/#primaryimage","url":"https:\/\/www.gardenz.fr\/news\/wp-content\/uploads\/2025\/05\/Saint-Christophe-et-Nieves-lance-son-autorite-de-regulation-du-cannabis-medicalsanitize-2025-05-01T060318.841Z.jpg","contentUrl":"https:\/\/www.gardenz.fr\/news\/wp-content\/uploads\/2025\/05\/Saint-Christophe-et-Nieves-lance-son-autorite-de-regulation-du-cannabis-medicalsanitize-2025-05-01T060318.841Z.jpg","width":900,"height":250,"caption":"Saint-Christophe-et-Ni\u00e9v\u00e8s lance son autorit\u00e9 de r\u00e9gulation du cannabis m\u00e9dical"},{"@type":"BreadcrumbList","@id":"https:\/\/www.gardenz.fr\/news\/2025\/05\/01\/saint-christophe-et-nieves-lance-son-autorite-de-regulation-du-cannabis-medical\/#breadcrumb","itemListElement":[{"@type":"ListItem","position":1,"name":"Accueil","item":"https:\/\/www.gardenz.fr\/news\/"},{"@type":"ListItem","position":2,"name":"Saint-Christophe-et-Ni\u00e9v\u00e8s lance son autorit\u00e9 de r\u00e9gulation du cannabis m\u00e9dical"}]},{"@type":"WebSite","@id":"https:\/\/www.gardenz.fr\/news\/#website","url":"https:\/\/www.gardenz.fr\/news\/","name":"Le Blog de Gardenz","description":"Best quality CBD","publisher":{"@id":"https:\/\/www.gardenz.fr\/news\/#organization"},"potentialAction":[{"@type":"SearchAction","target":{"@type":"EntryPoint","urlTemplate":"https:\/\/www.gardenz.fr\/news\/?s={search_term_string}"},"query-input":{"@type":"PropertyValueSpecification","valueRequired":true,"valueName":"search_term_string"}}],"inLanguage":"fr-FR"},{"@type":"Organization","@id":"https:\/\/www.gardenz.fr\/news\/#organization","name":"Le Blog de Gardenz","url":"https:\/\/www.gardenz.fr\/news\/","logo":{"@type":"ImageObject","inLanguage":"fr-FR","@id":"https:\/\/www.gardenz.fr\/news\/#\/schema\/logo\/image\/","url":"https:\/\/www.gardenz.fr\/news\/wp-content\/uploads\/2022\/06\/logo-gardenz-feuille-blanc-final.png","contentUrl":"https:\/\/www.gardenz.fr\/news\/wp-content\/uploads\/2022\/06\/logo-gardenz-feuille-blanc-final.png","width":459,"height":200,"caption":"Le Blog de Gardenz"},"image":{"@id":"https:\/\/www.gardenz.fr\/news\/#\/schema\/logo\/image\/"}},{"@type":"Person","@id":"https:\/\/www.gardenz.fr\/news\/#\/schema\/person\/4c29b13eadec7d3b7f81d3dc8253aa72","name":"Idan Melicio","image":{"@type":"ImageObject","inLanguage":"fr-FR","@id":"https:\/\/secure.gravatar.com\/avatar\/a4fed9bf268062e3c5884e1b9288f4a54517dd9041d8c562678849f7f1c1eb43?s=96&d=mm&r=g","url":"https:\/\/secure.gravatar.com\/avatar\/a4fed9bf268062e3c5884e1b9288f4a54517dd9041d8c562678849f7f1c1eb43?s=96&d=mm&r=g","contentUrl":"https:\/\/secure.gravatar.com\/avatar\/a4fed9bf268062e3c5884e1b9288f4a54517dd9041d8c562678849f7f1c1eb43?s=96&d=mm&r=g","caption":"Idan Melicio"},"url":"https:\/\/www.gardenz.fr\/news\/author\/idan-milecio\/"}]}},"_links":{"self":[{"href":"https:\/\/www.gardenz.fr\/news\/wp-json\/wp\/v2\/posts\/18187","targetHints":{"allow":["GET"]}}],"collection":[{"href":"https:\/\/www.gardenz.fr\/news\/wp-json\/wp\/v2\/posts"}],"about":[{"href":"https:\/\/www.gardenz.fr\/news\/wp-json\/wp\/v2\/types\/post"}],"author":[{"embeddable":true,"href":"https:\/\/www.gardenz.fr\/news\/wp-json\/wp\/v2\/users\/18"}],"replies":[{"embeddable":true,"href":"https:\/\/www.gardenz.fr\/news\/wp-json\/wp\/v2\/comments?post=18187"}],"version-history":[{"count":3,"href":"https:\/\/www.gardenz.fr\/news\/wp-json\/wp\/v2\/posts\/18187\/revisions"}],"predecessor-version":[{"id":18997,"href":"https:\/\/www.gardenz.fr\/news\/wp-json\/wp\/v2\/posts\/18187\/revisions\/18997"}],"wp:featuredmedia":[{"embeddable":true,"href":"https:\/\/www.gardenz.fr\/news\/wp-json\/wp\/v2\/media\/18186"}],"wp:attachment":[{"href":"https:\/\/www.gardenz.fr\/news\/wp-json\/wp\/v2\/media?parent=18187"}],"wp:term":[{"taxonomy":"category","embeddable":true,"href":"https:\/\/www.gardenz.fr\/news\/wp-json\/wp\/v2\/categories?post=18187"},{"taxonomy":"post_tag","embeddable":true,"href":"https:\/\/www.gardenz.fr\/news\/wp-json\/wp\/v2\/tags?post=18187"}],"curies":[{"name":"wp","href":"https:\/\/api.w.org\/{rel}","templated":true}]}}