{"id":18197,"date":"2025-05-02T11:29:59","date_gmt":"2025-05-02T09:29:59","guid":{"rendered":"https:\/\/www.gardenz.fr\/news\/2025\/05\/02\/le-cannabis-est-il-un-coupe-faim-ou-un-ouvre-lappetit\/"},"modified":"2025-07-22T17:51:46","modified_gmt":"2025-07-22T15:51:46","slug":"le-cannabis-est-il-un-coupe-faim-ou-un-ouvre-lappetit","status":"publish","type":"post","link":"https:\/\/www.gardenz.fr\/news\/2025\/05\/02\/le-cannabis-est-il-un-coupe-faim-ou-un-ouvre-lappetit\/","title":{"rendered":"Le cannabis est-il un coupe-faim ou un ouvre-l\u2019app\u00e9tit ?"},"content":{"rendered":"\t\t<div data-elementor-type=\"wp-post\" data-elementor-id=\"18197\" class=\"elementor elementor-18197\">\n\t\t\t\t\t\t<section class=\"elementor-section elementor-top-section elementor-element elementor-element-36248879 elementor-section-boxed elementor-section-height-default elementor-section-height-default\" data-id=\"36248879\" data-element_type=\"section\" data-e-type=\"section\">\n\t\t\t\t\t\t<div class=\"elementor-container elementor-column-gap-default\">\n\t\t\t\t\t<div class=\"elementor-column elementor-col-100 elementor-top-column elementor-element elementor-element-5dfb9a14\" data-id=\"5dfb9a14\" data-element_type=\"column\" data-e-type=\"column\">\n\t\t\t<div class=\"elementor-widget-wrap elementor-element-populated\">\n\t\t\t\t\t\t<div class=\"elementor-element elementor-element-397790f elementor-widget elementor-widget-text-editor\" data-id=\"397790f\" data-element_type=\"widget\" data-e-type=\"widget\" data-widget_type=\"text-editor.default\">\n\t\t\t\t<div class=\"elementor-widget-container\">\n\t\t\t\t\t\t\t\t\t<div style=\"margin-left: 10%; margin-right: 10%;\">\n<h2>Comprendre la diff\u00e9rence entre coupe-faim et ouvre-l\u2019app\u00e9tit \ud83e\udde0<\/h2>\nAvant de plonger dans les effets du <a href=\"https:\/\/www.gardenz.fr\/310--delta-9-thc\">cannabis<\/a> sur la sensation de faim, prenons un instant pour bien distinguer deux notions que beaucoup confondent : \u00eatre un coupe-faim signifie r\u00e9duire l&rsquo;envie de manger, tandis qu\u2019ouvrir l\u2019app\u00e9tit, c\u2019est justement l\u2019amplifier \ud83d\ude0b. Ces deux effets sont \u00e0 l\u2019oppos\u00e9 l\u2019un de l\u2019autre, et comprendre cette nuance est essentiel pour bien cerner le r\u00f4le du cannabis sur ton organisme \ud83c\udf43.\n<h2>Ce que dit la science sur le cannabis et la faim \ud83d\udd2c<\/h2>\nDes \u00e9tudes scientifiques ont mis en lumi\u00e8re un fait intrigant : le cannabis interagit avec ton syst\u00e8me endocannabino\u00efde, un r\u00e9seau de r\u00e9cepteurs qui joue un r\u00f4le crucial dans la gestion de nombreuses fonctions biologiques, dont l&rsquo;app\u00e9tit \ud83d\ude2e. En particulier, le THC, principal compos\u00e9 <a href=\"https:\/\/www.gardenz.fr\/719-psychoactifs\">psychoactif<\/a> du cannabis, se lie aux r\u00e9cepteurs CB1 pr\u00e9sents dans ton cerveau, ce qui stimule la sensation de faim. C&rsquo;est un peu comme si ton cerveau pensait soudain que tu n&rsquo;avais pas mang\u00e9 depuis des heures, m\u00eame si tu viens de finir ton repas \ud83c\udf54.\n<h2>Pourquoi as-tu si faim apr\u00e8s avoir fum\u00e9 un joint ? \ud83d\ude05<\/h2>\nTu l\u2019as d\u00e9j\u00e0 v\u00e9cu, non ? Apr\u00e8s quelques bouff\u00e9es, tu ouvres le frigo ou tu commandes une pizza, puis tu manges tout ce qui te passe sous la main, m\u00eame des trucs que tu n\u2019aurais jamais os\u00e9 m\u00e9langer \ud83d\ude02. Ce ph\u00e9nom\u00e8ne porte un joli nom : les \u00ab munchies \u00bb. C\u2019est principalement le THC qui en est la cause. Il a pour effet d\u2019augmenter la lib\u00e9ration de dopamine, ce qui amplifie le plaisir de manger. En plus, il modifie la perception olfactive et gustative, rendant les aliments encore plus savoureux \ud83e\udd24. Ton cerveau est alors en mode festin, et il devient difficile de r\u00e9sister \u00e0 la tentation.\n<h2>Et les vari\u00e9t\u00e9s de cannabis dans tout \u00e7a ? \ud83c\udf3f<\/h2>\nTous les cannabis ne provoquent pas le m\u00eame effet sur ton app\u00e9tit. Par exemple, certaines vari\u00e9t\u00e9s riches en THC, comme les indicas, sont r\u00e9put\u00e9es pour provoquer une sensation de faim plus intense. C&rsquo;est pourquoi elles sont souvent recommand\u00e9es pour les personnes souffrant de perte d\u2019app\u00e9tit, notamment dans un cadre m\u00e9dical \ud83c\udf7d\ufe0f. \u00c0 l\u2019inverse, certaines sativas \u00e0 faible teneur en THC ou riches en THCV (t\u00e9trahydrocannabivarine) peuvent au contraire att\u00e9nuer la sensation de faim. Eh oui, le cannabis peut aussi jouer un r\u00f4le de coupe-faim dans certaines conditions sp\u00e9cifiques \ud83e\udd14.\n<h2>Le THCV : la mol\u00e9cule qui change la donne \u2697\ufe0f<\/h2>\nOn parle beaucoup du THC, mais connais-tu le THCV ? Il agit comme un antagoniste des r\u00e9cepteurs CB1, ce qui signifie qu\u2019il pourrait inhiber l\u2019envie de manger plut\u00f4t que de l\u2019amplifier \ud83d\udd04. Il est pr\u00e9sent en petites quantit\u00e9s dans certaines vari\u00e9t\u00e9s sp\u00e9cifiques de cannabis, comme celles originaires d\u2019Afrique. Si tu cherches un effet plus \u00e9quilibr\u00e9 ou si tu as tendance \u00e0 grignoter un peu trop apr\u00e8s avoir consomm\u00e9, le THCV pourrait \u00eatre un alli\u00e9 int\u00e9ressant \ud83e\udd13. Des recherches sont en cours pour mieux comprendre son potentiel en tant que coupe-faim naturel, notamment dans la lutte contre l&rsquo;ob\u00e9sit\u00e9.\n<h2>Utilisation m\u00e9dicale : une ouverture vers de nouveaux traitements \ud83d\udc8a<\/h2>\nDans le milieu m\u00e9dical, le cannabis est devenu un outil pr\u00e9cieux pour les patients souffrant de troubles de l\u2019app\u00e9tit caus\u00e9s par des traitements lourds comme la chimioth\u00e9rapie ou par des maladies comme le VIH\/sida. L\u2019aptitude du cannabis \u00e0 stimuler l\u2019app\u00e9tit dans ces contextes est aujourd\u2019hui bien document\u00e9e \ud83d\udcda. En revanche, l\u2019usage du cannabis comme coupe-faim reste encore \u00e0 l\u2019\u00e9tat de recherche. Si tu esp\u00e9rais remplacer ton r\u00e9gime par un blunt pour maigrir, va falloir encore patienter un peu \ud83d\ude05. Mais la piste est s\u00e9rieuse et prometteuse.\n<h2>Des effets qui varient d\u2019une personne \u00e0 l\u2019autre \ud83d\udc64<\/h2>\nIl faut aussi prendre en compte que chacun r\u00e9agit de mani\u00e8re diff\u00e9rente au cannabis. Tandis que certains vont ressentir une faim incontr\u00f4lable, d\u2019autres n\u2019\u00e9prouveront qu\u2019une l\u00e9g\u00e8re envie de grignoter, voire aucune \ud83c\udf6a. Ton m\u00e9tabolisme, ta tol\u00e9rance, ton alimentation habituelle et la vari\u00e9t\u00e9 consomm\u00e9e influencent \u00e9norm\u00e9ment ta r\u00e9action. C\u2019est pourquoi il est crucial de bien conna\u00eetre ton corps et de tester diff\u00e9rentes vari\u00e9t\u00e9s si tu veux mieux contr\u00f4ler ton app\u00e9tit \ud83c\udf4e.\n<h2>Conclusion : cannabis, stimulateur d\u2019app\u00e9tit intelligent ? \ud83e\udd14<\/h2>\nOn peut donc affirmer que le cannabis, en majorit\u00e9, agit comme un ouvre-l\u2019app\u00e9tit, mais certaines mol\u00e9cules sp\u00e9cifiques comme le THCV peuvent avoir un effet inverse. Ce n\u2019est donc pas une r\u00e9ponse binaire. Tout d\u00e9pend de la plante, de ses composants et de la personne qui la consomme \ud83d\udd04. Si tu cherches \u00e0 contr\u00f4ler ton app\u00e9tit avec du cannabis, il te faudra explorer, exp\u00e9rimenter et surtout t\u2019informer pour tirer le meilleur parti de ses effets. Car oui, derri\u00e8re les munchies joyeux se cache un potentiel bien plus vaste et nuanc\u00e9 \ud83c\udf6f. <a href=\"https:\/\/gardenz.fr\/news\">Tu veux continuer ta lecture ? D\u00e9couvre d&rsquo;autres articles en cliquant ici.<\/a><\/div>\n\n<div class=\"wp-block-group is-layout-constrained wp-block-group-is-layout-constrained\">\n<div class=\"wp-block-columns is-layout-flex wp-container-core-columns-is-layout-28f84493 wp-block-columns-is-layout-flex\">\n<div class=\"wp-block-column is-layout-flow wp-block-column-is-layout-flow\" style=\"flex-basis:20%\">\n<figure class=\"wp-block-image size-full\"><a href=\"https:\/\/www.gardenz.fr\/3-fleur-de-chanvre-cbd\"><img fetchpriority=\"high\" decoding=\"async\" width=\"424\" height=\"600\" src=\"https:\/\/www.gardenz.fr\/news\/wp-content\/uploads\/2025\/03\/FLEUR-DE-CHANVRE-CBD.webp\" alt=\"FLEUR-DE-CHANVRE-CBD\" class=\"wp-image-17519\" srcset=\"https:\/\/www.gardenz.fr\/news\/wp-content\/uploads\/2025\/03\/FLEUR-DE-CHANVRE-CBD.webp 424w, https:\/\/www.gardenz.fr\/news\/wp-content\/uploads\/2025\/03\/FLEUR-DE-CHANVRE-CBD-212x300.webp 212w\" sizes=\"(max-width: 424px) 100vw, 424px\" \/><\/a><\/figure>\n<\/div>\n\n\n\n<div class=\"wp-block-column is-layout-flow wp-block-column-is-layout-flow\" style=\"flex-basis:20%\">\n<figure class=\"wp-block-image size-full\"><a href=\"https:\/\/www.gardenz.fr\/6--resine-cbd\"><img decoding=\"async\" width=\"424\" height=\"600\" src=\"https:\/\/www.gardenz.fr\/news\/wp-content\/uploads\/2025\/03\/RESINE-CBD.webp\" alt=\"R\u00c9SINE-CBD\" class=\"wp-image-17515\" srcset=\"https:\/\/www.gardenz.fr\/news\/wp-content\/uploads\/2025\/03\/RESINE-CBD.webp 424w, https:\/\/www.gardenz.fr\/news\/wp-content\/uploads\/2025\/03\/RESINE-CBD-212x300.webp 212w\" sizes=\"(max-width: 424px) 100vw, 424px\" \/><\/a><\/figure>\n<\/div>\n\n\n\n<div class=\"wp-block-column is-layout-flow wp-block-column-is-layout-flow\" style=\"flex-basis:20%\">\n<figure class=\"wp-block-image size-full\"><a href=\"https:\/\/www.gardenz.fr\/511--weed-psycho\"><img decoding=\"async\" width=\"424\" height=\"600\" src=\"https:\/\/www.gardenz.fr\/news\/wp-content\/uploads\/2025\/03\/PSYCHOACTIFS.webp\" alt=\"PSYCHOACTIFS\" class=\"wp-image-17517\" srcset=\"https:\/\/www.gardenz.fr\/news\/wp-content\/uploads\/2025\/03\/PSYCHOACTIFS.webp 424w, https:\/\/www.gardenz.fr\/news\/wp-content\/uploads\/2025\/03\/PSYCHOACTIFS-212x300.webp 212w\" sizes=\"(max-width: 424px) 100vw, 424px\" \/><\/a><\/figure>\n<\/div>\n\n\n\n<div class=\"wp-block-column is-layout-flow wp-block-column-is-layout-flow\" style=\"flex-basis:20%\">\n<figure class=\"wp-block-image size-full\"><a href=\"https:\/\/www.gardenz.fr\/562--accessoires-weed\"><img loading=\"lazy\" decoding=\"async\" width=\"424\" height=\"600\" src=\"https:\/\/www.gardenz.fr\/news\/wp-content\/uploads\/2025\/03\/ACCESSOIRED.webp\" alt=\"\" class=\"wp-image-17520\" srcset=\"https:\/\/www.gardenz.fr\/news\/wp-content\/uploads\/2025\/03\/ACCESSOIRED.webp 424w, https:\/\/www.gardenz.fr\/news\/wp-content\/uploads\/2025\/03\/ACCESSOIRED-212x300.webp 212w\" sizes=\"(max-width: 424px) 100vw, 424px\" \/><\/a><\/figure>\n<\/div>\n\n\n\n<div class=\"wp-block-column is-layout-flow wp-block-column-is-layout-flow\" style=\"flex-basis:20%\">\n<figure class=\"wp-block-image size-full\"><a href=\"https:\/\/www.gardenz.fr\/284--vaporisateur-weed\"><img loading=\"lazy\" decoding=\"async\" width=\"424\" height=\"600\" src=\"https:\/\/www.gardenz.fr\/news\/wp-content\/uploads\/2025\/03\/VAPORISATEUR-WEED.webp\" alt=\"VAPORISATEUR-WEED\" class=\"wp-image-17514\" srcset=\"https:\/\/www.gardenz.fr\/news\/wp-content\/uploads\/2025\/03\/VAPORISATEUR-WEED.webp 424w, https:\/\/www.gardenz.fr\/news\/wp-content\/uploads\/2025\/03\/VAPORISATEUR-WEED-212x300.webp 212w\" sizes=\"(max-width: 424px) 100vw, 424px\" \/><\/a><\/figure>\n<\/div>\n<\/div>\n<\/div>\n\t\t\t\t\t\t\t\t<\/div>\n\t\t\t\t<\/div>\n\t\t\t\t\t<\/div>\n\t\t<\/div>\n\t\t\t\t\t<\/div>\n\t\t<\/section>\n\t\t\t\t<\/div>\n\t\t","protected":false},"excerpt":{"rendered":"<p>Comprendre la diff\u00e9rence entre coupe-faim et ouvre-l\u2019app\u00e9tit \ud83e\udde0 Avant de plonger dans les effets du cannabis sur la sensation de faim, prenons un instant pour bien distinguer deux notions que beaucoup confondent : \u00eatre un coupe-faim signifie r\u00e9duire l&rsquo;envie de manger, tandis qu\u2019ouvrir l\u2019app\u00e9tit, c\u2019est justement l\u2019amplifier \ud83d\ude0b. Ces deux effets sont \u00e0 l\u2019oppos\u00e9 l\u2019un [&hellip;]<\/p>\n","protected":false},"author":18,"featured_media":18196,"comment_status":"closed","ping_status":"","sticky":false,"template":"","format":"standard","meta":{"site-sidebar-layout":"default","site-content-layout":"","ast-site-content-layout":"default","site-content-style":"default","site-sidebar-style":"default","ast-global-header-display":"","ast-banner-title-visibility":"","ast-main-header-display":"","ast-hfb-above-header-display":"","ast-hfb-below-header-display":"","ast-hfb-mobile-header-display":"","site-post-title":"","ast-breadcrumbs-content":"","ast-featured-img":"","footer-sml-layout":"","ast-disable-related-posts":"","theme-transparent-header-meta":"","adv-header-id-meta":"","stick-header-meta":"","header-above-stick-meta":"","header-main-stick-meta":"","header-below-stick-meta":"","astra-migrate-meta-layouts":"default","ast-page-background-enabled":"default","ast-page-background-meta":{"desktop":{"background-color":"var(--ast-global-color-4)","background-image":"","background-repeat":"repeat","background-position":"center center","background-size":"auto","background-attachment":"scroll","background-type":"","background-media":"","overlay-type":"","overlay-color":"","overlay-opacity":"","overlay-gradient":""},"tablet":{"background-color":"","background-image":"","background-repeat":"repeat","background-position":"center center","background-size":"auto","background-attachment":"scroll","background-type":"","background-media":"","overlay-type":"","overlay-color":"","overlay-opacity":"","overlay-gradient":""},"mobile":{"background-color":"","background-image":"","background-repeat":"repeat","background-position":"center center","background-size":"auto","background-attachment":"scroll","background-type":"","background-media":"","overlay-type":"","overlay-color":"","overlay-opacity":"","overlay-gradient":""}},"ast-content-background-meta":{"desktop":{"background-color":"var(--ast-global-color-5)","background-image":"","background-repeat":"repeat","background-position":"center center","background-size":"auto","background-attachment":"scroll","background-type":"","background-media":"","overlay-type":"","overlay-color":"","overlay-opacity":"","overlay-gradient":""},"tablet":{"background-color":"var(--ast-global-color-5)","background-image":"","background-repeat":"repeat","background-position":"center center","background-size":"auto","background-attachment":"scroll","background-type":"","background-media":"","overlay-type":"","overlay-color":"","overlay-opacity":"","overlay-gradient":""},"mobile":{"background-color":"var(--ast-global-color-5)","background-image":"","background-repeat":"repeat","background-position":"center center","background-size":"auto","background-attachment":"scroll","background-type":"","background-media":"","overlay-type":"","overlay-color":"","overlay-opacity":"","overlay-gradient":""}},"footnotes":""},"categories":[1],"tags":[],"class_list":["post-18197","post","type-post","status-publish","format-standard","has-post-thumbnail","hentry","category-non-classe"],"yoast_head":"<!-- This site is optimized with the Yoast SEO plugin v27.5 - https:\/\/yoast.com\/product\/yoast-seo-wordpress\/ -->\n<title>\ud83c\udf3f Cannabis : coupe-faim ou booster d\u2019app\u00e9tit ?<\/title>\n<meta name=\"description\" content=\"\ud83c\udf3f D\u00e9couvrez si le cannabis agit comme coupe-faim ou stimulateur d\u2019app\u00e9tit selon les recherches scientifiques actuelles.\" \/>\n<meta name=\"robots\" content=\"index, follow, max-snippet:-1, max-image-preview:large, max-video-preview:-1\" \/>\n<link rel=\"canonical\" href=\"https:\/\/www.gardenz.fr\/news\/2025\/05\/02\/le-cannabis-est-il-un-coupe-faim-ou-un-ouvre-lappetit\/\" \/>\n<meta property=\"og:locale\" content=\"fr_FR\" \/>\n<meta property=\"og:type\" content=\"article\" \/>\n<meta property=\"og:title\" content=\"\ud83c\udf3f Cannabis : coupe-faim ou booster d\u2019app\u00e9tit ?\" \/>\n<meta property=\"og:description\" content=\"\ud83c\udf3f D\u00e9couvrez si le cannabis agit comme coupe-faim ou stimulateur d\u2019app\u00e9tit selon les recherches scientifiques actuelles.\" \/>\n<meta property=\"og:url\" content=\"https:\/\/www.gardenz.fr\/news\/2025\/05\/02\/le-cannabis-est-il-un-coupe-faim-ou-un-ouvre-lappetit\/\" \/>\n<meta property=\"og:site_name\" content=\"Le Blog de Gardenz\" \/>\n<meta property=\"article:published_time\" content=\"2025-05-02T09:29:59+00:00\" \/>\n<meta property=\"article:modified_time\" content=\"2025-07-22T15:51:46+00:00\" \/>\n<meta property=\"og:image\" content=\"https:\/\/www.gardenz.fr\/news\/wp-content\/uploads\/2025\/05\/Le-cannabis-est-il-un-coupe-faim-ou-un-ouvre-lappetit-sanitizesanitize-2025-05-02T092957.309Z.jpg\" \/>\n\t<meta property=\"og:image:width\" content=\"900\" \/>\n\t<meta property=\"og:image:height\" content=\"250\" \/>\n\t<meta property=\"og:image:type\" content=\"image\/jpeg\" \/>\n<meta name=\"author\" content=\"Idan Melicio\" \/>\n<meta name=\"twitter:card\" content=\"summary_large_image\" \/>\n<meta name=\"twitter:label1\" content=\"\u00c9crit par\" \/>\n\t<meta name=\"twitter:data1\" content=\"Idan Melicio\" \/>\n\t<meta name=\"twitter:label2\" content=\"Dur\u00e9e de lecture estim\u00e9e\" \/>\n\t<meta name=\"twitter:data2\" content=\"9 minutes\" \/>\n<script type=\"application\/ld+json\" class=\"yoast-schema-graph\">{\"@context\":\"https:\\\/\\\/schema.org\",\"@graph\":[{\"@type\":\"Article\",\"@id\":\"https:\\\/\\\/www.gardenz.fr\\\/news\\\/2025\\\/05\\\/02\\\/le-cannabis-est-il-un-coupe-faim-ou-un-ouvre-lappetit\\\/#article\",\"isPartOf\":{\"@id\":\"https:\\\/\\\/www.gardenz.fr\\\/news\\\/2025\\\/05\\\/02\\\/le-cannabis-est-il-un-coupe-faim-ou-un-ouvre-lappetit\\\/\"},\"author\":{\"name\":\"Idan Melicio\",\"@id\":\"https:\\\/\\\/www.gardenz.fr\\\/news\\\/#\\\/schema\\\/person\\\/4c29b13eadec7d3b7f81d3dc8253aa72\"},\"headline\":\"Le cannabis est-il un coupe-faim ou un ouvre-l\u2019app\u00e9tit ?\",\"datePublished\":\"2025-05-02T09:29:59+00:00\",\"dateModified\":\"2025-07-22T15:51:46+00:00\",\"mainEntityOfPage\":{\"@id\":\"https:\\\/\\\/www.gardenz.fr\\\/news\\\/2025\\\/05\\\/02\\\/le-cannabis-est-il-un-coupe-faim-ou-un-ouvre-lappetit\\\/\"},\"wordCount\":880,\"publisher\":{\"@id\":\"https:\\\/\\\/www.gardenz.fr\\\/news\\\/#organization\"},\"image\":{\"@id\":\"https:\\\/\\\/www.gardenz.fr\\\/news\\\/2025\\\/05\\\/02\\\/le-cannabis-est-il-un-coupe-faim-ou-un-ouvre-lappetit\\\/#primaryimage\"},\"thumbnailUrl\":\"https:\\\/\\\/www.gardenz.fr\\\/news\\\/wp-content\\\/uploads\\\/2025\\\/05\\\/Le-cannabis-est-il-un-coupe-faim-ou-un-ouvre-lappetit-sanitizesanitize-2025-05-02T092957.309Z.jpg\",\"articleSection\":[\"GENERAL\"],\"inLanguage\":\"fr-FR\"},{\"@type\":\"WebPage\",\"@id\":\"https:\\\/\\\/www.gardenz.fr\\\/news\\\/2025\\\/05\\\/02\\\/le-cannabis-est-il-un-coupe-faim-ou-un-ouvre-lappetit\\\/\",\"url\":\"https:\\\/\\\/www.gardenz.fr\\\/news\\\/2025\\\/05\\\/02\\\/le-cannabis-est-il-un-coupe-faim-ou-un-ouvre-lappetit\\\/\",\"name\":\"\ud83c\udf3f Cannabis : coupe-faim ou booster d\u2019app\u00e9tit ?\",\"isPartOf\":{\"@id\":\"https:\\\/\\\/www.gardenz.fr\\\/news\\\/#website\"},\"primaryImageOfPage\":{\"@id\":\"https:\\\/\\\/www.gardenz.fr\\\/news\\\/2025\\\/05\\\/02\\\/le-cannabis-est-il-un-coupe-faim-ou-un-ouvre-lappetit\\\/#primaryimage\"},\"image\":{\"@id\":\"https:\\\/\\\/www.gardenz.fr\\\/news\\\/2025\\\/05\\\/02\\\/le-cannabis-est-il-un-coupe-faim-ou-un-ouvre-lappetit\\\/#primaryimage\"},\"thumbnailUrl\":\"https:\\\/\\\/www.gardenz.fr\\\/news\\\/wp-content\\\/uploads\\\/2025\\\/05\\\/Le-cannabis-est-il-un-coupe-faim-ou-un-ouvre-lappetit-sanitizesanitize-2025-05-02T092957.309Z.jpg\",\"datePublished\":\"2025-05-02T09:29:59+00:00\",\"dateModified\":\"2025-07-22T15:51:46+00:00\",\"description\":\"\ud83c\udf3f D\u00e9couvrez si le cannabis agit comme coupe-faim ou stimulateur d\u2019app\u00e9tit selon les recherches scientifiques actuelles.\",\"breadcrumb\":{\"@id\":\"https:\\\/\\\/www.gardenz.fr\\\/news\\\/2025\\\/05\\\/02\\\/le-cannabis-est-il-un-coupe-faim-ou-un-ouvre-lappetit\\\/#breadcrumb\"},\"inLanguage\":\"fr-FR\",\"potentialAction\":[{\"@type\":\"ReadAction\",\"target\":[\"https:\\\/\\\/www.gardenz.fr\\\/news\\\/2025\\\/05\\\/02\\\/le-cannabis-est-il-un-coupe-faim-ou-un-ouvre-lappetit\\\/\"]}]},{\"@type\":\"ImageObject\",\"inLanguage\":\"fr-FR\",\"@id\":\"https:\\\/\\\/www.gardenz.fr\\\/news\\\/2025\\\/05\\\/02\\\/le-cannabis-est-il-un-coupe-faim-ou-un-ouvre-lappetit\\\/#primaryimage\",\"url\":\"https:\\\/\\\/www.gardenz.fr\\\/news\\\/wp-content\\\/uploads\\\/2025\\\/05\\\/Le-cannabis-est-il-un-coupe-faim-ou-un-ouvre-lappetit-sanitizesanitize-2025-05-02T092957.309Z.jpg\",\"contentUrl\":\"https:\\\/\\\/www.gardenz.fr\\\/news\\\/wp-content\\\/uploads\\\/2025\\\/05\\\/Le-cannabis-est-il-un-coupe-faim-ou-un-ouvre-lappetit-sanitizesanitize-2025-05-02T092957.309Z.jpg\",\"width\":900,\"height\":250,\"caption\":\"Le cannabis est-il un coupe-faim ou un ouvre-l\u2019app\u00e9tit ?\"},{\"@type\":\"BreadcrumbList\",\"@id\":\"https:\\\/\\\/www.gardenz.fr\\\/news\\\/2025\\\/05\\\/02\\\/le-cannabis-est-il-un-coupe-faim-ou-un-ouvre-lappetit\\\/#breadcrumb\",\"itemListElement\":[{\"@type\":\"ListItem\",\"position\":1,\"name\":\"Accueil\",\"item\":\"https:\\\/\\\/www.gardenz.fr\\\/news\\\/\"},{\"@type\":\"ListItem\",\"position\":2,\"name\":\"Le cannabis est-il un coupe-faim ou un ouvre-l\u2019app\u00e9tit ?\"}]},{\"@type\":\"WebSite\",\"@id\":\"https:\\\/\\\/www.gardenz.fr\\\/news\\\/#website\",\"url\":\"https:\\\/\\\/www.gardenz.fr\\\/news\\\/\",\"name\":\"Le Blog de Gardenz\",\"description\":\"Best quality CBD\",\"publisher\":{\"@id\":\"https:\\\/\\\/www.gardenz.fr\\\/news\\\/#organization\"},\"potentialAction\":[{\"@type\":\"SearchAction\",\"target\":{\"@type\":\"EntryPoint\",\"urlTemplate\":\"https:\\\/\\\/www.gardenz.fr\\\/news\\\/?s={search_term_string}\"},\"query-input\":{\"@type\":\"PropertyValueSpecification\",\"valueRequired\":true,\"valueName\":\"search_term_string\"}}],\"inLanguage\":\"fr-FR\"},{\"@type\":\"Organization\",\"@id\":\"https:\\\/\\\/www.gardenz.fr\\\/news\\\/#organization\",\"name\":\"Le Blog de Gardenz\",\"url\":\"https:\\\/\\\/www.gardenz.fr\\\/news\\\/\",\"logo\":{\"@type\":\"ImageObject\",\"inLanguage\":\"fr-FR\",\"@id\":\"https:\\\/\\\/www.gardenz.fr\\\/news\\\/#\\\/schema\\\/logo\\\/image\\\/\",\"url\":\"https:\\\/\\\/www.gardenz.fr\\\/news\\\/wp-content\\\/uploads\\\/2022\\\/06\\\/logo-gardenz-feuille-blanc-final.png\",\"contentUrl\":\"https:\\\/\\\/www.gardenz.fr\\\/news\\\/wp-content\\\/uploads\\\/2022\\\/06\\\/logo-gardenz-feuille-blanc-final.png\",\"width\":459,\"height\":200,\"caption\":\"Le Blog de Gardenz\"},\"image\":{\"@id\":\"https:\\\/\\\/www.gardenz.fr\\\/news\\\/#\\\/schema\\\/logo\\\/image\\\/\"}},{\"@type\":\"Person\",\"@id\":\"https:\\\/\\\/www.gardenz.fr\\\/news\\\/#\\\/schema\\\/person\\\/4c29b13eadec7d3b7f81d3dc8253aa72\",\"name\":\"Idan Melicio\",\"image\":{\"@type\":\"ImageObject\",\"inLanguage\":\"fr-FR\",\"@id\":\"https:\\\/\\\/secure.gravatar.com\\\/avatar\\\/a4fed9bf268062e3c5884e1b9288f4a54517dd9041d8c562678849f7f1c1eb43?s=96&d=mm&r=g\",\"url\":\"https:\\\/\\\/secure.gravatar.com\\\/avatar\\\/a4fed9bf268062e3c5884e1b9288f4a54517dd9041d8c562678849f7f1c1eb43?s=96&d=mm&r=g\",\"contentUrl\":\"https:\\\/\\\/secure.gravatar.com\\\/avatar\\\/a4fed9bf268062e3c5884e1b9288f4a54517dd9041d8c562678849f7f1c1eb43?s=96&d=mm&r=g\",\"caption\":\"Idan Melicio\"},\"url\":\"https:\\\/\\\/www.gardenz.fr\\\/news\\\/author\\\/idan-milecio\\\/\"}]}<\/script>\n<!-- \/ Yoast SEO plugin. -->","yoast_head_json":{"title":"\ud83c\udf3f Cannabis : coupe-faim ou booster d\u2019app\u00e9tit ?","description":"\ud83c\udf3f D\u00e9couvrez si le cannabis agit comme coupe-faim ou stimulateur d\u2019app\u00e9tit selon les recherches scientifiques actuelles.","robots":{"index":"index","follow":"follow","max-snippet":"max-snippet:-1","max-image-preview":"max-image-preview:large","max-video-preview":"max-video-preview:-1"},"canonical":"https:\/\/www.gardenz.fr\/news\/2025\/05\/02\/le-cannabis-est-il-un-coupe-faim-ou-un-ouvre-lappetit\/","og_locale":"fr_FR","og_type":"article","og_title":"\ud83c\udf3f Cannabis : coupe-faim ou booster d\u2019app\u00e9tit ?","og_description":"\ud83c\udf3f D\u00e9couvrez si le cannabis agit comme coupe-faim ou stimulateur d\u2019app\u00e9tit selon les recherches scientifiques actuelles.","og_url":"https:\/\/www.gardenz.fr\/news\/2025\/05\/02\/le-cannabis-est-il-un-coupe-faim-ou-un-ouvre-lappetit\/","og_site_name":"Le Blog de Gardenz","article_published_time":"2025-05-02T09:29:59+00:00","article_modified_time":"2025-07-22T15:51:46+00:00","og_image":[{"width":900,"height":250,"url":"https:\/\/www.gardenz.fr\/news\/wp-content\/uploads\/2025\/05\/Le-cannabis-est-il-un-coupe-faim-ou-un-ouvre-lappetit-sanitizesanitize-2025-05-02T092957.309Z.jpg","type":"image\/jpeg"}],"author":"Idan Melicio","twitter_card":"summary_large_image","twitter_misc":{"\u00c9crit par":"Idan Melicio","Dur\u00e9e de lecture estim\u00e9e":"9 minutes"},"schema":{"@context":"https:\/\/schema.org","@graph":[{"@type":"Article","@id":"https:\/\/www.gardenz.fr\/news\/2025\/05\/02\/le-cannabis-est-il-un-coupe-faim-ou-un-ouvre-lappetit\/#article","isPartOf":{"@id":"https:\/\/www.gardenz.fr\/news\/2025\/05\/02\/le-cannabis-est-il-un-coupe-faim-ou-un-ouvre-lappetit\/"},"author":{"name":"Idan Melicio","@id":"https:\/\/www.gardenz.fr\/news\/#\/schema\/person\/4c29b13eadec7d3b7f81d3dc8253aa72"},"headline":"Le cannabis est-il un coupe-faim ou un ouvre-l\u2019app\u00e9tit ?","datePublished":"2025-05-02T09:29:59+00:00","dateModified":"2025-07-22T15:51:46+00:00","mainEntityOfPage":{"@id":"https:\/\/www.gardenz.fr\/news\/2025\/05\/02\/le-cannabis-est-il-un-coupe-faim-ou-un-ouvre-lappetit\/"},"wordCount":880,"publisher":{"@id":"https:\/\/www.gardenz.fr\/news\/#organization"},"image":{"@id":"https:\/\/www.gardenz.fr\/news\/2025\/05\/02\/le-cannabis-est-il-un-coupe-faim-ou-un-ouvre-lappetit\/#primaryimage"},"thumbnailUrl":"https:\/\/www.gardenz.fr\/news\/wp-content\/uploads\/2025\/05\/Le-cannabis-est-il-un-coupe-faim-ou-un-ouvre-lappetit-sanitizesanitize-2025-05-02T092957.309Z.jpg","articleSection":["GENERAL"],"inLanguage":"fr-FR"},{"@type":"WebPage","@id":"https:\/\/www.gardenz.fr\/news\/2025\/05\/02\/le-cannabis-est-il-un-coupe-faim-ou-un-ouvre-lappetit\/","url":"https:\/\/www.gardenz.fr\/news\/2025\/05\/02\/le-cannabis-est-il-un-coupe-faim-ou-un-ouvre-lappetit\/","name":"\ud83c\udf3f Cannabis : coupe-faim ou booster d\u2019app\u00e9tit ?","isPartOf":{"@id":"https:\/\/www.gardenz.fr\/news\/#website"},"primaryImageOfPage":{"@id":"https:\/\/www.gardenz.fr\/news\/2025\/05\/02\/le-cannabis-est-il-un-coupe-faim-ou-un-ouvre-lappetit\/#primaryimage"},"image":{"@id":"https:\/\/www.gardenz.fr\/news\/2025\/05\/02\/le-cannabis-est-il-un-coupe-faim-ou-un-ouvre-lappetit\/#primaryimage"},"thumbnailUrl":"https:\/\/www.gardenz.fr\/news\/wp-content\/uploads\/2025\/05\/Le-cannabis-est-il-un-coupe-faim-ou-un-ouvre-lappetit-sanitizesanitize-2025-05-02T092957.309Z.jpg","datePublished":"2025-05-02T09:29:59+00:00","dateModified":"2025-07-22T15:51:46+00:00","description":"\ud83c\udf3f D\u00e9couvrez si le cannabis agit comme coupe-faim ou stimulateur d\u2019app\u00e9tit selon les recherches scientifiques actuelles.","breadcrumb":{"@id":"https:\/\/www.gardenz.fr\/news\/2025\/05\/02\/le-cannabis-est-il-un-coupe-faim-ou-un-ouvre-lappetit\/#breadcrumb"},"inLanguage":"fr-FR","potentialAction":[{"@type":"ReadAction","target":["https:\/\/www.gardenz.fr\/news\/2025\/05\/02\/le-cannabis-est-il-un-coupe-faim-ou-un-ouvre-lappetit\/"]}]},{"@type":"ImageObject","inLanguage":"fr-FR","@id":"https:\/\/www.gardenz.fr\/news\/2025\/05\/02\/le-cannabis-est-il-un-coupe-faim-ou-un-ouvre-lappetit\/#primaryimage","url":"https:\/\/www.gardenz.fr\/news\/wp-content\/uploads\/2025\/05\/Le-cannabis-est-il-un-coupe-faim-ou-un-ouvre-lappetit-sanitizesanitize-2025-05-02T092957.309Z.jpg","contentUrl":"https:\/\/www.gardenz.fr\/news\/wp-content\/uploads\/2025\/05\/Le-cannabis-est-il-un-coupe-faim-ou-un-ouvre-lappetit-sanitizesanitize-2025-05-02T092957.309Z.jpg","width":900,"height":250,"caption":"Le cannabis est-il un coupe-faim ou un ouvre-l\u2019app\u00e9tit ?"},{"@type":"BreadcrumbList","@id":"https:\/\/www.gardenz.fr\/news\/2025\/05\/02\/le-cannabis-est-il-un-coupe-faim-ou-un-ouvre-lappetit\/#breadcrumb","itemListElement":[{"@type":"ListItem","position":1,"name":"Accueil","item":"https:\/\/www.gardenz.fr\/news\/"},{"@type":"ListItem","position":2,"name":"Le cannabis est-il un coupe-faim ou un ouvre-l\u2019app\u00e9tit ?"}]},{"@type":"WebSite","@id":"https:\/\/www.gardenz.fr\/news\/#website","url":"https:\/\/www.gardenz.fr\/news\/","name":"Le Blog de Gardenz","description":"Best quality CBD","publisher":{"@id":"https:\/\/www.gardenz.fr\/news\/#organization"},"potentialAction":[{"@type":"SearchAction","target":{"@type":"EntryPoint","urlTemplate":"https:\/\/www.gardenz.fr\/news\/?s={search_term_string}"},"query-input":{"@type":"PropertyValueSpecification","valueRequired":true,"valueName":"search_term_string"}}],"inLanguage":"fr-FR"},{"@type":"Organization","@id":"https:\/\/www.gardenz.fr\/news\/#organization","name":"Le Blog de Gardenz","url":"https:\/\/www.gardenz.fr\/news\/","logo":{"@type":"ImageObject","inLanguage":"fr-FR","@id":"https:\/\/www.gardenz.fr\/news\/#\/schema\/logo\/image\/","url":"https:\/\/www.gardenz.fr\/news\/wp-content\/uploads\/2022\/06\/logo-gardenz-feuille-blanc-final.png","contentUrl":"https:\/\/www.gardenz.fr\/news\/wp-content\/uploads\/2022\/06\/logo-gardenz-feuille-blanc-final.png","width":459,"height":200,"caption":"Le Blog de Gardenz"},"image":{"@id":"https:\/\/www.gardenz.fr\/news\/#\/schema\/logo\/image\/"}},{"@type":"Person","@id":"https:\/\/www.gardenz.fr\/news\/#\/schema\/person\/4c29b13eadec7d3b7f81d3dc8253aa72","name":"Idan Melicio","image":{"@type":"ImageObject","inLanguage":"fr-FR","@id":"https:\/\/secure.gravatar.com\/avatar\/a4fed9bf268062e3c5884e1b9288f4a54517dd9041d8c562678849f7f1c1eb43?s=96&d=mm&r=g","url":"https:\/\/secure.gravatar.com\/avatar\/a4fed9bf268062e3c5884e1b9288f4a54517dd9041d8c562678849f7f1c1eb43?s=96&d=mm&r=g","contentUrl":"https:\/\/secure.gravatar.com\/avatar\/a4fed9bf268062e3c5884e1b9288f4a54517dd9041d8c562678849f7f1c1eb43?s=96&d=mm&r=g","caption":"Idan Melicio"},"url":"https:\/\/www.gardenz.fr\/news\/author\/idan-milecio\/"}]}},"_links":{"self":[{"href":"https:\/\/www.gardenz.fr\/news\/wp-json\/wp\/v2\/posts\/18197","targetHints":{"allow":["GET"]}}],"collection":[{"href":"https:\/\/www.gardenz.fr\/news\/wp-json\/wp\/v2\/posts"}],"about":[{"href":"https:\/\/www.gardenz.fr\/news\/wp-json\/wp\/v2\/types\/post"}],"author":[{"embeddable":true,"href":"https:\/\/www.gardenz.fr\/news\/wp-json\/wp\/v2\/users\/18"}],"replies":[{"embeddable":true,"href":"https:\/\/www.gardenz.fr\/news\/wp-json\/wp\/v2\/comments?post=18197"}],"version-history":[{"count":3,"href":"https:\/\/www.gardenz.fr\/news\/wp-json\/wp\/v2\/posts\/18197\/revisions"}],"predecessor-version":[{"id":18979,"href":"https:\/\/www.gardenz.fr\/news\/wp-json\/wp\/v2\/posts\/18197\/revisions\/18979"}],"wp:featuredmedia":[{"embeddable":true,"href":"https:\/\/www.gardenz.fr\/news\/wp-json\/wp\/v2\/media\/18196"}],"wp:attachment":[{"href":"https:\/\/www.gardenz.fr\/news\/wp-json\/wp\/v2\/media?parent=18197"}],"wp:term":[{"taxonomy":"category","embeddable":true,"href":"https:\/\/www.gardenz.fr\/news\/wp-json\/wp\/v2\/categories?post=18197"},{"taxonomy":"post_tag","embeddable":true,"href":"https:\/\/www.gardenz.fr\/news\/wp-json\/wp\/v2\/tags?post=18197"}],"curies":[{"name":"wp","href":"https:\/\/api.w.org\/{rel}","templated":true}]}}