{"id":18228,"date":"2025-05-03T23:30:36","date_gmt":"2025-05-03T21:30:36","guid":{"rendered":"https:\/\/www.gardenz.fr\/news\/2025\/05\/03\/la-legalisation-du-cannabis-etat-des-lieux-mondial\/"},"modified":"2025-07-22T17:02:53","modified_gmt":"2025-07-22T15:02:53","slug":"la-legalisation-du-cannabis-etat-des-lieux-mondial","status":"publish","type":"post","link":"https:\/\/www.gardenz.fr\/news\/2025\/05\/03\/la-legalisation-du-cannabis-etat-des-lieux-mondial\/","title":{"rendered":"La l\u00e9galisation du cannabis : \u00e9tat des lieux mondial"},"content":{"rendered":"\t\t<div data-elementor-type=\"wp-post\" data-elementor-id=\"18228\" class=\"elementor elementor-18228\">\n\t\t\t\t\t\t<section class=\"elementor-section elementor-top-section elementor-element elementor-element-4e387b07 elementor-section-boxed elementor-section-height-default elementor-section-height-default\" data-id=\"4e387b07\" data-element_type=\"section\" data-e-type=\"section\">\n\t\t\t\t\t\t<div class=\"elementor-container elementor-column-gap-default\">\n\t\t\t\t\t<div class=\"elementor-column elementor-col-100 elementor-top-column elementor-element elementor-element-4af04c5c\" data-id=\"4af04c5c\" data-element_type=\"column\" data-e-type=\"column\">\n\t\t\t<div class=\"elementor-widget-wrap elementor-element-populated\">\n\t\t\t\t\t\t<div class=\"elementor-element elementor-element-3917228f elementor-widget elementor-widget-text-editor\" data-id=\"3917228f\" data-element_type=\"widget\" data-e-type=\"widget\" data-widget_type=\"text-editor.default\">\n\t\t\t\t<div class=\"elementor-widget-container\">\n\t\t\t\t\t\t\t\t\t<div style=\"margin-left: 10%; margin-right: 10%;\">\n<h2>Une transformation globale en marche \ud83c\udf0d<\/h2>\nDepuis plusieurs ann\u00e9es, le monde assiste \u00e0 un changement progressif, mais de plus en plus marqu\u00e9, dans la mani\u00e8re dont les pays per\u00e7oivent et r\u00e9gulent le <a href=\"https:\/\/www.gardenz.fr\/310--delta-9-thc\">cannabis<\/a>. Toi aussi, tu as s\u00fbrement remarqu\u00e9 cette vague verte qui d\u00e9ferle sur plusieurs continents \ud83c\udf0a. Certains pays choisissent de l\u00e9galiser totalement, d&rsquo;autres optent pour une d\u00e9p\u00e9nalisation partielle, tandis qu&rsquo;une poign\u00e9e reste ferme sur l&rsquo;interdiction totale. Cette diversit\u00e9 dans les approches rend l&rsquo;\u00e9tat des lieux mondial aussi fascinant que complexe \ud83c\udf31.\n<h2>Am\u00e9rique du Nord : pionni\u00e8re de la l\u00e9galisation \ud83c\udde8\ud83c\udde6<\/h2>\nL\u2019Am\u00e9rique du Nord est sans conteste en avance en mati\u00e8re de politiques cannabis. Le Canada, par exemple, a enti\u00e8rement l\u00e9galis\u00e9 le cannabis \u00e0 usage r\u00e9cr\u00e9atif en 2018, devenant l\u2019un des premiers pays du G7 \u00e0 le faire. Si tu traverses la fronti\u00e8re, tu arrives aux \u00c9tats-Unis, o\u00f9 la situation est plus contrast\u00e9e. Au niveau f\u00e9d\u00e9ral, le cannabis reste ill\u00e9gal, mais plus des deux tiers des \u00c9tats ont l\u00e9galis\u00e9 son usage m\u00e9dicinal, et une vingtaine l\u2019ont fait pour l\u2019usage r\u00e9cr\u00e9atif \ud83c\udf3f. Les grands \u00c9tats comme la Californie, le Colorado ou New York sont devenus de v\u00e9ritables exemples pour le monde entier, aussi bien sur le plan \u00e9conomique que sur celui de la r\u00e9gulation.\n<h2>Am\u00e9rique Latine : entre pragmatisme et mutations \ud83c\uddf2\ud83c\uddfd<\/h2>\nAu sud du continent, des changements notables sont en cours. L\u2019Uruguay a \u00e9t\u00e9 un pionnier mondial en devenant en 2013 le premier pays \u00e0 l\u00e9galiser enti\u00e8rement le cannabis, depuis la production jusqu\u2019\u00e0 la vente via les pharmacies. Un mod\u00e8le bas\u00e9 sur le contr\u00f4le de l\u2019\u00c9tat, qui inspire maintenant d&rsquo;autres pays de la r\u00e9gion. Au Mexique, apr\u00e8s de longues ann\u00e9es de d\u00e9bat juridique et soci\u00e9tal, la Cour Supr\u00eame a ouvert la voie \u00e0 une l\u00e9galisation partielle, tandis que le Br\u00e9sil et l\u2019Argentine permettent l\u2019acc\u00e8s m\u00e9dical dans des conditions tr\u00e8s encadr\u00e9es \u2696\ufe0f. La tendance est claire : l\u2019Am\u00e9rique Latine avance vers des mod\u00e8les plus souples, tout en tenant compte de son contexte social, \u00e9conomique et s\u00e9curitaire souvent tendu.\n<h2>Europe : un continent en mutation lente \ud83c\udf0d<\/h2>\nL\u2019Europe n\u2019est pas rest\u00e9e indiff\u00e9rente \u00e0 l\u2019\u00e9volution mondiale, mais elle avance \u00e0 son propre rythme \ud83d\udc22. Les Pays-Bas, que tu connais s\u00fbrement pour leurs c\u00e9l\u00e8bres coffee-shops, n\u2019ont jamais enti\u00e8rement l\u00e9galis\u00e9 le cannabis ; ils tol\u00e8rent simplement sa vente et sa consommation dans un cadre bien d\u00e9fini. Le Portugal, lui, est souvent cit\u00e9 comme un exemple de succ\u00e8s apr\u00e8s avoir d\u00e9p\u00e9nalis\u00e9 toutes les drogues en 2001, favorisant ainsi une approche de sant\u00e9 publique. L\u2019Allemagne, pour sa part, est en train d&rsquo;\u00e9laborer une l\u00e9gislation pour l\u00e9galiser l\u2019usage r\u00e9cr\u00e9atif, ce qui marquerait un tournant significatif pour une des plus grandes puissances europ\u00e9ennes \ud83c\udde9\ud83c\uddea. Dans les autres pays comme la France, l\u2019Italie ou l\u2019Espagne, les d\u00e9bats avancent, mais la l\u00e9galisation reste encore un sujet sensible.\n<h2>Afrique : premiers pas vers la r\u00e9glementation \ud83c\udf3f<\/h2>\nLe continent africain commence doucement \u00e0 se positionner sur la sc\u00e8ne mondiale du cannabis. Des pays comme le Lesotho ou le Zimbabwe ont d\u00e9j\u00e0 l\u00e9galis\u00e9 la culture du cannabis \u00e0 usage m\u00e9dical et industriel, principalement pour l\u2019exportation. L\u2019Afrique du Sud permet d\u00e9sormais la culture et l\u2019usage personnel du cannabis chez soi suite \u00e0 une d\u00e9cision de la Cour constitutionnelle \u2696\ufe0f. Bien que de nombreuses r\u00e9sistances culturelles et religieuses subsistent dans certains pays, le potentiel \u00e9conomique du cannabis attire les regards, et pourrait bien \u00eatre un levier de d\u00e9veloppement dans les ann\u00e9es \u00e0 venir \ud83d\udcc8.\n<h2>Asie : continent le plus conservateur \u274c<\/h2>\nL\u2019Asie, quant \u00e0 elle, reste globalement le continent le plus strict en mati\u00e8re de cannabis. La plupart des pays y appliquent des lois s\u00e9v\u00e8res, parfois avec des peines allant jusqu\u2019\u00e0 la peine de mort pour possession ou trafic \ud83c\udf2a\ufe0f. Pourtant, quelques exceptions commencent \u00e0 \u00e9merger. La Tha\u00eflande a surpris le monde en l\u00e9galisant le cannabis m\u00e9dical en 2018, puis en assouplissant sa l\u00e9gislation pour permettre la culture domestique. D\u2019autres pays comme l\u2019Inde reconnaissent l\u2019usage traditionnel du cannabis dans certaines pratiques religieuses, mais sans aller jusqu\u2019\u00e0 une l\u00e9galisation pleine \ud83d\udeab. Autant dire que chaque avanc\u00e9e en Asie est scrut\u00e9e de pr\u00e8s.\n<h2>Oc\u00e9anie : vers un mod\u00e8le \u00e9quilibr\u00e9 \ud83c\udf34<\/h2>\nEn Australie, la l\u00e9galisation du cannabis m\u00e9dical progresse dans plusieurs \u00c9tats, et le Territoire de la capitale australienne a d\u00e9p\u00e9nalis\u00e9 l\u2019usage r\u00e9cr\u00e9atif individuel \ud83c\udf1e. La Nouvelle-Z\u00e9lande a consult\u00e9 sa population via un r\u00e9f\u00e9rendum en 2020 pour l\u00e9galiser le cannabis, mais le \u00ab non \u00bb l\u2019a emport\u00e9 de justesse, prouvant que la soci\u00e9t\u00e9 est divis\u00e9e sur la question. N\u00e9anmoins, le d\u00e9bat reste ouvert et montre \u00e0 quel point m\u00eame les pays per\u00e7us comme progressistes restent prudents sur ce sujet \ud83c\udf31.\n<h2>Une \u00e9conomie en pleine explosion \ud83d\udcca<\/h2>\nLa l\u00e9galisation progressive \u00e0 travers le monde n\u2019est pas seulement une affaire de soci\u00e9t\u00e9, c\u2019est aussi une r\u00e9volution \u00e9conomique. Les chiffres parlent d\u2019eux-m\u00eames : des milliards de dollars g\u00e9n\u00e9r\u00e9s chaque ann\u00e9e, des milliers d\u2019emplois cr\u00e9\u00e9s, un march\u00e9 l\u00e9gal en constante croissance \ud83d\udcb8. Les investisseurs se ruent sur le secteur, et les startups cannabis fleurissent, proposant des produits innovants allant des cosm\u00e9tiques aux boissons infus\u00e9es. Et toi, t\u2019imaginais que l\u2019herbe pouvait aussi faire lever l\u2019\u00e9conomie ? \ud83d\ude09\n<h2>Des enjeux sociaux incontournables \u2696\ufe0f<\/h2>\nLegaliser ne signifie pas fermer les yeux sur les erreurs du pass\u00e9. Dans de nombreux pays, la l\u00e9galisation s\u2019accompagne de programmes de r\u00e9paration sociale. Il s\u2019agit d\u2019effacer les condamnations p\u00e9nales li\u00e9es au cannabis, souvent subies de mani\u00e8re disproportionn\u00e9e par certaines populations. Cette dimension est cruciale pour construire une politique \u00e9quilibr\u00e9e, qui ne soit pas seulement une opportunit\u00e9 \u00e9conomique mais aussi un outil de justice sociale \ud83e\udd1d.\n<h2>Et demain ? Un monde vert \u00e0 l\u2019horizon \ud83c\udf3f<\/h2>\nL\u2019avenir du cannabis dans le monde s\u2019\u00e9crira sans doute dans la diversit\u00e9. Chaque nation trace sa propre voie, influenc\u00e9e par sa culture, sa politique et son \u00e9conomie. Mais une chose est s\u00fbre : le vent tourne, et ce que l\u2019on consid\u00e9rait comme un tabou il y a encore vingt ans devient aujourd\u2019hui un sujet central. Toi aussi, tu fais partie de cette g\u00e9n\u00e9ration qui participe \u00e0 ce dialogue mondial. Et demain, qui sait ? Peut-\u00eatre que la l\u00e9galisation deviendra la norme, plut\u00f4t que l\u2019exception \ud83d\udc9a. <a href=\"https:\/\/gardenz.fr\/news\">Tu veux continuer ta lecture ? D\u00e9couvre d&rsquo;autres articles en cliquant ici.<\/a><\/div>\n\n<div class=\"wp-block-group is-layout-constrained wp-block-group-is-layout-constrained\">\n<div class=\"wp-block-columns is-layout-flex wp-container-core-columns-is-layout-28f84493 wp-block-columns-is-layout-flex\">\n<div class=\"wp-block-column is-layout-flow wp-block-column-is-layout-flow\" style=\"flex-basis:20%\">\n<figure class=\"wp-block-image size-full\"><a href=\"https:\/\/www.gardenz.fr\/3-fleur-de-chanvre-cbd\"><img fetchpriority=\"high\" decoding=\"async\" width=\"424\" height=\"600\" src=\"https:\/\/www.gardenz.fr\/news\/wp-content\/uploads\/2025\/03\/FLEUR-DE-CHANVRE-CBD.webp\" alt=\"FLEUR-DE-CHANVRE-CBD\" class=\"wp-image-17519\" srcset=\"https:\/\/www.gardenz.fr\/news\/wp-content\/uploads\/2025\/03\/FLEUR-DE-CHANVRE-CBD.webp 424w, https:\/\/www.gardenz.fr\/news\/wp-content\/uploads\/2025\/03\/FLEUR-DE-CHANVRE-CBD-212x300.webp 212w\" sizes=\"(max-width: 424px) 100vw, 424px\" \/><\/a><\/figure>\n<\/div>\n\n\n\n<div class=\"wp-block-column is-layout-flow wp-block-column-is-layout-flow\" style=\"flex-basis:20%\">\n<figure class=\"wp-block-image size-full\"><a href=\"https:\/\/www.gardenz.fr\/6--resine-cbd\"><img decoding=\"async\" width=\"424\" height=\"600\" src=\"https:\/\/www.gardenz.fr\/news\/wp-content\/uploads\/2025\/03\/RESINE-CBD.webp\" alt=\"R\u00c9SINE-CBD\" class=\"wp-image-17515\" srcset=\"https:\/\/www.gardenz.fr\/news\/wp-content\/uploads\/2025\/03\/RESINE-CBD.webp 424w, https:\/\/www.gardenz.fr\/news\/wp-content\/uploads\/2025\/03\/RESINE-CBD-212x300.webp 212w\" sizes=\"(max-width: 424px) 100vw, 424px\" \/><\/a><\/figure>\n<\/div>\n\n\n\n<div class=\"wp-block-column is-layout-flow wp-block-column-is-layout-flow\" style=\"flex-basis:20%\">\n<figure class=\"wp-block-image size-full\"><a href=\"https:\/\/www.gardenz.fr\/511--weed-psycho\"><img decoding=\"async\" width=\"424\" height=\"600\" src=\"https:\/\/www.gardenz.fr\/news\/wp-content\/uploads\/2025\/03\/PSYCHOACTIFS.webp\" alt=\"PSYCHOACTIFS\" class=\"wp-image-17517\" srcset=\"https:\/\/www.gardenz.fr\/news\/wp-content\/uploads\/2025\/03\/PSYCHOACTIFS.webp 424w, https:\/\/www.gardenz.fr\/news\/wp-content\/uploads\/2025\/03\/PSYCHOACTIFS-212x300.webp 212w\" sizes=\"(max-width: 424px) 100vw, 424px\" \/><\/a><\/figure>\n<\/div>\n\n\n\n<div class=\"wp-block-column is-layout-flow wp-block-column-is-layout-flow\" style=\"flex-basis:20%\">\n<figure class=\"wp-block-image size-full\"><a href=\"https:\/\/www.gardenz.fr\/562--accessoires-weed\"><img loading=\"lazy\" decoding=\"async\" width=\"424\" height=\"600\" src=\"https:\/\/www.gardenz.fr\/news\/wp-content\/uploads\/2025\/03\/ACCESSOIRED.webp\" alt=\"\" class=\"wp-image-17520\" srcset=\"https:\/\/www.gardenz.fr\/news\/wp-content\/uploads\/2025\/03\/ACCESSOIRED.webp 424w, https:\/\/www.gardenz.fr\/news\/wp-content\/uploads\/2025\/03\/ACCESSOIRED-212x300.webp 212w\" sizes=\"(max-width: 424px) 100vw, 424px\" \/><\/a><\/figure>\n<\/div>\n\n\n\n<div class=\"wp-block-column is-layout-flow wp-block-column-is-layout-flow\" style=\"flex-basis:20%\">\n<figure class=\"wp-block-image size-full\"><a href=\"https:\/\/www.gardenz.fr\/284--vaporisateur-weed\"><img loading=\"lazy\" decoding=\"async\" width=\"424\" height=\"600\" src=\"https:\/\/www.gardenz.fr\/news\/wp-content\/uploads\/2025\/03\/VAPORISATEUR-WEED.webp\" alt=\"VAPORISATEUR-WEED\" class=\"wp-image-17514\" srcset=\"https:\/\/www.gardenz.fr\/news\/wp-content\/uploads\/2025\/03\/VAPORISATEUR-WEED.webp 424w, https:\/\/www.gardenz.fr\/news\/wp-content\/uploads\/2025\/03\/VAPORISATEUR-WEED-212x300.webp 212w\" sizes=\"(max-width: 424px) 100vw, 424px\" \/><\/a><\/figure>\n<\/div>\n<\/div>\n<\/div>\n\t\t\t\t\t\t\t\t<\/div>\n\t\t\t\t<\/div>\n\t\t\t\t\t<\/div>\n\t\t<\/div>\n\t\t\t\t\t<\/div>\n\t\t<\/section>\n\t\t\t\t<\/div>\n\t\t","protected":false},"excerpt":{"rendered":"<p>Une transformation globale en marche \ud83c\udf0d Depuis plusieurs ann\u00e9es, le monde assiste \u00e0 un changement progressif, mais de plus en plus marqu\u00e9, dans la mani\u00e8re dont les pays per\u00e7oivent et r\u00e9gulent le cannabis. Toi aussi, tu as s\u00fbrement remarqu\u00e9 cette vague verte qui d\u00e9ferle sur plusieurs continents \ud83c\udf0a. Certains pays choisissent de l\u00e9galiser totalement, d&rsquo;autres [&hellip;]<\/p>\n","protected":false},"author":18,"featured_media":18227,"comment_status":"closed","ping_status":"","sticky":false,"template":"","format":"standard","meta":{"site-sidebar-layout":"default","site-content-layout":"","ast-site-content-layout":"default","site-content-style":"default","site-sidebar-style":"default","ast-global-header-display":"","ast-banner-title-visibility":"","ast-main-header-display":"","ast-hfb-above-header-display":"","ast-hfb-below-header-display":"","ast-hfb-mobile-header-display":"","site-post-title":"","ast-breadcrumbs-content":"","ast-featured-img":"","footer-sml-layout":"","ast-disable-related-posts":"","theme-transparent-header-meta":"","adv-header-id-meta":"","stick-header-meta":"","header-above-stick-meta":"","header-main-stick-meta":"","header-below-stick-meta":"","astra-migrate-meta-layouts":"default","ast-page-background-enabled":"default","ast-page-background-meta":{"desktop":{"background-color":"var(--ast-global-color-4)","background-image":"","background-repeat":"repeat","background-position":"center center","background-size":"auto","background-attachment":"scroll","background-type":"","background-media":"","overlay-type":"","overlay-color":"","overlay-opacity":"","overlay-gradient":""},"tablet":{"background-color":"","background-image":"","background-repeat":"repeat","background-position":"center center","background-size":"auto","background-attachment":"scroll","background-type":"","background-media":"","overlay-type":"","overlay-color":"","overlay-opacity":"","overlay-gradient":""},"mobile":{"background-color":"","background-image":"","background-repeat":"repeat","background-position":"center center","background-size":"auto","background-attachment":"scroll","background-type":"","background-media":"","overlay-type":"","overlay-color":"","overlay-opacity":"","overlay-gradient":""}},"ast-content-background-meta":{"desktop":{"background-color":"var(--ast-global-color-5)","background-image":"","background-repeat":"repeat","background-position":"center center","background-size":"auto","background-attachment":"scroll","background-type":"","background-media":"","overlay-type":"","overlay-color":"","overlay-opacity":"","overlay-gradient":""},"tablet":{"background-color":"var(--ast-global-color-5)","background-image":"","background-repeat":"repeat","background-position":"center center","background-size":"auto","background-attachment":"scroll","background-type":"","background-media":"","overlay-type":"","overlay-color":"","overlay-opacity":"","overlay-gradient":""},"mobile":{"background-color":"var(--ast-global-color-5)","background-image":"","background-repeat":"repeat","background-position":"center center","background-size":"auto","background-attachment":"scroll","background-type":"","background-media":"","overlay-type":"","overlay-color":"","overlay-opacity":"","overlay-gradient":""}},"footnotes":""},"categories":[1],"tags":[],"class_list":["post-18228","post","type-post","status-publish","format-standard","has-post-thumbnail","hentry","category-non-classe"],"yoast_head":"<!-- This site is optimized with the Yoast SEO plugin v27.5 - https:\/\/yoast.com\/product\/yoast-seo-wordpress\/ -->\n<title>\ud83c\udf0d L\u00e9galisation du cannabis : tour d\u2019horizon mondial<\/title>\n<meta name=\"description\" content=\"\ud83c\udf3f D\u00e9couvrez l\u2019\u00e9tat actuel de la l\u00e9galisation du cannabis dans le monde et les tendances qui se dessinent.\" \/>\n<meta name=\"robots\" content=\"index, follow, max-snippet:-1, max-image-preview:large, max-video-preview:-1\" \/>\n<link rel=\"canonical\" href=\"https:\/\/www.gardenz.fr\/news\/2025\/05\/03\/la-legalisation-du-cannabis-etat-des-lieux-mondial\/\" \/>\n<meta property=\"og:locale\" content=\"fr_FR\" \/>\n<meta property=\"og:type\" content=\"article\" \/>\n<meta property=\"og:title\" content=\"\ud83c\udf0d L\u00e9galisation du cannabis : tour d\u2019horizon mondial\" \/>\n<meta property=\"og:description\" content=\"\ud83c\udf3f D\u00e9couvrez l\u2019\u00e9tat actuel de la l\u00e9galisation du cannabis dans le monde et les tendances qui se dessinent.\" \/>\n<meta property=\"og:url\" content=\"https:\/\/www.gardenz.fr\/news\/2025\/05\/03\/la-legalisation-du-cannabis-etat-des-lieux-mondial\/\" \/>\n<meta property=\"og:site_name\" content=\"Le Blog de Gardenz\" \/>\n<meta property=\"article:published_time\" content=\"2025-05-03T21:30:36+00:00\" \/>\n<meta property=\"article:modified_time\" content=\"2025-07-22T15:02:53+00:00\" \/>\n<meta property=\"og:image\" content=\"https:\/\/www.gardenz.fr\/news\/wp-content\/uploads\/2025\/05\/La-legalisation-du-cannabis-etat-des-lieux-mondialsanitizesanitize-2025-05-03T213034.740Z.jpg\" \/>\n\t<meta property=\"og:image:width\" content=\"900\" \/>\n\t<meta property=\"og:image:height\" content=\"250\" \/>\n\t<meta property=\"og:image:type\" content=\"image\/jpeg\" \/>\n<meta name=\"author\" content=\"Idan Melicio\" \/>\n<meta name=\"twitter:card\" content=\"summary_large_image\" \/>\n<meta name=\"twitter:label1\" content=\"\u00c9crit par\" \/>\n\t<meta name=\"twitter:data1\" content=\"Idan Melicio\" \/>\n\t<meta name=\"twitter:label2\" content=\"Dur\u00e9e de lecture estim\u00e9e\" \/>\n\t<meta name=\"twitter:data2\" content=\"11 minutes\" \/>\n<script type=\"application\/ld+json\" class=\"yoast-schema-graph\">{\"@context\":\"https:\\\/\\\/schema.org\",\"@graph\":[{\"@type\":\"Article\",\"@id\":\"https:\\\/\\\/www.gardenz.fr\\\/news\\\/2025\\\/05\\\/03\\\/la-legalisation-du-cannabis-etat-des-lieux-mondial\\\/#article\",\"isPartOf\":{\"@id\":\"https:\\\/\\\/www.gardenz.fr\\\/news\\\/2025\\\/05\\\/03\\\/la-legalisation-du-cannabis-etat-des-lieux-mondial\\\/\"},\"author\":{\"name\":\"Idan Melicio\",\"@id\":\"https:\\\/\\\/www.gardenz.fr\\\/news\\\/#\\\/schema\\\/person\\\/4c29b13eadec7d3b7f81d3dc8253aa72\"},\"headline\":\"La l\u00e9galisation du cannabis : \u00e9tat des lieux mondial\",\"datePublished\":\"2025-05-03T21:30:36+00:00\",\"dateModified\":\"2025-07-22T15:02:53+00:00\",\"mainEntityOfPage\":{\"@id\":\"https:\\\/\\\/www.gardenz.fr\\\/news\\\/2025\\\/05\\\/03\\\/la-legalisation-du-cannabis-etat-des-lieux-mondial\\\/\"},\"wordCount\":1142,\"publisher\":{\"@id\":\"https:\\\/\\\/www.gardenz.fr\\\/news\\\/#organization\"},\"image\":{\"@id\":\"https:\\\/\\\/www.gardenz.fr\\\/news\\\/2025\\\/05\\\/03\\\/la-legalisation-du-cannabis-etat-des-lieux-mondial\\\/#primaryimage\"},\"thumbnailUrl\":\"https:\\\/\\\/www.gardenz.fr\\\/news\\\/wp-content\\\/uploads\\\/2025\\\/05\\\/La-legalisation-du-cannabis-etat-des-lieux-mondialsanitizesanitize-2025-05-03T213034.740Z.jpg\",\"articleSection\":[\"GENERAL\"],\"inLanguage\":\"fr-FR\"},{\"@type\":\"WebPage\",\"@id\":\"https:\\\/\\\/www.gardenz.fr\\\/news\\\/2025\\\/05\\\/03\\\/la-legalisation-du-cannabis-etat-des-lieux-mondial\\\/\",\"url\":\"https:\\\/\\\/www.gardenz.fr\\\/news\\\/2025\\\/05\\\/03\\\/la-legalisation-du-cannabis-etat-des-lieux-mondial\\\/\",\"name\":\"\ud83c\udf0d L\u00e9galisation du cannabis : tour d\u2019horizon mondial\",\"isPartOf\":{\"@id\":\"https:\\\/\\\/www.gardenz.fr\\\/news\\\/#website\"},\"primaryImageOfPage\":{\"@id\":\"https:\\\/\\\/www.gardenz.fr\\\/news\\\/2025\\\/05\\\/03\\\/la-legalisation-du-cannabis-etat-des-lieux-mondial\\\/#primaryimage\"},\"image\":{\"@id\":\"https:\\\/\\\/www.gardenz.fr\\\/news\\\/2025\\\/05\\\/03\\\/la-legalisation-du-cannabis-etat-des-lieux-mondial\\\/#primaryimage\"},\"thumbnailUrl\":\"https:\\\/\\\/www.gardenz.fr\\\/news\\\/wp-content\\\/uploads\\\/2025\\\/05\\\/La-legalisation-du-cannabis-etat-des-lieux-mondialsanitizesanitize-2025-05-03T213034.740Z.jpg\",\"datePublished\":\"2025-05-03T21:30:36+00:00\",\"dateModified\":\"2025-07-22T15:02:53+00:00\",\"description\":\"\ud83c\udf3f D\u00e9couvrez l\u2019\u00e9tat actuel de la l\u00e9galisation du cannabis dans le monde et les tendances qui se dessinent.\",\"breadcrumb\":{\"@id\":\"https:\\\/\\\/www.gardenz.fr\\\/news\\\/2025\\\/05\\\/03\\\/la-legalisation-du-cannabis-etat-des-lieux-mondial\\\/#breadcrumb\"},\"inLanguage\":\"fr-FR\",\"potentialAction\":[{\"@type\":\"ReadAction\",\"target\":[\"https:\\\/\\\/www.gardenz.fr\\\/news\\\/2025\\\/05\\\/03\\\/la-legalisation-du-cannabis-etat-des-lieux-mondial\\\/\"]}]},{\"@type\":\"ImageObject\",\"inLanguage\":\"fr-FR\",\"@id\":\"https:\\\/\\\/www.gardenz.fr\\\/news\\\/2025\\\/05\\\/03\\\/la-legalisation-du-cannabis-etat-des-lieux-mondial\\\/#primaryimage\",\"url\":\"https:\\\/\\\/www.gardenz.fr\\\/news\\\/wp-content\\\/uploads\\\/2025\\\/05\\\/La-legalisation-du-cannabis-etat-des-lieux-mondialsanitizesanitize-2025-05-03T213034.740Z.jpg\",\"contentUrl\":\"https:\\\/\\\/www.gardenz.fr\\\/news\\\/wp-content\\\/uploads\\\/2025\\\/05\\\/La-legalisation-du-cannabis-etat-des-lieux-mondialsanitizesanitize-2025-05-03T213034.740Z.jpg\",\"width\":900,\"height\":250,\"caption\":\"La l\u00e9galisation du cannabis : \u00e9tat des lieux mondial\"},{\"@type\":\"BreadcrumbList\",\"@id\":\"https:\\\/\\\/www.gardenz.fr\\\/news\\\/2025\\\/05\\\/03\\\/la-legalisation-du-cannabis-etat-des-lieux-mondial\\\/#breadcrumb\",\"itemListElement\":[{\"@type\":\"ListItem\",\"position\":1,\"name\":\"Accueil\",\"item\":\"https:\\\/\\\/www.gardenz.fr\\\/news\\\/\"},{\"@type\":\"ListItem\",\"position\":2,\"name\":\"La l\u00e9galisation du cannabis : \u00e9tat des lieux mondial\"}]},{\"@type\":\"WebSite\",\"@id\":\"https:\\\/\\\/www.gardenz.fr\\\/news\\\/#website\",\"url\":\"https:\\\/\\\/www.gardenz.fr\\\/news\\\/\",\"name\":\"Le Blog de Gardenz\",\"description\":\"Best quality CBD\",\"publisher\":{\"@id\":\"https:\\\/\\\/www.gardenz.fr\\\/news\\\/#organization\"},\"potentialAction\":[{\"@type\":\"SearchAction\",\"target\":{\"@type\":\"EntryPoint\",\"urlTemplate\":\"https:\\\/\\\/www.gardenz.fr\\\/news\\\/?s={search_term_string}\"},\"query-input\":{\"@type\":\"PropertyValueSpecification\",\"valueRequired\":true,\"valueName\":\"search_term_string\"}}],\"inLanguage\":\"fr-FR\"},{\"@type\":\"Organization\",\"@id\":\"https:\\\/\\\/www.gardenz.fr\\\/news\\\/#organization\",\"name\":\"Le Blog de Gardenz\",\"url\":\"https:\\\/\\\/www.gardenz.fr\\\/news\\\/\",\"logo\":{\"@type\":\"ImageObject\",\"inLanguage\":\"fr-FR\",\"@id\":\"https:\\\/\\\/www.gardenz.fr\\\/news\\\/#\\\/schema\\\/logo\\\/image\\\/\",\"url\":\"https:\\\/\\\/www.gardenz.fr\\\/news\\\/wp-content\\\/uploads\\\/2022\\\/06\\\/logo-gardenz-feuille-blanc-final.png\",\"contentUrl\":\"https:\\\/\\\/www.gardenz.fr\\\/news\\\/wp-content\\\/uploads\\\/2022\\\/06\\\/logo-gardenz-feuille-blanc-final.png\",\"width\":459,\"height\":200,\"caption\":\"Le Blog de Gardenz\"},\"image\":{\"@id\":\"https:\\\/\\\/www.gardenz.fr\\\/news\\\/#\\\/schema\\\/logo\\\/image\\\/\"}},{\"@type\":\"Person\",\"@id\":\"https:\\\/\\\/www.gardenz.fr\\\/news\\\/#\\\/schema\\\/person\\\/4c29b13eadec7d3b7f81d3dc8253aa72\",\"name\":\"Idan Melicio\",\"image\":{\"@type\":\"ImageObject\",\"inLanguage\":\"fr-FR\",\"@id\":\"https:\\\/\\\/secure.gravatar.com\\\/avatar\\\/a4fed9bf268062e3c5884e1b9288f4a54517dd9041d8c562678849f7f1c1eb43?s=96&d=mm&r=g\",\"url\":\"https:\\\/\\\/secure.gravatar.com\\\/avatar\\\/a4fed9bf268062e3c5884e1b9288f4a54517dd9041d8c562678849f7f1c1eb43?s=96&d=mm&r=g\",\"contentUrl\":\"https:\\\/\\\/secure.gravatar.com\\\/avatar\\\/a4fed9bf268062e3c5884e1b9288f4a54517dd9041d8c562678849f7f1c1eb43?s=96&d=mm&r=g\",\"caption\":\"Idan Melicio\"},\"url\":\"https:\\\/\\\/www.gardenz.fr\\\/news\\\/author\\\/idan-milecio\\\/\"}]}<\/script>\n<!-- \/ Yoast SEO plugin. -->","yoast_head_json":{"title":"\ud83c\udf0d L\u00e9galisation du cannabis : tour d\u2019horizon mondial","description":"\ud83c\udf3f D\u00e9couvrez l\u2019\u00e9tat actuel de la l\u00e9galisation du cannabis dans le monde et les tendances qui se dessinent.","robots":{"index":"index","follow":"follow","max-snippet":"max-snippet:-1","max-image-preview":"max-image-preview:large","max-video-preview":"max-video-preview:-1"},"canonical":"https:\/\/www.gardenz.fr\/news\/2025\/05\/03\/la-legalisation-du-cannabis-etat-des-lieux-mondial\/","og_locale":"fr_FR","og_type":"article","og_title":"\ud83c\udf0d L\u00e9galisation du cannabis : tour d\u2019horizon mondial","og_description":"\ud83c\udf3f D\u00e9couvrez l\u2019\u00e9tat actuel de la l\u00e9galisation du cannabis dans le monde et les tendances qui se dessinent.","og_url":"https:\/\/www.gardenz.fr\/news\/2025\/05\/03\/la-legalisation-du-cannabis-etat-des-lieux-mondial\/","og_site_name":"Le Blog de Gardenz","article_published_time":"2025-05-03T21:30:36+00:00","article_modified_time":"2025-07-22T15:02:53+00:00","og_image":[{"width":900,"height":250,"url":"https:\/\/www.gardenz.fr\/news\/wp-content\/uploads\/2025\/05\/La-legalisation-du-cannabis-etat-des-lieux-mondialsanitizesanitize-2025-05-03T213034.740Z.jpg","type":"image\/jpeg"}],"author":"Idan Melicio","twitter_card":"summary_large_image","twitter_misc":{"\u00c9crit par":"Idan Melicio","Dur\u00e9e de lecture estim\u00e9e":"11 minutes"},"schema":{"@context":"https:\/\/schema.org","@graph":[{"@type":"Article","@id":"https:\/\/www.gardenz.fr\/news\/2025\/05\/03\/la-legalisation-du-cannabis-etat-des-lieux-mondial\/#article","isPartOf":{"@id":"https:\/\/www.gardenz.fr\/news\/2025\/05\/03\/la-legalisation-du-cannabis-etat-des-lieux-mondial\/"},"author":{"name":"Idan Melicio","@id":"https:\/\/www.gardenz.fr\/news\/#\/schema\/person\/4c29b13eadec7d3b7f81d3dc8253aa72"},"headline":"La l\u00e9galisation du cannabis : \u00e9tat des lieux mondial","datePublished":"2025-05-03T21:30:36+00:00","dateModified":"2025-07-22T15:02:53+00:00","mainEntityOfPage":{"@id":"https:\/\/www.gardenz.fr\/news\/2025\/05\/03\/la-legalisation-du-cannabis-etat-des-lieux-mondial\/"},"wordCount":1142,"publisher":{"@id":"https:\/\/www.gardenz.fr\/news\/#organization"},"image":{"@id":"https:\/\/www.gardenz.fr\/news\/2025\/05\/03\/la-legalisation-du-cannabis-etat-des-lieux-mondial\/#primaryimage"},"thumbnailUrl":"https:\/\/www.gardenz.fr\/news\/wp-content\/uploads\/2025\/05\/La-legalisation-du-cannabis-etat-des-lieux-mondialsanitizesanitize-2025-05-03T213034.740Z.jpg","articleSection":["GENERAL"],"inLanguage":"fr-FR"},{"@type":"WebPage","@id":"https:\/\/www.gardenz.fr\/news\/2025\/05\/03\/la-legalisation-du-cannabis-etat-des-lieux-mondial\/","url":"https:\/\/www.gardenz.fr\/news\/2025\/05\/03\/la-legalisation-du-cannabis-etat-des-lieux-mondial\/","name":"\ud83c\udf0d L\u00e9galisation du cannabis : tour d\u2019horizon mondial","isPartOf":{"@id":"https:\/\/www.gardenz.fr\/news\/#website"},"primaryImageOfPage":{"@id":"https:\/\/www.gardenz.fr\/news\/2025\/05\/03\/la-legalisation-du-cannabis-etat-des-lieux-mondial\/#primaryimage"},"image":{"@id":"https:\/\/www.gardenz.fr\/news\/2025\/05\/03\/la-legalisation-du-cannabis-etat-des-lieux-mondial\/#primaryimage"},"thumbnailUrl":"https:\/\/www.gardenz.fr\/news\/wp-content\/uploads\/2025\/05\/La-legalisation-du-cannabis-etat-des-lieux-mondialsanitizesanitize-2025-05-03T213034.740Z.jpg","datePublished":"2025-05-03T21:30:36+00:00","dateModified":"2025-07-22T15:02:53+00:00","description":"\ud83c\udf3f D\u00e9couvrez l\u2019\u00e9tat actuel de la l\u00e9galisation du cannabis dans le monde et les tendances qui se dessinent.","breadcrumb":{"@id":"https:\/\/www.gardenz.fr\/news\/2025\/05\/03\/la-legalisation-du-cannabis-etat-des-lieux-mondial\/#breadcrumb"},"inLanguage":"fr-FR","potentialAction":[{"@type":"ReadAction","target":["https:\/\/www.gardenz.fr\/news\/2025\/05\/03\/la-legalisation-du-cannabis-etat-des-lieux-mondial\/"]}]},{"@type":"ImageObject","inLanguage":"fr-FR","@id":"https:\/\/www.gardenz.fr\/news\/2025\/05\/03\/la-legalisation-du-cannabis-etat-des-lieux-mondial\/#primaryimage","url":"https:\/\/www.gardenz.fr\/news\/wp-content\/uploads\/2025\/05\/La-legalisation-du-cannabis-etat-des-lieux-mondialsanitizesanitize-2025-05-03T213034.740Z.jpg","contentUrl":"https:\/\/www.gardenz.fr\/news\/wp-content\/uploads\/2025\/05\/La-legalisation-du-cannabis-etat-des-lieux-mondialsanitizesanitize-2025-05-03T213034.740Z.jpg","width":900,"height":250,"caption":"La l\u00e9galisation du cannabis : \u00e9tat des lieux mondial"},{"@type":"BreadcrumbList","@id":"https:\/\/www.gardenz.fr\/news\/2025\/05\/03\/la-legalisation-du-cannabis-etat-des-lieux-mondial\/#breadcrumb","itemListElement":[{"@type":"ListItem","position":1,"name":"Accueil","item":"https:\/\/www.gardenz.fr\/news\/"},{"@type":"ListItem","position":2,"name":"La l\u00e9galisation du cannabis : \u00e9tat des lieux mondial"}]},{"@type":"WebSite","@id":"https:\/\/www.gardenz.fr\/news\/#website","url":"https:\/\/www.gardenz.fr\/news\/","name":"Le Blog de Gardenz","description":"Best quality CBD","publisher":{"@id":"https:\/\/www.gardenz.fr\/news\/#organization"},"potentialAction":[{"@type":"SearchAction","target":{"@type":"EntryPoint","urlTemplate":"https:\/\/www.gardenz.fr\/news\/?s={search_term_string}"},"query-input":{"@type":"PropertyValueSpecification","valueRequired":true,"valueName":"search_term_string"}}],"inLanguage":"fr-FR"},{"@type":"Organization","@id":"https:\/\/www.gardenz.fr\/news\/#organization","name":"Le Blog de Gardenz","url":"https:\/\/www.gardenz.fr\/news\/","logo":{"@type":"ImageObject","inLanguage":"fr-FR","@id":"https:\/\/www.gardenz.fr\/news\/#\/schema\/logo\/image\/","url":"https:\/\/www.gardenz.fr\/news\/wp-content\/uploads\/2022\/06\/logo-gardenz-feuille-blanc-final.png","contentUrl":"https:\/\/www.gardenz.fr\/news\/wp-content\/uploads\/2022\/06\/logo-gardenz-feuille-blanc-final.png","width":459,"height":200,"caption":"Le Blog de Gardenz"},"image":{"@id":"https:\/\/www.gardenz.fr\/news\/#\/schema\/logo\/image\/"}},{"@type":"Person","@id":"https:\/\/www.gardenz.fr\/news\/#\/schema\/person\/4c29b13eadec7d3b7f81d3dc8253aa72","name":"Idan Melicio","image":{"@type":"ImageObject","inLanguage":"fr-FR","@id":"https:\/\/secure.gravatar.com\/avatar\/a4fed9bf268062e3c5884e1b9288f4a54517dd9041d8c562678849f7f1c1eb43?s=96&d=mm&r=g","url":"https:\/\/secure.gravatar.com\/avatar\/a4fed9bf268062e3c5884e1b9288f4a54517dd9041d8c562678849f7f1c1eb43?s=96&d=mm&r=g","contentUrl":"https:\/\/secure.gravatar.com\/avatar\/a4fed9bf268062e3c5884e1b9288f4a54517dd9041d8c562678849f7f1c1eb43?s=96&d=mm&r=g","caption":"Idan Melicio"},"url":"https:\/\/www.gardenz.fr\/news\/author\/idan-milecio\/"}]}},"_links":{"self":[{"href":"https:\/\/www.gardenz.fr\/news\/wp-json\/wp\/v2\/posts\/18228","targetHints":{"allow":["GET"]}}],"collection":[{"href":"https:\/\/www.gardenz.fr\/news\/wp-json\/wp\/v2\/posts"}],"about":[{"href":"https:\/\/www.gardenz.fr\/news\/wp-json\/wp\/v2\/types\/post"}],"author":[{"embeddable":true,"href":"https:\/\/www.gardenz.fr\/news\/wp-json\/wp\/v2\/users\/18"}],"replies":[{"embeddable":true,"href":"https:\/\/www.gardenz.fr\/news\/wp-json\/wp\/v2\/comments?post=18228"}],"version-history":[{"count":3,"href":"https:\/\/www.gardenz.fr\/news\/wp-json\/wp\/v2\/posts\/18228\/revisions"}],"predecessor-version":[{"id":18954,"href":"https:\/\/www.gardenz.fr\/news\/wp-json\/wp\/v2\/posts\/18228\/revisions\/18954"}],"wp:featuredmedia":[{"embeddable":true,"href":"https:\/\/www.gardenz.fr\/news\/wp-json\/wp\/v2\/media\/18227"}],"wp:attachment":[{"href":"https:\/\/www.gardenz.fr\/news\/wp-json\/wp\/v2\/media?parent=18228"}],"wp:term":[{"taxonomy":"category","embeddable":true,"href":"https:\/\/www.gardenz.fr\/news\/wp-json\/wp\/v2\/categories?post=18228"},{"taxonomy":"post_tag","embeddable":true,"href":"https:\/\/www.gardenz.fr\/news\/wp-json\/wp\/v2\/tags?post=18228"}],"curies":[{"name":"wp","href":"https:\/\/api.w.org\/{rel}","templated":true}]}}