{"id":18250,"date":"2025-05-06T08:20:36","date_gmt":"2025-05-06T06:20:36","guid":{"rendered":"https:\/\/www.gardenz.fr\/news\/2025\/05\/06\/les-electeurs-des-iles-caimans-approuvent-le-referendum-sur-la-depenalisation-du-cannabis\/"},"modified":"2025-07-22T16:38:32","modified_gmt":"2025-07-22T14:38:32","slug":"les-electeurs-des-iles-caimans-approuvent-le-referendum-sur-la-depenalisation-du-cannabis","status":"publish","type":"post","link":"https:\/\/www.gardenz.fr\/news\/2025\/05\/06\/les-electeurs-des-iles-caimans-approuvent-le-referendum-sur-la-depenalisation-du-cannabis\/","title":{"rendered":"Les \u00e9lecteurs des \u00eeles Ca\u00efmans approuvent le r\u00e9f\u00e9rendum sur la d\u00e9p\u00e9nalisation du cannabis"},"content":{"rendered":"\t\t<div data-elementor-type=\"wp-post\" data-elementor-id=\"18250\" class=\"elementor elementor-18250\">\n\t\t\t\t\t\t<section class=\"elementor-section elementor-top-section elementor-element elementor-element-31d12e1a elementor-section-boxed elementor-section-height-default elementor-section-height-default\" data-id=\"31d12e1a\" data-element_type=\"section\" data-e-type=\"section\">\n\t\t\t\t\t\t<div class=\"elementor-container elementor-column-gap-default\">\n\t\t\t\t\t<div class=\"elementor-column elementor-col-100 elementor-top-column elementor-element elementor-element-129a8706\" data-id=\"129a8706\" data-element_type=\"column\" data-e-type=\"column\">\n\t\t\t<div class=\"elementor-widget-wrap elementor-element-populated\">\n\t\t\t\t\t\t<div class=\"elementor-element elementor-element-39b64066 elementor-widget elementor-widget-text-editor\" data-id=\"39b64066\" data-element_type=\"widget\" data-e-type=\"widget\" data-widget_type=\"text-editor.default\">\n\t\t\t\t<div class=\"elementor-widget-container\">\n\t\t\t\t\t\t\t\t\t<div style=\"margin-left: 10%; margin-right: 10%;\">\n<h2>Une avanc\u00e9e historique pour les \u00eeles Ca\u00efmans \ud83c\udde8\ud83c\uddf0<\/h2>\nTu viens d&rsquo;assister \u00e0 un tournant significatif dans l&rsquo;histoire moderne de cette petite nation insulaire. Les \u00e9lecteurs des \u00eeles Ca\u00efmans ont exprim\u00e9 clairement leur volont\u00e9 lors d\u2019un r\u00e9f\u00e9rendum crucial : ils soutiennent massivement la d\u00e9p\u00e9nalisation de la possession et de la consommation de petites quantit\u00e9s de <a href=\"https:\/\/www.gardenz.fr\/310--delta-9-thc\">cannabis<\/a>. Avec 60 % de votes favorables, la soci\u00e9t\u00e9 ca\u00efmanaise envoie un message fort \u00e0 ses dirigeants, appelant \u00e0 un changement r\u00e9fl\u00e9chi dans la politique du cannabis \ud83c\udf3f.\n<h2>Le r\u00f4le du r\u00e9f\u00e9rendum dans le processus l\u00e9gislatif \ud83d\uddf3\ufe0f<\/h2>\nM\u00eame si ce r\u00e9f\u00e9rendum n\u2019a pas de valeur l\u00e9gale contraignante, il n\u2019en reste pas moins un outil puissant. Il devient une boussole politique, un indicateur r\u00e9v\u00e9lateur que les l\u00e9gislateurs ne peuvent plus ignorer. En obtenant une majorit\u00e9 claire, les d\u00e9fenseurs du cannabis ont d\u00e9sormais un argument de poids pour orienter les futures discussions parlementaires. La balle est maintenant dans le camp des d\u00e9cideurs politiques, charg\u00e9s de transformer ce signal populaire en loi concr\u00e8te \u2696\ufe0f.\n<h2>Pourquoi cette d\u00e9cision est-elle si importante pour la r\u00e9gion ? \ud83c\udf0d<\/h2>\nLes Cara\u00efbes ont toujours eu une relation particuli\u00e8re avec le cannabis, oscillant entre tradition, tol\u00e9rance sociale et criminalisation. Voir l\u2019une des juridictions les plus conservatrices de la r\u00e9gion effectuer un tel pas en avant peut inspirer d&rsquo;autres nations voisines \u00e0 r\u00e9\u00e9valuer leur position. Pour les d\u00e9fenseurs des libert\u00e9s individuelles, cette d\u00e9cision est un souffle d&rsquo;espoir \u2013 un exemple que le changement est possible lorsque la population s\u2019exprime clairement \ud83d\udcac.\n<h2>Le poids de la stigmatisation enfin remis en question \ud83d\ude45\u200d\u2642\ufe0f<\/h2>\nPendant trop longtemps, consommer du cannabis dans les \u00eeles Ca\u00efmans signifiait risquer la prison, des amendes, et surtout, porter sur soi une stigmatisation sociale profond\u00e9ment enracin\u00e9e. Cette victoire du \u201coui\u201d au r\u00e9f\u00e9rendum est aussi symbolique : elle traduit une \u00e9volution des mentalit\u00e9s, une volont\u00e9 de voir l\u2019utilisateur de cannabis non plus comme un d\u00e9linquant mais comme un citoyen libre de ses choix. C\u2019est une \u00e9tape cruciale vers une politique de sant\u00e9 publique plus \u00e9volu\u00e9e et \u00e9quilibr\u00e9e \ud83d\ude0c.\n<h2>Quels pourraient \u00eatre les impacts concrets de cette d\u00e9p\u00e9nalisation ? \ud83d\udd0d<\/h2>\nImagine un pays o\u00f9 la police n\u2019a plus pour mission de traquer les fumeurs de joints dans les parcs, mais peut se concentrer sur des crimes v\u00e9ritables. La d\u00e9p\u00e9nalisation permettrait de d\u00e9sengorger les tribunaux, de r\u00e9duire la population carc\u00e9rale et de rediriger les fonds publics vers l&rsquo;\u00e9ducation \u00e0 la consommation responsable. Ce choix pourrait aussi encourager la mise en place de programmes de sensibilisation et de soutien pour les personnes qui en auraient besoin, loin de la r\u00e9pression aveugle \ud83e\udd1d.\n<h2>Une opportunit\u00e9 \u00e9conomique \u00e0 ne pas n\u00e9gliger \ud83d\udcb8<\/h2>\nCe r\u00e9f\u00e9rendum pourrait ouvrir peu \u00e0 peu la porte \u00e0 une industrie l\u00e9gale naissante, m\u00eame limit\u00e9e. Sans parler de l\u00e9galisation totale, on peut envisager l\u2019encadrement de petites ventes, la r\u00e9gulation de produits d\u00e9riv\u00e9s ou m\u00eame le d\u00e9veloppement d\u2019un tourisme cannabique raisonn\u00e9, \u00e0 l\u2019image de certains mod\u00e8les en Am\u00e9rique du Nord. Pour une \u00e9conomie insulaire, chaque secteur dynamique repr\u00e9sente une chance de croissance et de diversification \ud83c\udf31.\n<h2>Et maintenant, que va-t-il se passer ? \u23f3<\/h2>\nLe message du peuple est clair, mais le chemin vers une v\u00e9ritable d\u00e9p\u00e9nalisation reste sem\u00e9 d\u2019\u00e9tapes. Des d\u00e9bats parlementaires, des propositions de lois, des consultations publiques vont sans doute suivre. Les citoyens devront rester mobilis\u00e9s pour faire entendre leur voix et veiller \u00e0 ce que l&rsquo;\u00e9lan progressiste enclench\u00e9 par ce r\u00e9f\u00e9rendum ne s\u2019\u00e9teigne pas avec le temps. La participation de la soci\u00e9t\u00e9 civile et des experts sera d\u00e9cisive pour baliser intelligemment cette transition l\u00e9gislative \ud83d\udd27.\n<h2>Le signal d\u2019un r\u00e9veil d\u00e9mocratique \ud83d\udd4a\ufe0f<\/h2>\nAu-del\u00e0 du cannabis, c\u2019est aussi une belle le\u00e7on de d\u00e9mocratie participative que nous offrent les Ca\u00efmanais. Ils ont prouv\u00e9 qu\u2019\u00e0 travers le vote, les citoyens peuvent influencer des politiques longtemps fig\u00e9es. C\u2019est un appel \u00e0 l&rsquo;engagement, \u00e0 l&rsquo;information et \u00e0 la mobilisation que chacun peut entendre, peu importe le pays. Et si cette lutte venait \u00e0 inspirer d&rsquo;autres \u00eeles, voire d&rsquo;autres continents ? \ud83c\udf10\n<h2>Un vent de changement souffle sur les mentalit\u00e9s \ud83c\udf2c\ufe0f<\/h2>\nLes votes comme celui-ci d\u00e9montrent que la perception du cannabis \u00e9volue. Moins diabolis\u00e9e, mieux comprise, sa place dans la soci\u00e9t\u00e9 bouge, lentement mais s\u00fbrement. L\u2019enjeu n\u2019est pas que r\u00e9cr\u00e9atif : c\u2019est aussi sanitaire, social, \u00e9ducatif. En tol\u00e9rant davantage, on ouvre la voie \u00e0 des discours plus nuanc\u00e9s, \u00e0 des r\u00e9glementations plus justes, et \u00e0 une relation plus sereine entre la loi et les habitudes de vie modernes \ud83c\udf04.\n<h2>Conclusion : un pas vers plus de coh\u00e9rence et de justice \u2696\ufe0f<\/h2>\nSi tu es sensible \u00e0 l\u2019\u00e9volution des politiques de drogues, ce qui vient de se passer aux \u00eeles Ca\u00efmans est un motif d\u2019espoir. L&rsquo;acceptation populaire croissante du cannabis, m\u00eame \u00e0 petite \u00e9chelle, nous rapproche d\u2019un monde o\u00f9 la criminalisation syst\u00e9matique n\u2019est plus la norme. En posant la premi\u00e8re pierre d\u2019une d\u00e9p\u00e9nalisation juste, les \u00e9lecteurs de cette \u00eele ont peut-\u00eatre ouvert une br\u00e8che dans laquelle d\u2019autres nations viendront s\u2019engouffrer. Reste attentif, car ce n\u2019est que le d\u00e9but \ud83c\udf08. <a href=\"https:\/\/gardenz.fr\/news\">Tu veux continuer ta lecture ? D\u00e9couvre d&rsquo;autres articles en cliquant ici.<\/a><\/div>\n\n<div class=\"wp-block-group is-layout-constrained wp-block-group-is-layout-constrained\">\n<div class=\"wp-block-columns is-layout-flex wp-container-core-columns-is-layout-28f84493 wp-block-columns-is-layout-flex\">\n<div class=\"wp-block-column is-layout-flow wp-block-column-is-layout-flow\" style=\"flex-basis:20%\">\n<figure class=\"wp-block-image size-full\"><a href=\"https:\/\/www.gardenz.fr\/3-fleur-de-chanvre-cbd\"><img fetchpriority=\"high\" decoding=\"async\" width=\"424\" height=\"600\" src=\"https:\/\/www.gardenz.fr\/news\/wp-content\/uploads\/2025\/03\/FLEUR-DE-CHANVRE-CBD.webp\" alt=\"FLEUR-DE-CHANVRE-CBD\" class=\"wp-image-17519\" srcset=\"https:\/\/www.gardenz.fr\/news\/wp-content\/uploads\/2025\/03\/FLEUR-DE-CHANVRE-CBD.webp 424w, https:\/\/www.gardenz.fr\/news\/wp-content\/uploads\/2025\/03\/FLEUR-DE-CHANVRE-CBD-212x300.webp 212w\" sizes=\"(max-width: 424px) 100vw, 424px\" \/><\/a><\/figure>\n<\/div>\n\n\n\n<div class=\"wp-block-column is-layout-flow wp-block-column-is-layout-flow\" style=\"flex-basis:20%\">\n<figure class=\"wp-block-image size-full\"><a href=\"https:\/\/www.gardenz.fr\/6--resine-cbd\"><img decoding=\"async\" width=\"424\" height=\"600\" src=\"https:\/\/www.gardenz.fr\/news\/wp-content\/uploads\/2025\/03\/RESINE-CBD.webp\" alt=\"R\u00c9SINE-CBD\" class=\"wp-image-17515\" srcset=\"https:\/\/www.gardenz.fr\/news\/wp-content\/uploads\/2025\/03\/RESINE-CBD.webp 424w, https:\/\/www.gardenz.fr\/news\/wp-content\/uploads\/2025\/03\/RESINE-CBD-212x300.webp 212w\" sizes=\"(max-width: 424px) 100vw, 424px\" \/><\/a><\/figure>\n<\/div>\n\n\n\n<div class=\"wp-block-column is-layout-flow wp-block-column-is-layout-flow\" style=\"flex-basis:20%\">\n<figure class=\"wp-block-image size-full\"><a href=\"https:\/\/www.gardenz.fr\/511--weed-psycho\"><img decoding=\"async\" width=\"424\" height=\"600\" src=\"https:\/\/www.gardenz.fr\/news\/wp-content\/uploads\/2025\/03\/PSYCHOACTIFS.webp\" alt=\"PSYCHOACTIFS\" class=\"wp-image-17517\" srcset=\"https:\/\/www.gardenz.fr\/news\/wp-content\/uploads\/2025\/03\/PSYCHOACTIFS.webp 424w, https:\/\/www.gardenz.fr\/news\/wp-content\/uploads\/2025\/03\/PSYCHOACTIFS-212x300.webp 212w\" sizes=\"(max-width: 424px) 100vw, 424px\" \/><\/a><\/figure>\n<\/div>\n\n\n\n<div class=\"wp-block-column is-layout-flow wp-block-column-is-layout-flow\" style=\"flex-basis:20%\">\n<figure class=\"wp-block-image size-full\"><a href=\"https:\/\/www.gardenz.fr\/562--accessoires-weed\"><img loading=\"lazy\" decoding=\"async\" width=\"424\" height=\"600\" src=\"https:\/\/www.gardenz.fr\/news\/wp-content\/uploads\/2025\/03\/ACCESSOIRED.webp\" alt=\"\" class=\"wp-image-17520\" srcset=\"https:\/\/www.gardenz.fr\/news\/wp-content\/uploads\/2025\/03\/ACCESSOIRED.webp 424w, https:\/\/www.gardenz.fr\/news\/wp-content\/uploads\/2025\/03\/ACCESSOIRED-212x300.webp 212w\" sizes=\"(max-width: 424px) 100vw, 424px\" \/><\/a><\/figure>\n<\/div>\n\n\n\n<div class=\"wp-block-column is-layout-flow wp-block-column-is-layout-flow\" style=\"flex-basis:20%\">\n<figure class=\"wp-block-image size-full\"><a href=\"https:\/\/www.gardenz.fr\/284--vaporisateur-weed\"><img loading=\"lazy\" decoding=\"async\" width=\"424\" height=\"600\" src=\"https:\/\/www.gardenz.fr\/news\/wp-content\/uploads\/2025\/03\/VAPORISATEUR-WEED.webp\" alt=\"VAPORISATEUR-WEED\" class=\"wp-image-17514\" srcset=\"https:\/\/www.gardenz.fr\/news\/wp-content\/uploads\/2025\/03\/VAPORISATEUR-WEED.webp 424w, https:\/\/www.gardenz.fr\/news\/wp-content\/uploads\/2025\/03\/VAPORISATEUR-WEED-212x300.webp 212w\" sizes=\"(max-width: 424px) 100vw, 424px\" \/><\/a><\/figure>\n<\/div>\n<\/div>\n<\/div>\n\t\t\t\t\t\t\t\t<\/div>\n\t\t\t\t<\/div>\n\t\t\t\t\t<\/div>\n\t\t<\/div>\n\t\t\t\t\t<\/div>\n\t\t<\/section>\n\t\t\t\t<\/div>\n\t\t","protected":false},"excerpt":{"rendered":"<p>Une avanc\u00e9e historique pour les \u00eeles Ca\u00efmans \ud83c\udde8\ud83c\uddf0 Tu viens d&rsquo;assister \u00e0 un tournant significatif dans l&rsquo;histoire moderne de cette petite nation insulaire. Les \u00e9lecteurs des \u00eeles Ca\u00efmans ont exprim\u00e9 clairement leur volont\u00e9 lors d\u2019un r\u00e9f\u00e9rendum crucial : ils soutiennent massivement la d\u00e9p\u00e9nalisation de la possession et de la consommation de petites quantit\u00e9s de cannabis. [&hellip;]<\/p>\n","protected":false},"author":18,"featured_media":18249,"comment_status":"closed","ping_status":"","sticky":false,"template":"","format":"standard","meta":{"site-sidebar-layout":"default","site-content-layout":"","ast-site-content-layout":"default","site-content-style":"default","site-sidebar-style":"default","ast-global-header-display":"","ast-banner-title-visibility":"","ast-main-header-display":"","ast-hfb-above-header-display":"","ast-hfb-below-header-display":"","ast-hfb-mobile-header-display":"","site-post-title":"","ast-breadcrumbs-content":"","ast-featured-img":"","footer-sml-layout":"","ast-disable-related-posts":"","theme-transparent-header-meta":"","adv-header-id-meta":"","stick-header-meta":"","header-above-stick-meta":"","header-main-stick-meta":"","header-below-stick-meta":"","astra-migrate-meta-layouts":"default","ast-page-background-enabled":"default","ast-page-background-meta":{"desktop":{"background-color":"var(--ast-global-color-4)","background-image":"","background-repeat":"repeat","background-position":"center center","background-size":"auto","background-attachment":"scroll","background-type":"","background-media":"","overlay-type":"","overlay-color":"","overlay-opacity":"","overlay-gradient":""},"tablet":{"background-color":"","background-image":"","background-repeat":"repeat","background-position":"center center","background-size":"auto","background-attachment":"scroll","background-type":"","background-media":"","overlay-type":"","overlay-color":"","overlay-opacity":"","overlay-gradient":""},"mobile":{"background-color":"","background-image":"","background-repeat":"repeat","background-position":"center center","background-size":"auto","background-attachment":"scroll","background-type":"","background-media":"","overlay-type":"","overlay-color":"","overlay-opacity":"","overlay-gradient":""}},"ast-content-background-meta":{"desktop":{"background-color":"var(--ast-global-color-5)","background-image":"","background-repeat":"repeat","background-position":"center center","background-size":"auto","background-attachment":"scroll","background-type":"","background-media":"","overlay-type":"","overlay-color":"","overlay-opacity":"","overlay-gradient":""},"tablet":{"background-color":"var(--ast-global-color-5)","background-image":"","background-repeat":"repeat","background-position":"center center","background-size":"auto","background-attachment":"scroll","background-type":"","background-media":"","overlay-type":"","overlay-color":"","overlay-opacity":"","overlay-gradient":""},"mobile":{"background-color":"var(--ast-global-color-5)","background-image":"","background-repeat":"repeat","background-position":"center center","background-size":"auto","background-attachment":"scroll","background-type":"","background-media":"","overlay-type":"","overlay-color":"","overlay-opacity":"","overlay-gradient":""}},"footnotes":""},"categories":[1],"tags":[],"class_list":["post-18250","post","type-post","status-publish","format-standard","has-post-thumbnail","hentry","category-non-classe"],"yoast_head":"<!-- This site is optimized with the Yoast SEO plugin v27.5 - https:\/\/yoast.com\/product\/yoast-seo-wordpress\/ -->\n<title>\ud83d\udca1 \u00c9lecteurs des \u00eeles Ca\u00efmans approuvent d\u00e9p\u00e9nalisation cannabis<\/title>\n<meta name=\"description\" content=\"\ud83c\udf3f Les \u00e9lecteurs des \u00eeles Ca\u00efmans votent en faveur de la d\u00e9p\u00e9nalisation du cannabis lors d&#039;un r\u00e9f\u00e9rendum historique. #CannabisCa\u00efmans\" \/>\n<meta name=\"robots\" content=\"index, follow, max-snippet:-1, max-image-preview:large, max-video-preview:-1\" \/>\n<link rel=\"canonical\" href=\"https:\/\/www.gardenz.fr\/news\/2025\/05\/06\/les-electeurs-des-iles-caimans-approuvent-le-referendum-sur-la-depenalisation-du-cannabis\/\" \/>\n<meta property=\"og:locale\" content=\"fr_FR\" \/>\n<meta property=\"og:type\" content=\"article\" \/>\n<meta property=\"og:title\" content=\"\ud83d\udca1 \u00c9lecteurs des \u00eeles Ca\u00efmans approuvent d\u00e9p\u00e9nalisation cannabis\" \/>\n<meta property=\"og:description\" content=\"\ud83c\udf3f Les \u00e9lecteurs des \u00eeles Ca\u00efmans votent en faveur de la d\u00e9p\u00e9nalisation du cannabis lors d&#039;un r\u00e9f\u00e9rendum historique. #CannabisCa\u00efmans\" \/>\n<meta property=\"og:url\" content=\"https:\/\/www.gardenz.fr\/news\/2025\/05\/06\/les-electeurs-des-iles-caimans-approuvent-le-referendum-sur-la-depenalisation-du-cannabis\/\" \/>\n<meta property=\"og:site_name\" content=\"Le Blog de Gardenz\" \/>\n<meta property=\"article:published_time\" content=\"2025-05-06T06:20:36+00:00\" \/>\n<meta property=\"article:modified_time\" content=\"2025-07-22T14:38:32+00:00\" \/>\n<meta property=\"og:image\" content=\"https:\/\/www.gardenz.fr\/news\/wp-content\/uploads\/2025\/05\/Les-electeurs-des-iles-Caimans-approuvent-le-referendum-sur-la-depenalisation-du-cannabissanitize-2025-05-06T062033.768Z.jpg\" \/>\n\t<meta property=\"og:image:width\" content=\"900\" \/>\n\t<meta property=\"og:image:height\" content=\"250\" \/>\n\t<meta property=\"og:image:type\" content=\"image\/jpeg\" \/>\n<meta name=\"author\" content=\"Idan Melicio\" \/>\n<meta name=\"twitter:card\" content=\"summary_large_image\" \/>\n<meta name=\"twitter:label1\" content=\"\u00c9crit par\" \/>\n\t<meta name=\"twitter:data1\" content=\"Idan Melicio\" \/>\n\t<meta name=\"twitter:label2\" content=\"Dur\u00e9e de lecture estim\u00e9e\" \/>\n\t<meta name=\"twitter:data2\" content=\"9 minutes\" \/>\n<script type=\"application\/ld+json\" class=\"yoast-schema-graph\">{\"@context\":\"https:\\\/\\\/schema.org\",\"@graph\":[{\"@type\":\"Article\",\"@id\":\"https:\\\/\\\/www.gardenz.fr\\\/news\\\/2025\\\/05\\\/06\\\/les-electeurs-des-iles-caimans-approuvent-le-referendum-sur-la-depenalisation-du-cannabis\\\/#article\",\"isPartOf\":{\"@id\":\"https:\\\/\\\/www.gardenz.fr\\\/news\\\/2025\\\/05\\\/06\\\/les-electeurs-des-iles-caimans-approuvent-le-referendum-sur-la-depenalisation-du-cannabis\\\/\"},\"author\":{\"name\":\"Idan Melicio\",\"@id\":\"https:\\\/\\\/www.gardenz.fr\\\/news\\\/#\\\/schema\\\/person\\\/4c29b13eadec7d3b7f81d3dc8253aa72\"},\"headline\":\"Les \u00e9lecteurs des \u00eeles Ca\u00efmans approuvent le r\u00e9f\u00e9rendum sur la d\u00e9p\u00e9nalisation du cannabis\",\"datePublished\":\"2025-05-06T06:20:36+00:00\",\"dateModified\":\"2025-07-22T14:38:32+00:00\",\"mainEntityOfPage\":{\"@id\":\"https:\\\/\\\/www.gardenz.fr\\\/news\\\/2025\\\/05\\\/06\\\/les-electeurs-des-iles-caimans-approuvent-le-referendum-sur-la-depenalisation-du-cannabis\\\/\"},\"wordCount\":942,\"publisher\":{\"@id\":\"https:\\\/\\\/www.gardenz.fr\\\/news\\\/#organization\"},\"image\":{\"@id\":\"https:\\\/\\\/www.gardenz.fr\\\/news\\\/2025\\\/05\\\/06\\\/les-electeurs-des-iles-caimans-approuvent-le-referendum-sur-la-depenalisation-du-cannabis\\\/#primaryimage\"},\"thumbnailUrl\":\"https:\\\/\\\/www.gardenz.fr\\\/news\\\/wp-content\\\/uploads\\\/2025\\\/05\\\/Les-electeurs-des-iles-Caimans-approuvent-le-referendum-sur-la-depenalisation-du-cannabissanitize-2025-05-06T062033.768Z.jpg\",\"articleSection\":[\"GENERAL\"],\"inLanguage\":\"fr-FR\"},{\"@type\":\"WebPage\",\"@id\":\"https:\\\/\\\/www.gardenz.fr\\\/news\\\/2025\\\/05\\\/06\\\/les-electeurs-des-iles-caimans-approuvent-le-referendum-sur-la-depenalisation-du-cannabis\\\/\",\"url\":\"https:\\\/\\\/www.gardenz.fr\\\/news\\\/2025\\\/05\\\/06\\\/les-electeurs-des-iles-caimans-approuvent-le-referendum-sur-la-depenalisation-du-cannabis\\\/\",\"name\":\"\ud83d\udca1 \u00c9lecteurs des \u00eeles Ca\u00efmans approuvent d\u00e9p\u00e9nalisation cannabis\",\"isPartOf\":{\"@id\":\"https:\\\/\\\/www.gardenz.fr\\\/news\\\/#website\"},\"primaryImageOfPage\":{\"@id\":\"https:\\\/\\\/www.gardenz.fr\\\/news\\\/2025\\\/05\\\/06\\\/les-electeurs-des-iles-caimans-approuvent-le-referendum-sur-la-depenalisation-du-cannabis\\\/#primaryimage\"},\"image\":{\"@id\":\"https:\\\/\\\/www.gardenz.fr\\\/news\\\/2025\\\/05\\\/06\\\/les-electeurs-des-iles-caimans-approuvent-le-referendum-sur-la-depenalisation-du-cannabis\\\/#primaryimage\"},\"thumbnailUrl\":\"https:\\\/\\\/www.gardenz.fr\\\/news\\\/wp-content\\\/uploads\\\/2025\\\/05\\\/Les-electeurs-des-iles-Caimans-approuvent-le-referendum-sur-la-depenalisation-du-cannabissanitize-2025-05-06T062033.768Z.jpg\",\"datePublished\":\"2025-05-06T06:20:36+00:00\",\"dateModified\":\"2025-07-22T14:38:32+00:00\",\"description\":\"\ud83c\udf3f Les \u00e9lecteurs des \u00eeles Ca\u00efmans votent en faveur de la d\u00e9p\u00e9nalisation du cannabis lors d'un r\u00e9f\u00e9rendum historique. #CannabisCa\u00efmans\",\"breadcrumb\":{\"@id\":\"https:\\\/\\\/www.gardenz.fr\\\/news\\\/2025\\\/05\\\/06\\\/les-electeurs-des-iles-caimans-approuvent-le-referendum-sur-la-depenalisation-du-cannabis\\\/#breadcrumb\"},\"inLanguage\":\"fr-FR\",\"potentialAction\":[{\"@type\":\"ReadAction\",\"target\":[\"https:\\\/\\\/www.gardenz.fr\\\/news\\\/2025\\\/05\\\/06\\\/les-electeurs-des-iles-caimans-approuvent-le-referendum-sur-la-depenalisation-du-cannabis\\\/\"]}]},{\"@type\":\"ImageObject\",\"inLanguage\":\"fr-FR\",\"@id\":\"https:\\\/\\\/www.gardenz.fr\\\/news\\\/2025\\\/05\\\/06\\\/les-electeurs-des-iles-caimans-approuvent-le-referendum-sur-la-depenalisation-du-cannabis\\\/#primaryimage\",\"url\":\"https:\\\/\\\/www.gardenz.fr\\\/news\\\/wp-content\\\/uploads\\\/2025\\\/05\\\/Les-electeurs-des-iles-Caimans-approuvent-le-referendum-sur-la-depenalisation-du-cannabissanitize-2025-05-06T062033.768Z.jpg\",\"contentUrl\":\"https:\\\/\\\/www.gardenz.fr\\\/news\\\/wp-content\\\/uploads\\\/2025\\\/05\\\/Les-electeurs-des-iles-Caimans-approuvent-le-referendum-sur-la-depenalisation-du-cannabissanitize-2025-05-06T062033.768Z.jpg\",\"width\":900,\"height\":250,\"caption\":\"Les \u00e9lecteurs des \u00eeles Ca\u00efmans approuvent le r\u00e9f\u00e9rendum sur la d\u00e9p\u00e9nalisation du cannabis\"},{\"@type\":\"BreadcrumbList\",\"@id\":\"https:\\\/\\\/www.gardenz.fr\\\/news\\\/2025\\\/05\\\/06\\\/les-electeurs-des-iles-caimans-approuvent-le-referendum-sur-la-depenalisation-du-cannabis\\\/#breadcrumb\",\"itemListElement\":[{\"@type\":\"ListItem\",\"position\":1,\"name\":\"Accueil\",\"item\":\"https:\\\/\\\/www.gardenz.fr\\\/news\\\/\"},{\"@type\":\"ListItem\",\"position\":2,\"name\":\"Les \u00e9lecteurs des \u00eeles Ca\u00efmans approuvent le r\u00e9f\u00e9rendum sur la d\u00e9p\u00e9nalisation du cannabis\"}]},{\"@type\":\"WebSite\",\"@id\":\"https:\\\/\\\/www.gardenz.fr\\\/news\\\/#website\",\"url\":\"https:\\\/\\\/www.gardenz.fr\\\/news\\\/\",\"name\":\"Le Blog de Gardenz\",\"description\":\"Best quality CBD\",\"publisher\":{\"@id\":\"https:\\\/\\\/www.gardenz.fr\\\/news\\\/#organization\"},\"potentialAction\":[{\"@type\":\"SearchAction\",\"target\":{\"@type\":\"EntryPoint\",\"urlTemplate\":\"https:\\\/\\\/www.gardenz.fr\\\/news\\\/?s={search_term_string}\"},\"query-input\":{\"@type\":\"PropertyValueSpecification\",\"valueRequired\":true,\"valueName\":\"search_term_string\"}}],\"inLanguage\":\"fr-FR\"},{\"@type\":\"Organization\",\"@id\":\"https:\\\/\\\/www.gardenz.fr\\\/news\\\/#organization\",\"name\":\"Le Blog de Gardenz\",\"url\":\"https:\\\/\\\/www.gardenz.fr\\\/news\\\/\",\"logo\":{\"@type\":\"ImageObject\",\"inLanguage\":\"fr-FR\",\"@id\":\"https:\\\/\\\/www.gardenz.fr\\\/news\\\/#\\\/schema\\\/logo\\\/image\\\/\",\"url\":\"https:\\\/\\\/www.gardenz.fr\\\/news\\\/wp-content\\\/uploads\\\/2022\\\/06\\\/logo-gardenz-feuille-blanc-final.png\",\"contentUrl\":\"https:\\\/\\\/www.gardenz.fr\\\/news\\\/wp-content\\\/uploads\\\/2022\\\/06\\\/logo-gardenz-feuille-blanc-final.png\",\"width\":459,\"height\":200,\"caption\":\"Le Blog de Gardenz\"},\"image\":{\"@id\":\"https:\\\/\\\/www.gardenz.fr\\\/news\\\/#\\\/schema\\\/logo\\\/image\\\/\"}},{\"@type\":\"Person\",\"@id\":\"https:\\\/\\\/www.gardenz.fr\\\/news\\\/#\\\/schema\\\/person\\\/4c29b13eadec7d3b7f81d3dc8253aa72\",\"name\":\"Idan Melicio\",\"image\":{\"@type\":\"ImageObject\",\"inLanguage\":\"fr-FR\",\"@id\":\"https:\\\/\\\/secure.gravatar.com\\\/avatar\\\/a4fed9bf268062e3c5884e1b9288f4a54517dd9041d8c562678849f7f1c1eb43?s=96&d=mm&r=g\",\"url\":\"https:\\\/\\\/secure.gravatar.com\\\/avatar\\\/a4fed9bf268062e3c5884e1b9288f4a54517dd9041d8c562678849f7f1c1eb43?s=96&d=mm&r=g\",\"contentUrl\":\"https:\\\/\\\/secure.gravatar.com\\\/avatar\\\/a4fed9bf268062e3c5884e1b9288f4a54517dd9041d8c562678849f7f1c1eb43?s=96&d=mm&r=g\",\"caption\":\"Idan Melicio\"},\"url\":\"https:\\\/\\\/www.gardenz.fr\\\/news\\\/author\\\/idan-milecio\\\/\"}]}<\/script>\n<!-- \/ Yoast SEO plugin. -->","yoast_head_json":{"title":"\ud83d\udca1 \u00c9lecteurs des \u00eeles Ca\u00efmans approuvent d\u00e9p\u00e9nalisation cannabis","description":"\ud83c\udf3f Les \u00e9lecteurs des \u00eeles Ca\u00efmans votent en faveur de la d\u00e9p\u00e9nalisation du cannabis lors d'un r\u00e9f\u00e9rendum historique. #CannabisCa\u00efmans","robots":{"index":"index","follow":"follow","max-snippet":"max-snippet:-1","max-image-preview":"max-image-preview:large","max-video-preview":"max-video-preview:-1"},"canonical":"https:\/\/www.gardenz.fr\/news\/2025\/05\/06\/les-electeurs-des-iles-caimans-approuvent-le-referendum-sur-la-depenalisation-du-cannabis\/","og_locale":"fr_FR","og_type":"article","og_title":"\ud83d\udca1 \u00c9lecteurs des \u00eeles Ca\u00efmans approuvent d\u00e9p\u00e9nalisation cannabis","og_description":"\ud83c\udf3f Les \u00e9lecteurs des \u00eeles Ca\u00efmans votent en faveur de la d\u00e9p\u00e9nalisation du cannabis lors d'un r\u00e9f\u00e9rendum historique. #CannabisCa\u00efmans","og_url":"https:\/\/www.gardenz.fr\/news\/2025\/05\/06\/les-electeurs-des-iles-caimans-approuvent-le-referendum-sur-la-depenalisation-du-cannabis\/","og_site_name":"Le Blog de Gardenz","article_published_time":"2025-05-06T06:20:36+00:00","article_modified_time":"2025-07-22T14:38:32+00:00","og_image":[{"width":900,"height":250,"url":"https:\/\/www.gardenz.fr\/news\/wp-content\/uploads\/2025\/05\/Les-electeurs-des-iles-Caimans-approuvent-le-referendum-sur-la-depenalisation-du-cannabissanitize-2025-05-06T062033.768Z.jpg","type":"image\/jpeg"}],"author":"Idan Melicio","twitter_card":"summary_large_image","twitter_misc":{"\u00c9crit par":"Idan Melicio","Dur\u00e9e de lecture estim\u00e9e":"9 minutes"},"schema":{"@context":"https:\/\/schema.org","@graph":[{"@type":"Article","@id":"https:\/\/www.gardenz.fr\/news\/2025\/05\/06\/les-electeurs-des-iles-caimans-approuvent-le-referendum-sur-la-depenalisation-du-cannabis\/#article","isPartOf":{"@id":"https:\/\/www.gardenz.fr\/news\/2025\/05\/06\/les-electeurs-des-iles-caimans-approuvent-le-referendum-sur-la-depenalisation-du-cannabis\/"},"author":{"name":"Idan Melicio","@id":"https:\/\/www.gardenz.fr\/news\/#\/schema\/person\/4c29b13eadec7d3b7f81d3dc8253aa72"},"headline":"Les \u00e9lecteurs des \u00eeles Ca\u00efmans approuvent le r\u00e9f\u00e9rendum sur la d\u00e9p\u00e9nalisation du cannabis","datePublished":"2025-05-06T06:20:36+00:00","dateModified":"2025-07-22T14:38:32+00:00","mainEntityOfPage":{"@id":"https:\/\/www.gardenz.fr\/news\/2025\/05\/06\/les-electeurs-des-iles-caimans-approuvent-le-referendum-sur-la-depenalisation-du-cannabis\/"},"wordCount":942,"publisher":{"@id":"https:\/\/www.gardenz.fr\/news\/#organization"},"image":{"@id":"https:\/\/www.gardenz.fr\/news\/2025\/05\/06\/les-electeurs-des-iles-caimans-approuvent-le-referendum-sur-la-depenalisation-du-cannabis\/#primaryimage"},"thumbnailUrl":"https:\/\/www.gardenz.fr\/news\/wp-content\/uploads\/2025\/05\/Les-electeurs-des-iles-Caimans-approuvent-le-referendum-sur-la-depenalisation-du-cannabissanitize-2025-05-06T062033.768Z.jpg","articleSection":["GENERAL"],"inLanguage":"fr-FR"},{"@type":"WebPage","@id":"https:\/\/www.gardenz.fr\/news\/2025\/05\/06\/les-electeurs-des-iles-caimans-approuvent-le-referendum-sur-la-depenalisation-du-cannabis\/","url":"https:\/\/www.gardenz.fr\/news\/2025\/05\/06\/les-electeurs-des-iles-caimans-approuvent-le-referendum-sur-la-depenalisation-du-cannabis\/","name":"\ud83d\udca1 \u00c9lecteurs des \u00eeles Ca\u00efmans approuvent d\u00e9p\u00e9nalisation cannabis","isPartOf":{"@id":"https:\/\/www.gardenz.fr\/news\/#website"},"primaryImageOfPage":{"@id":"https:\/\/www.gardenz.fr\/news\/2025\/05\/06\/les-electeurs-des-iles-caimans-approuvent-le-referendum-sur-la-depenalisation-du-cannabis\/#primaryimage"},"image":{"@id":"https:\/\/www.gardenz.fr\/news\/2025\/05\/06\/les-electeurs-des-iles-caimans-approuvent-le-referendum-sur-la-depenalisation-du-cannabis\/#primaryimage"},"thumbnailUrl":"https:\/\/www.gardenz.fr\/news\/wp-content\/uploads\/2025\/05\/Les-electeurs-des-iles-Caimans-approuvent-le-referendum-sur-la-depenalisation-du-cannabissanitize-2025-05-06T062033.768Z.jpg","datePublished":"2025-05-06T06:20:36+00:00","dateModified":"2025-07-22T14:38:32+00:00","description":"\ud83c\udf3f Les \u00e9lecteurs des \u00eeles Ca\u00efmans votent en faveur de la d\u00e9p\u00e9nalisation du cannabis lors d'un r\u00e9f\u00e9rendum historique. #CannabisCa\u00efmans","breadcrumb":{"@id":"https:\/\/www.gardenz.fr\/news\/2025\/05\/06\/les-electeurs-des-iles-caimans-approuvent-le-referendum-sur-la-depenalisation-du-cannabis\/#breadcrumb"},"inLanguage":"fr-FR","potentialAction":[{"@type":"ReadAction","target":["https:\/\/www.gardenz.fr\/news\/2025\/05\/06\/les-electeurs-des-iles-caimans-approuvent-le-referendum-sur-la-depenalisation-du-cannabis\/"]}]},{"@type":"ImageObject","inLanguage":"fr-FR","@id":"https:\/\/www.gardenz.fr\/news\/2025\/05\/06\/les-electeurs-des-iles-caimans-approuvent-le-referendum-sur-la-depenalisation-du-cannabis\/#primaryimage","url":"https:\/\/www.gardenz.fr\/news\/wp-content\/uploads\/2025\/05\/Les-electeurs-des-iles-Caimans-approuvent-le-referendum-sur-la-depenalisation-du-cannabissanitize-2025-05-06T062033.768Z.jpg","contentUrl":"https:\/\/www.gardenz.fr\/news\/wp-content\/uploads\/2025\/05\/Les-electeurs-des-iles-Caimans-approuvent-le-referendum-sur-la-depenalisation-du-cannabissanitize-2025-05-06T062033.768Z.jpg","width":900,"height":250,"caption":"Les \u00e9lecteurs des \u00eeles Ca\u00efmans approuvent le r\u00e9f\u00e9rendum sur la d\u00e9p\u00e9nalisation du cannabis"},{"@type":"BreadcrumbList","@id":"https:\/\/www.gardenz.fr\/news\/2025\/05\/06\/les-electeurs-des-iles-caimans-approuvent-le-referendum-sur-la-depenalisation-du-cannabis\/#breadcrumb","itemListElement":[{"@type":"ListItem","position":1,"name":"Accueil","item":"https:\/\/www.gardenz.fr\/news\/"},{"@type":"ListItem","position":2,"name":"Les \u00e9lecteurs des \u00eeles Ca\u00efmans approuvent le r\u00e9f\u00e9rendum sur la d\u00e9p\u00e9nalisation du cannabis"}]},{"@type":"WebSite","@id":"https:\/\/www.gardenz.fr\/news\/#website","url":"https:\/\/www.gardenz.fr\/news\/","name":"Le Blog de Gardenz","description":"Best quality CBD","publisher":{"@id":"https:\/\/www.gardenz.fr\/news\/#organization"},"potentialAction":[{"@type":"SearchAction","target":{"@type":"EntryPoint","urlTemplate":"https:\/\/www.gardenz.fr\/news\/?s={search_term_string}"},"query-input":{"@type":"PropertyValueSpecification","valueRequired":true,"valueName":"search_term_string"}}],"inLanguage":"fr-FR"},{"@type":"Organization","@id":"https:\/\/www.gardenz.fr\/news\/#organization","name":"Le Blog de Gardenz","url":"https:\/\/www.gardenz.fr\/news\/","logo":{"@type":"ImageObject","inLanguage":"fr-FR","@id":"https:\/\/www.gardenz.fr\/news\/#\/schema\/logo\/image\/","url":"https:\/\/www.gardenz.fr\/news\/wp-content\/uploads\/2022\/06\/logo-gardenz-feuille-blanc-final.png","contentUrl":"https:\/\/www.gardenz.fr\/news\/wp-content\/uploads\/2022\/06\/logo-gardenz-feuille-blanc-final.png","width":459,"height":200,"caption":"Le Blog de Gardenz"},"image":{"@id":"https:\/\/www.gardenz.fr\/news\/#\/schema\/logo\/image\/"}},{"@type":"Person","@id":"https:\/\/www.gardenz.fr\/news\/#\/schema\/person\/4c29b13eadec7d3b7f81d3dc8253aa72","name":"Idan Melicio","image":{"@type":"ImageObject","inLanguage":"fr-FR","@id":"https:\/\/secure.gravatar.com\/avatar\/a4fed9bf268062e3c5884e1b9288f4a54517dd9041d8c562678849f7f1c1eb43?s=96&d=mm&r=g","url":"https:\/\/secure.gravatar.com\/avatar\/a4fed9bf268062e3c5884e1b9288f4a54517dd9041d8c562678849f7f1c1eb43?s=96&d=mm&r=g","contentUrl":"https:\/\/secure.gravatar.com\/avatar\/a4fed9bf268062e3c5884e1b9288f4a54517dd9041d8c562678849f7f1c1eb43?s=96&d=mm&r=g","caption":"Idan Melicio"},"url":"https:\/\/www.gardenz.fr\/news\/author\/idan-milecio\/"}]}},"_links":{"self":[{"href":"https:\/\/www.gardenz.fr\/news\/wp-json\/wp\/v2\/posts\/18250","targetHints":{"allow":["GET"]}}],"collection":[{"href":"https:\/\/www.gardenz.fr\/news\/wp-json\/wp\/v2\/posts"}],"about":[{"href":"https:\/\/www.gardenz.fr\/news\/wp-json\/wp\/v2\/types\/post"}],"author":[{"embeddable":true,"href":"https:\/\/www.gardenz.fr\/news\/wp-json\/wp\/v2\/users\/18"}],"replies":[{"embeddable":true,"href":"https:\/\/www.gardenz.fr\/news\/wp-json\/wp\/v2\/comments?post=18250"}],"version-history":[{"count":3,"href":"https:\/\/www.gardenz.fr\/news\/wp-json\/wp\/v2\/posts\/18250\/revisions"}],"predecessor-version":[{"id":18915,"href":"https:\/\/www.gardenz.fr\/news\/wp-json\/wp\/v2\/posts\/18250\/revisions\/18915"}],"wp:featuredmedia":[{"embeddable":true,"href":"https:\/\/www.gardenz.fr\/news\/wp-json\/wp\/v2\/media\/18249"}],"wp:attachment":[{"href":"https:\/\/www.gardenz.fr\/news\/wp-json\/wp\/v2\/media?parent=18250"}],"wp:term":[{"taxonomy":"category","embeddable":true,"href":"https:\/\/www.gardenz.fr\/news\/wp-json\/wp\/v2\/categories?post=18250"},{"taxonomy":"post_tag","embeddable":true,"href":"https:\/\/www.gardenz.fr\/news\/wp-json\/wp\/v2\/tags?post=18250"}],"curies":[{"name":"wp","href":"https:\/\/api.w.org\/{rel}","templated":true}]}}