{"id":18293,"date":"2025-05-10T11:20:46","date_gmt":"2025-05-10T09:20:46","guid":{"rendered":"https:\/\/www.gardenz.fr\/news\/2025\/05\/10\/hannah-deacon-deces-de-la-militante-britannique-du-cannabis-medical-a-45-ans\/"},"modified":"2025-07-22T15:46:59","modified_gmt":"2025-07-22T13:46:59","slug":"hannah-deacon-deces-de-la-militante-britannique-du-cannabis-medical-a-45-ans","status":"publish","type":"post","link":"https:\/\/www.gardenz.fr\/news\/2025\/05\/10\/hannah-deacon-deces-de-la-militante-britannique-du-cannabis-medical-a-45-ans\/","title":{"rendered":"Hannah Deacon : D\u00e9c\u00e8s de la militante britannique du cannabis m\u00e9dical \u00e0 45 ans"},"content":{"rendered":"\t\t<div data-elementor-type=\"wp-post\" data-elementor-id=\"18293\" class=\"elementor elementor-18293\">\n\t\t\t\t\t\t<section class=\"elementor-section elementor-top-section elementor-element elementor-element-372d49c8 elementor-section-boxed elementor-section-height-default elementor-section-height-default\" data-id=\"372d49c8\" data-element_type=\"section\" data-e-type=\"section\">\n\t\t\t\t\t\t<div class=\"elementor-container elementor-column-gap-default\">\n\t\t\t\t\t<div class=\"elementor-column elementor-col-100 elementor-top-column elementor-element elementor-element-522ad74\" data-id=\"522ad74\" data-element_type=\"column\" data-e-type=\"column\">\n\t\t\t<div class=\"elementor-widget-wrap elementor-element-populated\">\n\t\t\t\t\t\t<div class=\"elementor-element elementor-element-23bdfbc2 elementor-widget elementor-widget-text-editor\" data-id=\"23bdfbc2\" data-element_type=\"widget\" data-e-type=\"widget\" data-widget_type=\"text-editor.default\">\n\t\t\t\t<div class=\"elementor-widget-container\">\n\t\t\t\t\t\t\t\t\t<div style=\"margin-left: 10%; margin-right: 10%;\">\n<h2>Une disparition qui laisse un vide dans le combat pour le cannabis m\u00e9dical \ud83d\udc94<\/h2>\nHannah Deacon \u00e9tait bien plus qu\u2019une figure militante, elle \u00e9tait une voix in\u00e9branlable pour les familles, les malades et tous ceux qui r\u00e9clament une l\u00e9galisation juste et humaine du <a href=\"https:\/\/www.gardenz.fr\/310--delta-9-thc\">cannabis<\/a> m\u00e9dical au Royaume-Uni \ud83c\udf31. Tu as peut-\u00eatre entendu parler d\u2019elle \u00e0 travers les m\u00e9dias ou les r\u00e9seaux sociaux, et pour cause : elle a men\u00e9 l\u2019un des combats les plus d\u00e9terminants pour faire bouger les lignes, en particulier pour son fils Alfie, atteint d\u2019\u00e9pilepsie s\u00e9v\u00e8re. C\u2019est son amour de m\u00e8re, combin\u00e9 \u00e0 une d\u00e9termination hors du commun, qui a permis de sensibiliser l\u2019opinion publique et de faire pression sur le gouvernement britannique pour qu\u2019il autorise, enfin, certains traitements \u00e0 base de cannabis \ud83e\udde0.\n<h2>Le pouvoir d&rsquo;une m\u00e8re face \u00e0 l&rsquo;injustice m\u00e9dicale \ud83d\udcaa<\/h2>\nTout a commenc\u00e9 lorsque les traitements conventionnels se sont av\u00e9r\u00e9s inefficaces pour soulager les crises d\u2019Alfie. Hannah, refusant l\u2019id\u00e9e que son fils souffre inutilement alors qu\u2019une alternative efficace existait, s&rsquo;est tourn\u00e9e vers l\u2019huile de cannabis, d\u00e9j\u00e0 utilis\u00e9e au Canada et dans d\u2019autres pays. Confront\u00e9e \u00e0 d\u2019innombrables obstacles administratifs, son combat s\u2019est rapidement transform\u00e9 en croisade publique. Gr\u00e2ce \u00e0 sa t\u00e9nacit\u00e9 et \u00e0 son engagement, elle a r\u00e9ussi \u00e0 atteindre les hautes sph\u00e8res du pouvoir britannique, allant jusqu\u2019\u00e0 rencontrer des ministres et t\u00e9moigner dans les m\u00e9dias \ud83c\udf0d. Sa m\u00e9diatisation n\u2019\u00e9tait pas \u00e9go\u00efste, au contraire : chaque apparition \u00e9tait pens\u00e9e pour d\u00e9fendre non seulement son fils, mais aussi tous les enfants en attente d\u2019un traitement ad\u00e9quat.\n<h2>Une victoire historique qui aura un impact durable \ud83c\udfdb\ufe0f<\/h2>\nGr\u00e2ce \u00e0 son action infatigable, l\u2019ann\u00e9e 2018 a marqu\u00e9 un tournant historique au Royaume-Uni : \u00e0 la suite d\u2019un intense mouvement populaire et d\u2019un lobbying actif port\u00e9 notamment par Hannah, le gouvernement britannique a l\u00e9galis\u00e9, dans certains cas, l\u2019usage m\u00e9dical du cannabis \ud83d\udea8. C\u2019\u00e9tait une avanc\u00e9e majeure, encore limit\u00e9e, mais inesp\u00e9r\u00e9e quelques ann\u00e9es auparavant. Cette l\u00e9gislation a permis \u00e0 certaines familles de retrouver un mince espoir, m\u00eame si des difficult\u00e9s d\u2019acc\u00e8s demeurent encore \u00e0 ce jour. Hannah ne s\u2019est pas arr\u00eat\u00e9e l\u00e0 : elle a continu\u00e9 \u00e0 se battre pour am\u00e9liorer la r\u00e9glementation, d\u00e9noncer les incoh\u00e9rences du syst\u00e8me, et soutenir les professionnels de sant\u00e9 qui s\u2019impliquaient dans cette nouvelle approche th\u00e9rapeutique.\n<h2>Une militante, une inspiratrice, une force de la nature \ud83c\udf1f<\/h2>\nMais Hannah n\u2019\u00e9tait pas que militante. C\u2019\u00e9tait avant tout un \u00eatre humain profond\u00e9ment compatissant, accessible, chaleureuse. Elle rencontrait les autres familles avec empathie, r\u00e9pondait aux questions, rassurait les parents d\u00e9sorient\u00e9s \ud83d\ude22. Cette attitude bienveillante, doubl\u00e9e d\u2019une une volont\u00e9 de fer, faisait d\u2019elle une figure incontournable du plaidoyer pour le cannabis m\u00e9dical. Elle savait que ce qu\u2019elle faisait transcenderait son histoire personnelle. Elle savait que chaque effort, chaque conf\u00e9rence, chaque t\u00e9moignage avait le potentiel de sauver des vies, ou du moins de les rendre plus supportables. Sa capacit\u00e9 \u00e0 transformer sa douleur en moteur de changement est un exemple bouleversant de r\u00e9silience et d\u2019engagement.\n<h2>Un combat interrompu mais un h\u00e9ritage vivant \ud83c\udf31<\/h2>\nEn mars dernier, Hannah annon\u00e7ait avec \u00e9motion qu\u2019elle se retirait de ses fonctions publiques suite \u00e0 un diagnostic de cancer \ud83d\udcac. Un immense silence s\u2019est alors abattu sur la communaut\u00e9 cannabique m\u00e9dicale, consciente que cette voix pr\u00e9cieuse allait temporairement se taire. H\u00e9las, ce retrait fut de courte dur\u00e9e. Hannah est d\u00e9c\u00e9d\u00e9e quelques semaines plus tard des suites de cette maladie fulgurante, laissant derri\u00e8re elle un vide immense, mais \u00e9galement une graine sem\u00e9e dans l\u2019\u00e2me de chacun de ceux qu\u2019elle a inspir\u00e9s. Son d\u00e9part \u00e0 seulement 45 ans est une perte incommensurable pour sa famille, mais aussi pour toutes les causes qu\u2019elle ch\u00e9rissait.\n<h2>Un exemple \u00e0 suivre pour les g\u00e9n\u00e9rations futures \ud83d\ude80<\/h2>\nLe combat d\u2019Hannah Deacon d\u00e9passe largement les fronti\u00e8res de son pays et les contours d\u2019une loi. Il s\u2019agit aujourd\u2019hui d\u2019un symbole global du pouvoir qu\u2019une seule personne peut avoir, arm\u00e9e de d\u00e9termination, de compassion et de clart\u00e9 d&rsquo;esprit \ud83d\udca1. Si tu t\u2019int\u00e9resses au cannabis m\u00e9dical, \u00e0 la justice sociale, ou \u00e0 la r\u00e9forme des politiques de sant\u00e9, alors l\u2019histoire d\u2019Hannah doit rester dans ton c\u0153ur comme une boussole. Elle rappelle combien il est crucial de ne pas baisser les bras face \u00e0 des syst\u00e8mes injustes, et combien l\u2019amour \u2014 surtout celui d\u2019une m\u00e8re \u2014 peut devenir une force de transformation incroyable.\n<h2>Une lumi\u00e8re qui continue de briller \u00e0 travers nos luttes \u2728<\/h2>\nM\u00eame apr\u00e8s sa disparition, son nom continue de r\u00e9sonner dans les cercles m\u00e9dicaux, militants et politiques. Sa voix, immortalis\u00e9e dans les archives de nombreuses conf\u00e9rences, son t\u00e9moignage, inscrit dans la m\u00e9moire collective, et son sourire, source d\u2019inspiration perp\u00e9tuelle, demeurent. Elle a chang\u00e9 le destin d\u2019un pays, le quotidien de centaines de familles, et peut-\u00eatre bient\u00f4t celui de l\u2019Europe, tant l\u2019\u00e9lan qu\u2019elle a lanc\u00e9 d\u00e9passe les fronti\u00e8res. En t\u2019informant, en partageant son histoire, en continuant \u00e0 remettre en question les politiques trop rigides, tu participes \u00e0 faire vivre sa m\u00e9moire. Tu es maintenant le relais de ce combat \ud83d\ude4c.\n<h2>Conclusion : une militante, une m\u00e8re, une h\u00e9ro\u00efne \u2764\ufe0f<\/h2>\nLa disparition d\u2019Hannah Deacon laisse un vide immense mais aussi un incroyable h\u00e9ritage. Elle a sem\u00e9 des graines de changement qui, aujourd\u2019hui encore, germent dans les d\u00e9cisions politiques, les r\u00e9unions de familles m\u00e9dicalement d\u00e9laiss\u00e9es, et dans les esprits \u00e9veill\u00e9s aux propri\u00e9t\u00e9s th\u00e9rapeutiques du cannabis \ud83c\udf3f. Si tu veux lui rendre hommage, poursuivons ensemble ce qu\u2019elle a si brillamment entam\u00e9 : d\u00e9fendre l\u2019acc\u00e8s au cannabis m\u00e9dical, soutenir ceux qui souffrent, et ne jamais oublier la puissance de la d\u00e9termination humaine face \u00e0 l\u2019injustice. <a href=\"https:\/\/gardenz.fr\/news\">Tu veux continuer ta lecture ? D\u00e9couvre d&rsquo;autres articles en cliquant ici.<\/a><\/div>\n\n<div class=\"wp-block-group is-layout-constrained wp-block-group-is-layout-constrained\">\n<div class=\"wp-block-columns is-layout-flex wp-container-core-columns-is-layout-28f84493 wp-block-columns-is-layout-flex\">\n<div class=\"wp-block-column is-layout-flow wp-block-column-is-layout-flow\" style=\"flex-basis:20%\">\n<figure class=\"wp-block-image size-full\"><a href=\"https:\/\/www.gardenz.fr\/3-fleur-de-chanvre-cbd\"><img fetchpriority=\"high\" decoding=\"async\" width=\"424\" height=\"600\" src=\"https:\/\/www.gardenz.fr\/news\/wp-content\/uploads\/2025\/03\/FLEUR-DE-CHANVRE-CBD.webp\" alt=\"FLEUR-DE-CHANVRE-CBD\" class=\"wp-image-17519\" srcset=\"https:\/\/www.gardenz.fr\/news\/wp-content\/uploads\/2025\/03\/FLEUR-DE-CHANVRE-CBD.webp 424w, https:\/\/www.gardenz.fr\/news\/wp-content\/uploads\/2025\/03\/FLEUR-DE-CHANVRE-CBD-212x300.webp 212w\" sizes=\"(max-width: 424px) 100vw, 424px\" \/><\/a><\/figure>\n<\/div>\n\n\n\n<div class=\"wp-block-column is-layout-flow wp-block-column-is-layout-flow\" style=\"flex-basis:20%\">\n<figure class=\"wp-block-image size-full\"><a href=\"https:\/\/www.gardenz.fr\/6--resine-cbd\"><img decoding=\"async\" width=\"424\" height=\"600\" src=\"https:\/\/www.gardenz.fr\/news\/wp-content\/uploads\/2025\/03\/RESINE-CBD.webp\" alt=\"R\u00c9SINE-CBD\" class=\"wp-image-17515\" srcset=\"https:\/\/www.gardenz.fr\/news\/wp-content\/uploads\/2025\/03\/RESINE-CBD.webp 424w, https:\/\/www.gardenz.fr\/news\/wp-content\/uploads\/2025\/03\/RESINE-CBD-212x300.webp 212w\" sizes=\"(max-width: 424px) 100vw, 424px\" \/><\/a><\/figure>\n<\/div>\n\n\n\n<div class=\"wp-block-column is-layout-flow wp-block-column-is-layout-flow\" style=\"flex-basis:20%\">\n<figure class=\"wp-block-image size-full\"><a href=\"https:\/\/www.gardenz.fr\/511--weed-psycho\"><img decoding=\"async\" width=\"424\" height=\"600\" src=\"https:\/\/www.gardenz.fr\/news\/wp-content\/uploads\/2025\/03\/PSYCHOACTIFS.webp\" alt=\"PSYCHOACTIFS\" class=\"wp-image-17517\" srcset=\"https:\/\/www.gardenz.fr\/news\/wp-content\/uploads\/2025\/03\/PSYCHOACTIFS.webp 424w, https:\/\/www.gardenz.fr\/news\/wp-content\/uploads\/2025\/03\/PSYCHOACTIFS-212x300.webp 212w\" sizes=\"(max-width: 424px) 100vw, 424px\" \/><\/a><\/figure>\n<\/div>\n\n\n\n<div class=\"wp-block-column is-layout-flow wp-block-column-is-layout-flow\" style=\"flex-basis:20%\">\n<figure class=\"wp-block-image size-full\"><a href=\"https:\/\/www.gardenz.fr\/562--accessoires-weed\"><img loading=\"lazy\" decoding=\"async\" width=\"424\" height=\"600\" src=\"https:\/\/www.gardenz.fr\/news\/wp-content\/uploads\/2025\/03\/ACCESSOIRED.webp\" alt=\"\" class=\"wp-image-17520\" srcset=\"https:\/\/www.gardenz.fr\/news\/wp-content\/uploads\/2025\/03\/ACCESSOIRED.webp 424w, https:\/\/www.gardenz.fr\/news\/wp-content\/uploads\/2025\/03\/ACCESSOIRED-212x300.webp 212w\" sizes=\"(max-width: 424px) 100vw, 424px\" \/><\/a><\/figure>\n<\/div>\n\n\n\n<div class=\"wp-block-column is-layout-flow wp-block-column-is-layout-flow\" style=\"flex-basis:20%\">\n<figure class=\"wp-block-image size-full\"><a href=\"https:\/\/www.gardenz.fr\/284--vaporisateur-weed\"><img loading=\"lazy\" decoding=\"async\" width=\"424\" height=\"600\" src=\"https:\/\/www.gardenz.fr\/news\/wp-content\/uploads\/2025\/03\/VAPORISATEUR-WEED.webp\" alt=\"VAPORISATEUR-WEED\" class=\"wp-image-17514\" srcset=\"https:\/\/www.gardenz.fr\/news\/wp-content\/uploads\/2025\/03\/VAPORISATEUR-WEED.webp 424w, https:\/\/www.gardenz.fr\/news\/wp-content\/uploads\/2025\/03\/VAPORISATEUR-WEED-212x300.webp 212w\" sizes=\"(max-width: 424px) 100vw, 424px\" \/><\/a><\/figure>\n<\/div>\n<\/div>\n<\/div>\n\t\t\t\t\t\t\t\t<\/div>\n\t\t\t\t<\/div>\n\t\t\t\t\t<\/div>\n\t\t<\/div>\n\t\t\t\t\t<\/div>\n\t\t<\/section>\n\t\t\t\t<\/div>\n\t\t","protected":false},"excerpt":{"rendered":"<p>Une disparition qui laisse un vide dans le combat pour le cannabis m\u00e9dical \ud83d\udc94 Hannah Deacon \u00e9tait bien plus qu\u2019une figure militante, elle \u00e9tait une voix in\u00e9branlable pour les familles, les malades et tous ceux qui r\u00e9clament une l\u00e9galisation juste et humaine du cannabis m\u00e9dical au Royaume-Uni \ud83c\udf31. Tu as peut-\u00eatre entendu parler d\u2019elle \u00e0 [&hellip;]<\/p>\n","protected":false},"author":18,"featured_media":18292,"comment_status":"closed","ping_status":"","sticky":false,"template":"","format":"standard","meta":{"site-sidebar-layout":"default","site-content-layout":"","ast-site-content-layout":"default","site-content-style":"default","site-sidebar-style":"default","ast-global-header-display":"","ast-banner-title-visibility":"","ast-main-header-display":"","ast-hfb-above-header-display":"","ast-hfb-below-header-display":"","ast-hfb-mobile-header-display":"","site-post-title":"","ast-breadcrumbs-content":"","ast-featured-img":"","footer-sml-layout":"","ast-disable-related-posts":"","theme-transparent-header-meta":"","adv-header-id-meta":"","stick-header-meta":"","header-above-stick-meta":"","header-main-stick-meta":"","header-below-stick-meta":"","astra-migrate-meta-layouts":"default","ast-page-background-enabled":"default","ast-page-background-meta":{"desktop":{"background-color":"var(--ast-global-color-4)","background-image":"","background-repeat":"repeat","background-position":"center center","background-size":"auto","background-attachment":"scroll","background-type":"","background-media":"","overlay-type":"","overlay-color":"","overlay-opacity":"","overlay-gradient":""},"tablet":{"background-color":"","background-image":"","background-repeat":"repeat","background-position":"center center","background-size":"auto","background-attachment":"scroll","background-type":"","background-media":"","overlay-type":"","overlay-color":"","overlay-opacity":"","overlay-gradient":""},"mobile":{"background-color":"","background-image":"","background-repeat":"repeat","background-position":"center center","background-size":"auto","background-attachment":"scroll","background-type":"","background-media":"","overlay-type":"","overlay-color":"","overlay-opacity":"","overlay-gradient":""}},"ast-content-background-meta":{"desktop":{"background-color":"var(--ast-global-color-5)","background-image":"","background-repeat":"repeat","background-position":"center center","background-size":"auto","background-attachment":"scroll","background-type":"","background-media":"","overlay-type":"","overlay-color":"","overlay-opacity":"","overlay-gradient":""},"tablet":{"background-color":"var(--ast-global-color-5)","background-image":"","background-repeat":"repeat","background-position":"center center","background-size":"auto","background-attachment":"scroll","background-type":"","background-media":"","overlay-type":"","overlay-color":"","overlay-opacity":"","overlay-gradient":""},"mobile":{"background-color":"var(--ast-global-color-5)","background-image":"","background-repeat":"repeat","background-position":"center center","background-size":"auto","background-attachment":"scroll","background-type":"","background-media":"","overlay-type":"","overlay-color":"","overlay-opacity":"","overlay-gradient":""}},"footnotes":""},"categories":[1],"tags":[],"class_list":["post-18293","post","type-post","status-publish","format-standard","has-post-thumbnail","hentry","category-non-classe"],"yoast_head":"<!-- This site is optimized with the Yoast SEO plugin v27.5 - https:\/\/yoast.com\/product\/yoast-seo-wordpress\/ -->\n<title>\ud83d\udc94 D\u00e9c\u00e8s de Hannah Deacon, militante du cannabis m\u00e9dical, \u00e0 45 ans<\/title>\n<meta name=\"description\" content=\"\ud83c\udf3fTriste nouvelle : Hannah Deacon, militante du cannabis m\u00e9dical, d\u00e9c\u00e8de \u00e0 l&#039;\u00e2ge de 45 ans. Un coup dur pour la communaut\u00e9 m\u00e9dicale.\" \/>\n<meta name=\"robots\" content=\"index, follow, max-snippet:-1, max-image-preview:large, max-video-preview:-1\" \/>\n<link rel=\"canonical\" href=\"https:\/\/www.gardenz.fr\/news\/2025\/05\/10\/hannah-deacon-deces-de-la-militante-britannique-du-cannabis-medical-a-45-ans\/\" \/>\n<meta property=\"og:locale\" content=\"fr_FR\" \/>\n<meta property=\"og:type\" content=\"article\" \/>\n<meta property=\"og:title\" content=\"\ud83d\udc94 D\u00e9c\u00e8s de Hannah Deacon, militante du cannabis m\u00e9dical, \u00e0 45 ans\" \/>\n<meta property=\"og:description\" content=\"\ud83c\udf3fTriste nouvelle : Hannah Deacon, militante du cannabis m\u00e9dical, d\u00e9c\u00e8de \u00e0 l&#039;\u00e2ge de 45 ans. Un coup dur pour la communaut\u00e9 m\u00e9dicale.\" \/>\n<meta property=\"og:url\" content=\"https:\/\/www.gardenz.fr\/news\/2025\/05\/10\/hannah-deacon-deces-de-la-militante-britannique-du-cannabis-medical-a-45-ans\/\" \/>\n<meta property=\"og:site_name\" content=\"Le Blog de Gardenz\" \/>\n<meta property=\"article:published_time\" content=\"2025-05-10T09:20:46+00:00\" \/>\n<meta property=\"article:modified_time\" content=\"2025-07-22T13:46:59+00:00\" \/>\n<meta property=\"og:image\" content=\"https:\/\/www.gardenz.fr\/news\/wp-content\/uploads\/2025\/05\/Hannah-Deacon-Deces-de-la-militante-britannique-du-cannabis-medical-a-45-anssanitize-2025-05-10T092043.525Z.jpg\" \/>\n\t<meta property=\"og:image:width\" content=\"900\" \/>\n\t<meta property=\"og:image:height\" content=\"250\" \/>\n\t<meta property=\"og:image:type\" content=\"image\/jpeg\" \/>\n<meta name=\"author\" content=\"Idan Melicio\" \/>\n<meta name=\"twitter:card\" content=\"summary_large_image\" \/>\n<meta name=\"twitter:label1\" content=\"\u00c9crit par\" \/>\n\t<meta name=\"twitter:data1\" content=\"Idan Melicio\" \/>\n\t<meta name=\"twitter:label2\" content=\"Dur\u00e9e de lecture estim\u00e9e\" \/>\n\t<meta name=\"twitter:data2\" content=\"8 minutes\" \/>\n<script type=\"application\/ld+json\" class=\"yoast-schema-graph\">{\"@context\":\"https:\\\/\\\/schema.org\",\"@graph\":[{\"@type\":\"Article\",\"@id\":\"https:\\\/\\\/www.gardenz.fr\\\/news\\\/2025\\\/05\\\/10\\\/hannah-deacon-deces-de-la-militante-britannique-du-cannabis-medical-a-45-ans\\\/#article\",\"isPartOf\":{\"@id\":\"https:\\\/\\\/www.gardenz.fr\\\/news\\\/2025\\\/05\\\/10\\\/hannah-deacon-deces-de-la-militante-britannique-du-cannabis-medical-a-45-ans\\\/\"},\"author\":{\"name\":\"Idan Melicio\",\"@id\":\"https:\\\/\\\/www.gardenz.fr\\\/news\\\/#\\\/schema\\\/person\\\/4c29b13eadec7d3b7f81d3dc8253aa72\"},\"headline\":\"Hannah Deacon : D\u00e9c\u00e8s de la militante britannique du cannabis m\u00e9dical \u00e0 45 ans\",\"datePublished\":\"2025-05-10T09:20:46+00:00\",\"dateModified\":\"2025-07-22T13:46:59+00:00\",\"mainEntityOfPage\":{\"@id\":\"https:\\\/\\\/www.gardenz.fr\\\/news\\\/2025\\\/05\\\/10\\\/hannah-deacon-deces-de-la-militante-britannique-du-cannabis-medical-a-45-ans\\\/\"},\"wordCount\":1061,\"publisher\":{\"@id\":\"https:\\\/\\\/www.gardenz.fr\\\/news\\\/#organization\"},\"image\":{\"@id\":\"https:\\\/\\\/www.gardenz.fr\\\/news\\\/2025\\\/05\\\/10\\\/hannah-deacon-deces-de-la-militante-britannique-du-cannabis-medical-a-45-ans\\\/#primaryimage\"},\"thumbnailUrl\":\"https:\\\/\\\/www.gardenz.fr\\\/news\\\/wp-content\\\/uploads\\\/2025\\\/05\\\/Hannah-Deacon-Deces-de-la-militante-britannique-du-cannabis-medical-a-45-anssanitize-2025-05-10T092043.525Z.jpg\",\"articleSection\":[\"GENERAL\"],\"inLanguage\":\"fr-FR\"},{\"@type\":\"WebPage\",\"@id\":\"https:\\\/\\\/www.gardenz.fr\\\/news\\\/2025\\\/05\\\/10\\\/hannah-deacon-deces-de-la-militante-britannique-du-cannabis-medical-a-45-ans\\\/\",\"url\":\"https:\\\/\\\/www.gardenz.fr\\\/news\\\/2025\\\/05\\\/10\\\/hannah-deacon-deces-de-la-militante-britannique-du-cannabis-medical-a-45-ans\\\/\",\"name\":\"\ud83d\udc94 D\u00e9c\u00e8s de Hannah Deacon, militante du cannabis m\u00e9dical, \u00e0 45 ans\",\"isPartOf\":{\"@id\":\"https:\\\/\\\/www.gardenz.fr\\\/news\\\/#website\"},\"primaryImageOfPage\":{\"@id\":\"https:\\\/\\\/www.gardenz.fr\\\/news\\\/2025\\\/05\\\/10\\\/hannah-deacon-deces-de-la-militante-britannique-du-cannabis-medical-a-45-ans\\\/#primaryimage\"},\"image\":{\"@id\":\"https:\\\/\\\/www.gardenz.fr\\\/news\\\/2025\\\/05\\\/10\\\/hannah-deacon-deces-de-la-militante-britannique-du-cannabis-medical-a-45-ans\\\/#primaryimage\"},\"thumbnailUrl\":\"https:\\\/\\\/www.gardenz.fr\\\/news\\\/wp-content\\\/uploads\\\/2025\\\/05\\\/Hannah-Deacon-Deces-de-la-militante-britannique-du-cannabis-medical-a-45-anssanitize-2025-05-10T092043.525Z.jpg\",\"datePublished\":\"2025-05-10T09:20:46+00:00\",\"dateModified\":\"2025-07-22T13:46:59+00:00\",\"description\":\"\ud83c\udf3fTriste nouvelle : Hannah Deacon, militante du cannabis m\u00e9dical, d\u00e9c\u00e8de \u00e0 l'\u00e2ge de 45 ans. Un coup dur pour la communaut\u00e9 m\u00e9dicale.\",\"breadcrumb\":{\"@id\":\"https:\\\/\\\/www.gardenz.fr\\\/news\\\/2025\\\/05\\\/10\\\/hannah-deacon-deces-de-la-militante-britannique-du-cannabis-medical-a-45-ans\\\/#breadcrumb\"},\"inLanguage\":\"fr-FR\",\"potentialAction\":[{\"@type\":\"ReadAction\",\"target\":[\"https:\\\/\\\/www.gardenz.fr\\\/news\\\/2025\\\/05\\\/10\\\/hannah-deacon-deces-de-la-militante-britannique-du-cannabis-medical-a-45-ans\\\/\"]}]},{\"@type\":\"ImageObject\",\"inLanguage\":\"fr-FR\",\"@id\":\"https:\\\/\\\/www.gardenz.fr\\\/news\\\/2025\\\/05\\\/10\\\/hannah-deacon-deces-de-la-militante-britannique-du-cannabis-medical-a-45-ans\\\/#primaryimage\",\"url\":\"https:\\\/\\\/www.gardenz.fr\\\/news\\\/wp-content\\\/uploads\\\/2025\\\/05\\\/Hannah-Deacon-Deces-de-la-militante-britannique-du-cannabis-medical-a-45-anssanitize-2025-05-10T092043.525Z.jpg\",\"contentUrl\":\"https:\\\/\\\/www.gardenz.fr\\\/news\\\/wp-content\\\/uploads\\\/2025\\\/05\\\/Hannah-Deacon-Deces-de-la-militante-britannique-du-cannabis-medical-a-45-anssanitize-2025-05-10T092043.525Z.jpg\",\"width\":900,\"height\":250,\"caption\":\"Hannah Deacon : D\u00e9c\u00e8s de la militante britannique du cannabis m\u00e9dical \u00e0 45 ans\"},{\"@type\":\"BreadcrumbList\",\"@id\":\"https:\\\/\\\/www.gardenz.fr\\\/news\\\/2025\\\/05\\\/10\\\/hannah-deacon-deces-de-la-militante-britannique-du-cannabis-medical-a-45-ans\\\/#breadcrumb\",\"itemListElement\":[{\"@type\":\"ListItem\",\"position\":1,\"name\":\"Accueil\",\"item\":\"https:\\\/\\\/www.gardenz.fr\\\/news\\\/\"},{\"@type\":\"ListItem\",\"position\":2,\"name\":\"Hannah Deacon : D\u00e9c\u00e8s de la militante britannique du cannabis m\u00e9dical \u00e0 45 ans\"}]},{\"@type\":\"WebSite\",\"@id\":\"https:\\\/\\\/www.gardenz.fr\\\/news\\\/#website\",\"url\":\"https:\\\/\\\/www.gardenz.fr\\\/news\\\/\",\"name\":\"Le Blog de Gardenz\",\"description\":\"Best quality CBD\",\"publisher\":{\"@id\":\"https:\\\/\\\/www.gardenz.fr\\\/news\\\/#organization\"},\"potentialAction\":[{\"@type\":\"SearchAction\",\"target\":{\"@type\":\"EntryPoint\",\"urlTemplate\":\"https:\\\/\\\/www.gardenz.fr\\\/news\\\/?s={search_term_string}\"},\"query-input\":{\"@type\":\"PropertyValueSpecification\",\"valueRequired\":true,\"valueName\":\"search_term_string\"}}],\"inLanguage\":\"fr-FR\"},{\"@type\":\"Organization\",\"@id\":\"https:\\\/\\\/www.gardenz.fr\\\/news\\\/#organization\",\"name\":\"Le Blog de Gardenz\",\"url\":\"https:\\\/\\\/www.gardenz.fr\\\/news\\\/\",\"logo\":{\"@type\":\"ImageObject\",\"inLanguage\":\"fr-FR\",\"@id\":\"https:\\\/\\\/www.gardenz.fr\\\/news\\\/#\\\/schema\\\/logo\\\/image\\\/\",\"url\":\"https:\\\/\\\/www.gardenz.fr\\\/news\\\/wp-content\\\/uploads\\\/2022\\\/06\\\/logo-gardenz-feuille-blanc-final.png\",\"contentUrl\":\"https:\\\/\\\/www.gardenz.fr\\\/news\\\/wp-content\\\/uploads\\\/2022\\\/06\\\/logo-gardenz-feuille-blanc-final.png\",\"width\":459,\"height\":200,\"caption\":\"Le Blog de Gardenz\"},\"image\":{\"@id\":\"https:\\\/\\\/www.gardenz.fr\\\/news\\\/#\\\/schema\\\/logo\\\/image\\\/\"}},{\"@type\":\"Person\",\"@id\":\"https:\\\/\\\/www.gardenz.fr\\\/news\\\/#\\\/schema\\\/person\\\/4c29b13eadec7d3b7f81d3dc8253aa72\",\"name\":\"Idan Melicio\",\"image\":{\"@type\":\"ImageObject\",\"inLanguage\":\"fr-FR\",\"@id\":\"https:\\\/\\\/secure.gravatar.com\\\/avatar\\\/a4fed9bf268062e3c5884e1b9288f4a54517dd9041d8c562678849f7f1c1eb43?s=96&d=mm&r=g\",\"url\":\"https:\\\/\\\/secure.gravatar.com\\\/avatar\\\/a4fed9bf268062e3c5884e1b9288f4a54517dd9041d8c562678849f7f1c1eb43?s=96&d=mm&r=g\",\"contentUrl\":\"https:\\\/\\\/secure.gravatar.com\\\/avatar\\\/a4fed9bf268062e3c5884e1b9288f4a54517dd9041d8c562678849f7f1c1eb43?s=96&d=mm&r=g\",\"caption\":\"Idan Melicio\"},\"url\":\"https:\\\/\\\/www.gardenz.fr\\\/news\\\/author\\\/idan-milecio\\\/\"}]}<\/script>\n<!-- \/ Yoast SEO plugin. -->","yoast_head_json":{"title":"\ud83d\udc94 D\u00e9c\u00e8s de Hannah Deacon, militante du cannabis m\u00e9dical, \u00e0 45 ans","description":"\ud83c\udf3fTriste nouvelle : Hannah Deacon, militante du cannabis m\u00e9dical, d\u00e9c\u00e8de \u00e0 l'\u00e2ge de 45 ans. Un coup dur pour la communaut\u00e9 m\u00e9dicale.","robots":{"index":"index","follow":"follow","max-snippet":"max-snippet:-1","max-image-preview":"max-image-preview:large","max-video-preview":"max-video-preview:-1"},"canonical":"https:\/\/www.gardenz.fr\/news\/2025\/05\/10\/hannah-deacon-deces-de-la-militante-britannique-du-cannabis-medical-a-45-ans\/","og_locale":"fr_FR","og_type":"article","og_title":"\ud83d\udc94 D\u00e9c\u00e8s de Hannah Deacon, militante du cannabis m\u00e9dical, \u00e0 45 ans","og_description":"\ud83c\udf3fTriste nouvelle : Hannah Deacon, militante du cannabis m\u00e9dical, d\u00e9c\u00e8de \u00e0 l'\u00e2ge de 45 ans. Un coup dur pour la communaut\u00e9 m\u00e9dicale.","og_url":"https:\/\/www.gardenz.fr\/news\/2025\/05\/10\/hannah-deacon-deces-de-la-militante-britannique-du-cannabis-medical-a-45-ans\/","og_site_name":"Le Blog de Gardenz","article_published_time":"2025-05-10T09:20:46+00:00","article_modified_time":"2025-07-22T13:46:59+00:00","og_image":[{"width":900,"height":250,"url":"https:\/\/www.gardenz.fr\/news\/wp-content\/uploads\/2025\/05\/Hannah-Deacon-Deces-de-la-militante-britannique-du-cannabis-medical-a-45-anssanitize-2025-05-10T092043.525Z.jpg","type":"image\/jpeg"}],"author":"Idan Melicio","twitter_card":"summary_large_image","twitter_misc":{"\u00c9crit par":"Idan Melicio","Dur\u00e9e de lecture estim\u00e9e":"8 minutes"},"schema":{"@context":"https:\/\/schema.org","@graph":[{"@type":"Article","@id":"https:\/\/www.gardenz.fr\/news\/2025\/05\/10\/hannah-deacon-deces-de-la-militante-britannique-du-cannabis-medical-a-45-ans\/#article","isPartOf":{"@id":"https:\/\/www.gardenz.fr\/news\/2025\/05\/10\/hannah-deacon-deces-de-la-militante-britannique-du-cannabis-medical-a-45-ans\/"},"author":{"name":"Idan Melicio","@id":"https:\/\/www.gardenz.fr\/news\/#\/schema\/person\/4c29b13eadec7d3b7f81d3dc8253aa72"},"headline":"Hannah Deacon : D\u00e9c\u00e8s de la militante britannique du cannabis m\u00e9dical \u00e0 45 ans","datePublished":"2025-05-10T09:20:46+00:00","dateModified":"2025-07-22T13:46:59+00:00","mainEntityOfPage":{"@id":"https:\/\/www.gardenz.fr\/news\/2025\/05\/10\/hannah-deacon-deces-de-la-militante-britannique-du-cannabis-medical-a-45-ans\/"},"wordCount":1061,"publisher":{"@id":"https:\/\/www.gardenz.fr\/news\/#organization"},"image":{"@id":"https:\/\/www.gardenz.fr\/news\/2025\/05\/10\/hannah-deacon-deces-de-la-militante-britannique-du-cannabis-medical-a-45-ans\/#primaryimage"},"thumbnailUrl":"https:\/\/www.gardenz.fr\/news\/wp-content\/uploads\/2025\/05\/Hannah-Deacon-Deces-de-la-militante-britannique-du-cannabis-medical-a-45-anssanitize-2025-05-10T092043.525Z.jpg","articleSection":["GENERAL"],"inLanguage":"fr-FR"},{"@type":"WebPage","@id":"https:\/\/www.gardenz.fr\/news\/2025\/05\/10\/hannah-deacon-deces-de-la-militante-britannique-du-cannabis-medical-a-45-ans\/","url":"https:\/\/www.gardenz.fr\/news\/2025\/05\/10\/hannah-deacon-deces-de-la-militante-britannique-du-cannabis-medical-a-45-ans\/","name":"\ud83d\udc94 D\u00e9c\u00e8s de Hannah Deacon, militante du cannabis m\u00e9dical, \u00e0 45 ans","isPartOf":{"@id":"https:\/\/www.gardenz.fr\/news\/#website"},"primaryImageOfPage":{"@id":"https:\/\/www.gardenz.fr\/news\/2025\/05\/10\/hannah-deacon-deces-de-la-militante-britannique-du-cannabis-medical-a-45-ans\/#primaryimage"},"image":{"@id":"https:\/\/www.gardenz.fr\/news\/2025\/05\/10\/hannah-deacon-deces-de-la-militante-britannique-du-cannabis-medical-a-45-ans\/#primaryimage"},"thumbnailUrl":"https:\/\/www.gardenz.fr\/news\/wp-content\/uploads\/2025\/05\/Hannah-Deacon-Deces-de-la-militante-britannique-du-cannabis-medical-a-45-anssanitize-2025-05-10T092043.525Z.jpg","datePublished":"2025-05-10T09:20:46+00:00","dateModified":"2025-07-22T13:46:59+00:00","description":"\ud83c\udf3fTriste nouvelle : Hannah Deacon, militante du cannabis m\u00e9dical, d\u00e9c\u00e8de \u00e0 l'\u00e2ge de 45 ans. Un coup dur pour la communaut\u00e9 m\u00e9dicale.","breadcrumb":{"@id":"https:\/\/www.gardenz.fr\/news\/2025\/05\/10\/hannah-deacon-deces-de-la-militante-britannique-du-cannabis-medical-a-45-ans\/#breadcrumb"},"inLanguage":"fr-FR","potentialAction":[{"@type":"ReadAction","target":["https:\/\/www.gardenz.fr\/news\/2025\/05\/10\/hannah-deacon-deces-de-la-militante-britannique-du-cannabis-medical-a-45-ans\/"]}]},{"@type":"ImageObject","inLanguage":"fr-FR","@id":"https:\/\/www.gardenz.fr\/news\/2025\/05\/10\/hannah-deacon-deces-de-la-militante-britannique-du-cannabis-medical-a-45-ans\/#primaryimage","url":"https:\/\/www.gardenz.fr\/news\/wp-content\/uploads\/2025\/05\/Hannah-Deacon-Deces-de-la-militante-britannique-du-cannabis-medical-a-45-anssanitize-2025-05-10T092043.525Z.jpg","contentUrl":"https:\/\/www.gardenz.fr\/news\/wp-content\/uploads\/2025\/05\/Hannah-Deacon-Deces-de-la-militante-britannique-du-cannabis-medical-a-45-anssanitize-2025-05-10T092043.525Z.jpg","width":900,"height":250,"caption":"Hannah Deacon : D\u00e9c\u00e8s de la militante britannique du cannabis m\u00e9dical \u00e0 45 ans"},{"@type":"BreadcrumbList","@id":"https:\/\/www.gardenz.fr\/news\/2025\/05\/10\/hannah-deacon-deces-de-la-militante-britannique-du-cannabis-medical-a-45-ans\/#breadcrumb","itemListElement":[{"@type":"ListItem","position":1,"name":"Accueil","item":"https:\/\/www.gardenz.fr\/news\/"},{"@type":"ListItem","position":2,"name":"Hannah Deacon : D\u00e9c\u00e8s de la militante britannique du cannabis m\u00e9dical \u00e0 45 ans"}]},{"@type":"WebSite","@id":"https:\/\/www.gardenz.fr\/news\/#website","url":"https:\/\/www.gardenz.fr\/news\/","name":"Le Blog de Gardenz","description":"Best quality CBD","publisher":{"@id":"https:\/\/www.gardenz.fr\/news\/#organization"},"potentialAction":[{"@type":"SearchAction","target":{"@type":"EntryPoint","urlTemplate":"https:\/\/www.gardenz.fr\/news\/?s={search_term_string}"},"query-input":{"@type":"PropertyValueSpecification","valueRequired":true,"valueName":"search_term_string"}}],"inLanguage":"fr-FR"},{"@type":"Organization","@id":"https:\/\/www.gardenz.fr\/news\/#organization","name":"Le Blog de Gardenz","url":"https:\/\/www.gardenz.fr\/news\/","logo":{"@type":"ImageObject","inLanguage":"fr-FR","@id":"https:\/\/www.gardenz.fr\/news\/#\/schema\/logo\/image\/","url":"https:\/\/www.gardenz.fr\/news\/wp-content\/uploads\/2022\/06\/logo-gardenz-feuille-blanc-final.png","contentUrl":"https:\/\/www.gardenz.fr\/news\/wp-content\/uploads\/2022\/06\/logo-gardenz-feuille-blanc-final.png","width":459,"height":200,"caption":"Le Blog de Gardenz"},"image":{"@id":"https:\/\/www.gardenz.fr\/news\/#\/schema\/logo\/image\/"}},{"@type":"Person","@id":"https:\/\/www.gardenz.fr\/news\/#\/schema\/person\/4c29b13eadec7d3b7f81d3dc8253aa72","name":"Idan Melicio","image":{"@type":"ImageObject","inLanguage":"fr-FR","@id":"https:\/\/secure.gravatar.com\/avatar\/a4fed9bf268062e3c5884e1b9288f4a54517dd9041d8c562678849f7f1c1eb43?s=96&d=mm&r=g","url":"https:\/\/secure.gravatar.com\/avatar\/a4fed9bf268062e3c5884e1b9288f4a54517dd9041d8c562678849f7f1c1eb43?s=96&d=mm&r=g","contentUrl":"https:\/\/secure.gravatar.com\/avatar\/a4fed9bf268062e3c5884e1b9288f4a54517dd9041d8c562678849f7f1c1eb43?s=96&d=mm&r=g","caption":"Idan Melicio"},"url":"https:\/\/www.gardenz.fr\/news\/author\/idan-milecio\/"}]}},"_links":{"self":[{"href":"https:\/\/www.gardenz.fr\/news\/wp-json\/wp\/v2\/posts\/18293","targetHints":{"allow":["GET"]}}],"collection":[{"href":"https:\/\/www.gardenz.fr\/news\/wp-json\/wp\/v2\/posts"}],"about":[{"href":"https:\/\/www.gardenz.fr\/news\/wp-json\/wp\/v2\/types\/post"}],"author":[{"embeddable":true,"href":"https:\/\/www.gardenz.fr\/news\/wp-json\/wp\/v2\/users\/18"}],"replies":[{"embeddable":true,"href":"https:\/\/www.gardenz.fr\/news\/wp-json\/wp\/v2\/comments?post=18293"}],"version-history":[{"count":3,"href":"https:\/\/www.gardenz.fr\/news\/wp-json\/wp\/v2\/posts\/18293\/revisions"}],"predecessor-version":[{"id":18868,"href":"https:\/\/www.gardenz.fr\/news\/wp-json\/wp\/v2\/posts\/18293\/revisions\/18868"}],"wp:featuredmedia":[{"embeddable":true,"href":"https:\/\/www.gardenz.fr\/news\/wp-json\/wp\/v2\/media\/18292"}],"wp:attachment":[{"href":"https:\/\/www.gardenz.fr\/news\/wp-json\/wp\/v2\/media?parent=18293"}],"wp:term":[{"taxonomy":"category","embeddable":true,"href":"https:\/\/www.gardenz.fr\/news\/wp-json\/wp\/v2\/categories?post=18293"},{"taxonomy":"post_tag","embeddable":true,"href":"https:\/\/www.gardenz.fr\/news\/wp-json\/wp\/v2\/tags?post=18293"}],"curies":[{"name":"wp","href":"https:\/\/api.w.org\/{rel}","templated":true}]}}