{"id":18295,"date":"2025-05-10T11:21:21","date_gmt":"2025-05-10T09:21:21","guid":{"rendered":"https:\/\/www.gardenz.fr\/news\/2025\/05\/10\/le-danemark-legalise-definitivement-le-cannabis-medical-apres-7-ans-de-test\/"},"modified":"2025-07-22T15:45:28","modified_gmt":"2025-07-22T13:45:28","slug":"le-danemark-legalise-definitivement-le-cannabis-medical-apres-7-ans-de-test","status":"publish","type":"post","link":"https:\/\/www.gardenz.fr\/news\/2025\/05\/10\/le-danemark-legalise-definitivement-le-cannabis-medical-apres-7-ans-de-test\/","title":{"rendered":"Le Danemark l\u00e9galise d\u00e9finitivement le cannabis m\u00e9dical apr\u00e8s 7 ans de test"},"content":{"rendered":"\t\t<div data-elementor-type=\"wp-post\" data-elementor-id=\"18295\" class=\"elementor elementor-18295\">\n\t\t\t\t\t\t<section class=\"elementor-section elementor-top-section elementor-element elementor-element-38a2d90f elementor-section-boxed elementor-section-height-default elementor-section-height-default\" data-id=\"38a2d90f\" data-element_type=\"section\" data-e-type=\"section\">\n\t\t\t\t\t\t<div class=\"elementor-container elementor-column-gap-default\">\n\t\t\t\t\t<div class=\"elementor-column elementor-col-100 elementor-top-column elementor-element elementor-element-bf5ef48\" data-id=\"bf5ef48\" data-element_type=\"column\" data-e-type=\"column\">\n\t\t\t<div class=\"elementor-widget-wrap elementor-element-populated\">\n\t\t\t\t\t\t<div class=\"elementor-element elementor-element-1e8e5ae elementor-widget elementor-widget-text-editor\" data-id=\"1e8e5ae\" data-element_type=\"widget\" data-e-type=\"widget\" data-widget_type=\"text-editor.default\">\n\t\t\t\t<div class=\"elementor-widget-container\">\n\t\t\t\t\t\t\t\t\t<div style=\"margin-left: 10%; margin-right: 10%;\">\n<h2>Une avanc\u00e9e majeure pour les patients danois \ud83c\udf3f<\/h2>\nApr\u00e8s sept ann\u00e9es d\u2019exp\u00e9rimentation, le gouvernement danois franchit enfin une \u00e9tape d\u00e9cisive en inscrivant le <a href=\"https:\/\/www.gardenz.fr\/310--delta-9-thc\">cannabis<\/a> m\u00e9dical dans son syst\u00e8me de sant\u00e9 national. Cette d\u00e9cision repr\u00e9sente bien plus qu\u2019une simple r\u00e9forme r\u00e9glementaire : elle offre une reconnaissance officielle des bienfaits du cannabis th\u00e9rapeutique et apporte un signal fort aux autres pays europ\u00e9ens encore h\u00e9sitants. En institutionnalisant ce programme, le Danemark r\u00e9pond \u00e0 une demande croissante de patients en qu\u00eate d\u2019alternatives naturelles aux traitements traditionnels \ud83d\udc9a.\n<h2>Le long chemin de l\u2019exp\u00e9rimentation \u00e0 la l\u00e9galisation \ud83e\udded<\/h2>\nLanc\u00e9 en 2018, le programme pilote visait \u00e0 \u00e9valuer l&rsquo;efficacit\u00e9 et la s\u00e9curit\u00e9 des traitements \u00e0 base de cannabis m\u00e9dical, tout en mettant en place un cadre structur\u00e9 pour son usage clinique. Pendant cette phase, certains patients pouvaient acc\u00e9der, sous prescription m\u00e9dicale, \u00e0 des formes l\u00e9gales de cannabis pour soulager diverses pathologies comme les douleurs chroniques, la scl\u00e9rose en plaques ou encore les effets secondaires des traitements anticanc\u00e9reux. Malgr\u00e9 son caract\u00e8re temporaire et plusieurs obstacles bureaucratiques, ce test a permis de d\u00e9montrer l\u2019impact positif du cannabis sur la qualit\u00e9 de vie des patients \ud83c\udf1e.\n<h2>Une pression populaire et politique grandissante \ud83e\udd1d<\/h2>\nDurant ces sept ann\u00e9es, les retours des patients, mais aussi des professionnels de sant\u00e9, ont jou\u00e9 un r\u00f4le central dans l\u2019\u00e9volution du d\u00e9bat. De nombreuses voix se sont \u00e9lev\u00e9es pour d\u00e9noncer les limites d\u2019un programme encore trop restrictif, notamment en mati\u00e8re de remboursement, souvent jug\u00e9 injuste ou inaccessible. Ce cri du c\u0153ur collectif n\u2019a pas \u00e9t\u00e9 ignor\u00e9 : il a incit\u00e9 les autorit\u00e9s \u00e0 revoir leur copie et \u00e0 envisager une r\u00e9forme structurelle, aboutissant \u00e0 l\u2019adoption d\u00e9finitive du projet de loi L135 \ud83d\udce3.\n<h2>La loi L135, une r\u00e9forme au service des malades \ud83d\udc8a<\/h2>\nLa nouvelle l\u00e9gislation adopt\u00e9e transforme le programme pilote en solution durable, int\u00e9gr\u00e9e au syst\u00e8me de sant\u00e9 publique. Autrement dit, le cannabis m\u00e9dical devient un traitement officiellement reconnu et remboursable dans un cadre encadr\u00e9 m\u00e9dicalement. Cela signifie que les patients n\u2019auront plus \u00e0 se battre pour faire valider leur traitement ni \u00e0 en assumer seuls le co\u00fbt, souvent \u00e9lev\u00e9. C\u2019est une victoire significative pour toutes les personnes qui ont souffert en silence ou qui ont \u00e9t\u00e9 contraintes de se tourner vers le march\u00e9 noir pour soulager leurs douleurs \ud83e\udd17.\n<h2>Les producteurs danois \u00e0 la crois\u00e9e des chemins \ud83c\udf31<\/h2>\nCette l\u00e9galisation d\u00e9finitive repr\u00e9sente \u00e9galement une opportunit\u00e9 prodigieuse pour l\u2019industrie cannabique danoise. Durant la phase d\u2019exp\u00e9rimentation, plusieurs entreprises nationales ont investi dans la culture, la transformation et la distribution de cannabis m\u00e9dical. Toutefois, le manque de stabilit\u00e9 juridique et les obstacles administratifs ont brid\u00e9 leur d\u00e9veloppement. D\u00e9sormais, ces acteurs disposent d\u2019une vision \u00e0 long terme, avec un cadre clair pour produire localement et alimenter le march\u00e9 int\u00e9rieur, tout en visant \u2013 potentiellement \u2013 l\u2019exportation vers d\u2019autres pays europ\u00e9ens encore en phase de r\u00e9flexion \ud83c\udf0d.\n<h2>Un syst\u00e8me de remboursement repens\u00e9 \ud83c\udfe6<\/h2>\nL\u2019un des aspects les plus critiqu\u00e9s du programme initial concernait le remboursement. Jug\u00e9 complexe, opaque et parfois d\u00e9connect\u00e9 de la r\u00e9alit\u00e9 des consommateurs, il a rebut\u00e9 bon nombre de patients potentiels, qui ont pr\u00e9f\u00e9r\u00e9 renoncer \u00e0 leur traitement plut\u00f4t que de naviguer un labyrinthe administratif. La r\u00e9forme pr\u00e9voit donc une simplification de l\u2019acc\u00e8s, avec une prise en charge plus lisible et \u00e9quitable, car au final, le c\u0153ur du projet reste l\u2019humain : agir efficacement pour soulager la souffrance sans discrimination ni barri\u00e8res financi\u00e8res \ud83d\udeaa.\n<h2>Des implications \u00e0 l\u2019\u00e9chelle europ\u00e9enne \ud83c\udf0d<\/h2>\nLa r\u00e9gularisation du cannabis m\u00e9dical par le Danemark envoie un signal clair \u00e0 toute l\u2019Europe. En devenant l\u2019un des premiers pays du continent \u00e0 franchir ce cap, le royaume scandinave pourrait bien entra\u00eener dans son sillage d\u2019autres nations o\u00f9 les d\u00e9bats stagnent. D\u2019autant que l\u2019efficacit\u00e9 du programme danois, d\u00e9sormais \u00e9prouv\u00e9 sur sept longues ann\u00e9es, constitue une preuve tangible qui peut guider les l\u00e9gislateurs ind\u00e9cis. D\u2019autres pays observent avec attention ce mod\u00e8le hybride, associant expertise m\u00e9dicale, r\u00e9gulation stricte et accessibilit\u00e9 pour am\u00e9liorer les parcours de soins \ud83e\udd13.\n<h2>L\u2019avenir du cannabis m\u00e9dical au Danemark \ud83d\udd2e<\/h2>\nLa l\u00e9galisation ne doit pas \u00eatre v\u00e9cue comme un point final, mais comme le d\u00e9but d\u2019une nouvelle \u00e8re. Le Danemark a pos\u00e9 les fondations d\u2019un syst\u00e8me plus juste, plus efficace et plus humain, o\u00f9 le cannabis n\u2019est plus diabolis\u00e9 mais valoris\u00e9 pour son potentiel th\u00e9rapeutique. Il reste cependant n\u00e9cessaire de continuer \u00e0 former les m\u00e9decins, d\u2019investir dans la recherche, et de veiller \u00e0 ce que l\u2019acc\u00e8s reste constant, \u00e9thique et contr\u00f4l\u00e9. Dans les ann\u00e9es \u00e0 venir, il ne fait aucun doute que le cannabis m\u00e9dical occupera une place de plus en plus centrale dans le paysage th\u00e9rapeutique europ\u00e9en \ud83c\udf1f.\n<h2>Vers une meilleure reconnaissance des soins alternatifs \ud83e\uddd8\u200d\u2640\ufe0f<\/h2>\nCette ouverture vers le cannabis m\u00e9dical illustre une tendance plus large : celle d\u2019une m\u00e9decine int\u00e9grative, plus ouverte aux traitements naturels, personnalis\u00e9s et adapt\u00e9s aux besoins r\u00e9els des patients. En traitant le cannabis comme un m\u00e9dicament \u00e0 part enti\u00e8re, le Danemark reconna\u00eet qu\u2019il est possible de conjuguer innovation et tradition, plante et science, nature et efficacit\u00e9. Et si cette victoire l\u00e9gislative marquait le d\u00e9but d\u2019un repositionnement global de notre rapport \u00e0 la sant\u00e9 ? \ud83c\udf08\n<h2>Le Danemark, catalyseur d\u2019un changement global \ud83d\udd01<\/h2>\nEn tournant d\u00e9finitivement la page de l\u2019exp\u00e9rimentation, le pays envoie un message fort \u00e0 la communaut\u00e9 internationale : le cannabis m\u00e9dical n\u2019est ni une mode, ni une exception, mais une r\u00e9alit\u00e9 m\u00e9dicale incontournable. Avec ce nouveau cadre l\u00e9gislatif, le Danemark devient un chef de file europ\u00e9en dans le traitement par cannabino\u00efdes, et ouvre la voie \u00e0 une prise en charge plus humaine, centr\u00e9e sur l\u2019\u00e9coute, la science et le bien-\u00eatre. Si tu es patient, professionnel ou simplement curieux, cette d\u00e9cision t\u2019inspire peut-\u00eatre \u00e0 repenser ton rapport \u00e0 la sant\u00e9. Et si c\u2019\u00e9tait le moment de regarder diff\u00e9remment cette plante ancestrale ? \ud83c\udf43 <a href=\"https:\/\/gardenz.fr\/news\">Tu veux continuer ta lecture ? D\u00e9couvre d&rsquo;autres articles en cliquant ici.<\/a><\/div>\n\n<div class=\"wp-block-group is-layout-constrained wp-block-group-is-layout-constrained\">\n<div class=\"wp-block-columns is-layout-flex wp-container-core-columns-is-layout-28f84493 wp-block-columns-is-layout-flex\">\n<div class=\"wp-block-column is-layout-flow wp-block-column-is-layout-flow\" style=\"flex-basis:20%\">\n<figure class=\"wp-block-image size-full\"><a href=\"https:\/\/www.gardenz.fr\/3-fleur-de-chanvre-cbd\"><img fetchpriority=\"high\" decoding=\"async\" width=\"424\" height=\"600\" src=\"https:\/\/www.gardenz.fr\/news\/wp-content\/uploads\/2025\/03\/FLEUR-DE-CHANVRE-CBD.webp\" alt=\"FLEUR-DE-CHANVRE-CBD\" class=\"wp-image-17519\" srcset=\"https:\/\/www.gardenz.fr\/news\/wp-content\/uploads\/2025\/03\/FLEUR-DE-CHANVRE-CBD.webp 424w, https:\/\/www.gardenz.fr\/news\/wp-content\/uploads\/2025\/03\/FLEUR-DE-CHANVRE-CBD-212x300.webp 212w\" sizes=\"(max-width: 424px) 100vw, 424px\" \/><\/a><\/figure>\n<\/div>\n\n\n\n<div class=\"wp-block-column is-layout-flow wp-block-column-is-layout-flow\" style=\"flex-basis:20%\">\n<figure class=\"wp-block-image size-full\"><a href=\"https:\/\/www.gardenz.fr\/6--resine-cbd\"><img decoding=\"async\" width=\"424\" height=\"600\" src=\"https:\/\/www.gardenz.fr\/news\/wp-content\/uploads\/2025\/03\/RESINE-CBD.webp\" alt=\"R\u00c9SINE-CBD\" class=\"wp-image-17515\" srcset=\"https:\/\/www.gardenz.fr\/news\/wp-content\/uploads\/2025\/03\/RESINE-CBD.webp 424w, https:\/\/www.gardenz.fr\/news\/wp-content\/uploads\/2025\/03\/RESINE-CBD-212x300.webp 212w\" sizes=\"(max-width: 424px) 100vw, 424px\" \/><\/a><\/figure>\n<\/div>\n\n\n\n<div class=\"wp-block-column is-layout-flow wp-block-column-is-layout-flow\" style=\"flex-basis:20%\">\n<figure class=\"wp-block-image size-full\"><a href=\"https:\/\/www.gardenz.fr\/511--weed-psycho\"><img decoding=\"async\" width=\"424\" height=\"600\" src=\"https:\/\/www.gardenz.fr\/news\/wp-content\/uploads\/2025\/03\/PSYCHOACTIFS.webp\" alt=\"PSYCHOACTIFS\" class=\"wp-image-17517\" srcset=\"https:\/\/www.gardenz.fr\/news\/wp-content\/uploads\/2025\/03\/PSYCHOACTIFS.webp 424w, https:\/\/www.gardenz.fr\/news\/wp-content\/uploads\/2025\/03\/PSYCHOACTIFS-212x300.webp 212w\" sizes=\"(max-width: 424px) 100vw, 424px\" \/><\/a><\/figure>\n<\/div>\n\n\n\n<div class=\"wp-block-column is-layout-flow wp-block-column-is-layout-flow\" style=\"flex-basis:20%\">\n<figure class=\"wp-block-image size-full\"><a href=\"https:\/\/www.gardenz.fr\/562--accessoires-weed\"><img loading=\"lazy\" decoding=\"async\" width=\"424\" height=\"600\" src=\"https:\/\/www.gardenz.fr\/news\/wp-content\/uploads\/2025\/03\/ACCESSOIRED.webp\" alt=\"\" class=\"wp-image-17520\" srcset=\"https:\/\/www.gardenz.fr\/news\/wp-content\/uploads\/2025\/03\/ACCESSOIRED.webp 424w, https:\/\/www.gardenz.fr\/news\/wp-content\/uploads\/2025\/03\/ACCESSOIRED-212x300.webp 212w\" sizes=\"(max-width: 424px) 100vw, 424px\" \/><\/a><\/figure>\n<\/div>\n\n\n\n<div class=\"wp-block-column is-layout-flow wp-block-column-is-layout-flow\" style=\"flex-basis:20%\">\n<figure class=\"wp-block-image size-full\"><a href=\"https:\/\/www.gardenz.fr\/284--vaporisateur-weed\"><img loading=\"lazy\" decoding=\"async\" width=\"424\" height=\"600\" src=\"https:\/\/www.gardenz.fr\/news\/wp-content\/uploads\/2025\/03\/VAPORISATEUR-WEED.webp\" alt=\"VAPORISATEUR-WEED\" class=\"wp-image-17514\" srcset=\"https:\/\/www.gardenz.fr\/news\/wp-content\/uploads\/2025\/03\/VAPORISATEUR-WEED.webp 424w, https:\/\/www.gardenz.fr\/news\/wp-content\/uploads\/2025\/03\/VAPORISATEUR-WEED-212x300.webp 212w\" sizes=\"(max-width: 424px) 100vw, 424px\" \/><\/a><\/figure>\n<\/div>\n<\/div>\n<\/div>\n\t\t\t\t\t\t\t\t<\/div>\n\t\t\t\t<\/div>\n\t\t\t\t\t<\/div>\n\t\t<\/div>\n\t\t\t\t\t<\/div>\n\t\t<\/section>\n\t\t\t\t<\/div>\n\t\t","protected":false},"excerpt":{"rendered":"<p>Une avanc\u00e9e majeure pour les patients danois \ud83c\udf3f Apr\u00e8s sept ann\u00e9es d\u2019exp\u00e9rimentation, le gouvernement danois franchit enfin une \u00e9tape d\u00e9cisive en inscrivant le cannabis m\u00e9dical dans son syst\u00e8me de sant\u00e9 national. Cette d\u00e9cision repr\u00e9sente bien plus qu\u2019une simple r\u00e9forme r\u00e9glementaire : elle offre une reconnaissance officielle des bienfaits du cannabis th\u00e9rapeutique et apporte un signal [&hellip;]<\/p>\n","protected":false},"author":18,"featured_media":18294,"comment_status":"closed","ping_status":"","sticky":false,"template":"","format":"standard","meta":{"site-sidebar-layout":"default","site-content-layout":"","ast-site-content-layout":"default","site-content-style":"default","site-sidebar-style":"default","ast-global-header-display":"","ast-banner-title-visibility":"","ast-main-header-display":"","ast-hfb-above-header-display":"","ast-hfb-below-header-display":"","ast-hfb-mobile-header-display":"","site-post-title":"","ast-breadcrumbs-content":"","ast-featured-img":"","footer-sml-layout":"","ast-disable-related-posts":"","theme-transparent-header-meta":"","adv-header-id-meta":"","stick-header-meta":"","header-above-stick-meta":"","header-main-stick-meta":"","header-below-stick-meta":"","astra-migrate-meta-layouts":"default","ast-page-background-enabled":"default","ast-page-background-meta":{"desktop":{"background-color":"var(--ast-global-color-4)","background-image":"","background-repeat":"repeat","background-position":"center center","background-size":"auto","background-attachment":"scroll","background-type":"","background-media":"","overlay-type":"","overlay-color":"","overlay-opacity":"","overlay-gradient":""},"tablet":{"background-color":"","background-image":"","background-repeat":"repeat","background-position":"center center","background-size":"auto","background-attachment":"scroll","background-type":"","background-media":"","overlay-type":"","overlay-color":"","overlay-opacity":"","overlay-gradient":""},"mobile":{"background-color":"","background-image":"","background-repeat":"repeat","background-position":"center center","background-size":"auto","background-attachment":"scroll","background-type":"","background-media":"","overlay-type":"","overlay-color":"","overlay-opacity":"","overlay-gradient":""}},"ast-content-background-meta":{"desktop":{"background-color":"var(--ast-global-color-5)","background-image":"","background-repeat":"repeat","background-position":"center center","background-size":"auto","background-attachment":"scroll","background-type":"","background-media":"","overlay-type":"","overlay-color":"","overlay-opacity":"","overlay-gradient":""},"tablet":{"background-color":"var(--ast-global-color-5)","background-image":"","background-repeat":"repeat","background-position":"center center","background-size":"auto","background-attachment":"scroll","background-type":"","background-media":"","overlay-type":"","overlay-color":"","overlay-opacity":"","overlay-gradient":""},"mobile":{"background-color":"var(--ast-global-color-5)","background-image":"","background-repeat":"repeat","background-position":"center center","background-size":"auto","background-attachment":"scroll","background-type":"","background-media":"","overlay-type":"","overlay-color":"","overlay-opacity":"","overlay-gradient":""}},"footnotes":""},"categories":[1],"tags":[],"class_list":["post-18295","post","type-post","status-publish","format-standard","has-post-thumbnail","hentry","category-non-classe"],"yoast_head":"<!-- This site is optimized with the Yoast SEO plugin v27.5 - https:\/\/yoast.com\/product\/yoast-seo-wordpress\/ -->\n<title>\ud83c\udf3f Danemark: l\u00e9galisation d\u00e9finitive du cannabis m\u00e9dical apr\u00e8s 7 ans de test<\/title>\n<meta name=\"description\" content=\"\ud83c\udf3f Le Danemark l\u00e9galise enfin le cannabis m\u00e9dical apr\u00e8s 7 ans de test. D\u00e9couvrez les implications de cette d\u00e9cision pour les patients et la soci\u00e9t\u00e9.\" \/>\n<meta name=\"robots\" content=\"index, follow, max-snippet:-1, max-image-preview:large, max-video-preview:-1\" \/>\n<link rel=\"canonical\" href=\"https:\/\/www.gardenz.fr\/news\/2025\/05\/10\/le-danemark-legalise-definitivement-le-cannabis-medical-apres-7-ans-de-test\/\" \/>\n<meta property=\"og:locale\" content=\"fr_FR\" \/>\n<meta property=\"og:type\" content=\"article\" \/>\n<meta property=\"og:title\" content=\"\ud83c\udf3f Danemark: l\u00e9galisation d\u00e9finitive du cannabis m\u00e9dical apr\u00e8s 7 ans de test\" \/>\n<meta property=\"og:description\" content=\"\ud83c\udf3f Le Danemark l\u00e9galise enfin le cannabis m\u00e9dical apr\u00e8s 7 ans de test. D\u00e9couvrez les implications de cette d\u00e9cision pour les patients et la soci\u00e9t\u00e9.\" \/>\n<meta property=\"og:url\" content=\"https:\/\/www.gardenz.fr\/news\/2025\/05\/10\/le-danemark-legalise-definitivement-le-cannabis-medical-apres-7-ans-de-test\/\" \/>\n<meta property=\"og:site_name\" content=\"Le Blog de Gardenz\" \/>\n<meta property=\"article:published_time\" content=\"2025-05-10T09:21:21+00:00\" \/>\n<meta property=\"article:modified_time\" content=\"2025-07-22T13:45:28+00:00\" \/>\n<meta property=\"og:image\" content=\"https:\/\/www.gardenz.fr\/news\/wp-content\/uploads\/2025\/05\/Le-Danemark-legalise-definitivement-le-cannabis-medical-apres-7-ans-de-testsanitize-2025-05-10T092119.635Z.jpg\" \/>\n\t<meta property=\"og:image:width\" content=\"900\" \/>\n\t<meta property=\"og:image:height\" content=\"250\" \/>\n\t<meta property=\"og:image:type\" content=\"image\/jpeg\" \/>\n<meta name=\"author\" content=\"Idan Melicio\" \/>\n<meta name=\"twitter:card\" content=\"summary_large_image\" \/>\n<meta name=\"twitter:label1\" content=\"\u00c9crit par\" \/>\n\t<meta name=\"twitter:data1\" content=\"Idan Melicio\" \/>\n\t<meta name=\"twitter:label2\" content=\"Dur\u00e9e de lecture estim\u00e9e\" \/>\n\t<meta name=\"twitter:data2\" content=\"9 minutes\" \/>\n<script type=\"application\/ld+json\" class=\"yoast-schema-graph\">{\"@context\":\"https:\\\/\\\/schema.org\",\"@graph\":[{\"@type\":\"Article\",\"@id\":\"https:\\\/\\\/www.gardenz.fr\\\/news\\\/2025\\\/05\\\/10\\\/le-danemark-legalise-definitivement-le-cannabis-medical-apres-7-ans-de-test\\\/#article\",\"isPartOf\":{\"@id\":\"https:\\\/\\\/www.gardenz.fr\\\/news\\\/2025\\\/05\\\/10\\\/le-danemark-legalise-definitivement-le-cannabis-medical-apres-7-ans-de-test\\\/\"},\"author\":{\"name\":\"Idan Melicio\",\"@id\":\"https:\\\/\\\/www.gardenz.fr\\\/news\\\/#\\\/schema\\\/person\\\/4c29b13eadec7d3b7f81d3dc8253aa72\"},\"headline\":\"Le Danemark l\u00e9galise d\u00e9finitivement le cannabis m\u00e9dical apr\u00e8s 7 ans de test\",\"datePublished\":\"2025-05-10T09:21:21+00:00\",\"dateModified\":\"2025-07-22T13:45:28+00:00\",\"mainEntityOfPage\":{\"@id\":\"https:\\\/\\\/www.gardenz.fr\\\/news\\\/2025\\\/05\\\/10\\\/le-danemark-legalise-definitivement-le-cannabis-medical-apres-7-ans-de-test\\\/\"},\"wordCount\":1083,\"publisher\":{\"@id\":\"https:\\\/\\\/www.gardenz.fr\\\/news\\\/#organization\"},\"image\":{\"@id\":\"https:\\\/\\\/www.gardenz.fr\\\/news\\\/2025\\\/05\\\/10\\\/le-danemark-legalise-definitivement-le-cannabis-medical-apres-7-ans-de-test\\\/#primaryimage\"},\"thumbnailUrl\":\"https:\\\/\\\/www.gardenz.fr\\\/news\\\/wp-content\\\/uploads\\\/2025\\\/05\\\/Le-Danemark-legalise-definitivement-le-cannabis-medical-apres-7-ans-de-testsanitize-2025-05-10T092119.635Z.jpg\",\"articleSection\":[\"GENERAL\"],\"inLanguage\":\"fr-FR\"},{\"@type\":\"WebPage\",\"@id\":\"https:\\\/\\\/www.gardenz.fr\\\/news\\\/2025\\\/05\\\/10\\\/le-danemark-legalise-definitivement-le-cannabis-medical-apres-7-ans-de-test\\\/\",\"url\":\"https:\\\/\\\/www.gardenz.fr\\\/news\\\/2025\\\/05\\\/10\\\/le-danemark-legalise-definitivement-le-cannabis-medical-apres-7-ans-de-test\\\/\",\"name\":\"\ud83c\udf3f Danemark: l\u00e9galisation d\u00e9finitive du cannabis m\u00e9dical apr\u00e8s 7 ans de test\",\"isPartOf\":{\"@id\":\"https:\\\/\\\/www.gardenz.fr\\\/news\\\/#website\"},\"primaryImageOfPage\":{\"@id\":\"https:\\\/\\\/www.gardenz.fr\\\/news\\\/2025\\\/05\\\/10\\\/le-danemark-legalise-definitivement-le-cannabis-medical-apres-7-ans-de-test\\\/#primaryimage\"},\"image\":{\"@id\":\"https:\\\/\\\/www.gardenz.fr\\\/news\\\/2025\\\/05\\\/10\\\/le-danemark-legalise-definitivement-le-cannabis-medical-apres-7-ans-de-test\\\/#primaryimage\"},\"thumbnailUrl\":\"https:\\\/\\\/www.gardenz.fr\\\/news\\\/wp-content\\\/uploads\\\/2025\\\/05\\\/Le-Danemark-legalise-definitivement-le-cannabis-medical-apres-7-ans-de-testsanitize-2025-05-10T092119.635Z.jpg\",\"datePublished\":\"2025-05-10T09:21:21+00:00\",\"dateModified\":\"2025-07-22T13:45:28+00:00\",\"description\":\"\ud83c\udf3f Le Danemark l\u00e9galise enfin le cannabis m\u00e9dical apr\u00e8s 7 ans de test. D\u00e9couvrez les implications de cette d\u00e9cision pour les patients et la soci\u00e9t\u00e9.\",\"breadcrumb\":{\"@id\":\"https:\\\/\\\/www.gardenz.fr\\\/news\\\/2025\\\/05\\\/10\\\/le-danemark-legalise-definitivement-le-cannabis-medical-apres-7-ans-de-test\\\/#breadcrumb\"},\"inLanguage\":\"fr-FR\",\"potentialAction\":[{\"@type\":\"ReadAction\",\"target\":[\"https:\\\/\\\/www.gardenz.fr\\\/news\\\/2025\\\/05\\\/10\\\/le-danemark-legalise-definitivement-le-cannabis-medical-apres-7-ans-de-test\\\/\"]}]},{\"@type\":\"ImageObject\",\"inLanguage\":\"fr-FR\",\"@id\":\"https:\\\/\\\/www.gardenz.fr\\\/news\\\/2025\\\/05\\\/10\\\/le-danemark-legalise-definitivement-le-cannabis-medical-apres-7-ans-de-test\\\/#primaryimage\",\"url\":\"https:\\\/\\\/www.gardenz.fr\\\/news\\\/wp-content\\\/uploads\\\/2025\\\/05\\\/Le-Danemark-legalise-definitivement-le-cannabis-medical-apres-7-ans-de-testsanitize-2025-05-10T092119.635Z.jpg\",\"contentUrl\":\"https:\\\/\\\/www.gardenz.fr\\\/news\\\/wp-content\\\/uploads\\\/2025\\\/05\\\/Le-Danemark-legalise-definitivement-le-cannabis-medical-apres-7-ans-de-testsanitize-2025-05-10T092119.635Z.jpg\",\"width\":900,\"height\":250,\"caption\":\"Le Danemark l\u00e9galise d\u00e9finitivement le cannabis m\u00e9dical apr\u00e8s 7 ans de test\"},{\"@type\":\"BreadcrumbList\",\"@id\":\"https:\\\/\\\/www.gardenz.fr\\\/news\\\/2025\\\/05\\\/10\\\/le-danemark-legalise-definitivement-le-cannabis-medical-apres-7-ans-de-test\\\/#breadcrumb\",\"itemListElement\":[{\"@type\":\"ListItem\",\"position\":1,\"name\":\"Accueil\",\"item\":\"https:\\\/\\\/www.gardenz.fr\\\/news\\\/\"},{\"@type\":\"ListItem\",\"position\":2,\"name\":\"Le Danemark l\u00e9galise d\u00e9finitivement le cannabis m\u00e9dical apr\u00e8s 7 ans de test\"}]},{\"@type\":\"WebSite\",\"@id\":\"https:\\\/\\\/www.gardenz.fr\\\/news\\\/#website\",\"url\":\"https:\\\/\\\/www.gardenz.fr\\\/news\\\/\",\"name\":\"Le Blog de Gardenz\",\"description\":\"Best quality CBD\",\"publisher\":{\"@id\":\"https:\\\/\\\/www.gardenz.fr\\\/news\\\/#organization\"},\"potentialAction\":[{\"@type\":\"SearchAction\",\"target\":{\"@type\":\"EntryPoint\",\"urlTemplate\":\"https:\\\/\\\/www.gardenz.fr\\\/news\\\/?s={search_term_string}\"},\"query-input\":{\"@type\":\"PropertyValueSpecification\",\"valueRequired\":true,\"valueName\":\"search_term_string\"}}],\"inLanguage\":\"fr-FR\"},{\"@type\":\"Organization\",\"@id\":\"https:\\\/\\\/www.gardenz.fr\\\/news\\\/#organization\",\"name\":\"Le Blog de Gardenz\",\"url\":\"https:\\\/\\\/www.gardenz.fr\\\/news\\\/\",\"logo\":{\"@type\":\"ImageObject\",\"inLanguage\":\"fr-FR\",\"@id\":\"https:\\\/\\\/www.gardenz.fr\\\/news\\\/#\\\/schema\\\/logo\\\/image\\\/\",\"url\":\"https:\\\/\\\/www.gardenz.fr\\\/news\\\/wp-content\\\/uploads\\\/2022\\\/06\\\/logo-gardenz-feuille-blanc-final.png\",\"contentUrl\":\"https:\\\/\\\/www.gardenz.fr\\\/news\\\/wp-content\\\/uploads\\\/2022\\\/06\\\/logo-gardenz-feuille-blanc-final.png\",\"width\":459,\"height\":200,\"caption\":\"Le Blog de Gardenz\"},\"image\":{\"@id\":\"https:\\\/\\\/www.gardenz.fr\\\/news\\\/#\\\/schema\\\/logo\\\/image\\\/\"}},{\"@type\":\"Person\",\"@id\":\"https:\\\/\\\/www.gardenz.fr\\\/news\\\/#\\\/schema\\\/person\\\/4c29b13eadec7d3b7f81d3dc8253aa72\",\"name\":\"Idan Melicio\",\"image\":{\"@type\":\"ImageObject\",\"inLanguage\":\"fr-FR\",\"@id\":\"https:\\\/\\\/secure.gravatar.com\\\/avatar\\\/a4fed9bf268062e3c5884e1b9288f4a54517dd9041d8c562678849f7f1c1eb43?s=96&d=mm&r=g\",\"url\":\"https:\\\/\\\/secure.gravatar.com\\\/avatar\\\/a4fed9bf268062e3c5884e1b9288f4a54517dd9041d8c562678849f7f1c1eb43?s=96&d=mm&r=g\",\"contentUrl\":\"https:\\\/\\\/secure.gravatar.com\\\/avatar\\\/a4fed9bf268062e3c5884e1b9288f4a54517dd9041d8c562678849f7f1c1eb43?s=96&d=mm&r=g\",\"caption\":\"Idan Melicio\"},\"url\":\"https:\\\/\\\/www.gardenz.fr\\\/news\\\/author\\\/idan-milecio\\\/\"}]}<\/script>\n<!-- \/ Yoast SEO plugin. -->","yoast_head_json":{"title":"\ud83c\udf3f Danemark: l\u00e9galisation d\u00e9finitive du cannabis m\u00e9dical apr\u00e8s 7 ans de test","description":"\ud83c\udf3f Le Danemark l\u00e9galise enfin le cannabis m\u00e9dical apr\u00e8s 7 ans de test. D\u00e9couvrez les implications de cette d\u00e9cision pour les patients et la soci\u00e9t\u00e9.","robots":{"index":"index","follow":"follow","max-snippet":"max-snippet:-1","max-image-preview":"max-image-preview:large","max-video-preview":"max-video-preview:-1"},"canonical":"https:\/\/www.gardenz.fr\/news\/2025\/05\/10\/le-danemark-legalise-definitivement-le-cannabis-medical-apres-7-ans-de-test\/","og_locale":"fr_FR","og_type":"article","og_title":"\ud83c\udf3f Danemark: l\u00e9galisation d\u00e9finitive du cannabis m\u00e9dical apr\u00e8s 7 ans de test","og_description":"\ud83c\udf3f Le Danemark l\u00e9galise enfin le cannabis m\u00e9dical apr\u00e8s 7 ans de test. D\u00e9couvrez les implications de cette d\u00e9cision pour les patients et la soci\u00e9t\u00e9.","og_url":"https:\/\/www.gardenz.fr\/news\/2025\/05\/10\/le-danemark-legalise-definitivement-le-cannabis-medical-apres-7-ans-de-test\/","og_site_name":"Le Blog de Gardenz","article_published_time":"2025-05-10T09:21:21+00:00","article_modified_time":"2025-07-22T13:45:28+00:00","og_image":[{"width":900,"height":250,"url":"https:\/\/www.gardenz.fr\/news\/wp-content\/uploads\/2025\/05\/Le-Danemark-legalise-definitivement-le-cannabis-medical-apres-7-ans-de-testsanitize-2025-05-10T092119.635Z.jpg","type":"image\/jpeg"}],"author":"Idan Melicio","twitter_card":"summary_large_image","twitter_misc":{"\u00c9crit par":"Idan Melicio","Dur\u00e9e de lecture estim\u00e9e":"9 minutes"},"schema":{"@context":"https:\/\/schema.org","@graph":[{"@type":"Article","@id":"https:\/\/www.gardenz.fr\/news\/2025\/05\/10\/le-danemark-legalise-definitivement-le-cannabis-medical-apres-7-ans-de-test\/#article","isPartOf":{"@id":"https:\/\/www.gardenz.fr\/news\/2025\/05\/10\/le-danemark-legalise-definitivement-le-cannabis-medical-apres-7-ans-de-test\/"},"author":{"name":"Idan Melicio","@id":"https:\/\/www.gardenz.fr\/news\/#\/schema\/person\/4c29b13eadec7d3b7f81d3dc8253aa72"},"headline":"Le Danemark l\u00e9galise d\u00e9finitivement le cannabis m\u00e9dical apr\u00e8s 7 ans de test","datePublished":"2025-05-10T09:21:21+00:00","dateModified":"2025-07-22T13:45:28+00:00","mainEntityOfPage":{"@id":"https:\/\/www.gardenz.fr\/news\/2025\/05\/10\/le-danemark-legalise-definitivement-le-cannabis-medical-apres-7-ans-de-test\/"},"wordCount":1083,"publisher":{"@id":"https:\/\/www.gardenz.fr\/news\/#organization"},"image":{"@id":"https:\/\/www.gardenz.fr\/news\/2025\/05\/10\/le-danemark-legalise-definitivement-le-cannabis-medical-apres-7-ans-de-test\/#primaryimage"},"thumbnailUrl":"https:\/\/www.gardenz.fr\/news\/wp-content\/uploads\/2025\/05\/Le-Danemark-legalise-definitivement-le-cannabis-medical-apres-7-ans-de-testsanitize-2025-05-10T092119.635Z.jpg","articleSection":["GENERAL"],"inLanguage":"fr-FR"},{"@type":"WebPage","@id":"https:\/\/www.gardenz.fr\/news\/2025\/05\/10\/le-danemark-legalise-definitivement-le-cannabis-medical-apres-7-ans-de-test\/","url":"https:\/\/www.gardenz.fr\/news\/2025\/05\/10\/le-danemark-legalise-definitivement-le-cannabis-medical-apres-7-ans-de-test\/","name":"\ud83c\udf3f Danemark: l\u00e9galisation d\u00e9finitive du cannabis m\u00e9dical apr\u00e8s 7 ans de test","isPartOf":{"@id":"https:\/\/www.gardenz.fr\/news\/#website"},"primaryImageOfPage":{"@id":"https:\/\/www.gardenz.fr\/news\/2025\/05\/10\/le-danemark-legalise-definitivement-le-cannabis-medical-apres-7-ans-de-test\/#primaryimage"},"image":{"@id":"https:\/\/www.gardenz.fr\/news\/2025\/05\/10\/le-danemark-legalise-definitivement-le-cannabis-medical-apres-7-ans-de-test\/#primaryimage"},"thumbnailUrl":"https:\/\/www.gardenz.fr\/news\/wp-content\/uploads\/2025\/05\/Le-Danemark-legalise-definitivement-le-cannabis-medical-apres-7-ans-de-testsanitize-2025-05-10T092119.635Z.jpg","datePublished":"2025-05-10T09:21:21+00:00","dateModified":"2025-07-22T13:45:28+00:00","description":"\ud83c\udf3f Le Danemark l\u00e9galise enfin le cannabis m\u00e9dical apr\u00e8s 7 ans de test. D\u00e9couvrez les implications de cette d\u00e9cision pour les patients et la soci\u00e9t\u00e9.","breadcrumb":{"@id":"https:\/\/www.gardenz.fr\/news\/2025\/05\/10\/le-danemark-legalise-definitivement-le-cannabis-medical-apres-7-ans-de-test\/#breadcrumb"},"inLanguage":"fr-FR","potentialAction":[{"@type":"ReadAction","target":["https:\/\/www.gardenz.fr\/news\/2025\/05\/10\/le-danemark-legalise-definitivement-le-cannabis-medical-apres-7-ans-de-test\/"]}]},{"@type":"ImageObject","inLanguage":"fr-FR","@id":"https:\/\/www.gardenz.fr\/news\/2025\/05\/10\/le-danemark-legalise-definitivement-le-cannabis-medical-apres-7-ans-de-test\/#primaryimage","url":"https:\/\/www.gardenz.fr\/news\/wp-content\/uploads\/2025\/05\/Le-Danemark-legalise-definitivement-le-cannabis-medical-apres-7-ans-de-testsanitize-2025-05-10T092119.635Z.jpg","contentUrl":"https:\/\/www.gardenz.fr\/news\/wp-content\/uploads\/2025\/05\/Le-Danemark-legalise-definitivement-le-cannabis-medical-apres-7-ans-de-testsanitize-2025-05-10T092119.635Z.jpg","width":900,"height":250,"caption":"Le Danemark l\u00e9galise d\u00e9finitivement le cannabis m\u00e9dical apr\u00e8s 7 ans de test"},{"@type":"BreadcrumbList","@id":"https:\/\/www.gardenz.fr\/news\/2025\/05\/10\/le-danemark-legalise-definitivement-le-cannabis-medical-apres-7-ans-de-test\/#breadcrumb","itemListElement":[{"@type":"ListItem","position":1,"name":"Accueil","item":"https:\/\/www.gardenz.fr\/news\/"},{"@type":"ListItem","position":2,"name":"Le Danemark l\u00e9galise d\u00e9finitivement le cannabis m\u00e9dical apr\u00e8s 7 ans de test"}]},{"@type":"WebSite","@id":"https:\/\/www.gardenz.fr\/news\/#website","url":"https:\/\/www.gardenz.fr\/news\/","name":"Le Blog de Gardenz","description":"Best quality CBD","publisher":{"@id":"https:\/\/www.gardenz.fr\/news\/#organization"},"potentialAction":[{"@type":"SearchAction","target":{"@type":"EntryPoint","urlTemplate":"https:\/\/www.gardenz.fr\/news\/?s={search_term_string}"},"query-input":{"@type":"PropertyValueSpecification","valueRequired":true,"valueName":"search_term_string"}}],"inLanguage":"fr-FR"},{"@type":"Organization","@id":"https:\/\/www.gardenz.fr\/news\/#organization","name":"Le Blog de Gardenz","url":"https:\/\/www.gardenz.fr\/news\/","logo":{"@type":"ImageObject","inLanguage":"fr-FR","@id":"https:\/\/www.gardenz.fr\/news\/#\/schema\/logo\/image\/","url":"https:\/\/www.gardenz.fr\/news\/wp-content\/uploads\/2022\/06\/logo-gardenz-feuille-blanc-final.png","contentUrl":"https:\/\/www.gardenz.fr\/news\/wp-content\/uploads\/2022\/06\/logo-gardenz-feuille-blanc-final.png","width":459,"height":200,"caption":"Le Blog de Gardenz"},"image":{"@id":"https:\/\/www.gardenz.fr\/news\/#\/schema\/logo\/image\/"}},{"@type":"Person","@id":"https:\/\/www.gardenz.fr\/news\/#\/schema\/person\/4c29b13eadec7d3b7f81d3dc8253aa72","name":"Idan Melicio","image":{"@type":"ImageObject","inLanguage":"fr-FR","@id":"https:\/\/secure.gravatar.com\/avatar\/a4fed9bf268062e3c5884e1b9288f4a54517dd9041d8c562678849f7f1c1eb43?s=96&d=mm&r=g","url":"https:\/\/secure.gravatar.com\/avatar\/a4fed9bf268062e3c5884e1b9288f4a54517dd9041d8c562678849f7f1c1eb43?s=96&d=mm&r=g","contentUrl":"https:\/\/secure.gravatar.com\/avatar\/a4fed9bf268062e3c5884e1b9288f4a54517dd9041d8c562678849f7f1c1eb43?s=96&d=mm&r=g","caption":"Idan Melicio"},"url":"https:\/\/www.gardenz.fr\/news\/author\/idan-milecio\/"}]}},"_links":{"self":[{"href":"https:\/\/www.gardenz.fr\/news\/wp-json\/wp\/v2\/posts\/18295","targetHints":{"allow":["GET"]}}],"collection":[{"href":"https:\/\/www.gardenz.fr\/news\/wp-json\/wp\/v2\/posts"}],"about":[{"href":"https:\/\/www.gardenz.fr\/news\/wp-json\/wp\/v2\/types\/post"}],"author":[{"embeddable":true,"href":"https:\/\/www.gardenz.fr\/news\/wp-json\/wp\/v2\/users\/18"}],"replies":[{"embeddable":true,"href":"https:\/\/www.gardenz.fr\/news\/wp-json\/wp\/v2\/comments?post=18295"}],"version-history":[{"count":3,"href":"https:\/\/www.gardenz.fr\/news\/wp-json\/wp\/v2\/posts\/18295\/revisions"}],"predecessor-version":[{"id":18865,"href":"https:\/\/www.gardenz.fr\/news\/wp-json\/wp\/v2\/posts\/18295\/revisions\/18865"}],"wp:featuredmedia":[{"embeddable":true,"href":"https:\/\/www.gardenz.fr\/news\/wp-json\/wp\/v2\/media\/18294"}],"wp:attachment":[{"href":"https:\/\/www.gardenz.fr\/news\/wp-json\/wp\/v2\/media?parent=18295"}],"wp:term":[{"taxonomy":"category","embeddable":true,"href":"https:\/\/www.gardenz.fr\/news\/wp-json\/wp\/v2\/categories?post=18295"},{"taxonomy":"post_tag","embeddable":true,"href":"https:\/\/www.gardenz.fr\/news\/wp-json\/wp\/v2\/tags?post=18295"}],"curies":[{"name":"wp","href":"https:\/\/api.w.org\/{rel}","templated":true}]}}