{"id":18297,"date":"2025-05-12T11:21:06","date_gmt":"2025-05-12T09:21:06","guid":{"rendered":"https:\/\/www.gardenz.fr\/news\/2025\/05\/12\/lagence-indonesienne-des-stupefiants-etudie-la-legalisation-du-cannabis-medical\/"},"modified":"2025-07-22T15:21:47","modified_gmt":"2025-07-22T13:21:47","slug":"lagence-indonesienne-des-stupefiants-etudie-la-legalisation-du-cannabis-medical","status":"publish","type":"post","link":"https:\/\/www.gardenz.fr\/news\/2025\/05\/12\/lagence-indonesienne-des-stupefiants-etudie-la-legalisation-du-cannabis-medical\/","title":{"rendered":"L&rsquo;agence indon\u00e9sienne des stup\u00e9fiants \u00e9tudie la l\u00e9galisation du cannabis m\u00e9dical"},"content":{"rendered":"\t\t<div data-elementor-type=\"wp-post\" data-elementor-id=\"18297\" class=\"elementor elementor-18297\">\n\t\t\t\t\t\t<section class=\"elementor-section elementor-top-section elementor-element elementor-element-1dd09b2c elementor-section-boxed elementor-section-height-default elementor-section-height-default\" data-id=\"1dd09b2c\" data-element_type=\"section\" data-e-type=\"section\">\n\t\t\t\t\t\t<div class=\"elementor-container elementor-column-gap-default\">\n\t\t\t\t\t<div class=\"elementor-column elementor-col-100 elementor-top-column elementor-element elementor-element-725f0159\" data-id=\"725f0159\" data-element_type=\"column\" data-e-type=\"column\">\n\t\t\t<div class=\"elementor-widget-wrap elementor-element-populated\">\n\t\t\t\t\t\t<div class=\"elementor-element elementor-element-604e86ee elementor-widget elementor-widget-text-editor\" data-id=\"604e86ee\" data-element_type=\"widget\" data-e-type=\"widget\" data-widget_type=\"text-editor.default\">\n\t\t\t\t<div class=\"elementor-widget-container\">\n\t\t\t\t\t\t\t\t\t<div style=\"margin-left: 10%; margin-right: 10%;\">\n<h2>L\u2019indon\u00e9sie face \u00e0 un tournant sanitaire majeur \ud83c\udf31<\/h2>\nLa d\u00e9cision de l\u2019Agence nationale des stup\u00e9fiants d\u2019Indon\u00e9sie (BNN) de lancer une \u00e9tude sur le <a href=\"https:\/\/www.gardenz.fr\/310--delta-9-thc\">cannabis<\/a> m\u00e9dical marque un changement de cap historique pour l\u2019un des pays les plus stricts du monde concernant les drogues. Toi qui t\u2019int\u00e9resses \u00e0 l\u2019\u00e9volution des politiques sur le cannabis, tu sais \u00e0 quel point chaque initiative peut annoncer une transformation majeure. En Indon\u00e9sie, o\u00f9 la peine de mort plane encore pour certains d\u00e9lits li\u00e9s au cannabis, le simple fait d\u2019envisager une \u00e9tude scientifique s\u00e9rieuse sur ses vertus th\u00e9rapeutiques montre que les mentalit\u00e9s \u00e9voluent enfin \ud83c\udf3f.\n<h2>Un signal politique fort \ud83d\udcbc<\/h2>\nL\u2019annonce du chef de la BNN, Marthinus Hukom, a surpris plus d\u2019un observateur. Car ce n\u2019est pas juste une volont\u00e9 de s\u2019informer, c\u2019est une ouverture officielle \u00e0 une \u00e9ventuelle r\u00e9forme de la l\u00e9gislation. Il devient \u00e9vident que la pression sociale, les avanc\u00e9es scientifiques et la volont\u00e9 de moderniser le syst\u00e8me de sant\u00e9 poussent le gouvernement \u00e0 reconsid\u00e9rer sa posture historique. Tu peux imaginer l\u2019impact qu\u2019un pays de plus de 270 millions d\u2019habitants l\u00e9galement engag\u00e9 dans la recherche sur le cannabis m\u00e9dical pourrait avoir sur l\u2019Asie du Sud-Est \ud83d\udd0d.\n<h2>Recherche, science et sant\u00e9 : un trio gagnant \ud83e\uddea<\/h2>\nL\u2019\u00e9tude va \u00eatre men\u00e9e en collaboration avec deux institutions majeures : le minist\u00e8re de la Sant\u00e9 et l\u2019Agence nationale pour la recherche et l\u2019innovation (BRIN). Cette alliance tripartite signifie que l\u2019approche ne sera pas id\u00e9ologique, mais fond\u00e9e sur des donn\u00e9es concr\u00e8tes, v\u00e9rifiables et rigoureusement analys\u00e9es. C\u2019est exactement ce qu\u2019il faut pour faire tomber les barri\u00e8res de la peur et de la stigmatisation autour du cannabis m\u00e9dical. En Indon\u00e9sie, comme ailleurs, tout commence par l\u2019\u00e9ducation des d\u00e9cideurs et du public \ud83d\udc68\u200d\u2695\ufe0f.\n<h2>Des voix qui s\u2019\u00e9l\u00e8vent pour le changement \ud83d\udce2<\/h2>\nDepuis plusieurs ann\u00e9es, des militants, des familles de patients et certains professionnels de sant\u00e9 r\u00e9clamaient une r\u00e9forme. Il aura fallu des t\u00e9moignages bouleversants, des parents pr\u00eats \u00e0 tout pour soulager les souffrances de leurs enfants atteints de maladies rares, pour pousser les d\u00e9cideurs \u00e0 envisager une alternative \u00e0 la prohibition stricte. N\u2019est-ce pas souvent ainsi que les grandes r\u00e9volutions se construisent ? Un besoin humain, vital, qui transcende les dogmes politiques pour apporter une r\u00e9ponse bienveillante \u00e0 la douleur \ud83e\udd1d.\n<h2>L\u2019avenir m\u00e9dical du cannabis : une opportunit\u00e9 pour l\u2019Asie du Sud-Est \ud83c\udf0f<\/h2>\nL\u2019Indon\u00e9sie ne serait pas le premier pays asiatique \u00e0 entamer cette transition. La Tha\u00eflande a d\u00e9j\u00e0 l\u00e9galis\u00e9 le cannabis m\u00e9dical et amorc\u00e9 une lib\u00e9ralisation progressive. Pour l\u2019Indon\u00e9sie, s\u2019aligner sur cette dynamique pourrait lui offrir un positionnement strat\u00e9gique dans le d\u00e9veloppement de traitements m\u00e9dicaux \u00e0 base de cannabis. Une fili\u00e8re pourrait m\u00eame \u00e9merger si les r\u00e9sultats de l\u2019\u00e9tude sont positifs : production r\u00e9glement\u00e9e, recherche pharmaceutique, cr\u00e9ation d\u2019emplois et ouverture \u00e0 l\u2019innovation th\u00e9rapeutique \ud83d\udca1.\n<h2>Une prudence justifi\u00e9e mais un espoir palpable \ud83d\udcac<\/h2>\nLe chef de la BNN a insist\u00e9 sur la n\u00e9cessit\u00e9 de prendre le temps, de ne pas se pr\u00e9cipiter. Et c\u2019est juste. Une r\u00e9forme s\u00e9rieuse n\u00e9cessite une base scientifique solide, une consultation approfondie des experts et une pr\u00e9paration juridique et institutionnelle digne de ce nom. Mais l\u2019essentiel est l\u00e0 : le d\u00e9bat est lanc\u00e9, et avec lui, une br\u00e8che dans le mur id\u00e9ologique qui entourait toute discussion sur le cannabis m\u00e9dical. L\u2019espoir, lui, pousse doucement malgr\u00e9 les r\u00e9ticences \ud83c\udf3e.\n<h2>Et si l\u2019indon\u00e9sie ouvrait une \u00e8re nouvelle ? \ud83d\udd13<\/h2>\nToi qui observes les \u00e9volutions mondiales du cannabis m\u00e9dical, tu te rends compte que ce mouvement est global. L\u2019Indon\u00e9sie, en mettant un pied dans cette direction, s\u2019aligne peut-\u00eatre avec un futur o\u00f9 les th\u00e9rapies naturelles, bien encadr\u00e9es, auront leur place dans les strat\u00e9gies de sant\u00e9 publique. C\u2019est un renversement de paradigme, un pas en avant vers le soin plut\u00f4t que la r\u00e9pression, vers l\u2019\u00e9coute des malades plut\u00f4t que la sanction aveugle. Cette d\u00e9cision pourrait \u00eatre la premi\u00e8re pierre d\u2019un \u00e9difice m\u00e9dical salutaire pour des millions de patients \ud83d\udc63.\n<h2>Un message pour les autres nations \u23f3<\/h2>\nCe que fait aujourd\u2019hui la BNN en Indon\u00e9sie enverra un signal fort aux autres pays r\u00e9ticents. Il n\u2019est pas contradictoire d\u2019avoir une l\u00e9gislation contre les abus tout en explorant les vertus m\u00e9dicales prouv\u00e9es du cannabis. Avec m\u00e9thode, contr\u00f4le et bon sens, l\u2019approche m\u00e9dicale du cannabis peut \u00eatre au service de la soci\u00e9t\u00e9 sans encourager les d\u00e9rives. Et toi, lecteur avis\u00e9, tu le sais : chaque \u00e9tude s\u00e9rieuse ajoute un maillon de plus \u00e0 la cha\u00eene du changement positif \ud83d\udd17.\n<h2>Conclusion : une fleur d\u2019espoir dans un champ de rigueur \ud83c\udf38<\/h2>\nL\u2019annonce de cette \u00e9tude scientifique sur les effets m\u00e9dicaux du cannabis est bien plus qu\u2019un simple projet acad\u00e9mique. C\u2019est un signal, un souffle d\u2019espoir pour ceux qui souffrent et pour ceux qui luttent pour une approche moderne, pragmatique et humaine du cannabis. L\u2019Indon\u00e9sie, l\u2019un des bastions mondiaux de l\u2019interdiction, commence \u00e0 s\u2019ouvrir \u00e0 la compassion, \u00e0 la science et \u00e0 la raison. Et c\u2019est une nouvelle que nous devons suivre de pr\u00e8s, encourager et saluer. Car, qui sait, ce pas timide pourrait bien ouvrir la voie \u00e0 une grande transformation \ud83c\udf08. <a href=\"https:\/\/gardenz.fr\/news\">Tu veux continuer ta lecture ? D\u00e9couvre d&rsquo;autres articles en cliquant ici.<\/a><\/div>\n\n<div class=\"wp-block-group is-layout-constrained wp-block-group-is-layout-constrained\">\n<div class=\"wp-block-columns is-layout-flex wp-container-core-columns-is-layout-28f84493 wp-block-columns-is-layout-flex\">\n<div class=\"wp-block-column is-layout-flow wp-block-column-is-layout-flow\" style=\"flex-basis:20%\">\n<figure class=\"wp-block-image size-full\"><a href=\"https:\/\/www.gardenz.fr\/3-fleur-de-chanvre-cbd\"><img fetchpriority=\"high\" decoding=\"async\" width=\"424\" height=\"600\" src=\"https:\/\/www.gardenz.fr\/news\/wp-content\/uploads\/2025\/03\/FLEUR-DE-CHANVRE-CBD.webp\" alt=\"FLEUR-DE-CHANVRE-CBD\" class=\"wp-image-17519\" srcset=\"https:\/\/www.gardenz.fr\/news\/wp-content\/uploads\/2025\/03\/FLEUR-DE-CHANVRE-CBD.webp 424w, https:\/\/www.gardenz.fr\/news\/wp-content\/uploads\/2025\/03\/FLEUR-DE-CHANVRE-CBD-212x300.webp 212w\" sizes=\"(max-width: 424px) 100vw, 424px\" \/><\/a><\/figure>\n<\/div>\n\n\n\n<div class=\"wp-block-column is-layout-flow wp-block-column-is-layout-flow\" style=\"flex-basis:20%\">\n<figure class=\"wp-block-image size-full\"><a href=\"https:\/\/www.gardenz.fr\/6--resine-cbd\"><img decoding=\"async\" width=\"424\" height=\"600\" src=\"https:\/\/www.gardenz.fr\/news\/wp-content\/uploads\/2025\/03\/RESINE-CBD.webp\" alt=\"R\u00c9SINE-CBD\" class=\"wp-image-17515\" srcset=\"https:\/\/www.gardenz.fr\/news\/wp-content\/uploads\/2025\/03\/RESINE-CBD.webp 424w, https:\/\/www.gardenz.fr\/news\/wp-content\/uploads\/2025\/03\/RESINE-CBD-212x300.webp 212w\" sizes=\"(max-width: 424px) 100vw, 424px\" \/><\/a><\/figure>\n<\/div>\n\n\n\n<div class=\"wp-block-column is-layout-flow wp-block-column-is-layout-flow\" style=\"flex-basis:20%\">\n<figure class=\"wp-block-image size-full\"><a href=\"https:\/\/www.gardenz.fr\/511--weed-psycho\"><img decoding=\"async\" width=\"424\" height=\"600\" src=\"https:\/\/www.gardenz.fr\/news\/wp-content\/uploads\/2025\/03\/PSYCHOACTIFS.webp\" alt=\"PSYCHOACTIFS\" class=\"wp-image-17517\" srcset=\"https:\/\/www.gardenz.fr\/news\/wp-content\/uploads\/2025\/03\/PSYCHOACTIFS.webp 424w, https:\/\/www.gardenz.fr\/news\/wp-content\/uploads\/2025\/03\/PSYCHOACTIFS-212x300.webp 212w\" sizes=\"(max-width: 424px) 100vw, 424px\" \/><\/a><\/figure>\n<\/div>\n\n\n\n<div class=\"wp-block-column is-layout-flow wp-block-column-is-layout-flow\" style=\"flex-basis:20%\">\n<figure class=\"wp-block-image size-full\"><a href=\"https:\/\/www.gardenz.fr\/562--accessoires-weed\"><img loading=\"lazy\" decoding=\"async\" width=\"424\" height=\"600\" src=\"https:\/\/www.gardenz.fr\/news\/wp-content\/uploads\/2025\/03\/ACCESSOIRED.webp\" alt=\"\" class=\"wp-image-17520\" srcset=\"https:\/\/www.gardenz.fr\/news\/wp-content\/uploads\/2025\/03\/ACCESSOIRED.webp 424w, https:\/\/www.gardenz.fr\/news\/wp-content\/uploads\/2025\/03\/ACCESSOIRED-212x300.webp 212w\" sizes=\"(max-width: 424px) 100vw, 424px\" \/><\/a><\/figure>\n<\/div>\n\n\n\n<div class=\"wp-block-column is-layout-flow wp-block-column-is-layout-flow\" style=\"flex-basis:20%\">\n<figure class=\"wp-block-image size-full\"><a href=\"https:\/\/www.gardenz.fr\/284--vaporisateur-weed\"><img loading=\"lazy\" decoding=\"async\" width=\"424\" height=\"600\" src=\"https:\/\/www.gardenz.fr\/news\/wp-content\/uploads\/2025\/03\/VAPORISATEUR-WEED.webp\" alt=\"VAPORISATEUR-WEED\" class=\"wp-image-17514\" srcset=\"https:\/\/www.gardenz.fr\/news\/wp-content\/uploads\/2025\/03\/VAPORISATEUR-WEED.webp 424w, https:\/\/www.gardenz.fr\/news\/wp-content\/uploads\/2025\/03\/VAPORISATEUR-WEED-212x300.webp 212w\" sizes=\"(max-width: 424px) 100vw, 424px\" \/><\/a><\/figure>\n<\/div>\n<\/div>\n<\/div>\n\t\t\t\t\t\t\t\t<\/div>\n\t\t\t\t<\/div>\n\t\t\t\t\t<\/div>\n\t\t<\/div>\n\t\t\t\t\t<\/div>\n\t\t<\/section>\n\t\t\t\t<\/div>\n\t\t","protected":false},"excerpt":{"rendered":"<p>L\u2019indon\u00e9sie face \u00e0 un tournant sanitaire majeur \ud83c\udf31 La d\u00e9cision de l\u2019Agence nationale des stup\u00e9fiants d\u2019Indon\u00e9sie (BNN) de lancer une \u00e9tude sur le cannabis m\u00e9dical marque un changement de cap historique pour l\u2019un des pays les plus stricts du monde concernant les drogues. Toi qui t\u2019int\u00e9resses \u00e0 l\u2019\u00e9volution des politiques sur le cannabis, tu sais [&hellip;]<\/p>\n","protected":false},"author":18,"featured_media":18296,"comment_status":"closed","ping_status":"","sticky":false,"template":"","format":"standard","meta":{"site-sidebar-layout":"default","site-content-layout":"","ast-site-content-layout":"default","site-content-style":"default","site-sidebar-style":"default","ast-global-header-display":"","ast-banner-title-visibility":"","ast-main-header-display":"","ast-hfb-above-header-display":"","ast-hfb-below-header-display":"","ast-hfb-mobile-header-display":"","site-post-title":"","ast-breadcrumbs-content":"","ast-featured-img":"","footer-sml-layout":"","ast-disable-related-posts":"","theme-transparent-header-meta":"","adv-header-id-meta":"","stick-header-meta":"","header-above-stick-meta":"","header-main-stick-meta":"","header-below-stick-meta":"","astra-migrate-meta-layouts":"default","ast-page-background-enabled":"default","ast-page-background-meta":{"desktop":{"background-color":"var(--ast-global-color-4)","background-image":"","background-repeat":"repeat","background-position":"center center","background-size":"auto","background-attachment":"scroll","background-type":"","background-media":"","overlay-type":"","overlay-color":"","overlay-opacity":"","overlay-gradient":""},"tablet":{"background-color":"","background-image":"","background-repeat":"repeat","background-position":"center center","background-size":"auto","background-attachment":"scroll","background-type":"","background-media":"","overlay-type":"","overlay-color":"","overlay-opacity":"","overlay-gradient":""},"mobile":{"background-color":"","background-image":"","background-repeat":"repeat","background-position":"center center","background-size":"auto","background-attachment":"scroll","background-type":"","background-media":"","overlay-type":"","overlay-color":"","overlay-opacity":"","overlay-gradient":""}},"ast-content-background-meta":{"desktop":{"background-color":"var(--ast-global-color-5)","background-image":"","background-repeat":"repeat","background-position":"center center","background-size":"auto","background-attachment":"scroll","background-type":"","background-media":"","overlay-type":"","overlay-color":"","overlay-opacity":"","overlay-gradient":""},"tablet":{"background-color":"var(--ast-global-color-5)","background-image":"","background-repeat":"repeat","background-position":"center center","background-size":"auto","background-attachment":"scroll","background-type":"","background-media":"","overlay-type":"","overlay-color":"","overlay-opacity":"","overlay-gradient":""},"mobile":{"background-color":"var(--ast-global-color-5)","background-image":"","background-repeat":"repeat","background-position":"center center","background-size":"auto","background-attachment":"scroll","background-type":"","background-media":"","overlay-type":"","overlay-color":"","overlay-opacity":"","overlay-gradient":""}},"footnotes":""},"categories":[1],"tags":[],"class_list":["post-18297","post","type-post","status-publish","format-standard","has-post-thumbnail","hentry","category-non-classe"],"yoast_head":"<!-- This site is optimized with the Yoast SEO plugin v27.5 - https:\/\/yoast.com\/product\/yoast-seo-wordpress\/ -->\n<title>\ud83c\udf3f Agence indon\u00e9sienne \u00e9tudie l\u00e9galisation cannabis m\u00e9dical<\/title>\n<meta name=\"description\" content=\"\ud83c\udf3f L&#039;agence indon\u00e9sienne des stup\u00e9fiants envisage la l\u00e9galisation du cannabis m\u00e9dical pour un usage th\u00e9rapeutique. \ud83c\udf3f\" \/>\n<meta name=\"robots\" content=\"index, follow, max-snippet:-1, max-image-preview:large, max-video-preview:-1\" \/>\n<link rel=\"canonical\" href=\"https:\/\/www.gardenz.fr\/news\/2025\/05\/12\/lagence-indonesienne-des-stupefiants-etudie-la-legalisation-du-cannabis-medical\/\" \/>\n<meta property=\"og:locale\" content=\"fr_FR\" \/>\n<meta property=\"og:type\" content=\"article\" \/>\n<meta property=\"og:title\" content=\"\ud83c\udf3f Agence indon\u00e9sienne \u00e9tudie l\u00e9galisation cannabis m\u00e9dical\" \/>\n<meta property=\"og:description\" content=\"\ud83c\udf3f L&#039;agence indon\u00e9sienne des stup\u00e9fiants envisage la l\u00e9galisation du cannabis m\u00e9dical pour un usage th\u00e9rapeutique. \ud83c\udf3f\" \/>\n<meta property=\"og:url\" content=\"https:\/\/www.gardenz.fr\/news\/2025\/05\/12\/lagence-indonesienne-des-stupefiants-etudie-la-legalisation-du-cannabis-medical\/\" \/>\n<meta property=\"og:site_name\" content=\"Le Blog de Gardenz\" \/>\n<meta property=\"article:published_time\" content=\"2025-05-12T09:21:06+00:00\" \/>\n<meta property=\"article:modified_time\" content=\"2025-07-22T13:21:47+00:00\" \/>\n<meta property=\"og:image\" content=\"https:\/\/www.gardenz.fr\/news\/wp-content\/uploads\/2025\/05\/Lagence-indonesienne-des-stupefiants-etudie-la-legalisation-du-cannabis-medicalsanitize-2025-05-12T092104.549Z.jpg\" \/>\n\t<meta property=\"og:image:width\" content=\"900\" \/>\n\t<meta property=\"og:image:height\" content=\"250\" \/>\n\t<meta property=\"og:image:type\" content=\"image\/jpeg\" \/>\n<meta name=\"author\" content=\"Idan Melicio\" \/>\n<meta name=\"twitter:card\" content=\"summary_large_image\" \/>\n<meta name=\"twitter:label1\" content=\"\u00c9crit par\" \/>\n\t<meta name=\"twitter:data1\" content=\"Idan Melicio\" \/>\n\t<meta name=\"twitter:label2\" content=\"Dur\u00e9e de lecture estim\u00e9e\" \/>\n\t<meta name=\"twitter:data2\" content=\"8 minutes\" \/>\n<script type=\"application\/ld+json\" class=\"yoast-schema-graph\">{\"@context\":\"https:\\\/\\\/schema.org\",\"@graph\":[{\"@type\":\"Article\",\"@id\":\"https:\\\/\\\/www.gardenz.fr\\\/news\\\/2025\\\/05\\\/12\\\/lagence-indonesienne-des-stupefiants-etudie-la-legalisation-du-cannabis-medical\\\/#article\",\"isPartOf\":{\"@id\":\"https:\\\/\\\/www.gardenz.fr\\\/news\\\/2025\\\/05\\\/12\\\/lagence-indonesienne-des-stupefiants-etudie-la-legalisation-du-cannabis-medical\\\/\"},\"author\":{\"name\":\"Idan Melicio\",\"@id\":\"https:\\\/\\\/www.gardenz.fr\\\/news\\\/#\\\/schema\\\/person\\\/4c29b13eadec7d3b7f81d3dc8253aa72\"},\"headline\":\"L&rsquo;agence indon\u00e9sienne des stup\u00e9fiants \u00e9tudie la l\u00e9galisation du cannabis m\u00e9dical\",\"datePublished\":\"2025-05-12T09:21:06+00:00\",\"dateModified\":\"2025-07-22T13:21:47+00:00\",\"mainEntityOfPage\":{\"@id\":\"https:\\\/\\\/www.gardenz.fr\\\/news\\\/2025\\\/05\\\/12\\\/lagence-indonesienne-des-stupefiants-etudie-la-legalisation-du-cannabis-medical\\\/\"},\"wordCount\":962,\"publisher\":{\"@id\":\"https:\\\/\\\/www.gardenz.fr\\\/news\\\/#organization\"},\"image\":{\"@id\":\"https:\\\/\\\/www.gardenz.fr\\\/news\\\/2025\\\/05\\\/12\\\/lagence-indonesienne-des-stupefiants-etudie-la-legalisation-du-cannabis-medical\\\/#primaryimage\"},\"thumbnailUrl\":\"https:\\\/\\\/www.gardenz.fr\\\/news\\\/wp-content\\\/uploads\\\/2025\\\/05\\\/Lagence-indonesienne-des-stupefiants-etudie-la-legalisation-du-cannabis-medicalsanitize-2025-05-12T092104.549Z.jpg\",\"articleSection\":[\"GENERAL\"],\"inLanguage\":\"fr-FR\"},{\"@type\":\"WebPage\",\"@id\":\"https:\\\/\\\/www.gardenz.fr\\\/news\\\/2025\\\/05\\\/12\\\/lagence-indonesienne-des-stupefiants-etudie-la-legalisation-du-cannabis-medical\\\/\",\"url\":\"https:\\\/\\\/www.gardenz.fr\\\/news\\\/2025\\\/05\\\/12\\\/lagence-indonesienne-des-stupefiants-etudie-la-legalisation-du-cannabis-medical\\\/\",\"name\":\"\ud83c\udf3f Agence indon\u00e9sienne \u00e9tudie l\u00e9galisation cannabis m\u00e9dical\",\"isPartOf\":{\"@id\":\"https:\\\/\\\/www.gardenz.fr\\\/news\\\/#website\"},\"primaryImageOfPage\":{\"@id\":\"https:\\\/\\\/www.gardenz.fr\\\/news\\\/2025\\\/05\\\/12\\\/lagence-indonesienne-des-stupefiants-etudie-la-legalisation-du-cannabis-medical\\\/#primaryimage\"},\"image\":{\"@id\":\"https:\\\/\\\/www.gardenz.fr\\\/news\\\/2025\\\/05\\\/12\\\/lagence-indonesienne-des-stupefiants-etudie-la-legalisation-du-cannabis-medical\\\/#primaryimage\"},\"thumbnailUrl\":\"https:\\\/\\\/www.gardenz.fr\\\/news\\\/wp-content\\\/uploads\\\/2025\\\/05\\\/Lagence-indonesienne-des-stupefiants-etudie-la-legalisation-du-cannabis-medicalsanitize-2025-05-12T092104.549Z.jpg\",\"datePublished\":\"2025-05-12T09:21:06+00:00\",\"dateModified\":\"2025-07-22T13:21:47+00:00\",\"description\":\"\ud83c\udf3f L'agence indon\u00e9sienne des stup\u00e9fiants envisage la l\u00e9galisation du cannabis m\u00e9dical pour un usage th\u00e9rapeutique. \ud83c\udf3f\",\"breadcrumb\":{\"@id\":\"https:\\\/\\\/www.gardenz.fr\\\/news\\\/2025\\\/05\\\/12\\\/lagence-indonesienne-des-stupefiants-etudie-la-legalisation-du-cannabis-medical\\\/#breadcrumb\"},\"inLanguage\":\"fr-FR\",\"potentialAction\":[{\"@type\":\"ReadAction\",\"target\":[\"https:\\\/\\\/www.gardenz.fr\\\/news\\\/2025\\\/05\\\/12\\\/lagence-indonesienne-des-stupefiants-etudie-la-legalisation-du-cannabis-medical\\\/\"]}]},{\"@type\":\"ImageObject\",\"inLanguage\":\"fr-FR\",\"@id\":\"https:\\\/\\\/www.gardenz.fr\\\/news\\\/2025\\\/05\\\/12\\\/lagence-indonesienne-des-stupefiants-etudie-la-legalisation-du-cannabis-medical\\\/#primaryimage\",\"url\":\"https:\\\/\\\/www.gardenz.fr\\\/news\\\/wp-content\\\/uploads\\\/2025\\\/05\\\/Lagence-indonesienne-des-stupefiants-etudie-la-legalisation-du-cannabis-medicalsanitize-2025-05-12T092104.549Z.jpg\",\"contentUrl\":\"https:\\\/\\\/www.gardenz.fr\\\/news\\\/wp-content\\\/uploads\\\/2025\\\/05\\\/Lagence-indonesienne-des-stupefiants-etudie-la-legalisation-du-cannabis-medicalsanitize-2025-05-12T092104.549Z.jpg\",\"width\":900,\"height\":250,\"caption\":\"L'agence indon\u00e9sienne des stup\u00e9fiants \u00e9tudie la l\u00e9galisation du cannabis m\u00e9dical\"},{\"@type\":\"BreadcrumbList\",\"@id\":\"https:\\\/\\\/www.gardenz.fr\\\/news\\\/2025\\\/05\\\/12\\\/lagence-indonesienne-des-stupefiants-etudie-la-legalisation-du-cannabis-medical\\\/#breadcrumb\",\"itemListElement\":[{\"@type\":\"ListItem\",\"position\":1,\"name\":\"Accueil\",\"item\":\"https:\\\/\\\/www.gardenz.fr\\\/news\\\/\"},{\"@type\":\"ListItem\",\"position\":2,\"name\":\"L&rsquo;agence indon\u00e9sienne des stup\u00e9fiants \u00e9tudie la l\u00e9galisation du cannabis m\u00e9dical\"}]},{\"@type\":\"WebSite\",\"@id\":\"https:\\\/\\\/www.gardenz.fr\\\/news\\\/#website\",\"url\":\"https:\\\/\\\/www.gardenz.fr\\\/news\\\/\",\"name\":\"Le Blog de Gardenz\",\"description\":\"Best quality CBD\",\"publisher\":{\"@id\":\"https:\\\/\\\/www.gardenz.fr\\\/news\\\/#organization\"},\"potentialAction\":[{\"@type\":\"SearchAction\",\"target\":{\"@type\":\"EntryPoint\",\"urlTemplate\":\"https:\\\/\\\/www.gardenz.fr\\\/news\\\/?s={search_term_string}\"},\"query-input\":{\"@type\":\"PropertyValueSpecification\",\"valueRequired\":true,\"valueName\":\"search_term_string\"}}],\"inLanguage\":\"fr-FR\"},{\"@type\":\"Organization\",\"@id\":\"https:\\\/\\\/www.gardenz.fr\\\/news\\\/#organization\",\"name\":\"Le Blog de Gardenz\",\"url\":\"https:\\\/\\\/www.gardenz.fr\\\/news\\\/\",\"logo\":{\"@type\":\"ImageObject\",\"inLanguage\":\"fr-FR\",\"@id\":\"https:\\\/\\\/www.gardenz.fr\\\/news\\\/#\\\/schema\\\/logo\\\/image\\\/\",\"url\":\"https:\\\/\\\/www.gardenz.fr\\\/news\\\/wp-content\\\/uploads\\\/2022\\\/06\\\/logo-gardenz-feuille-blanc-final.png\",\"contentUrl\":\"https:\\\/\\\/www.gardenz.fr\\\/news\\\/wp-content\\\/uploads\\\/2022\\\/06\\\/logo-gardenz-feuille-blanc-final.png\",\"width\":459,\"height\":200,\"caption\":\"Le Blog de Gardenz\"},\"image\":{\"@id\":\"https:\\\/\\\/www.gardenz.fr\\\/news\\\/#\\\/schema\\\/logo\\\/image\\\/\"}},{\"@type\":\"Person\",\"@id\":\"https:\\\/\\\/www.gardenz.fr\\\/news\\\/#\\\/schema\\\/person\\\/4c29b13eadec7d3b7f81d3dc8253aa72\",\"name\":\"Idan Melicio\",\"image\":{\"@type\":\"ImageObject\",\"inLanguage\":\"fr-FR\",\"@id\":\"https:\\\/\\\/secure.gravatar.com\\\/avatar\\\/a4fed9bf268062e3c5884e1b9288f4a54517dd9041d8c562678849f7f1c1eb43?s=96&d=mm&r=g\",\"url\":\"https:\\\/\\\/secure.gravatar.com\\\/avatar\\\/a4fed9bf268062e3c5884e1b9288f4a54517dd9041d8c562678849f7f1c1eb43?s=96&d=mm&r=g\",\"contentUrl\":\"https:\\\/\\\/secure.gravatar.com\\\/avatar\\\/a4fed9bf268062e3c5884e1b9288f4a54517dd9041d8c562678849f7f1c1eb43?s=96&d=mm&r=g\",\"caption\":\"Idan Melicio\"},\"url\":\"https:\\\/\\\/www.gardenz.fr\\\/news\\\/author\\\/idan-milecio\\\/\"}]}<\/script>\n<!-- \/ Yoast SEO plugin. -->","yoast_head_json":{"title":"\ud83c\udf3f Agence indon\u00e9sienne \u00e9tudie l\u00e9galisation cannabis m\u00e9dical","description":"\ud83c\udf3f L'agence indon\u00e9sienne des stup\u00e9fiants envisage la l\u00e9galisation du cannabis m\u00e9dical pour un usage th\u00e9rapeutique. \ud83c\udf3f","robots":{"index":"index","follow":"follow","max-snippet":"max-snippet:-1","max-image-preview":"max-image-preview:large","max-video-preview":"max-video-preview:-1"},"canonical":"https:\/\/www.gardenz.fr\/news\/2025\/05\/12\/lagence-indonesienne-des-stupefiants-etudie-la-legalisation-du-cannabis-medical\/","og_locale":"fr_FR","og_type":"article","og_title":"\ud83c\udf3f Agence indon\u00e9sienne \u00e9tudie l\u00e9galisation cannabis m\u00e9dical","og_description":"\ud83c\udf3f L'agence indon\u00e9sienne des stup\u00e9fiants envisage la l\u00e9galisation du cannabis m\u00e9dical pour un usage th\u00e9rapeutique. \ud83c\udf3f","og_url":"https:\/\/www.gardenz.fr\/news\/2025\/05\/12\/lagence-indonesienne-des-stupefiants-etudie-la-legalisation-du-cannabis-medical\/","og_site_name":"Le Blog de Gardenz","article_published_time":"2025-05-12T09:21:06+00:00","article_modified_time":"2025-07-22T13:21:47+00:00","og_image":[{"width":900,"height":250,"url":"https:\/\/www.gardenz.fr\/news\/wp-content\/uploads\/2025\/05\/Lagence-indonesienne-des-stupefiants-etudie-la-legalisation-du-cannabis-medicalsanitize-2025-05-12T092104.549Z.jpg","type":"image\/jpeg"}],"author":"Idan Melicio","twitter_card":"summary_large_image","twitter_misc":{"\u00c9crit par":"Idan Melicio","Dur\u00e9e de lecture estim\u00e9e":"8 minutes"},"schema":{"@context":"https:\/\/schema.org","@graph":[{"@type":"Article","@id":"https:\/\/www.gardenz.fr\/news\/2025\/05\/12\/lagence-indonesienne-des-stupefiants-etudie-la-legalisation-du-cannabis-medical\/#article","isPartOf":{"@id":"https:\/\/www.gardenz.fr\/news\/2025\/05\/12\/lagence-indonesienne-des-stupefiants-etudie-la-legalisation-du-cannabis-medical\/"},"author":{"name":"Idan Melicio","@id":"https:\/\/www.gardenz.fr\/news\/#\/schema\/person\/4c29b13eadec7d3b7f81d3dc8253aa72"},"headline":"L&rsquo;agence indon\u00e9sienne des stup\u00e9fiants \u00e9tudie la l\u00e9galisation du cannabis m\u00e9dical","datePublished":"2025-05-12T09:21:06+00:00","dateModified":"2025-07-22T13:21:47+00:00","mainEntityOfPage":{"@id":"https:\/\/www.gardenz.fr\/news\/2025\/05\/12\/lagence-indonesienne-des-stupefiants-etudie-la-legalisation-du-cannabis-medical\/"},"wordCount":962,"publisher":{"@id":"https:\/\/www.gardenz.fr\/news\/#organization"},"image":{"@id":"https:\/\/www.gardenz.fr\/news\/2025\/05\/12\/lagence-indonesienne-des-stupefiants-etudie-la-legalisation-du-cannabis-medical\/#primaryimage"},"thumbnailUrl":"https:\/\/www.gardenz.fr\/news\/wp-content\/uploads\/2025\/05\/Lagence-indonesienne-des-stupefiants-etudie-la-legalisation-du-cannabis-medicalsanitize-2025-05-12T092104.549Z.jpg","articleSection":["GENERAL"],"inLanguage":"fr-FR"},{"@type":"WebPage","@id":"https:\/\/www.gardenz.fr\/news\/2025\/05\/12\/lagence-indonesienne-des-stupefiants-etudie-la-legalisation-du-cannabis-medical\/","url":"https:\/\/www.gardenz.fr\/news\/2025\/05\/12\/lagence-indonesienne-des-stupefiants-etudie-la-legalisation-du-cannabis-medical\/","name":"\ud83c\udf3f Agence indon\u00e9sienne \u00e9tudie l\u00e9galisation cannabis m\u00e9dical","isPartOf":{"@id":"https:\/\/www.gardenz.fr\/news\/#website"},"primaryImageOfPage":{"@id":"https:\/\/www.gardenz.fr\/news\/2025\/05\/12\/lagence-indonesienne-des-stupefiants-etudie-la-legalisation-du-cannabis-medical\/#primaryimage"},"image":{"@id":"https:\/\/www.gardenz.fr\/news\/2025\/05\/12\/lagence-indonesienne-des-stupefiants-etudie-la-legalisation-du-cannabis-medical\/#primaryimage"},"thumbnailUrl":"https:\/\/www.gardenz.fr\/news\/wp-content\/uploads\/2025\/05\/Lagence-indonesienne-des-stupefiants-etudie-la-legalisation-du-cannabis-medicalsanitize-2025-05-12T092104.549Z.jpg","datePublished":"2025-05-12T09:21:06+00:00","dateModified":"2025-07-22T13:21:47+00:00","description":"\ud83c\udf3f L'agence indon\u00e9sienne des stup\u00e9fiants envisage la l\u00e9galisation du cannabis m\u00e9dical pour un usage th\u00e9rapeutique. \ud83c\udf3f","breadcrumb":{"@id":"https:\/\/www.gardenz.fr\/news\/2025\/05\/12\/lagence-indonesienne-des-stupefiants-etudie-la-legalisation-du-cannabis-medical\/#breadcrumb"},"inLanguage":"fr-FR","potentialAction":[{"@type":"ReadAction","target":["https:\/\/www.gardenz.fr\/news\/2025\/05\/12\/lagence-indonesienne-des-stupefiants-etudie-la-legalisation-du-cannabis-medical\/"]}]},{"@type":"ImageObject","inLanguage":"fr-FR","@id":"https:\/\/www.gardenz.fr\/news\/2025\/05\/12\/lagence-indonesienne-des-stupefiants-etudie-la-legalisation-du-cannabis-medical\/#primaryimage","url":"https:\/\/www.gardenz.fr\/news\/wp-content\/uploads\/2025\/05\/Lagence-indonesienne-des-stupefiants-etudie-la-legalisation-du-cannabis-medicalsanitize-2025-05-12T092104.549Z.jpg","contentUrl":"https:\/\/www.gardenz.fr\/news\/wp-content\/uploads\/2025\/05\/Lagence-indonesienne-des-stupefiants-etudie-la-legalisation-du-cannabis-medicalsanitize-2025-05-12T092104.549Z.jpg","width":900,"height":250,"caption":"L'agence indon\u00e9sienne des stup\u00e9fiants \u00e9tudie la l\u00e9galisation du cannabis m\u00e9dical"},{"@type":"BreadcrumbList","@id":"https:\/\/www.gardenz.fr\/news\/2025\/05\/12\/lagence-indonesienne-des-stupefiants-etudie-la-legalisation-du-cannabis-medical\/#breadcrumb","itemListElement":[{"@type":"ListItem","position":1,"name":"Accueil","item":"https:\/\/www.gardenz.fr\/news\/"},{"@type":"ListItem","position":2,"name":"L&rsquo;agence indon\u00e9sienne des stup\u00e9fiants \u00e9tudie la l\u00e9galisation du cannabis m\u00e9dical"}]},{"@type":"WebSite","@id":"https:\/\/www.gardenz.fr\/news\/#website","url":"https:\/\/www.gardenz.fr\/news\/","name":"Le Blog de Gardenz","description":"Best quality CBD","publisher":{"@id":"https:\/\/www.gardenz.fr\/news\/#organization"},"potentialAction":[{"@type":"SearchAction","target":{"@type":"EntryPoint","urlTemplate":"https:\/\/www.gardenz.fr\/news\/?s={search_term_string}"},"query-input":{"@type":"PropertyValueSpecification","valueRequired":true,"valueName":"search_term_string"}}],"inLanguage":"fr-FR"},{"@type":"Organization","@id":"https:\/\/www.gardenz.fr\/news\/#organization","name":"Le Blog de Gardenz","url":"https:\/\/www.gardenz.fr\/news\/","logo":{"@type":"ImageObject","inLanguage":"fr-FR","@id":"https:\/\/www.gardenz.fr\/news\/#\/schema\/logo\/image\/","url":"https:\/\/www.gardenz.fr\/news\/wp-content\/uploads\/2022\/06\/logo-gardenz-feuille-blanc-final.png","contentUrl":"https:\/\/www.gardenz.fr\/news\/wp-content\/uploads\/2022\/06\/logo-gardenz-feuille-blanc-final.png","width":459,"height":200,"caption":"Le Blog de Gardenz"},"image":{"@id":"https:\/\/www.gardenz.fr\/news\/#\/schema\/logo\/image\/"}},{"@type":"Person","@id":"https:\/\/www.gardenz.fr\/news\/#\/schema\/person\/4c29b13eadec7d3b7f81d3dc8253aa72","name":"Idan Melicio","image":{"@type":"ImageObject","inLanguage":"fr-FR","@id":"https:\/\/secure.gravatar.com\/avatar\/a4fed9bf268062e3c5884e1b9288f4a54517dd9041d8c562678849f7f1c1eb43?s=96&d=mm&r=g","url":"https:\/\/secure.gravatar.com\/avatar\/a4fed9bf268062e3c5884e1b9288f4a54517dd9041d8c562678849f7f1c1eb43?s=96&d=mm&r=g","contentUrl":"https:\/\/secure.gravatar.com\/avatar\/a4fed9bf268062e3c5884e1b9288f4a54517dd9041d8c562678849f7f1c1eb43?s=96&d=mm&r=g","caption":"Idan Melicio"},"url":"https:\/\/www.gardenz.fr\/news\/author\/idan-milecio\/"}]}},"_links":{"self":[{"href":"https:\/\/www.gardenz.fr\/news\/wp-json\/wp\/v2\/posts\/18297","targetHints":{"allow":["GET"]}}],"collection":[{"href":"https:\/\/www.gardenz.fr\/news\/wp-json\/wp\/v2\/posts"}],"about":[{"href":"https:\/\/www.gardenz.fr\/news\/wp-json\/wp\/v2\/types\/post"}],"author":[{"embeddable":true,"href":"https:\/\/www.gardenz.fr\/news\/wp-json\/wp\/v2\/users\/18"}],"replies":[{"embeddable":true,"href":"https:\/\/www.gardenz.fr\/news\/wp-json\/wp\/v2\/comments?post=18297"}],"version-history":[{"count":3,"href":"https:\/\/www.gardenz.fr\/news\/wp-json\/wp\/v2\/posts\/18297\/revisions"}],"predecessor-version":[{"id":18862,"href":"https:\/\/www.gardenz.fr\/news\/wp-json\/wp\/v2\/posts\/18297\/revisions\/18862"}],"wp:featuredmedia":[{"embeddable":true,"href":"https:\/\/www.gardenz.fr\/news\/wp-json\/wp\/v2\/media\/18296"}],"wp:attachment":[{"href":"https:\/\/www.gardenz.fr\/news\/wp-json\/wp\/v2\/media?parent=18297"}],"wp:term":[{"taxonomy":"category","embeddable":true,"href":"https:\/\/www.gardenz.fr\/news\/wp-json\/wp\/v2\/categories?post=18297"},{"taxonomy":"post_tag","embeddable":true,"href":"https:\/\/www.gardenz.fr\/news\/wp-json\/wp\/v2\/tags?post=18297"}],"curies":[{"name":"wp","href":"https:\/\/api.w.org\/{rel}","templated":true}]}}