{"id":18301,"date":"2025-05-13T11:21:29","date_gmt":"2025-05-13T09:21:29","guid":{"rendered":"https:\/\/www.gardenz.fr\/news\/2025\/05\/13\/producteurs-australiens-de-cannabis-medical-preoccupes-par-linondation-du-marche-par-les-importations\/"},"modified":"2025-07-22T15:10:35","modified_gmt":"2025-07-22T13:10:35","slug":"producteurs-australiens-de-cannabis-medical-preoccupes-par-linondation-du-marche-par-les-importations","status":"publish","type":"post","link":"https:\/\/www.gardenz.fr\/news\/2025\/05\/13\/producteurs-australiens-de-cannabis-medical-preoccupes-par-linondation-du-marche-par-les-importations\/","title":{"rendered":"Producteurs australiens de cannabis m\u00e9dical pr\u00e9occup\u00e9s par l&rsquo;inondation du march\u00e9 par les importations"},"content":{"rendered":"\t\t<div data-elementor-type=\"wp-post\" data-elementor-id=\"18301\" class=\"elementor elementor-18301\">\n\t\t\t\t\t\t<section class=\"elementor-section elementor-top-section elementor-element elementor-element-2672c1ca elementor-section-boxed elementor-section-height-default elementor-section-height-default\" data-id=\"2672c1ca\" data-element_type=\"section\" data-e-type=\"section\">\n\t\t\t\t\t\t<div class=\"elementor-container elementor-column-gap-default\">\n\t\t\t\t\t<div class=\"elementor-column elementor-col-100 elementor-top-column elementor-element elementor-element-2f0e0a03\" data-id=\"2f0e0a03\" data-element_type=\"column\" data-e-type=\"column\">\n\t\t\t<div class=\"elementor-widget-wrap elementor-element-populated\">\n\t\t\t\t\t\t<div class=\"elementor-element elementor-element-2b83a064 elementor-widget elementor-widget-text-editor\" data-id=\"2b83a064\" data-element_type=\"widget\" data-e-type=\"widget\" data-widget_type=\"text-editor.default\">\n\t\t\t\t<div class=\"elementor-widget-container\">\n\t\t\t\t\t\t\t\t\t<div style=\"margin-left: 10%; margin-right: 10%;\">\n<h2>Le cannabis m\u00e9dical australien en p\u00e9ril face aux importations \ud83c\udf0d<\/h2>\nImagine un march\u00e9 en plein essor, nourri par des ann\u00e9es d&rsquo;efforts, de r\u00e9gulations strictes, d\u2019investissements massifs et surtout, par la passion de cultivateurs convaincus par les vertus du <a href=\"https:\/\/www.gardenz.fr\/310--delta-9-thc\">cannabis<\/a> m\u00e9dical \ud83c\udf3f. Maintenant, visualise ce m\u00eame march\u00e9, freinant brusquement sa croissance, paralys\u00e9 par l\u2019arriv\u00e9e massive de produits \u00e9trangers cassant les prix et bousculant l\u2019\u00e9cosyst\u00e8me local \ud83d\uded1. C\u2019est exactement ce que vivent actuellement les producteurs de cannabis m\u00e9dical en Australie, un pays qui, malgr\u00e9 ses ambitions, pourrait perdre sa souverainet\u00e9 verte si rien ne change rapidement \ud83d\udc94.\n<h2>La d\u00e9pendance croissante aux produits import\u00e9s \ud83e\uddf3<\/h2>\nCes derni\u00e8res ann\u00e9es, le volume d\u2019importations de cannabis m\u00e9dical en Australie a explos\u00e9 \ud83d\udcc8. Port\u00e9s par la demande croissante de patients et une volont\u00e9 des autorit\u00e9s de garantir l\u2019approvisionnement, des produits venant du Canada, d\u2019Europe ou encore d\u2019Afrique du Sud remplissent d\u00e9sormais les pharmacies australiennes. Sur le papier, cela semble une bonne id\u00e9e : approvisionnement continu, diversit\u00e9 des produits, r\u00e9gularisation rapide des traitements. Mais dans les coulisses, c\u2019est une toute autre r\u00e9alit\u00e9 que vivent les producteurs locaux \ud83d\ude13.\n<h2>Les cultivateurs locaux tirent la sonnette d&rsquo;alarme \ud83d\udea8<\/h2>\nLa Guilde australienne des cultivateurs de cannabis, r\u00e9cemment form\u00e9e, ne m\u00e2che pas ses mots. Elle repr\u00e9sente plus de 80 % de la production domestique sous licence, et son message est clair : sans ajustement rapide de la l\u00e9gislation et une meilleure protection du march\u00e9 local, l\u2019industrie australienne du cannabis m\u00e9dical est vou\u00e9e \u00e0 dispara\u00eetre \ud83d\udca5. Le probl\u00e8me ? Les co\u00fbts de production en Australie sont nettement plus \u00e9lev\u00e9s qu&rsquo;ailleurs, notamment en raison des exigences strictes en mati\u00e8re de s\u00e9curit\u00e9, de qualit\u00e9 et de conformit\u00e9. Alors que le cannabis import\u00e9 est souvent moins cher \u00e0 produire, il entre sur le march\u00e9 avec des prix d\u00e9fiant toute concurrence \ud83e\uddfe.\n<h2>les effets d\u00e9vastateurs sur la cha\u00eene d&rsquo;approvisionnement \ud83c\udde6\ud83c\uddfa<\/h2>\nLes cons\u00e9quences de cette ouverture incontr\u00f4l\u00e9e aux importations ne s&rsquo;arr\u00eatent pas aux portes des serres \ud83c\udf31. Elle touche une cha\u00eene compl\u00e8te : cultivateurs, transformateurs, distributeurs et m\u00eame les centres de recherche m\u00e9dicale australiens qui b\u00e9n\u00e9ficiaient jusque-l\u00e0 des retomb\u00e9es \u00e9conomiques et scientifiques du secteur. Certains producteurs ont d\u00e9j\u00e0 mis la cl\u00e9 sous la porte, incapables de rivaliser financi\u00e8rement ou de conserver leurs parts de march\u00e9 face \u00e0 une concurrence \u00e9trang\u00e8re dop\u00e9e aux subventions et \u00e0 la logistique bien rod\u00e9e \u2708\ufe0f.\n<h2>la perte d\u2019un savoir-faire national pr\u00e9cieux \ud83e\udde0<\/h2>\nCe que beaucoup ne r\u00e9alisent pas, c\u2019est que derri\u00e8re chaque gramme de cannabis australien, il y a une expertise pr\u00e9cieuse, des ann\u00e9es d\u2019exp\u00e9riences adapt\u00e9es aux sp\u00e9cificit\u00e9s locales, un respect rigoureux des normes de qualit\u00e9 et une volont\u00e9 de b\u00e2tir une fili\u00e8re durable \ud83c\udf3e. Chaque acteur de la cha\u00eene poss\u00e8de un savoir-faire irrempla\u00e7able. Si cette industrie meurt, c\u2019est tout un pan de connaissance agricole, m\u00e9dicinale et \u00e9conomique qui dispara\u00eetra avec elle \ud83d\ude1e.\n<h2>le besoin urgent de protection r\u00e9glementaire \u23f3<\/h2>\nProt\u00e9ger l\u2019industrie australienne du cannabis m\u00e9dical ne signifie pas fermer la porte aux importations. Il s\u2019agit plut\u00f4t de redonner une juste chance aux cultivateurs locaux, de leur permettre de prosp\u00e9rer dans un environnement \u00e9quilibr\u00e9 \u2696\ufe0f. Cela pourrait passer par des quotas d\u2019importation, des subventions d\u00e9di\u00e9es \u00e0 la fili\u00e8re nationale ou encore une politique de \u00ab\u00a0buy local\u00a0\u00bb incitant les m\u00e9decins et distributeurs \u00e0 privil\u00e9gier les produits australiens. Car apr\u00e8s tout, un secteur aussi prometteur que celui-ci m\u00e9rite plus qu\u2019un abandon silencieux \ud83d\udde3\ufe0f.\n<h2>l\u2019exemple \u00e0 suivre : d\u2019autres march\u00e9s ont r\u00e9agi \ud83d\udca1<\/h2>\nLe Canada, par exemple, bien qu&rsquo;il soit lui-m\u00eame un exportateur, a su g\u00e9rer la mont\u00e9e en puissance de son industrie locale sans totalement l&rsquo;\u00e9touffer sous les flux \u00e9trangers. L&rsquo;Allemagne, elle aussi, impose des standards de qualit\u00e9 et des politiques tarifaires permettant aux producteurs locaux de cohabiter avec les produits import\u00e9s \ud83d\udee1\ufe0f. Pourquoi l\u2019Australie ne pourrait-elle pas faire de m\u00eame ? L\u2019avenir du secteur d\u00e9pend en grande partie de la capacit\u00e9 des r\u00e9gulateurs \u00e0 agir rapidement et intelligemment \ud83c\udfdb\ufe0f.\n<h2>un appel aux consommateurs et aux d\u00e9cideurs \ud83e\udd1d<\/h2>\nToi aussi, tu peux faire la diff\u00e9rence. En t&rsquo;informant sur la provenance des produits que tu consommes, en encourageant l\u2019achat local et en relayant l\u2019importance de soutenir une industrie nationale, tu renforces une fili\u00e8re qui, au-del\u00e0 de l\u2019\u00e9conomie, touche \u00e0 la sant\u00e9 publique, \u00e0 l\u2019innovation m\u00e9dicale et \u00e0 l\u2019ind\u00e9pendance agricole du pays \ud83c\udf0f. Chaque geste compte, et chaque mot compte aussi. Parle-en autour de toi, partage les enjeux et d\u00e9fends cette richesse verte qui pousse chez toi \ud83c\udf31.\n<h2>conclusion : un avenir \u00e0 cultiver ensemble \ud83c\udf1e<\/h2>\nL\u2019Australie poss\u00e8de tous les atouts n\u00e9cessaires pour devenir une puissance du cannabis m\u00e9dical : un climat id\u00e9al, une expertise technique remarquable, et une volont\u00e9 politique encore perfectible mais bien pr\u00e9sente \ud83d\udcbc. Cependant, la survie de cette ambition passe par une protection \u00e9quitable de ceux qui ont cru en ce secteur depuis le d\u00e9but. Ensemble, soutenons un avenir cultiv\u00e9 avec soin, enracin\u00e9 dans l\u2019innovation et port\u00e9 par les producteurs locaux \ud83d\udcaa. <a href=\"https:\/\/gardenz.fr\/news\">Tu veux continuer ta lecture ? D\u00e9couvre d&rsquo;autres articles en cliquant ici.<\/a><\/div>\n\n<div class=\"wp-block-group is-layout-constrained wp-block-group-is-layout-constrained\">\n<div class=\"wp-block-columns is-layout-flex wp-container-core-columns-is-layout-28f84493 wp-block-columns-is-layout-flex\">\n<div class=\"wp-block-column is-layout-flow wp-block-column-is-layout-flow\" style=\"flex-basis:20%\">\n<figure class=\"wp-block-image size-full\"><a href=\"https:\/\/www.gardenz.fr\/3-fleur-de-chanvre-cbd\"><img fetchpriority=\"high\" decoding=\"async\" width=\"424\" height=\"600\" src=\"https:\/\/www.gardenz.fr\/news\/wp-content\/uploads\/2025\/03\/FLEUR-DE-CHANVRE-CBD.webp\" alt=\"FLEUR-DE-CHANVRE-CBD\" class=\"wp-image-17519\" srcset=\"https:\/\/www.gardenz.fr\/news\/wp-content\/uploads\/2025\/03\/FLEUR-DE-CHANVRE-CBD.webp 424w, https:\/\/www.gardenz.fr\/news\/wp-content\/uploads\/2025\/03\/FLEUR-DE-CHANVRE-CBD-212x300.webp 212w\" sizes=\"(max-width: 424px) 100vw, 424px\" \/><\/a><\/figure>\n<\/div>\n\n\n\n<div class=\"wp-block-column is-layout-flow wp-block-column-is-layout-flow\" style=\"flex-basis:20%\">\n<figure class=\"wp-block-image size-full\"><a href=\"https:\/\/www.gardenz.fr\/6--resine-cbd\"><img decoding=\"async\" width=\"424\" height=\"600\" src=\"https:\/\/www.gardenz.fr\/news\/wp-content\/uploads\/2025\/03\/RESINE-CBD.webp\" alt=\"R\u00c9SINE-CBD\" class=\"wp-image-17515\" srcset=\"https:\/\/www.gardenz.fr\/news\/wp-content\/uploads\/2025\/03\/RESINE-CBD.webp 424w, https:\/\/www.gardenz.fr\/news\/wp-content\/uploads\/2025\/03\/RESINE-CBD-212x300.webp 212w\" sizes=\"(max-width: 424px) 100vw, 424px\" \/><\/a><\/figure>\n<\/div>\n\n\n\n<div class=\"wp-block-column is-layout-flow wp-block-column-is-layout-flow\" style=\"flex-basis:20%\">\n<figure class=\"wp-block-image size-full\"><a href=\"https:\/\/www.gardenz.fr\/511--weed-psycho\"><img decoding=\"async\" width=\"424\" height=\"600\" src=\"https:\/\/www.gardenz.fr\/news\/wp-content\/uploads\/2025\/03\/PSYCHOACTIFS.webp\" alt=\"PSYCHOACTIFS\" class=\"wp-image-17517\" srcset=\"https:\/\/www.gardenz.fr\/news\/wp-content\/uploads\/2025\/03\/PSYCHOACTIFS.webp 424w, https:\/\/www.gardenz.fr\/news\/wp-content\/uploads\/2025\/03\/PSYCHOACTIFS-212x300.webp 212w\" sizes=\"(max-width: 424px) 100vw, 424px\" \/><\/a><\/figure>\n<\/div>\n\n\n\n<div class=\"wp-block-column is-layout-flow wp-block-column-is-layout-flow\" style=\"flex-basis:20%\">\n<figure class=\"wp-block-image size-full\"><a href=\"https:\/\/www.gardenz.fr\/562--accessoires-weed\"><img loading=\"lazy\" decoding=\"async\" width=\"424\" height=\"600\" src=\"https:\/\/www.gardenz.fr\/news\/wp-content\/uploads\/2025\/03\/ACCESSOIRED.webp\" alt=\"\" class=\"wp-image-17520\" srcset=\"https:\/\/www.gardenz.fr\/news\/wp-content\/uploads\/2025\/03\/ACCESSOIRED.webp 424w, https:\/\/www.gardenz.fr\/news\/wp-content\/uploads\/2025\/03\/ACCESSOIRED-212x300.webp 212w\" sizes=\"(max-width: 424px) 100vw, 424px\" \/><\/a><\/figure>\n<\/div>\n\n\n\n<div class=\"wp-block-column is-layout-flow wp-block-column-is-layout-flow\" style=\"flex-basis:20%\">\n<figure class=\"wp-block-image size-full\"><a href=\"https:\/\/www.gardenz.fr\/284--vaporisateur-weed\"><img loading=\"lazy\" decoding=\"async\" width=\"424\" height=\"600\" src=\"https:\/\/www.gardenz.fr\/news\/wp-content\/uploads\/2025\/03\/VAPORISATEUR-WEED.webp\" alt=\"VAPORISATEUR-WEED\" class=\"wp-image-17514\" srcset=\"https:\/\/www.gardenz.fr\/news\/wp-content\/uploads\/2025\/03\/VAPORISATEUR-WEED.webp 424w, https:\/\/www.gardenz.fr\/news\/wp-content\/uploads\/2025\/03\/VAPORISATEUR-WEED-212x300.webp 212w\" sizes=\"(max-width: 424px) 100vw, 424px\" \/><\/a><\/figure>\n<\/div>\n<\/div>\n<\/div>\n\t\t\t\t\t\t\t\t<\/div>\n\t\t\t\t<\/div>\n\t\t\t\t\t<\/div>\n\t\t<\/div>\n\t\t\t\t\t<\/div>\n\t\t<\/section>\n\t\t\t\t<\/div>\n\t\t","protected":false},"excerpt":{"rendered":"<p>Le cannabis m\u00e9dical australien en p\u00e9ril face aux importations \ud83c\udf0d Imagine un march\u00e9 en plein essor, nourri par des ann\u00e9es d&rsquo;efforts, de r\u00e9gulations strictes, d\u2019investissements massifs et surtout, par la passion de cultivateurs convaincus par les vertus du cannabis m\u00e9dical \ud83c\udf3f. Maintenant, visualise ce m\u00eame march\u00e9, freinant brusquement sa croissance, paralys\u00e9 par l\u2019arriv\u00e9e massive de [&hellip;]<\/p>\n","protected":false},"author":18,"featured_media":18300,"comment_status":"closed","ping_status":"","sticky":false,"template":"","format":"standard","meta":{"site-sidebar-layout":"default","site-content-layout":"","ast-site-content-layout":"default","site-content-style":"default","site-sidebar-style":"default","ast-global-header-display":"","ast-banner-title-visibility":"","ast-main-header-display":"","ast-hfb-above-header-display":"","ast-hfb-below-header-display":"","ast-hfb-mobile-header-display":"","site-post-title":"","ast-breadcrumbs-content":"","ast-featured-img":"","footer-sml-layout":"","ast-disable-related-posts":"","theme-transparent-header-meta":"","adv-header-id-meta":"","stick-header-meta":"","header-above-stick-meta":"","header-main-stick-meta":"","header-below-stick-meta":"","astra-migrate-meta-layouts":"default","ast-page-background-enabled":"default","ast-page-background-meta":{"desktop":{"background-color":"var(--ast-global-color-4)","background-image":"","background-repeat":"repeat","background-position":"center center","background-size":"auto","background-attachment":"scroll","background-type":"","background-media":"","overlay-type":"","overlay-color":"","overlay-opacity":"","overlay-gradient":""},"tablet":{"background-color":"","background-image":"","background-repeat":"repeat","background-position":"center center","background-size":"auto","background-attachment":"scroll","background-type":"","background-media":"","overlay-type":"","overlay-color":"","overlay-opacity":"","overlay-gradient":""},"mobile":{"background-color":"","background-image":"","background-repeat":"repeat","background-position":"center center","background-size":"auto","background-attachment":"scroll","background-type":"","background-media":"","overlay-type":"","overlay-color":"","overlay-opacity":"","overlay-gradient":""}},"ast-content-background-meta":{"desktop":{"background-color":"var(--ast-global-color-5)","background-image":"","background-repeat":"repeat","background-position":"center center","background-size":"auto","background-attachment":"scroll","background-type":"","background-media":"","overlay-type":"","overlay-color":"","overlay-opacity":"","overlay-gradient":""},"tablet":{"background-color":"var(--ast-global-color-5)","background-image":"","background-repeat":"repeat","background-position":"center center","background-size":"auto","background-attachment":"scroll","background-type":"","background-media":"","overlay-type":"","overlay-color":"","overlay-opacity":"","overlay-gradient":""},"mobile":{"background-color":"var(--ast-global-color-5)","background-image":"","background-repeat":"repeat","background-position":"center center","background-size":"auto","background-attachment":"scroll","background-type":"","background-media":"","overlay-type":"","overlay-color":"","overlay-opacity":"","overlay-gradient":""}},"footnotes":""},"categories":[1],"tags":[],"class_list":["post-18301","post","type-post","status-publish","format-standard","has-post-thumbnail","hentry","category-non-classe"],"yoast_head":"<!-- This site is optimized with the Yoast SEO plugin v27.5 - https:\/\/yoast.com\/product\/yoast-seo-wordpress\/ -->\n<title>\ud83d\udca1 Producteurs australiens de cannabis m\u00e9dical inquiets face aux importations<\/title>\n<meta name=\"description\" content=\"\ud83c\udf3f Producteurs australiens de cannabis m\u00e9dical inquiets face \u00e0 l&#039;arriv\u00e9e massive d&#039;importations sur le march\u00e9.\" \/>\n<meta name=\"robots\" content=\"index, follow, max-snippet:-1, max-image-preview:large, max-video-preview:-1\" \/>\n<link rel=\"canonical\" href=\"https:\/\/www.gardenz.fr\/news\/2025\/05\/13\/producteurs-australiens-de-cannabis-medical-preoccupes-par-linondation-du-marche-par-les-importations\/\" \/>\n<meta property=\"og:locale\" content=\"fr_FR\" \/>\n<meta property=\"og:type\" content=\"article\" \/>\n<meta property=\"og:title\" content=\"\ud83d\udca1 Producteurs australiens de cannabis m\u00e9dical inquiets face aux importations\" \/>\n<meta property=\"og:description\" content=\"\ud83c\udf3f Producteurs australiens de cannabis m\u00e9dical inquiets face \u00e0 l&#039;arriv\u00e9e massive d&#039;importations sur le march\u00e9.\" \/>\n<meta property=\"og:url\" content=\"https:\/\/www.gardenz.fr\/news\/2025\/05\/13\/producteurs-australiens-de-cannabis-medical-preoccupes-par-linondation-du-marche-par-les-importations\/\" \/>\n<meta property=\"og:site_name\" content=\"Le Blog de Gardenz\" \/>\n<meta property=\"article:published_time\" content=\"2025-05-13T09:21:29+00:00\" \/>\n<meta property=\"article:modified_time\" content=\"2025-07-22T13:10:35+00:00\" \/>\n<meta property=\"og:image\" content=\"https:\/\/www.gardenz.fr\/news\/wp-content\/uploads\/2025\/05\/Producteurs-australiens-de-cannabis-medical-preoccupes-par-linondation-du-marche-par-les-importationssanitize-2025-05-13T092126.688Z.jpg\" \/>\n\t<meta property=\"og:image:width\" content=\"900\" \/>\n\t<meta property=\"og:image:height\" content=\"250\" \/>\n\t<meta property=\"og:image:type\" content=\"image\/jpeg\" \/>\n<meta name=\"author\" content=\"Idan Melicio\" \/>\n<meta name=\"twitter:card\" content=\"summary_large_image\" \/>\n<meta name=\"twitter:label1\" content=\"\u00c9crit par\" \/>\n\t<meta name=\"twitter:data1\" content=\"Idan Melicio\" \/>\n\t<meta name=\"twitter:label2\" content=\"Dur\u00e9e de lecture estim\u00e9e\" \/>\n\t<meta name=\"twitter:data2\" content=\"10 minutes\" \/>\n<script type=\"application\/ld+json\" class=\"yoast-schema-graph\">{\"@context\":\"https:\\\/\\\/schema.org\",\"@graph\":[{\"@type\":\"Article\",\"@id\":\"https:\\\/\\\/www.gardenz.fr\\\/news\\\/2025\\\/05\\\/13\\\/producteurs-australiens-de-cannabis-medical-preoccupes-par-linondation-du-marche-par-les-importations\\\/#article\",\"isPartOf\":{\"@id\":\"https:\\\/\\\/www.gardenz.fr\\\/news\\\/2025\\\/05\\\/13\\\/producteurs-australiens-de-cannabis-medical-preoccupes-par-linondation-du-marche-par-les-importations\\\/\"},\"author\":{\"name\":\"Idan Melicio\",\"@id\":\"https:\\\/\\\/www.gardenz.fr\\\/news\\\/#\\\/schema\\\/person\\\/4c29b13eadec7d3b7f81d3dc8253aa72\"},\"headline\":\"Producteurs australiens de cannabis m\u00e9dical pr\u00e9occup\u00e9s par l&rsquo;inondation du march\u00e9 par les importations\",\"datePublished\":\"2025-05-13T09:21:29+00:00\",\"dateModified\":\"2025-07-22T13:10:35+00:00\",\"mainEntityOfPage\":{\"@id\":\"https:\\\/\\\/www.gardenz.fr\\\/news\\\/2025\\\/05\\\/13\\\/producteurs-australiens-de-cannabis-medical-preoccupes-par-linondation-du-marche-par-les-importations\\\/\"},\"wordCount\":918,\"publisher\":{\"@id\":\"https:\\\/\\\/www.gardenz.fr\\\/news\\\/#organization\"},\"image\":{\"@id\":\"https:\\\/\\\/www.gardenz.fr\\\/news\\\/2025\\\/05\\\/13\\\/producteurs-australiens-de-cannabis-medical-preoccupes-par-linondation-du-marche-par-les-importations\\\/#primaryimage\"},\"thumbnailUrl\":\"https:\\\/\\\/www.gardenz.fr\\\/news\\\/wp-content\\\/uploads\\\/2025\\\/05\\\/Producteurs-australiens-de-cannabis-medical-preoccupes-par-linondation-du-marche-par-les-importationssanitize-2025-05-13T092126.688Z.jpg\",\"articleSection\":[\"GENERAL\"],\"inLanguage\":\"fr-FR\"},{\"@type\":\"WebPage\",\"@id\":\"https:\\\/\\\/www.gardenz.fr\\\/news\\\/2025\\\/05\\\/13\\\/producteurs-australiens-de-cannabis-medical-preoccupes-par-linondation-du-marche-par-les-importations\\\/\",\"url\":\"https:\\\/\\\/www.gardenz.fr\\\/news\\\/2025\\\/05\\\/13\\\/producteurs-australiens-de-cannabis-medical-preoccupes-par-linondation-du-marche-par-les-importations\\\/\",\"name\":\"\ud83d\udca1 Producteurs australiens de cannabis m\u00e9dical inquiets face aux importations\",\"isPartOf\":{\"@id\":\"https:\\\/\\\/www.gardenz.fr\\\/news\\\/#website\"},\"primaryImageOfPage\":{\"@id\":\"https:\\\/\\\/www.gardenz.fr\\\/news\\\/2025\\\/05\\\/13\\\/producteurs-australiens-de-cannabis-medical-preoccupes-par-linondation-du-marche-par-les-importations\\\/#primaryimage\"},\"image\":{\"@id\":\"https:\\\/\\\/www.gardenz.fr\\\/news\\\/2025\\\/05\\\/13\\\/producteurs-australiens-de-cannabis-medical-preoccupes-par-linondation-du-marche-par-les-importations\\\/#primaryimage\"},\"thumbnailUrl\":\"https:\\\/\\\/www.gardenz.fr\\\/news\\\/wp-content\\\/uploads\\\/2025\\\/05\\\/Producteurs-australiens-de-cannabis-medical-preoccupes-par-linondation-du-marche-par-les-importationssanitize-2025-05-13T092126.688Z.jpg\",\"datePublished\":\"2025-05-13T09:21:29+00:00\",\"dateModified\":\"2025-07-22T13:10:35+00:00\",\"description\":\"\ud83c\udf3f Producteurs australiens de cannabis m\u00e9dical inquiets face \u00e0 l'arriv\u00e9e massive d'importations sur le march\u00e9.\",\"breadcrumb\":{\"@id\":\"https:\\\/\\\/www.gardenz.fr\\\/news\\\/2025\\\/05\\\/13\\\/producteurs-australiens-de-cannabis-medical-preoccupes-par-linondation-du-marche-par-les-importations\\\/#breadcrumb\"},\"inLanguage\":\"fr-FR\",\"potentialAction\":[{\"@type\":\"ReadAction\",\"target\":[\"https:\\\/\\\/www.gardenz.fr\\\/news\\\/2025\\\/05\\\/13\\\/producteurs-australiens-de-cannabis-medical-preoccupes-par-linondation-du-marche-par-les-importations\\\/\"]}]},{\"@type\":\"ImageObject\",\"inLanguage\":\"fr-FR\",\"@id\":\"https:\\\/\\\/www.gardenz.fr\\\/news\\\/2025\\\/05\\\/13\\\/producteurs-australiens-de-cannabis-medical-preoccupes-par-linondation-du-marche-par-les-importations\\\/#primaryimage\",\"url\":\"https:\\\/\\\/www.gardenz.fr\\\/news\\\/wp-content\\\/uploads\\\/2025\\\/05\\\/Producteurs-australiens-de-cannabis-medical-preoccupes-par-linondation-du-marche-par-les-importationssanitize-2025-05-13T092126.688Z.jpg\",\"contentUrl\":\"https:\\\/\\\/www.gardenz.fr\\\/news\\\/wp-content\\\/uploads\\\/2025\\\/05\\\/Producteurs-australiens-de-cannabis-medical-preoccupes-par-linondation-du-marche-par-les-importationssanitize-2025-05-13T092126.688Z.jpg\",\"width\":900,\"height\":250,\"caption\":\"Producteurs australiens de cannabis m\u00e9dical pr\u00e9occup\u00e9s par l'inondation du march\u00e9 par les importations\"},{\"@type\":\"BreadcrumbList\",\"@id\":\"https:\\\/\\\/www.gardenz.fr\\\/news\\\/2025\\\/05\\\/13\\\/producteurs-australiens-de-cannabis-medical-preoccupes-par-linondation-du-marche-par-les-importations\\\/#breadcrumb\",\"itemListElement\":[{\"@type\":\"ListItem\",\"position\":1,\"name\":\"Accueil\",\"item\":\"https:\\\/\\\/www.gardenz.fr\\\/news\\\/\"},{\"@type\":\"ListItem\",\"position\":2,\"name\":\"Producteurs australiens de cannabis m\u00e9dical pr\u00e9occup\u00e9s par l&rsquo;inondation du march\u00e9 par les importations\"}]},{\"@type\":\"WebSite\",\"@id\":\"https:\\\/\\\/www.gardenz.fr\\\/news\\\/#website\",\"url\":\"https:\\\/\\\/www.gardenz.fr\\\/news\\\/\",\"name\":\"Le Blog de Gardenz\",\"description\":\"Best quality CBD\",\"publisher\":{\"@id\":\"https:\\\/\\\/www.gardenz.fr\\\/news\\\/#organization\"},\"potentialAction\":[{\"@type\":\"SearchAction\",\"target\":{\"@type\":\"EntryPoint\",\"urlTemplate\":\"https:\\\/\\\/www.gardenz.fr\\\/news\\\/?s={search_term_string}\"},\"query-input\":{\"@type\":\"PropertyValueSpecification\",\"valueRequired\":true,\"valueName\":\"search_term_string\"}}],\"inLanguage\":\"fr-FR\"},{\"@type\":\"Organization\",\"@id\":\"https:\\\/\\\/www.gardenz.fr\\\/news\\\/#organization\",\"name\":\"Le Blog de Gardenz\",\"url\":\"https:\\\/\\\/www.gardenz.fr\\\/news\\\/\",\"logo\":{\"@type\":\"ImageObject\",\"inLanguage\":\"fr-FR\",\"@id\":\"https:\\\/\\\/www.gardenz.fr\\\/news\\\/#\\\/schema\\\/logo\\\/image\\\/\",\"url\":\"https:\\\/\\\/www.gardenz.fr\\\/news\\\/wp-content\\\/uploads\\\/2022\\\/06\\\/logo-gardenz-feuille-blanc-final.png\",\"contentUrl\":\"https:\\\/\\\/www.gardenz.fr\\\/news\\\/wp-content\\\/uploads\\\/2022\\\/06\\\/logo-gardenz-feuille-blanc-final.png\",\"width\":459,\"height\":200,\"caption\":\"Le Blog de Gardenz\"},\"image\":{\"@id\":\"https:\\\/\\\/www.gardenz.fr\\\/news\\\/#\\\/schema\\\/logo\\\/image\\\/\"}},{\"@type\":\"Person\",\"@id\":\"https:\\\/\\\/www.gardenz.fr\\\/news\\\/#\\\/schema\\\/person\\\/4c29b13eadec7d3b7f81d3dc8253aa72\",\"name\":\"Idan Melicio\",\"image\":{\"@type\":\"ImageObject\",\"inLanguage\":\"fr-FR\",\"@id\":\"https:\\\/\\\/secure.gravatar.com\\\/avatar\\\/a4fed9bf268062e3c5884e1b9288f4a54517dd9041d8c562678849f7f1c1eb43?s=96&d=mm&r=g\",\"url\":\"https:\\\/\\\/secure.gravatar.com\\\/avatar\\\/a4fed9bf268062e3c5884e1b9288f4a54517dd9041d8c562678849f7f1c1eb43?s=96&d=mm&r=g\",\"contentUrl\":\"https:\\\/\\\/secure.gravatar.com\\\/avatar\\\/a4fed9bf268062e3c5884e1b9288f4a54517dd9041d8c562678849f7f1c1eb43?s=96&d=mm&r=g\",\"caption\":\"Idan Melicio\"},\"url\":\"https:\\\/\\\/www.gardenz.fr\\\/news\\\/author\\\/idan-milecio\\\/\"}]}<\/script>\n<!-- \/ Yoast SEO plugin. -->","yoast_head_json":{"title":"\ud83d\udca1 Producteurs australiens de cannabis m\u00e9dical inquiets face aux importations","description":"\ud83c\udf3f Producteurs australiens de cannabis m\u00e9dical inquiets face \u00e0 l'arriv\u00e9e massive d'importations sur le march\u00e9.","robots":{"index":"index","follow":"follow","max-snippet":"max-snippet:-1","max-image-preview":"max-image-preview:large","max-video-preview":"max-video-preview:-1"},"canonical":"https:\/\/www.gardenz.fr\/news\/2025\/05\/13\/producteurs-australiens-de-cannabis-medical-preoccupes-par-linondation-du-marche-par-les-importations\/","og_locale":"fr_FR","og_type":"article","og_title":"\ud83d\udca1 Producteurs australiens de cannabis m\u00e9dical inquiets face aux importations","og_description":"\ud83c\udf3f Producteurs australiens de cannabis m\u00e9dical inquiets face \u00e0 l'arriv\u00e9e massive d'importations sur le march\u00e9.","og_url":"https:\/\/www.gardenz.fr\/news\/2025\/05\/13\/producteurs-australiens-de-cannabis-medical-preoccupes-par-linondation-du-marche-par-les-importations\/","og_site_name":"Le Blog de Gardenz","article_published_time":"2025-05-13T09:21:29+00:00","article_modified_time":"2025-07-22T13:10:35+00:00","og_image":[{"width":900,"height":250,"url":"https:\/\/www.gardenz.fr\/news\/wp-content\/uploads\/2025\/05\/Producteurs-australiens-de-cannabis-medical-preoccupes-par-linondation-du-marche-par-les-importationssanitize-2025-05-13T092126.688Z.jpg","type":"image\/jpeg"}],"author":"Idan Melicio","twitter_card":"summary_large_image","twitter_misc":{"\u00c9crit par":"Idan Melicio","Dur\u00e9e de lecture estim\u00e9e":"10 minutes"},"schema":{"@context":"https:\/\/schema.org","@graph":[{"@type":"Article","@id":"https:\/\/www.gardenz.fr\/news\/2025\/05\/13\/producteurs-australiens-de-cannabis-medical-preoccupes-par-linondation-du-marche-par-les-importations\/#article","isPartOf":{"@id":"https:\/\/www.gardenz.fr\/news\/2025\/05\/13\/producteurs-australiens-de-cannabis-medical-preoccupes-par-linondation-du-marche-par-les-importations\/"},"author":{"name":"Idan Melicio","@id":"https:\/\/www.gardenz.fr\/news\/#\/schema\/person\/4c29b13eadec7d3b7f81d3dc8253aa72"},"headline":"Producteurs australiens de cannabis m\u00e9dical pr\u00e9occup\u00e9s par l&rsquo;inondation du march\u00e9 par les importations","datePublished":"2025-05-13T09:21:29+00:00","dateModified":"2025-07-22T13:10:35+00:00","mainEntityOfPage":{"@id":"https:\/\/www.gardenz.fr\/news\/2025\/05\/13\/producteurs-australiens-de-cannabis-medical-preoccupes-par-linondation-du-marche-par-les-importations\/"},"wordCount":918,"publisher":{"@id":"https:\/\/www.gardenz.fr\/news\/#organization"},"image":{"@id":"https:\/\/www.gardenz.fr\/news\/2025\/05\/13\/producteurs-australiens-de-cannabis-medical-preoccupes-par-linondation-du-marche-par-les-importations\/#primaryimage"},"thumbnailUrl":"https:\/\/www.gardenz.fr\/news\/wp-content\/uploads\/2025\/05\/Producteurs-australiens-de-cannabis-medical-preoccupes-par-linondation-du-marche-par-les-importationssanitize-2025-05-13T092126.688Z.jpg","articleSection":["GENERAL"],"inLanguage":"fr-FR"},{"@type":"WebPage","@id":"https:\/\/www.gardenz.fr\/news\/2025\/05\/13\/producteurs-australiens-de-cannabis-medical-preoccupes-par-linondation-du-marche-par-les-importations\/","url":"https:\/\/www.gardenz.fr\/news\/2025\/05\/13\/producteurs-australiens-de-cannabis-medical-preoccupes-par-linondation-du-marche-par-les-importations\/","name":"\ud83d\udca1 Producteurs australiens de cannabis m\u00e9dical inquiets face aux importations","isPartOf":{"@id":"https:\/\/www.gardenz.fr\/news\/#website"},"primaryImageOfPage":{"@id":"https:\/\/www.gardenz.fr\/news\/2025\/05\/13\/producteurs-australiens-de-cannabis-medical-preoccupes-par-linondation-du-marche-par-les-importations\/#primaryimage"},"image":{"@id":"https:\/\/www.gardenz.fr\/news\/2025\/05\/13\/producteurs-australiens-de-cannabis-medical-preoccupes-par-linondation-du-marche-par-les-importations\/#primaryimage"},"thumbnailUrl":"https:\/\/www.gardenz.fr\/news\/wp-content\/uploads\/2025\/05\/Producteurs-australiens-de-cannabis-medical-preoccupes-par-linondation-du-marche-par-les-importationssanitize-2025-05-13T092126.688Z.jpg","datePublished":"2025-05-13T09:21:29+00:00","dateModified":"2025-07-22T13:10:35+00:00","description":"\ud83c\udf3f Producteurs australiens de cannabis m\u00e9dical inquiets face \u00e0 l'arriv\u00e9e massive d'importations sur le march\u00e9.","breadcrumb":{"@id":"https:\/\/www.gardenz.fr\/news\/2025\/05\/13\/producteurs-australiens-de-cannabis-medical-preoccupes-par-linondation-du-marche-par-les-importations\/#breadcrumb"},"inLanguage":"fr-FR","potentialAction":[{"@type":"ReadAction","target":["https:\/\/www.gardenz.fr\/news\/2025\/05\/13\/producteurs-australiens-de-cannabis-medical-preoccupes-par-linondation-du-marche-par-les-importations\/"]}]},{"@type":"ImageObject","inLanguage":"fr-FR","@id":"https:\/\/www.gardenz.fr\/news\/2025\/05\/13\/producteurs-australiens-de-cannabis-medical-preoccupes-par-linondation-du-marche-par-les-importations\/#primaryimage","url":"https:\/\/www.gardenz.fr\/news\/wp-content\/uploads\/2025\/05\/Producteurs-australiens-de-cannabis-medical-preoccupes-par-linondation-du-marche-par-les-importationssanitize-2025-05-13T092126.688Z.jpg","contentUrl":"https:\/\/www.gardenz.fr\/news\/wp-content\/uploads\/2025\/05\/Producteurs-australiens-de-cannabis-medical-preoccupes-par-linondation-du-marche-par-les-importationssanitize-2025-05-13T092126.688Z.jpg","width":900,"height":250,"caption":"Producteurs australiens de cannabis m\u00e9dical pr\u00e9occup\u00e9s par l'inondation du march\u00e9 par les importations"},{"@type":"BreadcrumbList","@id":"https:\/\/www.gardenz.fr\/news\/2025\/05\/13\/producteurs-australiens-de-cannabis-medical-preoccupes-par-linondation-du-marche-par-les-importations\/#breadcrumb","itemListElement":[{"@type":"ListItem","position":1,"name":"Accueil","item":"https:\/\/www.gardenz.fr\/news\/"},{"@type":"ListItem","position":2,"name":"Producteurs australiens de cannabis m\u00e9dical pr\u00e9occup\u00e9s par l&rsquo;inondation du march\u00e9 par les importations"}]},{"@type":"WebSite","@id":"https:\/\/www.gardenz.fr\/news\/#website","url":"https:\/\/www.gardenz.fr\/news\/","name":"Le Blog de Gardenz","description":"Best quality CBD","publisher":{"@id":"https:\/\/www.gardenz.fr\/news\/#organization"},"potentialAction":[{"@type":"SearchAction","target":{"@type":"EntryPoint","urlTemplate":"https:\/\/www.gardenz.fr\/news\/?s={search_term_string}"},"query-input":{"@type":"PropertyValueSpecification","valueRequired":true,"valueName":"search_term_string"}}],"inLanguage":"fr-FR"},{"@type":"Organization","@id":"https:\/\/www.gardenz.fr\/news\/#organization","name":"Le Blog de Gardenz","url":"https:\/\/www.gardenz.fr\/news\/","logo":{"@type":"ImageObject","inLanguage":"fr-FR","@id":"https:\/\/www.gardenz.fr\/news\/#\/schema\/logo\/image\/","url":"https:\/\/www.gardenz.fr\/news\/wp-content\/uploads\/2022\/06\/logo-gardenz-feuille-blanc-final.png","contentUrl":"https:\/\/www.gardenz.fr\/news\/wp-content\/uploads\/2022\/06\/logo-gardenz-feuille-blanc-final.png","width":459,"height":200,"caption":"Le Blog de Gardenz"},"image":{"@id":"https:\/\/www.gardenz.fr\/news\/#\/schema\/logo\/image\/"}},{"@type":"Person","@id":"https:\/\/www.gardenz.fr\/news\/#\/schema\/person\/4c29b13eadec7d3b7f81d3dc8253aa72","name":"Idan Melicio","image":{"@type":"ImageObject","inLanguage":"fr-FR","@id":"https:\/\/secure.gravatar.com\/avatar\/a4fed9bf268062e3c5884e1b9288f4a54517dd9041d8c562678849f7f1c1eb43?s=96&d=mm&r=g","url":"https:\/\/secure.gravatar.com\/avatar\/a4fed9bf268062e3c5884e1b9288f4a54517dd9041d8c562678849f7f1c1eb43?s=96&d=mm&r=g","contentUrl":"https:\/\/secure.gravatar.com\/avatar\/a4fed9bf268062e3c5884e1b9288f4a54517dd9041d8c562678849f7f1c1eb43?s=96&d=mm&r=g","caption":"Idan Melicio"},"url":"https:\/\/www.gardenz.fr\/news\/author\/idan-milecio\/"}]}},"_links":{"self":[{"href":"https:\/\/www.gardenz.fr\/news\/wp-json\/wp\/v2\/posts\/18301","targetHints":{"allow":["GET"]}}],"collection":[{"href":"https:\/\/www.gardenz.fr\/news\/wp-json\/wp\/v2\/posts"}],"about":[{"href":"https:\/\/www.gardenz.fr\/news\/wp-json\/wp\/v2\/types\/post"}],"author":[{"embeddable":true,"href":"https:\/\/www.gardenz.fr\/news\/wp-json\/wp\/v2\/users\/18"}],"replies":[{"embeddable":true,"href":"https:\/\/www.gardenz.fr\/news\/wp-json\/wp\/v2\/comments?post=18301"}],"version-history":[{"count":3,"href":"https:\/\/www.gardenz.fr\/news\/wp-json\/wp\/v2\/posts\/18301\/revisions"}],"predecessor-version":[{"id":18855,"href":"https:\/\/www.gardenz.fr\/news\/wp-json\/wp\/v2\/posts\/18301\/revisions\/18855"}],"wp:featuredmedia":[{"embeddable":true,"href":"https:\/\/www.gardenz.fr\/news\/wp-json\/wp\/v2\/media\/18300"}],"wp:attachment":[{"href":"https:\/\/www.gardenz.fr\/news\/wp-json\/wp\/v2\/media?parent=18301"}],"wp:term":[{"taxonomy":"category","embeddable":true,"href":"https:\/\/www.gardenz.fr\/news\/wp-json\/wp\/v2\/categories?post=18301"},{"taxonomy":"post_tag","embeddable":true,"href":"https:\/\/www.gardenz.fr\/news\/wp-json\/wp\/v2\/tags?post=18301"}],"curies":[{"name":"wp","href":"https:\/\/api.w.org\/{rel}","templated":true}]}}