{"id":18303,"date":"2025-05-13T11:22:24","date_gmt":"2025-05-13T09:22:24","guid":{"rendered":"https:\/\/www.gardenz.fr\/news\/2025\/05\/13\/le-cannabis-moins-nocif-pour-les-poumons-que-le-tabac-dapres-une-etude\/"},"modified":"2025-07-22T15:07:48","modified_gmt":"2025-07-22T13:07:48","slug":"le-cannabis-moins-nocif-pour-les-poumons-que-le-tabac-dapres-une-etude","status":"publish","type":"post","link":"https:\/\/www.gardenz.fr\/news\/2025\/05\/13\/le-cannabis-moins-nocif-pour-les-poumons-que-le-tabac-dapres-une-etude\/","title":{"rendered":"Le cannabis moins nocif pour les poumons que le tabac, d&rsquo;apr\u00e8s une \u00e9tude"},"content":{"rendered":"\t\t<div data-elementor-type=\"wp-post\" data-elementor-id=\"18303\" class=\"elementor elementor-18303\">\n\t\t\t\t\t\t<section class=\"elementor-section elementor-top-section elementor-element elementor-element-f752e0f elementor-section-boxed elementor-section-height-default elementor-section-height-default\" data-id=\"f752e0f\" data-element_type=\"section\" data-e-type=\"section\">\n\t\t\t\t\t\t<div class=\"elementor-container elementor-column-gap-default\">\n\t\t\t\t\t<div class=\"elementor-column elementor-col-100 elementor-top-column elementor-element elementor-element-1d59c785\" data-id=\"1d59c785\" data-element_type=\"column\" data-e-type=\"column\">\n\t\t\t<div class=\"elementor-widget-wrap elementor-element-populated\">\n\t\t\t\t\t\t<div class=\"elementor-element elementor-element-101b2460 elementor-widget elementor-widget-text-editor\" data-id=\"101b2460\" data-element_type=\"widget\" data-e-type=\"widget\" data-widget_type=\"text-editor.default\">\n\t\t\t\t<div class=\"elementor-widget-container\">\n\t\t\t\t\t\t\t\t\t<div style=\"margin-left: 10%; margin-right: 10%;\">\n<h2>Une preuve scientifique qui clarifie le d\u00e9bat \ud83d\udeac<\/h2>\nDepuis des d\u00e9cennies, on t&rsquo;assomme avec des mises en garde sur les dangers du tabac, et on t&rsquo;avoue que c&rsquo;est plut\u00f4t justifi\u00e9. Les effets du tabac sur le syst\u00e8me respiratoire et cardiovasculaire sont bien document\u00e9s, avec \u00e0 la cl\u00e9, un cocktail de probl\u00e8mes comme la bronchite chronique, l&#8217;emphys\u00e8me ou encore un risque accru de maladies coronariennes. Mais alors, qu&rsquo;en est-il du <a href=\"https:\/\/www.gardenz.fr\/310--delta-9-thc\">cannabis<\/a> ? Gr\u00e2ce \u00e0 une toute nouvelle \u00e9tude men\u00e9e par des chercheurs de la prestigieuse Harvard Medical School, le voile se l\u00e8ve sur cette interrogation qui agite l&rsquo;opinion publique et le monde m\u00e9dical : fumer du cannabis serait consid\u00e9rablement moins nocif pour tes poumons que fumer du tabac \ud83d\udeac\n<h2>Une \u00e9tude scientifique fond\u00e9e sur l\u2019imagerie m\u00e9dicale \ud83e\udde0<\/h2>\nCette \u00e9tude publi\u00e9e dans la revue Current Problems in Diagnostic Radiology a examin\u00e9 avec pr\u00e9cision les tomodensitogrammes, autrement dit les scanners thoraciques, de 285 participants. Ces personnes ont \u00e9t\u00e9 r\u00e9parties en trois groupes distincts : non-fumeurs, fumeurs de tabac et fumeurs de cannabis. Le but \u00e9tait simple : observer les \u00e9ventuelles anomalies pulmonaires li\u00e9es \u00e0 chaque substance. Le r\u00e9sultat est plus que parlant : les fumeurs de cannabis pr\u00e9sentaient significativement moins de dommages pulmonaires que les fumeurs de tabac \ud83e\udec1\n<h2>Des l\u00e9sions bien plus marqu\u00e9es chez les fumeurs de tabac \ud83d\udeab<\/h2>\nSelon les radiologues, les fumeurs de tabac avaient plus souvent des signes de maladies pulmonaires obstructives, des \u00e9panchements autour des poumons et des changements destructeurs dans les alv\u00e9oles pulmonaires. Ces sympt\u00f4mes n&rsquo;\u00e9taient pas, ou tr\u00e8s peu, visibles chez les fumeurs exclusivement consommateurs de cannabis. Cela sugg\u00e8re que le tabac nuit bien davantage au tissu pulmonaire \u2014 et donc \u00e0 ta sant\u00e9 \u2014 que le cannabis lorsque la comparaison se base sur une consommation \u00e9quivalente \ud83d\udcc9\n<h2>Le r\u00f4le potentiellement protecteur du cannabis \ud83e\uddea<\/h2>\n\u00c7a peut para\u00eetre surprenant, mais certains chercheurs postulent m\u00eame que le cannabis, en plus d\u2019\u00eatre moins nocif, pourrait potentiellement prot\u00e9ger contre certains effets n\u00e9fastes du tabac. En effet, des \u00e9tudes pr\u00e9alables ont mis en \u00e9vidence les propri\u00e9t\u00e9s anti-inflammatoires et bronchodilatatrices de certains cannabino\u00efdes comme le THC et le CBD. Cela ne fait pas du cannabis un produit miracle, loin de l\u00e0, mais \u00e7a ouvre des pistes int\u00e9ressantes pour la science et pour de futures options th\u00e9rapeutiques \ud83c\udf31\n<h2>La fr\u00e9quence et le mode de consommation comptent aussi \ud83d\udcca<\/h2>\nAvant que tu ne tires des conclusions h\u00e2tives, il est essentiel de rappeler un point fondamental : la fr\u00e9quence de consommation joue un r\u00f4le critique. Dans l\u2019\u00e9tude en question, les participants fumeurs de cannabis avaient une consommation consid\u00e9r\u00e9e mod\u00e9r\u00e9e, ce qui ne signifie pas qu&rsquo;une consommation intensive sur de longues p\u00e9riodes soit sans effet. De plus, le mode de consommation influence aussi fortement l\u2019impact respiratoire : fumer un joint ne revient pas \u00e0 vaporiser, et les extraits concentr\u00e9s n\u2019ont pas les m\u00eames effets que la fleur \ud83c\udf2c\ufe0f\n<h2>Moins de risques cardiovasculaires identifi\u00e9s \u2764\ufe0f<\/h2>\nOutre les voies respiratoires, l&rsquo;\u00e9quipe de chercheurs s\u2019est int\u00e9ress\u00e9e aux effets cardiovasculaires potentiels. L\u00e0 encore, les r\u00e9sultats sont clairs : les fumeurs de tabac affichaient une incidence bien plus \u00e9lev\u00e9e de d\u00e9p\u00f4ts calcifi\u00e9s dans les art\u00e8res coronaires, indicateurs majeurs de risques cardiaques. Les fumeurs de cannabis ne montraient pas cette tendance dans les m\u00eames proportions. Cela ne veut pas dire que le cannabis est totalement inoffensif pour le c\u0153ur, mais il semble nettement moins agressif dans ce domaine \u2764\ufe0f\n<h2>Un coup de pouce pour la l\u00e9galisation intelligente \u2696\ufe0f<\/h2>\nCes donn\u00e9es viennent soutenir un mouvement grandissant vers une l\u00e9galisation plus pragmatique et bas\u00e9e sur la science. En opposant sans cesse cannabis et tabac sans prendre le temps de nuancer, certains gouvernements freinent l\u2019acc\u00e8s \u00e0 une plante qui pourrait pr\u00e9senter moins de dangers que des drogues l\u00e9gales comme l&rsquo;alcool ou justement le tabac. Cette \u00e9tude contribue \u00e0 faire \u00e9voluer les perceptions et \u00e0 construire un d\u00e9bat mieux inform\u00e9 et plus objectif \ud83d\udd0d\n<h2>Attention, fumer reste un acte \u00e0 risques \u2620\ufe0f<\/h2>\nNe te m\u00e9prends pas : cette \u00e9tude ne cherche pas \u00e0 dire que fumer du cannabis est recommand\u00e9 ou sans danger. Toute combustion, qu\u2019elle provienne du bois, du papier ou de la plante, produit des substances nocives. C\u2019est pourquoi de nombreux experts encouragent la vaporisation ou encore des formes d\u2019administration alternatives comme les huiles ou les edibles. L\u2019id\u00e9e ici est de diff\u00e9rencier clairement les effets nocifs entre tabac et cannabis, et surtout de ne plus les mettre dans le m\u00eame panier \u26a0\ufe0f\n<h2>Vers une consommation plus consciente \ud83c\udf3f<\/h2>\nEn comprenant mieux les impacts r\u00e9els du cannabis sur ton corps, tu es mieux arm\u00e9 pour prendre des d\u00e9cisions \u00e9clair\u00e9es. Que tu consommes d\u00e9j\u00e0 ou que tu sois curieux, ce genre d\u2019\u00e9tude d\u00e9montre l&rsquo;importance de traiter le sujet du cannabis avec s\u00e9rieux, nuance et avec une approche fond\u00e9e sur la recherche. Il ne s\u2019agit plus de diaboliser ni de glorifier, mais de s\u2019informer pour consommer (ou ne pas consommer) en conscience et en s\u00e9curit\u00e9 \ud83e\uddd8\n<h2>Une avanc\u00e9e pour la reconnaissance m\u00e9dicale du cannabis \ud83d\udc68\u200d\u2695\ufe0f<\/h2>\nEnfin, cette \u00e9tude pourrait bien contribuer \u00e0 faire avancer l\u2019acceptation du cannabis dans l\u2019univers m\u00e9dical. Dans un contexte o\u00f9 le cannabis th\u00e9rapeutique gagne du terrain en Europe et ailleurs, des r\u00e9sultats comme ceux-ci appuient la n\u00e9cessit\u00e9 de consid\u00e9rer cette plante comme un outil m\u00e9dical sous \u00e9valu\u00e9. Bien entendu, d&rsquo;autres \u00e9tudes seront n\u00e9cessaires pour appr\u00e9hender toutes les subtilit\u00e9s, mais ce type d\u2019analyse apporte des arguments scientifiques de poids dans les discussions \ud83d\udca1\n<h2>Conclusion : une raison de r\u00e9fl\u00e9chir autrement \ud83e\udded<\/h2>\nEn te basant sur des donn\u00e9es s\u00e9rieuses et non sur des id\u00e9es re\u00e7ues, tu as d\u00e9sormais un aper\u00e7u clair des diff\u00e9rences entre cannabis et tabac en termes de nocivit\u00e9 pulmonaire et cardiovasculaire. Alors qu\u2019on comprend de mieux en mieux les particularit\u00e9s de chaque substance, il devient urgent de repenser notre approche de la sant\u00e9 publique en lien avec ces produits. Ni compl\u00e8tement inoffensif, ni \u00e0 mettre au m\u00eame niveau que le tabac, le cannabis a toute sa place dans une logique de pr\u00e9vention et d\u2019\u00e9ducation aux risques \ud83d\udea6 <a href=\"https:\/\/gardenz.fr\/news\">Tu veux continuer ta lecture ? D\u00e9couvre d&rsquo;autres articles en cliquant ici.<\/a><\/div>\n\n<div class=\"wp-block-group is-layout-constrained wp-block-group-is-layout-constrained\">\n<div class=\"wp-block-columns is-layout-flex wp-container-core-columns-is-layout-28f84493 wp-block-columns-is-layout-flex\">\n<div class=\"wp-block-column is-layout-flow wp-block-column-is-layout-flow\" style=\"flex-basis:20%\">\n<figure class=\"wp-block-image size-full\"><a href=\"https:\/\/www.gardenz.fr\/3-fleur-de-chanvre-cbd\"><img fetchpriority=\"high\" decoding=\"async\" width=\"424\" height=\"600\" src=\"https:\/\/www.gardenz.fr\/news\/wp-content\/uploads\/2025\/03\/FLEUR-DE-CHANVRE-CBD.webp\" alt=\"FLEUR-DE-CHANVRE-CBD\" class=\"wp-image-17519\" srcset=\"https:\/\/www.gardenz.fr\/news\/wp-content\/uploads\/2025\/03\/FLEUR-DE-CHANVRE-CBD.webp 424w, https:\/\/www.gardenz.fr\/news\/wp-content\/uploads\/2025\/03\/FLEUR-DE-CHANVRE-CBD-212x300.webp 212w\" sizes=\"(max-width: 424px) 100vw, 424px\" \/><\/a><\/figure>\n<\/div>\n\n\n\n<div class=\"wp-block-column is-layout-flow wp-block-column-is-layout-flow\" style=\"flex-basis:20%\">\n<figure class=\"wp-block-image size-full\"><a href=\"https:\/\/www.gardenz.fr\/6--resine-cbd\"><img decoding=\"async\" width=\"424\" height=\"600\" src=\"https:\/\/www.gardenz.fr\/news\/wp-content\/uploads\/2025\/03\/RESINE-CBD.webp\" alt=\"R\u00c9SINE-CBD\" class=\"wp-image-17515\" srcset=\"https:\/\/www.gardenz.fr\/news\/wp-content\/uploads\/2025\/03\/RESINE-CBD.webp 424w, https:\/\/www.gardenz.fr\/news\/wp-content\/uploads\/2025\/03\/RESINE-CBD-212x300.webp 212w\" sizes=\"(max-width: 424px) 100vw, 424px\" \/><\/a><\/figure>\n<\/div>\n\n\n\n<div class=\"wp-block-column is-layout-flow wp-block-column-is-layout-flow\" style=\"flex-basis:20%\">\n<figure class=\"wp-block-image size-full\"><a href=\"https:\/\/www.gardenz.fr\/511--weed-psycho\"><img decoding=\"async\" width=\"424\" height=\"600\" src=\"https:\/\/www.gardenz.fr\/news\/wp-content\/uploads\/2025\/03\/PSYCHOACTIFS.webp\" alt=\"PSYCHOACTIFS\" class=\"wp-image-17517\" srcset=\"https:\/\/www.gardenz.fr\/news\/wp-content\/uploads\/2025\/03\/PSYCHOACTIFS.webp 424w, https:\/\/www.gardenz.fr\/news\/wp-content\/uploads\/2025\/03\/PSYCHOACTIFS-212x300.webp 212w\" sizes=\"(max-width: 424px) 100vw, 424px\" \/><\/a><\/figure>\n<\/div>\n\n\n\n<div class=\"wp-block-column is-layout-flow wp-block-column-is-layout-flow\" style=\"flex-basis:20%\">\n<figure class=\"wp-block-image size-full\"><a href=\"https:\/\/www.gardenz.fr\/562--accessoires-weed\"><img loading=\"lazy\" decoding=\"async\" width=\"424\" height=\"600\" src=\"https:\/\/www.gardenz.fr\/news\/wp-content\/uploads\/2025\/03\/ACCESSOIRED.webp\" alt=\"\" class=\"wp-image-17520\" srcset=\"https:\/\/www.gardenz.fr\/news\/wp-content\/uploads\/2025\/03\/ACCESSOIRED.webp 424w, https:\/\/www.gardenz.fr\/news\/wp-content\/uploads\/2025\/03\/ACCESSOIRED-212x300.webp 212w\" sizes=\"(max-width: 424px) 100vw, 424px\" \/><\/a><\/figure>\n<\/div>\n\n\n\n<div class=\"wp-block-column is-layout-flow wp-block-column-is-layout-flow\" style=\"flex-basis:20%\">\n<figure class=\"wp-block-image size-full\"><a href=\"https:\/\/www.gardenz.fr\/284--vaporisateur-weed\"><img loading=\"lazy\" decoding=\"async\" width=\"424\" height=\"600\" src=\"https:\/\/www.gardenz.fr\/news\/wp-content\/uploads\/2025\/03\/VAPORISATEUR-WEED.webp\" alt=\"VAPORISATEUR-WEED\" class=\"wp-image-17514\" srcset=\"https:\/\/www.gardenz.fr\/news\/wp-content\/uploads\/2025\/03\/VAPORISATEUR-WEED.webp 424w, https:\/\/www.gardenz.fr\/news\/wp-content\/uploads\/2025\/03\/VAPORISATEUR-WEED-212x300.webp 212w\" sizes=\"(max-width: 424px) 100vw, 424px\" \/><\/a><\/figure>\n<\/div>\n<\/div>\n<\/div>\n\t\t\t\t\t\t\t\t<\/div>\n\t\t\t\t<\/div>\n\t\t\t\t\t<\/div>\n\t\t<\/div>\n\t\t\t\t\t<\/div>\n\t\t<\/section>\n\t\t\t\t<\/div>\n\t\t","protected":false},"excerpt":{"rendered":"<p>Une preuve scientifique qui clarifie le d\u00e9bat \ud83d\udeac Depuis des d\u00e9cennies, on t&rsquo;assomme avec des mises en garde sur les dangers du tabac, et on t&rsquo;avoue que c&rsquo;est plut\u00f4t justifi\u00e9. Les effets du tabac sur le syst\u00e8me respiratoire et cardiovasculaire sont bien document\u00e9s, avec \u00e0 la cl\u00e9, un cocktail de probl\u00e8mes comme la bronchite chronique, [&hellip;]<\/p>\n","protected":false},"author":18,"featured_media":18302,"comment_status":"closed","ping_status":"","sticky":false,"template":"","format":"standard","meta":{"site-sidebar-layout":"default","site-content-layout":"","ast-site-content-layout":"default","site-content-style":"default","site-sidebar-style":"default","ast-global-header-display":"","ast-banner-title-visibility":"","ast-main-header-display":"","ast-hfb-above-header-display":"","ast-hfb-below-header-display":"","ast-hfb-mobile-header-display":"","site-post-title":"","ast-breadcrumbs-content":"","ast-featured-img":"","footer-sml-layout":"","ast-disable-related-posts":"","theme-transparent-header-meta":"","adv-header-id-meta":"","stick-header-meta":"","header-above-stick-meta":"","header-main-stick-meta":"","header-below-stick-meta":"","astra-migrate-meta-layouts":"default","ast-page-background-enabled":"default","ast-page-background-meta":{"desktop":{"background-color":"var(--ast-global-color-4)","background-image":"","background-repeat":"repeat","background-position":"center center","background-size":"auto","background-attachment":"scroll","background-type":"","background-media":"","overlay-type":"","overlay-color":"","overlay-opacity":"","overlay-gradient":""},"tablet":{"background-color":"","background-image":"","background-repeat":"repeat","background-position":"center center","background-size":"auto","background-attachment":"scroll","background-type":"","background-media":"","overlay-type":"","overlay-color":"","overlay-opacity":"","overlay-gradient":""},"mobile":{"background-color":"","background-image":"","background-repeat":"repeat","background-position":"center center","background-size":"auto","background-attachment":"scroll","background-type":"","background-media":"","overlay-type":"","overlay-color":"","overlay-opacity":"","overlay-gradient":""}},"ast-content-background-meta":{"desktop":{"background-color":"var(--ast-global-color-5)","background-image":"","background-repeat":"repeat","background-position":"center center","background-size":"auto","background-attachment":"scroll","background-type":"","background-media":"","overlay-type":"","overlay-color":"","overlay-opacity":"","overlay-gradient":""},"tablet":{"background-color":"var(--ast-global-color-5)","background-image":"","background-repeat":"repeat","background-position":"center center","background-size":"auto","background-attachment":"scroll","background-type":"","background-media":"","overlay-type":"","overlay-color":"","overlay-opacity":"","overlay-gradient":""},"mobile":{"background-color":"var(--ast-global-color-5)","background-image":"","background-repeat":"repeat","background-position":"center center","background-size":"auto","background-attachment":"scroll","background-type":"","background-media":"","overlay-type":"","overlay-color":"","overlay-opacity":"","overlay-gradient":""}},"footnotes":""},"categories":[1],"tags":[],"class_list":["post-18303","post","type-post","status-publish","format-standard","has-post-thumbnail","hentry","category-non-classe"],"yoast_head":"<!-- This site is optimized with the Yoast SEO plugin v27.5 - https:\/\/yoast.com\/product\/yoast-seo-wordpress\/ -->\n<title>\ud83c\udf3f Le cannabis moins nocif pour les poumons que le tabac, d&#039;apr\u00e8s une \u00e9tude<\/title>\n<meta name=\"description\" content=\"\ud83c\udf3f D\u00e9couvrez comment une \u00e9tude r\u00e9v\u00e8le que le cannabis est moins nocif que le tabac pour les poumons. #cannabis #sant\u00e9\" \/>\n<meta name=\"robots\" content=\"index, follow, max-snippet:-1, max-image-preview:large, max-video-preview:-1\" \/>\n<link rel=\"canonical\" href=\"https:\/\/www.gardenz.fr\/news\/2025\/05\/13\/le-cannabis-moins-nocif-pour-les-poumons-que-le-tabac-dapres-une-etude\/\" \/>\n<meta property=\"og:locale\" content=\"fr_FR\" \/>\n<meta property=\"og:type\" content=\"article\" \/>\n<meta property=\"og:title\" content=\"\ud83c\udf3f Le cannabis moins nocif pour les poumons que le tabac, d&#039;apr\u00e8s une \u00e9tude\" \/>\n<meta property=\"og:description\" content=\"\ud83c\udf3f D\u00e9couvrez comment une \u00e9tude r\u00e9v\u00e8le que le cannabis est moins nocif que le tabac pour les poumons. #cannabis #sant\u00e9\" \/>\n<meta property=\"og:url\" content=\"https:\/\/www.gardenz.fr\/news\/2025\/05\/13\/le-cannabis-moins-nocif-pour-les-poumons-que-le-tabac-dapres-une-etude\/\" \/>\n<meta property=\"og:site_name\" content=\"Le Blog de Gardenz\" \/>\n<meta property=\"article:published_time\" content=\"2025-05-13T09:22:24+00:00\" \/>\n<meta property=\"article:modified_time\" content=\"2025-07-22T13:07:48+00:00\" \/>\n<meta property=\"og:image\" content=\"https:\/\/www.gardenz.fr\/news\/wp-content\/uploads\/2025\/05\/Le-cannabis-moins-nocif-pour-les-poumons-que-le-tabac-dapres-une-etudesanitize-2025-05-13T092223.076Z.jpg\" \/>\n\t<meta property=\"og:image:width\" content=\"900\" \/>\n\t<meta property=\"og:image:height\" content=\"250\" \/>\n\t<meta property=\"og:image:type\" content=\"image\/jpeg\" \/>\n<meta name=\"author\" content=\"Idan Melicio\" \/>\n<meta name=\"twitter:card\" content=\"summary_large_image\" \/>\n<meta name=\"twitter:label1\" content=\"\u00c9crit par\" \/>\n\t<meta name=\"twitter:data1\" content=\"Idan Melicio\" \/>\n\t<meta name=\"twitter:label2\" content=\"Dur\u00e9e de lecture estim\u00e9e\" \/>\n\t<meta name=\"twitter:data2\" content=\"10 minutes\" \/>\n<script type=\"application\/ld+json\" class=\"yoast-schema-graph\">{\"@context\":\"https:\\\/\\\/schema.org\",\"@graph\":[{\"@type\":\"Article\",\"@id\":\"https:\\\/\\\/www.gardenz.fr\\\/news\\\/2025\\\/05\\\/13\\\/le-cannabis-moins-nocif-pour-les-poumons-que-le-tabac-dapres-une-etude\\\/#article\",\"isPartOf\":{\"@id\":\"https:\\\/\\\/www.gardenz.fr\\\/news\\\/2025\\\/05\\\/13\\\/le-cannabis-moins-nocif-pour-les-poumons-que-le-tabac-dapres-une-etude\\\/\"},\"author\":{\"name\":\"Idan Melicio\",\"@id\":\"https:\\\/\\\/www.gardenz.fr\\\/news\\\/#\\\/schema\\\/person\\\/4c29b13eadec7d3b7f81d3dc8253aa72\"},\"headline\":\"Le cannabis moins nocif pour les poumons que le tabac, d&rsquo;apr\u00e8s une \u00e9tude\",\"datePublished\":\"2025-05-13T09:22:24+00:00\",\"dateModified\":\"2025-07-22T13:07:48+00:00\",\"mainEntityOfPage\":{\"@id\":\"https:\\\/\\\/www.gardenz.fr\\\/news\\\/2025\\\/05\\\/13\\\/le-cannabis-moins-nocif-pour-les-poumons-que-le-tabac-dapres-une-etude\\\/\"},\"wordCount\":1101,\"publisher\":{\"@id\":\"https:\\\/\\\/www.gardenz.fr\\\/news\\\/#organization\"},\"image\":{\"@id\":\"https:\\\/\\\/www.gardenz.fr\\\/news\\\/2025\\\/05\\\/13\\\/le-cannabis-moins-nocif-pour-les-poumons-que-le-tabac-dapres-une-etude\\\/#primaryimage\"},\"thumbnailUrl\":\"https:\\\/\\\/www.gardenz.fr\\\/news\\\/wp-content\\\/uploads\\\/2025\\\/05\\\/Le-cannabis-moins-nocif-pour-les-poumons-que-le-tabac-dapres-une-etudesanitize-2025-05-13T092223.076Z.jpg\",\"articleSection\":[\"GENERAL\"],\"inLanguage\":\"fr-FR\"},{\"@type\":\"WebPage\",\"@id\":\"https:\\\/\\\/www.gardenz.fr\\\/news\\\/2025\\\/05\\\/13\\\/le-cannabis-moins-nocif-pour-les-poumons-que-le-tabac-dapres-une-etude\\\/\",\"url\":\"https:\\\/\\\/www.gardenz.fr\\\/news\\\/2025\\\/05\\\/13\\\/le-cannabis-moins-nocif-pour-les-poumons-que-le-tabac-dapres-une-etude\\\/\",\"name\":\"\ud83c\udf3f Le cannabis moins nocif pour les poumons que le tabac, d'apr\u00e8s une \u00e9tude\",\"isPartOf\":{\"@id\":\"https:\\\/\\\/www.gardenz.fr\\\/news\\\/#website\"},\"primaryImageOfPage\":{\"@id\":\"https:\\\/\\\/www.gardenz.fr\\\/news\\\/2025\\\/05\\\/13\\\/le-cannabis-moins-nocif-pour-les-poumons-que-le-tabac-dapres-une-etude\\\/#primaryimage\"},\"image\":{\"@id\":\"https:\\\/\\\/www.gardenz.fr\\\/news\\\/2025\\\/05\\\/13\\\/le-cannabis-moins-nocif-pour-les-poumons-que-le-tabac-dapres-une-etude\\\/#primaryimage\"},\"thumbnailUrl\":\"https:\\\/\\\/www.gardenz.fr\\\/news\\\/wp-content\\\/uploads\\\/2025\\\/05\\\/Le-cannabis-moins-nocif-pour-les-poumons-que-le-tabac-dapres-une-etudesanitize-2025-05-13T092223.076Z.jpg\",\"datePublished\":\"2025-05-13T09:22:24+00:00\",\"dateModified\":\"2025-07-22T13:07:48+00:00\",\"description\":\"\ud83c\udf3f D\u00e9couvrez comment une \u00e9tude r\u00e9v\u00e8le que le cannabis est moins nocif que le tabac pour les poumons. #cannabis #sant\u00e9\",\"breadcrumb\":{\"@id\":\"https:\\\/\\\/www.gardenz.fr\\\/news\\\/2025\\\/05\\\/13\\\/le-cannabis-moins-nocif-pour-les-poumons-que-le-tabac-dapres-une-etude\\\/#breadcrumb\"},\"inLanguage\":\"fr-FR\",\"potentialAction\":[{\"@type\":\"ReadAction\",\"target\":[\"https:\\\/\\\/www.gardenz.fr\\\/news\\\/2025\\\/05\\\/13\\\/le-cannabis-moins-nocif-pour-les-poumons-que-le-tabac-dapres-une-etude\\\/\"]}]},{\"@type\":\"ImageObject\",\"inLanguage\":\"fr-FR\",\"@id\":\"https:\\\/\\\/www.gardenz.fr\\\/news\\\/2025\\\/05\\\/13\\\/le-cannabis-moins-nocif-pour-les-poumons-que-le-tabac-dapres-une-etude\\\/#primaryimage\",\"url\":\"https:\\\/\\\/www.gardenz.fr\\\/news\\\/wp-content\\\/uploads\\\/2025\\\/05\\\/Le-cannabis-moins-nocif-pour-les-poumons-que-le-tabac-dapres-une-etudesanitize-2025-05-13T092223.076Z.jpg\",\"contentUrl\":\"https:\\\/\\\/www.gardenz.fr\\\/news\\\/wp-content\\\/uploads\\\/2025\\\/05\\\/Le-cannabis-moins-nocif-pour-les-poumons-que-le-tabac-dapres-une-etudesanitize-2025-05-13T092223.076Z.jpg\",\"width\":900,\"height\":250,\"caption\":\"Le cannabis moins nocif pour les poumons que le tabac, d'apr\u00e8s une \u00e9tude\"},{\"@type\":\"BreadcrumbList\",\"@id\":\"https:\\\/\\\/www.gardenz.fr\\\/news\\\/2025\\\/05\\\/13\\\/le-cannabis-moins-nocif-pour-les-poumons-que-le-tabac-dapres-une-etude\\\/#breadcrumb\",\"itemListElement\":[{\"@type\":\"ListItem\",\"position\":1,\"name\":\"Accueil\",\"item\":\"https:\\\/\\\/www.gardenz.fr\\\/news\\\/\"},{\"@type\":\"ListItem\",\"position\":2,\"name\":\"Le cannabis moins nocif pour les poumons que le tabac, d&rsquo;apr\u00e8s une \u00e9tude\"}]},{\"@type\":\"WebSite\",\"@id\":\"https:\\\/\\\/www.gardenz.fr\\\/news\\\/#website\",\"url\":\"https:\\\/\\\/www.gardenz.fr\\\/news\\\/\",\"name\":\"Le Blog de Gardenz\",\"description\":\"Best quality CBD\",\"publisher\":{\"@id\":\"https:\\\/\\\/www.gardenz.fr\\\/news\\\/#organization\"},\"potentialAction\":[{\"@type\":\"SearchAction\",\"target\":{\"@type\":\"EntryPoint\",\"urlTemplate\":\"https:\\\/\\\/www.gardenz.fr\\\/news\\\/?s={search_term_string}\"},\"query-input\":{\"@type\":\"PropertyValueSpecification\",\"valueRequired\":true,\"valueName\":\"search_term_string\"}}],\"inLanguage\":\"fr-FR\"},{\"@type\":\"Organization\",\"@id\":\"https:\\\/\\\/www.gardenz.fr\\\/news\\\/#organization\",\"name\":\"Le Blog de Gardenz\",\"url\":\"https:\\\/\\\/www.gardenz.fr\\\/news\\\/\",\"logo\":{\"@type\":\"ImageObject\",\"inLanguage\":\"fr-FR\",\"@id\":\"https:\\\/\\\/www.gardenz.fr\\\/news\\\/#\\\/schema\\\/logo\\\/image\\\/\",\"url\":\"https:\\\/\\\/www.gardenz.fr\\\/news\\\/wp-content\\\/uploads\\\/2022\\\/06\\\/logo-gardenz-feuille-blanc-final.png\",\"contentUrl\":\"https:\\\/\\\/www.gardenz.fr\\\/news\\\/wp-content\\\/uploads\\\/2022\\\/06\\\/logo-gardenz-feuille-blanc-final.png\",\"width\":459,\"height\":200,\"caption\":\"Le Blog de Gardenz\"},\"image\":{\"@id\":\"https:\\\/\\\/www.gardenz.fr\\\/news\\\/#\\\/schema\\\/logo\\\/image\\\/\"}},{\"@type\":\"Person\",\"@id\":\"https:\\\/\\\/www.gardenz.fr\\\/news\\\/#\\\/schema\\\/person\\\/4c29b13eadec7d3b7f81d3dc8253aa72\",\"name\":\"Idan Melicio\",\"image\":{\"@type\":\"ImageObject\",\"inLanguage\":\"fr-FR\",\"@id\":\"https:\\\/\\\/secure.gravatar.com\\\/avatar\\\/a4fed9bf268062e3c5884e1b9288f4a54517dd9041d8c562678849f7f1c1eb43?s=96&d=mm&r=g\",\"url\":\"https:\\\/\\\/secure.gravatar.com\\\/avatar\\\/a4fed9bf268062e3c5884e1b9288f4a54517dd9041d8c562678849f7f1c1eb43?s=96&d=mm&r=g\",\"contentUrl\":\"https:\\\/\\\/secure.gravatar.com\\\/avatar\\\/a4fed9bf268062e3c5884e1b9288f4a54517dd9041d8c562678849f7f1c1eb43?s=96&d=mm&r=g\",\"caption\":\"Idan Melicio\"},\"url\":\"https:\\\/\\\/www.gardenz.fr\\\/news\\\/author\\\/idan-milecio\\\/\"}]}<\/script>\n<!-- \/ Yoast SEO plugin. -->","yoast_head_json":{"title":"\ud83c\udf3f Le cannabis moins nocif pour les poumons que le tabac, d'apr\u00e8s une \u00e9tude","description":"\ud83c\udf3f D\u00e9couvrez comment une \u00e9tude r\u00e9v\u00e8le que le cannabis est moins nocif que le tabac pour les poumons. #cannabis #sant\u00e9","robots":{"index":"index","follow":"follow","max-snippet":"max-snippet:-1","max-image-preview":"max-image-preview:large","max-video-preview":"max-video-preview:-1"},"canonical":"https:\/\/www.gardenz.fr\/news\/2025\/05\/13\/le-cannabis-moins-nocif-pour-les-poumons-que-le-tabac-dapres-une-etude\/","og_locale":"fr_FR","og_type":"article","og_title":"\ud83c\udf3f Le cannabis moins nocif pour les poumons que le tabac, d'apr\u00e8s une \u00e9tude","og_description":"\ud83c\udf3f D\u00e9couvrez comment une \u00e9tude r\u00e9v\u00e8le que le cannabis est moins nocif que le tabac pour les poumons. #cannabis #sant\u00e9","og_url":"https:\/\/www.gardenz.fr\/news\/2025\/05\/13\/le-cannabis-moins-nocif-pour-les-poumons-que-le-tabac-dapres-une-etude\/","og_site_name":"Le Blog de Gardenz","article_published_time":"2025-05-13T09:22:24+00:00","article_modified_time":"2025-07-22T13:07:48+00:00","og_image":[{"width":900,"height":250,"url":"https:\/\/www.gardenz.fr\/news\/wp-content\/uploads\/2025\/05\/Le-cannabis-moins-nocif-pour-les-poumons-que-le-tabac-dapres-une-etudesanitize-2025-05-13T092223.076Z.jpg","type":"image\/jpeg"}],"author":"Idan Melicio","twitter_card":"summary_large_image","twitter_misc":{"\u00c9crit par":"Idan Melicio","Dur\u00e9e de lecture estim\u00e9e":"10 minutes"},"schema":{"@context":"https:\/\/schema.org","@graph":[{"@type":"Article","@id":"https:\/\/www.gardenz.fr\/news\/2025\/05\/13\/le-cannabis-moins-nocif-pour-les-poumons-que-le-tabac-dapres-une-etude\/#article","isPartOf":{"@id":"https:\/\/www.gardenz.fr\/news\/2025\/05\/13\/le-cannabis-moins-nocif-pour-les-poumons-que-le-tabac-dapres-une-etude\/"},"author":{"name":"Idan Melicio","@id":"https:\/\/www.gardenz.fr\/news\/#\/schema\/person\/4c29b13eadec7d3b7f81d3dc8253aa72"},"headline":"Le cannabis moins nocif pour les poumons que le tabac, d&rsquo;apr\u00e8s une \u00e9tude","datePublished":"2025-05-13T09:22:24+00:00","dateModified":"2025-07-22T13:07:48+00:00","mainEntityOfPage":{"@id":"https:\/\/www.gardenz.fr\/news\/2025\/05\/13\/le-cannabis-moins-nocif-pour-les-poumons-que-le-tabac-dapres-une-etude\/"},"wordCount":1101,"publisher":{"@id":"https:\/\/www.gardenz.fr\/news\/#organization"},"image":{"@id":"https:\/\/www.gardenz.fr\/news\/2025\/05\/13\/le-cannabis-moins-nocif-pour-les-poumons-que-le-tabac-dapres-une-etude\/#primaryimage"},"thumbnailUrl":"https:\/\/www.gardenz.fr\/news\/wp-content\/uploads\/2025\/05\/Le-cannabis-moins-nocif-pour-les-poumons-que-le-tabac-dapres-une-etudesanitize-2025-05-13T092223.076Z.jpg","articleSection":["GENERAL"],"inLanguage":"fr-FR"},{"@type":"WebPage","@id":"https:\/\/www.gardenz.fr\/news\/2025\/05\/13\/le-cannabis-moins-nocif-pour-les-poumons-que-le-tabac-dapres-une-etude\/","url":"https:\/\/www.gardenz.fr\/news\/2025\/05\/13\/le-cannabis-moins-nocif-pour-les-poumons-que-le-tabac-dapres-une-etude\/","name":"\ud83c\udf3f Le cannabis moins nocif pour les poumons que le tabac, d'apr\u00e8s une \u00e9tude","isPartOf":{"@id":"https:\/\/www.gardenz.fr\/news\/#website"},"primaryImageOfPage":{"@id":"https:\/\/www.gardenz.fr\/news\/2025\/05\/13\/le-cannabis-moins-nocif-pour-les-poumons-que-le-tabac-dapres-une-etude\/#primaryimage"},"image":{"@id":"https:\/\/www.gardenz.fr\/news\/2025\/05\/13\/le-cannabis-moins-nocif-pour-les-poumons-que-le-tabac-dapres-une-etude\/#primaryimage"},"thumbnailUrl":"https:\/\/www.gardenz.fr\/news\/wp-content\/uploads\/2025\/05\/Le-cannabis-moins-nocif-pour-les-poumons-que-le-tabac-dapres-une-etudesanitize-2025-05-13T092223.076Z.jpg","datePublished":"2025-05-13T09:22:24+00:00","dateModified":"2025-07-22T13:07:48+00:00","description":"\ud83c\udf3f D\u00e9couvrez comment une \u00e9tude r\u00e9v\u00e8le que le cannabis est moins nocif que le tabac pour les poumons. #cannabis #sant\u00e9","breadcrumb":{"@id":"https:\/\/www.gardenz.fr\/news\/2025\/05\/13\/le-cannabis-moins-nocif-pour-les-poumons-que-le-tabac-dapres-une-etude\/#breadcrumb"},"inLanguage":"fr-FR","potentialAction":[{"@type":"ReadAction","target":["https:\/\/www.gardenz.fr\/news\/2025\/05\/13\/le-cannabis-moins-nocif-pour-les-poumons-que-le-tabac-dapres-une-etude\/"]}]},{"@type":"ImageObject","inLanguage":"fr-FR","@id":"https:\/\/www.gardenz.fr\/news\/2025\/05\/13\/le-cannabis-moins-nocif-pour-les-poumons-que-le-tabac-dapres-une-etude\/#primaryimage","url":"https:\/\/www.gardenz.fr\/news\/wp-content\/uploads\/2025\/05\/Le-cannabis-moins-nocif-pour-les-poumons-que-le-tabac-dapres-une-etudesanitize-2025-05-13T092223.076Z.jpg","contentUrl":"https:\/\/www.gardenz.fr\/news\/wp-content\/uploads\/2025\/05\/Le-cannabis-moins-nocif-pour-les-poumons-que-le-tabac-dapres-une-etudesanitize-2025-05-13T092223.076Z.jpg","width":900,"height":250,"caption":"Le cannabis moins nocif pour les poumons que le tabac, d'apr\u00e8s une \u00e9tude"},{"@type":"BreadcrumbList","@id":"https:\/\/www.gardenz.fr\/news\/2025\/05\/13\/le-cannabis-moins-nocif-pour-les-poumons-que-le-tabac-dapres-une-etude\/#breadcrumb","itemListElement":[{"@type":"ListItem","position":1,"name":"Accueil","item":"https:\/\/www.gardenz.fr\/news\/"},{"@type":"ListItem","position":2,"name":"Le cannabis moins nocif pour les poumons que le tabac, d&rsquo;apr\u00e8s une \u00e9tude"}]},{"@type":"WebSite","@id":"https:\/\/www.gardenz.fr\/news\/#website","url":"https:\/\/www.gardenz.fr\/news\/","name":"Le Blog de Gardenz","description":"Best quality CBD","publisher":{"@id":"https:\/\/www.gardenz.fr\/news\/#organization"},"potentialAction":[{"@type":"SearchAction","target":{"@type":"EntryPoint","urlTemplate":"https:\/\/www.gardenz.fr\/news\/?s={search_term_string}"},"query-input":{"@type":"PropertyValueSpecification","valueRequired":true,"valueName":"search_term_string"}}],"inLanguage":"fr-FR"},{"@type":"Organization","@id":"https:\/\/www.gardenz.fr\/news\/#organization","name":"Le Blog de Gardenz","url":"https:\/\/www.gardenz.fr\/news\/","logo":{"@type":"ImageObject","inLanguage":"fr-FR","@id":"https:\/\/www.gardenz.fr\/news\/#\/schema\/logo\/image\/","url":"https:\/\/www.gardenz.fr\/news\/wp-content\/uploads\/2022\/06\/logo-gardenz-feuille-blanc-final.png","contentUrl":"https:\/\/www.gardenz.fr\/news\/wp-content\/uploads\/2022\/06\/logo-gardenz-feuille-blanc-final.png","width":459,"height":200,"caption":"Le Blog de Gardenz"},"image":{"@id":"https:\/\/www.gardenz.fr\/news\/#\/schema\/logo\/image\/"}},{"@type":"Person","@id":"https:\/\/www.gardenz.fr\/news\/#\/schema\/person\/4c29b13eadec7d3b7f81d3dc8253aa72","name":"Idan Melicio","image":{"@type":"ImageObject","inLanguage":"fr-FR","@id":"https:\/\/secure.gravatar.com\/avatar\/a4fed9bf268062e3c5884e1b9288f4a54517dd9041d8c562678849f7f1c1eb43?s=96&d=mm&r=g","url":"https:\/\/secure.gravatar.com\/avatar\/a4fed9bf268062e3c5884e1b9288f4a54517dd9041d8c562678849f7f1c1eb43?s=96&d=mm&r=g","contentUrl":"https:\/\/secure.gravatar.com\/avatar\/a4fed9bf268062e3c5884e1b9288f4a54517dd9041d8c562678849f7f1c1eb43?s=96&d=mm&r=g","caption":"Idan Melicio"},"url":"https:\/\/www.gardenz.fr\/news\/author\/idan-milecio\/"}]}},"_links":{"self":[{"href":"https:\/\/www.gardenz.fr\/news\/wp-json\/wp\/v2\/posts\/18303","targetHints":{"allow":["GET"]}}],"collection":[{"href":"https:\/\/www.gardenz.fr\/news\/wp-json\/wp\/v2\/posts"}],"about":[{"href":"https:\/\/www.gardenz.fr\/news\/wp-json\/wp\/v2\/types\/post"}],"author":[{"embeddable":true,"href":"https:\/\/www.gardenz.fr\/news\/wp-json\/wp\/v2\/users\/18"}],"replies":[{"embeddable":true,"href":"https:\/\/www.gardenz.fr\/news\/wp-json\/wp\/v2\/comments?post=18303"}],"version-history":[{"count":3,"href":"https:\/\/www.gardenz.fr\/news\/wp-json\/wp\/v2\/posts\/18303\/revisions"}],"predecessor-version":[{"id":18852,"href":"https:\/\/www.gardenz.fr\/news\/wp-json\/wp\/v2\/posts\/18303\/revisions\/18852"}],"wp:featuredmedia":[{"embeddable":true,"href":"https:\/\/www.gardenz.fr\/news\/wp-json\/wp\/v2\/media\/18302"}],"wp:attachment":[{"href":"https:\/\/www.gardenz.fr\/news\/wp-json\/wp\/v2\/media?parent=18303"}],"wp:term":[{"taxonomy":"category","embeddable":true,"href":"https:\/\/www.gardenz.fr\/news\/wp-json\/wp\/v2\/categories?post=18303"},{"taxonomy":"post_tag","embeddable":true,"href":"https:\/\/www.gardenz.fr\/news\/wp-json\/wp\/v2\/tags?post=18303"}],"curies":[{"name":"wp","href":"https:\/\/api.w.org\/{rel}","templated":true}]}}