{"id":18305,"date":"2025-05-14T11:20:52","date_gmt":"2025-05-14T09:20:52","guid":{"rendered":"https:\/\/www.gardenz.fr\/news\/2025\/05\/14\/la-chambre-des-representants-du-texas-approuve-lelargissement-de-lacces-au-cannabis-medical\/"},"modified":"2025-07-22T15:03:13","modified_gmt":"2025-07-22T13:03:13","slug":"la-chambre-des-representants-du-texas-approuve-lelargissement-de-lacces-au-cannabis-medical","status":"publish","type":"post","link":"https:\/\/www.gardenz.fr\/news\/2025\/05\/14\/la-chambre-des-representants-du-texas-approuve-lelargissement-de-lacces-au-cannabis-medical\/","title":{"rendered":"La Chambre des repr\u00e9sentants du Texas approuve l\u2019\u00e9largissement de l\u2019acc\u00e8s au cannabis m\u00e9dical"},"content":{"rendered":"\t\t<div data-elementor-type=\"wp-post\" data-elementor-id=\"18305\" class=\"elementor elementor-18305\">\n\t\t\t\t\t\t<section class=\"elementor-section elementor-top-section elementor-element elementor-element-5bcedbb6 elementor-section-boxed elementor-section-height-default elementor-section-height-default\" data-id=\"5bcedbb6\" data-element_type=\"section\" data-e-type=\"section\">\n\t\t\t\t\t\t<div class=\"elementor-container elementor-column-gap-default\">\n\t\t\t\t\t<div class=\"elementor-column elementor-col-100 elementor-top-column elementor-element elementor-element-4aeb0ed6\" data-id=\"4aeb0ed6\" data-element_type=\"column\" data-e-type=\"column\">\n\t\t\t<div class=\"elementor-widget-wrap elementor-element-populated\">\n\t\t\t\t\t\t<div class=\"elementor-element elementor-element-5d4de2be elementor-widget elementor-widget-text-editor\" data-id=\"5d4de2be\" data-element_type=\"widget\" data-e-type=\"widget\" data-widget_type=\"text-editor.default\">\n\t\t\t\t<div class=\"elementor-widget-container\">\n\t\t\t\t\t\t\t\t\t<div style=\"margin-left: 10%; margin-right: 10%;\">\n<h2>Un tournant historique pour le cannabis th\u00e9rapeutique au Texas \ud83c\udf3f<\/h2>\nSi tu suis de pr\u00e8s l&rsquo;\u00e9volution des lois sur le cannabis aux \u00c9tats-Unis, tu sais que le Texas est l\u2019un des \u00c9tats les plus conservateurs en la mati\u00e8re. Pourtant, une nouvelle inattendue fait vibrer les d\u00e9fenseurs de la sant\u00e9 naturelle : la Chambre des repr\u00e9sentants du Texas vient tout juste de dire oui \u00e0 un \u00e9largissement du programme de <a href=\"https:\/\/www.gardenz.fr\/310--delta-9-thc\">cannabis<\/a> m\u00e9dical. Une d\u00e9cision qui pourrait transformer la mani\u00e8re dont les patients texans acc\u00e8dent \u00e0 une alternative th\u00e9rapeutique reconnue \ud83d\ude4c.\n<h2>HB 46 : une \u00e9volution majeure pour les patients texans \ud83d\udc8a<\/h2>\nLe projet de loi HB 46 propose un changement significatif dans la l\u00e9gislation actuelle. Port\u00e9 par une alliance entre le d\u00e9put\u00e9 r\u00e9publicain Ken King et la d\u00e9mocrate Penny Morales Shaw, ce texte vise \u00e0 rendre le cannabis m\u00e9dical accessible \u00e0 un plus grand nombre de personnes souffrantes. Jusqu\u2019\u00e0 pr\u00e9sent, seules certaines conditions sp\u00e9cifiques tr\u00e8s restrictives permettaient aux patients d&rsquo;acc\u00e9der \u00e0 ces traitements. Avec cette r\u00e9forme, le seuil d\u2019\u00e9ligibilit\u00e9 s&rsquo;\u00e9largit, ce qui ouvre la porte \u00e0 des milliers de Texans confront\u00e9s \u00e0 des maladies chroniques ou graves \ud83e\udde0.\n<h2>Un pl\u00e9biscite politique porteur d\u2019espoir \ud83d\uddf3\ufe0f<\/h2>\nCe qui frappe imm\u00e9diatement, c\u2019est la forte adh\u00e9sion autour de cette loi lors de la deuxi\u00e8me lecture : 118 voix pour, seulement 16 contre. Une avanc\u00e9e bipartisane qui d\u00e9montre que le sujet transcende d\u00e9sormais les clivages politiques traditionnels. Dans un \u00c9tat o\u00f9 la question du cannabis reste sensible, cette union des votes prouve que les mentalit\u00e9s \u00e9voluent \u2013 et que la priorit\u00e9 est enfin remise sur les besoins r\u00e9els des citoyens \ud83d\udcac.\n<h2>Un soulagement attendu pour les malades du cancer, de l\u2019\u00e9pilepsie et plus encore \ud83d\udc9a<\/h2>\nGr\u00e2ce \u00e0 ce projet, de nouvelles pathologies sont d\u00e9sormais \u00e9ligibles au traitement par cannabis m\u00e9dical. Cancer, scl\u00e9rose en plaques, Parkinson, douleurs chroniques s\u00e9v\u00e8res ou encore troubles neurologiques r\u00e9sistants aux traitements conventionnels\u2026 Tous ces cas pourront potentiellement b\u00e9n\u00e9ficier d\u2019un usage m\u00e9dical encadr\u00e9 du cannabis. Tu imagines le soulagement pour tant de familles ? \ud83c\udf3c\n<h2>Une industrie du cannabis m\u00e9dical encore jeune mais prometteuse au Texas \ud83d\ude80<\/h2>\nMalgr\u00e9 le potentiel d\u2019un march\u00e9 colossal dans un \u00c9tat aussi \u00e9tendu, l\u2019industrie du cannabis m\u00e9dical au Texas reste relativement modeste. Ce projet de loi pourrait justement offrir un coup d\u2019acc\u00e9l\u00e9rateur aux cultivateurs locaux, aux dispensaires et \u00e0 tout l\u2019\u00e9cosyst\u00e8me li\u00e9 au cannabis m\u00e9dical. De nouveaux emplois, des investissements, une meilleure formation des professionnels de sant\u00e9 : tout est \u00e0 construire, et c\u2019est ce qui rend cette p\u00e9riode si excitante \ud83c\udf31.\n<h2>\u00c9ducation, transparence et s\u00e9curit\u00e9 : les piliers d\u2019un programme efficace \ud83d\udd0d<\/h2>\nL\u2019\u00e9largissement du programme ne s\u2019accompagne pas que d\u2019espoirs : il s\u2019installe aussi sur de solides fondations l\u00e9gislatives. Le texte pr\u00e9voit en effet des r\u00e9gulations sur le taux de THC, la tra\u00e7abilit\u00e9, la s\u00e9curit\u00e9 des produits et les prescriptions m\u00e9dicales. Les m\u00e9decins devront suivre une formation sp\u00e9cialis\u00e9e et inscrire chaque patient dans un registre d\u2019utilisation du cannabis th\u00e9rapeutique. R\u00e9sultat : un mod\u00e8le plus transparent, plus s\u00e9curis\u00e9 et centr\u00e9 sur la sant\u00e9 des patients \ud83d\udc68\u200d\u2695\ufe0f.\n<h2>Le vent du changement souffle sur le sud des \u00c9tats-Unis \ud83c\udf2c\ufe0f<\/h2>\nCe mouvement texan s&rsquo;inscrit dans une tendance nationale qui ne cesse de s\u2019intensifier. Des \u00c9tats historiquement conservateurs commencent eux aussi \u00e0 faire \u00e9voluer leur l\u00e9gislation sur le cannabis m\u00e9dical, pouss\u00e9s par une opinion publique de plus en plus favorable. Le Texas, souvent \u00e0 la tra\u00eene en la mati\u00e8re, envoie aujourd\u2019hui un signal fort. Et si, demain, il rejoignait les rangs des \u00c9tats pionniers du cannabis m\u00e9dical ? \ud83c\udf0d\n<h2>Un pas vers la pleine reconnaissance du cannabis comme m\u00e9decine \ud83e\uddea<\/h2>\nLe d\u00e9bat autour de la g\u00e9n\u00e9ralisation de l\u2019usage th\u00e9rapeutique du cannabis ne date pas d\u2019hier. Chaque ann\u00e9e, de nouvelles \u00e9tudes confirment ses effets b\u00e9n\u00e9fiques pour de nombreuses pathologies, avec une meilleure tol\u00e9rance que certains m\u00e9dicaments traditionnels. En votant pour HB 46, les l\u00e9gislateurs texans reconnaissent enfin cette r\u00e9alit\u00e9 : le cannabis n\u2019est pas une menace, mais un outil pour mieux vivre, mieux gu\u00e9rir et mieux accompagner \ud83d\udc50.\n<h2>Tu es concern\u00e9 ? Voici ce que cela change pour toi \ud83d\uddfa\ufe0f<\/h2>\nSi tu es r\u00e9sident au Texas ou si tu accompagnes un proche dans ses d\u00e9marches m\u00e9dicales, cette r\u00e9forme peut bouleverser ta vie. En t&rsquo;informant sur les nouvelles conditions d\u2019\u00e9ligibilit\u00e9, en discutant avec ton m\u00e9decin et en consultant les villes o\u00f9 les dispensaires sont autoris\u00e9s, tu fais d\u00e9j\u00e0 un pas concret vers un traitement alternatif avec moins d\u2019effets secondaires. C\u2019est l\u2019opportunit\u00e9 de choisir une voie plus naturelle, plus douce et souvent plus adapt\u00e9e \ud83c\udfaf.\n<h2>Vers une l\u00e9galisation compl\u00e8te du cannabis dans l\u2019\u00c9tat ? \ud83e\udd14<\/h2>\nBien que cette avanc\u00e9e soit remarquable, le cannabis r\u00e9cr\u00e9atif reste ill\u00e9gal au Texas. Mais cette ouverture vers le m\u00e9dical pave clairement la voie pour un futur d\u00e9bat sur une l\u00e9galisation plus large. Les retomb\u00e9es positives, tant \u00e9conomiques que sanitaires, pourraient jouer en faveur d\u2019un assouplissement progressif des lois. \u00c0 suivre de tr\u00e8s pr\u00e8s, si tu veux voir na\u00eetre un Texas plus vert \ud83c\udf33. <a href=\"https:\/\/gardenz.fr\/news\">Tu veux continuer ta lecture ? D\u00e9couvre d&rsquo;autres articles en cliquant ici.<\/a><\/div>\n\n<div class=\"wp-block-group is-layout-constrained wp-block-group-is-layout-constrained\">\n<div class=\"wp-block-columns is-layout-flex wp-container-core-columns-is-layout-28f84493 wp-block-columns-is-layout-flex\">\n<div class=\"wp-block-column is-layout-flow wp-block-column-is-layout-flow\" style=\"flex-basis:20%\">\n<figure class=\"wp-block-image size-full\"><a href=\"https:\/\/www.gardenz.fr\/3-fleur-de-chanvre-cbd\"><img fetchpriority=\"high\" decoding=\"async\" width=\"424\" height=\"600\" src=\"https:\/\/www.gardenz.fr\/news\/wp-content\/uploads\/2025\/03\/FLEUR-DE-CHANVRE-CBD.webp\" alt=\"FLEUR-DE-CHANVRE-CBD\" class=\"wp-image-17519\" srcset=\"https:\/\/www.gardenz.fr\/news\/wp-content\/uploads\/2025\/03\/FLEUR-DE-CHANVRE-CBD.webp 424w, https:\/\/www.gardenz.fr\/news\/wp-content\/uploads\/2025\/03\/FLEUR-DE-CHANVRE-CBD-212x300.webp 212w\" sizes=\"(max-width: 424px) 100vw, 424px\" \/><\/a><\/figure>\n<\/div>\n\n\n\n<div class=\"wp-block-column is-layout-flow wp-block-column-is-layout-flow\" style=\"flex-basis:20%\">\n<figure class=\"wp-block-image size-full\"><a href=\"https:\/\/www.gardenz.fr\/6--resine-cbd\"><img decoding=\"async\" width=\"424\" height=\"600\" src=\"https:\/\/www.gardenz.fr\/news\/wp-content\/uploads\/2025\/03\/RESINE-CBD.webp\" alt=\"R\u00c9SINE-CBD\" class=\"wp-image-17515\" srcset=\"https:\/\/www.gardenz.fr\/news\/wp-content\/uploads\/2025\/03\/RESINE-CBD.webp 424w, https:\/\/www.gardenz.fr\/news\/wp-content\/uploads\/2025\/03\/RESINE-CBD-212x300.webp 212w\" sizes=\"(max-width: 424px) 100vw, 424px\" \/><\/a><\/figure>\n<\/div>\n\n\n\n<div class=\"wp-block-column is-layout-flow wp-block-column-is-layout-flow\" style=\"flex-basis:20%\">\n<figure class=\"wp-block-image size-full\"><a href=\"https:\/\/www.gardenz.fr\/511--weed-psycho\"><img decoding=\"async\" width=\"424\" height=\"600\" src=\"https:\/\/www.gardenz.fr\/news\/wp-content\/uploads\/2025\/03\/PSYCHOACTIFS.webp\" alt=\"PSYCHOACTIFS\" class=\"wp-image-17517\" srcset=\"https:\/\/www.gardenz.fr\/news\/wp-content\/uploads\/2025\/03\/PSYCHOACTIFS.webp 424w, https:\/\/www.gardenz.fr\/news\/wp-content\/uploads\/2025\/03\/PSYCHOACTIFS-212x300.webp 212w\" sizes=\"(max-width: 424px) 100vw, 424px\" \/><\/a><\/figure>\n<\/div>\n\n\n\n<div class=\"wp-block-column is-layout-flow wp-block-column-is-layout-flow\" style=\"flex-basis:20%\">\n<figure class=\"wp-block-image size-full\"><a href=\"https:\/\/www.gardenz.fr\/562--accessoires-weed\"><img loading=\"lazy\" decoding=\"async\" width=\"424\" height=\"600\" src=\"https:\/\/www.gardenz.fr\/news\/wp-content\/uploads\/2025\/03\/ACCESSOIRED.webp\" alt=\"\" class=\"wp-image-17520\" srcset=\"https:\/\/www.gardenz.fr\/news\/wp-content\/uploads\/2025\/03\/ACCESSOIRED.webp 424w, https:\/\/www.gardenz.fr\/news\/wp-content\/uploads\/2025\/03\/ACCESSOIRED-212x300.webp 212w\" sizes=\"(max-width: 424px) 100vw, 424px\" \/><\/a><\/figure>\n<\/div>\n\n\n\n<div class=\"wp-block-column is-layout-flow wp-block-column-is-layout-flow\" style=\"flex-basis:20%\">\n<figure class=\"wp-block-image size-full\"><a href=\"https:\/\/www.gardenz.fr\/284--vaporisateur-weed\"><img loading=\"lazy\" decoding=\"async\" width=\"424\" height=\"600\" src=\"https:\/\/www.gardenz.fr\/news\/wp-content\/uploads\/2025\/03\/VAPORISATEUR-WEED.webp\" alt=\"VAPORISATEUR-WEED\" class=\"wp-image-17514\" srcset=\"https:\/\/www.gardenz.fr\/news\/wp-content\/uploads\/2025\/03\/VAPORISATEUR-WEED.webp 424w, https:\/\/www.gardenz.fr\/news\/wp-content\/uploads\/2025\/03\/VAPORISATEUR-WEED-212x300.webp 212w\" sizes=\"(max-width: 424px) 100vw, 424px\" \/><\/a><\/figure>\n<\/div>\n<\/div>\n<\/div>\n\t\t\t\t\t\t\t\t<\/div>\n\t\t\t\t<\/div>\n\t\t\t\t\t<\/div>\n\t\t<\/div>\n\t\t\t\t\t<\/div>\n\t\t<\/section>\n\t\t\t\t<\/div>\n\t\t","protected":false},"excerpt":{"rendered":"<p>Un tournant historique pour le cannabis th\u00e9rapeutique au Texas \ud83c\udf3f Si tu suis de pr\u00e8s l&rsquo;\u00e9volution des lois sur le cannabis aux \u00c9tats-Unis, tu sais que le Texas est l\u2019un des \u00c9tats les plus conservateurs en la mati\u00e8re. Pourtant, une nouvelle inattendue fait vibrer les d\u00e9fenseurs de la sant\u00e9 naturelle : la Chambre des repr\u00e9sentants [&hellip;]<\/p>\n","protected":false},"author":18,"featured_media":18304,"comment_status":"closed","ping_status":"","sticky":false,"template":"","format":"standard","meta":{"site-sidebar-layout":"default","site-content-layout":"","ast-site-content-layout":"default","site-content-style":"default","site-sidebar-style":"default","ast-global-header-display":"","ast-banner-title-visibility":"","ast-main-header-display":"","ast-hfb-above-header-display":"","ast-hfb-below-header-display":"","ast-hfb-mobile-header-display":"","site-post-title":"","ast-breadcrumbs-content":"","ast-featured-img":"","footer-sml-layout":"","ast-disable-related-posts":"","theme-transparent-header-meta":"","adv-header-id-meta":"","stick-header-meta":"","header-above-stick-meta":"","header-main-stick-meta":"","header-below-stick-meta":"","astra-migrate-meta-layouts":"default","ast-page-background-enabled":"default","ast-page-background-meta":{"desktop":{"background-color":"var(--ast-global-color-4)","background-image":"","background-repeat":"repeat","background-position":"center center","background-size":"auto","background-attachment":"scroll","background-type":"","background-media":"","overlay-type":"","overlay-color":"","overlay-opacity":"","overlay-gradient":""},"tablet":{"background-color":"","background-image":"","background-repeat":"repeat","background-position":"center center","background-size":"auto","background-attachment":"scroll","background-type":"","background-media":"","overlay-type":"","overlay-color":"","overlay-opacity":"","overlay-gradient":""},"mobile":{"background-color":"","background-image":"","background-repeat":"repeat","background-position":"center center","background-size":"auto","background-attachment":"scroll","background-type":"","background-media":"","overlay-type":"","overlay-color":"","overlay-opacity":"","overlay-gradient":""}},"ast-content-background-meta":{"desktop":{"background-color":"var(--ast-global-color-5)","background-image":"","background-repeat":"repeat","background-position":"center center","background-size":"auto","background-attachment":"scroll","background-type":"","background-media":"","overlay-type":"","overlay-color":"","overlay-opacity":"","overlay-gradient":""},"tablet":{"background-color":"var(--ast-global-color-5)","background-image":"","background-repeat":"repeat","background-position":"center center","background-size":"auto","background-attachment":"scroll","background-type":"","background-media":"","overlay-type":"","overlay-color":"","overlay-opacity":"","overlay-gradient":""},"mobile":{"background-color":"var(--ast-global-color-5)","background-image":"","background-repeat":"repeat","background-position":"center center","background-size":"auto","background-attachment":"scroll","background-type":"","background-media":"","overlay-type":"","overlay-color":"","overlay-opacity":"","overlay-gradient":""}},"footnotes":""},"categories":[1],"tags":[],"class_list":["post-18305","post","type-post","status-publish","format-standard","has-post-thumbnail","hentry","category-non-classe"],"yoast_head":"<!-- This site is optimized with the Yoast SEO plugin v27.5 - https:\/\/yoast.com\/product\/yoast-seo-wordpress\/ -->\n<title>\ud83c\udf3fLa Chambre des repr\u00e9sentants du Texas approuve l\u2019\u00e9largissement de l\u2019acc\u00e8s au cannabis m\u00e9dical<\/title>\n<meta name=\"description\" content=\"\ud83c\udf3f La Chambre des repr\u00e9sentants du Texas approuve l\u2019\u00e9largissement de l\u2019acc\u00e8s au cannabis m\u00e9dical. D\u00e9couvrez les implications de cette d\u00e9cision.\" \/>\n<meta name=\"robots\" content=\"index, follow, max-snippet:-1, max-image-preview:large, max-video-preview:-1\" \/>\n<link rel=\"canonical\" href=\"https:\/\/www.gardenz.fr\/news\/2025\/05\/14\/la-chambre-des-representants-du-texas-approuve-lelargissement-de-lacces-au-cannabis-medical\/\" \/>\n<meta property=\"og:locale\" content=\"fr_FR\" \/>\n<meta property=\"og:type\" content=\"article\" \/>\n<meta property=\"og:title\" content=\"\ud83c\udf3fLa Chambre des repr\u00e9sentants du Texas approuve l\u2019\u00e9largissement de l\u2019acc\u00e8s au cannabis m\u00e9dical\" \/>\n<meta property=\"og:description\" content=\"\ud83c\udf3f La Chambre des repr\u00e9sentants du Texas approuve l\u2019\u00e9largissement de l\u2019acc\u00e8s au cannabis m\u00e9dical. D\u00e9couvrez les implications de cette d\u00e9cision.\" \/>\n<meta property=\"og:url\" content=\"https:\/\/www.gardenz.fr\/news\/2025\/05\/14\/la-chambre-des-representants-du-texas-approuve-lelargissement-de-lacces-au-cannabis-medical\/\" \/>\n<meta property=\"og:site_name\" content=\"Le Blog de Gardenz\" \/>\n<meta property=\"article:published_time\" content=\"2025-05-14T09:20:52+00:00\" \/>\n<meta property=\"article:modified_time\" content=\"2025-07-22T13:03:13+00:00\" \/>\n<meta property=\"og:image\" content=\"https:\/\/www.gardenz.fr\/news\/wp-content\/uploads\/2025\/05\/La-Chambre-des-representants-du-Texas-approuve-lelargissement-de-lacces-au-cannabis-medicalsanitize-2025-05-14T092050.988Z.jpg\" \/>\n\t<meta property=\"og:image:width\" content=\"900\" \/>\n\t<meta property=\"og:image:height\" content=\"250\" \/>\n\t<meta property=\"og:image:type\" content=\"image\/jpeg\" \/>\n<meta name=\"author\" content=\"Idan Melicio\" \/>\n<meta name=\"twitter:card\" content=\"summary_large_image\" \/>\n<meta name=\"twitter:label1\" content=\"\u00c9crit par\" \/>\n\t<meta name=\"twitter:data1\" content=\"Idan Melicio\" \/>\n\t<meta name=\"twitter:label2\" content=\"Dur\u00e9e de lecture estim\u00e9e\" \/>\n\t<meta name=\"twitter:data2\" content=\"9 minutes\" \/>\n<script type=\"application\/ld+json\" class=\"yoast-schema-graph\">{\"@context\":\"https:\\\/\\\/schema.org\",\"@graph\":[{\"@type\":\"Article\",\"@id\":\"https:\\\/\\\/www.gardenz.fr\\\/news\\\/2025\\\/05\\\/14\\\/la-chambre-des-representants-du-texas-approuve-lelargissement-de-lacces-au-cannabis-medical\\\/#article\",\"isPartOf\":{\"@id\":\"https:\\\/\\\/www.gardenz.fr\\\/news\\\/2025\\\/05\\\/14\\\/la-chambre-des-representants-du-texas-approuve-lelargissement-de-lacces-au-cannabis-medical\\\/\"},\"author\":{\"name\":\"Idan Melicio\",\"@id\":\"https:\\\/\\\/www.gardenz.fr\\\/news\\\/#\\\/schema\\\/person\\\/4c29b13eadec7d3b7f81d3dc8253aa72\"},\"headline\":\"La Chambre des repr\u00e9sentants du Texas approuve l\u2019\u00e9largissement de l\u2019acc\u00e8s au cannabis m\u00e9dical\",\"datePublished\":\"2025-05-14T09:20:52+00:00\",\"dateModified\":\"2025-07-22T13:03:13+00:00\",\"mainEntityOfPage\":{\"@id\":\"https:\\\/\\\/www.gardenz.fr\\\/news\\\/2025\\\/05\\\/14\\\/la-chambre-des-representants-du-texas-approuve-lelargissement-de-lacces-au-cannabis-medical\\\/\"},\"wordCount\":927,\"publisher\":{\"@id\":\"https:\\\/\\\/www.gardenz.fr\\\/news\\\/#organization\"},\"image\":{\"@id\":\"https:\\\/\\\/www.gardenz.fr\\\/news\\\/2025\\\/05\\\/14\\\/la-chambre-des-representants-du-texas-approuve-lelargissement-de-lacces-au-cannabis-medical\\\/#primaryimage\"},\"thumbnailUrl\":\"https:\\\/\\\/www.gardenz.fr\\\/news\\\/wp-content\\\/uploads\\\/2025\\\/05\\\/La-Chambre-des-representants-du-Texas-approuve-lelargissement-de-lacces-au-cannabis-medicalsanitize-2025-05-14T092050.988Z.jpg\",\"articleSection\":[\"GENERAL\"],\"inLanguage\":\"fr-FR\"},{\"@type\":\"WebPage\",\"@id\":\"https:\\\/\\\/www.gardenz.fr\\\/news\\\/2025\\\/05\\\/14\\\/la-chambre-des-representants-du-texas-approuve-lelargissement-de-lacces-au-cannabis-medical\\\/\",\"url\":\"https:\\\/\\\/www.gardenz.fr\\\/news\\\/2025\\\/05\\\/14\\\/la-chambre-des-representants-du-texas-approuve-lelargissement-de-lacces-au-cannabis-medical\\\/\",\"name\":\"\ud83c\udf3fLa Chambre des repr\u00e9sentants du Texas approuve l\u2019\u00e9largissement de l\u2019acc\u00e8s au cannabis m\u00e9dical\",\"isPartOf\":{\"@id\":\"https:\\\/\\\/www.gardenz.fr\\\/news\\\/#website\"},\"primaryImageOfPage\":{\"@id\":\"https:\\\/\\\/www.gardenz.fr\\\/news\\\/2025\\\/05\\\/14\\\/la-chambre-des-representants-du-texas-approuve-lelargissement-de-lacces-au-cannabis-medical\\\/#primaryimage\"},\"image\":{\"@id\":\"https:\\\/\\\/www.gardenz.fr\\\/news\\\/2025\\\/05\\\/14\\\/la-chambre-des-representants-du-texas-approuve-lelargissement-de-lacces-au-cannabis-medical\\\/#primaryimage\"},\"thumbnailUrl\":\"https:\\\/\\\/www.gardenz.fr\\\/news\\\/wp-content\\\/uploads\\\/2025\\\/05\\\/La-Chambre-des-representants-du-Texas-approuve-lelargissement-de-lacces-au-cannabis-medicalsanitize-2025-05-14T092050.988Z.jpg\",\"datePublished\":\"2025-05-14T09:20:52+00:00\",\"dateModified\":\"2025-07-22T13:03:13+00:00\",\"description\":\"\ud83c\udf3f La Chambre des repr\u00e9sentants du Texas approuve l\u2019\u00e9largissement de l\u2019acc\u00e8s au cannabis m\u00e9dical. D\u00e9couvrez les implications de cette d\u00e9cision.\",\"breadcrumb\":{\"@id\":\"https:\\\/\\\/www.gardenz.fr\\\/news\\\/2025\\\/05\\\/14\\\/la-chambre-des-representants-du-texas-approuve-lelargissement-de-lacces-au-cannabis-medical\\\/#breadcrumb\"},\"inLanguage\":\"fr-FR\",\"potentialAction\":[{\"@type\":\"ReadAction\",\"target\":[\"https:\\\/\\\/www.gardenz.fr\\\/news\\\/2025\\\/05\\\/14\\\/la-chambre-des-representants-du-texas-approuve-lelargissement-de-lacces-au-cannabis-medical\\\/\"]}]},{\"@type\":\"ImageObject\",\"inLanguage\":\"fr-FR\",\"@id\":\"https:\\\/\\\/www.gardenz.fr\\\/news\\\/2025\\\/05\\\/14\\\/la-chambre-des-representants-du-texas-approuve-lelargissement-de-lacces-au-cannabis-medical\\\/#primaryimage\",\"url\":\"https:\\\/\\\/www.gardenz.fr\\\/news\\\/wp-content\\\/uploads\\\/2025\\\/05\\\/La-Chambre-des-representants-du-Texas-approuve-lelargissement-de-lacces-au-cannabis-medicalsanitize-2025-05-14T092050.988Z.jpg\",\"contentUrl\":\"https:\\\/\\\/www.gardenz.fr\\\/news\\\/wp-content\\\/uploads\\\/2025\\\/05\\\/La-Chambre-des-representants-du-Texas-approuve-lelargissement-de-lacces-au-cannabis-medicalsanitize-2025-05-14T092050.988Z.jpg\",\"width\":900,\"height\":250,\"caption\":\"La Chambre des repr\u00e9sentants du Texas approuve l\u2019\u00e9largissement de l\u2019acc\u00e8s au cannabis m\u00e9dical\"},{\"@type\":\"BreadcrumbList\",\"@id\":\"https:\\\/\\\/www.gardenz.fr\\\/news\\\/2025\\\/05\\\/14\\\/la-chambre-des-representants-du-texas-approuve-lelargissement-de-lacces-au-cannabis-medical\\\/#breadcrumb\",\"itemListElement\":[{\"@type\":\"ListItem\",\"position\":1,\"name\":\"Accueil\",\"item\":\"https:\\\/\\\/www.gardenz.fr\\\/news\\\/\"},{\"@type\":\"ListItem\",\"position\":2,\"name\":\"La Chambre des repr\u00e9sentants du Texas approuve l\u2019\u00e9largissement de l\u2019acc\u00e8s au cannabis m\u00e9dical\"}]},{\"@type\":\"WebSite\",\"@id\":\"https:\\\/\\\/www.gardenz.fr\\\/news\\\/#website\",\"url\":\"https:\\\/\\\/www.gardenz.fr\\\/news\\\/\",\"name\":\"Le Blog de Gardenz\",\"description\":\"Best quality CBD\",\"publisher\":{\"@id\":\"https:\\\/\\\/www.gardenz.fr\\\/news\\\/#organization\"},\"potentialAction\":[{\"@type\":\"SearchAction\",\"target\":{\"@type\":\"EntryPoint\",\"urlTemplate\":\"https:\\\/\\\/www.gardenz.fr\\\/news\\\/?s={search_term_string}\"},\"query-input\":{\"@type\":\"PropertyValueSpecification\",\"valueRequired\":true,\"valueName\":\"search_term_string\"}}],\"inLanguage\":\"fr-FR\"},{\"@type\":\"Organization\",\"@id\":\"https:\\\/\\\/www.gardenz.fr\\\/news\\\/#organization\",\"name\":\"Le Blog de Gardenz\",\"url\":\"https:\\\/\\\/www.gardenz.fr\\\/news\\\/\",\"logo\":{\"@type\":\"ImageObject\",\"inLanguage\":\"fr-FR\",\"@id\":\"https:\\\/\\\/www.gardenz.fr\\\/news\\\/#\\\/schema\\\/logo\\\/image\\\/\",\"url\":\"https:\\\/\\\/www.gardenz.fr\\\/news\\\/wp-content\\\/uploads\\\/2022\\\/06\\\/logo-gardenz-feuille-blanc-final.png\",\"contentUrl\":\"https:\\\/\\\/www.gardenz.fr\\\/news\\\/wp-content\\\/uploads\\\/2022\\\/06\\\/logo-gardenz-feuille-blanc-final.png\",\"width\":459,\"height\":200,\"caption\":\"Le Blog de Gardenz\"},\"image\":{\"@id\":\"https:\\\/\\\/www.gardenz.fr\\\/news\\\/#\\\/schema\\\/logo\\\/image\\\/\"}},{\"@type\":\"Person\",\"@id\":\"https:\\\/\\\/www.gardenz.fr\\\/news\\\/#\\\/schema\\\/person\\\/4c29b13eadec7d3b7f81d3dc8253aa72\",\"name\":\"Idan Melicio\",\"image\":{\"@type\":\"ImageObject\",\"inLanguage\":\"fr-FR\",\"@id\":\"https:\\\/\\\/secure.gravatar.com\\\/avatar\\\/a4fed9bf268062e3c5884e1b9288f4a54517dd9041d8c562678849f7f1c1eb43?s=96&d=mm&r=g\",\"url\":\"https:\\\/\\\/secure.gravatar.com\\\/avatar\\\/a4fed9bf268062e3c5884e1b9288f4a54517dd9041d8c562678849f7f1c1eb43?s=96&d=mm&r=g\",\"contentUrl\":\"https:\\\/\\\/secure.gravatar.com\\\/avatar\\\/a4fed9bf268062e3c5884e1b9288f4a54517dd9041d8c562678849f7f1c1eb43?s=96&d=mm&r=g\",\"caption\":\"Idan Melicio\"},\"url\":\"https:\\\/\\\/www.gardenz.fr\\\/news\\\/author\\\/idan-milecio\\\/\"}]}<\/script>\n<!-- \/ Yoast SEO plugin. -->","yoast_head_json":{"title":"\ud83c\udf3fLa Chambre des repr\u00e9sentants du Texas approuve l\u2019\u00e9largissement de l\u2019acc\u00e8s au cannabis m\u00e9dical","description":"\ud83c\udf3f La Chambre des repr\u00e9sentants du Texas approuve l\u2019\u00e9largissement de l\u2019acc\u00e8s au cannabis m\u00e9dical. D\u00e9couvrez les implications de cette d\u00e9cision.","robots":{"index":"index","follow":"follow","max-snippet":"max-snippet:-1","max-image-preview":"max-image-preview:large","max-video-preview":"max-video-preview:-1"},"canonical":"https:\/\/www.gardenz.fr\/news\/2025\/05\/14\/la-chambre-des-representants-du-texas-approuve-lelargissement-de-lacces-au-cannabis-medical\/","og_locale":"fr_FR","og_type":"article","og_title":"\ud83c\udf3fLa Chambre des repr\u00e9sentants du Texas approuve l\u2019\u00e9largissement de l\u2019acc\u00e8s au cannabis m\u00e9dical","og_description":"\ud83c\udf3f La Chambre des repr\u00e9sentants du Texas approuve l\u2019\u00e9largissement de l\u2019acc\u00e8s au cannabis m\u00e9dical. D\u00e9couvrez les implications de cette d\u00e9cision.","og_url":"https:\/\/www.gardenz.fr\/news\/2025\/05\/14\/la-chambre-des-representants-du-texas-approuve-lelargissement-de-lacces-au-cannabis-medical\/","og_site_name":"Le Blog de Gardenz","article_published_time":"2025-05-14T09:20:52+00:00","article_modified_time":"2025-07-22T13:03:13+00:00","og_image":[{"width":900,"height":250,"url":"https:\/\/www.gardenz.fr\/news\/wp-content\/uploads\/2025\/05\/La-Chambre-des-representants-du-Texas-approuve-lelargissement-de-lacces-au-cannabis-medicalsanitize-2025-05-14T092050.988Z.jpg","type":"image\/jpeg"}],"author":"Idan Melicio","twitter_card":"summary_large_image","twitter_misc":{"\u00c9crit par":"Idan Melicio","Dur\u00e9e de lecture estim\u00e9e":"9 minutes"},"schema":{"@context":"https:\/\/schema.org","@graph":[{"@type":"Article","@id":"https:\/\/www.gardenz.fr\/news\/2025\/05\/14\/la-chambre-des-representants-du-texas-approuve-lelargissement-de-lacces-au-cannabis-medical\/#article","isPartOf":{"@id":"https:\/\/www.gardenz.fr\/news\/2025\/05\/14\/la-chambre-des-representants-du-texas-approuve-lelargissement-de-lacces-au-cannabis-medical\/"},"author":{"name":"Idan Melicio","@id":"https:\/\/www.gardenz.fr\/news\/#\/schema\/person\/4c29b13eadec7d3b7f81d3dc8253aa72"},"headline":"La Chambre des repr\u00e9sentants du Texas approuve l\u2019\u00e9largissement de l\u2019acc\u00e8s au cannabis m\u00e9dical","datePublished":"2025-05-14T09:20:52+00:00","dateModified":"2025-07-22T13:03:13+00:00","mainEntityOfPage":{"@id":"https:\/\/www.gardenz.fr\/news\/2025\/05\/14\/la-chambre-des-representants-du-texas-approuve-lelargissement-de-lacces-au-cannabis-medical\/"},"wordCount":927,"publisher":{"@id":"https:\/\/www.gardenz.fr\/news\/#organization"},"image":{"@id":"https:\/\/www.gardenz.fr\/news\/2025\/05\/14\/la-chambre-des-representants-du-texas-approuve-lelargissement-de-lacces-au-cannabis-medical\/#primaryimage"},"thumbnailUrl":"https:\/\/www.gardenz.fr\/news\/wp-content\/uploads\/2025\/05\/La-Chambre-des-representants-du-Texas-approuve-lelargissement-de-lacces-au-cannabis-medicalsanitize-2025-05-14T092050.988Z.jpg","articleSection":["GENERAL"],"inLanguage":"fr-FR"},{"@type":"WebPage","@id":"https:\/\/www.gardenz.fr\/news\/2025\/05\/14\/la-chambre-des-representants-du-texas-approuve-lelargissement-de-lacces-au-cannabis-medical\/","url":"https:\/\/www.gardenz.fr\/news\/2025\/05\/14\/la-chambre-des-representants-du-texas-approuve-lelargissement-de-lacces-au-cannabis-medical\/","name":"\ud83c\udf3fLa Chambre des repr\u00e9sentants du Texas approuve l\u2019\u00e9largissement de l\u2019acc\u00e8s au cannabis m\u00e9dical","isPartOf":{"@id":"https:\/\/www.gardenz.fr\/news\/#website"},"primaryImageOfPage":{"@id":"https:\/\/www.gardenz.fr\/news\/2025\/05\/14\/la-chambre-des-representants-du-texas-approuve-lelargissement-de-lacces-au-cannabis-medical\/#primaryimage"},"image":{"@id":"https:\/\/www.gardenz.fr\/news\/2025\/05\/14\/la-chambre-des-representants-du-texas-approuve-lelargissement-de-lacces-au-cannabis-medical\/#primaryimage"},"thumbnailUrl":"https:\/\/www.gardenz.fr\/news\/wp-content\/uploads\/2025\/05\/La-Chambre-des-representants-du-Texas-approuve-lelargissement-de-lacces-au-cannabis-medicalsanitize-2025-05-14T092050.988Z.jpg","datePublished":"2025-05-14T09:20:52+00:00","dateModified":"2025-07-22T13:03:13+00:00","description":"\ud83c\udf3f La Chambre des repr\u00e9sentants du Texas approuve l\u2019\u00e9largissement de l\u2019acc\u00e8s au cannabis m\u00e9dical. D\u00e9couvrez les implications de cette d\u00e9cision.","breadcrumb":{"@id":"https:\/\/www.gardenz.fr\/news\/2025\/05\/14\/la-chambre-des-representants-du-texas-approuve-lelargissement-de-lacces-au-cannabis-medical\/#breadcrumb"},"inLanguage":"fr-FR","potentialAction":[{"@type":"ReadAction","target":["https:\/\/www.gardenz.fr\/news\/2025\/05\/14\/la-chambre-des-representants-du-texas-approuve-lelargissement-de-lacces-au-cannabis-medical\/"]}]},{"@type":"ImageObject","inLanguage":"fr-FR","@id":"https:\/\/www.gardenz.fr\/news\/2025\/05\/14\/la-chambre-des-representants-du-texas-approuve-lelargissement-de-lacces-au-cannabis-medical\/#primaryimage","url":"https:\/\/www.gardenz.fr\/news\/wp-content\/uploads\/2025\/05\/La-Chambre-des-representants-du-Texas-approuve-lelargissement-de-lacces-au-cannabis-medicalsanitize-2025-05-14T092050.988Z.jpg","contentUrl":"https:\/\/www.gardenz.fr\/news\/wp-content\/uploads\/2025\/05\/La-Chambre-des-representants-du-Texas-approuve-lelargissement-de-lacces-au-cannabis-medicalsanitize-2025-05-14T092050.988Z.jpg","width":900,"height":250,"caption":"La Chambre des repr\u00e9sentants du Texas approuve l\u2019\u00e9largissement de l\u2019acc\u00e8s au cannabis m\u00e9dical"},{"@type":"BreadcrumbList","@id":"https:\/\/www.gardenz.fr\/news\/2025\/05\/14\/la-chambre-des-representants-du-texas-approuve-lelargissement-de-lacces-au-cannabis-medical\/#breadcrumb","itemListElement":[{"@type":"ListItem","position":1,"name":"Accueil","item":"https:\/\/www.gardenz.fr\/news\/"},{"@type":"ListItem","position":2,"name":"La Chambre des repr\u00e9sentants du Texas approuve l\u2019\u00e9largissement de l\u2019acc\u00e8s au cannabis m\u00e9dical"}]},{"@type":"WebSite","@id":"https:\/\/www.gardenz.fr\/news\/#website","url":"https:\/\/www.gardenz.fr\/news\/","name":"Le Blog de Gardenz","description":"Best quality CBD","publisher":{"@id":"https:\/\/www.gardenz.fr\/news\/#organization"},"potentialAction":[{"@type":"SearchAction","target":{"@type":"EntryPoint","urlTemplate":"https:\/\/www.gardenz.fr\/news\/?s={search_term_string}"},"query-input":{"@type":"PropertyValueSpecification","valueRequired":true,"valueName":"search_term_string"}}],"inLanguage":"fr-FR"},{"@type":"Organization","@id":"https:\/\/www.gardenz.fr\/news\/#organization","name":"Le Blog de Gardenz","url":"https:\/\/www.gardenz.fr\/news\/","logo":{"@type":"ImageObject","inLanguage":"fr-FR","@id":"https:\/\/www.gardenz.fr\/news\/#\/schema\/logo\/image\/","url":"https:\/\/www.gardenz.fr\/news\/wp-content\/uploads\/2022\/06\/logo-gardenz-feuille-blanc-final.png","contentUrl":"https:\/\/www.gardenz.fr\/news\/wp-content\/uploads\/2022\/06\/logo-gardenz-feuille-blanc-final.png","width":459,"height":200,"caption":"Le Blog de Gardenz"},"image":{"@id":"https:\/\/www.gardenz.fr\/news\/#\/schema\/logo\/image\/"}},{"@type":"Person","@id":"https:\/\/www.gardenz.fr\/news\/#\/schema\/person\/4c29b13eadec7d3b7f81d3dc8253aa72","name":"Idan Melicio","image":{"@type":"ImageObject","inLanguage":"fr-FR","@id":"https:\/\/secure.gravatar.com\/avatar\/a4fed9bf268062e3c5884e1b9288f4a54517dd9041d8c562678849f7f1c1eb43?s=96&d=mm&r=g","url":"https:\/\/secure.gravatar.com\/avatar\/a4fed9bf268062e3c5884e1b9288f4a54517dd9041d8c562678849f7f1c1eb43?s=96&d=mm&r=g","contentUrl":"https:\/\/secure.gravatar.com\/avatar\/a4fed9bf268062e3c5884e1b9288f4a54517dd9041d8c562678849f7f1c1eb43?s=96&d=mm&r=g","caption":"Idan Melicio"},"url":"https:\/\/www.gardenz.fr\/news\/author\/idan-milecio\/"}]}},"_links":{"self":[{"href":"https:\/\/www.gardenz.fr\/news\/wp-json\/wp\/v2\/posts\/18305","targetHints":{"allow":["GET"]}}],"collection":[{"href":"https:\/\/www.gardenz.fr\/news\/wp-json\/wp\/v2\/posts"}],"about":[{"href":"https:\/\/www.gardenz.fr\/news\/wp-json\/wp\/v2\/types\/post"}],"author":[{"embeddable":true,"href":"https:\/\/www.gardenz.fr\/news\/wp-json\/wp\/v2\/users\/18"}],"replies":[{"embeddable":true,"href":"https:\/\/www.gardenz.fr\/news\/wp-json\/wp\/v2\/comments?post=18305"}],"version-history":[{"count":3,"href":"https:\/\/www.gardenz.fr\/news\/wp-json\/wp\/v2\/posts\/18305\/revisions"}],"predecessor-version":[{"id":18848,"href":"https:\/\/www.gardenz.fr\/news\/wp-json\/wp\/v2\/posts\/18305\/revisions\/18848"}],"wp:featuredmedia":[{"embeddable":true,"href":"https:\/\/www.gardenz.fr\/news\/wp-json\/wp\/v2\/media\/18304"}],"wp:attachment":[{"href":"https:\/\/www.gardenz.fr\/news\/wp-json\/wp\/v2\/media?parent=18305"}],"wp:term":[{"taxonomy":"category","embeddable":true,"href":"https:\/\/www.gardenz.fr\/news\/wp-json\/wp\/v2\/categories?post=18305"},{"taxonomy":"post_tag","embeddable":true,"href":"https:\/\/www.gardenz.fr\/news\/wp-json\/wp\/v2\/tags?post=18305"}],"curies":[{"name":"wp","href":"https:\/\/api.w.org\/{rel}","templated":true}]}}