{"id":18318,"date":"2025-05-15T07:35:44","date_gmt":"2025-05-15T05:35:44","guid":{"rendered":"https:\/\/www.gardenz.fr\/news\/2025\/05\/15\/pourquoi-certains-fumeurs-ne-ressentent-pas-les-effets-du-cannabis\/"},"modified":"2025-07-22T12:59:24","modified_gmt":"2025-07-22T10:59:24","slug":"pourquoi-certains-fumeurs-ne-ressentent-pas-les-effets-du-cannabis","status":"publish","type":"post","link":"https:\/\/www.gardenz.fr\/news\/2025\/05\/15\/pourquoi-certains-fumeurs-ne-ressentent-pas-les-effets-du-cannabis\/","title":{"rendered":"Pourquoi certains fumeurs ne ressentent pas les effets du cannabis"},"content":{"rendered":"\t\t<div data-elementor-type=\"wp-post\" data-elementor-id=\"18318\" class=\"elementor elementor-18318\">\n\t\t\t\t\t\t<section class=\"elementor-section elementor-top-section elementor-element elementor-element-1bce8822 elementor-section-boxed elementor-section-height-default elementor-section-height-default\" data-id=\"1bce8822\" data-element_type=\"section\" data-e-type=\"section\">\n\t\t\t\t\t\t<div class=\"elementor-container elementor-column-gap-default\">\n\t\t\t\t\t<div class=\"elementor-column elementor-col-100 elementor-top-column elementor-element elementor-element-44c2dcd4\" data-id=\"44c2dcd4\" data-element_type=\"column\" data-e-type=\"column\">\n\t\t\t<div class=\"elementor-widget-wrap elementor-element-populated\">\n\t\t\t\t\t\t<div class=\"elementor-element elementor-element-d4a9d9 elementor-widget elementor-widget-text-editor\" data-id=\"d4a9d9\" data-element_type=\"widget\" data-e-type=\"widget\" data-widget_type=\"text-editor.default\">\n\t\t\t\t<div class=\"elementor-widget-container\">\n\t\t\t\t\t\t\t\t\t<div style=\"margin-left: 10%; margin-right: 10%;\">Tu t\u2019es d\u00e9j\u00e0 retrouv\u00e9 \u00e0 tirer une latte sur un joint parfaitement roul\u00e9 \ud83d\udca8, \u00e0 attendre que la magie op\u00e8re\u2026 et rien ? Nada ? Alors que ton pote \u00e0 c\u00f4t\u00e9 est d\u00e9j\u00e0 en train de rigoler pour une pub de dentifrice ? Pas de panique. Beaucoup se sont pos\u00e9 cette question : pourquoi certains fumeurs ne ressentent-ils pas les effets du <a href=\"https:\/\/www.gardenz.fr\/310--delta-9-thc\">cannabis<\/a>, surtout \u00e0 leurs d\u00e9buts ? Dans cet article, on d\u00e9m\u00eale les raisons derri\u00e8re ce myst\u00e8re en mode smooth et accessible \u270c\ufe0f\n<h2>Le mot-cl\u00e9 principal et les premiers indices \ud83d\udd0d<\/h2>\nOn attaque directement avec le mot-cl\u00e9 principal : <strong>effets du cannabis<\/strong>. C\u2019est le c\u0153ur du sujet. Et autour de lui gravitent des termes un peu cosmiques mais essentiels : <em>premi\u00e8re exp\u00e9rience cannabis<\/em>, <em>THC<\/em>, <em>tol\u00e9rance au cannabis<\/em>, <em>r\u00e9cepteurs endocannabino\u00efdes<\/em> ou encore <em>r\u00e9sistance au cannabis<\/em>. Tu vas voir, tout s\u2019\u00e9claire rapidement.\n<h2>Premi\u00e8re fois : et si c\u2019\u00e9tait juste normal ? \ud83c\udf88<\/h2>\nCrois-le ou non, il est tr\u00e8s courant de ne rien ressentir lors de sa premi\u00e8re exp\u00e9rience avec le cannabis. Pourquoi ? Tout simplement parce que ton corps d\u00e9couvre un tout nouveau jeu de connexions chimiques, et il a parfois besoin d&rsquo;un coup d&rsquo;entra\u00eenement \ud83e\udde0 C\u2019est comme apprendre \u00e0 faire du v\u00e9lo : au d\u00e9but, tu p\u00e9dales dans le vide, tu ne piges pas l&rsquo;\u00e9quilibre. Puis, bim, \u00e7a clique.\n<h2>Le r\u00f4le cl\u00e9 du syst\u00e8me endocannabino\u00efde \ud83e\uddec<\/h2>\nAlors l\u00e0, on sort le microscope ! Ton corps abrite un syst\u00e8me ultra styl\u00e9 : le syst\u00e8me endocannabino\u00efde. Il sert \u00e0 maintenir l&rsquo;\u00e9quilibre de plein de processus internes (app\u00e9tit, humeur, sommeil&#8230;). Le cannabis, et plus pr\u00e9cis\u00e9ment son fameux THC, vient se coller \u00e0 des r\u00e9cepteurs sp\u00e9cifiques (CB1 et CB2). Mais voil\u00e0 le twist : chez certains, ces r\u00e9cepteurs sont moins sensibles, ou \u00ab\u00a0pas encore activ\u00e9s\u00a0\u00bb. R\u00e9sultat : le THC arrive, tape \u00e0 la porte&#8230; mais personne ne r\u00e9pond \ud83d\udeaa\n<h2>Mauvaise technique = mauvaise exp\u00e9rience \ud83d\udeac<\/h2>\nOn l\u2019oublie souvent, mais fumer du cannabis, \u00e7a s\u2019apprend. Si tu ne tires pas correctement, que tu expires trop t\u00f4t, ou que tu as mal roul\u00e9 ton joint, tu risques de passer \u00e0 c\u00f4t\u00e9 des effets. Beaucoup de novices inhalent sans r\u00e9ellement amener la fum\u00e9e jusqu\u2019aux poumons. Et sans combustion compl\u00e8te + bonne absorption, c\u2019est comme si tu soufflais dans une paille.\n<h2>La tol\u00e9rance : pourquoi certains r\u00e9sistent naturellement \ud83e\uddf1<\/h2>\nOn a tous cette pote qui fume trois tafs et qui part dans l\u2019espace, pendant que toi, tu joues \u00e0 Candy Crush en attendant l\u2019extase (true story ? \ud83d\ude05). Cette diff\u00e9rence de ressenti vient parfois d\u2019une tol\u00e9rance au cannabis plus ou moins \u00e9lev\u00e9e. Certains m\u00e9tabolismes sont g\u00e9n\u00e9tiquement \u00ab\u00a0programm\u00e9s\u00a0\u00bb pour g\u00e9rer mieux ou moins bien le THC. Ton foie, ton cerveau, ton historique de consommation : tout \u00e7a influence la mani\u00e8re dont ton corps traite la substance.\n<h2>Qualit\u00e9 de la weed : tu fumes quoi, en fait ? \ud83c\udf3f<\/h2>\nOn en parle pas assez, mais la plante elle-m\u00eame a son r\u00f4le \u00e0 jouer. T\u2019es peut-\u00eatre tomb\u00e9 sur une herbe de mauvaise qualit\u00e9, trop s\u00e8che, peu dos\u00e9e en THC ou mal conserv\u00e9e. R\u00e9sultat : m\u00eame en fumant deux joints, tu es aussi stone qu\u2019un caillou. Il est donc crucial de faire attention \u00e0 la provenance, aux conditions de culture et \u00e0 la vari\u00e9t\u00e9 (Sativa ? Indica ? Hybride ?). Spoiler : tout change selon les profils \ud83c\udf31\n<h2>Consommation et contexte : le mental joue aussi \ud83c\udfad<\/h2>\nParfois, le blocage n\u2019est ni physique ni chimique\u2026 mais mental ! Eh oui, ton \u00e9tat d\u2019esprit au moment de fumer influence beaucoup ton ressenti. Le stress, l\u2019anxi\u00e9t\u00e9 ou simplement l\u2019excitation peuvent emp\u00eacher ton cerveau de se \u00ab\u00a0laisser aller\u00a0\u00bb. Comme si t\u2019\u00e9tais \u00e0 une soir\u00e9e o\u00f9 tu connais personne : t\u2019as pas envie de danser tout de suite, et c\u2019est ok.\n<h2>Comment mieux ressentir les effets du cannabis ? \ud83d\ude80<\/h2>\nPas de recette miracle, mais quelques astuces pour vivre une exp\u00e9rience plus riche la prochaine fois :\n<h3>Soigne ton environnement<\/h3>\nInstalle-toi dans un endroit calme, o\u00f9 tu te sens \u00e0 l\u2019aise. Mets une playlist douce, \u00e9loigne les sources de stress. La vibe est super importante.\n<h3>Hydrate-toi et mange l\u00e9ger<\/h3>\nUn bon taux d\u2019hydratation aide ton corps \u00e0 assimiler les cannabino\u00efdes. Et \u00e9vite les gros repas juste avant de fumer : \u00e7a peut ralentir l\u2019absorption.\n<h3>Prends ton temps<\/h3>\nPas la peine de tirer comme une locomotive \ud83d\ude82 Commence doucement, observe ton corps, respire, laisse faire. Parfois, les effets mettent un peu de temps \u00e0 se manifester.\n<h2>FAQ : les questions que tu n\u2019oses pas poser \ud83d\ude43<\/h2>\n<h3>Est-ce dangereux de ne rien ressentir ?<\/h3>\nPas du tout ! C\u2019est m\u00eame courant. Ton corps apprend, explore. L\u2019important, c\u2019est de ne jamais forcer.\n<h3>Dois-je changer de vari\u00e9t\u00e9 si je sens rien ?<\/h3>\nC\u2019est une bonne id\u00e9e. Chaque vari\u00e9t\u00e9 de cannabis a un profil de cannabino\u00efdes et de terp\u00e8nes diff\u00e9rent. Ce qui ne te fait rien aujourd\u2019hui pourrait te mettre en orbite demain \ud83d\ude09\n<h3>Est-ce que je dois fumer plus pour ressentir quelque chose ?<\/h3>\nNope ! Ce serait contre-productif. Monte progressivement, apprends \u00e0 \u00e9couter ton corps et respecte ton rythme.\n<h3>Y\u2019a-t-il des personnes totalement insensibles au cannabis ?<\/h3>\nC\u2019est extr\u00eamement rare, mais oui, \u00e7a existe. G\u00e9n\u00e9ralement, ces personnes ont des r\u00e9cepteurs endocannabino\u00efdes peu nombreux ou peu sensibles. Mais c\u2019est l\u2019exception, pas la r\u00e8gle.\n<h3>Et si \u00e7a me donne juste envie de dormir, c\u2019est normal ?<\/h3>\nCompl\u00e8tement. Certains ressentent un effet relaxant profond, d\u2019autres rigolent ou deviennent tr\u00e8s cr\u00e9atifs. Tout est une question de chimie et de contexte. Et toi, t\u2019en es o\u00f9 dans ton exploration ? Laisse ton esprit curieux, sois patient et surtout&#8230; savoure \ud83d\ude4f <a href=\"https:\/\/gardenz.fr\/news\">Tu veux continuer ta lecture ? D\u00e9couvre d&rsquo;autres articles en cliquant ici.<\/a><\/div>\n\n<div class=\"wp-block-group is-layout-constrained wp-block-group-is-layout-constrained\">\n<div class=\"wp-block-columns is-layout-flex wp-container-core-columns-is-layout-28f84493 wp-block-columns-is-layout-flex\">\n<div class=\"wp-block-column is-layout-flow wp-block-column-is-layout-flow\" style=\"flex-basis:20%\">\n<figure class=\"wp-block-image size-full\"><a href=\"https:\/\/www.gardenz.fr\/3-fleur-de-chanvre-cbd\"><img fetchpriority=\"high\" decoding=\"async\" width=\"424\" height=\"600\" src=\"https:\/\/www.gardenz.fr\/news\/wp-content\/uploads\/2025\/03\/FLEUR-DE-CHANVRE-CBD.webp\" alt=\"FLEUR-DE-CHANVRE-CBD\" class=\"wp-image-17519\" srcset=\"https:\/\/www.gardenz.fr\/news\/wp-content\/uploads\/2025\/03\/FLEUR-DE-CHANVRE-CBD.webp 424w, https:\/\/www.gardenz.fr\/news\/wp-content\/uploads\/2025\/03\/FLEUR-DE-CHANVRE-CBD-212x300.webp 212w\" sizes=\"(max-width: 424px) 100vw, 424px\" \/><\/a><\/figure>\n<\/div>\n\n\n\n<div class=\"wp-block-column is-layout-flow wp-block-column-is-layout-flow\" style=\"flex-basis:20%\">\n<figure class=\"wp-block-image size-full\"><a href=\"https:\/\/www.gardenz.fr\/6--resine-cbd\"><img decoding=\"async\" width=\"424\" height=\"600\" src=\"https:\/\/www.gardenz.fr\/news\/wp-content\/uploads\/2025\/03\/RESINE-CBD.webp\" alt=\"R\u00c9SINE-CBD\" class=\"wp-image-17515\" srcset=\"https:\/\/www.gardenz.fr\/news\/wp-content\/uploads\/2025\/03\/RESINE-CBD.webp 424w, https:\/\/www.gardenz.fr\/news\/wp-content\/uploads\/2025\/03\/RESINE-CBD-212x300.webp 212w\" sizes=\"(max-width: 424px) 100vw, 424px\" \/><\/a><\/figure>\n<\/div>\n\n\n\n<div class=\"wp-block-column is-layout-flow wp-block-column-is-layout-flow\" style=\"flex-basis:20%\">\n<figure class=\"wp-block-image size-full\"><a href=\"https:\/\/www.gardenz.fr\/511--weed-psycho\"><img decoding=\"async\" width=\"424\" height=\"600\" src=\"https:\/\/www.gardenz.fr\/news\/wp-content\/uploads\/2025\/03\/PSYCHOACTIFS.webp\" alt=\"PSYCHOACTIFS\" class=\"wp-image-17517\" srcset=\"https:\/\/www.gardenz.fr\/news\/wp-content\/uploads\/2025\/03\/PSYCHOACTIFS.webp 424w, https:\/\/www.gardenz.fr\/news\/wp-content\/uploads\/2025\/03\/PSYCHOACTIFS-212x300.webp 212w\" sizes=\"(max-width: 424px) 100vw, 424px\" \/><\/a><\/figure>\n<\/div>\n\n\n\n<div class=\"wp-block-column is-layout-flow wp-block-column-is-layout-flow\" style=\"flex-basis:20%\">\n<figure class=\"wp-block-image size-full\"><a href=\"https:\/\/www.gardenz.fr\/562--accessoires-weed\"><img loading=\"lazy\" decoding=\"async\" width=\"424\" height=\"600\" src=\"https:\/\/www.gardenz.fr\/news\/wp-content\/uploads\/2025\/03\/ACCESSOIRED.webp\" alt=\"\" class=\"wp-image-17520\" srcset=\"https:\/\/www.gardenz.fr\/news\/wp-content\/uploads\/2025\/03\/ACCESSOIRED.webp 424w, https:\/\/www.gardenz.fr\/news\/wp-content\/uploads\/2025\/03\/ACCESSOIRED-212x300.webp 212w\" sizes=\"(max-width: 424px) 100vw, 424px\" \/><\/a><\/figure>\n<\/div>\n\n\n\n<div class=\"wp-block-column is-layout-flow wp-block-column-is-layout-flow\" style=\"flex-basis:20%\">\n<figure class=\"wp-block-image size-full\"><a href=\"https:\/\/www.gardenz.fr\/284--vaporisateur-weed\"><img loading=\"lazy\" decoding=\"async\" width=\"424\" height=\"600\" src=\"https:\/\/www.gardenz.fr\/news\/wp-content\/uploads\/2025\/03\/VAPORISATEUR-WEED.webp\" alt=\"VAPORISATEUR-WEED\" class=\"wp-image-17514\" srcset=\"https:\/\/www.gardenz.fr\/news\/wp-content\/uploads\/2025\/03\/VAPORISATEUR-WEED.webp 424w, https:\/\/www.gardenz.fr\/news\/wp-content\/uploads\/2025\/03\/VAPORISATEUR-WEED-212x300.webp 212w\" sizes=\"(max-width: 424px) 100vw, 424px\" \/><\/a><\/figure>\n<\/div>\n<\/div>\n<\/div>\n\t\t\t\t\t\t\t\t<\/div>\n\t\t\t\t<\/div>\n\t\t\t\t\t<\/div>\n\t\t<\/div>\n\t\t\t\t\t<\/div>\n\t\t<\/section>\n\t\t\t\t<\/div>\n\t\t","protected":false},"excerpt":{"rendered":"<p>Tu t\u2019es d\u00e9j\u00e0 retrouv\u00e9 \u00e0 tirer une latte sur un joint parfaitement roul\u00e9 \ud83d\udca8, \u00e0 attendre que la magie op\u00e8re\u2026 et rien ? Nada ? Alors que ton pote \u00e0 c\u00f4t\u00e9 est d\u00e9j\u00e0 en train de rigoler pour une pub de dentifrice ? Pas de panique. Beaucoup se sont pos\u00e9 cette question : pourquoi certains [&hellip;]<\/p>\n","protected":false},"author":18,"featured_media":18317,"comment_status":"closed","ping_status":"","sticky":false,"template":"","format":"standard","meta":{"site-sidebar-layout":"default","site-content-layout":"","ast-site-content-layout":"default","site-content-style":"default","site-sidebar-style":"default","ast-global-header-display":"","ast-banner-title-visibility":"","ast-main-header-display":"","ast-hfb-above-header-display":"","ast-hfb-below-header-display":"","ast-hfb-mobile-header-display":"","site-post-title":"","ast-breadcrumbs-content":"","ast-featured-img":"","footer-sml-layout":"","ast-disable-related-posts":"","theme-transparent-header-meta":"","adv-header-id-meta":"","stick-header-meta":"","header-above-stick-meta":"","header-main-stick-meta":"","header-below-stick-meta":"","astra-migrate-meta-layouts":"default","ast-page-background-enabled":"default","ast-page-background-meta":{"desktop":{"background-color":"var(--ast-global-color-4)","background-image":"","background-repeat":"repeat","background-position":"center center","background-size":"auto","background-attachment":"scroll","background-type":"","background-media":"","overlay-type":"","overlay-color":"","overlay-opacity":"","overlay-gradient":""},"tablet":{"background-color":"","background-image":"","background-repeat":"repeat","background-position":"center center","background-size":"auto","background-attachment":"scroll","background-type":"","background-media":"","overlay-type":"","overlay-color":"","overlay-opacity":"","overlay-gradient":""},"mobile":{"background-color":"","background-image":"","background-repeat":"repeat","background-position":"center center","background-size":"auto","background-attachment":"scroll","background-type":"","background-media":"","overlay-type":"","overlay-color":"","overlay-opacity":"","overlay-gradient":""}},"ast-content-background-meta":{"desktop":{"background-color":"var(--ast-global-color-5)","background-image":"","background-repeat":"repeat","background-position":"center center","background-size":"auto","background-attachment":"scroll","background-type":"","background-media":"","overlay-type":"","overlay-color":"","overlay-opacity":"","overlay-gradient":""},"tablet":{"background-color":"var(--ast-global-color-5)","background-image":"","background-repeat":"repeat","background-position":"center center","background-size":"auto","background-attachment":"scroll","background-type":"","background-media":"","overlay-type":"","overlay-color":"","overlay-opacity":"","overlay-gradient":""},"mobile":{"background-color":"var(--ast-global-color-5)","background-image":"","background-repeat":"repeat","background-position":"center center","background-size":"auto","background-attachment":"scroll","background-type":"","background-media":"","overlay-type":"","overlay-color":"","overlay-opacity":"","overlay-gradient":""}},"footnotes":""},"categories":[1],"tags":[],"class_list":["post-18318","post","type-post","status-publish","format-standard","has-post-thumbnail","hentry","category-non-classe"],"yoast_head":"<!-- This site is optimized with the Yoast SEO plugin v27.5 - https:\/\/yoast.com\/product\/yoast-seo-wordpress\/ -->\n<title>\ud83c\udf43 Pourquoi le cannabis n&#039;agit pas sur certains fumeurs ?<\/title>\n<meta name=\"description\" content=\"\ud83e\udde0 D\u00e9couvrez pourquoi certains fumeurs ne ressentent aucun effet du cannabis malgr\u00e9 la consommation.\" \/>\n<meta name=\"robots\" content=\"index, follow, max-snippet:-1, max-image-preview:large, max-video-preview:-1\" \/>\n<link rel=\"canonical\" href=\"https:\/\/www.gardenz.fr\/news\/2025\/05\/15\/pourquoi-certains-fumeurs-ne-ressentent-pas-les-effets-du-cannabis\/\" \/>\n<meta property=\"og:locale\" content=\"fr_FR\" \/>\n<meta property=\"og:type\" content=\"article\" \/>\n<meta property=\"og:title\" content=\"\ud83c\udf43 Pourquoi le cannabis n&#039;agit pas sur certains fumeurs ?\" \/>\n<meta property=\"og:description\" content=\"\ud83e\udde0 D\u00e9couvrez pourquoi certains fumeurs ne ressentent aucun effet du cannabis malgr\u00e9 la consommation.\" \/>\n<meta property=\"og:url\" content=\"https:\/\/www.gardenz.fr\/news\/2025\/05\/15\/pourquoi-certains-fumeurs-ne-ressentent-pas-les-effets-du-cannabis\/\" \/>\n<meta property=\"og:site_name\" content=\"Le Blog de Gardenz\" \/>\n<meta property=\"article:published_time\" content=\"2025-05-15T05:35:44+00:00\" \/>\n<meta property=\"article:modified_time\" content=\"2025-07-22T10:59:24+00:00\" \/>\n<meta property=\"og:image\" content=\"https:\/\/www.gardenz.fr\/news\/wp-content\/uploads\/2025\/05\/Pourquoi-certains-fumeurs-ne-ressentent-pas-les-effets-du-cannabissanitizesanitize-2025-05-15T053543.005Z.jpg\" \/>\n\t<meta property=\"og:image:width\" content=\"900\" \/>\n\t<meta property=\"og:image:height\" content=\"250\" \/>\n\t<meta property=\"og:image:type\" content=\"image\/jpeg\" \/>\n<meta name=\"author\" content=\"Idan Melicio\" \/>\n<meta name=\"twitter:card\" content=\"summary_large_image\" \/>\n<meta name=\"twitter:label1\" content=\"\u00c9crit par\" \/>\n\t<meta name=\"twitter:data1\" content=\"Idan Melicio\" \/>\n\t<meta name=\"twitter:label2\" content=\"Dur\u00e9e de lecture estim\u00e9e\" \/>\n\t<meta name=\"twitter:data2\" content=\"9 minutes\" \/>\n<script type=\"application\/ld+json\" class=\"yoast-schema-graph\">{\"@context\":\"https:\\\/\\\/schema.org\",\"@graph\":[{\"@type\":\"Article\",\"@id\":\"https:\\\/\\\/www.gardenz.fr\\\/news\\\/2025\\\/05\\\/15\\\/pourquoi-certains-fumeurs-ne-ressentent-pas-les-effets-du-cannabis\\\/#article\",\"isPartOf\":{\"@id\":\"https:\\\/\\\/www.gardenz.fr\\\/news\\\/2025\\\/05\\\/15\\\/pourquoi-certains-fumeurs-ne-ressentent-pas-les-effets-du-cannabis\\\/\"},\"author\":{\"name\":\"Idan Melicio\",\"@id\":\"https:\\\/\\\/www.gardenz.fr\\\/news\\\/#\\\/schema\\\/person\\\/4c29b13eadec7d3b7f81d3dc8253aa72\"},\"headline\":\"Pourquoi certains fumeurs ne ressentent pas les effets du cannabis\",\"datePublished\":\"2025-05-15T05:35:44+00:00\",\"dateModified\":\"2025-07-22T10:59:24+00:00\",\"mainEntityOfPage\":{\"@id\":\"https:\\\/\\\/www.gardenz.fr\\\/news\\\/2025\\\/05\\\/15\\\/pourquoi-certains-fumeurs-ne-ressentent-pas-les-effets-du-cannabis\\\/\"},\"wordCount\":990,\"publisher\":{\"@id\":\"https:\\\/\\\/www.gardenz.fr\\\/news\\\/#organization\"},\"image\":{\"@id\":\"https:\\\/\\\/www.gardenz.fr\\\/news\\\/2025\\\/05\\\/15\\\/pourquoi-certains-fumeurs-ne-ressentent-pas-les-effets-du-cannabis\\\/#primaryimage\"},\"thumbnailUrl\":\"https:\\\/\\\/www.gardenz.fr\\\/news\\\/wp-content\\\/uploads\\\/2025\\\/05\\\/Pourquoi-certains-fumeurs-ne-ressentent-pas-les-effets-du-cannabissanitizesanitize-2025-05-15T053543.005Z.jpg\",\"articleSection\":[\"GENERAL\"],\"inLanguage\":\"fr-FR\"},{\"@type\":\"WebPage\",\"@id\":\"https:\\\/\\\/www.gardenz.fr\\\/news\\\/2025\\\/05\\\/15\\\/pourquoi-certains-fumeurs-ne-ressentent-pas-les-effets-du-cannabis\\\/\",\"url\":\"https:\\\/\\\/www.gardenz.fr\\\/news\\\/2025\\\/05\\\/15\\\/pourquoi-certains-fumeurs-ne-ressentent-pas-les-effets-du-cannabis\\\/\",\"name\":\"\ud83c\udf43 Pourquoi le cannabis n'agit pas sur certains fumeurs ?\",\"isPartOf\":{\"@id\":\"https:\\\/\\\/www.gardenz.fr\\\/news\\\/#website\"},\"primaryImageOfPage\":{\"@id\":\"https:\\\/\\\/www.gardenz.fr\\\/news\\\/2025\\\/05\\\/15\\\/pourquoi-certains-fumeurs-ne-ressentent-pas-les-effets-du-cannabis\\\/#primaryimage\"},\"image\":{\"@id\":\"https:\\\/\\\/www.gardenz.fr\\\/news\\\/2025\\\/05\\\/15\\\/pourquoi-certains-fumeurs-ne-ressentent-pas-les-effets-du-cannabis\\\/#primaryimage\"},\"thumbnailUrl\":\"https:\\\/\\\/www.gardenz.fr\\\/news\\\/wp-content\\\/uploads\\\/2025\\\/05\\\/Pourquoi-certains-fumeurs-ne-ressentent-pas-les-effets-du-cannabissanitizesanitize-2025-05-15T053543.005Z.jpg\",\"datePublished\":\"2025-05-15T05:35:44+00:00\",\"dateModified\":\"2025-07-22T10:59:24+00:00\",\"description\":\"\ud83e\udde0 D\u00e9couvrez pourquoi certains fumeurs ne ressentent aucun effet du cannabis malgr\u00e9 la consommation.\",\"breadcrumb\":{\"@id\":\"https:\\\/\\\/www.gardenz.fr\\\/news\\\/2025\\\/05\\\/15\\\/pourquoi-certains-fumeurs-ne-ressentent-pas-les-effets-du-cannabis\\\/#breadcrumb\"},\"inLanguage\":\"fr-FR\",\"potentialAction\":[{\"@type\":\"ReadAction\",\"target\":[\"https:\\\/\\\/www.gardenz.fr\\\/news\\\/2025\\\/05\\\/15\\\/pourquoi-certains-fumeurs-ne-ressentent-pas-les-effets-du-cannabis\\\/\"]}]},{\"@type\":\"ImageObject\",\"inLanguage\":\"fr-FR\",\"@id\":\"https:\\\/\\\/www.gardenz.fr\\\/news\\\/2025\\\/05\\\/15\\\/pourquoi-certains-fumeurs-ne-ressentent-pas-les-effets-du-cannabis\\\/#primaryimage\",\"url\":\"https:\\\/\\\/www.gardenz.fr\\\/news\\\/wp-content\\\/uploads\\\/2025\\\/05\\\/Pourquoi-certains-fumeurs-ne-ressentent-pas-les-effets-du-cannabissanitizesanitize-2025-05-15T053543.005Z.jpg\",\"contentUrl\":\"https:\\\/\\\/www.gardenz.fr\\\/news\\\/wp-content\\\/uploads\\\/2025\\\/05\\\/Pourquoi-certains-fumeurs-ne-ressentent-pas-les-effets-du-cannabissanitizesanitize-2025-05-15T053543.005Z.jpg\",\"width\":900,\"height\":250,\"caption\":\"Pourquoi certains fumeurs ne ressentent pas les effets du cannabis\"},{\"@type\":\"BreadcrumbList\",\"@id\":\"https:\\\/\\\/www.gardenz.fr\\\/news\\\/2025\\\/05\\\/15\\\/pourquoi-certains-fumeurs-ne-ressentent-pas-les-effets-du-cannabis\\\/#breadcrumb\",\"itemListElement\":[{\"@type\":\"ListItem\",\"position\":1,\"name\":\"Accueil\",\"item\":\"https:\\\/\\\/www.gardenz.fr\\\/news\\\/\"},{\"@type\":\"ListItem\",\"position\":2,\"name\":\"Pourquoi certains fumeurs ne ressentent pas les effets du cannabis\"}]},{\"@type\":\"WebSite\",\"@id\":\"https:\\\/\\\/www.gardenz.fr\\\/news\\\/#website\",\"url\":\"https:\\\/\\\/www.gardenz.fr\\\/news\\\/\",\"name\":\"Le Blog de Gardenz\",\"description\":\"Best quality CBD\",\"publisher\":{\"@id\":\"https:\\\/\\\/www.gardenz.fr\\\/news\\\/#organization\"},\"potentialAction\":[{\"@type\":\"SearchAction\",\"target\":{\"@type\":\"EntryPoint\",\"urlTemplate\":\"https:\\\/\\\/www.gardenz.fr\\\/news\\\/?s={search_term_string}\"},\"query-input\":{\"@type\":\"PropertyValueSpecification\",\"valueRequired\":true,\"valueName\":\"search_term_string\"}}],\"inLanguage\":\"fr-FR\"},{\"@type\":\"Organization\",\"@id\":\"https:\\\/\\\/www.gardenz.fr\\\/news\\\/#organization\",\"name\":\"Le Blog de Gardenz\",\"url\":\"https:\\\/\\\/www.gardenz.fr\\\/news\\\/\",\"logo\":{\"@type\":\"ImageObject\",\"inLanguage\":\"fr-FR\",\"@id\":\"https:\\\/\\\/www.gardenz.fr\\\/news\\\/#\\\/schema\\\/logo\\\/image\\\/\",\"url\":\"https:\\\/\\\/www.gardenz.fr\\\/news\\\/wp-content\\\/uploads\\\/2022\\\/06\\\/logo-gardenz-feuille-blanc-final.png\",\"contentUrl\":\"https:\\\/\\\/www.gardenz.fr\\\/news\\\/wp-content\\\/uploads\\\/2022\\\/06\\\/logo-gardenz-feuille-blanc-final.png\",\"width\":459,\"height\":200,\"caption\":\"Le Blog de Gardenz\"},\"image\":{\"@id\":\"https:\\\/\\\/www.gardenz.fr\\\/news\\\/#\\\/schema\\\/logo\\\/image\\\/\"}},{\"@type\":\"Person\",\"@id\":\"https:\\\/\\\/www.gardenz.fr\\\/news\\\/#\\\/schema\\\/person\\\/4c29b13eadec7d3b7f81d3dc8253aa72\",\"name\":\"Idan Melicio\",\"image\":{\"@type\":\"ImageObject\",\"inLanguage\":\"fr-FR\",\"@id\":\"https:\\\/\\\/secure.gravatar.com\\\/avatar\\\/a4fed9bf268062e3c5884e1b9288f4a54517dd9041d8c562678849f7f1c1eb43?s=96&d=mm&r=g\",\"url\":\"https:\\\/\\\/secure.gravatar.com\\\/avatar\\\/a4fed9bf268062e3c5884e1b9288f4a54517dd9041d8c562678849f7f1c1eb43?s=96&d=mm&r=g\",\"contentUrl\":\"https:\\\/\\\/secure.gravatar.com\\\/avatar\\\/a4fed9bf268062e3c5884e1b9288f4a54517dd9041d8c562678849f7f1c1eb43?s=96&d=mm&r=g\",\"caption\":\"Idan Melicio\"},\"url\":\"https:\\\/\\\/www.gardenz.fr\\\/news\\\/author\\\/idan-milecio\\\/\"}]}<\/script>\n<!-- \/ Yoast SEO plugin. -->","yoast_head_json":{"title":"\ud83c\udf43 Pourquoi le cannabis n'agit pas sur certains fumeurs ?","description":"\ud83e\udde0 D\u00e9couvrez pourquoi certains fumeurs ne ressentent aucun effet du cannabis malgr\u00e9 la consommation.","robots":{"index":"index","follow":"follow","max-snippet":"max-snippet:-1","max-image-preview":"max-image-preview:large","max-video-preview":"max-video-preview:-1"},"canonical":"https:\/\/www.gardenz.fr\/news\/2025\/05\/15\/pourquoi-certains-fumeurs-ne-ressentent-pas-les-effets-du-cannabis\/","og_locale":"fr_FR","og_type":"article","og_title":"\ud83c\udf43 Pourquoi le cannabis n'agit pas sur certains fumeurs ?","og_description":"\ud83e\udde0 D\u00e9couvrez pourquoi certains fumeurs ne ressentent aucun effet du cannabis malgr\u00e9 la consommation.","og_url":"https:\/\/www.gardenz.fr\/news\/2025\/05\/15\/pourquoi-certains-fumeurs-ne-ressentent-pas-les-effets-du-cannabis\/","og_site_name":"Le Blog de Gardenz","article_published_time":"2025-05-15T05:35:44+00:00","article_modified_time":"2025-07-22T10:59:24+00:00","og_image":[{"width":900,"height":250,"url":"https:\/\/www.gardenz.fr\/news\/wp-content\/uploads\/2025\/05\/Pourquoi-certains-fumeurs-ne-ressentent-pas-les-effets-du-cannabissanitizesanitize-2025-05-15T053543.005Z.jpg","type":"image\/jpeg"}],"author":"Idan Melicio","twitter_card":"summary_large_image","twitter_misc":{"\u00c9crit par":"Idan Melicio","Dur\u00e9e de lecture estim\u00e9e":"9 minutes"},"schema":{"@context":"https:\/\/schema.org","@graph":[{"@type":"Article","@id":"https:\/\/www.gardenz.fr\/news\/2025\/05\/15\/pourquoi-certains-fumeurs-ne-ressentent-pas-les-effets-du-cannabis\/#article","isPartOf":{"@id":"https:\/\/www.gardenz.fr\/news\/2025\/05\/15\/pourquoi-certains-fumeurs-ne-ressentent-pas-les-effets-du-cannabis\/"},"author":{"name":"Idan Melicio","@id":"https:\/\/www.gardenz.fr\/news\/#\/schema\/person\/4c29b13eadec7d3b7f81d3dc8253aa72"},"headline":"Pourquoi certains fumeurs ne ressentent pas les effets du cannabis","datePublished":"2025-05-15T05:35:44+00:00","dateModified":"2025-07-22T10:59:24+00:00","mainEntityOfPage":{"@id":"https:\/\/www.gardenz.fr\/news\/2025\/05\/15\/pourquoi-certains-fumeurs-ne-ressentent-pas-les-effets-du-cannabis\/"},"wordCount":990,"publisher":{"@id":"https:\/\/www.gardenz.fr\/news\/#organization"},"image":{"@id":"https:\/\/www.gardenz.fr\/news\/2025\/05\/15\/pourquoi-certains-fumeurs-ne-ressentent-pas-les-effets-du-cannabis\/#primaryimage"},"thumbnailUrl":"https:\/\/www.gardenz.fr\/news\/wp-content\/uploads\/2025\/05\/Pourquoi-certains-fumeurs-ne-ressentent-pas-les-effets-du-cannabissanitizesanitize-2025-05-15T053543.005Z.jpg","articleSection":["GENERAL"],"inLanguage":"fr-FR"},{"@type":"WebPage","@id":"https:\/\/www.gardenz.fr\/news\/2025\/05\/15\/pourquoi-certains-fumeurs-ne-ressentent-pas-les-effets-du-cannabis\/","url":"https:\/\/www.gardenz.fr\/news\/2025\/05\/15\/pourquoi-certains-fumeurs-ne-ressentent-pas-les-effets-du-cannabis\/","name":"\ud83c\udf43 Pourquoi le cannabis n'agit pas sur certains fumeurs ?","isPartOf":{"@id":"https:\/\/www.gardenz.fr\/news\/#website"},"primaryImageOfPage":{"@id":"https:\/\/www.gardenz.fr\/news\/2025\/05\/15\/pourquoi-certains-fumeurs-ne-ressentent-pas-les-effets-du-cannabis\/#primaryimage"},"image":{"@id":"https:\/\/www.gardenz.fr\/news\/2025\/05\/15\/pourquoi-certains-fumeurs-ne-ressentent-pas-les-effets-du-cannabis\/#primaryimage"},"thumbnailUrl":"https:\/\/www.gardenz.fr\/news\/wp-content\/uploads\/2025\/05\/Pourquoi-certains-fumeurs-ne-ressentent-pas-les-effets-du-cannabissanitizesanitize-2025-05-15T053543.005Z.jpg","datePublished":"2025-05-15T05:35:44+00:00","dateModified":"2025-07-22T10:59:24+00:00","description":"\ud83e\udde0 D\u00e9couvrez pourquoi certains fumeurs ne ressentent aucun effet du cannabis malgr\u00e9 la consommation.","breadcrumb":{"@id":"https:\/\/www.gardenz.fr\/news\/2025\/05\/15\/pourquoi-certains-fumeurs-ne-ressentent-pas-les-effets-du-cannabis\/#breadcrumb"},"inLanguage":"fr-FR","potentialAction":[{"@type":"ReadAction","target":["https:\/\/www.gardenz.fr\/news\/2025\/05\/15\/pourquoi-certains-fumeurs-ne-ressentent-pas-les-effets-du-cannabis\/"]}]},{"@type":"ImageObject","inLanguage":"fr-FR","@id":"https:\/\/www.gardenz.fr\/news\/2025\/05\/15\/pourquoi-certains-fumeurs-ne-ressentent-pas-les-effets-du-cannabis\/#primaryimage","url":"https:\/\/www.gardenz.fr\/news\/wp-content\/uploads\/2025\/05\/Pourquoi-certains-fumeurs-ne-ressentent-pas-les-effets-du-cannabissanitizesanitize-2025-05-15T053543.005Z.jpg","contentUrl":"https:\/\/www.gardenz.fr\/news\/wp-content\/uploads\/2025\/05\/Pourquoi-certains-fumeurs-ne-ressentent-pas-les-effets-du-cannabissanitizesanitize-2025-05-15T053543.005Z.jpg","width":900,"height":250,"caption":"Pourquoi certains fumeurs ne ressentent pas les effets du cannabis"},{"@type":"BreadcrumbList","@id":"https:\/\/www.gardenz.fr\/news\/2025\/05\/15\/pourquoi-certains-fumeurs-ne-ressentent-pas-les-effets-du-cannabis\/#breadcrumb","itemListElement":[{"@type":"ListItem","position":1,"name":"Accueil","item":"https:\/\/www.gardenz.fr\/news\/"},{"@type":"ListItem","position":2,"name":"Pourquoi certains fumeurs ne ressentent pas les effets du cannabis"}]},{"@type":"WebSite","@id":"https:\/\/www.gardenz.fr\/news\/#website","url":"https:\/\/www.gardenz.fr\/news\/","name":"Le Blog de Gardenz","description":"Best quality CBD","publisher":{"@id":"https:\/\/www.gardenz.fr\/news\/#organization"},"potentialAction":[{"@type":"SearchAction","target":{"@type":"EntryPoint","urlTemplate":"https:\/\/www.gardenz.fr\/news\/?s={search_term_string}"},"query-input":{"@type":"PropertyValueSpecification","valueRequired":true,"valueName":"search_term_string"}}],"inLanguage":"fr-FR"},{"@type":"Organization","@id":"https:\/\/www.gardenz.fr\/news\/#organization","name":"Le Blog de Gardenz","url":"https:\/\/www.gardenz.fr\/news\/","logo":{"@type":"ImageObject","inLanguage":"fr-FR","@id":"https:\/\/www.gardenz.fr\/news\/#\/schema\/logo\/image\/","url":"https:\/\/www.gardenz.fr\/news\/wp-content\/uploads\/2022\/06\/logo-gardenz-feuille-blanc-final.png","contentUrl":"https:\/\/www.gardenz.fr\/news\/wp-content\/uploads\/2022\/06\/logo-gardenz-feuille-blanc-final.png","width":459,"height":200,"caption":"Le Blog de Gardenz"},"image":{"@id":"https:\/\/www.gardenz.fr\/news\/#\/schema\/logo\/image\/"}},{"@type":"Person","@id":"https:\/\/www.gardenz.fr\/news\/#\/schema\/person\/4c29b13eadec7d3b7f81d3dc8253aa72","name":"Idan Melicio","image":{"@type":"ImageObject","inLanguage":"fr-FR","@id":"https:\/\/secure.gravatar.com\/avatar\/a4fed9bf268062e3c5884e1b9288f4a54517dd9041d8c562678849f7f1c1eb43?s=96&d=mm&r=g","url":"https:\/\/secure.gravatar.com\/avatar\/a4fed9bf268062e3c5884e1b9288f4a54517dd9041d8c562678849f7f1c1eb43?s=96&d=mm&r=g","contentUrl":"https:\/\/secure.gravatar.com\/avatar\/a4fed9bf268062e3c5884e1b9288f4a54517dd9041d8c562678849f7f1c1eb43?s=96&d=mm&r=g","caption":"Idan Melicio"},"url":"https:\/\/www.gardenz.fr\/news\/author\/idan-milecio\/"}]}},"_links":{"self":[{"href":"https:\/\/www.gardenz.fr\/news\/wp-json\/wp\/v2\/posts\/18318","targetHints":{"allow":["GET"]}}],"collection":[{"href":"https:\/\/www.gardenz.fr\/news\/wp-json\/wp\/v2\/posts"}],"about":[{"href":"https:\/\/www.gardenz.fr\/news\/wp-json\/wp\/v2\/types\/post"}],"author":[{"embeddable":true,"href":"https:\/\/www.gardenz.fr\/news\/wp-json\/wp\/v2\/users\/18"}],"replies":[{"embeddable":true,"href":"https:\/\/www.gardenz.fr\/news\/wp-json\/wp\/v2\/comments?post=18318"}],"version-history":[{"count":3,"href":"https:\/\/www.gardenz.fr\/news\/wp-json\/wp\/v2\/posts\/18318\/revisions"}],"predecessor-version":[{"id":18828,"href":"https:\/\/www.gardenz.fr\/news\/wp-json\/wp\/v2\/posts\/18318\/revisions\/18828"}],"wp:featuredmedia":[{"embeddable":true,"href":"https:\/\/www.gardenz.fr\/news\/wp-json\/wp\/v2\/media\/18317"}],"wp:attachment":[{"href":"https:\/\/www.gardenz.fr\/news\/wp-json\/wp\/v2\/media?parent=18318"}],"wp:term":[{"taxonomy":"category","embeddable":true,"href":"https:\/\/www.gardenz.fr\/news\/wp-json\/wp\/v2\/categories?post=18318"},{"taxonomy":"post_tag","embeddable":true,"href":"https:\/\/www.gardenz.fr\/news\/wp-json\/wp\/v2\/tags?post=18318"}],"curies":[{"name":"wp","href":"https:\/\/api.w.org\/{rel}","templated":true}]}}