{"id":18328,"date":"2025-05-16T11:20:51","date_gmt":"2025-05-16T09:20:51","guid":{"rendered":"https:\/\/www.gardenz.fr\/news\/2025\/05\/16\/acces-legal-au-cannabis-en-suisse-reduction-des-consommations-problematiques\/"},"modified":"2025-07-22T12:30:08","modified_gmt":"2025-07-22T10:30:08","slug":"acces-legal-au-cannabis-en-suisse-reduction-des-consommations-problematiques","status":"publish","type":"post","link":"https:\/\/www.gardenz.fr\/news\/2025\/05\/16\/acces-legal-au-cannabis-en-suisse-reduction-des-consommations-problematiques\/","title":{"rendered":"Acc\u00e8s l\u00e9gal au cannabis en Suisse : R\u00e9duction des consommations probl\u00e9matiques"},"content":{"rendered":"\t\t<div data-elementor-type=\"wp-post\" data-elementor-id=\"18328\" class=\"elementor elementor-18328\">\n\t\t\t\t\t\t<section class=\"elementor-section elementor-top-section elementor-element elementor-element-32ba3b79 elementor-section-boxed elementor-section-height-default elementor-section-height-default\" data-id=\"32ba3b79\" data-element_type=\"section\" data-e-type=\"section\">\n\t\t\t\t\t\t<div class=\"elementor-container elementor-column-gap-default\">\n\t\t\t\t\t<div class=\"elementor-column elementor-col-100 elementor-top-column elementor-element elementor-element-be10d9d\" data-id=\"be10d9d\" data-element_type=\"column\" data-e-type=\"column\">\n\t\t\t<div class=\"elementor-widget-wrap elementor-element-populated\">\n\t\t\t\t\t\t<div class=\"elementor-element elementor-element-556046a8 elementor-widget elementor-widget-text-editor\" data-id=\"556046a8\" data-element_type=\"widget\" data-e-type=\"widget\" data-widget_type=\"text-editor.default\">\n\t\t\t\t<div class=\"elementor-widget-container\">\n\t\t\t\t\t\t\t\t\t<div style=\"margin-left: 10%; margin-right: 10%;\">\n<h2>Vers une nouvelle approche de la consommation de cannabis en Suisse \ud83c\udf3f<\/h2>\nUne r\u00e9volution silencieuse est en marche en Suisse : le programme pilote Weed Care, initi\u00e9 \u00e0 B\u00e2le d\u00e9but 2023, transforme peu \u00e0 peu la perception de la consommation de <a href=\"https:\/\/www.gardenz.fr\/310--delta-9-thc\">cannabis<\/a>. Gr\u00e2ce \u00e0 une approche innovante et encadr\u00e9e, cette exp\u00e9rimentation in\u00e9dite en Europe r\u00e9v\u00e8le un potentiel jusqu\u2019ici sous-estim\u00e9 : celui de r\u00e9duire les usages probl\u00e9matiques, notamment chez les consommateurs de plusieurs substances. \ud83d\ude80\n<h2>Comprendre le programme Weed Care \ud83e\uddea<\/h2>\nLe c\u0153ur de l\u2019initiative suisse repose sur un essai contr\u00f4l\u00e9 randomis\u00e9 \u2013 le premier du genre en Europe dans le domaine du cannabis. Concr\u00e8tement, les participants \u00e0 cette \u00e9tude ont acc\u00e8s \u00e0 du cannabis l\u00e9gal dans des conditions strictement encadr\u00e9es. Cette r\u00e9glementation permet non seulement de garantir la qualit\u00e9 des produits, mais aussi d\u2019en encadrer la distribution. L\u2019objectif ? Comparer de mani\u00e8re scientifique les effets d\u2019un acc\u00e8s r\u00e9gul\u00e9 au cannabis \u00e0 ceux du march\u00e9 noir. Cette m\u00e9thodologie rigoureuse offre une vue d\u2019ensemble in\u00e9dite sur les comportements des consommateurs et leur \u00e9volution dans le temps. \ud83d\udd0d\n<h2>Des r\u00e9sultats qui bousculent les id\u00e9es re\u00e7ues \ud83d\udca1<\/h2>\nContrairement \u00e0 ce que beaucoup pourraient penser, permettre un acc\u00e8s l\u00e9gal n\u2019a pas conduit \u00e0 une explosion de la consommation. Bien au contraire. Les premi\u00e8res donn\u00e9es issues du programme indiquent une baisse notable des comportements probl\u00e9matiques. En particulier, les personnes qui consommaient auparavant du cannabis en m\u00eame temps que d&rsquo;autres drogues ont vu leur usage se stabiliser, voire diminuer. C\u2019est un point fondamental : encadrer l\u2019usage ne signifie pas l\u2019encourager, mais bien offrir un cadre plus s\u00e9curis\u00e9 et responsable. \ud83d\ude4c\n<h2>Un cadre l\u00e9gal pour une consommation plus responsable \u2696\ufe0f<\/h2>\nTu te demandes peut-\u00eatre pourquoi un tel changement a un impact aussi positif ? Eh bien, c\u2019est simple. Lorsqu\u2019un consommateur ach\u00e8te du cannabis sur le march\u00e9 ill\u00e9gal, il est expos\u00e9 \u00e0 des produits de composition incertaine, \u00e0 des incitations \u00e0 consommer davantage, ou m\u00eame \u00e0 l\u2019offre de substances plus dangereuses. \u00c0 l\u2019inverse, dans un cadre l\u00e9gal comme celui de Weed Care, le consommateur re\u00e7oit un produit test\u00e9, dos\u00e9 avec pr\u00e9cision et d\u00e9livr\u00e9 dans un environnement encadr\u00e9. Ce changement de contexte influence directement la mani\u00e8re de consommer \ud83d\udc4c\n<h2>Un accompagnement qui change tout \ud83e\udd1d<\/h2>\nMais Weed Care ne se limite pas \u00e0 fournir du cannabis l\u00e9gal. Ce programme inclut \u00e9galement un volet d\u2019accompagnement psychologique et social. Des sp\u00e9cialistes sont l\u00e0 pour \u00e9changer avec les participants, les conseiller, et leur proposer un suivi personnalis\u00e9. Si tu es consommateur, imagine la diff\u00e9rence entre \u00eatre livr\u00e9 \u00e0 toi-m\u00eame dans l\u2019ill\u00e9galit\u00e9, et pouvoir poser tes questions, \u00eatre \u00e9cout\u00e9, guid\u00e9 sans jugement. Ce soutien humain joue un r\u00f4le essentiel dans la r\u00e9duction des consommations \u00e0 risque \u2764\ufe0f\n<h2>R\u00e9duire les risques pour mieux vivre \ud83c\udf08<\/h2>\nLa consommation de cannabis ne doit pas \u00eatre un tabou. Dans les bonnes conditions, elle peut s\u2019inscrire dans un cadre de r\u00e9duction des risques, et m\u00eame am\u00e9liorer la qualit\u00e9 de vie des individus concern\u00e9s. Le programme suisse prouve que lorsque l\u2019\u00e9tat assume une posture bienveillante au lieu de r\u00e9primer \u00e0 tout prix, les r\u00e9sultats sont l\u00e0. Moins de d\u00e9pendance, moins de consommation excessive, moins de pr\u00e9carit\u00e9 li\u00e9e aux drogues illicites. \ud83c\udf3b\n<h2>Un mod\u00e8le \u00e0 suivre pour d\u2019autres pays ? \ud83c\udf0d<\/h2>\nFace au succ\u00e8s pr\u00e9liminaire de Weed Care, une question se pose : pourquoi ne pas \u00e9largir ce mod\u00e8le \u00e0 d\u2019autres r\u00e9gions ou pays ? L\u2019Allemagne, le Luxembourg, la France\u2026 Tous ces pays observent attentivement ce qui se passe \u00e0 B\u00e2le. L\u2019approche suisse pourrait ouvrir la voie \u00e0 des politiques publiques plus intelligentes, plus humaines, et plus efficaces face aux r\u00e9alit\u00e9s du terrain. Admettre que des gens consomment, c\u2019est le premier pas vers une meilleure gestion des risques encourus. \ud83c\udf09\n<h2>Des donn\u00e9es au service de la politique \ud83d\uddc2\ufe0f<\/h2>\nL\u2019un des grands atouts de ce programme pilote est sa capacit\u00e9 \u00e0 fournir des donn\u00e9es concr\u00e8tes aux d\u00e9cideurs. Trop souvent, les lois li\u00e9es au cannabis se basent sur des peurs, des clich\u00e9s ou des opinions morales. Gr\u00e2ce \u00e0 un essai scientifique rigoureux, la Suisse offre une boussole pr\u00e9cieuse pour orienter les politiques futures en faveur de la sant\u00e9 publique. \ud83d\udcca\n<h2>Une consommation plus \u00e9clair\u00e9e pour les jeunes \ud83d\udcac<\/h2>\nBeaucoup redoutent que la l\u00e9galisation rende le cannabis plus accessible aux jeunes. Pourtant, l\u2019\u00e9tude prouve le contraire. Un march\u00e9 l\u00e9galis\u00e9 et encadr\u00e9 permet de mieux restreindre la vente \u00e0 certains publics, contrairement au march\u00e9 noir o\u00f9 aucune r\u00e8gle n\u2019existe. De plus, la p\u00e9dagogie int\u00e9gr\u00e9e au programme favorise une approche plus critique et avertie des jeunes vis-\u00e0-vis de la consommation. \u00c9duquer au lieu d&rsquo;interdire, c\u2019est souvent la cl\u00e9 \ud83d\udc4d\n<h2>Une sant\u00e9 mentale mieux prot\u00e9g\u00e9e \ud83e\udde0<\/h2>\nPour les personnes souffrant de troubles anxieux, d\u00e9pressifs ou li\u00e9s au stress, le cannabis peut para\u00eetre une \u00e9chappatoire. Mais lorsqu\u2019il est consomm\u00e9 sans encadrement, il peut aggraver certains sympt\u00f4mes. Avec Weed Care, les participants ont acc\u00e8s \u00e0 un produit de qualit\u00e9 constante, ce qui \u00e9vite les mauvaises surprises chimiques pouvant perturber l\u2019\u00e9quilibre mental. De plus, l&rsquo;accompagnement psychologique permet de discerner les usages r\u00e9ellement b\u00e9n\u00e9fiques des auto-m\u00e9dications risqu\u00e9es. Cette alliance entre rigueur scientifique et approche humaine est l\u2019un des piliers du succ\u00e8s du programme. \ud83e\uddd8\n<h2>Conclusion : une nouvelle \u00e8re s\u2019ouvre \ud83c\udf05<\/h2>\nAdieu aux id\u00e9es archa\u00efques sur la prohibition aveugle ; la Suisse trace la voie d\u2019un futur plus serein pour les consommateurs de cannabis. Ce programme pilote, soutenu par une d\u00e9marche scientifique solide, d\u00e9montre qu\u2019encadrer l\u2019usage peut permettre de r\u00e9duire les dommages, d\u2019adoucir les parcours de vie, et de construire une soci\u00e9t\u00e9 plus en phase avec la r\u00e9alit\u00e9. Si tu es sensible \u00e0 ces sujets, inspire-toi de cette initiative avant-gardiste : comprendre avant de juger, accompagner plut\u00f4t que punir. \ud83d\udcaa <a href=\"https:\/\/gardenz.fr\/news\">Tu veux continuer ta lecture ? D\u00e9couvre d&rsquo;autres articles en cliquant ici.<\/a><\/div>\n\n<div class=\"wp-block-group is-layout-constrained wp-block-group-is-layout-constrained\">\n<div class=\"wp-block-columns is-layout-flex wp-container-core-columns-is-layout-28f84493 wp-block-columns-is-layout-flex\">\n<div class=\"wp-block-column is-layout-flow wp-block-column-is-layout-flow\" style=\"flex-basis:20%\">\n<figure class=\"wp-block-image size-full\"><a href=\"https:\/\/www.gardenz.fr\/3-fleur-de-chanvre-cbd\"><img fetchpriority=\"high\" decoding=\"async\" width=\"424\" height=\"600\" src=\"https:\/\/www.gardenz.fr\/news\/wp-content\/uploads\/2025\/03\/FLEUR-DE-CHANVRE-CBD.webp\" alt=\"FLEUR-DE-CHANVRE-CBD\" class=\"wp-image-17519\" srcset=\"https:\/\/www.gardenz.fr\/news\/wp-content\/uploads\/2025\/03\/FLEUR-DE-CHANVRE-CBD.webp 424w, https:\/\/www.gardenz.fr\/news\/wp-content\/uploads\/2025\/03\/FLEUR-DE-CHANVRE-CBD-212x300.webp 212w\" sizes=\"(max-width: 424px) 100vw, 424px\" \/><\/a><\/figure>\n<\/div>\n\n\n\n<div class=\"wp-block-column is-layout-flow wp-block-column-is-layout-flow\" style=\"flex-basis:20%\">\n<figure class=\"wp-block-image size-full\"><a href=\"https:\/\/www.gardenz.fr\/6--resine-cbd\"><img decoding=\"async\" width=\"424\" height=\"600\" src=\"https:\/\/www.gardenz.fr\/news\/wp-content\/uploads\/2025\/03\/RESINE-CBD.webp\" alt=\"R\u00c9SINE-CBD\" class=\"wp-image-17515\" srcset=\"https:\/\/www.gardenz.fr\/news\/wp-content\/uploads\/2025\/03\/RESINE-CBD.webp 424w, https:\/\/www.gardenz.fr\/news\/wp-content\/uploads\/2025\/03\/RESINE-CBD-212x300.webp 212w\" sizes=\"(max-width: 424px) 100vw, 424px\" \/><\/a><\/figure>\n<\/div>\n\n\n\n<div class=\"wp-block-column is-layout-flow wp-block-column-is-layout-flow\" style=\"flex-basis:20%\">\n<figure class=\"wp-block-image size-full\"><a href=\"https:\/\/www.gardenz.fr\/511--weed-psycho\"><img decoding=\"async\" width=\"424\" height=\"600\" src=\"https:\/\/www.gardenz.fr\/news\/wp-content\/uploads\/2025\/03\/PSYCHOACTIFS.webp\" alt=\"PSYCHOACTIFS\" class=\"wp-image-17517\" srcset=\"https:\/\/www.gardenz.fr\/news\/wp-content\/uploads\/2025\/03\/PSYCHOACTIFS.webp 424w, https:\/\/www.gardenz.fr\/news\/wp-content\/uploads\/2025\/03\/PSYCHOACTIFS-212x300.webp 212w\" sizes=\"(max-width: 424px) 100vw, 424px\" \/><\/a><\/figure>\n<\/div>\n\n\n\n<div class=\"wp-block-column is-layout-flow wp-block-column-is-layout-flow\" style=\"flex-basis:20%\">\n<figure class=\"wp-block-image size-full\"><a href=\"https:\/\/www.gardenz.fr\/562--accessoires-weed\"><img loading=\"lazy\" decoding=\"async\" width=\"424\" height=\"600\" src=\"https:\/\/www.gardenz.fr\/news\/wp-content\/uploads\/2025\/03\/ACCESSOIRED.webp\" alt=\"\" class=\"wp-image-17520\" srcset=\"https:\/\/www.gardenz.fr\/news\/wp-content\/uploads\/2025\/03\/ACCESSOIRED.webp 424w, https:\/\/www.gardenz.fr\/news\/wp-content\/uploads\/2025\/03\/ACCESSOIRED-212x300.webp 212w\" sizes=\"(max-width: 424px) 100vw, 424px\" \/><\/a><\/figure>\n<\/div>\n\n\n\n<div class=\"wp-block-column is-layout-flow wp-block-column-is-layout-flow\" style=\"flex-basis:20%\">\n<figure class=\"wp-block-image size-full\"><a href=\"https:\/\/www.gardenz.fr\/284--vaporisateur-weed\"><img loading=\"lazy\" decoding=\"async\" width=\"424\" height=\"600\" src=\"https:\/\/www.gardenz.fr\/news\/wp-content\/uploads\/2025\/03\/VAPORISATEUR-WEED.webp\" alt=\"VAPORISATEUR-WEED\" class=\"wp-image-17514\" srcset=\"https:\/\/www.gardenz.fr\/news\/wp-content\/uploads\/2025\/03\/VAPORISATEUR-WEED.webp 424w, https:\/\/www.gardenz.fr\/news\/wp-content\/uploads\/2025\/03\/VAPORISATEUR-WEED-212x300.webp 212w\" sizes=\"(max-width: 424px) 100vw, 424px\" \/><\/a><\/figure>\n<\/div>\n<\/div>\n<\/div>\n\t\t\t\t\t\t\t\t<\/div>\n\t\t\t\t<\/div>\n\t\t\t\t\t<\/div>\n\t\t<\/div>\n\t\t\t\t\t<\/div>\n\t\t<\/section>\n\t\t\t\t<\/div>\n\t\t","protected":false},"excerpt":{"rendered":"<p>Vers une nouvelle approche de la consommation de cannabis en Suisse \ud83c\udf3f Une r\u00e9volution silencieuse est en marche en Suisse : le programme pilote Weed Care, initi\u00e9 \u00e0 B\u00e2le d\u00e9but 2023, transforme peu \u00e0 peu la perception de la consommation de cannabis. Gr\u00e2ce \u00e0 une approche innovante et encadr\u00e9e, cette exp\u00e9rimentation in\u00e9dite en Europe r\u00e9v\u00e8le [&hellip;]<\/p>\n","protected":false},"author":18,"featured_media":18327,"comment_status":"closed","ping_status":"","sticky":false,"template":"","format":"standard","meta":{"site-sidebar-layout":"default","site-content-layout":"","ast-site-content-layout":"default","site-content-style":"default","site-sidebar-style":"default","ast-global-header-display":"","ast-banner-title-visibility":"","ast-main-header-display":"","ast-hfb-above-header-display":"","ast-hfb-below-header-display":"","ast-hfb-mobile-header-display":"","site-post-title":"","ast-breadcrumbs-content":"","ast-featured-img":"","footer-sml-layout":"","ast-disable-related-posts":"","theme-transparent-header-meta":"","adv-header-id-meta":"","stick-header-meta":"","header-above-stick-meta":"","header-main-stick-meta":"","header-below-stick-meta":"","astra-migrate-meta-layouts":"default","ast-page-background-enabled":"default","ast-page-background-meta":{"desktop":{"background-color":"var(--ast-global-color-4)","background-image":"","background-repeat":"repeat","background-position":"center center","background-size":"auto","background-attachment":"scroll","background-type":"","background-media":"","overlay-type":"","overlay-color":"","overlay-opacity":"","overlay-gradient":""},"tablet":{"background-color":"","background-image":"","background-repeat":"repeat","background-position":"center center","background-size":"auto","background-attachment":"scroll","background-type":"","background-media":"","overlay-type":"","overlay-color":"","overlay-opacity":"","overlay-gradient":""},"mobile":{"background-color":"","background-image":"","background-repeat":"repeat","background-position":"center center","background-size":"auto","background-attachment":"scroll","background-type":"","background-media":"","overlay-type":"","overlay-color":"","overlay-opacity":"","overlay-gradient":""}},"ast-content-background-meta":{"desktop":{"background-color":"var(--ast-global-color-5)","background-image":"","background-repeat":"repeat","background-position":"center center","background-size":"auto","background-attachment":"scroll","background-type":"","background-media":"","overlay-type":"","overlay-color":"","overlay-opacity":"","overlay-gradient":""},"tablet":{"background-color":"var(--ast-global-color-5)","background-image":"","background-repeat":"repeat","background-position":"center center","background-size":"auto","background-attachment":"scroll","background-type":"","background-media":"","overlay-type":"","overlay-color":"","overlay-opacity":"","overlay-gradient":""},"mobile":{"background-color":"var(--ast-global-color-5)","background-image":"","background-repeat":"repeat","background-position":"center center","background-size":"auto","background-attachment":"scroll","background-type":"","background-media":"","overlay-type":"","overlay-color":"","overlay-opacity":"","overlay-gradient":""}},"footnotes":""},"categories":[1],"tags":[],"class_list":["post-18328","post","type-post","status-publish","format-standard","has-post-thumbnail","hentry","category-non-classe"],"yoast_head":"<!-- This site is optimized with the Yoast SEO plugin v27.5 - https:\/\/yoast.com\/product\/yoast-seo-wordpress\/ -->\n<title>\ud83c\udf3f Acc\u00e8s l\u00e9gal au cannabis en Suisse : R\u00e9duction des consommations probl\u00e9matiques<\/title>\n<meta name=\"description\" content=\"\ud83c\udf3fAcc\u00e8s l\u00e9gal au cannabis en Suisse : R\u00e9duction des consommations probl\u00e9matiques. D\u00e9couvrez les conditions pour une utilisation responsable.\" \/>\n<meta name=\"robots\" content=\"index, follow, max-snippet:-1, max-image-preview:large, max-video-preview:-1\" \/>\n<link rel=\"canonical\" href=\"https:\/\/www.gardenz.fr\/news\/2025\/05\/16\/acces-legal-au-cannabis-en-suisse-reduction-des-consommations-problematiques\/\" \/>\n<meta property=\"og:locale\" content=\"fr_FR\" \/>\n<meta property=\"og:type\" content=\"article\" \/>\n<meta property=\"og:title\" content=\"\ud83c\udf3f Acc\u00e8s l\u00e9gal au cannabis en Suisse : R\u00e9duction des consommations probl\u00e9matiques\" \/>\n<meta property=\"og:description\" content=\"\ud83c\udf3fAcc\u00e8s l\u00e9gal au cannabis en Suisse : R\u00e9duction des consommations probl\u00e9matiques. D\u00e9couvrez les conditions pour une utilisation responsable.\" \/>\n<meta property=\"og:url\" content=\"https:\/\/www.gardenz.fr\/news\/2025\/05\/16\/acces-legal-au-cannabis-en-suisse-reduction-des-consommations-problematiques\/\" \/>\n<meta property=\"og:site_name\" content=\"Le Blog de Gardenz\" \/>\n<meta property=\"article:published_time\" content=\"2025-05-16T09:20:51+00:00\" \/>\n<meta property=\"article:modified_time\" content=\"2025-07-22T10:30:08+00:00\" \/>\n<meta property=\"og:image\" content=\"https:\/\/www.gardenz.fr\/news\/wp-content\/uploads\/2025\/05\/Acces-legal-au-cannabis-en-Suisse-Reduction-des-consommations-problematiquessanitize-2025-05-16T092048.977Z.jpg\" \/>\n\t<meta property=\"og:image:width\" content=\"900\" \/>\n\t<meta property=\"og:image:height\" content=\"250\" \/>\n\t<meta property=\"og:image:type\" content=\"image\/jpeg\" \/>\n<meta name=\"author\" content=\"Idan Melicio\" \/>\n<meta name=\"twitter:card\" content=\"summary_large_image\" \/>\n<meta name=\"twitter:label1\" content=\"\u00c9crit par\" \/>\n\t<meta name=\"twitter:data1\" content=\"Idan Melicio\" \/>\n\t<meta name=\"twitter:label2\" content=\"Dur\u00e9e de lecture estim\u00e9e\" \/>\n\t<meta name=\"twitter:data2\" content=\"10 minutes\" \/>\n<script type=\"application\/ld+json\" class=\"yoast-schema-graph\">{\"@context\":\"https:\\\/\\\/schema.org\",\"@graph\":[{\"@type\":\"Article\",\"@id\":\"https:\\\/\\\/www.gardenz.fr\\\/news\\\/2025\\\/05\\\/16\\\/acces-legal-au-cannabis-en-suisse-reduction-des-consommations-problematiques\\\/#article\",\"isPartOf\":{\"@id\":\"https:\\\/\\\/www.gardenz.fr\\\/news\\\/2025\\\/05\\\/16\\\/acces-legal-au-cannabis-en-suisse-reduction-des-consommations-problematiques\\\/\"},\"author\":{\"name\":\"Idan Melicio\",\"@id\":\"https:\\\/\\\/www.gardenz.fr\\\/news\\\/#\\\/schema\\\/person\\\/4c29b13eadec7d3b7f81d3dc8253aa72\"},\"headline\":\"Acc\u00e8s l\u00e9gal au cannabis en Suisse : R\u00e9duction des consommations probl\u00e9matiques\",\"datePublished\":\"2025-05-16T09:20:51+00:00\",\"dateModified\":\"2025-07-22T10:30:08+00:00\",\"mainEntityOfPage\":{\"@id\":\"https:\\\/\\\/www.gardenz.fr\\\/news\\\/2025\\\/05\\\/16\\\/acces-legal-au-cannabis-en-suisse-reduction-des-consommations-problematiques\\\/\"},\"wordCount\":1038,\"publisher\":{\"@id\":\"https:\\\/\\\/www.gardenz.fr\\\/news\\\/#organization\"},\"image\":{\"@id\":\"https:\\\/\\\/www.gardenz.fr\\\/news\\\/2025\\\/05\\\/16\\\/acces-legal-au-cannabis-en-suisse-reduction-des-consommations-problematiques\\\/#primaryimage\"},\"thumbnailUrl\":\"https:\\\/\\\/www.gardenz.fr\\\/news\\\/wp-content\\\/uploads\\\/2025\\\/05\\\/Acces-legal-au-cannabis-en-Suisse-Reduction-des-consommations-problematiquessanitize-2025-05-16T092048.977Z.jpg\",\"articleSection\":[\"GENERAL\"],\"inLanguage\":\"fr-FR\"},{\"@type\":\"WebPage\",\"@id\":\"https:\\\/\\\/www.gardenz.fr\\\/news\\\/2025\\\/05\\\/16\\\/acces-legal-au-cannabis-en-suisse-reduction-des-consommations-problematiques\\\/\",\"url\":\"https:\\\/\\\/www.gardenz.fr\\\/news\\\/2025\\\/05\\\/16\\\/acces-legal-au-cannabis-en-suisse-reduction-des-consommations-problematiques\\\/\",\"name\":\"\ud83c\udf3f Acc\u00e8s l\u00e9gal au cannabis en Suisse : R\u00e9duction des consommations probl\u00e9matiques\",\"isPartOf\":{\"@id\":\"https:\\\/\\\/www.gardenz.fr\\\/news\\\/#website\"},\"primaryImageOfPage\":{\"@id\":\"https:\\\/\\\/www.gardenz.fr\\\/news\\\/2025\\\/05\\\/16\\\/acces-legal-au-cannabis-en-suisse-reduction-des-consommations-problematiques\\\/#primaryimage\"},\"image\":{\"@id\":\"https:\\\/\\\/www.gardenz.fr\\\/news\\\/2025\\\/05\\\/16\\\/acces-legal-au-cannabis-en-suisse-reduction-des-consommations-problematiques\\\/#primaryimage\"},\"thumbnailUrl\":\"https:\\\/\\\/www.gardenz.fr\\\/news\\\/wp-content\\\/uploads\\\/2025\\\/05\\\/Acces-legal-au-cannabis-en-Suisse-Reduction-des-consommations-problematiquessanitize-2025-05-16T092048.977Z.jpg\",\"datePublished\":\"2025-05-16T09:20:51+00:00\",\"dateModified\":\"2025-07-22T10:30:08+00:00\",\"description\":\"\ud83c\udf3fAcc\u00e8s l\u00e9gal au cannabis en Suisse : R\u00e9duction des consommations probl\u00e9matiques. D\u00e9couvrez les conditions pour une utilisation responsable.\",\"breadcrumb\":{\"@id\":\"https:\\\/\\\/www.gardenz.fr\\\/news\\\/2025\\\/05\\\/16\\\/acces-legal-au-cannabis-en-suisse-reduction-des-consommations-problematiques\\\/#breadcrumb\"},\"inLanguage\":\"fr-FR\",\"potentialAction\":[{\"@type\":\"ReadAction\",\"target\":[\"https:\\\/\\\/www.gardenz.fr\\\/news\\\/2025\\\/05\\\/16\\\/acces-legal-au-cannabis-en-suisse-reduction-des-consommations-problematiques\\\/\"]}]},{\"@type\":\"ImageObject\",\"inLanguage\":\"fr-FR\",\"@id\":\"https:\\\/\\\/www.gardenz.fr\\\/news\\\/2025\\\/05\\\/16\\\/acces-legal-au-cannabis-en-suisse-reduction-des-consommations-problematiques\\\/#primaryimage\",\"url\":\"https:\\\/\\\/www.gardenz.fr\\\/news\\\/wp-content\\\/uploads\\\/2025\\\/05\\\/Acces-legal-au-cannabis-en-Suisse-Reduction-des-consommations-problematiquessanitize-2025-05-16T092048.977Z.jpg\",\"contentUrl\":\"https:\\\/\\\/www.gardenz.fr\\\/news\\\/wp-content\\\/uploads\\\/2025\\\/05\\\/Acces-legal-au-cannabis-en-Suisse-Reduction-des-consommations-problematiquessanitize-2025-05-16T092048.977Z.jpg\",\"width\":900,\"height\":250,\"caption\":\"Acc\u00e8s l\u00e9gal au cannabis en Suisse : R\u00e9duction des consommations probl\u00e9matiques\"},{\"@type\":\"BreadcrumbList\",\"@id\":\"https:\\\/\\\/www.gardenz.fr\\\/news\\\/2025\\\/05\\\/16\\\/acces-legal-au-cannabis-en-suisse-reduction-des-consommations-problematiques\\\/#breadcrumb\",\"itemListElement\":[{\"@type\":\"ListItem\",\"position\":1,\"name\":\"Accueil\",\"item\":\"https:\\\/\\\/www.gardenz.fr\\\/news\\\/\"},{\"@type\":\"ListItem\",\"position\":2,\"name\":\"Acc\u00e8s l\u00e9gal au cannabis en Suisse : R\u00e9duction des consommations probl\u00e9matiques\"}]},{\"@type\":\"WebSite\",\"@id\":\"https:\\\/\\\/www.gardenz.fr\\\/news\\\/#website\",\"url\":\"https:\\\/\\\/www.gardenz.fr\\\/news\\\/\",\"name\":\"Le Blog de Gardenz\",\"description\":\"Best quality CBD\",\"publisher\":{\"@id\":\"https:\\\/\\\/www.gardenz.fr\\\/news\\\/#organization\"},\"potentialAction\":[{\"@type\":\"SearchAction\",\"target\":{\"@type\":\"EntryPoint\",\"urlTemplate\":\"https:\\\/\\\/www.gardenz.fr\\\/news\\\/?s={search_term_string}\"},\"query-input\":{\"@type\":\"PropertyValueSpecification\",\"valueRequired\":true,\"valueName\":\"search_term_string\"}}],\"inLanguage\":\"fr-FR\"},{\"@type\":\"Organization\",\"@id\":\"https:\\\/\\\/www.gardenz.fr\\\/news\\\/#organization\",\"name\":\"Le Blog de Gardenz\",\"url\":\"https:\\\/\\\/www.gardenz.fr\\\/news\\\/\",\"logo\":{\"@type\":\"ImageObject\",\"inLanguage\":\"fr-FR\",\"@id\":\"https:\\\/\\\/www.gardenz.fr\\\/news\\\/#\\\/schema\\\/logo\\\/image\\\/\",\"url\":\"https:\\\/\\\/www.gardenz.fr\\\/news\\\/wp-content\\\/uploads\\\/2022\\\/06\\\/logo-gardenz-feuille-blanc-final.png\",\"contentUrl\":\"https:\\\/\\\/www.gardenz.fr\\\/news\\\/wp-content\\\/uploads\\\/2022\\\/06\\\/logo-gardenz-feuille-blanc-final.png\",\"width\":459,\"height\":200,\"caption\":\"Le Blog de Gardenz\"},\"image\":{\"@id\":\"https:\\\/\\\/www.gardenz.fr\\\/news\\\/#\\\/schema\\\/logo\\\/image\\\/\"}},{\"@type\":\"Person\",\"@id\":\"https:\\\/\\\/www.gardenz.fr\\\/news\\\/#\\\/schema\\\/person\\\/4c29b13eadec7d3b7f81d3dc8253aa72\",\"name\":\"Idan Melicio\",\"image\":{\"@type\":\"ImageObject\",\"inLanguage\":\"fr-FR\",\"@id\":\"https:\\\/\\\/secure.gravatar.com\\\/avatar\\\/a4fed9bf268062e3c5884e1b9288f4a54517dd9041d8c562678849f7f1c1eb43?s=96&d=mm&r=g\",\"url\":\"https:\\\/\\\/secure.gravatar.com\\\/avatar\\\/a4fed9bf268062e3c5884e1b9288f4a54517dd9041d8c562678849f7f1c1eb43?s=96&d=mm&r=g\",\"contentUrl\":\"https:\\\/\\\/secure.gravatar.com\\\/avatar\\\/a4fed9bf268062e3c5884e1b9288f4a54517dd9041d8c562678849f7f1c1eb43?s=96&d=mm&r=g\",\"caption\":\"Idan Melicio\"},\"url\":\"https:\\\/\\\/www.gardenz.fr\\\/news\\\/author\\\/idan-milecio\\\/\"}]}<\/script>\n<!-- \/ Yoast SEO plugin. -->","yoast_head_json":{"title":"\ud83c\udf3f Acc\u00e8s l\u00e9gal au cannabis en Suisse : R\u00e9duction des consommations probl\u00e9matiques","description":"\ud83c\udf3fAcc\u00e8s l\u00e9gal au cannabis en Suisse : R\u00e9duction des consommations probl\u00e9matiques. D\u00e9couvrez les conditions pour une utilisation responsable.","robots":{"index":"index","follow":"follow","max-snippet":"max-snippet:-1","max-image-preview":"max-image-preview:large","max-video-preview":"max-video-preview:-1"},"canonical":"https:\/\/www.gardenz.fr\/news\/2025\/05\/16\/acces-legal-au-cannabis-en-suisse-reduction-des-consommations-problematiques\/","og_locale":"fr_FR","og_type":"article","og_title":"\ud83c\udf3f Acc\u00e8s l\u00e9gal au cannabis en Suisse : R\u00e9duction des consommations probl\u00e9matiques","og_description":"\ud83c\udf3fAcc\u00e8s l\u00e9gal au cannabis en Suisse : R\u00e9duction des consommations probl\u00e9matiques. D\u00e9couvrez les conditions pour une utilisation responsable.","og_url":"https:\/\/www.gardenz.fr\/news\/2025\/05\/16\/acces-legal-au-cannabis-en-suisse-reduction-des-consommations-problematiques\/","og_site_name":"Le Blog de Gardenz","article_published_time":"2025-05-16T09:20:51+00:00","article_modified_time":"2025-07-22T10:30:08+00:00","og_image":[{"width":900,"height":250,"url":"https:\/\/www.gardenz.fr\/news\/wp-content\/uploads\/2025\/05\/Acces-legal-au-cannabis-en-Suisse-Reduction-des-consommations-problematiquessanitize-2025-05-16T092048.977Z.jpg","type":"image\/jpeg"}],"author":"Idan Melicio","twitter_card":"summary_large_image","twitter_misc":{"\u00c9crit par":"Idan Melicio","Dur\u00e9e de lecture estim\u00e9e":"10 minutes"},"schema":{"@context":"https:\/\/schema.org","@graph":[{"@type":"Article","@id":"https:\/\/www.gardenz.fr\/news\/2025\/05\/16\/acces-legal-au-cannabis-en-suisse-reduction-des-consommations-problematiques\/#article","isPartOf":{"@id":"https:\/\/www.gardenz.fr\/news\/2025\/05\/16\/acces-legal-au-cannabis-en-suisse-reduction-des-consommations-problematiques\/"},"author":{"name":"Idan Melicio","@id":"https:\/\/www.gardenz.fr\/news\/#\/schema\/person\/4c29b13eadec7d3b7f81d3dc8253aa72"},"headline":"Acc\u00e8s l\u00e9gal au cannabis en Suisse : R\u00e9duction des consommations probl\u00e9matiques","datePublished":"2025-05-16T09:20:51+00:00","dateModified":"2025-07-22T10:30:08+00:00","mainEntityOfPage":{"@id":"https:\/\/www.gardenz.fr\/news\/2025\/05\/16\/acces-legal-au-cannabis-en-suisse-reduction-des-consommations-problematiques\/"},"wordCount":1038,"publisher":{"@id":"https:\/\/www.gardenz.fr\/news\/#organization"},"image":{"@id":"https:\/\/www.gardenz.fr\/news\/2025\/05\/16\/acces-legal-au-cannabis-en-suisse-reduction-des-consommations-problematiques\/#primaryimage"},"thumbnailUrl":"https:\/\/www.gardenz.fr\/news\/wp-content\/uploads\/2025\/05\/Acces-legal-au-cannabis-en-Suisse-Reduction-des-consommations-problematiquessanitize-2025-05-16T092048.977Z.jpg","articleSection":["GENERAL"],"inLanguage":"fr-FR"},{"@type":"WebPage","@id":"https:\/\/www.gardenz.fr\/news\/2025\/05\/16\/acces-legal-au-cannabis-en-suisse-reduction-des-consommations-problematiques\/","url":"https:\/\/www.gardenz.fr\/news\/2025\/05\/16\/acces-legal-au-cannabis-en-suisse-reduction-des-consommations-problematiques\/","name":"\ud83c\udf3f Acc\u00e8s l\u00e9gal au cannabis en Suisse : R\u00e9duction des consommations probl\u00e9matiques","isPartOf":{"@id":"https:\/\/www.gardenz.fr\/news\/#website"},"primaryImageOfPage":{"@id":"https:\/\/www.gardenz.fr\/news\/2025\/05\/16\/acces-legal-au-cannabis-en-suisse-reduction-des-consommations-problematiques\/#primaryimage"},"image":{"@id":"https:\/\/www.gardenz.fr\/news\/2025\/05\/16\/acces-legal-au-cannabis-en-suisse-reduction-des-consommations-problematiques\/#primaryimage"},"thumbnailUrl":"https:\/\/www.gardenz.fr\/news\/wp-content\/uploads\/2025\/05\/Acces-legal-au-cannabis-en-Suisse-Reduction-des-consommations-problematiquessanitize-2025-05-16T092048.977Z.jpg","datePublished":"2025-05-16T09:20:51+00:00","dateModified":"2025-07-22T10:30:08+00:00","description":"\ud83c\udf3fAcc\u00e8s l\u00e9gal au cannabis en Suisse : R\u00e9duction des consommations probl\u00e9matiques. D\u00e9couvrez les conditions pour une utilisation responsable.","breadcrumb":{"@id":"https:\/\/www.gardenz.fr\/news\/2025\/05\/16\/acces-legal-au-cannabis-en-suisse-reduction-des-consommations-problematiques\/#breadcrumb"},"inLanguage":"fr-FR","potentialAction":[{"@type":"ReadAction","target":["https:\/\/www.gardenz.fr\/news\/2025\/05\/16\/acces-legal-au-cannabis-en-suisse-reduction-des-consommations-problematiques\/"]}]},{"@type":"ImageObject","inLanguage":"fr-FR","@id":"https:\/\/www.gardenz.fr\/news\/2025\/05\/16\/acces-legal-au-cannabis-en-suisse-reduction-des-consommations-problematiques\/#primaryimage","url":"https:\/\/www.gardenz.fr\/news\/wp-content\/uploads\/2025\/05\/Acces-legal-au-cannabis-en-Suisse-Reduction-des-consommations-problematiquessanitize-2025-05-16T092048.977Z.jpg","contentUrl":"https:\/\/www.gardenz.fr\/news\/wp-content\/uploads\/2025\/05\/Acces-legal-au-cannabis-en-Suisse-Reduction-des-consommations-problematiquessanitize-2025-05-16T092048.977Z.jpg","width":900,"height":250,"caption":"Acc\u00e8s l\u00e9gal au cannabis en Suisse : R\u00e9duction des consommations probl\u00e9matiques"},{"@type":"BreadcrumbList","@id":"https:\/\/www.gardenz.fr\/news\/2025\/05\/16\/acces-legal-au-cannabis-en-suisse-reduction-des-consommations-problematiques\/#breadcrumb","itemListElement":[{"@type":"ListItem","position":1,"name":"Accueil","item":"https:\/\/www.gardenz.fr\/news\/"},{"@type":"ListItem","position":2,"name":"Acc\u00e8s l\u00e9gal au cannabis en Suisse : R\u00e9duction des consommations probl\u00e9matiques"}]},{"@type":"WebSite","@id":"https:\/\/www.gardenz.fr\/news\/#website","url":"https:\/\/www.gardenz.fr\/news\/","name":"Le Blog de Gardenz","description":"Best quality CBD","publisher":{"@id":"https:\/\/www.gardenz.fr\/news\/#organization"},"potentialAction":[{"@type":"SearchAction","target":{"@type":"EntryPoint","urlTemplate":"https:\/\/www.gardenz.fr\/news\/?s={search_term_string}"},"query-input":{"@type":"PropertyValueSpecification","valueRequired":true,"valueName":"search_term_string"}}],"inLanguage":"fr-FR"},{"@type":"Organization","@id":"https:\/\/www.gardenz.fr\/news\/#organization","name":"Le Blog de Gardenz","url":"https:\/\/www.gardenz.fr\/news\/","logo":{"@type":"ImageObject","inLanguage":"fr-FR","@id":"https:\/\/www.gardenz.fr\/news\/#\/schema\/logo\/image\/","url":"https:\/\/www.gardenz.fr\/news\/wp-content\/uploads\/2022\/06\/logo-gardenz-feuille-blanc-final.png","contentUrl":"https:\/\/www.gardenz.fr\/news\/wp-content\/uploads\/2022\/06\/logo-gardenz-feuille-blanc-final.png","width":459,"height":200,"caption":"Le Blog de Gardenz"},"image":{"@id":"https:\/\/www.gardenz.fr\/news\/#\/schema\/logo\/image\/"}},{"@type":"Person","@id":"https:\/\/www.gardenz.fr\/news\/#\/schema\/person\/4c29b13eadec7d3b7f81d3dc8253aa72","name":"Idan Melicio","image":{"@type":"ImageObject","inLanguage":"fr-FR","@id":"https:\/\/secure.gravatar.com\/avatar\/a4fed9bf268062e3c5884e1b9288f4a54517dd9041d8c562678849f7f1c1eb43?s=96&d=mm&r=g","url":"https:\/\/secure.gravatar.com\/avatar\/a4fed9bf268062e3c5884e1b9288f4a54517dd9041d8c562678849f7f1c1eb43?s=96&d=mm&r=g","contentUrl":"https:\/\/secure.gravatar.com\/avatar\/a4fed9bf268062e3c5884e1b9288f4a54517dd9041d8c562678849f7f1c1eb43?s=96&d=mm&r=g","caption":"Idan Melicio"},"url":"https:\/\/www.gardenz.fr\/news\/author\/idan-milecio\/"}]}},"_links":{"self":[{"href":"https:\/\/www.gardenz.fr\/news\/wp-json\/wp\/v2\/posts\/18328","targetHints":{"allow":["GET"]}}],"collection":[{"href":"https:\/\/www.gardenz.fr\/news\/wp-json\/wp\/v2\/posts"}],"about":[{"href":"https:\/\/www.gardenz.fr\/news\/wp-json\/wp\/v2\/types\/post"}],"author":[{"embeddable":true,"href":"https:\/\/www.gardenz.fr\/news\/wp-json\/wp\/v2\/users\/18"}],"replies":[{"embeddable":true,"href":"https:\/\/www.gardenz.fr\/news\/wp-json\/wp\/v2\/comments?post=18328"}],"version-history":[{"count":3,"href":"https:\/\/www.gardenz.fr\/news\/wp-json\/wp\/v2\/posts\/18328\/revisions"}],"predecessor-version":[{"id":18811,"href":"https:\/\/www.gardenz.fr\/news\/wp-json\/wp\/v2\/posts\/18328\/revisions\/18811"}],"wp:featuredmedia":[{"embeddable":true,"href":"https:\/\/www.gardenz.fr\/news\/wp-json\/wp\/v2\/media\/18327"}],"wp:attachment":[{"href":"https:\/\/www.gardenz.fr\/news\/wp-json\/wp\/v2\/media?parent=18328"}],"wp:term":[{"taxonomy":"category","embeddable":true,"href":"https:\/\/www.gardenz.fr\/news\/wp-json\/wp\/v2\/categories?post=18328"},{"taxonomy":"post_tag","embeddable":true,"href":"https:\/\/www.gardenz.fr\/news\/wp-json\/wp\/v2\/tags?post=18328"}],"curies":[{"name":"wp","href":"https:\/\/api.w.org\/{rel}","templated":true}]}}