{"id":18332,"date":"2025-05-16T13:47:15","date_gmt":"2025-05-16T11:47:15","guid":{"rendered":"https:\/\/www.gardenz.fr\/news\/2025\/05\/16\/comment-fonctionne-le-marche-noir-du-cannabis-en-france\/"},"modified":"2025-07-22T12:23:19","modified_gmt":"2025-07-22T10:23:19","slug":"comment-fonctionne-le-marche-noir-du-cannabis-en-france","status":"publish","type":"post","link":"https:\/\/www.gardenz.fr\/news\/2025\/05\/16\/comment-fonctionne-le-marche-noir-du-cannabis-en-france\/","title":{"rendered":"Comment fonctionne le march\u00e9 noir du cannabis en France"},"content":{"rendered":"\t\t<div data-elementor-type=\"wp-post\" data-elementor-id=\"18332\" class=\"elementor elementor-18332\">\n\t\t\t\t\t\t<section class=\"elementor-section elementor-top-section elementor-element elementor-element-5073cba2 elementor-section-boxed elementor-section-height-default elementor-section-height-default\" data-id=\"5073cba2\" data-element_type=\"section\" data-e-type=\"section\">\n\t\t\t\t\t\t<div class=\"elementor-container elementor-column-gap-default\">\n\t\t\t\t\t<div class=\"elementor-column elementor-col-100 elementor-top-column elementor-element elementor-element-6c58cffb\" data-id=\"6c58cffb\" data-element_type=\"column\" data-e-type=\"column\">\n\t\t\t<div class=\"elementor-widget-wrap elementor-element-populated\">\n\t\t\t\t\t\t<div class=\"elementor-element elementor-element-7a2a2015 elementor-widget elementor-widget-text-editor\" data-id=\"7a2a2015\" data-element_type=\"widget\" data-e-type=\"widget\" data-widget_type=\"text-editor.default\">\n\t\t\t\t<div class=\"elementor-widget-container\">\n\t\t\t\t\t\t\t\t\t<div style=\"margin-left: 10%; margin-right: 10%;\">Imagine un instant que tu sois \u00e0 Paris, Marseille ou Lyon. Tu fl\u00e2nes dans une ruelle, ton pote t&rsquo;appelle et te dit qu\u2019un \u00ab\u00a0plan\u00a0\u00bb pour choper du <a href=\"https:\/\/www.gardenz.fr\/310--delta-9-thc\">cannabis<\/a> est dispo. Ni vu, ni connu, un inconnu te file un petit pochon. Pas de ticket de caisse, aucune garantie sur la qualit\u00e9. Bienvenue dans le march\u00e9 noir du cannabis en France, un syst\u00e8me opaque, ultra-r\u00e9pandu et pourtant encore (tr\u00e8s) ill\u00e9gal \ud83d\udeab Dans cet article, on t\u2019emm\u00e8ne dans les coulisses de ce march\u00e9 de l\u2019ombre. Comment il fonctionne, qui y participe, quelles sont les cons\u00e9quences&#8230; Accroche-toi, on va tout d\u00e9cortiquer ensemble (sans jugement, promis) \ud83d\ude0e\n<h2>Le march\u00e9 noir du cannabis en France, c\u2019est quoi exactement ? \ud83c\udf3f<\/h2>\nLe march\u00e9 noir du cannabis, c\u2019est tout simplement l\u2019ensemble des \u00e9changes de weed ou de r\u00e9sine de cannabis en dehors du cadre l\u00e9gal. Aucun contr\u00f4le, aucun imp\u00f4t, z\u00e9ro transparence. Et pourtant, c\u2019est un v\u00e9ritable empire souterrain. En France, le cannabis est interdit, mais paradoxalement, c\u2019est la drogue la plus consomm\u00e9e. R\u00e9sultat : une demande \u00e9norme, et une offre ill\u00e9gale qui s\u2019adapte vite pour y r\u00e9pondre. On parle ici d\u2019un commerce estim\u00e9 \u00e0 plusieurs milliards d\u2019euros chaque ann\u00e9e \ud83d\udcb0\n<h2>Pourquoi le march\u00e9 noir du cannabis persiste-t-il ? \ud83d\udd0d<\/h2>\n<h3>1. La prohibition : moteur principal<\/h3>\nTant que le cannabis reste interdit, les consommateurs n\u2019ont d\u2019autre choix que de se tourner vers le black market. Et ce qui est interdit devient souvent\u2026 tr\u00e8s recherch\u00e9. Bienvenue dans la logique paradoxale de la prohibition \ud83d\udeab\n<h3>2. Une demande massive et constante<\/h3>\nQue ce soit pour se d\u00e9tendre, pour des raisons m\u00e9dicales ou juste pour le plaisir de rouler un joint, les consommateurs sont nombreux. Plus de 5 millions de Fran\u00e7ais auraient d\u00e9j\u00e0 test\u00e9 le cannabis. Pas \u00e9tonnant que les vendeurs ne manquent pas d\u2019opportunit\u00e9s \ud83c\udf2c\ufe0f\n<h3>3. L\u2019absence de r\u00e9gulation<\/h3>\nPas de cadre, pas de normes : \u00e7a veut dire que n\u2019importe qui peut s\u2019improviser dealer. Et gr\u00e2ce aux r\u00e9seaux sociaux ou au Darknet, c\u2019est devenu encore plus simple. En quelques clics, tu peux commander ton gramme comme une pizza \ud83c\udf55\n<h2>Comment s\u2019organise le trafic de cannabis en France ? \ud83e\udde0<\/h2>\n<h3>Des cultures locales aux importations<\/h3>\nBeaucoup de cannabis consomm\u00e9 en France est import\u00e9, principalement depuis le Maroc, via l\u2019Espagne. Mais la culture locale prend aussi de l\u2019ampleur. En mode discret dans un garage, une cave ou m\u00eame un appartement, certains se sp\u00e9cialisent dans l\u2019autoproduction ou les petites plantations \u00e0 usage commercial \ud83c\udf31\n<h3>Du grossiste au consommateur final<\/h3>\nLe syst\u00e8me fonctionne par strates : &#8211; Un grossiste (souvent li\u00e9 \u00e0 des r\u00e9seaux internationaux) r\u00e9ceptionne les cargaisons &#8211; Les semi-grossistes d\u00e9coupent et redistribuent &#8211; Les dealers de rue vendent aux consommateurs Et parfois, plus besoin de rue : les r\u00e9seaux sociaux ou Snapchat sont devenus de v\u00e9ritables vitrines de vente ill\u00e9gale. Story, g\u00e9olocalisation, paiement en cash ou crypto\u2026 tout est organis\u00e9 pour rester sous les radars \ud83d\udcf1\n<h3>Les risques qui p\u00e8sent sur les diff\u00e9rents acteurs<\/h3>\nDu petit vendeur jusqu\u2019aux t\u00eates de r\u00e9seau, les risques sont multiples : &#8211; Arrestation, \u00e9videmment &#8211; Condamnation p\u00e9nale lourde &#8211; Violence entre bandes rivales &#8211; Vols et rackets Mais paradoxalement, certains prennent ces risques par n\u00e9cessit\u00e9, d&rsquo;autres par app\u00e2t du gain. Le march\u00e9 noir brasse beaucoup\u2026 parfois trop.\n<h2>Les cons\u00e9quences du march\u00e9 noir du cannabis \ud83d\udea7<\/h2>\n<h3>Sur la sant\u00e9 des consommateurs<\/h3>\nSans r\u00e9gulation, le cannabis vendu est rarement pur. On y trouve des traces d\u2019ammoniaque, de plomb ou de pesticides. R\u00e9sultat ? Des effets impr\u00e9visibles, voire dangereux \ud83d\ude2c\n<h3>Sur l\u2019\u00e9conomie fran\u00e7aise<\/h3>\nChaque gramme vendu ill\u00e9galement, c\u2019est de l\u2019argent qui \u00e9chappe \u00e0 l\u2019\u00c9tat. Selon les estimations, une l\u00e9galisation pourrait rapporter entre 2 et 3 milliards d\u2019euros par an en taxes. De quoi financer pas mal de programmes sociaux\u2026\n<h3>Sur la s\u00e9curit\u00e9 publique<\/h3>\nLe trafic g\u00e9n\u00e8re violence, r\u00e8glements de comptes et tensions dans certains quartiers. L\u2019argent facile attire, surtout quand la pr\u00e9carit\u00e9 r\u00e8gne. Et le cercle devient vite infernal.\n<h2>Et si on l\u00e9galisait ? \ud83c\udf43<\/h2>\nLa l\u00e9galisation du cannabis en France fait d\u00e9bat. Certains y voient une solution pour : &#8211; L\u2019ass\u00e9cher le march\u00e9 noir &#8211; Cr\u00e9er de l\u2019emploi dans le secteur legal weed &#8211; Prot\u00e9ger les consommateurs avec un produit contr\u00f4l\u00e9 &#8211; R\u00e9duire les violences li\u00e9es au trafic D\u2019autres, au contraire, redoutent une banalisation de la consommation. Le sujet est complexe, mais une chose est s\u00fbre : le march\u00e9 noir est une cons\u00e9quence directe de l\u2019interdiction actuelle.\n<h2>FAQ \u2013 Le march\u00e9 noir du cannabis expliqu\u00e9 simplement \u2753<\/h2>\n<h3>Est-ce dangereux d\u2019acheter du cannabis au march\u00e9 noir ?<\/h3>\nOui. Au-del\u00e0 du risque l\u00e9gal, tu peux consommer un produit coup\u00e9 avec des substances toxiques ou surdos\u00e9es.\n<h3>Pourquoi le prix du cannabis varie-t-il autant au march\u00e9 noir ?<\/h3>\nLa qualit\u00e9, la nature du produit (herbe ou r\u00e9sine), la localisation et le niveau du vendeur dans la cha\u00eene font fluctuer les tarifs.\n<h3>Le cannabis vendu ill\u00e9galement vient d\u2019o\u00f9 ?<\/h3>\nMajoritairement du Maroc pour la r\u00e9sine, mais les herbes proviennent parfois de cultures locales ou des Pays-Bas.\n<h3>Peut-on reconna\u00eetre un bon \u00ab\u00a0plan\u00a0\u00bb fiable ?<\/h3>\nDans le march\u00e9 noir, rien n\u2019est vraiment fiable. Tu ne sais jamais ce que tu consommes, d\u2019o\u00f9 l\u2019int\u00e9r\u00eat d\u2019un cadre l\u00e9gal et contr\u00f4l\u00e9.\n<h3>Quelle est la position de la France sur la d\u00e9p\u00e9nalisation ou l\u00e9galisation ?<\/h3>\nActuellement, le cannabis reste ill\u00e9gal. Mais de plus en plus de voix (experts, \u00e9lus, citoyens) appellent \u00e0 un changement de politique. <a href=\"https:\/\/gardenz.fr\/news\">Tu veux continuer ta lecture ? D\u00e9couvre d&rsquo;autres articles en cliquant ici.<\/a><\/div>\n\n<div class=\"wp-block-group is-layout-constrained wp-block-group-is-layout-constrained\">\n<div class=\"wp-block-columns is-layout-flex wp-container-core-columns-is-layout-28f84493 wp-block-columns-is-layout-flex\">\n<div class=\"wp-block-column is-layout-flow wp-block-column-is-layout-flow\" style=\"flex-basis:20%\">\n<figure class=\"wp-block-image size-full\"><a href=\"https:\/\/www.gardenz.fr\/3-fleur-de-chanvre-cbd\"><img fetchpriority=\"high\" decoding=\"async\" width=\"424\" height=\"600\" src=\"https:\/\/www.gardenz.fr\/news\/wp-content\/uploads\/2025\/03\/FLEUR-DE-CHANVRE-CBD.webp\" alt=\"FLEUR-DE-CHANVRE-CBD\" class=\"wp-image-17519\" srcset=\"https:\/\/www.gardenz.fr\/news\/wp-content\/uploads\/2025\/03\/FLEUR-DE-CHANVRE-CBD.webp 424w, https:\/\/www.gardenz.fr\/news\/wp-content\/uploads\/2025\/03\/FLEUR-DE-CHANVRE-CBD-212x300.webp 212w\" sizes=\"(max-width: 424px) 100vw, 424px\" \/><\/a><\/figure>\n<\/div>\n\n\n\n<div class=\"wp-block-column is-layout-flow wp-block-column-is-layout-flow\" style=\"flex-basis:20%\">\n<figure class=\"wp-block-image size-full\"><a href=\"https:\/\/www.gardenz.fr\/6--resine-cbd\"><img decoding=\"async\" width=\"424\" height=\"600\" src=\"https:\/\/www.gardenz.fr\/news\/wp-content\/uploads\/2025\/03\/RESINE-CBD.webp\" alt=\"R\u00c9SINE-CBD\" class=\"wp-image-17515\" srcset=\"https:\/\/www.gardenz.fr\/news\/wp-content\/uploads\/2025\/03\/RESINE-CBD.webp 424w, https:\/\/www.gardenz.fr\/news\/wp-content\/uploads\/2025\/03\/RESINE-CBD-212x300.webp 212w\" sizes=\"(max-width: 424px) 100vw, 424px\" \/><\/a><\/figure>\n<\/div>\n\n\n\n<div class=\"wp-block-column is-layout-flow wp-block-column-is-layout-flow\" style=\"flex-basis:20%\">\n<figure class=\"wp-block-image size-full\"><a href=\"https:\/\/www.gardenz.fr\/511--weed-psycho\"><img decoding=\"async\" width=\"424\" height=\"600\" src=\"https:\/\/www.gardenz.fr\/news\/wp-content\/uploads\/2025\/03\/PSYCHOACTIFS.webp\" alt=\"PSYCHOACTIFS\" class=\"wp-image-17517\" srcset=\"https:\/\/www.gardenz.fr\/news\/wp-content\/uploads\/2025\/03\/PSYCHOACTIFS.webp 424w, https:\/\/www.gardenz.fr\/news\/wp-content\/uploads\/2025\/03\/PSYCHOACTIFS-212x300.webp 212w\" sizes=\"(max-width: 424px) 100vw, 424px\" \/><\/a><\/figure>\n<\/div>\n\n\n\n<div class=\"wp-block-column is-layout-flow wp-block-column-is-layout-flow\" style=\"flex-basis:20%\">\n<figure class=\"wp-block-image size-full\"><a href=\"https:\/\/www.gardenz.fr\/562--accessoires-weed\"><img loading=\"lazy\" decoding=\"async\" width=\"424\" height=\"600\" src=\"https:\/\/www.gardenz.fr\/news\/wp-content\/uploads\/2025\/03\/ACCESSOIRED.webp\" alt=\"\" class=\"wp-image-17520\" srcset=\"https:\/\/www.gardenz.fr\/news\/wp-content\/uploads\/2025\/03\/ACCESSOIRED.webp 424w, https:\/\/www.gardenz.fr\/news\/wp-content\/uploads\/2025\/03\/ACCESSOIRED-212x300.webp 212w\" sizes=\"(max-width: 424px) 100vw, 424px\" \/><\/a><\/figure>\n<\/div>\n\n\n\n<div class=\"wp-block-column is-layout-flow wp-block-column-is-layout-flow\" style=\"flex-basis:20%\">\n<figure class=\"wp-block-image size-full\"><a href=\"https:\/\/www.gardenz.fr\/284--vaporisateur-weed\"><img loading=\"lazy\" decoding=\"async\" width=\"424\" height=\"600\" src=\"https:\/\/www.gardenz.fr\/news\/wp-content\/uploads\/2025\/03\/VAPORISATEUR-WEED.webp\" alt=\"VAPORISATEUR-WEED\" class=\"wp-image-17514\" srcset=\"https:\/\/www.gardenz.fr\/news\/wp-content\/uploads\/2025\/03\/VAPORISATEUR-WEED.webp 424w, https:\/\/www.gardenz.fr\/news\/wp-content\/uploads\/2025\/03\/VAPORISATEUR-WEED-212x300.webp 212w\" sizes=\"(max-width: 424px) 100vw, 424px\" \/><\/a><\/figure>\n<\/div>\n<\/div>\n<\/div>\n\t\t\t\t\t\t\t\t<\/div>\n\t\t\t\t<\/div>\n\t\t\t\t\t<\/div>\n\t\t<\/div>\n\t\t\t\t\t<\/div>\n\t\t<\/section>\n\t\t\t\t<\/div>\n\t\t","protected":false},"excerpt":{"rendered":"<p>Imagine un instant que tu sois \u00e0 Paris, Marseille ou Lyon. Tu fl\u00e2nes dans une ruelle, ton pote t&rsquo;appelle et te dit qu\u2019un \u00ab\u00a0plan\u00a0\u00bb pour choper du cannabis est dispo. Ni vu, ni connu, un inconnu te file un petit pochon. Pas de ticket de caisse, aucune garantie sur la qualit\u00e9. Bienvenue dans le march\u00e9 [&hellip;]<\/p>\n","protected":false},"author":18,"featured_media":18331,"comment_status":"closed","ping_status":"","sticky":false,"template":"","format":"standard","meta":{"site-sidebar-layout":"default","site-content-layout":"","ast-site-content-layout":"default","site-content-style":"default","site-sidebar-style":"default","ast-global-header-display":"","ast-banner-title-visibility":"","ast-main-header-display":"","ast-hfb-above-header-display":"","ast-hfb-below-header-display":"","ast-hfb-mobile-header-display":"","site-post-title":"","ast-breadcrumbs-content":"","ast-featured-img":"","footer-sml-layout":"","ast-disable-related-posts":"","theme-transparent-header-meta":"","adv-header-id-meta":"","stick-header-meta":"","header-above-stick-meta":"","header-main-stick-meta":"","header-below-stick-meta":"","astra-migrate-meta-layouts":"default","ast-page-background-enabled":"default","ast-page-background-meta":{"desktop":{"background-color":"var(--ast-global-color-4)","background-image":"","background-repeat":"repeat","background-position":"center center","background-size":"auto","background-attachment":"scroll","background-type":"","background-media":"","overlay-type":"","overlay-color":"","overlay-opacity":"","overlay-gradient":""},"tablet":{"background-color":"","background-image":"","background-repeat":"repeat","background-position":"center center","background-size":"auto","background-attachment":"scroll","background-type":"","background-media":"","overlay-type":"","overlay-color":"","overlay-opacity":"","overlay-gradient":""},"mobile":{"background-color":"","background-image":"","background-repeat":"repeat","background-position":"center center","background-size":"auto","background-attachment":"scroll","background-type":"","background-media":"","overlay-type":"","overlay-color":"","overlay-opacity":"","overlay-gradient":""}},"ast-content-background-meta":{"desktop":{"background-color":"var(--ast-global-color-5)","background-image":"","background-repeat":"repeat","background-position":"center center","background-size":"auto","background-attachment":"scroll","background-type":"","background-media":"","overlay-type":"","overlay-color":"","overlay-opacity":"","overlay-gradient":""},"tablet":{"background-color":"var(--ast-global-color-5)","background-image":"","background-repeat":"repeat","background-position":"center center","background-size":"auto","background-attachment":"scroll","background-type":"","background-media":"","overlay-type":"","overlay-color":"","overlay-opacity":"","overlay-gradient":""},"mobile":{"background-color":"var(--ast-global-color-5)","background-image":"","background-repeat":"repeat","background-position":"center center","background-size":"auto","background-attachment":"scroll","background-type":"","background-media":"","overlay-type":"","overlay-color":"","overlay-opacity":"","overlay-gradient":""}},"footnotes":""},"categories":[1],"tags":[],"class_list":["post-18332","post","type-post","status-publish","format-standard","has-post-thumbnail","hentry","category-non-classe"],"yoast_head":"<!-- This site is optimized with the Yoast SEO plugin v27.5 - https:\/\/yoast.com\/product\/yoast-seo-wordpress\/ -->\n<title>\ud83c\udf3f March\u00e9 noir du cannabis en France : comment \u00e7a marche ?<\/title>\n<meta name=\"description\" content=\"\ud83c\udf3f D\u00e9couvrez les rouages du march\u00e9 noir du cannabis en France : fonctionnement, acteurs et impacts sur la soci\u00e9t\u00e9.\" \/>\n<meta name=\"robots\" content=\"index, follow, max-snippet:-1, max-image-preview:large, max-video-preview:-1\" \/>\n<link rel=\"canonical\" href=\"https:\/\/www.gardenz.fr\/news\/2025\/05\/16\/comment-fonctionne-le-marche-noir-du-cannabis-en-france\/\" \/>\n<meta property=\"og:locale\" content=\"fr_FR\" \/>\n<meta property=\"og:type\" content=\"article\" \/>\n<meta property=\"og:title\" content=\"\ud83c\udf3f March\u00e9 noir du cannabis en France : comment \u00e7a marche ?\" \/>\n<meta property=\"og:description\" content=\"\ud83c\udf3f D\u00e9couvrez les rouages du march\u00e9 noir du cannabis en France : fonctionnement, acteurs et impacts sur la soci\u00e9t\u00e9.\" \/>\n<meta property=\"og:url\" content=\"https:\/\/www.gardenz.fr\/news\/2025\/05\/16\/comment-fonctionne-le-marche-noir-du-cannabis-en-france\/\" \/>\n<meta property=\"og:site_name\" content=\"Le Blog de Gardenz\" \/>\n<meta property=\"article:published_time\" content=\"2025-05-16T11:47:15+00:00\" \/>\n<meta property=\"article:modified_time\" content=\"2025-07-22T10:23:19+00:00\" \/>\n<meta property=\"og:image\" content=\"https:\/\/www.gardenz.fr\/news\/wp-content\/uploads\/2025\/05\/Comment-fonctionne-le-marche-noir-du-cannabis-en-Francesanitizesanitize-2025-05-16T114712.426Z.jpg\" \/>\n\t<meta property=\"og:image:width\" content=\"900\" \/>\n\t<meta property=\"og:image:height\" content=\"250\" \/>\n\t<meta property=\"og:image:type\" content=\"image\/jpeg\" \/>\n<meta name=\"author\" content=\"Idan Melicio\" \/>\n<meta name=\"twitter:card\" content=\"summary_large_image\" \/>\n<meta name=\"twitter:label1\" content=\"\u00c9crit par\" \/>\n\t<meta name=\"twitter:data1\" content=\"Idan Melicio\" \/>\n\t<meta name=\"twitter:label2\" content=\"Dur\u00e9e de lecture estim\u00e9e\" \/>\n\t<meta name=\"twitter:data2\" content=\"8 minutes\" \/>\n<script type=\"application\/ld+json\" class=\"yoast-schema-graph\">{\"@context\":\"https:\\\/\\\/schema.org\",\"@graph\":[{\"@type\":\"Article\",\"@id\":\"https:\\\/\\\/www.gardenz.fr\\\/news\\\/2025\\\/05\\\/16\\\/comment-fonctionne-le-marche-noir-du-cannabis-en-france\\\/#article\",\"isPartOf\":{\"@id\":\"https:\\\/\\\/www.gardenz.fr\\\/news\\\/2025\\\/05\\\/16\\\/comment-fonctionne-le-marche-noir-du-cannabis-en-france\\\/\"},\"author\":{\"name\":\"Idan Melicio\",\"@id\":\"https:\\\/\\\/www.gardenz.fr\\\/news\\\/#\\\/schema\\\/person\\\/4c29b13eadec7d3b7f81d3dc8253aa72\"},\"headline\":\"Comment fonctionne le march\u00e9 noir du cannabis en France\",\"datePublished\":\"2025-05-16T11:47:15+00:00\",\"dateModified\":\"2025-07-22T10:23:19+00:00\",\"mainEntityOfPage\":{\"@id\":\"https:\\\/\\\/www.gardenz.fr\\\/news\\\/2025\\\/05\\\/16\\\/comment-fonctionne-le-marche-noir-du-cannabis-en-france\\\/\"},\"wordCount\":979,\"publisher\":{\"@id\":\"https:\\\/\\\/www.gardenz.fr\\\/news\\\/#organization\"},\"image\":{\"@id\":\"https:\\\/\\\/www.gardenz.fr\\\/news\\\/2025\\\/05\\\/16\\\/comment-fonctionne-le-marche-noir-du-cannabis-en-france\\\/#primaryimage\"},\"thumbnailUrl\":\"https:\\\/\\\/www.gardenz.fr\\\/news\\\/wp-content\\\/uploads\\\/2025\\\/05\\\/Comment-fonctionne-le-marche-noir-du-cannabis-en-Francesanitizesanitize-2025-05-16T114712.426Z.jpg\",\"articleSection\":[\"GENERAL\"],\"inLanguage\":\"fr-FR\"},{\"@type\":\"WebPage\",\"@id\":\"https:\\\/\\\/www.gardenz.fr\\\/news\\\/2025\\\/05\\\/16\\\/comment-fonctionne-le-marche-noir-du-cannabis-en-france\\\/\",\"url\":\"https:\\\/\\\/www.gardenz.fr\\\/news\\\/2025\\\/05\\\/16\\\/comment-fonctionne-le-marche-noir-du-cannabis-en-france\\\/\",\"name\":\"\ud83c\udf3f March\u00e9 noir du cannabis en France : comment \u00e7a marche ?\",\"isPartOf\":{\"@id\":\"https:\\\/\\\/www.gardenz.fr\\\/news\\\/#website\"},\"primaryImageOfPage\":{\"@id\":\"https:\\\/\\\/www.gardenz.fr\\\/news\\\/2025\\\/05\\\/16\\\/comment-fonctionne-le-marche-noir-du-cannabis-en-france\\\/#primaryimage\"},\"image\":{\"@id\":\"https:\\\/\\\/www.gardenz.fr\\\/news\\\/2025\\\/05\\\/16\\\/comment-fonctionne-le-marche-noir-du-cannabis-en-france\\\/#primaryimage\"},\"thumbnailUrl\":\"https:\\\/\\\/www.gardenz.fr\\\/news\\\/wp-content\\\/uploads\\\/2025\\\/05\\\/Comment-fonctionne-le-marche-noir-du-cannabis-en-Francesanitizesanitize-2025-05-16T114712.426Z.jpg\",\"datePublished\":\"2025-05-16T11:47:15+00:00\",\"dateModified\":\"2025-07-22T10:23:19+00:00\",\"description\":\"\ud83c\udf3f D\u00e9couvrez les rouages du march\u00e9 noir du cannabis en France : fonctionnement, acteurs et impacts sur la soci\u00e9t\u00e9.\",\"breadcrumb\":{\"@id\":\"https:\\\/\\\/www.gardenz.fr\\\/news\\\/2025\\\/05\\\/16\\\/comment-fonctionne-le-marche-noir-du-cannabis-en-france\\\/#breadcrumb\"},\"inLanguage\":\"fr-FR\",\"potentialAction\":[{\"@type\":\"ReadAction\",\"target\":[\"https:\\\/\\\/www.gardenz.fr\\\/news\\\/2025\\\/05\\\/16\\\/comment-fonctionne-le-marche-noir-du-cannabis-en-france\\\/\"]}]},{\"@type\":\"ImageObject\",\"inLanguage\":\"fr-FR\",\"@id\":\"https:\\\/\\\/www.gardenz.fr\\\/news\\\/2025\\\/05\\\/16\\\/comment-fonctionne-le-marche-noir-du-cannabis-en-france\\\/#primaryimage\",\"url\":\"https:\\\/\\\/www.gardenz.fr\\\/news\\\/wp-content\\\/uploads\\\/2025\\\/05\\\/Comment-fonctionne-le-marche-noir-du-cannabis-en-Francesanitizesanitize-2025-05-16T114712.426Z.jpg\",\"contentUrl\":\"https:\\\/\\\/www.gardenz.fr\\\/news\\\/wp-content\\\/uploads\\\/2025\\\/05\\\/Comment-fonctionne-le-marche-noir-du-cannabis-en-Francesanitizesanitize-2025-05-16T114712.426Z.jpg\",\"width\":900,\"height\":250,\"caption\":\"Comment fonctionne le march\u00e9 noir du cannabis en France\"},{\"@type\":\"BreadcrumbList\",\"@id\":\"https:\\\/\\\/www.gardenz.fr\\\/news\\\/2025\\\/05\\\/16\\\/comment-fonctionne-le-marche-noir-du-cannabis-en-france\\\/#breadcrumb\",\"itemListElement\":[{\"@type\":\"ListItem\",\"position\":1,\"name\":\"Accueil\",\"item\":\"https:\\\/\\\/www.gardenz.fr\\\/news\\\/\"},{\"@type\":\"ListItem\",\"position\":2,\"name\":\"Comment fonctionne le march\u00e9 noir du cannabis en France\"}]},{\"@type\":\"WebSite\",\"@id\":\"https:\\\/\\\/www.gardenz.fr\\\/news\\\/#website\",\"url\":\"https:\\\/\\\/www.gardenz.fr\\\/news\\\/\",\"name\":\"Le Blog de Gardenz\",\"description\":\"Best quality CBD\",\"publisher\":{\"@id\":\"https:\\\/\\\/www.gardenz.fr\\\/news\\\/#organization\"},\"potentialAction\":[{\"@type\":\"SearchAction\",\"target\":{\"@type\":\"EntryPoint\",\"urlTemplate\":\"https:\\\/\\\/www.gardenz.fr\\\/news\\\/?s={search_term_string}\"},\"query-input\":{\"@type\":\"PropertyValueSpecification\",\"valueRequired\":true,\"valueName\":\"search_term_string\"}}],\"inLanguage\":\"fr-FR\"},{\"@type\":\"Organization\",\"@id\":\"https:\\\/\\\/www.gardenz.fr\\\/news\\\/#organization\",\"name\":\"Le Blog de Gardenz\",\"url\":\"https:\\\/\\\/www.gardenz.fr\\\/news\\\/\",\"logo\":{\"@type\":\"ImageObject\",\"inLanguage\":\"fr-FR\",\"@id\":\"https:\\\/\\\/www.gardenz.fr\\\/news\\\/#\\\/schema\\\/logo\\\/image\\\/\",\"url\":\"https:\\\/\\\/www.gardenz.fr\\\/news\\\/wp-content\\\/uploads\\\/2022\\\/06\\\/logo-gardenz-feuille-blanc-final.png\",\"contentUrl\":\"https:\\\/\\\/www.gardenz.fr\\\/news\\\/wp-content\\\/uploads\\\/2022\\\/06\\\/logo-gardenz-feuille-blanc-final.png\",\"width\":459,\"height\":200,\"caption\":\"Le Blog de Gardenz\"},\"image\":{\"@id\":\"https:\\\/\\\/www.gardenz.fr\\\/news\\\/#\\\/schema\\\/logo\\\/image\\\/\"}},{\"@type\":\"Person\",\"@id\":\"https:\\\/\\\/www.gardenz.fr\\\/news\\\/#\\\/schema\\\/person\\\/4c29b13eadec7d3b7f81d3dc8253aa72\",\"name\":\"Idan Melicio\",\"image\":{\"@type\":\"ImageObject\",\"inLanguage\":\"fr-FR\",\"@id\":\"https:\\\/\\\/secure.gravatar.com\\\/avatar\\\/a4fed9bf268062e3c5884e1b9288f4a54517dd9041d8c562678849f7f1c1eb43?s=96&d=mm&r=g\",\"url\":\"https:\\\/\\\/secure.gravatar.com\\\/avatar\\\/a4fed9bf268062e3c5884e1b9288f4a54517dd9041d8c562678849f7f1c1eb43?s=96&d=mm&r=g\",\"contentUrl\":\"https:\\\/\\\/secure.gravatar.com\\\/avatar\\\/a4fed9bf268062e3c5884e1b9288f4a54517dd9041d8c562678849f7f1c1eb43?s=96&d=mm&r=g\",\"caption\":\"Idan Melicio\"},\"url\":\"https:\\\/\\\/www.gardenz.fr\\\/news\\\/author\\\/idan-milecio\\\/\"}]}<\/script>\n<!-- \/ Yoast SEO plugin. -->","yoast_head_json":{"title":"\ud83c\udf3f March\u00e9 noir du cannabis en France : comment \u00e7a marche ?","description":"\ud83c\udf3f D\u00e9couvrez les rouages du march\u00e9 noir du cannabis en France : fonctionnement, acteurs et impacts sur la soci\u00e9t\u00e9.","robots":{"index":"index","follow":"follow","max-snippet":"max-snippet:-1","max-image-preview":"max-image-preview:large","max-video-preview":"max-video-preview:-1"},"canonical":"https:\/\/www.gardenz.fr\/news\/2025\/05\/16\/comment-fonctionne-le-marche-noir-du-cannabis-en-france\/","og_locale":"fr_FR","og_type":"article","og_title":"\ud83c\udf3f March\u00e9 noir du cannabis en France : comment \u00e7a marche ?","og_description":"\ud83c\udf3f D\u00e9couvrez les rouages du march\u00e9 noir du cannabis en France : fonctionnement, acteurs et impacts sur la soci\u00e9t\u00e9.","og_url":"https:\/\/www.gardenz.fr\/news\/2025\/05\/16\/comment-fonctionne-le-marche-noir-du-cannabis-en-france\/","og_site_name":"Le Blog de Gardenz","article_published_time":"2025-05-16T11:47:15+00:00","article_modified_time":"2025-07-22T10:23:19+00:00","og_image":[{"width":900,"height":250,"url":"https:\/\/www.gardenz.fr\/news\/wp-content\/uploads\/2025\/05\/Comment-fonctionne-le-marche-noir-du-cannabis-en-Francesanitizesanitize-2025-05-16T114712.426Z.jpg","type":"image\/jpeg"}],"author":"Idan Melicio","twitter_card":"summary_large_image","twitter_misc":{"\u00c9crit par":"Idan Melicio","Dur\u00e9e de lecture estim\u00e9e":"8 minutes"},"schema":{"@context":"https:\/\/schema.org","@graph":[{"@type":"Article","@id":"https:\/\/www.gardenz.fr\/news\/2025\/05\/16\/comment-fonctionne-le-marche-noir-du-cannabis-en-france\/#article","isPartOf":{"@id":"https:\/\/www.gardenz.fr\/news\/2025\/05\/16\/comment-fonctionne-le-marche-noir-du-cannabis-en-france\/"},"author":{"name":"Idan Melicio","@id":"https:\/\/www.gardenz.fr\/news\/#\/schema\/person\/4c29b13eadec7d3b7f81d3dc8253aa72"},"headline":"Comment fonctionne le march\u00e9 noir du cannabis en France","datePublished":"2025-05-16T11:47:15+00:00","dateModified":"2025-07-22T10:23:19+00:00","mainEntityOfPage":{"@id":"https:\/\/www.gardenz.fr\/news\/2025\/05\/16\/comment-fonctionne-le-marche-noir-du-cannabis-en-france\/"},"wordCount":979,"publisher":{"@id":"https:\/\/www.gardenz.fr\/news\/#organization"},"image":{"@id":"https:\/\/www.gardenz.fr\/news\/2025\/05\/16\/comment-fonctionne-le-marche-noir-du-cannabis-en-france\/#primaryimage"},"thumbnailUrl":"https:\/\/www.gardenz.fr\/news\/wp-content\/uploads\/2025\/05\/Comment-fonctionne-le-marche-noir-du-cannabis-en-Francesanitizesanitize-2025-05-16T114712.426Z.jpg","articleSection":["GENERAL"],"inLanguage":"fr-FR"},{"@type":"WebPage","@id":"https:\/\/www.gardenz.fr\/news\/2025\/05\/16\/comment-fonctionne-le-marche-noir-du-cannabis-en-france\/","url":"https:\/\/www.gardenz.fr\/news\/2025\/05\/16\/comment-fonctionne-le-marche-noir-du-cannabis-en-france\/","name":"\ud83c\udf3f March\u00e9 noir du cannabis en France : comment \u00e7a marche ?","isPartOf":{"@id":"https:\/\/www.gardenz.fr\/news\/#website"},"primaryImageOfPage":{"@id":"https:\/\/www.gardenz.fr\/news\/2025\/05\/16\/comment-fonctionne-le-marche-noir-du-cannabis-en-france\/#primaryimage"},"image":{"@id":"https:\/\/www.gardenz.fr\/news\/2025\/05\/16\/comment-fonctionne-le-marche-noir-du-cannabis-en-france\/#primaryimage"},"thumbnailUrl":"https:\/\/www.gardenz.fr\/news\/wp-content\/uploads\/2025\/05\/Comment-fonctionne-le-marche-noir-du-cannabis-en-Francesanitizesanitize-2025-05-16T114712.426Z.jpg","datePublished":"2025-05-16T11:47:15+00:00","dateModified":"2025-07-22T10:23:19+00:00","description":"\ud83c\udf3f D\u00e9couvrez les rouages du march\u00e9 noir du cannabis en France : fonctionnement, acteurs et impacts sur la soci\u00e9t\u00e9.","breadcrumb":{"@id":"https:\/\/www.gardenz.fr\/news\/2025\/05\/16\/comment-fonctionne-le-marche-noir-du-cannabis-en-france\/#breadcrumb"},"inLanguage":"fr-FR","potentialAction":[{"@type":"ReadAction","target":["https:\/\/www.gardenz.fr\/news\/2025\/05\/16\/comment-fonctionne-le-marche-noir-du-cannabis-en-france\/"]}]},{"@type":"ImageObject","inLanguage":"fr-FR","@id":"https:\/\/www.gardenz.fr\/news\/2025\/05\/16\/comment-fonctionne-le-marche-noir-du-cannabis-en-france\/#primaryimage","url":"https:\/\/www.gardenz.fr\/news\/wp-content\/uploads\/2025\/05\/Comment-fonctionne-le-marche-noir-du-cannabis-en-Francesanitizesanitize-2025-05-16T114712.426Z.jpg","contentUrl":"https:\/\/www.gardenz.fr\/news\/wp-content\/uploads\/2025\/05\/Comment-fonctionne-le-marche-noir-du-cannabis-en-Francesanitizesanitize-2025-05-16T114712.426Z.jpg","width":900,"height":250,"caption":"Comment fonctionne le march\u00e9 noir du cannabis en France"},{"@type":"BreadcrumbList","@id":"https:\/\/www.gardenz.fr\/news\/2025\/05\/16\/comment-fonctionne-le-marche-noir-du-cannabis-en-france\/#breadcrumb","itemListElement":[{"@type":"ListItem","position":1,"name":"Accueil","item":"https:\/\/www.gardenz.fr\/news\/"},{"@type":"ListItem","position":2,"name":"Comment fonctionne le march\u00e9 noir du cannabis en France"}]},{"@type":"WebSite","@id":"https:\/\/www.gardenz.fr\/news\/#website","url":"https:\/\/www.gardenz.fr\/news\/","name":"Le Blog de Gardenz","description":"Best quality CBD","publisher":{"@id":"https:\/\/www.gardenz.fr\/news\/#organization"},"potentialAction":[{"@type":"SearchAction","target":{"@type":"EntryPoint","urlTemplate":"https:\/\/www.gardenz.fr\/news\/?s={search_term_string}"},"query-input":{"@type":"PropertyValueSpecification","valueRequired":true,"valueName":"search_term_string"}}],"inLanguage":"fr-FR"},{"@type":"Organization","@id":"https:\/\/www.gardenz.fr\/news\/#organization","name":"Le Blog de Gardenz","url":"https:\/\/www.gardenz.fr\/news\/","logo":{"@type":"ImageObject","inLanguage":"fr-FR","@id":"https:\/\/www.gardenz.fr\/news\/#\/schema\/logo\/image\/","url":"https:\/\/www.gardenz.fr\/news\/wp-content\/uploads\/2022\/06\/logo-gardenz-feuille-blanc-final.png","contentUrl":"https:\/\/www.gardenz.fr\/news\/wp-content\/uploads\/2022\/06\/logo-gardenz-feuille-blanc-final.png","width":459,"height":200,"caption":"Le Blog de Gardenz"},"image":{"@id":"https:\/\/www.gardenz.fr\/news\/#\/schema\/logo\/image\/"}},{"@type":"Person","@id":"https:\/\/www.gardenz.fr\/news\/#\/schema\/person\/4c29b13eadec7d3b7f81d3dc8253aa72","name":"Idan Melicio","image":{"@type":"ImageObject","inLanguage":"fr-FR","@id":"https:\/\/secure.gravatar.com\/avatar\/a4fed9bf268062e3c5884e1b9288f4a54517dd9041d8c562678849f7f1c1eb43?s=96&d=mm&r=g","url":"https:\/\/secure.gravatar.com\/avatar\/a4fed9bf268062e3c5884e1b9288f4a54517dd9041d8c562678849f7f1c1eb43?s=96&d=mm&r=g","contentUrl":"https:\/\/secure.gravatar.com\/avatar\/a4fed9bf268062e3c5884e1b9288f4a54517dd9041d8c562678849f7f1c1eb43?s=96&d=mm&r=g","caption":"Idan Melicio"},"url":"https:\/\/www.gardenz.fr\/news\/author\/idan-milecio\/"}]}},"_links":{"self":[{"href":"https:\/\/www.gardenz.fr\/news\/wp-json\/wp\/v2\/posts\/18332","targetHints":{"allow":["GET"]}}],"collection":[{"href":"https:\/\/www.gardenz.fr\/news\/wp-json\/wp\/v2\/posts"}],"about":[{"href":"https:\/\/www.gardenz.fr\/news\/wp-json\/wp\/v2\/types\/post"}],"author":[{"embeddable":true,"href":"https:\/\/www.gardenz.fr\/news\/wp-json\/wp\/v2\/users\/18"}],"replies":[{"embeddable":true,"href":"https:\/\/www.gardenz.fr\/news\/wp-json\/wp\/v2\/comments?post=18332"}],"version-history":[{"count":3,"href":"https:\/\/www.gardenz.fr\/news\/wp-json\/wp\/v2\/posts\/18332\/revisions"}],"predecessor-version":[{"id":18805,"href":"https:\/\/www.gardenz.fr\/news\/wp-json\/wp\/v2\/posts\/18332\/revisions\/18805"}],"wp:featuredmedia":[{"embeddable":true,"href":"https:\/\/www.gardenz.fr\/news\/wp-json\/wp\/v2\/media\/18331"}],"wp:attachment":[{"href":"https:\/\/www.gardenz.fr\/news\/wp-json\/wp\/v2\/media?parent=18332"}],"wp:term":[{"taxonomy":"category","embeddable":true,"href":"https:\/\/www.gardenz.fr\/news\/wp-json\/wp\/v2\/categories?post=18332"},{"taxonomy":"post_tag","embeddable":true,"href":"https:\/\/www.gardenz.fr\/news\/wp-json\/wp\/v2\/tags?post=18332"}],"curies":[{"name":"wp","href":"https:\/\/api.w.org\/{rel}","templated":true}]}}