{"id":18340,"date":"2025-05-17T11:20:38","date_gmt":"2025-05-17T09:20:38","guid":{"rendered":"https:\/\/www.gardenz.fr\/news\/2025\/05\/17\/coupable-mais-dispense-de-peine-un-pere-polynesien-soulage-son-fils-epileptique-avec-du-cannabis\/"},"modified":"2025-07-22T11:25:31","modified_gmt":"2025-07-22T09:25:31","slug":"coupable-mais-dispense-de-peine-un-pere-polynesien-soulage-son-fils-epileptique-avec-du-cannabis","status":"publish","type":"post","link":"https:\/\/www.gardenz.fr\/news\/2025\/05\/17\/coupable-mais-dispense-de-peine-un-pere-polynesien-soulage-son-fils-epileptique-avec-du-cannabis\/","title":{"rendered":"Coupable mais dispens\u00e9 de peine : Un p\u00e8re polyn\u00e9sien soulage son fils \u00e9pileptique avec du cannabis"},"content":{"rendered":"\t\t<div data-elementor-type=\"wp-post\" data-elementor-id=\"18340\" class=\"elementor elementor-18340\">\n\t\t\t\t\t\t<section class=\"elementor-section elementor-top-section elementor-element elementor-element-69c8d4e2 elementor-section-boxed elementor-section-height-default elementor-section-height-default\" data-id=\"69c8d4e2\" data-element_type=\"section\" data-e-type=\"section\">\n\t\t\t\t\t\t<div class=\"elementor-container elementor-column-gap-default\">\n\t\t\t\t\t<div class=\"elementor-column elementor-col-100 elementor-top-column elementor-element elementor-element-61221c8\" data-id=\"61221c8\" data-element_type=\"column\" data-e-type=\"column\">\n\t\t\t<div class=\"elementor-widget-wrap elementor-element-populated\">\n\t\t\t\t\t\t<div class=\"elementor-element elementor-element-1c441764 elementor-widget elementor-widget-text-editor\" data-id=\"1c441764\" data-element_type=\"widget\" data-e-type=\"widget\" data-widget_type=\"text-editor.default\">\n\t\t\t\t<div class=\"elementor-widget-container\">\n\t\t\t\t\t\t\t\t\t<div style=\"margin-left: 10%; margin-right: 10%;\">\n<h2>Un t\u00e9moignage bouleversant qui relance le d\u00e9bat \ud83d\udca5<\/h2>\nImagine-toi dans la peau d\u2019un p\u00e8re pr\u00eat \u00e0 tout pour soulager les souffrances de son enfant. C\u2019est exactement ce qu\u2019a fait Ariimatatini Vairaaroa, un habitant de Polyn\u00e9sie fran\u00e7aise, dont le fils de 14 ans souffre \u00e0 la fois d\u2019autisme et d\u2019\u00e9pilepsie. Frustr\u00e9 par l\u2019inefficacit\u00e9 des traitements conventionnels et l\u2019absence d\u2019alternatives locales l\u00e9gales, il a d\u00e9cid\u00e9 de cultiver du <a href=\"https:\/\/www.gardenz.fr\/310--delta-9-thc\">cannabis<\/a> \u00e0 des fins strictement m\u00e9dicinales, pour extraire une huile th\u00e9rapeutique artisanale. Une d\u00e9cision lourde de cons\u00e9quences, mais dict\u00e9e par l\u2019amour d\u2019un p\u00e8re et le d\u00e9sespoir de voir son enfant en crise \ud83d\udc94\n<h2>Un choix ill\u00e9gal mais motiv\u00e9 par l\u2019instinct parental \u2696\ufe0f<\/h2>\nCe qui rend cette affaire aussi \u00e9mouvante que complexe, c\u2019est qu\u2019elle ne met pas en lumi\u00e8re un trafic de drogue, mais un acte d\u2019humanit\u00e9. Ariimatatini n\u2019est pas un dealer mais un soignant improvis\u00e9, contraint de contourner la loi pour r\u00e9pondre aux besoins m\u00e9dicaux de son propre fils. L\u00e9galement, son geste est consid\u00e9r\u00e9 comme un usage ill\u00e9gal de stup\u00e9fiants \u2013 et qui plus est, en r\u00e9cidive. Mais moralement, de nombreux citoyens et professionnels de sant\u00e9 s\u2019accordent \u00e0 dire qu\u2019il s\u2019agit l\u00e0 d\u2019un acte d\u2019amour et d\u2019une tentative de soin qu\u2019aucune l\u00e9gislation ne devrait criminaliser \u2764\ufe0f\n<h2>Une justice plus humaine que punitive \ud83e\uddd1\u200d\u2696\ufe0f<\/h2>\nHeureusement, la Cour d\u2019appel de Papeete a su prendre en compte le contexte tr\u00e8s particulier de cette affaire. Si le verdict a confirm\u00e9 la culpabilit\u00e9 d\u2019Ariimatatini pour culture de cannabis et usage r\u00e9p\u00e9titif, elle l\u2019a \u00e9galement dispens\u00e9 de toute peine. Une d\u00e9cision rare mais symbolique, rendue le 15 mai 2025, qui envoie un message fort : derri\u00e8re les affaires de stup\u00e9fiants, il existe parfois des r\u00e9alit\u00e9s familiales et m\u00e9dicales que la justice ne peut ignorer \ud83d\udd4a\ufe0f\n<h2>Le cannabis m\u00e9dical toujours hors d\u2019acc\u00e8s en Polyn\u00e9sie \ud83c\udf34<\/h2>\nLe plus saisissant dans cette affaire reste qu\u2019en 2025, il demeure quasiment impossible pour les patients polyn\u00e9siens d\u2019acc\u00e9der l\u00e9galement \u00e0 du cannabis m\u00e9dical. Alors m\u00eame que la France m\u00e9tropolitaine exp\u00e9rimente depuis plusieurs ann\u00e9es des traitements \u00e0 base de cannabis pour de nombreuses pathologies, dont l\u2019\u00e9pilepsie, la Polyn\u00e9sie n\u2019a pas encore mis en place un cadre r\u00e9glement\u00e9. R\u00e9sultat ? Les familles sont livr\u00e9es \u00e0 elles-m\u00eames, parfois forc\u00e9es d\u2019enfreindre la loi, au p\u00e9ril de leur s\u00e9curit\u00e9 juridique \ud83d\ude13\n<h2>Une d\u00e9cision qui pourrait changer la donne \ud83d\udd04<\/h2>\nL\u2019affaire Vairaaroa pourrait bien devenir une affaire embl\u00e9matique. En all\u00e9geant la sentence d\u2019un homme coupable de culture de cannabis, la justice polyn\u00e9sienne a reconnu implicitement le dilemme moral auquel il \u00e9tait confront\u00e9. Les r\u00e9actions ne se sont pas fait attendre : avocats, militants, m\u00e9decins mais aussi familles concern\u00e9es par des pathologies similaires appellent d\u00e9sormais \u00e0 une r\u00e9forme, claire et humaine, pour l\u00e9galiser l\u2019usage th\u00e9rapeutique du cannabis dans les territoires d\u2019Outre-mer \ud83d\ude4c\n<h2>Des t\u00e9moignages de parents au bord du gouffre \ud83d\udde3\ufe0f<\/h2>\nBeaucoup de parents polyn\u00e9siens se sont reconnus dans l\u2019histoire d\u2019Ariimatatini. Certains racontent comment ils regardent leur enfant subir des crises violentes, sans autre solution que des cocktails de m\u00e9dicaments inefficaces voire nocifs. D\u2019autres avouent avoir pens\u00e9 \u00e0 franchir le pas, eux aussi, pour concocter des traitements \u00e0 base de cannabis sous le manteau. Le besoin est criant, et le silence des institutions de plus en plus insupportable \ud83d\ude20\n<h2>Le cannabis, un espoir pour l\u2019\u00e9pilepsie ? \ud83d\udd2c<\/h2>\nDe nombreuses \u00e9tudes scientifiques internationales montrent que certaines formes d\u2019\u00e9pilepsie r\u00e9fractaire r\u00e9pondent positivement au cannabidiol (CBD), un composant non psychoactif du cannabis. Dans des dizaines de pays, ces traitements sont d\u00e9j\u00e0 autoris\u00e9s. Les huiles extraites \u00e0 base de cannabis peuvent parfois r\u00e9duire la fr\u00e9quence des crises, am\u00e9liorer la qualit\u00e9 de vie, et offrir de l\u2019espoir l\u00e0 o\u00f9 la m\u00e9decine standard \u00e9choue. Alors, pourquoi refuser ce droit \u00e0 des enfants polyn\u00e9siens souffrant des m\u00eames troubles ? \ud83e\udd37\u200d\u2642\ufe0f\n<h2>Une responsabilit\u00e9 politique \u00e0 ne plus fuir \ud83d\udea8<\/h2>\nL&rsquo;heure n\u2019est plus \u00e0 l\u2019ignorance. Les \u00e9lus polyn\u00e9siens doivent d\u00e9sormais se pencher s\u00e9rieusement sur le sujet du cannabis th\u00e9rapeutique. Il ne s\u2019agit pas ici de promouvoir un usage r\u00e9cr\u00e9atif, mais bien de donner une chance \u00e0 ceux pour qui cela peut faire la diff\u00e9rence entre une vie d\u2019angoisse et un quotidien plus serein. R\u00e9guler le cannabis m\u00e9dical permettrait aussi d\u2019\u00e9viter les d\u00e9rives, en encadrant la qualit\u00e9 des produits, les recommandations m\u00e9dicales et les doses administr\u00e9es \ud83c\udfaf\n<h2>Pour une r\u00e9forme adapt\u00e9e aux r\u00e9alit\u00e9s locales \ud83c\udf3a<\/h2>\nAdopter le mod\u00e8le fran\u00e7ais ou une l\u00e9gislation europ\u00e9enne \u00e0 l\u2019identique serait une erreur. La Polyn\u00e9sie poss\u00e8de ses propres enjeux, sa culture, ses ressources locales et ses priorit\u00e9s de sant\u00e9 publique. La r\u00e9forme doit donc \u00eatre pens\u00e9e localement, avec les acteurs de terrain : les familles, les m\u00e9decins, les associations de patients et les autorit\u00e9s sanitaires. Ensemble, ils peuvent b\u00e2tir un syst\u00e8me de sant\u00e9 plus inclusif, respectueux, et au service du bien-\u00eatre r\u00e9el des personnes malades \u2705\n<h2>Un pr\u00e9c\u00e9dent porteur d\u2019espoir \ud83d\udc9a<\/h2>\nLa dispense de peine accord\u00e9e \u00e0 Ariimatatini Vairaaroa ne doit pas \u00eatre une exception. Elle doit \u00eatre le point de d\u00e9part d\u2019un mouvement plus large pour l\u2019acc\u00e8s au cannabis m\u00e9dical en Polyn\u00e9sie fran\u00e7aise. Tant que des enfants comme le sien continueront \u00e0 souffrir inutilement, tant que des parents seront forc\u00e9s de devenir d\u00e9linquants pour les soulager, la soci\u00e9t\u00e9 manquera \u00e0 son devoir d\u2019humanit\u00e9. Le courage de cet homme, soutenu par la bienveillance d\u2019un tribunal, montre qu\u2019un autre avenir est possible. \u00c0 chaque obstacle, il existe une solution \u2013 encore faut-il que la loi sache ouvrir les yeux \ud83e\udde0 <a href=\"https:\/\/gardenz.fr\/news\">Tu veux continuer ta lecture ? D\u00e9couvre d&rsquo;autres articles en cliquant ici.<\/a><\/div>\n\n<div class=\"wp-block-group is-layout-constrained wp-block-group-is-layout-constrained\">\n<div class=\"wp-block-columns is-layout-flex wp-container-core-columns-is-layout-28f84493 wp-block-columns-is-layout-flex\">\n<div class=\"wp-block-column is-layout-flow wp-block-column-is-layout-flow\" style=\"flex-basis:20%\">\n<figure class=\"wp-block-image size-full\"><a href=\"https:\/\/www.gardenz.fr\/3-fleur-de-chanvre-cbd\"><img fetchpriority=\"high\" decoding=\"async\" width=\"424\" height=\"600\" src=\"https:\/\/www.gardenz.fr\/news\/wp-content\/uploads\/2025\/03\/FLEUR-DE-CHANVRE-CBD.webp\" alt=\"FLEUR-DE-CHANVRE-CBD\" class=\"wp-image-17519\" srcset=\"https:\/\/www.gardenz.fr\/news\/wp-content\/uploads\/2025\/03\/FLEUR-DE-CHANVRE-CBD.webp 424w, https:\/\/www.gardenz.fr\/news\/wp-content\/uploads\/2025\/03\/FLEUR-DE-CHANVRE-CBD-212x300.webp 212w\" sizes=\"(max-width: 424px) 100vw, 424px\" \/><\/a><\/figure>\n<\/div>\n\n\n\n<div class=\"wp-block-column is-layout-flow wp-block-column-is-layout-flow\" style=\"flex-basis:20%\">\n<figure class=\"wp-block-image size-full\"><a href=\"https:\/\/www.gardenz.fr\/6--resine-cbd\"><img decoding=\"async\" width=\"424\" height=\"600\" src=\"https:\/\/www.gardenz.fr\/news\/wp-content\/uploads\/2025\/03\/RESINE-CBD.webp\" alt=\"R\u00c9SINE-CBD\" class=\"wp-image-17515\" srcset=\"https:\/\/www.gardenz.fr\/news\/wp-content\/uploads\/2025\/03\/RESINE-CBD.webp 424w, https:\/\/www.gardenz.fr\/news\/wp-content\/uploads\/2025\/03\/RESINE-CBD-212x300.webp 212w\" sizes=\"(max-width: 424px) 100vw, 424px\" \/><\/a><\/figure>\n<\/div>\n\n\n\n<div class=\"wp-block-column is-layout-flow wp-block-column-is-layout-flow\" style=\"flex-basis:20%\">\n<figure class=\"wp-block-image size-full\"><a href=\"https:\/\/www.gardenz.fr\/511--weed-psycho\"><img decoding=\"async\" width=\"424\" height=\"600\" src=\"https:\/\/www.gardenz.fr\/news\/wp-content\/uploads\/2025\/03\/PSYCHOACTIFS.webp\" alt=\"PSYCHOACTIFS\" class=\"wp-image-17517\" srcset=\"https:\/\/www.gardenz.fr\/news\/wp-content\/uploads\/2025\/03\/PSYCHOACTIFS.webp 424w, https:\/\/www.gardenz.fr\/news\/wp-content\/uploads\/2025\/03\/PSYCHOACTIFS-212x300.webp 212w\" sizes=\"(max-width: 424px) 100vw, 424px\" \/><\/a><\/figure>\n<\/div>\n\n\n\n<div class=\"wp-block-column is-layout-flow wp-block-column-is-layout-flow\" style=\"flex-basis:20%\">\n<figure class=\"wp-block-image size-full\"><a href=\"https:\/\/www.gardenz.fr\/562--accessoires-weed\"><img loading=\"lazy\" decoding=\"async\" width=\"424\" height=\"600\" src=\"https:\/\/www.gardenz.fr\/news\/wp-content\/uploads\/2025\/03\/ACCESSOIRED.webp\" alt=\"\" class=\"wp-image-17520\" srcset=\"https:\/\/www.gardenz.fr\/news\/wp-content\/uploads\/2025\/03\/ACCESSOIRED.webp 424w, https:\/\/www.gardenz.fr\/news\/wp-content\/uploads\/2025\/03\/ACCESSOIRED-212x300.webp 212w\" sizes=\"(max-width: 424px) 100vw, 424px\" \/><\/a><\/figure>\n<\/div>\n\n\n\n<div class=\"wp-block-column is-layout-flow wp-block-column-is-layout-flow\" style=\"flex-basis:20%\">\n<figure class=\"wp-block-image size-full\"><a href=\"https:\/\/www.gardenz.fr\/284--vaporisateur-weed\"><img loading=\"lazy\" decoding=\"async\" width=\"424\" height=\"600\" src=\"https:\/\/www.gardenz.fr\/news\/wp-content\/uploads\/2025\/03\/VAPORISATEUR-WEED.webp\" alt=\"VAPORISATEUR-WEED\" class=\"wp-image-17514\" srcset=\"https:\/\/www.gardenz.fr\/news\/wp-content\/uploads\/2025\/03\/VAPORISATEUR-WEED.webp 424w, https:\/\/www.gardenz.fr\/news\/wp-content\/uploads\/2025\/03\/VAPORISATEUR-WEED-212x300.webp 212w\" sizes=\"(max-width: 424px) 100vw, 424px\" \/><\/a><\/figure>\n<\/div>\n<\/div>\n<\/div>\n\t\t\t\t\t\t\t\t<\/div>\n\t\t\t\t<\/div>\n\t\t\t\t\t<\/div>\n\t\t<\/div>\n\t\t\t\t\t<\/div>\n\t\t<\/section>\n\t\t\t\t<\/div>\n\t\t","protected":false},"excerpt":{"rendered":"<p>Un t\u00e9moignage bouleversant qui relance le d\u00e9bat \ud83d\udca5 Imagine-toi dans la peau d\u2019un p\u00e8re pr\u00eat \u00e0 tout pour soulager les souffrances de son enfant. C\u2019est exactement ce qu\u2019a fait Ariimatatini Vairaaroa, un habitant de Polyn\u00e9sie fran\u00e7aise, dont le fils de 14 ans souffre \u00e0 la fois d\u2019autisme et d\u2019\u00e9pilepsie. Frustr\u00e9 par l\u2019inefficacit\u00e9 des traitements conventionnels [&hellip;]<\/p>\n","protected":false},"author":18,"featured_media":18339,"comment_status":"closed","ping_status":"","sticky":false,"template":"","format":"standard","meta":{"site-sidebar-layout":"default","site-content-layout":"","ast-site-content-layout":"default","site-content-style":"default","site-sidebar-style":"default","ast-global-header-display":"","ast-banner-title-visibility":"","ast-main-header-display":"","ast-hfb-above-header-display":"","ast-hfb-below-header-display":"","ast-hfb-mobile-header-display":"","site-post-title":"","ast-breadcrumbs-content":"","ast-featured-img":"","footer-sml-layout":"","ast-disable-related-posts":"","theme-transparent-header-meta":"","adv-header-id-meta":"","stick-header-meta":"","header-above-stick-meta":"","header-main-stick-meta":"","header-below-stick-meta":"","astra-migrate-meta-layouts":"default","ast-page-background-enabled":"default","ast-page-background-meta":{"desktop":{"background-color":"var(--ast-global-color-4)","background-image":"","background-repeat":"repeat","background-position":"center center","background-size":"auto","background-attachment":"scroll","background-type":"","background-media":"","overlay-type":"","overlay-color":"","overlay-opacity":"","overlay-gradient":""},"tablet":{"background-color":"","background-image":"","background-repeat":"repeat","background-position":"center center","background-size":"auto","background-attachment":"scroll","background-type":"","background-media":"","overlay-type":"","overlay-color":"","overlay-opacity":"","overlay-gradient":""},"mobile":{"background-color":"","background-image":"","background-repeat":"repeat","background-position":"center center","background-size":"auto","background-attachment":"scroll","background-type":"","background-media":"","overlay-type":"","overlay-color":"","overlay-opacity":"","overlay-gradient":""}},"ast-content-background-meta":{"desktop":{"background-color":"var(--ast-global-color-5)","background-image":"","background-repeat":"repeat","background-position":"center center","background-size":"auto","background-attachment":"scroll","background-type":"","background-media":"","overlay-type":"","overlay-color":"","overlay-opacity":"","overlay-gradient":""},"tablet":{"background-color":"var(--ast-global-color-5)","background-image":"","background-repeat":"repeat","background-position":"center center","background-size":"auto","background-attachment":"scroll","background-type":"","background-media":"","overlay-type":"","overlay-color":"","overlay-opacity":"","overlay-gradient":""},"mobile":{"background-color":"var(--ast-global-color-5)","background-image":"","background-repeat":"repeat","background-position":"center center","background-size":"auto","background-attachment":"scroll","background-type":"","background-media":"","overlay-type":"","overlay-color":"","overlay-opacity":"","overlay-gradient":""}},"footnotes":""},"categories":[1],"tags":[],"class_list":["post-18340","post","type-post","status-publish","format-standard","has-post-thumbnail","hentry","category-non-classe"],"yoast_head":"<!-- This site is optimized with the Yoast SEO plugin v27.5 - https:\/\/yoast.com\/product\/yoast-seo-wordpress\/ -->\n<title>\ud83c\udf3fCoupable mais dispens\u00e9 de peine : Un p\u00e8re polyn\u00e9sien soulage son fils \u00e9pileptique avec du cannabis<\/title>\n<meta name=\"description\" content=\"\ud83c\udf3f Un p\u00e8re polyn\u00e9sien soulage son fils \u00e9pileptique avec du cannabis. La justice lui accorde une dispense de peine.\" \/>\n<meta name=\"robots\" content=\"index, follow, max-snippet:-1, max-image-preview:large, max-video-preview:-1\" \/>\n<link rel=\"canonical\" href=\"https:\/\/www.gardenz.fr\/news\/2025\/05\/17\/coupable-mais-dispense-de-peine-un-pere-polynesien-soulage-son-fils-epileptique-avec-du-cannabis\/\" \/>\n<meta property=\"og:locale\" content=\"fr_FR\" \/>\n<meta property=\"og:type\" content=\"article\" \/>\n<meta property=\"og:title\" content=\"\ud83c\udf3fCoupable mais dispens\u00e9 de peine : Un p\u00e8re polyn\u00e9sien soulage son fils \u00e9pileptique avec du cannabis\" \/>\n<meta property=\"og:description\" content=\"\ud83c\udf3f Un p\u00e8re polyn\u00e9sien soulage son fils \u00e9pileptique avec du cannabis. La justice lui accorde une dispense de peine.\" \/>\n<meta property=\"og:url\" content=\"https:\/\/www.gardenz.fr\/news\/2025\/05\/17\/coupable-mais-dispense-de-peine-un-pere-polynesien-soulage-son-fils-epileptique-avec-du-cannabis\/\" \/>\n<meta property=\"og:site_name\" content=\"Le Blog de Gardenz\" \/>\n<meta property=\"article:published_time\" content=\"2025-05-17T09:20:38+00:00\" \/>\n<meta property=\"article:modified_time\" content=\"2025-07-22T09:25:31+00:00\" \/>\n<meta property=\"og:image\" content=\"https:\/\/www.gardenz.fr\/news\/wp-content\/uploads\/2025\/05\/Coupable-mais-dispense-de-peine-Un-pere-polynesien-soulage-son-fils-epileptique-avec-du-cannabissanitize-2025-05-17T092036.820Z.jpg\" \/>\n\t<meta property=\"og:image:width\" content=\"900\" \/>\n\t<meta property=\"og:image:height\" content=\"250\" \/>\n\t<meta property=\"og:image:type\" content=\"image\/jpeg\" \/>\n<meta name=\"author\" content=\"Idan Melicio\" \/>\n<meta name=\"twitter:card\" content=\"summary_large_image\" \/>\n<meta name=\"twitter:label1\" content=\"\u00c9crit par\" \/>\n\t<meta name=\"twitter:data1\" content=\"Idan Melicio\" \/>\n\t<meta name=\"twitter:label2\" content=\"Dur\u00e9e de lecture estim\u00e9e\" \/>\n\t<meta name=\"twitter:data2\" content=\"9 minutes\" \/>\n<script type=\"application\/ld+json\" class=\"yoast-schema-graph\">{\"@context\":\"https:\\\/\\\/schema.org\",\"@graph\":[{\"@type\":\"Article\",\"@id\":\"https:\\\/\\\/www.gardenz.fr\\\/news\\\/2025\\\/05\\\/17\\\/coupable-mais-dispense-de-peine-un-pere-polynesien-soulage-son-fils-epileptique-avec-du-cannabis\\\/#article\",\"isPartOf\":{\"@id\":\"https:\\\/\\\/www.gardenz.fr\\\/news\\\/2025\\\/05\\\/17\\\/coupable-mais-dispense-de-peine-un-pere-polynesien-soulage-son-fils-epileptique-avec-du-cannabis\\\/\"},\"author\":{\"name\":\"Idan Melicio\",\"@id\":\"https:\\\/\\\/www.gardenz.fr\\\/news\\\/#\\\/schema\\\/person\\\/4c29b13eadec7d3b7f81d3dc8253aa72\"},\"headline\":\"Coupable mais dispens\u00e9 de peine : Un p\u00e8re polyn\u00e9sien soulage son fils \u00e9pileptique avec du cannabis\",\"datePublished\":\"2025-05-17T09:20:38+00:00\",\"dateModified\":\"2025-07-22T09:25:31+00:00\",\"mainEntityOfPage\":{\"@id\":\"https:\\\/\\\/www.gardenz.fr\\\/news\\\/2025\\\/05\\\/17\\\/coupable-mais-dispense-de-peine-un-pere-polynesien-soulage-son-fils-epileptique-avec-du-cannabis\\\/\"},\"wordCount\":1032,\"publisher\":{\"@id\":\"https:\\\/\\\/www.gardenz.fr\\\/news\\\/#organization\"},\"image\":{\"@id\":\"https:\\\/\\\/www.gardenz.fr\\\/news\\\/2025\\\/05\\\/17\\\/coupable-mais-dispense-de-peine-un-pere-polynesien-soulage-son-fils-epileptique-avec-du-cannabis\\\/#primaryimage\"},\"thumbnailUrl\":\"https:\\\/\\\/www.gardenz.fr\\\/news\\\/wp-content\\\/uploads\\\/2025\\\/05\\\/Coupable-mais-dispense-de-peine-Un-pere-polynesien-soulage-son-fils-epileptique-avec-du-cannabissanitize-2025-05-17T092036.820Z.jpg\",\"articleSection\":[\"GENERAL\"],\"inLanguage\":\"fr-FR\"},{\"@type\":\"WebPage\",\"@id\":\"https:\\\/\\\/www.gardenz.fr\\\/news\\\/2025\\\/05\\\/17\\\/coupable-mais-dispense-de-peine-un-pere-polynesien-soulage-son-fils-epileptique-avec-du-cannabis\\\/\",\"url\":\"https:\\\/\\\/www.gardenz.fr\\\/news\\\/2025\\\/05\\\/17\\\/coupable-mais-dispense-de-peine-un-pere-polynesien-soulage-son-fils-epileptique-avec-du-cannabis\\\/\",\"name\":\"\ud83c\udf3fCoupable mais dispens\u00e9 de peine : Un p\u00e8re polyn\u00e9sien soulage son fils \u00e9pileptique avec du cannabis\",\"isPartOf\":{\"@id\":\"https:\\\/\\\/www.gardenz.fr\\\/news\\\/#website\"},\"primaryImageOfPage\":{\"@id\":\"https:\\\/\\\/www.gardenz.fr\\\/news\\\/2025\\\/05\\\/17\\\/coupable-mais-dispense-de-peine-un-pere-polynesien-soulage-son-fils-epileptique-avec-du-cannabis\\\/#primaryimage\"},\"image\":{\"@id\":\"https:\\\/\\\/www.gardenz.fr\\\/news\\\/2025\\\/05\\\/17\\\/coupable-mais-dispense-de-peine-un-pere-polynesien-soulage-son-fils-epileptique-avec-du-cannabis\\\/#primaryimage\"},\"thumbnailUrl\":\"https:\\\/\\\/www.gardenz.fr\\\/news\\\/wp-content\\\/uploads\\\/2025\\\/05\\\/Coupable-mais-dispense-de-peine-Un-pere-polynesien-soulage-son-fils-epileptique-avec-du-cannabissanitize-2025-05-17T092036.820Z.jpg\",\"datePublished\":\"2025-05-17T09:20:38+00:00\",\"dateModified\":\"2025-07-22T09:25:31+00:00\",\"description\":\"\ud83c\udf3f Un p\u00e8re polyn\u00e9sien soulage son fils \u00e9pileptique avec du cannabis. La justice lui accorde une dispense de peine.\",\"breadcrumb\":{\"@id\":\"https:\\\/\\\/www.gardenz.fr\\\/news\\\/2025\\\/05\\\/17\\\/coupable-mais-dispense-de-peine-un-pere-polynesien-soulage-son-fils-epileptique-avec-du-cannabis\\\/#breadcrumb\"},\"inLanguage\":\"fr-FR\",\"potentialAction\":[{\"@type\":\"ReadAction\",\"target\":[\"https:\\\/\\\/www.gardenz.fr\\\/news\\\/2025\\\/05\\\/17\\\/coupable-mais-dispense-de-peine-un-pere-polynesien-soulage-son-fils-epileptique-avec-du-cannabis\\\/\"]}]},{\"@type\":\"ImageObject\",\"inLanguage\":\"fr-FR\",\"@id\":\"https:\\\/\\\/www.gardenz.fr\\\/news\\\/2025\\\/05\\\/17\\\/coupable-mais-dispense-de-peine-un-pere-polynesien-soulage-son-fils-epileptique-avec-du-cannabis\\\/#primaryimage\",\"url\":\"https:\\\/\\\/www.gardenz.fr\\\/news\\\/wp-content\\\/uploads\\\/2025\\\/05\\\/Coupable-mais-dispense-de-peine-Un-pere-polynesien-soulage-son-fils-epileptique-avec-du-cannabissanitize-2025-05-17T092036.820Z.jpg\",\"contentUrl\":\"https:\\\/\\\/www.gardenz.fr\\\/news\\\/wp-content\\\/uploads\\\/2025\\\/05\\\/Coupable-mais-dispense-de-peine-Un-pere-polynesien-soulage-son-fils-epileptique-avec-du-cannabissanitize-2025-05-17T092036.820Z.jpg\",\"width\":900,\"height\":250,\"caption\":\"Coupable mais dispens\u00e9 de peine : Un p\u00e8re polyn\u00e9sien soulage son fils \u00e9pileptique avec du cannabis\"},{\"@type\":\"BreadcrumbList\",\"@id\":\"https:\\\/\\\/www.gardenz.fr\\\/news\\\/2025\\\/05\\\/17\\\/coupable-mais-dispense-de-peine-un-pere-polynesien-soulage-son-fils-epileptique-avec-du-cannabis\\\/#breadcrumb\",\"itemListElement\":[{\"@type\":\"ListItem\",\"position\":1,\"name\":\"Accueil\",\"item\":\"https:\\\/\\\/www.gardenz.fr\\\/news\\\/\"},{\"@type\":\"ListItem\",\"position\":2,\"name\":\"Coupable mais dispens\u00e9 de peine : Un p\u00e8re polyn\u00e9sien soulage son fils \u00e9pileptique avec du cannabis\"}]},{\"@type\":\"WebSite\",\"@id\":\"https:\\\/\\\/www.gardenz.fr\\\/news\\\/#website\",\"url\":\"https:\\\/\\\/www.gardenz.fr\\\/news\\\/\",\"name\":\"Le Blog de Gardenz\",\"description\":\"Best quality CBD\",\"publisher\":{\"@id\":\"https:\\\/\\\/www.gardenz.fr\\\/news\\\/#organization\"},\"potentialAction\":[{\"@type\":\"SearchAction\",\"target\":{\"@type\":\"EntryPoint\",\"urlTemplate\":\"https:\\\/\\\/www.gardenz.fr\\\/news\\\/?s={search_term_string}\"},\"query-input\":{\"@type\":\"PropertyValueSpecification\",\"valueRequired\":true,\"valueName\":\"search_term_string\"}}],\"inLanguage\":\"fr-FR\"},{\"@type\":\"Organization\",\"@id\":\"https:\\\/\\\/www.gardenz.fr\\\/news\\\/#organization\",\"name\":\"Le Blog de Gardenz\",\"url\":\"https:\\\/\\\/www.gardenz.fr\\\/news\\\/\",\"logo\":{\"@type\":\"ImageObject\",\"inLanguage\":\"fr-FR\",\"@id\":\"https:\\\/\\\/www.gardenz.fr\\\/news\\\/#\\\/schema\\\/logo\\\/image\\\/\",\"url\":\"https:\\\/\\\/www.gardenz.fr\\\/news\\\/wp-content\\\/uploads\\\/2022\\\/06\\\/logo-gardenz-feuille-blanc-final.png\",\"contentUrl\":\"https:\\\/\\\/www.gardenz.fr\\\/news\\\/wp-content\\\/uploads\\\/2022\\\/06\\\/logo-gardenz-feuille-blanc-final.png\",\"width\":459,\"height\":200,\"caption\":\"Le Blog de Gardenz\"},\"image\":{\"@id\":\"https:\\\/\\\/www.gardenz.fr\\\/news\\\/#\\\/schema\\\/logo\\\/image\\\/\"}},{\"@type\":\"Person\",\"@id\":\"https:\\\/\\\/www.gardenz.fr\\\/news\\\/#\\\/schema\\\/person\\\/4c29b13eadec7d3b7f81d3dc8253aa72\",\"name\":\"Idan Melicio\",\"image\":{\"@type\":\"ImageObject\",\"inLanguage\":\"fr-FR\",\"@id\":\"https:\\\/\\\/secure.gravatar.com\\\/avatar\\\/a4fed9bf268062e3c5884e1b9288f4a54517dd9041d8c562678849f7f1c1eb43?s=96&d=mm&r=g\",\"url\":\"https:\\\/\\\/secure.gravatar.com\\\/avatar\\\/a4fed9bf268062e3c5884e1b9288f4a54517dd9041d8c562678849f7f1c1eb43?s=96&d=mm&r=g\",\"contentUrl\":\"https:\\\/\\\/secure.gravatar.com\\\/avatar\\\/a4fed9bf268062e3c5884e1b9288f4a54517dd9041d8c562678849f7f1c1eb43?s=96&d=mm&r=g\",\"caption\":\"Idan Melicio\"},\"url\":\"https:\\\/\\\/www.gardenz.fr\\\/news\\\/author\\\/idan-milecio\\\/\"}]}<\/script>\n<!-- \/ Yoast SEO plugin. -->","yoast_head_json":{"title":"\ud83c\udf3fCoupable mais dispens\u00e9 de peine : Un p\u00e8re polyn\u00e9sien soulage son fils \u00e9pileptique avec du cannabis","description":"\ud83c\udf3f Un p\u00e8re polyn\u00e9sien soulage son fils \u00e9pileptique avec du cannabis. La justice lui accorde une dispense de peine.","robots":{"index":"index","follow":"follow","max-snippet":"max-snippet:-1","max-image-preview":"max-image-preview:large","max-video-preview":"max-video-preview:-1"},"canonical":"https:\/\/www.gardenz.fr\/news\/2025\/05\/17\/coupable-mais-dispense-de-peine-un-pere-polynesien-soulage-son-fils-epileptique-avec-du-cannabis\/","og_locale":"fr_FR","og_type":"article","og_title":"\ud83c\udf3fCoupable mais dispens\u00e9 de peine : Un p\u00e8re polyn\u00e9sien soulage son fils \u00e9pileptique avec du cannabis","og_description":"\ud83c\udf3f Un p\u00e8re polyn\u00e9sien soulage son fils \u00e9pileptique avec du cannabis. La justice lui accorde une dispense de peine.","og_url":"https:\/\/www.gardenz.fr\/news\/2025\/05\/17\/coupable-mais-dispense-de-peine-un-pere-polynesien-soulage-son-fils-epileptique-avec-du-cannabis\/","og_site_name":"Le Blog de Gardenz","article_published_time":"2025-05-17T09:20:38+00:00","article_modified_time":"2025-07-22T09:25:31+00:00","og_image":[{"width":900,"height":250,"url":"https:\/\/www.gardenz.fr\/news\/wp-content\/uploads\/2025\/05\/Coupable-mais-dispense-de-peine-Un-pere-polynesien-soulage-son-fils-epileptique-avec-du-cannabissanitize-2025-05-17T092036.820Z.jpg","type":"image\/jpeg"}],"author":"Idan Melicio","twitter_card":"summary_large_image","twitter_misc":{"\u00c9crit par":"Idan Melicio","Dur\u00e9e de lecture estim\u00e9e":"9 minutes"},"schema":{"@context":"https:\/\/schema.org","@graph":[{"@type":"Article","@id":"https:\/\/www.gardenz.fr\/news\/2025\/05\/17\/coupable-mais-dispense-de-peine-un-pere-polynesien-soulage-son-fils-epileptique-avec-du-cannabis\/#article","isPartOf":{"@id":"https:\/\/www.gardenz.fr\/news\/2025\/05\/17\/coupable-mais-dispense-de-peine-un-pere-polynesien-soulage-son-fils-epileptique-avec-du-cannabis\/"},"author":{"name":"Idan Melicio","@id":"https:\/\/www.gardenz.fr\/news\/#\/schema\/person\/4c29b13eadec7d3b7f81d3dc8253aa72"},"headline":"Coupable mais dispens\u00e9 de peine : Un p\u00e8re polyn\u00e9sien soulage son fils \u00e9pileptique avec du cannabis","datePublished":"2025-05-17T09:20:38+00:00","dateModified":"2025-07-22T09:25:31+00:00","mainEntityOfPage":{"@id":"https:\/\/www.gardenz.fr\/news\/2025\/05\/17\/coupable-mais-dispense-de-peine-un-pere-polynesien-soulage-son-fils-epileptique-avec-du-cannabis\/"},"wordCount":1032,"publisher":{"@id":"https:\/\/www.gardenz.fr\/news\/#organization"},"image":{"@id":"https:\/\/www.gardenz.fr\/news\/2025\/05\/17\/coupable-mais-dispense-de-peine-un-pere-polynesien-soulage-son-fils-epileptique-avec-du-cannabis\/#primaryimage"},"thumbnailUrl":"https:\/\/www.gardenz.fr\/news\/wp-content\/uploads\/2025\/05\/Coupable-mais-dispense-de-peine-Un-pere-polynesien-soulage-son-fils-epileptique-avec-du-cannabissanitize-2025-05-17T092036.820Z.jpg","articleSection":["GENERAL"],"inLanguage":"fr-FR"},{"@type":"WebPage","@id":"https:\/\/www.gardenz.fr\/news\/2025\/05\/17\/coupable-mais-dispense-de-peine-un-pere-polynesien-soulage-son-fils-epileptique-avec-du-cannabis\/","url":"https:\/\/www.gardenz.fr\/news\/2025\/05\/17\/coupable-mais-dispense-de-peine-un-pere-polynesien-soulage-son-fils-epileptique-avec-du-cannabis\/","name":"\ud83c\udf3fCoupable mais dispens\u00e9 de peine : Un p\u00e8re polyn\u00e9sien soulage son fils \u00e9pileptique avec du cannabis","isPartOf":{"@id":"https:\/\/www.gardenz.fr\/news\/#website"},"primaryImageOfPage":{"@id":"https:\/\/www.gardenz.fr\/news\/2025\/05\/17\/coupable-mais-dispense-de-peine-un-pere-polynesien-soulage-son-fils-epileptique-avec-du-cannabis\/#primaryimage"},"image":{"@id":"https:\/\/www.gardenz.fr\/news\/2025\/05\/17\/coupable-mais-dispense-de-peine-un-pere-polynesien-soulage-son-fils-epileptique-avec-du-cannabis\/#primaryimage"},"thumbnailUrl":"https:\/\/www.gardenz.fr\/news\/wp-content\/uploads\/2025\/05\/Coupable-mais-dispense-de-peine-Un-pere-polynesien-soulage-son-fils-epileptique-avec-du-cannabissanitize-2025-05-17T092036.820Z.jpg","datePublished":"2025-05-17T09:20:38+00:00","dateModified":"2025-07-22T09:25:31+00:00","description":"\ud83c\udf3f Un p\u00e8re polyn\u00e9sien soulage son fils \u00e9pileptique avec du cannabis. La justice lui accorde une dispense de peine.","breadcrumb":{"@id":"https:\/\/www.gardenz.fr\/news\/2025\/05\/17\/coupable-mais-dispense-de-peine-un-pere-polynesien-soulage-son-fils-epileptique-avec-du-cannabis\/#breadcrumb"},"inLanguage":"fr-FR","potentialAction":[{"@type":"ReadAction","target":["https:\/\/www.gardenz.fr\/news\/2025\/05\/17\/coupable-mais-dispense-de-peine-un-pere-polynesien-soulage-son-fils-epileptique-avec-du-cannabis\/"]}]},{"@type":"ImageObject","inLanguage":"fr-FR","@id":"https:\/\/www.gardenz.fr\/news\/2025\/05\/17\/coupable-mais-dispense-de-peine-un-pere-polynesien-soulage-son-fils-epileptique-avec-du-cannabis\/#primaryimage","url":"https:\/\/www.gardenz.fr\/news\/wp-content\/uploads\/2025\/05\/Coupable-mais-dispense-de-peine-Un-pere-polynesien-soulage-son-fils-epileptique-avec-du-cannabissanitize-2025-05-17T092036.820Z.jpg","contentUrl":"https:\/\/www.gardenz.fr\/news\/wp-content\/uploads\/2025\/05\/Coupable-mais-dispense-de-peine-Un-pere-polynesien-soulage-son-fils-epileptique-avec-du-cannabissanitize-2025-05-17T092036.820Z.jpg","width":900,"height":250,"caption":"Coupable mais dispens\u00e9 de peine : Un p\u00e8re polyn\u00e9sien soulage son fils \u00e9pileptique avec du cannabis"},{"@type":"BreadcrumbList","@id":"https:\/\/www.gardenz.fr\/news\/2025\/05\/17\/coupable-mais-dispense-de-peine-un-pere-polynesien-soulage-son-fils-epileptique-avec-du-cannabis\/#breadcrumb","itemListElement":[{"@type":"ListItem","position":1,"name":"Accueil","item":"https:\/\/www.gardenz.fr\/news\/"},{"@type":"ListItem","position":2,"name":"Coupable mais dispens\u00e9 de peine : Un p\u00e8re polyn\u00e9sien soulage son fils \u00e9pileptique avec du cannabis"}]},{"@type":"WebSite","@id":"https:\/\/www.gardenz.fr\/news\/#website","url":"https:\/\/www.gardenz.fr\/news\/","name":"Le Blog de Gardenz","description":"Best quality CBD","publisher":{"@id":"https:\/\/www.gardenz.fr\/news\/#organization"},"potentialAction":[{"@type":"SearchAction","target":{"@type":"EntryPoint","urlTemplate":"https:\/\/www.gardenz.fr\/news\/?s={search_term_string}"},"query-input":{"@type":"PropertyValueSpecification","valueRequired":true,"valueName":"search_term_string"}}],"inLanguage":"fr-FR"},{"@type":"Organization","@id":"https:\/\/www.gardenz.fr\/news\/#organization","name":"Le Blog de Gardenz","url":"https:\/\/www.gardenz.fr\/news\/","logo":{"@type":"ImageObject","inLanguage":"fr-FR","@id":"https:\/\/www.gardenz.fr\/news\/#\/schema\/logo\/image\/","url":"https:\/\/www.gardenz.fr\/news\/wp-content\/uploads\/2022\/06\/logo-gardenz-feuille-blanc-final.png","contentUrl":"https:\/\/www.gardenz.fr\/news\/wp-content\/uploads\/2022\/06\/logo-gardenz-feuille-blanc-final.png","width":459,"height":200,"caption":"Le Blog de Gardenz"},"image":{"@id":"https:\/\/www.gardenz.fr\/news\/#\/schema\/logo\/image\/"}},{"@type":"Person","@id":"https:\/\/www.gardenz.fr\/news\/#\/schema\/person\/4c29b13eadec7d3b7f81d3dc8253aa72","name":"Idan Melicio","image":{"@type":"ImageObject","inLanguage":"fr-FR","@id":"https:\/\/secure.gravatar.com\/avatar\/a4fed9bf268062e3c5884e1b9288f4a54517dd9041d8c562678849f7f1c1eb43?s=96&d=mm&r=g","url":"https:\/\/secure.gravatar.com\/avatar\/a4fed9bf268062e3c5884e1b9288f4a54517dd9041d8c562678849f7f1c1eb43?s=96&d=mm&r=g","contentUrl":"https:\/\/secure.gravatar.com\/avatar\/a4fed9bf268062e3c5884e1b9288f4a54517dd9041d8c562678849f7f1c1eb43?s=96&d=mm&r=g","caption":"Idan Melicio"},"url":"https:\/\/www.gardenz.fr\/news\/author\/idan-milecio\/"}]}},"_links":{"self":[{"href":"https:\/\/www.gardenz.fr\/news\/wp-json\/wp\/v2\/posts\/18340","targetHints":{"allow":["GET"]}}],"collection":[{"href":"https:\/\/www.gardenz.fr\/news\/wp-json\/wp\/v2\/posts"}],"about":[{"href":"https:\/\/www.gardenz.fr\/news\/wp-json\/wp\/v2\/types\/post"}],"author":[{"embeddable":true,"href":"https:\/\/www.gardenz.fr\/news\/wp-json\/wp\/v2\/users\/18"}],"replies":[{"embeddable":true,"href":"https:\/\/www.gardenz.fr\/news\/wp-json\/wp\/v2\/comments?post=18340"}],"version-history":[{"count":3,"href":"https:\/\/www.gardenz.fr\/news\/wp-json\/wp\/v2\/posts\/18340\/revisions"}],"predecessor-version":[{"id":18790,"href":"https:\/\/www.gardenz.fr\/news\/wp-json\/wp\/v2\/posts\/18340\/revisions\/18790"}],"wp:featuredmedia":[{"embeddable":true,"href":"https:\/\/www.gardenz.fr\/news\/wp-json\/wp\/v2\/media\/18339"}],"wp:attachment":[{"href":"https:\/\/www.gardenz.fr\/news\/wp-json\/wp\/v2\/media?parent=18340"}],"wp:term":[{"taxonomy":"category","embeddable":true,"href":"https:\/\/www.gardenz.fr\/news\/wp-json\/wp\/v2\/categories?post=18340"},{"taxonomy":"post_tag","embeddable":true,"href":"https:\/\/www.gardenz.fr\/news\/wp-json\/wp\/v2\/tags?post=18340"}],"curies":[{"name":"wp","href":"https:\/\/api.w.org\/{rel}","templated":true}]}}