{"id":18378,"date":"2025-05-23T11:20:35","date_gmt":"2025-05-23T09:20:35","guid":{"rendered":"https:\/\/www.gardenz.fr\/news\/2025\/05\/23\/en-allemagne-une-pharmacie-sur-sept-propose-du-cannabis-medicinal\/"},"modified":"2025-07-21T16:55:13","modified_gmt":"2025-07-21T14:55:13","slug":"en-allemagne-une-pharmacie-sur-sept-propose-du-cannabis-medicinal","status":"publish","type":"post","link":"https:\/\/www.gardenz.fr\/news\/2025\/05\/23\/en-allemagne-une-pharmacie-sur-sept-propose-du-cannabis-medicinal\/","title":{"rendered":"En Allemagne, une pharmacie sur sept propose du cannabis m\u00e9dicinal"},"content":{"rendered":"\t\t<div data-elementor-type=\"wp-post\" data-elementor-id=\"18378\" class=\"elementor elementor-18378\">\n\t\t\t\t\t\t<section class=\"elementor-section elementor-top-section elementor-element elementor-element-43546c73 elementor-section-boxed elementor-section-height-default elementor-section-height-default\" data-id=\"43546c73\" data-element_type=\"section\" data-e-type=\"section\">\n\t\t\t\t\t\t<div class=\"elementor-container elementor-column-gap-default\">\n\t\t\t\t\t<div class=\"elementor-column elementor-col-100 elementor-top-column elementor-element elementor-element-51352969\" data-id=\"51352969\" data-element_type=\"column\" data-e-type=\"column\">\n\t\t\t<div class=\"elementor-widget-wrap elementor-element-populated\">\n\t\t\t\t\t\t<div class=\"elementor-element elementor-element-2f70b642 elementor-widget elementor-widget-text-editor\" data-id=\"2f70b642\" data-element_type=\"widget\" data-e-type=\"widget\" data-widget_type=\"text-editor.default\">\n\t\t\t\t<div class=\"elementor-widget-container\">\n\t\t\t\t\t\t\t\t\t<div style=\"margin-left: 10%; margin-right: 10%;\">\n<h2>Une r\u00e9volution th\u00e9rapeutique s\u2019installe en Allemagne \ud83c\udf3f<\/h2>\nDepuis l\u2019ouverture du march\u00e9 du <a href=\"https:\/\/www.gardenz.fr\/310--delta-9-thc\">cannabis<\/a> m\u00e9dical en 2017, l\u2019Allemagne s\u2019impose comme un v\u00e9ritable moteur dans l\u2019\u00e9volution du traitement par cannabino\u00efdes sur le Vieux Continent. Aujourd\u2019hui, presque 2 500 pharmacies \u2014 soit une sur sept \u2014 proposent d\u00e9j\u00e0 du cannabis \u00e0 usage m\u00e9dicinal, et cette proportion ne cesse d\u2019augmenter \ud83d\udcc8. Gr\u00e2ce \u00e0 cette avanc\u00e9e r\u00e9glementaire, les patients allemands b\u00e9n\u00e9ficient d\u00e9sormais d\u2019un acc\u00e8s simplifi\u00e9 \u00e0 des solutions naturelles, souvent plus tol\u00e9r\u00e9es et efficaces que les traitements conventionnels dans certains cas cliniques sp\u00e9cifiques.\n<h2>Un r\u00e9seau en pleine expansion \ud83c\udfe5<\/h2>\nTu n\u2019as plus besoin de traverser ton pays pour trouver un traitement au cannabis : dans la grande majorit\u00e9 des villes allemandes, une pharmacie de quartier peut d\u00e9sormais te proposer des fleurs de cannabis, des extraits et des formulations sp\u00e9cifiques sur ordonnance \ud83d\udeaa. Ce changement de cap r\u00e9pond \u00e0 une demande m\u00e9dicale croissante, mais aussi \u00e0 la volont\u00e9 des professionnels de sant\u00e9 d\u2019explorer de nouvelles options th\u00e9rapeutiques dans un cadre l\u00e9gal strict, contr\u00f4l\u00e9 et s\u00e9curis\u00e9. Les pharmaciens re\u00e7oivent une formation adapt\u00e9e, et les circuits d\u2019approvisionnement sont rigoureusement r\u00e9glement\u00e9s pour garantir une qualit\u00e9 pharmaceutique irr\u00e9prochable.\n<h2>La l\u00e9galisation totale : un tournant strat\u00e9gique \ud83d\udd01<\/h2>\nDepuis le 1er avril 2024, date historique pour l\u2019Allemagne, la l\u00e9galisation plus large du cannabis a amplifi\u00e9 la dynamique d\u00e9j\u00e0 bien engag\u00e9e dans le domaine m\u00e9dical \ud83d\udd25. Ce changement de l\u00e9gislation a permis non seulement de renforcer l&rsquo;infrastructure autour du cannabis, mais aussi d&rsquo;\u00e9largir l&rsquo;\u00e9ducation et la normalisation de son usage dans la soci\u00e9t\u00e9. Il n\u2019est donc pas \u00e9tonnant de voir l\u2019offre pharmaceutique s\u2019adapter aussi rapidement : elle s\u2019inscrit dans une logique d\u2019accompagnement progressif vers une nouvelle \u00e8re th\u00e9rapeutique et sociale. Les professionnels de sant\u00e9 sont d\u00e9sormais plus ouverts, les patients aussi, et l\u2019ensemble de l\u2019\u00e9cosyst\u00e8me m\u00e9dical en sort revitalis\u00e9.\n<h2>Des patients plus nombreux et mieux inform\u00e9s \ud83e\uddd1\u200d\u2695\ufe0f<\/h2>\nLe vrai moteur de cette transformation, c\u2019est toi, le patient. Ou peut-\u00eatre quelqu\u2019un de ta famille, un proche, un coll\u00e8gue \u2728. De plus en plus d\u2019Allemands souffrant de douleurs chroniques, de troubles neurologiques, d\u2019anxi\u00e9t\u00e9 ou d\u2019effets secondaires li\u00e9s aux traitements lourds se tournent vers le cannabis m\u00e9dical sur recommandation de leur m\u00e9decin. Ce qui hier semblait marginal est devenu aujourd\u2019hui une option th\u00e9rapeutique valide, soutenue par de nombreuses \u00e9tudes scientifiques et encadr\u00e9e par des institutions officielles. Ce n\u2019est plus un sujet tabou, c\u2019est une discussion de fond dans les cabinets m\u00e9dicaux.\n<h2>Une industrie en mouvement \ud83d\ude80<\/h2>\nL\u2019engouement autour du cannabis m\u00e9dical ne se limite pas aux comptoirs des pharmacies : il stimule une industrie enti\u00e8re \ud83d\udcbc. De la culture \u00e0 la distribution en passant par la logistique, ce sont des milliers d\u2019emplois qui ont \u00e9t\u00e9 cr\u00e9\u00e9s ces derni\u00e8res ann\u00e9es en Allemagne. Les producteurs cultivent d\u00e9sormais localement, les coop\u00e9rations internationales se multiplient, et l\u2019innovation bat son plein. Les laboratoires rivalisent d\u2019inventivit\u00e9 pour proposer des gal\u00e9niques adapt\u00e9es (huiles, capsules, sprays sublinguaux), tandis que les autorit\u00e9s ajustent les r\u00e8gles pour favoriser un acc\u00e8s fluide et ma\u00eetris\u00e9 au traitement. Tout cela contribue \u00e0 positionner l\u2019Allemagne comme locomotive de l\u2019Europe verte.\n<h2>Une inspiration pour le reste de l\u2019Europe \ud83c\udf0d<\/h2>\nL\u2019Allemagne inspire. Et elle incite ses voisins \u00e0 r\u00e9\u00e9valuer leur propre politique en mati\u00e8re de cannabis. Ce succ\u00e8s dans le domaine m\u00e9dical envoie un message clair : oui, il est possible de mettre en place une r\u00e9glementation s\u00e9rieuse, centr\u00e9e sur le bien-\u00eatre des patients, sans tomber dans l\u2019anarchie ni dans la stigmatisation \ud83d\ude4c. Les r\u00e9sultats parlent d\u2019eux-m\u00eames : r\u00e9duction de la douleur, meilleure qualit\u00e9 de vie, baisse de la consommation d\u2019opiac\u00e9s, et surtout, un regain de confiance dans la m\u00e9decine naturelle. On assiste \u00e0 une mutation in\u00e9dite, pilot\u00e9e non pas par des lobbyistes, mais par des besoins r\u00e9els, humains et urgents.\n<h2>Et maintenant, quelle suite pour le cannabis m\u00e9dical ? \ud83d\udd2e<\/h2>\nSi tu habites en Allemagne, ton acc\u00e8s au cannabis m\u00e9dical va certainement s\u2019am\u00e9liorer encore. Si tu es ailleurs en Europe, surveille bien ce qui s\u2019y passe, car les d\u00e9cisions prises outre-Rhin pourraient bient\u00f4t inspirer chez toi des changements majeurs \ud83e\udd13. Tous les indicateurs sont au vert : l\u2019acceptation culturelle, les infrastructures en place, le soutien des professionnels de sant\u00e9, et surtout, les t\u00e9moignages de patients soulag\u00e9s qui ne cessent d\u2019affluer. La route est ouverte, et la m\u00e9decine cannabique pourrait bien devenir l\u2019un des plus grands tournants de la m\u00e9decine europ\u00e9enne moderne.\n<h2>Conclusion : un mod\u00e8le \u00e0 suivre \ud83c\udf31<\/h2>\nEn pla\u00e7ant le patient au c\u0153ur de la strat\u00e9gie, en misant sur la transparence, la r\u00e9gulation et l&rsquo;accompagnement, l\u2019Allemagne donne une le\u00e7on de pragmatisme et d\u2019humanit\u00e9. C\u2019est une r\u00e9volution verte, lente mais s\u00fbre, l\u00e9gale et encadr\u00e9e, qui remet la nature au service de notre sant\u00e9 \ud83c\udf40. Tu vis une \u00e9poque charni\u00e8re : celle o\u00f9 des solutions longtemps interdites trouvent enfin leur place dans nos pharmacies. Et un jour peut-\u00eatre, dans celle de ton quartier aussi. <a href=\"https:\/\/gardenz.fr\/news\">Tu veux continuer ta lecture ? D\u00e9couvre d&rsquo;autres articles en cliquant ici.<\/a><\/div>\n\n<div class=\"wp-block-group is-layout-constrained wp-block-group-is-layout-constrained\">\n<div class=\"wp-block-columns is-layout-flex wp-container-core-columns-is-layout-28f84493 wp-block-columns-is-layout-flex\">\n<div class=\"wp-block-column is-layout-flow wp-block-column-is-layout-flow\" style=\"flex-basis:20%\">\n<figure class=\"wp-block-image size-full\"><a href=\"https:\/\/www.gardenz.fr\/3-fleur-de-chanvre-cbd\"><img fetchpriority=\"high\" decoding=\"async\" width=\"424\" height=\"600\" src=\"https:\/\/www.gardenz.fr\/news\/wp-content\/uploads\/2025\/03\/FLEUR-DE-CHANVRE-CBD.webp\" alt=\"FLEUR-DE-CHANVRE-CBD\" class=\"wp-image-17519\" srcset=\"https:\/\/www.gardenz.fr\/news\/wp-content\/uploads\/2025\/03\/FLEUR-DE-CHANVRE-CBD.webp 424w, https:\/\/www.gardenz.fr\/news\/wp-content\/uploads\/2025\/03\/FLEUR-DE-CHANVRE-CBD-212x300.webp 212w\" sizes=\"(max-width: 424px) 100vw, 424px\" \/><\/a><\/figure>\n<\/div>\n\n\n\n<div class=\"wp-block-column is-layout-flow wp-block-column-is-layout-flow\" style=\"flex-basis:20%\">\n<figure class=\"wp-block-image size-full\"><a href=\"https:\/\/www.gardenz.fr\/6--resine-cbd\"><img decoding=\"async\" width=\"424\" height=\"600\" src=\"https:\/\/www.gardenz.fr\/news\/wp-content\/uploads\/2025\/03\/RESINE-CBD.webp\" alt=\"R\u00c9SINE-CBD\" class=\"wp-image-17515\" srcset=\"https:\/\/www.gardenz.fr\/news\/wp-content\/uploads\/2025\/03\/RESINE-CBD.webp 424w, https:\/\/www.gardenz.fr\/news\/wp-content\/uploads\/2025\/03\/RESINE-CBD-212x300.webp 212w\" sizes=\"(max-width: 424px) 100vw, 424px\" \/><\/a><\/figure>\n<\/div>\n\n\n\n<div class=\"wp-block-column is-layout-flow wp-block-column-is-layout-flow\" style=\"flex-basis:20%\">\n<figure class=\"wp-block-image size-full\"><a href=\"https:\/\/www.gardenz.fr\/511--weed-psycho\"><img decoding=\"async\" width=\"424\" height=\"600\" src=\"https:\/\/www.gardenz.fr\/news\/wp-content\/uploads\/2025\/03\/PSYCHOACTIFS.webp\" alt=\"PSYCHOACTIFS\" class=\"wp-image-17517\" srcset=\"https:\/\/www.gardenz.fr\/news\/wp-content\/uploads\/2025\/03\/PSYCHOACTIFS.webp 424w, https:\/\/www.gardenz.fr\/news\/wp-content\/uploads\/2025\/03\/PSYCHOACTIFS-212x300.webp 212w\" sizes=\"(max-width: 424px) 100vw, 424px\" \/><\/a><\/figure>\n<\/div>\n\n\n\n<div class=\"wp-block-column is-layout-flow wp-block-column-is-layout-flow\" style=\"flex-basis:20%\">\n<figure class=\"wp-block-image size-full\"><a href=\"https:\/\/www.gardenz.fr\/562--accessoires-weed\"><img loading=\"lazy\" decoding=\"async\" width=\"424\" height=\"600\" src=\"https:\/\/www.gardenz.fr\/news\/wp-content\/uploads\/2025\/03\/ACCESSOIRED.webp\" alt=\"\" class=\"wp-image-17520\" srcset=\"https:\/\/www.gardenz.fr\/news\/wp-content\/uploads\/2025\/03\/ACCESSOIRED.webp 424w, https:\/\/www.gardenz.fr\/news\/wp-content\/uploads\/2025\/03\/ACCESSOIRED-212x300.webp 212w\" sizes=\"(max-width: 424px) 100vw, 424px\" \/><\/a><\/figure>\n<\/div>\n\n\n\n<div class=\"wp-block-column is-layout-flow wp-block-column-is-layout-flow\" style=\"flex-basis:20%\">\n<figure class=\"wp-block-image size-full\"><a href=\"https:\/\/www.gardenz.fr\/284--vaporisateur-weed\"><img loading=\"lazy\" decoding=\"async\" width=\"424\" height=\"600\" src=\"https:\/\/www.gardenz.fr\/news\/wp-content\/uploads\/2025\/03\/VAPORISATEUR-WEED.webp\" alt=\"VAPORISATEUR-WEED\" class=\"wp-image-17514\" srcset=\"https:\/\/www.gardenz.fr\/news\/wp-content\/uploads\/2025\/03\/VAPORISATEUR-WEED.webp 424w, https:\/\/www.gardenz.fr\/news\/wp-content\/uploads\/2025\/03\/VAPORISATEUR-WEED-212x300.webp 212w\" sizes=\"(max-width: 424px) 100vw, 424px\" \/><\/a><\/figure>\n<\/div>\n<\/div>\n<\/div>\n\t\t\t\t\t\t\t\t<\/div>\n\t\t\t\t<\/div>\n\t\t\t\t\t<\/div>\n\t\t<\/div>\n\t\t\t\t\t<\/div>\n\t\t<\/section>\n\t\t\t\t<\/div>\n\t\t","protected":false},"excerpt":{"rendered":"<p>Une r\u00e9volution th\u00e9rapeutique s\u2019installe en Allemagne \ud83c\udf3f Depuis l\u2019ouverture du march\u00e9 du cannabis m\u00e9dical en 2017, l\u2019Allemagne s\u2019impose comme un v\u00e9ritable moteur dans l\u2019\u00e9volution du traitement par cannabino\u00efdes sur le Vieux Continent. Aujourd\u2019hui, presque 2 500 pharmacies \u2014 soit une sur sept \u2014 proposent d\u00e9j\u00e0 du cannabis \u00e0 usage m\u00e9dicinal, et cette proportion ne cesse [&hellip;]<\/p>\n","protected":false},"author":18,"featured_media":18377,"comment_status":"closed","ping_status":"","sticky":false,"template":"","format":"standard","meta":{"site-sidebar-layout":"default","site-content-layout":"","ast-site-content-layout":"default","site-content-style":"default","site-sidebar-style":"default","ast-global-header-display":"","ast-banner-title-visibility":"","ast-main-header-display":"","ast-hfb-above-header-display":"","ast-hfb-below-header-display":"","ast-hfb-mobile-header-display":"","site-post-title":"","ast-breadcrumbs-content":"","ast-featured-img":"","footer-sml-layout":"","ast-disable-related-posts":"","theme-transparent-header-meta":"","adv-header-id-meta":"","stick-header-meta":"","header-above-stick-meta":"","header-main-stick-meta":"","header-below-stick-meta":"","astra-migrate-meta-layouts":"default","ast-page-background-enabled":"default","ast-page-background-meta":{"desktop":{"background-color":"var(--ast-global-color-4)","background-image":"","background-repeat":"repeat","background-position":"center center","background-size":"auto","background-attachment":"scroll","background-type":"","background-media":"","overlay-type":"","overlay-color":"","overlay-opacity":"","overlay-gradient":""},"tablet":{"background-color":"","background-image":"","background-repeat":"repeat","background-position":"center center","background-size":"auto","background-attachment":"scroll","background-type":"","background-media":"","overlay-type":"","overlay-color":"","overlay-opacity":"","overlay-gradient":""},"mobile":{"background-color":"","background-image":"","background-repeat":"repeat","background-position":"center center","background-size":"auto","background-attachment":"scroll","background-type":"","background-media":"","overlay-type":"","overlay-color":"","overlay-opacity":"","overlay-gradient":""}},"ast-content-background-meta":{"desktop":{"background-color":"var(--ast-global-color-5)","background-image":"","background-repeat":"repeat","background-position":"center center","background-size":"auto","background-attachment":"scroll","background-type":"","background-media":"","overlay-type":"","overlay-color":"","overlay-opacity":"","overlay-gradient":""},"tablet":{"background-color":"var(--ast-global-color-5)","background-image":"","background-repeat":"repeat","background-position":"center center","background-size":"auto","background-attachment":"scroll","background-type":"","background-media":"","overlay-type":"","overlay-color":"","overlay-opacity":"","overlay-gradient":""},"mobile":{"background-color":"var(--ast-global-color-5)","background-image":"","background-repeat":"repeat","background-position":"center center","background-size":"auto","background-attachment":"scroll","background-type":"","background-media":"","overlay-type":"","overlay-color":"","overlay-opacity":"","overlay-gradient":""}},"footnotes":""},"categories":[1],"tags":[],"class_list":["post-18378","post","type-post","status-publish","format-standard","has-post-thumbnail","hentry","category-non-classe"],"yoast_head":"<!-- This site is optimized with the Yoast SEO plugin v27.5 - https:\/\/yoast.com\/product\/yoast-seo-wordpress\/ -->\n<title>\ud83c\udf3f En Allemagne, 1 pharmacie sur 7 propose du cannabis m\u00e9dicinal<\/title>\n<meta name=\"description\" content=\"\ud83c\udf3f En Allemagne, d\u00e9couvrez comment une pharmacie sur sept propose du cannabis m\u00e9dicinal pour r\u00e9pondre aux besoins des patients.\" \/>\n<meta name=\"robots\" content=\"index, follow, max-snippet:-1, max-image-preview:large, max-video-preview:-1\" \/>\n<link rel=\"canonical\" href=\"https:\/\/www.gardenz.fr\/news\/2025\/05\/23\/en-allemagne-une-pharmacie-sur-sept-propose-du-cannabis-medicinal\/\" \/>\n<meta property=\"og:locale\" content=\"fr_FR\" \/>\n<meta property=\"og:type\" content=\"article\" \/>\n<meta property=\"og:title\" content=\"\ud83c\udf3f En Allemagne, 1 pharmacie sur 7 propose du cannabis m\u00e9dicinal\" \/>\n<meta property=\"og:description\" content=\"\ud83c\udf3f En Allemagne, d\u00e9couvrez comment une pharmacie sur sept propose du cannabis m\u00e9dicinal pour r\u00e9pondre aux besoins des patients.\" \/>\n<meta property=\"og:url\" content=\"https:\/\/www.gardenz.fr\/news\/2025\/05\/23\/en-allemagne-une-pharmacie-sur-sept-propose-du-cannabis-medicinal\/\" \/>\n<meta property=\"og:site_name\" content=\"Le Blog de Gardenz\" \/>\n<meta property=\"article:published_time\" content=\"2025-05-23T09:20:35+00:00\" \/>\n<meta property=\"article:modified_time\" content=\"2025-07-21T14:55:13+00:00\" \/>\n<meta property=\"og:image\" content=\"https:\/\/www.gardenz.fr\/news\/wp-content\/uploads\/2025\/05\/En-Allemagne-une-pharmacie-sur-sept-propose-du-cannabis-medicinalsanitize-2025-05-23T092033.659Z.jpg\" \/>\n\t<meta property=\"og:image:width\" content=\"900\" \/>\n\t<meta property=\"og:image:height\" content=\"250\" \/>\n\t<meta property=\"og:image:type\" content=\"image\/jpeg\" \/>\n<meta name=\"author\" content=\"Idan Melicio\" \/>\n<meta name=\"twitter:card\" content=\"summary_large_image\" \/>\n<meta name=\"twitter:label1\" content=\"\u00c9crit par\" \/>\n\t<meta name=\"twitter:data1\" content=\"Idan Melicio\" \/>\n\t<meta name=\"twitter:label2\" content=\"Dur\u00e9e de lecture estim\u00e9e\" \/>\n\t<meta name=\"twitter:data2\" content=\"8 minutes\" \/>\n<script type=\"application\/ld+json\" class=\"yoast-schema-graph\">{\"@context\":\"https:\\\/\\\/schema.org\",\"@graph\":[{\"@type\":\"Article\",\"@id\":\"https:\\\/\\\/www.gardenz.fr\\\/news\\\/2025\\\/05\\\/23\\\/en-allemagne-une-pharmacie-sur-sept-propose-du-cannabis-medicinal\\\/#article\",\"isPartOf\":{\"@id\":\"https:\\\/\\\/www.gardenz.fr\\\/news\\\/2025\\\/05\\\/23\\\/en-allemagne-une-pharmacie-sur-sept-propose-du-cannabis-medicinal\\\/\"},\"author\":{\"name\":\"Idan Melicio\",\"@id\":\"https:\\\/\\\/www.gardenz.fr\\\/news\\\/#\\\/schema\\\/person\\\/4c29b13eadec7d3b7f81d3dc8253aa72\"},\"headline\":\"En Allemagne, une pharmacie sur sept propose du cannabis m\u00e9dicinal\",\"datePublished\":\"2025-05-23T09:20:35+00:00\",\"dateModified\":\"2025-07-21T14:55:13+00:00\",\"mainEntityOfPage\":{\"@id\":\"https:\\\/\\\/www.gardenz.fr\\\/news\\\/2025\\\/05\\\/23\\\/en-allemagne-une-pharmacie-sur-sept-propose-du-cannabis-medicinal\\\/\"},\"wordCount\":929,\"publisher\":{\"@id\":\"https:\\\/\\\/www.gardenz.fr\\\/news\\\/#organization\"},\"image\":{\"@id\":\"https:\\\/\\\/www.gardenz.fr\\\/news\\\/2025\\\/05\\\/23\\\/en-allemagne-une-pharmacie-sur-sept-propose-du-cannabis-medicinal\\\/#primaryimage\"},\"thumbnailUrl\":\"https:\\\/\\\/www.gardenz.fr\\\/news\\\/wp-content\\\/uploads\\\/2025\\\/05\\\/En-Allemagne-une-pharmacie-sur-sept-propose-du-cannabis-medicinalsanitize-2025-05-23T092033.659Z.jpg\",\"articleSection\":[\"GENERAL\"],\"inLanguage\":\"fr-FR\"},{\"@type\":\"WebPage\",\"@id\":\"https:\\\/\\\/www.gardenz.fr\\\/news\\\/2025\\\/05\\\/23\\\/en-allemagne-une-pharmacie-sur-sept-propose-du-cannabis-medicinal\\\/\",\"url\":\"https:\\\/\\\/www.gardenz.fr\\\/news\\\/2025\\\/05\\\/23\\\/en-allemagne-une-pharmacie-sur-sept-propose-du-cannabis-medicinal\\\/\",\"name\":\"\ud83c\udf3f En Allemagne, 1 pharmacie sur 7 propose du cannabis m\u00e9dicinal\",\"isPartOf\":{\"@id\":\"https:\\\/\\\/www.gardenz.fr\\\/news\\\/#website\"},\"primaryImageOfPage\":{\"@id\":\"https:\\\/\\\/www.gardenz.fr\\\/news\\\/2025\\\/05\\\/23\\\/en-allemagne-une-pharmacie-sur-sept-propose-du-cannabis-medicinal\\\/#primaryimage\"},\"image\":{\"@id\":\"https:\\\/\\\/www.gardenz.fr\\\/news\\\/2025\\\/05\\\/23\\\/en-allemagne-une-pharmacie-sur-sept-propose-du-cannabis-medicinal\\\/#primaryimage\"},\"thumbnailUrl\":\"https:\\\/\\\/www.gardenz.fr\\\/news\\\/wp-content\\\/uploads\\\/2025\\\/05\\\/En-Allemagne-une-pharmacie-sur-sept-propose-du-cannabis-medicinalsanitize-2025-05-23T092033.659Z.jpg\",\"datePublished\":\"2025-05-23T09:20:35+00:00\",\"dateModified\":\"2025-07-21T14:55:13+00:00\",\"description\":\"\ud83c\udf3f En Allemagne, d\u00e9couvrez comment une pharmacie sur sept propose du cannabis m\u00e9dicinal pour r\u00e9pondre aux besoins des patients.\",\"breadcrumb\":{\"@id\":\"https:\\\/\\\/www.gardenz.fr\\\/news\\\/2025\\\/05\\\/23\\\/en-allemagne-une-pharmacie-sur-sept-propose-du-cannabis-medicinal\\\/#breadcrumb\"},\"inLanguage\":\"fr-FR\",\"potentialAction\":[{\"@type\":\"ReadAction\",\"target\":[\"https:\\\/\\\/www.gardenz.fr\\\/news\\\/2025\\\/05\\\/23\\\/en-allemagne-une-pharmacie-sur-sept-propose-du-cannabis-medicinal\\\/\"]}]},{\"@type\":\"ImageObject\",\"inLanguage\":\"fr-FR\",\"@id\":\"https:\\\/\\\/www.gardenz.fr\\\/news\\\/2025\\\/05\\\/23\\\/en-allemagne-une-pharmacie-sur-sept-propose-du-cannabis-medicinal\\\/#primaryimage\",\"url\":\"https:\\\/\\\/www.gardenz.fr\\\/news\\\/wp-content\\\/uploads\\\/2025\\\/05\\\/En-Allemagne-une-pharmacie-sur-sept-propose-du-cannabis-medicinalsanitize-2025-05-23T092033.659Z.jpg\",\"contentUrl\":\"https:\\\/\\\/www.gardenz.fr\\\/news\\\/wp-content\\\/uploads\\\/2025\\\/05\\\/En-Allemagne-une-pharmacie-sur-sept-propose-du-cannabis-medicinalsanitize-2025-05-23T092033.659Z.jpg\",\"width\":900,\"height\":250,\"caption\":\"En Allemagne, une pharmacie sur sept propose du cannabis m\u00e9dicinal\"},{\"@type\":\"BreadcrumbList\",\"@id\":\"https:\\\/\\\/www.gardenz.fr\\\/news\\\/2025\\\/05\\\/23\\\/en-allemagne-une-pharmacie-sur-sept-propose-du-cannabis-medicinal\\\/#breadcrumb\",\"itemListElement\":[{\"@type\":\"ListItem\",\"position\":1,\"name\":\"Accueil\",\"item\":\"https:\\\/\\\/www.gardenz.fr\\\/news\\\/\"},{\"@type\":\"ListItem\",\"position\":2,\"name\":\"En Allemagne, une pharmacie sur sept propose du cannabis m\u00e9dicinal\"}]},{\"@type\":\"WebSite\",\"@id\":\"https:\\\/\\\/www.gardenz.fr\\\/news\\\/#website\",\"url\":\"https:\\\/\\\/www.gardenz.fr\\\/news\\\/\",\"name\":\"Le Blog de Gardenz\",\"description\":\"Best quality CBD\",\"publisher\":{\"@id\":\"https:\\\/\\\/www.gardenz.fr\\\/news\\\/#organization\"},\"potentialAction\":[{\"@type\":\"SearchAction\",\"target\":{\"@type\":\"EntryPoint\",\"urlTemplate\":\"https:\\\/\\\/www.gardenz.fr\\\/news\\\/?s={search_term_string}\"},\"query-input\":{\"@type\":\"PropertyValueSpecification\",\"valueRequired\":true,\"valueName\":\"search_term_string\"}}],\"inLanguage\":\"fr-FR\"},{\"@type\":\"Organization\",\"@id\":\"https:\\\/\\\/www.gardenz.fr\\\/news\\\/#organization\",\"name\":\"Le Blog de Gardenz\",\"url\":\"https:\\\/\\\/www.gardenz.fr\\\/news\\\/\",\"logo\":{\"@type\":\"ImageObject\",\"inLanguage\":\"fr-FR\",\"@id\":\"https:\\\/\\\/www.gardenz.fr\\\/news\\\/#\\\/schema\\\/logo\\\/image\\\/\",\"url\":\"https:\\\/\\\/www.gardenz.fr\\\/news\\\/wp-content\\\/uploads\\\/2022\\\/06\\\/logo-gardenz-feuille-blanc-final.png\",\"contentUrl\":\"https:\\\/\\\/www.gardenz.fr\\\/news\\\/wp-content\\\/uploads\\\/2022\\\/06\\\/logo-gardenz-feuille-blanc-final.png\",\"width\":459,\"height\":200,\"caption\":\"Le Blog de Gardenz\"},\"image\":{\"@id\":\"https:\\\/\\\/www.gardenz.fr\\\/news\\\/#\\\/schema\\\/logo\\\/image\\\/\"}},{\"@type\":\"Person\",\"@id\":\"https:\\\/\\\/www.gardenz.fr\\\/news\\\/#\\\/schema\\\/person\\\/4c29b13eadec7d3b7f81d3dc8253aa72\",\"name\":\"Idan Melicio\",\"image\":{\"@type\":\"ImageObject\",\"inLanguage\":\"fr-FR\",\"@id\":\"https:\\\/\\\/secure.gravatar.com\\\/avatar\\\/a4fed9bf268062e3c5884e1b9288f4a54517dd9041d8c562678849f7f1c1eb43?s=96&d=mm&r=g\",\"url\":\"https:\\\/\\\/secure.gravatar.com\\\/avatar\\\/a4fed9bf268062e3c5884e1b9288f4a54517dd9041d8c562678849f7f1c1eb43?s=96&d=mm&r=g\",\"contentUrl\":\"https:\\\/\\\/secure.gravatar.com\\\/avatar\\\/a4fed9bf268062e3c5884e1b9288f4a54517dd9041d8c562678849f7f1c1eb43?s=96&d=mm&r=g\",\"caption\":\"Idan Melicio\"},\"url\":\"https:\\\/\\\/www.gardenz.fr\\\/news\\\/author\\\/idan-milecio\\\/\"}]}<\/script>\n<!-- \/ Yoast SEO plugin. -->","yoast_head_json":{"title":"\ud83c\udf3f En Allemagne, 1 pharmacie sur 7 propose du cannabis m\u00e9dicinal","description":"\ud83c\udf3f En Allemagne, d\u00e9couvrez comment une pharmacie sur sept propose du cannabis m\u00e9dicinal pour r\u00e9pondre aux besoins des patients.","robots":{"index":"index","follow":"follow","max-snippet":"max-snippet:-1","max-image-preview":"max-image-preview:large","max-video-preview":"max-video-preview:-1"},"canonical":"https:\/\/www.gardenz.fr\/news\/2025\/05\/23\/en-allemagne-une-pharmacie-sur-sept-propose-du-cannabis-medicinal\/","og_locale":"fr_FR","og_type":"article","og_title":"\ud83c\udf3f En Allemagne, 1 pharmacie sur 7 propose du cannabis m\u00e9dicinal","og_description":"\ud83c\udf3f En Allemagne, d\u00e9couvrez comment une pharmacie sur sept propose du cannabis m\u00e9dicinal pour r\u00e9pondre aux besoins des patients.","og_url":"https:\/\/www.gardenz.fr\/news\/2025\/05\/23\/en-allemagne-une-pharmacie-sur-sept-propose-du-cannabis-medicinal\/","og_site_name":"Le Blog de Gardenz","article_published_time":"2025-05-23T09:20:35+00:00","article_modified_time":"2025-07-21T14:55:13+00:00","og_image":[{"width":900,"height":250,"url":"https:\/\/www.gardenz.fr\/news\/wp-content\/uploads\/2025\/05\/En-Allemagne-une-pharmacie-sur-sept-propose-du-cannabis-medicinalsanitize-2025-05-23T092033.659Z.jpg","type":"image\/jpeg"}],"author":"Idan Melicio","twitter_card":"summary_large_image","twitter_misc":{"\u00c9crit par":"Idan Melicio","Dur\u00e9e de lecture estim\u00e9e":"8 minutes"},"schema":{"@context":"https:\/\/schema.org","@graph":[{"@type":"Article","@id":"https:\/\/www.gardenz.fr\/news\/2025\/05\/23\/en-allemagne-une-pharmacie-sur-sept-propose-du-cannabis-medicinal\/#article","isPartOf":{"@id":"https:\/\/www.gardenz.fr\/news\/2025\/05\/23\/en-allemagne-une-pharmacie-sur-sept-propose-du-cannabis-medicinal\/"},"author":{"name":"Idan Melicio","@id":"https:\/\/www.gardenz.fr\/news\/#\/schema\/person\/4c29b13eadec7d3b7f81d3dc8253aa72"},"headline":"En Allemagne, une pharmacie sur sept propose du cannabis m\u00e9dicinal","datePublished":"2025-05-23T09:20:35+00:00","dateModified":"2025-07-21T14:55:13+00:00","mainEntityOfPage":{"@id":"https:\/\/www.gardenz.fr\/news\/2025\/05\/23\/en-allemagne-une-pharmacie-sur-sept-propose-du-cannabis-medicinal\/"},"wordCount":929,"publisher":{"@id":"https:\/\/www.gardenz.fr\/news\/#organization"},"image":{"@id":"https:\/\/www.gardenz.fr\/news\/2025\/05\/23\/en-allemagne-une-pharmacie-sur-sept-propose-du-cannabis-medicinal\/#primaryimage"},"thumbnailUrl":"https:\/\/www.gardenz.fr\/news\/wp-content\/uploads\/2025\/05\/En-Allemagne-une-pharmacie-sur-sept-propose-du-cannabis-medicinalsanitize-2025-05-23T092033.659Z.jpg","articleSection":["GENERAL"],"inLanguage":"fr-FR"},{"@type":"WebPage","@id":"https:\/\/www.gardenz.fr\/news\/2025\/05\/23\/en-allemagne-une-pharmacie-sur-sept-propose-du-cannabis-medicinal\/","url":"https:\/\/www.gardenz.fr\/news\/2025\/05\/23\/en-allemagne-une-pharmacie-sur-sept-propose-du-cannabis-medicinal\/","name":"\ud83c\udf3f En Allemagne, 1 pharmacie sur 7 propose du cannabis m\u00e9dicinal","isPartOf":{"@id":"https:\/\/www.gardenz.fr\/news\/#website"},"primaryImageOfPage":{"@id":"https:\/\/www.gardenz.fr\/news\/2025\/05\/23\/en-allemagne-une-pharmacie-sur-sept-propose-du-cannabis-medicinal\/#primaryimage"},"image":{"@id":"https:\/\/www.gardenz.fr\/news\/2025\/05\/23\/en-allemagne-une-pharmacie-sur-sept-propose-du-cannabis-medicinal\/#primaryimage"},"thumbnailUrl":"https:\/\/www.gardenz.fr\/news\/wp-content\/uploads\/2025\/05\/En-Allemagne-une-pharmacie-sur-sept-propose-du-cannabis-medicinalsanitize-2025-05-23T092033.659Z.jpg","datePublished":"2025-05-23T09:20:35+00:00","dateModified":"2025-07-21T14:55:13+00:00","description":"\ud83c\udf3f En Allemagne, d\u00e9couvrez comment une pharmacie sur sept propose du cannabis m\u00e9dicinal pour r\u00e9pondre aux besoins des patients.","breadcrumb":{"@id":"https:\/\/www.gardenz.fr\/news\/2025\/05\/23\/en-allemagne-une-pharmacie-sur-sept-propose-du-cannabis-medicinal\/#breadcrumb"},"inLanguage":"fr-FR","potentialAction":[{"@type":"ReadAction","target":["https:\/\/www.gardenz.fr\/news\/2025\/05\/23\/en-allemagne-une-pharmacie-sur-sept-propose-du-cannabis-medicinal\/"]}]},{"@type":"ImageObject","inLanguage":"fr-FR","@id":"https:\/\/www.gardenz.fr\/news\/2025\/05\/23\/en-allemagne-une-pharmacie-sur-sept-propose-du-cannabis-medicinal\/#primaryimage","url":"https:\/\/www.gardenz.fr\/news\/wp-content\/uploads\/2025\/05\/En-Allemagne-une-pharmacie-sur-sept-propose-du-cannabis-medicinalsanitize-2025-05-23T092033.659Z.jpg","contentUrl":"https:\/\/www.gardenz.fr\/news\/wp-content\/uploads\/2025\/05\/En-Allemagne-une-pharmacie-sur-sept-propose-du-cannabis-medicinalsanitize-2025-05-23T092033.659Z.jpg","width":900,"height":250,"caption":"En Allemagne, une pharmacie sur sept propose du cannabis m\u00e9dicinal"},{"@type":"BreadcrumbList","@id":"https:\/\/www.gardenz.fr\/news\/2025\/05\/23\/en-allemagne-une-pharmacie-sur-sept-propose-du-cannabis-medicinal\/#breadcrumb","itemListElement":[{"@type":"ListItem","position":1,"name":"Accueil","item":"https:\/\/www.gardenz.fr\/news\/"},{"@type":"ListItem","position":2,"name":"En Allemagne, une pharmacie sur sept propose du cannabis m\u00e9dicinal"}]},{"@type":"WebSite","@id":"https:\/\/www.gardenz.fr\/news\/#website","url":"https:\/\/www.gardenz.fr\/news\/","name":"Le Blog de Gardenz","description":"Best quality CBD","publisher":{"@id":"https:\/\/www.gardenz.fr\/news\/#organization"},"potentialAction":[{"@type":"SearchAction","target":{"@type":"EntryPoint","urlTemplate":"https:\/\/www.gardenz.fr\/news\/?s={search_term_string}"},"query-input":{"@type":"PropertyValueSpecification","valueRequired":true,"valueName":"search_term_string"}}],"inLanguage":"fr-FR"},{"@type":"Organization","@id":"https:\/\/www.gardenz.fr\/news\/#organization","name":"Le Blog de Gardenz","url":"https:\/\/www.gardenz.fr\/news\/","logo":{"@type":"ImageObject","inLanguage":"fr-FR","@id":"https:\/\/www.gardenz.fr\/news\/#\/schema\/logo\/image\/","url":"https:\/\/www.gardenz.fr\/news\/wp-content\/uploads\/2022\/06\/logo-gardenz-feuille-blanc-final.png","contentUrl":"https:\/\/www.gardenz.fr\/news\/wp-content\/uploads\/2022\/06\/logo-gardenz-feuille-blanc-final.png","width":459,"height":200,"caption":"Le Blog de Gardenz"},"image":{"@id":"https:\/\/www.gardenz.fr\/news\/#\/schema\/logo\/image\/"}},{"@type":"Person","@id":"https:\/\/www.gardenz.fr\/news\/#\/schema\/person\/4c29b13eadec7d3b7f81d3dc8253aa72","name":"Idan Melicio","image":{"@type":"ImageObject","inLanguage":"fr-FR","@id":"https:\/\/secure.gravatar.com\/avatar\/a4fed9bf268062e3c5884e1b9288f4a54517dd9041d8c562678849f7f1c1eb43?s=96&d=mm&r=g","url":"https:\/\/secure.gravatar.com\/avatar\/a4fed9bf268062e3c5884e1b9288f4a54517dd9041d8c562678849f7f1c1eb43?s=96&d=mm&r=g","contentUrl":"https:\/\/secure.gravatar.com\/avatar\/a4fed9bf268062e3c5884e1b9288f4a54517dd9041d8c562678849f7f1c1eb43?s=96&d=mm&r=g","caption":"Idan Melicio"},"url":"https:\/\/www.gardenz.fr\/news\/author\/idan-milecio\/"}]}},"_links":{"self":[{"href":"https:\/\/www.gardenz.fr\/news\/wp-json\/wp\/v2\/posts\/18378","targetHints":{"allow":["GET"]}}],"collection":[{"href":"https:\/\/www.gardenz.fr\/news\/wp-json\/wp\/v2\/posts"}],"about":[{"href":"https:\/\/www.gardenz.fr\/news\/wp-json\/wp\/v2\/types\/post"}],"author":[{"embeddable":true,"href":"https:\/\/www.gardenz.fr\/news\/wp-json\/wp\/v2\/users\/18"}],"replies":[{"embeddable":true,"href":"https:\/\/www.gardenz.fr\/news\/wp-json\/wp\/v2\/comments?post=18378"}],"version-history":[{"count":3,"href":"https:\/\/www.gardenz.fr\/news\/wp-json\/wp\/v2\/posts\/18378\/revisions"}],"predecessor-version":[{"id":18719,"href":"https:\/\/www.gardenz.fr\/news\/wp-json\/wp\/v2\/posts\/18378\/revisions\/18719"}],"wp:featuredmedia":[{"embeddable":true,"href":"https:\/\/www.gardenz.fr\/news\/wp-json\/wp\/v2\/media\/18377"}],"wp:attachment":[{"href":"https:\/\/www.gardenz.fr\/news\/wp-json\/wp\/v2\/media?parent=18378"}],"wp:term":[{"taxonomy":"category","embeddable":true,"href":"https:\/\/www.gardenz.fr\/news\/wp-json\/wp\/v2\/categories?post=18378"},{"taxonomy":"post_tag","embeddable":true,"href":"https:\/\/www.gardenz.fr\/news\/wp-json\/wp\/v2\/tags?post=18378"}],"curies":[{"name":"wp","href":"https:\/\/api.w.org\/{rel}","templated":true}]}}