{"id":18380,"date":"2025-05-23T11:21:09","date_gmt":"2025-05-23T09:21:09","guid":{"rendered":"https:\/\/www.gardenz.fr\/news\/2025\/05\/23\/lindustrie-medicale-portugaise-sous-enquete-criminelle\/"},"modified":"2025-07-21T16:48:56","modified_gmt":"2025-07-21T14:48:56","slug":"lindustrie-medicale-portugaise-sous-enquete-criminelle","status":"publish","type":"post","link":"https:\/\/www.gardenz.fr\/news\/2025\/05\/23\/lindustrie-medicale-portugaise-sous-enquete-criminelle\/","title":{"rendered":"L&rsquo;industrie m\u00e9dicale portugaise sous enqu\u00eate criminelle"},"content":{"rendered":"\t\t<div data-elementor-type=\"wp-post\" data-elementor-id=\"18380\" class=\"elementor elementor-18380\">\n\t\t\t\t\t\t<section class=\"elementor-section elementor-top-section elementor-element elementor-element-57ece84d elementor-section-boxed elementor-section-height-default elementor-section-height-default\" data-id=\"57ece84d\" data-element_type=\"section\" data-e-type=\"section\">\n\t\t\t\t\t\t<div class=\"elementor-container elementor-column-gap-default\">\n\t\t\t\t\t<div class=\"elementor-column elementor-col-100 elementor-top-column elementor-element elementor-element-2bfeb2f6\" data-id=\"2bfeb2f6\" data-element_type=\"column\" data-e-type=\"column\">\n\t\t\t<div class=\"elementor-widget-wrap elementor-element-populated\">\n\t\t\t\t\t\t<div class=\"elementor-element elementor-element-1a0d21a8 elementor-widget elementor-widget-text-editor\" data-id=\"1a0d21a8\" data-element_type=\"widget\" data-e-type=\"widget\" data-widget_type=\"text-editor.default\">\n\t\t\t\t<div class=\"elementor-widget-container\">\n\t\t\t\t\t\t\t\t\t<div style=\"margin-left: 10%; margin-right: 10%;\">\n<h2>Un coup de tonnerre dans le ciel du cannabis m\u00e9dical portugais \u26a1<\/h2>\nDepuis quelques jours, le paysage du <a href=\"https:\/\/www.gardenz.fr\/310--delta-9-thc\">cannabis<\/a> m\u00e9dical au Portugal est secou\u00e9 par une temp\u00eate sans pr\u00e9c\u00e9dent. Toi qui suis l\u2019\u00e9volution du march\u00e9 europ\u00e9en avec attention, tu ne peux pas passer \u00e0 c\u00f4t\u00e9 de ce qui est en train de se jouer. La police judiciaire portugaise a lanc\u00e9 une vaste op\u00e9ration nomm\u00e9e \u00ab Erva Daninha \u00bb \u2013 mauvaise herbe \u2013 qui cible de nombreuses entreprises op\u00e9rant dans le secteur du cannabis m\u00e9dical. Cette action spectaculaire s\u00e8me le doute autour d\u2019un secteur jusqu\u2019ici per\u00e7u comme mod\u00e8le de rigueur et d\u2019innovation \ud83c\udf3f.\n<h2>Un r\u00e9seau en apparence l\u00e9gal, mais sous haute surveillance \ud83d\udc41\ufe0f<\/h2>\nTu le sais peut-\u00eatre : le Portugal est devenu ces derni\u00e8res ann\u00e9es un acteur de plus en plus respect\u00e9 dans l\u2019univers du cannabis th\u00e9rapeutique. Gr\u00e2ce \u00e0 un cadre l\u00e9gal souple mais exigent, le pays a attir\u00e9 de nombreuses entreprises, des investisseurs \u00e9trangers et des agriculteurs en reconversion. Pourtant, l\u2019enqu\u00eate r\u00e9v\u00e9l\u00e9e r\u00e9cemment montre que tout n\u2019est peut-\u00eatre pas aussi limpide qu&rsquo;il y para\u00eet \ud83d\udd75\ufe0f. Les autorit\u00e9s portugaises soup\u00e7onnent certaines structures d\u2019avoir franchi la ligne qui s\u00e9pare la production l\u00e9gale pour un usage m\u00e9dical du trafic international ill\u00e9gal \u00e0 grande \u00e9chelle.\n<h2>Des perquisitions \u00e0 grande \u00e9chelle pour faire la lumi\u00e8re \ud83e\uddfe<\/h2>\nPas moins de 64 mandats de perquisition ont \u00e9t\u00e9 d\u00e9livr\u00e9s et ex\u00e9cut\u00e9s \u00e0 travers tout le territoire portugais, de la r\u00e9gion nord jusqu\u2019\u00e0 l\u2019archipel de Mad\u00e8re, preuve du caract\u00e8re massif et coordonn\u00e9 de l\u2019op\u00e9ration. Cela d\u00e9montre \u00e0 quel point cette affaire est prise au s\u00e9rieux non seulement au niveau national, mais aussi europ\u00e9en. \u00c0 ce stade de l\u2019enqu\u00eate, plusieurs entreprises certifi\u00e9es sont dans le collimateur des autorit\u00e9s : entrep\u00f4ts, installations agricoles, bureaux administratifs\u2026 tout a \u00e9t\u00e9 pass\u00e9 au crible \ud83d\udd0e.\n<h2>Quels sont les enjeux de cette enqu\u00eate pour l&rsquo;industrie ? \u26a0\ufe0f<\/h2>\nSi tu t\u2019int\u00e9resses au d\u00e9veloppement du march\u00e9 du cannabis th\u00e9rapeutique en Europe, cette affaire soul\u00e8ve plusieurs questions cruciales. Peut-on garantir une tra\u00e7abilit\u00e9 totale du produit depuis la graine jusqu\u2019\u00e0 la prescription ? Est-il possible que des r\u00e9seaux ill\u00e9gaux infiltrent un secteur en apparence si r\u00e9glement\u00e9 ? L\u2019Op\u00e9ration Erva Daninha montre que des failles existent, et qu\u2019une demande mondiale en pleine expansion peut attiser les convoitises de groupes peu scrupuleux \ud83d\udcbc.\n<h2>Impact sur la perception du cannabis m\u00e9dical aupr\u00e8s du grand public \ud83d\ude36<\/h2>\nC\u00f4t\u00e9 image, l\u2019industrie n\u2019en sort pas indemne. M\u00eame si toutes les entreprises impliqu\u00e9es ne seront pas forc\u00e9ment jug\u00e9es coupables, l\u2019affaire est suffisamment m\u00e9diatis\u00e9e pour \u00e9veiller la m\u00e9fiance du consommateur, des patients et m\u00eame des autorit\u00e9s sanitaires d\u2019autres pays. Ce genre de scandale entache l\u2019ensemble du secteur, y compris les acteurs respectueux des normes, et pourrait ralentir les efforts de l\u00e9galisation ou de lib\u00e9ralisation dans d&rsquo;autres r\u00e9gions du monde \ud83e\udd2f.\n<h2>La r\u00e9gulation du cannabis m\u00e9dical \u00e0 l\u2019\u00e9preuve de la r\u00e9alit\u00e9 \ud83d\udd0d<\/h2>\nTu peux te rappeler que pour \u00eatre autoris\u00e9es au Portugal, les entreprises doivent r\u00e9pondre \u00e0 des exigences tr\u00e8s strictes : s\u00e9curit\u00e9 renforc\u00e9e, documentation exhaustive, contr\u00f4le des semences, conformit\u00e9 \u00e0 des standards europ\u00e9ens. Pourtant, cette affaire r\u00e9v\u00e8le que m\u00eame dans un environnement aussi r\u00e9glement\u00e9, le d\u00e9tournement est possible si les contr\u00f4les ne sont pas encore plus rigoureux. Cela appelle potentiellement \u00e0 un renforcement des mesures de transparence et d\u2019audit externe pour rassurer les parties prenantes \ud83d\udc6e.\n<h2>Une occasion de reb\u00e2tir sur des bases plus solides \ud83e\uddf1<\/h2>\nMais au-del\u00e0 du scandale, cette crise peut aussi \u00eatre per\u00e7ue comme une opportunit\u00e9. Si le Portugal parvient \u00e0 identifier les zones grises et \u00e0 les corriger, il en ressortira avec une industrie renforc\u00e9e, plus \u00e9thique, plus robuste et mieux pr\u00e9par\u00e9e \u00e0 s\u2019exporter en toute l\u00e9gitimit\u00e9. De m\u00eame, pour toi qui t\u2019int\u00e9resses \u00e0 l\u2019investissement ou au d\u00e9veloppement de produits \u00e0 base de cannabis, cette affaire rappelle l\u2019importance de privil\u00e9gier la transparence, la conformit\u00e9 et la tra\u00e7abilit\u00e9 \u00e0 toutes les \u00e9tapes du processus \ud83c\udf31.\n<h2>Les consommateurs et les patients au c\u0153ur du d\u00e9bat \u2764\ufe0f<\/h2>\nN\u2019oublions pas les principaux concern\u00e9s : les patients. Pour eux, la promesse du cannabis m\u00e9dical, c\u2019est un soulagement, un espoir, parfois une derni\u00e8re option face \u00e0 la douleur chronique ou aux effets secondaires de traitements lourds. Lorsqu\u2019une telle industrie est \u00e9clabouss\u00e9e par le soup\u00e7on de trafic, c\u2019est la confiance des malades qui vacille. Et sans cette confiance, aucun avenir viable pour le cannabis th\u00e9rapeutique n\u2019est envisageable \ud83d\udd17.\n<h2>Et maintenant ? Une affaire \u00e0 suivre de pr\u00e8s \ud83d\udc63<\/h2>\nTant que l\u2019enqu\u00eate suit son cours, il faut rester lucide et \u00e9viter de jeter l\u2019opprobre sur l\u2019ensemble des professionnels du secteur. Cependant, c\u2019est un signal fort envoy\u00e9 aux autorit\u00e9s de r\u00e9gulation et aux entreprises : l\u2019heure est \u00e0 la vigilance, \u00e0 l\u2019\u00e9thique, et \u00e0 une plus grande coop\u00e9ration internationale pour s\u2019assurer que le cannabis m\u00e9dical reste ce qu\u2019il est cens\u00e9 \u00eatre : un rem\u00e8de, pas un canal pour les r\u00e9seaux mafieux \ud83c\udf10. <a href=\"https:\/\/gardenz.fr\/news\">Tu veux continuer ta lecture ? D\u00e9couvre d&rsquo;autres articles en cliquant ici.<\/a><\/div>\n\n<div class=\"wp-block-group is-layout-constrained wp-block-group-is-layout-constrained\">\n<div class=\"wp-block-columns is-layout-flex wp-container-core-columns-is-layout-28f84493 wp-block-columns-is-layout-flex\">\n<div class=\"wp-block-column is-layout-flow wp-block-column-is-layout-flow\" style=\"flex-basis:20%\">\n<figure class=\"wp-block-image size-full\"><a href=\"https:\/\/www.gardenz.fr\/3-fleur-de-chanvre-cbd\"><img fetchpriority=\"high\" decoding=\"async\" width=\"424\" height=\"600\" src=\"https:\/\/www.gardenz.fr\/news\/wp-content\/uploads\/2025\/03\/FLEUR-DE-CHANVRE-CBD.webp\" alt=\"FLEUR-DE-CHANVRE-CBD\" class=\"wp-image-17519\" srcset=\"https:\/\/www.gardenz.fr\/news\/wp-content\/uploads\/2025\/03\/FLEUR-DE-CHANVRE-CBD.webp 424w, https:\/\/www.gardenz.fr\/news\/wp-content\/uploads\/2025\/03\/FLEUR-DE-CHANVRE-CBD-212x300.webp 212w\" sizes=\"(max-width: 424px) 100vw, 424px\" \/><\/a><\/figure>\n<\/div>\n\n\n\n<div class=\"wp-block-column is-layout-flow wp-block-column-is-layout-flow\" style=\"flex-basis:20%\">\n<figure class=\"wp-block-image size-full\"><a href=\"https:\/\/www.gardenz.fr\/6--resine-cbd\"><img decoding=\"async\" width=\"424\" height=\"600\" src=\"https:\/\/www.gardenz.fr\/news\/wp-content\/uploads\/2025\/03\/RESINE-CBD.webp\" alt=\"R\u00c9SINE-CBD\" class=\"wp-image-17515\" srcset=\"https:\/\/www.gardenz.fr\/news\/wp-content\/uploads\/2025\/03\/RESINE-CBD.webp 424w, https:\/\/www.gardenz.fr\/news\/wp-content\/uploads\/2025\/03\/RESINE-CBD-212x300.webp 212w\" sizes=\"(max-width: 424px) 100vw, 424px\" \/><\/a><\/figure>\n<\/div>\n\n\n\n<div class=\"wp-block-column is-layout-flow wp-block-column-is-layout-flow\" style=\"flex-basis:20%\">\n<figure class=\"wp-block-image size-full\"><a href=\"https:\/\/www.gardenz.fr\/511--weed-psycho\"><img decoding=\"async\" width=\"424\" height=\"600\" src=\"https:\/\/www.gardenz.fr\/news\/wp-content\/uploads\/2025\/03\/PSYCHOACTIFS.webp\" alt=\"PSYCHOACTIFS\" class=\"wp-image-17517\" srcset=\"https:\/\/www.gardenz.fr\/news\/wp-content\/uploads\/2025\/03\/PSYCHOACTIFS.webp 424w, https:\/\/www.gardenz.fr\/news\/wp-content\/uploads\/2025\/03\/PSYCHOACTIFS-212x300.webp 212w\" sizes=\"(max-width: 424px) 100vw, 424px\" \/><\/a><\/figure>\n<\/div>\n\n\n\n<div class=\"wp-block-column is-layout-flow wp-block-column-is-layout-flow\" style=\"flex-basis:20%\">\n<figure class=\"wp-block-image size-full\"><a href=\"https:\/\/www.gardenz.fr\/562--accessoires-weed\"><img loading=\"lazy\" decoding=\"async\" width=\"424\" height=\"600\" src=\"https:\/\/www.gardenz.fr\/news\/wp-content\/uploads\/2025\/03\/ACCESSOIRED.webp\" alt=\"\" class=\"wp-image-17520\" srcset=\"https:\/\/www.gardenz.fr\/news\/wp-content\/uploads\/2025\/03\/ACCESSOIRED.webp 424w, https:\/\/www.gardenz.fr\/news\/wp-content\/uploads\/2025\/03\/ACCESSOIRED-212x300.webp 212w\" sizes=\"(max-width: 424px) 100vw, 424px\" \/><\/a><\/figure>\n<\/div>\n\n\n\n<div class=\"wp-block-column is-layout-flow wp-block-column-is-layout-flow\" style=\"flex-basis:20%\">\n<figure class=\"wp-block-image size-full\"><a href=\"https:\/\/www.gardenz.fr\/284--vaporisateur-weed\"><img loading=\"lazy\" decoding=\"async\" width=\"424\" height=\"600\" src=\"https:\/\/www.gardenz.fr\/news\/wp-content\/uploads\/2025\/03\/VAPORISATEUR-WEED.webp\" alt=\"VAPORISATEUR-WEED\" class=\"wp-image-17514\" srcset=\"https:\/\/www.gardenz.fr\/news\/wp-content\/uploads\/2025\/03\/VAPORISATEUR-WEED.webp 424w, https:\/\/www.gardenz.fr\/news\/wp-content\/uploads\/2025\/03\/VAPORISATEUR-WEED-212x300.webp 212w\" sizes=\"(max-width: 424px) 100vw, 424px\" \/><\/a><\/figure>\n<\/div>\n<\/div>\n<\/div>\n\t\t\t\t\t\t\t\t<\/div>\n\t\t\t\t<\/div>\n\t\t\t\t\t<\/div>\n\t\t<\/div>\n\t\t\t\t\t<\/div>\n\t\t<\/section>\n\t\t\t\t<\/div>\n\t\t","protected":false},"excerpt":{"rendered":"<p>Un coup de tonnerre dans le ciel du cannabis m\u00e9dical portugais \u26a1 Depuis quelques jours, le paysage du cannabis m\u00e9dical au Portugal est secou\u00e9 par une temp\u00eate sans pr\u00e9c\u00e9dent. Toi qui suis l\u2019\u00e9volution du march\u00e9 europ\u00e9en avec attention, tu ne peux pas passer \u00e0 c\u00f4t\u00e9 de ce qui est en train de se jouer. La [&hellip;]<\/p>\n","protected":false},"author":18,"featured_media":18379,"comment_status":"closed","ping_status":"closed","sticky":false,"template":"","format":"standard","meta":{"site-sidebar-layout":"default","site-content-layout":"","ast-site-content-layout":"default","site-content-style":"default","site-sidebar-style":"default","ast-global-header-display":"","ast-banner-title-visibility":"","ast-main-header-display":"","ast-hfb-above-header-display":"","ast-hfb-below-header-display":"","ast-hfb-mobile-header-display":"","site-post-title":"","ast-breadcrumbs-content":"","ast-featured-img":"","footer-sml-layout":"","ast-disable-related-posts":"","theme-transparent-header-meta":"","adv-header-id-meta":"","stick-header-meta":"","header-above-stick-meta":"","header-main-stick-meta":"","header-below-stick-meta":"","astra-migrate-meta-layouts":"default","ast-page-background-enabled":"default","ast-page-background-meta":{"desktop":{"background-color":"var(--ast-global-color-4)","background-image":"","background-repeat":"repeat","background-position":"center center","background-size":"auto","background-attachment":"scroll","background-type":"","background-media":"","overlay-type":"","overlay-color":"","overlay-opacity":"","overlay-gradient":""},"tablet":{"background-color":"","background-image":"","background-repeat":"repeat","background-position":"center center","background-size":"auto","background-attachment":"scroll","background-type":"","background-media":"","overlay-type":"","overlay-color":"","overlay-opacity":"","overlay-gradient":""},"mobile":{"background-color":"","background-image":"","background-repeat":"repeat","background-position":"center center","background-size":"auto","background-attachment":"scroll","background-type":"","background-media":"","overlay-type":"","overlay-color":"","overlay-opacity":"","overlay-gradient":""}},"ast-content-background-meta":{"desktop":{"background-color":"var(--ast-global-color-5)","background-image":"","background-repeat":"repeat","background-position":"center center","background-size":"auto","background-attachment":"scroll","background-type":"","background-media":"","overlay-type":"","overlay-color":"","overlay-opacity":"","overlay-gradient":""},"tablet":{"background-color":"var(--ast-global-color-5)","background-image":"","background-repeat":"repeat","background-position":"center center","background-size":"auto","background-attachment":"scroll","background-type":"","background-media":"","overlay-type":"","overlay-color":"","overlay-opacity":"","overlay-gradient":""},"mobile":{"background-color":"var(--ast-global-color-5)","background-image":"","background-repeat":"repeat","background-position":"center center","background-size":"auto","background-attachment":"scroll","background-type":"","background-media":"","overlay-type":"","overlay-color":"","overlay-opacity":"","overlay-gradient":""}},"footnotes":""},"categories":[1],"tags":[],"class_list":["post-18380","post","type-post","status-publish","format-standard","has-post-thumbnail","hentry","category-non-classe"],"yoast_head":"<!-- This site is optimized with the Yoast SEO plugin v27.5 - https:\/\/yoast.com\/product\/yoast-seo-wordpress\/ -->\n<title>\ud83d\udd0d L&#039;industrie m\u00e9dicale portugaise sous enqu\u00eate criminelle<\/title>\n<meta name=\"description\" content=\"\ud83d\udd0e L&#039;industrie m\u00e9dicale portugaise sous enqu\u00eate criminelle : d\u00e9couvrez les derniers d\u00e9veloppements.\" \/>\n<meta name=\"robots\" content=\"index, follow, max-snippet:-1, max-image-preview:large, max-video-preview:-1\" \/>\n<link rel=\"canonical\" href=\"https:\/\/www.gardenz.fr\/news\/2025\/05\/23\/lindustrie-medicale-portugaise-sous-enquete-criminelle\/\" \/>\n<meta property=\"og:locale\" content=\"fr_FR\" \/>\n<meta property=\"og:type\" content=\"article\" \/>\n<meta property=\"og:title\" content=\"\ud83d\udd0d L&#039;industrie m\u00e9dicale portugaise sous enqu\u00eate criminelle\" \/>\n<meta property=\"og:description\" content=\"\ud83d\udd0e L&#039;industrie m\u00e9dicale portugaise sous enqu\u00eate criminelle : d\u00e9couvrez les derniers d\u00e9veloppements.\" \/>\n<meta property=\"og:url\" content=\"https:\/\/www.gardenz.fr\/news\/2025\/05\/23\/lindustrie-medicale-portugaise-sous-enquete-criminelle\/\" \/>\n<meta property=\"og:site_name\" content=\"Le Blog de Gardenz\" \/>\n<meta property=\"article:published_time\" content=\"2025-05-23T09:21:09+00:00\" \/>\n<meta property=\"article:modified_time\" content=\"2025-07-21T14:48:56+00:00\" \/>\n<meta property=\"og:image\" content=\"https:\/\/www.gardenz.fr\/news\/wp-content\/uploads\/2025\/05\/Lindustrie-medicale-portugaise-sous-enquete-criminellesanitize-2025-05-23T092106.862Z.jpg\" \/>\n\t<meta property=\"og:image:width\" content=\"900\" \/>\n\t<meta property=\"og:image:height\" content=\"250\" \/>\n\t<meta property=\"og:image:type\" content=\"image\/jpeg\" \/>\n<meta name=\"author\" content=\"Idan Melicio\" \/>\n<meta name=\"twitter:card\" content=\"summary_large_image\" \/>\n<meta name=\"twitter:label1\" content=\"\u00c9crit par\" \/>\n\t<meta name=\"twitter:data1\" content=\"Idan Melicio\" \/>\n\t<meta name=\"twitter:label2\" content=\"Dur\u00e9e de lecture estim\u00e9e\" \/>\n\t<meta name=\"twitter:data2\" content=\"8 minutes\" \/>\n<script type=\"application\/ld+json\" class=\"yoast-schema-graph\">{\"@context\":\"https:\\\/\\\/schema.org\",\"@graph\":[{\"@type\":\"Article\",\"@id\":\"https:\\\/\\\/www.gardenz.fr\\\/news\\\/2025\\\/05\\\/23\\\/lindustrie-medicale-portugaise-sous-enquete-criminelle\\\/#article\",\"isPartOf\":{\"@id\":\"https:\\\/\\\/www.gardenz.fr\\\/news\\\/2025\\\/05\\\/23\\\/lindustrie-medicale-portugaise-sous-enquete-criminelle\\\/\"},\"author\":{\"name\":\"Idan Melicio\",\"@id\":\"https:\\\/\\\/www.gardenz.fr\\\/news\\\/#\\\/schema\\\/person\\\/4c29b13eadec7d3b7f81d3dc8253aa72\"},\"headline\":\"L&rsquo;industrie m\u00e9dicale portugaise sous enqu\u00eate criminelle\",\"datePublished\":\"2025-05-23T09:21:09+00:00\",\"dateModified\":\"2025-07-21T14:48:56+00:00\",\"mainEntityOfPage\":{\"@id\":\"https:\\\/\\\/www.gardenz.fr\\\/news\\\/2025\\\/05\\\/23\\\/lindustrie-medicale-portugaise-sous-enquete-criminelle\\\/\"},\"wordCount\":917,\"publisher\":{\"@id\":\"https:\\\/\\\/www.gardenz.fr\\\/news\\\/#organization\"},\"image\":{\"@id\":\"https:\\\/\\\/www.gardenz.fr\\\/news\\\/2025\\\/05\\\/23\\\/lindustrie-medicale-portugaise-sous-enquete-criminelle\\\/#primaryimage\"},\"thumbnailUrl\":\"https:\\\/\\\/www.gardenz.fr\\\/news\\\/wp-content\\\/uploads\\\/2025\\\/05\\\/Lindustrie-medicale-portugaise-sous-enquete-criminellesanitize-2025-05-23T092106.862Z.jpg\",\"articleSection\":[\"GENERAL\"],\"inLanguage\":\"fr-FR\"},{\"@type\":\"WebPage\",\"@id\":\"https:\\\/\\\/www.gardenz.fr\\\/news\\\/2025\\\/05\\\/23\\\/lindustrie-medicale-portugaise-sous-enquete-criminelle\\\/\",\"url\":\"https:\\\/\\\/www.gardenz.fr\\\/news\\\/2025\\\/05\\\/23\\\/lindustrie-medicale-portugaise-sous-enquete-criminelle\\\/\",\"name\":\"\ud83d\udd0d L'industrie m\u00e9dicale portugaise sous enqu\u00eate criminelle\",\"isPartOf\":{\"@id\":\"https:\\\/\\\/www.gardenz.fr\\\/news\\\/#website\"},\"primaryImageOfPage\":{\"@id\":\"https:\\\/\\\/www.gardenz.fr\\\/news\\\/2025\\\/05\\\/23\\\/lindustrie-medicale-portugaise-sous-enquete-criminelle\\\/#primaryimage\"},\"image\":{\"@id\":\"https:\\\/\\\/www.gardenz.fr\\\/news\\\/2025\\\/05\\\/23\\\/lindustrie-medicale-portugaise-sous-enquete-criminelle\\\/#primaryimage\"},\"thumbnailUrl\":\"https:\\\/\\\/www.gardenz.fr\\\/news\\\/wp-content\\\/uploads\\\/2025\\\/05\\\/Lindustrie-medicale-portugaise-sous-enquete-criminellesanitize-2025-05-23T092106.862Z.jpg\",\"datePublished\":\"2025-05-23T09:21:09+00:00\",\"dateModified\":\"2025-07-21T14:48:56+00:00\",\"description\":\"\ud83d\udd0e L'industrie m\u00e9dicale portugaise sous enqu\u00eate criminelle : d\u00e9couvrez les derniers d\u00e9veloppements.\",\"breadcrumb\":{\"@id\":\"https:\\\/\\\/www.gardenz.fr\\\/news\\\/2025\\\/05\\\/23\\\/lindustrie-medicale-portugaise-sous-enquete-criminelle\\\/#breadcrumb\"},\"inLanguage\":\"fr-FR\",\"potentialAction\":[{\"@type\":\"ReadAction\",\"target\":[\"https:\\\/\\\/www.gardenz.fr\\\/news\\\/2025\\\/05\\\/23\\\/lindustrie-medicale-portugaise-sous-enquete-criminelle\\\/\"]}]},{\"@type\":\"ImageObject\",\"inLanguage\":\"fr-FR\",\"@id\":\"https:\\\/\\\/www.gardenz.fr\\\/news\\\/2025\\\/05\\\/23\\\/lindustrie-medicale-portugaise-sous-enquete-criminelle\\\/#primaryimage\",\"url\":\"https:\\\/\\\/www.gardenz.fr\\\/news\\\/wp-content\\\/uploads\\\/2025\\\/05\\\/Lindustrie-medicale-portugaise-sous-enquete-criminellesanitize-2025-05-23T092106.862Z.jpg\",\"contentUrl\":\"https:\\\/\\\/www.gardenz.fr\\\/news\\\/wp-content\\\/uploads\\\/2025\\\/05\\\/Lindustrie-medicale-portugaise-sous-enquete-criminellesanitize-2025-05-23T092106.862Z.jpg\",\"width\":900,\"height\":250,\"caption\":\"L'industrie m\u00e9dicale portugaise sous enqu\u00eate criminelle\"},{\"@type\":\"BreadcrumbList\",\"@id\":\"https:\\\/\\\/www.gardenz.fr\\\/news\\\/2025\\\/05\\\/23\\\/lindustrie-medicale-portugaise-sous-enquete-criminelle\\\/#breadcrumb\",\"itemListElement\":[{\"@type\":\"ListItem\",\"position\":1,\"name\":\"Accueil\",\"item\":\"https:\\\/\\\/www.gardenz.fr\\\/news\\\/\"},{\"@type\":\"ListItem\",\"position\":2,\"name\":\"L&rsquo;industrie m\u00e9dicale portugaise sous enqu\u00eate criminelle\"}]},{\"@type\":\"WebSite\",\"@id\":\"https:\\\/\\\/www.gardenz.fr\\\/news\\\/#website\",\"url\":\"https:\\\/\\\/www.gardenz.fr\\\/news\\\/\",\"name\":\"Le Blog de Gardenz\",\"description\":\"Best quality CBD\",\"publisher\":{\"@id\":\"https:\\\/\\\/www.gardenz.fr\\\/news\\\/#organization\"},\"potentialAction\":[{\"@type\":\"SearchAction\",\"target\":{\"@type\":\"EntryPoint\",\"urlTemplate\":\"https:\\\/\\\/www.gardenz.fr\\\/news\\\/?s={search_term_string}\"},\"query-input\":{\"@type\":\"PropertyValueSpecification\",\"valueRequired\":true,\"valueName\":\"search_term_string\"}}],\"inLanguage\":\"fr-FR\"},{\"@type\":\"Organization\",\"@id\":\"https:\\\/\\\/www.gardenz.fr\\\/news\\\/#organization\",\"name\":\"Le Blog de Gardenz\",\"url\":\"https:\\\/\\\/www.gardenz.fr\\\/news\\\/\",\"logo\":{\"@type\":\"ImageObject\",\"inLanguage\":\"fr-FR\",\"@id\":\"https:\\\/\\\/www.gardenz.fr\\\/news\\\/#\\\/schema\\\/logo\\\/image\\\/\",\"url\":\"https:\\\/\\\/www.gardenz.fr\\\/news\\\/wp-content\\\/uploads\\\/2022\\\/06\\\/logo-gardenz-feuille-blanc-final.png\",\"contentUrl\":\"https:\\\/\\\/www.gardenz.fr\\\/news\\\/wp-content\\\/uploads\\\/2022\\\/06\\\/logo-gardenz-feuille-blanc-final.png\",\"width\":459,\"height\":200,\"caption\":\"Le Blog de Gardenz\"},\"image\":{\"@id\":\"https:\\\/\\\/www.gardenz.fr\\\/news\\\/#\\\/schema\\\/logo\\\/image\\\/\"}},{\"@type\":\"Person\",\"@id\":\"https:\\\/\\\/www.gardenz.fr\\\/news\\\/#\\\/schema\\\/person\\\/4c29b13eadec7d3b7f81d3dc8253aa72\",\"name\":\"Idan Melicio\",\"image\":{\"@type\":\"ImageObject\",\"inLanguage\":\"fr-FR\",\"@id\":\"https:\\\/\\\/secure.gravatar.com\\\/avatar\\\/a4fed9bf268062e3c5884e1b9288f4a54517dd9041d8c562678849f7f1c1eb43?s=96&d=mm&r=g\",\"url\":\"https:\\\/\\\/secure.gravatar.com\\\/avatar\\\/a4fed9bf268062e3c5884e1b9288f4a54517dd9041d8c562678849f7f1c1eb43?s=96&d=mm&r=g\",\"contentUrl\":\"https:\\\/\\\/secure.gravatar.com\\\/avatar\\\/a4fed9bf268062e3c5884e1b9288f4a54517dd9041d8c562678849f7f1c1eb43?s=96&d=mm&r=g\",\"caption\":\"Idan Melicio\"},\"url\":\"https:\\\/\\\/www.gardenz.fr\\\/news\\\/author\\\/idan-milecio\\\/\"}]}<\/script>\n<!-- \/ Yoast SEO plugin. -->","yoast_head_json":{"title":"\ud83d\udd0d L'industrie m\u00e9dicale portugaise sous enqu\u00eate criminelle","description":"\ud83d\udd0e L'industrie m\u00e9dicale portugaise sous enqu\u00eate criminelle : d\u00e9couvrez les derniers d\u00e9veloppements.","robots":{"index":"index","follow":"follow","max-snippet":"max-snippet:-1","max-image-preview":"max-image-preview:large","max-video-preview":"max-video-preview:-1"},"canonical":"https:\/\/www.gardenz.fr\/news\/2025\/05\/23\/lindustrie-medicale-portugaise-sous-enquete-criminelle\/","og_locale":"fr_FR","og_type":"article","og_title":"\ud83d\udd0d L'industrie m\u00e9dicale portugaise sous enqu\u00eate criminelle","og_description":"\ud83d\udd0e L'industrie m\u00e9dicale portugaise sous enqu\u00eate criminelle : d\u00e9couvrez les derniers d\u00e9veloppements.","og_url":"https:\/\/www.gardenz.fr\/news\/2025\/05\/23\/lindustrie-medicale-portugaise-sous-enquete-criminelle\/","og_site_name":"Le Blog de Gardenz","article_published_time":"2025-05-23T09:21:09+00:00","article_modified_time":"2025-07-21T14:48:56+00:00","og_image":[{"width":900,"height":250,"url":"https:\/\/www.gardenz.fr\/news\/wp-content\/uploads\/2025\/05\/Lindustrie-medicale-portugaise-sous-enquete-criminellesanitize-2025-05-23T092106.862Z.jpg","type":"image\/jpeg"}],"author":"Idan Melicio","twitter_card":"summary_large_image","twitter_misc":{"\u00c9crit par":"Idan Melicio","Dur\u00e9e de lecture estim\u00e9e":"8 minutes"},"schema":{"@context":"https:\/\/schema.org","@graph":[{"@type":"Article","@id":"https:\/\/www.gardenz.fr\/news\/2025\/05\/23\/lindustrie-medicale-portugaise-sous-enquete-criminelle\/#article","isPartOf":{"@id":"https:\/\/www.gardenz.fr\/news\/2025\/05\/23\/lindustrie-medicale-portugaise-sous-enquete-criminelle\/"},"author":{"name":"Idan Melicio","@id":"https:\/\/www.gardenz.fr\/news\/#\/schema\/person\/4c29b13eadec7d3b7f81d3dc8253aa72"},"headline":"L&rsquo;industrie m\u00e9dicale portugaise sous enqu\u00eate criminelle","datePublished":"2025-05-23T09:21:09+00:00","dateModified":"2025-07-21T14:48:56+00:00","mainEntityOfPage":{"@id":"https:\/\/www.gardenz.fr\/news\/2025\/05\/23\/lindustrie-medicale-portugaise-sous-enquete-criminelle\/"},"wordCount":917,"publisher":{"@id":"https:\/\/www.gardenz.fr\/news\/#organization"},"image":{"@id":"https:\/\/www.gardenz.fr\/news\/2025\/05\/23\/lindustrie-medicale-portugaise-sous-enquete-criminelle\/#primaryimage"},"thumbnailUrl":"https:\/\/www.gardenz.fr\/news\/wp-content\/uploads\/2025\/05\/Lindustrie-medicale-portugaise-sous-enquete-criminellesanitize-2025-05-23T092106.862Z.jpg","articleSection":["GENERAL"],"inLanguage":"fr-FR"},{"@type":"WebPage","@id":"https:\/\/www.gardenz.fr\/news\/2025\/05\/23\/lindustrie-medicale-portugaise-sous-enquete-criminelle\/","url":"https:\/\/www.gardenz.fr\/news\/2025\/05\/23\/lindustrie-medicale-portugaise-sous-enquete-criminelle\/","name":"\ud83d\udd0d L'industrie m\u00e9dicale portugaise sous enqu\u00eate criminelle","isPartOf":{"@id":"https:\/\/www.gardenz.fr\/news\/#website"},"primaryImageOfPage":{"@id":"https:\/\/www.gardenz.fr\/news\/2025\/05\/23\/lindustrie-medicale-portugaise-sous-enquete-criminelle\/#primaryimage"},"image":{"@id":"https:\/\/www.gardenz.fr\/news\/2025\/05\/23\/lindustrie-medicale-portugaise-sous-enquete-criminelle\/#primaryimage"},"thumbnailUrl":"https:\/\/www.gardenz.fr\/news\/wp-content\/uploads\/2025\/05\/Lindustrie-medicale-portugaise-sous-enquete-criminellesanitize-2025-05-23T092106.862Z.jpg","datePublished":"2025-05-23T09:21:09+00:00","dateModified":"2025-07-21T14:48:56+00:00","description":"\ud83d\udd0e L'industrie m\u00e9dicale portugaise sous enqu\u00eate criminelle : d\u00e9couvrez les derniers d\u00e9veloppements.","breadcrumb":{"@id":"https:\/\/www.gardenz.fr\/news\/2025\/05\/23\/lindustrie-medicale-portugaise-sous-enquete-criminelle\/#breadcrumb"},"inLanguage":"fr-FR","potentialAction":[{"@type":"ReadAction","target":["https:\/\/www.gardenz.fr\/news\/2025\/05\/23\/lindustrie-medicale-portugaise-sous-enquete-criminelle\/"]}]},{"@type":"ImageObject","inLanguage":"fr-FR","@id":"https:\/\/www.gardenz.fr\/news\/2025\/05\/23\/lindustrie-medicale-portugaise-sous-enquete-criminelle\/#primaryimage","url":"https:\/\/www.gardenz.fr\/news\/wp-content\/uploads\/2025\/05\/Lindustrie-medicale-portugaise-sous-enquete-criminellesanitize-2025-05-23T092106.862Z.jpg","contentUrl":"https:\/\/www.gardenz.fr\/news\/wp-content\/uploads\/2025\/05\/Lindustrie-medicale-portugaise-sous-enquete-criminellesanitize-2025-05-23T092106.862Z.jpg","width":900,"height":250,"caption":"L'industrie m\u00e9dicale portugaise sous enqu\u00eate criminelle"},{"@type":"BreadcrumbList","@id":"https:\/\/www.gardenz.fr\/news\/2025\/05\/23\/lindustrie-medicale-portugaise-sous-enquete-criminelle\/#breadcrumb","itemListElement":[{"@type":"ListItem","position":1,"name":"Accueil","item":"https:\/\/www.gardenz.fr\/news\/"},{"@type":"ListItem","position":2,"name":"L&rsquo;industrie m\u00e9dicale portugaise sous enqu\u00eate criminelle"}]},{"@type":"WebSite","@id":"https:\/\/www.gardenz.fr\/news\/#website","url":"https:\/\/www.gardenz.fr\/news\/","name":"Le Blog de Gardenz","description":"Best quality CBD","publisher":{"@id":"https:\/\/www.gardenz.fr\/news\/#organization"},"potentialAction":[{"@type":"SearchAction","target":{"@type":"EntryPoint","urlTemplate":"https:\/\/www.gardenz.fr\/news\/?s={search_term_string}"},"query-input":{"@type":"PropertyValueSpecification","valueRequired":true,"valueName":"search_term_string"}}],"inLanguage":"fr-FR"},{"@type":"Organization","@id":"https:\/\/www.gardenz.fr\/news\/#organization","name":"Le Blog de Gardenz","url":"https:\/\/www.gardenz.fr\/news\/","logo":{"@type":"ImageObject","inLanguage":"fr-FR","@id":"https:\/\/www.gardenz.fr\/news\/#\/schema\/logo\/image\/","url":"https:\/\/www.gardenz.fr\/news\/wp-content\/uploads\/2022\/06\/logo-gardenz-feuille-blanc-final.png","contentUrl":"https:\/\/www.gardenz.fr\/news\/wp-content\/uploads\/2022\/06\/logo-gardenz-feuille-blanc-final.png","width":459,"height":200,"caption":"Le Blog de Gardenz"},"image":{"@id":"https:\/\/www.gardenz.fr\/news\/#\/schema\/logo\/image\/"}},{"@type":"Person","@id":"https:\/\/www.gardenz.fr\/news\/#\/schema\/person\/4c29b13eadec7d3b7f81d3dc8253aa72","name":"Idan Melicio","image":{"@type":"ImageObject","inLanguage":"fr-FR","@id":"https:\/\/secure.gravatar.com\/avatar\/a4fed9bf268062e3c5884e1b9288f4a54517dd9041d8c562678849f7f1c1eb43?s=96&d=mm&r=g","url":"https:\/\/secure.gravatar.com\/avatar\/a4fed9bf268062e3c5884e1b9288f4a54517dd9041d8c562678849f7f1c1eb43?s=96&d=mm&r=g","contentUrl":"https:\/\/secure.gravatar.com\/avatar\/a4fed9bf268062e3c5884e1b9288f4a54517dd9041d8c562678849f7f1c1eb43?s=96&d=mm&r=g","caption":"Idan Melicio"},"url":"https:\/\/www.gardenz.fr\/news\/author\/idan-milecio\/"}]}},"_links":{"self":[{"href":"https:\/\/www.gardenz.fr\/news\/wp-json\/wp\/v2\/posts\/18380","targetHints":{"allow":["GET"]}}],"collection":[{"href":"https:\/\/www.gardenz.fr\/news\/wp-json\/wp\/v2\/posts"}],"about":[{"href":"https:\/\/www.gardenz.fr\/news\/wp-json\/wp\/v2\/types\/post"}],"author":[{"embeddable":true,"href":"https:\/\/www.gardenz.fr\/news\/wp-json\/wp\/v2\/users\/18"}],"replies":[{"embeddable":true,"href":"https:\/\/www.gardenz.fr\/news\/wp-json\/wp\/v2\/comments?post=18380"}],"version-history":[{"count":4,"href":"https:\/\/www.gardenz.fr\/news\/wp-json\/wp\/v2\/posts\/18380\/revisions"}],"predecessor-version":[{"id":18716,"href":"https:\/\/www.gardenz.fr\/news\/wp-json\/wp\/v2\/posts\/18380\/revisions\/18716"}],"wp:featuredmedia":[{"embeddable":true,"href":"https:\/\/www.gardenz.fr\/news\/wp-json\/wp\/v2\/media\/18379"}],"wp:attachment":[{"href":"https:\/\/www.gardenz.fr\/news\/wp-json\/wp\/v2\/media?parent=18380"}],"wp:term":[{"taxonomy":"category","embeddable":true,"href":"https:\/\/www.gardenz.fr\/news\/wp-json\/wp\/v2\/categories?post=18380"},{"taxonomy":"post_tag","embeddable":true,"href":"https:\/\/www.gardenz.fr\/news\/wp-json\/wp\/v2\/tags?post=18380"}],"curies":[{"name":"wp","href":"https:\/\/api.w.org\/{rel}","templated":true}]}}