{"id":18390,"date":"2025-05-24T11:20:30","date_gmt":"2025-05-24T09:20:30","guid":{"rendered":"https:\/\/www.gardenz.fr\/news\/2025\/05\/24\/lallemagne-commence-a-delivrer-des-timbres-fiscaux-pour-les-fleurs-de-chanvre-sans-thc\/"},"modified":"2026-02-19T14:32:26","modified_gmt":"2026-02-19T13:32:26","slug":"lallemagne-commence-a-delivrer-des-timbres-fiscaux-pour-les-fleurs-de-chanvre-sans-thc","status":"publish","type":"post","link":"https:\/\/www.gardenz.fr\/news\/2025\/05\/24\/lallemagne-commence-a-delivrer-des-timbres-fiscaux-pour-les-fleurs-de-chanvre-sans-thc\/","title":{"rendered":"L&rsquo;Allemagne commence \u00e0 d\u00e9livrer des timbres fiscaux pour les fleurs de chanvre sans THC"},"content":{"rendered":"\t\t<div data-elementor-type=\"wp-post\" data-elementor-id=\"18390\" class=\"elementor elementor-18390\">\n\t\t\t\t\t\t<section class=\"elementor-section elementor-top-section elementor-element elementor-element-7fa15105 elementor-section-boxed elementor-section-height-default elementor-section-height-default\" data-id=\"7fa15105\" data-element_type=\"section\" data-e-type=\"section\">\n\t\t\t\t\t\t<div class=\"elementor-container elementor-column-gap-default\">\n\t\t\t\t\t<div class=\"elementor-column elementor-col-100 elementor-top-column elementor-element elementor-element-28f50010\" data-id=\"28f50010\" data-element_type=\"column\" data-e-type=\"column\">\n\t\t\t<div class=\"elementor-widget-wrap elementor-element-populated\">\n\t\t\t\t\t\t<div class=\"elementor-element elementor-element-648a7945 elementor-widget elementor-widget-text-editor\" data-id=\"648a7945\" data-element_type=\"widget\" data-e-type=\"widget\" data-widget_type=\"text-editor.default\">\n\t\t\t\t<div class=\"elementor-widget-container\">\n\t\t\t\t\t\t\t\t\t<div style=\"margin-left: 10%; margin-right: 10%;\">\n<h2>Une r\u00e9volution discr\u00e8te au c\u0153ur du chanvre \ud83c\udf3f<\/h2>\nTu l\u2019as peut-\u00eatre manqu\u00e9, mais un changement majeur vient de s\u2019op\u00e9rer chez nos voisins allemands. Imagine un monde o\u00f9 les fleurs de<a href=\"https:\/\/www.gardenz.fr\/175-cbd\"> CBD<\/a> sans <a href=\"https:\/\/www.gardenz.fr\/310--delta-9-thc\">THC<\/a> ne sont plus regard\u00e9es avec suspicion, mais avec l\u00e9gitimit\u00e9. C\u2019est d\u00e9sormais une r\u00e9alit\u00e9 en Allemagne, o\u00f9 pour la premi\u00e8re fois, une entreprise a obtenu un timbre fiscal officiel pour commercialiser ces <a href=\"https:\/\/www.gardenz.fr\/3-fleur-de-chanvre-cbd\">fleurs<\/a>\u2026 sous le r\u00e9gime du tabac ! \ud83d\ude2e Cette d\u00e9cision cr\u00e9e une v\u00e9ritable onde de choc dans l\u2019univers du cannabis l\u00e9gal en Europe, et ouvre de nouvelles perspectives pour l\u2019avenir du chanvre industriel et du CBD.\n<h2>Le timbre fiscal : un symbole puissant \ud83d\udcb0<\/h2>\nCe n\u2019est pas qu\u2019un simple autocollant. Le timbre fiscal repr\u00e9sente une reconnaissance juridique forte : celui d\u2019un produit de consommation et non d\u2019un stup\u00e9fiant. L\u00e0 o\u00f9, jusqu\u2019ici, la fronti\u00e8re entre l\u00e9galit\u00e9 et ill\u00e9galit\u00e9 restait floue pour les fleurs de CBD, l&rsquo;Allemagne tranche clairement. En les int\u00e9grant dans la loi sur la taxation du tabac, l\u2019\u00c9tat f\u00e9d\u00e9ral envoie un message clair : ces produits ont leur place sur les \u00e9tag\u00e8res, \u00e0 c\u00f4t\u00e9 d\u2019autres produits r\u00e9glement\u00e9s, et non dans les tiroirs d\u2019une zone grise juridique. \ud83e\uddfe\n<h2>Une premi\u00e8re dans l\u2019Union europ\u00e9enne \ud83c\uddea\ud83c\uddfa<\/h2>\nIl est rare de voir un pays faire un pas audacieux en mati\u00e8re de r\u00e9glementation du cannabis, surtout lorsque cela concerne le chanvre non psychotrope. L\u2019Allemagne devient ici pionni\u00e8re en reconnaissant officiellement l\u2019usage et la vente des fleurs sans THC dans un cadre clair, pr\u00e9visible et commercialement viable. Ce geste est lourd de cons\u00e9quences pour l\u2019ensemble des acteurs du secteur, depuis les cultivateurs jusqu\u2019aux d\u00e9taillants, et pourrait bien inspirer d&rsquo;autres \u00c9tats membres \u00e0 suivre le mouvement. \ud83c\udf0d\n<h2>Le chanvre, enfin trait\u00e9 comme une plante agricole \ud83c\udf3e<\/h2>\nTu le sais s\u00fbrement : le chanvre contient naturellement du CBD, une mol\u00e9cule non psychoactive utilis\u00e9e pour ses effets relaxants, mais aussi th\u00e9rapeutiques. Pourtant, malgr\u00e9 son absence d&rsquo;effet \u201cplanant\u201d, il a longtemps \u00e9t\u00e9 associ\u00e9, \u00e0 tort, aux stup\u00e9fiants. \ud83e\udd2f En traitant juridiquement la fleur comme un produit assimilable au tabac &#8211; et non comme du \u201ccannabis\u201d au sens p\u00e9nal &#8211; l\u2019Allemagne contribue \u00e0 faire tomber cette confusion tenace et injuste. R\u00e9sultat : les producteurs de chanvre peuvent d\u00e9sormais travailler dans un cadre stable, sans craindre des saisies arbitraires ou des poursuites disproportionn\u00e9es.\n<h2>Un coup de pouce au march\u00e9 du CBD \ud83d\udcbc<\/h2>\nCe changement r\u00e9glementaire ne b\u00e9n\u00e9ficie pas seulement aux autorit\u00e9s fiscales. Il ouvre \u00e9galement la voie \u00e0 une croissance significative du march\u00e9 du CBD en Allemagne. Gr\u00e2ce \u00e0 ce timbre fiscal, les entreprises peuvent d\u00e9sormais pr\u00e9senter leurs produits de mani\u00e8re professionnelle, en grande surface ou en ligne, sans avoir \u00e0 se cacher ou \u00e0 jongler avec les subtilit\u00e9s juridiques. Cela cr\u00e9e aussi un terrain de jeu plus sain pour la concurrence, car les r\u00e8gles sont d\u00e9sormais connues, communes, et applicables \u00e0 tous. \ud83d\udcc8\n<h2>Une s\u00e9curit\u00e9 renforc\u00e9e pour les consommateurs \ud83d\udd12<\/h2>\nTu l\u2019as peut-\u00eatre d\u00e9j\u00e0 v\u00e9cu : acheter une fleur de CBD \u00e0 la composition incertaine, \u00e9tiquet\u00e9e \u00e0 la va-vite, sans savoir d\u2019o\u00f9 elle vient ou comment elle a \u00e9t\u00e9 contr\u00f4l\u00e9e. Ce mod\u00e8le flou touche \u00e0 sa fin. Avec cette nouvelle approche fiscale, l&rsquo;encadrement s&rsquo;intensifie, au b\u00e9n\u00e9fice direct des consommateurs. Chaque produit est d\u00e9sormais identifi\u00e9 avec un timbre fiscal, preuve d\u2019un contr\u00f4le douanier et d\u2019une l\u00e9galit\u00e9 incontestable. Tu peux donc consommer en toute transparence, confiance et s\u00e9curit\u00e9. \u2705\n<h2>Une r\u00e9ponse pragmatique aux inqui\u00e9tudes sociales \ud83e\udde0<\/h2>\nCertains craignaient que l&rsquo;apparition du CBD dans l\u2019espace public favorise une banalisation de la consommation de cannabis. Pourtant, la d\u00e9cision allemande d\u00e9montre le contraire : elle introduit une r\u00e9gulation efficace sans criminaliser. En encadrant intelligemment la distribution et la taxe des fleurs de CBD sans THC, le pays assume une position nuanc\u00e9e, \u00e9quilibr\u00e9e, qui distingue rigueur l\u00e9gale et acceptation sociale \u2014 un mariage rare mais salutaire. \u2696\ufe0f\n<h2>Des perspectives enthousiasmantes pour l&rsquo;avenir \ud83d\udd2e<\/h2>\nCe tournant allemand pourrait bien transformer l\u2019\u00e9conomie du CBD europ\u00e9enne. Il incite d\u2019autres pays \u00e0 revoir leurs politiques, \u00e0 sortir de l\u2019ambigu\u00eft\u00e9, et \u00e0 r\u00e9pondre \u00e0 une demande croissante de consommateurs en qu\u00eate de produits naturels, sans effets psychotropes. Imagine un march\u00e9 unique o\u00f9 les fleurs de chanvre circulent librement, \u00e9tiquet\u00e9es, tax\u00e9es, normalis\u00e9es. \ud83e\uddf3 Avec cette d\u00e9cision, l\u2019Allemagne donne le ton et r\u00e9affirme l\u2019importance de construire un avenir durable autour du chanvre.\n<h2>Le cannabis l\u00e9gal n&rsquo;a jamais \u00e9t\u00e9 aussi cr\u00e9dible \ud83d\udc4d<\/h2>\nGr\u00e2ce \u00e0 cette avanc\u00e9e, le paysage du cannabis \u00ab light \u00bb change radicalement. Loin des fantasmes, des amalgames ou des peurs, c\u2019est maintenant une fili\u00e8re enti\u00e8re qui entre dans l\u2019\u00e8re de la maturit\u00e9. Les professionnels peuvent investir, embaucher, innover. Les consommateurs peuvent acheter sans se cacher. Et toi, tu peux t\u2019informer, r\u00e9fl\u00e9chir, \u00e9clairer tes choix dans un cadre juridiquement clair. Tout \u00e7a gr\u00e2ce \u00e0 un simple timbre fiscal, qui change tout. \ud83e\udde9\n<h2>Ce n&rsquo;est qu\u2019un d\u00e9but : et maintenant ? \ud83d\ude80<\/h2>\nIl est plus que probable que d\u2019autres pays regardent avec attention ce que l\u2019Allemagne est en train d\u2019initier. Et pourquoi pas la France demain ? Si cette nouvelle approche s\u2019impose comme un mod\u00e8le, nous pourrions assister \u00e0 une transformation profonde de la perception europ\u00e9enne du cannabis \u2014 non plus comme un ennemi public, mais comme une opportunit\u00e9 commerciale, soci\u00e9tale et \u00e9cologique. \ud83c\udf31 Ce qui semblait impensable hier devient envisageable aujourd\u2019hui. Et tout commence avec cette petite fleur de chanvre l\u00e9gal, plus puissante qu\u2019elle n\u2019en a l\u2019air. <a href=\"https:\/\/gardenz.fr\/news\">Tu veux continuer ta lecture ? D\u00e9couvre d&rsquo;autres articles en cliquant ici.<\/a><\/div>\n\n<div class=\"wp-block-group is-layout-constrained wp-block-group-is-layout-constrained\">\n<div class=\"wp-block-columns is-layout-flex wp-container-core-columns-is-layout-28f84493 wp-block-columns-is-layout-flex\">\n<div class=\"wp-block-column is-layout-flow wp-block-column-is-layout-flow\" style=\"flex-basis:20%\">\n<figure class=\"wp-block-image size-full\"><a href=\"https:\/\/www.gardenz.fr\/3-fleur-de-chanvre-cbd\"><img fetchpriority=\"high\" decoding=\"async\" width=\"424\" height=\"600\" src=\"https:\/\/www.gardenz.fr\/news\/wp-content\/uploads\/2025\/03\/FLEUR-DE-CHANVRE-CBD.webp\" alt=\"FLEUR-DE-CHANVRE-CBD\" class=\"wp-image-17519\" srcset=\"https:\/\/www.gardenz.fr\/news\/wp-content\/uploads\/2025\/03\/FLEUR-DE-CHANVRE-CBD.webp 424w, https:\/\/www.gardenz.fr\/news\/wp-content\/uploads\/2025\/03\/FLEUR-DE-CHANVRE-CBD-212x300.webp 212w\" sizes=\"(max-width: 424px) 100vw, 424px\" \/><\/a><\/figure>\n<\/div>\n\n\n\n<div class=\"wp-block-column is-layout-flow wp-block-column-is-layout-flow\" style=\"flex-basis:20%\">\n<figure class=\"wp-block-image size-full\"><a href=\"https:\/\/www.gardenz.fr\/6--resine-cbd\"><img decoding=\"async\" width=\"424\" height=\"600\" src=\"https:\/\/www.gardenz.fr\/news\/wp-content\/uploads\/2025\/03\/RESINE-CBD.webp\" alt=\"R\u00c9SINE-CBD\" class=\"wp-image-17515\" srcset=\"https:\/\/www.gardenz.fr\/news\/wp-content\/uploads\/2025\/03\/RESINE-CBD.webp 424w, https:\/\/www.gardenz.fr\/news\/wp-content\/uploads\/2025\/03\/RESINE-CBD-212x300.webp 212w\" sizes=\"(max-width: 424px) 100vw, 424px\" \/><\/a><\/figure>\n<\/div>\n\n\n\n<div class=\"wp-block-column is-layout-flow wp-block-column-is-layout-flow\" style=\"flex-basis:20%\">\n<figure class=\"wp-block-image size-full\"><a href=\"https:\/\/www.gardenz.fr\/511--weed-psycho\"><img decoding=\"async\" width=\"424\" height=\"600\" src=\"https:\/\/www.gardenz.fr\/news\/wp-content\/uploads\/2025\/03\/PSYCHOACTIFS.webp\" alt=\"PSYCHOACTIFS\" class=\"wp-image-17517\" srcset=\"https:\/\/www.gardenz.fr\/news\/wp-content\/uploads\/2025\/03\/PSYCHOACTIFS.webp 424w, https:\/\/www.gardenz.fr\/news\/wp-content\/uploads\/2025\/03\/PSYCHOACTIFS-212x300.webp 212w\" sizes=\"(max-width: 424px) 100vw, 424px\" \/><\/a><\/figure>\n<\/div>\n\n\n\n<div class=\"wp-block-column is-layout-flow wp-block-column-is-layout-flow\" style=\"flex-basis:20%\">\n<figure class=\"wp-block-image size-full\"><a href=\"https:\/\/www.gardenz.fr\/562--accessoires-weed\"><img loading=\"lazy\" decoding=\"async\" width=\"424\" height=\"600\" src=\"https:\/\/www.gardenz.fr\/news\/wp-content\/uploads\/2025\/03\/ACCESSOIRED.webp\" alt=\"\" class=\"wp-image-17520\" srcset=\"https:\/\/www.gardenz.fr\/news\/wp-content\/uploads\/2025\/03\/ACCESSOIRED.webp 424w, https:\/\/www.gardenz.fr\/news\/wp-content\/uploads\/2025\/03\/ACCESSOIRED-212x300.webp 212w\" sizes=\"(max-width: 424px) 100vw, 424px\" \/><\/a><\/figure>\n<\/div>\n\n\n\n<div class=\"wp-block-column is-layout-flow wp-block-column-is-layout-flow\" style=\"flex-basis:20%\">\n<figure class=\"wp-block-image size-full\"><a href=\"https:\/\/www.gardenz.fr\/284--vaporisateur-weed\"><img loading=\"lazy\" decoding=\"async\" width=\"424\" height=\"600\" src=\"https:\/\/www.gardenz.fr\/news\/wp-content\/uploads\/2025\/03\/VAPORISATEUR-WEED.webp\" alt=\"VAPORISATEUR-WEED\" class=\"wp-image-17514\" srcset=\"https:\/\/www.gardenz.fr\/news\/wp-content\/uploads\/2025\/03\/VAPORISATEUR-WEED.webp 424w, https:\/\/www.gardenz.fr\/news\/wp-content\/uploads\/2025\/03\/VAPORISATEUR-WEED-212x300.webp 212w\" sizes=\"(max-width: 424px) 100vw, 424px\" \/><\/a><\/figure>\n<\/div>\n<\/div>\n<\/div>\n\t\t\t\t\t\t\t\t<\/div>\n\t\t\t\t<\/div>\n\t\t\t\t\t<\/div>\n\t\t<\/div>\n\t\t\t\t\t<\/div>\n\t\t<\/section>\n\t\t\t\t<\/div>\n\t\t","protected":false},"excerpt":{"rendered":"<p>Une r\u00e9volution discr\u00e8te au c\u0153ur du chanvre \ud83c\udf3f Tu l\u2019as peut-\u00eatre manqu\u00e9, mais un changement majeur vient de s\u2019op\u00e9rer chez nos voisins allemands. Imagine un monde o\u00f9 les fleurs de CBD sans THC ne sont plus regard\u00e9es avec suspicion, mais avec l\u00e9gitimit\u00e9. C\u2019est d\u00e9sormais une r\u00e9alit\u00e9 en Allemagne, o\u00f9 pour la premi\u00e8re fois, une entreprise [&hellip;]<\/p>\n","protected":false},"author":18,"featured_media":18389,"comment_status":"closed","ping_status":"closed","sticky":false,"template":"","format":"standard","meta":{"site-sidebar-layout":"default","site-content-layout":"","ast-site-content-layout":"default","site-content-style":"default","site-sidebar-style":"default","ast-global-header-display":"","ast-banner-title-visibility":"","ast-main-header-display":"","ast-hfb-above-header-display":"","ast-hfb-below-header-display":"","ast-hfb-mobile-header-display":"","site-post-title":"","ast-breadcrumbs-content":"","ast-featured-img":"","footer-sml-layout":"","ast-disable-related-posts":"","theme-transparent-header-meta":"","adv-header-id-meta":"","stick-header-meta":"","header-above-stick-meta":"","header-main-stick-meta":"","header-below-stick-meta":"","astra-migrate-meta-layouts":"default","ast-page-background-enabled":"default","ast-page-background-meta":{"desktop":{"background-color":"var(--ast-global-color-4)","background-image":"","background-repeat":"repeat","background-position":"center center","background-size":"auto","background-attachment":"scroll","background-type":"","background-media":"","overlay-type":"","overlay-color":"","overlay-opacity":"","overlay-gradient":""},"tablet":{"background-color":"","background-image":"","background-repeat":"repeat","background-position":"center center","background-size":"auto","background-attachment":"scroll","background-type":"","background-media":"","overlay-type":"","overlay-color":"","overlay-opacity":"","overlay-gradient":""},"mobile":{"background-color":"","background-image":"","background-repeat":"repeat","background-position":"center center","background-size":"auto","background-attachment":"scroll","background-type":"","background-media":"","overlay-type":"","overlay-color":"","overlay-opacity":"","overlay-gradient":""}},"ast-content-background-meta":{"desktop":{"background-color":"var(--ast-global-color-5)","background-image":"","background-repeat":"repeat","background-position":"center center","background-size":"auto","background-attachment":"scroll","background-type":"","background-media":"","overlay-type":"","overlay-color":"","overlay-opacity":"","overlay-gradient":""},"tablet":{"background-color":"var(--ast-global-color-5)","background-image":"","background-repeat":"repeat","background-position":"center center","background-size":"auto","background-attachment":"scroll","background-type":"","background-media":"","overlay-type":"","overlay-color":"","overlay-opacity":"","overlay-gradient":""},"mobile":{"background-color":"var(--ast-global-color-5)","background-image":"","background-repeat":"repeat","background-position":"center center","background-size":"auto","background-attachment":"scroll","background-type":"","background-media":"","overlay-type":"","overlay-color":"","overlay-opacity":"","overlay-gradient":""}},"footnotes":""},"categories":[21],"tags":[],"class_list":["post-18390","post","type-post","status-publish","format-standard","has-post-thumbnail","hentry","category-events"],"yoast_head":"<!-- This site is optimized with the Yoast SEO plugin v27.5 - https:\/\/yoast.com\/product\/yoast-seo-wordpress\/ -->\n<title>\ud83c\udf3f L&#039;Allemagne d\u00e9livre des timbres fiscaux pour les fleurs de chanvre sans THC<\/title>\n<meta name=\"description\" content=\"\ud83c\udf3f L&#039;Allemagne d\u00e9livre des timbres fiscaux pour les fleurs de chanvre sans THC. D\u00e9couvrez comment ce pays r\u00e9gule ce march\u00e9 en plein essor.\" \/>\n<meta name=\"robots\" content=\"index, follow, max-snippet:-1, max-image-preview:large, max-video-preview:-1\" \/>\n<link rel=\"canonical\" href=\"https:\/\/www.gardenz.fr\/news\/2025\/05\/24\/lallemagne-commence-a-delivrer-des-timbres-fiscaux-pour-les-fleurs-de-chanvre-sans-thc\/\" \/>\n<meta property=\"og:locale\" content=\"fr_FR\" \/>\n<meta property=\"og:type\" content=\"article\" \/>\n<meta property=\"og:title\" content=\"\ud83c\udf3f L&#039;Allemagne d\u00e9livre des timbres fiscaux pour les fleurs de chanvre sans THC\" \/>\n<meta property=\"og:description\" content=\"\ud83c\udf3f L&#039;Allemagne d\u00e9livre des timbres fiscaux pour les fleurs de chanvre sans THC. D\u00e9couvrez comment ce pays r\u00e9gule ce march\u00e9 en plein essor.\" \/>\n<meta property=\"og:url\" content=\"https:\/\/www.gardenz.fr\/news\/2025\/05\/24\/lallemagne-commence-a-delivrer-des-timbres-fiscaux-pour-les-fleurs-de-chanvre-sans-thc\/\" \/>\n<meta property=\"og:site_name\" content=\"Le Blog de Gardenz\" \/>\n<meta property=\"article:published_time\" content=\"2025-05-24T09:20:30+00:00\" \/>\n<meta property=\"article:modified_time\" content=\"2026-02-19T13:32:26+00:00\" \/>\n<meta property=\"og:image\" content=\"https:\/\/www.gardenz.fr\/news\/wp-content\/uploads\/2025\/05\/LAllemagne-commence-a-delivrer-des-timbres-fiscaux-pour-les-fleurs-de-chanvre-sans-THCsanitize-2025-05-24T092027.700Z.jpg\" \/>\n\t<meta property=\"og:image:width\" content=\"900\" \/>\n\t<meta property=\"og:image:height\" content=\"250\" \/>\n\t<meta property=\"og:image:type\" content=\"image\/jpeg\" \/>\n<meta name=\"author\" content=\"Idan Melicio\" \/>\n<meta name=\"twitter:card\" content=\"summary_large_image\" \/>\n<meta name=\"twitter:label1\" content=\"\u00c9crit par\" \/>\n\t<meta name=\"twitter:data1\" content=\"Idan Melicio\" \/>\n\t<meta name=\"twitter:label2\" content=\"Dur\u00e9e de lecture estim\u00e9e\" \/>\n\t<meta name=\"twitter:data2\" content=\"9 minutes\" \/>\n<script type=\"application\/ld+json\" class=\"yoast-schema-graph\">{\"@context\":\"https:\\\/\\\/schema.org\",\"@graph\":[{\"@type\":\"Article\",\"@id\":\"https:\\\/\\\/www.gardenz.fr\\\/news\\\/2025\\\/05\\\/24\\\/lallemagne-commence-a-delivrer-des-timbres-fiscaux-pour-les-fleurs-de-chanvre-sans-thc\\\/#article\",\"isPartOf\":{\"@id\":\"https:\\\/\\\/www.gardenz.fr\\\/news\\\/2025\\\/05\\\/24\\\/lallemagne-commence-a-delivrer-des-timbres-fiscaux-pour-les-fleurs-de-chanvre-sans-thc\\\/\"},\"author\":{\"name\":\"Idan Melicio\",\"@id\":\"https:\\\/\\\/www.gardenz.fr\\\/news\\\/#\\\/schema\\\/person\\\/4c29b13eadec7d3b7f81d3dc8253aa72\"},\"headline\":\"L&rsquo;Allemagne commence \u00e0 d\u00e9livrer des timbres fiscaux pour les fleurs de chanvre sans THC\",\"datePublished\":\"2025-05-24T09:20:30+00:00\",\"dateModified\":\"2026-02-19T13:32:26+00:00\",\"mainEntityOfPage\":{\"@id\":\"https:\\\/\\\/www.gardenz.fr\\\/news\\\/2025\\\/05\\\/24\\\/lallemagne-commence-a-delivrer-des-timbres-fiscaux-pour-les-fleurs-de-chanvre-sans-thc\\\/\"},\"wordCount\":1005,\"publisher\":{\"@id\":\"https:\\\/\\\/www.gardenz.fr\\\/news\\\/#organization\"},\"image\":{\"@id\":\"https:\\\/\\\/www.gardenz.fr\\\/news\\\/2025\\\/05\\\/24\\\/lallemagne-commence-a-delivrer-des-timbres-fiscaux-pour-les-fleurs-de-chanvre-sans-thc\\\/#primaryimage\"},\"thumbnailUrl\":\"https:\\\/\\\/www.gardenz.fr\\\/news\\\/wp-content\\\/uploads\\\/2025\\\/05\\\/LAllemagne-commence-a-delivrer-des-timbres-fiscaux-pour-les-fleurs-de-chanvre-sans-THCsanitize-2025-05-24T092027.700Z.jpg\",\"articleSection\":[\"ACTUALITES CBD\"],\"inLanguage\":\"fr-FR\"},{\"@type\":\"WebPage\",\"@id\":\"https:\\\/\\\/www.gardenz.fr\\\/news\\\/2025\\\/05\\\/24\\\/lallemagne-commence-a-delivrer-des-timbres-fiscaux-pour-les-fleurs-de-chanvre-sans-thc\\\/\",\"url\":\"https:\\\/\\\/www.gardenz.fr\\\/news\\\/2025\\\/05\\\/24\\\/lallemagne-commence-a-delivrer-des-timbres-fiscaux-pour-les-fleurs-de-chanvre-sans-thc\\\/\",\"name\":\"\ud83c\udf3f L'Allemagne d\u00e9livre des timbres fiscaux pour les fleurs de chanvre sans THC\",\"isPartOf\":{\"@id\":\"https:\\\/\\\/www.gardenz.fr\\\/news\\\/#website\"},\"primaryImageOfPage\":{\"@id\":\"https:\\\/\\\/www.gardenz.fr\\\/news\\\/2025\\\/05\\\/24\\\/lallemagne-commence-a-delivrer-des-timbres-fiscaux-pour-les-fleurs-de-chanvre-sans-thc\\\/#primaryimage\"},\"image\":{\"@id\":\"https:\\\/\\\/www.gardenz.fr\\\/news\\\/2025\\\/05\\\/24\\\/lallemagne-commence-a-delivrer-des-timbres-fiscaux-pour-les-fleurs-de-chanvre-sans-thc\\\/#primaryimage\"},\"thumbnailUrl\":\"https:\\\/\\\/www.gardenz.fr\\\/news\\\/wp-content\\\/uploads\\\/2025\\\/05\\\/LAllemagne-commence-a-delivrer-des-timbres-fiscaux-pour-les-fleurs-de-chanvre-sans-THCsanitize-2025-05-24T092027.700Z.jpg\",\"datePublished\":\"2025-05-24T09:20:30+00:00\",\"dateModified\":\"2026-02-19T13:32:26+00:00\",\"description\":\"\ud83c\udf3f L'Allemagne d\u00e9livre des timbres fiscaux pour les fleurs de chanvre sans THC. D\u00e9couvrez comment ce pays r\u00e9gule ce march\u00e9 en plein essor.\",\"breadcrumb\":{\"@id\":\"https:\\\/\\\/www.gardenz.fr\\\/news\\\/2025\\\/05\\\/24\\\/lallemagne-commence-a-delivrer-des-timbres-fiscaux-pour-les-fleurs-de-chanvre-sans-thc\\\/#breadcrumb\"},\"inLanguage\":\"fr-FR\",\"potentialAction\":[{\"@type\":\"ReadAction\",\"target\":[\"https:\\\/\\\/www.gardenz.fr\\\/news\\\/2025\\\/05\\\/24\\\/lallemagne-commence-a-delivrer-des-timbres-fiscaux-pour-les-fleurs-de-chanvre-sans-thc\\\/\"]}]},{\"@type\":\"ImageObject\",\"inLanguage\":\"fr-FR\",\"@id\":\"https:\\\/\\\/www.gardenz.fr\\\/news\\\/2025\\\/05\\\/24\\\/lallemagne-commence-a-delivrer-des-timbres-fiscaux-pour-les-fleurs-de-chanvre-sans-thc\\\/#primaryimage\",\"url\":\"https:\\\/\\\/www.gardenz.fr\\\/news\\\/wp-content\\\/uploads\\\/2025\\\/05\\\/LAllemagne-commence-a-delivrer-des-timbres-fiscaux-pour-les-fleurs-de-chanvre-sans-THCsanitize-2025-05-24T092027.700Z.jpg\",\"contentUrl\":\"https:\\\/\\\/www.gardenz.fr\\\/news\\\/wp-content\\\/uploads\\\/2025\\\/05\\\/LAllemagne-commence-a-delivrer-des-timbres-fiscaux-pour-les-fleurs-de-chanvre-sans-THCsanitize-2025-05-24T092027.700Z.jpg\",\"width\":900,\"height\":250,\"caption\":\"L'Allemagne commence \u00e0 d\u00e9livrer des timbres fiscaux pour les fleurs de chanvre sans THC\"},{\"@type\":\"BreadcrumbList\",\"@id\":\"https:\\\/\\\/www.gardenz.fr\\\/news\\\/2025\\\/05\\\/24\\\/lallemagne-commence-a-delivrer-des-timbres-fiscaux-pour-les-fleurs-de-chanvre-sans-thc\\\/#breadcrumb\",\"itemListElement\":[{\"@type\":\"ListItem\",\"position\":1,\"name\":\"Accueil\",\"item\":\"https:\\\/\\\/www.gardenz.fr\\\/news\\\/\"},{\"@type\":\"ListItem\",\"position\":2,\"name\":\"L&rsquo;Allemagne commence \u00e0 d\u00e9livrer des timbres fiscaux pour les fleurs de chanvre sans THC\"}]},{\"@type\":\"WebSite\",\"@id\":\"https:\\\/\\\/www.gardenz.fr\\\/news\\\/#website\",\"url\":\"https:\\\/\\\/www.gardenz.fr\\\/news\\\/\",\"name\":\"Le Blog de Gardenz\",\"description\":\"Best quality CBD\",\"publisher\":{\"@id\":\"https:\\\/\\\/www.gardenz.fr\\\/news\\\/#organization\"},\"potentialAction\":[{\"@type\":\"SearchAction\",\"target\":{\"@type\":\"EntryPoint\",\"urlTemplate\":\"https:\\\/\\\/www.gardenz.fr\\\/news\\\/?s={search_term_string}\"},\"query-input\":{\"@type\":\"PropertyValueSpecification\",\"valueRequired\":true,\"valueName\":\"search_term_string\"}}],\"inLanguage\":\"fr-FR\"},{\"@type\":\"Organization\",\"@id\":\"https:\\\/\\\/www.gardenz.fr\\\/news\\\/#organization\",\"name\":\"Le Blog de Gardenz\",\"url\":\"https:\\\/\\\/www.gardenz.fr\\\/news\\\/\",\"logo\":{\"@type\":\"ImageObject\",\"inLanguage\":\"fr-FR\",\"@id\":\"https:\\\/\\\/www.gardenz.fr\\\/news\\\/#\\\/schema\\\/logo\\\/image\\\/\",\"url\":\"https:\\\/\\\/www.gardenz.fr\\\/news\\\/wp-content\\\/uploads\\\/2022\\\/06\\\/logo-gardenz-feuille-blanc-final.png\",\"contentUrl\":\"https:\\\/\\\/www.gardenz.fr\\\/news\\\/wp-content\\\/uploads\\\/2022\\\/06\\\/logo-gardenz-feuille-blanc-final.png\",\"width\":459,\"height\":200,\"caption\":\"Le Blog de Gardenz\"},\"image\":{\"@id\":\"https:\\\/\\\/www.gardenz.fr\\\/news\\\/#\\\/schema\\\/logo\\\/image\\\/\"}},{\"@type\":\"Person\",\"@id\":\"https:\\\/\\\/www.gardenz.fr\\\/news\\\/#\\\/schema\\\/person\\\/4c29b13eadec7d3b7f81d3dc8253aa72\",\"name\":\"Idan Melicio\",\"image\":{\"@type\":\"ImageObject\",\"inLanguage\":\"fr-FR\",\"@id\":\"https:\\\/\\\/secure.gravatar.com\\\/avatar\\\/a4fed9bf268062e3c5884e1b9288f4a54517dd9041d8c562678849f7f1c1eb43?s=96&d=mm&r=g\",\"url\":\"https:\\\/\\\/secure.gravatar.com\\\/avatar\\\/a4fed9bf268062e3c5884e1b9288f4a54517dd9041d8c562678849f7f1c1eb43?s=96&d=mm&r=g\",\"contentUrl\":\"https:\\\/\\\/secure.gravatar.com\\\/avatar\\\/a4fed9bf268062e3c5884e1b9288f4a54517dd9041d8c562678849f7f1c1eb43?s=96&d=mm&r=g\",\"caption\":\"Idan Melicio\"},\"url\":\"https:\\\/\\\/www.gardenz.fr\\\/news\\\/author\\\/idan-milecio\\\/\"}]}<\/script>\n<!-- \/ Yoast SEO plugin. -->","yoast_head_json":{"title":"\ud83c\udf3f L'Allemagne d\u00e9livre des timbres fiscaux pour les fleurs de chanvre sans THC","description":"\ud83c\udf3f L'Allemagne d\u00e9livre des timbres fiscaux pour les fleurs de chanvre sans THC. D\u00e9couvrez comment ce pays r\u00e9gule ce march\u00e9 en plein essor.","robots":{"index":"index","follow":"follow","max-snippet":"max-snippet:-1","max-image-preview":"max-image-preview:large","max-video-preview":"max-video-preview:-1"},"canonical":"https:\/\/www.gardenz.fr\/news\/2025\/05\/24\/lallemagne-commence-a-delivrer-des-timbres-fiscaux-pour-les-fleurs-de-chanvre-sans-thc\/","og_locale":"fr_FR","og_type":"article","og_title":"\ud83c\udf3f L'Allemagne d\u00e9livre des timbres fiscaux pour les fleurs de chanvre sans THC","og_description":"\ud83c\udf3f L'Allemagne d\u00e9livre des timbres fiscaux pour les fleurs de chanvre sans THC. D\u00e9couvrez comment ce pays r\u00e9gule ce march\u00e9 en plein essor.","og_url":"https:\/\/www.gardenz.fr\/news\/2025\/05\/24\/lallemagne-commence-a-delivrer-des-timbres-fiscaux-pour-les-fleurs-de-chanvre-sans-thc\/","og_site_name":"Le Blog de Gardenz","article_published_time":"2025-05-24T09:20:30+00:00","article_modified_time":"2026-02-19T13:32:26+00:00","og_image":[{"width":900,"height":250,"url":"https:\/\/www.gardenz.fr\/news\/wp-content\/uploads\/2025\/05\/LAllemagne-commence-a-delivrer-des-timbres-fiscaux-pour-les-fleurs-de-chanvre-sans-THCsanitize-2025-05-24T092027.700Z.jpg","type":"image\/jpeg"}],"author":"Idan Melicio","twitter_card":"summary_large_image","twitter_misc":{"\u00c9crit par":"Idan Melicio","Dur\u00e9e de lecture estim\u00e9e":"9 minutes"},"schema":{"@context":"https:\/\/schema.org","@graph":[{"@type":"Article","@id":"https:\/\/www.gardenz.fr\/news\/2025\/05\/24\/lallemagne-commence-a-delivrer-des-timbres-fiscaux-pour-les-fleurs-de-chanvre-sans-thc\/#article","isPartOf":{"@id":"https:\/\/www.gardenz.fr\/news\/2025\/05\/24\/lallemagne-commence-a-delivrer-des-timbres-fiscaux-pour-les-fleurs-de-chanvre-sans-thc\/"},"author":{"name":"Idan Melicio","@id":"https:\/\/www.gardenz.fr\/news\/#\/schema\/person\/4c29b13eadec7d3b7f81d3dc8253aa72"},"headline":"L&rsquo;Allemagne commence \u00e0 d\u00e9livrer des timbres fiscaux pour les fleurs de chanvre sans THC","datePublished":"2025-05-24T09:20:30+00:00","dateModified":"2026-02-19T13:32:26+00:00","mainEntityOfPage":{"@id":"https:\/\/www.gardenz.fr\/news\/2025\/05\/24\/lallemagne-commence-a-delivrer-des-timbres-fiscaux-pour-les-fleurs-de-chanvre-sans-thc\/"},"wordCount":1005,"publisher":{"@id":"https:\/\/www.gardenz.fr\/news\/#organization"},"image":{"@id":"https:\/\/www.gardenz.fr\/news\/2025\/05\/24\/lallemagne-commence-a-delivrer-des-timbres-fiscaux-pour-les-fleurs-de-chanvre-sans-thc\/#primaryimage"},"thumbnailUrl":"https:\/\/www.gardenz.fr\/news\/wp-content\/uploads\/2025\/05\/LAllemagne-commence-a-delivrer-des-timbres-fiscaux-pour-les-fleurs-de-chanvre-sans-THCsanitize-2025-05-24T092027.700Z.jpg","articleSection":["ACTUALITES CBD"],"inLanguage":"fr-FR"},{"@type":"WebPage","@id":"https:\/\/www.gardenz.fr\/news\/2025\/05\/24\/lallemagne-commence-a-delivrer-des-timbres-fiscaux-pour-les-fleurs-de-chanvre-sans-thc\/","url":"https:\/\/www.gardenz.fr\/news\/2025\/05\/24\/lallemagne-commence-a-delivrer-des-timbres-fiscaux-pour-les-fleurs-de-chanvre-sans-thc\/","name":"\ud83c\udf3f L'Allemagne d\u00e9livre des timbres fiscaux pour les fleurs de chanvre sans THC","isPartOf":{"@id":"https:\/\/www.gardenz.fr\/news\/#website"},"primaryImageOfPage":{"@id":"https:\/\/www.gardenz.fr\/news\/2025\/05\/24\/lallemagne-commence-a-delivrer-des-timbres-fiscaux-pour-les-fleurs-de-chanvre-sans-thc\/#primaryimage"},"image":{"@id":"https:\/\/www.gardenz.fr\/news\/2025\/05\/24\/lallemagne-commence-a-delivrer-des-timbres-fiscaux-pour-les-fleurs-de-chanvre-sans-thc\/#primaryimage"},"thumbnailUrl":"https:\/\/www.gardenz.fr\/news\/wp-content\/uploads\/2025\/05\/LAllemagne-commence-a-delivrer-des-timbres-fiscaux-pour-les-fleurs-de-chanvre-sans-THCsanitize-2025-05-24T092027.700Z.jpg","datePublished":"2025-05-24T09:20:30+00:00","dateModified":"2026-02-19T13:32:26+00:00","description":"\ud83c\udf3f L'Allemagne d\u00e9livre des timbres fiscaux pour les fleurs de chanvre sans THC. D\u00e9couvrez comment ce pays r\u00e9gule ce march\u00e9 en plein essor.","breadcrumb":{"@id":"https:\/\/www.gardenz.fr\/news\/2025\/05\/24\/lallemagne-commence-a-delivrer-des-timbres-fiscaux-pour-les-fleurs-de-chanvre-sans-thc\/#breadcrumb"},"inLanguage":"fr-FR","potentialAction":[{"@type":"ReadAction","target":["https:\/\/www.gardenz.fr\/news\/2025\/05\/24\/lallemagne-commence-a-delivrer-des-timbres-fiscaux-pour-les-fleurs-de-chanvre-sans-thc\/"]}]},{"@type":"ImageObject","inLanguage":"fr-FR","@id":"https:\/\/www.gardenz.fr\/news\/2025\/05\/24\/lallemagne-commence-a-delivrer-des-timbres-fiscaux-pour-les-fleurs-de-chanvre-sans-thc\/#primaryimage","url":"https:\/\/www.gardenz.fr\/news\/wp-content\/uploads\/2025\/05\/LAllemagne-commence-a-delivrer-des-timbres-fiscaux-pour-les-fleurs-de-chanvre-sans-THCsanitize-2025-05-24T092027.700Z.jpg","contentUrl":"https:\/\/www.gardenz.fr\/news\/wp-content\/uploads\/2025\/05\/LAllemagne-commence-a-delivrer-des-timbres-fiscaux-pour-les-fleurs-de-chanvre-sans-THCsanitize-2025-05-24T092027.700Z.jpg","width":900,"height":250,"caption":"L'Allemagne commence \u00e0 d\u00e9livrer des timbres fiscaux pour les fleurs de chanvre sans THC"},{"@type":"BreadcrumbList","@id":"https:\/\/www.gardenz.fr\/news\/2025\/05\/24\/lallemagne-commence-a-delivrer-des-timbres-fiscaux-pour-les-fleurs-de-chanvre-sans-thc\/#breadcrumb","itemListElement":[{"@type":"ListItem","position":1,"name":"Accueil","item":"https:\/\/www.gardenz.fr\/news\/"},{"@type":"ListItem","position":2,"name":"L&rsquo;Allemagne commence \u00e0 d\u00e9livrer des timbres fiscaux pour les fleurs de chanvre sans THC"}]},{"@type":"WebSite","@id":"https:\/\/www.gardenz.fr\/news\/#website","url":"https:\/\/www.gardenz.fr\/news\/","name":"Le Blog de Gardenz","description":"Best quality CBD","publisher":{"@id":"https:\/\/www.gardenz.fr\/news\/#organization"},"potentialAction":[{"@type":"SearchAction","target":{"@type":"EntryPoint","urlTemplate":"https:\/\/www.gardenz.fr\/news\/?s={search_term_string}"},"query-input":{"@type":"PropertyValueSpecification","valueRequired":true,"valueName":"search_term_string"}}],"inLanguage":"fr-FR"},{"@type":"Organization","@id":"https:\/\/www.gardenz.fr\/news\/#organization","name":"Le Blog de Gardenz","url":"https:\/\/www.gardenz.fr\/news\/","logo":{"@type":"ImageObject","inLanguage":"fr-FR","@id":"https:\/\/www.gardenz.fr\/news\/#\/schema\/logo\/image\/","url":"https:\/\/www.gardenz.fr\/news\/wp-content\/uploads\/2022\/06\/logo-gardenz-feuille-blanc-final.png","contentUrl":"https:\/\/www.gardenz.fr\/news\/wp-content\/uploads\/2022\/06\/logo-gardenz-feuille-blanc-final.png","width":459,"height":200,"caption":"Le Blog de Gardenz"},"image":{"@id":"https:\/\/www.gardenz.fr\/news\/#\/schema\/logo\/image\/"}},{"@type":"Person","@id":"https:\/\/www.gardenz.fr\/news\/#\/schema\/person\/4c29b13eadec7d3b7f81d3dc8253aa72","name":"Idan Melicio","image":{"@type":"ImageObject","inLanguage":"fr-FR","@id":"https:\/\/secure.gravatar.com\/avatar\/a4fed9bf268062e3c5884e1b9288f4a54517dd9041d8c562678849f7f1c1eb43?s=96&d=mm&r=g","url":"https:\/\/secure.gravatar.com\/avatar\/a4fed9bf268062e3c5884e1b9288f4a54517dd9041d8c562678849f7f1c1eb43?s=96&d=mm&r=g","contentUrl":"https:\/\/secure.gravatar.com\/avatar\/a4fed9bf268062e3c5884e1b9288f4a54517dd9041d8c562678849f7f1c1eb43?s=96&d=mm&r=g","caption":"Idan Melicio"},"url":"https:\/\/www.gardenz.fr\/news\/author\/idan-milecio\/"}]}},"_links":{"self":[{"href":"https:\/\/www.gardenz.fr\/news\/wp-json\/wp\/v2\/posts\/18390","targetHints":{"allow":["GET"]}}],"collection":[{"href":"https:\/\/www.gardenz.fr\/news\/wp-json\/wp\/v2\/posts"}],"about":[{"href":"https:\/\/www.gardenz.fr\/news\/wp-json\/wp\/v2\/types\/post"}],"author":[{"embeddable":true,"href":"https:\/\/www.gardenz.fr\/news\/wp-json\/wp\/v2\/users\/18"}],"replies":[{"embeddable":true,"href":"https:\/\/www.gardenz.fr\/news\/wp-json\/wp\/v2\/comments?post=18390"}],"version-history":[{"count":3,"href":"https:\/\/www.gardenz.fr\/news\/wp-json\/wp\/v2\/posts\/18390\/revisions"}],"predecessor-version":[{"id":18699,"href":"https:\/\/www.gardenz.fr\/news\/wp-json\/wp\/v2\/posts\/18390\/revisions\/18699"}],"wp:featuredmedia":[{"embeddable":true,"href":"https:\/\/www.gardenz.fr\/news\/wp-json\/wp\/v2\/media\/18389"}],"wp:attachment":[{"href":"https:\/\/www.gardenz.fr\/news\/wp-json\/wp\/v2\/media?parent=18390"}],"wp:term":[{"taxonomy":"category","embeddable":true,"href":"https:\/\/www.gardenz.fr\/news\/wp-json\/wp\/v2\/categories?post=18390"},{"taxonomy":"post_tag","embeddable":true,"href":"https:\/\/www.gardenz.fr\/news\/wp-json\/wp\/v2\/tags?post=18390"}],"curies":[{"name":"wp","href":"https:\/\/api.w.org\/{rel}","templated":true}]}}