{"id":18393,"date":"2025-05-27T11:47:31","date_gmt":"2025-05-27T09:47:31","guid":{"rendered":"https:\/\/www.gardenz.fr\/news\/?p=18393"},"modified":"2025-07-21T16:00:18","modified_gmt":"2025-07-21T14:00:18","slug":"la-thailande-pourrait-bientot-exiger-un-certificat-medical-pour-acheter-du-cannabis","status":"publish","type":"post","link":"https:\/\/www.gardenz.fr\/news\/2025\/05\/27\/la-thailande-pourrait-bientot-exiger-un-certificat-medical-pour-acheter-du-cannabis\/","title":{"rendered":"La Tha\u00eflande pourrait bient\u00f4t exiger un certificat m\u00e9dical pour acheter du cannabis"},"content":{"rendered":"\t\t<div data-elementor-type=\"wp-post\" data-elementor-id=\"18393\" class=\"elementor elementor-18393\">\n\t\t\t\t\t\t<section class=\"elementor-section elementor-top-section elementor-element elementor-element-4b2f5907 elementor-section-boxed elementor-section-height-default elementor-section-height-default\" data-id=\"4b2f5907\" data-element_type=\"section\" data-e-type=\"section\">\n\t\t\t\t\t\t<div class=\"elementor-container elementor-column-gap-default\">\n\t\t\t\t\t<div class=\"elementor-column elementor-col-100 elementor-top-column elementor-element elementor-element-1dc065ce\" data-id=\"1dc065ce\" data-element_type=\"column\" data-e-type=\"column\">\n\t\t\t<div class=\"elementor-widget-wrap elementor-element-populated\">\n\t\t\t\t\t\t<div class=\"elementor-element elementor-element-af98c0e elementor-widget elementor-widget-text-editor\" data-id=\"af98c0e\" data-element_type=\"widget\" data-e-type=\"widget\" data-widget_type=\"text-editor.default\">\n\t\t\t\t<div class=\"elementor-widget-container\">\n\t\t\t\t\t\t\t\t\t<h2>La Tha\u00eflande resserre les r\u00e8gles : un tournant majeur pour le cannabis m\u00e9dical \ud83c\uddf9\ud83c\udded<\/h2>\n<p>Depuis sa d\u00e9p\u00e9nalisation officielle en juin 2022, le <a href=\"https:\/\/www.gardenz.fr\/310--delta-9-thc\">cannabis<\/a> en Tha\u00eflande en a fait du chemin. Des dispensaires ont fleuri un peu partout, attirant aussi bien les jeunes locaux que les touristes curieux \ud83c\udf0d. Pourtant, cette libert\u00e9 pourrait bient\u00f4t conna\u00eetre un s\u00e9rieux coup de frein. Le gouvernement tha\u00eflandais envisage d\u2019imposer un certificat m\u00e9dical pour l\u2019achat de cannabis, ce qui marquerait un retour \u00e0 une approche strictement m\u00e9dicale plut\u00f4t que r\u00e9cr\u00e9ative. Une annonce qui pourrait tout changer, autant pour les consommateurs que pour les professionnels du secteur \ud83e\uddd1\u200d\u2695\ufe0f.<\/p>\n<h2>Une mesure en r\u00e9ponse \u00e0 un vide juridique persistant \ud83d\udcdc<\/h2>\n<p>Tu te demandes s\u00fbrement pourquoi ce changement maintenant ? Et bien, depuis la d\u00e9p\u00e9nalisation en 2022, aucune loi claire n\u2019a \u00e9t\u00e9 vot\u00e9e pour encadrer pr\u00e9cis\u00e9ment la vente et la consommation du cannabis. R\u00e9sultat : le march\u00e9 a \u00e9volu\u00e9 dans une zone grise, entre r\u00e9glementation floue et business florissant. Le gouvernement de Srettha Thavisin, \u00e9lu en 2023, avait pourtant mis en avant la n\u00e9cessit\u00e9 de revoir ce cadre pour s&rsquo;assurer que le cannabis reste un produit th\u00e9rapeutique et non un loisir accessible \u00e0 tous sans contr\u00f4le \ud83e\udde9. Cette mesure de certificat m\u00e9dical s\u2019inscrit donc dans une volont\u00e9 politique claire : remettre de l&rsquo;ordre et instaurer une discipline de sant\u00e9 publique autour du cannabis.<\/p>\t\t\t\t\t\t\t\t<\/div>\n\t\t\t\t<\/div>\n\t\t\t\t<div class=\"elementor-element elementor-element-b8d8a2f elementor-widget elementor-widget-image\" data-id=\"b8d8a2f\" data-element_type=\"widget\" data-e-type=\"widget\" data-widget_type=\"image.default\">\n\t\t\t\t<div class=\"elementor-widget-container\">\n\t\t\t\t\t\t\t\t\t\t\t\t\t\t\t<img fetchpriority=\"high\" decoding=\"async\" width=\"1024\" height=\"796\" src=\"https:\/\/www.gardenz.fr\/news\/wp-content\/uploads\/2025\/05\/Firefly_Une-cour-de-justice-remplie-de-cannabis-540480-_1_-1024x796.webp\" class=\"attachment-large size-large wp-image-18395\" alt=\"une cour de justice remplie de plante\" srcset=\"https:\/\/www.gardenz.fr\/news\/wp-content\/uploads\/2025\/05\/Firefly_Une-cour-de-justice-remplie-de-cannabis-540480-_1_-1024x796.webp 1024w, https:\/\/www.gardenz.fr\/news\/wp-content\/uploads\/2025\/05\/Firefly_Une-cour-de-justice-remplie-de-cannabis-540480-_1_-300x233.webp 300w, https:\/\/www.gardenz.fr\/news\/wp-content\/uploads\/2025\/05\/Firefly_Une-cour-de-justice-remplie-de-cannabis-540480-_1_-768x597.webp 768w, https:\/\/www.gardenz.fr\/news\/wp-content\/uploads\/2025\/05\/Firefly_Une-cour-de-justice-remplie-de-cannabis-540480-_1_-1536x1195.webp 1536w, https:\/\/www.gardenz.fr\/news\/wp-content\/uploads\/2025\/05\/Firefly_Une-cour-de-justice-remplie-de-cannabis-540480-_1_-2048x1593.webp 2048w\" sizes=\"(max-width: 1024px) 100vw, 1024px\" \/>\t\t\t\t\t\t\t\t\t\t\t\t\t\t\t<\/div>\n\t\t\t\t<\/div>\n\t\t\t\t<div class=\"elementor-element elementor-element-1fd1d07 elementor-widget elementor-widget-text-editor\" data-id=\"1fd1d07\" data-element_type=\"widget\" data-e-type=\"widget\" data-widget_type=\"text-editor.default\">\n\t\t\t\t<div class=\"elementor-widget-container\">\n\t\t\t\t\t\t\t\t\t<h2>Cons\u00e9quences pour le tourisme cannabique en Tha\u00eflande \ud83c\udfd6\ufe0f<\/h2>\n<p>Tu envisages de visiter la Tha\u00eflande et de profiter de son atmosph\u00e8re d\u00e9tendue autour du cannabis ? Attention, ce ne sera plus aussi facile qu\u2019avant ! Avec le certificat m\u00e9dical obligatoire, les voyageurs devront soit obtenir une prescription en Tha\u00eflande, soit se contenter des produits non fumables ou non psychoactifs comme le CBD \ud83c\udf3f. L&rsquo;industrie touristique, qui avait commenc\u00e9 \u00e0 profiter de ce nouvel engouement pour le \u00ab\u00a0weed-wellness\u00a0\u00bb, pourrait voir une baisse de fr\u00e9quentation si cette r\u00e9glementation entre en vigueur. Les dispensaires vont devoir adapter leur offre, miser peut-\u00eatre davantage sur les soins th\u00e9rapeutiques de type massages au CBD ou infusions m\u00e9dicinales. Le tourisme vert sera donc toujours l\u00e0, mais transform\u00e9.<\/p>\n<h2>Quels impacts pour les dispensaires locaux ? \ud83c\udfea<\/h2>\n<p>Les commer\u00e7ants et op\u00e9rateurs du secteur ne verront sans doute pas cette mesure d\u2019un bon \u0153il. Beaucoup ont investi lourdement dans l\u2019ouverture de boutiques, dans la promotion de produits vari\u00e9s, et dans la formation de leurs \u00e9quipes autour d\u2019une perspective r\u00e9cr\u00e9ative du cannabis. En imposant une prescription m\u00e9dicale, la client\u00e8le disponible se r\u00e9duit drastiquement. Du jour au lendemain, une grande partie du march\u00e9 pourrait dispara\u00eetre, ou basculer dans l\u2019ill\u00e9galit\u00e9 \ud83d\udeab. Les dispensaires devront donc se repositionner, probablement en forgeant des partenariats avec des cliniques m\u00e9dicales locales ou en r\u00e9orientant leur offre vers un mod\u00e8le plus \u00e9ducatif et th\u00e9rapeutique.<\/p>\t\t\t\t\t\t\t\t<\/div>\n\t\t\t\t<\/div>\n\t\t\t\t<div class=\"elementor-element elementor-element-4b7eb11 elementor-widget elementor-widget-image\" data-id=\"4b7eb11\" data-element_type=\"widget\" data-e-type=\"widget\" data-widget_type=\"image.default\">\n\t\t\t\t<div class=\"elementor-widget-container\">\n\t\t\t\t\t\t\t\t\t\t\t\t\t\t\t<img decoding=\"async\" width=\"1024\" height=\"796\" src=\"https:\/\/www.gardenz.fr\/news\/wp-content\/uploads\/2025\/05\/Firefly_un-hemp-coffeshop-en-Thailande-905303-_1_-1024x796.webp\" class=\"attachment-large size-large wp-image-18396\" alt=\"coffeeshop thailand\" srcset=\"https:\/\/www.gardenz.fr\/news\/wp-content\/uploads\/2025\/05\/Firefly_un-hemp-coffeshop-en-Thailande-905303-_1_-1024x796.webp 1024w, https:\/\/www.gardenz.fr\/news\/wp-content\/uploads\/2025\/05\/Firefly_un-hemp-coffeshop-en-Thailande-905303-_1_-300x233.webp 300w, https:\/\/www.gardenz.fr\/news\/wp-content\/uploads\/2025\/05\/Firefly_un-hemp-coffeshop-en-Thailande-905303-_1_-768x597.webp 768w, https:\/\/www.gardenz.fr\/news\/wp-content\/uploads\/2025\/05\/Firefly_un-hemp-coffeshop-en-Thailande-905303-_1_-1536x1195.webp 1536w, https:\/\/www.gardenz.fr\/news\/wp-content\/uploads\/2025\/05\/Firefly_un-hemp-coffeshop-en-Thailande-905303-_1_-2048x1593.webp 2048w\" sizes=\"(max-width: 1024px) 100vw, 1024px\" \/>\t\t\t\t\t\t\t\t\t\t\t\t\t\t\t<\/div>\n\t\t\t\t<\/div>\n\t\t\t\t<div class=\"elementor-element elementor-element-38a7e91 elementor-widget elementor-widget-text-editor\" data-id=\"38a7e91\" data-element_type=\"widget\" data-e-type=\"widget\" data-widget_type=\"text-editor.default\">\n\t\t\t\t<div class=\"elementor-widget-container\">\n\t\t\t\t\t\t\t\t\t<h2>La prescription m\u00e9dicale : bient\u00f4t obligatoire pour tous \ud83e\ude7a<\/h2>\n<p>Somruek Chungsaman, responsable du d\u00e9partement de la m\u00e9decine traditionnelle et alternative du minist\u00e8re de la sant\u00e9, a confirm\u00e9 que toute personne souhaitant acheter des fleurs de cannabis pour les fumer, qu&rsquo;il s&rsquo;agisse de Tha\u00eflandais ou d&rsquo;\u00e9trangers, devra pr\u00e9senter une prescription m\u00e9dicale valide \ud83d\udcc4. Ce durcissement vise \u00e0 endiguer la consommation r\u00e9cr\u00e9ative et \u00e0 remettre les bases m\u00e9dicales du cannabis au c\u0153ur de sa distribution. Imagine-toi en train de voyager en Tha\u00eflande : tu ne pourras plus simplement entrer dans un dispensaire et acheter une fleur au comptoir, il te faudra d&rsquo;abord passer par un m\u00e9decin local. Une d\u00e9marche contraignante pour les uns, rassurante pour les autres \ud83d\ude09.<\/p>\n<h2>Un retour aux sources m\u00e9dicales du cannabis \ud83c\udf31<\/h2>\n<p>Ce changement de cap pourrait repr\u00e9senter un retour aux v\u00e9ritables fondations du cannabis : son usage m\u00e9dicinal. Historiquement, la plante a d&rsquo;abord \u00e9t\u00e9 reconnue pour ses vertus th\u00e9rapeutiques : soulagement des douleurs chroniques, am\u00e9lioration du sommeil, r\u00e9duction des troubles anxieux&#8230; autant d\u2019applications valid\u00e9es par les praticiens et adopt\u00e9es par les patients \ud83d\udecf\ufe0f. En remettant le m\u00e9decin au c\u0153ur du processus, la Tha\u00eflande veut s&rsquo;assurer que le cannabis reste un rem\u00e8de, et non un produit de consommation banalis\u00e9. Pour toi, consommateur ou patient, cela cr\u00e9e une dynamique o\u00f9 l\u2019on valorise la sant\u00e9 plut\u00f4t que la r\u00e9cr\u00e9ation.<\/p>\n<h2>Vers quel mod\u00e8le la Tha\u00eflande s\u2019oriente-t-elle ? \ud83d\udd0d<\/h2>\n<p>En instaurant cette r\u00e9glementation, la Tha\u00eflande pourrait bien devenir une r\u00e9f\u00e9rence en mati\u00e8re de cannabis m\u00e9dical en Asie. Plut\u00f4t que de suivre le mod\u00e8le nord-am\u00e9ricain de l\u00e9galisation r\u00e9cr\u00e9ative, elle semble vouloir s\u2019aligner sur une vision plus stricte, davantage tourn\u00e9e vers la sant\u00e9 publique \ud83c\udfe5. Ce retour \u00e0 un cadre m\u00e9dicalis\u00e9 peut aussi \u00eatre per\u00e7u comme une mani\u00e8re de mieux contr\u00f4ler la qualit\u00e9 des produits, d\u2019\u00e9viter les abus et de s\u2019assurer que seuls ceux qui en ont vraiment besoin y aient acc\u00e8s. Cela pourrait positionner la Tha\u00eflande comme un leader r\u00e9gional du cannabis m\u00e9dical, reconnu pour son s\u00e9rieux et sa rigueur.<\/p>\t\t\t\t\t\t\t\t<\/div>\n\t\t\t\t<\/div>\n\t\t\t\t<div class=\"elementor-element elementor-element-af3c31d elementor-widget elementor-widget-image\" data-id=\"af3c31d\" data-element_type=\"widget\" data-e-type=\"widget\" data-widget_type=\"image.default\">\n\t\t\t\t<div class=\"elementor-widget-container\">\n\t\t\t\t\t\t\t\t\t\t\t\t\t\t\t<img decoding=\"async\" width=\"1024\" height=\"796\" src=\"https:\/\/www.gardenz.fr\/news\/wp-content\/uploads\/2025\/05\/Firefly_Un-homme-en-thailande-qui-fume-447611-_1_-1024x796.webp\" class=\"attachment-large size-large wp-image-18397\" alt=\"\" srcset=\"https:\/\/www.gardenz.fr\/news\/wp-content\/uploads\/2025\/05\/Firefly_Un-homme-en-thailande-qui-fume-447611-_1_-1024x796.webp 1024w, https:\/\/www.gardenz.fr\/news\/wp-content\/uploads\/2025\/05\/Firefly_Un-homme-en-thailande-qui-fume-447611-_1_-300x233.webp 300w, https:\/\/www.gardenz.fr\/news\/wp-content\/uploads\/2025\/05\/Firefly_Un-homme-en-thailande-qui-fume-447611-_1_-768x597.webp 768w, https:\/\/www.gardenz.fr\/news\/wp-content\/uploads\/2025\/05\/Firefly_Un-homme-en-thailande-qui-fume-447611-_1_-1536x1195.webp 1536w, https:\/\/www.gardenz.fr\/news\/wp-content\/uploads\/2025\/05\/Firefly_Un-homme-en-thailande-qui-fume-447611-_1_-2048x1593.webp 2048w\" sizes=\"(max-width: 1024px) 100vw, 1024px\" \/>\t\t\t\t\t\t\t\t\t\t\t\t\t\t\t<\/div>\n\t\t\t\t<\/div>\n\t\t\t\t<div class=\"elementor-element elementor-element-50e29747 elementor-widget elementor-widget-text-editor\" data-id=\"50e29747\" data-element_type=\"widget\" data-e-type=\"widget\" data-widget_type=\"text-editor.default\">\n\t\t\t\t<div class=\"elementor-widget-container\">\n\t\t\t\t\t\t\t\t\t<div style=\"margin-left: 10%; margin-right: 10%;\">\n<h2>Et pour toi, consommateur ou futur patient ? \ud83e\udd14<\/h2>\nSi tu utilises d\u00e9j\u00e0 le cannabis dans un cadre th\u00e9rapeutique, cette mesure pourrait jouer en ta faveur. Elle assure un meilleur encadrement, une tra\u00e7abilit\u00e9 renforc\u00e9e, et une attention particuli\u00e8re port\u00e9e au bien-\u00eatre du patient \ud83d\udd2c. En revanche, si tu es un consommateur occasionnel ou r\u00e9cr\u00e9atif, il te faudra repenser ta fa\u00e7on d\u2019approcher le cannabis en Tha\u00eflande. Il sera d\u00e9sormais essentiel de consulter un professionnel de sant\u00e9 et d\u2019expliquer clairement ta situation pour esp\u00e9rer b\u00e9n\u00e9ficier d\u2019une prescription. Une nouvelle \u00e9tape dans la d\u00e9mocratisation responsable du cannabis, centr\u00e9e sur le soin et non sur le plaisir imm\u00e9diat.\n<h2>Une d\u00e9cision qui suscite d\u00e9bat et r\u00e9actions \ud83d\udcac<\/h2>\nCe projet de loi, bien qu\u2019encore en gestation, fait d\u00e9j\u00e0 couler beaucoup d&rsquo;encre. Entre soutiens enthousiastes et opposants inquiets, le dialogue est lanc\u00e9 sur le r\u00f4le r\u00e9el du cannabis dans la soci\u00e9t\u00e9 tha\u00eflandaise. Certains voient cette mesure comme une r\u00e9gression face aux avanc\u00e9es r\u00e9centes, d\u2019autres applaudissent un assainissement bienvenu du march\u00e9 \ud83c\udf43. Dans tous les cas, la Tha\u00eflande semble d\u00e9termin\u00e9e \u00e0 repositionner sa politique cannabis sur des bases plus saines et clairement encadr\u00e9es. Il ne reste plus qu\u2019\u00e0 observer comment cette transformation va s\u2019op\u00e9rer, et comment elle influencera d&rsquo;autres pays de la r\u00e9gion. <a href=\"https:\/\/gardenz.fr\/news\">Tu veux continuer ta lecture ? D\u00e9couvre d&rsquo;autres articles en cliquant ici.<\/a><\/div>\n\n<div class=\"wp-block-group is-layout-constrained wp-block-group-is-layout-constrained\">\n<div class=\"wp-block-columns is-layout-flex wp-container-core-columns-is-layout-28f84493 wp-block-columns-is-layout-flex\">\n<div class=\"wp-block-column is-layout-flow wp-block-column-is-layout-flow\" style=\"flex-basis:20%\">\n<figure class=\"wp-block-image size-full\"><a href=\"https:\/\/www.gardenz.fr\/3-fleur-de-chanvre-cbd\"><img loading=\"lazy\" decoding=\"async\" width=\"424\" height=\"600\" src=\"https:\/\/www.gardenz.fr\/news\/wp-content\/uploads\/2025\/03\/FLEUR-DE-CHANVRE-CBD.webp\" alt=\"FLEUR-DE-CHANVRE-CBD\" class=\"wp-image-17519\" srcset=\"https:\/\/www.gardenz.fr\/news\/wp-content\/uploads\/2025\/03\/FLEUR-DE-CHANVRE-CBD.webp 424w, https:\/\/www.gardenz.fr\/news\/wp-content\/uploads\/2025\/03\/FLEUR-DE-CHANVRE-CBD-212x300.webp 212w\" sizes=\"(max-width: 424px) 100vw, 424px\" \/><\/a><\/figure>\n<\/div>\n\n\n\n<div class=\"wp-block-column is-layout-flow wp-block-column-is-layout-flow\" style=\"flex-basis:20%\">\n<figure class=\"wp-block-image size-full\"><a href=\"https:\/\/www.gardenz.fr\/6--resine-cbd\"><img loading=\"lazy\" decoding=\"async\" width=\"424\" height=\"600\" src=\"https:\/\/www.gardenz.fr\/news\/wp-content\/uploads\/2025\/03\/RESINE-CBD.webp\" alt=\"R\u00c9SINE-CBD\" class=\"wp-image-17515\" srcset=\"https:\/\/www.gardenz.fr\/news\/wp-content\/uploads\/2025\/03\/RESINE-CBD.webp 424w, https:\/\/www.gardenz.fr\/news\/wp-content\/uploads\/2025\/03\/RESINE-CBD-212x300.webp 212w\" sizes=\"(max-width: 424px) 100vw, 424px\" \/><\/a><\/figure>\n<\/div>\n\n\n\n<div class=\"wp-block-column is-layout-flow wp-block-column-is-layout-flow\" style=\"flex-basis:20%\">\n<figure class=\"wp-block-image size-full\"><a href=\"https:\/\/www.gardenz.fr\/511--weed-psycho\"><img loading=\"lazy\" decoding=\"async\" width=\"424\" height=\"600\" src=\"https:\/\/www.gardenz.fr\/news\/wp-content\/uploads\/2025\/03\/PSYCHOACTIFS.webp\" alt=\"PSYCHOACTIFS\" class=\"wp-image-17517\" srcset=\"https:\/\/www.gardenz.fr\/news\/wp-content\/uploads\/2025\/03\/PSYCHOACTIFS.webp 424w, https:\/\/www.gardenz.fr\/news\/wp-content\/uploads\/2025\/03\/PSYCHOACTIFS-212x300.webp 212w\" sizes=\"(max-width: 424px) 100vw, 424px\" \/><\/a><\/figure>\n<\/div>\n\n\n\n<div class=\"wp-block-column is-layout-flow wp-block-column-is-layout-flow\" style=\"flex-basis:20%\">\n<figure class=\"wp-block-image size-full\"><a href=\"https:\/\/www.gardenz.fr\/562--accessoires-weed\"><img loading=\"lazy\" decoding=\"async\" width=\"424\" height=\"600\" src=\"https:\/\/www.gardenz.fr\/news\/wp-content\/uploads\/2025\/03\/ACCESSOIRED.webp\" alt=\"\" class=\"wp-image-17520\" srcset=\"https:\/\/www.gardenz.fr\/news\/wp-content\/uploads\/2025\/03\/ACCESSOIRED.webp 424w, https:\/\/www.gardenz.fr\/news\/wp-content\/uploads\/2025\/03\/ACCESSOIRED-212x300.webp 212w\" sizes=\"(max-width: 424px) 100vw, 424px\" \/><\/a><\/figure>\n<\/div>\n\n\n\n<div class=\"wp-block-column is-layout-flow wp-block-column-is-layout-flow\" style=\"flex-basis:20%\">\n<figure class=\"wp-block-image size-full\"><a href=\"https:\/\/www.gardenz.fr\/284--vaporisateur-weed\"><img loading=\"lazy\" decoding=\"async\" width=\"424\" height=\"600\" src=\"https:\/\/www.gardenz.fr\/news\/wp-content\/uploads\/2025\/03\/VAPORISATEUR-WEED.webp\" alt=\"VAPORISATEUR-WEED\" class=\"wp-image-17514\" srcset=\"https:\/\/www.gardenz.fr\/news\/wp-content\/uploads\/2025\/03\/VAPORISATEUR-WEED.webp 424w, https:\/\/www.gardenz.fr\/news\/wp-content\/uploads\/2025\/03\/VAPORISATEUR-WEED-212x300.webp 212w\" sizes=\"(max-width: 424px) 100vw, 424px\" \/><\/a><\/figure>\n<\/div>\n<\/div>\n<\/div>\n\t\t\t\t\t\t\t\t<\/div>\n\t\t\t\t<\/div>\n\t\t\t\t\t<\/div>\n\t\t<\/div>\n\t\t\t\t\t<\/div>\n\t\t<\/section>\n\t\t\t\t<\/div>\n\t\t","protected":false},"excerpt":{"rendered":"<p>La Tha\u00eflande resserre les r\u00e8gles : un tournant majeur pour le cannabis m\u00e9dical \ud83c\uddf9\ud83c\udded Depuis sa d\u00e9p\u00e9nalisation officielle en juin 2022, le cannabis en Tha\u00eflande en a fait du chemin. Des dispensaires ont fleuri un peu partout, attirant aussi bien les jeunes locaux que les touristes curieux \ud83c\udf0d. Pourtant, cette libert\u00e9 pourrait bient\u00f4t conna\u00eetre un [&hellip;]<\/p>\n","protected":false},"author":18,"featured_media":18401,"comment_status":"closed","ping_status":"closed","sticky":false,"template":"","format":"standard","meta":{"site-sidebar-layout":"default","site-content-layout":"","ast-site-content-layout":"default","site-content-style":"default","site-sidebar-style":"default","ast-global-header-display":"","ast-banner-title-visibility":"","ast-main-header-display":"","ast-hfb-above-header-display":"","ast-hfb-below-header-display":"","ast-hfb-mobile-header-display":"","site-post-title":"","ast-breadcrumbs-content":"","ast-featured-img":"","footer-sml-layout":"","ast-disable-related-posts":"","theme-transparent-header-meta":"","adv-header-id-meta":"","stick-header-meta":"","header-above-stick-meta":"","header-main-stick-meta":"","header-below-stick-meta":"","astra-migrate-meta-layouts":"default","ast-page-background-enabled":"default","ast-page-background-meta":{"desktop":{"background-color":"var(--ast-global-color-4)","background-image":"","background-repeat":"repeat","background-position":"center center","background-size":"auto","background-attachment":"scroll","background-type":"","background-media":"","overlay-type":"","overlay-color":"","overlay-opacity":"","overlay-gradient":""},"tablet":{"background-color":"","background-image":"","background-repeat":"repeat","background-position":"center center","background-size":"auto","background-attachment":"scroll","background-type":"","background-media":"","overlay-type":"","overlay-color":"","overlay-opacity":"","overlay-gradient":""},"mobile":{"background-color":"","background-image":"","background-repeat":"repeat","background-position":"center center","background-size":"auto","background-attachment":"scroll","background-type":"","background-media":"","overlay-type":"","overlay-color":"","overlay-opacity":"","overlay-gradient":""}},"ast-content-background-meta":{"desktop":{"background-color":"var(--ast-global-color-5)","background-image":"","background-repeat":"repeat","background-position":"center center","background-size":"auto","background-attachment":"scroll","background-type":"","background-media":"","overlay-type":"","overlay-color":"","overlay-opacity":"","overlay-gradient":""},"tablet":{"background-color":"var(--ast-global-color-5)","background-image":"","background-repeat":"repeat","background-position":"center center","background-size":"auto","background-attachment":"scroll","background-type":"","background-media":"","overlay-type":"","overlay-color":"","overlay-opacity":"","overlay-gradient":""},"mobile":{"background-color":"var(--ast-global-color-5)","background-image":"","background-repeat":"repeat","background-position":"center center","background-size":"auto","background-attachment":"scroll","background-type":"","background-media":"","overlay-type":"","overlay-color":"","overlay-opacity":"","overlay-gradient":""}},"footnotes":""},"categories":[1],"tags":[],"class_list":["post-18393","post","type-post","status-publish","format-standard","has-post-thumbnail","hentry","category-non-classe"],"yoast_head":"<!-- This site is optimized with the Yoast SEO plugin v27.5 - https:\/\/yoast.com\/product\/yoast-seo-wordpress\/ -->\n<title>\ud83c\udf3f La Tha\u00eflande pourrait bient\u00f4t exiger certificat m\u00e9dical pour acheter du cannabis<\/title>\n<meta name=\"description\" content=\"\ud83c\udf3f La Tha\u00eflande envisage d&#039;imposer un certificat m\u00e9dical pour l&#039;achat de cannabis. \ud83c\udfe5 #Tha\u00eflande #cannabis #certificatm\u00e9dical\" \/>\n<meta name=\"robots\" content=\"index, follow, max-snippet:-1, max-image-preview:large, max-video-preview:-1\" \/>\n<link rel=\"canonical\" href=\"https:\/\/www.gardenz.fr\/news\/2025\/05\/27\/la-thailande-pourrait-bientot-exiger-un-certificat-medical-pour-acheter-du-cannabis\/\" \/>\n<meta property=\"og:locale\" content=\"fr_FR\" \/>\n<meta property=\"og:type\" content=\"article\" \/>\n<meta property=\"og:title\" content=\"\ud83c\udf3f La Tha\u00eflande pourrait bient\u00f4t exiger certificat m\u00e9dical pour acheter du cannabis\" \/>\n<meta property=\"og:description\" content=\"\ud83c\udf3f La Tha\u00eflande envisage d&#039;imposer un certificat m\u00e9dical pour l&#039;achat de cannabis. \ud83c\udfe5 #Tha\u00eflande #cannabis #certificatm\u00e9dical\" \/>\n<meta property=\"og:url\" content=\"https:\/\/www.gardenz.fr\/news\/2025\/05\/27\/la-thailande-pourrait-bientot-exiger-un-certificat-medical-pour-acheter-du-cannabis\/\" \/>\n<meta property=\"og:site_name\" content=\"Le Blog de Gardenz\" \/>\n<meta property=\"article:published_time\" content=\"2025-05-27T09:47:31+00:00\" \/>\n<meta property=\"article:modified_time\" content=\"2025-07-21T14:00:18+00:00\" \/>\n<meta property=\"og:image\" content=\"https:\/\/www.gardenz.fr\/news\/wp-content\/uploads\/2025\/05\/Thailande-certificat.jpg\" \/>\n\t<meta property=\"og:image:width\" content=\"1890\" \/>\n\t<meta property=\"og:image:height\" content=\"622\" \/>\n\t<meta property=\"og:image:type\" content=\"image\/jpeg\" \/>\n<meta name=\"author\" content=\"Idan Melicio\" \/>\n<meta name=\"twitter:card\" content=\"summary_large_image\" \/>\n<meta name=\"twitter:label1\" content=\"\u00c9crit par\" \/>\n\t<meta name=\"twitter:data1\" content=\"Idan Melicio\" \/>\n\t<meta name=\"twitter:label2\" content=\"Dur\u00e9e de lecture estim\u00e9e\" \/>\n\t<meta name=\"twitter:data2\" content=\"10 minutes\" \/>\n<script type=\"application\/ld+json\" class=\"yoast-schema-graph\">{\"@context\":\"https:\\\/\\\/schema.org\",\"@graph\":[{\"@type\":\"Article\",\"@id\":\"https:\\\/\\\/www.gardenz.fr\\\/news\\\/2025\\\/05\\\/27\\\/la-thailande-pourrait-bientot-exiger-un-certificat-medical-pour-acheter-du-cannabis\\\/#article\",\"isPartOf\":{\"@id\":\"https:\\\/\\\/www.gardenz.fr\\\/news\\\/2025\\\/05\\\/27\\\/la-thailande-pourrait-bientot-exiger-un-certificat-medical-pour-acheter-du-cannabis\\\/\"},\"author\":{\"name\":\"Idan Melicio\",\"@id\":\"https:\\\/\\\/www.gardenz.fr\\\/news\\\/#\\\/schema\\\/person\\\/4c29b13eadec7d3b7f81d3dc8253aa72\"},\"headline\":\"La Tha\u00eflande pourrait bient\u00f4t exiger un certificat m\u00e9dical pour acheter du cannabis\",\"datePublished\":\"2025-05-27T09:47:31+00:00\",\"dateModified\":\"2025-07-21T14:00:18+00:00\",\"mainEntityOfPage\":{\"@id\":\"https:\\\/\\\/www.gardenz.fr\\\/news\\\/2025\\\/05\\\/27\\\/la-thailande-pourrait-bientot-exiger-un-certificat-medical-pour-acheter-du-cannabis\\\/\"},\"wordCount\":1141,\"publisher\":{\"@id\":\"https:\\\/\\\/www.gardenz.fr\\\/news\\\/#organization\"},\"image\":{\"@id\":\"https:\\\/\\\/www.gardenz.fr\\\/news\\\/2025\\\/05\\\/27\\\/la-thailande-pourrait-bientot-exiger-un-certificat-medical-pour-acheter-du-cannabis\\\/#primaryimage\"},\"thumbnailUrl\":\"https:\\\/\\\/www.gardenz.fr\\\/news\\\/wp-content\\\/uploads\\\/2025\\\/05\\\/Thailande-certificat.jpg\",\"articleSection\":[\"GENERAL\"],\"inLanguage\":\"fr-FR\"},{\"@type\":\"WebPage\",\"@id\":\"https:\\\/\\\/www.gardenz.fr\\\/news\\\/2025\\\/05\\\/27\\\/la-thailande-pourrait-bientot-exiger-un-certificat-medical-pour-acheter-du-cannabis\\\/\",\"url\":\"https:\\\/\\\/www.gardenz.fr\\\/news\\\/2025\\\/05\\\/27\\\/la-thailande-pourrait-bientot-exiger-un-certificat-medical-pour-acheter-du-cannabis\\\/\",\"name\":\"\ud83c\udf3f La Tha\u00eflande pourrait bient\u00f4t exiger certificat m\u00e9dical pour acheter du cannabis\",\"isPartOf\":{\"@id\":\"https:\\\/\\\/www.gardenz.fr\\\/news\\\/#website\"},\"primaryImageOfPage\":{\"@id\":\"https:\\\/\\\/www.gardenz.fr\\\/news\\\/2025\\\/05\\\/27\\\/la-thailande-pourrait-bientot-exiger-un-certificat-medical-pour-acheter-du-cannabis\\\/#primaryimage\"},\"image\":{\"@id\":\"https:\\\/\\\/www.gardenz.fr\\\/news\\\/2025\\\/05\\\/27\\\/la-thailande-pourrait-bientot-exiger-un-certificat-medical-pour-acheter-du-cannabis\\\/#primaryimage\"},\"thumbnailUrl\":\"https:\\\/\\\/www.gardenz.fr\\\/news\\\/wp-content\\\/uploads\\\/2025\\\/05\\\/Thailande-certificat.jpg\",\"datePublished\":\"2025-05-27T09:47:31+00:00\",\"dateModified\":\"2025-07-21T14:00:18+00:00\",\"description\":\"\ud83c\udf3f La Tha\u00eflande envisage d'imposer un certificat m\u00e9dical pour l'achat de cannabis. \ud83c\udfe5 #Tha\u00eflande #cannabis #certificatm\u00e9dical\",\"breadcrumb\":{\"@id\":\"https:\\\/\\\/www.gardenz.fr\\\/news\\\/2025\\\/05\\\/27\\\/la-thailande-pourrait-bientot-exiger-un-certificat-medical-pour-acheter-du-cannabis\\\/#breadcrumb\"},\"inLanguage\":\"fr-FR\",\"potentialAction\":[{\"@type\":\"ReadAction\",\"target\":[\"https:\\\/\\\/www.gardenz.fr\\\/news\\\/2025\\\/05\\\/27\\\/la-thailande-pourrait-bientot-exiger-un-certificat-medical-pour-acheter-du-cannabis\\\/\"]}]},{\"@type\":\"ImageObject\",\"inLanguage\":\"fr-FR\",\"@id\":\"https:\\\/\\\/www.gardenz.fr\\\/news\\\/2025\\\/05\\\/27\\\/la-thailande-pourrait-bientot-exiger-un-certificat-medical-pour-acheter-du-cannabis\\\/#primaryimage\",\"url\":\"https:\\\/\\\/www.gardenz.fr\\\/news\\\/wp-content\\\/uploads\\\/2025\\\/05\\\/Thailande-certificat.jpg\",\"contentUrl\":\"https:\\\/\\\/www.gardenz.fr\\\/news\\\/wp-content\\\/uploads\\\/2025\\\/05\\\/Thailande-certificat.jpg\",\"width\":1890,\"height\":622,\"caption\":\"Thailande weed\"},{\"@type\":\"BreadcrumbList\",\"@id\":\"https:\\\/\\\/www.gardenz.fr\\\/news\\\/2025\\\/05\\\/27\\\/la-thailande-pourrait-bientot-exiger-un-certificat-medical-pour-acheter-du-cannabis\\\/#breadcrumb\",\"itemListElement\":[{\"@type\":\"ListItem\",\"position\":1,\"name\":\"Accueil\",\"item\":\"https:\\\/\\\/www.gardenz.fr\\\/news\\\/\"},{\"@type\":\"ListItem\",\"position\":2,\"name\":\"La Tha\u00eflande pourrait bient\u00f4t exiger un certificat m\u00e9dical pour acheter du cannabis\"}]},{\"@type\":\"WebSite\",\"@id\":\"https:\\\/\\\/www.gardenz.fr\\\/news\\\/#website\",\"url\":\"https:\\\/\\\/www.gardenz.fr\\\/news\\\/\",\"name\":\"Le Blog de Gardenz\",\"description\":\"Best quality CBD\",\"publisher\":{\"@id\":\"https:\\\/\\\/www.gardenz.fr\\\/news\\\/#organization\"},\"potentialAction\":[{\"@type\":\"SearchAction\",\"target\":{\"@type\":\"EntryPoint\",\"urlTemplate\":\"https:\\\/\\\/www.gardenz.fr\\\/news\\\/?s={search_term_string}\"},\"query-input\":{\"@type\":\"PropertyValueSpecification\",\"valueRequired\":true,\"valueName\":\"search_term_string\"}}],\"inLanguage\":\"fr-FR\"},{\"@type\":\"Organization\",\"@id\":\"https:\\\/\\\/www.gardenz.fr\\\/news\\\/#organization\",\"name\":\"Le Blog de Gardenz\",\"url\":\"https:\\\/\\\/www.gardenz.fr\\\/news\\\/\",\"logo\":{\"@type\":\"ImageObject\",\"inLanguage\":\"fr-FR\",\"@id\":\"https:\\\/\\\/www.gardenz.fr\\\/news\\\/#\\\/schema\\\/logo\\\/image\\\/\",\"url\":\"https:\\\/\\\/www.gardenz.fr\\\/news\\\/wp-content\\\/uploads\\\/2022\\\/06\\\/logo-gardenz-feuille-blanc-final.png\",\"contentUrl\":\"https:\\\/\\\/www.gardenz.fr\\\/news\\\/wp-content\\\/uploads\\\/2022\\\/06\\\/logo-gardenz-feuille-blanc-final.png\",\"width\":459,\"height\":200,\"caption\":\"Le Blog de Gardenz\"},\"image\":{\"@id\":\"https:\\\/\\\/www.gardenz.fr\\\/news\\\/#\\\/schema\\\/logo\\\/image\\\/\"}},{\"@type\":\"Person\",\"@id\":\"https:\\\/\\\/www.gardenz.fr\\\/news\\\/#\\\/schema\\\/person\\\/4c29b13eadec7d3b7f81d3dc8253aa72\",\"name\":\"Idan Melicio\",\"image\":{\"@type\":\"ImageObject\",\"inLanguage\":\"fr-FR\",\"@id\":\"https:\\\/\\\/secure.gravatar.com\\\/avatar\\\/a4fed9bf268062e3c5884e1b9288f4a54517dd9041d8c562678849f7f1c1eb43?s=96&d=mm&r=g\",\"url\":\"https:\\\/\\\/secure.gravatar.com\\\/avatar\\\/a4fed9bf268062e3c5884e1b9288f4a54517dd9041d8c562678849f7f1c1eb43?s=96&d=mm&r=g\",\"contentUrl\":\"https:\\\/\\\/secure.gravatar.com\\\/avatar\\\/a4fed9bf268062e3c5884e1b9288f4a54517dd9041d8c562678849f7f1c1eb43?s=96&d=mm&r=g\",\"caption\":\"Idan Melicio\"},\"url\":\"https:\\\/\\\/www.gardenz.fr\\\/news\\\/author\\\/idan-milecio\\\/\"}]}<\/script>\n<!-- \/ Yoast SEO plugin. -->","yoast_head_json":{"title":"\ud83c\udf3f La Tha\u00eflande pourrait bient\u00f4t exiger certificat m\u00e9dical pour acheter du cannabis","description":"\ud83c\udf3f La Tha\u00eflande envisage d'imposer un certificat m\u00e9dical pour l'achat de cannabis. \ud83c\udfe5 #Tha\u00eflande #cannabis #certificatm\u00e9dical","robots":{"index":"index","follow":"follow","max-snippet":"max-snippet:-1","max-image-preview":"max-image-preview:large","max-video-preview":"max-video-preview:-1"},"canonical":"https:\/\/www.gardenz.fr\/news\/2025\/05\/27\/la-thailande-pourrait-bientot-exiger-un-certificat-medical-pour-acheter-du-cannabis\/","og_locale":"fr_FR","og_type":"article","og_title":"\ud83c\udf3f La Tha\u00eflande pourrait bient\u00f4t exiger certificat m\u00e9dical pour acheter du cannabis","og_description":"\ud83c\udf3f La Tha\u00eflande envisage d'imposer un certificat m\u00e9dical pour l'achat de cannabis. \ud83c\udfe5 #Tha\u00eflande #cannabis #certificatm\u00e9dical","og_url":"https:\/\/www.gardenz.fr\/news\/2025\/05\/27\/la-thailande-pourrait-bientot-exiger-un-certificat-medical-pour-acheter-du-cannabis\/","og_site_name":"Le Blog de Gardenz","article_published_time":"2025-05-27T09:47:31+00:00","article_modified_time":"2025-07-21T14:00:18+00:00","og_image":[{"width":1890,"height":622,"url":"https:\/\/www.gardenz.fr\/news\/wp-content\/uploads\/2025\/05\/Thailande-certificat.jpg","type":"image\/jpeg"}],"author":"Idan Melicio","twitter_card":"summary_large_image","twitter_misc":{"\u00c9crit par":"Idan Melicio","Dur\u00e9e de lecture estim\u00e9e":"10 minutes"},"schema":{"@context":"https:\/\/schema.org","@graph":[{"@type":"Article","@id":"https:\/\/www.gardenz.fr\/news\/2025\/05\/27\/la-thailande-pourrait-bientot-exiger-un-certificat-medical-pour-acheter-du-cannabis\/#article","isPartOf":{"@id":"https:\/\/www.gardenz.fr\/news\/2025\/05\/27\/la-thailande-pourrait-bientot-exiger-un-certificat-medical-pour-acheter-du-cannabis\/"},"author":{"name":"Idan Melicio","@id":"https:\/\/www.gardenz.fr\/news\/#\/schema\/person\/4c29b13eadec7d3b7f81d3dc8253aa72"},"headline":"La Tha\u00eflande pourrait bient\u00f4t exiger un certificat m\u00e9dical pour acheter du cannabis","datePublished":"2025-05-27T09:47:31+00:00","dateModified":"2025-07-21T14:00:18+00:00","mainEntityOfPage":{"@id":"https:\/\/www.gardenz.fr\/news\/2025\/05\/27\/la-thailande-pourrait-bientot-exiger-un-certificat-medical-pour-acheter-du-cannabis\/"},"wordCount":1141,"publisher":{"@id":"https:\/\/www.gardenz.fr\/news\/#organization"},"image":{"@id":"https:\/\/www.gardenz.fr\/news\/2025\/05\/27\/la-thailande-pourrait-bientot-exiger-un-certificat-medical-pour-acheter-du-cannabis\/#primaryimage"},"thumbnailUrl":"https:\/\/www.gardenz.fr\/news\/wp-content\/uploads\/2025\/05\/Thailande-certificat.jpg","articleSection":["GENERAL"],"inLanguage":"fr-FR"},{"@type":"WebPage","@id":"https:\/\/www.gardenz.fr\/news\/2025\/05\/27\/la-thailande-pourrait-bientot-exiger-un-certificat-medical-pour-acheter-du-cannabis\/","url":"https:\/\/www.gardenz.fr\/news\/2025\/05\/27\/la-thailande-pourrait-bientot-exiger-un-certificat-medical-pour-acheter-du-cannabis\/","name":"\ud83c\udf3f La Tha\u00eflande pourrait bient\u00f4t exiger certificat m\u00e9dical pour acheter du cannabis","isPartOf":{"@id":"https:\/\/www.gardenz.fr\/news\/#website"},"primaryImageOfPage":{"@id":"https:\/\/www.gardenz.fr\/news\/2025\/05\/27\/la-thailande-pourrait-bientot-exiger-un-certificat-medical-pour-acheter-du-cannabis\/#primaryimage"},"image":{"@id":"https:\/\/www.gardenz.fr\/news\/2025\/05\/27\/la-thailande-pourrait-bientot-exiger-un-certificat-medical-pour-acheter-du-cannabis\/#primaryimage"},"thumbnailUrl":"https:\/\/www.gardenz.fr\/news\/wp-content\/uploads\/2025\/05\/Thailande-certificat.jpg","datePublished":"2025-05-27T09:47:31+00:00","dateModified":"2025-07-21T14:00:18+00:00","description":"\ud83c\udf3f La Tha\u00eflande envisage d'imposer un certificat m\u00e9dical pour l'achat de cannabis. \ud83c\udfe5 #Tha\u00eflande #cannabis #certificatm\u00e9dical","breadcrumb":{"@id":"https:\/\/www.gardenz.fr\/news\/2025\/05\/27\/la-thailande-pourrait-bientot-exiger-un-certificat-medical-pour-acheter-du-cannabis\/#breadcrumb"},"inLanguage":"fr-FR","potentialAction":[{"@type":"ReadAction","target":["https:\/\/www.gardenz.fr\/news\/2025\/05\/27\/la-thailande-pourrait-bientot-exiger-un-certificat-medical-pour-acheter-du-cannabis\/"]}]},{"@type":"ImageObject","inLanguage":"fr-FR","@id":"https:\/\/www.gardenz.fr\/news\/2025\/05\/27\/la-thailande-pourrait-bientot-exiger-un-certificat-medical-pour-acheter-du-cannabis\/#primaryimage","url":"https:\/\/www.gardenz.fr\/news\/wp-content\/uploads\/2025\/05\/Thailande-certificat.jpg","contentUrl":"https:\/\/www.gardenz.fr\/news\/wp-content\/uploads\/2025\/05\/Thailande-certificat.jpg","width":1890,"height":622,"caption":"Thailande weed"},{"@type":"BreadcrumbList","@id":"https:\/\/www.gardenz.fr\/news\/2025\/05\/27\/la-thailande-pourrait-bientot-exiger-un-certificat-medical-pour-acheter-du-cannabis\/#breadcrumb","itemListElement":[{"@type":"ListItem","position":1,"name":"Accueil","item":"https:\/\/www.gardenz.fr\/news\/"},{"@type":"ListItem","position":2,"name":"La Tha\u00eflande pourrait bient\u00f4t exiger un certificat m\u00e9dical pour acheter du cannabis"}]},{"@type":"WebSite","@id":"https:\/\/www.gardenz.fr\/news\/#website","url":"https:\/\/www.gardenz.fr\/news\/","name":"Le Blog de Gardenz","description":"Best quality CBD","publisher":{"@id":"https:\/\/www.gardenz.fr\/news\/#organization"},"potentialAction":[{"@type":"SearchAction","target":{"@type":"EntryPoint","urlTemplate":"https:\/\/www.gardenz.fr\/news\/?s={search_term_string}"},"query-input":{"@type":"PropertyValueSpecification","valueRequired":true,"valueName":"search_term_string"}}],"inLanguage":"fr-FR"},{"@type":"Organization","@id":"https:\/\/www.gardenz.fr\/news\/#organization","name":"Le Blog de Gardenz","url":"https:\/\/www.gardenz.fr\/news\/","logo":{"@type":"ImageObject","inLanguage":"fr-FR","@id":"https:\/\/www.gardenz.fr\/news\/#\/schema\/logo\/image\/","url":"https:\/\/www.gardenz.fr\/news\/wp-content\/uploads\/2022\/06\/logo-gardenz-feuille-blanc-final.png","contentUrl":"https:\/\/www.gardenz.fr\/news\/wp-content\/uploads\/2022\/06\/logo-gardenz-feuille-blanc-final.png","width":459,"height":200,"caption":"Le Blog de Gardenz"},"image":{"@id":"https:\/\/www.gardenz.fr\/news\/#\/schema\/logo\/image\/"}},{"@type":"Person","@id":"https:\/\/www.gardenz.fr\/news\/#\/schema\/person\/4c29b13eadec7d3b7f81d3dc8253aa72","name":"Idan Melicio","image":{"@type":"ImageObject","inLanguage":"fr-FR","@id":"https:\/\/secure.gravatar.com\/avatar\/a4fed9bf268062e3c5884e1b9288f4a54517dd9041d8c562678849f7f1c1eb43?s=96&d=mm&r=g","url":"https:\/\/secure.gravatar.com\/avatar\/a4fed9bf268062e3c5884e1b9288f4a54517dd9041d8c562678849f7f1c1eb43?s=96&d=mm&r=g","contentUrl":"https:\/\/secure.gravatar.com\/avatar\/a4fed9bf268062e3c5884e1b9288f4a54517dd9041d8c562678849f7f1c1eb43?s=96&d=mm&r=g","caption":"Idan Melicio"},"url":"https:\/\/www.gardenz.fr\/news\/author\/idan-milecio\/"}]}},"_links":{"self":[{"href":"https:\/\/www.gardenz.fr\/news\/wp-json\/wp\/v2\/posts\/18393","targetHints":{"allow":["GET"]}}],"collection":[{"href":"https:\/\/www.gardenz.fr\/news\/wp-json\/wp\/v2\/posts"}],"about":[{"href":"https:\/\/www.gardenz.fr\/news\/wp-json\/wp\/v2\/types\/post"}],"author":[{"embeddable":true,"href":"https:\/\/www.gardenz.fr\/news\/wp-json\/wp\/v2\/users\/18"}],"replies":[{"embeddable":true,"href":"https:\/\/www.gardenz.fr\/news\/wp-json\/wp\/v2\/comments?post=18393"}],"version-history":[{"count":9,"href":"https:\/\/www.gardenz.fr\/news\/wp-json\/wp\/v2\/posts\/18393\/revisions"}],"predecessor-version":[{"id":18693,"href":"https:\/\/www.gardenz.fr\/news\/wp-json\/wp\/v2\/posts\/18393\/revisions\/18693"}],"wp:featuredmedia":[{"embeddable":true,"href":"https:\/\/www.gardenz.fr\/news\/wp-json\/wp\/v2\/media\/18401"}],"wp:attachment":[{"href":"https:\/\/www.gardenz.fr\/news\/wp-json\/wp\/v2\/media?parent=18393"}],"wp:term":[{"taxonomy":"category","embeddable":true,"href":"https:\/\/www.gardenz.fr\/news\/wp-json\/wp\/v2\/categories?post=18393"},{"taxonomy":"post_tag","embeddable":true,"href":"https:\/\/www.gardenz.fr\/news\/wp-json\/wp\/v2\/tags?post=18393"}],"curies":[{"name":"wp","href":"https:\/\/api.w.org\/{rel}","templated":true}]}}