{"id":18394,"date":"2025-05-27T12:49:03","date_gmt":"2025-05-27T10:49:03","guid":{"rendered":"https:\/\/www.gardenz.fr\/news\/?p=18394"},"modified":"2025-07-21T15:56:58","modified_gmt":"2025-07-21T13:56:58","slug":"quelle-est-la-meilleure-heure-pour-consommer-du-cannabis","status":"publish","type":"post","link":"https:\/\/www.gardenz.fr\/news\/2025\/05\/27\/quelle-est-la-meilleure-heure-pour-consommer-du-cannabis\/","title":{"rendered":"Quelle est la meilleure heure pour consommer du cannabis ?"},"content":{"rendered":"\t\t<div data-elementor-type=\"wp-post\" data-elementor-id=\"18394\" class=\"elementor elementor-18394\">\n\t\t\t\t\t\t<section class=\"elementor-section elementor-top-section elementor-element elementor-element-7125ecf5 elementor-section-boxed elementor-section-height-default elementor-section-height-default\" data-id=\"7125ecf5\" data-element_type=\"section\" data-e-type=\"section\">\n\t\t\t\t\t\t<div class=\"elementor-container elementor-column-gap-default\">\n\t\t\t\t\t<div class=\"elementor-column elementor-col-100 elementor-top-column elementor-element elementor-element-2f52328f\" data-id=\"2f52328f\" data-element_type=\"column\" data-e-type=\"column\">\n\t\t\t<div class=\"elementor-widget-wrap elementor-element-populated\">\n\t\t\t\t\t\t<div class=\"elementor-element elementor-element-1705277 elementor-widget elementor-widget-text-editor\" data-id=\"1705277\" data-element_type=\"widget\" data-e-type=\"widget\" data-widget_type=\"text-editor.default\">\n\t\t\t\t<div class=\"elementor-widget-container\">\n\t\t\t\t\t\t\t\t\t<p>Alors, c\u2019est quand le bon moment pour planer ? \ud83c\udf2c\ufe0f Que tu sois un aficionado du b\u00e9do ou juste curieux de d\u00e9couvrir les subtilit\u00e9s du <a href=\"https:\/\/www.gardenz.fr\/310--delta-9-thc\">cannabis<\/a>, une question revient souvent : \u00e0 quelle heure de la journ\u00e9e est-il optimal de consommer ? Et spoiler alert : il n\u2019y a pas une seule bonne r\u00e9ponse, mais plut\u00f4t une palette de possibilit\u00e9s fa\u00e7on arc-en-ciel de vibes. Dans cet article, on va explorer les meilleurs moments pour savourer ton herbe pr\u00e9f\u00e9r\u00e9e selon ton mode de vie, ton humeur et m\u00eame le type de weed que tu kiffes. Pr\u00e9pare ton grinder, on d\u00e9colle. \ud83d\ude80<\/p>\n<h2>Quel est le meilleur moment de la journ\u00e9e pour consommer du cannabis ? \ud83d\udd52<\/h2>\n<p>Spoiler : il n\u2019existe pas de \u00ab moment universel \u00bb qui convient \u00e0 tout le monde. La meilleure heure pour consommer du cannabis d\u00e9pend de trois grands facteurs : ton intention, le type de cannabis choisi (indica, sativa, hybride) et bien s\u00fbr, ton emploi du temps. Si tu fumes une sativa \u00e9nergisante, mieux vaut viser la journ\u00e9e. Alors qu\u2019une indica relaxante sera ton alli\u00e9e du soir. Simple, non ? Mais entrons dans le d\u00e9tail.<\/p>\n<h2>Fumer le matin : l\u2019option wake and bake \u2600\ufe0f<\/h2>\n<p>Tu connais le wake and bake ? C\u2019est cette tradition sacr\u00e9e (pour certains) qui consiste \u00e0 allumer son premier joint juste apr\u00e8s le r\u00e9veil.<\/p>\n<h3>Boost d\u2019\u00e9nergie ou pi\u00e8ge \u00e0 procrastination ? \ud83d\udca5<\/h3>\n<p>Si tu choisis une vari\u00e9t\u00e9 sativa ou \u00e0 dominance sativa, comme une Super Lemon Haze ou une Jack Herer, tu peux obtenir un effet stimulant et motivant. Id\u00e9al si tu veux te concentrer sur des t\u00e2ches cr\u00e9atives ou d\u00e9marrer la journ\u00e9e du bon pied. Mais attention : pour beaucoup, le cannabis au r\u00e9veil peut aussi mettre en mode sieste ou cafard en milieu de matin\u00e9e. Tout d\u00e9pend de ta tol\u00e9rance, et de la dose.<\/p>\t\t\t\t\t\t\t\t<\/div>\n\t\t\t\t<\/div>\n\t\t\t\t<div class=\"elementor-element elementor-element-820ce12 elementor-widget elementor-widget-image\" data-id=\"820ce12\" data-element_type=\"widget\" data-e-type=\"widget\" data-widget_type=\"image.default\">\n\t\t\t\t<div class=\"elementor-widget-container\">\n\t\t\t\t\t\t\t\t\t\t\t\t\t\t\t<img fetchpriority=\"high\" decoding=\"async\" width=\"1024\" height=\"796\" src=\"https:\/\/www.gardenz.fr\/news\/wp-content\/uploads\/2025\/05\/Firefly_Un-homme-qui-fume-de-bon-matin-282009-_1_-1024x796.webp\" class=\"attachment-large size-large wp-image-18406\" alt=\"Fumer le cannabis\" srcset=\"https:\/\/www.gardenz.fr\/news\/wp-content\/uploads\/2025\/05\/Firefly_Un-homme-qui-fume-de-bon-matin-282009-_1_-1024x796.webp 1024w, https:\/\/www.gardenz.fr\/news\/wp-content\/uploads\/2025\/05\/Firefly_Un-homme-qui-fume-de-bon-matin-282009-_1_-300x233.webp 300w, https:\/\/www.gardenz.fr\/news\/wp-content\/uploads\/2025\/05\/Firefly_Un-homme-qui-fume-de-bon-matin-282009-_1_-768x597.webp 768w, https:\/\/www.gardenz.fr\/news\/wp-content\/uploads\/2025\/05\/Firefly_Un-homme-qui-fume-de-bon-matin-282009-_1_-1536x1195.webp 1536w, https:\/\/www.gardenz.fr\/news\/wp-content\/uploads\/2025\/05\/Firefly_Un-homme-qui-fume-de-bon-matin-282009-_1_-2048x1593.webp 2048w\" sizes=\"(max-width: 1024px) 100vw, 1024px\" \/>\t\t\t\t\t\t\t\t\t\t\t\t\t\t\t<\/div>\n\t\t\t\t<\/div>\n\t\t\t\t<div class=\"elementor-element elementor-element-ba04ee1 elementor-widget elementor-widget-text-editor\" data-id=\"ba04ee1\" data-element_type=\"widget\" data-e-type=\"widget\" data-widget_type=\"text-editor.default\">\n\t\t\t\t<div class=\"elementor-widget-container\">\n\t\t\t\t\t\t\t\t\t<h2>Pause de midi : entre d\u00e9tente et l\u00e9g\u00e8ret\u00e9 \ud83c\udf2e<\/h2>\n<p>Consommer \u00e0 la mi-journ\u00e9e peut \u00eatre une bonne option si tu cherches \u00e0 rel\u00e2cher un peu la pression entre deux meetings ou apr\u00e8s une matin\u00e9e intense.<\/p>\n<h3>Discr\u00e9tion et dosage sont tes meilleurs alli\u00e9s \ud83d\ude0e<\/h3>\n<p>Un petit joint l\u00e9ger, un vapo rapide ou m\u00eame une microdose de weed comestible peut t\u2019aider \u00e0 retrouver ton \u00e9quilibre. L\u2019id\u00e9e ici n\u2019est pas de planer au point d\u2019oublier ton apr\u00e8s-midi, mais plut\u00f4t d\u2019enrober ton stress dans un nuage de chill. Pense \u00e0 bien ajuster les quantit\u00e9s, surtout si tu dois retourner bosser ou t\u2019occuper de t\u00e2ches importantes. Reste lucide, toujours.<\/p>\n<h2>Fin de journ\u00e9e : la r\u00e9compense ultime \ud83c\udf07<\/h2>\n<p>Ici, on entre dans le classique : le joint du soir. Quoi de mieux apr\u00e8s une longue journ\u00e9e que de se poser et de savourer une bonne indica pour se d\u00e9tendre devant une s\u00e9rie ?<\/p>\n<h3>Des effets cocooning parfaits pour la routine du soir \ud83d\udecb\ufe0f<\/h3>\n<p>Les vari\u00e9t\u00e9s indica comme OG Kush ou Granddaddy Purple sont r\u00e9put\u00e9es pour leurs vertus relaxantes. Id\u00e9al pour apaiser le corps, ralentir le mental et mieux dormir. Si tu veux consommer du cannabis pour favoriser l\u2019endormissement, c\u2019est \u00e0 ce moment-l\u00e0 que tu devrais envisager de t\u2019y mettre. Mais si tu veux rester actif (type cin\u00e9, soir\u00e9e entre potes, etc.), une hybride \u00e0 dominante indica peut aussi \u00eatre une bonne alternative.<\/p>\n<h2>Week-end et jours off : exploration cr\u00e9ative \ud83c\udfa8<\/h2>\n<p>Pas de r\u00e9veil, pas de contraintes, juste toi et ton temps libre ? C&rsquo;est le moment parfait pour tester d&rsquo;autres horaires plus \u00ab\u00a0exp\u00e9rimentaux\u00a0\u00bb. Le but ? Jouer avec les effets du cannabis sans se soucier de l&rsquo;heure. Tu peux tester ton dosage, explorer de nouvelles vari\u00e9t\u00e9s, m\u00e9langer herbe et activit\u00e9 artistique, culinaire ou spirituelle. Bref, c\u2019est le terrain de jeu id\u00e9al pour les amateurs de vibes alternatives.<\/p>\t\t\t\t\t\t\t\t<\/div>\n\t\t\t\t<\/div>\n\t\t\t\t<div class=\"elementor-element elementor-element-ca21ce6 elementor-widget elementor-widget-image\" data-id=\"ca21ce6\" data-element_type=\"widget\" data-e-type=\"widget\" data-widget_type=\"image.default\">\n\t\t\t\t<div class=\"elementor-widget-container\">\n\t\t\t\t\t\t\t\t\t\t\t\t\t\t\t<img decoding=\"async\" width=\"1024\" height=\"796\" src=\"https:\/\/www.gardenz.fr\/news\/wp-content\/uploads\/2025\/05\/Firefly_Un-homme-qui-fume-un-blunt-dans-une-soiree-dans-la-nuit-a-4h-du-matin-282009-_1_-1-1024x796.webp\" class=\"attachment-large size-large wp-image-18407\" alt=\"\" srcset=\"https:\/\/www.gardenz.fr\/news\/wp-content\/uploads\/2025\/05\/Firefly_Un-homme-qui-fume-un-blunt-dans-une-soiree-dans-la-nuit-a-4h-du-matin-282009-_1_-1-1024x796.webp 1024w, https:\/\/www.gardenz.fr\/news\/wp-content\/uploads\/2025\/05\/Firefly_Un-homme-qui-fume-un-blunt-dans-une-soiree-dans-la-nuit-a-4h-du-matin-282009-_1_-1-300x233.webp 300w, https:\/\/www.gardenz.fr\/news\/wp-content\/uploads\/2025\/05\/Firefly_Un-homme-qui-fume-un-blunt-dans-une-soiree-dans-la-nuit-a-4h-du-matin-282009-_1_-1-768x597.webp 768w, https:\/\/www.gardenz.fr\/news\/wp-content\/uploads\/2025\/05\/Firefly_Un-homme-qui-fume-un-blunt-dans-une-soiree-dans-la-nuit-a-4h-du-matin-282009-_1_-1-1536x1195.webp 1536w, https:\/\/www.gardenz.fr\/news\/wp-content\/uploads\/2025\/05\/Firefly_Un-homme-qui-fume-un-blunt-dans-une-soiree-dans-la-nuit-a-4h-du-matin-282009-_1_-1-2048x1593.webp 2048w\" sizes=\"(max-width: 1024px) 100vw, 1024px\" \/>\t\t\t\t\t\t\t\t\t\t\t\t\t\t\t<\/div>\n\t\t\t\t<\/div>\n\t\t\t\t<div class=\"elementor-element elementor-element-b2955f4 elementor-widget elementor-widget-text-editor\" data-id=\"b2955f4\" data-element_type=\"widget\" data-e-type=\"widget\" data-widget_type=\"text-editor.default\">\n\t\t\t\t<div class=\"elementor-widget-container\">\n\t\t\t\t\t\t\t\t\t<h2>Comment le type de cannabis influence le moment de la consommation ? \ud83e\uddec<\/h2>\n<p>Chaque vari\u00e9t\u00e9 a son propre trip. Et pour bien choisir ton heure, il faut les conna\u00eetre un minimum.<\/p>\n<h3>Les sativas : \u00e9nergisantes et c\u00e9r\u00e9brales \u26a1<\/h3>\n<p>Parfaites en journ\u00e9e, ces vari\u00e9t\u00e9s donnent un coup de boost et am\u00e9liorent la concentration. Elles sont populaires chez ceux qui aiment fumer avant une session de sport, de musique ou de brainstorming.<\/p>\n<h3>Les indicas : relaxantes et corporelles \ud83d\udecc<\/h3>\n<p>Id\u00e9ales pour se poser le soir. Elles t\u2019aident \u00e0 te d\u00e9tendre, \u00e0 lib\u00e9rer les tensions musculaires et \u00e0 mieux dormir. \u00c0 \u00e9viter si tu as des trucs \u00e0 faire apr\u00e8s.<\/p>\n<h3>Les hybrides : l&rsquo;\u00e9quilibre entre les deux \ud83d\udd04<\/h3>\n<p>Si tu cherches un entre-deux sur mesure, les hybrides sont ton joker. Ils s\u2019adaptent \u00e0 l\u2019occasion, tant que tu fais attention \u00e0 leur dominance.zy<\/p>\t\t\t\t\t\t\t\t<\/div>\n\t\t\t\t<\/div>\n\t\t\t\t<div class=\"elementor-element elementor-element-9bf36ae elementor-widget elementor-widget-image\" data-id=\"9bf36ae\" data-element_type=\"widget\" data-e-type=\"widget\" data-widget_type=\"image.default\">\n\t\t\t\t<div class=\"elementor-widget-container\">\n\t\t\t\t\t\t\t\t\t\t\t\t\t\t\t<img decoding=\"async\" width=\"1024\" height=\"796\" src=\"https:\/\/www.gardenz.fr\/news\/wp-content\/uploads\/2025\/05\/Firefly_Une-femme-detendu-dans-son-canape-qui-fume-un-G-193041-1-1024x796.jpg\" class=\"attachment-large size-large wp-image-18408\" alt=\"Une femme qui fume blunt\" srcset=\"https:\/\/www.gardenz.fr\/news\/wp-content\/uploads\/2025\/05\/Firefly_Une-femme-detendu-dans-son-canape-qui-fume-un-G-193041-1-1024x796.jpg 1024w, https:\/\/www.gardenz.fr\/news\/wp-content\/uploads\/2025\/05\/Firefly_Une-femme-detendu-dans-son-canape-qui-fume-un-G-193041-1-300x233.jpg 300w, https:\/\/www.gardenz.fr\/news\/wp-content\/uploads\/2025\/05\/Firefly_Une-femme-detendu-dans-son-canape-qui-fume-un-G-193041-1-768x597.jpg 768w, https:\/\/www.gardenz.fr\/news\/wp-content\/uploads\/2025\/05\/Firefly_Une-femme-detendu-dans-son-canape-qui-fume-un-G-193041-1-1536x1195.jpg 1536w, https:\/\/www.gardenz.fr\/news\/wp-content\/uploads\/2025\/05\/Firefly_Une-femme-detendu-dans-son-canape-qui-fume-un-G-193041-1-2048x1593.jpg 2048w\" sizes=\"(max-width: 1024px) 100vw, 1024px\" \/>\t\t\t\t\t\t\t\t\t\t\t\t\t\t\t<\/div>\n\t\t\t\t<\/div>\n\t\t\t\t<div class=\"elementor-element elementor-element-563b4040 elementor-widget elementor-widget-text-editor\" data-id=\"563b4040\" data-element_type=\"widget\" data-e-type=\"widget\" data-widget_type=\"text-editor.default\">\n\t\t\t\t<div class=\"elementor-widget-container\">\n\t\t\t\t\t\t\t\t\t<div style=\"margin-left: 10%; margin-right: 10%;\">\n<h2><span style=\"font-size: 2rem; font-style: inherit; font-weight: inherit;\">FAQ \ud83c\udf3f<\/span><\/h2>\n<h3>\u00c0 quelle fr\u00e9quence peut-on consommer du cannabis sans perdre en productivit\u00e9 ?<\/h3>\n<p>Tout d\u00e9pend de ta tol\u00e9rance. Certains arrivent \u00e0 fumer quotidiennement sans perdre en efficacit\u00e9, d\u2019autres deviennent improductifs apr\u00e8s un seul joint. Essaie de noter comment tu r\u00e9agis aux diff\u00e9rents moments de la journ\u00e9e et ajuste en cons\u00e9quence.<\/p>\n<h3>Quels sont les risques de consommer du cannabis le matin ?<\/h3>\n<p>Tu peux te retrouver trop plan\u00e9 trop t\u00f4t. Cela peut perturber ton rythme, ta motivation et ta concentration. Si tu veux tester le wake and bake, commence petit et observe l\u2019effet.<\/p>\n<h3>Le cannabis aide-t-il vraiment \u00e0 mieux dormir ?<\/h3>\n<p>Les vari\u00e9t\u00e9s indica sont connues pour faciliter l\u2019endormissement. Attention toutefois \u00e0 l\u2019effet de rebond (sommeil moins profond \u00e0 long terme). Une consommation mod\u00e9r\u00e9e reste la meilleure approche.<\/p>\n<h3>Peut-on associer consommation et sport ?<\/h3>\n<p>Certains le font avec des sativas, surtout pour le yoga, la marche ou les sports cr\u00e9atifs. Mais gare aux r\u00e9flexes ralentis : le THC peut aussi diminuer ta coordination. Pratique uniquement si tu es \u00e0 l\u2019aise avec ses effets sur ton corps.<\/p>\n<h3>Quand \u00e9viter totalement le cannabis ?<\/h3>\n<p>Avant de conduire, de prendre des d\u00e9cisions importantes ou d\u2019interagir dans des contextes sensibles (exams, entretiens, etc.). L\u2019herbe c\u2019est cool, mais toujours avec conscience. <a href=\"https:\/\/gardenz.fr\/news\">Tu veux continuer ta lecture ? D\u00e9couvre d&rsquo;autres articles en cliquant ici.<\/a><\/p><\/div>\n<p>\n<div class=\"wp-block-group is-layout-constrained wp-block-group-is-layout-constrained\">\n<div class=\"wp-block-columns is-layout-flex wp-container-core-columns-is-layout-28f84493 wp-block-columns-is-layout-flex\">\n<div class=\"wp-block-column is-layout-flow wp-block-column-is-layout-flow\" style=\"flex-basis:20%\">\n<figure class=\"wp-block-image size-full\"><a href=\"https:\/\/www.gardenz.fr\/3-fleur-de-chanvre-cbd\"><img loading=\"lazy\" decoding=\"async\" width=\"424\" height=\"600\" src=\"https:\/\/www.gardenz.fr\/news\/wp-content\/uploads\/2025\/03\/FLEUR-DE-CHANVRE-CBD.webp\" alt=\"FLEUR-DE-CHANVRE-CBD\" class=\"wp-image-17519\" srcset=\"https:\/\/www.gardenz.fr\/news\/wp-content\/uploads\/2025\/03\/FLEUR-DE-CHANVRE-CBD.webp 424w, https:\/\/www.gardenz.fr\/news\/wp-content\/uploads\/2025\/03\/FLEUR-DE-CHANVRE-CBD-212x300.webp 212w\" sizes=\"(max-width: 424px) 100vw, 424px\" \/><\/a><\/figure>\n<\/div>\n\n\n\n<div class=\"wp-block-column is-layout-flow wp-block-column-is-layout-flow\" style=\"flex-basis:20%\">\n<figure class=\"wp-block-image size-full\"><a href=\"https:\/\/www.gardenz.fr\/6--resine-cbd\"><img loading=\"lazy\" decoding=\"async\" width=\"424\" height=\"600\" src=\"https:\/\/www.gardenz.fr\/news\/wp-content\/uploads\/2025\/03\/RESINE-CBD.webp\" alt=\"R\u00c9SINE-CBD\" class=\"wp-image-17515\" srcset=\"https:\/\/www.gardenz.fr\/news\/wp-content\/uploads\/2025\/03\/RESINE-CBD.webp 424w, https:\/\/www.gardenz.fr\/news\/wp-content\/uploads\/2025\/03\/RESINE-CBD-212x300.webp 212w\" sizes=\"(max-width: 424px) 100vw, 424px\" \/><\/a><\/figure>\n<\/div>\n\n\n\n<div class=\"wp-block-column is-layout-flow wp-block-column-is-layout-flow\" style=\"flex-basis:20%\">\n<figure class=\"wp-block-image size-full\"><a href=\"https:\/\/www.gardenz.fr\/511--weed-psycho\"><img loading=\"lazy\" decoding=\"async\" width=\"424\" height=\"600\" src=\"https:\/\/www.gardenz.fr\/news\/wp-content\/uploads\/2025\/03\/PSYCHOACTIFS.webp\" alt=\"PSYCHOACTIFS\" class=\"wp-image-17517\" srcset=\"https:\/\/www.gardenz.fr\/news\/wp-content\/uploads\/2025\/03\/PSYCHOACTIFS.webp 424w, https:\/\/www.gardenz.fr\/news\/wp-content\/uploads\/2025\/03\/PSYCHOACTIFS-212x300.webp 212w\" sizes=\"(max-width: 424px) 100vw, 424px\" \/><\/a><\/figure>\n<\/div>\n\n\n\n<div class=\"wp-block-column is-layout-flow wp-block-column-is-layout-flow\" style=\"flex-basis:20%\">\n<figure class=\"wp-block-image size-full\"><a href=\"https:\/\/www.gardenz.fr\/562--accessoires-weed\"><img loading=\"lazy\" decoding=\"async\" width=\"424\" height=\"600\" src=\"https:\/\/www.gardenz.fr\/news\/wp-content\/uploads\/2025\/03\/ACCESSOIRED.webp\" alt=\"\" class=\"wp-image-17520\" srcset=\"https:\/\/www.gardenz.fr\/news\/wp-content\/uploads\/2025\/03\/ACCESSOIRED.webp 424w, https:\/\/www.gardenz.fr\/news\/wp-content\/uploads\/2025\/03\/ACCESSOIRED-212x300.webp 212w\" sizes=\"(max-width: 424px) 100vw, 424px\" \/><\/a><\/figure>\n<\/div>\n\n\n\n<div class=\"wp-block-column is-layout-flow wp-block-column-is-layout-flow\" style=\"flex-basis:20%\">\n<figure class=\"wp-block-image size-full\"><a href=\"https:\/\/www.gardenz.fr\/284--vaporisateur-weed\"><img loading=\"lazy\" decoding=\"async\" width=\"424\" height=\"600\" src=\"https:\/\/www.gardenz.fr\/news\/wp-content\/uploads\/2025\/03\/VAPORISATEUR-WEED.webp\" alt=\"VAPORISATEUR-WEED\" class=\"wp-image-17514\" srcset=\"https:\/\/www.gardenz.fr\/news\/wp-content\/uploads\/2025\/03\/VAPORISATEUR-WEED.webp 424w, https:\/\/www.gardenz.fr\/news\/wp-content\/uploads\/2025\/03\/VAPORISATEUR-WEED-212x300.webp 212w\" sizes=\"(max-width: 424px) 100vw, 424px\" \/><\/a><\/figure>\n<\/div>\n<\/div>\n<\/div>\n<\/p>\t\t\t\t\t\t\t\t<\/div>\n\t\t\t\t<\/div>\n\t\t\t\t\t<\/div>\n\t\t<\/div>\n\t\t\t\t\t<\/div>\n\t\t<\/section>\n\t\t\t\t<\/div>\n\t\t","protected":false},"excerpt":{"rendered":"<p>Alors, c\u2019est quand le bon moment pour planer ? \ud83c\udf2c\ufe0f Que tu sois un aficionado du b\u00e9do ou juste curieux de d\u00e9couvrir les subtilit\u00e9s du cannabis, une question revient souvent : \u00e0 quelle heure de la journ\u00e9e est-il optimal de consommer ? Et spoiler alert : il n\u2019y a pas une seule bonne r\u00e9ponse, mais [&hellip;]<\/p>\n","protected":false},"author":18,"featured_media":18414,"comment_status":"closed","ping_status":"closed","sticky":false,"template":"","format":"standard","meta":{"site-sidebar-layout":"default","site-content-layout":"","ast-site-content-layout":"default","site-content-style":"default","site-sidebar-style":"default","ast-global-header-display":"","ast-banner-title-visibility":"","ast-main-header-display":"","ast-hfb-above-header-display":"","ast-hfb-below-header-display":"","ast-hfb-mobile-header-display":"","site-post-title":"","ast-breadcrumbs-content":"","ast-featured-img":"","footer-sml-layout":"","ast-disable-related-posts":"","theme-transparent-header-meta":"","adv-header-id-meta":"","stick-header-meta":"","header-above-stick-meta":"","header-main-stick-meta":"","header-below-stick-meta":"","astra-migrate-meta-layouts":"default","ast-page-background-enabled":"default","ast-page-background-meta":{"desktop":{"background-color":"var(--ast-global-color-4)","background-image":"","background-repeat":"repeat","background-position":"center center","background-size":"auto","background-attachment":"scroll","background-type":"","background-media":"","overlay-type":"","overlay-color":"","overlay-opacity":"","overlay-gradient":""},"tablet":{"background-color":"","background-image":"","background-repeat":"repeat","background-position":"center center","background-size":"auto","background-attachment":"scroll","background-type":"","background-media":"","overlay-type":"","overlay-color":"","overlay-opacity":"","overlay-gradient":""},"mobile":{"background-color":"","background-image":"","background-repeat":"repeat","background-position":"center center","background-size":"auto","background-attachment":"scroll","background-type":"","background-media":"","overlay-type":"","overlay-color":"","overlay-opacity":"","overlay-gradient":""}},"ast-content-background-meta":{"desktop":{"background-color":"var(--ast-global-color-5)","background-image":"","background-repeat":"repeat","background-position":"center center","background-size":"auto","background-attachment":"scroll","background-type":"","background-media":"","overlay-type":"","overlay-color":"","overlay-opacity":"","overlay-gradient":""},"tablet":{"background-color":"var(--ast-global-color-5)","background-image":"","background-repeat":"repeat","background-position":"center center","background-size":"auto","background-attachment":"scroll","background-type":"","background-media":"","overlay-type":"","overlay-color":"","overlay-opacity":"","overlay-gradient":""},"mobile":{"background-color":"var(--ast-global-color-5)","background-image":"","background-repeat":"repeat","background-position":"center center","background-size":"auto","background-attachment":"scroll","background-type":"","background-media":"","overlay-type":"","overlay-color":"","overlay-opacity":"","overlay-gradient":""}},"footnotes":""},"categories":[1,23],"tags":[],"class_list":["post-18394","post","type-post","status-publish","format-standard","has-post-thumbnail","hentry","category-non-classe","category-infos"],"yoast_head":"<!-- This site is optimized with the Yoast SEO plugin v27.5 - https:\/\/yoast.com\/product\/yoast-seo-wordpress\/ -->\n<title>\ud83c\udf3f Meilleure heure pour consommer du cannabis ?<\/title>\n<meta name=\"description\" content=\"\ud83d\udd52 D\u00e9couvrez le meilleur moment de la journ\u00e9e pour consommer du cannabis selon vos besoins et votre style de vie.\" \/>\n<meta name=\"robots\" content=\"index, follow, max-snippet:-1, max-image-preview:large, max-video-preview:-1\" \/>\n<link rel=\"canonical\" href=\"https:\/\/www.gardenz.fr\/news\/2025\/05\/27\/quelle-est-la-meilleure-heure-pour-consommer-du-cannabis\/\" \/>\n<meta property=\"og:locale\" content=\"fr_FR\" \/>\n<meta property=\"og:type\" content=\"article\" \/>\n<meta property=\"og:title\" content=\"\ud83c\udf3f Meilleure heure pour consommer du cannabis ?\" \/>\n<meta property=\"og:description\" content=\"\ud83d\udd52 D\u00e9couvrez le meilleur moment de la journ\u00e9e pour consommer du cannabis selon vos besoins et votre style de vie.\" \/>\n<meta property=\"og:url\" content=\"https:\/\/www.gardenz.fr\/news\/2025\/05\/27\/quelle-est-la-meilleure-heure-pour-consommer-du-cannabis\/\" \/>\n<meta property=\"og:site_name\" content=\"Le Blog de Gardenz\" \/>\n<meta property=\"article:published_time\" content=\"2025-05-27T10:49:03+00:00\" \/>\n<meta property=\"article:modified_time\" content=\"2025-07-21T13:56:58+00:00\" \/>\n<meta property=\"og:image\" content=\"https:\/\/www.gardenz.fr\/news\/wp-content\/uploads\/2025\/05\/La-meilleure-heure-pour-consommer-du-cannabis.jpg\" \/>\n\t<meta property=\"og:image:width\" content=\"1890\" \/>\n\t<meta property=\"og:image:height\" content=\"622\" \/>\n\t<meta property=\"og:image:type\" content=\"image\/jpeg\" \/>\n<meta name=\"author\" content=\"Idan Melicio\" \/>\n<meta name=\"twitter:card\" content=\"summary_large_image\" \/>\n<meta name=\"twitter:label1\" content=\"\u00c9crit par\" \/>\n\t<meta name=\"twitter:data1\" content=\"Idan Melicio\" \/>\n\t<meta name=\"twitter:label2\" content=\"Dur\u00e9e de lecture estim\u00e9e\" \/>\n\t<meta name=\"twitter:data2\" content=\"9 minutes\" \/>\n<script type=\"application\/ld+json\" class=\"yoast-schema-graph\">{\"@context\":\"https:\\\/\\\/schema.org\",\"@graph\":[{\"@type\":\"Article\",\"@id\":\"https:\\\/\\\/www.gardenz.fr\\\/news\\\/2025\\\/05\\\/27\\\/quelle-est-la-meilleure-heure-pour-consommer-du-cannabis\\\/#article\",\"isPartOf\":{\"@id\":\"https:\\\/\\\/www.gardenz.fr\\\/news\\\/2025\\\/05\\\/27\\\/quelle-est-la-meilleure-heure-pour-consommer-du-cannabis\\\/\"},\"author\":{\"name\":\"Idan Melicio\",\"@id\":\"https:\\\/\\\/www.gardenz.fr\\\/news\\\/#\\\/schema\\\/person\\\/4c29b13eadec7d3b7f81d3dc8253aa72\"},\"headline\":\"Quelle est la meilleure heure pour consommer du cannabis ?\",\"datePublished\":\"2025-05-27T10:49:03+00:00\",\"dateModified\":\"2025-07-21T13:56:58+00:00\",\"mainEntityOfPage\":{\"@id\":\"https:\\\/\\\/www.gardenz.fr\\\/news\\\/2025\\\/05\\\/27\\\/quelle-est-la-meilleure-heure-pour-consommer-du-cannabis\\\/\"},\"wordCount\":1031,\"publisher\":{\"@id\":\"https:\\\/\\\/www.gardenz.fr\\\/news\\\/#organization\"},\"image\":{\"@id\":\"https:\\\/\\\/www.gardenz.fr\\\/news\\\/2025\\\/05\\\/27\\\/quelle-est-la-meilleure-heure-pour-consommer-du-cannabis\\\/#primaryimage\"},\"thumbnailUrl\":\"https:\\\/\\\/www.gardenz.fr\\\/news\\\/wp-content\\\/uploads\\\/2025\\\/05\\\/La-meilleure-heure-pour-consommer-du-cannabis.jpg\",\"articleSection\":[\"GENERAL\",\"INFOS WEED\"],\"inLanguage\":\"fr-FR\"},{\"@type\":\"WebPage\",\"@id\":\"https:\\\/\\\/www.gardenz.fr\\\/news\\\/2025\\\/05\\\/27\\\/quelle-est-la-meilleure-heure-pour-consommer-du-cannabis\\\/\",\"url\":\"https:\\\/\\\/www.gardenz.fr\\\/news\\\/2025\\\/05\\\/27\\\/quelle-est-la-meilleure-heure-pour-consommer-du-cannabis\\\/\",\"name\":\"\ud83c\udf3f Meilleure heure pour consommer du cannabis ?\",\"isPartOf\":{\"@id\":\"https:\\\/\\\/www.gardenz.fr\\\/news\\\/#website\"},\"primaryImageOfPage\":{\"@id\":\"https:\\\/\\\/www.gardenz.fr\\\/news\\\/2025\\\/05\\\/27\\\/quelle-est-la-meilleure-heure-pour-consommer-du-cannabis\\\/#primaryimage\"},\"image\":{\"@id\":\"https:\\\/\\\/www.gardenz.fr\\\/news\\\/2025\\\/05\\\/27\\\/quelle-est-la-meilleure-heure-pour-consommer-du-cannabis\\\/#primaryimage\"},\"thumbnailUrl\":\"https:\\\/\\\/www.gardenz.fr\\\/news\\\/wp-content\\\/uploads\\\/2025\\\/05\\\/La-meilleure-heure-pour-consommer-du-cannabis.jpg\",\"datePublished\":\"2025-05-27T10:49:03+00:00\",\"dateModified\":\"2025-07-21T13:56:58+00:00\",\"description\":\"\ud83d\udd52 D\u00e9couvrez le meilleur moment de la journ\u00e9e pour consommer du cannabis selon vos besoins et votre style de vie.\",\"breadcrumb\":{\"@id\":\"https:\\\/\\\/www.gardenz.fr\\\/news\\\/2025\\\/05\\\/27\\\/quelle-est-la-meilleure-heure-pour-consommer-du-cannabis\\\/#breadcrumb\"},\"inLanguage\":\"fr-FR\",\"potentialAction\":[{\"@type\":\"ReadAction\",\"target\":[\"https:\\\/\\\/www.gardenz.fr\\\/news\\\/2025\\\/05\\\/27\\\/quelle-est-la-meilleure-heure-pour-consommer-du-cannabis\\\/\"]}]},{\"@type\":\"ImageObject\",\"inLanguage\":\"fr-FR\",\"@id\":\"https:\\\/\\\/www.gardenz.fr\\\/news\\\/2025\\\/05\\\/27\\\/quelle-est-la-meilleure-heure-pour-consommer-du-cannabis\\\/#primaryimage\",\"url\":\"https:\\\/\\\/www.gardenz.fr\\\/news\\\/wp-content\\\/uploads\\\/2025\\\/05\\\/La-meilleure-heure-pour-consommer-du-cannabis.jpg\",\"contentUrl\":\"https:\\\/\\\/www.gardenz.fr\\\/news\\\/wp-content\\\/uploads\\\/2025\\\/05\\\/La-meilleure-heure-pour-consommer-du-cannabis.jpg\",\"width\":1890,\"height\":622,\"caption\":\"consommer du cannabis\"},{\"@type\":\"BreadcrumbList\",\"@id\":\"https:\\\/\\\/www.gardenz.fr\\\/news\\\/2025\\\/05\\\/27\\\/quelle-est-la-meilleure-heure-pour-consommer-du-cannabis\\\/#breadcrumb\",\"itemListElement\":[{\"@type\":\"ListItem\",\"position\":1,\"name\":\"Accueil\",\"item\":\"https:\\\/\\\/www.gardenz.fr\\\/news\\\/\"},{\"@type\":\"ListItem\",\"position\":2,\"name\":\"Quelle est la meilleure heure pour consommer du cannabis ?\"}]},{\"@type\":\"WebSite\",\"@id\":\"https:\\\/\\\/www.gardenz.fr\\\/news\\\/#website\",\"url\":\"https:\\\/\\\/www.gardenz.fr\\\/news\\\/\",\"name\":\"Le Blog de Gardenz\",\"description\":\"Best quality CBD\",\"publisher\":{\"@id\":\"https:\\\/\\\/www.gardenz.fr\\\/news\\\/#organization\"},\"potentialAction\":[{\"@type\":\"SearchAction\",\"target\":{\"@type\":\"EntryPoint\",\"urlTemplate\":\"https:\\\/\\\/www.gardenz.fr\\\/news\\\/?s={search_term_string}\"},\"query-input\":{\"@type\":\"PropertyValueSpecification\",\"valueRequired\":true,\"valueName\":\"search_term_string\"}}],\"inLanguage\":\"fr-FR\"},{\"@type\":\"Organization\",\"@id\":\"https:\\\/\\\/www.gardenz.fr\\\/news\\\/#organization\",\"name\":\"Le Blog de Gardenz\",\"url\":\"https:\\\/\\\/www.gardenz.fr\\\/news\\\/\",\"logo\":{\"@type\":\"ImageObject\",\"inLanguage\":\"fr-FR\",\"@id\":\"https:\\\/\\\/www.gardenz.fr\\\/news\\\/#\\\/schema\\\/logo\\\/image\\\/\",\"url\":\"https:\\\/\\\/www.gardenz.fr\\\/news\\\/wp-content\\\/uploads\\\/2022\\\/06\\\/logo-gardenz-feuille-blanc-final.png\",\"contentUrl\":\"https:\\\/\\\/www.gardenz.fr\\\/news\\\/wp-content\\\/uploads\\\/2022\\\/06\\\/logo-gardenz-feuille-blanc-final.png\",\"width\":459,\"height\":200,\"caption\":\"Le Blog de Gardenz\"},\"image\":{\"@id\":\"https:\\\/\\\/www.gardenz.fr\\\/news\\\/#\\\/schema\\\/logo\\\/image\\\/\"}},{\"@type\":\"Person\",\"@id\":\"https:\\\/\\\/www.gardenz.fr\\\/news\\\/#\\\/schema\\\/person\\\/4c29b13eadec7d3b7f81d3dc8253aa72\",\"name\":\"Idan Melicio\",\"image\":{\"@type\":\"ImageObject\",\"inLanguage\":\"fr-FR\",\"@id\":\"https:\\\/\\\/secure.gravatar.com\\\/avatar\\\/a4fed9bf268062e3c5884e1b9288f4a54517dd9041d8c562678849f7f1c1eb43?s=96&d=mm&r=g\",\"url\":\"https:\\\/\\\/secure.gravatar.com\\\/avatar\\\/a4fed9bf268062e3c5884e1b9288f4a54517dd9041d8c562678849f7f1c1eb43?s=96&d=mm&r=g\",\"contentUrl\":\"https:\\\/\\\/secure.gravatar.com\\\/avatar\\\/a4fed9bf268062e3c5884e1b9288f4a54517dd9041d8c562678849f7f1c1eb43?s=96&d=mm&r=g\",\"caption\":\"Idan Melicio\"},\"url\":\"https:\\\/\\\/www.gardenz.fr\\\/news\\\/author\\\/idan-milecio\\\/\"}]}<\/script>\n<!-- \/ Yoast SEO plugin. -->","yoast_head_json":{"title":"\ud83c\udf3f Meilleure heure pour consommer du cannabis ?","description":"\ud83d\udd52 D\u00e9couvrez le meilleur moment de la journ\u00e9e pour consommer du cannabis selon vos besoins et votre style de vie.","robots":{"index":"index","follow":"follow","max-snippet":"max-snippet:-1","max-image-preview":"max-image-preview:large","max-video-preview":"max-video-preview:-1"},"canonical":"https:\/\/www.gardenz.fr\/news\/2025\/05\/27\/quelle-est-la-meilleure-heure-pour-consommer-du-cannabis\/","og_locale":"fr_FR","og_type":"article","og_title":"\ud83c\udf3f Meilleure heure pour consommer du cannabis ?","og_description":"\ud83d\udd52 D\u00e9couvrez le meilleur moment de la journ\u00e9e pour consommer du cannabis selon vos besoins et votre style de vie.","og_url":"https:\/\/www.gardenz.fr\/news\/2025\/05\/27\/quelle-est-la-meilleure-heure-pour-consommer-du-cannabis\/","og_site_name":"Le Blog de Gardenz","article_published_time":"2025-05-27T10:49:03+00:00","article_modified_time":"2025-07-21T13:56:58+00:00","og_image":[{"width":1890,"height":622,"url":"https:\/\/www.gardenz.fr\/news\/wp-content\/uploads\/2025\/05\/La-meilleure-heure-pour-consommer-du-cannabis.jpg","type":"image\/jpeg"}],"author":"Idan Melicio","twitter_card":"summary_large_image","twitter_misc":{"\u00c9crit par":"Idan Melicio","Dur\u00e9e de lecture estim\u00e9e":"9 minutes"},"schema":{"@context":"https:\/\/schema.org","@graph":[{"@type":"Article","@id":"https:\/\/www.gardenz.fr\/news\/2025\/05\/27\/quelle-est-la-meilleure-heure-pour-consommer-du-cannabis\/#article","isPartOf":{"@id":"https:\/\/www.gardenz.fr\/news\/2025\/05\/27\/quelle-est-la-meilleure-heure-pour-consommer-du-cannabis\/"},"author":{"name":"Idan Melicio","@id":"https:\/\/www.gardenz.fr\/news\/#\/schema\/person\/4c29b13eadec7d3b7f81d3dc8253aa72"},"headline":"Quelle est la meilleure heure pour consommer du cannabis ?","datePublished":"2025-05-27T10:49:03+00:00","dateModified":"2025-07-21T13:56:58+00:00","mainEntityOfPage":{"@id":"https:\/\/www.gardenz.fr\/news\/2025\/05\/27\/quelle-est-la-meilleure-heure-pour-consommer-du-cannabis\/"},"wordCount":1031,"publisher":{"@id":"https:\/\/www.gardenz.fr\/news\/#organization"},"image":{"@id":"https:\/\/www.gardenz.fr\/news\/2025\/05\/27\/quelle-est-la-meilleure-heure-pour-consommer-du-cannabis\/#primaryimage"},"thumbnailUrl":"https:\/\/www.gardenz.fr\/news\/wp-content\/uploads\/2025\/05\/La-meilleure-heure-pour-consommer-du-cannabis.jpg","articleSection":["GENERAL","INFOS WEED"],"inLanguage":"fr-FR"},{"@type":"WebPage","@id":"https:\/\/www.gardenz.fr\/news\/2025\/05\/27\/quelle-est-la-meilleure-heure-pour-consommer-du-cannabis\/","url":"https:\/\/www.gardenz.fr\/news\/2025\/05\/27\/quelle-est-la-meilleure-heure-pour-consommer-du-cannabis\/","name":"\ud83c\udf3f Meilleure heure pour consommer du cannabis ?","isPartOf":{"@id":"https:\/\/www.gardenz.fr\/news\/#website"},"primaryImageOfPage":{"@id":"https:\/\/www.gardenz.fr\/news\/2025\/05\/27\/quelle-est-la-meilleure-heure-pour-consommer-du-cannabis\/#primaryimage"},"image":{"@id":"https:\/\/www.gardenz.fr\/news\/2025\/05\/27\/quelle-est-la-meilleure-heure-pour-consommer-du-cannabis\/#primaryimage"},"thumbnailUrl":"https:\/\/www.gardenz.fr\/news\/wp-content\/uploads\/2025\/05\/La-meilleure-heure-pour-consommer-du-cannabis.jpg","datePublished":"2025-05-27T10:49:03+00:00","dateModified":"2025-07-21T13:56:58+00:00","description":"\ud83d\udd52 D\u00e9couvrez le meilleur moment de la journ\u00e9e pour consommer du cannabis selon vos besoins et votre style de vie.","breadcrumb":{"@id":"https:\/\/www.gardenz.fr\/news\/2025\/05\/27\/quelle-est-la-meilleure-heure-pour-consommer-du-cannabis\/#breadcrumb"},"inLanguage":"fr-FR","potentialAction":[{"@type":"ReadAction","target":["https:\/\/www.gardenz.fr\/news\/2025\/05\/27\/quelle-est-la-meilleure-heure-pour-consommer-du-cannabis\/"]}]},{"@type":"ImageObject","inLanguage":"fr-FR","@id":"https:\/\/www.gardenz.fr\/news\/2025\/05\/27\/quelle-est-la-meilleure-heure-pour-consommer-du-cannabis\/#primaryimage","url":"https:\/\/www.gardenz.fr\/news\/wp-content\/uploads\/2025\/05\/La-meilleure-heure-pour-consommer-du-cannabis.jpg","contentUrl":"https:\/\/www.gardenz.fr\/news\/wp-content\/uploads\/2025\/05\/La-meilleure-heure-pour-consommer-du-cannabis.jpg","width":1890,"height":622,"caption":"consommer du cannabis"},{"@type":"BreadcrumbList","@id":"https:\/\/www.gardenz.fr\/news\/2025\/05\/27\/quelle-est-la-meilleure-heure-pour-consommer-du-cannabis\/#breadcrumb","itemListElement":[{"@type":"ListItem","position":1,"name":"Accueil","item":"https:\/\/www.gardenz.fr\/news\/"},{"@type":"ListItem","position":2,"name":"Quelle est la meilleure heure pour consommer du cannabis ?"}]},{"@type":"WebSite","@id":"https:\/\/www.gardenz.fr\/news\/#website","url":"https:\/\/www.gardenz.fr\/news\/","name":"Le Blog de Gardenz","description":"Best quality CBD","publisher":{"@id":"https:\/\/www.gardenz.fr\/news\/#organization"},"potentialAction":[{"@type":"SearchAction","target":{"@type":"EntryPoint","urlTemplate":"https:\/\/www.gardenz.fr\/news\/?s={search_term_string}"},"query-input":{"@type":"PropertyValueSpecification","valueRequired":true,"valueName":"search_term_string"}}],"inLanguage":"fr-FR"},{"@type":"Organization","@id":"https:\/\/www.gardenz.fr\/news\/#organization","name":"Le Blog de Gardenz","url":"https:\/\/www.gardenz.fr\/news\/","logo":{"@type":"ImageObject","inLanguage":"fr-FR","@id":"https:\/\/www.gardenz.fr\/news\/#\/schema\/logo\/image\/","url":"https:\/\/www.gardenz.fr\/news\/wp-content\/uploads\/2022\/06\/logo-gardenz-feuille-blanc-final.png","contentUrl":"https:\/\/www.gardenz.fr\/news\/wp-content\/uploads\/2022\/06\/logo-gardenz-feuille-blanc-final.png","width":459,"height":200,"caption":"Le Blog de Gardenz"},"image":{"@id":"https:\/\/www.gardenz.fr\/news\/#\/schema\/logo\/image\/"}},{"@type":"Person","@id":"https:\/\/www.gardenz.fr\/news\/#\/schema\/person\/4c29b13eadec7d3b7f81d3dc8253aa72","name":"Idan Melicio","image":{"@type":"ImageObject","inLanguage":"fr-FR","@id":"https:\/\/secure.gravatar.com\/avatar\/a4fed9bf268062e3c5884e1b9288f4a54517dd9041d8c562678849f7f1c1eb43?s=96&d=mm&r=g","url":"https:\/\/secure.gravatar.com\/avatar\/a4fed9bf268062e3c5884e1b9288f4a54517dd9041d8c562678849f7f1c1eb43?s=96&d=mm&r=g","contentUrl":"https:\/\/secure.gravatar.com\/avatar\/a4fed9bf268062e3c5884e1b9288f4a54517dd9041d8c562678849f7f1c1eb43?s=96&d=mm&r=g","caption":"Idan Melicio"},"url":"https:\/\/www.gardenz.fr\/news\/author\/idan-milecio\/"}]}},"_links":{"self":[{"href":"https:\/\/www.gardenz.fr\/news\/wp-json\/wp\/v2\/posts\/18394","targetHints":{"allow":["GET"]}}],"collection":[{"href":"https:\/\/www.gardenz.fr\/news\/wp-json\/wp\/v2\/posts"}],"about":[{"href":"https:\/\/www.gardenz.fr\/news\/wp-json\/wp\/v2\/types\/post"}],"author":[{"embeddable":true,"href":"https:\/\/www.gardenz.fr\/news\/wp-json\/wp\/v2\/users\/18"}],"replies":[{"embeddable":true,"href":"https:\/\/www.gardenz.fr\/news\/wp-json\/wp\/v2\/comments?post=18394"}],"version-history":[{"count":10,"href":"https:\/\/www.gardenz.fr\/news\/wp-json\/wp\/v2\/posts\/18394\/revisions"}],"predecessor-version":[{"id":18690,"href":"https:\/\/www.gardenz.fr\/news\/wp-json\/wp\/v2\/posts\/18394\/revisions\/18690"}],"wp:featuredmedia":[{"embeddable":true,"href":"https:\/\/www.gardenz.fr\/news\/wp-json\/wp\/v2\/media\/18414"}],"wp:attachment":[{"href":"https:\/\/www.gardenz.fr\/news\/wp-json\/wp\/v2\/media?parent=18394"}],"wp:term":[{"taxonomy":"category","embeddable":true,"href":"https:\/\/www.gardenz.fr\/news\/wp-json\/wp\/v2\/categories?post=18394"},{"taxonomy":"post_tag","embeddable":true,"href":"https:\/\/www.gardenz.fr\/news\/wp-json\/wp\/v2\/tags?post=18394"}],"curies":[{"name":"wp","href":"https:\/\/api.w.org\/{rel}","templated":true}]}}