{"id":18510,"date":"2025-06-17T18:09:06","date_gmt":"2025-06-17T16:09:06","guid":{"rendered":"https:\/\/www.gardenz.fr\/news\/?p=18510"},"modified":"2025-07-21T15:20:21","modified_gmt":"2025-07-21T13:20:21","slug":"pourquoi-la-france-est-le-plus-gros-consommateur-de-cannabis","status":"publish","type":"post","link":"https:\/\/www.gardenz.fr\/news\/2025\/06\/17\/pourquoi-la-france-est-le-plus-gros-consommateur-de-cannabis\/","title":{"rendered":"Pourquoi la France est le plus gros consommateur de cannabis ?"},"content":{"rendered":"\t\t<div data-elementor-type=\"wp-post\" data-elementor-id=\"18510\" class=\"elementor elementor-18510\">\n\t\t\t\t\t\t<section class=\"elementor-section elementor-top-section elementor-element elementor-element-8b2d09 elementor-section-boxed elementor-section-height-default elementor-section-height-default\" data-id=\"8b2d09\" data-element_type=\"section\" data-e-type=\"section\">\n\t\t\t\t\t\t<div class=\"elementor-container elementor-column-gap-default\">\n\t\t\t\t\t<div class=\"elementor-column elementor-col-100 elementor-top-column elementor-element elementor-element-4f79bc33\" data-id=\"4f79bc33\" data-element_type=\"column\" data-e-type=\"column\">\n\t\t\t<div class=\"elementor-widget-wrap elementor-element-populated\">\n\t\t\t\t\t\t<div class=\"elementor-element elementor-element-566c5fd7 elementor-widget-divider--view-line elementor-widget elementor-widget-divider\" data-id=\"566c5fd7\" data-element_type=\"widget\" data-e-type=\"widget\" data-widget_type=\"divider.default\">\n\t\t\t\t<div class=\"elementor-widget-container\">\n\t\t\t\t\t\t\t<div class=\"elementor-divider\">\n\t\t\t<span class=\"elementor-divider-separator\">\n\t\t\t\t\t\t<\/span>\n\t\t<\/div>\n\t\t\t\t\t\t<\/div>\n\t\t\t\t<\/div>\n\t\t\t\t<div class=\"elementor-element elementor-element-43b8ae45 elementor-widget elementor-widget-spacer\" data-id=\"43b8ae45\" data-element_type=\"widget\" data-e-type=\"widget\" data-widget_type=\"spacer.default\">\n\t\t\t\t<div class=\"elementor-widget-container\">\n\t\t\t\t\t\t\t<div class=\"elementor-spacer\">\n\t\t\t<div class=\"elementor-spacer-inner\"><\/div>\n\t\t<\/div>\n\t\t\t\t\t\t<\/div>\n\t\t\t\t<\/div>\n\t\t\t\t<div class=\"elementor-element elementor-element-54079531 elementor-widget elementor-widget-text-editor\" data-id=\"54079531\" data-element_type=\"widget\" data-e-type=\"widget\" data-widget_type=\"text-editor.default\">\n\t\t\t\t<div class=\"elementor-widget-container\">\n\t\t\t\t\t\t\t\t\t<p data-start=\"113\" data-end=\"503\"><strong data-start=\"113\" data-end=\"242\">Comment expliquer que la France, si stricte face au <a href=\"https:\/\/www.gardenz.fr\/310--delta-9-thc\">cannabis<\/a>, en soit aussi l\u2019une des plus grandes consommatrices en Europe ?<\/strong> Ce paradoxe alimente les d\u00e9bats depuis des ann\u00e9es, entre politiques publiques rigides, usage massif chez les jeunes et explosion du march\u00e9 noir. Derri\u00e8re les chiffres, c\u2019est tout un syst\u00e8me qui interroge : et si l\u2019interdiction faisait plus de mal que de bien ?<\/p>\n<div class=\"elementor-element elementor-element-9d72de8 elementor-widget elementor-widget-text-editor\" data-id=\"9d72de8\" data-element_type=\"widget\" data-widget_type=\"text-editor.default\">\n<div class=\"elementor-widget-container\">\n<p>Bienvenue dans le <strong>Gardenz<\/strong>, encore une fois vous \u00eates en bonne compagnie !<\/p>\n<\/div>\n<\/div>\t\t\t\t\t\t\t\t<\/div>\n\t\t\t\t<\/div>\n\t\t\t\t<div class=\"elementor-element elementor-element-4da7dd3e elementor-widget-divider--view-line elementor-widget elementor-widget-divider\" data-id=\"4da7dd3e\" data-element_type=\"widget\" data-e-type=\"widget\" data-widget_type=\"divider.default\">\n\t\t\t\t<div class=\"elementor-widget-container\">\n\t\t\t\t\t\t\t<div class=\"elementor-divider\">\n\t\t\t<span class=\"elementor-divider-separator\">\n\t\t\t\t\t\t<\/span>\n\t\t<\/div>\n\t\t\t\t\t\t<\/div>\n\t\t\t\t<\/div>\n\t\t\t\t\t<\/div>\n\t\t<\/div>\n\t\t\t\t\t<\/div>\n\t\t<\/section>\n\t\t\t\t<section class=\"elementor-section elementor-top-section elementor-element elementor-element-24fa74f8 elementor-section-boxed elementor-section-height-default elementor-section-height-default\" data-id=\"24fa74f8\" data-element_type=\"section\" data-e-type=\"section\">\n\t\t\t\t\t\t<div class=\"elementor-container elementor-column-gap-default\">\n\t\t\t\t\t<div class=\"elementor-column elementor-col-100 elementor-top-column elementor-element elementor-element-2f844ae1\" data-id=\"2f844ae1\" data-element_type=\"column\" data-e-type=\"column\">\n\t\t\t<div class=\"elementor-widget-wrap elementor-element-populated\">\n\t\t\t\t\t\t<div class=\"elementor-element elementor-element-52b019b2 elementor-widget elementor-widget-text-editor\" data-id=\"52b019b2\" data-element_type=\"widget\" data-e-type=\"widget\" data-widget_type=\"text-editor.default\">\n\t\t\t\t<div class=\"elementor-widget-container\">\n\t\t\t\t\t\t\t\t\t<h3><b>SOMMAIRE :\u00a0<\/b><b style=\"color: var( --e-global-color-text ); font-family: var( --e-global-typography-text-font-family ), Sans-serif; background-color: var(--ast-global-color-5); font-size: 1rem;\">\u00a0<\/b><\/h3>\t\t\t\t\t\t\t\t<\/div>\n\t\t\t\t<\/div>\n\t\t\t\t<div class=\"elementor-element elementor-element-af4134d elementor-widget elementor-widget-heading\" data-id=\"af4134d\" data-element_type=\"widget\" data-e-type=\"widget\" data-widget_type=\"heading.default\">\n\t\t\t\t<div class=\"elementor-widget-container\">\n\t\t\t\t\t<h4 class=\"elementor-heading-title elementor-size-default\"><a href=\"#1\">Une consommation record en Europe<\/a><\/h4>\t\t\t\t<\/div>\n\t\t\t\t<\/div>\n\t\t\t\t<div class=\"elementor-element elementor-element-77e77f6a elementor-widget elementor-widget-heading\" data-id=\"77e77f6a\" data-element_type=\"widget\" data-e-type=\"widget\" data-widget_type=\"heading.default\">\n\t\t\t\t<div class=\"elementor-widget-container\">\n\t\t\t\t\t<h4 class=\"elementor-heading-title elementor-size-default\"><a href=\"#2\">Une l\u00e9gislation parmi les plus r\u00e9pressives du continent<\/a><\/h4>\t\t\t\t<\/div>\n\t\t\t\t<\/div>\n\t\t\t\t<div class=\"elementor-element elementor-element-7b498bab elementor-widget elementor-widget-heading\" data-id=\"7b498bab\" data-element_type=\"widget\" data-e-type=\"widget\" data-widget_type=\"heading.default\">\n\t\t\t\t<div class=\"elementor-widget-container\">\n\t\t\t\t\t<h4 class=\"elementor-heading-title elementor-size-default\"><a href=\"#3\">Comprendre le paradoxe fran\u00e7ais<\/a><\/h4>\t\t\t\t<\/div>\n\t\t\t\t<\/div>\n\t\t\t\t<div class=\"elementor-element elementor-element-3a6aa5b9 elementor-widget elementor-widget-heading\" data-id=\"3a6aa5b9\" data-element_type=\"widget\" data-e-type=\"widget\" data-widget_type=\"heading.default\">\n\t\t\t\t<div class=\"elementor-widget-container\">\n\t\t\t\t\t<h4 class=\"elementor-heading-title elementor-size-default\"><a href=\"#4\">Les cons\u00e9quences de cette schizophr\u00e9nie<\/a><\/h4>\t\t\t\t<\/div>\n\t\t\t\t<\/div>\n\t\t\t\t<div class=\"elementor-element elementor-element-51043fe4 elementor-widget elementor-widget-heading\" data-id=\"51043fe4\" data-element_type=\"widget\" data-e-type=\"widget\" data-widget_type=\"heading.default\">\n\t\t\t\t<div class=\"elementor-widget-container\">\n\t\t\t\t\t<h4 class=\"elementor-heading-title elementor-size-default\"><a href=\"#5\">Et si on arr\u00eatait de faire l'autruche <\/a><\/h4>\t\t\t\t<\/div>\n\t\t\t\t<\/div>\n\t\t\t\t<div class=\"elementor-element elementor-element-68b0d0dd elementor-widget elementor-widget-heading\" data-id=\"68b0d0dd\" data-element_type=\"widget\" data-e-type=\"widget\" data-widget_type=\"heading.default\">\n\t\t\t\t<div class=\"elementor-widget-container\">\n\t\t\t\t\t<h4 class=\"elementor-heading-title elementor-size-default\"><a href=\"#6\">Et le CBD dans tout \u00e7a<\/a><\/h4>\t\t\t\t<\/div>\n\t\t\t\t<\/div>\n\t\t\t\t<div class=\"elementor-element elementor-element-6f3ebb03 elementor-widget elementor-widget-heading\" data-id=\"6f3ebb03\" data-element_type=\"widget\" data-e-type=\"widget\" data-widget_type=\"heading.default\">\n\t\t\t\t<div class=\"elementor-widget-container\">\n\t\t\t\t\t<h4 class=\"elementor-heading-title elementor-size-default\"><a href=\"#7\">Conclusion<\/a><\/h4>\t\t\t\t<\/div>\n\t\t\t\t<\/div>\n\t\t\t\t\t<\/div>\n\t\t<\/div>\n\t\t\t\t\t<\/div>\n\t\t<\/section>\n\t\t\t\t<section class=\"elementor-section elementor-top-section elementor-element elementor-element-2208132 elementor-section-boxed elementor-section-height-default elementor-section-height-default\" data-id=\"2208132\" data-element_type=\"section\" data-e-type=\"section\">\n\t\t\t\t\t\t<div class=\"elementor-container elementor-column-gap-default\">\n\t\t\t\t\t<div class=\"elementor-column elementor-col-100 elementor-top-column elementor-element elementor-element-01efd9b\" data-id=\"01efd9b\" data-element_type=\"column\" data-e-type=\"column\">\n\t\t\t<div class=\"elementor-widget-wrap elementor-element-populated\">\n\t\t\t\t\t\t<div class=\"elementor-element elementor-element-6d9dd1f elementor-widget elementor-widget-menu-anchor\" data-id=\"6d9dd1f\" data-element_type=\"widget\" data-e-type=\"widget\" data-widget_type=\"menu-anchor.default\">\n\t\t\t\t<div class=\"elementor-widget-container\">\n\t\t\t\t\t\t\t<div class=\"elementor-menu-anchor\" id=\"1\"><\/div>\n\t\t\t\t\t\t<\/div>\n\t\t\t\t<\/div>\n\t\t\t\t<div class=\"elementor-element elementor-element-31f27b5 elementor-widget elementor-widget-text-editor\" data-id=\"31f27b5\" data-element_type=\"widget\" data-e-type=\"widget\" data-widget_type=\"text-editor.default\">\n\t\t\t\t<div class=\"elementor-widget-container\">\n\t\t\t\t\t\t\t\t\t<h2 data-pm-slice=\"1 1 []\">Une consommation record en Europe<\/h2><p>Alors que la <strong>France affiche une politique particuli\u00e8rement s\u00e9v\u00e8re en mati\u00e8re de drogues<\/strong>, elle conserve une place de leader peu enviable : celle de <strong>l\u2019un des pays europ\u00e9ens o\u00f9 la consommation de cannabis est la plus \u00e9lev\u00e9e<\/strong>. Selon les donn\u00e9es publi\u00e9es par <strong>l\u2019OFDT<\/strong> (Observatoire fran\u00e7ais des drogues et des tendances addictives) et <strong>Sant\u00e9 publique France<\/strong>, pr\u00e8s de <strong>la moiti\u00e9 des adultes \u00e2g\u00e9s de 18 \u00e0 64 ans<\/strong> ont <strong>exp\u00e9riment\u00e9 le cannabis au cours de leur vie<\/strong>, une <strong>proportion bien sup\u00e9rieure \u00e0 la moyenne europ\u00e9enne<\/strong>.<\/p><p>Chez les <strong>jeunes de 17 ans<\/strong>, la situation est tout aussi frappante : plus de <strong>20 % d\u00e9clarent avoir fum\u00e9 du cannabis au cours du mois pr\u00e9c\u00e9dent<\/strong>, un chiffre en l\u00e9g\u00e8re baisse par rapport aux ann\u00e9es pr\u00e9c\u00e9dentes, mais qui reste <strong>parmi les plus hauts d\u2019Europe<\/strong>. Chaque ann\u00e9e, plusieurs millions de <strong>fran\u00e7ais consomment du cannabis<\/strong>, que ce soit de mani\u00e8re occasionnelle ou sous forme <strong>d\u2019usage r\u00e9gulier<\/strong>. On estime que <strong>plus de 5 millions de personnes<\/strong> ont <strong>consomm\u00e9 du cannabis dans l\u2019ann\u00e9e<\/strong>, dont environ <strong>1,4 million<\/strong> de mani\u00e8re <strong>r\u00e9guli\u00e8re<\/strong>, c\u2019est-\u00e0-dire au moins <strong>10 fois par mois<\/strong>.<\/p><p>L\u2019<strong>usage de cannabis en France<\/strong> concerne donc une <strong>part significative de la population<\/strong>, malgr\u00e9 une l\u00e9gislation qui criminalise toujours sa <strong>possession<\/strong>, son <strong>usage<\/strong>, voire parfois <strong>la simple exp\u00e9rimentation<\/strong>. Un <strong>paradoxe flagrant<\/strong> quand on observe les chiffres d\u2019autres pays comme l\u2019<strong>Espagne<\/strong>, l\u2019<strong>Italie<\/strong> ou m\u00eame le <strong>Canada<\/strong>, o\u00f9 <strong>le cannabis \u00e0 usage r\u00e9cr\u00e9atif<\/strong> est <strong>tol\u00e9r\u00e9 ou l\u00e9galis\u00e9<\/strong>\u2026 avec des niveaux de consommation comparables voire inf\u00e9rieurs.<\/p>\t\t\t\t\t\t\t\t<\/div>\n\t\t\t\t<\/div>\n\t\t\t\t\t<\/div>\n\t\t<\/div>\n\t\t\t\t\t<\/div>\n\t\t<\/section>\n\t\t\t\t<section class=\"elementor-section elementor-top-section elementor-element elementor-element-38a0ecbd elementor-section-boxed elementor-section-height-default elementor-section-height-default\" data-id=\"38a0ecbd\" data-element_type=\"section\" data-e-type=\"section\">\n\t\t\t\t\t\t<div class=\"elementor-container elementor-column-gap-default\">\n\t\t\t\t\t<div class=\"elementor-column elementor-col-100 elementor-top-column elementor-element elementor-element-26672128\" data-id=\"26672128\" data-element_type=\"column\" data-e-type=\"column\">\n\t\t\t<div class=\"elementor-widget-wrap elementor-element-populated\">\n\t\t\t\t\t\t<div class=\"elementor-element elementor-element-6110cf35 elementor-widget elementor-widget-spacer\" data-id=\"6110cf35\" data-element_type=\"widget\" data-e-type=\"widget\" data-widget_type=\"spacer.default\">\n\t\t\t\t<div class=\"elementor-widget-container\">\n\t\t\t\t\t\t\t<div class=\"elementor-spacer\">\n\t\t\t<div class=\"elementor-spacer-inner\"><\/div>\n\t\t<\/div>\n\t\t\t\t\t\t<\/div>\n\t\t\t\t<\/div>\n\t\t\t\t<div class=\"elementor-element elementor-element-634ecf0 elementor-widget elementor-widget-menu-anchor\" data-id=\"634ecf0\" data-element_type=\"widget\" data-e-type=\"widget\" data-widget_type=\"menu-anchor.default\">\n\t\t\t\t<div class=\"elementor-widget-container\">\n\t\t\t\t\t\t\t<div class=\"elementor-menu-anchor\" id=\"2\"><\/div>\n\t\t\t\t\t\t<\/div>\n\t\t\t\t<\/div>\n\t\t\t\t<section class=\"elementor-section elementor-inner-section elementor-element elementor-element-507b8684 elementor-section-boxed elementor-section-height-default elementor-section-height-default\" data-id=\"507b8684\" data-element_type=\"section\" data-e-type=\"section\">\n\t\t\t\t\t\t<div class=\"elementor-container elementor-column-gap-default\">\n\t\t\t\t\t<div class=\"elementor-column elementor-col-50 elementor-inner-column elementor-element elementor-element-1d17dc15\" data-id=\"1d17dc15\" data-element_type=\"column\" data-e-type=\"column\">\n\t\t\t<div class=\"elementor-widget-wrap elementor-element-populated\">\n\t\t\t\t\t\t<div class=\"elementor-element elementor-element-5757c492 elementor-widget elementor-widget-text-editor\" data-id=\"5757c492\" data-element_type=\"widget\" data-e-type=\"widget\" data-widget_type=\"text-editor.default\">\n\t\t\t\t<div class=\"elementor-widget-container\">\n\t\t\t\t\t\t\t\t\t<h2 data-pm-slice=\"1 1 []\">Une l\u00e9gislation parmi les plus r\u00e9pressives du continent<\/h2><p>En mati\u00e8re de <strong>cannabis<\/strong>, la <strong>France se distingue non pas par sa souplesse, mais par sa fermet\u00e9<\/strong>. La loi fran\u00e7aise classe toujours le cannabis parmi les <strong>stup\u00e9fiants<\/strong>, au m\u00eame titre que des substances bien plus dures, et punit sa <strong>possession<\/strong>, sa <strong>d\u00e9tention<\/strong>, comme sa <strong>consommation<\/strong>, m\u00eame en <strong>petite quantit\u00e9<\/strong>. Fumer un joint peut ainsi entra\u00eener <strong>jusqu\u2019\u00e0 un an d\u2019emprisonnement et 3 750 \u20ac d\u2019amende<\/strong>, m\u00eame si dans les faits, l\u2019usage simple donne aujourd\u2019hui lieu \u00e0 une <strong>amende forfaitaire de 200 \u20ac<\/strong> depuis la r\u00e9forme de 2020.<\/p><p>Le discours reste inflexible : <strong>tol\u00e9rance z\u00e9ro<\/strong>. Cette posture se veut dissuasive, mais se heurte \u00e0 la <strong>r\u00e9alit\u00e9 d\u2019un usage tr\u00e8s r\u00e9pandu<\/strong> dans toutes les couches de la <strong>population fran\u00e7aise<\/strong>, en particulier chez les <strong>jeunes adultes<\/strong>. En parall\u00e8le, les <strong>politiques publiques de sant\u00e9<\/strong> peinent \u00e0 prendre en compte les vrais besoins : <strong>pr\u00e9vention<\/strong>, <strong>r\u00e9duction des risques<\/strong>, <strong>\u00e9ducation<\/strong>. On criminalise davantage qu\u2019on n\u2019informe, et l\u2019<strong>usage r\u00e9gulier de cannabis<\/strong> continue d\u2019augmenter chez certaines populations \u00e0 risque, en particulier dans les milieux pr\u00e9caires.<\/p><p>\u00c0 l\u2019\u00e9chelle de l\u2019<strong>Union europ\u00e9enne<\/strong>, cette rigidit\u00e9 l\u00e9gislative fait de la France <strong>un cas \u00e0 part<\/strong>. L\u2019<strong>exp\u00e9rimentation du cannabis th\u00e9rapeutique<\/strong> reste <strong>limit\u00e9e<\/strong> et <strong>encadr\u00e9e<\/strong>, tandis que le <strong>cannabis r\u00e9cr\u00e9atif<\/strong> reste un sujet tabou au sein de la classe politique, malgr\u00e9 les <strong>rapports officiels<\/strong> et les <strong>\u00e9tudes<\/strong> qui pointent l\u2019inefficacit\u00e9 des mesures r\u00e9pressives sur la <strong>consommation de drogues<\/strong>.<\/p>\t\t\t\t\t\t\t\t<\/div>\n\t\t\t\t<\/div>\n\t\t\t\t\t<\/div>\n\t\t<\/div>\n\t\t\t\t<div class=\"elementor-column elementor-col-50 elementor-inner-column elementor-element elementor-element-6142ee2b\" data-id=\"6142ee2b\" data-element_type=\"column\" data-e-type=\"column\">\n\t\t\t<div class=\"elementor-widget-wrap elementor-element-populated\">\n\t\t\t\t\t\t<div class=\"elementor-element elementor-element-69fdb450 elementor-widget elementor-widget-image\" data-id=\"69fdb450\" data-element_type=\"widget\" data-e-type=\"widget\" data-widget_type=\"image.default\">\n\t\t\t\t<div class=\"elementor-widget-container\">\n\t\t\t\t\t\t\t\t\t\t\t\t\t\t\t<img decoding=\"async\" src=\"https:\/\/www.gardenz.fr\/news\/wp-content\/uploads\/elementor\/thumbs\/Firefly-Un-drapeau-francais-avec-de-la-OG-kush-15754-_1_-rmgf64ytgndywhtxtic56unm2211m22yg2buyi7mf4.webp\" title=\"Firefly-Un-drapeau-fran\u00e7ais-avec-de-la-OG-kush-15754-_1_\" alt=\"Cannabis en France\" loading=\"lazy\" \/>\t\t\t\t\t\t\t\t\t\t\t\t\t\t\t<\/div>\n\t\t\t\t<\/div>\n\t\t\t\t\t<\/div>\n\t\t<\/div>\n\t\t\t\t\t<\/div>\n\t\t<\/section>\n\t\t\t\t\t<\/div>\n\t\t<\/div>\n\t\t\t\t\t<\/div>\n\t\t<\/section>\n\t\t\t\t<section class=\"elementor-section elementor-top-section elementor-element elementor-element-956ec19 elementor-section-boxed elementor-section-height-default elementor-section-height-default\" data-id=\"956ec19\" data-element_type=\"section\" data-e-type=\"section\">\n\t\t\t\t\t\t<div class=\"elementor-container elementor-column-gap-default\">\n\t\t\t\t\t<div class=\"elementor-column elementor-col-100 elementor-top-column elementor-element elementor-element-83cd82d\" data-id=\"83cd82d\" data-element_type=\"column\" data-e-type=\"column\">\n\t\t\t<div class=\"elementor-widget-wrap elementor-element-populated\">\n\t\t\t\t\t\t<div class=\"elementor-element elementor-element-bd9f3b5 elementor-widget elementor-widget-spacer\" data-id=\"bd9f3b5\" data-element_type=\"widget\" data-e-type=\"widget\" data-widget_type=\"spacer.default\">\n\t\t\t\t<div class=\"elementor-widget-container\">\n\t\t\t\t\t\t\t<div class=\"elementor-spacer\">\n\t\t\t<div class=\"elementor-spacer-inner\"><\/div>\n\t\t<\/div>\n\t\t\t\t\t\t<\/div>\n\t\t\t\t<\/div>\n\t\t\t\t<div class=\"elementor-element elementor-element-4066923 elementor-widget elementor-widget-menu-anchor\" data-id=\"4066923\" data-element_type=\"widget\" data-e-type=\"widget\" data-widget_type=\"menu-anchor.default\">\n\t\t\t\t<div class=\"elementor-widget-container\">\n\t\t\t\t\t\t\t<div class=\"elementor-menu-anchor\" id=\"3\"><\/div>\n\t\t\t\t\t\t<\/div>\n\t\t\t\t<\/div>\n\t\t\t\t<section class=\"elementor-section elementor-inner-section elementor-element elementor-element-2f37e02 elementor-section-boxed elementor-section-height-default elementor-section-height-default\" data-id=\"2f37e02\" data-element_type=\"section\" data-e-type=\"section\">\n\t\t\t\t\t\t<div class=\"elementor-container elementor-column-gap-default\">\n\t\t\t\t\t<div class=\"elementor-column elementor-col-50 elementor-inner-column elementor-element elementor-element-042b912\" data-id=\"042b912\" data-element_type=\"column\" data-e-type=\"column\">\n\t\t\t<div class=\"elementor-widget-wrap elementor-element-populated\">\n\t\t\t\t\t\t<div class=\"elementor-element elementor-element-309e685 elementor-widget elementor-widget-image\" data-id=\"309e685\" data-element_type=\"widget\" data-e-type=\"widget\" data-widget_type=\"image.default\">\n\t\t\t\t<div class=\"elementor-widget-container\">\n\t\t\t\t\t\t\t\t\t\t\t\t\t\t\t<img decoding=\"async\" src=\"https:\/\/www.gardenz.fr\/news\/wp-content\/uploads\/elementor\/thumbs\/Firefly-Un-jeune-ado-de-16-ans-qui-fume-du-CBD-35041-_1_-rmgf64ytgndywhtxtic56unm2211m22yg2buyi7mf4.webp\" title=\"Firefly-Un-jeune-ado-de-16-ans-qui-fume-du-CBD-35041-_1_\" alt=\"consommation cannabis\" loading=\"lazy\" \/>\t\t\t\t\t\t\t\t\t\t\t\t\t\t\t<\/div>\n\t\t\t\t<\/div>\n\t\t\t\t\t<\/div>\n\t\t<\/div>\n\t\t\t\t<div class=\"elementor-column elementor-col-50 elementor-inner-column elementor-element elementor-element-acba043\" data-id=\"acba043\" data-element_type=\"column\" data-e-type=\"column\">\n\t\t\t<div class=\"elementor-widget-wrap elementor-element-populated\">\n\t\t\t\t\t\t<div class=\"elementor-element elementor-element-b332333 elementor-widget elementor-widget-text-editor\" data-id=\"b332333\" data-element_type=\"widget\" data-e-type=\"widget\" data-widget_type=\"text-editor.default\">\n\t\t\t\t<div class=\"elementor-widget-container\">\n\t\t\t\t\t\t\t\t\t<h2 data-pm-slice=\"1 1 []\">Comprendre le paradoxe fran\u00e7ais<\/h2><p>Comment expliquer que <strong>la France<\/strong>, tout en menant une des politiques les plus s\u00e9v\u00e8res d\u2019<strong>Europe<\/strong> en mati\u00e8re de <strong>cannabis<\/strong>, reste l\u2019un des pays o\u00f9 l\u2019on <strong>consomme le plus<\/strong> ? Ce <strong>paradoxe fran\u00e7ais<\/strong> ne tient pas seulement \u00e0 la loi, mais \u00e0 une <strong>histoire sociale et politique<\/strong> marqu\u00e9e par la <strong>stigmatisation de la drogue<\/strong> et une <strong>absence de d\u00e9bat rationnel<\/strong> sur les usages.<\/p><p>D\u2019un point de vue sociologique, la <strong>consommation de cannabis<\/strong> en France s\u2019inscrit souvent dans une <strong>logique de transgression<\/strong>, en particulier chez les adolescents et les <strong>jeunes adultes<\/strong>. D\u00e8s <strong>l\u2019\u00e2ge de 16 ans<\/strong>, une partie non n\u00e9gligeable des jeunes <strong>exp\u00e9rimente le cannabis<\/strong>, parfois sans en conna\u00eetre les risques, ni la composition des produits (r\u00e9sine ou herbe). Le <strong>fruit interdit<\/strong> attire d\u2019autant plus qu\u2019il est <strong>criminalis\u00e9<\/strong>, surtout dans un contexte o\u00f9 <strong>les autres drogues illicites<\/strong> sont bien moins pr\u00e9sentes dans le quotidien des jeunes.<\/p><p>Cette <strong>disjonction entre la loi et la pratique<\/strong> cr\u00e9e un flou qui profite aux <strong>trafics<\/strong>, tout en exposant les <strong>usagers de cannabis<\/strong> \u00e0 des risques sanitaires accrus. Le <strong>produit consomm\u00e9<\/strong> provient en majorit\u00e9 du <strong>march\u00e9 noir<\/strong>, sans contr\u00f4le, ni tra\u00e7abilit\u00e9. Paradoxalement, l\u2019<strong>interdiction stricte<\/strong> n\u2019a donc pas permis de <strong>r\u00e9duire la consommation<\/strong>, mais a plut\u00f4t <strong>d\u00e9grad\u00e9 les conditions de consommation<\/strong>, emp\u00each\u00e9 la <strong>r\u00e9duction des risques<\/strong> et frein\u00e9 les initiatives de <strong>sant\u00e9 publique<\/strong>.<\/p>\t\t\t\t\t\t\t\t<\/div>\n\t\t\t\t<\/div>\n\t\t\t\t\t<\/div>\n\t\t<\/div>\n\t\t\t\t\t<\/div>\n\t\t<\/section>\n\t\t\t\t<div class=\"elementor-element elementor-element-18e3923 elementor-widget elementor-widget-text-editor\" data-id=\"18e3923\" data-element_type=\"widget\" data-e-type=\"widget\" data-widget_type=\"text-editor.default\">\n\t\t\t\t<div class=\"elementor-widget-container\">\n\t\t\t\t\t\t\t\t\t<p data-pm-slice=\"1 1 []\">Enfin, ce d\u00e9calage s\u2019explique aussi par un <strong>blocage politique chronique<\/strong> : les pouvoirs publics se sont longtemps content\u00e9s d\u2019un discours moralisateur, sans jamais engager une <strong>r\u00e9flexion de fond<\/strong> sur les <strong>usages du cannabis en France<\/strong>, leurs causes sociales, et les r\u00e9ponses adapt\u00e9es. R\u00e9sultat : la <strong>consommation r\u00e9guli\u00e8re<\/strong> augmente, les <strong>consommateurs<\/strong> sont toujours plus nombreux, et le <strong>syst\u00e8me judiciaire<\/strong> sature de proc\u00e9dures sans effet durable sur les pratiques.<\/p><p>\u00a0<\/p>\t\t\t\t\t\t\t\t<\/div>\n\t\t\t\t<\/div>\n\t\t\t\t\t<\/div>\n\t\t<\/div>\n\t\t\t\t\t<\/div>\n\t\t<\/section>\n\t\t\t\t<section class=\"elementor-section elementor-top-section elementor-element elementor-element-5da1477f elementor-section-boxed elementor-section-height-default elementor-section-height-default\" data-id=\"5da1477f\" data-element_type=\"section\" data-e-type=\"section\">\n\t\t\t\t\t\t<div class=\"elementor-container elementor-column-gap-default\">\n\t\t\t\t\t<div class=\"elementor-column elementor-col-100 elementor-top-column elementor-element elementor-element-b56f416\" data-id=\"b56f416\" data-element_type=\"column\" data-e-type=\"column\">\n\t\t\t<div class=\"elementor-widget-wrap elementor-element-populated\">\n\t\t\t\t\t\t<div class=\"elementor-element elementor-element-4d1ac20d elementor-widget elementor-widget-spacer\" data-id=\"4d1ac20d\" data-element_type=\"widget\" data-e-type=\"widget\" data-widget_type=\"spacer.default\">\n\t\t\t\t<div class=\"elementor-widget-container\">\n\t\t\t\t\t\t\t<div class=\"elementor-spacer\">\n\t\t\t<div class=\"elementor-spacer-inner\"><\/div>\n\t\t<\/div>\n\t\t\t\t\t\t<\/div>\n\t\t\t\t<\/div>\n\t\t\t\t<div class=\"elementor-element elementor-element-7d7ee04 elementor-widget elementor-widget-menu-anchor\" data-id=\"7d7ee04\" data-element_type=\"widget\" data-e-type=\"widget\" data-widget_type=\"menu-anchor.default\">\n\t\t\t\t<div class=\"elementor-widget-container\">\n\t\t\t\t\t\t\t<div class=\"elementor-menu-anchor\" id=\"4\"><\/div>\n\t\t\t\t\t\t<\/div>\n\t\t\t\t<\/div>\n\t\t\t\t<section class=\"elementor-section elementor-inner-section elementor-element elementor-element-215c071c elementor-section-boxed elementor-section-height-default elementor-section-height-default\" data-id=\"215c071c\" data-element_type=\"section\" data-e-type=\"section\">\n\t\t\t\t\t\t<div class=\"elementor-container elementor-column-gap-default\">\n\t\t\t\t\t<div class=\"elementor-column elementor-col-50 elementor-inner-column elementor-element elementor-element-225fae54\" data-id=\"225fae54\" data-element_type=\"column\" data-e-type=\"column\">\n\t\t\t<div class=\"elementor-widget-wrap elementor-element-populated\">\n\t\t\t\t\t\t<div class=\"elementor-element elementor-element-371a5f14 elementor-widget elementor-widget-text-editor\" data-id=\"371a5f14\" data-element_type=\"widget\" data-e-type=\"widget\" data-widget_type=\"text-editor.default\">\n\t\t\t\t<div class=\"elementor-widget-container\">\n\t\t\t\t\t\t\t\t\t<h2 data-start=\"43\" data-end=\"94\">Les cons\u00e9quences de cette schizophr\u00e9nie politique<\/h2><p data-start=\"96\" data-end=\"452\">\u00c0 force de vouloir interdire sans encadrer, <strong data-start=\"140\" data-end=\"185\">la France s\u2019est enferm\u00e9e dans une impasse<\/strong> o\u00f9 la <strong data-start=\"192\" data-end=\"206\">r\u00e9pression<\/strong> cohabite avec une <strong data-start=\"225\" data-end=\"249\">consommation massive<\/strong>, sans que l\u2019un n\u2019influence r\u00e9ellement l\u2019autre. Le <strong data-start=\"300\" data-end=\"320\">r\u00e9sultat concret<\/strong>, c\u2019est une politique co\u00fbteuse, inefficace, et parfois m\u00eame <strong data-start=\"380\" data-end=\"401\">contre-productive<\/strong> sur les plans <strong data-start=\"416\" data-end=\"451\">sanitaire, social et judiciaire<\/strong>.<\/p><p data-start=\"454\" data-end=\"947\">Premi\u00e8re cons\u00e9quence : <strong data-start=\"477\" data-end=\"507\">l\u2019explosion du march\u00e9 noir<\/strong>. En l\u2019absence de cadre l\u00e9gal, <strong data-start=\"538\" data-end=\"563\">la r\u00e9sine de cannabis<\/strong> \u2013 souvent coup\u00e9e avec des substances douteuses \u2013 circule librement, au b\u00e9n\u00e9fice des r\u00e9seaux de <strong data-start=\"659\" data-end=\"680\">trafic de drogues<\/strong>. Le <strong data-start=\"685\" data-end=\"693\">prix<\/strong>, la <strong data-start=\"698\" data-end=\"709\">qualit\u00e9<\/strong> et la <strong data-start=\"716\" data-end=\"731\">composition<\/strong> des produits sont totalement al\u00e9atoires. Cela expose les <strong data-start=\"789\" data-end=\"812\">usagers de cannabis<\/strong> \u00e0 des risques accrus, notamment en mati\u00e8re de <strong data-start=\"859\" data-end=\"885\">d\u00e9pendance au cannabis<\/strong> ou de <strong data-start=\"892\" data-end=\"915\">troubles psychiques<\/strong> chez les personnes vuln\u00e9rables.<\/p><p data-start=\"949\" data-end=\"1337\">Deuxi\u00e8me effet pervers : <strong data-start=\"974\" data-end=\"1014\">l\u2019encombrement du syst\u00e8me judiciaire<\/strong>. Chaque ann\u00e9e, des dizaines de milliers de personnes \u2013 souvent des <strong data-start=\"1082\" data-end=\"1100\">jeunes adultes<\/strong> ou des mineurs \u2013 sont interpell\u00e9es pour <strong data-start=\"1141\" data-end=\"1162\">usage de cannabis<\/strong>, parfois pour de <strong data-start=\"1180\" data-end=\"1201\">petites quantit\u00e9s<\/strong>. Cela mobilise des moyens colossaux pour des sanctions peu dissuasives, tout en <strong data-start=\"1282\" data-end=\"1336\">d\u00e9tournant l\u2019attention des vraies urgences p\u00e9nales<\/strong>.<\/p><p data-start=\"1339\" data-end=\"1935\">Enfin, cette politique engendre un <strong data-start=\"1374\" data-end=\"1420\">retard criant en mati\u00e8re de sant\u00e9 publique<\/strong>. <strong data-start=\"1422\" data-end=\"1454\">L\u2019usage r\u00e9gulier de cannabis<\/strong> n\u2019est presque jamais abord\u00e9 sous l\u2019angle du <strong data-start=\"1499\" data-end=\"1516\">suivi m\u00e9dical<\/strong>, de l\u2019<strong data-start=\"1523\" data-end=\"1541\">accompagnement<\/strong> ou de la <strong data-start=\"1551\" data-end=\"1576\">r\u00e9duction des risques<\/strong>. Les <strong data-start=\"1582\" data-end=\"1599\">consommateurs<\/strong> sont <strong data-start=\"1605\" data-end=\"1620\">stigmatis\u00e9s<\/strong>, ce qui freine l\u2019acc\u00e8s \u00e0 l\u2019information, \u00e0 la pr\u00e9vention et au soin. \u00c0 l\u2019inverse, les pays qui ont choisi d\u2019<strong data-start=\"1728\" data-end=\"1760\">encadrer l\u2019usage de cannabis<\/strong> (\u00e0 des fins r\u00e9cr\u00e9atives ou th\u00e9rapeutiques) montrent souvent des <strong data-start=\"1825\" data-end=\"1857\">r\u00e9sultats plus encourageants<\/strong>, tant sur la <strong data-start=\"1871\" data-end=\"1900\">fr\u00e9quence de consommation<\/strong> que sur ses cons\u00e9quences sociales.<\/p>\t\t\t\t\t\t\t\t<\/div>\n\t\t\t\t<\/div>\n\t\t\t\t\t<\/div>\n\t\t<\/div>\n\t\t\t\t<div class=\"elementor-column elementor-col-50 elementor-inner-column elementor-element elementor-element-4c3f3c1e\" data-id=\"4c3f3c1e\" data-element_type=\"column\" data-e-type=\"column\">\n\t\t\t<div class=\"elementor-widget-wrap elementor-element-populated\">\n\t\t\t\t\t\t<div class=\"elementor-element elementor-element-5af63eea elementor-widget elementor-widget-image\" data-id=\"5af63eea\" data-element_type=\"widget\" data-e-type=\"widget\" data-widget_type=\"image.default\">\n\t\t\t\t<div class=\"elementor-widget-container\">\n\t\t\t\t\t\t\t\t\t\t\t\t\t\t\t<img decoding=\"async\" src=\"https:\/\/www.gardenz.fr\/news\/wp-content\/uploads\/elementor\/thumbs\/Firefly-Le-senat-remplis-de-CBD-35041-_1_-rmgf64ytgndywhtxtic56unm2211m22yg2buyi7mf4.webp\" title=\"Firefly-Le-s\u00e9nat-remplis-de-CBD-35041-_1_\" alt=\"Firefly-Le-s\u00e9nat-remplis-de-CBD-35041-_1_\" loading=\"lazy\" \/>\t\t\t\t\t\t\t\t\t\t\t\t\t\t\t<\/div>\n\t\t\t\t<\/div>\n\t\t\t\t\t<\/div>\n\t\t<\/div>\n\t\t\t\t\t<\/div>\n\t\t<\/section>\n\t\t\t\t\t<\/div>\n\t\t<\/div>\n\t\t\t\t\t<\/div>\n\t\t<\/section>\n\t\t\t\t<section class=\"elementor-section elementor-top-section elementor-element elementor-element-0e4c755 elementor-section-boxed elementor-section-height-default elementor-section-height-default\" data-id=\"0e4c755\" data-element_type=\"section\" data-e-type=\"section\">\n\t\t\t\t\t\t<div class=\"elementor-container elementor-column-gap-default\">\n\t\t\t\t\t<div class=\"elementor-column elementor-col-100 elementor-top-column elementor-element elementor-element-a15473a\" data-id=\"a15473a\" data-element_type=\"column\" data-e-type=\"column\">\n\t\t\t<div class=\"elementor-widget-wrap elementor-element-populated\">\n\t\t\t\t\t\t<div class=\"elementor-element elementor-element-63613cd elementor-widget elementor-widget-menu-anchor\" data-id=\"63613cd\" data-element_type=\"widget\" data-e-type=\"widget\" data-widget_type=\"menu-anchor.default\">\n\t\t\t\t<div class=\"elementor-widget-container\">\n\t\t\t\t\t\t\t<div class=\"elementor-menu-anchor\" id=\"5\"><\/div>\n\t\t\t\t\t\t<\/div>\n\t\t\t\t<\/div>\n\t\t\t\t<div class=\"elementor-element elementor-element-d2418e1 elementor-widget elementor-widget-text-editor\" data-id=\"d2418e1\" data-element_type=\"widget\" data-e-type=\"widget\" data-widget_type=\"text-editor.default\">\n\t\t\t\t<div class=\"elementor-widget-container\">\n\t\t\t\t\t\t\t\t\t<h2 data-pm-slice=\"1 1 []\">Et si on arr\u00eatait de faire l\u2019autruche<\/h2><p>\u00c0 l\u2019heure o\u00f9 de nombreux pays revoient leur copie, <strong>la France continue de brandir la peur de la drogue comme seule r\u00e9ponse politique<\/strong>, sans jamais remettre en question les <strong>fondements obsol\u00e8tes de sa l\u00e9gislation<\/strong>. Pendant ce temps, ailleurs dans le monde, les lignes bougent.<\/p><p>Le <strong>Portugal<\/strong>, par exemple, a d\u00e9p\u00e9nalis\u00e9 l\u2019usage de toutes les <strong>drogues illicites<\/strong> depuis 2001. R\u00e9sultat : <strong>pas d\u2019explosion de la consommation<\/strong>, mais une nette am\u00e9lioration des indicateurs de <strong>sant\u00e9 publique<\/strong>. En <strong>Allemagne<\/strong>, la r\u00e9cente <strong>l\u00e9galisation du cannabis r\u00e9cr\u00e9atif<\/strong> repose sur un mod\u00e8le encadr\u00e9 et contr\u00f4l\u00e9, visant \u00e0 r\u00e9duire le <strong>march\u00e9 ill\u00e9gal<\/strong> et \u00e0 mieux prot\u00e9ger les <strong>jeunes<\/strong>. Le <strong>Canada<\/strong>, pionnier en la mati\u00e8re, montre que l\u2019<strong>encadrement de l\u2019usage de cannabis<\/strong> peut coexister avec une <strong>r\u00e9duction des risques<\/strong> et une <strong>information transparente<\/strong>.<\/p><p>Et la France ? Elle avance \u00e0 reculons. M\u00eame l\u2019<strong>exp\u00e9rimentation du cannabis th\u00e9rapeutique<\/strong>, lanc\u00e9e en 2021, peine \u00e0 se g\u00e9n\u00e9raliser. Le <strong>d\u00e9bat public<\/strong> reste verrouill\u00e9, frein\u00e9 par des r\u00e9flexes politiques, une <strong>peur sociale du cannabis<\/strong>, et un manque de <strong>donn\u00e9es accessibles au grand public<\/strong>.<\/p><p>Pourtant, les b\u00e9n\u00e9fices d\u2019un <strong>changement de strat\u00e9gie<\/strong> sont nombreux : lutte contre le <strong>trafic<\/strong>, encadrement de la <strong>qualit\u00e9 des produits<\/strong>, cr\u00e9ation d\u2019emplois, d\u00e9veloppement d\u2019une <strong>fili\u00e8re fran\u00e7aise<\/strong> du cannabis l\u00e9gal, sans oublier les recettes fiscales pour l\u2019\u00c9tat. Il ne s\u2019agit pas de banaliser, mais d\u2019<strong>autoriser intelligemment<\/strong>, en tenant compte des usages, des risques, et des solutions les plus efficaces d\u00e9j\u00e0 test\u00e9es ailleurs.<\/p>\t\t\t\t\t\t\t\t<\/div>\n\t\t\t\t<\/div>\n\t\t\t\t\t<\/div>\n\t\t<\/div>\n\t\t\t\t\t<\/div>\n\t\t<\/section>\n\t\t\t\t<section class=\"elementor-section elementor-top-section elementor-element elementor-element-45ea8911 elementor-section-boxed elementor-section-height-default elementor-section-height-default\" data-id=\"45ea8911\" data-element_type=\"section\" data-e-type=\"section\">\n\t\t\t\t\t\t<div class=\"elementor-container elementor-column-gap-default\">\n\t\t\t\t\t<div class=\"elementor-column elementor-col-100 elementor-top-column elementor-element elementor-element-778e2cbc\" data-id=\"778e2cbc\" data-element_type=\"column\" data-e-type=\"column\">\n\t\t\t<div class=\"elementor-widget-wrap elementor-element-populated\">\n\t\t\t\t\t\t<div class=\"elementor-element elementor-element-10d2aab0 elementor-widget elementor-widget-spacer\" data-id=\"10d2aab0\" data-element_type=\"widget\" data-e-type=\"widget\" data-widget_type=\"spacer.default\">\n\t\t\t\t<div class=\"elementor-widget-container\">\n\t\t\t\t\t\t\t<div class=\"elementor-spacer\">\n\t\t\t<div class=\"elementor-spacer-inner\"><\/div>\n\t\t<\/div>\n\t\t\t\t\t\t<\/div>\n\t\t\t\t<\/div>\n\t\t\t\t<div class=\"elementor-element elementor-element-c4e4237 elementor-widget elementor-widget-menu-anchor\" data-id=\"c4e4237\" data-element_type=\"widget\" data-e-type=\"widget\" data-widget_type=\"menu-anchor.default\">\n\t\t\t\t<div class=\"elementor-widget-container\">\n\t\t\t\t\t\t\t<div class=\"elementor-menu-anchor\" id=\"6\"><\/div>\n\t\t\t\t\t\t<\/div>\n\t\t\t\t<\/div>\n\t\t\t\t<section class=\"elementor-section elementor-inner-section elementor-element elementor-element-a8f1bd4 elementor-section-boxed elementor-section-height-default elementor-section-height-default\" data-id=\"a8f1bd4\" data-element_type=\"section\" data-e-type=\"section\">\n\t\t\t\t\t\t<div class=\"elementor-container elementor-column-gap-default\">\n\t\t\t\t\t<div class=\"elementor-column elementor-col-50 elementor-inner-column elementor-element elementor-element-9000033\" data-id=\"9000033\" data-element_type=\"column\" data-e-type=\"column\">\n\t\t\t<div class=\"elementor-widget-wrap elementor-element-populated\">\n\t\t\t\t\t\t<div class=\"elementor-element elementor-element-6ed51f27 elementor-widget elementor-widget-image\" data-id=\"6ed51f27\" data-element_type=\"widget\" data-e-type=\"widget\" data-widget_type=\"image.default\">\n\t\t\t\t<div class=\"elementor-widget-container\">\n\t\t\t\t\t\t\t\t\t\t\t\t\t\t\t<img decoding=\"async\" src=\"https:\/\/www.gardenz.fr\/news\/wp-content\/uploads\/elementor\/thumbs\/Firefly-un-champs-de-CBD-35041-_1_-rmgf64ytgndywhtxtic56unm2211m22yg2buyi7mf4.webp\" title=\"Firefly-un-champs-de-CBD-35041-_1_\" alt=\"un champs de CBD\" loading=\"lazy\" \/>\t\t\t\t\t\t\t\t\t\t\t\t\t\t\t<\/div>\n\t\t\t\t<\/div>\n\t\t\t\t\t<\/div>\n\t\t<\/div>\n\t\t\t\t<div class=\"elementor-column elementor-col-50 elementor-inner-column elementor-element elementor-element-3cb400c7\" data-id=\"3cb400c7\" data-element_type=\"column\" data-e-type=\"column\">\n\t\t\t<div class=\"elementor-widget-wrap elementor-element-populated\">\n\t\t\t\t\t\t<div class=\"elementor-element elementor-element-66507c47 elementor-widget elementor-widget-text-editor\" data-id=\"66507c47\" data-element_type=\"widget\" data-e-type=\"widget\" data-widget_type=\"text-editor.default\">\n\t\t\t\t<div class=\"elementor-widget-container\">\n\t\t\t\t\t\t\t\t\t<h2 data-pm-slice=\"1 1 []\">Et le CBD dans tout \u00e7a<\/h2><p>Face \u00e0 ce flou l\u00e9gal autour du <strong>cannabis r\u00e9cr\u00e9atif<\/strong>, c\u2019est le <strong>CBD<\/strong> qui a fini par s\u2019imposer comme <strong>l\u2019alternative l\u00e9gale la plus visible<\/strong> en France. Sans effets psychoactifs, mais issu de la m\u00eame plante que le cannabis classique, le <strong>CBD \u00e0 usage bien-\u00eatre<\/strong> a connu une <strong>ascension fulgurante<\/strong>, \u00e0 la crois\u00e9e des attentes sanitaires, sociales et \u00e9conomiques.<\/p><p>Le <strong>succ\u00e8s du CBD<\/strong> tient d\u2019abord \u00e0 sa capacit\u00e9 \u00e0 <strong>r\u00e9concilier usage et l\u00e9galit\u00e9<\/strong>. En permettant aux <strong>consommateurs de cannabis<\/strong> d\u2019acc\u00e9der \u00e0 un <strong>produit sans THC<\/strong>, sans crainte d\u2019<strong>amende<\/strong>, de <strong>casier<\/strong> ou de <strong>peine de prison<\/strong>, il offre une r\u00e9ponse concr\u00e8te aux limites de la l\u00e9gislation actuelle. De plus, le <strong>cannabidiol<\/strong> s\u2019inscrit dans une approche <strong>sanitaire<\/strong>, <strong>non-stigmatisante<\/strong> et <strong>proactive<\/strong>, en phase avec une demande croissante pour des <strong>solutions naturelles et encadr\u00e9es<\/strong>.<\/p><p>Ce march\u00e9 en plein essor montre aussi qu\u2019un <strong>mod\u00e8le de r\u00e9gulation est possible<\/strong> en France. Des marques comme <strong>Gardenz<\/strong> participent \u00e0 cette transformation en proposant des <strong>produits s\u00fbrs<\/strong>, <strong>tra\u00e7ables<\/strong> et <strong>accessibles<\/strong>, tout en contribuant \u00e0 <strong>informer le public<\/strong> sur les diff\u00e9rences entre <strong>CBD, THC et cannabis r\u00e9cr\u00e9atif<\/strong>.<\/p><p>Mais le <strong>CBD ne peut pas tout r\u00e9gler<\/strong>. Il ne remplacera pas un <strong>d\u00e9bat de fond sur l\u2019usage du cannabis<\/strong> dans notre soci\u00e9t\u00e9, ni les <strong>r\u00e9formes structurelles<\/strong> n\u00e9cessaires pour mettre fin \u00e0 des politiques inefficaces. Il incarne n\u00e9anmoins <strong>un premier pas vers une approche plus pragmatique<\/strong>, plus respectueuse des <strong>usagers<\/strong>, et <strong>plus utile pour la sant\u00e9 publique<\/strong>.<\/p>\t\t\t\t\t\t\t\t<\/div>\n\t\t\t\t<\/div>\n\t\t\t\t\t<\/div>\n\t\t<\/div>\n\t\t\t\t\t<\/div>\n\t\t<\/section>\n\t\t\t\t\t<\/div>\n\t\t<\/div>\n\t\t\t\t\t<\/div>\n\t\t<\/section>\n\t\t\t\t<section class=\"elementor-section elementor-top-section elementor-element elementor-element-94bd545 elementor-section-boxed elementor-section-height-default elementor-section-height-default\" data-id=\"94bd545\" data-element_type=\"section\" data-e-type=\"section\">\n\t\t\t\t\t\t<div class=\"elementor-container elementor-column-gap-default\">\n\t\t\t\t\t<div class=\"elementor-column elementor-col-100 elementor-top-column elementor-element elementor-element-74d44e2\" data-id=\"74d44e2\" data-element_type=\"column\" data-e-type=\"column\">\n\t\t\t<div class=\"elementor-widget-wrap elementor-element-populated\">\n\t\t\t\t\t\t<div class=\"elementor-element elementor-element-6a25143 elementor-widget elementor-widget-menu-anchor\" data-id=\"6a25143\" data-element_type=\"widget\" data-e-type=\"widget\" data-widget_type=\"menu-anchor.default\">\n\t\t\t\t<div class=\"elementor-widget-container\">\n\t\t\t\t\t\t\t<div class=\"elementor-menu-anchor\" id=\"7\"><\/div>\n\t\t\t\t\t\t<\/div>\n\t\t\t\t<\/div>\n\t\t\t\t<div class=\"elementor-element elementor-element-9a3083a elementor-widget elementor-widget-text-editor\" data-id=\"9a3083a\" data-element_type=\"widget\" data-e-type=\"widget\" data-widget_type=\"text-editor.default\">\n\t\t\t\t<div class=\"elementor-widget-container\">\n\t\t\t\t\t\t\t\t\t<h2 data-pm-slice=\"1 1 []\">Conclusion<\/h2><p>La <strong>France<\/strong> reste enferm\u00e9e dans une contradiction inqui\u00e9tante : <strong>l\u2019un des pays o\u00f9 l\u2019on consomme le plus de cannabis<\/strong>, mais aussi <strong>l\u2019un des plus r\u00e9pressifs<\/strong> \u00e0 son \u00e9gard. Cette politique de l\u2019autruche, fond\u00e9e sur la <strong>punition plut\u00f4t que la pr\u00e9vention<\/strong>, n\u2019a pas frein\u00e9 la <strong>consommation de drogues<\/strong>, bien au contraire. Chaque <strong>rapport<\/strong>, chaque <strong>enqu\u00eate<\/strong>, chaque <strong>donn\u00e9e publi\u00e9e par Sant\u00e9 publique France ou l\u2019OFDT<\/strong> vient rappeler l\u2019ampleur du d\u00e9calage entre <strong>la loi et la r\u00e9alit\u00e9 sociale<\/strong>.<\/p><p>Il est temps de sortir de cette <strong>impasse politique<\/strong> pour enfin adopter une approche <strong>fond\u00e9e sur la r\u00e9duction des risques<\/strong>, la <strong>transparence<\/strong>, et la <strong>connaissance des usages<\/strong>. \u00c0 l\u2019heure o\u00f9 de nombreux pays avancent vers la <strong>l\u00e9galisation du cannabis<\/strong>, ou au moins vers une <strong>d\u00e9p\u00e9nalisation intelligente<\/strong>, la France ne peut plus ignorer les <strong>\u00e9vidences sanitaires, sociales et \u00e9conomiques<\/strong>.<\/p><p>Dans cette p\u00e9riode de transition, des acteurs comme <strong>Gardenz<\/strong> ont un r\u00f4le \u00e0 jouer : proposer des <strong>alternatives l\u00e9gales<\/strong>, informer avec rigueur, et <strong>ouvrir le d\u00e9bat<\/strong> sur ce que pourrait \u00eatre une <strong>politique plus coh\u00e9rente, plus humaine et plus efficace<\/strong> en mati\u00e8re de <strong>cannabis en France<\/strong>.<\/p>\t\t\t\t\t\t\t\t<\/div>\n\t\t\t\t<\/div>\n\t\t\t\t\t<\/div>\n\t\t<\/div>\n\t\t\t\t\t<\/div>\n\t\t<\/section>\n\t\t\t\t<\/div>\n\t\t","protected":false},"excerpt":{"rendered":"<p>Comment expliquer que la France, si stricte face au cannabis, en soit aussi l\u2019une des plus grandes consommatrices en Europe ? Ce paradoxe alimente les d\u00e9bats depuis des ann\u00e9es, entre politiques publiques rigides, usage massif chez les jeunes et explosion du march\u00e9 noir. Derri\u00e8re les chiffres, c\u2019est tout un syst\u00e8me qui interroge : et si [&hellip;]<\/p>\n","protected":false},"author":18,"featured_media":18525,"comment_status":"closed","ping_status":"closed","sticky":false,"template":"","format":"standard","meta":{"site-sidebar-layout":"default","site-content-layout":"","ast-site-content-layout":"default","site-content-style":"default","site-sidebar-style":"default","ast-global-header-display":"","ast-banner-title-visibility":"","ast-main-header-display":"","ast-hfb-above-header-display":"","ast-hfb-below-header-display":"","ast-hfb-mobile-header-display":"","site-post-title":"","ast-breadcrumbs-content":"","ast-featured-img":"","footer-sml-layout":"","ast-disable-related-posts":"","theme-transparent-header-meta":"","adv-header-id-meta":"","stick-header-meta":"","header-above-stick-meta":"","header-main-stick-meta":"","header-below-stick-meta":"","astra-migrate-meta-layouts":"default","ast-page-background-enabled":"default","ast-page-background-meta":{"desktop":{"background-color":"var(--ast-global-color-4)","background-image":"","background-repeat":"repeat","background-position":"center center","background-size":"auto","background-attachment":"scroll","background-type":"","background-media":"","overlay-type":"","overlay-color":"","overlay-opacity":"","overlay-gradient":""},"tablet":{"background-color":"","background-image":"","background-repeat":"repeat","background-position":"center center","background-size":"auto","background-attachment":"scroll","background-type":"","background-media":"","overlay-type":"","overlay-color":"","overlay-opacity":"","overlay-gradient":""},"mobile":{"background-color":"","background-image":"","background-repeat":"repeat","background-position":"center center","background-size":"auto","background-attachment":"scroll","background-type":"","background-media":"","overlay-type":"","overlay-color":"","overlay-opacity":"","overlay-gradient":""}},"ast-content-background-meta":{"desktop":{"background-color":"var(--ast-global-color-5)","background-image":"","background-repeat":"repeat","background-position":"center center","background-size":"auto","background-attachment":"scroll","background-type":"","background-media":"","overlay-type":"","overlay-color":"","overlay-opacity":"","overlay-gradient":""},"tablet":{"background-color":"var(--ast-global-color-5)","background-image":"","background-repeat":"repeat","background-position":"center center","background-size":"auto","background-attachment":"scroll","background-type":"","background-media":"","overlay-type":"","overlay-color":"","overlay-opacity":"","overlay-gradient":""},"mobile":{"background-color":"var(--ast-global-color-5)","background-image":"","background-repeat":"repeat","background-position":"center center","background-size":"auto","background-attachment":"scroll","background-type":"","background-media":"","overlay-type":"","overlay-color":"","overlay-opacity":"","overlay-gradient":""}},"footnotes":""},"categories":[1,23],"tags":[],"class_list":["post-18510","post","type-post","status-publish","format-standard","has-post-thumbnail","hentry","category-non-classe","category-infos"],"yoast_head":"<!-- This site is optimized with the Yoast SEO plugin v27.5 - https:\/\/yoast.com\/product\/yoast-seo-wordpress\/ -->\n<title>Pourquoi la France est le plus gros consommateur de cannabis ? - Le Blog de Gardenz<\/title>\n<meta name=\"robots\" content=\"index, follow, max-snippet:-1, max-image-preview:large, max-video-preview:-1\" \/>\n<link rel=\"canonical\" href=\"https:\/\/www.gardenz.fr\/news\/2025\/06\/17\/pourquoi-la-france-est-le-plus-gros-consommateur-de-cannabis\/\" \/>\n<meta property=\"og:locale\" content=\"fr_FR\" \/>\n<meta property=\"og:type\" content=\"article\" \/>\n<meta property=\"og:title\" content=\"Pourquoi la France est le plus gros consommateur de cannabis ? - Le Blog de Gardenz\" \/>\n<meta property=\"og:description\" content=\"Comment expliquer que la France, si stricte face au cannabis, en soit aussi l\u2019une des plus grandes consommatrices en Europe ? Ce paradoxe alimente les d\u00e9bats depuis des ann\u00e9es, entre politiques publiques rigides, usage massif chez les jeunes et explosion du march\u00e9 noir. Derri\u00e8re les chiffres, c\u2019est tout un syst\u00e8me qui interroge : et si [&hellip;]\" \/>\n<meta property=\"og:url\" content=\"https:\/\/www.gardenz.fr\/news\/2025\/06\/17\/pourquoi-la-france-est-le-plus-gros-consommateur-de-cannabis\/\" \/>\n<meta property=\"og:site_name\" content=\"Le Blog de Gardenz\" \/>\n<meta property=\"article:published_time\" content=\"2025-06-17T16:09:06+00:00\" \/>\n<meta property=\"article:modified_time\" content=\"2025-07-21T13:20:21+00:00\" \/>\n<meta property=\"og:image\" content=\"https:\/\/www.gardenz.fr\/news\/wp-content\/uploads\/2025\/06\/Titre-_1_.webp\" \/>\n\t<meta property=\"og:image:width\" content=\"1024\" \/>\n\t<meta property=\"og:image:height\" content=\"337\" \/>\n\t<meta property=\"og:image:type\" content=\"image\/webp\" \/>\n<meta name=\"author\" content=\"Idan Melicio\" \/>\n<meta name=\"twitter:card\" content=\"summary_large_image\" \/>\n<meta name=\"twitter:label1\" content=\"\u00c9crit par\" \/>\n\t<meta name=\"twitter:data1\" content=\"Idan Melicio\" \/>\n\t<meta name=\"twitter:label2\" content=\"Dur\u00e9e de lecture estim\u00e9e\" \/>\n\t<meta name=\"twitter:data2\" content=\"11 minutes\" \/>\n<script type=\"application\/ld+json\" class=\"yoast-schema-graph\">{\"@context\":\"https:\\\/\\\/schema.org\",\"@graph\":[{\"@type\":\"Article\",\"@id\":\"https:\\\/\\\/www.gardenz.fr\\\/news\\\/2025\\\/06\\\/17\\\/pourquoi-la-france-est-le-plus-gros-consommateur-de-cannabis\\\/#article\",\"isPartOf\":{\"@id\":\"https:\\\/\\\/www.gardenz.fr\\\/news\\\/2025\\\/06\\\/17\\\/pourquoi-la-france-est-le-plus-gros-consommateur-de-cannabis\\\/\"},\"author\":{\"name\":\"Idan Melicio\",\"@id\":\"https:\\\/\\\/www.gardenz.fr\\\/news\\\/#\\\/schema\\\/person\\\/4c29b13eadec7d3b7f81d3dc8253aa72\"},\"headline\":\"Pourquoi la France est le plus gros consommateur de cannabis ?\",\"datePublished\":\"2025-06-17T16:09:06+00:00\",\"dateModified\":\"2025-07-21T13:20:21+00:00\",\"mainEntityOfPage\":{\"@id\":\"https:\\\/\\\/www.gardenz.fr\\\/news\\\/2025\\\/06\\\/17\\\/pourquoi-la-france-est-le-plus-gros-consommateur-de-cannabis\\\/\"},\"wordCount\":2055,\"publisher\":{\"@id\":\"https:\\\/\\\/www.gardenz.fr\\\/news\\\/#organization\"},\"image\":{\"@id\":\"https:\\\/\\\/www.gardenz.fr\\\/news\\\/2025\\\/06\\\/17\\\/pourquoi-la-france-est-le-plus-gros-consommateur-de-cannabis\\\/#primaryimage\"},\"thumbnailUrl\":\"https:\\\/\\\/www.gardenz.fr\\\/news\\\/wp-content\\\/uploads\\\/2025\\\/06\\\/Titre-_1_.webp\",\"articleSection\":[\"GENERAL\",\"INFOS WEED\"],\"inLanguage\":\"fr-FR\"},{\"@type\":\"WebPage\",\"@id\":\"https:\\\/\\\/www.gardenz.fr\\\/news\\\/2025\\\/06\\\/17\\\/pourquoi-la-france-est-le-plus-gros-consommateur-de-cannabis\\\/\",\"url\":\"https:\\\/\\\/www.gardenz.fr\\\/news\\\/2025\\\/06\\\/17\\\/pourquoi-la-france-est-le-plus-gros-consommateur-de-cannabis\\\/\",\"name\":\"Pourquoi la France est le plus gros consommateur de cannabis ? - Le Blog de Gardenz\",\"isPartOf\":{\"@id\":\"https:\\\/\\\/www.gardenz.fr\\\/news\\\/#website\"},\"primaryImageOfPage\":{\"@id\":\"https:\\\/\\\/www.gardenz.fr\\\/news\\\/2025\\\/06\\\/17\\\/pourquoi-la-france-est-le-plus-gros-consommateur-de-cannabis\\\/#primaryimage\"},\"image\":{\"@id\":\"https:\\\/\\\/www.gardenz.fr\\\/news\\\/2025\\\/06\\\/17\\\/pourquoi-la-france-est-le-plus-gros-consommateur-de-cannabis\\\/#primaryimage\"},\"thumbnailUrl\":\"https:\\\/\\\/www.gardenz.fr\\\/news\\\/wp-content\\\/uploads\\\/2025\\\/06\\\/Titre-_1_.webp\",\"datePublished\":\"2025-06-17T16:09:06+00:00\",\"dateModified\":\"2025-07-21T13:20:21+00:00\",\"breadcrumb\":{\"@id\":\"https:\\\/\\\/www.gardenz.fr\\\/news\\\/2025\\\/06\\\/17\\\/pourquoi-la-france-est-le-plus-gros-consommateur-de-cannabis\\\/#breadcrumb\"},\"inLanguage\":\"fr-FR\",\"potentialAction\":[{\"@type\":\"ReadAction\",\"target\":[\"https:\\\/\\\/www.gardenz.fr\\\/news\\\/2025\\\/06\\\/17\\\/pourquoi-la-france-est-le-plus-gros-consommateur-de-cannabis\\\/\"]}]},{\"@type\":\"ImageObject\",\"inLanguage\":\"fr-FR\",\"@id\":\"https:\\\/\\\/www.gardenz.fr\\\/news\\\/2025\\\/06\\\/17\\\/pourquoi-la-france-est-le-plus-gros-consommateur-de-cannabis\\\/#primaryimage\",\"url\":\"https:\\\/\\\/www.gardenz.fr\\\/news\\\/wp-content\\\/uploads\\\/2025\\\/06\\\/Titre-_1_.webp\",\"contentUrl\":\"https:\\\/\\\/www.gardenz.fr\\\/news\\\/wp-content\\\/uploads\\\/2025\\\/06\\\/Titre-_1_.webp\",\"width\":1024,\"height\":337,\"caption\":\"France consommation cannabis\"},{\"@type\":\"BreadcrumbList\",\"@id\":\"https:\\\/\\\/www.gardenz.fr\\\/news\\\/2025\\\/06\\\/17\\\/pourquoi-la-france-est-le-plus-gros-consommateur-de-cannabis\\\/#breadcrumb\",\"itemListElement\":[{\"@type\":\"ListItem\",\"position\":1,\"name\":\"Accueil\",\"item\":\"https:\\\/\\\/www.gardenz.fr\\\/news\\\/\"},{\"@type\":\"ListItem\",\"position\":2,\"name\":\"Pourquoi la France est le plus gros consommateur de cannabis ?\"}]},{\"@type\":\"WebSite\",\"@id\":\"https:\\\/\\\/www.gardenz.fr\\\/news\\\/#website\",\"url\":\"https:\\\/\\\/www.gardenz.fr\\\/news\\\/\",\"name\":\"Le Blog de Gardenz\",\"description\":\"Best quality CBD\",\"publisher\":{\"@id\":\"https:\\\/\\\/www.gardenz.fr\\\/news\\\/#organization\"},\"potentialAction\":[{\"@type\":\"SearchAction\",\"target\":{\"@type\":\"EntryPoint\",\"urlTemplate\":\"https:\\\/\\\/www.gardenz.fr\\\/news\\\/?s={search_term_string}\"},\"query-input\":{\"@type\":\"PropertyValueSpecification\",\"valueRequired\":true,\"valueName\":\"search_term_string\"}}],\"inLanguage\":\"fr-FR\"},{\"@type\":\"Organization\",\"@id\":\"https:\\\/\\\/www.gardenz.fr\\\/news\\\/#organization\",\"name\":\"Le Blog de Gardenz\",\"url\":\"https:\\\/\\\/www.gardenz.fr\\\/news\\\/\",\"logo\":{\"@type\":\"ImageObject\",\"inLanguage\":\"fr-FR\",\"@id\":\"https:\\\/\\\/www.gardenz.fr\\\/news\\\/#\\\/schema\\\/logo\\\/image\\\/\",\"url\":\"https:\\\/\\\/www.gardenz.fr\\\/news\\\/wp-content\\\/uploads\\\/2022\\\/06\\\/logo-gardenz-feuille-blanc-final.png\",\"contentUrl\":\"https:\\\/\\\/www.gardenz.fr\\\/news\\\/wp-content\\\/uploads\\\/2022\\\/06\\\/logo-gardenz-feuille-blanc-final.png\",\"width\":459,\"height\":200,\"caption\":\"Le Blog de Gardenz\"},\"image\":{\"@id\":\"https:\\\/\\\/www.gardenz.fr\\\/news\\\/#\\\/schema\\\/logo\\\/image\\\/\"}},{\"@type\":\"Person\",\"@id\":\"https:\\\/\\\/www.gardenz.fr\\\/news\\\/#\\\/schema\\\/person\\\/4c29b13eadec7d3b7f81d3dc8253aa72\",\"name\":\"Idan Melicio\",\"image\":{\"@type\":\"ImageObject\",\"inLanguage\":\"fr-FR\",\"@id\":\"https:\\\/\\\/secure.gravatar.com\\\/avatar\\\/a4fed9bf268062e3c5884e1b9288f4a54517dd9041d8c562678849f7f1c1eb43?s=96&d=mm&r=g\",\"url\":\"https:\\\/\\\/secure.gravatar.com\\\/avatar\\\/a4fed9bf268062e3c5884e1b9288f4a54517dd9041d8c562678849f7f1c1eb43?s=96&d=mm&r=g\",\"contentUrl\":\"https:\\\/\\\/secure.gravatar.com\\\/avatar\\\/a4fed9bf268062e3c5884e1b9288f4a54517dd9041d8c562678849f7f1c1eb43?s=96&d=mm&r=g\",\"caption\":\"Idan Melicio\"},\"url\":\"https:\\\/\\\/www.gardenz.fr\\\/news\\\/author\\\/idan-milecio\\\/\"}]}<\/script>\n<!-- \/ Yoast SEO plugin. -->","yoast_head_json":{"title":"Pourquoi la France est le plus gros consommateur de cannabis ? - Le Blog de Gardenz","robots":{"index":"index","follow":"follow","max-snippet":"max-snippet:-1","max-image-preview":"max-image-preview:large","max-video-preview":"max-video-preview:-1"},"canonical":"https:\/\/www.gardenz.fr\/news\/2025\/06\/17\/pourquoi-la-france-est-le-plus-gros-consommateur-de-cannabis\/","og_locale":"fr_FR","og_type":"article","og_title":"Pourquoi la France est le plus gros consommateur de cannabis ? - Le Blog de Gardenz","og_description":"Comment expliquer que la France, si stricte face au cannabis, en soit aussi l\u2019une des plus grandes consommatrices en Europe ? Ce paradoxe alimente les d\u00e9bats depuis des ann\u00e9es, entre politiques publiques rigides, usage massif chez les jeunes et explosion du march\u00e9 noir. Derri\u00e8re les chiffres, c\u2019est tout un syst\u00e8me qui interroge : et si [&hellip;]","og_url":"https:\/\/www.gardenz.fr\/news\/2025\/06\/17\/pourquoi-la-france-est-le-plus-gros-consommateur-de-cannabis\/","og_site_name":"Le Blog de Gardenz","article_published_time":"2025-06-17T16:09:06+00:00","article_modified_time":"2025-07-21T13:20:21+00:00","og_image":[{"width":1024,"height":337,"url":"https:\/\/www.gardenz.fr\/news\/wp-content\/uploads\/2025\/06\/Titre-_1_.webp","type":"image\/webp"}],"author":"Idan Melicio","twitter_card":"summary_large_image","twitter_misc":{"\u00c9crit par":"Idan Melicio","Dur\u00e9e de lecture estim\u00e9e":"11 minutes"},"schema":{"@context":"https:\/\/schema.org","@graph":[{"@type":"Article","@id":"https:\/\/www.gardenz.fr\/news\/2025\/06\/17\/pourquoi-la-france-est-le-plus-gros-consommateur-de-cannabis\/#article","isPartOf":{"@id":"https:\/\/www.gardenz.fr\/news\/2025\/06\/17\/pourquoi-la-france-est-le-plus-gros-consommateur-de-cannabis\/"},"author":{"name":"Idan Melicio","@id":"https:\/\/www.gardenz.fr\/news\/#\/schema\/person\/4c29b13eadec7d3b7f81d3dc8253aa72"},"headline":"Pourquoi la France est le plus gros consommateur de cannabis ?","datePublished":"2025-06-17T16:09:06+00:00","dateModified":"2025-07-21T13:20:21+00:00","mainEntityOfPage":{"@id":"https:\/\/www.gardenz.fr\/news\/2025\/06\/17\/pourquoi-la-france-est-le-plus-gros-consommateur-de-cannabis\/"},"wordCount":2055,"publisher":{"@id":"https:\/\/www.gardenz.fr\/news\/#organization"},"image":{"@id":"https:\/\/www.gardenz.fr\/news\/2025\/06\/17\/pourquoi-la-france-est-le-plus-gros-consommateur-de-cannabis\/#primaryimage"},"thumbnailUrl":"https:\/\/www.gardenz.fr\/news\/wp-content\/uploads\/2025\/06\/Titre-_1_.webp","articleSection":["GENERAL","INFOS WEED"],"inLanguage":"fr-FR"},{"@type":"WebPage","@id":"https:\/\/www.gardenz.fr\/news\/2025\/06\/17\/pourquoi-la-france-est-le-plus-gros-consommateur-de-cannabis\/","url":"https:\/\/www.gardenz.fr\/news\/2025\/06\/17\/pourquoi-la-france-est-le-plus-gros-consommateur-de-cannabis\/","name":"Pourquoi la France est le plus gros consommateur de cannabis ? - Le Blog de Gardenz","isPartOf":{"@id":"https:\/\/www.gardenz.fr\/news\/#website"},"primaryImageOfPage":{"@id":"https:\/\/www.gardenz.fr\/news\/2025\/06\/17\/pourquoi-la-france-est-le-plus-gros-consommateur-de-cannabis\/#primaryimage"},"image":{"@id":"https:\/\/www.gardenz.fr\/news\/2025\/06\/17\/pourquoi-la-france-est-le-plus-gros-consommateur-de-cannabis\/#primaryimage"},"thumbnailUrl":"https:\/\/www.gardenz.fr\/news\/wp-content\/uploads\/2025\/06\/Titre-_1_.webp","datePublished":"2025-06-17T16:09:06+00:00","dateModified":"2025-07-21T13:20:21+00:00","breadcrumb":{"@id":"https:\/\/www.gardenz.fr\/news\/2025\/06\/17\/pourquoi-la-france-est-le-plus-gros-consommateur-de-cannabis\/#breadcrumb"},"inLanguage":"fr-FR","potentialAction":[{"@type":"ReadAction","target":["https:\/\/www.gardenz.fr\/news\/2025\/06\/17\/pourquoi-la-france-est-le-plus-gros-consommateur-de-cannabis\/"]}]},{"@type":"ImageObject","inLanguage":"fr-FR","@id":"https:\/\/www.gardenz.fr\/news\/2025\/06\/17\/pourquoi-la-france-est-le-plus-gros-consommateur-de-cannabis\/#primaryimage","url":"https:\/\/www.gardenz.fr\/news\/wp-content\/uploads\/2025\/06\/Titre-_1_.webp","contentUrl":"https:\/\/www.gardenz.fr\/news\/wp-content\/uploads\/2025\/06\/Titre-_1_.webp","width":1024,"height":337,"caption":"France consommation cannabis"},{"@type":"BreadcrumbList","@id":"https:\/\/www.gardenz.fr\/news\/2025\/06\/17\/pourquoi-la-france-est-le-plus-gros-consommateur-de-cannabis\/#breadcrumb","itemListElement":[{"@type":"ListItem","position":1,"name":"Accueil","item":"https:\/\/www.gardenz.fr\/news\/"},{"@type":"ListItem","position":2,"name":"Pourquoi la France est le plus gros consommateur de cannabis ?"}]},{"@type":"WebSite","@id":"https:\/\/www.gardenz.fr\/news\/#website","url":"https:\/\/www.gardenz.fr\/news\/","name":"Le Blog de Gardenz","description":"Best quality CBD","publisher":{"@id":"https:\/\/www.gardenz.fr\/news\/#organization"},"potentialAction":[{"@type":"SearchAction","target":{"@type":"EntryPoint","urlTemplate":"https:\/\/www.gardenz.fr\/news\/?s={search_term_string}"},"query-input":{"@type":"PropertyValueSpecification","valueRequired":true,"valueName":"search_term_string"}}],"inLanguage":"fr-FR"},{"@type":"Organization","@id":"https:\/\/www.gardenz.fr\/news\/#organization","name":"Le Blog de Gardenz","url":"https:\/\/www.gardenz.fr\/news\/","logo":{"@type":"ImageObject","inLanguage":"fr-FR","@id":"https:\/\/www.gardenz.fr\/news\/#\/schema\/logo\/image\/","url":"https:\/\/www.gardenz.fr\/news\/wp-content\/uploads\/2022\/06\/logo-gardenz-feuille-blanc-final.png","contentUrl":"https:\/\/www.gardenz.fr\/news\/wp-content\/uploads\/2022\/06\/logo-gardenz-feuille-blanc-final.png","width":459,"height":200,"caption":"Le Blog de Gardenz"},"image":{"@id":"https:\/\/www.gardenz.fr\/news\/#\/schema\/logo\/image\/"}},{"@type":"Person","@id":"https:\/\/www.gardenz.fr\/news\/#\/schema\/person\/4c29b13eadec7d3b7f81d3dc8253aa72","name":"Idan Melicio","image":{"@type":"ImageObject","inLanguage":"fr-FR","@id":"https:\/\/secure.gravatar.com\/avatar\/a4fed9bf268062e3c5884e1b9288f4a54517dd9041d8c562678849f7f1c1eb43?s=96&d=mm&r=g","url":"https:\/\/secure.gravatar.com\/avatar\/a4fed9bf268062e3c5884e1b9288f4a54517dd9041d8c562678849f7f1c1eb43?s=96&d=mm&r=g","contentUrl":"https:\/\/secure.gravatar.com\/avatar\/a4fed9bf268062e3c5884e1b9288f4a54517dd9041d8c562678849f7f1c1eb43?s=96&d=mm&r=g","caption":"Idan Melicio"},"url":"https:\/\/www.gardenz.fr\/news\/author\/idan-milecio\/"}]}},"_links":{"self":[{"href":"https:\/\/www.gardenz.fr\/news\/wp-json\/wp\/v2\/posts\/18510","targetHints":{"allow":["GET"]}}],"collection":[{"href":"https:\/\/www.gardenz.fr\/news\/wp-json\/wp\/v2\/posts"}],"about":[{"href":"https:\/\/www.gardenz.fr\/news\/wp-json\/wp\/v2\/types\/post"}],"author":[{"embeddable":true,"href":"https:\/\/www.gardenz.fr\/news\/wp-json\/wp\/v2\/users\/18"}],"replies":[{"embeddable":true,"href":"https:\/\/www.gardenz.fr\/news\/wp-json\/wp\/v2\/comments?post=18510"}],"version-history":[{"count":14,"href":"https:\/\/www.gardenz.fr\/news\/wp-json\/wp\/v2\/posts\/18510\/revisions"}],"predecessor-version":[{"id":18649,"href":"https:\/\/www.gardenz.fr\/news\/wp-json\/wp\/v2\/posts\/18510\/revisions\/18649"}],"wp:featuredmedia":[{"embeddable":true,"href":"https:\/\/www.gardenz.fr\/news\/wp-json\/wp\/v2\/media\/18525"}],"wp:attachment":[{"href":"https:\/\/www.gardenz.fr\/news\/wp-json\/wp\/v2\/media?parent=18510"}],"wp:term":[{"taxonomy":"category","embeddable":true,"href":"https:\/\/www.gardenz.fr\/news\/wp-json\/wp\/v2\/categories?post=18510"},{"taxonomy":"post_tag","embeddable":true,"href":"https:\/\/www.gardenz.fr\/news\/wp-json\/wp\/v2\/tags?post=18510"}],"curies":[{"name":"wp","href":"https:\/\/api.w.org\/{rel}","templated":true}]}}