{"id":20218,"date":"2025-08-05T18:01:54","date_gmt":"2025-08-05T16:01:54","guid":{"rendered":"https:\/\/www.gardenz.fr\/news\/?p=20218"},"modified":"2026-02-19T14:40:36","modified_gmt":"2026-02-19T13:40:36","slug":"alzheimer-cbd","status":"publish","type":"post","link":"https:\/\/www.gardenz.fr\/news\/2025\/08\/05\/alzheimer-cbd\/","title":{"rendered":"Le CBD face \u00e0 la maladie d\u2019Alzheimer et Parkinson : un espoir th\u00e9rapeutique en pleine \u00e9closion"},"content":{"rendered":"\t\t<div data-elementor-type=\"wp-post\" data-elementor-id=\"20218\" class=\"elementor elementor-20218\">\n\t\t\t\t\t\t<section class=\"elementor-section elementor-top-section elementor-element elementor-element-1dacda52 elementor-section-boxed elementor-section-height-default elementor-section-height-default\" data-id=\"1dacda52\" data-element_type=\"section\" data-e-type=\"section\">\n\t\t\t\t\t\t<div class=\"elementor-container elementor-column-gap-default\">\n\t\t\t\t\t<div class=\"elementor-column elementor-col-100 elementor-top-column elementor-element elementor-element-50e44ecc\" data-id=\"50e44ecc\" data-element_type=\"column\" data-e-type=\"column\">\n\t\t\t<div class=\"elementor-widget-wrap elementor-element-populated\">\n\t\t\t\t\t\t<div class=\"elementor-element elementor-element-2f88780b elementor-widget-divider--view-line elementor-widget elementor-widget-divider\" data-id=\"2f88780b\" data-element_type=\"widget\" data-e-type=\"widget\" data-widget_type=\"divider.default\">\n\t\t\t\t<div class=\"elementor-widget-container\">\n\t\t\t\t\t\t\t<div class=\"elementor-divider\">\n\t\t\t<span class=\"elementor-divider-separator\">\n\t\t\t\t\t\t<\/span>\n\t\t<\/div>\n\t\t\t\t\t\t<\/div>\n\t\t\t\t<\/div>\n\t\t\t\t<div class=\"elementor-element elementor-element-6f499f37 elementor-widget elementor-widget-spacer\" data-id=\"6f499f37\" data-element_type=\"widget\" data-e-type=\"widget\" data-widget_type=\"spacer.default\">\n\t\t\t\t<div class=\"elementor-widget-container\">\n\t\t\t\t\t\t\t<div class=\"elementor-spacer\">\n\t\t\t<div class=\"elementor-spacer-inner\"><\/div>\n\t\t<\/div>\n\t\t\t\t\t\t<\/div>\n\t\t\t\t<\/div>\n\t\t\t\t<div class=\"elementor-element elementor-element-6beab0a1 elementor-widget elementor-widget-text-editor\" data-id=\"6beab0a1\" data-element_type=\"widget\" data-e-type=\"widget\" data-widget_type=\"text-editor.default\">\n\t\t\t\t<div class=\"elementor-widget-container\">\n\t\t\t\t\t\t\t\t\t<p data-pm-slice=\"1 1 []\">Face \u00e0 des maladies comme <strong>Alzheimer<\/strong> ou <strong>Parkinson<\/strong>, qui continuent de <strong>provoquer<\/strong> un <strong>d\u00e9clin cognitif<\/strong> progressif et une profonde d\u00e9tresse chez les <strong>patients<\/strong> et leurs proches, la science explore de nouvelles pistes. Parmi elles, le <strong>CBD<\/strong>, un <strong>cannabino\u00efde<\/strong> issu du <strong>cannabis<\/strong>, attire l\u2019attention des <strong>chercheurs<\/strong> pour ses <strong>propri\u00e9t\u00e9s naturelles<\/strong>. Et si ce <strong>compos\u00e9 v\u00e9g\u00e9tal<\/strong> pouvait vraiment <strong>aider<\/strong> \u00e0 <strong>r\u00e9duire certains sympt\u00f4mes<\/strong>, voire \u00e0 <strong>ralentir<\/strong> la <strong>progression de la maladie d&rsquo;Alzheimer<\/strong> ? Zoom sur une <strong>recherche prometteuse<\/strong>, entre <strong>esp\u00e9rance m\u00e9dicale<\/strong> et <strong>alternative th\u00e9rapeutique<\/strong>.<\/p><div class=\"elementor-element elementor-element-9d72de8 elementor-widget elementor-widget-text-editor\" data-id=\"9d72de8\" data-element_type=\"widget\" data-widget_type=\"text-editor.default\"><div class=\"elementor-widget-container\"><p>Bienvenue dans le <strong>Gardenz<\/strong>, encore une fois vous \u00eates en bonne compagnie !<\/p><\/div><\/div>\t\t\t\t\t\t\t\t<\/div>\n\t\t\t\t<\/div>\n\t\t\t\t<div class=\"elementor-element elementor-element-314ddf98 elementor-widget-divider--view-line elementor-widget elementor-widget-divider\" data-id=\"314ddf98\" data-element_type=\"widget\" data-e-type=\"widget\" data-widget_type=\"divider.default\">\n\t\t\t\t<div class=\"elementor-widget-container\">\n\t\t\t\t\t\t\t<div class=\"elementor-divider\">\n\t\t\t<span class=\"elementor-divider-separator\">\n\t\t\t\t\t\t<\/span>\n\t\t<\/div>\n\t\t\t\t\t\t<\/div>\n\t\t\t\t<\/div>\n\t\t\t\t\t<\/div>\n\t\t<\/div>\n\t\t\t\t\t<\/div>\n\t\t<\/section>\n\t\t\t\t<section class=\"elementor-section elementor-top-section elementor-element elementor-element-61d74462 elementor-section-boxed elementor-section-height-default elementor-section-height-default\" data-id=\"61d74462\" data-element_type=\"section\" data-e-type=\"section\">\n\t\t\t\t\t\t<div class=\"elementor-container elementor-column-gap-default\">\n\t\t\t\t\t<div class=\"elementor-column elementor-col-100 elementor-top-column elementor-element elementor-element-32af3256\" data-id=\"32af3256\" data-element_type=\"column\" data-e-type=\"column\">\n\t\t\t<div class=\"elementor-widget-wrap elementor-element-populated\">\n\t\t\t\t\t\t<div class=\"elementor-element elementor-element-672feb50 elementor-widget elementor-widget-text-editor\" data-id=\"672feb50\" data-element_type=\"widget\" data-e-type=\"widget\" data-widget_type=\"text-editor.default\">\n\t\t\t\t<div class=\"elementor-widget-container\">\n\t\t\t\t\t\t\t\t\t<h3><b>SOMMAIRE :\u00a0<\/b><b style=\"color: var( --e-global-color-text ); font-family: var( --e-global-typography-text-font-family ), Sans-serif; background-color: var(--ast-global-color-5); font-size: 1rem;\">\u00a0<\/b><\/h3>\t\t\t\t\t\t\t\t<\/div>\n\t\t\t\t<\/div>\n\t\t\t\t<div class=\"elementor-element elementor-element-22b1ee45 elementor-widget elementor-widget-heading\" data-id=\"22b1ee45\" data-element_type=\"widget\" data-e-type=\"widget\" data-widget_type=\"heading.default\">\n\t\t\t\t<div class=\"elementor-widget-container\">\n\t\t\t\t\t<h4 class=\"elementor-heading-title elementor-size-default\"><a href=\"#1\">Comprendre les maladies neurod\u00e9g\u00e9n\u00e9ratives<\/a><\/h4>\t\t\t\t<\/div>\n\t\t\t\t<\/div>\n\t\t\t\t<div class=\"elementor-element elementor-element-1a6b7adb elementor-widget elementor-widget-heading\" data-id=\"1a6b7adb\" data-element_type=\"widget\" data-e-type=\"widget\" data-widget_type=\"heading.default\">\n\t\t\t\t<div class=\"elementor-widget-container\">\n\t\t\t\t\t<h4 class=\"elementor-heading-title elementor-size-default\"><a href=\"#2\">Comment le CBD agit-il sur le cerveau ?<\/a><\/h4>\t\t\t\t<\/div>\n\t\t\t\t<\/div>\n\t\t\t\t<div class=\"elementor-element elementor-element-2edc2229 elementor-widget elementor-widget-heading\" data-id=\"2edc2229\" data-element_type=\"widget\" data-e-type=\"widget\" data-widget_type=\"heading.default\">\n\t\t\t\t<div class=\"elementor-widget-container\">\n\t\t\t\t\t<h4 class=\"elementor-heading-title elementor-size-default\"><a href=\"#3\">CBD et Alzheimer : les r\u00e9sultats les plus marquants de la recherche<\/a><\/h4>\t\t\t\t<\/div>\n\t\t\t\t<\/div>\n\t\t\t\t<div class=\"elementor-element elementor-element-52bc5caf elementor-widget elementor-widget-heading\" data-id=\"52bc5caf\" data-element_type=\"widget\" data-e-type=\"widget\" data-widget_type=\"heading.default\">\n\t\t\t\t<div class=\"elementor-widget-container\">\n\t\t\t\t\t<h4 class=\"elementor-heading-title elementor-size-default\"><a href=\"#4\">CBD et maladie de Parkinson : un soutien naturel face aux sympt\u00f4mes<\/a><\/h4>\t\t\t\t<\/div>\n\t\t\t\t<\/div>\n\t\t\t\t<div class=\"elementor-element elementor-element-34096bb2 elementor-widget elementor-widget-heading\" data-id=\"34096bb2\" data-element_type=\"widget\" data-e-type=\"widget\" data-widget_type=\"heading.default\">\n\t\t\t\t<div class=\"elementor-widget-container\">\n\t\t\t\t\t<h4 class=\"elementor-heading-title elementor-size-default\"><a href=\"#5\">Le CBD, une alternative prometteuse\u2026 mais encore encadr\u00e9e<\/a><\/h4>\t\t\t\t<\/div>\n\t\t\t\t<\/div>\n\t\t\t\t<div class=\"elementor-element elementor-element-200b934a elementor-widget elementor-widget-heading\" data-id=\"200b934a\" data-element_type=\"widget\" data-e-type=\"widget\" data-widget_type=\"heading.default\">\n\t\t\t\t<div class=\"elementor-widget-container\">\n\t\t\t\t\t<h4 class=\"elementor-heading-title elementor-size-default\"><a href=\"#6\">Un futur \u00e0 explorer : quand le naturel rejoint la science<\/a><\/h4>\t\t\t\t<\/div>\n\t\t\t\t<\/div>\n\t\t\t\t<div class=\"elementor-element elementor-element-3c7e5c78 elementor-widget elementor-widget-heading\" data-id=\"3c7e5c78\" data-element_type=\"widget\" data-e-type=\"widget\" data-widget_type=\"heading.default\">\n\t\t\t\t<div class=\"elementor-widget-container\">\n\t\t\t\t\t<h4 class=\"elementor-heading-title elementor-size-default\"><a href=\"#7\">FAQ \u2013 CBD et maladies neurod\u00e9g\u00e9n\u00e9ratives<\/a><\/h4>\t\t\t\t<\/div>\n\t\t\t\t<\/div>\n\t\t\t\t\t<\/div>\n\t\t<\/div>\n\t\t\t\t\t<\/div>\n\t\t<\/section>\n\t\t\t\t<section class=\"elementor-section elementor-top-section elementor-element elementor-element-774d8cfb elementor-section-boxed elementor-section-height-default elementor-section-height-default\" data-id=\"774d8cfb\" data-element_type=\"section\" data-e-type=\"section\">\n\t\t\t\t\t\t<div class=\"elementor-container elementor-column-gap-default\">\n\t\t\t\t\t<div class=\"elementor-column elementor-col-100 elementor-top-column elementor-element elementor-element-4fe2779a\" data-id=\"4fe2779a\" data-element_type=\"column\" data-e-type=\"column\">\n\t\t\t<div class=\"elementor-widget-wrap elementor-element-populated\">\n\t\t\t\t\t\t<div class=\"elementor-element elementor-element-532eb7b6 elementor-widget elementor-widget-spacer\" data-id=\"532eb7b6\" data-element_type=\"widget\" data-e-type=\"widget\" data-widget_type=\"spacer.default\">\n\t\t\t\t<div class=\"elementor-widget-container\">\n\t\t\t\t\t\t\t<div class=\"elementor-spacer\">\n\t\t\t<div class=\"elementor-spacer-inner\"><\/div>\n\t\t<\/div>\n\t\t\t\t\t\t<\/div>\n\t\t\t\t<\/div>\n\t\t\t\t<div class=\"elementor-element elementor-element-4e4be36 elementor-widget elementor-widget-menu-anchor\" data-id=\"4e4be36\" data-element_type=\"widget\" data-e-type=\"widget\" data-widget_type=\"menu-anchor.default\">\n\t\t\t\t<div class=\"elementor-widget-container\">\n\t\t\t\t\t\t\t<div class=\"elementor-menu-anchor\" id=\"1\"><\/div>\n\t\t\t\t\t\t<\/div>\n\t\t\t\t<\/div>\n\t\t\t\t<section class=\"elementor-section elementor-inner-section elementor-element elementor-element-41cf6096 elementor-section-boxed elementor-section-height-default elementor-section-height-default\" data-id=\"41cf6096\" data-element_type=\"section\" data-e-type=\"section\">\n\t\t\t\t\t\t<div class=\"elementor-container elementor-column-gap-default\">\n\t\t\t\t\t<div class=\"elementor-column elementor-col-50 elementor-inner-column elementor-element elementor-element-49485bf3\" data-id=\"49485bf3\" data-element_type=\"column\" data-e-type=\"column\">\n\t\t\t<div class=\"elementor-widget-wrap elementor-element-populated\">\n\t\t\t\t\t\t<div class=\"elementor-element elementor-element-6c0265b5 elementor-widget elementor-widget-text-editor\" data-id=\"6c0265b5\" data-element_type=\"widget\" data-e-type=\"widget\" data-widget_type=\"text-editor.default\">\n\t\t\t\t<div class=\"elementor-widget-container\">\n\t\t\t\t\t\t\t\t\t<h2 data-pm-slice=\"1 1 []\">Comprendre les maladies neurod\u00e9g\u00e9n\u00e9ratives : un d\u00e9fi m\u00e9dical toujours d\u2019actualit\u00e9<\/h2><p>La <strong>maladie d\u2019Alzheimer<\/strong> et la <strong>maladie de Parkinson<\/strong> figurent parmi les troubles neurod\u00e9g\u00e9n\u00e9ratifs les plus r\u00e9pandus dans le monde, notamment en <strong>France<\/strong>. Elles affectent des <strong>millions de patients<\/strong> en provoquant des troubles progressifs de la <strong>m\u00e9moire<\/strong>, des fonctions motrices et <strong>cognitives<\/strong>, bouleversant profond\u00e9ment la qualit\u00e9 de vie. Malgr\u00e9 les <strong>traitements m\u00e9dicamenteux<\/strong> existants, aucune solution actuelle ne permet de stopper la progression de ces <strong>maladies<\/strong>. C\u2019est dans ce contexte que la <strong>recherche<\/strong> explore des pistes <strong>alternatives<\/strong>, dont celle du <strong>cannabidiol<\/strong>.<\/p><p>Le <strong>CBD<\/strong>, l\u2019un des <strong>cannabino\u00efdes<\/strong> les plus \u00e9tudi\u00e9s du <strong>cannabis<\/strong>, <strong>poss\u00e8de<\/strong> des <strong>propri\u00e9t\u00e9s<\/strong> anti-inflammatoires, anxiolytiques et neuroprotectrices. Des <strong>\u00e9tudes scientifiques<\/strong> de plus en plus nombreuses tendent \u00e0 <strong>montrer<\/strong> que ce <strong>compos\u00e9<\/strong> naturel pourrait <strong>aider<\/strong> \u00e0 <strong>diminuer<\/strong> certains <strong>sympt\u00f4mes de la maladie d\u2019Alzheimer<\/strong>, tout en limitant les effets secondaires li\u00e9s aux <strong>traitements classiques<\/strong>. Mieux encore : son <strong>potentiel<\/strong> pourrait \u00e9galement concerner la <strong>maladie de Parkinson<\/strong>, en soulageant des troubles li\u00e9s \u00e0 l\u2019anxi\u00e9t\u00e9, \u00e0 la douleur ou \u00e0 l\u2019inflammation c\u00e9r\u00e9brale.<\/p>\t\t\t\t\t\t\t\t<\/div>\n\t\t\t\t<\/div>\n\t\t\t\t\t<\/div>\n\t\t<\/div>\n\t\t\t\t<div class=\"elementor-column elementor-col-50 elementor-inner-column elementor-element elementor-element-64e5ad5c\" data-id=\"64e5ad5c\" data-element_type=\"column\" data-e-type=\"column\">\n\t\t\t<div class=\"elementor-widget-wrap elementor-element-populated\">\n\t\t\t\t\t\t<div class=\"elementor-element elementor-element-25edd6de elementor-widget elementor-widget-image\" data-id=\"25edd6de\" data-element_type=\"widget\" data-e-type=\"widget\" data-widget_type=\"image.default\">\n\t\t\t\t<div class=\"elementor-widget-container\">\n\t\t\t\t\t\t\t\t\t\t\t\t\t\t\t<img decoding=\"async\" src=\"https:\/\/www.gardenz.fr\/news\/wp-content\/uploads\/elementor\/thumbs\/Firefly-Une-personne-age-a-l_hopital-4702-_1_-rmgf64ytgndywhtxtic56unm2211m22yg2buyi7mf4.webp\" title=\"Firefly-Une-personne-ag\u00e9-\u00e0-l_hopital-4702-_1_\" alt=\"personne ag\u00e9\" loading=\"lazy\" \/>\t\t\t\t\t\t\t\t\t\t\t\t\t\t\t<\/div>\n\t\t\t\t<\/div>\n\t\t\t\t\t<\/div>\n\t\t<\/div>\n\t\t\t\t\t<\/div>\n\t\t<\/section>\n\t\t\t\t\t<\/div>\n\t\t<\/div>\n\t\t\t\t\t<\/div>\n\t\t<\/section>\n\t\t\t\t<section class=\"elementor-section elementor-top-section elementor-element elementor-element-eb96111 elementor-section-boxed elementor-section-height-default elementor-section-height-default\" data-id=\"eb96111\" data-element_type=\"section\" data-e-type=\"section\">\n\t\t\t\t\t\t<div class=\"elementor-container elementor-column-gap-default\">\n\t\t\t\t\t<div class=\"elementor-column elementor-col-100 elementor-top-column elementor-element elementor-element-ceef43d\" data-id=\"ceef43d\" data-element_type=\"column\" data-e-type=\"column\">\n\t\t\t<div class=\"elementor-widget-wrap elementor-element-populated\">\n\t\t\t\t\t\t<div class=\"elementor-element elementor-element-c2a7420 elementor-widget elementor-widget-menu-anchor\" data-id=\"c2a7420\" data-element_type=\"widget\" data-e-type=\"widget\" data-widget_type=\"menu-anchor.default\">\n\t\t\t\t<div class=\"elementor-widget-container\">\n\t\t\t\t\t\t\t<div class=\"elementor-menu-anchor\" id=\"2\"><\/div>\n\t\t\t\t\t\t<\/div>\n\t\t\t\t<\/div>\n\t\t\t\t<div class=\"elementor-element elementor-element-848ed13 elementor-widget elementor-widget-text-editor\" data-id=\"848ed13\" data-element_type=\"widget\" data-e-type=\"widget\" data-widget_type=\"text-editor.default\">\n\t\t\t\t<div class=\"elementor-widget-container\">\n\t\t\t\t\t\t\t\t\t<h2 data-pm-slice=\"1 1 []\">Comment le CBD agit-il sur le cerveau ?<\/h2><p>Si le <strong>cannabidiol<\/strong> intrigue autant les <strong>chercheurs<\/strong>, c\u2019est parce qu\u2019il interagit directement avec notre <strong>syst\u00e8me endocannabino\u00efde<\/strong>, un r\u00e9seau de <strong>r\u00e9cepteurs<\/strong> pr\u00e9sent dans tout le <strong>corps<\/strong>, et en particulier dans le <strong>cerveau<\/strong>. Ce syst\u00e8me joue un r\u00f4le cl\u00e9 dans la r\u00e9gulation de nombreuses <strong>fonctions<\/strong> : <strong>m\u00e9moire<\/strong>, <strong>humeur<\/strong>, <strong>inflammation<\/strong>, <strong>perception de la douleur<\/strong>, ou encore <strong>\u00e9quilibre neurochimique<\/strong>.<\/p><p>Dans le cas des <strong>maladies neurod\u00e9g\u00e9n\u00e9ratives<\/strong>, plusieurs m\u00e9canismes pathologiques sont mis en cause, notamment :<\/p><ul><li><p>l\u2019<strong>inflammation c\u00e9r\u00e9brale chronique<\/strong><\/p><\/li><li><p>le stress oxydatif<\/p><\/li><li><p>l\u2019accumulation de <strong>prot\u00e9ines b\u00eata-amylo\u00efdes<\/strong> (Alzheimer)<\/p><\/li><li><p>la perte progressive de neurones dopaminergiques (Parkinson)<\/p><\/li><\/ul><p>Le <strong>CBD a montr\u00e9<\/strong> une <strong>capacit\u00e9<\/strong> \u00e0 moduler l\u2019inflammation, \u00e0 <strong>prot\u00e9ger les neurones<\/strong>, et \u00e0 <strong>r\u00e9duire<\/strong> l\u2019accumulation de certaines <strong>prot\u00e9ines toxiques<\/strong>. Contrairement au <strong>THC<\/strong>, le <strong>CBD<\/strong> n\u2019a pas d\u2019effet psychotrope, ce qui en fait une <strong>alternative th\u00e9rapeutique naturelle<\/strong> plus facilement accept\u00e9e par le corps m\u00e9dical.<\/p><p>Certains chercheurs avancent m\u00eame que le <strong>CBD dans le traitement<\/strong> de la <strong>maladie d&rsquo;Alzheimer<\/strong> pourrait <strong>contribuer<\/strong> \u00e0 <strong>ralentir<\/strong> la <strong>progression de la maladie<\/strong>, voire \u00e0 <strong>am\u00e9liorer les capacit\u00e9s cognitives<\/strong> chez certains patients. Ces observations, bien que prometteuses, doivent encore \u00eatre consolid\u00e9es par des <strong>\u00e9tudes cliniques<\/strong> plus larges.<\/p><p>\u00a0<\/p>\t\t\t\t\t\t\t\t<\/div>\n\t\t\t\t<\/div>\n\t\t\t\t\t<\/div>\n\t\t<\/div>\n\t\t\t\t\t<\/div>\n\t\t<\/section>\n\t\t\t\t<section class=\"elementor-section elementor-top-section elementor-element elementor-element-63c1e6a6 elementor-section-boxed elementor-section-height-default elementor-section-height-default\" data-id=\"63c1e6a6\" data-element_type=\"section\" data-e-type=\"section\">\n\t\t\t\t\t\t<div class=\"elementor-container elementor-column-gap-default\">\n\t\t\t\t\t<div class=\"elementor-column elementor-col-100 elementor-top-column elementor-element elementor-element-6527efbc\" data-id=\"6527efbc\" data-element_type=\"column\" data-e-type=\"column\">\n\t\t\t<div class=\"elementor-widget-wrap elementor-element-populated\">\n\t\t\t\t\t\t<div class=\"elementor-element elementor-element-663e4e74 elementor-widget elementor-widget-spacer\" data-id=\"663e4e74\" data-element_type=\"widget\" data-e-type=\"widget\" data-widget_type=\"spacer.default\">\n\t\t\t\t<div class=\"elementor-widget-container\">\n\t\t\t\t\t\t\t<div class=\"elementor-spacer\">\n\t\t\t<div class=\"elementor-spacer-inner\"><\/div>\n\t\t<\/div>\n\t\t\t\t\t\t<\/div>\n\t\t\t\t<\/div>\n\t\t\t\t<div class=\"elementor-element elementor-element-aef5a62 elementor-widget elementor-widget-menu-anchor\" data-id=\"aef5a62\" data-element_type=\"widget\" data-e-type=\"widget\" data-widget_type=\"menu-anchor.default\">\n\t\t\t\t<div class=\"elementor-widget-container\">\n\t\t\t\t\t\t\t<div class=\"elementor-menu-anchor\" id=\"3\"><\/div>\n\t\t\t\t\t\t<\/div>\n\t\t\t\t<\/div>\n\t\t\t\t<section class=\"elementor-section elementor-inner-section elementor-element elementor-element-40d45e02 elementor-section-boxed elementor-section-height-default elementor-section-height-default\" data-id=\"40d45e02\" data-element_type=\"section\" data-e-type=\"section\">\n\t\t\t\t\t\t<div class=\"elementor-container elementor-column-gap-default\">\n\t\t\t\t\t<div class=\"elementor-column elementor-col-50 elementor-inner-column elementor-element elementor-element-5286164f\" data-id=\"5286164f\" data-element_type=\"column\" data-e-type=\"column\">\n\t\t\t<div class=\"elementor-widget-wrap elementor-element-populated\">\n\t\t\t\t\t\t<div class=\"elementor-element elementor-element-5aa0532b elementor-widget elementor-widget-image\" data-id=\"5aa0532b\" data-element_type=\"widget\" data-e-type=\"widget\" data-widget_type=\"image.default\">\n\t\t\t\t<div class=\"elementor-widget-container\">\n\t\t\t\t\t\t\t\t\t\t\t\t\t\t\t<img decoding=\"async\" src=\"https:\/\/www.gardenz.fr\/news\/wp-content\/uploads\/elementor\/thumbs\/Firefly-Des-scientifiques-etudiant-une-plante-fleur-CBD-93998-_1_-rmgf64ytgndywhtxtic56unm2211m22yg2buyi7mf4.webp\" title=\"Firefly-Des-scientifiques-\u00e9tudiant-une-plante-fleur-CBD-93998-_1_\" alt=\"scientifique et CBD\" loading=\"lazy\" \/>\t\t\t\t\t\t\t\t\t\t\t\t\t\t\t<\/div>\n\t\t\t\t<\/div>\n\t\t\t\t\t<\/div>\n\t\t<\/div>\n\t\t\t\t<div class=\"elementor-column elementor-col-50 elementor-inner-column elementor-element elementor-element-73895be1\" data-id=\"73895be1\" data-element_type=\"column\" data-e-type=\"column\">\n\t\t\t<div class=\"elementor-widget-wrap elementor-element-populated\">\n\t\t\t\t\t\t<div class=\"elementor-element elementor-element-2aadacce elementor-widget elementor-widget-text-editor\" data-id=\"2aadacce\" data-element_type=\"widget\" data-e-type=\"widget\" data-widget_type=\"text-editor.default\">\n\t\t\t\t<div class=\"elementor-widget-container\">\n\t\t\t\t\t\t\t\t\t<h2 data-pm-slice=\"1 1 []\">CBD et Alzheimer : les r\u00e9sultats les plus marquants de la recherche<\/h2><p>Ces derni\u00e8res ann\u00e9es, les <strong>\u00e9tudes scientifiques<\/strong> se sont multipli\u00e9es pour <strong>conna\u00eetre<\/strong> l\u2019impact r\u00e9el du <strong>CBD sur la maladie d\u2019Alzheimer<\/strong>. Certaines d\u2019entre elles, publi\u00e9es dans des revues sp\u00e9cialis\u00e9es comme le <em>Journal of Alzheimer&rsquo;s Disease<\/em>, ouvrent des perspectives inattendues.<\/p><p>Des exp\u00e9riences men\u00e9es sur des mod\u00e8les animaux ont r\u00e9v\u00e9l\u00e9 que le <strong>cannabidiol<\/strong> pouvait <strong>r\u00e9duire l\u2019inflammation<\/strong> neuronale, <strong>ralentir<\/strong> la <strong>perte de neurones<\/strong>, et m\u00eame <strong>am\u00e9liorer<\/strong> certaines <strong>fonctions cognitives<\/strong>. En agissant sur les <strong>prot\u00e9ines b\u00eata-amylo\u00efdes<\/strong>, connues pour <strong>provoquer la maladie d\u2019Alzheimer<\/strong>, le <strong>CBD<\/strong> pourrait <strong>freiner le d\u00e9clin cognitif<\/strong> et <strong>soulager certains sympt\u00f4mes<\/strong> tels que l\u2019agitation, la <strong>confusion<\/strong> ou encore les troubles du sommeil.<\/p><p>Chez l\u2019humain, les donn\u00e9es restent encore limit\u00e9es mais tr\u00e8s encourageantes. Certains patients ayant int\u00e9gr\u00e9 un <strong>traitement au CBD<\/strong> sous forme d\u2019<strong>huile<\/strong>, de <strong>g\u00e9lules CBD<\/strong>, ou m\u00eame de <strong>cosm\u00e9tiques CBD<\/strong> \u00e0 vis\u00e9e relaxante, rapportent une <strong>am\u00e9lioration<\/strong> de leur qualit\u00e9 de vie et une diminution des <strong>sympt\u00f4mes caus\u00e9s par la maladie d\u2019Alzheimer<\/strong>.<\/p>\t\t\t\t\t\t\t\t<\/div>\n\t\t\t\t<\/div>\n\t\t\t\t\t<\/div>\n\t\t<\/div>\n\t\t\t\t\t<\/div>\n\t\t<\/section>\n\t\t\t\t\t<\/div>\n\t\t<\/div>\n\t\t\t\t\t<\/div>\n\t\t<\/section>\n\t\t\t\t<section class=\"elementor-section elementor-top-section elementor-element elementor-element-fbf0f36 elementor-section-boxed elementor-section-height-default elementor-section-height-default\" data-id=\"fbf0f36\" data-element_type=\"section\" data-e-type=\"section\">\n\t\t\t\t\t\t<div class=\"elementor-container elementor-column-gap-default\">\n\t\t\t\t\t<div class=\"elementor-column elementor-col-100 elementor-top-column elementor-element elementor-element-0fc3812\" data-id=\"0fc3812\" data-element_type=\"column\" data-e-type=\"column\">\n\t\t\t<div class=\"elementor-widget-wrap elementor-element-populated\">\n\t\t\t\t\t\t<div class=\"elementor-element elementor-element-0b834e1 elementor-widget elementor-widget-menu-anchor\" data-id=\"0b834e1\" data-element_type=\"widget\" data-e-type=\"widget\" data-widget_type=\"menu-anchor.default\">\n\t\t\t\t<div class=\"elementor-widget-container\">\n\t\t\t\t\t\t\t<div class=\"elementor-menu-anchor\" id=\"4\"><\/div>\n\t\t\t\t\t\t<\/div>\n\t\t\t\t<\/div>\n\t\t\t\t<div class=\"elementor-element elementor-element-6fb6200 elementor-widget elementor-widget-text-editor\" data-id=\"6fb6200\" data-element_type=\"widget\" data-e-type=\"widget\" data-widget_type=\"text-editor.default\">\n\t\t\t\t<div class=\"elementor-widget-container\">\n\t\t\t\t\t\t\t\t\t<p data-pm-slice=\"1 1 []\">La <strong>capacit\u00e9 du CBD<\/strong> \u00e0 <strong>agir<\/strong> sans <strong>provoquer<\/strong> d\u2019<strong>effets secondaires<\/strong> lourds, contrairement \u00e0 certains <strong>m\u00e9dicaments<\/strong>, renforce son int\u00e9r\u00eat comme <strong>traitement naturel<\/strong>, \u00e0 la fois <strong>th\u00e9rapeutique<\/strong> et <strong>pr\u00e9ventif<\/strong>. Des chercheurs soulignent \u00e9galement le <strong>potentiel du CBD<\/strong> pour les personnes en phase pr\u00e9coce, dans le but de <strong>contribuer<\/strong> \u00e0 ralentir la <strong>progression de la maladie d\u2019Alzheimer<\/strong> sur le long <strong>terme<\/strong>.<\/p><p>\u00a0<\/p><h2>CBD et maladie de Parkinson : un soutien naturel face aux sympt\u00f4mes<\/h2><p>Tout comme pour Alzheimer, la <strong>maladie de Parkinson<\/strong> suscite un vif int\u00e9r\u00eat dans la <strong>recherche<\/strong> sur les <strong>effets th\u00e9rapeutiques du CBD<\/strong>. Bien que les deux pathologies soient diff\u00e9rentes dans leurs causes, elles partagent un point commun majeur : une <strong>d\u00e9g\u00e9n\u00e9rescence progressive du cerveau<\/strong> qui entra\u00eene des troubles moteurs, cognitifs et \u00e9motionnels. Et c\u2019est justement l\u00e0 que le <strong>cannabidiol<\/strong> pourrait <strong>aider<\/strong>.<\/p><p>Des <strong>\u00e9tudes scientifiques<\/strong> pr\u00e9liminaires ont <strong>montr\u00e9<\/strong> que le <strong>CBD<\/strong> peut <strong>r\u00e9duire<\/strong> plusieurs <strong>sympt\u00f4mes<\/strong> li\u00e9s \u00e0 Parkinson, notamment :<\/p><ul><li><p>les <strong>tremblements<\/strong><\/p><\/li><li><p>la <strong>raideur musculaire<\/strong><\/p><\/li><li><p>l\u2019<strong>anxi\u00e9t\u00e9<\/strong><\/p><\/li><li><p>les <strong>troubles du sommeil<\/strong><\/p><\/li><li><p>certaines <strong>douleurs chroniques<\/strong><\/p><\/li><\/ul><p>Le <strong>CBD dans le traitement<\/strong> de la <strong>maladie de Parkinson<\/strong> semble <strong>agir<\/strong> de mani\u00e8re indirecte, en <strong>apaisant<\/strong> l\u2019<strong>inflammation c\u00e9r\u00e9brale<\/strong> et en modulant les r\u00e9ponses du syst\u00e8me nerveux central. Il ne remplace pas les <strong>traitements m\u00e9dicamenteux<\/strong> classiques comme la L-Dopa, mais il peut <strong>compl\u00e9ter<\/strong> la prise en charge en <strong>am\u00e9liorant le confort de vie des malades<\/strong>.<\/p><p>En <strong>France<\/strong>, certains <strong>patients atteints de la maladie de Parkinson<\/strong> se tournent d\u00e9j\u00e0 vers des <strong>produits au CBD<\/strong> sous forme d\u2019<strong>huile de CBD<\/strong>, de cr\u00e8mes ou de <strong>g\u00e9lules<\/strong>, souvent avec l\u2019avis de leur <strong>m\u00e9decin<\/strong>. Les <strong>r\u00e9sultats<\/strong>, bien qu&rsquo;encore partiels, pointent vers une meilleure gestion du <strong>stress<\/strong>, de l\u2019<strong>anxi\u00e9t\u00e9<\/strong> et des troubles moteurs l\u00e9gers \u00e0 mod\u00e9r\u00e9s.<\/p><p>Le <strong>CBD poss\u00e8de<\/strong> une <strong>action naturelle<\/strong>, sans provoquer les <strong>effets secondaires<\/strong> souvent associ\u00e9s aux m\u00e9dicaments lourds. Pour des patients <strong>souffrant d\u2019Alzheimer ou de Parkinson<\/strong>, cette approche <strong>naturelle<\/strong> et <strong>compl\u00e9mentaire<\/strong> est donc de plus en plus <strong>consid\u00e9r\u00e9e<\/strong> comme une <strong>alternative prometteuse<\/strong> dans l\u2019arsenal <strong>th\u00e9rapeutique<\/strong> moderne.<\/p><p>\u00a0<\/p>\t\t\t\t\t\t\t\t<\/div>\n\t\t\t\t<\/div>\n\t\t\t\t\t<\/div>\n\t\t<\/div>\n\t\t\t\t\t<\/div>\n\t\t<\/section>\n\t\t\t\t<section class=\"elementor-section elementor-top-section elementor-element elementor-element-26d14f1e elementor-section-boxed elementor-section-height-default elementor-section-height-default\" data-id=\"26d14f1e\" data-element_type=\"section\" data-e-type=\"section\">\n\t\t\t\t\t\t<div class=\"elementor-container elementor-column-gap-default\">\n\t\t\t\t\t<div class=\"elementor-column elementor-col-100 elementor-top-column elementor-element elementor-element-57b36640\" data-id=\"57b36640\" data-element_type=\"column\" data-e-type=\"column\">\n\t\t\t<div class=\"elementor-widget-wrap elementor-element-populated\">\n\t\t\t\t\t\t<div class=\"elementor-element elementor-element-717bc7c8 elementor-widget elementor-widget-spacer\" data-id=\"717bc7c8\" data-element_type=\"widget\" data-e-type=\"widget\" data-widget_type=\"spacer.default\">\n\t\t\t\t<div class=\"elementor-widget-container\">\n\t\t\t\t\t\t\t<div class=\"elementor-spacer\">\n\t\t\t<div class=\"elementor-spacer-inner\"><\/div>\n\t\t<\/div>\n\t\t\t\t\t\t<\/div>\n\t\t\t\t<\/div>\n\t\t\t\t<div class=\"elementor-element elementor-element-61ac005 elementor-widget elementor-widget-menu-anchor\" data-id=\"61ac005\" data-element_type=\"widget\" data-e-type=\"widget\" data-widget_type=\"menu-anchor.default\">\n\t\t\t\t<div class=\"elementor-widget-container\">\n\t\t\t\t\t\t\t<div class=\"elementor-menu-anchor\" id=\"5\"><\/div>\n\t\t\t\t\t\t<\/div>\n\t\t\t\t<\/div>\n\t\t\t\t<section class=\"elementor-section elementor-inner-section elementor-element elementor-element-62ee71f3 elementor-section-boxed elementor-section-height-default elementor-section-height-default\" data-id=\"62ee71f3\" data-element_type=\"section\" data-e-type=\"section\">\n\t\t\t\t\t\t<div class=\"elementor-container elementor-column-gap-default\">\n\t\t\t\t\t<div class=\"elementor-column elementor-col-50 elementor-inner-column elementor-element elementor-element-67be1fe4\" data-id=\"67be1fe4\" data-element_type=\"column\" data-e-type=\"column\">\n\t\t\t<div class=\"elementor-widget-wrap elementor-element-populated\">\n\t\t\t\t\t\t<div class=\"elementor-element elementor-element-a5db2db elementor-widget elementor-widget-text-editor\" data-id=\"a5db2db\" data-element_type=\"widget\" data-e-type=\"widget\" data-widget_type=\"text-editor.default\">\n\t\t\t\t<div class=\"elementor-widget-container\">\n\t\t\t\t\t\t\t\t\t<h2 data-pm-slice=\"1 1 []\">Le CBD, une alternative prometteuse\u2026 mais encore encadr\u00e9e<\/h2><p>Si les <strong>\u00e9tudes scientifiques<\/strong> sur le <strong>CBD dans le traitement<\/strong> de la <strong>maladie d&rsquo;Alzheimer<\/strong> et de <strong>Parkinson<\/strong> sont <strong>prometteuses<\/strong>, il est essentiel de <strong>conna\u00eetre les limites actuelles<\/strong> de ces recherches. La majorit\u00e9 des donn\u00e9es disponibles provient d\u2019<strong>\u00e9tudes pr\u00e9cliniques<\/strong> ou d\u2019essais \u00e0 petite \u00e9chelle. Pour <strong>montrer<\/strong> de mani\u00e8re concluante l\u2019<strong>efficacit\u00e9 du CBD<\/strong>, de <strong>larges \u00e9tudes cliniques<\/strong> randomis\u00e9es seront n\u00e9cessaires dans les ann\u00e9es \u00e0 venir.<\/p><p>Autre point crucial : tous les <strong>produits au CBD<\/strong> ne se valent pas. L\u2019absence d\u2019un <strong>cadre th\u00e9rapeutique clair<\/strong> en France, combin\u00e9e \u00e0 une offre commerciale tr\u00e8s vaste, peut compliquer la t\u00e2che des <strong>patients atteints de la maladie d\u2019Alzheimer<\/strong> ou de <strong>Parkinson<\/strong> souhaitant <strong>utiliser le CBD<\/strong> en toute s\u00e9curit\u00e9. Il est donc <strong>important<\/strong> de choisir des <strong>produits de qualit\u00e9<\/strong>, test\u00e9s, tra\u00e7ables, et surtout de <strong>consulter un m\u00e9decin<\/strong> avant d\u2019int\u00e9grer le <strong>cannabidiol<\/strong> \u00e0 un <strong>traitement existant<\/strong>.<\/p><p>Certaines personnes peuvent aussi \u00eatre sensibles \u00e0 la pr\u00e9sence de <strong>THC<\/strong>, m\u00eame \u00e0 l\u2019\u00e9tat de trace. Il convient donc d\u2019\u00eatre vigilant, notamment pour les <strong>personnes \u00e2g\u00e9es<\/strong> ou souffrant d\u2019autres pathologies. Le <strong>CBD THC<\/strong> \u00e0 spectre complet peut avoir des effets plus marqu\u00e9s, mais aussi <strong>entra\u00eener<\/strong> des r\u00e9actions ind\u00e9sirables chez certains <strong>malades d\u2019Alzheimer<\/strong>. Mieux vaut commencer par des <strong>huiles de CBD<\/strong> pures ou \u00e0 spectre large, sans THC, pour <strong>traiter la maladie d&rsquo;Alzheimer<\/strong> ou de Parkinson en douceur.<\/p>\t\t\t\t\t\t\t\t<\/div>\n\t\t\t\t<\/div>\n\t\t\t\t\t<\/div>\n\t\t<\/div>\n\t\t\t\t<div class=\"elementor-column elementor-col-50 elementor-inner-column elementor-element elementor-element-710d111f\" data-id=\"710d111f\" data-element_type=\"column\" data-e-type=\"column\">\n\t\t\t<div class=\"elementor-widget-wrap elementor-element-populated\">\n\t\t\t\t\t\t<div class=\"elementor-element elementor-element-3013b9c elementor-widget elementor-widget-image\" data-id=\"3013b9c\" data-element_type=\"widget\" data-e-type=\"widget\" data-widget_type=\"image.default\">\n\t\t\t\t<div class=\"elementor-widget-container\">\n\t\t\t\t\t\t\t\t\t\t\t\t\t\t\t<img decoding=\"async\" src=\"https:\/\/www.gardenz.fr\/news\/wp-content\/uploads\/elementor\/thumbs\/Firefly-des-produits-au-CBD-55091-_1_-rmgf64ytgndywhtxtic56unm2211m22yg2buyi7mf4.webp\" title=\"Firefly-des-produits-au-CBD-55091-_1_\" alt=\"Firefly-des-produits-au-CBD-55091-_1_\" loading=\"lazy\" \/>\t\t\t\t\t\t\t\t\t\t\t\t\t\t\t<\/div>\n\t\t\t\t<\/div>\n\t\t\t\t\t<\/div>\n\t\t<\/div>\n\t\t\t\t\t<\/div>\n\t\t<\/section>\n\t\t\t\t\t<\/div>\n\t\t<\/div>\n\t\t\t\t\t<\/div>\n\t\t<\/section>\n\t\t\t\t<section class=\"elementor-section elementor-top-section elementor-element elementor-element-2999e09 elementor-section-boxed elementor-section-height-default elementor-section-height-default\" data-id=\"2999e09\" data-element_type=\"section\" data-e-type=\"section\">\n\t\t\t\t\t\t<div class=\"elementor-container elementor-column-gap-default\">\n\t\t\t\t\t<div class=\"elementor-column elementor-col-100 elementor-top-column elementor-element elementor-element-1f2ee91\" data-id=\"1f2ee91\" data-element_type=\"column\" data-e-type=\"column\">\n\t\t\t<div class=\"elementor-widget-wrap elementor-element-populated\">\n\t\t\t\t\t\t<div class=\"elementor-element elementor-element-4755ccc elementor-widget elementor-widget-menu-anchor\" data-id=\"4755ccc\" data-element_type=\"widget\" data-e-type=\"widget\" data-widget_type=\"menu-anchor.default\">\n\t\t\t\t<div class=\"elementor-widget-container\">\n\t\t\t\t\t\t\t<div class=\"elementor-menu-anchor\" id=\"6\"><\/div>\n\t\t\t\t\t\t<\/div>\n\t\t\t\t<\/div>\n\t\t\t\t<div class=\"elementor-element elementor-element-5af11d6 elementor-widget elementor-widget-text-editor\" data-id=\"5af11d6\" data-element_type=\"widget\" data-e-type=\"widget\" data-widget_type=\"text-editor.default\">\n\t\t\t\t<div class=\"elementor-widget-container\">\n\t\t\t\t\t\t\t\t\t<p data-pm-slice=\"1 1 []\">En r\u00e9sum\u00e9, si le <strong>potentiel th\u00e9rapeutique du CBD<\/strong> est immense, il doit encore \u00eatre <strong>encadr\u00e9<\/strong>, <strong>\u00e9tudi\u00e9<\/strong>, et int\u00e9gr\u00e9 avec <strong>pr\u00e9caution<\/strong> dans les parcours de soin. Mais il s\u2019impose d\u00e9j\u00e0 comme une <strong>piste s\u00e9rieuse<\/strong>, <strong>naturelle<\/strong>, et parfois <strong>efficace<\/strong>, pour am\u00e9liorer le quotidien de ceux qui <strong>souffrent<\/strong> de <strong>maladies neurod\u00e9g\u00e9n\u00e9ratives<\/strong>.<\/p><p>\u00a0<\/p><h2>Un futur \u00e0 explorer : quand le naturel rejoint la science<\/h2><p>\u00c0 mesure que les <strong>\u00e9tudes scientifiques<\/strong> avancent, une chose devient claire : le <strong>CBD pr\u00e9sente<\/strong> un <strong>potentiel th\u00e9rapeutique<\/strong> r\u00e9el pour les <strong>patients atteints de la maladie d\u2019Alzheimer<\/strong> et de <strong>Parkinson<\/strong>. Si la science reste prudente, les premiers <strong>r\u00e9sultats<\/strong> ouvrent la voie \u00e0 une <strong>m\u00e9decine plus douce<\/strong>, respectueuse du <strong>corps<\/strong>, et capable de <strong>traiter<\/strong> certaines <strong>fonctions alt\u00e9r\u00e9es<\/strong> sans aggraver d&rsquo;autres <strong>sympt\u00f4mes<\/strong>.<\/p><p>Dans un contexte o\u00f9 les <strong>traitements m\u00e9dicamenteux<\/strong> classiques peinent \u00e0 <strong>ralentir la progression de la maladie d\u2019Alzheimer<\/strong>, la <strong>capacit\u00e9 du CBD<\/strong> \u00e0 <strong>am\u00e9liorer les capacit\u00e9s cognitives<\/strong>, <strong>r\u00e9duire l\u2019anxi\u00e9t\u00e9<\/strong>, ou <strong>soulager la douleur<\/strong>, en fait une <strong>alternative<\/strong> s\u00e9rieuse, bien qu\u2019encore exp\u00e9rimentale. Loin d\u2019\u00eatre une solution miracle, le <strong>cannabidiol<\/strong> s\u2019impose comme un <strong>alli\u00e9 naturel<\/strong>, dont l\u2019usage devra toujours \u00eatre <strong>accompagn\u00e9 par un professionnel de sant\u00e9<\/strong>.<\/p><p>Chez <strong>Gardenz<\/strong>, on croit \u00e0 la <strong>recherche<\/strong>, \u00e0 l\u2019<strong>innovation v\u00e9g\u00e9tale<\/strong>, et \u00e0 une <strong>approche responsable<\/strong> du bien-\u00eatre. C\u2019est pourquoi nous s\u00e9lectionnons des <strong>produits au CBD<\/strong> de qualit\u00e9, adapt\u00e9s \u00e0 tous ceux qui souhaitent <strong>utiliser le CBD<\/strong> en toute s\u00e9curit\u00e9. Huiles, g\u00e9lules, infusions\u2026 Il est peut-\u00eatre temps, pour certains, de <strong>contribuer<\/strong> \u00e0 leur mieux-\u00eatre avec ce que la <strong>plante<\/strong> peut offrir de <strong>plus pur<\/strong>.<\/p><p>La <strong>science avance<\/strong>, et avec elle, une nouvelle vision du soin. <strong>Le CBD pour la maladie d\u2019Alzheimer<\/strong> ou Parkinson n\u2019est plus un fantasme \u2014 c\u2019est une <strong>piste s\u00e9rieuse<\/strong>, <strong>humaine<\/strong>, et <strong>porteuse d\u2019espoir<\/strong>.<\/p>\t\t\t\t\t\t\t\t<\/div>\n\t\t\t\t<\/div>\n\t\t\t\t\t<\/div>\n\t\t<\/div>\n\t\t\t\t\t<\/div>\n\t\t<\/section>\n\t\t\t\t<section class=\"elementor-section elementor-top-section elementor-element elementor-element-97670a3 elementor-section-boxed elementor-section-height-default elementor-section-height-default\" data-id=\"97670a3\" data-element_type=\"section\" data-e-type=\"section\">\n\t\t\t\t\t\t<div class=\"elementor-container elementor-column-gap-default\">\n\t\t\t\t\t<div class=\"elementor-column elementor-col-100 elementor-top-column elementor-element elementor-element-2f08dfc\" data-id=\"2f08dfc\" data-element_type=\"column\" data-e-type=\"column\">\n\t\t\t<div class=\"elementor-widget-wrap elementor-element-populated\">\n\t\t\t\t\t\t<div class=\"elementor-element elementor-element-41a7b60 elementor-widget elementor-widget-menu-anchor\" data-id=\"41a7b60\" data-element_type=\"widget\" data-e-type=\"widget\" data-widget_type=\"menu-anchor.default\">\n\t\t\t\t<div class=\"elementor-widget-container\">\n\t\t\t\t\t\t\t<div class=\"elementor-menu-anchor\" id=\"7\"><\/div>\n\t\t\t\t\t\t<\/div>\n\t\t\t\t<\/div>\n\t\t\t\t<div class=\"elementor-element elementor-element-71f213f elementor-widget elementor-widget-text-editor\" data-id=\"71f213f\" data-element_type=\"widget\" data-e-type=\"widget\" data-widget_type=\"text-editor.default\">\n\t\t\t\t<div class=\"elementor-widget-container\">\n\t\t\t\t\t\t\t\t\t<h2 data-pm-slice=\"1 1 []\">FAQ \u2013 CBD et maladies neurod\u00e9g\u00e9n\u00e9ratives<\/h2><h3>Le CBD peut-il vraiment aider les patients atteints de la maladie d&rsquo;Alzheimer ?<\/h3><p>Des <strong>\u00e9tudes scientifiques<\/strong> sugg\u00e8rent que le <strong>CBD poss\u00e8de<\/strong> des <strong>propri\u00e9t\u00e9s<\/strong> anti-inflammatoires et <strong>neuroprotectrices<\/strong> qui pourraient <strong>r\u00e9duire certains sympt\u00f4mes de la maladie d\u2019Alzheimer<\/strong>, notamment l\u2019<strong>anxi\u00e9t\u00e9<\/strong>, les troubles du sommeil et le <strong>d\u00e9clin cognitif<\/strong>. Il ne gu\u00e9rit pas la maladie, mais pourrait <strong>am\u00e9liorer la qualit\u00e9 de vie<\/strong> des patients.<\/p><h3>Quelle forme de CBD est recommand\u00e9e pour Alzheimer ou Parkinson ?<\/h3><p>Les <strong>huiles de CBD<\/strong> sont souvent privil\u00e9gi\u00e9es pour leur <strong>dosage facile<\/strong> et leur <strong>action rapide<\/strong>. Mais des <strong>g\u00e9lules CBD<\/strong> peuvent aussi convenir pour une prise r\u00e9guli\u00e8re et discr\u00e8te. Le choix d\u00e9pend du <strong>cas<\/strong> de chaque <strong>patient<\/strong>, et il est <strong>important<\/strong> d\u2019en parler \u00e0 un <strong>m\u00e9decin<\/strong> avant de commencer un <strong>traitement au CBD<\/strong>.<\/p><h3>Le CBD peut-il remplacer les traitements m\u00e9dicamenteux classiques ?<\/h3><p>Non. Le <strong>CBD<\/strong> peut \u00eatre utilis\u00e9 comme <strong>compl\u00e9ment<\/strong> aux <strong>traitements m\u00e9dicamenteux<\/strong>, mais jamais comme un <strong>substitut<\/strong>. Il s\u2019agit d\u2019une <strong>alternative naturelle<\/strong> qui peut <strong>soulager certains sympt\u00f4mes<\/strong>, mais elle ne remplace en aucun cas les protocoles prescrits par les professionnels de sant\u00e9.<\/p><h3>Le CBD provoque-t-il des effets secondaires ?<\/h3><p>Le <strong>CBD<\/strong> est g\u00e9n\u00e9ralement bien tol\u00e9r\u00e9 et ne provoque pas d\u2019effets psychoactifs comme le <strong>THC<\/strong>. Il peut cependant <strong>entra\u00eener<\/strong> de l\u00e9gers effets secondaires chez certains : somnolence, s\u00e9cheresse buccale ou troubles digestifs. D\u2019o\u00f9 l\u2019int\u00e9r\u00eat de <strong>commencer doucement<\/strong> et de <strong>suivre l\u2019avis d\u2019un m\u00e9decin<\/strong>.<\/p><h3>O\u00f9 acheter des produits CBD de qualit\u00e9 en France ?<\/h3><p>Sur <a href=\"http:\/\/gardenz.fr\"><strong>gardenz.fr<\/strong><\/a> \u00e9videmment ! Nous proposons des <strong>produits au CBD<\/strong> rigoureusement s\u00e9lectionn\u00e9s, test\u00e9s en laboratoire, 100 % l\u00e9gaux en <strong>France<\/strong>, et adapt\u00e9s aux besoins des <strong>patients souffrant d&rsquo;Alzheimer ou de Parkinson<\/strong>. Tu peux aussi passer en <strong>boutique physique<\/strong> pour \u00eatre conseill\u00e9.<\/p>\t\t\t\t\t\t\t\t<\/div>\n\t\t\t\t<\/div>\n\t\t\t\t\t<\/div>\n\t\t<\/div>\n\t\t\t\t\t<\/div>\n\t\t<\/section>\n\t\t\t\t<section class=\"elementor-section elementor-top-section elementor-element elementor-element-6f476ae5 elementor-section-boxed elementor-section-height-default elementor-section-height-default\" data-id=\"6f476ae5\" data-element_type=\"section\" data-e-type=\"section\">\n\t\t\t\t\t\t<div class=\"elementor-container elementor-column-gap-default\">\n\t\t\t\t\t<div class=\"elementor-column elementor-col-100 elementor-top-column elementor-element elementor-element-323dc461\" data-id=\"323dc461\" data-element_type=\"column\" data-e-type=\"column\">\n\t\t\t<div class=\"elementor-widget-wrap elementor-element-populated\">\n\t\t\t\t\t\t<section class=\"elementor-section elementor-inner-section elementor-element elementor-element-63a697a elementor-section-boxed elementor-section-height-default elementor-section-height-default\" data-id=\"63a697a\" data-element_type=\"section\" data-e-type=\"section\">\n\t\t\t\t\t\t<div class=\"elementor-container elementor-column-gap-default\">\n\t\t\t\t\t<div class=\"elementor-column elementor-col-25 elementor-inner-column elementor-element elementor-element-31031ff0\" data-id=\"31031ff0\" data-element_type=\"column\" data-e-type=\"column\">\n\t\t\t<div class=\"elementor-widget-wrap elementor-element-populated\">\n\t\t\t\t\t\t<div class=\"elementor-element elementor-element-634158e elementor-widget elementor-widget-image\" data-id=\"634158e\" data-element_type=\"widget\" data-e-type=\"widget\" data-widget_type=\"image.default\">\n\t\t\t\t<div class=\"elementor-widget-container\">\n\t\t\t\t\t\t\t\t\t\t\t\t\t\t\t\t<a href=\"https:\/\/www.gardenz.fr\/3-fleur-de-chanvre-cbd\">\n\t\t\t\t\t\t\t<img fetchpriority=\"high\" decoding=\"async\" width=\"424\" height=\"600\" src=\"https:\/\/www.gardenz.fr\/news\/wp-content\/uploads\/2025\/03\/FLEUR-DE-CHANVRE-CBD.webp\" class=\"attachment-large size-large wp-image-17519\" alt=\"FLEUR-DE-CHANVRE-CBD\" srcset=\"https:\/\/www.gardenz.fr\/news\/wp-content\/uploads\/2025\/03\/FLEUR-DE-CHANVRE-CBD.webp 424w, https:\/\/www.gardenz.fr\/news\/wp-content\/uploads\/2025\/03\/FLEUR-DE-CHANVRE-CBD-212x300.webp 212w\" sizes=\"(max-width: 424px) 100vw, 424px\" \/>\t\t\t\t\t\t\t\t<\/a>\n\t\t\t\t\t\t\t\t\t\t\t\t\t\t\t<\/div>\n\t\t\t\t<\/div>\n\t\t\t\t\t<\/div>\n\t\t<\/div>\n\t\t\t\t<div class=\"elementor-column elementor-col-25 elementor-inner-column elementor-element elementor-element-1f101e8\" data-id=\"1f101e8\" data-element_type=\"column\" data-e-type=\"column\">\n\t\t\t<div class=\"elementor-widget-wrap elementor-element-populated\">\n\t\t\t\t\t\t<div class=\"elementor-element elementor-element-69938091 elementor-widget elementor-widget-image\" data-id=\"69938091\" data-element_type=\"widget\" data-e-type=\"widget\" data-widget_type=\"image.default\">\n\t\t\t\t<div class=\"elementor-widget-container\">\n\t\t\t\t\t\t\t\t\t\t\t\t\t\t\t\t<a href=\"https:\/\/www.gardenz.fr\/6--resine-cbd\">\n\t\t\t\t\t\t\t<img decoding=\"async\" width=\"424\" height=\"600\" src=\"https:\/\/www.gardenz.fr\/news\/wp-content\/uploads\/2025\/03\/RESINE-CBD.webp\" class=\"attachment-large size-large wp-image-17515\" alt=\"R\u00c9SINE-CBD\" srcset=\"https:\/\/www.gardenz.fr\/news\/wp-content\/uploads\/2025\/03\/RESINE-CBD.webp 424w, https:\/\/www.gardenz.fr\/news\/wp-content\/uploads\/2025\/03\/RESINE-CBD-212x300.webp 212w\" sizes=\"(max-width: 424px) 100vw, 424px\" \/>\t\t\t\t\t\t\t\t<\/a>\n\t\t\t\t\t\t\t\t\t\t\t\t\t\t\t<\/div>\n\t\t\t\t<\/div>\n\t\t\t\t\t<\/div>\n\t\t<\/div>\n\t\t\t\t<div class=\"elementor-column elementor-col-25 elementor-inner-column elementor-element elementor-element-23d7e8a9\" data-id=\"23d7e8a9\" data-element_type=\"column\" data-e-type=\"column\">\n\t\t\t<div class=\"elementor-widget-wrap elementor-element-populated\">\n\t\t\t\t\t\t<div class=\"elementor-element elementor-element-413ae7f6 elementor-widget elementor-widget-image\" data-id=\"413ae7f6\" data-element_type=\"widget\" data-e-type=\"widget\" data-widget_type=\"image.default\">\n\t\t\t\t<div class=\"elementor-widget-container\">\n\t\t\t\t\t\t\t\t\t\t\t\t\t\t\t\t<a href=\"https:\/\/www.gardenz.fr\/511--psychoactifs\">\n\t\t\t\t\t\t\t<img decoding=\"async\" width=\"424\" height=\"600\" src=\"https:\/\/www.gardenz.fr\/news\/wp-content\/uploads\/2025\/03\/PSYCHOACTIFS.webp\" class=\"attachment-large size-large wp-image-17517\" alt=\"PSYCHOACTIFS\" srcset=\"https:\/\/www.gardenz.fr\/news\/wp-content\/uploads\/2025\/03\/PSYCHOACTIFS.webp 424w, https:\/\/www.gardenz.fr\/news\/wp-content\/uploads\/2025\/03\/PSYCHOACTIFS-212x300.webp 212w\" sizes=\"(max-width: 424px) 100vw, 424px\" \/>\t\t\t\t\t\t\t\t<\/a>\n\t\t\t\t\t\t\t\t\t\t\t\t\t\t\t<\/div>\n\t\t\t\t<\/div>\n\t\t\t\t\t<\/div>\n\t\t<\/div>\n\t\t\t\t<div class=\"elementor-column elementor-col-25 elementor-inner-column elementor-element elementor-element-1489ee8\" data-id=\"1489ee8\" data-element_type=\"column\" data-e-type=\"column\">\n\t\t\t<div class=\"elementor-widget-wrap elementor-element-populated\">\n\t\t\t\t\t\t<div class=\"elementor-element elementor-element-630c985a elementor-widget elementor-widget-image\" data-id=\"630c985a\" data-element_type=\"widget\" data-e-type=\"widget\" data-widget_type=\"image.default\">\n\t\t\t\t<div class=\"elementor-widget-container\">\n\t\t\t\t\t\t\t\t\t\t\t\t\t\t\t\t<a href=\"https:\/\/www.gardenz.fr\/455--muscimol\">\n\t\t\t\t\t\t\t<img loading=\"lazy\" decoding=\"async\" width=\"424\" height=\"600\" src=\"https:\/\/www.gardenz.fr\/news\/wp-content\/uploads\/2025\/03\/MUSCIMOL.webp\" class=\"attachment-large size-large wp-image-17518\" alt=\"MUSCIMOL\" srcset=\"https:\/\/www.gardenz.fr\/news\/wp-content\/uploads\/2025\/03\/MUSCIMOL.webp 424w, https:\/\/www.gardenz.fr\/news\/wp-content\/uploads\/2025\/03\/MUSCIMOL-212x300.webp 212w\" sizes=\"(max-width: 424px) 100vw, 424px\" \/>\t\t\t\t\t\t\t\t<\/a>\n\t\t\t\t\t\t\t\t\t\t\t\t\t\t\t<\/div>\n\t\t\t\t<\/div>\n\t\t\t\t\t<\/div>\n\t\t<\/div>\n\t\t\t\t\t<\/div>\n\t\t<\/section>\n\t\t\t\t<section class=\"elementor-section elementor-inner-section elementor-element elementor-element-197cb505 elementor-section-boxed elementor-section-height-default elementor-section-height-default\" data-id=\"197cb505\" data-element_type=\"section\" data-e-type=\"section\">\n\t\t\t\t\t\t<div class=\"elementor-container elementor-column-gap-default\">\n\t\t\t\t\t<div class=\"elementor-column elementor-col-33 elementor-inner-column elementor-element elementor-element-595be777\" data-id=\"595be777\" data-element_type=\"column\" data-e-type=\"column\">\n\t\t\t<div class=\"elementor-widget-wrap elementor-element-populated\">\n\t\t\t\t\t\t<div class=\"elementor-element elementor-element-21069883 elementor-widget elementor-widget-image\" data-id=\"21069883\" data-element_type=\"widget\" data-e-type=\"widget\" data-widget_type=\"image.default\">\n\t\t\t\t<div class=\"elementor-widget-container\">\n\t\t\t\t\t\t\t\t\t\t\t\t\t\t\t\t<a href=\"https:\/\/www.gardenz.fr\/446--puff-cbd\">\n\t\t\t\t\t\t\t<img loading=\"lazy\" decoding=\"async\" width=\"424\" height=\"600\" src=\"https:\/\/www.gardenz.fr\/news\/wp-content\/uploads\/2025\/03\/PUFF.webp\" class=\"attachment-large size-large wp-image-17516\" alt=\"PUFF\" srcset=\"https:\/\/www.gardenz.fr\/news\/wp-content\/uploads\/2025\/03\/PUFF.webp 424w, https:\/\/www.gardenz.fr\/news\/wp-content\/uploads\/2025\/03\/PUFF-212x300.webp 212w\" sizes=\"(max-width: 424px) 100vw, 424px\" \/>\t\t\t\t\t\t\t\t<\/a>\n\t\t\t\t\t\t\t\t\t\t\t\t\t\t\t<\/div>\n\t\t\t\t<\/div>\n\t\t\t\t\t<\/div>\n\t\t<\/div>\n\t\t\t\t<div class=\"elementor-column elementor-col-33 elementor-inner-column elementor-element elementor-element-64137137\" data-id=\"64137137\" data-element_type=\"column\" data-e-type=\"column\">\n\t\t\t<div class=\"elementor-widget-wrap elementor-element-populated\">\n\t\t\t\t\t\t<div class=\"elementor-element elementor-element-6e6548d3 elementor-widget elementor-widget-image\" data-id=\"6e6548d3\" data-element_type=\"widget\" data-e-type=\"widget\" data-widget_type=\"image.default\">\n\t\t\t\t<div class=\"elementor-widget-container\">\n\t\t\t\t\t\t\t\t\t\t\t\t\t\t\t\t<a href=\"https:\/\/www.gardenz.fr\/562--accessoires-weed\">\n\t\t\t\t\t\t\t<img loading=\"lazy\" decoding=\"async\" width=\"424\" height=\"600\" src=\"https:\/\/www.gardenz.fr\/news\/wp-content\/uploads\/2025\/03\/ACCESSOIRED.webp\" class=\"attachment-large size-large wp-image-17520\" alt=\"\" srcset=\"https:\/\/www.gardenz.fr\/news\/wp-content\/uploads\/2025\/03\/ACCESSOIRED.webp 424w, https:\/\/www.gardenz.fr\/news\/wp-content\/uploads\/2025\/03\/ACCESSOIRED-212x300.webp 212w\" sizes=\"(max-width: 424px) 100vw, 424px\" \/>\t\t\t\t\t\t\t\t<\/a>\n\t\t\t\t\t\t\t\t\t\t\t\t\t\t\t<\/div>\n\t\t\t\t<\/div>\n\t\t\t\t\t<\/div>\n\t\t<\/div>\n\t\t\t\t<div class=\"elementor-column elementor-col-33 elementor-inner-column elementor-element elementor-element-3fc9f48c\" data-id=\"3fc9f48c\" data-element_type=\"column\" data-e-type=\"column\">\n\t\t\t<div class=\"elementor-widget-wrap elementor-element-populated\">\n\t\t\t\t\t\t<div class=\"elementor-element elementor-element-77f6414c elementor-widget elementor-widget-image\" data-id=\"77f6414c\" data-element_type=\"widget\" data-e-type=\"widget\" data-widget_type=\"image.default\">\n\t\t\t\t<div class=\"elementor-widget-container\">\n\t\t\t\t\t\t\t\t\t\t\t\t\t\t\t\t<a href=\"https:\/\/www.gardenz.fr\/284--vaporisateur-weed\">\n\t\t\t\t\t\t\t<img loading=\"lazy\" decoding=\"async\" width=\"424\" height=\"600\" src=\"https:\/\/www.gardenz.fr\/news\/wp-content\/uploads\/2025\/03\/VAPORISATEUR-WEED.webp\" class=\"attachment-large size-large wp-image-17514\" alt=\"VAPORISATEUR-WEED\" srcset=\"https:\/\/www.gardenz.fr\/news\/wp-content\/uploads\/2025\/03\/VAPORISATEUR-WEED.webp 424w, https:\/\/www.gardenz.fr\/news\/wp-content\/uploads\/2025\/03\/VAPORISATEUR-WEED-212x300.webp 212w\" sizes=\"(max-width: 424px) 100vw, 424px\" \/>\t\t\t\t\t\t\t\t<\/a>\n\t\t\t\t\t\t\t\t\t\t\t\t\t\t\t<\/div>\n\t\t\t\t<\/div>\n\t\t\t\t\t<\/div>\n\t\t<\/div>\n\t\t\t\t\t<\/div>\n\t\t<\/section>\n\t\t\t\t\t<\/div>\n\t\t<\/div>\n\t\t\t\t\t<\/div>\n\t\t<\/section>\n\t\t\t\t<\/div>\n\t\t","protected":false},"excerpt":{"rendered":"<p>Face \u00e0 des maladies comme Alzheimer ou Parkinson, qui continuent de provoquer un d\u00e9clin cognitif progressif et une profonde d\u00e9tresse chez les patients et leurs proches, la science explore de nouvelles pistes. Parmi elles, le CBD, un cannabino\u00efde issu du cannabis, attire l\u2019attention des chercheurs pour ses propri\u00e9t\u00e9s naturelles. Et si ce compos\u00e9 v\u00e9g\u00e9tal pouvait [&hellip;]<\/p>\n","protected":false},"author":18,"featured_media":20235,"comment_status":"closed","ping_status":"closed","sticky":false,"template":"","format":"standard","meta":{"site-sidebar-layout":"default","site-content-layout":"","ast-site-content-layout":"default","site-content-style":"default","site-sidebar-style":"default","ast-global-header-display":"","ast-banner-title-visibility":"","ast-main-header-display":"","ast-hfb-above-header-display":"","ast-hfb-below-header-display":"","ast-hfb-mobile-header-display":"","site-post-title":"","ast-breadcrumbs-content":"","ast-featured-img":"","footer-sml-layout":"","ast-disable-related-posts":"","theme-transparent-header-meta":"","adv-header-id-meta":"","stick-header-meta":"","header-above-stick-meta":"","header-main-stick-meta":"","header-below-stick-meta":"","astra-migrate-meta-layouts":"default","ast-page-background-enabled":"default","ast-page-background-meta":{"desktop":{"background-color":"var(--ast-global-color-4)","background-image":"","background-repeat":"repeat","background-position":"center center","background-size":"auto","background-attachment":"scroll","background-type":"","background-media":"","overlay-type":"","overlay-color":"","overlay-opacity":"","overlay-gradient":""},"tablet":{"background-color":"","background-image":"","background-repeat":"repeat","background-position":"center center","background-size":"auto","background-attachment":"scroll","background-type":"","background-media":"","overlay-type":"","overlay-color":"","overlay-opacity":"","overlay-gradient":""},"mobile":{"background-color":"","background-image":"","background-repeat":"repeat","background-position":"center center","background-size":"auto","background-attachment":"scroll","background-type":"","background-media":"","overlay-type":"","overlay-color":"","overlay-opacity":"","overlay-gradient":""}},"ast-content-background-meta":{"desktop":{"background-color":"var(--ast-global-color-5)","background-image":"","background-repeat":"repeat","background-position":"center center","background-size":"auto","background-attachment":"scroll","background-type":"","background-media":"","overlay-type":"","overlay-color":"","overlay-opacity":"","overlay-gradient":""},"tablet":{"background-color":"var(--ast-global-color-5)","background-image":"","background-repeat":"repeat","background-position":"center center","background-size":"auto","background-attachment":"scroll","background-type":"","background-media":"","overlay-type":"","overlay-color":"","overlay-opacity":"","overlay-gradient":""},"mobile":{"background-color":"var(--ast-global-color-5)","background-image":"","background-repeat":"repeat","background-position":"center center","background-size":"auto","background-attachment":"scroll","background-type":"","background-media":"","overlay-type":"","overlay-color":"","overlay-opacity":"","overlay-gradient":""}},"footnotes":""},"categories":[21,23],"tags":[],"class_list":["post-20218","post","type-post","status-publish","format-standard","has-post-thumbnail","hentry","category-events","category-infos"],"yoast_head":"<!-- This site is optimized with the Yoast SEO plugin v27.5 - https:\/\/yoast.com\/product\/yoast-seo-wordpress\/ -->\n<title>CBD et maladies neurod\u00e9g\u00e9n\u00e9ratives : une piste prometteuse<\/title>\n<meta name=\"description\" content=\"D\u00e9couvre comment le CBD pourrait aider \u00e0 soulager les sympt\u00f4mes de la maladie d\u2019Alzheimer et de Parkinson, gr\u00e2ce aux avanc\u00e9es scientifiques.\" \/>\n<meta name=\"robots\" content=\"index, follow, max-snippet:-1, max-image-preview:large, max-video-preview:-1\" \/>\n<link rel=\"canonical\" href=\"https:\/\/www.gardenz.fr\/news\/2025\/08\/05\/alzheimer-cbd\/\" \/>\n<meta property=\"og:locale\" content=\"fr_FR\" \/>\n<meta property=\"og:type\" content=\"article\" \/>\n<meta property=\"og:title\" content=\"CBD et maladies neurod\u00e9g\u00e9n\u00e9ratives : une piste prometteuse\" \/>\n<meta property=\"og:description\" content=\"D\u00e9couvre comment le CBD pourrait aider \u00e0 soulager les sympt\u00f4mes de la maladie d\u2019Alzheimer et de Parkinson, gr\u00e2ce aux avanc\u00e9es scientifiques.\" \/>\n<meta property=\"og:url\" content=\"https:\/\/www.gardenz.fr\/news\/2025\/08\/05\/alzheimer-cbd\/\" \/>\n<meta property=\"og:site_name\" content=\"Le Blog de Gardenz\" \/>\n<meta property=\"article:published_time\" content=\"2025-08-05T16:01:54+00:00\" \/>\n<meta property=\"article:modified_time\" content=\"2026-02-19T13:40:36+00:00\" \/>\n<meta property=\"og:image\" content=\"https:\/\/www.gardenz.fr\/news\/wp-content\/uploads\/2025\/08\/Titre-_3_-_1_.webp\" \/>\n\t<meta property=\"og:image:width\" content=\"1024\" \/>\n\t<meta property=\"og:image:height\" content=\"337\" \/>\n\t<meta property=\"og:image:type\" content=\"image\/webp\" \/>\n<meta name=\"author\" content=\"Idan Melicio\" \/>\n<meta name=\"twitter:card\" content=\"summary_large_image\" \/>\n<meta name=\"twitter:label1\" content=\"\u00c9crit par\" \/>\n\t<meta name=\"twitter:data1\" content=\"Idan Melicio\" \/>\n\t<meta name=\"twitter:label2\" content=\"Dur\u00e9e de lecture estim\u00e9e\" \/>\n\t<meta name=\"twitter:data2\" content=\"12 minutes\" \/>\n<script type=\"application\/ld+json\" class=\"yoast-schema-graph\">{\"@context\":\"https:\\\/\\\/schema.org\",\"@graph\":[{\"@type\":\"Article\",\"@id\":\"https:\\\/\\\/www.gardenz.fr\\\/news\\\/2025\\\/08\\\/05\\\/alzheimer-cbd\\\/#article\",\"isPartOf\":{\"@id\":\"https:\\\/\\\/www.gardenz.fr\\\/news\\\/2025\\\/08\\\/05\\\/alzheimer-cbd\\\/\"},\"author\":{\"name\":\"Idan Melicio\",\"@id\":\"https:\\\/\\\/www.gardenz.fr\\\/news\\\/#\\\/schema\\\/person\\\/4c29b13eadec7d3b7f81d3dc8253aa72\"},\"headline\":\"Le CBD face \u00e0 la maladie d\u2019Alzheimer et Parkinson : un espoir th\u00e9rapeutique en pleine \u00e9closion\",\"datePublished\":\"2025-08-05T16:01:54+00:00\",\"dateModified\":\"2026-02-19T13:40:36+00:00\",\"mainEntityOfPage\":{\"@id\":\"https:\\\/\\\/www.gardenz.fr\\\/news\\\/2025\\\/08\\\/05\\\/alzheimer-cbd\\\/\"},\"wordCount\":2040,\"publisher\":{\"@id\":\"https:\\\/\\\/www.gardenz.fr\\\/news\\\/#organization\"},\"image\":{\"@id\":\"https:\\\/\\\/www.gardenz.fr\\\/news\\\/2025\\\/08\\\/05\\\/alzheimer-cbd\\\/#primaryimage\"},\"thumbnailUrl\":\"https:\\\/\\\/www.gardenz.fr\\\/news\\\/wp-content\\\/uploads\\\/2025\\\/08\\\/Titre-_3_-_1_.webp\",\"articleSection\":[\"ACTUALITES CBD\",\"INFOS WEED\"],\"inLanguage\":\"fr-FR\"},{\"@type\":\"WebPage\",\"@id\":\"https:\\\/\\\/www.gardenz.fr\\\/news\\\/2025\\\/08\\\/05\\\/alzheimer-cbd\\\/\",\"url\":\"https:\\\/\\\/www.gardenz.fr\\\/news\\\/2025\\\/08\\\/05\\\/alzheimer-cbd\\\/\",\"name\":\"CBD et maladies neurod\u00e9g\u00e9n\u00e9ratives : une piste prometteuse\",\"isPartOf\":{\"@id\":\"https:\\\/\\\/www.gardenz.fr\\\/news\\\/#website\"},\"primaryImageOfPage\":{\"@id\":\"https:\\\/\\\/www.gardenz.fr\\\/news\\\/2025\\\/08\\\/05\\\/alzheimer-cbd\\\/#primaryimage\"},\"image\":{\"@id\":\"https:\\\/\\\/www.gardenz.fr\\\/news\\\/2025\\\/08\\\/05\\\/alzheimer-cbd\\\/#primaryimage\"},\"thumbnailUrl\":\"https:\\\/\\\/www.gardenz.fr\\\/news\\\/wp-content\\\/uploads\\\/2025\\\/08\\\/Titre-_3_-_1_.webp\",\"datePublished\":\"2025-08-05T16:01:54+00:00\",\"dateModified\":\"2026-02-19T13:40:36+00:00\",\"description\":\"D\u00e9couvre comment le CBD pourrait aider \u00e0 soulager les sympt\u00f4mes de la maladie d\u2019Alzheimer et de Parkinson, gr\u00e2ce aux avanc\u00e9es scientifiques.\",\"breadcrumb\":{\"@id\":\"https:\\\/\\\/www.gardenz.fr\\\/news\\\/2025\\\/08\\\/05\\\/alzheimer-cbd\\\/#breadcrumb\"},\"inLanguage\":\"fr-FR\",\"potentialAction\":[{\"@type\":\"ReadAction\",\"target\":[\"https:\\\/\\\/www.gardenz.fr\\\/news\\\/2025\\\/08\\\/05\\\/alzheimer-cbd\\\/\"]}]},{\"@type\":\"ImageObject\",\"inLanguage\":\"fr-FR\",\"@id\":\"https:\\\/\\\/www.gardenz.fr\\\/news\\\/2025\\\/08\\\/05\\\/alzheimer-cbd\\\/#primaryimage\",\"url\":\"https:\\\/\\\/www.gardenz.fr\\\/news\\\/wp-content\\\/uploads\\\/2025\\\/08\\\/Titre-_3_-_1_.webp\",\"contentUrl\":\"https:\\\/\\\/www.gardenz.fr\\\/news\\\/wp-content\\\/uploads\\\/2025\\\/08\\\/Titre-_3_-_1_.webp\",\"width\":1024,\"height\":337,\"caption\":\"Parkinson CBD\"},{\"@type\":\"BreadcrumbList\",\"@id\":\"https:\\\/\\\/www.gardenz.fr\\\/news\\\/2025\\\/08\\\/05\\\/alzheimer-cbd\\\/#breadcrumb\",\"itemListElement\":[{\"@type\":\"ListItem\",\"position\":1,\"name\":\"Accueil\",\"item\":\"https:\\\/\\\/www.gardenz.fr\\\/news\\\/\"},{\"@type\":\"ListItem\",\"position\":2,\"name\":\"Le CBD face \u00e0 la maladie d\u2019Alzheimer et Parkinson : un espoir th\u00e9rapeutique en pleine \u00e9closion\"}]},{\"@type\":\"WebSite\",\"@id\":\"https:\\\/\\\/www.gardenz.fr\\\/news\\\/#website\",\"url\":\"https:\\\/\\\/www.gardenz.fr\\\/news\\\/\",\"name\":\"Le Blog de Gardenz\",\"description\":\"Best quality CBD\",\"publisher\":{\"@id\":\"https:\\\/\\\/www.gardenz.fr\\\/news\\\/#organization\"},\"potentialAction\":[{\"@type\":\"SearchAction\",\"target\":{\"@type\":\"EntryPoint\",\"urlTemplate\":\"https:\\\/\\\/www.gardenz.fr\\\/news\\\/?s={search_term_string}\"},\"query-input\":{\"@type\":\"PropertyValueSpecification\",\"valueRequired\":true,\"valueName\":\"search_term_string\"}}],\"inLanguage\":\"fr-FR\"},{\"@type\":\"Organization\",\"@id\":\"https:\\\/\\\/www.gardenz.fr\\\/news\\\/#organization\",\"name\":\"Le Blog de Gardenz\",\"url\":\"https:\\\/\\\/www.gardenz.fr\\\/news\\\/\",\"logo\":{\"@type\":\"ImageObject\",\"inLanguage\":\"fr-FR\",\"@id\":\"https:\\\/\\\/www.gardenz.fr\\\/news\\\/#\\\/schema\\\/logo\\\/image\\\/\",\"url\":\"https:\\\/\\\/www.gardenz.fr\\\/news\\\/wp-content\\\/uploads\\\/2022\\\/06\\\/logo-gardenz-feuille-blanc-final.png\",\"contentUrl\":\"https:\\\/\\\/www.gardenz.fr\\\/news\\\/wp-content\\\/uploads\\\/2022\\\/06\\\/logo-gardenz-feuille-blanc-final.png\",\"width\":459,\"height\":200,\"caption\":\"Le Blog de Gardenz\"},\"image\":{\"@id\":\"https:\\\/\\\/www.gardenz.fr\\\/news\\\/#\\\/schema\\\/logo\\\/image\\\/\"}},{\"@type\":\"Person\",\"@id\":\"https:\\\/\\\/www.gardenz.fr\\\/news\\\/#\\\/schema\\\/person\\\/4c29b13eadec7d3b7f81d3dc8253aa72\",\"name\":\"Idan Melicio\",\"image\":{\"@type\":\"ImageObject\",\"inLanguage\":\"fr-FR\",\"@id\":\"https:\\\/\\\/secure.gravatar.com\\\/avatar\\\/a4fed9bf268062e3c5884e1b9288f4a54517dd9041d8c562678849f7f1c1eb43?s=96&d=mm&r=g\",\"url\":\"https:\\\/\\\/secure.gravatar.com\\\/avatar\\\/a4fed9bf268062e3c5884e1b9288f4a54517dd9041d8c562678849f7f1c1eb43?s=96&d=mm&r=g\",\"contentUrl\":\"https:\\\/\\\/secure.gravatar.com\\\/avatar\\\/a4fed9bf268062e3c5884e1b9288f4a54517dd9041d8c562678849f7f1c1eb43?s=96&d=mm&r=g\",\"caption\":\"Idan Melicio\"},\"url\":\"https:\\\/\\\/www.gardenz.fr\\\/news\\\/author\\\/idan-milecio\\\/\"}]}<\/script>\n<!-- \/ Yoast SEO plugin. -->","yoast_head_json":{"title":"CBD et maladies neurod\u00e9g\u00e9n\u00e9ratives : une piste prometteuse","description":"D\u00e9couvre comment le CBD pourrait aider \u00e0 soulager les sympt\u00f4mes de la maladie d\u2019Alzheimer et de Parkinson, gr\u00e2ce aux avanc\u00e9es scientifiques.","robots":{"index":"index","follow":"follow","max-snippet":"max-snippet:-1","max-image-preview":"max-image-preview:large","max-video-preview":"max-video-preview:-1"},"canonical":"https:\/\/www.gardenz.fr\/news\/2025\/08\/05\/alzheimer-cbd\/","og_locale":"fr_FR","og_type":"article","og_title":"CBD et maladies neurod\u00e9g\u00e9n\u00e9ratives : une piste prometteuse","og_description":"D\u00e9couvre comment le CBD pourrait aider \u00e0 soulager les sympt\u00f4mes de la maladie d\u2019Alzheimer et de Parkinson, gr\u00e2ce aux avanc\u00e9es scientifiques.","og_url":"https:\/\/www.gardenz.fr\/news\/2025\/08\/05\/alzheimer-cbd\/","og_site_name":"Le Blog de Gardenz","article_published_time":"2025-08-05T16:01:54+00:00","article_modified_time":"2026-02-19T13:40:36+00:00","og_image":[{"width":1024,"height":337,"url":"https:\/\/www.gardenz.fr\/news\/wp-content\/uploads\/2025\/08\/Titre-_3_-_1_.webp","type":"image\/webp"}],"author":"Idan Melicio","twitter_card":"summary_large_image","twitter_misc":{"\u00c9crit par":"Idan Melicio","Dur\u00e9e de lecture estim\u00e9e":"12 minutes"},"schema":{"@context":"https:\/\/schema.org","@graph":[{"@type":"Article","@id":"https:\/\/www.gardenz.fr\/news\/2025\/08\/05\/alzheimer-cbd\/#article","isPartOf":{"@id":"https:\/\/www.gardenz.fr\/news\/2025\/08\/05\/alzheimer-cbd\/"},"author":{"name":"Idan Melicio","@id":"https:\/\/www.gardenz.fr\/news\/#\/schema\/person\/4c29b13eadec7d3b7f81d3dc8253aa72"},"headline":"Le CBD face \u00e0 la maladie d\u2019Alzheimer et Parkinson : un espoir th\u00e9rapeutique en pleine \u00e9closion","datePublished":"2025-08-05T16:01:54+00:00","dateModified":"2026-02-19T13:40:36+00:00","mainEntityOfPage":{"@id":"https:\/\/www.gardenz.fr\/news\/2025\/08\/05\/alzheimer-cbd\/"},"wordCount":2040,"publisher":{"@id":"https:\/\/www.gardenz.fr\/news\/#organization"},"image":{"@id":"https:\/\/www.gardenz.fr\/news\/2025\/08\/05\/alzheimer-cbd\/#primaryimage"},"thumbnailUrl":"https:\/\/www.gardenz.fr\/news\/wp-content\/uploads\/2025\/08\/Titre-_3_-_1_.webp","articleSection":["ACTUALITES CBD","INFOS WEED"],"inLanguage":"fr-FR"},{"@type":"WebPage","@id":"https:\/\/www.gardenz.fr\/news\/2025\/08\/05\/alzheimer-cbd\/","url":"https:\/\/www.gardenz.fr\/news\/2025\/08\/05\/alzheimer-cbd\/","name":"CBD et maladies neurod\u00e9g\u00e9n\u00e9ratives : une piste prometteuse","isPartOf":{"@id":"https:\/\/www.gardenz.fr\/news\/#website"},"primaryImageOfPage":{"@id":"https:\/\/www.gardenz.fr\/news\/2025\/08\/05\/alzheimer-cbd\/#primaryimage"},"image":{"@id":"https:\/\/www.gardenz.fr\/news\/2025\/08\/05\/alzheimer-cbd\/#primaryimage"},"thumbnailUrl":"https:\/\/www.gardenz.fr\/news\/wp-content\/uploads\/2025\/08\/Titre-_3_-_1_.webp","datePublished":"2025-08-05T16:01:54+00:00","dateModified":"2026-02-19T13:40:36+00:00","description":"D\u00e9couvre comment le CBD pourrait aider \u00e0 soulager les sympt\u00f4mes de la maladie d\u2019Alzheimer et de Parkinson, gr\u00e2ce aux avanc\u00e9es scientifiques.","breadcrumb":{"@id":"https:\/\/www.gardenz.fr\/news\/2025\/08\/05\/alzheimer-cbd\/#breadcrumb"},"inLanguage":"fr-FR","potentialAction":[{"@type":"ReadAction","target":["https:\/\/www.gardenz.fr\/news\/2025\/08\/05\/alzheimer-cbd\/"]}]},{"@type":"ImageObject","inLanguage":"fr-FR","@id":"https:\/\/www.gardenz.fr\/news\/2025\/08\/05\/alzheimer-cbd\/#primaryimage","url":"https:\/\/www.gardenz.fr\/news\/wp-content\/uploads\/2025\/08\/Titre-_3_-_1_.webp","contentUrl":"https:\/\/www.gardenz.fr\/news\/wp-content\/uploads\/2025\/08\/Titre-_3_-_1_.webp","width":1024,"height":337,"caption":"Parkinson CBD"},{"@type":"BreadcrumbList","@id":"https:\/\/www.gardenz.fr\/news\/2025\/08\/05\/alzheimer-cbd\/#breadcrumb","itemListElement":[{"@type":"ListItem","position":1,"name":"Accueil","item":"https:\/\/www.gardenz.fr\/news\/"},{"@type":"ListItem","position":2,"name":"Le CBD face \u00e0 la maladie d\u2019Alzheimer et Parkinson : un espoir th\u00e9rapeutique en pleine \u00e9closion"}]},{"@type":"WebSite","@id":"https:\/\/www.gardenz.fr\/news\/#website","url":"https:\/\/www.gardenz.fr\/news\/","name":"Le Blog de Gardenz","description":"Best quality CBD","publisher":{"@id":"https:\/\/www.gardenz.fr\/news\/#organization"},"potentialAction":[{"@type":"SearchAction","target":{"@type":"EntryPoint","urlTemplate":"https:\/\/www.gardenz.fr\/news\/?s={search_term_string}"},"query-input":{"@type":"PropertyValueSpecification","valueRequired":true,"valueName":"search_term_string"}}],"inLanguage":"fr-FR"},{"@type":"Organization","@id":"https:\/\/www.gardenz.fr\/news\/#organization","name":"Le Blog de Gardenz","url":"https:\/\/www.gardenz.fr\/news\/","logo":{"@type":"ImageObject","inLanguage":"fr-FR","@id":"https:\/\/www.gardenz.fr\/news\/#\/schema\/logo\/image\/","url":"https:\/\/www.gardenz.fr\/news\/wp-content\/uploads\/2022\/06\/logo-gardenz-feuille-blanc-final.png","contentUrl":"https:\/\/www.gardenz.fr\/news\/wp-content\/uploads\/2022\/06\/logo-gardenz-feuille-blanc-final.png","width":459,"height":200,"caption":"Le Blog de Gardenz"},"image":{"@id":"https:\/\/www.gardenz.fr\/news\/#\/schema\/logo\/image\/"}},{"@type":"Person","@id":"https:\/\/www.gardenz.fr\/news\/#\/schema\/person\/4c29b13eadec7d3b7f81d3dc8253aa72","name":"Idan Melicio","image":{"@type":"ImageObject","inLanguage":"fr-FR","@id":"https:\/\/secure.gravatar.com\/avatar\/a4fed9bf268062e3c5884e1b9288f4a54517dd9041d8c562678849f7f1c1eb43?s=96&d=mm&r=g","url":"https:\/\/secure.gravatar.com\/avatar\/a4fed9bf268062e3c5884e1b9288f4a54517dd9041d8c562678849f7f1c1eb43?s=96&d=mm&r=g","contentUrl":"https:\/\/secure.gravatar.com\/avatar\/a4fed9bf268062e3c5884e1b9288f4a54517dd9041d8c562678849f7f1c1eb43?s=96&d=mm&r=g","caption":"Idan Melicio"},"url":"https:\/\/www.gardenz.fr\/news\/author\/idan-milecio\/"}]}},"_links":{"self":[{"href":"https:\/\/www.gardenz.fr\/news\/wp-json\/wp\/v2\/posts\/20218","targetHints":{"allow":["GET"]}}],"collection":[{"href":"https:\/\/www.gardenz.fr\/news\/wp-json\/wp\/v2\/posts"}],"about":[{"href":"https:\/\/www.gardenz.fr\/news\/wp-json\/wp\/v2\/types\/post"}],"author":[{"embeddable":true,"href":"https:\/\/www.gardenz.fr\/news\/wp-json\/wp\/v2\/users\/18"}],"replies":[{"embeddable":true,"href":"https:\/\/www.gardenz.fr\/news\/wp-json\/wp\/v2\/comments?post=20218"}],"version-history":[{"count":14,"href":"https:\/\/www.gardenz.fr\/news\/wp-json\/wp\/v2\/posts\/20218\/revisions"}],"predecessor-version":[{"id":20236,"href":"https:\/\/www.gardenz.fr\/news\/wp-json\/wp\/v2\/posts\/20218\/revisions\/20236"}],"wp:featuredmedia":[{"embeddable":true,"href":"https:\/\/www.gardenz.fr\/news\/wp-json\/wp\/v2\/media\/20235"}],"wp:attachment":[{"href":"https:\/\/www.gardenz.fr\/news\/wp-json\/wp\/v2\/media?parent=20218"}],"wp:term":[{"taxonomy":"category","embeddable":true,"href":"https:\/\/www.gardenz.fr\/news\/wp-json\/wp\/v2\/categories?post=20218"},{"taxonomy":"post_tag","embeddable":true,"href":"https:\/\/www.gardenz.fr\/news\/wp-json\/wp\/v2\/tags?post=20218"}],"curies":[{"name":"wp","href":"https:\/\/api.w.org\/{rel}","templated":true}]}}