{"id":21277,"date":"2026-03-16T15:29:16","date_gmt":"2026-03-16T14:29:16","guid":{"rendered":"https:\/\/www.gardenz.fr\/news\/?p=21277"},"modified":"2026-03-23T11:28:40","modified_gmt":"2026-03-23T10:28:40","slug":"spannabis-2026-bilbao","status":"publish","type":"post","link":"https:\/\/www.gardenz.fr\/news\/2026\/03\/16\/spannabis-2026-bilbao\/","title":{"rendered":"Spannabis 2026 \u00e0 Bilbao"},"content":{"rendered":"\t\t<div data-elementor-type=\"wp-post\" data-elementor-id=\"21277\" class=\"elementor elementor-21277\">\n\t\t\t\t\t\t<section class=\"elementor-section elementor-top-section elementor-element elementor-element-0114163 elementor-section-boxed elementor-section-height-default elementor-section-height-default\" data-id=\"0114163\" data-element_type=\"section\" data-e-type=\"section\">\n\t\t\t\t\t\t<div class=\"elementor-container elementor-column-gap-default\">\n\t\t\t\t\t<div class=\"elementor-column elementor-col-100 elementor-top-column elementor-element elementor-element-d08eaf2\" data-id=\"d08eaf2\" data-element_type=\"column\" data-e-type=\"column\">\n\t\t\t<div class=\"elementor-widget-wrap elementor-element-populated\">\n\t\t\t\t\t\t<div class=\"elementor-element elementor-element-88aef63 elementor-widget elementor-widget-text-editor\" data-id=\"88aef63\" data-element_type=\"widget\" data-e-type=\"widget\" data-widget_type=\"text-editor.default\">\n\t\t\t\t<div class=\"elementor-widget-container\">\n\t\t\t\t\t\t\t\t\t<style>\/* ARTICLE CBD \u2013 STYLE GLOBAL *\/\n.article-cbd-definition {\n  max-width: 880px;\n  margin: 0 auto;\n  padding: 24px 16px;\n  font-family: -apple-system, BlinkMacSystemFont, \"Segoe UI\", Roboto, Arial, sans-serif;\n  color: #1f1f1f;\n  line-height: 1.7;\n  font-size: 1.05rem;\n}\n\n\/* Liens *\/\n.article-cbd-definition a {\n  color: #1f7a3f;\n  text-decoration: none;\n  border-bottom: 1px solid rgba(31,122,63,0.3);\n}\n\n.article-cbd-definition a:hover {\n  border-bottom-color: #1f7a3f;\n}\n\n\/* Titres *\/\n.article-cbd-definition h2 {\n  font-size: 1.35rem;\n  font-weight: 600;\n  margin: 2.4rem 0 0.8rem;\n  padding-left: 12px;\n  border-left: 4px solid #1f7a3f;\n}\n\n\/* Paragraphes *\/\n.article-cbd-definition p {\n  margin-bottom: 1rem;\n  max-width: 70ch;\n}\n\n\/* Sommaire accord\u00e9on *\/\n.article-cbd-definition .sommaire-accordion {\n  background: rgba(230,230,230,0.7);\n  backdrop-filter: blur(24px);\n  -webkit-backdrop-filter: blur(24px);\n  border: 1px solid rgba(180,180,180,0.35);\n  border-radius: 16px;\n  padding: 18px 20px;\n  margin-bottom: 40px;\n  box-shadow: 0 18px 36px rgba(0,0,0,0.12);\n}\n\n.article-cbd-definition .sommaire-accordion summary {\n  cursor: pointer;\n  font-weight: 600;\n  list-style: none;\n}\n\n.article-cbd-definition .sommaire-accordion summary::after {\n  content: \"\u25bc\";\n  float: right;\n  font-size: 0.75rem;\n  transition: transform 0.2s ease;\n}\n\n.article-cbd-definition .sommaire-accordion[open] summary::after {\n  transform: rotate(180deg);\n}\n\n\/* ===== TABLEAUX ===== *\/\n\n\/* Wrapper visuel commun *\/\n.article-cbd-definition table {\n  width: 100%;\n  border-collapse: collapse;\n  margin: 1.8rem 0 2.6rem;\n  background: #ffffff;\n  border-radius: 14px;\n  overflow: hidden;\n  box-shadow: 0 12px 30px rgba(0,0,0,0.08);\n  font-size: 0.95rem;\n}\n\n\/* En-t\u00eates *\/\n.article-cbd-definition thead {\n  background: linear-gradient(135deg, #1f7a3f, #2e9b58);\n  color: #ffffff;\n}\n\n.article-cbd-definition th {\n  text-align: left;\n  padding: 14px 16px;\n  font-weight: 600;\n  letter-spacing: 0.2px;\n}\n\n\/* Cellules *\/\n.article-cbd-definition td {\n  padding: 14px 16px;\n  border-bottom: 1px solid rgba(0,0,0,0.06);\n}\n\n\/* Derni\u00e8re ligne *\/\n.article-cbd-definition tbody tr:last-child td {\n  border-bottom: none;\n}\n\n\/* Hover UX *\/\n.article-cbd-definition tbody tr:hover {\n  background: rgba(31,122,63,0.05);\n}\n\n\/* Colonnes plus lisibles *\/\n.article-cbd-definition td:first-child {\n  font-weight: 600;\n  color: #1f7a3f;\n}\n\n\/* Tables sp\u00e9cifiques (optionnel pour \u00e9volution) *\/\n.article-cbd-definition .table-terpenes td:nth-child(2),\n.article-cbd-definition .table-fleurs td:nth-child(2) {\n  color: #444;\n}\n\n.article-cbd-definition .table-terpenes td:nth-child(3),\n.article-cbd-definition .table-fleurs td:nth-child(3) {\n  font-style: italic;\n  color: #555;\n}\n\n\/* Responsive tableaux *\/\n@media (max-width: 720px) {\n  .article-cbd-definition table {\n    font-size: 0.9rem;\n  }\n\n  .article-cbd-definition th,\n  .article-cbd-definition td {\n    padding: 12px 10px;\n  }\n}\n\n\/* Scroll ancre *\/\n.article-cbd-definition * {\n  scroll-margin-top: 90px;\n}\n\n\/* Mobile *\/\n@media (max-width: 600px) {\n  .article-cbd-definition {\n    font-size: 1rem;\n  }\n\n  .article-cbd-definition h2 {\n    font-size: 1.2rem;\n  }\n}\n<\/style>\t\t\t\t\t\t\t\t<\/div>\n\t\t\t\t<\/div>\n\t\t\t\t\t<\/div>\n\t\t<\/div>\n\t\t\t\t\t<\/div>\n\t\t<\/section>\n\t\t\t\t<section class=\"elementor-section elementor-top-section elementor-element elementor-element-c199b05 elementor-section-boxed elementor-section-height-default elementor-section-height-default\" data-id=\"c199b05\" data-element_type=\"section\" data-e-type=\"section\">\n\t\t\t\t\t\t<div class=\"elementor-container elementor-column-gap-default\">\n\t\t\t\t\t<div class=\"elementor-column elementor-col-100 elementor-top-column elementor-element elementor-element-6f06917\" data-id=\"6f06917\" data-element_type=\"column\" data-e-type=\"column\">\n\t\t\t<div class=\"elementor-widget-wrap elementor-element-populated\">\n\t\t\t\t\t\t<div class=\"elementor-element elementor-element-ecbde08 elementor-widget elementor-widget-text-editor\" data-id=\"ecbde08\" data-element_type=\"widget\" data-e-type=\"widget\" data-widget_type=\"text-editor.default\">\n\t\t\t\t<div class=\"elementor-widget-container\">\n\t\t\t\t\t\t\t\t\t<style>\/* === IMAGES ARTICLE === *\/\n.article-cbd-definition .article-hero {\n  margin: 32px auto 40px;\n  max-width: 960px;\n}\n\n.article-cbd-definition .article-hero img {\n  width: 100%;\n  height: auto;\n  display: block;\n  border-radius: 18px;\n  box-shadow: \n    0 12px 28px rgba(0,0,0,0.18),\n    inset 0 0 0 1px rgba(255,255,255,0.15);\n  object-fit: cover;\n}\n\n\/* Variante image milieu de contenu *\/\n.article-cbd-definition .article-image {\n  margin: 28px auto;\n  max-width: 860px;\n}\n\n.article-cbd-definition .article-image img {\n  width: 100%;\n  border-radius: 14px;\n  box-shadow: 0 10px 24px rgba(0,0,0,0.15);\n}\n\n\/* L\u00e9gende optionnelle *\/\n.article-cbd-definition .image-caption {\n  margin-top: 8px;\n  font-size: 0.85rem;\n  color: #6a6a6a;\n  text-align: center;\n  font-style: italic;\n}\n\n\/* Responsive *\/\n@media (max-width: 768px) {\n  .article-cbd-definition .article-hero {\n    margin: 24px auto 28px;\n  }\n\n  .article-cbd-definition .article-hero img {\n    border-radius: 12px;\n  }\n}\n<\/style>\t\t\t\t\t\t\t\t<\/div>\n\t\t\t\t<\/div>\n\t\t\t\t\t<\/div>\n\t\t<\/div>\n\t\t\t\t\t<\/div>\n\t\t<\/section>\n\t\t\t\t<section class=\"elementor-section elementor-top-section elementor-element elementor-element-cda3aac elementor-section-boxed elementor-section-height-default elementor-section-height-default\" data-id=\"cda3aac\" data-element_type=\"section\" data-e-type=\"section\">\n\t\t\t\t\t\t<div class=\"elementor-container elementor-column-gap-default\">\n\t\t\t\t\t<div class=\"elementor-column elementor-col-100 elementor-top-column elementor-element elementor-element-3f95c0d\" data-id=\"3f95c0d\" data-element_type=\"column\" data-e-type=\"column\">\n\t\t\t<div class=\"elementor-widget-wrap elementor-element-populated\">\n\t\t\t\t\t\t<div class=\"elementor-element elementor-element-6c91550 elementor-widget elementor-widget-text-editor\" data-id=\"6c91550\" data-element_type=\"widget\" data-e-type=\"widget\" data-widget_type=\"text-editor.default\">\n\t\t\t\t<div class=\"elementor-widget-container\">\n\t\t\t\t\t\t\t\t\t<style>.article-cbd-definition img{\n  max-width:100%;\n  height:auto;\n  display:block;\n  margin:18px auto;\n  border:1px solid #531b0e; \/* Marron Gardenz *\/\n  border-radius:18px;\n  background:#fff;\n  box-shadow:0 6px 18px rgba(0,0,0,0.08);\n  transition:transform .2s ease, box-shadow .2s ease;\n}\n\n.article-cbd-definition img:hover{\n  transform:translateY(-2px);\n  box-shadow:0 10px 24px rgba(0,0,0,0.12);\n}<\/style>\t\t\t\t\t\t\t\t<\/div>\n\t\t\t\t<\/div>\n\t\t\t\t<div class=\"elementor-element elementor-element-4801657 elementor-widget elementor-widget-text-editor\" data-id=\"4801657\" data-element_type=\"widget\" data-e-type=\"widget\" data-widget_type=\"text-editor.default\">\n\t\t\t\t<div class=\"elementor-widget-container\">\n\t\t\t\t\t\t\t\t\t<article class=\"article-cbd-definition\">\n\n  <div class=\"article-author\">\n    <p>Par l&rsquo;\u00e9quipe Gardenz \u2014 Mars 2026 | Mise \u00e0 jour : Mars 2026<\/p>\n  <\/div>\n\n  <h1>Spannabis 2026 \u00e0 Bilbao \u2014 Le Guide Complet<\/h1>\n\n  <p class=\"article-intro\">\n    La <strong>Spannabis 2026<\/strong> quitte Barcelone pour la premi\u00e8re fois \n    de son histoire. Direction <strong>Bilbao<\/strong>, au Pays Basque espagnol, \n    pour une 23\u00e8me \u00e9dition qui s&rsquo;annonce historique. Du <strong>17 au 19 avril 2026<\/strong> \n    au Bilbao Exhibition Centre, le plus grand salon du cannabis en Europe \n    ouvre ses portes dans un lieu enti\u00e8rement nouveau. \n    Tout ce qu&rsquo;il faut savoir pour pr\u00e9parer ta visite.\n  <\/p>\n\n  <div class=\"sommaire-accordion\">\n    <h2>Sommaire<\/h2>\n    <details open>\n      <summary>Au programme<\/summary>\n      <ul>\n        <li><a href=\"#pourquoi-bilbao\">Pourquoi Bilbao ?<\/a><\/li>\n        <li><a href=\"#infos-pratiques\">Infos pratiques \u2014 dates, horaires, billets<\/a><\/li>\n        <li><a href=\"#programme\">Programme \u2014 Champions Cup, WCC, musique<\/a><\/li>\n        <li><a href=\"#quoi-voir\">Quoi voir et faire sur place<\/a><\/li>\n        <li><a href=\"#venir\">Comment venir depuis la France<\/a><\/li>\n        <li><a href=\"#bilbao-cannabis\">Bilbao et le cannabis en 2026<\/a><\/li>\n        <li><a href=\"#gardenz\">Gardenz \u00e0 la Spannabis<\/a><\/li>\n      <\/ul>\n    <\/details>\n  <\/div>\n\n  <h2 id=\"pourquoi-bilbao\">Pourquoi Bilbao ? Un d\u00e9m\u00e9nagement historique<\/h2>\n  <p>\n    Depuis sa premi\u00e8re \u00e9dition en 2002, la Spannabis s&rsquo;est tenue chaque ann\u00e9e \n    \u00e0 la <strong>Fira de Cornell\u00e0<\/strong>, aux portes de Barcelone. \n    En 2025, l&rsquo;organisation a annonc\u00e9 la nouvelle qui a secou\u00e9 toute la communaut\u00e9 : \n    l&rsquo;enceinte barcelonaise est vou\u00e9e \u00e0 la d\u00e9molition, \n    et aucune alternative capable d&rsquo;accueillir un \u00e9v\u00e9nement de cette envergure \n    n&rsquo;existe dans la capitale catalane.\n  <\/p>\n  <p>\n    Le choix s&rsquo;est port\u00e9 sur le <strong>Bilbao Exhibition Centre (BEC)<\/strong>, \n    situ\u00e9 techniquement \u00e0 Barakaldo, en p\u00e9riph\u00e9rie imm\u00e9diate de Bilbao. \n    Un lieu qui coche toutes les cases : plus de <strong>150 000 m\u00b2<\/strong> \n    d&rsquo;espace r\u00e9partis sur plusieurs pavillons, infrastructures modernes, \n    restauration sur place, Wi-Fi, parking, et une connectivit\u00e9 exceptionnelle \n    (TGV, m\u00e9tro, autoroutes, vols internationaux).\n  <\/p>\n  <p>\n    Au-del\u00e0 de la logistique, Bilbao est une ville qui fait sens pour cet \u00e9v\u00e9nement. \n    Dynamique, culturellement riche, avec une gastronomie de r\u00e9putation mondiale \n    et le <strong>mus\u00e9e Guggenheim<\/strong> comme symbole d&rsquo;une ville qui n&rsquo;a pas \n    peur de se r\u00e9inventer. Le Pays Basque espagnol a aussi une culture des \n    <strong>clubs de consommateurs de cannabis<\/strong> parmi les plus d\u00e9velopp\u00e9es \n    d&rsquo;Espagne \u2014 un territoire familier avec la plante.\n  <\/p>\n\n  <h2 id=\"infos-pratiques\">Infos pratiques \u2014 Dates, horaires, tarifs<\/h2>\n\n  <table class=\"category-table\">\n    <thead>\n      <tr>\n        <th>Info<\/th>\n        <th>D\u00e9tail<\/th>\n      <\/tr>\n    <\/thead>\n    <tbody>\n      <tr>\n        <td><strong>Dates<\/strong><\/td>\n        <td>Vendredi 17, samedi 18 et dimanche 19 avril 2026<\/td>\n      <\/tr>\n      <tr>\n        <td><strong>Lieu<\/strong><\/td>\n        <td>Bilbao Exhibition Centre (BEC) \u2014 Pavillon 1, Ronda de Azkue 1, Barakaldo<\/td>\n      <\/tr>\n      <tr>\n        <td><strong>Horaires<\/strong><\/td>\n        <td>Vendredi et samedi : 11h\u201320h | Dimanche : 11h\u201319h30 (billetterie d\u00e8s 10h30)<\/td>\n      <\/tr>\n      <tr>\n        <td><strong>Billet 1 jour<\/strong><\/td>\n        <td>20\u20ac sur place | 19\u20ac en avance<\/td>\n      <\/tr>\n      <tr>\n        <td><strong>Pass 3 jours<\/strong><\/td>\n        <td>45\u20ac sur place | 43\u20ac en avance<\/td>\n      <\/tr>\n      <tr>\n        <td><strong>Acc\u00e8s<\/strong><\/td>\n        <td>R\u00e9serv\u00e9 aux +18 ans \u2014 pi\u00e8ce d&rsquo;identit\u00e9 obligatoire<\/td>\n      <\/tr>\n    <\/tbody>\n  <\/table>\n\n  <div class=\"category-callout\">\n    \ud83d\udca1 <strong>Conseil :<\/strong> prends ton billet en avance. \n    La Spannabis attire plus de <strong>40 000 visiteurs<\/strong> sur trois jours \n    et les files d&rsquo;attente \u00e0 l&rsquo;entr\u00e9e peuvent \u00eatre longues, \n    notamment le samedi. Le pass 3 jours est clairement \n    le meilleur rapport qualit\u00e9\/prix si tu viens de France.\n  <\/div>\n\n  <div class=\"article-author\">\n    <p>O\u00f9 prendre votre billet ? -> RDV sur le <a href=\"https:\/\/spannabis.es\/bilbao\/en\/home\/\" target=\"blank\" rel=\"nofollow\">site officiel de la Spannabis<\/a> !<\/p>\n  <\/div>\n\n  <h2 id=\"programme\">Programme 2026 \u2014 Ce qui t&rsquo;attend<\/h2>\n\n  <h3>La Spannabis Champions Cup \u2014 20\u00e8me \u00e9dition<\/h3>\n  <p>\n    La <strong>Spannabis Champions Cup<\/strong> f\u00eate ses 20 ans cette ann\u00e9e. \n    C&rsquo;est la coupe de cannabis la plus reconnue d&rsquo;Espagne et l&rsquo;une des plus \n    prestigieuses au monde. En 2026, l&rsquo;organisation revient aux fondamentaux : \n    <strong>jury VIP exclusif<\/strong> pour chaque cat\u00e9gorie, \n    sans vote public \u2014 pour garantir l&rsquo;int\u00e9grit\u00e9 de l&rsquo;\u00e9valuation.\n  <\/p>\n  <p>\n    La <strong>c\u00e9r\u00e9monie de remise des prix<\/strong> aura lieu le \n    <strong>vendredi 17 avril \u00e0 19h<\/strong>, dans l&rsquo;espace conf\u00e9rences \n    de la Spannabis Bilbao, en simultan\u00e9 avec la World Cannabis Conference. \n    C&rsquo;est LE moment de la premi\u00e8re journ\u00e9e \u2014 \u00e0 ne pas manquer si tu es sur place.\n  <\/p>\n\n  <h3>La World Cannabis Conference \u2014 15\u00e8me \u00e9dition<\/h3>\n  <p>\n    En parall\u00e8le du salon, la <strong>World Cannabis Conference (WCC)<\/strong> \n    c\u00e9l\u00e8bre sa 15\u00e8me \u00e9dition. C&rsquo;est le forum international de r\u00e9f\u00e9rence \n    qui r\u00e9unit scientifiques, m\u00e9decins, juristes et d\u00e9cideurs politiques \n    pour d\u00e9battre des sujets les plus br\u00fblants du moment.\n  <\/p>\n  <p>\n    En 2026, le contexte espagnol rend ces conf\u00e9rences particuli\u00e8rement pertinentes : \n    fin 2025, le gouvernement espagnol a adopt\u00e9 le <strong>Real Decreto 903\/2025<\/strong>, \n    premier cadre l\u00e9gal \u00e9tablissant les bases du cannabis m\u00e9dical en Espagne. \n    Les implications pour le secteur, les patients et les acteurs \u00e9conomiques \n    seront au c\u0153ur des d\u00e9bats.\n  <\/p>\n\n  <h3>Musique live et ambiance festival<\/h3>\n  <p>\n    La Spannabis, c&rsquo;est aussi une sc\u00e8ne. Le line-up couvre tous les styles \n    indissociables de la culture cannabis : <strong>reggae, dub, dancehall, \n    hip hop, funk, afrobeats, drum &#038; bass, \u00e9lectro<\/strong>. \n    Des zones chill-out et des food trucks compl\u00e8tent l&rsquo;exp\u00e9rience, \n    transformant le BEC en quelque chose qui ressemble davantage \n    \u00e0 un festival qu&rsquo;\u00e0 un salon professionnel classique.\n  <\/p>\n\n  <h3>La zone CBD &#038; Chanvre<\/h3>\n  <p>\n    Nouveaut\u00e9 confirm\u00e9e pour Bilbao : un <strong>espace d\u00e9di\u00e9 au CBD et au chanvre<\/strong> \n    industriel. Huiles CBD, fleurs, cosm\u00e9tiques, edibles, vape sans THC, \n    textiles et mat\u00e9riaux de construction \u00e0 base de chanvre. \n    Un univers \u00e0 part enti\u00e8re dans le salon, qui refl\u00e8te la diversification \n    massive du secteur depuis cinq ans.\n  <\/p>\n\n  <h2 id=\"quoi-voir\">Quoi voir et faire sur place<\/h2>\n  <p>\n    Avec <strong>300 exposants internationaux<\/strong> attendus, \n    il est facile de se perdre. Voici les priorit\u00e9s selon ton profil :\n  <\/p>\n  <p>\n    <strong>Tu es consommateur de CBD<\/strong> \u2014 direction la zone CBD &#038; Chanvre. \n    C&rsquo;est l\u00e0 que les marques lancent leurs nouveaut\u00e9s annuelles : \n    nouvelles mol\u00e9cules (HHC, THCV, CBG, CBN), nouvelles formules, \n    nouveaux formats. Tu trouveras aussi des d\u00e9monstrations \n    d&rsquo;extraction et de production.\n  <\/p>\n  <p>\n    <strong>Tu es passionn\u00e9 de g\u00e9n\u00e9tique et culture<\/strong> \u2014 \n    les stands des seedbanks sont incontournables. \n    C&rsquo;est l\u00e0 que les nouvelles vari\u00e9t\u00e9s de l&rsquo;ann\u00e9e sont pr\u00e9sent\u00e9es \n    en avant-premi\u00e8re, avant leur commercialisation. \n    La Champions Cup cr\u00e9e toujours un effet de mise en lumi\u00e8re \n    sur les g\u00e9n\u00e9tiques prim\u00e9es.\n  <\/p>\n  <p>\n    <strong>Tu travailles dans le secteur<\/strong> \u2014 \n    la World Cannabis Conference et les espaces networking \n    sont ta priorit\u00e9. Le passage au BEC offre des espaces \n    professionnels plus spacieux que l&rsquo;ancienne Fira de Cornell\u00e0, \n    avec des zones d\u00e9di\u00e9es au B2B.\n  <\/p>\n  <p>\n    <strong>Tu viens pour l&rsquo;ambiance<\/strong> \u2014 \n    prends le pass 3 jours, arrive t\u00f4t le vendredi pour la c\u00e9r\u00e9monie Champions Cup, \n    profite de la sc\u00e8ne le samedi soir, et prends le temps de fl\u00e2ner \n    dans les all\u00e9es sans agenda pr\u00e9cis. C&rsquo;est souvent l\u00e0 que les \n    meilleures d\u00e9couvertes se font.\n  <\/p>\n\n  <h2 id=\"venir\">Comment venir depuis la France<\/h2>\n  <p>\n    Bilbao est <strong>remarquablement bien connect\u00e9e \u00e0 la France<\/strong>, \n    notamment depuis le Sud-Ouest. C&rsquo;est un des arguments forts du BEC \n    pour les visiteurs fran\u00e7ais.\n  <\/p>\n  <p>\n    <strong>En voiture<\/strong> \u2014 depuis Paris : environ 6h30 via l&rsquo;A10 puis l&rsquo;A63 \n    jusqu&rsquo;\u00e0 Bayonne, puis passage fronti\u00e8re \u00e0 Irun\/Hendaye, \n    et environ 1h sur l&rsquo;A8 espagnole jusqu&rsquo;\u00e0 Bilbao. \n    Depuis Bordeaux : 3h. Depuis Toulouse : 3h30. \n    Le BEC dispose de parkings sur site.\n  <\/p>\n  <p>\n    <strong>En train<\/strong> \u2014 depuis Paris Montparnasse, \n    TGV jusqu&rsquo;\u00e0 Bayonne ou Biarritz (3h45), \n    puis connexion vers Bilbao (1h30 environ par Hendaye). \n    Option Ouigo disponible sur Paris-Bayonne pour les petits budgets.\n  <\/p>\n  <p>\n    <strong>En avion<\/strong> \u2014 l&rsquo;a\u00e9roport de Bilbao (BIO) est desservi \n    depuis Paris (CDG et Orly), Lyon, Marseille et Nice. \n    Compter 1h30 de vol. Des navettes relient l&rsquo;a\u00e9roport \n    au centre de Bilbao et au BEC.\n  <\/p>\n  <p>\n    <strong>Sur place<\/strong> \u2014 le BEC est directement accessible \n    en m\u00e9tro (ligne 1 ou 2, station San Mam\u00e9s ou Barakaldo) \n    depuis le centre de Bilbao. Compter 15 minutes depuis la Plaza Mayor.\n  <\/p>\n\n  <div class=\"category-callout\">\n    \ud83c\udfe8 <strong>H\u00e9bergement :<\/strong> r\u00e9serve d\u00e8s maintenant. \n    Bilbao est une ville touristique et les h\u00f4tels proches du BEC \n    seront pris d&rsquo;assaut en avril. Le centre historique de Bilbao \n    (Casco Viejo) est \u00e0 15 minutes en m\u00e9tro du BEC \u2014 \n    c&rsquo;est la zone id\u00e9ale pour combiner salon et d\u00e9couverte de la ville.\n  <\/div>\n\n  <h2 id=\"bilbao-cannabis\">Bilbao et le cannabis en 2026 : un contexte favorable<\/h2>\n  <p>\n    Le Pays Basque espagnol est une r\u00e9gion particuli\u00e8re dans le paysage \n    europ\u00e9en du cannabis. Les <strong>clubs de consommateurs<\/strong> \n    (asociaciones cann\u00e1bicas) y sont l\u00e9galement encadr\u00e9s depuis des ann\u00e9es \u2014 \n    un mod\u00e8le de consommation priv\u00e9e et associative qui n&rsquo;existe pas en France.\n  <\/p>\n  <p>\n    En d\u00e9cembre 2025, le gouvernement espagnol a adopt\u00e9 le \n    <strong>Real Decreto 903\/2025<\/strong>, premier d\u00e9cret \u00e9tablissant \n    un cadre l\u00e9gal pour l&rsquo;usage m\u00e9dical du cannabis en Espagne. \n    Ce contexte r\u00e9glementaire en \u00e9volution rapide rend la visite \n    de la Spannabis 2026 particuli\u00e8rement instructive pour qui \n    s&rsquo;int\u00e9resse \u00e0 l&rsquo;avenir du secteur en Europe.\n  <\/p>\n  <p>\n    Pour les visiteurs fran\u00e7ais, rappel important : \n    les r\u00e8gles fran\u00e7aises s&rsquo;appliquent \u00e0 votre retour. \n    Le cannabis r\u00e9cr\u00e9atif reste ill\u00e9gal en France et les produits \n    achet\u00e9s en Espagne ne peuvent pas \u00eatre ramen\u00e9s sur le territoire fran\u00e7ais. \n    Les produits <strong>CBD conformes<\/strong> (THC \u2264 0,3 %) \n    restent l\u00e9gaux et peuvent \u00eatre transport\u00e9s dans l&rsquo;UE.\n  <\/p>\n\n  <h2 id=\"gardenz\">Gardenz \u00e0 la Spannabis 2026<\/h2>\n  <p>\n    Chez <strong>Gardenz<\/strong>, on suit la Spannabis depuis des ann\u00e9es \n    et on sera pr\u00e9sents \u00e0 Bilbao. C&rsquo;est un \u00e9v\u00e9nement cl\u00e9 pour d\u00e9couvrir \n    les nouvelles mol\u00e9cules, les nouvelles marques et les tendances \n    du secteur en avance \u2014 tout ce qu&rsquo;on ram\u00e8ne ensuite dans notre catalogue.\n  <\/p>\n  <p>\n    Si tu passes par la Spannabis et que tu cherches des produits \n    CBD de qualit\u00e9 avant ou apr\u00e8s l&rsquo;\u00e9v\u00e9nement, retrouve notre s\u00e9lection en ligne : \n    <a href=\"https:\/\/www.gardenz.fr\/3-fleur-de-chanvre-cbd\">fleurs CBD<\/a>, \n    <a href=\"https:\/\/www.gardenz.fr\/393-huile-cbd\">huiles CBD<\/a>, \n    <a href=\"https:\/\/www.gardenz.fr\/475-gummies-thc\">gummies THC<\/a> \n    et toute notre gamme disponible sur gardenz.fr avec livraison 24-48h.\n  <\/p>\n\n  <div class=\"sommaire-accordion\">\n    <h2>FAQ \u2014 Spannabis 2026 Bilbao<\/h2>\n\n    <details>\n      <summary>Quand et o\u00f9 se tient la Spannabis 2026 ?<\/summary>\n      <p>Du vendredi 17 au dimanche 19 avril 2026 au Bilbao Exhibition Centre (BEC), \n      Pavillon 1, Ronda de Azkue 1, Barakaldo (Bilbao), Espagne.<\/p>\n    <\/details>\n\n    <details>\n      <summary>Combien co\u00fbte l&rsquo;entr\u00e9e \u00e0 la Spannabis 2026 ?<\/summary>\n      <p>20\u20ac le billet 1 jour (19\u20ac en pr\u00e9vente) et 45\u20ac le pass 3 jours \n      (43\u20ac en pr\u00e9vente). L&rsquo;\u00e9v\u00e9nement est r\u00e9serv\u00e9 aux +18 ans \u2014 \n      pi\u00e8ce d&rsquo;identit\u00e9 obligatoire.<\/p>\n    <\/details>\n\n    <details>\n      <summary>Pourquoi la Spannabis quitte-t-elle Barcelone ?<\/summary>\n      <p>La Fira de Cornell\u00e0, qui accueillait l&rsquo;\u00e9v\u00e9nement depuis 2002, \n      est programm\u00e9e pour d\u00e9molition. N&rsquo;ayant pas trouv\u00e9 d&rsquo;alternative \n      adapt\u00e9e \u00e0 Barcelone, l&rsquo;organisation a choisi le BEC de Bilbao \n      pour ses infrastructures modernes et sa connectivit\u00e9 exceptionnelle.<\/p>\n    <\/details>\n\n    <details>\n      <summary>Qu&rsquo;est-ce que la Spannabis Champions Cup ?<\/summary>\n      <p>La Spannabis Champions Cup est la comp\u00e9tition de cannabis \n      la plus reconnue d&rsquo;Espagne. En 2026, c&rsquo;est la 20\u00e8me \u00e9dition. \n      La c\u00e9r\u00e9monie de remise des prix a lieu le vendredi 17 avril \u00e0 19h. \n      Seul un jury VIP peut voter cette ann\u00e9e.<\/p>\n    <\/details>\n\n    <details>\n      <summary>Comment aller au BEC depuis le centre de Bilbao ?<\/summary>\n      <p>En m\u00e9tro ligne 1 ou 2, stations San Mam\u00e9s ou Barakaldo. \n      Compter 10-15 minutes depuis le centre. \n      En voiture, plusieurs parkings sont disponibles sur site.<\/p>\n    <\/details>\n\n    <details>\n      <summary>Peut-on ramener des produits cannabis achet\u00e9s en Espagne en France ?<\/summary>\n      <p>Non pour le cannabis r\u00e9cr\u00e9atif \u2014 ill\u00e9gal en France. \n      Les produits CBD conformes (THC \u2264 0,3 %) peuvent \u00eatre transport\u00e9s \n      dans l&rsquo;Union Europ\u00e9enne. Conserve la preuve d&rsquo;achat et \n      les analyses laboratoire du produit.<\/p>\n    <\/details>\n\n  <\/div>\n\n<\/article>\n\n<script type=\"application\/ld+json\">\n{\n  \"@context\": \"https:\/\/schema.org\",\n  \"@type\": \"Article\",\n  \"headline\": \"Spannabis 2026 \u00e0 Bilbao \u2014 Dates, Billets, Programme et Guide Complet\",\n  \"datePublished\": \"2026-03-16\",\n  \"dateModified\": \"2026-03-16\",\n  \"author\": {\n    \"@type\": \"Organization\",\n    \"name\": \"Gardenz\"\n  },\n  \"publisher\": {\n    \"@type\": \"Organization\",\n    \"name\": \"Gardenz\",\n    \"url\": \"https:\/\/www.gardenz.fr\"\n  },\n  \"description\": \"Guide complet pour la Spannabis 2026 \u00e0 Bilbao \u2014 dates, horaires, tarifs, Champions Cup, World Cannabis Conference et conseils pour venir depuis la France.\",\n  \"mainEntityOfPage\": {\n    \"@type\": \"WebPage\",\n    \"@id\": \"https:\/\/www.gardenz.fr\/news\/2026\/03\/spannabis-2026-bilbao\/\"\n  }\n}\n<\/script>\n\n<script type=\"application\/ld+json\">\n{\n  \"@context\": \"https:\/\/schema.org\",\n  \"@type\": \"Event\",\n  \"name\": \"Spannabis 2026 Bilbao\",\n  \"startDate\": \"2026-04-17T11:00\",\n  \"endDate\": \"2026-04-19T19:30\",\n  \"location\": {\n    \"@type\": \"Place\",\n    \"name\": \"Bilbao Exhibition Centre (BEC)\",\n    \"address\": {\n      \"@type\": \"PostalAddress\",\n      \"streetAddress\": \"Ronda de Azkue 1\",\n      \"addressLocality\": \"Barakaldo\",\n      \"addressRegion\": \"Pays Basque\",\n      \"addressCountry\": \"ES\"\n    }\n  },\n  \"description\": \"23\u00e8me \u00e9dition de la plus grande foire du cannabis en Europe \u2014 exposition, World Cannabis Conference, Spannabis Champions Cup et musique live.\",\n  \"organizer\": {\n    \"@type\": \"Organization\",\n    \"name\": \"Spannabis\",\n    \"url\": \"https:\/\/spannabis.es\"\n  },\n  \"offers\": {\n    \"@type\": \"Offer\",\n    \"price\": \"20\",\n    \"priceCurrency\": \"EUR\",\n    \"availability\": \"https:\/\/schema.org\/InStock\"\n  }\n}\n<\/script>\t\t\t\t\t\t\t\t<\/div>\n\t\t\t\t<\/div>\n\t\t\t\t<div class=\"elementor-element elementor-element-45c2fc9 elementor-widget elementor-widget-text-editor\" data-id=\"45c2fc9\" data-element_type=\"widget\" data-e-type=\"widget\" data-widget_type=\"text-editor.default\">\n\t\t\t\t<div class=\"elementor-widget-container\">\n\t\t\t\t\t\t\t\t\t<style>\/* Bloc auteur *\/\n.article-cbd-definition .article-author{\n  margin: 3rem 0 2rem;\n  padding: 16px 18px;\n  background: #f2f2f2;\n  border-radius: 14px;\n  font-size: 0.95rem;\n  color: #333;\n  max-width: 70ch;\n}\n\n.article-cbd-definition .article-author strong{\n  display: block;\n  margin-bottom: 4px;\n  color: #1f7a3f;\n  font-weight: 600;\n}\n\n\/* Bloc sources *\/\n.article-cbd-definition h3#sources{\n  margin-top: 2.5rem;\n}\n\n.article-cbd-definition .article-sources{\n  margin: 1.5rem 0 0;\n  padding: 16px 18px;\n  background: #f6f6f6;\n  border-radius: 14px;\n  font-size: 0.9rem;\n  color: #444;\n  max-width: 70ch;\n}\n\n.article-cbd-definition .article-sources a{\n  color: #1f7a3f;\n  border-bottom: 1px solid rgba(31,122,63,0.3);\n}\n\n.article-cbd-definition .article-sources a:hover{\n  border-bottom-color: #1f7a3f;\n}<\/style>\t\t\t\t\t\t\t\t<\/div>\n\t\t\t\t<\/div>\n\t\t\t\t\t<\/div>\n\t\t<\/div>\n\t\t\t\t\t<\/div>\n\t\t<\/section>\n\t\t\t\t<\/div>\n\t\t","protected":false},"excerpt":{"rendered":"<p>Par l&rsquo;\u00e9quipe Gardenz \u2014 Mars 2026 | Mise \u00e0 jour : Mars 2026 Spannabis 2026 \u00e0 Bilbao \u2014 Le Guide Complet La Spannabis 2026 quitte Barcelone pour la premi\u00e8re fois de son histoire. Direction Bilbao, au Pays Basque espagnol, pour une 23\u00e8me \u00e9dition qui s&rsquo;annonce historique. Du 17 au 19 avril 2026 au Bilbao Exhibition [&hellip;]<\/p>\n","protected":false},"author":19,"featured_media":21282,"comment_status":"closed","ping_status":"closed","sticky":false,"template":"","format":"standard","meta":{"site-sidebar-layout":"default","site-content-layout":"default","ast-site-content-layout":"default","site-content-style":"default","site-sidebar-style":"default","ast-global-header-display":"","ast-banner-title-visibility":"","ast-main-header-display":"","ast-hfb-above-header-display":"","ast-hfb-below-header-display":"","ast-hfb-mobile-header-display":"","site-post-title":"","ast-breadcrumbs-content":"","ast-featured-img":"","footer-sml-layout":"","ast-disable-related-posts":"","theme-transparent-header-meta":"default","adv-header-id-meta":"","stick-header-meta":"","header-above-stick-meta":"","header-main-stick-meta":"","header-below-stick-meta":"","astra-migrate-meta-layouts":"default","ast-page-background-enabled":"default","ast-page-background-meta":{"desktop":{"background-color":"var(--ast-global-color-4)","background-image":"","background-repeat":"repeat","background-position":"center center","background-size":"auto","background-attachment":"scroll","background-type":"","background-media":"","overlay-type":"","overlay-color":"","overlay-opacity":"","overlay-gradient":""},"tablet":{"background-color":"","background-image":"","background-repeat":"repeat","background-position":"center center","background-size":"auto","background-attachment":"scroll","background-type":"","background-media":"","overlay-type":"","overlay-color":"","overlay-opacity":"","overlay-gradient":""},"mobile":{"background-color":"","background-image":"","background-repeat":"repeat","background-position":"center center","background-size":"auto","background-attachment":"scroll","background-type":"","background-media":"","overlay-type":"","overlay-color":"","overlay-opacity":"","overlay-gradient":""}},"ast-content-background-meta":{"desktop":{"background-color":"var(--ast-global-color-5)","background-image":"","background-repeat":"repeat","background-position":"center center","background-size":"auto","background-attachment":"scroll","background-type":"","background-media":"","overlay-type":"","overlay-color":"","overlay-opacity":"","overlay-gradient":""},"tablet":{"background-color":"var(--ast-global-color-5)","background-image":"","background-repeat":"repeat","background-position":"center center","background-size":"auto","background-attachment":"scroll","background-type":"","background-media":"","overlay-type":"","overlay-color":"","overlay-opacity":"","overlay-gradient":""},"mobile":{"background-color":"var(--ast-global-color-5)","background-image":"","background-repeat":"repeat","background-position":"center center","background-size":"auto","background-attachment":"scroll","background-type":"","background-media":"","overlay-type":"","overlay-color":"","overlay-opacity":"","overlay-gradient":""}},"footnotes":""},"categories":[21,23],"tags":[],"class_list":["post-21277","post","type-post","status-publish","format-standard","has-post-thumbnail","hentry","category-events","category-infos"],"yoast_head":"<!-- This site is optimized with the Yoast SEO plugin v27.5 - https:\/\/yoast.com\/product\/yoast-seo-wordpress\/ -->\n<title>Spannabis 2026 \u00e0 Bilbao \u2014 Dates, Billets, Programme &amp; Guide Complet<\/title>\n<meta name=\"description\" content=\"Spannabis 2026 se tient \u00e0 Bilbao du 17 au 19 avril au BEC. Dates, tarifs, Champions Cup, World Cannabis Conference, guide complet.\" \/>\n<meta name=\"robots\" content=\"index, follow, max-snippet:-1, max-image-preview:large, max-video-preview:-1\" \/>\n<link rel=\"canonical\" href=\"https:\/\/www.gardenz.fr\/news\/2026\/03\/16\/spannabis-2026-bilbao\/\" \/>\n<meta property=\"og:locale\" content=\"fr_FR\" \/>\n<meta property=\"og:type\" content=\"article\" \/>\n<meta property=\"og:title\" content=\"Spannabis 2026 \u00e0 Bilbao \u2014 Dates, Billets, Programme &amp; Guide Complet\" \/>\n<meta property=\"og:description\" content=\"Spannabis 2026 se tient \u00e0 Bilbao du 17 au 19 avril au BEC. Dates, tarifs, Champions Cup, World Cannabis Conference, guide complet.\" \/>\n<meta property=\"og:url\" content=\"https:\/\/www.gardenz.fr\/news\/2026\/03\/16\/spannabis-2026-bilbao\/\" \/>\n<meta property=\"og:site_name\" content=\"Le Blog de Gardenz\" \/>\n<meta property=\"article:published_time\" content=\"2026-03-16T14:29:16+00:00\" \/>\n<meta property=\"article:modified_time\" content=\"2026-03-23T10:28:40+00:00\" \/>\n<meta property=\"og:image\" content=\"https:\/\/www.gardenz.fr\/news\/wp-content\/uploads\/2026\/03\/spannabis-2026.webp\" \/>\n\t<meta property=\"og:image:width\" content=\"1536\" \/>\n\t<meta property=\"og:image:height\" content=\"1024\" \/>\n\t<meta property=\"og:image:type\" content=\"image\/webp\" \/>\n<meta name=\"author\" content=\"Mathis\" \/>\n<meta name=\"twitter:card\" content=\"summary_large_image\" \/>\n<meta name=\"twitter:label1\" content=\"\u00c9crit par\" \/>\n\t<meta name=\"twitter:data1\" content=\"Mathis\" \/>\n\t<meta name=\"twitter:label2\" content=\"Dur\u00e9e de lecture estim\u00e9e\" \/>\n\t<meta name=\"twitter:data2\" content=\"9 minutes\" \/>\n<script type=\"application\/ld+json\" class=\"yoast-schema-graph\">{\"@context\":\"https:\\\/\\\/schema.org\",\"@graph\":[{\"@type\":[\"Article\",\"BlogPosting\"],\"@id\":\"https:\\\/\\\/www.gardenz.fr\\\/news\\\/2026\\\/03\\\/16\\\/spannabis-2026-bilbao\\\/#article\",\"isPartOf\":{\"@id\":\"https:\\\/\\\/www.gardenz.fr\\\/news\\\/2026\\\/03\\\/16\\\/spannabis-2026-bilbao\\\/\"},\"author\":{\"name\":\"Mathis\",\"@id\":\"https:\\\/\\\/www.gardenz.fr\\\/news\\\/#\\\/schema\\\/person\\\/2e78b0f71bec678373a92529a35696b0\"},\"headline\":\"Spannabis 2026 \u00e0 Bilbao\",\"datePublished\":\"2026-03-16T14:29:16+00:00\",\"dateModified\":\"2026-03-23T10:28:40+00:00\",\"mainEntityOfPage\":{\"@id\":\"https:\\\/\\\/www.gardenz.fr\\\/news\\\/2026\\\/03\\\/16\\\/spannabis-2026-bilbao\\\/\"},\"wordCount\":1707,\"publisher\":{\"@id\":\"https:\\\/\\\/www.gardenz.fr\\\/news\\\/#organization\"},\"image\":{\"@id\":\"https:\\\/\\\/www.gardenz.fr\\\/news\\\/2026\\\/03\\\/16\\\/spannabis-2026-bilbao\\\/#primaryimage\"},\"thumbnailUrl\":\"https:\\\/\\\/www.gardenz.fr\\\/news\\\/wp-content\\\/uploads\\\/2026\\\/03\\\/spannabis-2026.webp\",\"articleSection\":[\"ACTUALITES CBD\",\"INFOS WEED\"],\"inLanguage\":\"fr-FR\"},{\"@type\":\"WebPage\",\"@id\":\"https:\\\/\\\/www.gardenz.fr\\\/news\\\/2026\\\/03\\\/16\\\/spannabis-2026-bilbao\\\/\",\"url\":\"https:\\\/\\\/www.gardenz.fr\\\/news\\\/2026\\\/03\\\/16\\\/spannabis-2026-bilbao\\\/\",\"name\":\"Spannabis 2026 \u00e0 Bilbao \u2014 Dates, Billets, Programme & Guide Complet\",\"isPartOf\":{\"@id\":\"https:\\\/\\\/www.gardenz.fr\\\/news\\\/#website\"},\"primaryImageOfPage\":{\"@id\":\"https:\\\/\\\/www.gardenz.fr\\\/news\\\/2026\\\/03\\\/16\\\/spannabis-2026-bilbao\\\/#primaryimage\"},\"image\":{\"@id\":\"https:\\\/\\\/www.gardenz.fr\\\/news\\\/2026\\\/03\\\/16\\\/spannabis-2026-bilbao\\\/#primaryimage\"},\"thumbnailUrl\":\"https:\\\/\\\/www.gardenz.fr\\\/news\\\/wp-content\\\/uploads\\\/2026\\\/03\\\/spannabis-2026.webp\",\"datePublished\":\"2026-03-16T14:29:16+00:00\",\"dateModified\":\"2026-03-23T10:28:40+00:00\",\"description\":\"Spannabis 2026 se tient \u00e0 Bilbao du 17 au 19 avril au BEC. Dates, tarifs, Champions Cup, World Cannabis Conference, guide complet.\",\"breadcrumb\":{\"@id\":\"https:\\\/\\\/www.gardenz.fr\\\/news\\\/2026\\\/03\\\/16\\\/spannabis-2026-bilbao\\\/#breadcrumb\"},\"inLanguage\":\"fr-FR\",\"potentialAction\":[{\"@type\":\"ReadAction\",\"target\":[\"https:\\\/\\\/www.gardenz.fr\\\/news\\\/2026\\\/03\\\/16\\\/spannabis-2026-bilbao\\\/\"]}]},{\"@type\":\"ImageObject\",\"inLanguage\":\"fr-FR\",\"@id\":\"https:\\\/\\\/www.gardenz.fr\\\/news\\\/2026\\\/03\\\/16\\\/spannabis-2026-bilbao\\\/#primaryimage\",\"url\":\"https:\\\/\\\/www.gardenz.fr\\\/news\\\/wp-content\\\/uploads\\\/2026\\\/03\\\/spannabis-2026.webp\",\"contentUrl\":\"https:\\\/\\\/www.gardenz.fr\\\/news\\\/wp-content\\\/uploads\\\/2026\\\/03\\\/spannabis-2026.webp\",\"width\":1536,\"height\":1024,\"caption\":\"spannabis 2026 bilbao\"},{\"@type\":\"BreadcrumbList\",\"@id\":\"https:\\\/\\\/www.gardenz.fr\\\/news\\\/2026\\\/03\\\/16\\\/spannabis-2026-bilbao\\\/#breadcrumb\",\"itemListElement\":[{\"@type\":\"ListItem\",\"position\":1,\"name\":\"Accueil\",\"item\":\"https:\\\/\\\/www.gardenz.fr\\\/news\\\/\"},{\"@type\":\"ListItem\",\"position\":2,\"name\":\"Spannabis 2026 \u00e0 Bilbao\"}]},{\"@type\":\"WebSite\",\"@id\":\"https:\\\/\\\/www.gardenz.fr\\\/news\\\/#website\",\"url\":\"https:\\\/\\\/www.gardenz.fr\\\/news\\\/\",\"name\":\"Le Blog de Gardenz\",\"description\":\"Best quality CBD\",\"publisher\":{\"@id\":\"https:\\\/\\\/www.gardenz.fr\\\/news\\\/#organization\"},\"potentialAction\":[{\"@type\":\"SearchAction\",\"target\":{\"@type\":\"EntryPoint\",\"urlTemplate\":\"https:\\\/\\\/www.gardenz.fr\\\/news\\\/?s={search_term_string}\"},\"query-input\":{\"@type\":\"PropertyValueSpecification\",\"valueRequired\":true,\"valueName\":\"search_term_string\"}}],\"inLanguage\":\"fr-FR\"},{\"@type\":\"Organization\",\"@id\":\"https:\\\/\\\/www.gardenz.fr\\\/news\\\/#organization\",\"name\":\"Le Blog de Gardenz\",\"url\":\"https:\\\/\\\/www.gardenz.fr\\\/news\\\/\",\"logo\":{\"@type\":\"ImageObject\",\"inLanguage\":\"fr-FR\",\"@id\":\"https:\\\/\\\/www.gardenz.fr\\\/news\\\/#\\\/schema\\\/logo\\\/image\\\/\",\"url\":\"https:\\\/\\\/www.gardenz.fr\\\/news\\\/wp-content\\\/uploads\\\/2022\\\/06\\\/logo-gardenz-feuille-blanc-final.png\",\"contentUrl\":\"https:\\\/\\\/www.gardenz.fr\\\/news\\\/wp-content\\\/uploads\\\/2022\\\/06\\\/logo-gardenz-feuille-blanc-final.png\",\"width\":459,\"height\":200,\"caption\":\"Le Blog de Gardenz\"},\"image\":{\"@id\":\"https:\\\/\\\/www.gardenz.fr\\\/news\\\/#\\\/schema\\\/logo\\\/image\\\/\"}},{\"@type\":\"Person\",\"@id\":\"https:\\\/\\\/www.gardenz.fr\\\/news\\\/#\\\/schema\\\/person\\\/2e78b0f71bec678373a92529a35696b0\",\"name\":\"Mathis\",\"image\":{\"@type\":\"ImageObject\",\"inLanguage\":\"fr-FR\",\"@id\":\"https:\\\/\\\/secure.gravatar.com\\\/avatar\\\/e28cb17ac3dfa5e702148df74d608f5fbacfa89489a71040b401ff80925bf6ff?s=96&d=mm&r=g\",\"url\":\"https:\\\/\\\/secure.gravatar.com\\\/avatar\\\/e28cb17ac3dfa5e702148df74d608f5fbacfa89489a71040b401ff80925bf6ff?s=96&d=mm&r=g\",\"contentUrl\":\"https:\\\/\\\/secure.gravatar.com\\\/avatar\\\/e28cb17ac3dfa5e702148df74d608f5fbacfa89489a71040b401ff80925bf6ff?s=96&d=mm&r=g\",\"caption\":\"Mathis\"},\"url\":\"https:\\\/\\\/www.gardenz.fr\\\/news\\\/author\\\/mathisbricourt\\\/\"}]}<\/script>\n<!-- \/ Yoast SEO plugin. -->","yoast_head_json":{"title":"Spannabis 2026 \u00e0 Bilbao \u2014 Dates, Billets, Programme & Guide Complet","description":"Spannabis 2026 se tient \u00e0 Bilbao du 17 au 19 avril au BEC. Dates, tarifs, Champions Cup, World Cannabis Conference, guide complet.","robots":{"index":"index","follow":"follow","max-snippet":"max-snippet:-1","max-image-preview":"max-image-preview:large","max-video-preview":"max-video-preview:-1"},"canonical":"https:\/\/www.gardenz.fr\/news\/2026\/03\/16\/spannabis-2026-bilbao\/","og_locale":"fr_FR","og_type":"article","og_title":"Spannabis 2026 \u00e0 Bilbao \u2014 Dates, Billets, Programme & Guide Complet","og_description":"Spannabis 2026 se tient \u00e0 Bilbao du 17 au 19 avril au BEC. Dates, tarifs, Champions Cup, World Cannabis Conference, guide complet.","og_url":"https:\/\/www.gardenz.fr\/news\/2026\/03\/16\/spannabis-2026-bilbao\/","og_site_name":"Le Blog de Gardenz","article_published_time":"2026-03-16T14:29:16+00:00","article_modified_time":"2026-03-23T10:28:40+00:00","og_image":[{"width":1536,"height":1024,"url":"https:\/\/www.gardenz.fr\/news\/wp-content\/uploads\/2026\/03\/spannabis-2026.webp","type":"image\/webp"}],"author":"Mathis","twitter_card":"summary_large_image","twitter_misc":{"\u00c9crit par":"Mathis","Dur\u00e9e de lecture estim\u00e9e":"9 minutes"},"schema":{"@context":"https:\/\/schema.org","@graph":[{"@type":["Article","BlogPosting"],"@id":"https:\/\/www.gardenz.fr\/news\/2026\/03\/16\/spannabis-2026-bilbao\/#article","isPartOf":{"@id":"https:\/\/www.gardenz.fr\/news\/2026\/03\/16\/spannabis-2026-bilbao\/"},"author":{"name":"Mathis","@id":"https:\/\/www.gardenz.fr\/news\/#\/schema\/person\/2e78b0f71bec678373a92529a35696b0"},"headline":"Spannabis 2026 \u00e0 Bilbao","datePublished":"2026-03-16T14:29:16+00:00","dateModified":"2026-03-23T10:28:40+00:00","mainEntityOfPage":{"@id":"https:\/\/www.gardenz.fr\/news\/2026\/03\/16\/spannabis-2026-bilbao\/"},"wordCount":1707,"publisher":{"@id":"https:\/\/www.gardenz.fr\/news\/#organization"},"image":{"@id":"https:\/\/www.gardenz.fr\/news\/2026\/03\/16\/spannabis-2026-bilbao\/#primaryimage"},"thumbnailUrl":"https:\/\/www.gardenz.fr\/news\/wp-content\/uploads\/2026\/03\/spannabis-2026.webp","articleSection":["ACTUALITES CBD","INFOS WEED"],"inLanguage":"fr-FR"},{"@type":"WebPage","@id":"https:\/\/www.gardenz.fr\/news\/2026\/03\/16\/spannabis-2026-bilbao\/","url":"https:\/\/www.gardenz.fr\/news\/2026\/03\/16\/spannabis-2026-bilbao\/","name":"Spannabis 2026 \u00e0 Bilbao \u2014 Dates, Billets, Programme & Guide Complet","isPartOf":{"@id":"https:\/\/www.gardenz.fr\/news\/#website"},"primaryImageOfPage":{"@id":"https:\/\/www.gardenz.fr\/news\/2026\/03\/16\/spannabis-2026-bilbao\/#primaryimage"},"image":{"@id":"https:\/\/www.gardenz.fr\/news\/2026\/03\/16\/spannabis-2026-bilbao\/#primaryimage"},"thumbnailUrl":"https:\/\/www.gardenz.fr\/news\/wp-content\/uploads\/2026\/03\/spannabis-2026.webp","datePublished":"2026-03-16T14:29:16+00:00","dateModified":"2026-03-23T10:28:40+00:00","description":"Spannabis 2026 se tient \u00e0 Bilbao du 17 au 19 avril au BEC. Dates, tarifs, Champions Cup, World Cannabis Conference, guide complet.","breadcrumb":{"@id":"https:\/\/www.gardenz.fr\/news\/2026\/03\/16\/spannabis-2026-bilbao\/#breadcrumb"},"inLanguage":"fr-FR","potentialAction":[{"@type":"ReadAction","target":["https:\/\/www.gardenz.fr\/news\/2026\/03\/16\/spannabis-2026-bilbao\/"]}]},{"@type":"ImageObject","inLanguage":"fr-FR","@id":"https:\/\/www.gardenz.fr\/news\/2026\/03\/16\/spannabis-2026-bilbao\/#primaryimage","url":"https:\/\/www.gardenz.fr\/news\/wp-content\/uploads\/2026\/03\/spannabis-2026.webp","contentUrl":"https:\/\/www.gardenz.fr\/news\/wp-content\/uploads\/2026\/03\/spannabis-2026.webp","width":1536,"height":1024,"caption":"spannabis 2026 bilbao"},{"@type":"BreadcrumbList","@id":"https:\/\/www.gardenz.fr\/news\/2026\/03\/16\/spannabis-2026-bilbao\/#breadcrumb","itemListElement":[{"@type":"ListItem","position":1,"name":"Accueil","item":"https:\/\/www.gardenz.fr\/news\/"},{"@type":"ListItem","position":2,"name":"Spannabis 2026 \u00e0 Bilbao"}]},{"@type":"WebSite","@id":"https:\/\/www.gardenz.fr\/news\/#website","url":"https:\/\/www.gardenz.fr\/news\/","name":"Le Blog de Gardenz","description":"Best quality CBD","publisher":{"@id":"https:\/\/www.gardenz.fr\/news\/#organization"},"potentialAction":[{"@type":"SearchAction","target":{"@type":"EntryPoint","urlTemplate":"https:\/\/www.gardenz.fr\/news\/?s={search_term_string}"},"query-input":{"@type":"PropertyValueSpecification","valueRequired":true,"valueName":"search_term_string"}}],"inLanguage":"fr-FR"},{"@type":"Organization","@id":"https:\/\/www.gardenz.fr\/news\/#organization","name":"Le Blog de Gardenz","url":"https:\/\/www.gardenz.fr\/news\/","logo":{"@type":"ImageObject","inLanguage":"fr-FR","@id":"https:\/\/www.gardenz.fr\/news\/#\/schema\/logo\/image\/","url":"https:\/\/www.gardenz.fr\/news\/wp-content\/uploads\/2022\/06\/logo-gardenz-feuille-blanc-final.png","contentUrl":"https:\/\/www.gardenz.fr\/news\/wp-content\/uploads\/2022\/06\/logo-gardenz-feuille-blanc-final.png","width":459,"height":200,"caption":"Le Blog de Gardenz"},"image":{"@id":"https:\/\/www.gardenz.fr\/news\/#\/schema\/logo\/image\/"}},{"@type":"Person","@id":"https:\/\/www.gardenz.fr\/news\/#\/schema\/person\/2e78b0f71bec678373a92529a35696b0","name":"Mathis","image":{"@type":"ImageObject","inLanguage":"fr-FR","@id":"https:\/\/secure.gravatar.com\/avatar\/e28cb17ac3dfa5e702148df74d608f5fbacfa89489a71040b401ff80925bf6ff?s=96&d=mm&r=g","url":"https:\/\/secure.gravatar.com\/avatar\/e28cb17ac3dfa5e702148df74d608f5fbacfa89489a71040b401ff80925bf6ff?s=96&d=mm&r=g","contentUrl":"https:\/\/secure.gravatar.com\/avatar\/e28cb17ac3dfa5e702148df74d608f5fbacfa89489a71040b401ff80925bf6ff?s=96&d=mm&r=g","caption":"Mathis"},"url":"https:\/\/www.gardenz.fr\/news\/author\/mathisbricourt\/"}]}},"_links":{"self":[{"href":"https:\/\/www.gardenz.fr\/news\/wp-json\/wp\/v2\/posts\/21277","targetHints":{"allow":["GET"]}}],"collection":[{"href":"https:\/\/www.gardenz.fr\/news\/wp-json\/wp\/v2\/posts"}],"about":[{"href":"https:\/\/www.gardenz.fr\/news\/wp-json\/wp\/v2\/types\/post"}],"author":[{"embeddable":true,"href":"https:\/\/www.gardenz.fr\/news\/wp-json\/wp\/v2\/users\/19"}],"replies":[{"embeddable":true,"href":"https:\/\/www.gardenz.fr\/news\/wp-json\/wp\/v2\/comments?post=21277"}],"version-history":[{"count":17,"href":"https:\/\/www.gardenz.fr\/news\/wp-json\/wp\/v2\/posts\/21277\/revisions"}],"predecessor-version":[{"id":21398,"href":"https:\/\/www.gardenz.fr\/news\/wp-json\/wp\/v2\/posts\/21277\/revisions\/21398"}],"wp:featuredmedia":[{"embeddable":true,"href":"https:\/\/www.gardenz.fr\/news\/wp-json\/wp\/v2\/media\/21282"}],"wp:attachment":[{"href":"https:\/\/www.gardenz.fr\/news\/wp-json\/wp\/v2\/media?parent=21277"}],"wp:term":[{"taxonomy":"category","embeddable":true,"href":"https:\/\/www.gardenz.fr\/news\/wp-json\/wp\/v2\/categories?post=21277"},{"taxonomy":"post_tag","embeddable":true,"href":"https:\/\/www.gardenz.fr\/news\/wp-json\/wp\/v2\/tags?post=21277"}],"curies":[{"name":"wp","href":"https:\/\/api.w.org\/{rel}","templated":true}]}}