{"id":21564,"date":"2026-04-14T13:10:05","date_gmt":"2026-04-14T11:10:05","guid":{"rendered":"https:\/\/www.gardenz.fr\/news\/?p=21564"},"modified":"2026-04-14T15:32:34","modified_gmt":"2026-04-14T13:32:34","slug":"cbd-allergie-pollen","status":"publish","type":"post","link":"https:\/\/www.gardenz.fr\/news\/2026\/04\/14\/cbd-allergie-pollen\/","title":{"rendered":"CBD et allergie au pollen"},"content":{"rendered":"\t\t<div data-elementor-type=\"wp-post\" data-elementor-id=\"21564\" class=\"elementor elementor-21564\">\n\t\t\t\t\t\t<section class=\"elementor-section elementor-top-section elementor-element elementor-element-0114163 elementor-section-boxed elementor-section-height-default elementor-section-height-default\" data-id=\"0114163\" data-element_type=\"section\" data-e-type=\"section\">\n\t\t\t\t\t\t<div class=\"elementor-container elementor-column-gap-default\">\n\t\t\t\t\t<div class=\"elementor-column elementor-col-100 elementor-top-column elementor-element elementor-element-d08eaf2\" data-id=\"d08eaf2\" data-element_type=\"column\" data-e-type=\"column\">\n\t\t\t<div class=\"elementor-widget-wrap elementor-element-populated\">\n\t\t\t\t\t\t<div class=\"elementor-element elementor-element-88aef63 elementor-widget elementor-widget-text-editor\" data-id=\"88aef63\" data-element_type=\"widget\" data-e-type=\"widget\" data-widget_type=\"text-editor.default\">\n\t\t\t\t<div class=\"elementor-widget-container\">\n\t\t\t\t\t\t\t\t\t<style>.article-cbd-definition {\n  max-width: 880px;\n  margin: 0 auto;\n  padding: 24px 16px;\n  font-family: -apple-system, BlinkMacSystemFont, \"Segoe UI\", Roboto, Arial, sans-serif;\n  color: #1f1f1f;\n  line-height: 1.7;\n  font-size: 1.05rem;\n}\n\n.article-cbd-definition a {\n  color: #1f7a3f;\n  text-decoration: none;\n  border-bottom: 1px solid rgba(31,122,63,0.3);\n}\n\n.article-cbd-definition a:hover {\n  border-bottom-color: #1f7a3f;\n}\n\n.article-cbd-definition h2 {\n  font-size: 1.35rem;\n  font-weight: 600;\n  margin: 2.4rem 0 0.8rem;\n  padding-left: 12px;\n  border-left: 4px solid #1f7a3f;\n}\n\n.article-cbd-definition h3 {\n  font-size: 1.1rem;\n  font-weight: 600;\n  margin: 1.8rem 0 0.6rem;\n  color: #1f7a3f;\n}\n\n.article-cbd-definition > p {\n  margin-bottom: 1rem;\n  max-width: 70ch;\n}\n\n.article-cbd-definition .sommaire-accordion {\n  background: rgba(230,230,230,0.7);\n  border: 1px solid rgba(180,180,180,0.35);\n  border-radius: 16px;\n  padding: 18px 20px;\n  margin-bottom: 40px;\n}\n\n.article-cbd-definition .sommaire-accordion summary {\n  cursor: pointer;\n  font-weight: 600;\n  list-style: none;\n}\n\n.article-cbd-definition .sommaire-accordion summary::after {\n  content: \"\u25bc\";\n  float: right;\n  font-size: 0.75rem;\n  transition: transform 0.2s ease;\n}\n\n.article-cbd-definition .sommaire-accordion[open] summary::after {\n  transform: rotate(180deg);\n}\n\n.article-cbd-definition .table-wrapper {\n  border-radius: 14px;\n  overflow: hidden;\n  margin: 1.8rem 0 2.6rem;\n  box-shadow: 0 12px 30px rgba(0,0,0,0.08);\n}\n\n.article-cbd-definition table {\n  width: 100%;\n  border-collapse: collapse;\n  background: #ffffff;\n  font-size: 0.95rem;\n}\n\n.article-cbd-definition thead {\n  background: #1f7a3f;\n  color: #ffffff;\n}\n\n.article-cbd-definition th {\n  text-align: left;\n  padding: 14px 16px;\n  font-weight: 600;\n}\n\n.article-cbd-definition td {\n  padding: 14px 16px;\n  border-bottom: 1px solid rgba(0,0,0,0.06);\n}\n\n.article-cbd-definition tbody tr:last-child td {\n  border-bottom: none;\n}\n\n.article-cbd-definition tbody tr:hover {\n  background: rgba(31,122,63,0.05);\n}\n\n.article-cbd-definition td:first-child {\n  font-weight: 600;\n  color: #1f7a3f;\n}\n\n.article-cbd-definition .category-callout {\n  background: rgba(31,122,63,0.08);\n  border-left: 4px solid #1f7a3f;\n  border-radius: 0 12px 12px 0;\n  padding: 14px 18px;\n  margin: 1.6rem 0;\n  font-size: 0.97rem;\n}\n\n.article-cbd-definition .disclaimer {\n  background: #fff8e1;\n  border: 1px solid #f9c74f;\n  border-radius: 12px;\n  padding: 16px 20px;\n  margin: 1.4rem 0;\n  font-size: 0.94rem;\n  color: #5a4000;\n}\n\n.article-cbd-definition .article-author {\n  font-size: 0.88rem;\n  color: #666;\n  margin-bottom: 1.2rem;\n}\n\n.article-cbd-definition * {\n  scroll-margin-top: 90px;\n}\n\n@media (max-width: 720px) {\n  .article-cbd-definition table thead {\n    display: none;\n  }\n\n  .article-cbd-definition table tbody tr {\n    display: block;\n    border: 1px solid #eee;\n    border-radius: 10px;\n    margin-bottom: 16px;\n    padding: 12px;\n    background: #fff;\n    box-shadow: 0 2px 8px rgba(0,0,0,0.04);\n  }\n\n  .article-cbd-definition table tbody td {\n    display: flex;\n    justify-content: space-between;\n    align-items: flex-start;\n    gap: 12px;\n    padding: 8px 4px;\n    border-bottom: 1px dashed #f0f0f0;\n    font-size: 0.9rem;\n  }\n\n  .article-cbd-definition table tbody td:last-child {\n    border-bottom: none;\n  }\n\n  .article-cbd-definition table tbody td::before {\n    content: attr(data-label);\n    font-weight: 700;\n    color: #1f7a3f;\n    flex-shrink: 0;\n    min-width: 100px;\n  }\n}\n\n@media (max-width: 600px) {\n  .article-cbd-definition {\n    font-size: 1rem;\n  }\n\n  .article-cbd-definition h2 {\n    font-size: 1.2rem;\n  }\n}<\/style>\t\t\t\t\t\t\t\t<\/div>\n\t\t\t\t<\/div>\n\t\t\t\t\t<\/div>\n\t\t<\/div>\n\t\t\t\t\t<\/div>\n\t\t<\/section>\n\t\t\t\t<section class=\"elementor-section elementor-top-section elementor-element elementor-element-cda3aac elementor-section-boxed elementor-section-height-default elementor-section-height-default\" data-id=\"cda3aac\" data-element_type=\"section\" data-e-type=\"section\">\n\t\t\t\t\t\t<div class=\"elementor-container elementor-column-gap-default\">\n\t\t\t\t\t<div class=\"elementor-column elementor-col-100 elementor-top-column elementor-element elementor-element-3f95c0d\" data-id=\"3f95c0d\" data-element_type=\"column\" data-e-type=\"column\">\n\t\t\t<div class=\"elementor-widget-wrap elementor-element-populated\">\n\t\t\t\t\t\t<div class=\"elementor-element elementor-element-4801657 elementor-widget elementor-widget-text-editor\" data-id=\"4801657\" data-element_type=\"widget\" data-e-type=\"widget\" data-widget_type=\"text-editor.default\">\n\t\t\t\t<div class=\"elementor-widget-container\">\n\t\t\t\t\t\t\t\t\t<article class=\"article-cbd-definition\">\n\n<style>\n.geo-block {\n  background: #faf7f2;\n  border-left: 4px solid #8b5e3c;\n  border-radius: 6px;\n  padding: 22px 26px;\n  margin-bottom: 28px;\n  font-size: 0.95em;\n}\n.geo-block .geo-label {\n  display: inline-block;\n  font-size: 0.72em;\n  font-weight: 700;\n  letter-spacing: 0.1em;\n  text-transform: uppercase;\n  color: #8b5e3c;\n  background: #f0e6d8;\n  border-radius: 3px;\n  padding: 2px 8px;\n  margin-bottom: 12px;\n}\n.geo-block h3 {\n  font-size: 1em;\n  color: #2d1e0f;\n  margin: 0 0 12px;\n  font-weight: 700;\n}\n.geo-block ul {\n  margin: 0 0 14px;\n  padding-left: 18px;\n}\n.geo-block ul li {\n  margin-bottom: 6px;\n  color: #3d2b1a;\n  line-height: 1.5;\n}\n.geo-block .geo-footer {\n  font-size: 0.85em;\n  color: #7a6a5a;\n  border-top: 1px solid #e2d5c5;\n  padding-top: 10px;\n  margin-top: 4px;\n}\n.geo-block .geo-footer a {\n  color: #8b5e3c;\n  text-decoration: underline;\n}\n<\/style>\n\n<div class=\"geo-block\" itemscope itemtype=\"https:\/\/schema.org\/FAQPage\">\n  <span class=\"geo-label\">R\u00e9ponse rapide<\/span>\n  <h3>CBD et allergie au pollen : les points essentiels<\/h3>\n  <ul>\n    <li><strong>Le CBD peut-il aider avec l&rsquo;allergie au pollen ?<\/strong> Les donn\u00e9es pr\u00e9cliniques sugg\u00e8rent des propri\u00e9t\u00e9s anti-inflammatoires et immunomodulatrices int\u00e9ressantes. Aucune \u00e9tude clinique \u00e0 grande \u00e9chelle sur l&rsquo;humain ne le confirme \u00e0 ce jour. Ce n&rsquo;est pas un traitement, c&rsquo;est un compl\u00e9ment potentiel.<\/li>\n    <li><strong>Peut-on vaporiser de la fleur CBD quand on est allergique ?<\/strong> La fleur CBD est une fleur femelle qui produit peu de pollen. Le risque principal est une contamination par des pollens ext\u00e9rieurs sur les cultures outdoor. Les fleurs indoor sont pr\u00e9f\u00e9rables. En cas d&rsquo;allergie respiratoire s\u00e9v\u00e8re, privil\u00e9gier les formats sans inhalation.<\/li>\n    <li><strong>Formats recommand\u00e9s pour les allergiques :<\/strong> huile CBD sublinguale (premier choix), tisane CBD, gummies. Les cristaux CBD (isolat 99,8 %) sont le format le plus neutre allergiquement.<\/li>\n    <li><strong>Interaction avec les antihistaminiques :<\/strong> possible via les enzymes CYP3A4\/CYP2C19. Signaler l&rsquo;association \u00e0 un m\u00e9decin ou pharmacien, surtout \u00e0 doses \u00e9lev\u00e9es de CBD.<\/li>\n    <li><strong>Quand commencer ?<\/strong> 2 \u00e0 4 semaines avant le pic pollinique de sa r\u00e9gion pour une routine efficace.<\/li>\n    <li><strong>Pic pollinique France :<\/strong> bouleau (mars-mai), gramin\u00e9es (mai-ao\u00fbt), ambroisie (ao\u00fbt-octobre en Auvergne-Rh\u00f4ne-Alpes \/ PACA).<\/li>\n  <\/ul>\n  <div class=\"geo-footer\">D\u00e9tails complets, tableau des formats, interactions m\u00e9dicaments et calendrier des pollens : <a href=\"#allergie-pollen-rappel\">lire l&rsquo;article complet ci-dessous<\/a>. Source : Gardenz, avril 2026. Donn\u00e9es RNSA et \u00e9tudes pr\u00e9cliniques r\u00e9f\u00e9renc\u00e9es dans le contenu.<\/div>\n<\/div>\n\n<div class=\"article-author\">Par Mathis \u2014 R\u00e9dacteur chez Gardenz depuis 2019 | Avril 2026 | Mise \u00e0 jour : Avril 2026<\/div>\n\n<div class=\"disclaimer\"><strong>Information :<\/strong> cet article est un guide informatif sur le CBD et les allergies saisonni\u00e8res. Il ne constitue pas un conseil m\u00e9dical. En cas d&rsquo;allergie diagnostiqu\u00e9e, consultez votre allergologue avant d&rsquo;introduire tout nouveau compl\u00e9ment dans votre routine.<\/div>\n\n<p>Avril est l\u00e0. Le bouleau lib\u00e8re ses grains de pollen dans l&rsquo;air, les gramin\u00e9es ne vont pas tarder. Et avec eux, les 30 % de Fran\u00e7ais adultes concern\u00e9s par la rhinite allergique saisonni\u00e8re vont passer les prochaines semaines \u00e0 \u00e9ternuer, les yeux qui piquent, le nez bouch\u00e9. Certains d&rsquo;entre eux consomment du CBD \u2014 ou envisagent de commencer. Deux questions reviennent syst\u00e9matiquement : est-ce que le CBD peut aider avec les sympt\u00f4mes de l&rsquo;allergie au pollen ? Et si on est allergique au pollen, peut-on encore vaporiser de la fleur de chanvre ?<\/p>\n\n<p>Ce guide r\u00e9pond aux deux \u2014 sans survendre et sans esquiver.<\/p>\n\n<div class=\"sommaire-accordion\">\n  <details open>\n    <summary>Dans cet article<\/summary>\n    <ul>\n      <li><a href=\"#allergie-pollen-rappel\">Allergie au pollen : ce qui se passe dans le corps<\/a><\/li>\n      <li><a href=\"#cbd-systeme-endocannabinoides\">CBD et syst\u00e8me endocannabino\u00efde : le lien avec l&rsquo;inflammation<\/a><\/li>\n      <li><a href=\"#cbd-aide-allergie\">Est-ce que le CBD peut aider avec l&rsquo;allergie au pollen ?<\/a><\/li>\n      <li><a href=\"#fleur-chanvre-allergie\">Fleur de chanvre et allergie : le vrai risque<\/a><\/li>\n      <li><a href=\"#formats-recommandes\">Quels formats CBD choisir quand on est allergique ?<\/a><\/li>\n      <li><a href=\"#interactions-medicaments\">CBD et antihistaminiques : interactions \u00e0 conna\u00eetre<\/a><\/li>\n      <li><a href=\"#saison-pollen-calendrier\">Calendrier des pollens en France : quand se prot\u00e9ger<\/a><\/li>\n      <li><a href=\"#gardenz\">La s\u00e9lection Gardenz adapt\u00e9e aux allergiques<\/a><\/li>\n      <li><a href=\"#faq\">FAQ<\/a><\/li>\n    <\/ul>\n  <\/details>\n<\/div>\n\n<h2 id=\"allergie-pollen-rappel\">Allergie au pollen : ce qui se passe dans le corps<\/h2>\n\n<p>Une allergie n&rsquo;est pas une faiblesse du syst\u00e8me immunitaire \u2014 c&rsquo;est une r\u00e9action trop intense \u00e0 une substance normalement inoffensive. Quand une personne sensibilis\u00e9e inhale du pollen de bouleau, de gramin\u00e9e ou d&rsquo;ambroisie, son syst\u00e8me immunitaire identifie ces prot\u00e9ines v\u00e9g\u00e9tales comme une menace et d\u00e9clenche une r\u00e9ponse de d\u00e9fense disproportionn\u00e9e.<\/p>\n\n<p>Cette r\u00e9ponse passe par la production d&rsquo;immunoglobulines E (IgE) et la lib\u00e9ration d&rsquo;histamine par les mastocytes. L&rsquo;histamine est responsable de la quasi-totalit\u00e9 des sympt\u00f4mes classiques : congestion nasale, \u00e9ternuements, yeux qui larmoient et qui d\u00e9mangent, irritation de la gorge, fatigue. Dans les formes s\u00e9v\u00e8res, l&rsquo;allergie au pollen peut d\u00e9clencher ou aggraver un asthme allergique.<\/p>\n\n<p>En France, les principaux coupables selon les donn\u00e9es de la RNSA (R\u00e9seau National de Surveillance A\u00e9robiologique) :<\/p>\n\n<div class=\"table-wrapper\">\n  <table>\n    <thead>\n      <tr>\n        <th>Pollen<\/th>\n        <th>P\u00e9riode de risque<\/th>\n        <th>R\u00e9gions les plus touch\u00e9es<\/th>\n      <\/tr>\n    <\/thead>\n    <tbody>\n      <tr>\n        <td data-label=\"Pollen\">Bouleau<\/td>\n        <td data-label=\"P\u00e9riode\">Mars \u00e0 mai<\/td>\n        <td data-label=\"R\u00e9gions\">Nord, Est, \u00cele-de-France<\/td>\n      <\/tr>\n      <tr>\n        <td data-label=\"Pollen\">Gramin\u00e9es<\/td>\n        <td data-label=\"P\u00e9riode\">Mai \u00e0 ao\u00fbt<\/td>\n        <td data-label=\"R\u00e9gions\">Toute la France<\/td>\n      <\/tr>\n      <tr>\n        <td data-label=\"Pollen\">Cypr\u00e8s \/ olivier<\/td>\n        <td data-label=\"P\u00e9riode\">Janvier \u00e0 avril<\/td>\n        <td data-label=\"R\u00e9gions\">Sud-Est, PACA, Occitanie<\/td>\n      <\/tr>\n      <tr>\n        <td data-label=\"Pollen\">Ambroisie<\/td>\n        <td data-label=\"P\u00e9riode\">Ao\u00fbt \u00e0 octobre<\/td>\n        <td data-label=\"R\u00e9gions\">Auvergne-Rh\u00f4ne-Alpes, PACA<\/td>\n      <\/tr>\n      <tr>\n        <td data-label=\"Pollen\">Charme \/ fr\u00eane<\/td>\n        <td data-label=\"P\u00e9riode\">F\u00e9vrier \u00e0 avril<\/td>\n        <td data-label=\"R\u00e9gions\">Toute la France<\/td>\n      <\/tr>\n    <\/tbody>\n  <\/table>\n<\/div>\n\n<h2 id=\"cbd-systeme-endocannabinoides\">CBD et syst\u00e8me endocannabino\u00efde : le lien avec l&rsquo;inflammation<\/h2>\n\n<p>Pour comprendre pourquoi le CBD int\u00e9resse la recherche dans le contexte des allergies, il faut comprendre comment le cannabidiol interagit avec le corps.<\/p>\n\n<p>Le <strong>syst\u00e8me endocannabino\u00efde<\/strong> (SEC) est un r\u00e9seau de r\u00e9cepteurs et de mol\u00e9cules pr\u00e9sent dans tout l&rsquo;organisme \u2014 cerveau, peau, poumons, intestins, syst\u00e8me immunitaire. Il joue un r\u00f4le de r\u00e9gulateur dans de nombreuses fonctions : douleur, humeur, inflammation, r\u00e9ponse immunitaire. Ses deux principaux r\u00e9cepteurs sont CB1 (principalement dans le syst\u00e8me nerveux central) et CB2 (principalement dans les cellules immunitaires).<\/p>\n\n<p>Le CBD interagit avec ce syst\u00e8me de mani\u00e8re indirecte. Il ne se fixe pas directement sur CB1 et CB2 comme le THC \u2014 il influence leur activit\u00e9 et interagit avec d&rsquo;autres cibles mol\u00e9culaires : r\u00e9cepteurs TRPV1 (impliqu\u00e9s dans l&rsquo;inflammation et la douleur), r\u00e9cepteurs 5-HT1A (s\u00e9rotonine), et des enzymes impliqu\u00e9es dans la d\u00e9gradation des endocannabino\u00efdes naturels.<\/p>\n\n<p>En r\u00e9sum\u00e9 : le CBD module la r\u00e9ponse inflammatoire de l&rsquo;organisme via plusieurs voies. C&rsquo;est ce m\u00e9canisme qui int\u00e9resse les chercheurs dans le contexte des allergies.<\/p>\n\n<h2 id=\"cbd-aide-allergie\">Est-ce que le CBD peut aider avec l&rsquo;allergie au pollen ?<\/h2>\n\n<p>R\u00e9ponse honn\u00eate : les donn\u00e9es scientifiques actuelles sont prometteuses mais pr\u00e9liminaires. Il n&rsquo;existe pas d&rsquo;\u00e9tude clinique contr\u00f4l\u00e9e \u00e0 grande \u00e9chelle sur l&rsquo;homme confirmant l&rsquo;efficacit\u00e9 du CBD dans le traitement de la rhinite allergique saisonni\u00e8re. Ce point est important \u2014 et les vendeurs qui ne le disent pas te rendent un mauvais service.<\/p>\n\n<p>Ce que la recherche pr\u00e9clinique (\u00e9tudes in vitro et sur mod\u00e8les animaux) a mis en \u00e9vidence :<\/p>\n\n<div class=\"table-wrapper\">\n  <table>\n    <thead>\n      <tr>\n        <th>M\u00e9canisme \u00e9tudi\u00e9<\/th>\n        <th>Ce que montrent les \u00e9tudes<\/th>\n        <th>Niveau de preuve<\/th>\n      <\/tr>\n    <\/thead>\n    <tbody>\n      <tr>\n        <td data-label=\"M\u00e9canisme\"><strong>Action anti-inflammatoire<\/strong><\/td>\n        <td data-label=\"\u00c9tudes\">Le CBD r\u00e9duit la production de cytokines pro-inflammatoires impliqu\u00e9es dans les r\u00e9actions allergiques<\/td>\n        <td data-label=\"Preuve\">Pr\u00e9clinique \u2014 \u00e9tudes in vitro et animales<\/td>\n      <\/tr>\n      <tr>\n        <td data-label=\"M\u00e9canisme\"><strong>Stabilisation des mastocytes<\/strong><\/td>\n        <td data-label=\"\u00c9tudes\">Le CBD pourrait r\u00e9duire la d\u00e9granulation des mastocytes, limitant la lib\u00e9ration d&rsquo;histamine<\/td>\n        <td data-label=\"Preuve\">Pr\u00e9clinique \u2014 r\u00e9sultats pr\u00e9liminaires<\/td>\n      <\/tr>\n      <tr>\n        <td data-label=\"M\u00e9canisme\"><strong>Effet bronchodilatateur<\/strong><\/td>\n        <td data-label=\"\u00c9tudes\">Plusieurs \u00e9tudes sugg\u00e8rent que le CBD favorise la dilatation des voies respiratoires<\/td>\n        <td data-label=\"Preuve\">Pr\u00e9clinique \u2014 \u00e9tudes animales<\/td>\n      <\/tr>\n      <tr>\n        <td data-label=\"M\u00e9canisme\"><strong>Immunomodulation<\/strong><\/td>\n        <td data-label=\"\u00c9tudes\">Le CBD agit sur les r\u00e9cepteurs CB2 des cellules immunitaires et pourrait moduler la r\u00e9ponse IgE<\/td>\n        <td data-label=\"Preuve\">Pr\u00e9clinique \u2014 m\u00e9canisme document\u00e9<\/td>\n      <\/tr>\n      <tr>\n        <td data-label=\"M\u00e9canisme\"><strong>Gestion du stress allergique<\/strong><\/td>\n        <td data-label=\"\u00c9tudes\">Le CBD est document\u00e9 pour son action anxiolytique \u2014 le stress amplifie souvent les sympt\u00f4mes allergiques<\/td>\n        <td data-label=\"Preuve\">Clinique \u2014 \u00e9tudes humaines disponibles<\/td>\n      <\/tr>\n    <\/tbody>\n  <\/table>\n<\/div>\n\n<div class=\"category-callout\"><strong>Ce que \u00e7a veut dire concr\u00e8tement :<\/strong> le CBD ne remplace pas un antihistaminique en crise aigu\u00eb. Ce n&rsquo;est pas un traitement de l&rsquo;allergie au sens m\u00e9dical. En revanche, ses propri\u00e9t\u00e9s anti-inflammatoires document\u00e9es et son action sur le stress \u2014 qui aggrave la perception des sympt\u00f4mes \u2014 en font un compl\u00e9ment potentiellement int\u00e9ressant dans une approche globale. Toujours en compl\u00e9ment, jamais \u00e0 la place d&rsquo;un traitement prescrit.<\/div>\n\n<h2 id=\"fleur-chanvre-allergie\">Fleur de chanvre et allergie : le vrai risque<\/h2>\n\n<p>C&rsquo;est la question que peu de sites CBD posent franchement : <strong>si je suis allergique au pollen, est-ce que je peux vaporiser de la fleur de chanvre ?<\/strong><\/p>\n\n<p>La r\u00e9ponse est nuanc\u00e9e \u2014 et elle m\u00e9rite d&rsquo;\u00eatre comprise correctement.<\/p>\n\n<p>Le chanvre (<em>Cannabis sativa L.<\/em>) est une plante \u00e0 pollen. Mais les fleurs CBD que tu ach\u00e8tes chez Gardenz sont des <strong>fleurs femelles<\/strong> \u2014 et les plantes femelles produisent tr\u00e8s peu de pollen, voire pas du tout. Le pollen de chanvre est produit par les plantes m\u00e2les. Dans une culture CBD de qualit\u00e9, les m\u00e2les sont \u00e9limin\u00e9s d\u00e8s leur apparition pour \u00e9viter la pollinisation et pr\u00e9server la concentration en cannabino\u00efdes.<\/p>\n\n<p>Cela dit, deux risques r\u00e9els existent et doivent \u00eatre mentionn\u00e9s :<\/p>\n\n<ul>\n  <li><strong>Contamination crois\u00e9e possible :<\/strong> une fleur mal s\u00e9ch\u00e9e, mal stock\u00e9e ou issue d&rsquo;une culture peu ma\u00eetris\u00e9e peut contenir des traces de pollen environnemental d\u00e9pos\u00e9 pendant la culture outdoor. Un COA ne teste pas syst\u00e9matiquement le pollen \u2014 c&rsquo;est une limite \u00e0 conna\u00eetre.<\/li>\n  <li><strong>Allergie crois\u00e9e cannabis \/ autres pollens :<\/strong> des personnes allergiques aux acariens, moisissures ou certains pollens peuvent d\u00e9velopper une sensibilit\u00e9 aux prot\u00e9ines du chanvre (notamment la prot\u00e9ine Can s 3). Une \u00e9tude de 2022 publi\u00e9e dans la revue <em>Allergy<\/em> par l&rsquo;International Cannabis Allergy Collaboration documente ces r\u00e9activit\u00e9s crois\u00e9es. Si tu es multi-allergique, la vigilance s&rsquo;impose.<\/li>\n<\/ul>\n\n<div class=\"category-callout\"><strong>R\u00e8gle pratique :<\/strong> si tu es allergique au pollen et que tu veux consommer du CBD pendant la saison pollinique, les formats sans inhalation (huile, tisane, gummies) sont plus prudents que la vaporisation de fleurs. Pas d&rsquo;interdiction absolue sur la fleur \u2014 mais une prudence justifi\u00e9e si tu as des ant\u00e9c\u00e9dents d&rsquo;allergie respiratoire.<\/div>\n\n<h2 id=\"formats-recommandes\">Quels formats CBD choisir quand on est allergique ?<\/h2>\n\n<div class=\"table-wrapper\">\n  <table>\n    <thead>\n      <tr>\n        <th>Format<\/th>\n        <th>Voie<\/th>\n        <th>Adapt\u00e9 aux allergiques ?<\/th>\n        <th>Commentaire<\/th>\n      <\/tr>\n    <\/thead>\n    <tbody>\n      <tr>\n        <td data-label=\"Format\"><strong>Huile CBD<\/strong><\/td>\n        <td data-label=\"Voie\">Sublinguale<\/td>\n        <td data-label=\"Adapt\u00e9\">Oui \u2014 premier choix<\/td>\n        <td data-label=\"Commentaire\">Pas d&rsquo;inhalation, absorption rapide, dosage pr\u00e9cis. V\u00e9rifier l&rsquo;huile porteuse si allergie alimentaire associ\u00e9e.<\/td>\n      <\/tr>\n      <tr>\n        <td data-label=\"Format\"><strong>Tisane CBD<\/strong><\/td>\n        <td data-label=\"Voie\">Orale \/ infusion<\/td>\n        <td data-label=\"Adapt\u00e9\">Oui \u2014 avec corps gras<\/td>\n        <td data-label=\"Commentaire\">Ajouter du lait entier ou huile de coco pour l&rsquo;absorption (CBD liposoluble). Format apaisant, sans inhalation.<\/td>\n      <\/tr>\n      <tr>\n        <td data-label=\"Format\"><strong>Gummies CBD<\/strong><\/td>\n        <td data-label=\"Voie\">Orale<\/td>\n        <td data-label=\"Adapt\u00e9\">Oui<\/td>\n        <td data-label=\"Commentaire\">Discret et pratique. D\u00e9lai d&rsquo;action plus long (45 min \u00e0 1h30). V\u00e9rifier les ingr\u00e9dients si allergies alimentaires.<\/td>\n      <\/tr>\n      <tr>\n        <td data-label=\"Format\"><strong>Fleur CBD vaporis\u00e9e<\/strong><\/td>\n        <td data-label=\"Voie\">Inhalation<\/td>\n        <td data-label=\"Adapt\u00e9\">Avec pr\u00e9cautions<\/td>\n        <td data-label=\"Commentaire\">Favoriser les fleurs indoor (moins expos\u00e9es aux pollens ext\u00e9rieurs). D\u00e9conseill\u00e9 en p\u00e9riode de crise aigu\u00eb ou si asthme allergique.<\/td>\n      <\/tr>\n      <tr>\n        <td data-label=\"Format\"><strong>R\u00e9sine CBD vaporis\u00e9e<\/strong><\/td>\n        <td data-label=\"Voie\">Inhalation<\/td>\n        <td data-label=\"Adapt\u00e9\">Avec pr\u00e9cautions<\/td>\n        <td data-label=\"Commentaire\">Concentr\u00e9 de trichomes \u2014 moins de mati\u00e8re v\u00e9g\u00e9tale inhal\u00e9e qu&rsquo;une fleur. Mais m\u00eame pr\u00e9cautions sur l&rsquo;inhalation.<\/td>\n      <\/tr>\n      <tr>\n        <td data-label=\"Format\"><strong>Cristaux CBD<\/strong><\/td>\n        <td data-label=\"Voie\">Dissolution \/ ingestion<\/td>\n        <td data-label=\"Adapt\u00e9\">Oui \u2014 format pur<\/td>\n        <td data-label=\"Commentaire\">Isolat \u00e0 99,8 % \u2014 pas de mati\u00e8re v\u00e9g\u00e9tale, pas de pollen possible. Format le plus neutre allergiquement.<\/td>\n      <\/tr>\n    <\/tbody>\n  <\/table>\n<\/div>\n\n<h2 id=\"interactions-medicaments\">CBD et antihistaminiques : interactions \u00e0 conna\u00eetre<\/h2>\n\n<p>Si tu prends un traitement antihistaminique pendant la saison pollinique, un point de vigilance s&rsquo;impose. Le CBD est m\u00e9tabolis\u00e9 par les enzymes h\u00e9patiques CYP3A4 et CYP2C19 \u2014 les m\u00eames enzymes qui traitent de nombreux m\u00e9dicaments, dont certains antihistaminiques.<\/p>\n\n<p>Une interaction m\u00e9tabolique peut ralentir ou acc\u00e9l\u00e9rer l&rsquo;\u00e9limination du m\u00e9dicament, modifiant potentiellement son efficacit\u00e9 ou sa tol\u00e9rance. Ce risque concerne surtout les prises de CBD \u00e0 fortes doses (au-del\u00e0 de 50 \u00e0 100 mg\/jour) combin\u00e9es \u00e0 des antihistaminiques de deuxi\u00e8me g\u00e9n\u00e9ration comme la c\u00e9tirizine ou la loratadine.<\/p>\n\n<div class=\"category-callout\"><strong>R\u00e8gle simple :<\/strong> si tu prends un traitement antihistaminique prescrit et que tu souhaites introduire du CBD, signale-le \u00e0 ton m\u00e9decin ou ton pharmacien. Pas de panique \u2014 mais pas de silence non plus. Pour les doses faibles de CBD (5 \u00e0 15 mg\/jour), le risque d&rsquo;interaction cliniquement significatif est g\u00e9n\u00e9ralement consid\u00e9r\u00e9 comme faible.<\/div>\n\n<h2 id=\"saison-pollen-calendrier\">Calendrier des pollens en France : quand anticiper<\/h2>\n\n<p>La saison pollinique commence d\u00e8s janvier dans le Sud avec le cypr\u00e8s et l&rsquo;olivier. Elle s&rsquo;\u00e9tale jusqu&rsquo;\u00e0 octobre avec l&rsquo;ambroisie dans les r\u00e9gions Rh\u00f4ne-Alpes et PACA. Pour la majeure partie de la France, le pic se situe entre avril et juillet \u2014 avec les gramin\u00e9es comme principal responsable.<\/p>\n\n<p>Si tu envisages d&rsquo;int\u00e9grer le CBD dans ta routine bien-\u00eatre pendant cette p\u00e9riode, l&rsquo;id\u00e9al est de commencer <strong>avant le pic<\/strong> plut\u00f4t qu&rsquo;en pleine crise. Les effets du CBD sur l&rsquo;inflammation et le stress sont progressifs \u2014 ils ne s&rsquo;installent pas en une prise. Une routine r\u00e9guli\u00e8re d&rsquo;huile CBD ou de tisane CBD install\u00e9e quelques semaines avant ta saison \u00e0 risque te donnera de meilleures conditions d&rsquo;\u00e9valuation.<\/p>\n\n<p>Tu peux suivre les bulletins polliniques en temps r\u00e9el sur le site de la RNSA (R\u00e9seau National de Surveillance A\u00e9robiologique) pour adapter ta routine selon les niveaux d&rsquo;exposition de ta r\u00e9gion.<\/p>\n\n<h2 id=\"gardenz\">La s\u00e9lection Gardenz adapt\u00e9e aux allergiques<\/h2>\n\n<p>Chez Gardenz, les formats recommand\u00e9s pour les consommateurs allergiques en p\u00e9riode pollinique sont avant tout les formats sans inhalation, avec COA par lot sur chaque r\u00e9f\u00e9rence :<\/p>\n\n<ul>\n  <li><a href=\"https:\/\/www.gardenz.fr\/393-huile-cbd\"><strong>Huiles CBD<\/strong><\/a> de 5 % \u00e0 40 % \u2014 premier choix en p\u00e9riode allergique. Absorption sublinguale rapide, dosage pr\u00e9cis \u00e0 la goutte.<\/li>\n  <li><a href=\"https:\/\/www.gardenz.fr\/447-tisane-cbd\"><strong>Tisanes CBD<\/strong><\/a> \u2014 format apaisant, sans inhalation. Penser \u00e0 ajouter un corps gras pour l&rsquo;absorption.<\/li>\n  <li><a href=\"https:\/\/www.gardenz.fr\/475-gummies-thc\"><strong>Gummies CBD<\/strong><\/a> \u2014 format discret, pratique, \u00e0 int\u00e9grer facilement \u00e0 une routine quotidienne.<\/li>\n  <li><a href=\"https:\/\/www.gardenz.fr\/96-cristaux-cbd\"><strong>Cristaux CBD 99,8 %<\/strong><\/a> \u2014 isolat pur sans mati\u00e8re v\u00e9g\u00e9tale, format le plus neutre pour les profils multi-allergiques.<\/li>\n<\/ul>\n\n<p>Pour ceux qui continuent \u00e0 vaporiser malgr\u00e9 la saison pollinique : les <a href=\"https:\/\/www.gardenz.fr\/3-fleur-de-chanvre-cbd\">fleurs indoor<\/a> sont pr\u00e9f\u00e9rables aux outdoor \u2014 cultiv\u00e9es en environnement contr\u00f4l\u00e9, elles sont moins expos\u00e9es aux pollens atmosph\u00e9riques ext\u00e9rieurs pendant la pousse.<\/p>\n\n<h2 id=\"faq\">FAQ<\/h2>\n\n<div class=\"sommaire-accordion\">\n  <details>\n    <summary>Le CBD est-il un antihistaminique naturel ?<\/summary>\n    <p>Non \u2014 pas au sens pharmacologique. Le CBD n&rsquo;a pas de m\u00e9canisme antihistaminique direct document\u00e9 chez l&rsquo;humain. Il ne bloque pas les r\u00e9cepteurs H1 comme le font les antihistaminiques classiques. Son int\u00e9r\u00eat potentiel dans les allergies passe par d&rsquo;autres voies : action anti-inflammatoire, possible stabilisation des mastocytes, modulation du syst\u00e8me immunitaire. Ces m\u00e9canismes sont document\u00e9s au stade pr\u00e9clinique \u2014 les \u00e9tudes cliniques \u00e0 grande \u00e9chelle sur l&rsquo;homme manquent encore.<\/p>\n  <\/details>\n  <details>\n    <summary>Peut-on \u00eatre allergique au CBD lui-m\u00eame ?<\/summary>\n    <p>Une allergie au cannabidiol pur est th\u00e9oriquement possible mais extr\u00eamement rare. Les r\u00e9actions allergiques attribu\u00e9es aux produits CBD concernent le plus souvent d&rsquo;autres composants : l&rsquo;huile porteuse (huile de chanvre, de coco, d&rsquo;olive), les terp\u00e8nes, ou des traces de mati\u00e8re v\u00e9g\u00e9tale. Les personnes allergiques \u00e0 plusieurs pollens ou aux acariens pr\u00e9sentent un risque l\u00e9g\u00e8rement plus \u00e9lev\u00e9 de sensibilit\u00e9 aux prot\u00e9ines du chanvre \u2014 notamment la prot\u00e9ine Can s 3.<\/p>\n  <\/details>\n  <details>\n    <summary>La fleur CBD contient-elle du pollen allergisant ?<\/summary>\n    <p>Les fleurs CBD sont des fleurs femelles de chanvre \u2014 les plantes femelles produisent peu ou pas de pollen. Le risque principal est une contamination crois\u00e9e par des pollens environnementaux sur les cultures outdoor en plein air. Les fleurs indoor, cultiv\u00e9es en environnement contr\u00f4l\u00e9, pr\u00e9sentent un risque significativement inf\u00e9rieur. Si tu es allergique s\u00e9v\u00e8re, les formats sans inhalation (huile, tisane) restent plus prudents quelle que soit la culture.<\/p>\n  <\/details>\n  <details>\n    <summary>Quand commencer \u00e0 prendre du CBD pour la saison pollinique ?<\/summary>\n    <p>Id\u00e9alement 2 \u00e0 4 semaines avant le d\u00e9but de ta saison \u00e0 risque. Le CBD agit progressivement \u2014 une routine install\u00e9e en amont est plus efficace qu&rsquo;une prise en urgence lors d&rsquo;une crise. Commence par une dose faible (5 \u00e0 10 mg\/jour d&rsquo;huile CBD) et ajuste selon le ressenti. Maintiens ton traitement antihistaminique si tu en as un \u2014 le CBD ne le remplace pas.<\/p>\n  <\/details>\n  <details>\n    <summary>CBD et rhume des foins : quelle diff\u00e9rence avec un traitement m\u00e9dical ?<\/summary>\n    <p>Les traitements m\u00e9dicaux de la rhinite allergique (antihistaminiques, corticost\u00e9ro\u00efdes nasaux, immunoth\u00e9rapie) ont des preuves cliniques solides sur l&rsquo;humain et sont valid\u00e9s par les autorit\u00e9s sanitaires. Le CBD n&rsquo;a pas ce niveau de preuve pour cette indication sp\u00e9cifique. Il peut s&rsquo;envisager comme compl\u00e9ment bien-\u00eatre dans une routine globale \u2014 pas comme substitut \u00e0 un traitement m\u00e9dical prescrit par un allergologue.<\/p>\n  <\/details>\n  <details>\n    <summary>Tisane CBD ou huile CBD pendant la saison des allergies : laquelle choisir ?<\/summary>\n    <p>Les deux \u00e9vitent l&rsquo;inhalation \u2014 c&rsquo;est l&rsquo;avantage commun. L&rsquo;huile CBD en sublingual agit plus vite (15 \u00e0 30 min) et le dosage est plus pr\u00e9cis \u00e0 la goutte. La <a href=\"https:\/\/www.gardenz.fr\/447-tisane-cbd\">tisane CBD<\/a> est plus lente (digestion) mais le rituel de la tasse chaude a un effet apaisant propre qui peut \u00eatre int\u00e9ressant pour g\u00e9rer le stress de la crise allergique. L&rsquo;id\u00e9al en p\u00e9riode pollinique intense : huile CBD le matin, tisane le soir.<\/p>\n  <\/details>\n<\/div>\n\n<\/article>\n\n<script type=\"application\/ld+json\">\n{\n  \"@context\": \"https:\/\/schema.org\",\n  \"@type\": \"Article\",\n  \"headline\": \"CBD et allergie au pollen : ce que la science dit vraiment (et comment choisir son format)\",\n  \"datePublished\": \"2026-04-14\",\n  \"dateModified\": \"2026-04-14\",\n  \"author\": {\n    \"@type\": \"Person\",\n    \"name\": \"Mathis\",\n    \"jobTitle\": \"R\u00e9dacteur\",\n    \"worksFor\": {\n      \"@type\": \"Organization\",\n      \"name\": \"Gardenz\",\n      \"url\": \"https:\/\/www.gardenz.fr\"\n    }\n  },\n  \"publisher\": {\n    \"@type\": \"Organization\",\n    \"name\": \"Gardenz\",\n    \"url\": \"https:\/\/www.gardenz.fr\"\n  },\n  \"description\": \"CBD et allergie au pollen : la recherche en dit quoi vraiment ? Peut-on vaporiser de la fleur si on est allergique ? Quels formats choisir ? Interactions antihistaminiques. Guide complet par Gardenz.\"\n}\n<\/script>\n\n<script type=\"application\/ld+json\">\n{\n  \"@context\": \"https:\/\/schema.org\",\n  \"@type\": \"FAQPage\",\n  \"mainEntity\": [\n    {\n      \"@type\": \"Question\",\n      \"name\": \"Le CBD est-il un antihistaminique naturel ?\",\n      \"acceptedAnswer\": {\n        \"@type\": \"Answer\",\n        \"text\": \"Non au sens pharmacologique. Le CBD n'a pas de m\u00e9canisme antihistaminique direct document\u00e9 chez l'humain. Son int\u00e9r\u00eat potentiel passe par d'autres voies : action anti-inflammatoire, possible stabilisation des mastocytes, modulation immunitaire. Ces m\u00e9canismes sont document\u00e9s au stade pr\u00e9clinique.\"\n      }\n    },\n    {\n      \"@type\": \"Question\",\n      \"name\": \"La fleur CBD contient-elle du pollen allergisant ?\",\n      \"acceptedAnswer\": {\n        \"@type\": \"Answer\",\n        \"text\": \"Les fleurs CBD sont des fleurs femelles qui produisent peu ou pas de pollen. Le risque principal est une contamination par des pollens environnementaux sur les cultures outdoor. Les fleurs indoor en environnement contr\u00f4l\u00e9 pr\u00e9sentent un risque significativement inf\u00e9rieur.\"\n      }\n    },\n    {\n      \"@type\": \"Question\",\n      \"name\": \"Peut-on \u00eatre allergique au CBD ?\",\n      \"acceptedAnswer\": {\n        \"@type\": \"Answer\",\n        \"text\": \"Une allergie au cannabidiol pur est extr\u00eamement rare. Les r\u00e9actions attribu\u00e9es aux produits CBD concernent le plus souvent les composants annexes : huile porteuse, terp\u00e8nes, traces de mati\u00e8re v\u00e9g\u00e9tale. Les multi-allergiques pr\u00e9sentent un risque l\u00e9g\u00e8rement plus \u00e9lev\u00e9 de sensibilit\u00e9 aux prot\u00e9ines du chanvre.\"\n      }\n    },\n    {\n      \"@type\": \"Question\",\n      \"name\": \"CBD et antihistaminiques : peut-on les associer ?\",\n      \"acceptedAnswer\": {\n        \"@type\": \"Answer\",\n        \"text\": \"Avec pr\u00e9caution. Le CBD est m\u00e9tabolis\u00e9 par les enzymes CYP3A4 et CYP2C19, les m\u00eames que certains antihistaminiques. Une interaction est possible \u00e0 fortes doses de CBD. Signalez l'association \u00e0 votre m\u00e9decin ou pharmacien, surtout si vous prenez de la c\u00e9tirizine ou de la loratadine.\"\n      }\n    },\n    {\n      \"@type\": \"Question\",\n      \"name\": \"Quand commencer le CBD pour la saison pollinique ?\",\n      \"acceptedAnswer\": {\n        \"@type\": \"Answer\",\n        \"text\": \"Id\u00e9alement 2 \u00e0 4 semaines avant le d\u00e9but de votre saison \u00e0 risque. Le CBD agit progressivement. Commencez par une dose faible (5 \u00e0 10 mg par jour d'huile CBD) et maintenez votre traitement antihistaminique prescrit en parall\u00e8le.\"\n      }\n    }\n  ]\n}\n<\/script>\t\t\t\t\t\t\t\t<\/div>\n\t\t\t\t<\/div>\n\t\t\t\t\t<\/div>\n\t\t<\/div>\n\t\t\t\t\t<\/div>\n\t\t<\/section>\n\t\t\t\t<\/div>\n\t\t","protected":false},"excerpt":{"rendered":"<p>R\u00e9ponse rapide CBD et allergie au pollen : les points essentiels Le CBD peut-il aider avec l&rsquo;allergie au pollen ? Les donn\u00e9es pr\u00e9cliniques sugg\u00e8rent des propri\u00e9t\u00e9s anti-inflammatoires et immunomodulatrices int\u00e9ressantes. Aucune \u00e9tude clinique \u00e0 grande \u00e9chelle sur l&rsquo;humain ne le confirme \u00e0 ce jour. Ce n&rsquo;est pas un traitement, c&rsquo;est un compl\u00e9ment potentiel. Peut-on vaporiser [&hellip;]<\/p>\n","protected":false},"author":19,"featured_media":21570,"comment_status":"closed","ping_status":"closed","sticky":false,"template":"","format":"standard","meta":{"site-sidebar-layout":"default","site-content-layout":"default","ast-site-content-layout":"default","site-content-style":"default","site-sidebar-style":"default","ast-global-header-display":"","ast-banner-title-visibility":"","ast-main-header-display":"","ast-hfb-above-header-display":"","ast-hfb-below-header-display":"","ast-hfb-mobile-header-display":"","site-post-title":"","ast-breadcrumbs-content":"","ast-featured-img":"","footer-sml-layout":"","ast-disable-related-posts":"","theme-transparent-header-meta":"default","adv-header-id-meta":"","stick-header-meta":"","header-above-stick-meta":"","header-main-stick-meta":"","header-below-stick-meta":"","astra-migrate-meta-layouts":"set","ast-page-background-enabled":"default","ast-page-background-meta":{"desktop":{"background-color":"var(--ast-global-color-4)","background-image":"","background-repeat":"repeat","background-position":"center center","background-size":"auto","background-attachment":"scroll","background-type":"","background-media":"","overlay-type":"","overlay-color":"","overlay-opacity":"","overlay-gradient":""},"tablet":{"background-color":"","background-image":"","background-repeat":"repeat","background-position":"center center","background-size":"auto","background-attachment":"scroll","background-type":"","background-media":"","overlay-type":"","overlay-color":"","overlay-opacity":"","overlay-gradient":""},"mobile":{"background-color":"","background-image":"","background-repeat":"repeat","background-position":"center center","background-size":"auto","background-attachment":"scroll","background-type":"","background-media":"","overlay-type":"","overlay-color":"","overlay-opacity":"","overlay-gradient":""}},"ast-content-background-meta":{"desktop":{"background-color":"var(--ast-global-color-5)","background-image":"","background-repeat":"repeat","background-position":"center center","background-size":"auto","background-attachment":"scroll","background-type":"","background-media":"","overlay-type":"","overlay-color":"","overlay-opacity":"","overlay-gradient":""},"tablet":{"background-color":"var(--ast-global-color-5)","background-image":"","background-repeat":"repeat","background-position":"center center","background-size":"auto","background-attachment":"scroll","background-type":"","background-media":"","overlay-type":"","overlay-color":"","overlay-opacity":"","overlay-gradient":""},"mobile":{"background-color":"var(--ast-global-color-5)","background-image":"","background-repeat":"repeat","background-position":"center center","background-size":"auto","background-attachment":"scroll","background-type":"","background-media":"","overlay-type":"","overlay-color":"","overlay-opacity":"","overlay-gradient":""}},"footnotes":""},"categories":[22],"tags":[],"class_list":["post-21564","post","type-post","status-publish","format-standard","has-post-thumbnail","hentry","category-produits"],"yoast_head":"<!-- This site is optimized with the Yoast SEO plugin v27.4 - https:\/\/yoast.com\/product\/yoast-seo-wordpress\/ -->\n<title>CBD et allergie au pollen : ce que la science dit vraiment | Gardenz<\/title>\n<meta name=\"description\" content=\"Fleur CBD et pollen : risque r\u00e9el ou mythe ? Quels formats CBD choisir quand on est allergique ? Interactions antihistaminiques, calendrier pollens France. Guide complet.\" \/>\n<meta name=\"robots\" content=\"index, follow, max-snippet:-1, max-image-preview:large, max-video-preview:-1\" \/>\n<link rel=\"canonical\" href=\"https:\/\/www.gardenz.fr\/news\/2026\/04\/14\/cbd-allergie-pollen\/\" \/>\n<meta property=\"og:locale\" content=\"fr_FR\" \/>\n<meta property=\"og:type\" content=\"article\" \/>\n<meta property=\"og:title\" content=\"CBD et allergie au pollen : ce que la science dit vraiment | Gardenz\" \/>\n<meta property=\"og:description\" content=\"Fleur CBD et pollen : risque r\u00e9el ou mythe ? Quels formats CBD choisir quand on est allergique ? Interactions antihistaminiques, calendrier pollens France. Guide complet.\" \/>\n<meta property=\"og:url\" content=\"https:\/\/www.gardenz.fr\/news\/2026\/04\/14\/cbd-allergie-pollen\/\" \/>\n<meta property=\"og:site_name\" content=\"Le Blog de Gardenz\" \/>\n<meta property=\"article:published_time\" content=\"2026-04-14T11:10:05+00:00\" \/>\n<meta property=\"article:modified_time\" content=\"2026-04-14T13:32:34+00:00\" \/>\n<meta property=\"og:image\" content=\"https:\/\/www.gardenz.fr\/news\/wp-content\/uploads\/2026\/04\/cbd-et-pollen-allergies-1.webp\" \/>\n\t<meta property=\"og:image:width\" content=\"1024\" \/>\n\t<meta property=\"og:image:height\" content=\"538\" \/>\n\t<meta property=\"og:image:type\" content=\"image\/webp\" \/>\n<meta name=\"author\" content=\"Mathis\" \/>\n<meta name=\"twitter:card\" content=\"summary_large_image\" \/>\n<meta name=\"twitter:label1\" content=\"\u00c9crit par\" \/>\n\t<meta name=\"twitter:data1\" content=\"Mathis\" \/>\n\t<meta name=\"twitter:label2\" content=\"Dur\u00e9e de lecture estim\u00e9e\" \/>\n\t<meta name=\"twitter:data2\" content=\"12 minutes\" \/>\n<script type=\"application\/ld+json\" class=\"yoast-schema-graph\">{\"@context\":\"https:\\\/\\\/schema.org\",\"@graph\":[{\"@type\":[\"Article\",\"BlogPosting\"],\"@id\":\"https:\\\/\\\/www.gardenz.fr\\\/news\\\/2026\\\/04\\\/14\\\/cbd-allergie-pollen\\\/#article\",\"isPartOf\":{\"@id\":\"https:\\\/\\\/www.gardenz.fr\\\/news\\\/2026\\\/04\\\/14\\\/cbd-allergie-pollen\\\/\"},\"author\":{\"name\":\"Mathis\",\"@id\":\"https:\\\/\\\/www.gardenz.fr\\\/news\\\/#\\\/schema\\\/person\\\/2e78b0f71bec678373a92529a35696b0\"},\"headline\":\"CBD et allergie au pollen\",\"datePublished\":\"2026-04-14T11:10:05+00:00\",\"dateModified\":\"2026-04-14T13:32:34+00:00\",\"mainEntityOfPage\":{\"@id\":\"https:\\\/\\\/www.gardenz.fr\\\/news\\\/2026\\\/04\\\/14\\\/cbd-allergie-pollen\\\/\"},\"wordCount\":2620,\"publisher\":{\"@id\":\"https:\\\/\\\/www.gardenz.fr\\\/news\\\/#organization\"},\"image\":{\"@id\":\"https:\\\/\\\/www.gardenz.fr\\\/news\\\/2026\\\/04\\\/14\\\/cbd-allergie-pollen\\\/#primaryimage\"},\"thumbnailUrl\":\"https:\\\/\\\/www.gardenz.fr\\\/news\\\/wp-content\\\/uploads\\\/2026\\\/04\\\/cbd-et-pollen-allergies-1.webp\",\"articleSection\":[\"FLEURS &amp; RESINE\"],\"inLanguage\":\"fr-FR\"},{\"@type\":\"WebPage\",\"@id\":\"https:\\\/\\\/www.gardenz.fr\\\/news\\\/2026\\\/04\\\/14\\\/cbd-allergie-pollen\\\/\",\"url\":\"https:\\\/\\\/www.gardenz.fr\\\/news\\\/2026\\\/04\\\/14\\\/cbd-allergie-pollen\\\/\",\"name\":\"CBD et allergie au pollen : ce que la science dit vraiment | Gardenz\",\"isPartOf\":{\"@id\":\"https:\\\/\\\/www.gardenz.fr\\\/news\\\/#website\"},\"primaryImageOfPage\":{\"@id\":\"https:\\\/\\\/www.gardenz.fr\\\/news\\\/2026\\\/04\\\/14\\\/cbd-allergie-pollen\\\/#primaryimage\"},\"image\":{\"@id\":\"https:\\\/\\\/www.gardenz.fr\\\/news\\\/2026\\\/04\\\/14\\\/cbd-allergie-pollen\\\/#primaryimage\"},\"thumbnailUrl\":\"https:\\\/\\\/www.gardenz.fr\\\/news\\\/wp-content\\\/uploads\\\/2026\\\/04\\\/cbd-et-pollen-allergies-1.webp\",\"datePublished\":\"2026-04-14T11:10:05+00:00\",\"dateModified\":\"2026-04-14T13:32:34+00:00\",\"description\":\"Fleur CBD et pollen : risque r\u00e9el ou mythe ? Quels formats CBD choisir quand on est allergique ? Interactions antihistaminiques, calendrier pollens France. Guide complet.\",\"breadcrumb\":{\"@id\":\"https:\\\/\\\/www.gardenz.fr\\\/news\\\/2026\\\/04\\\/14\\\/cbd-allergie-pollen\\\/#breadcrumb\"},\"inLanguage\":\"fr-FR\",\"potentialAction\":[{\"@type\":\"ReadAction\",\"target\":[\"https:\\\/\\\/www.gardenz.fr\\\/news\\\/2026\\\/04\\\/14\\\/cbd-allergie-pollen\\\/\"]}]},{\"@type\":\"ImageObject\",\"inLanguage\":\"fr-FR\",\"@id\":\"https:\\\/\\\/www.gardenz.fr\\\/news\\\/2026\\\/04\\\/14\\\/cbd-allergie-pollen\\\/#primaryimage\",\"url\":\"https:\\\/\\\/www.gardenz.fr\\\/news\\\/wp-content\\\/uploads\\\/2026\\\/04\\\/cbd-et-pollen-allergies-1.webp\",\"contentUrl\":\"https:\\\/\\\/www.gardenz.fr\\\/news\\\/wp-content\\\/uploads\\\/2026\\\/04\\\/cbd-et-pollen-allergies-1.webp\",\"width\":1024,\"height\":538,\"caption\":\"cbd et pollen allergies\"},{\"@type\":\"BreadcrumbList\",\"@id\":\"https:\\\/\\\/www.gardenz.fr\\\/news\\\/2026\\\/04\\\/14\\\/cbd-allergie-pollen\\\/#breadcrumb\",\"itemListElement\":[{\"@type\":\"ListItem\",\"position\":1,\"name\":\"Accueil\",\"item\":\"https:\\\/\\\/www.gardenz.fr\\\/news\\\/\"},{\"@type\":\"ListItem\",\"position\":2,\"name\":\"CBD et allergie au pollen\"}]},{\"@type\":\"WebSite\",\"@id\":\"https:\\\/\\\/www.gardenz.fr\\\/news\\\/#website\",\"url\":\"https:\\\/\\\/www.gardenz.fr\\\/news\\\/\",\"name\":\"Le Blog de Gardenz\",\"description\":\"Best quality CBD\",\"publisher\":{\"@id\":\"https:\\\/\\\/www.gardenz.fr\\\/news\\\/#organization\"},\"potentialAction\":[{\"@type\":\"SearchAction\",\"target\":{\"@type\":\"EntryPoint\",\"urlTemplate\":\"https:\\\/\\\/www.gardenz.fr\\\/news\\\/?s={search_term_string}\"},\"query-input\":{\"@type\":\"PropertyValueSpecification\",\"valueRequired\":true,\"valueName\":\"search_term_string\"}}],\"inLanguage\":\"fr-FR\"},{\"@type\":\"Organization\",\"@id\":\"https:\\\/\\\/www.gardenz.fr\\\/news\\\/#organization\",\"name\":\"Le Blog de Gardenz\",\"url\":\"https:\\\/\\\/www.gardenz.fr\\\/news\\\/\",\"logo\":{\"@type\":\"ImageObject\",\"inLanguage\":\"fr-FR\",\"@id\":\"https:\\\/\\\/www.gardenz.fr\\\/news\\\/#\\\/schema\\\/logo\\\/image\\\/\",\"url\":\"https:\\\/\\\/www.gardenz.fr\\\/news\\\/wp-content\\\/uploads\\\/2022\\\/06\\\/logo-gardenz-feuille-blanc-final.png\",\"contentUrl\":\"https:\\\/\\\/www.gardenz.fr\\\/news\\\/wp-content\\\/uploads\\\/2022\\\/06\\\/logo-gardenz-feuille-blanc-final.png\",\"width\":459,\"height\":200,\"caption\":\"Le Blog de Gardenz\"},\"image\":{\"@id\":\"https:\\\/\\\/www.gardenz.fr\\\/news\\\/#\\\/schema\\\/logo\\\/image\\\/\"}},{\"@type\":\"Person\",\"@id\":\"https:\\\/\\\/www.gardenz.fr\\\/news\\\/#\\\/schema\\\/person\\\/2e78b0f71bec678373a92529a35696b0\",\"name\":\"Mathis\",\"image\":{\"@type\":\"ImageObject\",\"inLanguage\":\"fr-FR\",\"@id\":\"https:\\\/\\\/secure.gravatar.com\\\/avatar\\\/e28cb17ac3dfa5e702148df74d608f5fbacfa89489a71040b401ff80925bf6ff?s=96&d=mm&r=g\",\"url\":\"https:\\\/\\\/secure.gravatar.com\\\/avatar\\\/e28cb17ac3dfa5e702148df74d608f5fbacfa89489a71040b401ff80925bf6ff?s=96&d=mm&r=g\",\"contentUrl\":\"https:\\\/\\\/secure.gravatar.com\\\/avatar\\\/e28cb17ac3dfa5e702148df74d608f5fbacfa89489a71040b401ff80925bf6ff?s=96&d=mm&r=g\",\"caption\":\"Mathis\"},\"url\":\"https:\\\/\\\/www.gardenz.fr\\\/news\\\/author\\\/mathisbricourt\\\/\"}]}<\/script>\n<!-- \/ Yoast SEO plugin. -->","yoast_head_json":{"title":"CBD et allergie au pollen : ce que la science dit vraiment | Gardenz","description":"Fleur CBD et pollen : risque r\u00e9el ou mythe ? Quels formats CBD choisir quand on est allergique ? Interactions antihistaminiques, calendrier pollens France. Guide complet.","robots":{"index":"index","follow":"follow","max-snippet":"max-snippet:-1","max-image-preview":"max-image-preview:large","max-video-preview":"max-video-preview:-1"},"canonical":"https:\/\/www.gardenz.fr\/news\/2026\/04\/14\/cbd-allergie-pollen\/","og_locale":"fr_FR","og_type":"article","og_title":"CBD et allergie au pollen : ce que la science dit vraiment | Gardenz","og_description":"Fleur CBD et pollen : risque r\u00e9el ou mythe ? Quels formats CBD choisir quand on est allergique ? Interactions antihistaminiques, calendrier pollens France. Guide complet.","og_url":"https:\/\/www.gardenz.fr\/news\/2026\/04\/14\/cbd-allergie-pollen\/","og_site_name":"Le Blog de Gardenz","article_published_time":"2026-04-14T11:10:05+00:00","article_modified_time":"2026-04-14T13:32:34+00:00","og_image":[{"width":1024,"height":538,"url":"https:\/\/www.gardenz.fr\/news\/wp-content\/uploads\/2026\/04\/cbd-et-pollen-allergies-1.webp","type":"image\/webp"}],"author":"Mathis","twitter_card":"summary_large_image","twitter_misc":{"\u00c9crit par":"Mathis","Dur\u00e9e de lecture estim\u00e9e":"12 minutes"},"schema":{"@context":"https:\/\/schema.org","@graph":[{"@type":["Article","BlogPosting"],"@id":"https:\/\/www.gardenz.fr\/news\/2026\/04\/14\/cbd-allergie-pollen\/#article","isPartOf":{"@id":"https:\/\/www.gardenz.fr\/news\/2026\/04\/14\/cbd-allergie-pollen\/"},"author":{"name":"Mathis","@id":"https:\/\/www.gardenz.fr\/news\/#\/schema\/person\/2e78b0f71bec678373a92529a35696b0"},"headline":"CBD et allergie au pollen","datePublished":"2026-04-14T11:10:05+00:00","dateModified":"2026-04-14T13:32:34+00:00","mainEntityOfPage":{"@id":"https:\/\/www.gardenz.fr\/news\/2026\/04\/14\/cbd-allergie-pollen\/"},"wordCount":2620,"publisher":{"@id":"https:\/\/www.gardenz.fr\/news\/#organization"},"image":{"@id":"https:\/\/www.gardenz.fr\/news\/2026\/04\/14\/cbd-allergie-pollen\/#primaryimage"},"thumbnailUrl":"https:\/\/www.gardenz.fr\/news\/wp-content\/uploads\/2026\/04\/cbd-et-pollen-allergies-1.webp","articleSection":["FLEURS &amp; RESINE"],"inLanguage":"fr-FR"},{"@type":"WebPage","@id":"https:\/\/www.gardenz.fr\/news\/2026\/04\/14\/cbd-allergie-pollen\/","url":"https:\/\/www.gardenz.fr\/news\/2026\/04\/14\/cbd-allergie-pollen\/","name":"CBD et allergie au pollen : ce que la science dit vraiment | Gardenz","isPartOf":{"@id":"https:\/\/www.gardenz.fr\/news\/#website"},"primaryImageOfPage":{"@id":"https:\/\/www.gardenz.fr\/news\/2026\/04\/14\/cbd-allergie-pollen\/#primaryimage"},"image":{"@id":"https:\/\/www.gardenz.fr\/news\/2026\/04\/14\/cbd-allergie-pollen\/#primaryimage"},"thumbnailUrl":"https:\/\/www.gardenz.fr\/news\/wp-content\/uploads\/2026\/04\/cbd-et-pollen-allergies-1.webp","datePublished":"2026-04-14T11:10:05+00:00","dateModified":"2026-04-14T13:32:34+00:00","description":"Fleur CBD et pollen : risque r\u00e9el ou mythe ? Quels formats CBD choisir quand on est allergique ? Interactions antihistaminiques, calendrier pollens France. Guide complet.","breadcrumb":{"@id":"https:\/\/www.gardenz.fr\/news\/2026\/04\/14\/cbd-allergie-pollen\/#breadcrumb"},"inLanguage":"fr-FR","potentialAction":[{"@type":"ReadAction","target":["https:\/\/www.gardenz.fr\/news\/2026\/04\/14\/cbd-allergie-pollen\/"]}]},{"@type":"ImageObject","inLanguage":"fr-FR","@id":"https:\/\/www.gardenz.fr\/news\/2026\/04\/14\/cbd-allergie-pollen\/#primaryimage","url":"https:\/\/www.gardenz.fr\/news\/wp-content\/uploads\/2026\/04\/cbd-et-pollen-allergies-1.webp","contentUrl":"https:\/\/www.gardenz.fr\/news\/wp-content\/uploads\/2026\/04\/cbd-et-pollen-allergies-1.webp","width":1024,"height":538,"caption":"cbd et pollen allergies"},{"@type":"BreadcrumbList","@id":"https:\/\/www.gardenz.fr\/news\/2026\/04\/14\/cbd-allergie-pollen\/#breadcrumb","itemListElement":[{"@type":"ListItem","position":1,"name":"Accueil","item":"https:\/\/www.gardenz.fr\/news\/"},{"@type":"ListItem","position":2,"name":"CBD et allergie au pollen"}]},{"@type":"WebSite","@id":"https:\/\/www.gardenz.fr\/news\/#website","url":"https:\/\/www.gardenz.fr\/news\/","name":"Le Blog de Gardenz","description":"Best quality CBD","publisher":{"@id":"https:\/\/www.gardenz.fr\/news\/#organization"},"potentialAction":[{"@type":"SearchAction","target":{"@type":"EntryPoint","urlTemplate":"https:\/\/www.gardenz.fr\/news\/?s={search_term_string}"},"query-input":{"@type":"PropertyValueSpecification","valueRequired":true,"valueName":"search_term_string"}}],"inLanguage":"fr-FR"},{"@type":"Organization","@id":"https:\/\/www.gardenz.fr\/news\/#organization","name":"Le Blog de Gardenz","url":"https:\/\/www.gardenz.fr\/news\/","logo":{"@type":"ImageObject","inLanguage":"fr-FR","@id":"https:\/\/www.gardenz.fr\/news\/#\/schema\/logo\/image\/","url":"https:\/\/www.gardenz.fr\/news\/wp-content\/uploads\/2022\/06\/logo-gardenz-feuille-blanc-final.png","contentUrl":"https:\/\/www.gardenz.fr\/news\/wp-content\/uploads\/2022\/06\/logo-gardenz-feuille-blanc-final.png","width":459,"height":200,"caption":"Le Blog de Gardenz"},"image":{"@id":"https:\/\/www.gardenz.fr\/news\/#\/schema\/logo\/image\/"}},{"@type":"Person","@id":"https:\/\/www.gardenz.fr\/news\/#\/schema\/person\/2e78b0f71bec678373a92529a35696b0","name":"Mathis","image":{"@type":"ImageObject","inLanguage":"fr-FR","@id":"https:\/\/secure.gravatar.com\/avatar\/e28cb17ac3dfa5e702148df74d608f5fbacfa89489a71040b401ff80925bf6ff?s=96&d=mm&r=g","url":"https:\/\/secure.gravatar.com\/avatar\/e28cb17ac3dfa5e702148df74d608f5fbacfa89489a71040b401ff80925bf6ff?s=96&d=mm&r=g","contentUrl":"https:\/\/secure.gravatar.com\/avatar\/e28cb17ac3dfa5e702148df74d608f5fbacfa89489a71040b401ff80925bf6ff?s=96&d=mm&r=g","caption":"Mathis"},"url":"https:\/\/www.gardenz.fr\/news\/author\/mathisbricourt\/"}]}},"_links":{"self":[{"href":"https:\/\/www.gardenz.fr\/news\/wp-json\/wp\/v2\/posts\/21564","targetHints":{"allow":["GET"]}}],"collection":[{"href":"https:\/\/www.gardenz.fr\/news\/wp-json\/wp\/v2\/posts"}],"about":[{"href":"https:\/\/www.gardenz.fr\/news\/wp-json\/wp\/v2\/types\/post"}],"author":[{"embeddable":true,"href":"https:\/\/www.gardenz.fr\/news\/wp-json\/wp\/v2\/users\/19"}],"replies":[{"embeddable":true,"href":"https:\/\/www.gardenz.fr\/news\/wp-json\/wp\/v2\/comments?post=21564"}],"version-history":[{"count":5,"href":"https:\/\/www.gardenz.fr\/news\/wp-json\/wp\/v2\/posts\/21564\/revisions"}],"predecessor-version":[{"id":21571,"href":"https:\/\/www.gardenz.fr\/news\/wp-json\/wp\/v2\/posts\/21564\/revisions\/21571"}],"wp:featuredmedia":[{"embeddable":true,"href":"https:\/\/www.gardenz.fr\/news\/wp-json\/wp\/v2\/media\/21570"}],"wp:attachment":[{"href":"https:\/\/www.gardenz.fr\/news\/wp-json\/wp\/v2\/media?parent=21564"}],"wp:term":[{"taxonomy":"category","embeddable":true,"href":"https:\/\/www.gardenz.fr\/news\/wp-json\/wp\/v2\/categories?post=21564"},{"taxonomy":"post_tag","embeddable":true,"href":"https:\/\/www.gardenz.fr\/news\/wp-json\/wp\/v2\/tags?post=21564"}],"curies":[{"name":"wp","href":"https:\/\/api.w.org\/{rel}","templated":true}]}}